{"id":479961,"date":"2025-11-25T14:37:00","date_gmt":"2025-11-25T17:37:00","guid":{"rendered":"https:\/\/www.estrategiaconcursos.com.br\/blog\/?p=479961"},"modified":"2026-01-12T14:09:52","modified_gmt":"2026-01-12T17:09:52","slug":"concurso-prefeitura-cacapava","status":"publish","type":"post","link":"https:\/\/www.estrategiaconcursos.com.br\/blog\/concurso-prefeitura-cacapava\/","title":{"rendered":"Concurso Ca\u00e7apava SP: definida a banca para novo edital!"},"content":{"rendered":"\n<p>A <strong>Prefeitura de <a href=\"https:\/\/www.estrategiaconcursos.com.br\/cursosPorConcurso\/prefeitura-municipal-de-cacapava-sp\/\" target=\"_blank\" rel=\"noreferrer noopener\">Ca\u00e7apava<\/a><\/strong>, munic\u00edpio do estado de S\u00e3o Paulo, se prepara para realizar um novo concurso p\u00fablico em breve. Inclusive, j\u00e1 tem banca organizadora definida!<\/p>\n\n\n\n<p>A empresa <strong>Avan\u00e7a SP<\/strong> foi escolhida para organizar o certame. Vale lembrar que essa \u00e9 a mesma organizadora do \u00faltimo concurso, publicado em 2024.<\/p>\n\n\n\n<figure class=\"wp-block-image aligncenter size-full\"><img loading=\"lazy\" decoding=\"async\" width=\"767\" height=\"391\" src=\"https:\/\/dhg1h5j42swfq.cloudfront.net\/2024\/04\/12193920\/image-264.png\" alt=\"Concurso Ca\u00e7apava SP: definida a banca para novo edital!\" class=\"wp-image-1675164\" srcset=\"https:\/\/dhg1h5j42swfq.cloudfront.net\/2024\/04\/12193920\/image-264.png 767w, https:\/\/dhg1h5j42swfq.cloudfront.net\/2024\/04\/12193920\/image-264-300x153.png 300w, https:\/\/dhg1h5j42swfq.cloudfront.net\/2024\/04\/12193920\/image-264-150x76.png 150w\" sizes=\"auto, (max-width: 767px) 100vw, 767px\" \/><\/figure>\n\n\n\n<p>Conforme a justificativa da contrata\u00e7\u00e3o, o \u00faltimo concurso p\u00fablico proveu vagas somente para algumas<br \/>fun\u00e7\u00f5es, enquanto outras tiveram um n\u00famero de classificados inferior ao necess\u00e1rio para o Munic\u00edpio.<\/p>\n\n\n\n<p>Assim, s\u00e3o previstas<strong> 56 vagas<\/strong> imediatas, mais forma\u00e7\u00e3o de cadastro reserva, para diversos cargos de n\u00edveis fundamental, m\u00e9dio e superior, al\u00e9m de um processo seletivo com 30 vagas + CR para Professores.<\/p>\n\n\n\n<ul class=\"wp-block-list has-very-light-gray-to-cyan-bluish-gray-gradient-background has-background\">\n<li><strong>Prefeitura Municipal de Ca\u00e7apava &#8211; SP<\/strong><\/li>\n\n\n\n<li><strong style=\"color: initial;\">Situa\u00e7\u00e3o:<\/strong> banca definida<\/li>\n\n\n\n<li><strong>Banca:<\/strong>&nbsp;<a href=\"https:\/\/www.avancasp.org.br\/\" target=\"_blank\" rel=\"noreferrer noopener\">Avan\u00e7a SP<\/a><\/li>\n\n\n\n<li><strong>Vagas:<\/strong> 56 + CR<\/li>\n\n\n\n<li><strong>Sal\u00e1rio inicial:<\/strong> R$ 1.412,00 a R$ 7.874,02<em> (\u00faltimo concurso)<\/em><\/li>\n\n\n\n<li><strong>\u00daltimos editais 2024:<\/strong> <a href=\"https:\/\/dhg1h5j42swfq.cloudfront.net\/2024\/01\/31105152\/bxnmvfhvikmpc79d3olslgkzwzv7t5zm7qznkkxj.pdf\" target=\"_blank\" rel=\"noreferrer noopener nofollow\">Edital Geral<\/a> | <a href=\"https:\/\/dhg1h5j42swfq.cloudfront.net\/2024\/01\/31105155\/3pjdm5v8yaut2n2sqgj0pjjon9htdyrzki2hjjsi.pdf\" target=\"_blank\" rel=\"noreferrer noopener nofollow\">Edital GCM<\/a><\/li>\n<\/ul>\n\n\n\n<p>Confira neste artigo mais informa\u00e7\u00f5es sobre o concurso da Prefeitura de Ca\u00e7apava e os detalhes de seu edital. Acompanhe pelos t\u00f3picos abaixo:<\/p>\n\n\n\n<ul id=\"indice\" class=\"wp-block-list\">\n<li><strong><a href=\"#vagas-novo\">Vagas do pr\u00f3ximo concurso<\/a><\/strong><\/li>\n\n\n\n<li><strong><a href=\"#ultimo\">\u00daltimo concurso<\/a><\/strong> &#8211; 2024\n<ul class=\"wp-block-list\">\n<li><a href=\"#vagas\"><strong>Cargos e vagas<\/strong><\/a>\n<ul class=\"wp-block-list\">\n<li><a href=\"#fundamental\">Fundamental<\/a><\/li>\n\n\n\n<li><a href=\"#medio\">M\u00e9dio e t\u00e9cnico<\/a><\/li>\n\n\n\n<li><a href=\"#superior\">Superior<\/a><\/li>\n<\/ul>\n<\/li>\n\n\n\n<li><a href=\"#etapas\"><strong>Etapas<\/strong><\/a>\n<ul class=\"wp-block-list\">\n<li><a href=\"#objetiva\">Prova objetiva<\/a><\/li>\n\n\n\n<li><a href=\"#titulos\">Prova de t\u00edtulos<\/a><\/li>\n\n\n\n<li><a href=\"#pratica\">Prova pr\u00e1tica<\/a><\/li>\n<\/ul>\n<\/li>\n<\/ul>\n<\/li>\n\n\n\n<li><a href=\"#cursos-assinatura\"><strong>Assinatura e cursos<\/strong><\/a><\/li>\n\n\n\n<li><a href=\"#ficha-tecnica\"><strong>Ficha t\u00e9cnica<\/strong><\/a><\/li>\n<\/ul>\n\n\n\n<div class=\"container\" id=\"boxes\">\n  <div class=\"row\">\n\n    <div class=\"col-sm\">\n      <div class=\"banner-prefeituras-ec\" id=\"box-assinatura\">\n        <h2 class=\"titulo-assinatura\">Cursos para Pref. Ca\u00e7apava<\/h2>\n        <p class=\"subtitulo-assinatura\">Prepare-se com quem mais aprova!<\/p>\n        <div class=\"box-botao\">\n          <a class=\"btn-assinatura\" target=\"_blank\" href=\"https:\/\/www.estrategiaconcursos.com.br\/cursosPorConcurso\/prefeitura-municipal-de-cacapava-sp\/\" role=\"button\" rel=\"noopener noreferrer\">Conhe\u00e7a mais<\/a>\n        <\/div>\n      <\/div>\n     \n    <\/div>\n\n  <\/div>\n<\/div>\n\n\n\n<h2 class=\"wp-block-heading\" id=\"vagas-novo\">Vagas do pr\u00f3ximo concurso Ca\u00e7apava SP<\/h2>\n\n\n\n<p>Conforme informa\u00e7\u00f5es do <a href=\"https:\/\/dhg1h5j42swfq.cloudfront.net\/2025\/11\/25142821\/termo_de_referencia-1.pdf\" target=\"_blank\" rel=\"noreferrer noopener nofollow\">Termo de Refer\u00eancia<\/a>, ser\u00e3o ofertadas<strong> 56 vagas<\/strong> imediatas, mais forma\u00e7\u00e3o de cadastro reserva, para diversos cargos de n\u00edveis fundamental, m\u00e9dio e superior, al\u00e9m de um processo seletivo com 30 vagas.<\/p>\n\n\n\n<p><strong>Vagas para o concurso p\u00fablico:<\/strong><\/p>\n\n\n\n<figure class=\"wp-block-table is-style-stripes\"><table><thead><tr><th class=\"has-text-align-center\" data-align=\"center\">FUN\u00c7\u00c3O<\/th><th class=\"has-text-align-center\" data-align=\"center\">VAGAS<\/th><\/tr><\/thead><tbody><tr><td class=\"has-text-align-center\" data-align=\"center\">Agente Comunit\u00e1rio de Sa\u00fade<\/td><td class=\"has-text-align-center\" data-align=\"center\">5+ CR<\/td><\/tr><tr><td class=\"has-text-align-center\" data-align=\"center\">Agente de Defesa Civil<\/td><td class=\"has-text-align-center\" data-align=\"center\">2+ CR<\/td><\/tr><tr><td class=\"has-text-align-center\" data-align=\"center\">Analista de Estat\u00edstica<\/td><td class=\"has-text-align-center\" data-align=\"center\">CR<\/td><\/tr><tr><td class=\"has-text-align-center\" data-align=\"center\">Analista de Planejamento<\/td><td class=\"has-text-align-center\" data-align=\"center\">CR<\/td><\/tr><tr><td class=\"has-text-align-center\" data-align=\"center\">Arborista<\/td><td class=\"has-text-align-center\" data-align=\"center\">2+ CR<\/td><\/tr><tr><td class=\"has-text-align-center\" data-align=\"center\">Arquiteto<\/td><td class=\"has-text-align-center\" data-align=\"center\">01<\/td><\/tr><tr><td class=\"has-text-align-center\" data-align=\"center\">Assistente Jur\u00eddico<\/td><td class=\"has-text-align-center\" data-align=\"center\">CR<\/td><\/tr><tr><td class=\"has-text-align-center\" data-align=\"center\">Auxiliar de Consult\u00f3rio Dent\u00e1rio<\/td><td class=\"has-text-align-center\" data-align=\"center\">CR<\/td><\/tr><tr><td class=\"has-text-align-center\" data-align=\"center\">Auxiliar de Enfermagem<\/td><td class=\"has-text-align-center\" data-align=\"center\">CR<\/td><\/tr><tr><td class=\"has-text-align-center\" data-align=\"center\">Auxiliar de Funileiro<\/td><td class=\"has-text-align-center\" data-align=\"center\">CR<\/td><\/tr><tr><td class=\"has-text-align-center\" data-align=\"center\">Auxiliar de Mec\u00e2nico<\/td><td class=\"has-text-align-center\" data-align=\"center\">1+ CR<\/td><\/tr><tr><td class=\"has-text-align-center\" data-align=\"center\">Bi\u00f3logo<\/td><td class=\"has-text-align-center\" data-align=\"center\">CR<\/td><\/tr><tr><td class=\"has-text-align-center\" data-align=\"center\">Borracheiro<\/td><td class=\"has-text-align-center\" data-align=\"center\">CR<\/td><\/tr><tr><td class=\"has-text-align-center\" data-align=\"center\">Calceteiro<\/td><td class=\"has-text-align-center\" data-align=\"center\">CR<\/td><\/tr><tr><td class=\"has-text-align-center\" data-align=\"center\">Contador<\/td><td class=\"has-text-align-center\" data-align=\"center\">01<\/td><\/tr><tr><td class=\"has-text-align-center\" data-align=\"center\">Copeiro<\/td><td class=\"has-text-align-center\" data-align=\"center\">CR<\/td><\/tr><tr><td class=\"has-text-align-center\" data-align=\"center\">Coveiro<\/td><td class=\"has-text-align-center\" data-align=\"center\">2+ CR<\/td><\/tr><tr><td class=\"has-text-align-center\" data-align=\"center\">Desenhista Copista<\/td><td class=\"has-text-align-center\" data-align=\"center\">CR<\/td><\/tr><tr><td class=\"has-text-align-center\" data-align=\"center\">Educador Social<\/td><td class=\"has-text-align-center\" data-align=\"center\">CR<\/td><\/tr><tr><td class=\"has-text-align-center\" data-align=\"center\">Eletricista de Autos<\/td><td class=\"has-text-align-center\" data-align=\"center\">CR<\/td><\/tr><tr><td class=\"has-text-align-center\" data-align=\"center\">Encarregado de Equipe I<\/td><td class=\"has-text-align-center\" data-align=\"center\">CR<\/td><\/tr><tr><td class=\"has-text-align-center\" data-align=\"center\">Encarregado de Equipe II<\/td><td class=\"has-text-align-center\" data-align=\"center\">CR<\/td><\/tr><tr><td class=\"has-text-align-center\" data-align=\"center\">Enfermeiro 12&#215;36<\/td><td class=\"has-text-align-center\" data-align=\"center\">CR<\/td><\/tr><tr><td class=\"has-text-align-center\" data-align=\"center\">Engenheiro Agr\u00f4nomo<\/td><td class=\"has-text-align-center\" data-align=\"center\">01<\/td><\/tr><tr><td class=\"has-text-align-center\" data-align=\"center\">Engenheiro Ambiental<\/td><td class=\"has-text-align-center\" data-align=\"center\">CR<\/td><\/tr><tr><td class=\"has-text-align-center\" data-align=\"center\">Fisioterapeuta<\/td><td class=\"has-text-align-center\" data-align=\"center\">1+ CR<\/td><\/tr><tr><td class=\"has-text-align-center\" data-align=\"center\">Fisioterapeuta Desportivo<\/td><td class=\"has-text-align-center\" data-align=\"center\">1+ CR<\/td><\/tr><tr><td class=\"has-text-align-center\" data-align=\"center\">Fonoaudi\u00f3logo<\/td><td class=\"has-text-align-center\" data-align=\"center\">3+ CR<\/td><\/tr><tr><td class=\"has-text-align-center\" data-align=\"center\">Funileiro de Autos<\/td><td class=\"has-text-align-center\" data-align=\"center\">CR<\/td><\/tr><tr><td class=\"has-text-align-center\" data-align=\"center\">Ge\u00f3grafo<\/td><td class=\"has-text-align-center\" data-align=\"center\">CR<\/td><\/tr><tr><td class=\"has-text-align-center\" data-align=\"center\">Inspetor de Controle Interno<\/td><td class=\"has-text-align-center\" data-align=\"center\">CR<\/td><\/tr><tr><td class=\"has-text-align-center\" data-align=\"center\">Instrutor de Bandas<\/td><td class=\"has-text-align-center\" data-align=\"center\">CR<\/td><\/tr><tr><td class=\"has-text-align-center\" data-align=\"center\">Lavadeira<\/td><td class=\"has-text-align-center\" data-align=\"center\">CR<\/td><\/tr><tr><td class=\"has-text-align-center\" data-align=\"center\">Lavador de Ve\u00edculos<\/td><td class=\"has-text-align-center\" data-align=\"center\">CR<\/td><\/tr><tr><td class=\"has-text-align-center\" data-align=\"center\">Mec\u00e2nico<\/td><td class=\"has-text-align-center\" data-align=\"center\">1+ CR<\/td><\/tr><tr><td class=\"has-text-align-center\" data-align=\"center\">Mec\u00e2nico de M\u00e1quinas<\/td><td class=\"has-text-align-center\" data-align=\"center\">CR<\/td><\/tr><tr><td class=\"has-text-align-center\" data-align=\"center\">M\u00e9dico<\/td><td class=\"has-text-align-center\" data-align=\"center\">CR<\/td><\/tr><tr><td class=\"has-text-align-center\" data-align=\"center\">M\u00e9dico do Trabalho<\/td><td class=\"has-text-align-center\" data-align=\"center\">01<\/td><\/tr><tr><td class=\"has-text-align-center\" data-align=\"center\">Operador de M\u00e1quina I<\/td><td class=\"has-text-align-center\" data-align=\"center\">CR<\/td><\/tr><tr><td class=\"has-text-align-center\" data-align=\"center\">Operador de M\u00e1quina Motoniveladora<\/td><td class=\"has-text-align-center\" data-align=\"center\">1+ CR<\/td><\/tr><tr><td class=\"has-text-align-center\" data-align=\"center\">Operador de M\u00e1quinas II<\/td><td class=\"has-text-align-center\" data-align=\"center\">2+ CR<\/td><\/tr><tr><td class=\"has-text-align-center\" data-align=\"center\">Pedagogo<\/td><td class=\"has-text-align-center\" data-align=\"center\">CR<\/td><\/tr><tr><td class=\"has-text-align-center\" data-align=\"center\">Pintor Letrista<\/td><td class=\"has-text-align-center\" data-align=\"center\">CR<\/td><\/tr><tr><td class=\"has-text-align-center\" data-align=\"center\">Porteiro<\/td><td class=\"has-text-align-center\" data-align=\"center\">CR<\/td><\/tr><tr><td class=\"has-text-align-center\" data-align=\"center\">Procurador do Munic\u00edpio<\/td><td class=\"has-text-align-center\" data-align=\"center\">CR<\/td><\/tr><tr><td class=\"has-text-align-center\" data-align=\"center\">Professor de Educa\u00e7\u00e3o F\u00edsica (esporte)<\/td><td class=\"has-text-align-center\" data-align=\"center\">CR<\/td><\/tr><tr><td class=\"has-text-align-center\" data-align=\"center\">Professor Educa\u00e7\u00e3o Especial<\/td><td class=\"has-text-align-center\" data-align=\"center\">5+ CR<\/td><\/tr><tr><td class=\"has-text-align-center\" data-align=\"center\">Professor Educa\u00e7\u00e3o Fundamental I<\/td><td class=\"has-text-align-center\" data-align=\"center\">10+ CR<\/td><\/tr><tr><td class=\"has-text-align-center\" data-align=\"center\">Professor Educa\u00e7\u00e3o Fundamental II Portugu\u00eas<\/td><td class=\"has-text-align-center\" data-align=\"center\">5+ CR<\/td><\/tr><tr><td class=\"has-text-align-center\" data-align=\"center\">Professor Educa\u00e7\u00e3o Infantil<\/td><td class=\"has-text-align-center\" data-align=\"center\">10+ CR<\/td><\/tr><tr><td class=\"has-text-align-center\" data-align=\"center\">Psicopedagogo<\/td><td class=\"has-text-align-center\" data-align=\"center\">CR<\/td><\/tr><tr><td class=\"has-text-align-center\" data-align=\"center\">Supervisor Merenda Escolar<\/td><td class=\"has-text-align-center\" data-align=\"center\">CR<\/td><\/tr><tr><td class=\"has-text-align-center\" data-align=\"center\">T\u00e9cnico em Agropecu\u00e1ria<\/td><td class=\"has-text-align-center\" data-align=\"center\">CR<\/td><\/tr><tr><td class=\"has-text-align-center\" data-align=\"center\">T\u00e9cnico em Vigil\u00e2ncia em Sa\u00fade<\/td><td class=\"has-text-align-center\" data-align=\"center\">CR<\/td><\/tr><tr><td class=\"has-text-align-center\" data-align=\"center\">Tratorista Agr\u00edcola<\/td><td class=\"has-text-align-center\" data-align=\"center\">1+ CR<\/td><\/tr><tr><td class=\"has-text-align-center\" data-align=\"center\">Zelador<\/td><td class=\"has-text-align-center\" data-align=\"center\">CR<\/td><\/tr><\/tbody><\/table><figcaption class=\"wp-element-caption\">Tabela de vagas do pr\u00f3ximo concurso p\u00fablico<\/figcaption><\/figure>\n\n\n\n<p><strong>Vagas para o processo seletivo:<\/strong><\/p>\n\n\n\n<figure class=\"wp-block-table is-style-stripes\"><table><thead><tr><th class=\"has-text-align-center\" data-align=\"center\">FUN\u00c7\u00c3O<\/th><th class=\"has-text-align-center\" data-align=\"center\">VAGAS<\/th><\/tr><\/thead><tbody><tr><td class=\"has-text-align-center\" data-align=\"center\">Professor Educa\u00e7\u00e3o Especial<\/td><td class=\"has-text-align-center\" data-align=\"center\">5+ CR<\/td><\/tr><tr><td class=\"has-text-align-center\" data-align=\"center\">Professor Educa\u00e7\u00e3o Fundamental I<\/td><td class=\"has-text-align-center\" data-align=\"center\">10+ CR<\/td><\/tr><tr><td class=\"has-text-align-center\" data-align=\"center\">Professor Educa\u00e7\u00e3o Fundamental II Portugu\u00eas<\/td><td class=\"has-text-align-center\" data-align=\"center\">5+ CR<\/td><\/tr><tr><td class=\"has-text-align-center\" data-align=\"center\">Professor Educa\u00e7\u00e3o Infantil<\/td><td class=\"has-text-align-center\" data-align=\"center\">10+ CR<\/td><\/tr><\/tbody><\/table><figcaption class=\"wp-element-caption\">Tabela de vagas do pr\u00f3ximo processo seletivo<\/figcaption><\/figure>\n\n\n\n<h2 class=\"wp-block-heading\" id=\"ultimo\">\u00daltimo concurso Ca\u00e7apava SP<\/h2>\n\n\n\n<p>O \u00faltimo concurso da Prefeitura de Ca\u00e7apava foi realizado em 2024, tamb\u00e9m com organiza\u00e7\u00e3o da Avan\u00e7a SP. Na ocasi\u00e3o, foram ofertadas <strong>353<\/strong>&nbsp;vagas, mais cadastro reserva.<\/p>\n\n\n\n<p id=\"ultimo\">No total, foram registradas&nbsp;<strong>19.186 candidaturas<\/strong>, com o cargo de Professor I de Educa\u00e7\u00e3o Infantil sendo o maior procurado, cerca de 2.121 inscritos.<\/p>\n\n\n\n<p>Enquanto isso, o segundo colocado registrou 1.988 interessados, estamos falando do Professor de Educa\u00e7\u00e3o Fundamental.&nbsp;<em><a href=\"https:\/\/dhg1h5j42swfq.cloudfront.net\/2024\/04\/08164317\/demanda-1_merged.pdf?utm_source=google&amp;utm_medium=cpc&amp;utm_campaign=ec-adm-vd-gsh-pssibge-web-151025\" target=\"_blank\" rel=\"noreferrer noopener\">Confira as demandas de inscritos aqui!<\/a><\/em><\/p>\n\n\n\n<h3 class=\"wp-block-heading\" id=\"vagas\">Cargos, vagas e sal\u00e1rios<\/h3>\n\n\n\n<p>Al\u00e9m dos vencimentos descritos nas tabelas a seguir, os aprovados tamb\u00e9m far\u00e3o jus a <strong>Vale Alimenta\u00e7\u00e3o<\/strong> e <strong>Vale Transporte<\/strong>.<\/p>\n\n\n\n<h4 class=\"wp-block-heading\" id=\"fundamental\">N\u00edvel fundamental (completo e incompleto)<\/h4>\n\n\n\n<figure class=\"wp-block-table is-style-stripes\"><table><thead><tr><th class=\"has-text-align-center\" data-align=\"center\">Cargos<\/th><th class=\"has-text-align-center\" data-align=\"center\">Vagas<\/th><th class=\"has-text-align-center\" data-align=\"center\">Vencimento Base<\/th><\/tr><\/thead><tbody><tr><td class=\"has-text-align-center\" data-align=\"center\">Agente de Campo<\/td><td class=\"has-text-align-center\" data-align=\"center\">03 + CR<\/td><td class=\"has-text-align-center\" data-align=\"center\">R$ 1.412,00<\/td><\/tr><tr><td class=\"has-text-align-center\" data-align=\"center\">Arborista<\/td><td class=\"has-text-align-center\" data-align=\"center\">04 + CR<\/td><td class=\"has-text-align-center\" data-align=\"center\">R$ 1.438,07<\/td><\/tr><tr><td class=\"has-text-align-center\" data-align=\"center\">Auxiliar de Servi\u00e7os Gerais &#8211; ASG<\/td><td class=\"has-text-align-center\" data-align=\"center\">11 + CR<\/td><td class=\"has-text-align-center\" data-align=\"center\">R$ 1.412,00<\/td><\/tr><tr><td class=\"has-text-align-center\" data-align=\"center\">Auxiliar de Topografia<\/td><td class=\"has-text-align-center\" data-align=\"center\">CR<\/td><td class=\"has-text-align-center\" data-align=\"center\">R$ 1.412,00<\/td><\/tr><tr><td class=\"has-text-align-center\" data-align=\"center\">Carpinteiro<\/td><td class=\"has-text-align-center\" data-align=\"center\">01 + CR<\/td><td class=\"has-text-align-center\" data-align=\"center\">R$ 1.797,38<\/td><\/tr><tr><td class=\"has-text-align-center\" data-align=\"center\">Cozinheiro(a)<\/td><td class=\"has-text-align-center\" data-align=\"center\">02 + CR<\/td><td class=\"has-text-align-center\" data-align=\"center\">R$ 1.412,00<\/td><\/tr><tr><td class=\"has-text-align-center\" data-align=\"center\">Desenhista T\u00e9cnico<\/td><td class=\"has-text-align-center\" data-align=\"center\">01 + CR<\/td><td class=\"has-text-align-center\" data-align=\"center\">R$ 2.946,20<\/td><\/tr><tr><td class=\"has-text-align-center\" data-align=\"center\">Eletricista<\/td><td class=\"has-text-align-center\" data-align=\"center\">03 + CR<\/td><td class=\"has-text-align-center\" data-align=\"center\">R$ 2.138,94<\/td><\/tr><tr><td class=\"has-text-align-center\" data-align=\"center\">Encanador<\/td><td class=\"has-text-align-center\" data-align=\"center\">02 + CR<\/td><td class=\"has-text-align-center\" data-align=\"center\">R$ 1.797,38<\/td><\/tr><tr><td class=\"has-text-align-center\" data-align=\"center\">Jardineiro<\/td><td class=\"has-text-align-center\" data-align=\"center\">05 + CR<\/td><td class=\"has-text-align-center\" data-align=\"center\">R$ 1.412,00<\/td><\/tr><tr><td class=\"has-text-align-center\" data-align=\"center\">Merendeiro(a)<\/td><td class=\"has-text-align-center\" data-align=\"center\">05 + CR<\/td><td class=\"has-text-align-center\" data-align=\"center\">R$ 1.412,00<\/td><\/tr><tr><td class=\"has-text-align-center\" data-align=\"center\">Mestre de obras<\/td><td class=\"has-text-align-center\" data-align=\"center\">01 + CR<\/td><td class=\"has-text-align-center\" data-align=\"center\">R$ 2.138,94<\/td><\/tr><tr><td class=\"has-text-align-center\" data-align=\"center\">Motorista<\/td><td class=\"has-text-align-center\" data-align=\"center\">12 + CR<\/td><td class=\"has-text-align-center\" data-align=\"center\">R$ 1.797,38<\/td><\/tr><tr><td class=\"has-text-align-center\" data-align=\"center\">Operador de M\u00e1quina I<\/td><td class=\"has-text-align-center\" data-align=\"center\">CR<\/td><td class=\"has-text-align-center\" data-align=\"center\">R$ 1.438,07<\/td><\/tr><tr><td class=\"has-text-align-center\" data-align=\"center\">Pedreiro<\/td><td class=\"has-text-align-center\" data-align=\"center\">05 + CR<\/td><td class=\"has-text-align-center\" data-align=\"center\">R$ 1.797,38<\/td><\/tr><tr><td class=\"has-text-align-center\" data-align=\"center\">Pintor<\/td><td class=\"has-text-align-center\" data-align=\"center\">05 + CR<\/td><td class=\"has-text-align-center\" data-align=\"center\">R$ 1.797,38<\/td><\/tr><tr><td class=\"has-text-align-center\" data-align=\"center\">Serralheiro<\/td><td class=\"has-text-align-center\" data-align=\"center\">01 + CR<\/td><td class=\"has-text-align-center\" data-align=\"center\">R$ 2.011,97<\/td><\/tr><tr><td class=\"has-text-align-center\" data-align=\"center\">Servente de Obras<\/td><td class=\"has-text-align-center\" data-align=\"center\">05 + CR<\/td><td class=\"has-text-align-center\" data-align=\"center\">R$ 1.412,00<\/td><\/tr><tr><td class=\"has-text-align-center\" data-align=\"center\">Soldador<\/td><td class=\"has-text-align-center\" data-align=\"center\">01 + CR<\/td><td class=\"has-text-align-center\" data-align=\"center\">R$ 1.797,38<\/td><\/tr><tr><td class=\"has-text-align-center\" data-align=\"center\">Vigia<\/td><td class=\"has-text-align-center\" data-align=\"center\">03 + CR<\/td><td class=\"has-text-align-center\" data-align=\"center\">R$ 1.412,00<\/td><\/tr><\/tbody><\/table><figcaption class=\"wp-element-caption\">Vagas e sal\u00e1rios dos cargos de n\u00edvel fundamental (completo e incompleto)<\/figcaption><\/figure>\n\n\n\n<h4 class=\"wp-block-heading\" id=\"medio\">N\u00edvel m\u00e9dio e t\u00e9cnico<\/h4>\n\n\n\n<figure class=\"wp-block-table is-style-stripes\"><table><thead><tr><th class=\"has-text-align-center\" data-align=\"center\">Cargos<\/th><th class=\"has-text-align-center\" data-align=\"center\">Vagas<\/th><th class=\"has-text-align-center\" data-align=\"center\">Vencimento Base<\/th><\/tr><\/thead><tbody><tr><td class=\"has-text-align-center\" data-align=\"center\">Agente de Apoio Escolar<\/td><td class=\"has-text-align-center\" data-align=\"center\">40 + CR<\/td><td class=\"has-text-align-center\" data-align=\"center\">R$ 1.609,91<\/td><\/tr><tr><td class=\"has-text-align-center\" data-align=\"center\">Agente de Defesa Civil<\/td><td class=\"has-text-align-center\" data-align=\"center\">01 + CR<\/td><td class=\"has-text-align-center\" data-align=\"center\">R$ 1.797,38<\/td><\/tr><tr><td class=\"has-text-align-center\" data-align=\"center\">Almoxarife<\/td><td class=\"has-text-align-center\" data-align=\"center\">04 + CR<\/td><td class=\"has-text-align-center\" data-align=\"center\">R$ 2.138,94<\/td><\/tr><tr><td class=\"has-text-align-center\" data-align=\"center\">Auxiliar de Almoxarife<\/td><td class=\"has-text-align-center\" data-align=\"center\">02 + CR<\/td><td class=\"has-text-align-center\" data-align=\"center\">R$ 1.412,00<\/td><\/tr><tr><td class=\"has-text-align-center\" data-align=\"center\">Auxiliar de Vida Escolar &#8211; AVE<\/td><td class=\"has-text-align-center\" data-align=\"center\">27 + CR<\/td><td class=\"has-text-align-center\" data-align=\"center\">R$ 1.412,00<\/td><\/tr><tr><td class=\"has-text-align-center\" data-align=\"center\">Desenhista Projetista<\/td><td class=\"has-text-align-center\" data-align=\"center\">01 + CR<\/td><td class=\"has-text-align-center\" data-align=\"center\">R$ 3.599,68<\/td><\/tr><tr><td class=\"has-text-align-center\" data-align=\"center\">Educador Social<\/td><td class=\"has-text-align-center\" data-align=\"center\">01 + CR<\/td><td class=\"has-text-align-center\" data-align=\"center\">R$ 1.700,65<\/td><\/tr><tr><td class=\"has-text-align-center\" data-align=\"center\">Escritur\u00e1rio<\/td><td class=\"has-text-align-center\" data-align=\"center\">14 + CR<\/td><td class=\"has-text-align-center\" data-align=\"center\">R$ 1.609,91<\/td><\/tr><tr><td class=\"has-text-align-center\" data-align=\"center\">Fiscal de Abastecimento<\/td><td class=\"has-text-align-center\" data-align=\"center\">01 + CR<\/td><td class=\"has-text-align-center\" data-align=\"center\">R$ 2.138,94<\/td><\/tr><tr><td class=\"has-text-align-center\" data-align=\"center\">Fiscal de Meio Ambiente<\/td><td class=\"has-text-align-center\" data-align=\"center\">01 + CR<\/td><td class=\"has-text-align-center\" data-align=\"center\">R$ 2.138,94<\/td><\/tr><tr><td class=\"has-text-align-center\" data-align=\"center\">Fiscal de Obras<\/td><td class=\"has-text-align-center\" data-align=\"center\">02 + CR<\/td><td class=\"has-text-align-center\" data-align=\"center\">R$ 2.138,94<\/td><\/tr><tr><td class=\"has-text-align-center\" data-align=\"center\">Fiscal de Servi\u00e7os Urbanos<\/td><td class=\"has-text-align-center\" data-align=\"center\">CR<\/td><td class=\"has-text-align-center\" data-align=\"center\">R$ 2.138,94<\/td><\/tr><tr><td class=\"has-text-align-center\" data-align=\"center\">Fiscal de Transporte P\u00fablico e Tr\u00e2nsito Classe 3<\/td><td class=\"has-text-align-center\" data-align=\"center\">02 + CR<\/td><td class=\"has-text-align-center\" data-align=\"center\">R$ 2.138,94<\/td><\/tr><tr><td class=\"has-text-align-center\" data-align=\"center\">Fiscal Sanit\u00e1rio<\/td><td class=\"has-text-align-center\" data-align=\"center\">01 + CR<\/td><td class=\"has-text-align-center\" data-align=\"center\">R$ 2.138,94<\/td><\/tr><tr><td class=\"has-text-align-center\" data-align=\"center\">Fiscal Tribut\u00e1rio<\/td><td class=\"has-text-align-center\" data-align=\"center\">03 + CR<\/td><td class=\"has-text-align-center\" data-align=\"center\">R$ 2.138,94<\/td><\/tr><tr><td class=\"has-text-align-center\" data-align=\"center\">Secret\u00e1rio de Escola<\/td><td class=\"has-text-align-center\" data-align=\"center\">02 + CR<\/td><td class=\"has-text-align-center\" data-align=\"center\">R$ 2.578,70<\/td><\/tr><tr><td class=\"has-text-align-center\" data-align=\"center\">T\u00e9cnico de Seguran\u00e7a do Trabalho<\/td><td class=\"has-text-align-center\" data-align=\"center\">01 + CR<\/td><td class=\"has-text-align-center\" data-align=\"center\">R$ 2.756,53<\/td><\/tr><tr><td class=\"has-text-align-center\" data-align=\"center\">T\u00e9cnico em Agropecu\u00e1ria<\/td><td class=\"has-text-align-center\" data-align=\"center\">CR<\/td><td class=\"has-text-align-center\" data-align=\"center\">R$ 2.578,70<\/td><\/tr><tr><td class=\"has-text-align-center\" data-align=\"center\">T\u00e9cnico em Inform\u00e1tica<\/td><td class=\"has-text-align-center\" data-align=\"center\">01 + CR<\/td><td class=\"has-text-align-center\" data-align=\"center\">R$ 2.756,53<\/td><\/tr><tr><td class=\"has-text-align-center\" data-align=\"center\">Top\u00f3grafo<\/td><td class=\"has-text-align-center\" data-align=\"center\">01 + CR<\/td><td class=\"has-text-align-center\" data-align=\"center\">R$ 3.848,51<\/td><\/tr><tr><td class=\"has-text-align-center\" data-align=\"center\">Tratorista Agr\u00edcola<\/td><td class=\"has-text-align-center\" data-align=\"center\">01 + CR<\/td><td class=\"has-text-align-center\" data-align=\"center\">R$ 2.138,94<\/td><\/tr><tr><td class=\"has-text-align-center\" data-align=\"center\">Guarda Civil Municipal &#8211; 3\u00aa Classe (Feminino)<\/td><td class=\"has-text-align-center\" data-align=\"center\">10 + CR<\/td><td class=\"has-text-align-center\" data-align=\"center\">R$ 2.011,97<\/td><\/tr><tr><td class=\"has-text-align-center\" data-align=\"center\">Guarda Civil Municipal &#8211; 3\u00aa Classe (Masculino)<\/td><td class=\"has-text-align-center\" data-align=\"center\">10 + CR<\/td><td class=\"has-text-align-center\" data-align=\"center\">R$ 2.011,97<\/td><\/tr><\/tbody><\/table><figcaption class=\"wp-element-caption\">Vagas e sal\u00e1rios dos cargos de n\u00edvel m\u00e9dio e t\u00e9cnico<\/figcaption><\/figure>\n\n\n\n<h3 class=\"wp-block-heading\" id=\"superior\">N\u00edvel superior<\/h3>\n\n\n\n<figure class=\"wp-block-table is-style-stripes\"><table><thead><tr><th class=\"has-text-align-center\" data-align=\"center\">Cargos<\/th><th class=\"has-text-align-center\" data-align=\"center\">Vagas<\/th><th class=\"has-text-align-center\" data-align=\"center\">Vencimento Base<\/th><\/tr><\/thead><tbody><tr><td class=\"has-text-align-center\" data-align=\"center\">Analista de Controle Interno<\/td><td class=\"has-text-align-center\" data-align=\"center\">01 + CR<\/td><td class=\"has-text-align-center\" data-align=\"center\">R$ 5.927,85<\/td><\/tr><tr><td class=\"has-text-align-center\" data-align=\"center\">Analista de Inform\u00e1tica<\/td><td class=\"has-text-align-center\" data-align=\"center\">01 + CR<\/td><td class=\"has-text-align-center\" data-align=\"center\">R$ 3.848,51<\/td><\/tr><tr><td class=\"has-text-align-center\" data-align=\"center\">Analista de Procuradoria<\/td><td class=\"has-text-align-center\" data-align=\"center\">CR<\/td><td class=\"has-text-align-center\" data-align=\"center\">R$ 3.745,00<\/td><\/tr><tr><td class=\"has-text-align-center\" data-align=\"center\">Analista de Recursos Humanos<\/td><td class=\"has-text-align-center\" data-align=\"center\">01 + CR<\/td><td class=\"has-text-align-center\" data-align=\"center\">R$ 3.848,51<\/td><\/tr><tr><td class=\"has-text-align-center\" data-align=\"center\">Assistente Social<\/td><td class=\"has-text-align-center\" data-align=\"center\">06 + CR<\/td><td class=\"has-text-align-center\" data-align=\"center\">R$ 3.149,43<\/td><\/tr><tr><td class=\"has-text-align-center\" data-align=\"center\">Bibliotec\u00e1rio<\/td><td class=\"has-text-align-center\" data-align=\"center\">01 + CR<\/td><td class=\"has-text-align-center\" data-align=\"center\">R$ 3.149,43<\/td><\/tr><tr><td class=\"has-text-align-center\" data-align=\"center\">Cirurgi\u00e3o Dentista<\/td><td class=\"has-text-align-center\" data-align=\"center\">CR<\/td><td class=\"has-text-align-center\" data-align=\"center\">R$ 3.848,51<\/td><\/tr><tr><td class=\"has-text-align-center\" data-align=\"center\">Contador<\/td><td class=\"has-text-align-center\" data-align=\"center\">01 + CR<\/td><td class=\"has-text-align-center\" data-align=\"center\">R$ 5.647,57<\/td><\/tr><tr><td class=\"has-text-align-center\" data-align=\"center\">Educador de Tr\u00e2nsito<\/td><td class=\"has-text-align-center\" data-align=\"center\">01 + CR<\/td><td class=\"has-text-align-center\" data-align=\"center\">R$ 3.149,43<\/td><\/tr><tr><td class=\"has-text-align-center\" data-align=\"center\">Enfermeiro<\/td><td class=\"has-text-align-center\" data-align=\"center\">CR<\/td><td class=\"has-text-align-center\" data-align=\"center\">R$ 3.149,43<\/td><\/tr><tr><td class=\"has-text-align-center\" data-align=\"center\">Engenheiro Civil<\/td><td class=\"has-text-align-center\" data-align=\"center\">01 + CR<\/td><td class=\"has-text-align-center\" data-align=\"center\">R$ 3.848,51<\/td><\/tr><tr><td class=\"has-text-align-center\" data-align=\"center\">Engenheiro de Seguran\u00e7a do Trabalho<\/td><td class=\"has-text-align-center\" data-align=\"center\">01 + CR<\/td><td class=\"has-text-align-center\" data-align=\"center\">R$ 3.848,51<\/td><\/tr><tr><td class=\"has-text-align-center\" data-align=\"center\">Engenheiro Sanitarista<\/td><td class=\"has-text-align-center\" data-align=\"center\">01 + CR<\/td><td class=\"has-text-align-center\" data-align=\"center\">R$ 3.848,51<\/td><\/tr><tr><td class=\"has-text-align-center\" data-align=\"center\">Farmac\u00eautico<\/td><td class=\"has-text-align-center\" data-align=\"center\">CR<\/td><td class=\"has-text-align-center\" data-align=\"center\">R$ 3.149,43<\/td><\/tr><tr><td class=\"has-text-align-center\" data-align=\"center\">Fonoaudi\u00f3logo<\/td><td class=\"has-text-align-center\" data-align=\"center\">03 + CR<\/td><td class=\"has-text-align-center\" data-align=\"center\">R$ 3.149,43<\/td><\/tr><tr><td class=\"has-text-align-center\" data-align=\"center\">M\u00e9dico do Trabalho<\/td><td class=\"has-text-align-center\" data-align=\"center\">02 + CR<\/td><td class=\"has-text-align-center\" data-align=\"center\">R$ 3.848,51<\/td><\/tr><tr><td class=\"has-text-align-center\" data-align=\"center\">Nutricionista<\/td><td class=\"has-text-align-center\" data-align=\"center\">04 + CR<\/td><td class=\"has-text-align-center\" data-align=\"center\">R$ 3.149,43<\/td><\/tr><tr><td class=\"has-text-align-center\" data-align=\"center\">Orientador Pedag\u00f3gico<\/td><td class=\"has-text-align-center\" data-align=\"center\">03 + CR<\/td><td class=\"has-text-align-center\" data-align=\"center\">R$ 5.953,90<\/td><\/tr><tr><td class=\"has-text-align-center\" data-align=\"center\">Professor <strong><em>(v\u00e1rios)<\/em><\/strong><\/td><td class=\"has-text-align-center\" data-align=\"center\">119 + CR<\/td><td class=\"has-text-align-center\" data-align=\"center\">R$ 2.476,10 a R$ 4.502,00<\/td><\/tr><tr><td class=\"has-text-align-center\" data-align=\"center\">Psic\u00f3logo<\/td><td class=\"has-text-align-center\" data-align=\"center\">04 + CR<\/td><td class=\"has-text-align-center\" data-align=\"center\">R$ 3.149,43<\/td><\/tr><tr><td class=\"has-text-align-center\" data-align=\"center\">Supervisor de Ensino<\/td><td class=\"has-text-align-center\" data-align=\"center\">01 + CR<\/td><td class=\"has-text-align-center\" data-align=\"center\">R$ 7.874,02<\/td><\/tr><tr><td class=\"has-text-align-center\" data-align=\"center\">T\u00e9cnico Desportivo<\/td><td class=\"has-text-align-center\" data-align=\"center\">02 + CR<\/td><td class=\"has-text-align-center\" data-align=\"center\">R$ 2.946,20<\/td><\/tr><tr><td class=\"has-text-align-center\" data-align=\"center\">Terapeuta Ocupacional<\/td><td class=\"has-text-align-center\" data-align=\"center\">03 + CR<\/td><td class=\"has-text-align-center\" data-align=\"center\">R$ 3.848,51<\/td><\/tr><tr><td class=\"has-text-align-center\" data-align=\"center\">Agente de Fiscaliza\u00e7\u00e3o &#8211; PROCON<\/td><td class=\"has-text-align-center\" data-align=\"center\">01 + CR<\/td><td class=\"has-text-align-center\" data-align=\"center\">R$ 2.138,94<\/td><\/tr><\/tbody><\/table><figcaption class=\"wp-element-caption\">Vagas e sal\u00e1rios dos cargos de n\u00edvel superior<\/figcaption><\/figure>\n\n\n\n<h3 class=\"wp-block-heading\" id=\"objetiva\">Etapas do concurso Ca\u00e7apava<\/h3>\n\n\n\n<figure class=\"wp-block-table is-style-stripes\"><table><thead><tr><th class=\"has-text-align-center\" data-align=\"center\">Etapas<\/th><th class=\"has-text-align-center\" data-align=\"center\">Cargos<\/th><th class=\"has-text-align-center\" data-align=\"center\">Car\u00e1ter<\/th><\/tr><\/thead><tbody><tr><td class=\"has-text-align-center\" data-align=\"center\">Prova Objetiva<\/td><td class=\"has-text-align-center\" data-align=\"center\">Todos os cargos<\/td><td class=\"has-text-align-center\" data-align=\"center\">Eliminat\u00f3rio e classificat\u00f3rio<strong>*<\/strong><\/td><\/tr><tr><td class=\"has-text-align-center\" data-align=\"center\">Prova de T\u00edtulos<\/td><td class=\"has-text-align-center\" data-align=\"center\">Professores (todos), Orientador <br \/>Pedag\u00f3gico e Supervisor de Ensino<\/td><td class=\"has-text-align-center\" data-align=\"center\">Classificat\u00f3rio<\/td><\/tr><tr><td class=\"has-text-align-center\" data-align=\"center\">Prova Pr\u00e1tica<\/td><td class=\"has-text-align-center\" data-align=\"center\">Carpinteiro, Eletricista, Mestre de Obras, Motorista, Operador de<br \/>M\u00e1quina I, Pedreiro e Tratorista Agr\u00edcola<\/td><td class=\"has-text-align-center\" data-align=\"center\">Classificat\u00f3rio<\/td><\/tr><tr><td class=\"has-text-align-center\" data-align=\"center\">Teste Antropom\u00e9trico e <br \/>Teste de Aptid\u00e3o F\u00edsica &#8211; TAF<\/td><td class=\"has-text-align-center\" data-align=\"center\">Guarda Municipal<\/td><td class=\"has-text-align-center\" data-align=\"center\">Eliminat\u00f3rio<\/td><\/tr><tr><td class=\"has-text-align-center\" data-align=\"center\">Avalia\u00e7\u00e3o Psicol\u00f3gica Espec\u00edfica e Exame M\u00e9dico Espec\u00edfico<\/td><td class=\"has-text-align-center\" data-align=\"center\">Guarda Municipal<\/td><td class=\"has-text-align-center\" data-align=\"center\">Eliminat\u00f3rio<\/td><\/tr><tr><td class=\"has-text-align-center\" data-align=\"center\">Investiga\u00e7\u00e3o Social<\/td><td class=\"has-text-align-center\" data-align=\"center\">Guarda Municipal<\/td><td class=\"has-text-align-center\" data-align=\"center\">Eliminat\u00f3rio<\/td><\/tr><\/tbody><\/table><figcaption class=\"wp-element-caption\">Etapas de provas da sele\u00e7\u00e3o<\/figcaption><\/figure>\n\n\n\n<p><strong>*<\/strong>As Provas Objetivas para todos os empregos tiveram car\u00e1ter habilitat\u00f3rio (eliminat\u00f3rio) e classificat\u00f3rio, exceto para o emprego de M\u00e9dico do Trabalho, cuja Prova Objetiva foi apenas de car\u00e1ter classificat\u00f3rio,<\/p>\n\n\n\n<p class=\"has-text-align-center has-luminous-vivid-amber-background-color has-background\"><strong>&gt;&gt;&gt; <a href=\"https:\/\/www.estrategiaconcursos.com.br\/blog\/concurso-guarda-de-cacapava-sp\/\" target=\"_blank\" rel=\"noreferrer noopener nofollow\">Confira todos os detalhes sobre o cargo de Guarda Municipal em nosso artigo completo<\/a><\/strong><\/p>\n\n\n\n<h4 class=\"wp-block-heading\" id=\"objetiva\">Prova objetiva<\/h4>\n\n\n\n<p>Com dura\u00e7\u00e3o de <strong>3 horas<\/strong>, as provas foram compostas de<strong> 40 a 50 quest\u00f5es<\/strong> de m\u00faltipla escolha, sendo apenas uma a alternativa correta.<\/p>\n\n\n\n<p>A Prova foi avaliada na escala de 0 a 100 pontos, distribu\u00eddos proporcionalmente em conformidade com o n\u00famero de quest\u00f5es da Prova Objetiva.<\/p>\n\n\n\n<figure class=\"wp-block-image aligncenter size-full\"><img loading=\"lazy\" decoding=\"async\" width=\"617\" height=\"790\" src=\"https:\/\/dhg1h5j42swfq.cloudfront.net\/2024\/01\/31111304\/image-741.png\" alt=\"Tabela de detalhes da prova objetiva para todos os cargos ofertados no \u00faltimo concurso ca\u00e7apava\" class=\"wp-image-1344076\" srcset=\"https:\/\/dhg1h5j42swfq.cloudfront.net\/2024\/01\/31111304\/image-741.png 617w, https:\/\/dhg1h5j42swfq.cloudfront.net\/2024\/01\/31111304\/image-741-234x300.png 234w, https:\/\/dhg1h5j42swfq.cloudfront.net\/2024\/01\/31111304\/image-741-610x781.png 610w, https:\/\/dhg1h5j42swfq.cloudfront.net\/2024\/01\/31111304\/image-741-150x192.png 150w\" sizes=\"auto, (max-width: 617px) 100vw, 617px\" \/><\/figure>\n\n\n\n<figure class=\"wp-block-image aligncenter size-full\"><img loading=\"lazy\" decoding=\"async\" width=\"615\" height=\"710\" src=\"https:\/\/dhg1h5j42swfq.cloudfront.net\/2024\/01\/31111329\/image-742.png\" alt=\"Tabela de detalhes da prova objetiva para todos os cargos ofertados no \u00faltimo concurso ca\u00e7apava\" class=\"wp-image-1344077\" srcset=\"https:\/\/dhg1h5j42swfq.cloudfront.net\/2024\/01\/31111329\/image-742.png 615w, https:\/\/dhg1h5j42swfq.cloudfront.net\/2024\/01\/31111329\/image-742-260x300.png 260w, https:\/\/dhg1h5j42swfq.cloudfront.net\/2024\/01\/31111329\/image-742-610x704.png 610w, https:\/\/dhg1h5j42swfq.cloudfront.net\/2024\/01\/31111329\/image-742-150x173.png 150w\" sizes=\"auto, (max-width: 615px) 100vw, 615px\" \/><\/figure>\n\n\n\n<figure class=\"wp-block-image aligncenter size-full\"><img loading=\"lazy\" decoding=\"async\" width=\"615\" height=\"507\" src=\"https:\/\/dhg1h5j42swfq.cloudfront.net\/2024\/01\/31111353\/image-743.png\" alt=\"Tabela de detalhes da prova objetiva para todos os cargos ofertados\" class=\"wp-image-1344079\" srcset=\"https:\/\/dhg1h5j42swfq.cloudfront.net\/2024\/01\/31111353\/image-743.png 615w, https:\/\/dhg1h5j42swfq.cloudfront.net\/2024\/01\/31111353\/image-743-300x247.png 300w, https:\/\/dhg1h5j42swfq.cloudfront.net\/2024\/01\/31111353\/image-743-610x503.png 610w, https:\/\/dhg1h5j42swfq.cloudfront.net\/2024\/01\/31111353\/image-743-150x124.png 150w\" sizes=\"auto, (max-width: 615px) 100vw, 615px\" \/><\/figure>\n\n\n\n<h4 class=\"wp-block-heading\" id=\"titulos\">Prova de t\u00edtulos<\/h4>\n\n\n\n<p>Ainda que o candidato possu\u00edsse diversos t\u00edtulos, o mesmo devia apresentar apenas um, aquele<br \/>correspondente a maior pontua\u00e7\u00e3o, de acordo com o seguinte crit\u00e9rio:<\/p>\n\n\n\n<figure class=\"wp-block-image aligncenter size-full\"><img loading=\"lazy\" decoding=\"async\" width=\"644\" height=\"259\" src=\"https:\/\/dhg1h5j42swfq.cloudfront.net\/2024\/01\/31111934\/image-744.png\" alt=\"Tabela de atribui\u00e7\u00e3o de pontos na avalia\u00e7\u00e3o de t\u00edtulos\" class=\"wp-image-1344083\" srcset=\"https:\/\/dhg1h5j42swfq.cloudfront.net\/2024\/01\/31111934\/image-744.png 644w, https:\/\/dhg1h5j42swfq.cloudfront.net\/2024\/01\/31111934\/image-744-300x121.png 300w, https:\/\/dhg1h5j42swfq.cloudfront.net\/2024\/01\/31111934\/image-744-610x245.png 610w, https:\/\/dhg1h5j42swfq.cloudfront.net\/2024\/01\/31111934\/image-744-150x60.png 150w\" sizes=\"auto, (max-width: 644px) 100vw, 644px\" \/><\/figure>\n\n\n\n<h4 class=\"wp-block-heading\" id=\"pratica\">Prova pr\u00e1tica<\/h4>\n\n\n\n<p>A Prova Pr\u00e1tica foi avaliada na escala de 0 a 100 pontos, distribu\u00eddos em conformidade com os testes que foram estabelecidos levando em considera\u00e7\u00e3o a natureza de cada cargo.<\/p>\n\n\n\n<p>Foram eliminados apenas os candidatos ausentes ou que obtiveram pontua\u00e7\u00e3o igual a 0.<\/p>\n\n\n\n<hr class=\"wp-block-separator has-alpha-channel-opacity\"\/>\n\n\n\n<h2 class=\"wp-block-heading has-text-align-center\" id=\"cursos-assinatura\"><em>Quer estudar para o Concurso Ca\u00e7apava?<\/em><\/h2>\n\n\n\n<div class=\"container\" id=\"boxes\">\n  <div class=\"row\">\n\n    <div class=\"col-sm\">\n      <div class=\"banner-prefeituras-ec\" id=\"box-assinatura\">\n        <h3 class=\"titulo-assinatura\">Cursos para Pref. Ca\u00e7apava<\/h3>\n        <p class=\"subtitulo-assinatura\">Conhe\u00e7a os cursos<\/p>\n        <div class=\"box-botao\">\n          <a class=\"btn-assinatura\" target=\"_blank\" href=\"https:\/\/www.estrategiaconcursos.com.br\/cursosPorConcurso\/prefeitura-municipal-de-cacapava-sp\/\" role=\"button\" rel=\"noopener noreferrer\">Conhe\u00e7a mais<\/a>\n        <\/div>\n      <\/div>\n     \n    <\/div>\n\n  <\/div>\n<\/div>\n\n\n\n<div class=\"container\" id=\"boxes\">\r\n  <div class=\"row\">\r\n\r\n    <div class=\"col-sm\">\r\n      <div class=\"estrategia\" id=\"box-assinatura\">\r\n        <h3 class=\"titulo-assinatura\">Assinatura Concursos<\/h3>\r\n        <p class=\"subtitulo-assinatura\">Assinatura de 1 ano ou 2 anos<\/p>\r\n        <div class=\"box-botao\">\r\n          <a class=\"btn-assinatura\" target=\"_blank\" href=\"https:\/\/www.estrategiaconcursos.com.br\/assinaturas\/\" role=\"button\" rel=\"noopener noreferrer\">ASSINE AGORA<\/a>\r\n        <\/div>\r\n      <\/div><\/div><\/div><\/div>\n\n\n\n<h2 class=\"wp-block-heading has-text-align-center\" id=\"h-quer-saber-tudo-sobre-concursos-previstos-confira-os-nossos-artigos\">Quer saber tudo sobre concursos previstos?<br \/>Confira os nossos artigos!<\/h2>\n\n\n\n<ul class=\"wp-block-list\">\n<li><a href=\"https:\/\/www.estrategiaconcursos.com.br\/blog\/concursos-abertos\/\" target=\"_blank\" rel=\"noreferrer noopener\">Concursos Abertos<\/a><\/li>\n\n\n\n<li><a href=\"https:\/\/www.estrategiaconcursos.com.br\/blog\/concursos-prefeituras\/\">Concursos Prefeituras<\/a><\/li>\n\n\n\n<li><a href=\"https:\/\/www.estrategiaconcursos.com.br\/blog\/concursos-2026\/\" target=\"_blank\" rel=\"noreferrer noopener\">Concursos 2026<\/a><\/li>\n\n\n\n<li><a href=\"https:\/\/www.estrategiaconcursos.com.br\/blog\/concursos\/sp\/\" target=\"_blank\" rel=\"noreferrer noopener\">Concursos SP<\/a><\/li>\n<\/ul>\n\n\n\n<figure class=\"wp-block-image is-resized\"><img loading=\"lazy\" decoding=\"async\" width=\"1024\" height=\"632\" src=\"https:\/\/dhg1h5j42swfq.cloudfront.net\/2021\/04\/01161145\/ficha-tecnica-5-1024x632.png\" alt=\"Informa\u00e7\u00f5es do concurso Ca\u00e7apava\" class=\"wp-image-706736\" style=\"width:270px;height:auto\" srcset=\"https:\/\/dhg1h5j42swfq.cloudfront.net\/2021\/04\/01161145\/ficha-tecnica-5-1024x632.png 1024w, https:\/\/dhg1h5j42swfq.cloudfront.net\/2021\/04\/01161145\/ficha-tecnica-5-300x185.png 300w, https:\/\/dhg1h5j42swfq.cloudfront.net\/2021\/04\/01161145\/ficha-tecnica-5-768x474.png 768w, https:\/\/dhg1h5j42swfq.cloudfront.net\/2021\/04\/01161145\/ficha-tecnica-5-1536x948.png 1536w, https:\/\/dhg1h5j42swfq.cloudfront.net\/2021\/04\/01161145\/ficha-tecnica-5-610x377.png 610w, https:\/\/dhg1h5j42swfq.cloudfront.net\/2021\/04\/01161145\/ficha-tecnica-5.png 1571w\" sizes=\"auto, (max-width: 1024px) 100vw, 1024px\" \/><\/figure>\n\n\n\n<h3 class=\"wp-block-heading\" id=\"ficha-tecnica\">Informa\u00e7\u00f5es do pr\u00f3ximo concurso Ca\u00e7apava<\/h3>\n\n\n\n<ul class=\"wp-block-list\">\n<li><strong>Data prevista<\/strong>: 2025\/2026<\/li>\n\n\n\n<li><strong>Banca<\/strong>: Avan\u00e7a SP<\/li>\n\n\n\n<li><strong>Escolaridade<\/strong>: n\u00edveis fundamental, m\u00e9dio e superior<\/li>\n\n\n\n<li><strong>Vagas:<\/strong> 56 + CR<\/li>\n\n\n\n<li><strong>Cargos<\/strong>: v\u00e1rios<\/li>\n\n\n\n<li><strong>\u00daltimos editais:<\/strong> <a href=\"https:\/\/dhg1h5j42swfq.cloudfront.net\/2024\/01\/31105152\/bxnmvfhvikmpc79d3olslgkzwzv7t5zm7qznkkxj.pdf\" target=\"_blank\" rel=\"noreferrer noopener nofollow\">Edital Geral<\/a> | <a href=\"https:\/\/dhg1h5j42swfq.cloudfront.net\/2024\/01\/31105155\/3pjdm5v8yaut2n2sqgj0pjjon9htdyrzki2hjjsi.pdf\" target=\"_blank\" rel=\"noreferrer noopener nofollow\">Edital GCM<\/a><\/li>\n<\/ul>\n","protected":false},"excerpt":{"rendered":"<p>A Prefeitura de Ca\u00e7apava, munic\u00edpio do estado de S\u00e3o Paulo, se prepara para realizar um novo concurso p\u00fablico em breve. Inclusive, j\u00e1 tem banca organizadora definida! A empresa Avan\u00e7a SP foi escolhida para organizar o certame. Vale lembrar que essa \u00e9 a mesma organizadora do \u00faltimo concurso, publicado em 2024. Conforme a justificativa da contrata\u00e7\u00e3o, [&hellip;]<\/p>\n","protected":false},"author":2991,"featured_media":1343939,"comment_status":"open","ping_status":"closed","sticky":false,"template":"","format":"standard","meta":{"post_tipo":"news_page","footnotes":""},"categories":[222278],"tags":[],"tax_estado":[219989],"class_list":["post-479961","post","type-post","status-publish","format-standard","has-post-thumbnail","hentry","category-prefeituras","tax_estado-sp"],"acf":[],"yoast_head":"<!-- This site is optimized with the Yoast SEO Premium plugin v27.2 (Yoast SEO v27.2) - https:\/\/yoast.com\/product\/yoast-seo-premium-wordpress\/ -->\n<title>Concurso Ca\u00e7apava SP: definida a banca para novo edital!<\/title>\n<meta name=\"description\" content=\"Fique por dentro do Concurso Ca\u00e7apava! Novas vagas e banca organizadora definida para o pr\u00f3ximo certame em S\u00e3o Paulo.\" \/>\n<meta name=\"robots\" content=\"index, follow, max-snippet:-1, max-image-preview:large, max-video-preview:-1\" \/>\n<link rel=\"canonical\" href=\"https:\/\/www.estrategiaconcursos.com.br\/blog\/concurso-prefeitura-cacapava\/\" \/>\n<meta property=\"og:locale\" content=\"pt_BR\" \/>\n<meta property=\"og:type\" content=\"article\" \/>\n<meta property=\"og:title\" content=\"Concurso Ca\u00e7apava SP: definida a banca para novo edital!\" \/>\n<meta property=\"og:description\" content=\"Fique por dentro do Concurso Ca\u00e7apava! Novas vagas e banca organizadora definida para o pr\u00f3ximo certame em S\u00e3o Paulo.\" \/>\n<meta property=\"og:url\" content=\"https:\/\/www.estrategiaconcursos.com.br\/blog\/concurso-prefeitura-cacapava\/\" \/>\n<meta property=\"og:site_name\" content=\"Estrat\u00e9gia Concursos\" \/>\n<meta property=\"article:published_time\" content=\"2025-11-25T17:37:00+00:00\" \/>\n<meta property=\"article:modified_time\" content=\"2026-01-12T17:09:52+00:00\" \/>\n<meta property=\"og:image\" content=\"https:\/\/dhg1h5j42swfq.cloudfront.net\/2024\/01\/31091700\/prefeitura-de-cacapava.jpg\" \/>\n\t<meta property=\"og:image:width\" content=\"768\" \/>\n\t<meta property=\"og:image:height\" content=\"432\" \/>\n\t<meta property=\"og:image:type\" content=\"image\/jpeg\" \/>\n<meta name=\"author\" content=\"Melmuara Thaiane Doneg\u00e1 C\u00e2ndido\" \/>\n<meta name=\"twitter:card\" content=\"summary_large_image\" \/>\n<meta name=\"twitter:creator\" content=\"@EstratConcursos\" \/>\n<meta name=\"twitter:site\" content=\"@EstratConcursos\" \/>\n<meta name=\"twitter:label1\" content=\"Escrito por\" \/>\n\t<meta name=\"twitter:data1\" content=\"Melmuara Thaiane Doneg\u00e1 C\u00e2ndido\" \/>\n\t<meta name=\"twitter:label2\" content=\"Est. tempo de leitura\" \/>\n\t<meta name=\"twitter:data2\" content=\"6 minutos\" \/>\n<script type=\"application\/ld+json\" class=\"yoast-schema-graph\">{\"@context\":\"https:\/\/schema.org\",\"@graph\":[{\"@type\":\"NewsArticle\",\"@id\":\"https:\/\/www.estrategiaconcursos.com.br\/blog\/concurso-prefeitura-cacapava\/#article\",\"isPartOf\":{\"@id\":\"https:\/\/www.estrategiaconcursos.com.br\/blog\/concurso-prefeitura-cacapava\/\"},\"author\":{\"name\":\"Melmuara Thaiane Doneg\u00e1 C\u00e2ndido\",\"@id\":\"https:\/\/www.estrategiaconcursos.com.br\/blog\/#\/schema\/person\/f33ffe5648e36a1ec7be14cb98aec31a\"},\"headline\":\"Concurso Ca\u00e7apava SP: definida a banca para novo edital!\",\"datePublished\":\"2025-11-25T17:37:00+00:00\",\"dateModified\":\"2026-01-12T17:09:52+00:00\",\"mainEntityOfPage\":{\"@id\":\"https:\/\/www.estrategiaconcursos.com.br\/blog\/concurso-prefeitura-cacapava\/\"},\"wordCount\":1431,\"commentCount\":0,\"publisher\":{\"@id\":\"https:\/\/www.estrategiaconcursos.com.br\/blog\/#organization\"},\"image\":{\"@id\":\"https:\/\/www.estrategiaconcursos.com.br\/blog\/concurso-prefeitura-cacapava\/#primaryimage\"},\"thumbnailUrl\":\"https:\/\/dhg1h5j42swfq.cloudfront.net\/2024\/01\/31091700\/prefeitura-de-cacapava.jpg\",\"articleSection\":[\"Prefeituras\"],\"inLanguage\":\"pt-BR\",\"potentialAction\":[{\"@type\":\"CommentAction\",\"name\":\"Comment\",\"target\":[\"https:\/\/www.estrategiaconcursos.com.br\/blog\/concurso-prefeitura-cacapava\/#respond\"]}],\"copyrightYear\":\"2025\",\"copyrightHolder\":{\"@id\":\"https:\/\/www.estrategiaconcursos.com.br\/blog\/#organization\"}},{\"@type\":\"WebPage\",\"@id\":\"https:\/\/www.estrategiaconcursos.com.br\/blog\/concurso-prefeitura-cacapava\/\",\"url\":\"https:\/\/www.estrategiaconcursos.com.br\/blog\/concurso-prefeitura-cacapava\/\",\"name\":\"Concurso Ca\u00e7apava SP: definida a banca para novo edital!\",\"isPartOf\":{\"@id\":\"https:\/\/www.estrategiaconcursos.com.br\/blog\/#website\"},\"primaryImageOfPage\":{\"@id\":\"https:\/\/www.estrategiaconcursos.com.br\/blog\/concurso-prefeitura-cacapava\/#primaryimage\"},\"image\":{\"@id\":\"https:\/\/www.estrategiaconcursos.com.br\/blog\/concurso-prefeitura-cacapava\/#primaryimage\"},\"thumbnailUrl\":\"https:\/\/dhg1h5j42swfq.cloudfront.net\/2024\/01\/31091700\/prefeitura-de-cacapava.jpg\",\"datePublished\":\"2025-11-25T17:37:00+00:00\",\"dateModified\":\"2026-01-12T17:09:52+00:00\",\"description\":\"Fique por dentro do Concurso Ca\u00e7apava! Novas vagas e banca organizadora definida para o pr\u00f3ximo certame em S\u00e3o Paulo.\",\"breadcrumb\":{\"@id\":\"https:\/\/www.estrategiaconcursos.com.br\/blog\/concurso-prefeitura-cacapava\/#breadcrumb\"},\"inLanguage\":\"pt-BR\",\"potentialAction\":[{\"@type\":\"ReadAction\",\"target\":[\"https:\/\/www.estrategiaconcursos.com.br\/blog\/concurso-prefeitura-cacapava\/\"]}]},{\"@type\":\"ImageObject\",\"inLanguage\":\"pt-BR\",\"@id\":\"https:\/\/www.estrategiaconcursos.com.br\/blog\/concurso-prefeitura-cacapava\/#primaryimage\",\"url\":\"https:\/\/dhg1h5j42swfq.cloudfront.net\/2024\/01\/31091700\/prefeitura-de-cacapava.jpg\",\"contentUrl\":\"https:\/\/dhg1h5j42swfq.cloudfront.net\/2024\/01\/31091700\/prefeitura-de-cacapava.jpg\",\"width\":768,\"height\":432},{\"@type\":\"BreadcrumbList\",\"@id\":\"https:\/\/www.estrategiaconcursos.com.br\/blog\/concurso-prefeitura-cacapava\/#breadcrumb\",\"itemListElement\":[{\"@type\":\"ListItem\",\"position\":1,\"name\":\"In\u00edcio\",\"item\":\"https:\/\/www.estrategiaconcursos.com.br\/blog\/\"},{\"@type\":\"ListItem\",\"position\":2,\"name\":\"Concurso Ca\u00e7apava SP: definida a banca para novo edital!\"}]},{\"@type\":\"WebSite\",\"@id\":\"https:\/\/www.estrategiaconcursos.com.br\/blog\/#website\",\"url\":\"https:\/\/www.estrategiaconcursos.com.br\/blog\/\",\"name\":\"Estrat\u00e9gia Concursos\",\"description\":\"O blog da Estrat\u00e9gia Concursos traz not\u00edcias sobre concursos e artigos de professores oferecendo cursos para concursos (pdf + videaulas) no site.\",\"publisher\":{\"@id\":\"https:\/\/www.estrategiaconcursos.com.br\/blog\/#organization\"},\"potentialAction\":[{\"@type\":\"SearchAction\",\"target\":{\"@type\":\"EntryPoint\",\"urlTemplate\":\"https:\/\/www.estrategiaconcursos.com.br\/blog\/?s={search_term_string}\"},\"query-input\":{\"@type\":\"PropertyValueSpecification\",\"valueRequired\":true,\"valueName\":\"search_term_string\"}}],\"inLanguage\":\"pt-BR\"},{\"@type\":\"Organization\",\"@id\":\"https:\/\/www.estrategiaconcursos.com.br\/blog\/#organization\",\"name\":\"Estrat\u00e9gia Concursos\",\"url\":\"https:\/\/www.estrategiaconcursos.com.br\/blog\/\",\"logo\":{\"@type\":\"ImageObject\",\"inLanguage\":\"pt-BR\",\"@id\":\"https:\/\/www.estrategiaconcursos.com.br\/blog\/#\/schema\/logo\/image\/\",\"url\":\"https:\/\/dhg1h5j42swfq.cloudfront.net\/2025\/06\/03203428\/logo_concursos-1.jpg\",\"contentUrl\":\"https:\/\/dhg1h5j42swfq.cloudfront.net\/2025\/06\/03203428\/logo_concursos-1.jpg\",\"width\":230,\"height\":60,\"caption\":\"Estrat\u00e9gia Concursos\"},\"image\":{\"@id\":\"https:\/\/www.estrategiaconcursos.com.br\/blog\/#\/schema\/logo\/image\/\"},\"sameAs\":[\"https:\/\/x.com\/EstratConcursos\"]},{\"@type\":\"Person\",\"@id\":\"https:\/\/www.estrategiaconcursos.com.br\/blog\/#\/schema\/person\/f33ffe5648e36a1ec7be14cb98aec31a\",\"name\":\"Melmuara Thaiane Doneg\u00e1 C\u00e2ndido\",\"image\":{\"@type\":\"ImageObject\",\"inLanguage\":\"pt-BR\",\"@id\":\"https:\/\/secure.gravatar.com\/avatar\/72c23c49ace6e781125178efe440f336ae4f50fbfb902780beb369688b387c4f?s=96&d=mm&r=g\",\"url\":\"https:\/\/secure.gravatar.com\/avatar\/72c23c49ace6e781125178efe440f336ae4f50fbfb902780beb369688b387c4f?s=96&d=mm&r=g\",\"contentUrl\":\"https:\/\/secure.gravatar.com\/avatar\/72c23c49ace6e781125178efe440f336ae4f50fbfb902780beb369688b387c4f?s=96&d=mm&r=g\",\"caption\":\"Melmuara Thaiane Doneg\u00e1 C\u00e2ndido\"},\"description\":\"Formada em Jornalismo em 2011 pela UniSEB-COC, Ribeir\u00e3o Preto-SP, atua desde 2017 na produ\u00e7\u00e3o de conte\u00fado para prefeituras, passando da \u00e1rea publicit\u00e1ria para a cria\u00e7\u00e3o de textos estrat\u00e9gicos e not\u00edcias sobre concursos, mantendo os concurseiros bem informados sobre os principais editais de prefeituras e concursos municipais.\",\"birthDate\":\"1990-04-21\",\"gender\":\"feminino\",\"url\":\"https:\/\/www.estrategiaconcursos.com.br\/blog\/author\/melmuara-candidoestrategia-com\/\"}]}<\/script>\n<!-- \/ Yoast SEO Premium plugin. -->","yoast_head_json":{"title":"Concurso Ca\u00e7apava SP: definida a banca para novo edital!","description":"Fique por dentro do Concurso Ca\u00e7apava! Novas vagas e banca organizadora definida para o pr\u00f3ximo certame em S\u00e3o Paulo.","robots":{"index":"index","follow":"follow","max-snippet":"max-snippet:-1","max-image-preview":"max-image-preview:large","max-video-preview":"max-video-preview:-1"},"canonical":"https:\/\/www.estrategiaconcursos.com.br\/blog\/concurso-prefeitura-cacapava\/","og_locale":"pt_BR","og_type":"article","og_title":"Concurso Ca\u00e7apava SP: definida a banca para novo edital!","og_description":"Fique por dentro do Concurso Ca\u00e7apava! Novas vagas e banca organizadora definida para o pr\u00f3ximo certame em S\u00e3o Paulo.","og_url":"https:\/\/www.estrategiaconcursos.com.br\/blog\/concurso-prefeitura-cacapava\/","og_site_name":"Estrat\u00e9gia Concursos","article_published_time":"2025-11-25T17:37:00+00:00","article_modified_time":"2026-01-12T17:09:52+00:00","og_image":[{"width":768,"height":432,"url":"https:\/\/dhg1h5j42swfq.cloudfront.net\/2024\/01\/31091700\/prefeitura-de-cacapava.jpg","type":"image\/jpeg"}],"author":"Melmuara Thaiane Doneg\u00e1 C\u00e2ndido","twitter_card":"summary_large_image","twitter_creator":"@EstratConcursos","twitter_site":"@EstratConcursos","twitter_misc":{"Escrito por":"Melmuara Thaiane Doneg\u00e1 C\u00e2ndido","Est. tempo de leitura":"6 minutos"},"schema":{"@context":"https:\/\/schema.org","@graph":[{"@type":"NewsArticle","@id":"https:\/\/www.estrategiaconcursos.com.br\/blog\/concurso-prefeitura-cacapava\/#article","isPartOf":{"@id":"https:\/\/www.estrategiaconcursos.com.br\/blog\/concurso-prefeitura-cacapava\/"},"author":{"name":"Melmuara Thaiane Doneg\u00e1 C\u00e2ndido","@id":"https:\/\/www.estrategiaconcursos.com.br\/blog\/#\/schema\/person\/f33ffe5648e36a1ec7be14cb98aec31a"},"headline":"Concurso Ca\u00e7apava SP: definida a banca para novo edital!","datePublished":"2025-11-25T17:37:00+00:00","dateModified":"2026-01-12T17:09:52+00:00","mainEntityOfPage":{"@id":"https:\/\/www.estrategiaconcursos.com.br\/blog\/concurso-prefeitura-cacapava\/"},"wordCount":1431,"commentCount":0,"publisher":{"@id":"https:\/\/www.estrategiaconcursos.com.br\/blog\/#organization"},"image":{"@id":"https:\/\/www.estrategiaconcursos.com.br\/blog\/concurso-prefeitura-cacapava\/#primaryimage"},"thumbnailUrl":"https:\/\/dhg1h5j42swfq.cloudfront.net\/2024\/01\/31091700\/prefeitura-de-cacapava.jpg","articleSection":["Prefeituras"],"inLanguage":"pt-BR","potentialAction":[{"@type":"CommentAction","name":"Comment","target":["https:\/\/www.estrategiaconcursos.com.br\/blog\/concurso-prefeitura-cacapava\/#respond"]}],"copyrightYear":"2025","copyrightHolder":{"@id":"https:\/\/www.estrategiaconcursos.com.br\/blog\/#organization"}},{"@type":"WebPage","@id":"https:\/\/www.estrategiaconcursos.com.br\/blog\/concurso-prefeitura-cacapava\/","url":"https:\/\/www.estrategiaconcursos.com.br\/blog\/concurso-prefeitura-cacapava\/","name":"Concurso Ca\u00e7apava SP: definida a banca para novo edital!","isPartOf":{"@id":"https:\/\/www.estrategiaconcursos.com.br\/blog\/#website"},"primaryImageOfPage":{"@id":"https:\/\/www.estrategiaconcursos.com.br\/blog\/concurso-prefeitura-cacapava\/#primaryimage"},"image":{"@id":"https:\/\/www.estrategiaconcursos.com.br\/blog\/concurso-prefeitura-cacapava\/#primaryimage"},"thumbnailUrl":"https:\/\/dhg1h5j42swfq.cloudfront.net\/2024\/01\/31091700\/prefeitura-de-cacapava.jpg","datePublished":"2025-11-25T17:37:00+00:00","dateModified":"2026-01-12T17:09:52+00:00","description":"Fique por dentro do Concurso Ca\u00e7apava! Novas vagas e banca organizadora definida para o pr\u00f3ximo certame em S\u00e3o Paulo.","breadcrumb":{"@id":"https:\/\/www.estrategiaconcursos.com.br\/blog\/concurso-prefeitura-cacapava\/#breadcrumb"},"inLanguage":"pt-BR","potentialAction":[{"@type":"ReadAction","target":["https:\/\/www.estrategiaconcursos.com.br\/blog\/concurso-prefeitura-cacapava\/"]}]},{"@type":"ImageObject","inLanguage":"pt-BR","@id":"https:\/\/www.estrategiaconcursos.com.br\/blog\/concurso-prefeitura-cacapava\/#primaryimage","url":"https:\/\/dhg1h5j42swfq.cloudfront.net\/2024\/01\/31091700\/prefeitura-de-cacapava.jpg","contentUrl":"https:\/\/dhg1h5j42swfq.cloudfront.net\/2024\/01\/31091700\/prefeitura-de-cacapava.jpg","width":768,"height":432},{"@type":"BreadcrumbList","@id":"https:\/\/www.estrategiaconcursos.com.br\/blog\/concurso-prefeitura-cacapava\/#breadcrumb","itemListElement":[{"@type":"ListItem","position":1,"name":"In\u00edcio","item":"https:\/\/www.estrategiaconcursos.com.br\/blog\/"},{"@type":"ListItem","position":2,"name":"Concurso Ca\u00e7apava SP: definida a banca para novo edital!"}]},{"@type":"WebSite","@id":"https:\/\/www.estrategiaconcursos.com.br\/blog\/#website","url":"https:\/\/www.estrategiaconcursos.com.br\/blog\/","name":"Estrat\u00e9gia Concursos","description":"O blog da Estrat\u00e9gia Concursos traz not\u00edcias sobre concursos e artigos de professores oferecendo cursos para concursos (pdf + videaulas) no site.","publisher":{"@id":"https:\/\/www.estrategiaconcursos.com.br\/blog\/#organization"},"potentialAction":[{"@type":"SearchAction","target":{"@type":"EntryPoint","urlTemplate":"https:\/\/www.estrategiaconcursos.com.br\/blog\/?s={search_term_string}"},"query-input":{"@type":"PropertyValueSpecification","valueRequired":true,"valueName":"search_term_string"}}],"inLanguage":"pt-BR"},{"@type":"Organization","@id":"https:\/\/www.estrategiaconcursos.com.br\/blog\/#organization","name":"Estrat\u00e9gia Concursos","url":"https:\/\/www.estrategiaconcursos.com.br\/blog\/","logo":{"@type":"ImageObject","inLanguage":"pt-BR","@id":"https:\/\/www.estrategiaconcursos.com.br\/blog\/#\/schema\/logo\/image\/","url":"https:\/\/dhg1h5j42swfq.cloudfront.net\/2025\/06\/03203428\/logo_concursos-1.jpg","contentUrl":"https:\/\/dhg1h5j42swfq.cloudfront.net\/2025\/06\/03203428\/logo_concursos-1.jpg","width":230,"height":60,"caption":"Estrat\u00e9gia Concursos"},"image":{"@id":"https:\/\/www.estrategiaconcursos.com.br\/blog\/#\/schema\/logo\/image\/"},"sameAs":["https:\/\/x.com\/EstratConcursos"]},{"@type":"Person","@id":"https:\/\/www.estrategiaconcursos.com.br\/blog\/#\/schema\/person\/f33ffe5648e36a1ec7be14cb98aec31a","name":"Melmuara Thaiane Doneg\u00e1 C\u00e2ndido","image":{"@type":"ImageObject","inLanguage":"pt-BR","@id":"https:\/\/secure.gravatar.com\/avatar\/72c23c49ace6e781125178efe440f336ae4f50fbfb902780beb369688b387c4f?s=96&d=mm&r=g","url":"https:\/\/secure.gravatar.com\/avatar\/72c23c49ace6e781125178efe440f336ae4f50fbfb902780beb369688b387c4f?s=96&d=mm&r=g","contentUrl":"https:\/\/secure.gravatar.com\/avatar\/72c23c49ace6e781125178efe440f336ae4f50fbfb902780beb369688b387c4f?s=96&d=mm&r=g","caption":"Melmuara Thaiane Doneg\u00e1 C\u00e2ndido"},"description":"Formada em Jornalismo em 2011 pela UniSEB-COC, Ribeir\u00e3o Preto-SP, atua desde 2017 na produ\u00e7\u00e3o de conte\u00fado para prefeituras, passando da \u00e1rea publicit\u00e1ria para a cria\u00e7\u00e3o de textos estrat\u00e9gicos e not\u00edcias sobre concursos, mantendo os concurseiros bem informados sobre os principais editais de prefeituras e concursos municipais.","birthDate":"1990-04-21","gender":"feminino","url":"https:\/\/www.estrategiaconcursos.com.br\/blog\/author\/melmuara-candidoestrategia-com\/"}]}},"_links":{"self":[{"href":"https:\/\/www.estrategiaconcursos.com.br\/blog\/wp-json\/wp\/v2\/posts\/479961","targetHints":{"allow":["GET"]}}],"collection":[{"href":"https:\/\/www.estrategiaconcursos.com.br\/blog\/wp-json\/wp\/v2\/posts"}],"about":[{"href":"https:\/\/www.estrategiaconcursos.com.br\/blog\/wp-json\/wp\/v2\/types\/post"}],"author":[{"embeddable":true,"href":"https:\/\/www.estrategiaconcursos.com.br\/blog\/wp-json\/wp\/v2\/users\/2991"}],"replies":[{"embeddable":true,"href":"https:\/\/www.estrategiaconcursos.com.br\/blog\/wp-json\/wp\/v2\/comments?post=479961"}],"version-history":[{"count":40,"href":"https:\/\/www.estrategiaconcursos.com.br\/blog\/wp-json\/wp\/v2\/posts\/479961\/revisions"}],"predecessor-version":[{"id":1697750,"href":"https:\/\/www.estrategiaconcursos.com.br\/blog\/wp-json\/wp\/v2\/posts\/479961\/revisions\/1697750"}],"wp:featuredmedia":[{"embeddable":true,"href":"https:\/\/www.estrategiaconcursos.com.br\/blog\/wp-json\/wp\/v2\/media\/1343939"}],"wp:attachment":[{"href":"https:\/\/www.estrategiaconcursos.com.br\/blog\/wp-json\/wp\/v2\/media?parent=479961"}],"wp:term":[{"taxonomy":"category","embeddable":true,"href":"https:\/\/www.estrategiaconcursos.com.br\/blog\/wp-json\/wp\/v2\/categories?post=479961"},{"taxonomy":"post_tag","embeddable":true,"href":"https:\/\/www.estrategiaconcursos.com.br\/blog\/wp-json\/wp\/v2\/tags?post=479961"},{"taxonomy":"tax_estado","embeddable":true,"href":"https:\/\/www.estrategiaconcursos.com.br\/blog\/wp-json\/wp\/v2\/tax_estado?post=479961"}],"curies":[{"name":"wp","href":"https:\/\/api.w.org\/{rel}","templated":true}]}}