{"id":479955,"date":"2020-02-15T06:00:00","date_gmt":"2020-02-15T09:00:00","guid":{"rendered":"https:\/\/www.estrategiaconcursos.com.br\/blog\/?p=479955"},"modified":"2020-02-15T07:53:25","modified_gmt":"2020-02-15T10:53:25","slug":"concurso-ams-itapecerica","status":"publish","type":"post","link":"https:\/\/www.estrategiaconcursos.com.br\/blog\/concurso-ams-itapecerica\/","title":{"rendered":"Concurso AMS Itapecerica SP: inscri\u00e7\u00f5es encerradas!"},"content":{"rendered":"\n<p>As inscri\u00e7\u00f5es para o concurso AMS Itapecerica SP (Autarquia Municipal de Sa\u00fade de Itapecerica da Serra), munic\u00edpio localizado no estado de S\u00e3o Paulo, est\u00e3o encerradas. Os dois editais ofertam, no total, 124 vagas, para cargos de n\u00edvel fundamental, m\u00e9dio e superior. <\/p>\n\n\n\n<p>A RBO Concursos (RBO Assessoria P\u00fablica e Projetos Municipais Ltda) \u00e9 a empresa respons\u00e1vel pela organiza\u00e7\u00e3o do concurso AMS Itapecerica SP.  <\/p>\n\n\n\n<p>Nosso objetivo \u00e9 deixar voc\u00ea&nbsp;<strong><em>100% atualizado<\/em><\/strong>. Neste artigo voc\u00ea encontrar\u00e1 tudo o que precisa saber sobre o novo edital. Acompanhe pelos t\u00f3picos a seguir:<\/p>\n\n\n\n<p><strong><em><a href=\"#data\">Principais datas:<\/a><br \/><a href=\"#cargo\">Cargos, vagas e remunera\u00e7\u00f5es:<\/a><br \/><a href=\"#etapa\">Etapas do concurso:<\/a><br \/><a href=\"#ficha\">Ficha t\u00e9cnica:<\/a><\/em><\/strong><\/p>\n\n\n\n<h2 class=\"wp-block-heading\" id=\"data\">Principais datas do concurso AMS Itapecerica SP<\/h2>\n\n\n\n<p>Os interessados nas vagas ofertadas pelo concurso AMS Itapecerica SP tiveram at\u00e9 o dia 14 de fevereiro para se inscrever no site da <a href=\"https:\/\/www.rboconcursos.com.br\/\">RBO Concursos<\/a>, ao custo de R$ 25,00 (fundamental,) R$ 45,00 (m\u00e9dio) e R$ 55,00 (superior) &#8211; Edital 1, e R$ 45,00 &#8211; Edital 2. Lembrando que a prova objetiva ser\u00e1 realizada no dia 15 de mar\u00e7o de 2020, conforme os quadros abaixo:  <\/p>\n\n\n\n<h3 class=\"wp-block-heading\">Edital 01\/2020<\/h3>\n\n\n\n<p class=\"has-background has-very-light-gray-background-color\"><strong>Inscri\u00e7\u00f5es:&nbsp;<\/strong><s>27 de janeiro a 14 de fevereiro de 2020<\/s><strong><br \/><\/strong><s><strong>Isen\u00e7\u00e3o<\/strong>: 27 a 29 de dezembro de 2019<\/s><br \/><strong>Data da Prova Objetiva<\/strong>: 15 de mar\u00e7o de 2020 <\/p>\n\n\n\n<h3 class=\"wp-block-heading\">Edital 02\/2020<\/h3>\n\n\n\n<p class=\"has-background has-very-light-gray-background-color\"><strong>Inscri\u00e7\u00f5es:<\/strong><s><strong>&nbsp;<\/strong>27 de janeiro a 14 de fevereiro de 2020<\/s><br \/><s><strong>Isen\u00e7\u00e3o<\/strong>: 27 a 29 de dezembro de 2020<\/s><br \/><strong>Data da Prova Objetiva<\/strong>: 15 de mar\u00e7o de 2020  <\/p>\n\n\n\n<h2 class=\"wp-block-heading\" id=\"cargo\">Cargos, vagas e remunera\u00e7\u00f5es do concurso AMS Itapecerica SP<\/h2>\n\n\n\n<p>Ao todo, o concurso AMS Itapecerica SP oferta 124 oportunidades, divididas em dois editais. Confiram a rela\u00e7\u00e3o de cargos e vagas. <\/p>\n\n\n\n<h3 class=\"wp-block-heading\">Edital 01\/2020<\/h3>\n\n\n\n<figure class=\"wp-block-table is-style-stripes\"><table class=\"\"><tbody><tr><td class=\"has-text-align-center\" data-align=\"center\"><strong>Cargo<\/strong><\/td><td class=\"has-text-align-center\" data-align=\"center\"><strong>Vagas<\/strong><\/td><td class=\"has-text-align-center\" data-align=\"center\"><strong>Sal\u00e1rio Inicial<\/strong><\/td><td class=\"has-text-align-center\" data-align=\"center\"><strong>Requisitos<\/strong><\/td><\/tr><tr><td class=\"has-text-align-center\" data-align=\"center\"> Auxiliar de Servi\u00e7os de Limpeza, Manuten\u00e7\u00e3o e Conserva\u00e7\u00e3o de \u00c1reas P\u00fablicas <\/td><td class=\"has-text-align-center\" data-align=\"center\">01<\/td><td class=\"has-text-align-center\" data-align=\"center\"> R$ 1.107,85  <\/td><td class=\"has-text-align-center\" data-align=\"center\"> Ensino fundamental completo <\/td><\/tr><tr><td class=\"has-text-align-center\" data-align=\"center\"> Faxineiro <\/td><td class=\"has-text-align-center\" data-align=\"center\">01<\/td><td class=\"has-text-align-center\" data-align=\"center\"> R$ 1.107,85 <\/td><td class=\"has-text-align-center\" data-align=\"center\"> Ensino fundamental completo <\/td><\/tr><tr><td class=\"has-text-align-center\" data-align=\"center\"> Tratador de Animais <\/td><td class=\"has-text-align-center\" data-align=\"center\">01<\/td><td class=\"has-text-align-center\" data-align=\"center\"> R$ 1.107,85 <\/td><td class=\"has-text-align-center\" data-align=\"center\"> Ensino fundamental completo <\/td><\/tr><tr><td class=\"has-text-align-center\" data-align=\"center\">Vigia<\/td><td class=\"has-text-align-center\" data-align=\"center\">01<\/td><td class=\"has-text-align-center\" data-align=\"center\"> R$ 1.107,85 <\/td><td class=\"has-text-align-center\" data-align=\"center\"> Ensino fundamental completo <\/td><\/tr><tr><td class=\"has-text-align-center\" data-align=\"center\">Almoxarife<\/td><td class=\"has-text-align-center\" data-align=\"center\">01<\/td><td class=\"has-text-align-center\" data-align=\"center\"> R$ 1.301,88 <\/td><td class=\"has-text-align-center\" data-align=\"center\"> Ensino m\u00e9dio completo <\/td><\/tr><tr><td class=\"has-text-align-center\" data-align=\"center\">Assistente Administrativo<\/td><td class=\"has-text-align-center\" data-align=\"center\">01<\/td><td class=\"has-text-align-center\" data-align=\"center\"> R$ 1.301,88 <\/td><td class=\"has-text-align-center\" data-align=\"center\"> Ensino m\u00e9dio completo <\/td><\/tr><tr><td class=\"has-text-align-center\" data-align=\"center\">Auxiliar Administrativo<\/td><td class=\"has-text-align-center\" data-align=\"center\">01<\/td><td class=\"has-text-align-center\" data-align=\"center\">  R$ 1.255,96  <\/td><td class=\"has-text-align-center\" data-align=\"center\"> Ensino m\u00e9dio completo <\/td><\/tr><tr><td class=\"has-text-align-center\" data-align=\"center\">Auxiliar de Enfermagem<\/td><td class=\"has-text-align-center\" data-align=\"center\">01<\/td><td class=\"has-text-align-center\" data-align=\"center\">  R$ 1.343,34  <\/td><td class=\"has-text-align-center\" data-align=\"center\"> Ensino m\u00e9dio completo e possuir registro ativo no COREN de Auxiliar de Enfermagem <\/td><\/tr><tr><td class=\"has-text-align-center\" data-align=\"center\">Eletricista de Manuten\u00e7\u00e3o em Geral<\/td><td class=\"has-text-align-center\" data-align=\"center\">01<\/td><td class=\"has-text-align-center\" data-align=\"center\"> R$ 1.301,88 <\/td><td class=\"has-text-align-center\" data-align=\"center\"> Ensino m\u00e9dio completo e possuir forma\u00e7\u00e3o na \u00e1rea <\/td><\/tr><tr><td class=\"has-text-align-center\" data-align=\"center\">Encanador<\/td><td class=\"has-text-align-center\" data-align=\"center\">01<\/td><td class=\"has-text-align-center\" data-align=\"center\"> R$ 1.178,94 <\/td><td class=\"has-text-align-center\" data-align=\"center\"> Ensino m\u00e9dio completo e possuir forma\u00e7\u00e3o na \u00e1rea <\/td><\/tr><tr><td class=\"has-text-align-center\" data-align=\"center\">Motoboy<\/td><td class=\"has-text-align-center\" data-align=\"center\">01<\/td><td class=\"has-text-align-center\" data-align=\"center\"> R$ 1.178,94 + gratifica\u00e7\u00f5es previstas em Lei <\/td><td class=\"has-text-align-center\" data-align=\"center\"> Ensino m\u00e9dio completo e possuir Carteira Nacional de Habilita\u00e7\u00e3o &#8211; CNH na categoria \u201cA <\/td><\/tr><tr><td class=\"has-text-align-center\" data-align=\"center\"> Operador de Combate a Zoonoses <\/td><td class=\"has-text-align-center\" data-align=\"center\">01<\/td><td class=\"has-text-align-center\" data-align=\"center\"> R$ 1.178,94 <\/td><td class=\"has-text-align-center\" data-align=\"center\"> Ensino m\u00e9dio completo <\/td><\/tr><tr><td class=\"has-text-align-center\" data-align=\"center\">Pedreiro<\/td><td class=\"has-text-align-center\" data-align=\"center\">01<\/td><td class=\"has-text-align-center\" data-align=\"center\"> R$ 1.178,94 <\/td><td class=\"has-text-align-center\" data-align=\"center\"> Ensino m\u00e9dio completo <\/td><\/tr><tr><td class=\"has-text-align-center\" data-align=\"center\">T\u00e9cnico em Contabilidade<\/td><td class=\"has-text-align-center\" data-align=\"center\">01<\/td><td class=\"has-text-align-center\" data-align=\"center\"> R$ 1.386,30  <\/td><td class=\"has-text-align-center\" data-align=\"center\"> Ensino m\u00e9dio completo e curso t\u00e9cnico em Contabilidade <\/td><\/tr><tr><td class=\"has-text-align-center\" data-align=\"center\">T\u00e9cnico em Inform\u00e1tica<\/td><td class=\"has-text-align-center\" data-align=\"center\">01<\/td><td class=\"has-text-align-center\" data-align=\"center\"> R$ 1.386,30  <\/td><td class=\"has-text-align-center\" data-align=\"center\"> Ensino m\u00e9dio completo e curso t\u00e9cnico em Inform\u00e1tica <\/td><\/tr><tr><td class=\"has-text-align-center\" data-align=\"center\">T\u00e9cnico em Raio X<\/td><td class=\"has-text-align-center\" data-align=\"center\">01<\/td><td class=\"has-text-align-center\" data-align=\"center\"> R$ 1.386,30  <\/td><td class=\"has-text-align-center\" data-align=\"center\"> Ensino m\u00e9dio completo, curso t\u00e9cnico na \u00e1rea e registro ativo no CONTER <\/td><\/tr><tr><td class=\"has-text-align-center\" data-align=\"center\">T\u00e9cnico em Sa\u00fade Bucal<\/td><td class=\"has-text-align-center\" data-align=\"center\">01<\/td><td class=\"has-text-align-center\" data-align=\"center\"> R$ 1.386,30  <\/td><td class=\"has-text-align-center\" data-align=\"center\"> Ensino m\u00e9dio completo, curso t\u00e9cnico em Sa\u00fade Bucal e registro ativo no CRO <\/td><\/tr><tr><td class=\"has-text-align-center\" data-align=\"center\">Cirurgi\u00e3o Dentista<\/td><td class=\"has-text-align-center\" data-align=\"center\">01<\/td><td class=\"has-text-align-center\" data-align=\"center\"> R$ 23,67 por hora <\/td><td class=\"has-text-align-center\" data-align=\"center\"> Ensino superior completo em Odontologia e registro ativo no CRO <\/td><\/tr><tr><td class=\"has-text-align-center\" data-align=\"center\">Enfermeiro<\/td><td class=\"has-text-align-center\" data-align=\"center\">01<\/td><td class=\"has-text-align-center\" data-align=\"center\"> R$ 16,27 por hora +gratifica\u00e7\u00f5es previstas em Lei <\/td><td class=\"has-text-align-center\" data-align=\"center\"> Ensino superior completo em Enfermagem e registro ativo no COREN <\/td><\/tr><tr><td class=\"has-text-align-center\" data-align=\"center\">Enfermeiro Obstetra<\/td><td class=\"has-text-align-center\" data-align=\"center\">01<\/td><td class=\"has-text-align-center\" data-align=\"center\"> R$ 16,27 por hora +gratifica\u00e7\u00f5es previstas em Lei <\/td><td class=\"has-text-align-center\" data-align=\"center\"> Ensino superior completo em Enfermagem, registro ativo no COREN e especializa\u00e7\u00e3o em Obstetr\u00edcia <\/td><\/tr><tr><td class=\"has-text-align-center\" data-align=\"center\">Farmac\u00eautico<\/td><td class=\"has-text-align-center\" data-align=\"center\">01<\/td><td class=\"has-text-align-center\" data-align=\"center\"> R$ 1.895,81 <\/td><td class=\"has-text-align-center\" data-align=\"center\"> Ensino superior completo em Farm\u00e1cia e registro no CRF <\/td><\/tr><tr><td class=\"has-text-align-center\" data-align=\"center\">M\u00e9dico Anestesista<\/td><td class=\"has-text-align-center\" data-align=\"center\">01<\/td><td class=\"has-text-align-center\" data-align=\"center\"> R$ 28,12 por hora + gratifica\u00e7\u00f5es previstas em Lei <\/td><td class=\"has-text-align-center\" data-align=\"center\"> Ensino superior completo em Medicina, registro ativo no CRM e especializa\u00e7\u00e3o da \u00e1rea do cargo <\/td><\/tr><tr><td class=\"has-text-align-center\" data-align=\"center\">M\u00e9dico Cardiologista<\/td><td class=\"has-text-align-center\" data-align=\"center\">01<\/td><td class=\"has-text-align-center\" data-align=\"center\"> R$ 28,12 por hora + gratifica\u00e7\u00f5es previstas em Lei <\/td><td class=\"has-text-align-center\" data-align=\"center\"> Ensino superior completo em Medicina, registro ativo no CRM e especializa\u00e7\u00e3o da \u00e1rea do cargo <\/td><\/tr><tr><td class=\"has-text-align-center\" data-align=\"center\">M\u00e9dico Cl\u00ednico Geral<\/td><td class=\"has-text-align-center\" data-align=\"center\">01<\/td><td class=\"has-text-align-center\" data-align=\"center\"> R$ 28,12 por hora + gratifica\u00e7\u00f5es previstas em Lei <\/td><td class=\"has-text-align-center\" data-align=\"center\"> Ensino superior completo em Medicina, registro ativo no CRM <\/td><\/tr><tr><td class=\"has-text-align-center\" data-align=\"center\">M\u00e9dico de Sa\u00fade da Fam\u00edlia<\/td><td class=\"has-text-align-center\" data-align=\"center\">01<\/td><td class=\"has-text-align-center\" data-align=\"center\"> R$ 28,12 por hora + gratifica\u00e7\u00f5es previstas em Lei <\/td><td class=\"has-text-align-center\" data-align=\"center\"> Ensino superior completo em Medicina, registro ativo no CRM e especializa\u00e7\u00e3o da \u00e1rea do cargo <\/td><\/tr><tr><td class=\"has-text-align-center\" data-align=\"center\">M\u00e9dico Dermatologista<\/td><td class=\"has-text-align-center\" data-align=\"center\">01<\/td><td class=\"has-text-align-center\" data-align=\"center\"> R$ 28,12 por hora + gratifica\u00e7\u00f5es previstas em Lei <\/td><td class=\"has-text-align-center\" data-align=\"center\"> Ensino superior completo em Medicina, registro ativo no CRM e especializa\u00e7\u00e3o da \u00e1rea do cargo <\/td><\/tr><tr><td class=\"has-text-align-center\" data-align=\"center\">M\u00e9dico do Trabalho<\/td><td class=\"has-text-align-center\" data-align=\"center\">01<\/td><td class=\"has-text-align-center\" data-align=\"center\"> R$ 28,12 por hora + gratifica\u00e7\u00f5es previstas em Lei <\/td><td class=\"has-text-align-center\" data-align=\"center\"> Ensino superior completo em Medicina, registro ativo no CRM e especializa\u00e7\u00e3o da \u00e1rea do cargo <\/td><\/tr><tr><td class=\"has-text-align-center\" data-align=\"center\"> M\u00e9dico Endocrinologista <\/td><td class=\"has-text-align-center\" data-align=\"center\">01<\/td><td class=\"has-text-align-center\" data-align=\"center\"> R$ 28,12 por hora + gratifica\u00e7\u00f5es previstas em Lei <\/td><td class=\"has-text-align-center\" data-align=\"center\"> Ensino superior completo em Medicina, registro ativo no CRM e especializa\u00e7\u00e3o da \u00e1rea do cargo <\/td><\/tr><tr><td class=\"has-text-align-center\" data-align=\"center\"> M\u00e9dico Gastroenterologista <\/td><td class=\"has-text-align-center\" data-align=\"center\">01<\/td><td class=\"has-text-align-center\" data-align=\"center\"> R$ 28,12 por hora + gratifica\u00e7\u00f5es previstas em Lei <\/td><td class=\"has-text-align-center\" data-align=\"center\"> Ensino superior completo em Medicina, registro ativo no CRM e especializa\u00e7\u00e3o da \u00e1rea do cargo <\/td><\/tr><tr><td class=\"has-text-align-center\" data-align=\"center\"> M\u00e9dico Geriatra <\/td><td class=\"has-text-align-center\" data-align=\"center\">01<\/td><td class=\"has-text-align-center\" data-align=\"center\"> R$ 28,12 por hora + gratifica\u00e7\u00f5es previstas em Lei <\/td><td class=\"has-text-align-center\" data-align=\"center\"> Ensino superior completo em Medicina, registro ativo no CRM e especializa\u00e7\u00e3o da \u00e1rea do cargo <\/td><\/tr><tr><td class=\"has-text-align-center\" data-align=\"center\"> M\u00e9dico Ginecologista <\/td><td class=\"has-text-align-center\" data-align=\"center\">01<\/td><td class=\"has-text-align-center\" data-align=\"center\"> R$ 28,12 por hora + gratifica\u00e7\u00f5es previstas em Lei <\/td><td class=\"has-text-align-center\" data-align=\"center\"> Ensino superior completo em Medicina, registro ativo no CRM e especializa\u00e7\u00e3o da \u00e1rea do cargo <\/td><\/tr><tr><td class=\"has-text-align-center\" data-align=\"center\"> M\u00e9dico Infectologista <\/td><td class=\"has-text-align-center\" data-align=\"center\">01<\/td><td class=\"has-text-align-center\" data-align=\"center\"> R$ 28,12 por hora + gratifica\u00e7\u00f5es previstas em Lei <\/td><td class=\"has-text-align-center\" data-align=\"center\"> Ensino superior completo em Medicina, registro ativo no CRM e especializa\u00e7\u00e3o da \u00e1rea do cargo <\/td><\/tr><tr><td class=\"has-text-align-center\" data-align=\"center\"> M\u00e9dico Mastologista <\/td><td class=\"has-text-align-center\" data-align=\"center\">01<\/td><td class=\"has-text-align-center\" data-align=\"center\"> R$ 28,12 por hora + gratifica\u00e7\u00f5es previstas em Lei <\/td><td class=\"has-text-align-center\" data-align=\"center\"> Ensino superior completo em Medicina, registro ativo no CRM e especializa\u00e7\u00e3o da \u00e1rea do cargo <\/td><\/tr><tr><td class=\"has-text-align-center\" data-align=\"center\"> M\u00e9dico Neonatologista <\/td><td class=\"has-text-align-center\" data-align=\"center\">01<\/td><td class=\"has-text-align-center\" data-align=\"center\"> R$ 28,12 por hora + gratifica\u00e7\u00f5es previstas em Lei <\/td><td class=\"has-text-align-center\" data-align=\"center\"> Ensino superior completo em Medicina, registro ativo no CRM e especializa\u00e7\u00e3o da \u00e1rea do cargo <\/td><\/tr><tr><td class=\"has-text-align-center\" data-align=\"center\"> M\u00e9dico Neurologista <\/td><td class=\"has-text-align-center\" data-align=\"center\">01<\/td><td class=\"has-text-align-center\" data-align=\"center\"> R$ 28,12 por hora + gratifica\u00e7\u00f5es previstas em Lei <\/td><td class=\"has-text-align-center\" data-align=\"center\"> Ensino superior completo em Medicina, registro ativo no CRM e especializa\u00e7\u00e3o da \u00e1rea do cargo <\/td><\/tr><tr><td class=\"has-text-align-center\" data-align=\"center\"> M\u00e9dico Oftalmologista  <\/td><td class=\"has-text-align-center\" data-align=\"center\">01<\/td><td class=\"has-text-align-center\" data-align=\"center\"> R$ 28,12 por hora + gratifica\u00e7\u00f5es previstas em Lei <\/td><td class=\"has-text-align-center\" data-align=\"center\"> Ensino superior completo em Medicina, registro ativo no CRM e especializa\u00e7\u00e3o da \u00e1rea do cargo <\/td><\/tr><tr><td class=\"has-text-align-center\" data-align=\"center\"> M\u00e9dico Ortopedista <\/td><td class=\"has-text-align-center\" data-align=\"center\">01<\/td><td class=\"has-text-align-center\" data-align=\"center\"> R$ 28,12 por hora + gratifica\u00e7\u00f5es previstas em Lei <\/td><td class=\"has-text-align-center\" data-align=\"center\"> Ensino superior completo em Medicina, registro ativo no CRM e especializa\u00e7\u00e3o da \u00e1rea do cargo <\/td><\/tr><tr><td class=\"has-text-align-center\" data-align=\"center\"> M\u00e9dico Pneumologista <\/td><td class=\"has-text-align-center\" data-align=\"center\">01<\/td><td class=\"has-text-align-center\" data-align=\"center\"> R$ 28,12 por hora + gratifica\u00e7\u00f5es previstas em Lei <\/td><td class=\"has-text-align-center\" data-align=\"center\"> Ensino superior completo em Medicina, registro ativo no CRM e especializa\u00e7\u00e3o da \u00e1rea do cargo <\/td><\/tr><tr><td class=\"has-text-align-center\" data-align=\"center\"> M\u00e9dico Proctologista  <\/td><td class=\"has-text-align-center\" data-align=\"center\">01<\/td><td class=\"has-text-align-center\" data-align=\"center\"> R$ 28,12 por hora + gratifica\u00e7\u00f5es previstas em Lei <\/td><td class=\"has-text-align-center\" data-align=\"center\"> Ensino superior completo em Medicina, registro ativo no CRM e especializa\u00e7\u00e3o da \u00e1rea do cargo <\/td><\/tr><tr><td class=\"has-text-align-center\" data-align=\"center\"> M\u00e9dico Psiquiatra <\/td><td class=\"has-text-align-center\" data-align=\"center\">01<\/td><td class=\"has-text-align-center\" data-align=\"center\"> R$ 28,12 por hora + gratifica\u00e7\u00f5es previstas em Lei <\/td><td class=\"has-text-align-center\" data-align=\"center\"> Ensino superior completo em Medicina, registro ativo no CRM e especializa\u00e7\u00e3o da \u00e1rea do cargo <\/td><\/tr><tr><td class=\"has-text-align-center\" data-align=\"center\"> M\u00e9dico Reumatologista  <\/td><td class=\"has-text-align-center\" data-align=\"center\">01<\/td><td class=\"has-text-align-center\" data-align=\"center\"> R$ 28,12 por hora + gratifica\u00e7\u00f5es previstas em Lei <\/td><td class=\"has-text-align-center\" data-align=\"center\"> Ensino superior completo em Medicina, registro ativo no CRM e especializa\u00e7\u00e3o da \u00e1rea do cargo <\/td><\/tr><tr><td class=\"has-text-align-center\" data-align=\"center\"> M\u00e9dico Socorrista <\/td><td class=\"has-text-align-center\" data-align=\"center\">01<\/td><td class=\"has-text-align-center\" data-align=\"center\"> R$ 28,12 por hora + gratifica\u00e7\u00f5es previstas em Lei <\/td><td class=\"has-text-align-center\" data-align=\"center\"> Ensino superior completo em Medicina, registro ativo no CRM e especializa\u00e7\u00e3o da \u00e1rea do cargo <\/td><\/tr><tr><td class=\"has-text-align-center\" data-align=\"center\"> M\u00e9dico Ultrassonografista <\/td><td class=\"has-text-align-center\" data-align=\"center\">01<\/td><td class=\"has-text-align-center\" data-align=\"center\"> R$ 28,12 por hora + gratifica\u00e7\u00f5es previstas em Lei <\/td><td class=\"has-text-align-center\" data-align=\"center\"> Ensino superior completo em Medicina, registro ativo no CRM e especializa\u00e7\u00e3o da \u00e1rea do cargo <\/td><\/tr><tr><td class=\"has-text-align-center\" data-align=\"center\"> M\u00e9dico Urologista  <\/td><td class=\"has-text-align-center\" data-align=\"center\">01<\/td><td class=\"has-text-align-center\" data-align=\"center\"> R$ 28,12 por hora + gratifica\u00e7\u00f5es previstas em Lei <\/td><td class=\"has-text-align-center\" data-align=\"center\"> Ensino superior completo em Medicina, registro ativo no CRM e especializa\u00e7\u00e3o da \u00e1rea do cargo <\/td><\/tr><tr><td class=\"has-text-align-center\" data-align=\"center\"> M\u00e9dico Vascular <\/td><td class=\"has-text-align-center\" data-align=\"center\">01<\/td><td class=\"has-text-align-center\" data-align=\"center\"> R$ 28,12 por hora + gratifica\u00e7\u00f5es previstas em Lei <\/td><td class=\"has-text-align-center\" data-align=\"center\"> Ensino superior completo em Medicina, registro ativo no CRM e especializa\u00e7\u00e3o da \u00e1rea do cargo <\/td><\/tr><tr><td class=\"has-text-align-center\" data-align=\"center\"> M\u00e9dico Veterin\u00e1rio <\/td><td class=\"has-text-align-center\" data-align=\"center\">01<\/td><td class=\"has-text-align-center\" data-align=\"center\"> R$ 1.895,81 <\/td><td class=\"has-text-align-center\" data-align=\"center\"> Ensino superior completo em Medicina Veterin\u00e1ria e registro ativo no CRMV <\/td><\/tr><tr><td class=\"has-text-align-center\" data-align=\"center\"> Nutricionista <\/td><td class=\"has-text-align-center\" data-align=\"center\">01<\/td><td class=\"has-text-align-center\" data-align=\"center\"> R$ 1.895,81 <\/td><td class=\"has-text-align-center\" data-align=\"center\"> Ensino superior completo em Nutri\u00e7\u00e3o e registro ativo no CRN <\/td><\/tr><tr><td class=\"has-text-align-center\" data-align=\"center\"> Psic\u00f3logo <\/td><td class=\"has-text-align-center\" data-align=\"center\">01<\/td><td class=\"has-text-align-center\" data-align=\"center\"> R$ 1.895,81 <\/td><td class=\"has-text-align-center\" data-align=\"center\"> Ensino superior completo em Psicologia e registro ativo no CRP <\/td><\/tr><\/tbody><\/table><\/figure>\n\n\n\n<h3 class=\"wp-block-heading\">Edital 02\/2020<\/h3>\n\n\n\n<figure class=\"wp-block-table is-style-stripes\"><table class=\"\"><tbody><tr><td class=\"has-text-align-center\" data-align=\"center\"><strong>Cargo<\/strong><\/td><td class=\"has-text-align-center\" data-align=\"center\"><strong>Vagas<\/strong><\/td><td><strong>Sal\u00e1rio Inicial<\/strong><\/td><td class=\"has-text-align-center\" data-align=\"center\"><strong>Requisitos<\/strong><\/td><\/tr><tr><td class=\"has-text-align-center\" data-align=\"center\">Agente Comunit\u00e1rio de Sa\u00fade <\/td><td class=\"has-text-align-center\" data-align=\"center\">76<\/td><td>R$ 1.400,00<\/td><td class=\"has-text-align-center\" data-align=\"center\">  Ensino m\u00e9dio completo, residir na \u00e1rea\/ micro* \u00e1rea de abrang\u00eancia da unidade de sa\u00fade para qual se inscreveu desde a data da publica\u00e7\u00e3o do edital deste Concurso e permanecer residindo em todo o per\u00edodo que ocupar este cargo. <\/td><\/tr><\/tbody><\/table><\/figure>\n\n\n\n<p>*A rela\u00e7\u00e3o \u00e1rea\/micro completa voc\u00ea confere no edital.<\/p>\n\n\n\n<h2 class=\"wp-block-heading\" id=\"etapa\">Etapas do concurso AMS Itapecerica SP<\/h2>\n\n\n\n<p>Enquanto os dois editais s\u00e3o compostos por prova objetiva, o Edital 01\/2020 conta com outras etapas no concurso. Confira as etapas por edital:<\/p>\n\n\n\n<h3 class=\"wp-block-heading\">Edital 01\/2020<\/h3>\n\n\n\n<ul class=\"wp-block-list\"><li><strong>Prova Objetiva<\/strong>: ser\u00e1 avaliada na escala de 0 (zero) a 100 (cem) pontos e ter\u00e1 car\u00e1ter eliminat\u00f3rio e classificat\u00f3rio.<\/li><\/ul>\n\n\n\n<ul class=\"wp-block-list\"><li><strong>Prova de T\u00edtulos<\/strong>: Concorrer\u00e3o \u00e0 prova de T\u00edtulos somente os candidatos habilitados nas provas objetivas para os cargos de Cirurgi\u00e3o Dentista, Enfermeiro, Enfermeiro Obstetra, Farmac\u00eautico, M\u00e9dico (todos), M\u00e9dico Veterin\u00e1rio, Nutricionista e Psic\u00f3logo. <\/li><\/ul>\n\n\n\n<figure class=\"wp-block-image size-large\"><img loading=\"lazy\" decoding=\"async\" width=\"881\" height=\"382\" src=\"https:\/\/dhg1h5j42swfq.cloudfront.net\/2020\/02\/10172030\/image-47.png\" alt=\"\" class=\"wp-image-480119\" srcset=\"https:\/\/dhg1h5j42swfq.cloudfront.net\/2020\/02\/10172030\/image-47.png 881w, https:\/\/dhg1h5j42swfq.cloudfront.net\/2020\/02\/10172030\/image-47-300x130.png 300w, https:\/\/dhg1h5j42swfq.cloudfront.net\/2020\/02\/10172030\/image-47-768x333.png 768w, https:\/\/dhg1h5j42swfq.cloudfront.net\/2020\/02\/10172030\/image-47-610x264.png 610w\" sizes=\"auto, (max-width: 881px) 100vw, 881px\" \/><\/figure>\n\n\n\n<h3 class=\"wp-block-heading\">  Edital 02\/2020<\/h3>\n\n\n\n<ul class=\"wp-block-list\"><li><strong>Prova Objetiva<\/strong>: ser\u00e1 avaliada na escala de 0 (zero) a 100 (cem) pontos e ter\u00e1 car\u00e1ter eliminat\u00f3rio e classificat\u00f3rio. Ser\u00e1 considerado habilitado na Prova Objetiva o candidato que obtiver total de pontos igual ou superior a 50 (cinquenta). <\/li><\/ul>\n\n\n\n<p style=\"font-size:18px\" class=\"has-text-align-center\"><em><strong>Assinatura Anual Ilimitada*<\/strong><\/em><\/p>\n\n\n\n<p class=\"has-text-align-center\"><em>Prepare-se com o melhor material e com quem mais aprova em Concursos P\u00fablicos em todo o pa\u00eds. Assine agora a nossa Assinatura Anual e tenha acesso ilimitado* a todos os nossos cursos.<\/em><\/p>\n\n\n\n<p class=\"has-background has-text-align-center has-medium-font-size has-light-green-cyan-background-color\"><strong>ASSINE AGORA<\/strong>&nbsp;\u2013&nbsp;<a rel=\"noreferrer noopener\" href=\"https:\/\/www.estrategiaconcursos.com.br\/assinaturas\/\" target=\"_blank\"><strong>Assinatura Ilimitada<\/strong><\/a><\/p>\n\n\n\n<p class=\"has-background has-text-align-center has-medium-font-size has-pale-cyan-blue-background-color\"><strong><a href=\"https:\/\/www.estrategiaconcursos.com.br\/blog\/concursos-abertos\/\">CONCURSOS ABERTOS<\/a><\/strong><\/p>\n\n\n\n<p class=\"has-background has-text-align-center has-medium-font-size has-pale-cyan-blue-background-color\"><a href=\"https:\/\/www.estrategiaconcursos.com.br\/blog\/concursos-2020\/\"><strong>CONCURSOS<\/strong><\/a><strong><a href=\"https:\/\/www.estrategiaconcursos.com.br\/blog\/concursos-2020\/\">&nbsp;2020<\/a><\/strong><\/p>\n\n\n\n<h2 class=\"wp-block-heading\" id=\"ficha\">Ficha t\u00e9cnica e editais do Concurso AMS Itapecerica<\/h2>\n\n\n\n<figure class=\"wp-block-image\"><img loading=\"lazy\" decoding=\"async\" width=\"300\" height=\"102\" src=\"https:\/\/dhg1h5j42swfq.cloudfront.net\/2019\/05\/29143052\/coruja-ficha-tecnica-300x1025.png\" alt=\"Ficha T\u00e9cnica concurso PCDF\" class=\"wp-image-380136\"\/><\/figure>\n\n\n\n<h3 class=\"wp-block-heading\" id=\"ficha\"><strong>Informa\u00e7\u00f5es do Edital 01\/2020<\/strong><\/h3>\n\n\n\n<p>\u25ba<strong>Data prevista<\/strong>&nbsp;<strong>da prova:&nbsp;<\/strong>15\/03\/2020<br \/>\u25ba<strong>Vagas<\/strong>: 48<br \/>\u25ba<strong>Cargos<\/strong>: Diversos cargos<br \/>\u25ba<strong>Banca<\/strong>: RBO Concursos<br \/>\u25ba<strong>Escolaridade<\/strong>: N\u00edvel fundamental, m\u00e9dio e superior<br \/>\u25ba<strong>Edital<\/strong>:&nbsp;<a href=\"https:\/\/dhg1h5j42swfq.cloudfront.net\/2020\/02\/10172900\/edital_concurso_ams_Itapecerica_da_Serra_sp_2020_varios_cargos.pdf\" target=\"_blank\" rel=\"noreferrer noopener\" aria-label=\"Edital 01 (abre numa nova aba)\">Edital 01<\/a><\/p>\n\n\n\n<h3 class=\"wp-block-heading\" id=\"ficha\"><strong>Informa\u00e7\u00f5es do Edital 02\/2020<\/strong><\/h3>\n\n\n\n<p>\u25ba<strong>Data prevista da prova: <\/strong>15\/03\/2020<br \/>\u25ba<strong>Vagas<\/strong>: 76<br \/>\u25ba<strong>Cargos<\/strong>: Agente Comunit\u00e1rio de Sa\u00fade  <br \/>\u25ba<strong>Banca<\/strong>: RBO Concursos<br \/>\u25ba<strong>Escolaridade<\/strong>: N\u00edvel m\u00e9dio<br \/>\u25ba<strong>\u00daltimo<\/strong>&nbsp;<strong>edital<\/strong>:&nbsp;<a href=\"https:\/\/dhg1h5j42swfq.cloudfront.net\/2020\/02\/10172747\/edital_concurso_ams_Itapecerica_da_Serra_sp_2020_agente_comunitario.pdf\" target=\"_blank\" rel=\"noreferrer noopener\" aria-label=\"Edital 02 (abre numa nova aba)\">Edital 02<\/a><\/p>\n","protected":false},"excerpt":{"rendered":"<p>As inscri\u00e7\u00f5es para o concurso AMS Itapecerica SP (Autarquia Municipal de Sa\u00fade de Itapecerica da Serra), munic\u00edpio localizado no estado de S\u00e3o Paulo, est\u00e3o encerradas. Os dois editais ofertam, no total, 124 vagas, para cargos de n\u00edvel fundamental, m\u00e9dio e superior. A RBO Concursos (RBO Assessoria P\u00fablica e Projetos Municipais Ltda) \u00e9 a empresa respons\u00e1vel [&hellip;]<\/p>\n","protected":false},"author":657,"featured_media":0,"comment_status":"open","ping_status":"closed","sticky":false,"template":"","format":"standard","meta":{"post_tipo":"article","footnotes":""},"categories":[1],"tags":[],"tax_estado":[],"class_list":["post-479955","post","type-post","status-publish","format-standard","hentry","category-cursos-e-concursos"],"acf":[],"yoast_head":"<!-- This site is optimized with the Yoast SEO Premium plugin v27.2 (Yoast SEO v27.2) - https:\/\/yoast.com\/product\/yoast-seo-premium-wordpress\/ -->\n<title>Concurso AMS Itapecerica SP: inscri\u00e7\u00f5es encerradas!<\/title>\n<meta name=\"description\" content=\"Os editais do concurso AMS Itapecerica foram publicados! 124 oportunidades s\u00e3o ofertadas para cargos de todos os n\u00edveis. Confira no site!\" \/>\n<meta name=\"robots\" content=\"index, follow, max-snippet:-1, max-image-preview:large, max-video-preview:-1\" \/>\n<link rel=\"canonical\" href=\"https:\/\/www.estrategiaconcursos.com.br\/blog\/concurso-ams-itapecerica\/\" \/>\n<meta property=\"og:locale\" content=\"pt_BR\" \/>\n<meta property=\"og:type\" content=\"article\" \/>\n<meta property=\"og:title\" content=\"Concurso AMS Itapecerica SP: inscri\u00e7\u00f5es encerradas!\" \/>\n<meta property=\"og:description\" content=\"Os editais do concurso AMS Itapecerica foram publicados! 124 oportunidades s\u00e3o ofertadas para cargos de todos os n\u00edveis. Confira no site!\" \/>\n<meta property=\"og:url\" content=\"https:\/\/www.estrategiaconcursos.com.br\/blog\/concurso-ams-itapecerica\/\" \/>\n<meta property=\"og:site_name\" content=\"Estrat\u00e9gia Concursos\" \/>\n<meta property=\"article:published_time\" content=\"2020-02-15T09:00:00+00:00\" \/>\n<meta property=\"article:modified_time\" content=\"2020-02-15T10:53:25+00:00\" \/>\n<meta property=\"og:image\" content=\"https:\/\/www.estrategiaconcursos.com.br\/blog\/wp-content\/uploads\/2020\/02\/image-47.png\" \/>\n<meta name=\"author\" content=\"Nat\u00e1lia Scarano\" \/>\n<meta name=\"twitter:card\" content=\"summary_large_image\" \/>\n<meta name=\"twitter:creator\" content=\"@EstratConcursos\" \/>\n<meta name=\"twitter:site\" content=\"@EstratConcursos\" \/>\n<meta name=\"twitter:label1\" content=\"Escrito por\" \/>\n\t<meta name=\"twitter:data1\" content=\"Nat\u00e1lia Scarano\" \/>\n\t<meta name=\"twitter:label2\" content=\"Est. tempo de leitura\" \/>\n\t<meta name=\"twitter:data2\" content=\"8 minutos\" \/>\n<script type=\"application\/ld+json\" class=\"yoast-schema-graph\">{\"@context\":\"https:\/\/schema.org\",\"@graph\":[{\"@type\":\"NewsArticle\",\"@id\":\"https:\/\/www.estrategiaconcursos.com.br\/blog\/concurso-ams-itapecerica\/#article\",\"isPartOf\":{\"@id\":\"https:\/\/www.estrategiaconcursos.com.br\/blog\/concurso-ams-itapecerica\/\"},\"author\":{\"name\":\"Nat\u00e1lia Scarano\",\"@id\":\"https:\/\/www.estrategiaconcursos.com.br\/blog\/#\/schema\/person\/751aedf909a9d10cb23ce6ac527ce0f2\"},\"headline\":\"Concurso AMS Itapecerica SP: inscri\u00e7\u00f5es encerradas!\",\"datePublished\":\"2020-02-15T09:00:00+00:00\",\"dateModified\":\"2020-02-15T10:53:25+00:00\",\"mainEntityOfPage\":{\"@id\":\"https:\/\/www.estrategiaconcursos.com.br\/blog\/concurso-ams-itapecerica\/\"},\"wordCount\":1557,\"commentCount\":0,\"publisher\":{\"@id\":\"https:\/\/www.estrategiaconcursos.com.br\/blog\/#organization\"},\"image\":{\"@id\":\"https:\/\/www.estrategiaconcursos.com.br\/blog\/concurso-ams-itapecerica\/#primaryimage\"},\"thumbnailUrl\":\"https:\/\/www.estrategiaconcursos.com.br\/blog\/wp-content\/uploads\/2020\/02\/image-47.png\",\"articleSection\":[\"Concursos P\u00fablicos\"],\"inLanguage\":\"pt-BR\",\"potentialAction\":[{\"@type\":\"CommentAction\",\"name\":\"Comment\",\"target\":[\"https:\/\/www.estrategiaconcursos.com.br\/blog\/concurso-ams-itapecerica\/#respond\"]}],\"copyrightYear\":\"2020\",\"copyrightHolder\":{\"@id\":\"https:\/\/www.estrategiaconcursos.com.br\/blog\/#organization\"}},{\"@type\":\"WebPage\",\"@id\":\"https:\/\/www.estrategiaconcursos.com.br\/blog\/concurso-ams-itapecerica\/\",\"url\":\"https:\/\/www.estrategiaconcursos.com.br\/blog\/concurso-ams-itapecerica\/\",\"name\":\"Concurso AMS Itapecerica SP: inscri\u00e7\u00f5es encerradas!\",\"isPartOf\":{\"@id\":\"https:\/\/www.estrategiaconcursos.com.br\/blog\/#website\"},\"primaryImageOfPage\":{\"@id\":\"https:\/\/www.estrategiaconcursos.com.br\/blog\/concurso-ams-itapecerica\/#primaryimage\"},\"image\":{\"@id\":\"https:\/\/www.estrategiaconcursos.com.br\/blog\/concurso-ams-itapecerica\/#primaryimage\"},\"thumbnailUrl\":\"https:\/\/www.estrategiaconcursos.com.br\/blog\/wp-content\/uploads\/2020\/02\/image-47.png\",\"datePublished\":\"2020-02-15T09:00:00+00:00\",\"dateModified\":\"2020-02-15T10:53:25+00:00\",\"description\":\"Os editais do concurso AMS Itapecerica foram publicados! 124 oportunidades s\u00e3o ofertadas para cargos de todos os n\u00edveis. Confira no site!\",\"breadcrumb\":{\"@id\":\"https:\/\/www.estrategiaconcursos.com.br\/blog\/concurso-ams-itapecerica\/#breadcrumb\"},\"inLanguage\":\"pt-BR\",\"potentialAction\":[{\"@type\":\"ReadAction\",\"target\":[\"https:\/\/www.estrategiaconcursos.com.br\/blog\/concurso-ams-itapecerica\/\"]}]},{\"@type\":\"ImageObject\",\"inLanguage\":\"pt-BR\",\"@id\":\"https:\/\/www.estrategiaconcursos.com.br\/blog\/concurso-ams-itapecerica\/#primaryimage\",\"url\":\"https:\/\/dhg1h5j42swfq.cloudfront.net\/2020\/02\/10172030\/image-47.png\",\"contentUrl\":\"https:\/\/dhg1h5j42swfq.cloudfront.net\/2020\/02\/10172030\/image-47.png\",\"width\":881,\"height\":382},{\"@type\":\"BreadcrumbList\",\"@id\":\"https:\/\/www.estrategiaconcursos.com.br\/blog\/concurso-ams-itapecerica\/#breadcrumb\",\"itemListElement\":[{\"@type\":\"ListItem\",\"position\":1,\"name\":\"In\u00edcio\",\"item\":\"https:\/\/www.estrategiaconcursos.com.br\/blog\/\"},{\"@type\":\"ListItem\",\"position\":2,\"name\":\"Concurso AMS Itapecerica SP: inscri\u00e7\u00f5es encerradas!\"}]},{\"@type\":\"WebSite\",\"@id\":\"https:\/\/www.estrategiaconcursos.com.br\/blog\/#website\",\"url\":\"https:\/\/www.estrategiaconcursos.com.br\/blog\/\",\"name\":\"Estrat\u00e9gia Concursos\",\"description\":\"O blog da Estrat\u00e9gia Concursos traz not\u00edcias sobre concursos e artigos de professores oferecendo cursos para concursos (pdf + videaulas) no site.\",\"publisher\":{\"@id\":\"https:\/\/www.estrategiaconcursos.com.br\/blog\/#organization\"},\"potentialAction\":[{\"@type\":\"SearchAction\",\"target\":{\"@type\":\"EntryPoint\",\"urlTemplate\":\"https:\/\/www.estrategiaconcursos.com.br\/blog\/?s={search_term_string}\"},\"query-input\":{\"@type\":\"PropertyValueSpecification\",\"valueRequired\":true,\"valueName\":\"search_term_string\"}}],\"inLanguage\":\"pt-BR\"},{\"@type\":\"Organization\",\"@id\":\"https:\/\/www.estrategiaconcursos.com.br\/blog\/#organization\",\"name\":\"Estrat\u00e9gia Concursos\",\"url\":\"https:\/\/www.estrategiaconcursos.com.br\/blog\/\",\"logo\":{\"@type\":\"ImageObject\",\"inLanguage\":\"pt-BR\",\"@id\":\"https:\/\/www.estrategiaconcursos.com.br\/blog\/#\/schema\/logo\/image\/\",\"url\":\"https:\/\/dhg1h5j42swfq.cloudfront.net\/2025\/06\/03203428\/logo_concursos-1.jpg\",\"contentUrl\":\"https:\/\/dhg1h5j42swfq.cloudfront.net\/2025\/06\/03203428\/logo_concursos-1.jpg\",\"width\":230,\"height\":60,\"caption\":\"Estrat\u00e9gia Concursos\"},\"image\":{\"@id\":\"https:\/\/www.estrategiaconcursos.com.br\/blog\/#\/schema\/logo\/image\/\"},\"sameAs\":[\"https:\/\/x.com\/EstratConcursos\"]},{\"@type\":\"Person\",\"@id\":\"https:\/\/www.estrategiaconcursos.com.br\/blog\/#\/schema\/person\/751aedf909a9d10cb23ce6ac527ce0f2\",\"name\":\"Nat\u00e1lia Scarano\",\"image\":{\"@type\":\"ImageObject\",\"inLanguage\":\"pt-BR\",\"@id\":\"https:\/\/secure.gravatar.com\/avatar\/8a889b8db3dbd227a1a78627357ec8fe64f5e99189d1889a270127828ab372ac?s=96&d=mm&r=g\",\"url\":\"https:\/\/secure.gravatar.com\/avatar\/8a889b8db3dbd227a1a78627357ec8fe64f5e99189d1889a270127828ab372ac?s=96&d=mm&r=g\",\"contentUrl\":\"https:\/\/secure.gravatar.com\/avatar\/8a889b8db3dbd227a1a78627357ec8fe64f5e99189d1889a270127828ab372ac?s=96&d=mm&r=g\",\"caption\":\"Nat\u00e1lia Scarano\"},\"description\":\"Jornalista, formada e p\u00f3s graduada pelo IESB, faz parte do time de jornalistas do Estrat\u00e9gia desde 2017. Possui familiaridade com as \u00e1reas de Tribunais, Defensorias, Procuradorias, Minist\u00e9rios P\u00fablicos, Conselhos, Educa\u00e7\u00e3o, \u00c1rea de Seguran\u00e7a, concursos de Carreiras Jur\u00eddicas e OAB. Experi\u00eancia em marketing digital, assessoria de comunica\u00e7\u00e3o e institucional na \u00e1rea privada e p\u00fablica, com atua\u00e7\u00e3o em \u00f3rg\u00e3os como CGU, Cofen e CNM.\",\"url\":\"https:\/\/www.estrategiaconcursos.com.br\/blog\/author\/natalia-scaranoestrategiaconcursos-com-br\/\"}]}<\/script>\n<!-- \/ Yoast SEO Premium plugin. -->","yoast_head_json":{"title":"Concurso AMS Itapecerica SP: inscri\u00e7\u00f5es encerradas!","description":"Os editais do concurso AMS Itapecerica foram publicados! 124 oportunidades s\u00e3o ofertadas para cargos de todos os n\u00edveis. Confira no site!","robots":{"index":"index","follow":"follow","max-snippet":"max-snippet:-1","max-image-preview":"max-image-preview:large","max-video-preview":"max-video-preview:-1"},"canonical":"https:\/\/www.estrategiaconcursos.com.br\/blog\/concurso-ams-itapecerica\/","og_locale":"pt_BR","og_type":"article","og_title":"Concurso AMS Itapecerica SP: inscri\u00e7\u00f5es encerradas!","og_description":"Os editais do concurso AMS Itapecerica foram publicados! 124 oportunidades s\u00e3o ofertadas para cargos de todos os n\u00edveis. Confira no site!","og_url":"https:\/\/www.estrategiaconcursos.com.br\/blog\/concurso-ams-itapecerica\/","og_site_name":"Estrat\u00e9gia Concursos","article_published_time":"2020-02-15T09:00:00+00:00","article_modified_time":"2020-02-15T10:53:25+00:00","og_image":[{"url":"https:\/\/www.estrategiaconcursos.com.br\/blog\/wp-content\/uploads\/2020\/02\/image-47.png","type":"","width":"","height":""}],"author":"Nat\u00e1lia Scarano","twitter_card":"summary_large_image","twitter_creator":"@EstratConcursos","twitter_site":"@EstratConcursos","twitter_misc":{"Escrito por":"Nat\u00e1lia Scarano","Est. tempo de leitura":"8 minutos"},"schema":{"@context":"https:\/\/schema.org","@graph":[{"@type":"NewsArticle","@id":"https:\/\/www.estrategiaconcursos.com.br\/blog\/concurso-ams-itapecerica\/#article","isPartOf":{"@id":"https:\/\/www.estrategiaconcursos.com.br\/blog\/concurso-ams-itapecerica\/"},"author":{"name":"Nat\u00e1lia Scarano","@id":"https:\/\/www.estrategiaconcursos.com.br\/blog\/#\/schema\/person\/751aedf909a9d10cb23ce6ac527ce0f2"},"headline":"Concurso AMS Itapecerica SP: inscri\u00e7\u00f5es encerradas!","datePublished":"2020-02-15T09:00:00+00:00","dateModified":"2020-02-15T10:53:25+00:00","mainEntityOfPage":{"@id":"https:\/\/www.estrategiaconcursos.com.br\/blog\/concurso-ams-itapecerica\/"},"wordCount":1557,"commentCount":0,"publisher":{"@id":"https:\/\/www.estrategiaconcursos.com.br\/blog\/#organization"},"image":{"@id":"https:\/\/www.estrategiaconcursos.com.br\/blog\/concurso-ams-itapecerica\/#primaryimage"},"thumbnailUrl":"https:\/\/www.estrategiaconcursos.com.br\/blog\/wp-content\/uploads\/2020\/02\/image-47.png","articleSection":["Concursos P\u00fablicos"],"inLanguage":"pt-BR","potentialAction":[{"@type":"CommentAction","name":"Comment","target":["https:\/\/www.estrategiaconcursos.com.br\/blog\/concurso-ams-itapecerica\/#respond"]}],"copyrightYear":"2020","copyrightHolder":{"@id":"https:\/\/www.estrategiaconcursos.com.br\/blog\/#organization"}},{"@type":"WebPage","@id":"https:\/\/www.estrategiaconcursos.com.br\/blog\/concurso-ams-itapecerica\/","url":"https:\/\/www.estrategiaconcursos.com.br\/blog\/concurso-ams-itapecerica\/","name":"Concurso AMS Itapecerica SP: inscri\u00e7\u00f5es encerradas!","isPartOf":{"@id":"https:\/\/www.estrategiaconcursos.com.br\/blog\/#website"},"primaryImageOfPage":{"@id":"https:\/\/www.estrategiaconcursos.com.br\/blog\/concurso-ams-itapecerica\/#primaryimage"},"image":{"@id":"https:\/\/www.estrategiaconcursos.com.br\/blog\/concurso-ams-itapecerica\/#primaryimage"},"thumbnailUrl":"https:\/\/www.estrategiaconcursos.com.br\/blog\/wp-content\/uploads\/2020\/02\/image-47.png","datePublished":"2020-02-15T09:00:00+00:00","dateModified":"2020-02-15T10:53:25+00:00","description":"Os editais do concurso AMS Itapecerica foram publicados! 124 oportunidades s\u00e3o ofertadas para cargos de todos os n\u00edveis. Confira no site!","breadcrumb":{"@id":"https:\/\/www.estrategiaconcursos.com.br\/blog\/concurso-ams-itapecerica\/#breadcrumb"},"inLanguage":"pt-BR","potentialAction":[{"@type":"ReadAction","target":["https:\/\/www.estrategiaconcursos.com.br\/blog\/concurso-ams-itapecerica\/"]}]},{"@type":"ImageObject","inLanguage":"pt-BR","@id":"https:\/\/www.estrategiaconcursos.com.br\/blog\/concurso-ams-itapecerica\/#primaryimage","url":"https:\/\/dhg1h5j42swfq.cloudfront.net\/2020\/02\/10172030\/image-47.png","contentUrl":"https:\/\/dhg1h5j42swfq.cloudfront.net\/2020\/02\/10172030\/image-47.png","width":881,"height":382},{"@type":"BreadcrumbList","@id":"https:\/\/www.estrategiaconcursos.com.br\/blog\/concurso-ams-itapecerica\/#breadcrumb","itemListElement":[{"@type":"ListItem","position":1,"name":"In\u00edcio","item":"https:\/\/www.estrategiaconcursos.com.br\/blog\/"},{"@type":"ListItem","position":2,"name":"Concurso AMS Itapecerica SP: inscri\u00e7\u00f5es encerradas!"}]},{"@type":"WebSite","@id":"https:\/\/www.estrategiaconcursos.com.br\/blog\/#website","url":"https:\/\/www.estrategiaconcursos.com.br\/blog\/","name":"Estrat\u00e9gia Concursos","description":"O blog da Estrat\u00e9gia Concursos traz not\u00edcias sobre concursos e artigos de professores oferecendo cursos para concursos (pdf + videaulas) no site.","publisher":{"@id":"https:\/\/www.estrategiaconcursos.com.br\/blog\/#organization"},"potentialAction":[{"@type":"SearchAction","target":{"@type":"EntryPoint","urlTemplate":"https:\/\/www.estrategiaconcursos.com.br\/blog\/?s={search_term_string}"},"query-input":{"@type":"PropertyValueSpecification","valueRequired":true,"valueName":"search_term_string"}}],"inLanguage":"pt-BR"},{"@type":"Organization","@id":"https:\/\/www.estrategiaconcursos.com.br\/blog\/#organization","name":"Estrat\u00e9gia Concursos","url":"https:\/\/www.estrategiaconcursos.com.br\/blog\/","logo":{"@type":"ImageObject","inLanguage":"pt-BR","@id":"https:\/\/www.estrategiaconcursos.com.br\/blog\/#\/schema\/logo\/image\/","url":"https:\/\/dhg1h5j42swfq.cloudfront.net\/2025\/06\/03203428\/logo_concursos-1.jpg","contentUrl":"https:\/\/dhg1h5j42swfq.cloudfront.net\/2025\/06\/03203428\/logo_concursos-1.jpg","width":230,"height":60,"caption":"Estrat\u00e9gia Concursos"},"image":{"@id":"https:\/\/www.estrategiaconcursos.com.br\/blog\/#\/schema\/logo\/image\/"},"sameAs":["https:\/\/x.com\/EstratConcursos"]},{"@type":"Person","@id":"https:\/\/www.estrategiaconcursos.com.br\/blog\/#\/schema\/person\/751aedf909a9d10cb23ce6ac527ce0f2","name":"Nat\u00e1lia Scarano","image":{"@type":"ImageObject","inLanguage":"pt-BR","@id":"https:\/\/secure.gravatar.com\/avatar\/8a889b8db3dbd227a1a78627357ec8fe64f5e99189d1889a270127828ab372ac?s=96&d=mm&r=g","url":"https:\/\/secure.gravatar.com\/avatar\/8a889b8db3dbd227a1a78627357ec8fe64f5e99189d1889a270127828ab372ac?s=96&d=mm&r=g","contentUrl":"https:\/\/secure.gravatar.com\/avatar\/8a889b8db3dbd227a1a78627357ec8fe64f5e99189d1889a270127828ab372ac?s=96&d=mm&r=g","caption":"Nat\u00e1lia Scarano"},"description":"Jornalista, formada e p\u00f3s graduada pelo IESB, faz parte do time de jornalistas do Estrat\u00e9gia desde 2017. Possui familiaridade com as \u00e1reas de Tribunais, Defensorias, Procuradorias, Minist\u00e9rios P\u00fablicos, Conselhos, Educa\u00e7\u00e3o, \u00c1rea de Seguran\u00e7a, concursos de Carreiras Jur\u00eddicas e OAB. Experi\u00eancia em marketing digital, assessoria de comunica\u00e7\u00e3o e institucional na \u00e1rea privada e p\u00fablica, com atua\u00e7\u00e3o em \u00f3rg\u00e3os como CGU, Cofen e CNM.","url":"https:\/\/www.estrategiaconcursos.com.br\/blog\/author\/natalia-scaranoestrategiaconcursos-com-br\/"}]}},"_links":{"self":[{"href":"https:\/\/www.estrategiaconcursos.com.br\/blog\/wp-json\/wp\/v2\/posts\/479955","targetHints":{"allow":["GET"]}}],"collection":[{"href":"https:\/\/www.estrategiaconcursos.com.br\/blog\/wp-json\/wp\/v2\/posts"}],"about":[{"href":"https:\/\/www.estrategiaconcursos.com.br\/blog\/wp-json\/wp\/v2\/types\/post"}],"author":[{"embeddable":true,"href":"https:\/\/www.estrategiaconcursos.com.br\/blog\/wp-json\/wp\/v2\/users\/657"}],"replies":[{"embeddable":true,"href":"https:\/\/www.estrategiaconcursos.com.br\/blog\/wp-json\/wp\/v2\/comments?post=479955"}],"version-history":[{"count":6,"href":"https:\/\/www.estrategiaconcursos.com.br\/blog\/wp-json\/wp\/v2\/posts\/479955\/revisions"}],"predecessor-version":[{"id":482221,"href":"https:\/\/www.estrategiaconcursos.com.br\/blog\/wp-json\/wp\/v2\/posts\/479955\/revisions\/482221"}],"wp:attachment":[{"href":"https:\/\/www.estrategiaconcursos.com.br\/blog\/wp-json\/wp\/v2\/media?parent=479955"}],"wp:term":[{"taxonomy":"category","embeddable":true,"href":"https:\/\/www.estrategiaconcursos.com.br\/blog\/wp-json\/wp\/v2\/categories?post=479955"},{"taxonomy":"post_tag","embeddable":true,"href":"https:\/\/www.estrategiaconcursos.com.br\/blog\/wp-json\/wp\/v2\/tags?post=479955"},{"taxonomy":"tax_estado","embeddable":true,"href":"https:\/\/www.estrategiaconcursos.com.br\/blog\/wp-json\/wp\/v2\/tax_estado?post=479955"}],"curies":[{"name":"wp","href":"https:\/\/api.w.org\/{rel}","templated":true}]}}