{"id":479513,"date":"2020-02-08T11:57:18","date_gmt":"2020-02-08T14:57:18","guid":{"rendered":"https:\/\/www.estrategiaconcursos.com.br\/blog\/?p=479513"},"modified":"2020-02-08T11:57:21","modified_gmt":"2020-02-08T14:57:21","slug":"unipampa-rs-orgao-exclui-um-cargo-e-prorroga-inscricoes-para-o-certame","status":"publish","type":"post","link":"https:\/\/www.estrategiaconcursos.com.br\/blog\/unipampa-rs-orgao-exclui-um-cargo-e-prorroga-inscricoes-para-o-certame\/","title":{"rendered":"Unipampa RS: \u00f3rg\u00e3o exclui um cargo e PRORROGA inscri\u00e7\u00f5es para o certame"},"content":{"rendered":"\n<p>Em novo edital publicado na sexta-feira, 07 de fevereiro, a Universidade Federal do Pampa &#8211; Unipampa retificou o edital de abertura do concurso Unipampa RS, excluindo o cargo de Tecn\u00f3logo\/forma\u00e7\u00e3o: Gestor P\u00fablico, e passando, ent\u00e3o, a ofertar <strong>08 vagas<\/strong> e n\u00e3o mais 09, como previsto antes. <\/p>\n\n\n\n<p>Devido \u00e0 exclus\u00e3o do cargo, os candidatos que j\u00e1 tinham se inscrito para ele at\u00e9 a data da retifica\u00e7\u00e3o dever\u00e3o solicitar a devolu\u00e7\u00e3o da taxa de inscri\u00e7\u00e3o no site da banca, entre os dias 07 e 17 de fevereiro. Leia a retifica\u00e7\u00e3o na \u00edntegra: <\/p>\n\n\n\n<p style=\"font-size:23px\" class=\"has-background has-text-align-center has-very-light-gray-background-color\"><a rel=\"noreferrer noopener\" href=\"https:\/\/dhg1h5j42swfq.cloudfront.net\/2020\/02\/08110403\/556_Edital_Retificativo_Rev4.pdf\" target=\"_blank\">Retifica\u00e7\u00e3o_Unipampa_2020<\/a>  <\/p>\n\n\n\n<p>As inscri\u00e7\u00f5es para os demais cargos tamb\u00e9m foram <em><strong>prorrogadas at\u00e9 o dia 17 de fevereiro<\/strong><\/em> e o pagamento do valor da taxa at\u00e9 o dia 18 de fevereiro. O cargo exclu\u00eddo fazia parte do grupo de cargos de n\u00edvel superior e a estrutura de oferta de vagas passa ent\u00e3o a ficar assim: <\/p>\n\n\n\n<h3 class=\"wp-block-heading\">N\u00edvel M\u00e9dio <\/h3>\n\n\n\n<p><\/p>\n\n\n\n<figure class=\"wp-block-table is-style-stripes\"><table class=\"has-subtle-pale-blue-background-color has-fixed-layout has-background\"><tbody><tr><td><strong>Cargos <\/strong><\/td><td><strong>Vagas <\/strong><\/td><td><strong>Remunera\u00e7\u00e3o <\/strong><\/td><td><strong>Jornada<\/strong> <\/td><td><strong>Lota\u00e7\u00e3o<\/strong><\/td><\/tr><tr><td>T\u00e9cnico de Laborat\u00f3rio\/\u00e1rea: Biologia <\/td><td>01<\/td><td> R$ 2.446,96 <\/td><td>40 horas<\/td><td>Uruguaiana<\/td><\/tr><tr><td>T\u00e9cnico de Laborat\u00f3rio\/\u00e1rea: Mec\u00e2nica <\/td><td>01<\/td><td> R$ 2.446,96 <\/td><td>40 horas<\/td><td>Alegrete<\/td><\/tr><\/tbody><\/table><\/figure>\n\n\n\n<h3 class=\"wp-block-heading\">N\u00edvel Superior <\/h3>\n\n\n\n<p><\/p>\n\n\n\n<figure class=\"wp-block-table is-style-stripes\"><table class=\"has-subtle-pale-blue-background-color has-fixed-layout has-background\"><tbody><tr><td><strong>Cargos <\/strong><\/td><td><strong>Vagas <\/strong><\/td><td><strong>Remunera\u00e7\u00e3o <\/strong><\/td><td><strong>Jornada<\/strong> <\/td><td><strong>Lota\u00e7\u00e3o<\/strong><\/td><\/tr><tr><td> Arquivista <\/td><td>01<\/td><td> R$ 4.180,66 <\/td><td>40 horas<\/td><td>Bag\u00e9<\/td><\/tr><tr><td> M\u00e9dico\/\u00e1rea: Cl\u00ednico Geral <\/td><td>04 <br \/>(01 para negros)<\/td><td> R$ 4.180,66 <\/td><td>20 horas<\/td><td>Uruguaiana <\/td><\/tr><tr><td> M\u00e9dico\/\u00e1rea: Psiquiatria <\/td><td>01<\/td><td> R$ 4.180,66 <\/td><td> 20 horas <\/td><td> Bag\u00e9 <\/td><\/tr><\/tbody><\/table><\/figure>\n\n\n\n<p>Se voc\u00ea ainda n\u00e3o se inscreveu para o concurso, aproveite a prorroga\u00e7\u00e3o das inscri\u00e7\u00f5es e n\u00e3o perca a chance de testar seus conhecimentos rumo \u00e0 realiza\u00e7\u00e3o de seus sonhos!<\/p>\n\n\n\n<p style=\"font-size:23px\" class=\"has-background has-text-align-center has-cyan-bluish-gray-background-color\"><strong><em>Mais informa\u00e7\u00f5es<\/em>: <a rel=\"noreferrer noopener\" aria-label=\"Concurso Unipampa  (abre numa nova aba)\" href=\"https:\/\/www.estrategiaconcursos.com.br\/blog\/concurso-unipampa\" target=\"_blank\">Concurso Unipampa<\/a><\/strong><\/p>\n\n\n\n<h2 class=\"has-text-align-center wp-block-heading\" id=\"cursos-assinatura\"><strong>Quer estudar para o Concurso <\/strong>UNIPAMPA?<\/h2>\n\n\n\n<p class=\"has-text-align-center\"><em>Gostou dessa oportunidade e deseja se preparar para este concurso? Confira abaixo nosso curso exclusivo e inicie agora mesmo seus estudos:<\/em><\/p>\n\n\n\n<p style=\"font-size:23px\" class=\"has-background has-text-align-center has-luminous-vivid-amber-background-color\"><a href=\"https:\/\/www.estrategiaconcursos.com.br\/cursos\/concurso\/\">CURSO PARA CONCURSO<\/a><\/p>\n\n\n\n<p class=\"has-text-align-center\"><em><strong>Assinatura Anual Ilimitada*<\/strong><\/em><\/p>\n\n\n\n<p class=\"has-text-align-center\"><em>Prepare-se com o melhor material e com quem mais aprova em Concursos P\u00fablicos em todo o pa\u00eds. Assine agora a nossa Assinatura Anual e tenha acesso ilimitado a todos os nossos cursos.<\/em><\/p>\n\n\n\n<p style=\"font-size:23px\" class=\"has-background has-text-align-center has-light-green-cyan-background-color\"><strong>ASSINE AGORA<\/strong>&nbsp;\u2013&nbsp;<a rel=\"noreferrer noopener\" href=\"https:\/\/www.estrategiaconcursos.com.br\/assinaturas\" target=\"_blank\"><strong>Assinatura Ilimitada<\/strong><\/a><\/p>\n\n\n\n<p class=\"has-text-align-center\"><em><strong>Fique por dentro de todos os concursos<\/strong><\/em>:<\/p>\n\n\n\n<p style=\"font-size:23px\" class=\"has-background has-text-align-center has-pale-cyan-blue-background-color\"><a rel=\"noreferrer noopener\" href=\"https:\/\/www.estrategiaconcursos.com.br\/blog\/concursos-abertos\/\" target=\"_blank\"><strong>Concursos abertos<\/strong><\/a><\/p>\n\n\n\n<p style=\"font-size:23px\" class=\"has-background has-text-align-center has-pale-cyan-blue-background-color\"><a rel=\"noreferrer noopener\" href=\"https:\/\/www.estrategiaconcursos.com.br\/blog\/concursos-2020\/\" target=\"_blank\"><strong>Concursos 2020<\/strong><\/a><\/p>\n","protected":false},"excerpt":{"rendered":"<p>Em novo edital publicado na sexta-feira, 07 de fevereiro, a Universidade Federal do Pampa &#8211; Unipampa retificou o edital de abertura do concurso Unipampa RS, excluindo o cargo de Tecn\u00f3logo\/forma\u00e7\u00e3o: Gestor P\u00fablico, e passando, ent\u00e3o, a ofertar 08 vagas e n\u00e3o mais 09, como previsto antes. Devido \u00e0 exclus\u00e3o do cargo, os candidatos que j\u00e1 [&hellip;]<\/p>\n","protected":false},"author":317,"featured_media":479574,"comment_status":"open","ping_status":"closed","sticky":false,"template":"","format":"standard","meta":{"post_tipo":"article","footnotes":""},"categories":[1],"tags":[],"tax_estado":[],"class_list":["post-479513","post","type-post","status-publish","format-standard","has-post-thumbnail","hentry","category-cursos-e-concursos"],"acf":[],"yoast_head":"<!-- This site is optimized with the Yoast SEO Premium plugin v27.2 (Yoast SEO v27.2) - https:\/\/yoast.com\/product\/yoast-seo-premium-wordpress\/ -->\n<title>Unipampa RS: \u00f3rg\u00e3o exclui um cargo e PRORROGA inscri\u00e7\u00f5es para o certame<\/title>\n<meta name=\"robots\" content=\"index, follow, max-snippet:-1, max-image-preview:large, max-video-preview:-1\" \/>\n<link rel=\"canonical\" href=\"https:\/\/www.estrategiaconcursos.com.br\/blog\/unipampa-rs-orgao-exclui-um-cargo-e-prorroga-inscricoes-para-o-certame\/\" \/>\n<meta property=\"og:locale\" content=\"pt_BR\" \/>\n<meta property=\"og:type\" content=\"article\" \/>\n<meta property=\"og:title\" content=\"Unipampa RS: \u00f3rg\u00e3o exclui um cargo e PRORROGA inscri\u00e7\u00f5es para o certame\" \/>\n<meta property=\"og:description\" content=\"Em novo edital publicado na sexta-feira, 07 de fevereiro, a Universidade Federal do Pampa &#8211; Unipampa retificou o edital de abertura do concurso Unipampa RS, excluindo o cargo de Tecn\u00f3logo\/forma\u00e7\u00e3o: Gestor P\u00fablico, e passando, ent\u00e3o, a ofertar 08 vagas e n\u00e3o mais 09, como previsto antes. Devido \u00e0 exclus\u00e3o do cargo, os candidatos que j\u00e1 [&hellip;]\" \/>\n<meta property=\"og:url\" content=\"https:\/\/www.estrategiaconcursos.com.br\/blog\/unipampa-rs-orgao-exclui-um-cargo-e-prorroga-inscricoes-para-o-certame\/\" \/>\n<meta property=\"og:site_name\" content=\"Estrat\u00e9gia Concursos\" \/>\n<meta property=\"article:author\" content=\"https:\/\/www.facebook.com\/igor.maciel.1420\" \/>\n<meta property=\"article:published_time\" content=\"2020-02-08T14:57:18+00:00\" \/>\n<meta property=\"article:modified_time\" content=\"2020-02-08T14:57:21+00:00\" \/>\n<meta property=\"og:image\" content=\"https:\/\/dhg1h5j42swfq.cloudfront.net\/2020\/01\/08111356\/Unipampa-RS.png\" \/>\n\t<meta property=\"og:image:width\" content=\"1200\" \/>\n\t<meta property=\"og:image:height\" content=\"628\" \/>\n\t<meta property=\"og:image:type\" content=\"image\/png\" \/>\n<meta name=\"author\" content=\"Igor Maciel\" \/>\n<meta name=\"twitter:card\" content=\"summary_large_image\" \/>\n<meta name=\"twitter:creator\" content=\"@EstratConcursos\" \/>\n<meta name=\"twitter:site\" content=\"@EstratConcursos\" \/>\n<meta name=\"twitter:label1\" content=\"Escrito por\" \/>\n\t<meta name=\"twitter:data1\" content=\"Igor Maciel\" \/>\n\t<meta name=\"twitter:label2\" content=\"Est. tempo de leitura\" \/>\n\t<meta name=\"twitter:data2\" content=\"2 minutos\" \/>\n<script type=\"application\/ld+json\" class=\"yoast-schema-graph\">{\"@context\":\"https:\/\/schema.org\",\"@graph\":[{\"@type\":\"NewsArticle\",\"@id\":\"https:\/\/www.estrategiaconcursos.com.br\/blog\/unipampa-rs-orgao-exclui-um-cargo-e-prorroga-inscricoes-para-o-certame\/#article\",\"isPartOf\":{\"@id\":\"https:\/\/www.estrategiaconcursos.com.br\/blog\/unipampa-rs-orgao-exclui-um-cargo-e-prorroga-inscricoes-para-o-certame\/\"},\"author\":{\"name\":\"Igor Maciel\",\"@id\":\"https:\/\/www.estrategiaconcursos.com.br\/blog\/#\/schema\/person\/024d26d5efb06d95dfc04025d7301591\"},\"headline\":\"Unipampa RS: \u00f3rg\u00e3o exclui um cargo e PRORROGA inscri\u00e7\u00f5es para o certame\",\"datePublished\":\"2020-02-08T14:57:18+00:00\",\"dateModified\":\"2020-02-08T14:57:21+00:00\",\"mainEntityOfPage\":{\"@id\":\"https:\/\/www.estrategiaconcursos.com.br\/blog\/unipampa-rs-orgao-exclui-um-cargo-e-prorroga-inscricoes-para-o-certame\/\"},\"wordCount\":353,\"commentCount\":0,\"publisher\":{\"@id\":\"https:\/\/www.estrategiaconcursos.com.br\/blog\/#organization\"},\"image\":{\"@id\":\"https:\/\/www.estrategiaconcursos.com.br\/blog\/unipampa-rs-orgao-exclui-um-cargo-e-prorroga-inscricoes-para-o-certame\/#primaryimage\"},\"thumbnailUrl\":\"https:\/\/dhg1h5j42swfq.cloudfront.net\/2020\/01\/08111356\/Unipampa-RS.png\",\"articleSection\":[\"Concursos P\u00fablicos\"],\"inLanguage\":\"pt-BR\",\"potentialAction\":[{\"@type\":\"CommentAction\",\"name\":\"Comment\",\"target\":[\"https:\/\/www.estrategiaconcursos.com.br\/blog\/unipampa-rs-orgao-exclui-um-cargo-e-prorroga-inscricoes-para-o-certame\/#respond\"]}],\"copyrightYear\":\"2020\",\"copyrightHolder\":{\"@id\":\"https:\/\/www.estrategiaconcursos.com.br\/blog\/#organization\"}},{\"@type\":\"WebPage\",\"@id\":\"https:\/\/www.estrategiaconcursos.com.br\/blog\/unipampa-rs-orgao-exclui-um-cargo-e-prorroga-inscricoes-para-o-certame\/\",\"url\":\"https:\/\/www.estrategiaconcursos.com.br\/blog\/unipampa-rs-orgao-exclui-um-cargo-e-prorroga-inscricoes-para-o-certame\/\",\"name\":\"Unipampa RS: \u00f3rg\u00e3o exclui um cargo e PRORROGA inscri\u00e7\u00f5es para o certame\",\"isPartOf\":{\"@id\":\"https:\/\/www.estrategiaconcursos.com.br\/blog\/#website\"},\"primaryImageOfPage\":{\"@id\":\"https:\/\/www.estrategiaconcursos.com.br\/blog\/unipampa-rs-orgao-exclui-um-cargo-e-prorroga-inscricoes-para-o-certame\/#primaryimage\"},\"image\":{\"@id\":\"https:\/\/www.estrategiaconcursos.com.br\/blog\/unipampa-rs-orgao-exclui-um-cargo-e-prorroga-inscricoes-para-o-certame\/#primaryimage\"},\"thumbnailUrl\":\"https:\/\/dhg1h5j42swfq.cloudfront.net\/2020\/01\/08111356\/Unipampa-RS.png\",\"datePublished\":\"2020-02-08T14:57:18+00:00\",\"dateModified\":\"2020-02-08T14:57:21+00:00\",\"breadcrumb\":{\"@id\":\"https:\/\/www.estrategiaconcursos.com.br\/blog\/unipampa-rs-orgao-exclui-um-cargo-e-prorroga-inscricoes-para-o-certame\/#breadcrumb\"},\"inLanguage\":\"pt-BR\",\"potentialAction\":[{\"@type\":\"ReadAction\",\"target\":[\"https:\/\/www.estrategiaconcursos.com.br\/blog\/unipampa-rs-orgao-exclui-um-cargo-e-prorroga-inscricoes-para-o-certame\/\"]}]},{\"@type\":\"ImageObject\",\"inLanguage\":\"pt-BR\",\"@id\":\"https:\/\/www.estrategiaconcursos.com.br\/blog\/unipampa-rs-orgao-exclui-um-cargo-e-prorroga-inscricoes-para-o-certame\/#primaryimage\",\"url\":\"https:\/\/dhg1h5j42swfq.cloudfront.net\/2020\/01\/08111356\/Unipampa-RS.png\",\"contentUrl\":\"https:\/\/dhg1h5j42swfq.cloudfront.net\/2020\/01\/08111356\/Unipampa-RS.png\",\"width\":1200,\"height\":628},{\"@type\":\"BreadcrumbList\",\"@id\":\"https:\/\/www.estrategiaconcursos.com.br\/blog\/unipampa-rs-orgao-exclui-um-cargo-e-prorroga-inscricoes-para-o-certame\/#breadcrumb\",\"itemListElement\":[{\"@type\":\"ListItem\",\"position\":1,\"name\":\"In\u00edcio\",\"item\":\"https:\/\/www.estrategiaconcursos.com.br\/blog\/\"},{\"@type\":\"ListItem\",\"position\":2,\"name\":\"Unipampa RS: \u00f3rg\u00e3o exclui um cargo e PRORROGA inscri\u00e7\u00f5es para o certame\"}]},{\"@type\":\"WebSite\",\"@id\":\"https:\/\/www.estrategiaconcursos.com.br\/blog\/#website\",\"url\":\"https:\/\/www.estrategiaconcursos.com.br\/blog\/\",\"name\":\"Estrat\u00e9gia Concursos\",\"description\":\"O blog da Estrat\u00e9gia Concursos traz not\u00edcias sobre concursos e artigos de professores oferecendo cursos para concursos (pdf + videaulas) no site.\",\"publisher\":{\"@id\":\"https:\/\/www.estrategiaconcursos.com.br\/blog\/#organization\"},\"potentialAction\":[{\"@type\":\"SearchAction\",\"target\":{\"@type\":\"EntryPoint\",\"urlTemplate\":\"https:\/\/www.estrategiaconcursos.com.br\/blog\/?s={search_term_string}\"},\"query-input\":{\"@type\":\"PropertyValueSpecification\",\"valueRequired\":true,\"valueName\":\"search_term_string\"}}],\"inLanguage\":\"pt-BR\"},{\"@type\":\"Organization\",\"@id\":\"https:\/\/www.estrategiaconcursos.com.br\/blog\/#organization\",\"name\":\"Estrat\u00e9gia Concursos\",\"url\":\"https:\/\/www.estrategiaconcursos.com.br\/blog\/\",\"logo\":{\"@type\":\"ImageObject\",\"inLanguage\":\"pt-BR\",\"@id\":\"https:\/\/www.estrategiaconcursos.com.br\/blog\/#\/schema\/logo\/image\/\",\"url\":\"https:\/\/dhg1h5j42swfq.cloudfront.net\/2025\/06\/03203428\/logo_concursos-1.jpg\",\"contentUrl\":\"https:\/\/dhg1h5j42swfq.cloudfront.net\/2025\/06\/03203428\/logo_concursos-1.jpg\",\"width\":230,\"height\":60,\"caption\":\"Estrat\u00e9gia Concursos\"},\"image\":{\"@id\":\"https:\/\/www.estrategiaconcursos.com.br\/blog\/#\/schema\/logo\/image\/\"},\"sameAs\":[\"https:\/\/x.com\/EstratConcursos\"]},{\"@type\":\"Person\",\"@id\":\"https:\/\/www.estrategiaconcursos.com.br\/blog\/#\/schema\/person\/024d26d5efb06d95dfc04025d7301591\",\"name\":\"Igor Maciel\",\"image\":{\"@type\":\"ImageObject\",\"inLanguage\":\"pt-BR\",\"@id\":\"https:\/\/secure.gravatar.com\/avatar\/e983a676af6facf4aebcb2989d49e3bf61b718712d5e7a4b3f355b7fe651bc2f?s=96&d=mm&r=g\",\"url\":\"https:\/\/secure.gravatar.com\/avatar\/e983a676af6facf4aebcb2989d49e3bf61b718712d5e7a4b3f355b7fe651bc2f?s=96&d=mm&r=g\",\"contentUrl\":\"https:\/\/secure.gravatar.com\/avatar\/e983a676af6facf4aebcb2989d49e3bf61b718712d5e7a4b3f355b7fe651bc2f?s=96&d=mm&r=g\",\"caption\":\"Igor Maciel\"},\"description\":\"Graduado na Universidade Federal de Pernambuco, com extens\u00e3o na Universidade de Coimbra\/Portugal. Especialista LLM em Direito Corporativo pelo IBMEC\/RJ. Mestrando em Direito e Pol\u00edticas P\u00fablicas pelo UNICEUB\/DF. Advogado com atua\u00e7\u00e3o profissional centrada no Direito Tribut\u00e1rio e no Direito Administrativo, especialmente na defesa de servidores p\u00fablicos.\",\"sameAs\":[\"http:\/\/www.imaciel.com.br\",\"https:\/\/www.facebook.com\/igor.maciel.1420\"],\"url\":\"https:\/\/www.estrategiaconcursos.com.br\/blog\/author\/contatoimaciel-com-br\/\"}]}<\/script>\n<!-- \/ Yoast SEO Premium plugin. -->","yoast_head_json":{"title":"Unipampa RS: \u00f3rg\u00e3o exclui um cargo e PRORROGA inscri\u00e7\u00f5es para o certame","robots":{"index":"index","follow":"follow","max-snippet":"max-snippet:-1","max-image-preview":"max-image-preview:large","max-video-preview":"max-video-preview:-1"},"canonical":"https:\/\/www.estrategiaconcursos.com.br\/blog\/unipampa-rs-orgao-exclui-um-cargo-e-prorroga-inscricoes-para-o-certame\/","og_locale":"pt_BR","og_type":"article","og_title":"Unipampa RS: \u00f3rg\u00e3o exclui um cargo e PRORROGA inscri\u00e7\u00f5es para o certame","og_description":"Em novo edital publicado na sexta-feira, 07 de fevereiro, a Universidade Federal do Pampa &#8211; Unipampa retificou o edital de abertura do concurso Unipampa RS, excluindo o cargo de Tecn\u00f3logo\/forma\u00e7\u00e3o: Gestor P\u00fablico, e passando, ent\u00e3o, a ofertar 08 vagas e n\u00e3o mais 09, como previsto antes. Devido \u00e0 exclus\u00e3o do cargo, os candidatos que j\u00e1 [&hellip;]","og_url":"https:\/\/www.estrategiaconcursos.com.br\/blog\/unipampa-rs-orgao-exclui-um-cargo-e-prorroga-inscricoes-para-o-certame\/","og_site_name":"Estrat\u00e9gia Concursos","article_author":"https:\/\/www.facebook.com\/igor.maciel.1420","article_published_time":"2020-02-08T14:57:18+00:00","article_modified_time":"2020-02-08T14:57:21+00:00","og_image":[{"width":1200,"height":628,"url":"https:\/\/dhg1h5j42swfq.cloudfront.net\/2020\/01\/08111356\/Unipampa-RS.png","type":"image\/png"}],"author":"Igor Maciel","twitter_card":"summary_large_image","twitter_creator":"@EstratConcursos","twitter_site":"@EstratConcursos","twitter_misc":{"Escrito por":"Igor Maciel","Est. tempo de leitura":"2 minutos"},"schema":{"@context":"https:\/\/schema.org","@graph":[{"@type":"NewsArticle","@id":"https:\/\/www.estrategiaconcursos.com.br\/blog\/unipampa-rs-orgao-exclui-um-cargo-e-prorroga-inscricoes-para-o-certame\/#article","isPartOf":{"@id":"https:\/\/www.estrategiaconcursos.com.br\/blog\/unipampa-rs-orgao-exclui-um-cargo-e-prorroga-inscricoes-para-o-certame\/"},"author":{"name":"Igor Maciel","@id":"https:\/\/www.estrategiaconcursos.com.br\/blog\/#\/schema\/person\/024d26d5efb06d95dfc04025d7301591"},"headline":"Unipampa RS: \u00f3rg\u00e3o exclui um cargo e PRORROGA inscri\u00e7\u00f5es para o certame","datePublished":"2020-02-08T14:57:18+00:00","dateModified":"2020-02-08T14:57:21+00:00","mainEntityOfPage":{"@id":"https:\/\/www.estrategiaconcursos.com.br\/blog\/unipampa-rs-orgao-exclui-um-cargo-e-prorroga-inscricoes-para-o-certame\/"},"wordCount":353,"commentCount":0,"publisher":{"@id":"https:\/\/www.estrategiaconcursos.com.br\/blog\/#organization"},"image":{"@id":"https:\/\/www.estrategiaconcursos.com.br\/blog\/unipampa-rs-orgao-exclui-um-cargo-e-prorroga-inscricoes-para-o-certame\/#primaryimage"},"thumbnailUrl":"https:\/\/dhg1h5j42swfq.cloudfront.net\/2020\/01\/08111356\/Unipampa-RS.png","articleSection":["Concursos P\u00fablicos"],"inLanguage":"pt-BR","potentialAction":[{"@type":"CommentAction","name":"Comment","target":["https:\/\/www.estrategiaconcursos.com.br\/blog\/unipampa-rs-orgao-exclui-um-cargo-e-prorroga-inscricoes-para-o-certame\/#respond"]}],"copyrightYear":"2020","copyrightHolder":{"@id":"https:\/\/www.estrategiaconcursos.com.br\/blog\/#organization"}},{"@type":"WebPage","@id":"https:\/\/www.estrategiaconcursos.com.br\/blog\/unipampa-rs-orgao-exclui-um-cargo-e-prorroga-inscricoes-para-o-certame\/","url":"https:\/\/www.estrategiaconcursos.com.br\/blog\/unipampa-rs-orgao-exclui-um-cargo-e-prorroga-inscricoes-para-o-certame\/","name":"Unipampa RS: \u00f3rg\u00e3o exclui um cargo e PRORROGA inscri\u00e7\u00f5es para o certame","isPartOf":{"@id":"https:\/\/www.estrategiaconcursos.com.br\/blog\/#website"},"primaryImageOfPage":{"@id":"https:\/\/www.estrategiaconcursos.com.br\/blog\/unipampa-rs-orgao-exclui-um-cargo-e-prorroga-inscricoes-para-o-certame\/#primaryimage"},"image":{"@id":"https:\/\/www.estrategiaconcursos.com.br\/blog\/unipampa-rs-orgao-exclui-um-cargo-e-prorroga-inscricoes-para-o-certame\/#primaryimage"},"thumbnailUrl":"https:\/\/dhg1h5j42swfq.cloudfront.net\/2020\/01\/08111356\/Unipampa-RS.png","datePublished":"2020-02-08T14:57:18+00:00","dateModified":"2020-02-08T14:57:21+00:00","breadcrumb":{"@id":"https:\/\/www.estrategiaconcursos.com.br\/blog\/unipampa-rs-orgao-exclui-um-cargo-e-prorroga-inscricoes-para-o-certame\/#breadcrumb"},"inLanguage":"pt-BR","potentialAction":[{"@type":"ReadAction","target":["https:\/\/www.estrategiaconcursos.com.br\/blog\/unipampa-rs-orgao-exclui-um-cargo-e-prorroga-inscricoes-para-o-certame\/"]}]},{"@type":"ImageObject","inLanguage":"pt-BR","@id":"https:\/\/www.estrategiaconcursos.com.br\/blog\/unipampa-rs-orgao-exclui-um-cargo-e-prorroga-inscricoes-para-o-certame\/#primaryimage","url":"https:\/\/dhg1h5j42swfq.cloudfront.net\/2020\/01\/08111356\/Unipampa-RS.png","contentUrl":"https:\/\/dhg1h5j42swfq.cloudfront.net\/2020\/01\/08111356\/Unipampa-RS.png","width":1200,"height":628},{"@type":"BreadcrumbList","@id":"https:\/\/www.estrategiaconcursos.com.br\/blog\/unipampa-rs-orgao-exclui-um-cargo-e-prorroga-inscricoes-para-o-certame\/#breadcrumb","itemListElement":[{"@type":"ListItem","position":1,"name":"In\u00edcio","item":"https:\/\/www.estrategiaconcursos.com.br\/blog\/"},{"@type":"ListItem","position":2,"name":"Unipampa RS: \u00f3rg\u00e3o exclui um cargo e PRORROGA inscri\u00e7\u00f5es para o certame"}]},{"@type":"WebSite","@id":"https:\/\/www.estrategiaconcursos.com.br\/blog\/#website","url":"https:\/\/www.estrategiaconcursos.com.br\/blog\/","name":"Estrat\u00e9gia Concursos","description":"O blog da Estrat\u00e9gia Concursos traz not\u00edcias sobre concursos e artigos de professores oferecendo cursos para concursos (pdf + videaulas) no site.","publisher":{"@id":"https:\/\/www.estrategiaconcursos.com.br\/blog\/#organization"},"potentialAction":[{"@type":"SearchAction","target":{"@type":"EntryPoint","urlTemplate":"https:\/\/www.estrategiaconcursos.com.br\/blog\/?s={search_term_string}"},"query-input":{"@type":"PropertyValueSpecification","valueRequired":true,"valueName":"search_term_string"}}],"inLanguage":"pt-BR"},{"@type":"Organization","@id":"https:\/\/www.estrategiaconcursos.com.br\/blog\/#organization","name":"Estrat\u00e9gia Concursos","url":"https:\/\/www.estrategiaconcursos.com.br\/blog\/","logo":{"@type":"ImageObject","inLanguage":"pt-BR","@id":"https:\/\/www.estrategiaconcursos.com.br\/blog\/#\/schema\/logo\/image\/","url":"https:\/\/dhg1h5j42swfq.cloudfront.net\/2025\/06\/03203428\/logo_concursos-1.jpg","contentUrl":"https:\/\/dhg1h5j42swfq.cloudfront.net\/2025\/06\/03203428\/logo_concursos-1.jpg","width":230,"height":60,"caption":"Estrat\u00e9gia Concursos"},"image":{"@id":"https:\/\/www.estrategiaconcursos.com.br\/blog\/#\/schema\/logo\/image\/"},"sameAs":["https:\/\/x.com\/EstratConcursos"]},{"@type":"Person","@id":"https:\/\/www.estrategiaconcursos.com.br\/blog\/#\/schema\/person\/024d26d5efb06d95dfc04025d7301591","name":"Igor Maciel","image":{"@type":"ImageObject","inLanguage":"pt-BR","@id":"https:\/\/secure.gravatar.com\/avatar\/e983a676af6facf4aebcb2989d49e3bf61b718712d5e7a4b3f355b7fe651bc2f?s=96&d=mm&r=g","url":"https:\/\/secure.gravatar.com\/avatar\/e983a676af6facf4aebcb2989d49e3bf61b718712d5e7a4b3f355b7fe651bc2f?s=96&d=mm&r=g","contentUrl":"https:\/\/secure.gravatar.com\/avatar\/e983a676af6facf4aebcb2989d49e3bf61b718712d5e7a4b3f355b7fe651bc2f?s=96&d=mm&r=g","caption":"Igor Maciel"},"description":"Graduado na Universidade Federal de Pernambuco, com extens\u00e3o na Universidade de Coimbra\/Portugal. Especialista LLM em Direito Corporativo pelo IBMEC\/RJ. Mestrando em Direito e Pol\u00edticas P\u00fablicas pelo UNICEUB\/DF. Advogado com atua\u00e7\u00e3o profissional centrada no Direito Tribut\u00e1rio e no Direito Administrativo, especialmente na defesa de servidores p\u00fablicos.","sameAs":["http:\/\/www.imaciel.com.br","https:\/\/www.facebook.com\/igor.maciel.1420"],"url":"https:\/\/www.estrategiaconcursos.com.br\/blog\/author\/contatoimaciel-com-br\/"}]}},"_links":{"self":[{"href":"https:\/\/www.estrategiaconcursos.com.br\/blog\/wp-json\/wp\/v2\/posts\/479513","targetHints":{"allow":["GET"]}}],"collection":[{"href":"https:\/\/www.estrategiaconcursos.com.br\/blog\/wp-json\/wp\/v2\/posts"}],"about":[{"href":"https:\/\/www.estrategiaconcursos.com.br\/blog\/wp-json\/wp\/v2\/types\/post"}],"author":[{"embeddable":true,"href":"https:\/\/www.estrategiaconcursos.com.br\/blog\/wp-json\/wp\/v2\/users\/317"}],"replies":[{"embeddable":true,"href":"https:\/\/www.estrategiaconcursos.com.br\/blog\/wp-json\/wp\/v2\/comments?post=479513"}],"version-history":[{"count":2,"href":"https:\/\/www.estrategiaconcursos.com.br\/blog\/wp-json\/wp\/v2\/posts\/479513\/revisions"}],"predecessor-version":[{"id":479606,"href":"https:\/\/www.estrategiaconcursos.com.br\/blog\/wp-json\/wp\/v2\/posts\/479513\/revisions\/479606"}],"wp:featuredmedia":[{"embeddable":true,"href":"https:\/\/www.estrategiaconcursos.com.br\/blog\/wp-json\/wp\/v2\/media\/479574"}],"wp:attachment":[{"href":"https:\/\/www.estrategiaconcursos.com.br\/blog\/wp-json\/wp\/v2\/media?parent=479513"}],"wp:term":[{"taxonomy":"category","embeddable":true,"href":"https:\/\/www.estrategiaconcursos.com.br\/blog\/wp-json\/wp\/v2\/categories?post=479513"},{"taxonomy":"post_tag","embeddable":true,"href":"https:\/\/www.estrategiaconcursos.com.br\/blog\/wp-json\/wp\/v2\/tags?post=479513"},{"taxonomy":"tax_estado","embeddable":true,"href":"https:\/\/www.estrategiaconcursos.com.br\/blog\/wp-json\/wp\/v2\/tax_estado?post=479513"}],"curies":[{"name":"wp","href":"https:\/\/api.w.org\/{rel}","templated":true}]}}