{"id":479497,"date":"2020-11-20T14:50:00","date_gmt":"2020-11-20T17:50:00","guid":{"rendered":"https:\/\/www.estrategiaconcursos.com.br\/blog\/?p=479497"},"modified":"2023-06-14T10:15:05","modified_gmt":"2023-06-14T13:15:05","slug":"concurso-camara-de-mogi-mirim","status":"publish","type":"post","link":"https:\/\/www.estrategiaconcursos.com.br\/blog\/concurso-camara-de-mogi-mirim\/","title":{"rendered":"Concurso C\u00e2mara de Mogi Mirim: provas remarcadas!"},"content":{"rendered":"\n<p>O concurso C\u00e2mara de Mogi Mirim, no estado de S\u00e3o Paulo, foi retomado. Com isso, a aplica\u00e7\u00e3o da prova objetiva foi reagendada para o dia <strong>20 de dezembro de 2020.<\/strong><\/p>\n\n\n\n<p>As etapas do certame haviam sido suspensas em raz\u00e3o da pandemia causada pela Covid-19. Confira o documento que confirma a retomada do concurso <a rel=\"noreferrer noopener\" href=\"https:\/\/dhg1h5j42swfq.cloudfront.net\/2020\/11\/20120544\/Camara-Mogi-Mirim.png\" target=\"_blank\"><strong>aqui!<\/strong><\/a><\/p>\n\n\n\n<p>Lembrando que o certame oferta 5 vagas para cargos de n\u00edvel superior, com remunera\u00e7\u00e3o de <strong><em>R$ 5.196,33<\/em>.<\/strong><\/p>\n\n\n\n<p> Confira neste artigo todas as principais informa\u00e7\u00f5es do mais novo concurso de Mogi Mirim:<\/p>\n\n\n\n<p><strong><em><a href=\"#principais\">Principais informa\u00e7\u00f5es do concurso <\/a><\/em><\/strong><br \/><em><strong><a href=\"#cargos\">Cargos, vagas  e remunera\u00e7\u00e3o<\/a><br \/><a href=\"#etapas\">Etapas e provas <\/a><br \/><a href=\"#nova\">Assinatura<\/a><br \/><a href=\"#ficha-tecnica\">Ficha T\u00e9cnica<\/a><\/strong><\/em><\/p>\n\n\n\n<h2 class=\"wp-block-heading\" id=\"principais\">Principais informa\u00e7\u00f5es do concurso C\u00e2mara de Mogi Mirim<\/h2>\n\n\n\n<p>Os interessados em participar da sele\u00e7\u00e3o tiveram o prazo de <strong>20 de fevereiro a 20 de mar\u00e7o de 2020<\/strong> para se inscrever no site da banca organizadora,<em> Funda\u00e7\u00e3o para o Vestibular da Universidade Estadual Paulista (Funda\u00e7\u00e3o VUNESP)<\/em>.<\/p>\n\n\n\n<p class=\"has-medium-font-size\"><strong>Taxa de inscri\u00e7\u00e3o<\/strong><\/p>\n\n\n\n<ul class=\"wp-block-list\">\n<li>N\u00edvel Superior: R$ 82,20<\/li>\n<\/ul>\n\n\n\n<h4 class=\"wp-block-heading\" id=\"datas\">Principais datas do concurso <\/h4>\n\n\n\n<p class=\"has-very-light-gray-background-color has-background\"><em><strong>Inscri\u00e7\u00f5es<\/strong>:<s> 20 de fevereiro a 20 de mar\u00e7o de 2020  <\/s><br \/><strong>Isen\u00e7\u00e3o da taxa<\/strong>: n\u00e3o haver\u00e1<br \/><strong>Prova<\/strong>: <strong>20 de dezembro de 2020<\/strong><\/em><\/p>\n\n\n\n<h2 class=\"wp-block-heading\" id=\"cargos\">Cargos, vagas e remunera\u00e7\u00e3o do Concurso C\u00e2mara de Mogi Mirim<\/h2>\n\n\n\n<p>O edital da C\u00e2mara de Mogi Mirim oferta 5 vagas para N\u00edvel Superior. Confira abaixo os detalhes de cada cargo:<\/p>\n\n\n\n<ul class=\"wp-block-list\">\n<li><em>Analista Legislativo (4 vagas) &#8211; 40 horas semanais &#8211; R$ 5.196,33<\/em><\/li>\n\n\n\n<li><em>Jornalista (1 vaga) &#8211; 40 horas semanais &#8211; R$ 5.196,33<\/em><\/li>\n<\/ul>\n\n\n\n<p>Al\u00e9m do sal\u00e1rio previsto, os profissionais que vierem a ser contratados, far\u00e3o jus aos benef\u00edcios oferecidos pela C\u00e2mara, obedecidos a legisla\u00e7\u00e3o e o acordo coletivo de trabalho vigentes, sendo os principais:<\/p>\n\n\n\n<ul class=\"wp-block-list\">\n<li><em>Vale alimenta\u00e7\u00e3o de 496,08 por m\u00eas.<\/em><\/li>\n\n\n\n<li><em> Vale refei\u00e7\u00e3o de R$ 694,32 por m\u00eas.<\/em><\/li>\n<\/ul>\n\n\n\n<h2 class=\"wp-block-heading\" id=\"etapas\">Etapas e provas do concurso C\u00e2mara de Mogi Mirim<\/h2>\n\n\n\n<p>O concurso C\u00e2mara de Mogi Mirim ser\u00e1 composto de apenas uma etapa que ser\u00e1 a Prova Objetiva.<\/p>\n\n\n\n<h4 class=\"wp-block-heading\">Prova Objetiva<\/h4>\n\n\n\n<p>A prova objetiva, para cada um dos empregos em concurso, visa avaliar o conhecimento geral do candidato, bem como a capacidade de an\u00e1lise, de entendimento e de interpreta\u00e7\u00e3o de informa\u00e7\u00f5es, a habilidade de trabalhar com estrutura l\u00f3gica das rela\u00e7\u00f5es, a capacidade dedutiva e os conhecimentos t\u00e9cnicos espec\u00edficos do emprego.<\/p>\n\n\n\n<p>A prova objetiva ter\u00e1 car\u00e1ter eliminat\u00f3rio e classificat\u00f3rio e ser\u00e1 composta de quest\u00f5es de m\u00faltipla escolha, com 5 alternativas cada uma, sendo uma alternativa correta. O tempo de realiza\u00e7\u00e3o da prova  ser\u00e1 <strong>3 horas e trinta minutos.<\/strong><\/p>\n\n\n\n<p>Confira abaixo os detalhes das disciplinas cobradas na prova:<\/p>\n\n\n\n<figure class=\"wp-block-image aligncenter size-large\"><img loading=\"lazy\" decoding=\"async\" width=\"572\" height=\"314\" src=\"https:\/\/dhg1h5j42swfq.cloudfront.net\/2020\/02\/10145604\/image-45.png\" alt=\"\" class=\"wp-image-480038\" srcset=\"https:\/\/dhg1h5j42swfq.cloudfront.net\/2020\/02\/10145604\/image-45.png 572w, https:\/\/dhg1h5j42swfq.cloudfront.net\/2020\/02\/10145604\/image-45-300x165.png 300w\" sizes=\"auto, (max-width: 572px) 100vw, 572px\" \/><\/figure>\n\n\n\n<h4 class=\"wp-block-heading has-text-align-center\" id=\"nova\">Assinatura ilimitada e cursos para o concurso  C\u00e2mara de Mogi Mirim  <\/h4>\n\n\n\n<div class=\"container\" id=\"boxes\">\n  <div class=\"row\">\n\n    <div class=\"col-sm\">\n      <div class=\"banner-estrategia\" id=\"box-assinatura\">\n        <h3 class=\"titulo-assinatura\">Cursos para concursos<\/h3>\n        <p class=\"subtitulo-assinatura\">Curso C\u00e2mara de Mogi Mirim  <\/p>\n        <div class=\"box-botao\">\n          <a class=\"btn-assinatura\" target=\"_blank\" href=\"https:\/\/www.estrategiaconcursos.com.br\/cursos\/\" role=\"button\" rel=\"noopener noreferrer\">Conhe\u00e7a mais<\/a>\n        <\/div>\n      <\/div>\n      <p class=\"texto-auxiliar\">Prepare-se com o melhor material e com quem mais aprova em Concursos P\u00fablicos em todo o pa\u00eds.<\/p>\n    <\/div>\n\n  <\/div>\n<\/div>\n\n\n\n<div class=\"container\" id=\"boxes\">\n  <div class=\"row\">\n\n    <div class=\"col-sm\">\n      <div class=\"estrategia\" id=\"box-assinatura\">\n        <h3 class=\"titulo-assinatura\">Assinatura Ilimitada<\/h3>\n        <p class=\"subtitulo-assinatura\">Assinatura Anual Ilimitada*<\/p>\n        <div class=\"box-botao\">\n          <a class=\"btn-assinatura\" target=\"_blank\" href=\"https:\/\/www.estrategiaconcursos.com.br\/assinaturas\/\" role=\"button\" rel=\"noopener noreferrer\">ASSINE AGORA<\/a>\n        <\/div>\n      <\/div>\n      <p class=\"texto-auxiliar\">Prepare-se com o melhor material e com quem mais aprova em Concursos P\u00fablicos em todo o pa\u00eds. Assine agora a nossa Assinatura Anual e tenha acesso ilimitado* a todos os nossos cursos.<\/p>\n    <\/div>\n\n    <div class=\"col-sm\">\n      <div class=\"questoes\" id=\"box-assinatura\">\n        <h3 class=\"titulo-assinatura\">Sistema de Quest\u00f5es<\/h3>\n        <p class=\"subtitulo-assinatura\">Assinatura Ilimitada*\n<\/p>\n        <div class=\"box-botao\">\n          <a class=\"btn-assinatura\" target=\"_blank\" href=\"https:\/\/questoes.estrategiaconcursos.com.br\/\" role=\"button\" rel=\"noopener noreferrer\">ASSINE AGORA<\/a>\n        <\/div>\n      <\/div>\n      <p class=\"texto-auxiliar\">Estrat\u00e9gia Quest\u00f5es nasceu maior do que todos os concorrentes, com mais quest\u00f5es cadastradas e mais solu\u00e7\u00f5es por professores. Clique no link e aproveite os descontos e b\u00f4nus imperd\u00edveis!<\/p>\n    <\/div>\n  <\/div>\n<\/div>\n\n\n\n<figure class=\"wp-block-image\"><img loading=\"lazy\" decoding=\"async\" width=\"300\" height=\"102\" src=\"https:\/\/dhg1h5j42swfq.cloudfront.net\/2017\/03\/28152500\/coruja-ficha-tecnica-300x102.png\" alt=\"Ficha t\u00e9cnica do concurso Prefeitura Santa Maria\" class=\"wp-image-68542\"\/><\/figure>\n\n\n\n<h3 class=\"wp-block-heading\" id=\"ficha-tecnica\"><strong>Informa\u00e7\u00f5es sobre o concurso <\/strong>C\u00e2mara de Mogi Mirim <\/h3>\n\n\n\n<p>\u25ba<strong>Inscri\u00e7\u00f5es<\/strong>:  20 de fevereiro a 20 de mar\u00e7o de 2020 <br \/>\u25ba<strong>Provas<\/strong>:<strong> <\/strong>20 de dezembro de 2020<br \/>\u25ba<strong>Vagas<\/strong>: 5 vagas<br \/>\u25ba<strong>Banca<\/strong>: Vunesp<br \/>\u25ba<strong>Escolaridade<\/strong>: N\u00edvel superior<br \/><strong>Edital<\/strong>:<a href=\"https:\/\/dhg1h5j42swfq.cloudfront.net\/2020\/02\/10150501\/edital_camara_mogi_mirim.pdf\"> C\u00e2mara de Mogi Mirim <\/a><\/p>\n\n\n\n<p><\/p>\n","protected":false},"excerpt":{"rendered":"<p>O concurso C\u00e2mara de Mogi Mirim, no estado de S\u00e3o Paulo, foi retomado. Com isso, a aplica\u00e7\u00e3o da prova objetiva foi reagendada para o dia 20 de dezembro de 2020. As etapas do certame haviam sido suspensas em raz\u00e3o da pandemia causada pela Covid-19. Confira o documento que confirma a retomada do concurso aqui! Lembrando [&hellip;]<\/p>\n","protected":false},"author":1,"featured_media":552062,"comment_status":"open","ping_status":"closed","sticky":false,"template":"","format":"standard","meta":{"post_tipo":"news_page","footnotes":""},"categories":[2017],"tags":[],"tax_estado":[219989],"class_list":["post-479497","post","type-post","status-publish","format-standard","has-post-thumbnail","hentry","category-concursos-legislativos","tax_estado-sp"],"acf":[],"yoast_head":"<!-- This site is optimized with the Yoast SEO Premium plugin v27.2 (Yoast SEO v27.2) - https:\/\/yoast.com\/product\/yoast-seo-premium-wordpress\/ -->\n<title>Concurso C\u00e2mara de Mogi Mirim: provas remarcadas!<\/title>\n<meta name=\"description\" content=\"Foi publicado o extrato do edital do Concurso C\u00e2mara Mogi Mirim. Ser\u00e3o ofertadas vagas para os cargos de Analista Legislativo e Jornalista. Confira!\" \/>\n<meta name=\"robots\" content=\"index, follow, max-snippet:-1, max-image-preview:large, max-video-preview:-1\" \/>\n<link rel=\"canonical\" href=\"https:\/\/www.estrategiaconcursos.com.br\/blog\/concurso-camara-de-mogi-mirim\/\" \/>\n<meta property=\"og:locale\" content=\"pt_BR\" \/>\n<meta property=\"og:type\" content=\"article\" \/>\n<meta property=\"og:title\" content=\"Concurso C\u00e2mara de Mogi Mirim: provas remarcadas!\" \/>\n<meta property=\"og:description\" content=\"Foi publicado o extrato do edital do Concurso C\u00e2mara Mogi Mirim. Ser\u00e3o ofertadas vagas para os cargos de Analista Legislativo e Jornalista. Confira!\" \/>\n<meta property=\"og:url\" content=\"https:\/\/www.estrategiaconcursos.com.br\/blog\/concurso-camara-de-mogi-mirim\/\" \/>\n<meta property=\"og:site_name\" content=\"Estrat\u00e9gia Concursos\" \/>\n<meta property=\"article:author\" content=\"https:\/\/www.facebook.com\/EstrategiaConcursos\" \/>\n<meta property=\"article:published_time\" content=\"2020-11-20T17:50:00+00:00\" \/>\n<meta property=\"article:modified_time\" content=\"2023-06-14T13:15:05+00:00\" \/>\n<meta property=\"og:image\" content=\"https:\/\/dhg1h5j42swfq.cloudfront.net\/2020\/08\/06101724\/concurso-C%C3%A2mara-de-Mogi-Gua%C3%A7u-1.jpg\" \/>\n\t<meta property=\"og:image:width\" content=\"279\" \/>\n\t<meta property=\"og:image:height\" content=\"181\" \/>\n\t<meta property=\"og:image:type\" content=\"image\/jpeg\" \/>\n<meta name=\"author\" content=\"Coordena\u00e7\u00e3o\" \/>\n<meta name=\"twitter:card\" content=\"summary_large_image\" \/>\n<meta name=\"twitter:creator\" content=\"@EstratConcursos\" \/>\n<meta name=\"twitter:site\" content=\"@EstratConcursos\" \/>\n<meta name=\"twitter:label1\" content=\"Escrito por\" \/>\n\t<meta name=\"twitter:data1\" content=\"Coordena\u00e7\u00e3o\" \/>\n\t<meta name=\"twitter:label2\" content=\"Est. tempo de leitura\" \/>\n\t<meta name=\"twitter:data2\" content=\"3 minutos\" \/>\n<script type=\"application\/ld+json\" class=\"yoast-schema-graph\">{\"@context\":\"https:\/\/schema.org\",\"@graph\":[{\"@type\":\"NewsArticle\",\"@id\":\"https:\/\/www.estrategiaconcursos.com.br\/blog\/concurso-camara-de-mogi-mirim\/#article\",\"isPartOf\":{\"@id\":\"https:\/\/www.estrategiaconcursos.com.br\/blog\/concurso-camara-de-mogi-mirim\/\"},\"author\":{\"name\":\"Coordena\u00e7\u00e3o\",\"@id\":\"https:\/\/www.estrategiaconcursos.com.br\/blog\/#\/schema\/person\/b4a388c97673c5f483d72185668afa1f\"},\"headline\":\"Concurso C\u00e2mara de Mogi Mirim: provas remarcadas!\",\"datePublished\":\"2020-11-20T17:50:00+00:00\",\"dateModified\":\"2023-06-14T13:15:05+00:00\",\"mainEntityOfPage\":{\"@id\":\"https:\/\/www.estrategiaconcursos.com.br\/blog\/concurso-camara-de-mogi-mirim\/\"},\"wordCount\":592,\"commentCount\":0,\"publisher\":{\"@id\":\"https:\/\/www.estrategiaconcursos.com.br\/blog\/#organization\"},\"image\":{\"@id\":\"https:\/\/www.estrategiaconcursos.com.br\/blog\/concurso-camara-de-mogi-mirim\/#primaryimage\"},\"thumbnailUrl\":\"https:\/\/dhg1h5j42swfq.cloudfront.net\/2020\/08\/06101724\/concurso-C%C3%A2mara-de-Mogi-Gua%C3%A7u-1.jpg\",\"articleSection\":[\"Legislativo\"],\"inLanguage\":\"pt-BR\",\"potentialAction\":[{\"@type\":\"CommentAction\",\"name\":\"Comment\",\"target\":[\"https:\/\/www.estrategiaconcursos.com.br\/blog\/concurso-camara-de-mogi-mirim\/#respond\"]}],\"copyrightYear\":\"2020\",\"copyrightHolder\":{\"@id\":\"https:\/\/www.estrategiaconcursos.com.br\/blog\/#organization\"}},{\"@type\":\"WebPage\",\"@id\":\"https:\/\/www.estrategiaconcursos.com.br\/blog\/concurso-camara-de-mogi-mirim\/\",\"url\":\"https:\/\/www.estrategiaconcursos.com.br\/blog\/concurso-camara-de-mogi-mirim\/\",\"name\":\"Concurso C\u00e2mara de Mogi Mirim: provas remarcadas!\",\"isPartOf\":{\"@id\":\"https:\/\/www.estrategiaconcursos.com.br\/blog\/#website\"},\"primaryImageOfPage\":{\"@id\":\"https:\/\/www.estrategiaconcursos.com.br\/blog\/concurso-camara-de-mogi-mirim\/#primaryimage\"},\"image\":{\"@id\":\"https:\/\/www.estrategiaconcursos.com.br\/blog\/concurso-camara-de-mogi-mirim\/#primaryimage\"},\"thumbnailUrl\":\"https:\/\/dhg1h5j42swfq.cloudfront.net\/2020\/08\/06101724\/concurso-C%C3%A2mara-de-Mogi-Gua%C3%A7u-1.jpg\",\"datePublished\":\"2020-11-20T17:50:00+00:00\",\"dateModified\":\"2023-06-14T13:15:05+00:00\",\"description\":\"Foi publicado o extrato do edital do Concurso C\u00e2mara Mogi Mirim. Ser\u00e3o ofertadas vagas para os cargos de Analista Legislativo e Jornalista. Confira!\",\"breadcrumb\":{\"@id\":\"https:\/\/www.estrategiaconcursos.com.br\/blog\/concurso-camara-de-mogi-mirim\/#breadcrumb\"},\"inLanguage\":\"pt-BR\",\"potentialAction\":[{\"@type\":\"ReadAction\",\"target\":[\"https:\/\/www.estrategiaconcursos.com.br\/blog\/concurso-camara-de-mogi-mirim\/\"]}]},{\"@type\":\"ImageObject\",\"inLanguage\":\"pt-BR\",\"@id\":\"https:\/\/www.estrategiaconcursos.com.br\/blog\/concurso-camara-de-mogi-mirim\/#primaryimage\",\"url\":\"https:\/\/dhg1h5j42swfq.cloudfront.net\/2020\/08\/06101724\/concurso-C%C3%A2mara-de-Mogi-Gua%C3%A7u-1.jpg\",\"contentUrl\":\"https:\/\/dhg1h5j42swfq.cloudfront.net\/2020\/08\/06101724\/concurso-C%C3%A2mara-de-Mogi-Gua%C3%A7u-1.jpg\",\"width\":279,\"height\":181},{\"@type\":\"BreadcrumbList\",\"@id\":\"https:\/\/www.estrategiaconcursos.com.br\/blog\/concurso-camara-de-mogi-mirim\/#breadcrumb\",\"itemListElement\":[{\"@type\":\"ListItem\",\"position\":1,\"name\":\"In\u00edcio\",\"item\":\"https:\/\/www.estrategiaconcursos.com.br\/blog\/\"},{\"@type\":\"ListItem\",\"position\":2,\"name\":\"Concurso C\u00e2mara de Mogi Mirim: provas remarcadas!\"}]},{\"@type\":\"WebSite\",\"@id\":\"https:\/\/www.estrategiaconcursos.com.br\/blog\/#website\",\"url\":\"https:\/\/www.estrategiaconcursos.com.br\/blog\/\",\"name\":\"Estrat\u00e9gia Concursos\",\"description\":\"O blog da Estrat\u00e9gia Concursos traz not\u00edcias sobre concursos e artigos de professores oferecendo cursos para concursos (pdf + videaulas) no site.\",\"publisher\":{\"@id\":\"https:\/\/www.estrategiaconcursos.com.br\/blog\/#organization\"},\"potentialAction\":[{\"@type\":\"SearchAction\",\"target\":{\"@type\":\"EntryPoint\",\"urlTemplate\":\"https:\/\/www.estrategiaconcursos.com.br\/blog\/?s={search_term_string}\"},\"query-input\":{\"@type\":\"PropertyValueSpecification\",\"valueRequired\":true,\"valueName\":\"search_term_string\"}}],\"inLanguage\":\"pt-BR\"},{\"@type\":\"Organization\",\"@id\":\"https:\/\/www.estrategiaconcursos.com.br\/blog\/#organization\",\"name\":\"Estrat\u00e9gia Concursos\",\"url\":\"https:\/\/www.estrategiaconcursos.com.br\/blog\/\",\"logo\":{\"@type\":\"ImageObject\",\"inLanguage\":\"pt-BR\",\"@id\":\"https:\/\/www.estrategiaconcursos.com.br\/blog\/#\/schema\/logo\/image\/\",\"url\":\"https:\/\/dhg1h5j42swfq.cloudfront.net\/2025\/06\/03203428\/logo_concursos-1.jpg\",\"contentUrl\":\"https:\/\/dhg1h5j42swfq.cloudfront.net\/2025\/06\/03203428\/logo_concursos-1.jpg\",\"width\":230,\"height\":60,\"caption\":\"Estrat\u00e9gia Concursos\"},\"image\":{\"@id\":\"https:\/\/www.estrategiaconcursos.com.br\/blog\/#\/schema\/logo\/image\/\"},\"sameAs\":[\"https:\/\/x.com\/EstratConcursos\"]},{\"@type\":\"Person\",\"@id\":\"https:\/\/www.estrategiaconcursos.com.br\/blog\/#\/schema\/person\/b4a388c97673c5f483d72185668afa1f\",\"name\":\"Coordena\u00e7\u00e3o\",\"image\":{\"@type\":\"ImageObject\",\"inLanguage\":\"pt-BR\",\"@id\":\"https:\/\/secure.gravatar.com\/avatar\/b720319e4c9a967eb58678d110f4fe35452fc5d5f97b202bac7b8acceb18c6ad?s=96&d=mm&r=g\",\"url\":\"https:\/\/secure.gravatar.com\/avatar\/b720319e4c9a967eb58678d110f4fe35452fc5d5f97b202bac7b8acceb18c6ad?s=96&d=mm&r=g\",\"contentUrl\":\"https:\/\/secure.gravatar.com\/avatar\/b720319e4c9a967eb58678d110f4fe35452fc5d5f97b202bac7b8acceb18c6ad?s=96&d=mm&r=g\",\"caption\":\"Coordena\u00e7\u00e3o\"},\"sameAs\":[\"https:\/\/www.facebook.com\/EstrategiaConcursos\",\"https:\/\/x.com\/EstratConcursos\"],\"url\":\"https:\/\/www.estrategiaconcursos.com.br\/blog\/author\/estrategia2013\/\"}]}<\/script>\n<!-- \/ Yoast SEO Premium plugin. -->","yoast_head_json":{"title":"Concurso C\u00e2mara de Mogi Mirim: provas remarcadas!","description":"Foi publicado o extrato do edital do Concurso C\u00e2mara Mogi Mirim. Ser\u00e3o ofertadas vagas para os cargos de Analista Legislativo e Jornalista. Confira!","robots":{"index":"index","follow":"follow","max-snippet":"max-snippet:-1","max-image-preview":"max-image-preview:large","max-video-preview":"max-video-preview:-1"},"canonical":"https:\/\/www.estrategiaconcursos.com.br\/blog\/concurso-camara-de-mogi-mirim\/","og_locale":"pt_BR","og_type":"article","og_title":"Concurso C\u00e2mara de Mogi Mirim: provas remarcadas!","og_description":"Foi publicado o extrato do edital do Concurso C\u00e2mara Mogi Mirim. Ser\u00e3o ofertadas vagas para os cargos de Analista Legislativo e Jornalista. Confira!","og_url":"https:\/\/www.estrategiaconcursos.com.br\/blog\/concurso-camara-de-mogi-mirim\/","og_site_name":"Estrat\u00e9gia Concursos","article_author":"https:\/\/www.facebook.com\/EstrategiaConcursos","article_published_time":"2020-11-20T17:50:00+00:00","article_modified_time":"2023-06-14T13:15:05+00:00","og_image":[{"width":279,"height":181,"url":"https:\/\/dhg1h5j42swfq.cloudfront.net\/2020\/08\/06101724\/concurso-C%C3%A2mara-de-Mogi-Gua%C3%A7u-1.jpg","type":"image\/jpeg"}],"author":"Coordena\u00e7\u00e3o","twitter_card":"summary_large_image","twitter_creator":"@EstratConcursos","twitter_site":"@EstratConcursos","twitter_misc":{"Escrito por":"Coordena\u00e7\u00e3o","Est. tempo de leitura":"3 minutos"},"schema":{"@context":"https:\/\/schema.org","@graph":[{"@type":"NewsArticle","@id":"https:\/\/www.estrategiaconcursos.com.br\/blog\/concurso-camara-de-mogi-mirim\/#article","isPartOf":{"@id":"https:\/\/www.estrategiaconcursos.com.br\/blog\/concurso-camara-de-mogi-mirim\/"},"author":{"name":"Coordena\u00e7\u00e3o","@id":"https:\/\/www.estrategiaconcursos.com.br\/blog\/#\/schema\/person\/b4a388c97673c5f483d72185668afa1f"},"headline":"Concurso C\u00e2mara de Mogi Mirim: provas remarcadas!","datePublished":"2020-11-20T17:50:00+00:00","dateModified":"2023-06-14T13:15:05+00:00","mainEntityOfPage":{"@id":"https:\/\/www.estrategiaconcursos.com.br\/blog\/concurso-camara-de-mogi-mirim\/"},"wordCount":592,"commentCount":0,"publisher":{"@id":"https:\/\/www.estrategiaconcursos.com.br\/blog\/#organization"},"image":{"@id":"https:\/\/www.estrategiaconcursos.com.br\/blog\/concurso-camara-de-mogi-mirim\/#primaryimage"},"thumbnailUrl":"https:\/\/dhg1h5j42swfq.cloudfront.net\/2020\/08\/06101724\/concurso-C%C3%A2mara-de-Mogi-Gua%C3%A7u-1.jpg","articleSection":["Legislativo"],"inLanguage":"pt-BR","potentialAction":[{"@type":"CommentAction","name":"Comment","target":["https:\/\/www.estrategiaconcursos.com.br\/blog\/concurso-camara-de-mogi-mirim\/#respond"]}],"copyrightYear":"2020","copyrightHolder":{"@id":"https:\/\/www.estrategiaconcursos.com.br\/blog\/#organization"}},{"@type":"WebPage","@id":"https:\/\/www.estrategiaconcursos.com.br\/blog\/concurso-camara-de-mogi-mirim\/","url":"https:\/\/www.estrategiaconcursos.com.br\/blog\/concurso-camara-de-mogi-mirim\/","name":"Concurso C\u00e2mara de Mogi Mirim: provas remarcadas!","isPartOf":{"@id":"https:\/\/www.estrategiaconcursos.com.br\/blog\/#website"},"primaryImageOfPage":{"@id":"https:\/\/www.estrategiaconcursos.com.br\/blog\/concurso-camara-de-mogi-mirim\/#primaryimage"},"image":{"@id":"https:\/\/www.estrategiaconcursos.com.br\/blog\/concurso-camara-de-mogi-mirim\/#primaryimage"},"thumbnailUrl":"https:\/\/dhg1h5j42swfq.cloudfront.net\/2020\/08\/06101724\/concurso-C%C3%A2mara-de-Mogi-Gua%C3%A7u-1.jpg","datePublished":"2020-11-20T17:50:00+00:00","dateModified":"2023-06-14T13:15:05+00:00","description":"Foi publicado o extrato do edital do Concurso C\u00e2mara Mogi Mirim. Ser\u00e3o ofertadas vagas para os cargos de Analista Legislativo e Jornalista. Confira!","breadcrumb":{"@id":"https:\/\/www.estrategiaconcursos.com.br\/blog\/concurso-camara-de-mogi-mirim\/#breadcrumb"},"inLanguage":"pt-BR","potentialAction":[{"@type":"ReadAction","target":["https:\/\/www.estrategiaconcursos.com.br\/blog\/concurso-camara-de-mogi-mirim\/"]}]},{"@type":"ImageObject","inLanguage":"pt-BR","@id":"https:\/\/www.estrategiaconcursos.com.br\/blog\/concurso-camara-de-mogi-mirim\/#primaryimage","url":"https:\/\/dhg1h5j42swfq.cloudfront.net\/2020\/08\/06101724\/concurso-C%C3%A2mara-de-Mogi-Gua%C3%A7u-1.jpg","contentUrl":"https:\/\/dhg1h5j42swfq.cloudfront.net\/2020\/08\/06101724\/concurso-C%C3%A2mara-de-Mogi-Gua%C3%A7u-1.jpg","width":279,"height":181},{"@type":"BreadcrumbList","@id":"https:\/\/www.estrategiaconcursos.com.br\/blog\/concurso-camara-de-mogi-mirim\/#breadcrumb","itemListElement":[{"@type":"ListItem","position":1,"name":"In\u00edcio","item":"https:\/\/www.estrategiaconcursos.com.br\/blog\/"},{"@type":"ListItem","position":2,"name":"Concurso C\u00e2mara de Mogi Mirim: provas remarcadas!"}]},{"@type":"WebSite","@id":"https:\/\/www.estrategiaconcursos.com.br\/blog\/#website","url":"https:\/\/www.estrategiaconcursos.com.br\/blog\/","name":"Estrat\u00e9gia Concursos","description":"O blog da Estrat\u00e9gia Concursos traz not\u00edcias sobre concursos e artigos de professores oferecendo cursos para concursos (pdf + videaulas) no site.","publisher":{"@id":"https:\/\/www.estrategiaconcursos.com.br\/blog\/#organization"},"potentialAction":[{"@type":"SearchAction","target":{"@type":"EntryPoint","urlTemplate":"https:\/\/www.estrategiaconcursos.com.br\/blog\/?s={search_term_string}"},"query-input":{"@type":"PropertyValueSpecification","valueRequired":true,"valueName":"search_term_string"}}],"inLanguage":"pt-BR"},{"@type":"Organization","@id":"https:\/\/www.estrategiaconcursos.com.br\/blog\/#organization","name":"Estrat\u00e9gia Concursos","url":"https:\/\/www.estrategiaconcursos.com.br\/blog\/","logo":{"@type":"ImageObject","inLanguage":"pt-BR","@id":"https:\/\/www.estrategiaconcursos.com.br\/blog\/#\/schema\/logo\/image\/","url":"https:\/\/dhg1h5j42swfq.cloudfront.net\/2025\/06\/03203428\/logo_concursos-1.jpg","contentUrl":"https:\/\/dhg1h5j42swfq.cloudfront.net\/2025\/06\/03203428\/logo_concursos-1.jpg","width":230,"height":60,"caption":"Estrat\u00e9gia Concursos"},"image":{"@id":"https:\/\/www.estrategiaconcursos.com.br\/blog\/#\/schema\/logo\/image\/"},"sameAs":["https:\/\/x.com\/EstratConcursos"]},{"@type":"Person","@id":"https:\/\/www.estrategiaconcursos.com.br\/blog\/#\/schema\/person\/b4a388c97673c5f483d72185668afa1f","name":"Coordena\u00e7\u00e3o","image":{"@type":"ImageObject","inLanguage":"pt-BR","@id":"https:\/\/secure.gravatar.com\/avatar\/b720319e4c9a967eb58678d110f4fe35452fc5d5f97b202bac7b8acceb18c6ad?s=96&d=mm&r=g","url":"https:\/\/secure.gravatar.com\/avatar\/b720319e4c9a967eb58678d110f4fe35452fc5d5f97b202bac7b8acceb18c6ad?s=96&d=mm&r=g","contentUrl":"https:\/\/secure.gravatar.com\/avatar\/b720319e4c9a967eb58678d110f4fe35452fc5d5f97b202bac7b8acceb18c6ad?s=96&d=mm&r=g","caption":"Coordena\u00e7\u00e3o"},"sameAs":["https:\/\/www.facebook.com\/EstrategiaConcursos","https:\/\/x.com\/EstratConcursos"],"url":"https:\/\/www.estrategiaconcursos.com.br\/blog\/author\/estrategia2013\/"}]}},"_links":{"self":[{"href":"https:\/\/www.estrategiaconcursos.com.br\/blog\/wp-json\/wp\/v2\/posts\/479497","targetHints":{"allow":["GET"]}}],"collection":[{"href":"https:\/\/www.estrategiaconcursos.com.br\/blog\/wp-json\/wp\/v2\/posts"}],"about":[{"href":"https:\/\/www.estrategiaconcursos.com.br\/blog\/wp-json\/wp\/v2\/types\/post"}],"author":[{"embeddable":true,"href":"https:\/\/www.estrategiaconcursos.com.br\/blog\/wp-json\/wp\/v2\/users\/1"}],"replies":[{"embeddable":true,"href":"https:\/\/www.estrategiaconcursos.com.br\/blog\/wp-json\/wp\/v2\/comments?post=479497"}],"version-history":[{"count":14,"href":"https:\/\/www.estrategiaconcursos.com.br\/blog\/wp-json\/wp\/v2\/posts\/479497\/revisions"}],"predecessor-version":[{"id":1231942,"href":"https:\/\/www.estrategiaconcursos.com.br\/blog\/wp-json\/wp\/v2\/posts\/479497\/revisions\/1231942"}],"wp:featuredmedia":[{"embeddable":true,"href":"https:\/\/www.estrategiaconcursos.com.br\/blog\/wp-json\/wp\/v2\/media\/552062"}],"wp:attachment":[{"href":"https:\/\/www.estrategiaconcursos.com.br\/blog\/wp-json\/wp\/v2\/media?parent=479497"}],"wp:term":[{"taxonomy":"category","embeddable":true,"href":"https:\/\/www.estrategiaconcursos.com.br\/blog\/wp-json\/wp\/v2\/categories?post=479497"},{"taxonomy":"post_tag","embeddable":true,"href":"https:\/\/www.estrategiaconcursos.com.br\/blog\/wp-json\/wp\/v2\/tags?post=479497"},{"taxonomy":"tax_estado","embeddable":true,"href":"https:\/\/www.estrategiaconcursos.com.br\/blog\/wp-json\/wp\/v2\/tax_estado?post=479497"}],"curies":[{"name":"wp","href":"https:\/\/api.w.org\/{rel}","templated":true}]}}