{"id":479494,"date":"2020-02-08T09:10:37","date_gmt":"2020-02-08T12:10:37","guid":{"rendered":"https:\/\/www.estrategiaconcursos.com.br\/blog\/?p=479494"},"modified":"2020-02-12T13:56:46","modified_gmt":"2020-02-12T16:56:46","slug":"ufac-inscricoes-prorrogadas-nivel-medio-superior","status":"publish","type":"post","link":"https:\/\/www.estrategiaconcursos.com.br\/blog\/ufac-inscricoes-prorrogadas-nivel-medio-superior\/","title":{"rendered":"UFAC: inscri\u00e7\u00f5es do certame PRORROGADAS at\u00e9 10 de fevereiro"},"content":{"rendered":"\n<p>Em comunicado publicado na \u00faltima <strong><em>sexta-feira, 07 de fevereiro, <\/em><\/strong>a Comiss\u00e3o Organizadora do concurso para provimento de cargos de t\u00e9cnico-administrativo em educa\u00e7\u00e3o da Universidade Federal do Acre <strong>prorrogou<\/strong> as inscri\u00e7\u00f5es do certame para a pr\u00f3xima <strong><em>segunda-feira, 10 de fevereiro.<\/em><\/strong> <\/p>\n\n\n\n<p>Isso porque, devido a problemas t\u00e9cnicos nos servidores do portal do \u00f3rg\u00e3o, o acesso ao site e ao link de inscri\u00e7\u00f5es se tornou indispon\u00edvel na sexta-feira, 07,  \u00faltimo dia de inscri\u00e7\u00f5es, comprometendo tamb\u00e9m o acesso ao e-mail institucional da institui\u00e7\u00e3o, o que tornou invi\u00e1vel ainda o atendimento aos candidatos por essa via. <\/p>\n\n\n\n<figure class=\"wp-block-image size-large\"><img loading=\"lazy\" decoding=\"async\" width=\"724\" height=\"816\" src=\"https:\/\/dhg1h5j42swfq.cloudfront.net\/2020\/02\/08090438\/seduc-pa-1.jpg\" alt=\"\" class=\"wp-image-479500\" srcset=\"https:\/\/dhg1h5j42swfq.cloudfront.net\/2020\/02\/08090438\/seduc-pa-1.jpg 724w, https:\/\/dhg1h5j42swfq.cloudfront.net\/2020\/02\/08090438\/seduc-pa-1-266x300.jpg 266w, https:\/\/dhg1h5j42swfq.cloudfront.net\/2020\/02\/08090438\/seduc-pa-1-610x688.jpg 610w\" sizes=\"auto, (max-width: 724px) 100vw, 724px\" \/><\/figure>\n\n\n\n<p>Foi prorrogado, em consequ\u00eancia, tamb\u00e9m, o \u00faltimo dia para pagamento do boleto de inscri\u00e7\u00e3o no valor de R$ 80,00 para os cargos de N\u00edvel M\u00e9dio e R$ 130,00 para os cargos de N\u00edvel Superior. Agora os candidatos poder\u00e3o efetu\u00e1-lo at\u00e9 a ter\u00e7a-feira, 11 de fevereiro. <\/p>\n\n\n\n<p>O certame oferta <strong>6 vagas imediatas<\/strong>, das quais <strong>3 <\/strong>s\u00e3o para cargos de N\u00edvel M\u00e9dio e <strong>3 <\/strong>para cargos de N\u00edvel Superior. As <strong>provas objetivas<\/strong> ser\u00e3o aplicadas na cidade de <strong>Rio Branco<\/strong> no dia <strong>10 de maio de 2020.<\/strong><\/p>\n\n\n\n<p style=\"font-size:23px\" class=\"has-background has-text-align-center has-luminous-vivid-amber-background-color\"><strong><em>Mais informa\u00e7\u00f5es<\/em>: <a href=\"https:\/\/www.estrategiaconcursos.com.br\/blog\/concurso-ufac-2020\" target=\"_blank\" rel=\"noreferrer noopener\" aria-label=\"Concurso UFAC (abre numa nova aba)\">Concurso UFAC<\/a><\/strong><\/p>\n\n\n\n<h2 class=\"has-text-align-center wp-block-heading\">Quer estudar para o concurso UFAC? <\/h2>\n\n\n\n<p style=\"font-size:23px\" class=\"has-background has-text-align-center has-cyan-bluish-gray-background-color\"><u class=\"remove-format\"><strong><a href=\"https:\/\/www.estrategiaconcursos.com.br\/cursosPorConcurso\/universidade-federal-do-acre-ufac\/\" target=\"_blank\" rel=\"noreferrer noopener\" aria-label=\"CURSO UFAC (abre numa nova aba)\">CURSO UFAC<\/a><\/strong><\/u><\/p>\n\n\n\n<p class=\"has-text-align-center\"><em><strong>Assinatura Anual Ilimitada*<\/strong><\/em><\/p>\n\n\n\n<p class=\"has-text-align-center\"><em>Prepare-se com o melhor material e com quem mais aprova em&nbsp;Concursos P\u00fablicos de todo o pa\u00eds. Assine agora a nossa Assinatura Anual e tenha acesso ilimitado* a todos os nossos cursos.<\/em><\/p>\n\n\n\n<p style=\"font-size:22px\" class=\"has-background has-text-align-center has-light-green-cyan-background-color\"><strong>ASSINE AGORA&nbsp;\u2013&nbsp;<\/strong><a rel=\"noreferrer noopener\" href=\"https:\/\/www.estrategiaconcursos.com.br\/blog\/concursos-abertos\/\" target=\"_blank\"><strong>Assinatura Ilimitada<\/strong><\/a><\/p>\n\n\n\n<p class=\"has-text-align-center has-medium-font-size\"><em><strong>Fique por dentro de todos os concursos<\/strong><\/em>:<\/p>\n\n\n\n<p style=\"font-size:24px\" class=\"has-background has-text-align-center has-pale-cyan-blue-background-color\"><strong><a href=\"https:\/\/www.estrategiaconcursos.com.br\/blog\/concursos-abertos\/\" target=\"_blank\" rel=\"noreferrer noopener\" aria-label=\"Concursos abertos (abre numa nova aba)\">Concursos abertos<\/a><\/strong><\/p>\n\n\n\n<p style=\"font-size:23px\" class=\"has-background has-text-align-center has-pale-cyan-blue-background-color\"><a rel=\"noreferrer noopener\" aria-label=\"Concursos 2020 (abre numa nova aba)\" href=\"https:\/\/www.estrategiaconcursos.com.br\/blog\/concursos-2020\/\" target=\"_blank\"><strong>Concursos 2020<\/strong><\/a><\/p>\n","protected":false},"excerpt":{"rendered":"<p>Em comunicado publicado na \u00faltima sexta-feira, 07 de fevereiro, a Comiss\u00e3o Organizadora do concurso para provimento de cargos de t\u00e9cnico-administrativo em educa\u00e7\u00e3o da Universidade Federal do Acre prorrogou as inscri\u00e7\u00f5es do certame para a pr\u00f3xima segunda-feira, 10 de fevereiro. Isso porque, devido a problemas t\u00e9cnicos nos servidores do portal do \u00f3rg\u00e3o, o acesso ao site [&hellip;]<\/p>\n","protected":false},"author":214,"featured_media":479503,"comment_status":"open","ping_status":"closed","sticky":false,"template":"","format":"standard","meta":{"post_tipo":"article","footnotes":""},"categories":[1],"tags":[],"tax_estado":[],"class_list":["post-479494","post","type-post","status-publish","format-standard","has-post-thumbnail","hentry","category-cursos-e-concursos"],"acf":[],"yoast_head":"<!-- This site is optimized with the Yoast SEO Premium plugin v27.2 (Yoast SEO v27.2) - https:\/\/yoast.com\/product\/yoast-seo-premium-wordpress\/ -->\n<title>UFAC: inscri\u00e7\u00f5es do certame PRORROGADAS at\u00e9 10 de fevereiro<\/title>\n<meta name=\"robots\" content=\"index, follow, max-snippet:-1, max-image-preview:large, max-video-preview:-1\" \/>\n<link rel=\"canonical\" href=\"https:\/\/www.estrategiaconcursos.com.br\/blog\/ufac-inscricoes-prorrogadas-nivel-medio-superior\/\" \/>\n<meta property=\"og:locale\" content=\"pt_BR\" \/>\n<meta property=\"og:type\" content=\"article\" \/>\n<meta property=\"og:title\" content=\"UFAC: inscri\u00e7\u00f5es do certame PRORROGADAS at\u00e9 10 de fevereiro\" \/>\n<meta property=\"og:description\" content=\"Em comunicado publicado na \u00faltima sexta-feira, 07 de fevereiro, a Comiss\u00e3o Organizadora do concurso para provimento de cargos de t\u00e9cnico-administrativo em educa\u00e7\u00e3o da Universidade Federal do Acre prorrogou as inscri\u00e7\u00f5es do certame para a pr\u00f3xima segunda-feira, 10 de fevereiro. Isso porque, devido a problemas t\u00e9cnicos nos servidores do portal do \u00f3rg\u00e3o, o acesso ao site [&hellip;]\" \/>\n<meta property=\"og:url\" content=\"https:\/\/www.estrategiaconcursos.com.br\/blog\/ufac-inscricoes-prorrogadas-nivel-medio-superior\/\" \/>\n<meta property=\"og:site_name\" content=\"Estrat\u00e9gia Concursos\" \/>\n<meta property=\"article:published_time\" content=\"2020-02-08T12:10:37+00:00\" \/>\n<meta property=\"article:modified_time\" content=\"2020-02-12T16:56:46+00:00\" \/>\n<meta property=\"og:image\" content=\"https:\/\/dhg1h5j42swfq.cloudfront.net\/2020\/02\/08090922\/UFAC.png\" \/>\n\t<meta property=\"og:image:width\" content=\"1200\" \/>\n\t<meta property=\"og:image:height\" content=\"628\" \/>\n\t<meta property=\"og:image:type\" content=\"image\/png\" \/>\n<meta name=\"author\" content=\"D\u00e9cio Terror Filho\" \/>\n<meta name=\"twitter:card\" content=\"summary_large_image\" \/>\n<meta name=\"twitter:creator\" content=\"@EstratConcursos\" \/>\n<meta name=\"twitter:site\" content=\"@EstratConcursos\" \/>\n<meta name=\"twitter:label1\" content=\"Escrito por\" \/>\n\t<meta name=\"twitter:data1\" content=\"D\u00e9cio Terror Filho\" \/>\n\t<meta name=\"twitter:label2\" content=\"Est. tempo de leitura\" \/>\n\t<meta name=\"twitter:data2\" content=\"1 minuto\" \/>\n<script type=\"application\/ld+json\" class=\"yoast-schema-graph\">{\"@context\":\"https:\/\/schema.org\",\"@graph\":[{\"@type\":\"NewsArticle\",\"@id\":\"https:\/\/www.estrategiaconcursos.com.br\/blog\/ufac-inscricoes-prorrogadas-nivel-medio-superior\/#article\",\"isPartOf\":{\"@id\":\"https:\/\/www.estrategiaconcursos.com.br\/blog\/ufac-inscricoes-prorrogadas-nivel-medio-superior\/\"},\"author\":{\"name\":\"D\u00e9cio Terror Filho\",\"@id\":\"https:\/\/www.estrategiaconcursos.com.br\/blog\/#\/schema\/person\/e8165364027a31208914fc77c3314727\"},\"headline\":\"UFAC: inscri\u00e7\u00f5es do certame PRORROGADAS at\u00e9 10 de fevereiro\",\"datePublished\":\"2020-02-08T12:10:37+00:00\",\"dateModified\":\"2020-02-12T16:56:46+00:00\",\"mainEntityOfPage\":{\"@id\":\"https:\/\/www.estrategiaconcursos.com.br\/blog\/ufac-inscricoes-prorrogadas-nivel-medio-superior\/\"},\"wordCount\":267,\"commentCount\":0,\"publisher\":{\"@id\":\"https:\/\/www.estrategiaconcursos.com.br\/blog\/#organization\"},\"image\":{\"@id\":\"https:\/\/www.estrategiaconcursos.com.br\/blog\/ufac-inscricoes-prorrogadas-nivel-medio-superior\/#primaryimage\"},\"thumbnailUrl\":\"https:\/\/dhg1h5j42swfq.cloudfront.net\/2020\/02\/08090922\/UFAC.png\",\"articleSection\":[\"Concursos P\u00fablicos\"],\"inLanguage\":\"pt-BR\",\"potentialAction\":[{\"@type\":\"CommentAction\",\"name\":\"Comment\",\"target\":[\"https:\/\/www.estrategiaconcursos.com.br\/blog\/ufac-inscricoes-prorrogadas-nivel-medio-superior\/#respond\"]}],\"copyrightYear\":\"2020\",\"copyrightHolder\":{\"@id\":\"https:\/\/www.estrategiaconcursos.com.br\/blog\/#organization\"}},{\"@type\":\"WebPage\",\"@id\":\"https:\/\/www.estrategiaconcursos.com.br\/blog\/ufac-inscricoes-prorrogadas-nivel-medio-superior\/\",\"url\":\"https:\/\/www.estrategiaconcursos.com.br\/blog\/ufac-inscricoes-prorrogadas-nivel-medio-superior\/\",\"name\":\"UFAC: inscri\u00e7\u00f5es do certame PRORROGADAS at\u00e9 10 de fevereiro\",\"isPartOf\":{\"@id\":\"https:\/\/www.estrategiaconcursos.com.br\/blog\/#website\"},\"primaryImageOfPage\":{\"@id\":\"https:\/\/www.estrategiaconcursos.com.br\/blog\/ufac-inscricoes-prorrogadas-nivel-medio-superior\/#primaryimage\"},\"image\":{\"@id\":\"https:\/\/www.estrategiaconcursos.com.br\/blog\/ufac-inscricoes-prorrogadas-nivel-medio-superior\/#primaryimage\"},\"thumbnailUrl\":\"https:\/\/dhg1h5j42swfq.cloudfront.net\/2020\/02\/08090922\/UFAC.png\",\"datePublished\":\"2020-02-08T12:10:37+00:00\",\"dateModified\":\"2020-02-12T16:56:46+00:00\",\"breadcrumb\":{\"@id\":\"https:\/\/www.estrategiaconcursos.com.br\/blog\/ufac-inscricoes-prorrogadas-nivel-medio-superior\/#breadcrumb\"},\"inLanguage\":\"pt-BR\",\"potentialAction\":[{\"@type\":\"ReadAction\",\"target\":[\"https:\/\/www.estrategiaconcursos.com.br\/blog\/ufac-inscricoes-prorrogadas-nivel-medio-superior\/\"]}]},{\"@type\":\"ImageObject\",\"inLanguage\":\"pt-BR\",\"@id\":\"https:\/\/www.estrategiaconcursos.com.br\/blog\/ufac-inscricoes-prorrogadas-nivel-medio-superior\/#primaryimage\",\"url\":\"https:\/\/dhg1h5j42swfq.cloudfront.net\/2020\/02\/08090922\/UFAC.png\",\"contentUrl\":\"https:\/\/dhg1h5j42swfq.cloudfront.net\/2020\/02\/08090922\/UFAC.png\",\"width\":1200,\"height\":628},{\"@type\":\"BreadcrumbList\",\"@id\":\"https:\/\/www.estrategiaconcursos.com.br\/blog\/ufac-inscricoes-prorrogadas-nivel-medio-superior\/#breadcrumb\",\"itemListElement\":[{\"@type\":\"ListItem\",\"position\":1,\"name\":\"In\u00edcio\",\"item\":\"https:\/\/www.estrategiaconcursos.com.br\/blog\/\"},{\"@type\":\"ListItem\",\"position\":2,\"name\":\"UFAC: inscri\u00e7\u00f5es do certame PRORROGADAS at\u00e9 10 de fevereiro\"}]},{\"@type\":\"WebSite\",\"@id\":\"https:\/\/www.estrategiaconcursos.com.br\/blog\/#website\",\"url\":\"https:\/\/www.estrategiaconcursos.com.br\/blog\/\",\"name\":\"Estrat\u00e9gia Concursos\",\"description\":\"O blog da Estrat\u00e9gia Concursos traz not\u00edcias sobre concursos e artigos de professores oferecendo cursos para concursos (pdf + videaulas) no site.\",\"publisher\":{\"@id\":\"https:\/\/www.estrategiaconcursos.com.br\/blog\/#organization\"},\"potentialAction\":[{\"@type\":\"SearchAction\",\"target\":{\"@type\":\"EntryPoint\",\"urlTemplate\":\"https:\/\/www.estrategiaconcursos.com.br\/blog\/?s={search_term_string}\"},\"query-input\":{\"@type\":\"PropertyValueSpecification\",\"valueRequired\":true,\"valueName\":\"search_term_string\"}}],\"inLanguage\":\"pt-BR\"},{\"@type\":\"Organization\",\"@id\":\"https:\/\/www.estrategiaconcursos.com.br\/blog\/#organization\",\"name\":\"Estrat\u00e9gia Concursos\",\"url\":\"https:\/\/www.estrategiaconcursos.com.br\/blog\/\",\"logo\":{\"@type\":\"ImageObject\",\"inLanguage\":\"pt-BR\",\"@id\":\"https:\/\/www.estrategiaconcursos.com.br\/blog\/#\/schema\/logo\/image\/\",\"url\":\"https:\/\/dhg1h5j42swfq.cloudfront.net\/2025\/06\/03203428\/logo_concursos-1.jpg\",\"contentUrl\":\"https:\/\/dhg1h5j42swfq.cloudfront.net\/2025\/06\/03203428\/logo_concursos-1.jpg\",\"width\":230,\"height\":60,\"caption\":\"Estrat\u00e9gia Concursos\"},\"image\":{\"@id\":\"https:\/\/www.estrategiaconcursos.com.br\/blog\/#\/schema\/logo\/image\/\"},\"sameAs\":[\"https:\/\/x.com\/EstratConcursos\"]},{\"@type\":\"Person\",\"@id\":\"https:\/\/www.estrategiaconcursos.com.br\/blog\/#\/schema\/person\/e8165364027a31208914fc77c3314727\",\"name\":\"D\u00e9cio Terror Filho\",\"image\":{\"@type\":\"ImageObject\",\"inLanguage\":\"pt-BR\",\"@id\":\"https:\/\/secure.gravatar.com\/avatar\/a5b78e734de7c6482e965926e78344deb81abbc34282a3c9536cbb1a59728a37?s=96&d=mm&r=g\",\"url\":\"https:\/\/secure.gravatar.com\/avatar\/a5b78e734de7c6482e965926e78344deb81abbc34282a3c9536cbb1a59728a37?s=96&d=mm&r=g\",\"contentUrl\":\"https:\/\/secure.gravatar.com\/avatar\/a5b78e734de7c6482e965926e78344deb81abbc34282a3c9536cbb1a59728a37?s=96&d=mm&r=g\",\"caption\":\"D\u00e9cio Terror Filho\"},\"url\":\"https:\/\/www.estrategiaconcursos.com.br\/blog\/author\/contatoterrorportugues-com-br\/\"}]}<\/script>\n<!-- \/ Yoast SEO Premium plugin. -->","yoast_head_json":{"title":"UFAC: inscri\u00e7\u00f5es do certame PRORROGADAS at\u00e9 10 de fevereiro","robots":{"index":"index","follow":"follow","max-snippet":"max-snippet:-1","max-image-preview":"max-image-preview:large","max-video-preview":"max-video-preview:-1"},"canonical":"https:\/\/www.estrategiaconcursos.com.br\/blog\/ufac-inscricoes-prorrogadas-nivel-medio-superior\/","og_locale":"pt_BR","og_type":"article","og_title":"UFAC: inscri\u00e7\u00f5es do certame PRORROGADAS at\u00e9 10 de fevereiro","og_description":"Em comunicado publicado na \u00faltima sexta-feira, 07 de fevereiro, a Comiss\u00e3o Organizadora do concurso para provimento de cargos de t\u00e9cnico-administrativo em educa\u00e7\u00e3o da Universidade Federal do Acre prorrogou as inscri\u00e7\u00f5es do certame para a pr\u00f3xima segunda-feira, 10 de fevereiro. Isso porque, devido a problemas t\u00e9cnicos nos servidores do portal do \u00f3rg\u00e3o, o acesso ao site [&hellip;]","og_url":"https:\/\/www.estrategiaconcursos.com.br\/blog\/ufac-inscricoes-prorrogadas-nivel-medio-superior\/","og_site_name":"Estrat\u00e9gia Concursos","article_published_time":"2020-02-08T12:10:37+00:00","article_modified_time":"2020-02-12T16:56:46+00:00","og_image":[{"width":1200,"height":628,"url":"https:\/\/dhg1h5j42swfq.cloudfront.net\/2020\/02\/08090922\/UFAC.png","type":"image\/png"}],"author":"D\u00e9cio Terror Filho","twitter_card":"summary_large_image","twitter_creator":"@EstratConcursos","twitter_site":"@EstratConcursos","twitter_misc":{"Escrito por":"D\u00e9cio Terror Filho","Est. tempo de leitura":"1 minuto"},"schema":{"@context":"https:\/\/schema.org","@graph":[{"@type":"NewsArticle","@id":"https:\/\/www.estrategiaconcursos.com.br\/blog\/ufac-inscricoes-prorrogadas-nivel-medio-superior\/#article","isPartOf":{"@id":"https:\/\/www.estrategiaconcursos.com.br\/blog\/ufac-inscricoes-prorrogadas-nivel-medio-superior\/"},"author":{"name":"D\u00e9cio Terror Filho","@id":"https:\/\/www.estrategiaconcursos.com.br\/blog\/#\/schema\/person\/e8165364027a31208914fc77c3314727"},"headline":"UFAC: inscri\u00e7\u00f5es do certame PRORROGADAS at\u00e9 10 de fevereiro","datePublished":"2020-02-08T12:10:37+00:00","dateModified":"2020-02-12T16:56:46+00:00","mainEntityOfPage":{"@id":"https:\/\/www.estrategiaconcursos.com.br\/blog\/ufac-inscricoes-prorrogadas-nivel-medio-superior\/"},"wordCount":267,"commentCount":0,"publisher":{"@id":"https:\/\/www.estrategiaconcursos.com.br\/blog\/#organization"},"image":{"@id":"https:\/\/www.estrategiaconcursos.com.br\/blog\/ufac-inscricoes-prorrogadas-nivel-medio-superior\/#primaryimage"},"thumbnailUrl":"https:\/\/dhg1h5j42swfq.cloudfront.net\/2020\/02\/08090922\/UFAC.png","articleSection":["Concursos P\u00fablicos"],"inLanguage":"pt-BR","potentialAction":[{"@type":"CommentAction","name":"Comment","target":["https:\/\/www.estrategiaconcursos.com.br\/blog\/ufac-inscricoes-prorrogadas-nivel-medio-superior\/#respond"]}],"copyrightYear":"2020","copyrightHolder":{"@id":"https:\/\/www.estrategiaconcursos.com.br\/blog\/#organization"}},{"@type":"WebPage","@id":"https:\/\/www.estrategiaconcursos.com.br\/blog\/ufac-inscricoes-prorrogadas-nivel-medio-superior\/","url":"https:\/\/www.estrategiaconcursos.com.br\/blog\/ufac-inscricoes-prorrogadas-nivel-medio-superior\/","name":"UFAC: inscri\u00e7\u00f5es do certame PRORROGADAS at\u00e9 10 de fevereiro","isPartOf":{"@id":"https:\/\/www.estrategiaconcursos.com.br\/blog\/#website"},"primaryImageOfPage":{"@id":"https:\/\/www.estrategiaconcursos.com.br\/blog\/ufac-inscricoes-prorrogadas-nivel-medio-superior\/#primaryimage"},"image":{"@id":"https:\/\/www.estrategiaconcursos.com.br\/blog\/ufac-inscricoes-prorrogadas-nivel-medio-superior\/#primaryimage"},"thumbnailUrl":"https:\/\/dhg1h5j42swfq.cloudfront.net\/2020\/02\/08090922\/UFAC.png","datePublished":"2020-02-08T12:10:37+00:00","dateModified":"2020-02-12T16:56:46+00:00","breadcrumb":{"@id":"https:\/\/www.estrategiaconcursos.com.br\/blog\/ufac-inscricoes-prorrogadas-nivel-medio-superior\/#breadcrumb"},"inLanguage":"pt-BR","potentialAction":[{"@type":"ReadAction","target":["https:\/\/www.estrategiaconcursos.com.br\/blog\/ufac-inscricoes-prorrogadas-nivel-medio-superior\/"]}]},{"@type":"ImageObject","inLanguage":"pt-BR","@id":"https:\/\/www.estrategiaconcursos.com.br\/blog\/ufac-inscricoes-prorrogadas-nivel-medio-superior\/#primaryimage","url":"https:\/\/dhg1h5j42swfq.cloudfront.net\/2020\/02\/08090922\/UFAC.png","contentUrl":"https:\/\/dhg1h5j42swfq.cloudfront.net\/2020\/02\/08090922\/UFAC.png","width":1200,"height":628},{"@type":"BreadcrumbList","@id":"https:\/\/www.estrategiaconcursos.com.br\/blog\/ufac-inscricoes-prorrogadas-nivel-medio-superior\/#breadcrumb","itemListElement":[{"@type":"ListItem","position":1,"name":"In\u00edcio","item":"https:\/\/www.estrategiaconcursos.com.br\/blog\/"},{"@type":"ListItem","position":2,"name":"UFAC: inscri\u00e7\u00f5es do certame PRORROGADAS at\u00e9 10 de fevereiro"}]},{"@type":"WebSite","@id":"https:\/\/www.estrategiaconcursos.com.br\/blog\/#website","url":"https:\/\/www.estrategiaconcursos.com.br\/blog\/","name":"Estrat\u00e9gia Concursos","description":"O blog da Estrat\u00e9gia Concursos traz not\u00edcias sobre concursos e artigos de professores oferecendo cursos para concursos (pdf + videaulas) no site.","publisher":{"@id":"https:\/\/www.estrategiaconcursos.com.br\/blog\/#organization"},"potentialAction":[{"@type":"SearchAction","target":{"@type":"EntryPoint","urlTemplate":"https:\/\/www.estrategiaconcursos.com.br\/blog\/?s={search_term_string}"},"query-input":{"@type":"PropertyValueSpecification","valueRequired":true,"valueName":"search_term_string"}}],"inLanguage":"pt-BR"},{"@type":"Organization","@id":"https:\/\/www.estrategiaconcursos.com.br\/blog\/#organization","name":"Estrat\u00e9gia Concursos","url":"https:\/\/www.estrategiaconcursos.com.br\/blog\/","logo":{"@type":"ImageObject","inLanguage":"pt-BR","@id":"https:\/\/www.estrategiaconcursos.com.br\/blog\/#\/schema\/logo\/image\/","url":"https:\/\/dhg1h5j42swfq.cloudfront.net\/2025\/06\/03203428\/logo_concursos-1.jpg","contentUrl":"https:\/\/dhg1h5j42swfq.cloudfront.net\/2025\/06\/03203428\/logo_concursos-1.jpg","width":230,"height":60,"caption":"Estrat\u00e9gia Concursos"},"image":{"@id":"https:\/\/www.estrategiaconcursos.com.br\/blog\/#\/schema\/logo\/image\/"},"sameAs":["https:\/\/x.com\/EstratConcursos"]},{"@type":"Person","@id":"https:\/\/www.estrategiaconcursos.com.br\/blog\/#\/schema\/person\/e8165364027a31208914fc77c3314727","name":"D\u00e9cio Terror Filho","image":{"@type":"ImageObject","inLanguage":"pt-BR","@id":"https:\/\/secure.gravatar.com\/avatar\/a5b78e734de7c6482e965926e78344deb81abbc34282a3c9536cbb1a59728a37?s=96&d=mm&r=g","url":"https:\/\/secure.gravatar.com\/avatar\/a5b78e734de7c6482e965926e78344deb81abbc34282a3c9536cbb1a59728a37?s=96&d=mm&r=g","contentUrl":"https:\/\/secure.gravatar.com\/avatar\/a5b78e734de7c6482e965926e78344deb81abbc34282a3c9536cbb1a59728a37?s=96&d=mm&r=g","caption":"D\u00e9cio Terror Filho"},"url":"https:\/\/www.estrategiaconcursos.com.br\/blog\/author\/contatoterrorportugues-com-br\/"}]}},"_links":{"self":[{"href":"https:\/\/www.estrategiaconcursos.com.br\/blog\/wp-json\/wp\/v2\/posts\/479494","targetHints":{"allow":["GET"]}}],"collection":[{"href":"https:\/\/www.estrategiaconcursos.com.br\/blog\/wp-json\/wp\/v2\/posts"}],"about":[{"href":"https:\/\/www.estrategiaconcursos.com.br\/blog\/wp-json\/wp\/v2\/types\/post"}],"author":[{"embeddable":true,"href":"https:\/\/www.estrategiaconcursos.com.br\/blog\/wp-json\/wp\/v2\/users\/214"}],"replies":[{"embeddable":true,"href":"https:\/\/www.estrategiaconcursos.com.br\/blog\/wp-json\/wp\/v2\/comments?post=479494"}],"version-history":[{"count":4,"href":"https:\/\/www.estrategiaconcursos.com.br\/blog\/wp-json\/wp\/v2\/posts\/479494\/revisions"}],"predecessor-version":[{"id":480884,"href":"https:\/\/www.estrategiaconcursos.com.br\/blog\/wp-json\/wp\/v2\/posts\/479494\/revisions\/480884"}],"wp:featuredmedia":[{"embeddable":true,"href":"https:\/\/www.estrategiaconcursos.com.br\/blog\/wp-json\/wp\/v2\/media\/479503"}],"wp:attachment":[{"href":"https:\/\/www.estrategiaconcursos.com.br\/blog\/wp-json\/wp\/v2\/media?parent=479494"}],"wp:term":[{"taxonomy":"category","embeddable":true,"href":"https:\/\/www.estrategiaconcursos.com.br\/blog\/wp-json\/wp\/v2\/categories?post=479494"},{"taxonomy":"post_tag","embeddable":true,"href":"https:\/\/www.estrategiaconcursos.com.br\/blog\/wp-json\/wp\/v2\/tags?post=479494"},{"taxonomy":"tax_estado","embeddable":true,"href":"https:\/\/www.estrategiaconcursos.com.br\/blog\/wp-json\/wp\/v2\/tax_estado?post=479494"}],"curies":[{"name":"wp","href":"https:\/\/api.w.org\/{rel}","templated":true}]}}