{"id":479479,"date":"2020-02-07T21:13:44","date_gmt":"2020-02-08T00:13:44","guid":{"rendered":"https:\/\/www.estrategiaconcursos.com.br\/blog\/?p=479479"},"modified":"2020-05-06T14:26:33","modified_gmt":"2020-05-06T17:26:33","slug":"concurso-pcdf-escrivao-tema-de-redacao-64","status":"publish","type":"post","link":"https:\/\/www.estrategiaconcursos.com.br\/blog\/concurso-pcdf-escrivao-tema-de-redacao-64\/","title":{"rendered":"Concurso PCDF Escriv\u00e3o: Tema de Reda\u00e7\u00e3o 64"},"content":{"rendered":"\n<p>Oi, oi, oi! O assunto do dia \u00e9 a retirada de grandes obras liter\u00e1rias do educa\u00e7\u00e3o p\u00fablica de Rond\u00f4nia. Esse tema deu o que falar e se tornou ponto importante para a reda\u00e7\u00e3o do Concurso PCDF Escriv\u00e3o. <\/p>\n\n\n\n<p class=\"has-text-align-center\"><strong>Proposta de Reda\u00e7\u00e3o 64<\/strong><\/p>\n\n\n\n<p>O presidente da ABL (Academia\nBrasileira de Letras), Marco Lucchesi, classificou como &#8220;absurdo&#8221; o\nmemorando da Secretaria de Estado da Educa\u00e7\u00e3o de Rond\u00f4nia com uma lista de 43\nobras cl\u00e1ssicas da literatura brasileira e mundial a serem recolhidas de\nescolas, supostamente por terem conte\u00fados inadequados para crian\u00e7as e\nadolescentes. Entre os livros est\u00e3o &#8220;Macuna\u00edma&#8221;, de M\u00e1rio de Andrade,\ne &#8220;Mem\u00f3rias P\u00f3stumas de Br\u00e1s Cubas&#8221;, de Machado de Assis, al\u00e9m de\nt\u00edtulos de Rubem Fonseca, Carlos Heitor Cony e Franz Kafka, entre outros. <\/p>\n\n\n\n<p>Diante da repercuss\u00e3o negativa da\nnot\u00edcia do recolhimento dos livros, divulgado inicialmente pelo jornal Folha de\nS. Paulo, a Secretaria de Estado da Educa\u00e7\u00e3o de Rond\u00f4nia recuou e divulgou, em\nnota, que &#8220;reconhece que os livros s\u00e3o obras de autores consagrados\nmundialmente e cumprem um papel importante para uma constru\u00e7\u00e3o social&#8221;.\nSegundo a Secretaria de Estado da Educa\u00e7\u00e3o, a equipe t\u00e9cnica da pasta iniciou a\nan\u00e1lise sobre conte\u00fados inapropriados em livros did\u00e1ticos ap\u00f3s receber uma\nden\u00fancia. Por\u00e9m, constatou que os t\u00edtulos citados eram cl\u00e1ssicos, muitos deles\nusados em vestibulares. Por isso, o processo de an\u00e1lise t\u00e9cnica foi encerrado\nimediatamente, sem supostamente qualquer ordem de tramita\u00e7\u00e3o para outros \u00f3rg\u00e3os.<\/p>\n\n\n\n<p>Fonte: <a href=\"https:\/\/educacao.uol.com.br\/noticias\/2020\/02\/07\/pais-vive-epidemia-de-ignorancia-diz-presidente-da-academia-de-letras.htm\">https:\/\/educacao.uol.com.br\/noticias\/2020\/02\/07\/pais-vive-epidemia-de-ignorancia-diz-presidente-da-academia-de-letras.htm<\/a>\n<\/p>\n\n\n\n<p>Tendo o texto acima apenas como\nmotivador, desenvolva uma disserta\u00e7\u00e3o sobre o tema: <\/p>\n\n\n\n<p class=\"has-text-align-center\"><strong>O cerceamento da literatura e seu reflexo na forma\u00e7\u00e3o cidad\u00e3 <\/strong><\/p>\n\n\n\n<p>Para o seu texto, aborde,\nobrigatoriamente, os seguintes aspectos: <\/p>\n\n\n\n<ol class=\"wp-block-list\"><li>Aborde      alguns pontos que podem ser considerados obst\u00e1culos para a forma\u00e7\u00e3o de      leitores no Brasil [10,00]<\/li><li>Comente      sobre a import\u00e2ncia da leitura na forma\u00e7\u00e3o de cidad\u00e3os [10,00]<\/li><li>&nbsp; Explane medidas que podem ser aplicadas      para a propaga\u00e7\u00e3o do n\u00famero de leitores no pa\u00eds [9,00] <\/li><\/ol>\n\n\n\n<p>Venha conhecer nosso curso das discursivas para o concurso PCDF Escriv\u00e3o em <a href=\"https:\/\/www.estrategiaconcursos.com.br\/curso\/correcao-analitica-de-discursivas-p-pc-df-escrivao-3-correcoes-por-aluno-pos-edital\/\">https:\/\/www.estrategiaconcursos.com.br\/curso\/correcao-analitica-de-discursivas-p-pc-df-escrivao-3-correcoes-por-aluno-pos-edital\/<\/a><\/p>\n\n\n\n<p>Abra\u00e7os, <\/p>\n\n\n\n<p>Janaina Arruda (@profa.janaina.arruda) <\/p>\n","protected":false},"excerpt":{"rendered":"<p>Oi, oi, oi! O assunto do dia \u00e9 a retirada de grandes obras liter\u00e1rias do educa\u00e7\u00e3o p\u00fablica de Rond\u00f4nia. Esse tema deu o que falar e se tornou ponto importante para a reda\u00e7\u00e3o do Concurso PCDF Escriv\u00e3o. Proposta de Reda\u00e7\u00e3o 64 O presidente da ABL (Academia Brasileira de Letras), Marco Lucchesi, classificou como &#8220;absurdo&#8221; o [&hellip;]<\/p>\n","protected":false},"author":1430,"featured_media":0,"comment_status":"open","ping_status":"closed","sticky":false,"template":"","format":"standard","meta":{"post_tipo":"article","footnotes":""},"categories":[1],"tags":[],"tax_estado":[],"class_list":["post-479479","post","type-post","status-publish","format-standard","hentry","category-cursos-e-concursos"],"acf":[],"yoast_head":"<!-- This site is optimized with the Yoast SEO Premium plugin v27.2 (Yoast SEO v27.2) - https:\/\/yoast.com\/product\/yoast-seo-premium-wordpress\/ -->\n<title>Concurso PCDF Escriv\u00e3o: Tema de Reda\u00e7\u00e3o 64<\/title>\n<meta name=\"description\" content=\"O assunto do dia \u00e9 a retirada de grandes obras liter\u00e1rias do educa\u00e7\u00e3o p\u00fablica de Rond\u00f4nia. Esse tema se tornou importante para o Concurso PCDF Escriv\u00e3o.\" \/>\n<meta name=\"robots\" content=\"index, follow, max-snippet:-1, max-image-preview:large, max-video-preview:-1\" \/>\n<link rel=\"canonical\" href=\"https:\/\/www.estrategiaconcursos.com.br\/blog\/concurso-pcdf-escrivao-tema-de-redacao-64\/\" \/>\n<meta property=\"og:locale\" content=\"pt_BR\" \/>\n<meta property=\"og:type\" content=\"article\" \/>\n<meta property=\"og:title\" content=\"Concurso PCDF Escriv\u00e3o: Tema de Reda\u00e7\u00e3o 64\" \/>\n<meta property=\"og:description\" content=\"O assunto do dia \u00e9 a retirada de grandes obras liter\u00e1rias do educa\u00e7\u00e3o p\u00fablica de Rond\u00f4nia. Esse tema se tornou importante para o Concurso PCDF Escriv\u00e3o.\" \/>\n<meta property=\"og:url\" content=\"https:\/\/www.estrategiaconcursos.com.br\/blog\/concurso-pcdf-escrivao-tema-de-redacao-64\/\" \/>\n<meta property=\"og:site_name\" content=\"Estrat\u00e9gia Concursos\" \/>\n<meta property=\"article:published_time\" content=\"2020-02-08T00:13:44+00:00\" \/>\n<meta property=\"article:modified_time\" content=\"2020-05-06T17:26:33+00:00\" \/>\n<meta name=\"author\" content=\"Janaina Arruda\" \/>\n<meta name=\"twitter:card\" content=\"summary_large_image\" \/>\n<meta name=\"twitter:creator\" content=\"@EstratConcursos\" \/>\n<meta name=\"twitter:site\" content=\"@EstratConcursos\" \/>\n<meta name=\"twitter:label1\" content=\"Escrito por\" \/>\n\t<meta name=\"twitter:data1\" content=\"Janaina Arruda\" \/>\n\t<meta name=\"twitter:label2\" content=\"Est. tempo de leitura\" \/>\n\t<meta name=\"twitter:data2\" content=\"2 minutos\" \/>\n<script type=\"application\/ld+json\" class=\"yoast-schema-graph\">{\"@context\":\"https:\/\/schema.org\",\"@graph\":[{\"@type\":\"NewsArticle\",\"@id\":\"https:\/\/www.estrategiaconcursos.com.br\/blog\/concurso-pcdf-escrivao-tema-de-redacao-64\/#article\",\"isPartOf\":{\"@id\":\"https:\/\/www.estrategiaconcursos.com.br\/blog\/concurso-pcdf-escrivao-tema-de-redacao-64\/\"},\"author\":{\"name\":\"Janaina Arruda\",\"@id\":\"https:\/\/www.estrategiaconcursos.com.br\/blog\/#\/schema\/person\/f2fb305e65e771b216148107c0d96d68\"},\"headline\":\"Concurso PCDF Escriv\u00e3o: Tema de Reda\u00e7\u00e3o 64\",\"datePublished\":\"2020-02-08T00:13:44+00:00\",\"dateModified\":\"2020-05-06T17:26:33+00:00\",\"mainEntityOfPage\":{\"@id\":\"https:\/\/www.estrategiaconcursos.com.br\/blog\/concurso-pcdf-escrivao-tema-de-redacao-64\/\"},\"wordCount\":396,\"commentCount\":0,\"publisher\":{\"@id\":\"https:\/\/www.estrategiaconcursos.com.br\/blog\/#organization\"},\"articleSection\":[\"Concursos P\u00fablicos\"],\"inLanguage\":\"pt-BR\",\"potentialAction\":[{\"@type\":\"CommentAction\",\"name\":\"Comment\",\"target\":[\"https:\/\/www.estrategiaconcursos.com.br\/blog\/concurso-pcdf-escrivao-tema-de-redacao-64\/#respond\"]}],\"copyrightYear\":\"2020\",\"copyrightHolder\":{\"@id\":\"https:\/\/www.estrategiaconcursos.com.br\/blog\/#organization\"}},{\"@type\":\"WebPage\",\"@id\":\"https:\/\/www.estrategiaconcursos.com.br\/blog\/concurso-pcdf-escrivao-tema-de-redacao-64\/\",\"url\":\"https:\/\/www.estrategiaconcursos.com.br\/blog\/concurso-pcdf-escrivao-tema-de-redacao-64\/\",\"name\":\"Concurso PCDF Escriv\u00e3o: Tema de Reda\u00e7\u00e3o 64\",\"isPartOf\":{\"@id\":\"https:\/\/www.estrategiaconcursos.com.br\/blog\/#website\"},\"datePublished\":\"2020-02-08T00:13:44+00:00\",\"dateModified\":\"2020-05-06T17:26:33+00:00\",\"description\":\"O assunto do dia \u00e9 a retirada de grandes obras liter\u00e1rias do educa\u00e7\u00e3o p\u00fablica de Rond\u00f4nia. Esse tema se tornou importante para o Concurso PCDF Escriv\u00e3o.\",\"breadcrumb\":{\"@id\":\"https:\/\/www.estrategiaconcursos.com.br\/blog\/concurso-pcdf-escrivao-tema-de-redacao-64\/#breadcrumb\"},\"inLanguage\":\"pt-BR\",\"potentialAction\":[{\"@type\":\"ReadAction\",\"target\":[\"https:\/\/www.estrategiaconcursos.com.br\/blog\/concurso-pcdf-escrivao-tema-de-redacao-64\/\"]}]},{\"@type\":\"BreadcrumbList\",\"@id\":\"https:\/\/www.estrategiaconcursos.com.br\/blog\/concurso-pcdf-escrivao-tema-de-redacao-64\/#breadcrumb\",\"itemListElement\":[{\"@type\":\"ListItem\",\"position\":1,\"name\":\"In\u00edcio\",\"item\":\"https:\/\/www.estrategiaconcursos.com.br\/blog\/\"},{\"@type\":\"ListItem\",\"position\":2,\"name\":\"Concurso PCDF Escriv\u00e3o: Tema de Reda\u00e7\u00e3o 64\"}]},{\"@type\":\"WebSite\",\"@id\":\"https:\/\/www.estrategiaconcursos.com.br\/blog\/#website\",\"url\":\"https:\/\/www.estrategiaconcursos.com.br\/blog\/\",\"name\":\"Estrat\u00e9gia Concursos\",\"description\":\"O blog da Estrat\u00e9gia Concursos traz not\u00edcias sobre concursos e artigos de professores oferecendo cursos para concursos (pdf + videaulas) no site.\",\"publisher\":{\"@id\":\"https:\/\/www.estrategiaconcursos.com.br\/blog\/#organization\"},\"potentialAction\":[{\"@type\":\"SearchAction\",\"target\":{\"@type\":\"EntryPoint\",\"urlTemplate\":\"https:\/\/www.estrategiaconcursos.com.br\/blog\/?s={search_term_string}\"},\"query-input\":{\"@type\":\"PropertyValueSpecification\",\"valueRequired\":true,\"valueName\":\"search_term_string\"}}],\"inLanguage\":\"pt-BR\"},{\"@type\":\"Organization\",\"@id\":\"https:\/\/www.estrategiaconcursos.com.br\/blog\/#organization\",\"name\":\"Estrat\u00e9gia Concursos\",\"url\":\"https:\/\/www.estrategiaconcursos.com.br\/blog\/\",\"logo\":{\"@type\":\"ImageObject\",\"inLanguage\":\"pt-BR\",\"@id\":\"https:\/\/www.estrategiaconcursos.com.br\/blog\/#\/schema\/logo\/image\/\",\"url\":\"https:\/\/dhg1h5j42swfq.cloudfront.net\/2025\/06\/03203428\/logo_concursos-1.jpg\",\"contentUrl\":\"https:\/\/dhg1h5j42swfq.cloudfront.net\/2025\/06\/03203428\/logo_concursos-1.jpg\",\"width\":230,\"height\":60,\"caption\":\"Estrat\u00e9gia Concursos\"},\"image\":{\"@id\":\"https:\/\/www.estrategiaconcursos.com.br\/blog\/#\/schema\/logo\/image\/\"},\"sameAs\":[\"https:\/\/x.com\/EstratConcursos\"]},{\"@type\":\"Person\",\"@id\":\"https:\/\/www.estrategiaconcursos.com.br\/blog\/#\/schema\/person\/f2fb305e65e771b216148107c0d96d68\",\"name\":\"Janaina Arruda\",\"image\":{\"@type\":\"ImageObject\",\"inLanguage\":\"pt-BR\",\"@id\":\"https:\/\/secure.gravatar.com\/avatar\/9377d341617569b19a8eb58b32e54c10304cac645ab0cef38c66bfa34f77bdc6?s=96&d=mm&r=g\",\"url\":\"https:\/\/secure.gravatar.com\/avatar\/9377d341617569b19a8eb58b32e54c10304cac645ab0cef38c66bfa34f77bdc6?s=96&d=mm&r=g\",\"contentUrl\":\"https:\/\/secure.gravatar.com\/avatar\/9377d341617569b19a8eb58b32e54c10304cac645ab0cef38c66bfa34f77bdc6?s=96&d=mm&r=g\",\"caption\":\"Janaina Arruda\"},\"url\":\"https:\/\/www.estrategiaconcursos.com.br\/blog\/author\/arruda-janhotmail-com\/\"}]}<\/script>\n<!-- \/ Yoast SEO Premium plugin. -->","yoast_head_json":{"title":"Concurso PCDF Escriv\u00e3o: Tema de Reda\u00e7\u00e3o 64","description":"O assunto do dia \u00e9 a retirada de grandes obras liter\u00e1rias do educa\u00e7\u00e3o p\u00fablica de Rond\u00f4nia. Esse tema se tornou importante para o Concurso PCDF Escriv\u00e3o.","robots":{"index":"index","follow":"follow","max-snippet":"max-snippet:-1","max-image-preview":"max-image-preview:large","max-video-preview":"max-video-preview:-1"},"canonical":"https:\/\/www.estrategiaconcursos.com.br\/blog\/concurso-pcdf-escrivao-tema-de-redacao-64\/","og_locale":"pt_BR","og_type":"article","og_title":"Concurso PCDF Escriv\u00e3o: Tema de Reda\u00e7\u00e3o 64","og_description":"O assunto do dia \u00e9 a retirada de grandes obras liter\u00e1rias do educa\u00e7\u00e3o p\u00fablica de Rond\u00f4nia. Esse tema se tornou importante para o Concurso PCDF Escriv\u00e3o.","og_url":"https:\/\/www.estrategiaconcursos.com.br\/blog\/concurso-pcdf-escrivao-tema-de-redacao-64\/","og_site_name":"Estrat\u00e9gia Concursos","article_published_time":"2020-02-08T00:13:44+00:00","article_modified_time":"2020-05-06T17:26:33+00:00","author":"Janaina Arruda","twitter_card":"summary_large_image","twitter_creator":"@EstratConcursos","twitter_site":"@EstratConcursos","twitter_misc":{"Escrito por":"Janaina Arruda","Est. tempo de leitura":"2 minutos"},"schema":{"@context":"https:\/\/schema.org","@graph":[{"@type":"NewsArticle","@id":"https:\/\/www.estrategiaconcursos.com.br\/blog\/concurso-pcdf-escrivao-tema-de-redacao-64\/#article","isPartOf":{"@id":"https:\/\/www.estrategiaconcursos.com.br\/blog\/concurso-pcdf-escrivao-tema-de-redacao-64\/"},"author":{"name":"Janaina Arruda","@id":"https:\/\/www.estrategiaconcursos.com.br\/blog\/#\/schema\/person\/f2fb305e65e771b216148107c0d96d68"},"headline":"Concurso PCDF Escriv\u00e3o: Tema de Reda\u00e7\u00e3o 64","datePublished":"2020-02-08T00:13:44+00:00","dateModified":"2020-05-06T17:26:33+00:00","mainEntityOfPage":{"@id":"https:\/\/www.estrategiaconcursos.com.br\/blog\/concurso-pcdf-escrivao-tema-de-redacao-64\/"},"wordCount":396,"commentCount":0,"publisher":{"@id":"https:\/\/www.estrategiaconcursos.com.br\/blog\/#organization"},"articleSection":["Concursos P\u00fablicos"],"inLanguage":"pt-BR","potentialAction":[{"@type":"CommentAction","name":"Comment","target":["https:\/\/www.estrategiaconcursos.com.br\/blog\/concurso-pcdf-escrivao-tema-de-redacao-64\/#respond"]}],"copyrightYear":"2020","copyrightHolder":{"@id":"https:\/\/www.estrategiaconcursos.com.br\/blog\/#organization"}},{"@type":"WebPage","@id":"https:\/\/www.estrategiaconcursos.com.br\/blog\/concurso-pcdf-escrivao-tema-de-redacao-64\/","url":"https:\/\/www.estrategiaconcursos.com.br\/blog\/concurso-pcdf-escrivao-tema-de-redacao-64\/","name":"Concurso PCDF Escriv\u00e3o: Tema de Reda\u00e7\u00e3o 64","isPartOf":{"@id":"https:\/\/www.estrategiaconcursos.com.br\/blog\/#website"},"datePublished":"2020-02-08T00:13:44+00:00","dateModified":"2020-05-06T17:26:33+00:00","description":"O assunto do dia \u00e9 a retirada de grandes obras liter\u00e1rias do educa\u00e7\u00e3o p\u00fablica de Rond\u00f4nia. Esse tema se tornou importante para o Concurso PCDF Escriv\u00e3o.","breadcrumb":{"@id":"https:\/\/www.estrategiaconcursos.com.br\/blog\/concurso-pcdf-escrivao-tema-de-redacao-64\/#breadcrumb"},"inLanguage":"pt-BR","potentialAction":[{"@type":"ReadAction","target":["https:\/\/www.estrategiaconcursos.com.br\/blog\/concurso-pcdf-escrivao-tema-de-redacao-64\/"]}]},{"@type":"BreadcrumbList","@id":"https:\/\/www.estrategiaconcursos.com.br\/blog\/concurso-pcdf-escrivao-tema-de-redacao-64\/#breadcrumb","itemListElement":[{"@type":"ListItem","position":1,"name":"In\u00edcio","item":"https:\/\/www.estrategiaconcursos.com.br\/blog\/"},{"@type":"ListItem","position":2,"name":"Concurso PCDF Escriv\u00e3o: Tema de Reda\u00e7\u00e3o 64"}]},{"@type":"WebSite","@id":"https:\/\/www.estrategiaconcursos.com.br\/blog\/#website","url":"https:\/\/www.estrategiaconcursos.com.br\/blog\/","name":"Estrat\u00e9gia Concursos","description":"O blog da Estrat\u00e9gia Concursos traz not\u00edcias sobre concursos e artigos de professores oferecendo cursos para concursos (pdf + videaulas) no site.","publisher":{"@id":"https:\/\/www.estrategiaconcursos.com.br\/blog\/#organization"},"potentialAction":[{"@type":"SearchAction","target":{"@type":"EntryPoint","urlTemplate":"https:\/\/www.estrategiaconcursos.com.br\/blog\/?s={search_term_string}"},"query-input":{"@type":"PropertyValueSpecification","valueRequired":true,"valueName":"search_term_string"}}],"inLanguage":"pt-BR"},{"@type":"Organization","@id":"https:\/\/www.estrategiaconcursos.com.br\/blog\/#organization","name":"Estrat\u00e9gia Concursos","url":"https:\/\/www.estrategiaconcursos.com.br\/blog\/","logo":{"@type":"ImageObject","inLanguage":"pt-BR","@id":"https:\/\/www.estrategiaconcursos.com.br\/blog\/#\/schema\/logo\/image\/","url":"https:\/\/dhg1h5j42swfq.cloudfront.net\/2025\/06\/03203428\/logo_concursos-1.jpg","contentUrl":"https:\/\/dhg1h5j42swfq.cloudfront.net\/2025\/06\/03203428\/logo_concursos-1.jpg","width":230,"height":60,"caption":"Estrat\u00e9gia Concursos"},"image":{"@id":"https:\/\/www.estrategiaconcursos.com.br\/blog\/#\/schema\/logo\/image\/"},"sameAs":["https:\/\/x.com\/EstratConcursos"]},{"@type":"Person","@id":"https:\/\/www.estrategiaconcursos.com.br\/blog\/#\/schema\/person\/f2fb305e65e771b216148107c0d96d68","name":"Janaina Arruda","image":{"@type":"ImageObject","inLanguage":"pt-BR","@id":"https:\/\/secure.gravatar.com\/avatar\/9377d341617569b19a8eb58b32e54c10304cac645ab0cef38c66bfa34f77bdc6?s=96&d=mm&r=g","url":"https:\/\/secure.gravatar.com\/avatar\/9377d341617569b19a8eb58b32e54c10304cac645ab0cef38c66bfa34f77bdc6?s=96&d=mm&r=g","contentUrl":"https:\/\/secure.gravatar.com\/avatar\/9377d341617569b19a8eb58b32e54c10304cac645ab0cef38c66bfa34f77bdc6?s=96&d=mm&r=g","caption":"Janaina Arruda"},"url":"https:\/\/www.estrategiaconcursos.com.br\/blog\/author\/arruda-janhotmail-com\/"}]}},"_links":{"self":[{"href":"https:\/\/www.estrategiaconcursos.com.br\/blog\/wp-json\/wp\/v2\/posts\/479479","targetHints":{"allow":["GET"]}}],"collection":[{"href":"https:\/\/www.estrategiaconcursos.com.br\/blog\/wp-json\/wp\/v2\/posts"}],"about":[{"href":"https:\/\/www.estrategiaconcursos.com.br\/blog\/wp-json\/wp\/v2\/types\/post"}],"author":[{"embeddable":true,"href":"https:\/\/www.estrategiaconcursos.com.br\/blog\/wp-json\/wp\/v2\/users\/1430"}],"replies":[{"embeddable":true,"href":"https:\/\/www.estrategiaconcursos.com.br\/blog\/wp-json\/wp\/v2\/comments?post=479479"}],"version-history":[{"count":2,"href":"https:\/\/www.estrategiaconcursos.com.br\/blog\/wp-json\/wp\/v2\/posts\/479479\/revisions"}],"predecessor-version":[{"id":511251,"href":"https:\/\/www.estrategiaconcursos.com.br\/blog\/wp-json\/wp\/v2\/posts\/479479\/revisions\/511251"}],"wp:attachment":[{"href":"https:\/\/www.estrategiaconcursos.com.br\/blog\/wp-json\/wp\/v2\/media?parent=479479"}],"wp:term":[{"taxonomy":"category","embeddable":true,"href":"https:\/\/www.estrategiaconcursos.com.br\/blog\/wp-json\/wp\/v2\/categories?post=479479"},{"taxonomy":"post_tag","embeddable":true,"href":"https:\/\/www.estrategiaconcursos.com.br\/blog\/wp-json\/wp\/v2\/tags?post=479479"},{"taxonomy":"tax_estado","embeddable":true,"href":"https:\/\/www.estrategiaconcursos.com.br\/blog\/wp-json\/wp\/v2\/tax_estado?post=479479"}],"curies":[{"name":"wp","href":"https:\/\/api.w.org\/{rel}","templated":true}]}}