{"id":479321,"date":"2020-02-07T17:06:41","date_gmt":"2020-02-07T20:06:41","guid":{"rendered":"https:\/\/www.estrategiaconcursos.com.br\/blog\/?p=479321"},"modified":"2020-02-07T18:00:18","modified_gmt":"2020-02-07T21:00:18","slug":"presidente-do-tce-am-confirma-edital","status":"publish","type":"post","link":"https:\/\/www.estrategiaconcursos.com.br\/blog\/presidente-do-tce-am-confirma-edital\/","title":{"rendered":"Presidente do TCE AM confirma recomposi\u00e7\u00e3o de servidores para 2021"},"content":{"rendered":"\n<h2 class=\"wp-block-heading\"><em>Com banca definida, edital se aproxima!<\/em><\/h2>\n\n\n\n<p>Em entrevista realizada nesta sexta-feira, 7 de fevereiro, no Programa \u201cManh\u00e3 de Not\u00edcias\u201d do jornalista Ronaldo Tiradentes, o presidente do Tribunal de Contas do Amazonas, M\u00e1rio de Mello, confirmou a recomposi\u00e7\u00e3o do quadro de servidores at\u00e9 2021. <\/p>\n\n\n\n<p>Segundo o presidente, a ideia \u00e9 ter o edital publicado entre o final desse ano e in\u00edcio do pr\u00f3ximo. Lembrando que o \u00f3rg\u00e3o possui atualmente, um d\u00e9ficit de 304 vagas. A expectativa do presidente \u00e9 ofertar vagas somente para n\u00edvel superior, para composi\u00e7\u00e3o dos cargos em aberto. <\/p>\n\n\n\n<blockquote class=\"wp-block-quote is-layout-flow wp-block-quote-is-layout-flow\"><p>&#8220;O Tribunal precisa fazer esse concurso <strong>urgentemente <\/strong>porque corre o risco de come\u00e7ar a atrapalhar \u00e0 principal fun\u00e7\u00e3o do Tribunal de Contas. Ent\u00e3o, hoje \u00e9 um foco da nossa administra\u00e7\u00e3o.&#8221;, ressaltou.<\/p><\/blockquote>\n\n\n\n<p>Al\u00e9m disso, o presidente afirmou que a expectativa salarial dos aprovados ser\u00e1 entre R$ 8 e R$ 10 mil, assim distribu\u00eddos para cargos de auditoria, Minist\u00e9rio P\u00fablico de Contas e demais setores da composi\u00e7\u00e3o. <\/p>\n\n\n\n<p>Vale ressaltar que o certame j\u00e1 possu\u00ed banca definida, a <strong>Funda\u00e7\u00e3o Get\u00falio Vargas<\/strong>&nbsp;foi escolhida para ser a empresa respons\u00e1vel para organizar o concurso TCE AM.&nbsp; <\/p>\n\n\n\n<p>A equipe de jornalismo do Estrat\u00e9gia segue em contato com o gabinete do presidente para buscar mais informa\u00e7\u00f5es a respeito do concurso. Fique ligado em nosso site para se manter sempre atualizado. <\/p>\n\n\n\n<p>O \u00faltimo concurso TCE AM foi realizado em 2013, sob organiza\u00e7\u00e3o da Funda\u00e7\u00e3o Carlos Chagas, a FCC. Na ocasi\u00e3o foram ofertadas 24 vagas para o cargo de&nbsp;<em>Analista T\u00e9cnico de Controle Externo<\/em>&nbsp;nas \u00e1reas do&nbsp;Minist\u00e9rio P\u00fablico (gradua\u00e7\u00e3o&nbsp;em Direito) e&nbsp;Auditoria Governamental (gradua\u00e7\u00e3o em qualquer \u00e1rea de forma\u00e7\u00e3o). <\/p>\n\n\n\n<p class=\"has-text-align-center\"><strong><em>Quer saber mais sobre o concurso TCE AM? Acesse o link abaixo e veja tudo na \u00edntegra!!<\/em><\/strong><\/p>\n\n\n\n<p style=\"font-size:23px\" class=\"has-background has-text-align-center has-very-light-gray-background-color\"><strong>Saiba mais: <a rel=\"noreferrer noopener\" aria-label=\"Saiba mais: TCE AM  (abre numa nova aba)\" href=\"https:\/\/www.estrategiaconcursos.com.br\/blog\/concurso-tce-am\/\" target=\"_blank\">Concurso TCE AM<\/a><\/strong><\/p>\n\n\n\n<p style=\"font-size:22px\" class=\"has-background has-text-align-center has-luminous-vivid-amber-background-color\"><strong><a rel=\"noreferrer noopener\" href=\"https:\/\/www.estrategiaconcursos.com.br\/cursosPorConcurso\/tce-am-passo-estrategico\/\" target=\"_blank\">CURSOS TCE AM<\/a><\/strong><\/p>\n\n\n\n<p class=\"has-text-align-center\"><em><strong>Assinatura Anual Ilimitada*<\/strong><\/em><\/p>\n\n\n\n<p class=\"has-text-align-center\"><em>Prepare-se com o melhor material e com quem mais aprova em Concursos P\u00fablicos em todo o pa\u00eds. Assine agora a nossa Assinatura Anual e tenha acesso ilimitado* a todos os nossos cursos.<\/em><\/p>\n\n\n\n<p class=\"has-background has-text-align-center has-light-green-cyan-background-color\"><strong>ASSINE AGORA<\/strong>&nbsp;\u2013&nbsp;<strong><a href=\"https:\/\/www.estrategiaconcursos.com.br\/assinaturas\" target=\"_blank\" rel=\"noreferrer noopener\">Assinatura Ilimitada<\/a><\/strong><\/p>\n\n\n\n<p class=\"has-text-align-center\"><em><strong>Fique por dentro de todos os concursos<\/strong><\/em><\/p>\n\n\n\n<p style=\"font-size:23px\" class=\"has-background has-text-align-center has-pale-cyan-blue-background-color\"><a rel=\"noreferrer noopener\" href=\"https:\/\/www.estrategiaconcursos.com.br\/blog\/concursos-abertos\/\" target=\"_blank\"><strong>Concursos abertos<\/strong><\/a><\/p>\n\n\n\n<p style=\"font-size:23px\" class=\"has-background has-text-align-center has-pale-cyan-blue-background-color\"><a rel=\"noreferrer noopener\" href=\"https:\/\/www.estrategiaconcursos.com.br\/blog\/concursos-2020\/\" target=\"_blank\"><strong>Concursos 2020<\/strong><\/a><\/p>\n","protected":false},"excerpt":{"rendered":"<p>Com banca definida, edital se aproxima! Em entrevista realizada nesta sexta-feira, 7 de fevereiro, no Programa \u201cManh\u00e3 de Not\u00edcias\u201d do jornalista Ronaldo Tiradentes, o presidente do Tribunal de Contas do Amazonas, M\u00e1rio de Mello, confirmou a recomposi\u00e7\u00e3o do quadro de servidores at\u00e9 2021. Segundo o presidente, a ideia \u00e9 ter o edital publicado entre o [&hellip;]<\/p>\n","protected":false},"author":1276,"featured_media":433792,"comment_status":"open","ping_status":"closed","sticky":false,"template":"","format":"standard","meta":{"post_tipo":"article","footnotes":""},"categories":[1],"tags":[],"tax_estado":[],"class_list":["post-479321","post","type-post","status-publish","format-standard","has-post-thumbnail","hentry","category-cursos-e-concursos"],"acf":[],"yoast_head":"<!-- This site is optimized with the Yoast SEO Premium plugin v27.2 (Yoast SEO v27.2) - https:\/\/yoast.com\/product\/yoast-seo-premium-wordpress\/ -->\n<title>Presidente do TCE AM confirma recomposi\u00e7\u00e3o de servidores para 2021<\/title>\n<meta name=\"description\" content=\"Presidente do TCE AM confirma recomposi\u00e7\u00e3o no quadro de servidores do \u00f3rg\u00e3o at\u00e9 2021. Banca definida e edital iminente. Confira mais detalhes!\" \/>\n<meta name=\"robots\" content=\"index, follow, max-snippet:-1, max-image-preview:large, max-video-preview:-1\" \/>\n<link rel=\"canonical\" href=\"https:\/\/www.estrategiaconcursos.com.br\/blog\/presidente-do-tce-am-confirma-edital\/\" \/>\n<meta property=\"og:locale\" content=\"pt_BR\" \/>\n<meta property=\"og:type\" content=\"article\" \/>\n<meta property=\"og:title\" content=\"Presidente do TCE AM confirma recomposi\u00e7\u00e3o de servidores para 2021\" \/>\n<meta property=\"og:description\" content=\"Presidente do TCE AM confirma recomposi\u00e7\u00e3o no quadro de servidores do \u00f3rg\u00e3o at\u00e9 2021. Banca definida e edital iminente. Confira mais detalhes!\" \/>\n<meta property=\"og:url\" content=\"https:\/\/www.estrategiaconcursos.com.br\/blog\/presidente-do-tce-am-confirma-edital\/\" \/>\n<meta property=\"og:site_name\" content=\"Estrat\u00e9gia Concursos\" \/>\n<meta property=\"article:published_time\" content=\"2020-02-07T20:06:41+00:00\" \/>\n<meta property=\"article:modified_time\" content=\"2020-02-07T21:00:18+00:00\" \/>\n<meta property=\"og:image\" content=\"https:\/\/dhg1h5j42swfq.cloudfront.net\/2019\/03\/14120051\/TCE-AM.jpg\" \/>\n\t<meta property=\"og:image:width\" content=\"1200\" \/>\n\t<meta property=\"og:image:height\" content=\"628\" \/>\n\t<meta property=\"og:image:type\" content=\"image\/jpeg\" \/>\n<meta name=\"author\" content=\"Victor Shinichi Tanaka\" \/>\n<meta name=\"twitter:card\" content=\"summary_large_image\" \/>\n<meta name=\"twitter:creator\" content=\"@EstratConcursos\" \/>\n<meta name=\"twitter:site\" content=\"@EstratConcursos\" \/>\n<meta name=\"twitter:label1\" content=\"Escrito por\" \/>\n\t<meta name=\"twitter:data1\" content=\"Victor Shinichi Tanaka\" \/>\n\t<meta name=\"twitter:label2\" content=\"Est. tempo de leitura\" \/>\n\t<meta name=\"twitter:data2\" content=\"2 minutos\" \/>\n<script type=\"application\/ld+json\" class=\"yoast-schema-graph\">{\"@context\":\"https:\/\/schema.org\",\"@graph\":[{\"@type\":\"NewsArticle\",\"@id\":\"https:\/\/www.estrategiaconcursos.com.br\/blog\/presidente-do-tce-am-confirma-edital\/#article\",\"isPartOf\":{\"@id\":\"https:\/\/www.estrategiaconcursos.com.br\/blog\/presidente-do-tce-am-confirma-edital\/\"},\"author\":{\"name\":\"Victor Shinichi Tanaka\",\"@id\":\"https:\/\/www.estrategiaconcursos.com.br\/blog\/#\/schema\/person\/602a4eaf2bed921c107675da3a65b0e0\"},\"headline\":\"Presidente do TCE AM confirma recomposi\u00e7\u00e3o de servidores para 2021\",\"datePublished\":\"2020-02-07T20:06:41+00:00\",\"dateModified\":\"2020-02-07T21:00:18+00:00\",\"mainEntityOfPage\":{\"@id\":\"https:\/\/www.estrategiaconcursos.com.br\/blog\/presidente-do-tce-am-confirma-edital\/\"},\"wordCount\":378,\"commentCount\":0,\"publisher\":{\"@id\":\"https:\/\/www.estrategiaconcursos.com.br\/blog\/#organization\"},\"image\":{\"@id\":\"https:\/\/www.estrategiaconcursos.com.br\/blog\/presidente-do-tce-am-confirma-edital\/#primaryimage\"},\"thumbnailUrl\":\"https:\/\/dhg1h5j42swfq.cloudfront.net\/2019\/03\/14120051\/TCE-AM.jpg\",\"articleSection\":[\"Concursos P\u00fablicos\"],\"inLanguage\":\"pt-BR\",\"potentialAction\":[{\"@type\":\"CommentAction\",\"name\":\"Comment\",\"target\":[\"https:\/\/www.estrategiaconcursos.com.br\/blog\/presidente-do-tce-am-confirma-edital\/#respond\"]}],\"copyrightYear\":\"2020\",\"copyrightHolder\":{\"@id\":\"https:\/\/www.estrategiaconcursos.com.br\/blog\/#organization\"}},{\"@type\":\"WebPage\",\"@id\":\"https:\/\/www.estrategiaconcursos.com.br\/blog\/presidente-do-tce-am-confirma-edital\/\",\"url\":\"https:\/\/www.estrategiaconcursos.com.br\/blog\/presidente-do-tce-am-confirma-edital\/\",\"name\":\"Presidente do TCE AM confirma recomposi\u00e7\u00e3o de servidores para 2021\",\"isPartOf\":{\"@id\":\"https:\/\/www.estrategiaconcursos.com.br\/blog\/#website\"},\"primaryImageOfPage\":{\"@id\":\"https:\/\/www.estrategiaconcursos.com.br\/blog\/presidente-do-tce-am-confirma-edital\/#primaryimage\"},\"image\":{\"@id\":\"https:\/\/www.estrategiaconcursos.com.br\/blog\/presidente-do-tce-am-confirma-edital\/#primaryimage\"},\"thumbnailUrl\":\"https:\/\/dhg1h5j42swfq.cloudfront.net\/2019\/03\/14120051\/TCE-AM.jpg\",\"datePublished\":\"2020-02-07T20:06:41+00:00\",\"dateModified\":\"2020-02-07T21:00:18+00:00\",\"description\":\"Presidente do TCE AM confirma recomposi\u00e7\u00e3o no quadro de servidores do \u00f3rg\u00e3o at\u00e9 2021. Banca definida e edital iminente. Confira mais detalhes!\",\"breadcrumb\":{\"@id\":\"https:\/\/www.estrategiaconcursos.com.br\/blog\/presidente-do-tce-am-confirma-edital\/#breadcrumb\"},\"inLanguage\":\"pt-BR\",\"potentialAction\":[{\"@type\":\"ReadAction\",\"target\":[\"https:\/\/www.estrategiaconcursos.com.br\/blog\/presidente-do-tce-am-confirma-edital\/\"]}]},{\"@type\":\"ImageObject\",\"inLanguage\":\"pt-BR\",\"@id\":\"https:\/\/www.estrategiaconcursos.com.br\/blog\/presidente-do-tce-am-confirma-edital\/#primaryimage\",\"url\":\"https:\/\/dhg1h5j42swfq.cloudfront.net\/2019\/03\/14120051\/TCE-AM.jpg\",\"contentUrl\":\"https:\/\/dhg1h5j42swfq.cloudfront.net\/2019\/03\/14120051\/TCE-AM.jpg\",\"width\":1200,\"height\":628,\"caption\":\"TCE AM\"},{\"@type\":\"BreadcrumbList\",\"@id\":\"https:\/\/www.estrategiaconcursos.com.br\/blog\/presidente-do-tce-am-confirma-edital\/#breadcrumb\",\"itemListElement\":[{\"@type\":\"ListItem\",\"position\":1,\"name\":\"In\u00edcio\",\"item\":\"https:\/\/www.estrategiaconcursos.com.br\/blog\/\"},{\"@type\":\"ListItem\",\"position\":2,\"name\":\"Presidente do TCE AM confirma recomposi\u00e7\u00e3o de servidores para 2021\"}]},{\"@type\":\"WebSite\",\"@id\":\"https:\/\/www.estrategiaconcursos.com.br\/blog\/#website\",\"url\":\"https:\/\/www.estrategiaconcursos.com.br\/blog\/\",\"name\":\"Estrat\u00e9gia Concursos\",\"description\":\"O blog da Estrat\u00e9gia Concursos traz not\u00edcias sobre concursos e artigos de professores oferecendo cursos para concursos (pdf + videaulas) no site.\",\"publisher\":{\"@id\":\"https:\/\/www.estrategiaconcursos.com.br\/blog\/#organization\"},\"potentialAction\":[{\"@type\":\"SearchAction\",\"target\":{\"@type\":\"EntryPoint\",\"urlTemplate\":\"https:\/\/www.estrategiaconcursos.com.br\/blog\/?s={search_term_string}\"},\"query-input\":{\"@type\":\"PropertyValueSpecification\",\"valueRequired\":true,\"valueName\":\"search_term_string\"}}],\"inLanguage\":\"pt-BR\"},{\"@type\":\"Organization\",\"@id\":\"https:\/\/www.estrategiaconcursos.com.br\/blog\/#organization\",\"name\":\"Estrat\u00e9gia Concursos\",\"url\":\"https:\/\/www.estrategiaconcursos.com.br\/blog\/\",\"logo\":{\"@type\":\"ImageObject\",\"inLanguage\":\"pt-BR\",\"@id\":\"https:\/\/www.estrategiaconcursos.com.br\/blog\/#\/schema\/logo\/image\/\",\"url\":\"https:\/\/dhg1h5j42swfq.cloudfront.net\/2025\/06\/03203428\/logo_concursos-1.jpg\",\"contentUrl\":\"https:\/\/dhg1h5j42swfq.cloudfront.net\/2025\/06\/03203428\/logo_concursos-1.jpg\",\"width\":230,\"height\":60,\"caption\":\"Estrat\u00e9gia Concursos\"},\"image\":{\"@id\":\"https:\/\/www.estrategiaconcursos.com.br\/blog\/#\/schema\/logo\/image\/\"},\"sameAs\":[\"https:\/\/x.com\/EstratConcursos\"]},{\"@type\":\"Person\",\"@id\":\"https:\/\/www.estrategiaconcursos.com.br\/blog\/#\/schema\/person\/602a4eaf2bed921c107675da3a65b0e0\",\"name\":\"Victor Shinichi Tanaka\",\"image\":{\"@type\":\"ImageObject\",\"inLanguage\":\"pt-BR\",\"@id\":\"https:\/\/secure.gravatar.com\/avatar\/3772723eea77b2e6a2231e357d6339c6c129c6fb65cda4d02d0f3ca700221333?s=96&d=mm&r=g\",\"url\":\"https:\/\/secure.gravatar.com\/avatar\/3772723eea77b2e6a2231e357d6339c6c129c6fb65cda4d02d0f3ca700221333?s=96&d=mm&r=g\",\"contentUrl\":\"https:\/\/secure.gravatar.com\/avatar\/3772723eea77b2e6a2231e357d6339c6c129c6fb65cda4d02d0f3ca700221333?s=96&d=mm&r=g\",\"caption\":\"Victor Shinichi Tanaka\"},\"url\":\"https:\/\/www.estrategiaconcursos.com.br\/blog\/author\/victorstanakagmail-com\/\"}]}<\/script>\n<!-- \/ Yoast SEO Premium plugin. -->","yoast_head_json":{"title":"Presidente do TCE AM confirma recomposi\u00e7\u00e3o de servidores para 2021","description":"Presidente do TCE AM confirma recomposi\u00e7\u00e3o no quadro de servidores do \u00f3rg\u00e3o at\u00e9 2021. Banca definida e edital iminente. Confira mais detalhes!","robots":{"index":"index","follow":"follow","max-snippet":"max-snippet:-1","max-image-preview":"max-image-preview:large","max-video-preview":"max-video-preview:-1"},"canonical":"https:\/\/www.estrategiaconcursos.com.br\/blog\/presidente-do-tce-am-confirma-edital\/","og_locale":"pt_BR","og_type":"article","og_title":"Presidente do TCE AM confirma recomposi\u00e7\u00e3o de servidores para 2021","og_description":"Presidente do TCE AM confirma recomposi\u00e7\u00e3o no quadro de servidores do \u00f3rg\u00e3o at\u00e9 2021. Banca definida e edital iminente. Confira mais detalhes!","og_url":"https:\/\/www.estrategiaconcursos.com.br\/blog\/presidente-do-tce-am-confirma-edital\/","og_site_name":"Estrat\u00e9gia Concursos","article_published_time":"2020-02-07T20:06:41+00:00","article_modified_time":"2020-02-07T21:00:18+00:00","og_image":[{"width":1200,"height":628,"url":"https:\/\/dhg1h5j42swfq.cloudfront.net\/2019\/03\/14120051\/TCE-AM.jpg","type":"image\/jpeg"}],"author":"Victor Shinichi Tanaka","twitter_card":"summary_large_image","twitter_creator":"@EstratConcursos","twitter_site":"@EstratConcursos","twitter_misc":{"Escrito por":"Victor Shinichi Tanaka","Est. tempo de leitura":"2 minutos"},"schema":{"@context":"https:\/\/schema.org","@graph":[{"@type":"NewsArticle","@id":"https:\/\/www.estrategiaconcursos.com.br\/blog\/presidente-do-tce-am-confirma-edital\/#article","isPartOf":{"@id":"https:\/\/www.estrategiaconcursos.com.br\/blog\/presidente-do-tce-am-confirma-edital\/"},"author":{"name":"Victor Shinichi Tanaka","@id":"https:\/\/www.estrategiaconcursos.com.br\/blog\/#\/schema\/person\/602a4eaf2bed921c107675da3a65b0e0"},"headline":"Presidente do TCE AM confirma recomposi\u00e7\u00e3o de servidores para 2021","datePublished":"2020-02-07T20:06:41+00:00","dateModified":"2020-02-07T21:00:18+00:00","mainEntityOfPage":{"@id":"https:\/\/www.estrategiaconcursos.com.br\/blog\/presidente-do-tce-am-confirma-edital\/"},"wordCount":378,"commentCount":0,"publisher":{"@id":"https:\/\/www.estrategiaconcursos.com.br\/blog\/#organization"},"image":{"@id":"https:\/\/www.estrategiaconcursos.com.br\/blog\/presidente-do-tce-am-confirma-edital\/#primaryimage"},"thumbnailUrl":"https:\/\/dhg1h5j42swfq.cloudfront.net\/2019\/03\/14120051\/TCE-AM.jpg","articleSection":["Concursos P\u00fablicos"],"inLanguage":"pt-BR","potentialAction":[{"@type":"CommentAction","name":"Comment","target":["https:\/\/www.estrategiaconcursos.com.br\/blog\/presidente-do-tce-am-confirma-edital\/#respond"]}],"copyrightYear":"2020","copyrightHolder":{"@id":"https:\/\/www.estrategiaconcursos.com.br\/blog\/#organization"}},{"@type":"WebPage","@id":"https:\/\/www.estrategiaconcursos.com.br\/blog\/presidente-do-tce-am-confirma-edital\/","url":"https:\/\/www.estrategiaconcursos.com.br\/blog\/presidente-do-tce-am-confirma-edital\/","name":"Presidente do TCE AM confirma recomposi\u00e7\u00e3o de servidores para 2021","isPartOf":{"@id":"https:\/\/www.estrategiaconcursos.com.br\/blog\/#website"},"primaryImageOfPage":{"@id":"https:\/\/www.estrategiaconcursos.com.br\/blog\/presidente-do-tce-am-confirma-edital\/#primaryimage"},"image":{"@id":"https:\/\/www.estrategiaconcursos.com.br\/blog\/presidente-do-tce-am-confirma-edital\/#primaryimage"},"thumbnailUrl":"https:\/\/dhg1h5j42swfq.cloudfront.net\/2019\/03\/14120051\/TCE-AM.jpg","datePublished":"2020-02-07T20:06:41+00:00","dateModified":"2020-02-07T21:00:18+00:00","description":"Presidente do TCE AM confirma recomposi\u00e7\u00e3o no quadro de servidores do \u00f3rg\u00e3o at\u00e9 2021. Banca definida e edital iminente. Confira mais detalhes!","breadcrumb":{"@id":"https:\/\/www.estrategiaconcursos.com.br\/blog\/presidente-do-tce-am-confirma-edital\/#breadcrumb"},"inLanguage":"pt-BR","potentialAction":[{"@type":"ReadAction","target":["https:\/\/www.estrategiaconcursos.com.br\/blog\/presidente-do-tce-am-confirma-edital\/"]}]},{"@type":"ImageObject","inLanguage":"pt-BR","@id":"https:\/\/www.estrategiaconcursos.com.br\/blog\/presidente-do-tce-am-confirma-edital\/#primaryimage","url":"https:\/\/dhg1h5j42swfq.cloudfront.net\/2019\/03\/14120051\/TCE-AM.jpg","contentUrl":"https:\/\/dhg1h5j42swfq.cloudfront.net\/2019\/03\/14120051\/TCE-AM.jpg","width":1200,"height":628,"caption":"TCE AM"},{"@type":"BreadcrumbList","@id":"https:\/\/www.estrategiaconcursos.com.br\/blog\/presidente-do-tce-am-confirma-edital\/#breadcrumb","itemListElement":[{"@type":"ListItem","position":1,"name":"In\u00edcio","item":"https:\/\/www.estrategiaconcursos.com.br\/blog\/"},{"@type":"ListItem","position":2,"name":"Presidente do TCE AM confirma recomposi\u00e7\u00e3o de servidores para 2021"}]},{"@type":"WebSite","@id":"https:\/\/www.estrategiaconcursos.com.br\/blog\/#website","url":"https:\/\/www.estrategiaconcursos.com.br\/blog\/","name":"Estrat\u00e9gia Concursos","description":"O blog da Estrat\u00e9gia Concursos traz not\u00edcias sobre concursos e artigos de professores oferecendo cursos para concursos (pdf + videaulas) no site.","publisher":{"@id":"https:\/\/www.estrategiaconcursos.com.br\/blog\/#organization"},"potentialAction":[{"@type":"SearchAction","target":{"@type":"EntryPoint","urlTemplate":"https:\/\/www.estrategiaconcursos.com.br\/blog\/?s={search_term_string}"},"query-input":{"@type":"PropertyValueSpecification","valueRequired":true,"valueName":"search_term_string"}}],"inLanguage":"pt-BR"},{"@type":"Organization","@id":"https:\/\/www.estrategiaconcursos.com.br\/blog\/#organization","name":"Estrat\u00e9gia Concursos","url":"https:\/\/www.estrategiaconcursos.com.br\/blog\/","logo":{"@type":"ImageObject","inLanguage":"pt-BR","@id":"https:\/\/www.estrategiaconcursos.com.br\/blog\/#\/schema\/logo\/image\/","url":"https:\/\/dhg1h5j42swfq.cloudfront.net\/2025\/06\/03203428\/logo_concursos-1.jpg","contentUrl":"https:\/\/dhg1h5j42swfq.cloudfront.net\/2025\/06\/03203428\/logo_concursos-1.jpg","width":230,"height":60,"caption":"Estrat\u00e9gia Concursos"},"image":{"@id":"https:\/\/www.estrategiaconcursos.com.br\/blog\/#\/schema\/logo\/image\/"},"sameAs":["https:\/\/x.com\/EstratConcursos"]},{"@type":"Person","@id":"https:\/\/www.estrategiaconcursos.com.br\/blog\/#\/schema\/person\/602a4eaf2bed921c107675da3a65b0e0","name":"Victor Shinichi Tanaka","image":{"@type":"ImageObject","inLanguage":"pt-BR","@id":"https:\/\/secure.gravatar.com\/avatar\/3772723eea77b2e6a2231e357d6339c6c129c6fb65cda4d02d0f3ca700221333?s=96&d=mm&r=g","url":"https:\/\/secure.gravatar.com\/avatar\/3772723eea77b2e6a2231e357d6339c6c129c6fb65cda4d02d0f3ca700221333?s=96&d=mm&r=g","contentUrl":"https:\/\/secure.gravatar.com\/avatar\/3772723eea77b2e6a2231e357d6339c6c129c6fb65cda4d02d0f3ca700221333?s=96&d=mm&r=g","caption":"Victor Shinichi Tanaka"},"url":"https:\/\/www.estrategiaconcursos.com.br\/blog\/author\/victorstanakagmail-com\/"}]}},"_links":{"self":[{"href":"https:\/\/www.estrategiaconcursos.com.br\/blog\/wp-json\/wp\/v2\/posts\/479321","targetHints":{"allow":["GET"]}}],"collection":[{"href":"https:\/\/www.estrategiaconcursos.com.br\/blog\/wp-json\/wp\/v2\/posts"}],"about":[{"href":"https:\/\/www.estrategiaconcursos.com.br\/blog\/wp-json\/wp\/v2\/types\/post"}],"author":[{"embeddable":true,"href":"https:\/\/www.estrategiaconcursos.com.br\/blog\/wp-json\/wp\/v2\/users\/1276"}],"replies":[{"embeddable":true,"href":"https:\/\/www.estrategiaconcursos.com.br\/blog\/wp-json\/wp\/v2\/comments?post=479321"}],"version-history":[{"count":6,"href":"https:\/\/www.estrategiaconcursos.com.br\/blog\/wp-json\/wp\/v2\/posts\/479321\/revisions"}],"predecessor-version":[{"id":479403,"href":"https:\/\/www.estrategiaconcursos.com.br\/blog\/wp-json\/wp\/v2\/posts\/479321\/revisions\/479403"}],"wp:featuredmedia":[{"embeddable":true,"href":"https:\/\/www.estrategiaconcursos.com.br\/blog\/wp-json\/wp\/v2\/media\/433792"}],"wp:attachment":[{"href":"https:\/\/www.estrategiaconcursos.com.br\/blog\/wp-json\/wp\/v2\/media?parent=479321"}],"wp:term":[{"taxonomy":"category","embeddable":true,"href":"https:\/\/www.estrategiaconcursos.com.br\/blog\/wp-json\/wp\/v2\/categories?post=479321"},{"taxonomy":"post_tag","embeddable":true,"href":"https:\/\/www.estrategiaconcursos.com.br\/blog\/wp-json\/wp\/v2\/tags?post=479321"},{"taxonomy":"tax_estado","embeddable":true,"href":"https:\/\/www.estrategiaconcursos.com.br\/blog\/wp-json\/wp\/v2\/tax_estado?post=479321"}],"curies":[{"name":"wp","href":"https:\/\/api.w.org\/{rel}","templated":true}]}}