{"id":479216,"date":"2020-02-29T12:00:00","date_gmt":"2020-02-29T15:00:00","guid":{"rendered":"https:\/\/www.estrategiaconcursos.com.br\/blog\/?p=479216"},"modified":"2024-09-20T15:38:16","modified_gmt":"2024-09-20T18:38:16","slug":"camara-de-tiete-sp-edital-2020","status":"publish","type":"post","link":"https:\/\/www.estrategiaconcursos.com.br\/blog\/camara-de-tiete-sp-edital-2020\/","title":{"rendered":"C\u00e2mara de Tiet\u00ea SP: inscri\u00e7\u00f5es encerradas para Analista Legislativo de Comunica\u00e7\u00e3o"},"content":{"rendered":"\n<p>As inscri\u00e7\u00f5es do concurso C\u00e2mara de Tiet\u00ea, est\u00e3o encerradas. Ser\u00e1 ofertada uma oportunidade para o cargo de Analista Legislativo de Comunica\u00e7\u00e3o Institucional, de n\u00edvel superior. <\/p>\n\n\n\n<p>O concurso contar\u00e1 com provas objetivas (para todos) com 40 quest\u00f5es a ser aplicada no dia 22 de mar\u00e7o, em locais e hor\u00e1rios a serem informados a partir do dia 13 de mar\u00e7o. <\/p>\n\n\n\n<p> Confira abaixo todas as informa\u00e7\u00f5es para voc\u00ea participar deste concurso p\u00fablico. <\/p>\n\n\n\n<ul class=\"wp-block-list\"><li><strong><em><a href=\"#principais\">Principais informa\u00e7\u00f5es do concurso<\/a><\/em><\/strong><\/li><li><strong><em><a href=\"#atribuicao\">Atribui\u00e7\u00f5es do Cargo<\/a><\/em><\/strong><\/li><li><strong><em><a href=\"#prova\">Prova Objetiva<\/a><\/em><\/strong><\/li><\/ul>\n\n\n\n<h2 class=\"wp-block-heading\" id=\"principais\">Principais informa\u00e7\u00f5es do concurso<\/h2>\n\n\n\n<p>O edital da C\u00e2mara de Tiet\u00ea, no Estado de S\u00e3o Paulo, foi publicado. O edital oferta uma vaga para Analista Legislativo de Comunica\u00e7\u00e3o Institucional<\/p>\n\n\n\n<p>Os candidatos interessados em prestar o concurso devem se inscrever pelo site da banca: organizadora, a<strong> RBO Assessoria P\u00fablica e Projetos Municipais Ltda.<\/strong><\/p>\n\n\n\n<p>A vaga requer ensino superior completo nas \u00e1reas de Jornalismo, Publicidade e Propaganda, Rela\u00e7\u00f5es P\u00fablicas ou Comunica\u00e7\u00e3o Social; al\u00e9m de conhecimento b\u00e1sicos em Inform\u00e1tica. <\/p>\n\n\n\n<p>A remunera\u00e7\u00e3o prevista para o cargo de Analista Legislativo de Comunica\u00e7\u00e3o Institucional \u00e9 de <strong>R$ 4.317,10<\/strong>, com jornada de 30h semanais.<\/p>\n\n\n\n<h3 class=\"wp-block-heading\" id=\"atribuicao\">Atribui\u00e7\u00f5es do Cargo<\/h3>\n\n\n\n<ul class=\"wp-block-list\"><li>Redigir mat\u00e9rias jornal\u00edsticas sobre as atividades desenvolvidas pela C\u00e2mara, mantendo os \u00f3rg\u00e3os de imprensa informados sobre os trabalhos dos Vereadores;<\/li><li>Acompanhamento das Reuni\u00f5es e Sess\u00f5es Camar\u00e1rias, bem como reuni\u00f5es externas, para cobertura jornal\u00edstica e fotogr\u00e1fica; <\/li><li>Organizar entrevistas de Vereadores com os meios de comunica\u00e7\u00e3o; <\/li><li>Cria\u00e7\u00e3o (reda\u00e7\u00e3o e layout) de an\u00fancios de cunho informativo e\/ou institucional veiculados pela C\u00e2mara Municipal de Tiet\u00ea; <\/li><li>Revis\u00e3o geral de mat\u00e9rias jornal\u00edsticas (corre\u00e7\u00e3o ortogr\u00e1fica, sint\u00e1tica e de estilo); <\/li><li>Acompanhamento dos Vereadores em reportagem fotogr\u00e1fica interna e externa na cidade e em outras localidades, sempre que solicitado; <\/li><li>Desenvolver layout\/visual de panfletos e folders; <\/li><li>Desenvolver e empregar elementos criativos e est\u00e9ticos de comunica\u00e7\u00e3o visual gr\u00e1fica; <\/li><li>Analisar, interpretar e propor a produ\u00e7\u00e3o da identidade visual das pe\u00e7as; <\/li><li>Controlar, organizar e armazenar materiais f\u00edsicos e digitais da produ\u00e7\u00e3o gr\u00e1fica produzidos na C\u00e2mara Municipal de Tiet\u00ea; <\/li><li>Realizar a constru\u00e7\u00e3o e o desenvolvimento de identidades visuais e logotipos; <\/li><li>Executar outras atividades correlatas determinadas pelo superior imediato. <\/li><\/ul>\n\n\n\n<h3 class=\"wp-block-heading\" id=\"prova\">Prova Objetiva<\/h3>\n\n\n\n<p>O concurso C\u00e2mara de Tiet\u00ea ser\u00e1 composto por Prova Objetiva, que ser\u00e1 avaliada na escala de 0 (zero) a 100 (cem) pontos, ter\u00e1 car\u00e1ter eliminat\u00f3rio e classificat\u00f3rio e o respectivo n\u00famero de quest\u00f5es: <\/p>\n\n\n\n<figure class=\"wp-block-image size-large\"><img loading=\"lazy\" decoding=\"async\" width=\"1024\" height=\"200\" src=\"https:\/\/dhg1h5j42swfq.cloudfront.net\/2020\/02\/07133823\/image-39-1024x200.png\" alt=\"\" class=\"wp-image-479224\" srcset=\"https:\/\/dhg1h5j42swfq.cloudfront.net\/2020\/02\/07133823\/image-39-1024x200.png 1024w, https:\/\/dhg1h5j42swfq.cloudfront.net\/2020\/02\/07133823\/image-39-300x58.png 300w, https:\/\/dhg1h5j42swfq.cloudfront.net\/2020\/02\/07133823\/image-39-768x150.png 768w, https:\/\/dhg1h5j42swfq.cloudfront.net\/2020\/02\/07133823\/image-39-610x119.png 610w, https:\/\/dhg1h5j42swfq.cloudfront.net\/2020\/02\/07133823\/image-39.png 1088w\" sizes=\"auto, (max-width: 1024px) 100vw, 1024px\" \/><\/figure>\n\n\n\n<p class=\"has-background has-text-align-center has-medium-font-size has-luminous-vivid-amber-background-color\"><em><strong><a href=\"https:\/\/www.estrategiaconcursos.com.br\/cursosPorConcurso\/camara-municipal-de-tiete-sp\/\" target=\"_blank\" rel=\"noreferrer noopener\" aria-label=\"CURSO C\u00c2MARA DE TIET\u00ca (abre numa nova aba)\">CURSO C\u00c2MARA DE TIET\u00ca<\/a><\/strong><\/em><\/p>\n\n\n\n<p class=\"has-text-align-center\"><em><strong>Assinatura Anual Ilimitada*<\/strong><\/em><\/p>\n\n\n\n<p class=\"has-text-align-center\"><em>Prepare-se com o melhor material e com quem mais aprova em&nbsp;Concursos P\u00fablicos de todo o pa\u00eds. Assine agora a nossa Assinatura Anual e tenha acesso ilimitado a todos os nossos cursos.<\/em><\/p>\n\n\n\n<p class=\"has-background has-text-align-center has-medium-font-size has-light-green-cyan-background-color\"><strong>ASSINE AGORA<\/strong>&nbsp;\u2013&nbsp;<a rel=\"noreferrer noopener\" href=\"https:\/\/www.estrategiaconcursos.com.br\/assinaturas\" target=\"_blank\"><strong>Assinatura Ilimitada<\/strong><\/a><\/p>\n\n\n\n<p class=\"has-text-align-center\"><strong><em>Fique por dentro dos concursos vigentes:<\/em><\/strong><\/p>\n\n\n\n<p class=\"has-background has-text-align-center has-medium-font-size has-pale-cyan-blue-background-color\"><strong><a href=\"https:\/\/www.estrategiaconcursos.com.br\/blog\/concursos-abertos\/\" target=\"_blank\" rel=\"noreferrer noopener\">CONCURSOS ABERTOS<\/a><\/strong><\/p>\n\n\n\n<p class=\"has-background has-text-align-center has-medium-font-size has-pale-cyan-blue-background-color\"><strong><a rel=\"noreferrer noopener\" href=\"https:\/\/www.estrategiaconcursos.com.br\/blog\/concursos-2020\/\" target=\"_blank\">CONCURSOS\u00a02020<\/a><\/strong><\/p>\n\n\n\n<figure class=\"wp-block-image\"><img loading=\"lazy\" decoding=\"async\" width=\"300\" height=\"102\" src=\"https:\/\/dhg1h5j42swfq.cloudfront.net\/2019\/05\/29143052\/coruja-ficha-tecnica-300x1025.png\" alt=\"Ficha T\u00e9cnica concurso PCDF\" class=\"wp-image-380136\"\/><\/figure>\n\n\n\n<h3 class=\"wp-block-heading\" id=\"ficha\"><strong>Informa\u00e7\u00f5es do edital <\/strong>C\u00e2mara de Tiet\u00ea <\/h3>\n\n\n\n<p>\u25ba<strong>Data prevista<\/strong>\u00a0<strong>da prova:\u00a0<\/strong>22 de mar\u00e7o<br \/>\u25ba<strong>Vagas<\/strong>: 1<br \/>\u25ba<strong>Cargos<\/strong>: Analista Legislativo de Comunica\u00e7\u00e3o Institucional <br \/>\u25ba<strong>Banca<\/strong>:\u00a0RBO Concursos <br \/>\u25ba<strong>Escolaridade<\/strong>: N\u00edvel  superior<br \/>\u25ba<strong>Edital: <\/strong><a href=\"https:\/\/dhg1h5j42swfq.cloudfront.net\/2020\/02\/29123948\/edital-camara-tiete-sp-2020.pdf\">C\u00e2mara de Tiet\u00ea 2020 <\/a><\/p>\n","protected":false},"excerpt":{"rendered":"<p>As inscri\u00e7\u00f5es do concurso C\u00e2mara de Tiet\u00ea, est\u00e3o encerradas. Ser\u00e1 ofertada uma oportunidade para o cargo de Analista Legislativo de Comunica\u00e7\u00e3o Institucional, de n\u00edvel superior. O concurso contar\u00e1 com provas objetivas (para todos) com 40 quest\u00f5es a ser aplicada no dia 22 de mar\u00e7o, em locais e hor\u00e1rios a serem informados a partir do dia [&hellip;]<\/p>\n","protected":false},"author":657,"featured_media":0,"comment_status":"open","ping_status":"closed","sticky":false,"template":"","format":"standard","meta":{"post_tipo":"article","footnotes":""},"categories":[1],"tags":[],"tax_estado":[],"class_list":["post-479216","post","type-post","status-publish","format-standard","hentry","category-cursos-e-concursos"],"acf":[],"yoast_head":"<!-- This site is optimized with the Yoast SEO Premium plugin v27.2 (Yoast SEO v27.2) - https:\/\/yoast.com\/product\/yoast-seo-premium-wordpress\/ -->\n<title>C\u00e2mara de Tiet\u00ea SP: inscri\u00e7\u00f5es encerradas para Analista Legislativo de Comunica\u00e7\u00e3o<\/title>\n<meta name=\"description\" content=\"Foi publicado edital do concurso C\u00e2mara de Tiet\u00ea SP. \u00c9 ofertada uma oportunidade para o cargo Analista Legislativo de Comunica\u00e7\u00e3o. Confira!\" \/>\n<meta name=\"robots\" content=\"index, follow, max-snippet:-1, max-image-preview:large, max-video-preview:-1\" \/>\n<link rel=\"canonical\" href=\"https:\/\/www.estrategiaconcursos.com.br\/blog\/camara-de-tiete-sp-edital-2020\/\" \/>\n<meta property=\"og:locale\" content=\"pt_BR\" \/>\n<meta property=\"og:type\" content=\"article\" \/>\n<meta property=\"og:title\" content=\"C\u00e2mara de Tiet\u00ea SP: inscri\u00e7\u00f5es encerradas para Analista Legislativo de Comunica\u00e7\u00e3o\" \/>\n<meta property=\"og:description\" content=\"Foi publicado edital do concurso C\u00e2mara de Tiet\u00ea SP. \u00c9 ofertada uma oportunidade para o cargo Analista Legislativo de Comunica\u00e7\u00e3o. Confira!\" \/>\n<meta property=\"og:url\" content=\"https:\/\/www.estrategiaconcursos.com.br\/blog\/camara-de-tiete-sp-edital-2020\/\" \/>\n<meta property=\"og:site_name\" content=\"Estrat\u00e9gia Concursos\" \/>\n<meta property=\"article:published_time\" content=\"2020-02-29T15:00:00+00:00\" \/>\n<meta property=\"article:modified_time\" content=\"2024-09-20T18:38:16+00:00\" \/>\n<meta property=\"og:image\" content=\"https:\/\/www.estrategiaconcursos.com.br\/blog\/wp-content\/uploads\/2020\/02\/image-39-1024x200.png\" \/>\n<meta name=\"author\" content=\"Nat\u00e1lia Scarano\" \/>\n<meta name=\"twitter:card\" content=\"summary_large_image\" \/>\n<meta name=\"twitter:creator\" content=\"@EstratConcursos\" \/>\n<meta name=\"twitter:site\" content=\"@EstratConcursos\" \/>\n<meta name=\"twitter:label1\" content=\"Escrito por\" \/>\n\t<meta name=\"twitter:data1\" content=\"Nat\u00e1lia Scarano\" \/>\n\t<meta name=\"twitter:label2\" content=\"Est. tempo de leitura\" \/>\n\t<meta name=\"twitter:data2\" content=\"3 minutos\" \/>\n<script type=\"application\/ld+json\" class=\"yoast-schema-graph\">{\"@context\":\"https:\/\/schema.org\",\"@graph\":[{\"@type\":\"NewsArticle\",\"@id\":\"https:\/\/www.estrategiaconcursos.com.br\/blog\/camara-de-tiete-sp-edital-2020\/#article\",\"isPartOf\":{\"@id\":\"https:\/\/www.estrategiaconcursos.com.br\/blog\/camara-de-tiete-sp-edital-2020\/\"},\"author\":{\"name\":\"Nat\u00e1lia Scarano\",\"@id\":\"https:\/\/www.estrategiaconcursos.com.br\/blog\/#\/schema\/person\/751aedf909a9d10cb23ce6ac527ce0f2\"},\"headline\":\"C\u00e2mara de Tiet\u00ea SP: inscri\u00e7\u00f5es encerradas para Analista Legislativo de Comunica\u00e7\u00e3o\",\"datePublished\":\"2020-02-29T15:00:00+00:00\",\"dateModified\":\"2024-09-20T18:38:16+00:00\",\"mainEntityOfPage\":{\"@id\":\"https:\/\/www.estrategiaconcursos.com.br\/blog\/camara-de-tiete-sp-edital-2020\/\"},\"wordCount\":533,\"commentCount\":0,\"publisher\":{\"@id\":\"https:\/\/www.estrategiaconcursos.com.br\/blog\/#organization\"},\"image\":{\"@id\":\"https:\/\/www.estrategiaconcursos.com.br\/blog\/camara-de-tiete-sp-edital-2020\/#primaryimage\"},\"thumbnailUrl\":\"https:\/\/www.estrategiaconcursos.com.br\/blog\/wp-content\/uploads\/2020\/02\/image-39-1024x200.png\",\"articleSection\":[\"Concursos P\u00fablicos\"],\"inLanguage\":\"pt-BR\",\"potentialAction\":[{\"@type\":\"CommentAction\",\"name\":\"Comment\",\"target\":[\"https:\/\/www.estrategiaconcursos.com.br\/blog\/camara-de-tiete-sp-edital-2020\/#respond\"]}],\"copyrightYear\":\"2020\",\"copyrightHolder\":{\"@id\":\"https:\/\/www.estrategiaconcursos.com.br\/blog\/#organization\"}},{\"@type\":\"WebPage\",\"@id\":\"https:\/\/www.estrategiaconcursos.com.br\/blog\/camara-de-tiete-sp-edital-2020\/\",\"url\":\"https:\/\/www.estrategiaconcursos.com.br\/blog\/camara-de-tiete-sp-edital-2020\/\",\"name\":\"C\u00e2mara de Tiet\u00ea SP: inscri\u00e7\u00f5es encerradas para Analista Legislativo de Comunica\u00e7\u00e3o\",\"isPartOf\":{\"@id\":\"https:\/\/www.estrategiaconcursos.com.br\/blog\/#website\"},\"primaryImageOfPage\":{\"@id\":\"https:\/\/www.estrategiaconcursos.com.br\/blog\/camara-de-tiete-sp-edital-2020\/#primaryimage\"},\"image\":{\"@id\":\"https:\/\/www.estrategiaconcursos.com.br\/blog\/camara-de-tiete-sp-edital-2020\/#primaryimage\"},\"thumbnailUrl\":\"https:\/\/www.estrategiaconcursos.com.br\/blog\/wp-content\/uploads\/2020\/02\/image-39-1024x200.png\",\"datePublished\":\"2020-02-29T15:00:00+00:00\",\"dateModified\":\"2024-09-20T18:38:16+00:00\",\"description\":\"Foi publicado edital do concurso C\u00e2mara de Tiet\u00ea SP. \u00c9 ofertada uma oportunidade para o cargo Analista Legislativo de Comunica\u00e7\u00e3o. Confira!\",\"breadcrumb\":{\"@id\":\"https:\/\/www.estrategiaconcursos.com.br\/blog\/camara-de-tiete-sp-edital-2020\/#breadcrumb\"},\"inLanguage\":\"pt-BR\",\"potentialAction\":[{\"@type\":\"ReadAction\",\"target\":[\"https:\/\/www.estrategiaconcursos.com.br\/blog\/camara-de-tiete-sp-edital-2020\/\"]}]},{\"@type\":\"ImageObject\",\"inLanguage\":\"pt-BR\",\"@id\":\"https:\/\/www.estrategiaconcursos.com.br\/blog\/camara-de-tiete-sp-edital-2020\/#primaryimage\",\"url\":\"https:\/\/dhg1h5j42swfq.cloudfront.net\/2020\/02\/07133823\/image-39.png\",\"contentUrl\":\"https:\/\/dhg1h5j42swfq.cloudfront.net\/2020\/02\/07133823\/image-39.png\",\"width\":1088,\"height\":212},{\"@type\":\"BreadcrumbList\",\"@id\":\"https:\/\/www.estrategiaconcursos.com.br\/blog\/camara-de-tiete-sp-edital-2020\/#breadcrumb\",\"itemListElement\":[{\"@type\":\"ListItem\",\"position\":1,\"name\":\"In\u00edcio\",\"item\":\"https:\/\/www.estrategiaconcursos.com.br\/blog\/\"},{\"@type\":\"ListItem\",\"position\":2,\"name\":\"C\u00e2mara de Tiet\u00ea SP: inscri\u00e7\u00f5es encerradas para Analista Legislativo de Comunica\u00e7\u00e3o\"}]},{\"@type\":\"WebSite\",\"@id\":\"https:\/\/www.estrategiaconcursos.com.br\/blog\/#website\",\"url\":\"https:\/\/www.estrategiaconcursos.com.br\/blog\/\",\"name\":\"Estrat\u00e9gia Concursos\",\"description\":\"O blog da Estrat\u00e9gia Concursos traz not\u00edcias sobre concursos e artigos de professores oferecendo cursos para concursos (pdf + videaulas) no site.\",\"publisher\":{\"@id\":\"https:\/\/www.estrategiaconcursos.com.br\/blog\/#organization\"},\"potentialAction\":[{\"@type\":\"SearchAction\",\"target\":{\"@type\":\"EntryPoint\",\"urlTemplate\":\"https:\/\/www.estrategiaconcursos.com.br\/blog\/?s={search_term_string}\"},\"query-input\":{\"@type\":\"PropertyValueSpecification\",\"valueRequired\":true,\"valueName\":\"search_term_string\"}}],\"inLanguage\":\"pt-BR\"},{\"@type\":\"Organization\",\"@id\":\"https:\/\/www.estrategiaconcursos.com.br\/blog\/#organization\",\"name\":\"Estrat\u00e9gia Concursos\",\"url\":\"https:\/\/www.estrategiaconcursos.com.br\/blog\/\",\"logo\":{\"@type\":\"ImageObject\",\"inLanguage\":\"pt-BR\",\"@id\":\"https:\/\/www.estrategiaconcursos.com.br\/blog\/#\/schema\/logo\/image\/\",\"url\":\"https:\/\/dhg1h5j42swfq.cloudfront.net\/2025\/06\/03203428\/logo_concursos-1.jpg\",\"contentUrl\":\"https:\/\/dhg1h5j42swfq.cloudfront.net\/2025\/06\/03203428\/logo_concursos-1.jpg\",\"width\":230,\"height\":60,\"caption\":\"Estrat\u00e9gia Concursos\"},\"image\":{\"@id\":\"https:\/\/www.estrategiaconcursos.com.br\/blog\/#\/schema\/logo\/image\/\"},\"sameAs\":[\"https:\/\/x.com\/EstratConcursos\"]},{\"@type\":\"Person\",\"@id\":\"https:\/\/www.estrategiaconcursos.com.br\/blog\/#\/schema\/person\/751aedf909a9d10cb23ce6ac527ce0f2\",\"name\":\"Nat\u00e1lia Scarano\",\"image\":{\"@type\":\"ImageObject\",\"inLanguage\":\"pt-BR\",\"@id\":\"https:\/\/secure.gravatar.com\/avatar\/8a889b8db3dbd227a1a78627357ec8fe64f5e99189d1889a270127828ab372ac?s=96&d=mm&r=g\",\"url\":\"https:\/\/secure.gravatar.com\/avatar\/8a889b8db3dbd227a1a78627357ec8fe64f5e99189d1889a270127828ab372ac?s=96&d=mm&r=g\",\"contentUrl\":\"https:\/\/secure.gravatar.com\/avatar\/8a889b8db3dbd227a1a78627357ec8fe64f5e99189d1889a270127828ab372ac?s=96&d=mm&r=g\",\"caption\":\"Nat\u00e1lia Scarano\"},\"description\":\"Jornalista, formada e p\u00f3s graduada pelo IESB, faz parte do time de jornalistas do Estrat\u00e9gia desde 2017. Possui familiaridade com as \u00e1reas de Tribunais, Defensorias, Procuradorias, Minist\u00e9rios P\u00fablicos, Conselhos, Educa\u00e7\u00e3o, \u00c1rea de Seguran\u00e7a, concursos de Carreiras Jur\u00eddicas e OAB. Experi\u00eancia em marketing digital, assessoria de comunica\u00e7\u00e3o e institucional na \u00e1rea privada e p\u00fablica, com atua\u00e7\u00e3o em \u00f3rg\u00e3os como CGU, Cofen e CNM.\",\"url\":\"https:\/\/www.estrategiaconcursos.com.br\/blog\/author\/natalia-scaranoestrategiaconcursos-com-br\/\"}]}<\/script>\n<!-- \/ Yoast SEO Premium plugin. -->","yoast_head_json":{"title":"C\u00e2mara de Tiet\u00ea SP: inscri\u00e7\u00f5es encerradas para Analista Legislativo de Comunica\u00e7\u00e3o","description":"Foi publicado edital do concurso C\u00e2mara de Tiet\u00ea SP. \u00c9 ofertada uma oportunidade para o cargo Analista Legislativo de Comunica\u00e7\u00e3o. Confira!","robots":{"index":"index","follow":"follow","max-snippet":"max-snippet:-1","max-image-preview":"max-image-preview:large","max-video-preview":"max-video-preview:-1"},"canonical":"https:\/\/www.estrategiaconcursos.com.br\/blog\/camara-de-tiete-sp-edital-2020\/","og_locale":"pt_BR","og_type":"article","og_title":"C\u00e2mara de Tiet\u00ea SP: inscri\u00e7\u00f5es encerradas para Analista Legislativo de Comunica\u00e7\u00e3o","og_description":"Foi publicado edital do concurso C\u00e2mara de Tiet\u00ea SP. \u00c9 ofertada uma oportunidade para o cargo Analista Legislativo de Comunica\u00e7\u00e3o. Confira!","og_url":"https:\/\/www.estrategiaconcursos.com.br\/blog\/camara-de-tiete-sp-edital-2020\/","og_site_name":"Estrat\u00e9gia Concursos","article_published_time":"2020-02-29T15:00:00+00:00","article_modified_time":"2024-09-20T18:38:16+00:00","og_image":[{"url":"https:\/\/www.estrategiaconcursos.com.br\/blog\/wp-content\/uploads\/2020\/02\/image-39-1024x200.png","type":"","width":"","height":""}],"author":"Nat\u00e1lia Scarano","twitter_card":"summary_large_image","twitter_creator":"@EstratConcursos","twitter_site":"@EstratConcursos","twitter_misc":{"Escrito por":"Nat\u00e1lia Scarano","Est. tempo de leitura":"3 minutos"},"schema":{"@context":"https:\/\/schema.org","@graph":[{"@type":"NewsArticle","@id":"https:\/\/www.estrategiaconcursos.com.br\/blog\/camara-de-tiete-sp-edital-2020\/#article","isPartOf":{"@id":"https:\/\/www.estrategiaconcursos.com.br\/blog\/camara-de-tiete-sp-edital-2020\/"},"author":{"name":"Nat\u00e1lia Scarano","@id":"https:\/\/www.estrategiaconcursos.com.br\/blog\/#\/schema\/person\/751aedf909a9d10cb23ce6ac527ce0f2"},"headline":"C\u00e2mara de Tiet\u00ea SP: inscri\u00e7\u00f5es encerradas para Analista Legislativo de Comunica\u00e7\u00e3o","datePublished":"2020-02-29T15:00:00+00:00","dateModified":"2024-09-20T18:38:16+00:00","mainEntityOfPage":{"@id":"https:\/\/www.estrategiaconcursos.com.br\/blog\/camara-de-tiete-sp-edital-2020\/"},"wordCount":533,"commentCount":0,"publisher":{"@id":"https:\/\/www.estrategiaconcursos.com.br\/blog\/#organization"},"image":{"@id":"https:\/\/www.estrategiaconcursos.com.br\/blog\/camara-de-tiete-sp-edital-2020\/#primaryimage"},"thumbnailUrl":"https:\/\/www.estrategiaconcursos.com.br\/blog\/wp-content\/uploads\/2020\/02\/image-39-1024x200.png","articleSection":["Concursos P\u00fablicos"],"inLanguage":"pt-BR","potentialAction":[{"@type":"CommentAction","name":"Comment","target":["https:\/\/www.estrategiaconcursos.com.br\/blog\/camara-de-tiete-sp-edital-2020\/#respond"]}],"copyrightYear":"2020","copyrightHolder":{"@id":"https:\/\/www.estrategiaconcursos.com.br\/blog\/#organization"}},{"@type":"WebPage","@id":"https:\/\/www.estrategiaconcursos.com.br\/blog\/camara-de-tiete-sp-edital-2020\/","url":"https:\/\/www.estrategiaconcursos.com.br\/blog\/camara-de-tiete-sp-edital-2020\/","name":"C\u00e2mara de Tiet\u00ea SP: inscri\u00e7\u00f5es encerradas para Analista Legislativo de Comunica\u00e7\u00e3o","isPartOf":{"@id":"https:\/\/www.estrategiaconcursos.com.br\/blog\/#website"},"primaryImageOfPage":{"@id":"https:\/\/www.estrategiaconcursos.com.br\/blog\/camara-de-tiete-sp-edital-2020\/#primaryimage"},"image":{"@id":"https:\/\/www.estrategiaconcursos.com.br\/blog\/camara-de-tiete-sp-edital-2020\/#primaryimage"},"thumbnailUrl":"https:\/\/www.estrategiaconcursos.com.br\/blog\/wp-content\/uploads\/2020\/02\/image-39-1024x200.png","datePublished":"2020-02-29T15:00:00+00:00","dateModified":"2024-09-20T18:38:16+00:00","description":"Foi publicado edital do concurso C\u00e2mara de Tiet\u00ea SP. \u00c9 ofertada uma oportunidade para o cargo Analista Legislativo de Comunica\u00e7\u00e3o. Confira!","breadcrumb":{"@id":"https:\/\/www.estrategiaconcursos.com.br\/blog\/camara-de-tiete-sp-edital-2020\/#breadcrumb"},"inLanguage":"pt-BR","potentialAction":[{"@type":"ReadAction","target":["https:\/\/www.estrategiaconcursos.com.br\/blog\/camara-de-tiete-sp-edital-2020\/"]}]},{"@type":"ImageObject","inLanguage":"pt-BR","@id":"https:\/\/www.estrategiaconcursos.com.br\/blog\/camara-de-tiete-sp-edital-2020\/#primaryimage","url":"https:\/\/dhg1h5j42swfq.cloudfront.net\/2020\/02\/07133823\/image-39.png","contentUrl":"https:\/\/dhg1h5j42swfq.cloudfront.net\/2020\/02\/07133823\/image-39.png","width":1088,"height":212},{"@type":"BreadcrumbList","@id":"https:\/\/www.estrategiaconcursos.com.br\/blog\/camara-de-tiete-sp-edital-2020\/#breadcrumb","itemListElement":[{"@type":"ListItem","position":1,"name":"In\u00edcio","item":"https:\/\/www.estrategiaconcursos.com.br\/blog\/"},{"@type":"ListItem","position":2,"name":"C\u00e2mara de Tiet\u00ea SP: inscri\u00e7\u00f5es encerradas para Analista Legislativo de Comunica\u00e7\u00e3o"}]},{"@type":"WebSite","@id":"https:\/\/www.estrategiaconcursos.com.br\/blog\/#website","url":"https:\/\/www.estrategiaconcursos.com.br\/blog\/","name":"Estrat\u00e9gia Concursos","description":"O blog da Estrat\u00e9gia Concursos traz not\u00edcias sobre concursos e artigos de professores oferecendo cursos para concursos (pdf + videaulas) no site.","publisher":{"@id":"https:\/\/www.estrategiaconcursos.com.br\/blog\/#organization"},"potentialAction":[{"@type":"SearchAction","target":{"@type":"EntryPoint","urlTemplate":"https:\/\/www.estrategiaconcursos.com.br\/blog\/?s={search_term_string}"},"query-input":{"@type":"PropertyValueSpecification","valueRequired":true,"valueName":"search_term_string"}}],"inLanguage":"pt-BR"},{"@type":"Organization","@id":"https:\/\/www.estrategiaconcursos.com.br\/blog\/#organization","name":"Estrat\u00e9gia Concursos","url":"https:\/\/www.estrategiaconcursos.com.br\/blog\/","logo":{"@type":"ImageObject","inLanguage":"pt-BR","@id":"https:\/\/www.estrategiaconcursos.com.br\/blog\/#\/schema\/logo\/image\/","url":"https:\/\/dhg1h5j42swfq.cloudfront.net\/2025\/06\/03203428\/logo_concursos-1.jpg","contentUrl":"https:\/\/dhg1h5j42swfq.cloudfront.net\/2025\/06\/03203428\/logo_concursos-1.jpg","width":230,"height":60,"caption":"Estrat\u00e9gia Concursos"},"image":{"@id":"https:\/\/www.estrategiaconcursos.com.br\/blog\/#\/schema\/logo\/image\/"},"sameAs":["https:\/\/x.com\/EstratConcursos"]},{"@type":"Person","@id":"https:\/\/www.estrategiaconcursos.com.br\/blog\/#\/schema\/person\/751aedf909a9d10cb23ce6ac527ce0f2","name":"Nat\u00e1lia Scarano","image":{"@type":"ImageObject","inLanguage":"pt-BR","@id":"https:\/\/secure.gravatar.com\/avatar\/8a889b8db3dbd227a1a78627357ec8fe64f5e99189d1889a270127828ab372ac?s=96&d=mm&r=g","url":"https:\/\/secure.gravatar.com\/avatar\/8a889b8db3dbd227a1a78627357ec8fe64f5e99189d1889a270127828ab372ac?s=96&d=mm&r=g","contentUrl":"https:\/\/secure.gravatar.com\/avatar\/8a889b8db3dbd227a1a78627357ec8fe64f5e99189d1889a270127828ab372ac?s=96&d=mm&r=g","caption":"Nat\u00e1lia Scarano"},"description":"Jornalista, formada e p\u00f3s graduada pelo IESB, faz parte do time de jornalistas do Estrat\u00e9gia desde 2017. Possui familiaridade com as \u00e1reas de Tribunais, Defensorias, Procuradorias, Minist\u00e9rios P\u00fablicos, Conselhos, Educa\u00e7\u00e3o, \u00c1rea de Seguran\u00e7a, concursos de Carreiras Jur\u00eddicas e OAB. Experi\u00eancia em marketing digital, assessoria de comunica\u00e7\u00e3o e institucional na \u00e1rea privada e p\u00fablica, com atua\u00e7\u00e3o em \u00f3rg\u00e3os como CGU, Cofen e CNM.","url":"https:\/\/www.estrategiaconcursos.com.br\/blog\/author\/natalia-scaranoestrategiaconcursos-com-br\/"}]}},"_links":{"self":[{"href":"https:\/\/www.estrategiaconcursos.com.br\/blog\/wp-json\/wp\/v2\/posts\/479216","targetHints":{"allow":["GET"]}}],"collection":[{"href":"https:\/\/www.estrategiaconcursos.com.br\/blog\/wp-json\/wp\/v2\/posts"}],"about":[{"href":"https:\/\/www.estrategiaconcursos.com.br\/blog\/wp-json\/wp\/v2\/types\/post"}],"author":[{"embeddable":true,"href":"https:\/\/www.estrategiaconcursos.com.br\/blog\/wp-json\/wp\/v2\/users\/657"}],"replies":[{"embeddable":true,"href":"https:\/\/www.estrategiaconcursos.com.br\/blog\/wp-json\/wp\/v2\/comments?post=479216"}],"version-history":[{"count":8,"href":"https:\/\/www.estrategiaconcursos.com.br\/blog\/wp-json\/wp\/v2\/posts\/479216\/revisions"}],"predecessor-version":[{"id":487121,"href":"https:\/\/www.estrategiaconcursos.com.br\/blog\/wp-json\/wp\/v2\/posts\/479216\/revisions\/487121"}],"wp:attachment":[{"href":"https:\/\/www.estrategiaconcursos.com.br\/blog\/wp-json\/wp\/v2\/media?parent=479216"}],"wp:term":[{"taxonomy":"category","embeddable":true,"href":"https:\/\/www.estrategiaconcursos.com.br\/blog\/wp-json\/wp\/v2\/categories?post=479216"},{"taxonomy":"post_tag","embeddable":true,"href":"https:\/\/www.estrategiaconcursos.com.br\/blog\/wp-json\/wp\/v2\/tags?post=479216"},{"taxonomy":"tax_estado","embeddable":true,"href":"https:\/\/www.estrategiaconcursos.com.br\/blog\/wp-json\/wp\/v2\/tax_estado?post=479216"}],"curies":[{"name":"wp","href":"https:\/\/api.w.org\/{rel}","templated":true}]}}