{"id":47913,"date":"2016-09-08T18:50:42","date_gmt":"2016-09-08T21:50:42","guid":{"rendered":"https:\/\/www.estrategiaconcursos.com.br\/blog\/?p=47913"},"modified":"2022-11-18T13:26:12","modified_gmt":"2022-11-18T16:26:12","slug":"semana-especial-trf-2","status":"publish","type":"post","link":"https:\/\/www.estrategiaconcursos.com.br\/blog\/semana-especial-trf-2\/","title":{"rendered":"Semana Especial TRF 2: Tudo o que voc\u00ea deseja e precisa saber sobre o pr\u00f3ximo concurso TRF 2. Participe!"},"content":{"rendered":"<p style=\"text-align: center;\"><span style=\"color: #000000;\"><strong>Semana Especial TRF 2:\u00a0Fique por dentro das perspectivas do concurso TRF 2, os t\u00f3picos mais cobrados nas principais disciplinas e conhe\u00e7a as t\u00e9cnicas de estudo mais eficazes para quem deseja seguir carreira.<\/strong><\/span><\/p>\n<p style=\"text-align: justify;\"><span style=\"color: #000000;\">Entres os dias 5 e 8 de setembro o Estrat\u00e9gia Concursos realizar\u00e1 a Semana Especial TRF 2.\u00a0Ser\u00e1 uma semana dedicada especialmente aos Concurso do Tribunal Regional da 2 Regi\u00e3o. Durante os eventos, ao vivo, teremos aulas e palestras focadas em temas de interesse dos concurseiros.<\/span><\/p>\n<p class=\"lplh-29\" style=\"text-align: justify;\"><span style=\"color: #000000;\">Assuntos que ser\u00e3o abordados durante a Semana Especial TRF 2:<\/span><\/p>\n<ul>\n<li class=\"lplh-29\" style=\"text-align: justify;\"><span style=\"color: #000000;\">T\u00e9cnicas de Estudo;<\/span><\/li>\n<li class=\"lplh-29\" style=\"text-align: justify;\"><span style=\"color: #000000;\">Dicas de Produtividade e Motiva\u00e7\u00e3o;<\/span><\/li>\n<li class=\"lplh-29\" style=\"text-align: justify;\"><span style=\"color: #000000;\">Perspectivas do lan\u00e7amento do concurso;<\/span><\/li>\n<li class=\"lplh-29\" style=\"text-align: justify;\"><span style=\"color: #000000;\">T\u00f3picos Relevantes das principais disciplinas;<\/span><\/li>\n<li class=\"lplh-29\" style=\"text-align: justify;\"><span style=\"color: #000000;\">Raio-X Tribunal Regional Federal;<\/span><\/li>\n<li class=\"lplh-29\" style=\"text-align: justify;\"><span style=\"color: #000000;\">Como \u00e9 o trabalho;<\/span><\/li>\n<li class=\"lplh-29\" style=\"text-align: justify;\"><span style=\"color: #000000;\">E muito mais.<\/span><\/li>\n<\/ul>\n<p><span style=\"color: #000000;\"><strong>FA\u00c7A J\u00c1 SUA INSCRI\u00c7\u00c3O NA SEMANA ESPECIAL TRF 2:<\/strong><\/span><\/p>\n<p><a href=\"https:\/\/www.estrategiaconcursos.com.br\/maratona-e-semana-especial-trf2\/\" target=\"_blank\" rel=\"noopener\">https:\/\/www.estrategiaconcursos.com.br\/maratona-e-semana-especial-trf2\/<\/a><\/p>\n<h3 style=\"text-align: center;\"><span style=\"color: #000000;\"><b>SEMANA ESPECIAL trf 2 \u2013 Programa\u00e7\u00e3o do evento*<\/b><\/span><\/h3>\n<p style=\"text-align: center;\"><span style=\"color: #000000;\">*Programa\u00e7\u00e3o sujeita a altera\u00e7\u00f5es sem aviso pr\u00e9vio<\/span><\/p>\n<p style=\"text-align: center;\"><img loading=\"lazy\" decoding=\"async\" class=\"aligncenter wp-image-47945 size-full\" src=\"https:\/\/dhg1h5j42swfq.cloudfront.net\/2016\/09\/01154644\/SEMANA-ESPECIAL-AFT-1.png\" alt=\"SEMANA ESPECIAL AFT 1\" width=\"799\" height=\"346\" srcset=\"https:\/\/dhg1h5j42swfq.cloudfront.net\/2016\/09\/01154644\/SEMANA-ESPECIAL-AFT-1.png 799w, https:\/\/dhg1h5j42swfq.cloudfront.net\/2016\/09\/01154644\/SEMANA-ESPECIAL-AFT-1.png 300w, https:\/\/dhg1h5j42swfq.cloudfront.net\/2016\/09\/01154644\/SEMANA-ESPECIAL-AFT-1.png 768w, https:\/\/dhg1h5j42swfq.cloudfront.net\/2016\/09\/01154644\/SEMANA-ESPECIAL-AFT-1.png 500w\" sizes=\"auto, (max-width: 799px) 100vw, 799px\" \/><\/p>\n<p style=\"text-align: center;\"><img loading=\"lazy\" decoding=\"async\" class=\"aligncenter wp-image-47946 size-full\" src=\"https:\/\/dhg1h5j42swfq.cloudfront.net\/2016\/09\/01154646\/SEMANA-ESPECIAL-AFT-2.png\" alt=\"SEMANA ESPECIAL AFT 2\" width=\"800\" height=\"373\" srcset=\"https:\/\/dhg1h5j42swfq.cloudfront.net\/2016\/09\/01154646\/SEMANA-ESPECIAL-AFT-2.png 800w, https:\/\/dhg1h5j42swfq.cloudfront.net\/2016\/09\/01154646\/SEMANA-ESPECIAL-AFT-2.png 300w, https:\/\/dhg1h5j42swfq.cloudfront.net\/2016\/09\/01154646\/SEMANA-ESPECIAL-AFT-2.png 768w, https:\/\/dhg1h5j42swfq.cloudfront.net\/2016\/09\/01154646\/SEMANA-ESPECIAL-AFT-2.png 500w\" sizes=\"auto, (max-width: 800px) 100vw, 800px\" \/> <img loading=\"lazy\" decoding=\"async\" class=\"aligncenter wp-image-47947 size-full\" src=\"https:\/\/dhg1h5j42swfq.cloudfront.net\/2016\/09\/01154648\/SEMANA-ESPECIAL-AFT-3.png\" alt=\"SEMANA ESPECIAL AFT 3\" width=\"797\" height=\"399\" srcset=\"https:\/\/dhg1h5j42swfq.cloudfront.net\/2016\/09\/01154648\/SEMANA-ESPECIAL-AFT-3.png 797w, https:\/\/dhg1h5j42swfq.cloudfront.net\/2016\/09\/01154648\/SEMANA-ESPECIAL-AFT-3.png 300w, https:\/\/dhg1h5j42swfq.cloudfront.net\/2016\/09\/01154648\/SEMANA-ESPECIAL-AFT-3.png 768w, https:\/\/dhg1h5j42swfq.cloudfront.net\/2016\/09\/01154648\/SEMANA-ESPECIAL-AFT-3.png 500w\" sizes=\"auto, (max-width: 797px) 100vw, 797px\" \/> <img loading=\"lazy\" decoding=\"async\" class=\"aligncenter wp-image-47948 size-full\" src=\"https:\/\/dhg1h5j42swfq.cloudfront.net\/2016\/09\/01154650\/SEMANA-ESPECIAL-AFT-4.png\" alt=\"SEMANA ESPECIAL AFT 4\" width=\"799\" height=\"231\" srcset=\"https:\/\/dhg1h5j42swfq.cloudfront.net\/2016\/09\/01154650\/SEMANA-ESPECIAL-AFT-4.png 799w, https:\/\/dhg1h5j42swfq.cloudfront.net\/2016\/09\/01154650\/SEMANA-ESPECIAL-AFT-4.png 300w, https:\/\/dhg1h5j42swfq.cloudfront.net\/2016\/09\/01154650\/SEMANA-ESPECIAL-AFT-4.png 768w, https:\/\/dhg1h5j42swfq.cloudfront.net\/2016\/09\/01154650\/SEMANA-ESPECIAL-AFT-4.png 500w\" sizes=\"auto, (max-width: 799px) 100vw, 799px\" \/><\/p>\n<p style=\"text-align: justify;\"><span style=\"color: #000000;\"><em><strong>Confira as transmiss\u00f5es que j\u00e1 aconteceram:<\/strong><\/em><\/span><\/p>\n<ul>\n<li style=\"text-align: justify;\"><span style=\"color: #000000;\">Segunda-feira (05):<\/span><\/li>\n<\/ul>\n<p class=\"watch-title-container\"><span id=\"eow-title\" class=\"watch-title metadata-updateable-title watch-editable\" dir=\"ltr\" style=\"color: #000000;\" title=\"Raio-X Concurso TRF2\">19h &#8211; Raio-X Concurso TRF2<\/span><\/p>\n<p class=\"watch-title-container\"><span id=\"eow-title\" class=\"watch-title metadata-updateable-title watch-editable\" dir=\"ltr\" style=\"color: #000000;\" title=\"Como Preparar para os Estudos de Caso e Reda\u00e7\u00e3o no TRF2 | Ao Vivo\">21h &#8211; Como Preparar para os Estudos de Caso e Reda\u00e7\u00e3o no TRF2 | Ao Vivo<\/span><\/p>\n<ul>\n<li>Ter\u00e7a-feira (06):<\/li>\n<\/ul>\n<p><span style=\"color: #000000;\">19h &#8211;\u00a0<span id=\"eow-title\" class=\"watch-title metadata-updateable-title watch-editable\" dir=\"ltr\" title=\"Como Estudar DADM | Ao Vivo\">Como Estudar DADM<\/span><\/span><\/p>\n<p><span style=\"color: #000000;\">21h &#8211;\u00a0Bate Papo: As atividades do Oficial de Justi\u00e7a Avaliador\u00a0<\/span><\/p>\n<ul>\n<li style=\"text-align: justify;\"><span style=\"color: #000000;\">Quarta-feira (07):<\/span><\/li>\n<\/ul>\n<p style=\"text-align: justify;\"><span style=\"color: #000000;\">19h &#8211;\u00a0Como Estudar para T\u00e9cnico e Analista TRF2 ao mesmo tempo<\/span><\/p>\n<p style=\"text-align: justify;\"><span style=\"color: #000000;\">21h &#8211; Analista Judici\u00e1rio e Carreiras Jur\u00eddicas: \u00c9 poss\u00edvel uma prepara\u00e7\u00e3o conjunta?<\/span><\/p>\n<ul>\n<li><span style=\"color: #000000;\">Quinta-feira (08):<\/span><\/li>\n<\/ul>\n<p><span style=\"color: #000000;\">19h &#8211;\u00a0T\u00f3picos relevantes para \u00c1rea de Seguran\u00e7a do TRF 2\u00a0<\/span><\/p>\n<p><span style=\"color: #000000;\"><strong>FA\u00c7A J\u00c1 SUA INSCRI\u00c7\u00c3O NA SEMANA ESPECIAL TRF 2:<\/strong><\/span><\/p>\n<p><a href=\"https:\/\/www.estrategiaconcursos.com.br\/maratona-e-semana-especial-trf2\/\" target=\"_blank\" rel=\"noopener\">https:\/\/www.estrategiaconcursos.com.br\/maratona-e-semana-especial-trf2\/<\/a><\/p>\n<p style=\"text-align: justify;\"><span style=\"color: #000000;\">\u00a0Assessoria de Comunica\u00e7\u00e3o<\/span><\/p>\n<p><span style=\"color: #000000;\">comunicacao@estrategiaconcursos.com.br<\/span><\/p>\n","protected":false},"excerpt":{"rendered":"<p>Semana Especial TRF 2:\u00a0Fique por dentro das perspectivas do concurso TRF 2, os t\u00f3picos mais cobrados nas principais disciplinas e conhe\u00e7a as t\u00e9cnicas de estudo mais eficazes para quem deseja seguir carreira. Entres os dias 5 e 8 de setembro o Estrat\u00e9gia Concursos realizar\u00e1 a Semana Especial TRF 2.\u00a0Ser\u00e1 uma semana dedicada especialmente aos Concurso [&hellip;]<\/p>\n","protected":false},"author":1,"featured_media":47932,"comment_status":"open","ping_status":"open","sticky":false,"template":"","format":"standard","meta":{"post_tipo":"news","footnotes":""},"categories":[1,1984],"tags":[1294],"tax_estado":[],"class_list":["post-47913","post","type-post","status-publish","format-standard","has-post-thumbnail","hentry","category-cursos-e-concursos","category-tribunais","tag-trf-2"],"acf":[],"yoast_head":"<!-- This site is optimized with the Yoast SEO Premium plugin v27.2 (Yoast SEO v27.2) - https:\/\/yoast.com\/product\/yoast-seo-premium-wordpress\/ -->\n<title>Semana Especial TRF 2 - Estrat\u00e9gia Concursos<\/title>\n<meta name=\"description\" content=\"SEMANA ESPECIAL TRF 2: Tudo o que voc\u00ea precisa e deseja saber para ser aprovado no pr\u00f3ximo concurso do Tribunal Regional Federal 2 regiao.\" \/>\n<meta name=\"robots\" content=\"index, follow, max-snippet:-1, max-image-preview:large, max-video-preview:-1\" \/>\n<link rel=\"canonical\" href=\"https:\/\/www.estrategiaconcursos.com.br\/blog\/semana-especial-trf-2\/\" \/>\n<meta property=\"og:locale\" content=\"pt_BR\" \/>\n<meta property=\"og:type\" content=\"article\" \/>\n<meta property=\"og:title\" content=\"Semana Especial TRF 2: Tudo o que voc\u00ea deseja e precisa saber sobre o pr\u00f3ximo concurso TRF 2. Participe!\" \/>\n<meta property=\"og:description\" content=\"SEMANA ESPECIAL TRF 2: Tudo o que voc\u00ea precisa e deseja saber para ser aprovado no pr\u00f3ximo concurso do Tribunal Regional Federal 2 regiao.\" \/>\n<meta property=\"og:url\" content=\"https:\/\/www.estrategiaconcursos.com.br\/blog\/semana-especial-trf-2\/\" \/>\n<meta property=\"og:site_name\" content=\"Estrat\u00e9gia Concursos\" \/>\n<meta property=\"article:author\" content=\"https:\/\/www.facebook.com\/EstrategiaConcursos\" \/>\n<meta property=\"article:published_time\" content=\"2016-09-08T21:50:42+00:00\" \/>\n<meta property=\"article:modified_time\" content=\"2022-11-18T16:26:12+00:00\" \/>\n<meta property=\"og:image\" content=\"https:\/\/dhg1h5j42swfq.cloudfront.net\/2016\/09\/01150655\/234-v1.png\" \/>\n\t<meta property=\"og:image:width\" content=\"970\" \/>\n\t<meta property=\"og:image:height\" content=\"220\" \/>\n\t<meta property=\"og:image:type\" content=\"image\/png\" \/>\n<meta name=\"author\" content=\"Coordena\u00e7\u00e3o\" \/>\n<meta name=\"twitter:card\" content=\"summary_large_image\" \/>\n<meta name=\"twitter:creator\" content=\"@EstratConcursos\" \/>\n<meta name=\"twitter:site\" content=\"@EstratConcursos\" \/>\n<meta name=\"twitter:label1\" content=\"Escrito por\" \/>\n\t<meta name=\"twitter:data1\" content=\"Coordena\u00e7\u00e3o\" \/>\n\t<meta name=\"twitter:label2\" content=\"Est. tempo de leitura\" \/>\n\t<meta name=\"twitter:data2\" content=\"1 minuto\" \/>\n<script type=\"application\/ld+json\" class=\"yoast-schema-graph\">{\"@context\":\"https:\/\/schema.org\",\"@graph\":[{\"@type\":\"NewsArticle\",\"@id\":\"https:\/\/www.estrategiaconcursos.com.br\/blog\/semana-especial-trf-2\/#article\",\"isPartOf\":{\"@id\":\"https:\/\/www.estrategiaconcursos.com.br\/blog\/semana-especial-trf-2\/\"},\"author\":{\"name\":\"Coordena\u00e7\u00e3o\",\"@id\":\"https:\/\/www.estrategiaconcursos.com.br\/blog\/#\/schema\/person\/b4a388c97673c5f483d72185668afa1f\"},\"headline\":\"Semana Especial TRF 2: Tudo o que voc\u00ea deseja e precisa saber sobre o pr\u00f3ximo concurso TRF 2. Participe!\",\"datePublished\":\"2016-09-08T21:50:42+00:00\",\"dateModified\":\"2022-11-18T16:26:12+00:00\",\"mainEntityOfPage\":{\"@id\":\"https:\/\/www.estrategiaconcursos.com.br\/blog\/semana-especial-trf-2\/\"},\"wordCount\":285,\"commentCount\":2,\"publisher\":{\"@id\":\"https:\/\/www.estrategiaconcursos.com.br\/blog\/#organization\"},\"image\":{\"@id\":\"https:\/\/www.estrategiaconcursos.com.br\/blog\/semana-especial-trf-2\/#primaryimage\"},\"thumbnailUrl\":\"https:\/\/dhg1h5j42swfq.cloudfront.net\/2016\/09\/01150655\/234-v1.png\",\"keywords\":[\"TRF 2\"],\"articleSection\":[\"Concursos P\u00fablicos\",\"Tribunais\"],\"inLanguage\":\"pt-BR\",\"potentialAction\":[{\"@type\":\"CommentAction\",\"name\":\"Comment\",\"target\":[\"https:\/\/www.estrategiaconcursos.com.br\/blog\/semana-especial-trf-2\/#respond\"]}],\"copyrightYear\":\"2016\",\"copyrightHolder\":{\"@id\":\"https:\/\/www.estrategiaconcursos.com.br\/blog\/#organization\"}},{\"@type\":\"WebPage\",\"@id\":\"https:\/\/www.estrategiaconcursos.com.br\/blog\/semana-especial-trf-2\/\",\"url\":\"https:\/\/www.estrategiaconcursos.com.br\/blog\/semana-especial-trf-2\/\",\"name\":\"Semana Especial TRF 2 - Estrat\u00e9gia Concursos\",\"isPartOf\":{\"@id\":\"https:\/\/www.estrategiaconcursos.com.br\/blog\/#website\"},\"primaryImageOfPage\":{\"@id\":\"https:\/\/www.estrategiaconcursos.com.br\/blog\/semana-especial-trf-2\/#primaryimage\"},\"image\":{\"@id\":\"https:\/\/www.estrategiaconcursos.com.br\/blog\/semana-especial-trf-2\/#primaryimage\"},\"thumbnailUrl\":\"https:\/\/dhg1h5j42swfq.cloudfront.net\/2016\/09\/01150655\/234-v1.png\",\"datePublished\":\"2016-09-08T21:50:42+00:00\",\"dateModified\":\"2022-11-18T16:26:12+00:00\",\"description\":\"SEMANA ESPECIAL TRF 2: Tudo o que voc\u00ea precisa e deseja saber para ser aprovado no pr\u00f3ximo concurso do Tribunal Regional Federal 2 regiao.\",\"breadcrumb\":{\"@id\":\"https:\/\/www.estrategiaconcursos.com.br\/blog\/semana-especial-trf-2\/#breadcrumb\"},\"inLanguage\":\"pt-BR\",\"potentialAction\":[{\"@type\":\"ReadAction\",\"target\":[\"https:\/\/www.estrategiaconcursos.com.br\/blog\/semana-especial-trf-2\/\"]}]},{\"@type\":\"ImageObject\",\"inLanguage\":\"pt-BR\",\"@id\":\"https:\/\/www.estrategiaconcursos.com.br\/blog\/semana-especial-trf-2\/#primaryimage\",\"url\":\"https:\/\/dhg1h5j42swfq.cloudfront.net\/2016\/09\/01150655\/234-v1.png\",\"contentUrl\":\"https:\/\/dhg1h5j42swfq.cloudfront.net\/2016\/09\/01150655\/234-v1.png\",\"width\":970,\"height\":220,\"caption\":\"semana especial TRE 2\"},{\"@type\":\"BreadcrumbList\",\"@id\":\"https:\/\/www.estrategiaconcursos.com.br\/blog\/semana-especial-trf-2\/#breadcrumb\",\"itemListElement\":[{\"@type\":\"ListItem\",\"position\":1,\"name\":\"In\u00edcio\",\"item\":\"https:\/\/www.estrategiaconcursos.com.br\/blog\/\"},{\"@type\":\"ListItem\",\"position\":2,\"name\":\"Semana Especial TRF 2: Tudo o que voc\u00ea deseja e precisa saber sobre o pr\u00f3ximo concurso TRF 2. Participe!\"}]},{\"@type\":\"WebSite\",\"@id\":\"https:\/\/www.estrategiaconcursos.com.br\/blog\/#website\",\"url\":\"https:\/\/www.estrategiaconcursos.com.br\/blog\/\",\"name\":\"Estrat\u00e9gia Concursos\",\"description\":\"O blog da Estrat\u00e9gia Concursos traz not\u00edcias sobre concursos e artigos de professores oferecendo cursos para concursos (pdf + videaulas) no site.\",\"publisher\":{\"@id\":\"https:\/\/www.estrategiaconcursos.com.br\/blog\/#organization\"},\"potentialAction\":[{\"@type\":\"SearchAction\",\"target\":{\"@type\":\"EntryPoint\",\"urlTemplate\":\"https:\/\/www.estrategiaconcursos.com.br\/blog\/?s={search_term_string}\"},\"query-input\":{\"@type\":\"PropertyValueSpecification\",\"valueRequired\":true,\"valueName\":\"search_term_string\"}}],\"inLanguage\":\"pt-BR\"},{\"@type\":\"Organization\",\"@id\":\"https:\/\/www.estrategiaconcursos.com.br\/blog\/#organization\",\"name\":\"Estrat\u00e9gia Concursos\",\"url\":\"https:\/\/www.estrategiaconcursos.com.br\/blog\/\",\"logo\":{\"@type\":\"ImageObject\",\"inLanguage\":\"pt-BR\",\"@id\":\"https:\/\/www.estrategiaconcursos.com.br\/blog\/#\/schema\/logo\/image\/\",\"url\":\"https:\/\/dhg1h5j42swfq.cloudfront.net\/2025\/06\/03203428\/logo_concursos-1.jpg\",\"contentUrl\":\"https:\/\/dhg1h5j42swfq.cloudfront.net\/2025\/06\/03203428\/logo_concursos-1.jpg\",\"width\":230,\"height\":60,\"caption\":\"Estrat\u00e9gia Concursos\"},\"image\":{\"@id\":\"https:\/\/www.estrategiaconcursos.com.br\/blog\/#\/schema\/logo\/image\/\"},\"sameAs\":[\"https:\/\/x.com\/EstratConcursos\"]},{\"@type\":\"Person\",\"@id\":\"https:\/\/www.estrategiaconcursos.com.br\/blog\/#\/schema\/person\/b4a388c97673c5f483d72185668afa1f\",\"name\":\"Coordena\u00e7\u00e3o\",\"image\":{\"@type\":\"ImageObject\",\"inLanguage\":\"pt-BR\",\"@id\":\"https:\/\/secure.gravatar.com\/avatar\/b720319e4c9a967eb58678d110f4fe35452fc5d5f97b202bac7b8acceb18c6ad?s=96&d=mm&r=g\",\"url\":\"https:\/\/secure.gravatar.com\/avatar\/b720319e4c9a967eb58678d110f4fe35452fc5d5f97b202bac7b8acceb18c6ad?s=96&d=mm&r=g\",\"contentUrl\":\"https:\/\/secure.gravatar.com\/avatar\/b720319e4c9a967eb58678d110f4fe35452fc5d5f97b202bac7b8acceb18c6ad?s=96&d=mm&r=g\",\"caption\":\"Coordena\u00e7\u00e3o\"},\"sameAs\":[\"https:\/\/www.facebook.com\/EstrategiaConcursos\",\"https:\/\/x.com\/EstratConcursos\"],\"url\":\"https:\/\/www.estrategiaconcursos.com.br\/blog\/author\/estrategia2013\/\"}]}<\/script>\n<!-- \/ Yoast SEO Premium plugin. -->","yoast_head_json":{"title":"Semana Especial TRF 2 - Estrat\u00e9gia Concursos","description":"SEMANA ESPECIAL TRF 2: Tudo o que voc\u00ea precisa e deseja saber para ser aprovado no pr\u00f3ximo concurso do Tribunal Regional Federal 2 regiao.","robots":{"index":"index","follow":"follow","max-snippet":"max-snippet:-1","max-image-preview":"max-image-preview:large","max-video-preview":"max-video-preview:-1"},"canonical":"https:\/\/www.estrategiaconcursos.com.br\/blog\/semana-especial-trf-2\/","og_locale":"pt_BR","og_type":"article","og_title":"Semana Especial TRF 2: Tudo o que voc\u00ea deseja e precisa saber sobre o pr\u00f3ximo concurso TRF 2. Participe!","og_description":"SEMANA ESPECIAL TRF 2: Tudo o que voc\u00ea precisa e deseja saber para ser aprovado no pr\u00f3ximo concurso do Tribunal Regional Federal 2 regiao.","og_url":"https:\/\/www.estrategiaconcursos.com.br\/blog\/semana-especial-trf-2\/","og_site_name":"Estrat\u00e9gia Concursos","article_author":"https:\/\/www.facebook.com\/EstrategiaConcursos","article_published_time":"2016-09-08T21:50:42+00:00","article_modified_time":"2022-11-18T16:26:12+00:00","og_image":[{"width":970,"height":220,"url":"https:\/\/dhg1h5j42swfq.cloudfront.net\/2016\/09\/01150655\/234-v1.png","type":"image\/png"}],"author":"Coordena\u00e7\u00e3o","twitter_card":"summary_large_image","twitter_creator":"@EstratConcursos","twitter_site":"@EstratConcursos","twitter_misc":{"Escrito por":"Coordena\u00e7\u00e3o","Est. tempo de leitura":"1 minuto"},"schema":{"@context":"https:\/\/schema.org","@graph":[{"@type":"NewsArticle","@id":"https:\/\/www.estrategiaconcursos.com.br\/blog\/semana-especial-trf-2\/#article","isPartOf":{"@id":"https:\/\/www.estrategiaconcursos.com.br\/blog\/semana-especial-trf-2\/"},"author":{"name":"Coordena\u00e7\u00e3o","@id":"https:\/\/www.estrategiaconcursos.com.br\/blog\/#\/schema\/person\/b4a388c97673c5f483d72185668afa1f"},"headline":"Semana Especial TRF 2: Tudo o que voc\u00ea deseja e precisa saber sobre o pr\u00f3ximo concurso TRF 2. Participe!","datePublished":"2016-09-08T21:50:42+00:00","dateModified":"2022-11-18T16:26:12+00:00","mainEntityOfPage":{"@id":"https:\/\/www.estrategiaconcursos.com.br\/blog\/semana-especial-trf-2\/"},"wordCount":285,"commentCount":2,"publisher":{"@id":"https:\/\/www.estrategiaconcursos.com.br\/blog\/#organization"},"image":{"@id":"https:\/\/www.estrategiaconcursos.com.br\/blog\/semana-especial-trf-2\/#primaryimage"},"thumbnailUrl":"https:\/\/dhg1h5j42swfq.cloudfront.net\/2016\/09\/01150655\/234-v1.png","keywords":["TRF 2"],"articleSection":["Concursos P\u00fablicos","Tribunais"],"inLanguage":"pt-BR","potentialAction":[{"@type":"CommentAction","name":"Comment","target":["https:\/\/www.estrategiaconcursos.com.br\/blog\/semana-especial-trf-2\/#respond"]}],"copyrightYear":"2016","copyrightHolder":{"@id":"https:\/\/www.estrategiaconcursos.com.br\/blog\/#organization"}},{"@type":"WebPage","@id":"https:\/\/www.estrategiaconcursos.com.br\/blog\/semana-especial-trf-2\/","url":"https:\/\/www.estrategiaconcursos.com.br\/blog\/semana-especial-trf-2\/","name":"Semana Especial TRF 2 - Estrat\u00e9gia Concursos","isPartOf":{"@id":"https:\/\/www.estrategiaconcursos.com.br\/blog\/#website"},"primaryImageOfPage":{"@id":"https:\/\/www.estrategiaconcursos.com.br\/blog\/semana-especial-trf-2\/#primaryimage"},"image":{"@id":"https:\/\/www.estrategiaconcursos.com.br\/blog\/semana-especial-trf-2\/#primaryimage"},"thumbnailUrl":"https:\/\/dhg1h5j42swfq.cloudfront.net\/2016\/09\/01150655\/234-v1.png","datePublished":"2016-09-08T21:50:42+00:00","dateModified":"2022-11-18T16:26:12+00:00","description":"SEMANA ESPECIAL TRF 2: Tudo o que voc\u00ea precisa e deseja saber para ser aprovado no pr\u00f3ximo concurso do Tribunal Regional Federal 2 regiao.","breadcrumb":{"@id":"https:\/\/www.estrategiaconcursos.com.br\/blog\/semana-especial-trf-2\/#breadcrumb"},"inLanguage":"pt-BR","potentialAction":[{"@type":"ReadAction","target":["https:\/\/www.estrategiaconcursos.com.br\/blog\/semana-especial-trf-2\/"]}]},{"@type":"ImageObject","inLanguage":"pt-BR","@id":"https:\/\/www.estrategiaconcursos.com.br\/blog\/semana-especial-trf-2\/#primaryimage","url":"https:\/\/dhg1h5j42swfq.cloudfront.net\/2016\/09\/01150655\/234-v1.png","contentUrl":"https:\/\/dhg1h5j42swfq.cloudfront.net\/2016\/09\/01150655\/234-v1.png","width":970,"height":220,"caption":"semana especial TRE 2"},{"@type":"BreadcrumbList","@id":"https:\/\/www.estrategiaconcursos.com.br\/blog\/semana-especial-trf-2\/#breadcrumb","itemListElement":[{"@type":"ListItem","position":1,"name":"In\u00edcio","item":"https:\/\/www.estrategiaconcursos.com.br\/blog\/"},{"@type":"ListItem","position":2,"name":"Semana Especial TRF 2: Tudo o que voc\u00ea deseja e precisa saber sobre o pr\u00f3ximo concurso TRF 2. Participe!"}]},{"@type":"WebSite","@id":"https:\/\/www.estrategiaconcursos.com.br\/blog\/#website","url":"https:\/\/www.estrategiaconcursos.com.br\/blog\/","name":"Estrat\u00e9gia Concursos","description":"O blog da Estrat\u00e9gia Concursos traz not\u00edcias sobre concursos e artigos de professores oferecendo cursos para concursos (pdf + videaulas) no site.","publisher":{"@id":"https:\/\/www.estrategiaconcursos.com.br\/blog\/#organization"},"potentialAction":[{"@type":"SearchAction","target":{"@type":"EntryPoint","urlTemplate":"https:\/\/www.estrategiaconcursos.com.br\/blog\/?s={search_term_string}"},"query-input":{"@type":"PropertyValueSpecification","valueRequired":true,"valueName":"search_term_string"}}],"inLanguage":"pt-BR"},{"@type":"Organization","@id":"https:\/\/www.estrategiaconcursos.com.br\/blog\/#organization","name":"Estrat\u00e9gia Concursos","url":"https:\/\/www.estrategiaconcursos.com.br\/blog\/","logo":{"@type":"ImageObject","inLanguage":"pt-BR","@id":"https:\/\/www.estrategiaconcursos.com.br\/blog\/#\/schema\/logo\/image\/","url":"https:\/\/dhg1h5j42swfq.cloudfront.net\/2025\/06\/03203428\/logo_concursos-1.jpg","contentUrl":"https:\/\/dhg1h5j42swfq.cloudfront.net\/2025\/06\/03203428\/logo_concursos-1.jpg","width":230,"height":60,"caption":"Estrat\u00e9gia Concursos"},"image":{"@id":"https:\/\/www.estrategiaconcursos.com.br\/blog\/#\/schema\/logo\/image\/"},"sameAs":["https:\/\/x.com\/EstratConcursos"]},{"@type":"Person","@id":"https:\/\/www.estrategiaconcursos.com.br\/blog\/#\/schema\/person\/b4a388c97673c5f483d72185668afa1f","name":"Coordena\u00e7\u00e3o","image":{"@type":"ImageObject","inLanguage":"pt-BR","@id":"https:\/\/secure.gravatar.com\/avatar\/b720319e4c9a967eb58678d110f4fe35452fc5d5f97b202bac7b8acceb18c6ad?s=96&d=mm&r=g","url":"https:\/\/secure.gravatar.com\/avatar\/b720319e4c9a967eb58678d110f4fe35452fc5d5f97b202bac7b8acceb18c6ad?s=96&d=mm&r=g","contentUrl":"https:\/\/secure.gravatar.com\/avatar\/b720319e4c9a967eb58678d110f4fe35452fc5d5f97b202bac7b8acceb18c6ad?s=96&d=mm&r=g","caption":"Coordena\u00e7\u00e3o"},"sameAs":["https:\/\/www.facebook.com\/EstrategiaConcursos","https:\/\/x.com\/EstratConcursos"],"url":"https:\/\/www.estrategiaconcursos.com.br\/blog\/author\/estrategia2013\/"}]}},"_links":{"self":[{"href":"https:\/\/www.estrategiaconcursos.com.br\/blog\/wp-json\/wp\/v2\/posts\/47913","targetHints":{"allow":["GET"]}}],"collection":[{"href":"https:\/\/www.estrategiaconcursos.com.br\/blog\/wp-json\/wp\/v2\/posts"}],"about":[{"href":"https:\/\/www.estrategiaconcursos.com.br\/blog\/wp-json\/wp\/v2\/types\/post"}],"author":[{"embeddable":true,"href":"https:\/\/www.estrategiaconcursos.com.br\/blog\/wp-json\/wp\/v2\/users\/1"}],"replies":[{"embeddable":true,"href":"https:\/\/www.estrategiaconcursos.com.br\/blog\/wp-json\/wp\/v2\/comments?post=47913"}],"version-history":[{"count":16,"href":"https:\/\/www.estrategiaconcursos.com.br\/blog\/wp-json\/wp\/v2\/posts\/47913\/revisions"}],"predecessor-version":[{"id":1126159,"href":"https:\/\/www.estrategiaconcursos.com.br\/blog\/wp-json\/wp\/v2\/posts\/47913\/revisions\/1126159"}],"wp:featuredmedia":[{"embeddable":true,"href":"https:\/\/www.estrategiaconcursos.com.br\/blog\/wp-json\/wp\/v2\/media\/47932"}],"wp:attachment":[{"href":"https:\/\/www.estrategiaconcursos.com.br\/blog\/wp-json\/wp\/v2\/media?parent=47913"}],"wp:term":[{"taxonomy":"category","embeddable":true,"href":"https:\/\/www.estrategiaconcursos.com.br\/blog\/wp-json\/wp\/v2\/categories?post=47913"},{"taxonomy":"post_tag","embeddable":true,"href":"https:\/\/www.estrategiaconcursos.com.br\/blog\/wp-json\/wp\/v2\/tags?post=47913"},{"taxonomy":"tax_estado","embeddable":true,"href":"https:\/\/www.estrategiaconcursos.com.br\/blog\/wp-json\/wp\/v2\/tax_estado?post=47913"}],"curies":[{"name":"wp","href":"https:\/\/api.w.org\/{rel}","templated":true}]}}