{"id":479003,"date":"2026-03-30T09:39:00","date_gmt":"2026-03-30T12:39:00","guid":{"rendered":"https:\/\/www.estrategiaconcursos.com.br\/blog\/?p=479003"},"modified":"2026-03-30T09:40:11","modified_gmt":"2026-03-30T12:40:11","slug":"concurso-prefeitura-jacarei","status":"publish","type":"post","link":"https:\/\/www.estrategiaconcursos.com.br\/blog\/concurso-prefeitura-jacarei\/","title":{"rendered":"Concurso Jacare\u00ed SP: confira j\u00e1 os gabaritos das provas!"},"content":{"rendered":"\n\n\n<div style=\"height:31px\" aria-hidden=\"true\" class=\"wp-block-spacer\"><\/div>\n\n\n\n<p>O segundo dia de provas do concurso da <strong><a href=\"https:\/\/estrategiaconcursos.com.br\/cursosPorConcurso\/prefeitura-municipal-de-jacarei-sp\/\" target=\"_blank\" rel=\"noreferrer noopener\">Prefeitura de Jacare\u00ed<\/a><\/strong>, em S\u00e3o Paulo, foi realizado em 29 de mar\u00e7o. Com isso, os candidatos j\u00e1 podem conferir os <strong>gabaritos preliminares!<\/strong><\/p>\n\n\n\n<ul class=\"wp-block-list\">\n<li><strong><a href=\"https:\/\/dhg1h5j42swfq.cloudfront.net\/2026\/03\/30093713\/gabaritos-preliminares-concurso-prefeitura-de-jacarei-edital-3.pdf\" target=\"_blank\" rel=\"noreferrer noopener nofollow\">Gabaritos &#8211; Edital 03<\/a> (29\/3);<\/strong><\/li>\n\n\n\n<li><strong><a href=\"https:\/\/dhg1h5j42swfq.cloudfront.net\/2026\/03\/30093715\/gabaritos-preliminares-concurso-prefeitura-de-jacarei-edital-4.pdf\" target=\"_blank\" rel=\"noreferrer noopener nofollow\">Gabaritos &#8211; Edital 04<\/a> (29\/3);<\/strong><\/li>\n\n\n\n<li><a href=\"https:\/\/dhg1h5j42swfq.cloudfront.net\/2026\/02\/23115054\/pm-jacarei-cp-1-2026-gabarito.pdf\" target=\"_blank\" rel=\"noreferrer noopener nofollow\">Gabaritos &#8211; Edital 01<\/a> (22\/3);<\/li>\n\n\n\n<li><a href=\"https:\/\/dhg1h5j42swfq.cloudfront.net\/2026\/02\/23115120\/pm-jacarei-cp-2-2026-gabarito.pdf\" target=\"_blank\" rel=\"noreferrer noopener nofollow\">Gabaritos &#8211; Edital 02<\/a> (22\/3).<\/li>\n<\/ul>\n\n\n\n<p>Eventual recurso administrativo dever\u00e1 ser protocolado entre os dias 30 de mar\u00e7o e 3 de abril, atrav\u00e9s do site da banca organizadora, a Publiconsult. Para os Editais 1 e 2, o prazo j\u00e1 foi encerrado.<\/p>\n\n\n\n<p>Lembrando que s\u00e3o ofertadas <strong>101 vagas<\/strong>, com oportunidades que abrangem os setores Administrativo, Educa\u00e7\u00e3o, Sa\u00fade e Defesa Civil.<\/p>\n\n\n\n<p>As remunera\u00e7\u00f5es iniciais variam entre&nbsp;<strong>R$ 2.606,37 e R$ 10.986,30<\/strong>, al\u00e9m de benef\u00edcios como vale-refei\u00e7\u00e3o, vale-alimenta\u00e7\u00e3o e vale-transporte. <\/p>\n\n\n\n<ul class=\"wp-block-list has-very-light-gray-to-cyan-bluish-gray-gradient-background has-background\">\n<li><strong>Prefeitura Municipal de Jacare\u00ed<\/strong> <strong>&#8211; SP<\/strong><\/li>\n\n\n\n<li><span style=\"background-color: initial; color: initial;\"><strong>Status:<\/strong><\/span> provas aplicadas<\/li>\n\n\n\n<li><strong>Banca:<\/strong> <a href=\"https:\/\/www.publiconsult.com.br\/\" target=\"_blank\" rel=\"noreferrer noopener\">Publiconsult<\/a><\/li>\n\n\n\n<li><strong>Vagas:<\/strong> 101 + CR<\/li>\n\n\n\n<li><strong>Sal\u00e1rio inicial:<\/strong>&nbsp;R$ 2.606,37 e R$ 10.986,30<\/li>\n\n\n\n<li><strong>Editais:<\/strong> <a href=\"https:\/\/dhg1h5j42swfq.cloudfront.net\/2026\/02\/02084412\/1-1.pdf\" target=\"_blank\" rel=\"noreferrer noopener nofollow\">Edital 1<\/a> | <a href=\"https:\/\/dhg1h5j42swfq.cloudfront.net\/2026\/02\/02084408\/2-1.pdf\" target=\"_blank\" rel=\"noreferrer noopener nofollow\">Edital 2<\/a> | <a href=\"https:\/\/dhg1h5j42swfq.cloudfront.net\/2026\/02\/20092524\/pm-jacarei-cp-3-2026-edital-de-abertura-de-inscricoes-consolidado-13fev2026.pdf\" target=\"_blank\" rel=\"noreferrer noopener nofollow\">Edital 3<\/a><em> (retificado)<\/em> | <a href=\"https:\/\/dhg1h5j42swfq.cloudfront.net\/2026\/02\/05090138\/4.pdf\" target=\"_blank\" rel=\"noreferrer noopener nofollow\">Edital 4<\/a><\/li>\n<\/ul>\n\n\n\n<p>Confira neste artigo as principais informa\u00e7\u00f5es sobre o concurso Prefeitura de Jacare\u00ed. Acompanhe os t\u00f3picos abaixo e n\u00e3o perca nenhum detalhe:<\/p>\n\n\n\n<ul id=\"indice\" class=\"wp-block-list\">\n<li><strong><a href=\"#ret\">Retifica\u00e7\u00f5es<\/a><\/strong><\/li>\n\n\n\n<li><a href=\"#cargos\"><strong>Cargos, vagas e sal\u00e1rios<\/strong><\/a>\n<ul class=\"wp-block-list\">\n<li><a href=\"#1\">Edital 1<\/a><\/li>\n\n\n\n<li><a href=\"#2\">Edital 2<\/a><\/li>\n\n\n\n<li><a href=\"#3\">Edital 3<\/a><\/li>\n\n\n\n<li><a href=\"#4\">Edital 4<\/a><\/li>\n<\/ul>\n<\/li>\n\n\n\n<li><strong><a href=\"#etapas2\">Etapa de prova<\/a><\/strong>\n<ul class=\"wp-block-list\">\n<li><a href=\"#objetiva\">Prova objetiva<\/a><\/li>\n\n\n\n<li><a href=\"#titulos\">Prova de t\u00edtulos<\/a><\/li>\n\n\n\n<li><a href=\"#dissertativa\">Prova dissertativa<\/a><\/li>\n\n\n\n<li><a href=\"#taf\">Prova de aptid\u00e3o f\u00edsica<\/a><\/li>\n<\/ul>\n<\/li>\n\n\n\n<li><a href=\"#assinatura-e-cursos\"><strong>Cursos e assinatura<\/strong><\/a><\/li>\n\n\n\n<li><a href=\"#ficha\"><strong>Ficha t\u00e9cnica<\/strong><\/a><\/li>\n<\/ul>\n\n\n\n<div class=\"container\" id=\"boxes\">\n  <div class=\"row\">\n\n    <div class=\"col-sm\">\n      <div class=\"banner-prefeituras-ec\" id=\"box-assinatura\">\n        <h2 class=\"titulo-assinatura\" style=\"text-align: left;\">Concursos Prefeituras<\/h2>\n        <p class=\"subtitulo-assinatura\" style=\"text-align: left;\">Prepara\u00e7\u00e3o completa para a carreira!<\/p>\n        <div class=\"box-botao\" style=\"text-align: left;\">\n          <a class=\"btn-assinatura\" target=\"_blank\" href=\"https:\/\/estrategiaconcursos.com.br\/cursosPorConcurso\/prefeitura-municipal-de-jacarei-sp\/\" role=\"button\" rel=\"noopener noreferrer\">EXPLORAR CURSOS<\/a>\n        <\/div>\n      <\/div><\/div><\/div><\/div>\n\n\n\n<h2 class=\"wp-block-heading\" id=\"ret\">Retifica\u00e7\u00f5es do edital<\/h2>\n\n\n\n<p><strong>Edital 1:<\/strong> <em>sem retifica\u00e7\u00f5es<\/em><\/p>\n\n\n\n<p><strong>Edital 2:<\/strong> <em>sem retifica\u00e7\u00f5es<\/em><\/p>\n\n\n\n<p><strong>Edital 3:<\/strong><\/p>\n\n\n\n<p><strong><a href=\"https:\/\/dhg1h5j42swfq.cloudfront.net\/2026\/02\/20092300\/1-7.pdf\" target=\"_blank\" rel=\"noreferrer noopener nofollow\">Retifica\u00e7\u00e3o 1<\/a> (06\/02\/2026):<\/strong> altera\u00e7\u00e3o no ANEXO V &#8211; COMPOSI\u00c7\u00c3O DAS REGI\u00d5ES POR BAIRROS, devido \u00e0s altera\u00e7\u00f5es da \u00e1rea de bairros que foram transferidos para outra Regi\u00e3o de abrang\u00eancia das Unidades de Sa\u00fade.<\/p>\n\n\n\n<p><strong><a href=\"https:\/\/dhg1h5j42swfq.cloudfront.net\/2026\/02\/20092256\/2-9.pdf\" target=\"_blank\" rel=\"noreferrer noopener nofollow\">Retifica\u00e7\u00e3o 2<\/a> (13\/02\/2026):<\/strong> altera\u00e7\u00e3o na etapa de Avalia\u00e7\u00e3o de T\u00edtulos e no conte\u00fado program\u00e1tico para diversos cargos.<\/p>\n\n\n\n<p><strong>Edital 4:<\/strong> <em>sem retifica\u00e7\u00f5es<\/em><\/p>\n\n\n\n<h2 class=\"wp-block-heading\" id=\"cargos\">Concurso Jacare\u00ed: cargos, vagas e sal\u00e1rios<\/h2>\n\n\n\n<p>Al\u00e9m dos vencimentos descritos abaixo, os servidores tamb\u00e9m fazem jus aos seguintes benef\u00edcios:<\/p>\n\n\n\n<ul class=\"wp-block-list\">\n<li><strong>Vale-refei\u00e7\u00e3o<\/strong> (R$ 30,00 por dia trabalhado com jornada igual ou superior a 8 horas); <\/li>\n\n\n\n<li><strong>Vale-alimenta\u00e7\u00e3o<\/strong> (R$ 300,00); <\/li>\n\n\n\n<li><strong>Vale-transporte <\/strong>(limitado a 4 por dia concedido para moradores em cidades lim\u00edtrofes com desconto de 6% sobre o vencimento base).<\/li>\n<\/ul>\n\n\n\n<h3 class=\"wp-block-heading\" id=\"1\">Edital 1<\/h3>\n\n\n\n<figure class=\"wp-block-table is-style-stripes\"><table><thead><tr><td class=\"has-text-align-center\" data-align=\"center\"><strong>Cargos<\/strong><\/td><td class=\"has-text-align-center\" data-align=\"center\"><strong>Vencimentos <\/strong><\/td><td class=\"has-text-align-center\" data-align=\"center\"><strong>Vagas<\/strong><\/td><td class=\"has-text-align-center\" data-align=\"center\"><strong>Requisitos <\/strong><\/td><\/tr><\/thead><tbody><tr><td class=\"has-text-align-center\" data-align=\"center\">Agente Social<\/td><td class=\"has-text-align-center\" data-align=\"center\">R$ 2.606,37<\/td><td class=\"has-text-align-center\" data-align=\"center\">3 + CR<\/td><td class=\"has-text-align-center\" data-align=\"center\">M\u00e9dio + Experi\u00eancia m\u00ednima de 1 ano<\/td><\/tr><tr><td class=\"has-text-align-center\" data-align=\"center\">Comprador<\/td><td class=\"has-text-align-center\" data-align=\"center\">R$ 2.949,92<\/td><td class=\"has-text-align-center\" data-align=\"center\">2 + CR<\/td><td class=\"has-text-align-center\" data-align=\"center\">M\u00e9dio + Experi\u00eancia m\u00ednima de 2 anos<\/td><\/tr><tr><td class=\"has-text-align-center\" data-align=\"center\">Engenheiro Ambiental<\/td><td class=\"has-text-align-center\" data-align=\"center\">R$ 8.230,14<\/td><td class=\"has-text-align-center\" data-align=\"center\">2 + CR<\/td><td class=\"has-text-align-center\" data-align=\"center\">Superior <\/td><\/tr><tr><td class=\"has-text-align-center\" data-align=\"center\">Fiscal Ambiental<\/td><td class=\"has-text-align-center\" data-align=\"center\">R$ 2.949,92<\/td><td class=\"has-text-align-center\" data-align=\"center\">2 + CR<\/td><td class=\"has-text-align-center\" data-align=\"center\">M\u00e9dio + qualifica\u00e7\u00e3o T\u00e9cnica + CNH B ou superior<\/td><\/tr><tr><td class=\"has-text-align-center\" data-align=\"center\">Professor de Educa\u00e7\u00e3o F\u00edsica<\/td><td class=\"has-text-align-center\" data-align=\"center\">R$ 2.606,37<\/td><td class=\"has-text-align-center\" data-align=\"center\">10 + CR<\/td><td class=\"has-text-align-center\" data-align=\"center\">Superior<\/td><\/tr><tr><td class=\"has-text-align-center\" data-align=\"center\">T\u00e9cnico de Agropecu\u00e1ria<\/td><td class=\"has-text-align-center\" data-align=\"center\">R$ 2.606,37<\/td><td class=\"has-text-align-center\" data-align=\"center\">2 + CR<\/td><td class=\"has-text-align-center\" data-align=\"center\">M\u00e9dio + qualifica\u00e7\u00e3o T\u00e9cnica + Experi\u00eancia m\u00ednima de 1 ano<\/td><\/tr><tr><td class=\"has-text-align-center\" data-align=\"center\">T\u00e9cnico de Contabilidade<\/td><td class=\"has-text-align-center\" data-align=\"center\">R$ 2.606,37<\/td><td class=\"has-text-align-center\" data-align=\"center\">2 + CR<\/td><td class=\"has-text-align-center\" data-align=\"center\">M\u00e9dio + qualifica\u00e7\u00e3o T\u00e9cnica<\/td><\/tr><tr><td class=\"has-text-align-center\" data-align=\"center\">T\u00e9cnico em Gest\u00e3o Municipal<\/td><td class=\"has-text-align-center\" data-align=\"center\">R$ 2.606,37<\/td><td class=\"has-text-align-center\" data-align=\"center\">30 + CR<\/td><td class=\"has-text-align-center\" data-align=\"center\"> T\u00e9cnico Completo<\/td><\/tr><\/tbody><\/table><figcaption class=\"wp-element-caption\">Tabela de cargos do concurso Jacare\u00ed &#8211; Edital 1<\/figcaption><\/figure>\n\n\n\n<h3 class=\"wp-block-heading\" id=\"2\">Edital 2<\/h3>\n\n\n\n<figure class=\"wp-block-table is-style-stripes\"><table><thead><tr><th class=\"has-text-align-center\" data-align=\"center\">Cargos<\/th><th>Vencimentos<\/th><th><strong>Vagas<\/strong><\/th><th class=\"has-text-align-center\" data-align=\"center\">Requisitos <\/th><\/tr><\/thead><tbody><tr><td class=\"has-text-align-center\" data-align=\"center\">Professor<br \/>30 horas &#8211; Arte<\/td><td>R$ 3.652,72<\/td><td>4 + CR<\/td><td class=\"has-text-align-center\" data-align=\"center\">Superior<\/td><\/tr><tr><td class=\"has-text-align-center\" data-align=\"center\">Professor<br \/>30 horas &#8211;<br \/>Educa\u00e7\u00e3o Especial<\/td><td>R$ 3.652,72<\/td><td>5 + CR<\/td><td class=\"has-text-align-center\" data-align=\"center\">Superior<\/td><\/tr><\/tbody><\/table><figcaption class=\"wp-element-caption\">Tabela de cargos do concurso Jacare\u00ed &#8211; Edital 2<\/figcaption><\/figure>\n\n\n\n<h3 class=\"wp-block-heading\" id=\"3\">Edital 3<\/h3>\n\n\n\n<p>O Concurso P\u00fablico n\u00ba 3\/2026 contempla vagas e cadastro reserva (CR) para os seguintes cargos:<\/p>\n\n\n\n<figure class=\"wp-block-table is-style-stripes\"><table><thead><tr><th class=\"has-text-align-center\" data-align=\"center\">Cargos<\/th><th class=\"has-text-align-center\" data-align=\"center\">Vagas <\/th><th class=\"has-text-align-center\" data-align=\"center\">Vencimentos <\/th><th class=\"has-text-align-center\" data-align=\"center\">Requisitos <\/th><\/tr><\/thead><tbody><tr><td class=\"has-text-align-center\" data-align=\"center\">Agente Comunit\u00e1rio de Sa\u00fade &#8211; Regi\u00e3o 1<\/td><td class=\"has-text-align-center\" data-align=\"center\">5 + CR<\/td><td class=\"has-text-align-center\" data-align=\"center\">R$ 3.036,00<\/td><td class=\"has-text-align-center\" data-align=\"center\">M\u00e9dio completo<\/td><\/tr><tr><td class=\"has-text-align-center\" data-align=\"center\">Agente de Combate \u00e0s Endemias<\/td><td class=\"has-text-align-center\" data-align=\"center\">2 + CR<\/td><td class=\"has-text-align-center\" data-align=\"center\">R$ 3.036,00<\/td><td class=\"has-text-align-center\" data-align=\"center\">M\u00e9dio completo<\/td><\/tr><tr><td class=\"has-text-align-center\" data-align=\"center\">Auxiliar em Sa\u00fade Bucal<\/td><td class=\"has-text-align-center\" data-align=\"center\">2 + CR<\/td><td class=\"has-text-align-center\" data-align=\"center\">R$ 2.606,37 <\/td><td class=\"has-text-align-center\" data-align=\"center\">T\u00e9cnico em Sa\u00fade Bucal<\/td><\/tr><tr><td class=\"has-text-align-center\" data-align=\"center\">Dentista 20h &#8211; Cirurgia e Traumatologia Bucomaxilofacial<\/td><td class=\"has-text-align-center\" data-align=\"center\">1 + CR<\/td><td class=\"has-text-align-center\" data-align=\"center\">R$ 5.607,09<\/td><td class=\"has-text-align-center\" data-align=\"center\">Superior<\/td><\/tr><tr><td class=\"has-text-align-center\" data-align=\"center\">Dentista 20h &#8211; Endodontia<\/td><td class=\"has-text-align-center\" data-align=\"center\">CR +1<\/td><td class=\"has-text-align-center\" data-align=\"center\">R$ 5.607,09<\/td><td class=\"has-text-align-center\" data-align=\"center\">Superior<\/td><\/tr><tr><td class=\"has-text-align-center\" data-align=\"center\">Dentista 20h &#8211; Especialidade em PCD<\/td><td class=\"has-text-align-center\" data-align=\"center\">CR +1<\/td><td class=\"has-text-align-center\" data-align=\"center\">R$ 5.607,09<\/td><td class=\"has-text-align-center\" data-align=\"center\">Superior<\/td><\/tr><tr><td class=\"has-text-align-center\" data-align=\"center\">Dentista 20h &#8211; Especialidade em Pr\u00f3tese<\/td><td class=\"has-text-align-center\" data-align=\"center\">1 + CR<\/td><td class=\"has-text-align-center\" data-align=\"center\">R$ 5.607,09<\/td><td class=\"has-text-align-center\" data-align=\"center\">Superior<\/td><\/tr><tr><td class=\"has-text-align-center\" data-align=\"center\">Dentista 20h &#8211; Odontopediatria<\/td><td class=\"has-text-align-center\" data-align=\"center\">CR<\/td><td class=\"has-text-align-center\" data-align=\"center\">R$5.607,09<\/td><td class=\"has-text-align-center\" data-align=\"center\">Superior<\/td><\/tr><tr><td class=\"has-text-align-center\" data-align=\"center\">Dentista 20h &#8211; Periodontia<\/td><td class=\"has-text-align-center\" data-align=\"center\">CR<\/td><td class=\"has-text-align-center\" data-align=\"center\">R$5.607,09<\/td><td class=\"has-text-align-center\" data-align=\"center\">Superior<\/td><\/tr><tr><td class=\"has-text-align-center\" data-align=\"center\">Dentista 40 horas<\/td><td class=\"has-text-align-center\" data-align=\"center\">1 + CR<\/td><td class=\"has-text-align-center\" data-align=\"center\">R$10.986,30<\/td><td class=\"has-text-align-center\" data-align=\"center\">Superior<\/td><\/tr><tr><td class=\"has-text-align-center\" data-align=\"center\">Farmac\u00eautico<\/td><td class=\"has-text-align-center\" data-align=\"center\">CR<\/td><td class=\"has-text-align-center\" data-align=\"center\">R$3.800,52<\/td><td class=\"has-text-align-center\" data-align=\"center\">Superior + 1 ano de experi\u00eancia em manipula\u00e7\u00e3o<\/td><\/tr><tr><td class=\"has-text-align-center\" data-align=\"center\">Fiscal Sanit\u00e1rio<\/td><td class=\"has-text-align-center\" data-align=\"center\">1 + CR<\/td><td class=\"has-text-align-center\" data-align=\"center\">R$2.949,92<\/td><td class=\"has-text-align-center\" data-align=\"center\">M\u00e9dio<\/td><\/tr><tr><td class=\"has-text-align-center\" data-align=\"center\">Fisioterapeuta<\/td><td class=\"has-text-align-center\" data-align=\"center\">CR<\/td><td class=\"has-text-align-center\" data-align=\"center\">R$4.321,03<\/td><td class=\"has-text-align-center\" data-align=\"center\">Superior + 1 ano de experi\u00eancia<\/td><\/tr><tr><td class=\"has-text-align-center\" data-align=\"center\">Fonoaudi\u00f3logo<\/td><td class=\"has-text-align-center\" data-align=\"center\">1 + CR<\/td><td class=\"has-text-align-center\" data-align=\"center\">R$4.321,03<\/td><td class=\"has-text-align-center\" data-align=\"center\">Superior + 2 anos de experi\u00eancia<\/td><\/tr><tr><td class=\"has-text-align-center\" data-align=\"center\">M\u00e9dico 20 horas &#8211; Auditor<\/td><td class=\"has-text-align-center\" data-align=\"center\">1 + CR<\/td><td class=\"has-text-align-center\" data-align=\"center\">R$4.919,90<\/td><td class=\"has-text-align-center\" data-align=\"center\">Superior<\/td><\/tr><tr><td class=\"has-text-align-center\" data-align=\"center\">M\u00e9dico 12 horas &#8211; Autorizador<\/td><td class=\"has-text-align-center\" data-align=\"center\">1 + CR<\/td><td class=\"has-text-align-center\" data-align=\"center\">R$2.949,92<\/td><td class=\"has-text-align-center\" data-align=\"center\">Superior<\/td><\/tr><tr><td class=\"has-text-align-center\" data-align=\"center\">M\u00e9dico 20 horas &#8211; Cl\u00ednico Geral<\/td><td class=\"has-text-align-center\" data-align=\"center\">1 + CR<\/td><td class=\"has-text-align-center\" data-align=\"center\">R$4.919,90<\/td><td class=\"has-text-align-center\" data-align=\"center\">Superior<\/td><\/tr><tr><td class=\"has-text-align-center\" data-align=\"center\">M\u00e9dico 20 horas &#8211; Dermatologista<\/td><td class=\"has-text-align-center\" data-align=\"center\">1 + CR<\/td><td class=\"has-text-align-center\" data-align=\"center\">R$4.919,90<\/td><td class=\"has-text-align-center\" data-align=\"center\">Superior<\/td><\/tr><tr><td class=\"has-text-align-center\" data-align=\"center\">M\u00e9dico 20 horas &#8211; Endocrinologista<\/td><td class=\"has-text-align-center\" data-align=\"center\">1 + CR<\/td><td class=\"has-text-align-center\" data-align=\"center\">R$ 4.919,90 <\/td><td class=\"has-text-align-center\" data-align=\"center\">Superior<\/td><\/tr><tr><td class=\"has-text-align-center\" data-align=\"center\">M\u00e9dico 20 horas &#8211; Fisiatria<\/td><td class=\"has-text-align-center\" data-align=\"center\">1 + CR<\/td><td class=\"has-text-align-center\" data-align=\"center\">R$ 4.919,90<\/td><td class=\"has-text-align-center\" data-align=\"center\">Superior<\/td><\/tr><tr><td class=\"has-text-align-center\" data-align=\"center\">M\u00e9dico 20 horas &#8211; Ginecologista<\/td><td class=\"has-text-align-center\" data-align=\"center\">1 + CR<\/td><td class=\"has-text-align-center\" data-align=\"center\">R$ 4.919,90 <\/td><td class=\"has-text-align-center\" data-align=\"center\">Superior<\/td><\/tr><tr><td class=\"has-text-align-center\" data-align=\"center\">M\u00e9dico 20 horas &#8211; Infectologista<\/td><td class=\"has-text-align-center\" data-align=\"center\">1 + CR<\/td><td class=\"has-text-align-center\" data-align=\"center\">R$ 4.919,90 <\/td><td class=\"has-text-align-center\" data-align=\"center\">Superior<\/td><\/tr><tr><td class=\"has-text-align-center\" data-align=\"center\">M\u00e9dico 20 horas &#8211; Pediatria<\/td><td class=\"has-text-align-center\" data-align=\"center\">1 + CR<\/td><td class=\"has-text-align-center\" data-align=\"center\">R$ 4.919,90 <\/td><td class=\"has-text-align-center\" data-align=\"center\">Superior<\/td><\/tr><tr><td class=\"has-text-align-center\" data-align=\"center\">M\u00e9dico 20 horas &#8211; Psiquiatria Adulto<\/td><td class=\"has-text-align-center\" data-align=\"center\">1 + CR<\/td><td class=\"has-text-align-center\" data-align=\"center\">R$ 4.919,90<\/td><td class=\"has-text-align-center\" data-align=\"center\">Superior<\/td><\/tr><tr><td class=\"has-text-align-center\" data-align=\"center\">M\u00e9dico 20 horas &#8211; Psiquiatria Infantil<\/td><td class=\"has-text-align-center\" data-align=\"center\">1 + CR<\/td><td class=\"has-text-align-center\" data-align=\"center\">R$ 4.919,90<\/td><td class=\"has-text-align-center\" data-align=\"center\">Superior<\/td><\/tr><tr><td class=\"has-text-align-center\" data-align=\"center\">M\u00e9dico 20 horas &#8211; Regulador<\/td><td class=\"has-text-align-center\" data-align=\"center\">1 + CR<\/td><td class=\"has-text-align-center\" data-align=\"center\">R$ 4.919,90<\/td><td class=\"has-text-align-center\" data-align=\"center\">Superior<\/td><\/tr><tr><td class=\"has-text-align-center\" data-align=\"center\">M\u00e9dico 12 horas &#8211; Plantonista<\/td><td class=\"has-text-align-center\" data-align=\"center\">1 + CR<\/td><td class=\"has-text-align-center\" data-align=\"center\">R$ 2.949,92<\/td><td class=\"has-text-align-center\" data-align=\"center\">Superior<\/td><\/tr><tr><td class=\"has-text-align-center\" data-align=\"center\">M\u00e9dico Generalista &#8211; 40 horas<\/td><td class=\"has-text-align-center\" data-align=\"center\">1 + CR<\/td><td class=\"has-text-align-center\" data-align=\"center\">R$ 10.986,31<\/td><td class=\"has-text-align-center\" data-align=\"center\">Superior<\/td><\/tr><tr><td class=\"has-text-align-center\" data-align=\"center\">Nutricionista<\/td><td class=\"has-text-align-center\" data-align=\"center\">1 + CR<\/td><td class=\"has-text-align-center\" data-align=\"center\">R$ 4.321,03 <\/td><td class=\"has-text-align-center\" data-align=\"center\">Superior<\/td><\/tr><tr><td class=\"has-text-align-center\" data-align=\"center\">Psic\u00f3logo<\/td><td class=\"has-text-align-center\" data-align=\"center\">3 + CR<\/td><td class=\"has-text-align-center\" data-align=\"center\">R$ 4.321,03 <\/td><td class=\"has-text-align-center\" data-align=\"center\">Superior<\/td><\/tr><tr><td class=\"has-text-align-center\" data-align=\"center\">Terapeuta Ocupacional<\/td><td class=\"has-text-align-center\" data-align=\"center\">3 + CR<\/td><td class=\"has-text-align-center\" data-align=\"center\">R$ 4.321,03 <\/td><td class=\"has-text-align-center\" data-align=\"center\">Superior + 2 anos de experi\u00eancia<\/td><\/tr><\/tbody><\/table><figcaption class=\"wp-element-caption\">Tabela de cargos do concurso Jacare\u00ed &#8211; Edital 3<\/figcaption><\/figure>\n\n\n\n<h3 class=\"wp-block-heading\" id=\"4\">Edital 4<\/h3>\n\n\n\n<p>O Concurso P\u00fablico n\u00ba 4\/2026 contempla vagas e cadastro reserva para o seguinte cargo:<\/p>\n\n\n\n<figure class=\"wp-block-table is-style-stripes\"><table><thead><tr><th class=\"has-text-align-center\" data-align=\"center\">Cargo<\/th><th class=\"has-text-align-center\" data-align=\"center\">Vagas<\/th><th class=\"has-text-align-center\" data-align=\"center\">Vencimento<\/th><th class=\"has-text-align-center\" data-align=\"center\">Requisito<\/th><\/tr><\/thead><tbody><tr><td class=\"has-text-align-center\" data-align=\"center\">Agente de Defesa Civil<\/td><td class=\"has-text-align-center\" data-align=\"center\">4 + CR<\/td><td class=\"has-text-align-center\" data-align=\"center\">R$ 2.606,37<\/td><td class=\"has-text-align-center\" data-align=\"center\">M\u00e9dio<\/td><\/tr><\/tbody><\/table><figcaption class=\"wp-element-caption\">Tabela de cargos do concurso Jacare\u00ed &#8211; Edital 4<\/figcaption><\/figure>\n\n\n\n<h2 class=\"wp-block-heading\" id=\"etapas2\">Etapas de provas<\/h2>\n\n\n\n<p>O concurso p\u00fablico consiste das seguintes fases de sele\u00e7\u00e3o:<\/p>\n\n\n\n<ul class=\"wp-block-list\">\n<li><strong>PROVA OBJETIVA<\/strong>, de car\u00e1ter eliminat\u00f3rio e classificat\u00f3rio, para todos os cargos;<\/li>\n\n\n\n<li><strong>PROVA DE T\u00cdTULOS<\/strong>, de car\u00e1ter classificat\u00f3rio, para os cargos de Engenheiro Ambiental, Professor (todos) e todos os cargos de n\u00edvel superior do Edital n\u00ba 3;<\/li>\n\n\n\n<li><strong>PROVA DISSERTATIVA<\/strong>, de car\u00e1ter eliminat\u00f3rio e classificat\u00f3rio, para os cargos de Engenheiro Ambiental, Professor (todos) e todos os cargos de n\u00edvel superior do Edital n\u00ba 3;<\/li>\n\n\n\n<li><strong>TESTE DE APTID\u00c3O F\u00cdSICA<\/strong>, de car\u00e1ter eliminat\u00f3rio, para o cargo de Agente de Defesa Civil;<\/li>\n<\/ul>\n\n\n\n<h3 class=\"wp-block-heading\" id=\"objetiva\">Prova objetiva<\/h3>\n\n\n\n<p>Com dura\u00e7\u00e3o de 3 horas, a etapa visou avaliar o grau de conhecimento te\u00f3rico do candidato necess\u00e1rio ao exerc\u00edcio das atribui\u00e7\u00f5es do emprego e foi composta de 40 quest\u00f5es de m\u00faltipla escolha.<\/p>\n\n\n\n<p><strong>Agente de Defesa Civil:<\/strong><\/p>\n\n\n\n<figure class=\"wp-block-image aligncenter size-full\"><img loading=\"lazy\" decoding=\"async\" width=\"700\" height=\"140\" src=\"https:\/\/dhg1h5j42swfq.cloudfront.net\/2026\/02\/05092143\/provas-agente.jpg\" alt=\"\" class=\"wp-image-1710734\" srcset=\"https:\/\/dhg1h5j42swfq.cloudfront.net\/2026\/02\/05092143\/provas-agente.jpg 700w, https:\/\/dhg1h5j42swfq.cloudfront.net\/2026\/02\/05092143\/provas-agente-300x60.jpg 300w, https:\/\/dhg1h5j42swfq.cloudfront.net\/2026\/02\/05092143\/provas-agente-150x30.jpg 150w\" sizes=\"auto, (max-width: 700px) 100vw, 700px\" \/><figcaption class=\"wp-element-caption\">Quadro de prova objetiva do concurso Jacare\u00ed<\/figcaption><\/figure>\n\n\n\n<p><strong>Demais cargos:<\/strong><\/p>\n\n\n\n<figure class=\"wp-block-image aligncenter size-full\"><img loading=\"lazy\" decoding=\"async\" width=\"698\" height=\"119\" src=\"https:\/\/dhg1h5j42swfq.cloudfront.net\/2025\/11\/02090253\/prova-jacarei.jpg\" alt=\"\" class=\"wp-image-1708584\" srcset=\"https:\/\/dhg1h5j42swfq.cloudfront.net\/2025\/11\/02090253\/prova-jacarei.jpg 698w, https:\/\/dhg1h5j42swfq.cloudfront.net\/2025\/11\/02090253\/prova-jacarei-300x51.jpg 300w, https:\/\/dhg1h5j42swfq.cloudfront.net\/2025\/11\/02090253\/prova-jacarei-150x26.jpg 150w\" sizes=\"auto, (max-width: 698px) 100vw, 698px\" \/><figcaption class=\"wp-element-caption\">Quadro de prova objetiva do concurso Jacare\u00ed<\/figcaption><\/figure>\n\n\n\n<h3 class=\"wp-block-heading\" id=\"titulos\">Prova de t\u00edtulos<\/h3>\n\n\n\n<p>Os t\u00edtulos dever\u00e3o apresentar direta rela\u00e7\u00e3o com as atribui\u00e7\u00f5es do cargo para a qual se inscreveu o candidato, terem sido expedidos por institui\u00e7\u00e3o de ensino autorizada ou reconhecida pelo Minist\u00e9rio da Educa\u00e7\u00e3o, constante do Cadastro Nacional de Cursos e Institui\u00e7\u00f5es de Educa\u00e7\u00e3o Superior (http:\/\/emec.mec.gov.br\/), e ser\u00e3o pontuados da seguinte forma:<\/p>\n\n\n\n<figure class=\"wp-block-image size-full\"><img loading=\"lazy\" decoding=\"async\" width=\"694\" height=\"252\" src=\"https:\/\/dhg1h5j42swfq.cloudfront.net\/2025\/11\/02090747\/titulos-jacarei.jpg\" alt=\"Quadro de prova de t\u00edtulos do concurso Jacare\u00ed\" class=\"wp-image-1708587\" srcset=\"https:\/\/dhg1h5j42swfq.cloudfront.net\/2025\/11\/02090747\/titulos-jacarei.jpg 694w, https:\/\/dhg1h5j42swfq.cloudfront.net\/2025\/11\/02090747\/titulos-jacarei-300x109.jpg 300w, https:\/\/dhg1h5j42swfq.cloudfront.net\/2025\/11\/02090747\/titulos-jacarei-150x54.jpg 150w\" sizes=\"auto, (max-width: 694px) 100vw, 694px\" \/><figcaption class=\"wp-element-caption\">Quadro de prova de t\u00edtulos do concurso Jacare\u00ed<\/figcaption><\/figure>\n\n\n\n<p>Os comprovantes da titula\u00e7\u00e3o (certificado\/declara\u00e7\u00e3o e hist\u00f3rico escolar), ser\u00e3o entregues exclusivamente ao final da realiza\u00e7\u00e3o de cada prova objetiva, para o respectivo Fiscal de Sala, atrav\u00e9s de c\u00f3pia autenticada frente-verso em cart\u00f3rio<\/p>\n\n\n\n<h3 class=\"wp-block-heading\" id=\"dissertativa\">Prova dissertativa<\/h3>\n\n\n\n<p>A Prova Dissertativa ser\u00e1 realizada concomitantemente \u00e0 Prova Objetiva, com tempo total \u00fanico de 3 horas para a execu\u00e7\u00e3o de ambas, inclu\u00eddo o tempo necess\u00e1rio ao preenchimento do Cart\u00e3o de Respostas e da Folha de Respostas Definitiva da Prova Dissertativa, cabendo ao candidato gerenciar a distribui\u00e7\u00e3o desse tempo entre as provas.<\/p>\n\n\n\n<p>A prova consistir\u00e1 na elabora\u00e7\u00e3o de resposta(s) discursiva(s) a quest\u00e3o(\u00f5es) e\/ou tema(s) proposto(s), variando conforme o cargo, e versar\u00e1 sobre os conte\u00fados indicados nos subitens seguintes, que tamb\u00e9m estabelecem as refer\u00eancias e par\u00e2metros para elabora\u00e7\u00e3o e avalia\u00e7\u00e3o.<\/p>\n\n\n\n<h3 class=\"wp-block-heading\" id=\"taf\">Teste de aptid\u00e3o f\u00edsica<\/h3>\n\n\n\n<p>O Teste de Aptid\u00e3o F\u00edsica \u2013 TAF visa aferir a capacidade de adequa\u00e7\u00e3o funcional e situacional do candidato \u00e0s exig\u00eancias e ao desempenho eficiente das atividades do cargo.<\/p>\n\n\n\n<ul class=\"wp-block-list\">\n<li>1 &#8211; Corrida de 12 minutos;<\/li>\n\n\n\n<li>2-A &#8211; Flex\u00e3o e extens\u00e3o dos bra\u00e7os (Feminino);<\/li>\n\n\n\n<li>2-B \u2013 Flex\u00e3o e extens\u00e3o dos bra\u00e7os (Masculino);<\/li>\n\n\n\n<li>3 \u2013 Resist\u00eancia Abdominal \u2013 Remador (feminino e masculino);<\/li>\n\n\n\n<li>4 \u2013 Nata\u00e7\u00e3o (feminino e masculino).<\/li>\n<\/ul>\n\n\n\n<hr class=\"wp-block-separator has-css-opacity\"\/>\n\n\n\n<h2 class=\"wp-block-heading has-text-align-center\" id=\"assinatura-e-cursos\">Quer estudar para o concurso Prefeitura de Jacare\u00ed?<\/h2>\n\n\n\n<div class=\"container\" id=\"boxes\">\n  <div class=\"row\">\n\n    <div class=\"col-sm\">\n      <div class=\"banner-prefeituras-ec\" id=\"box-assinatura\">\n        <h2 class=\"titulo-assinatura\" style=\"text-align: left;\">Concursos Prefeituras<\/h2>\n        <p class=\"subtitulo-assinatura\" style=\"text-align: left;\">Prepara\u00e7\u00e3o completa para a carreira!<\/p>\n        <div class=\"box-botao\" style=\"text-align: left;\">\n          <a class=\"btn-assinatura\" target=\"_blank\" href=\"https:\/\/estrategiaconcursos.com.br\/cursosPorConcurso\/prefeitura-municipal-de-jacarei-sp\/\" role=\"button\" rel=\"noopener noreferrer\">EXPLORAR CURSOS<\/a>\n        <\/div>\n      <\/div><\/div><\/div><\/div>\n\n\n\n<div class=\"container\" id=\"boxes\">\n  <div class=\"row\">\n\n    <div class=\"col-sm\">\n      <div class=\"estrategia\" id=\"box-assinatura\">\n        <h3 class=\"titulo-assinatura\">Assinatura Concursos<\/h3>\n        <p class=\"subtitulo-assinatura\">Assinatura de 1 ano ou 2 anos<\/p>\n        <div class=\"box-botao\">\n          <a class=\"btn-assinatura\" target=\"_blank\" href=\"https:\/\/www.estrategiaconcursos.com.br\/assinaturas\/\" role=\"button\" rel=\"noopener noreferrer\">ASSINE AGORA<\/a>\n        <\/div>\n      <\/div><\/div><\/div><\/div>\n\n\n\n<h2 class=\"wp-block-heading has-text-align-center\">Quer saber tudo sobre concursos previstos?<br \/>Confira nossos artigos!<\/h2>\n\n\n\n<ul class=\"wp-block-list\">\n<li><a href=\"https:\/\/www.estrategiaconcursos.com.br\/blog\/concursos-abertos\/\" target=\"_blank\" rel=\"noreferrer noopener\">Concursos abertos<\/a><\/li>\n\n\n\n<li><a href=\"https:\/\/www.estrategiaconcursos.com.br\/blog\/concursos-prefeituras\/\">Concursos prefeituras<\/a><\/li>\n\n\n\n<li><a href=\"https:\/\/www.estrategiaconcursos.com.br\/blog\/concursos-2024\/\" target=\"_blank\" rel=\"noreferrer noopener\">Concursos 2026<\/a><\/li>\n\n\n\n<li><a href=\"https:\/\/www.estrategiaconcursos.com.br\/blog\/concursos\/sp\/\" target=\"_blank\" rel=\"noreferrer noopener\">Concursos SP<\/a><\/li>\n<\/ul>\n\n\n\n<figure class=\"wp-block-image size-large is-resized\"><img loading=\"lazy\" decoding=\"async\" width=\"1024\" height=\"632\" src=\"https:\/\/dhg1h5j42swfq.cloudfront.net\/2021\/07\/06093407\/ficha-tecnica-1-1024x632.png\" alt=\"Ficha T\u00e9cnica Concurso Prefeitura de Jacare\u00ed\" class=\"wp-image-788054\" style=\"width:265px;height:163px\" srcset=\"https:\/\/dhg1h5j42swfq.cloudfront.net\/2021\/07\/06093407\/ficha-tecnica-1-1024x632.png 1024w, https:\/\/dhg1h5j42swfq.cloudfront.net\/2021\/07\/06093407\/ficha-tecnica-1-300x185.png 300w, https:\/\/dhg1h5j42swfq.cloudfront.net\/2021\/07\/06093407\/ficha-tecnica-1-768x474.png 768w, https:\/\/dhg1h5j42swfq.cloudfront.net\/2021\/07\/06093407\/ficha-tecnica-1-1536x948.png 1536w, https:\/\/dhg1h5j42swfq.cloudfront.net\/2021\/07\/06093407\/ficha-tecnica-1-610x377.png 610w, https:\/\/dhg1h5j42swfq.cloudfront.net\/2021\/07\/06093407\/ficha-tecnica-1.png 1571w\" sizes=\"auto, (max-width: 1024px) 100vw, 1024px\" \/><\/figure>\n\n\n\n<h3 class=\"wp-block-heading\" id=\"ficha\">Informa\u00e7\u00f5es do concurso Prefeitura de Jacare\u00ed<\/h3>\n\n\n\n<ul class=\"wp-block-list\">\n<li><strong>Data da prova:<\/strong><s> 22 e 29\/03\/2026<\/s><\/li>\n\n\n\n<li><strong style=\"color: initial;\">Vagas<\/strong><span style=\"color: initial;\">: <\/span>101 + CR<\/li>\n\n\n\n<li><strong>Cargos<\/strong>: diversos<\/li>\n\n\n\n<li><strong>Banca<\/strong>: Publiconsult<\/li>\n\n\n\n<li><strong>Escolaridade<\/strong>: n\u00edveis m\u00e9dio, t\u00e9cnico e superior<\/li>\n\n\n\n<li><strong>Editais:<\/strong> <a href=\"https:\/\/dhg1h5j42swfq.cloudfront.net\/2026\/02\/02084412\/1-1.pdf\" target=\"_blank\" rel=\"noreferrer noopener nofollow\">Edital 1<\/a> | <a href=\"https:\/\/dhg1h5j42swfq.cloudfront.net\/2026\/02\/02084408\/2-1.pdf\" target=\"_blank\" rel=\"noreferrer noopener nofollow\">Edital 2<\/a> | <a href=\"https:\/\/dhg1h5j42swfq.cloudfront.net\/2026\/02\/20092524\/pm-jacarei-cp-3-2026-edital-de-abertura-de-inscricoes-consolidado-13fev2026.pdf\" target=\"_blank\" rel=\"noreferrer noopener nofollow\">Edital 3<\/a><em> (retificado)<\/em> | <a href=\"https:\/\/dhg1h5j42swfq.cloudfront.net\/2026\/02\/05090138\/4.pdf\" target=\"_blank\" rel=\"noreferrer noopener nofollow\">Edital 4<\/a><\/li>\n<\/ul>\n","protected":false},"excerpt":{"rendered":"<p>O segundo dia de provas do concurso da Prefeitura de Jacare\u00ed, em S\u00e3o Paulo, foi realizado em 29 de mar\u00e7o. Com isso, os candidatos j\u00e1 podem conferir os gabaritos preliminares! Eventual recurso administrativo dever\u00e1 ser protocolado entre os dias 30 de mar\u00e7o e 3 de abril, atrav\u00e9s do site da banca organizadora, a Publiconsult. Para [&hellip;]<\/p>\n","protected":false},"author":2991,"featured_media":856132,"comment_status":"open","ping_status":"closed","sticky":false,"template":"","format":"standard","meta":{"post_tipo":"news_page","footnotes":""},"categories":[222278],"tags":[],"tax_estado":[219989],"class_list":["post-479003","post","type-post","status-publish","format-standard","has-post-thumbnail","hentry","category-prefeituras","tax_estado-sp"],"acf":[],"yoast_head":"<!-- This site is optimized with the Yoast SEO Premium plugin v27.2 (Yoast SEO v27.2) - https:\/\/yoast.com\/product\/yoast-seo-premium-wordpress\/ -->\n<title>Concurso Jacare\u00ed SP: confira j\u00e1 os gabaritos das provas!<\/title>\n<meta name=\"description\" content=\"Concurso Prefeitura de Jacare\u00ed SP: provas aplicadas e gabaritos divulgados. Quatro editais ofertam mais de 100 vagas!\" \/>\n<meta name=\"robots\" content=\"index, follow, max-snippet:-1, max-image-preview:large, max-video-preview:-1\" \/>\n<link rel=\"canonical\" href=\"https:\/\/www.estrategiaconcursos.com.br\/blog\/concurso-prefeitura-jacarei\/\" \/>\n<meta property=\"og:locale\" content=\"pt_BR\" \/>\n<meta property=\"og:type\" content=\"article\" \/>\n<meta property=\"og:title\" content=\"Concurso Jacare\u00ed SP: confira j\u00e1 os gabaritos das provas!\" \/>\n<meta property=\"og:description\" content=\"Concurso Prefeitura de Jacare\u00ed SP: provas aplicadas e gabaritos divulgados. Quatro editais ofertam mais de 100 vagas!\" \/>\n<meta property=\"og:url\" content=\"https:\/\/www.estrategiaconcursos.com.br\/blog\/concurso-prefeitura-jacarei\/\" \/>\n<meta property=\"og:site_name\" content=\"Estrat\u00e9gia Concursos\" \/>\n<meta property=\"article:published_time\" content=\"2026-03-30T12:39:00+00:00\" \/>\n<meta property=\"article:modified_time\" content=\"2026-03-30T12:40:11+00:00\" \/>\n<meta property=\"og:image\" content=\"https:\/\/dhg1h5j42swfq.cloudfront.net\/2021\/09\/08094342\/prefeitura_de_jacarei_sp.jpg\" \/>\n\t<meta property=\"og:image:width\" content=\"768\" \/>\n\t<meta property=\"og:image:height\" content=\"432\" \/>\n\t<meta property=\"og:image:type\" content=\"image\/jpeg\" \/>\n<meta name=\"author\" content=\"Melmuara Thaiane Doneg\u00e1 C\u00e2ndido\" \/>\n<meta name=\"twitter:card\" content=\"summary_large_image\" \/>\n<meta name=\"twitter:creator\" content=\"@EstratConcursos\" \/>\n<meta name=\"twitter:site\" content=\"@EstratConcursos\" \/>\n<meta name=\"twitter:label1\" content=\"Escrito por\" \/>\n\t<meta name=\"twitter:data1\" content=\"Melmuara Thaiane Doneg\u00e1 C\u00e2ndido\" \/>\n\t<meta name=\"twitter:label2\" content=\"Est. tempo de leitura\" \/>\n\t<meta name=\"twitter:data2\" content=\"3 minutos\" \/>\n<script type=\"application\/ld+json\" class=\"yoast-schema-graph\">{\"@context\":\"https:\/\/schema.org\",\"@graph\":[{\"@type\":\"NewsArticle\",\"@id\":\"https:\/\/www.estrategiaconcursos.com.br\/blog\/concurso-prefeitura-jacarei\/#article\",\"isPartOf\":{\"@id\":\"https:\/\/www.estrategiaconcursos.com.br\/blog\/concurso-prefeitura-jacarei\/\"},\"author\":{\"name\":\"Melmuara Thaiane Doneg\u00e1 C\u00e2ndido\",\"@id\":\"https:\/\/www.estrategiaconcursos.com.br\/blog\/#\/schema\/person\/f33ffe5648e36a1ec7be14cb98aec31a\"},\"headline\":\"Concurso Jacare\u00ed SP: confira j\u00e1 os gabaritos das provas!\",\"datePublished\":\"2026-03-30T12:39:00+00:00\",\"dateModified\":\"2026-03-30T12:40:11+00:00\",\"mainEntityOfPage\":{\"@id\":\"https:\/\/www.estrategiaconcursos.com.br\/blog\/concurso-prefeitura-jacarei\/\"},\"wordCount\":1351,\"commentCount\":2,\"publisher\":{\"@id\":\"https:\/\/www.estrategiaconcursos.com.br\/blog\/#organization\"},\"image\":{\"@id\":\"https:\/\/www.estrategiaconcursos.com.br\/blog\/concurso-prefeitura-jacarei\/#primaryimage\"},\"thumbnailUrl\":\"https:\/\/dhg1h5j42swfq.cloudfront.net\/2021\/09\/08094342\/prefeitura_de_jacarei_sp.jpg\",\"articleSection\":[\"Prefeituras\"],\"inLanguage\":\"pt-BR\",\"potentialAction\":[{\"@type\":\"CommentAction\",\"name\":\"Comment\",\"target\":[\"https:\/\/www.estrategiaconcursos.com.br\/blog\/concurso-prefeitura-jacarei\/#respond\"]}],\"copyrightYear\":\"2026\",\"copyrightHolder\":{\"@id\":\"https:\/\/www.estrategiaconcursos.com.br\/blog\/#organization\"}},{\"@type\":\"WebPage\",\"@id\":\"https:\/\/www.estrategiaconcursos.com.br\/blog\/concurso-prefeitura-jacarei\/\",\"url\":\"https:\/\/www.estrategiaconcursos.com.br\/blog\/concurso-prefeitura-jacarei\/\",\"name\":\"Concurso Jacare\u00ed SP: confira j\u00e1 os gabaritos das provas!\",\"isPartOf\":{\"@id\":\"https:\/\/www.estrategiaconcursos.com.br\/blog\/#website\"},\"primaryImageOfPage\":{\"@id\":\"https:\/\/www.estrategiaconcursos.com.br\/blog\/concurso-prefeitura-jacarei\/#primaryimage\"},\"image\":{\"@id\":\"https:\/\/www.estrategiaconcursos.com.br\/blog\/concurso-prefeitura-jacarei\/#primaryimage\"},\"thumbnailUrl\":\"https:\/\/dhg1h5j42swfq.cloudfront.net\/2021\/09\/08094342\/prefeitura_de_jacarei_sp.jpg\",\"datePublished\":\"2026-03-30T12:39:00+00:00\",\"dateModified\":\"2026-03-30T12:40:11+00:00\",\"description\":\"Concurso Prefeitura de Jacare\u00ed SP: provas aplicadas e gabaritos divulgados. Quatro editais ofertam mais de 100 vagas!\",\"breadcrumb\":{\"@id\":\"https:\/\/www.estrategiaconcursos.com.br\/blog\/concurso-prefeitura-jacarei\/#breadcrumb\"},\"inLanguage\":\"pt-BR\",\"potentialAction\":[{\"@type\":\"ReadAction\",\"target\":[\"https:\/\/www.estrategiaconcursos.com.br\/blog\/concurso-prefeitura-jacarei\/\"]}]},{\"@type\":\"ImageObject\",\"inLanguage\":\"pt-BR\",\"@id\":\"https:\/\/www.estrategiaconcursos.com.br\/blog\/concurso-prefeitura-jacarei\/#primaryimage\",\"url\":\"https:\/\/dhg1h5j42swfq.cloudfront.net\/2021\/09\/08094342\/prefeitura_de_jacarei_sp.jpg\",\"contentUrl\":\"https:\/\/dhg1h5j42swfq.cloudfront.net\/2021\/09\/08094342\/prefeitura_de_jacarei_sp.jpg\",\"width\":768,\"height\":432,\"caption\":\"Concurso IPMJ\"},{\"@type\":\"BreadcrumbList\",\"@id\":\"https:\/\/www.estrategiaconcursos.com.br\/blog\/concurso-prefeitura-jacarei\/#breadcrumb\",\"itemListElement\":[{\"@type\":\"ListItem\",\"position\":1,\"name\":\"In\u00edcio\",\"item\":\"https:\/\/www.estrategiaconcursos.com.br\/blog\/\"},{\"@type\":\"ListItem\",\"position\":2,\"name\":\"Concurso Jacare\u00ed SP: confira j\u00e1 os gabaritos das provas!\"}]},{\"@type\":\"WebSite\",\"@id\":\"https:\/\/www.estrategiaconcursos.com.br\/blog\/#website\",\"url\":\"https:\/\/www.estrategiaconcursos.com.br\/blog\/\",\"name\":\"Estrat\u00e9gia Concursos\",\"description\":\"O blog da Estrat\u00e9gia Concursos traz not\u00edcias sobre concursos e artigos de professores oferecendo cursos para concursos (pdf + videaulas) no site.\",\"publisher\":{\"@id\":\"https:\/\/www.estrategiaconcursos.com.br\/blog\/#organization\"},\"potentialAction\":[{\"@type\":\"SearchAction\",\"target\":{\"@type\":\"EntryPoint\",\"urlTemplate\":\"https:\/\/www.estrategiaconcursos.com.br\/blog\/?s={search_term_string}\"},\"query-input\":{\"@type\":\"PropertyValueSpecification\",\"valueRequired\":true,\"valueName\":\"search_term_string\"}}],\"inLanguage\":\"pt-BR\"},{\"@type\":\"Organization\",\"@id\":\"https:\/\/www.estrategiaconcursos.com.br\/blog\/#organization\",\"name\":\"Estrat\u00e9gia Concursos\",\"url\":\"https:\/\/www.estrategiaconcursos.com.br\/blog\/\",\"logo\":{\"@type\":\"ImageObject\",\"inLanguage\":\"pt-BR\",\"@id\":\"https:\/\/www.estrategiaconcursos.com.br\/blog\/#\/schema\/logo\/image\/\",\"url\":\"https:\/\/dhg1h5j42swfq.cloudfront.net\/2025\/06\/03203428\/logo_concursos-1.jpg\",\"contentUrl\":\"https:\/\/dhg1h5j42swfq.cloudfront.net\/2025\/06\/03203428\/logo_concursos-1.jpg\",\"width\":230,\"height\":60,\"caption\":\"Estrat\u00e9gia Concursos\"},\"image\":{\"@id\":\"https:\/\/www.estrategiaconcursos.com.br\/blog\/#\/schema\/logo\/image\/\"},\"sameAs\":[\"https:\/\/x.com\/EstratConcursos\"]},{\"@type\":\"Person\",\"@id\":\"https:\/\/www.estrategiaconcursos.com.br\/blog\/#\/schema\/person\/f33ffe5648e36a1ec7be14cb98aec31a\",\"name\":\"Melmuara Thaiane Doneg\u00e1 C\u00e2ndido\",\"image\":{\"@type\":\"ImageObject\",\"inLanguage\":\"pt-BR\",\"@id\":\"https:\/\/secure.gravatar.com\/avatar\/72c23c49ace6e781125178efe440f336ae4f50fbfb902780beb369688b387c4f?s=96&d=mm&r=g\",\"url\":\"https:\/\/secure.gravatar.com\/avatar\/72c23c49ace6e781125178efe440f336ae4f50fbfb902780beb369688b387c4f?s=96&d=mm&r=g\",\"contentUrl\":\"https:\/\/secure.gravatar.com\/avatar\/72c23c49ace6e781125178efe440f336ae4f50fbfb902780beb369688b387c4f?s=96&d=mm&r=g\",\"caption\":\"Melmuara Thaiane Doneg\u00e1 C\u00e2ndido\"},\"description\":\"Formada em Jornalismo em 2011 pela UniSEB-COC, Ribeir\u00e3o Preto-SP, atua desde 2017 na produ\u00e7\u00e3o de conte\u00fado para prefeituras, passando da \u00e1rea publicit\u00e1ria para a cria\u00e7\u00e3o de textos estrat\u00e9gicos e not\u00edcias sobre concursos, mantendo os concurseiros bem informados sobre os principais editais de prefeituras e concursos municipais.\",\"birthDate\":\"1990-04-21\",\"gender\":\"feminino\",\"url\":\"https:\/\/www.estrategiaconcursos.com.br\/blog\/author\/melmuara-candidoestrategia-com\/\"}]}<\/script>\n<!-- \/ Yoast SEO Premium plugin. -->","yoast_head_json":{"title":"Concurso Jacare\u00ed SP: confira j\u00e1 os gabaritos das provas!","description":"Concurso Prefeitura de Jacare\u00ed SP: provas aplicadas e gabaritos divulgados. Quatro editais ofertam mais de 100 vagas!","robots":{"index":"index","follow":"follow","max-snippet":"max-snippet:-1","max-image-preview":"max-image-preview:large","max-video-preview":"max-video-preview:-1"},"canonical":"https:\/\/www.estrategiaconcursos.com.br\/blog\/concurso-prefeitura-jacarei\/","og_locale":"pt_BR","og_type":"article","og_title":"Concurso Jacare\u00ed SP: confira j\u00e1 os gabaritos das provas!","og_description":"Concurso Prefeitura de Jacare\u00ed SP: provas aplicadas e gabaritos divulgados. Quatro editais ofertam mais de 100 vagas!","og_url":"https:\/\/www.estrategiaconcursos.com.br\/blog\/concurso-prefeitura-jacarei\/","og_site_name":"Estrat\u00e9gia Concursos","article_published_time":"2026-03-30T12:39:00+00:00","article_modified_time":"2026-03-30T12:40:11+00:00","og_image":[{"width":768,"height":432,"url":"https:\/\/dhg1h5j42swfq.cloudfront.net\/2021\/09\/08094342\/prefeitura_de_jacarei_sp.jpg","type":"image\/jpeg"}],"author":"Melmuara Thaiane Doneg\u00e1 C\u00e2ndido","twitter_card":"summary_large_image","twitter_creator":"@EstratConcursos","twitter_site":"@EstratConcursos","twitter_misc":{"Escrito por":"Melmuara Thaiane Doneg\u00e1 C\u00e2ndido","Est. tempo de leitura":"3 minutos"},"schema":{"@context":"https:\/\/schema.org","@graph":[{"@type":"NewsArticle","@id":"https:\/\/www.estrategiaconcursos.com.br\/blog\/concurso-prefeitura-jacarei\/#article","isPartOf":{"@id":"https:\/\/www.estrategiaconcursos.com.br\/blog\/concurso-prefeitura-jacarei\/"},"author":{"name":"Melmuara Thaiane Doneg\u00e1 C\u00e2ndido","@id":"https:\/\/www.estrategiaconcursos.com.br\/blog\/#\/schema\/person\/f33ffe5648e36a1ec7be14cb98aec31a"},"headline":"Concurso Jacare\u00ed SP: confira j\u00e1 os gabaritos das provas!","datePublished":"2026-03-30T12:39:00+00:00","dateModified":"2026-03-30T12:40:11+00:00","mainEntityOfPage":{"@id":"https:\/\/www.estrategiaconcursos.com.br\/blog\/concurso-prefeitura-jacarei\/"},"wordCount":1351,"commentCount":2,"publisher":{"@id":"https:\/\/www.estrategiaconcursos.com.br\/blog\/#organization"},"image":{"@id":"https:\/\/www.estrategiaconcursos.com.br\/blog\/concurso-prefeitura-jacarei\/#primaryimage"},"thumbnailUrl":"https:\/\/dhg1h5j42swfq.cloudfront.net\/2021\/09\/08094342\/prefeitura_de_jacarei_sp.jpg","articleSection":["Prefeituras"],"inLanguage":"pt-BR","potentialAction":[{"@type":"CommentAction","name":"Comment","target":["https:\/\/www.estrategiaconcursos.com.br\/blog\/concurso-prefeitura-jacarei\/#respond"]}],"copyrightYear":"2026","copyrightHolder":{"@id":"https:\/\/www.estrategiaconcursos.com.br\/blog\/#organization"}},{"@type":"WebPage","@id":"https:\/\/www.estrategiaconcursos.com.br\/blog\/concurso-prefeitura-jacarei\/","url":"https:\/\/www.estrategiaconcursos.com.br\/blog\/concurso-prefeitura-jacarei\/","name":"Concurso Jacare\u00ed SP: confira j\u00e1 os gabaritos das provas!","isPartOf":{"@id":"https:\/\/www.estrategiaconcursos.com.br\/blog\/#website"},"primaryImageOfPage":{"@id":"https:\/\/www.estrategiaconcursos.com.br\/blog\/concurso-prefeitura-jacarei\/#primaryimage"},"image":{"@id":"https:\/\/www.estrategiaconcursos.com.br\/blog\/concurso-prefeitura-jacarei\/#primaryimage"},"thumbnailUrl":"https:\/\/dhg1h5j42swfq.cloudfront.net\/2021\/09\/08094342\/prefeitura_de_jacarei_sp.jpg","datePublished":"2026-03-30T12:39:00+00:00","dateModified":"2026-03-30T12:40:11+00:00","description":"Concurso Prefeitura de Jacare\u00ed SP: provas aplicadas e gabaritos divulgados. Quatro editais ofertam mais de 100 vagas!","breadcrumb":{"@id":"https:\/\/www.estrategiaconcursos.com.br\/blog\/concurso-prefeitura-jacarei\/#breadcrumb"},"inLanguage":"pt-BR","potentialAction":[{"@type":"ReadAction","target":["https:\/\/www.estrategiaconcursos.com.br\/blog\/concurso-prefeitura-jacarei\/"]}]},{"@type":"ImageObject","inLanguage":"pt-BR","@id":"https:\/\/www.estrategiaconcursos.com.br\/blog\/concurso-prefeitura-jacarei\/#primaryimage","url":"https:\/\/dhg1h5j42swfq.cloudfront.net\/2021\/09\/08094342\/prefeitura_de_jacarei_sp.jpg","contentUrl":"https:\/\/dhg1h5j42swfq.cloudfront.net\/2021\/09\/08094342\/prefeitura_de_jacarei_sp.jpg","width":768,"height":432,"caption":"Concurso IPMJ"},{"@type":"BreadcrumbList","@id":"https:\/\/www.estrategiaconcursos.com.br\/blog\/concurso-prefeitura-jacarei\/#breadcrumb","itemListElement":[{"@type":"ListItem","position":1,"name":"In\u00edcio","item":"https:\/\/www.estrategiaconcursos.com.br\/blog\/"},{"@type":"ListItem","position":2,"name":"Concurso Jacare\u00ed SP: confira j\u00e1 os gabaritos das provas!"}]},{"@type":"WebSite","@id":"https:\/\/www.estrategiaconcursos.com.br\/blog\/#website","url":"https:\/\/www.estrategiaconcursos.com.br\/blog\/","name":"Estrat\u00e9gia Concursos","description":"O blog da Estrat\u00e9gia Concursos traz not\u00edcias sobre concursos e artigos de professores oferecendo cursos para concursos (pdf + videaulas) no site.","publisher":{"@id":"https:\/\/www.estrategiaconcursos.com.br\/blog\/#organization"},"potentialAction":[{"@type":"SearchAction","target":{"@type":"EntryPoint","urlTemplate":"https:\/\/www.estrategiaconcursos.com.br\/blog\/?s={search_term_string}"},"query-input":{"@type":"PropertyValueSpecification","valueRequired":true,"valueName":"search_term_string"}}],"inLanguage":"pt-BR"},{"@type":"Organization","@id":"https:\/\/www.estrategiaconcursos.com.br\/blog\/#organization","name":"Estrat\u00e9gia Concursos","url":"https:\/\/www.estrategiaconcursos.com.br\/blog\/","logo":{"@type":"ImageObject","inLanguage":"pt-BR","@id":"https:\/\/www.estrategiaconcursos.com.br\/blog\/#\/schema\/logo\/image\/","url":"https:\/\/dhg1h5j42swfq.cloudfront.net\/2025\/06\/03203428\/logo_concursos-1.jpg","contentUrl":"https:\/\/dhg1h5j42swfq.cloudfront.net\/2025\/06\/03203428\/logo_concursos-1.jpg","width":230,"height":60,"caption":"Estrat\u00e9gia Concursos"},"image":{"@id":"https:\/\/www.estrategiaconcursos.com.br\/blog\/#\/schema\/logo\/image\/"},"sameAs":["https:\/\/x.com\/EstratConcursos"]},{"@type":"Person","@id":"https:\/\/www.estrategiaconcursos.com.br\/blog\/#\/schema\/person\/f33ffe5648e36a1ec7be14cb98aec31a","name":"Melmuara Thaiane Doneg\u00e1 C\u00e2ndido","image":{"@type":"ImageObject","inLanguage":"pt-BR","@id":"https:\/\/secure.gravatar.com\/avatar\/72c23c49ace6e781125178efe440f336ae4f50fbfb902780beb369688b387c4f?s=96&d=mm&r=g","url":"https:\/\/secure.gravatar.com\/avatar\/72c23c49ace6e781125178efe440f336ae4f50fbfb902780beb369688b387c4f?s=96&d=mm&r=g","contentUrl":"https:\/\/secure.gravatar.com\/avatar\/72c23c49ace6e781125178efe440f336ae4f50fbfb902780beb369688b387c4f?s=96&d=mm&r=g","caption":"Melmuara Thaiane Doneg\u00e1 C\u00e2ndido"},"description":"Formada em Jornalismo em 2011 pela UniSEB-COC, Ribeir\u00e3o Preto-SP, atua desde 2017 na produ\u00e7\u00e3o de conte\u00fado para prefeituras, passando da \u00e1rea publicit\u00e1ria para a cria\u00e7\u00e3o de textos estrat\u00e9gicos e not\u00edcias sobre concursos, mantendo os concurseiros bem informados sobre os principais editais de prefeituras e concursos municipais.","birthDate":"1990-04-21","gender":"feminino","url":"https:\/\/www.estrategiaconcursos.com.br\/blog\/author\/melmuara-candidoestrategia-com\/"}]}},"_links":{"self":[{"href":"https:\/\/www.estrategiaconcursos.com.br\/blog\/wp-json\/wp\/v2\/posts\/479003","targetHints":{"allow":["GET"]}}],"collection":[{"href":"https:\/\/www.estrategiaconcursos.com.br\/blog\/wp-json\/wp\/v2\/posts"}],"about":[{"href":"https:\/\/www.estrategiaconcursos.com.br\/blog\/wp-json\/wp\/v2\/types\/post"}],"author":[{"embeddable":true,"href":"https:\/\/www.estrategiaconcursos.com.br\/blog\/wp-json\/wp\/v2\/users\/2991"}],"replies":[{"embeddable":true,"href":"https:\/\/www.estrategiaconcursos.com.br\/blog\/wp-json\/wp\/v2\/comments?post=479003"}],"version-history":[{"count":78,"href":"https:\/\/www.estrategiaconcursos.com.br\/blog\/wp-json\/wp\/v2\/posts\/479003\/revisions"}],"predecessor-version":[{"id":1745172,"href":"https:\/\/www.estrategiaconcursos.com.br\/blog\/wp-json\/wp\/v2\/posts\/479003\/revisions\/1745172"}],"wp:featuredmedia":[{"embeddable":true,"href":"https:\/\/www.estrategiaconcursos.com.br\/blog\/wp-json\/wp\/v2\/media\/856132"}],"wp:attachment":[{"href":"https:\/\/www.estrategiaconcursos.com.br\/blog\/wp-json\/wp\/v2\/media?parent=479003"}],"wp:term":[{"taxonomy":"category","embeddable":true,"href":"https:\/\/www.estrategiaconcursos.com.br\/blog\/wp-json\/wp\/v2\/categories?post=479003"},{"taxonomy":"post_tag","embeddable":true,"href":"https:\/\/www.estrategiaconcursos.com.br\/blog\/wp-json\/wp\/v2\/tags?post=479003"},{"taxonomy":"tax_estado","embeddable":true,"href":"https:\/\/www.estrategiaconcursos.com.br\/blog\/wp-json\/wp\/v2\/tax_estado?post=479003"}],"curies":[{"name":"wp","href":"https:\/\/api.w.org\/{rel}","templated":true}]}}