{"id":478992,"date":"2020-02-07T08:52:52","date_gmt":"2020-02-07T11:52:52","guid":{"rendered":"https:\/\/www.estrategiaconcursos.com.br\/blog\/?p=478992"},"modified":"2020-09-14T16:58:04","modified_gmt":"2020-09-14T19:58:04","slug":"concurso-mpt-locais-provas","status":"publish","type":"post","link":"https:\/\/www.estrategiaconcursos.com.br\/blog\/concurso-mpt-locais-provas\/","title":{"rendered":"Divulgado locais de provas do concurso MPT"},"content":{"rendered":"\n<h2 class=\"wp-block-heading\"><em>Comiss\u00e3o de Execu\u00e7\u00e3o e Fiscaliza\u00e7\u00e3o do concurso sofreu altera\u00e7\u00f5es<\/em><\/h2>\n\n\n\n<p>Foi publicado no Di\u00e1rio Oficial da Uni\u00e3o desta sexta-feira, 7 de fevereiro de 2020, os locais de provas do concurso MPT. O exame acontecer\u00e1 no dia 8 de mar\u00e7o de 2020. <\/p>\n\n\n\n<p>Os candidatos dever\u00e3o comparecer aos locais indicados com anteced\u00eancia m\u00ednima de 30 minutos do hor\u00e1rio de in\u00edcio da prova, munidos do documento original de identidade, que dever\u00e1 conter foto recente e sua assinatura, e de caneta esferogr\u00e1fica transparente de tinta indel\u00e9vel, nas cores azul ou preta. <\/p>\n\n\n\n<p>Os port\u00f5es ser\u00e3o fechados \u00e0s 8h30 (hor\u00e1rio de Bras\u00edlia\/DF). A prova ter\u00e1 dura\u00e7\u00e3o de 4 horas e n\u00e3o ser\u00e1 permitida qualquer consulta. <\/p>\n\n\n\n<p><em><strong>Confira abaixo os locais de provas: <\/strong><\/em><\/p>\n\n\n\n<p>HOR\u00c1RIO DA PROVA: de 9h \u00e0s 13h (HOR\u00c1RIO DE BRAS\u00cdLIA\/DF)<\/p>\n\n\n\n<p class=\"has-luminous-vivid-amber-background-color has-background\">1\u00aa Regi\u00e3o &#8211; RIO DE JANEIRO\/RJ:<\/p>\n\n\n\n<p>Universidade Est\u00e1cio de S\u00e1 &#8211; Campus Pra\u00e7a XI &#8211; Avenida Presidente Vargas, n\u00ba 2.560, Cidade Nova, Rio de Janeiro\/RJ.<\/p>\n\n\n\n<p class=\"has-luminous-vivid-amber-background-color has-background\"><strong>2\u00aa Regi\u00e3o &#8211; S\u00c3O PAULO\/SP:<\/strong><\/p>\n\n\n\n<p>Universidade Paulista &#8211; UNIP &#8211; Campus Para\u00edso &#8211; Rua Vergueiro, 1211, S\u00e3o Paulo\/SP.<\/p>\n\n\n\n<p class=\"has-luminous-vivid-amber-background-color has-background\">3\u00aa Regi\u00e3o &#8211; BELO HORIZONTE\/MG:<\/p>\n\n\n\n<p>FUMEC &#8211; Campus Cruzeiro &#8211; Rua Cobre, n\u00ba 200, Bairro Cruzeiro, Belo Horizonte\/MG.<\/p>\n\n\n\n<p class=\"has-luminous-vivid-amber-background-color has-background\">4\u00aa Regi\u00e3o &#8211; PORTO ALEGRE\/RS:<\/p>\n\n\n\n<p>Pontif\u00edcia Universidade Cat\u00f3lica do Rio Grande do Sul &#8211; Avenida Ipiranga, n\u00ba 6681, Partenon &#8211; Pr\u00e9dio 11- Porto Alegre\/RS.<\/p>\n\n\n\n<p class=\"has-luminous-vivid-amber-background-color has-background\">5\u00aa Regi\u00e3o &#8211; SALVADOR\/BA:<\/p>\n\n\n\n<p>Faculdade de Direito da UFBA &#8211; Rua da Paz, s\/n, Gra\u00e7a, Salvador\/BA.<\/p>\n\n\n\n<p class=\"has-luminous-vivid-amber-background-color has-background\">6\u00aa Regi\u00e3o &#8211; RECIFE\/PE:<\/p>\n\n\n\n<p>Faculdade Damas &#8211; Rua Dr. Malaquias, 1426-B, Bairro Gra\u00e7as, Recife\/PE.<\/p>\n\n\n\n<p class=\"has-luminous-vivid-amber-background-color has-background\">7\u00aa Regi\u00e3o &#8211; FORTALEZA\/CE:<\/p>\n\n\n\n<p>Centro Universit\u00e1rio Christus &#8211; UNICHRISTUS &#8211; Av. Dom Lu\u00eds, 911, Meireles, Fortaleza\/CE.<\/p>\n\n\n\n<p class=\"has-luminous-vivid-amber-background-color has-background\">8\u00aa Regi\u00e3o &#8211; BEL\u00c9M\/PA:<\/p>\n\n\n\n<p>Faculdade FACI &#8211; Wyden &#8211; Travessa dos Tupinamb\u00e1s, 461, Bel\u00e9m\/PA.<\/p>\n\n\n\n<p class=\"has-luminous-vivid-amber-background-color has-background\">9\u00aa Regi\u00e3o &#8211; CURITIBA\/PR:<\/p>\n\n\n\n<p>Col\u00e9gio Positivo &#8211; \u00c2ngelo Sampaio &#8211; Rua Alferes \u00c2ngelo Sampaio, 2300, Bigorrilho, Curitiba\/PR.<\/p>\n\n\n\n<p class=\"has-luminous-vivid-amber-background-color has-background\">10\u00aa Regi\u00e3o &#8211; BRAS\u00cdLIA\/DF:<\/p>\n\n\n\n<p>Sociedade Educacional Leonardo da Vinci Ltda &#8211; SGAN Qd. 914, Conjunto I, Asa Norte, Bras\u00edlia\/DF.<\/p>\n\n\n\n<p class=\"has-luminous-vivid-amber-background-color has-background\">11\u00aa Regi\u00e3o &#8211; MANAUS\/AM:<\/p>\n\n\n\n<p>Centro Educacional La Salle &#8211; Av. Dom Pedro I, n\u00ba 151, Dom Pedro, Manaus\/AM.<\/p>\n\n\n\n<p class=\"has-luminous-vivid-amber-background-color has-background\">12\u00aa Regi\u00e3o &#8211; FLORIAN\u00d3POLIS\/SC:<\/p>\n\n\n\n<p>UDESC &#8211; Universidade do Estado de Santa Catarina &#8211; Av. Madre Benvenuta, n\u00ba 2037, Bairro Itacorubi, Florian\u00f3polis\/SC.<\/p>\n\n\n\n<p class=\"has-luminous-vivid-amber-background-color has-background\">13\u00aa Regi\u00e3o &#8211; JO\u00c3O PESSOA\/PB:<\/p>\n\n\n\n<p>UFPB &#8211; Centro de Ci\u00eancias Jur\u00eddicas (CCJ) &#8211; Cidade Universit\u00e1ria, s\/n, Conj. Castelo Branco, Jo\u00e3o Pessoa\/PB.<\/p>\n\n\n\n<p class=\"has-luminous-vivid-amber-background-color has-background\">14\u00aa Regi\u00e3o &#8211; PORTO VELHO\/RO:<\/p>\n\n\n\n<p>Procuradoria Regional do Trabalho da 14\u00aa Regi\u00e3o &#8211; Av. Presidente Dutra, n\u00ba 4055, Olaria, Porto Velho\/RO.<\/p>\n\n\n\n<p class=\"has-luminous-vivid-amber-background-color has-background\">15\u00aa Regi\u00e3o &#8211; CAMPINAS\/SP:<\/p>\n\n\n\n<p>Escola Preparat\u00f3ria de Cadetes do Ex\u00e9rcito &#8211; EsPCEx &#8211; Av. Papa Pio XII, 350, Jardim Chapad\u00e3o, Campinas\/SP.<\/p>\n\n\n\n<p>16\u00aa Regi\u00e3o &#8211; S\u00c3O LU\u00cdS\/MA:<\/p>\n\n\n\n<p>Col\u00e9gio Dom Bosco Ltda &#8211; Av. Colares Moreira, 443, Renascen\u00e7a, S\u00e3o Lu\u00eds\/MA.<\/p>\n\n\n\n<p class=\"has-luminous-vivid-amber-background-color has-background\">17\u00aa Regi\u00e3o &#8211; VIT\u00d3RIA\/ES:<\/p>\n\n\n\n<p>IFES &#8211; Instituto Federal do Esp\u00edrito Santo &#8211; Campus &#8211; Avenida Vit\u00f3ria, 1729, Jucutuquara, Vit\u00f3ria\/ES.<\/p>\n\n\n\n<p class=\"has-luminous-vivid-amber-background-color has-background\">18\u00aa Regi\u00e3o &#8211; GOI\u00c2NIA\/GO:<\/p>\n\n\n\n<p>UNIP &#8211; Rodovia BR 153, km 503, s\/n, Fazenda Botafogo, Goi\u00e2nia\/GO.<\/p>\n\n\n\n<p>19\u00aa Regi\u00e3o &#8211; MACEI\u00d3\/AL:<\/p>\n\n\n\n<p>Col\u00e9gio Santa Madalena Sofia &#8211; Unidade 2 &#8211; Rua Afonso Pena, 59, Farol, Macei\u00f3\/AL.<\/p>\n\n\n\n<p class=\"has-luminous-vivid-amber-background-color has-background\">20\u00aa Regi\u00e3o &#8211; ARACAJU\/SE:<\/p>\n\n\n\n<p>Servi\u00e7o Nacional de Aprendizagem Industrial &#8211; SENAI &#8211; Rua Propri\u00e1, n\u00ba 201, Centro, Aracaju\/SE.<\/p>\n\n\n\n<p>21\u00aa Regi\u00e3o &#8211; NATAL\/RN:<\/p>\n\n\n\n<p>Centro Universit\u00e1rio do Rio Grande do Norte &#8211; UNI\/RN (Bloco Saturno) &#8211; Rua Prefeita Eliane Barros, 2000, Tirol, Natal\/RN.<\/p>\n\n\n\n<p class=\"has-luminous-vivid-amber-background-color has-background\">22\u00aa Regi\u00e3o &#8211; TERESINA\/PI:<\/p>\n\n\n\n<p>Tribunal de Contas do Estado do Piau\u00ed &#8211; TCE\/PI &#8211; Av. Pedro Freitas, n\u00ba 2100 &#8211; Centro Administrativo &#8211; anexo II &#8211; Escola de Gest\u00e3o e Controle, 3\u00ba andar, Teresina\/PI.<\/p>\n\n\n\n<p class=\"has-luminous-vivid-amber-background-color has-background\">23\u00aa Regi\u00e3o &#8211; CUIAB\u00c1\/MT:<\/p>\n\n\n\n<p>UFMT &#8211; Universidade Federal de Mato Grosso &#8211; Bloco Did\u00e1tico III da Faculdade de Administra\u00e7\u00e3o e Ci\u00eancias Cont\u00e1beis (FACC) &#8211; Avenida Fernando Corr\u00eaa da Costa, n\u00ba 2367, Bairro Boa Esperan\u00e7a, Cuiab\u00e1\/MT.<\/p>\n\n\n\n<p class=\"has-luminous-vivid-amber-background-color has-background\">24\u00aa Regi\u00e3o &#8211; CAMPO GRANDE\/MS:<\/p>\n\n\n\n<p>Unigran Capital &#8211; Rua Abr\u00e3o J\u00falio Rahe, n\u00ba 325, Centro, Campo Grande\/MS.<\/p>\n\n\n\n<p>Vale ressaltar que a prova objetiva do concurso MPT conta com 100 quest\u00f5es com cinco alternativas cada. O certame prev\u00ea a oferta de 4 vagas imediatas para a classe inicial da carreira, com remunera\u00e7\u00e3o de R$ 28.947,55. <\/p>\n\n\n\n<p>Al\u00e9m disso, o \u00f3rg\u00e3o modificou a Comiss\u00e3o de Execu\u00e7\u00e3o e Fiscaliza\u00e7\u00e3o do 21\u00ba Concurso P\u00fablico para Provimento de Cargos de Procurador do Trabalho colocando novos servidores. Confira no link abaixo:<\/p>\n\n\n\n<p class=\"has-text-align-center has-background\" style=\"font-size:clamp(15.197px, 0.95rem + ((1vw - 3.2px) * 0.765), 23px);px;background-color:#fcff51\"><a href=\"http:\/\/www.in.gov.br\/en\/web\/dou\/-\/portaria-n-183-de-6-de-fevereiro-de-2020-242087416\">Nova Comiss\u00e3o de Execu\u00e7\u00e3o e Fiscaliza\u00e7\u00e3o <\/a><\/p>\n\n\n\n<p class=\"has-text-align-center has-light-green-cyan-background-color has-background\" style=\"font-size:clamp(16.293px, 1.018rem + ((1vw - 3.2px) * 0.854), 25px);px\"><strong><a rel=\"noopener noreferrer\" href=\"https:\/\/www.estrategiaconcursos.com.br\/cursosPorConcurso\/ministerio-publico-do-trabalho-procurador\/\" target=\"_blank\">CURSO MPT<\/a><\/strong><\/p>\n\n\n\n<p class=\"has-text-align-center has-pale-cyan-blue-background-color has-background\" style=\"font-size:clamp(15.197px, 0.95rem + ((1vw - 3.2px) * 0.765), 23px);px\"><strong><a href=\"https:\/\/www.estrategiaconcursos.com.br\/blog\/concursos-abertos\/\">CONCURSOS ABERTOS<\/a><\/strong><\/p>\n\n\n\n<p class=\"has-text-align-center has-pale-cyan-blue-background-color has-background\" style=\"font-size:clamp(15.197px, 0.95rem + ((1vw - 3.2px) * 0.765), 23px);px\"><a href=\"https:\/\/www.estrategiaconcursos.com.br\/blog\/concursos-2020\/\"><strong>CONCURSOS<\/strong><\/a><strong><a href=\"https:\/\/www.estrategiaconcursos.com.br\/blog\/concursos-2020\/\">&nbsp;2020<\/a><\/strong><\/p>\n\n\n\n<p class=\"has-text-align-center has-pale-cyan-blue-background-color has-background\" style=\"font-size:clamp(15.197px, 0.95rem + ((1vw - 3.2px) * 0.765), 23px);px\"><strong><a href=\"https:\/\/www.estrategiaconcursos.com.br\/blog\/concursos-de-direito\/\" target=\"_blank\" rel=\"noreferrer noopener\" aria-label=\"CONCURSOS&nbsp;DE DIREITO (abre numa nova aba)\">CONCURSOS&nbsp;DE DIREITO<\/a><\/strong><\/p>\n","protected":false},"excerpt":{"rendered":"<p>Comiss\u00e3o de Execu\u00e7\u00e3o e Fiscaliza\u00e7\u00e3o do concurso sofreu altera\u00e7\u00f5es Foi publicado no Di\u00e1rio Oficial da Uni\u00e3o desta sexta-feira, 7 de fevereiro de 2020, os locais de provas do concurso MPT. O exame acontecer\u00e1 no dia 8 de mar\u00e7o de 2020. Os candidatos dever\u00e3o comparecer aos locais indicados com anteced\u00eancia m\u00ednima de 30 minutos do hor\u00e1rio [&hellip;]<\/p>\n","protected":false},"author":180,"featured_media":429119,"comment_status":"open","ping_status":"closed","sticky":false,"template":"","format":"standard","meta":{"post_tipo":"article","footnotes":""},"categories":[1],"tags":[],"tax_estado":[],"class_list":["post-478992","post","type-post","status-publish","format-standard","has-post-thumbnail","hentry","category-cursos-e-concursos"],"acf":[],"yoast_head":"<!-- This site is optimized with the Yoast SEO Premium plugin v27.2 (Yoast SEO v27.2) - https:\/\/yoast.com\/product\/yoast-seo-premium-wordpress\/ -->\n<title>Divulgado locais de provas do concurso MPT<\/title>\n<meta name=\"description\" content=\"Divulgado os locais de provas do concurso MPT. O certame visa ofertar 4 vagas imediatas para a classe inicial da carreira. Saiba mais!\" \/>\n<meta name=\"robots\" content=\"index, follow, max-snippet:-1, max-image-preview:large, max-video-preview:-1\" \/>\n<link rel=\"canonical\" href=\"https:\/\/www.estrategiaconcursos.com.br\/blog\/concurso-mpt-locais-provas\/\" \/>\n<meta property=\"og:locale\" content=\"pt_BR\" \/>\n<meta property=\"og:type\" content=\"article\" \/>\n<meta property=\"og:title\" content=\"Divulgado locais de provas do concurso MPT\" \/>\n<meta property=\"og:description\" content=\"Divulgado os locais de provas do concurso MPT. O certame visa ofertar 4 vagas imediatas para a classe inicial da carreira. Saiba mais!\" \/>\n<meta property=\"og:url\" content=\"https:\/\/www.estrategiaconcursos.com.br\/blog\/concurso-mpt-locais-provas\/\" \/>\n<meta property=\"og:site_name\" content=\"Estrat\u00e9gia Concursos\" \/>\n<meta property=\"article:author\" content=\"https:\/\/www.facebook.com\/ricardo.s.torques\" \/>\n<meta property=\"article:published_time\" content=\"2020-02-07T11:52:52+00:00\" \/>\n<meta property=\"article:modified_time\" content=\"2020-09-14T19:58:04+00:00\" \/>\n<meta property=\"og:image\" content=\"https:\/\/dhg1h5j42swfq.cloudfront.net\/2019\/09\/02110116\/MPT.jpg\" \/>\n\t<meta property=\"og:image:width\" content=\"1200\" \/>\n\t<meta property=\"og:image:height\" content=\"628\" \/>\n\t<meta property=\"og:image:type\" content=\"image\/jpeg\" \/>\n<meta name=\"author\" content=\"Ricardo Torques\" \/>\n<meta name=\"twitter:card\" content=\"summary_large_image\" \/>\n<meta name=\"twitter:creator\" content=\"@EstratConcursos\" \/>\n<meta name=\"twitter:site\" content=\"@EstratConcursos\" \/>\n<meta name=\"twitter:label1\" content=\"Escrito por\" \/>\n\t<meta name=\"twitter:data1\" content=\"Ricardo Torques\" \/>\n\t<meta name=\"twitter:label2\" content=\"Est. tempo de leitura\" \/>\n\t<meta name=\"twitter:data2\" content=\"4 minutos\" \/>\n<script type=\"application\/ld+json\" class=\"yoast-schema-graph\">{\"@context\":\"https:\/\/schema.org\",\"@graph\":[{\"@type\":\"NewsArticle\",\"@id\":\"https:\/\/www.estrategiaconcursos.com.br\/blog\/concurso-mpt-locais-provas\/#article\",\"isPartOf\":{\"@id\":\"https:\/\/www.estrategiaconcursos.com.br\/blog\/concurso-mpt-locais-provas\/\"},\"author\":{\"name\":\"Ricardo Torques\",\"@id\":\"https:\/\/www.estrategiaconcursos.com.br\/blog\/#\/schema\/person\/aa39cf5ddb518e5bdce27c35788405e2\"},\"headline\":\"Divulgado locais de provas do concurso MPT\",\"datePublished\":\"2020-02-07T11:52:52+00:00\",\"dateModified\":\"2020-09-14T19:58:04+00:00\",\"mainEntityOfPage\":{\"@id\":\"https:\/\/www.estrategiaconcursos.com.br\/blog\/concurso-mpt-locais-provas\/\"},\"wordCount\":800,\"commentCount\":0,\"publisher\":{\"@id\":\"https:\/\/www.estrategiaconcursos.com.br\/blog\/#organization\"},\"image\":{\"@id\":\"https:\/\/www.estrategiaconcursos.com.br\/blog\/concurso-mpt-locais-provas\/#primaryimage\"},\"thumbnailUrl\":\"https:\/\/dhg1h5j42swfq.cloudfront.net\/2019\/09\/02110116\/MPT.jpg\",\"articleSection\":[\"Concursos P\u00fablicos\"],\"inLanguage\":\"pt-BR\",\"potentialAction\":[{\"@type\":\"CommentAction\",\"name\":\"Comment\",\"target\":[\"https:\/\/www.estrategiaconcursos.com.br\/blog\/concurso-mpt-locais-provas\/#respond\"]}],\"copyrightYear\":\"2020\",\"copyrightHolder\":{\"@id\":\"https:\/\/www.estrategiaconcursos.com.br\/blog\/#organization\"}},{\"@type\":\"WebPage\",\"@id\":\"https:\/\/www.estrategiaconcursos.com.br\/blog\/concurso-mpt-locais-provas\/\",\"url\":\"https:\/\/www.estrategiaconcursos.com.br\/blog\/concurso-mpt-locais-provas\/\",\"name\":\"Divulgado locais de provas do concurso MPT\",\"isPartOf\":{\"@id\":\"https:\/\/www.estrategiaconcursos.com.br\/blog\/#website\"},\"primaryImageOfPage\":{\"@id\":\"https:\/\/www.estrategiaconcursos.com.br\/blog\/concurso-mpt-locais-provas\/#primaryimage\"},\"image\":{\"@id\":\"https:\/\/www.estrategiaconcursos.com.br\/blog\/concurso-mpt-locais-provas\/#primaryimage\"},\"thumbnailUrl\":\"https:\/\/dhg1h5j42swfq.cloudfront.net\/2019\/09\/02110116\/MPT.jpg\",\"datePublished\":\"2020-02-07T11:52:52+00:00\",\"dateModified\":\"2020-09-14T19:58:04+00:00\",\"description\":\"Divulgado os locais de provas do concurso MPT. O certame visa ofertar 4 vagas imediatas para a classe inicial da carreira. Saiba mais!\",\"breadcrumb\":{\"@id\":\"https:\/\/www.estrategiaconcursos.com.br\/blog\/concurso-mpt-locais-provas\/#breadcrumb\"},\"inLanguage\":\"pt-BR\",\"potentialAction\":[{\"@type\":\"ReadAction\",\"target\":[\"https:\/\/www.estrategiaconcursos.com.br\/blog\/concurso-mpt-locais-provas\/\"]}]},{\"@type\":\"ImageObject\",\"inLanguage\":\"pt-BR\",\"@id\":\"https:\/\/www.estrategiaconcursos.com.br\/blog\/concurso-mpt-locais-provas\/#primaryimage\",\"url\":\"https:\/\/dhg1h5j42swfq.cloudfront.net\/2019\/09\/02110116\/MPT.jpg\",\"contentUrl\":\"https:\/\/dhg1h5j42swfq.cloudfront.net\/2019\/09\/02110116\/MPT.jpg\",\"width\":1200,\"height\":628,\"caption\":\"concurso mpt\"},{\"@type\":\"BreadcrumbList\",\"@id\":\"https:\/\/www.estrategiaconcursos.com.br\/blog\/concurso-mpt-locais-provas\/#breadcrumb\",\"itemListElement\":[{\"@type\":\"ListItem\",\"position\":1,\"name\":\"In\u00edcio\",\"item\":\"https:\/\/www.estrategiaconcursos.com.br\/blog\/\"},{\"@type\":\"ListItem\",\"position\":2,\"name\":\"Divulgado locais de provas do concurso MPT\"}]},{\"@type\":\"WebSite\",\"@id\":\"https:\/\/www.estrategiaconcursos.com.br\/blog\/#website\",\"url\":\"https:\/\/www.estrategiaconcursos.com.br\/blog\/\",\"name\":\"Estrat\u00e9gia Concursos\",\"description\":\"O blog da Estrat\u00e9gia Concursos traz not\u00edcias sobre concursos e artigos de professores oferecendo cursos para concursos (pdf + videaulas) no site.\",\"publisher\":{\"@id\":\"https:\/\/www.estrategiaconcursos.com.br\/blog\/#organization\"},\"potentialAction\":[{\"@type\":\"SearchAction\",\"target\":{\"@type\":\"EntryPoint\",\"urlTemplate\":\"https:\/\/www.estrategiaconcursos.com.br\/blog\/?s={search_term_string}\"},\"query-input\":{\"@type\":\"PropertyValueSpecification\",\"valueRequired\":true,\"valueName\":\"search_term_string\"}}],\"inLanguage\":\"pt-BR\"},{\"@type\":\"Organization\",\"@id\":\"https:\/\/www.estrategiaconcursos.com.br\/blog\/#organization\",\"name\":\"Estrat\u00e9gia Concursos\",\"url\":\"https:\/\/www.estrategiaconcursos.com.br\/blog\/\",\"logo\":{\"@type\":\"ImageObject\",\"inLanguage\":\"pt-BR\",\"@id\":\"https:\/\/www.estrategiaconcursos.com.br\/blog\/#\/schema\/logo\/image\/\",\"url\":\"https:\/\/dhg1h5j42swfq.cloudfront.net\/2025\/06\/03203428\/logo_concursos-1.jpg\",\"contentUrl\":\"https:\/\/dhg1h5j42swfq.cloudfront.net\/2025\/06\/03203428\/logo_concursos-1.jpg\",\"width\":230,\"height\":60,\"caption\":\"Estrat\u00e9gia Concursos\"},\"image\":{\"@id\":\"https:\/\/www.estrategiaconcursos.com.br\/blog\/#\/schema\/logo\/image\/\"},\"sameAs\":[\"https:\/\/x.com\/EstratConcursos\"]},{\"@type\":\"Person\",\"@id\":\"https:\/\/www.estrategiaconcursos.com.br\/blog\/#\/schema\/person\/aa39cf5ddb518e5bdce27c35788405e2\",\"name\":\"Ricardo Torques\",\"image\":{\"@type\":\"ImageObject\",\"inLanguage\":\"pt-BR\",\"@id\":\"https:\/\/secure.gravatar.com\/avatar\/ce9ac6c3cff25fe86d15ed568ebc64d1724baf5c0693133bcb1f6073f712f92a?s=96&d=mm&r=g\",\"url\":\"https:\/\/secure.gravatar.com\/avatar\/ce9ac6c3cff25fe86d15ed568ebc64d1724baf5c0693133bcb1f6073f712f92a?s=96&d=mm&r=g\",\"contentUrl\":\"https:\/\/secure.gravatar.com\/avatar\/ce9ac6c3cff25fe86d15ed568ebc64d1724baf5c0693133bcb1f6073f712f92a?s=96&d=mm&r=g\",\"caption\":\"Ricardo Torques\"},\"sameAs\":[\"https:\/\/www.facebook.com\/ricardo.s.torques\"],\"url\":\"https:\/\/www.estrategiaconcursos.com.br\/blog\/author\/ricardotorquesestrategiaconcursos-com-br\/\"}]}<\/script>\n<!-- \/ Yoast SEO Premium plugin. -->","yoast_head_json":{"title":"Divulgado locais de provas do concurso MPT","description":"Divulgado os locais de provas do concurso MPT. O certame visa ofertar 4 vagas imediatas para a classe inicial da carreira. Saiba mais!","robots":{"index":"index","follow":"follow","max-snippet":"max-snippet:-1","max-image-preview":"max-image-preview:large","max-video-preview":"max-video-preview:-1"},"canonical":"https:\/\/www.estrategiaconcursos.com.br\/blog\/concurso-mpt-locais-provas\/","og_locale":"pt_BR","og_type":"article","og_title":"Divulgado locais de provas do concurso MPT","og_description":"Divulgado os locais de provas do concurso MPT. O certame visa ofertar 4 vagas imediatas para a classe inicial da carreira. Saiba mais!","og_url":"https:\/\/www.estrategiaconcursos.com.br\/blog\/concurso-mpt-locais-provas\/","og_site_name":"Estrat\u00e9gia Concursos","article_author":"https:\/\/www.facebook.com\/ricardo.s.torques","article_published_time":"2020-02-07T11:52:52+00:00","article_modified_time":"2020-09-14T19:58:04+00:00","og_image":[{"width":1200,"height":628,"url":"https:\/\/dhg1h5j42swfq.cloudfront.net\/2019\/09\/02110116\/MPT.jpg","type":"image\/jpeg"}],"author":"Ricardo Torques","twitter_card":"summary_large_image","twitter_creator":"@EstratConcursos","twitter_site":"@EstratConcursos","twitter_misc":{"Escrito por":"Ricardo Torques","Est. tempo de leitura":"4 minutos"},"schema":{"@context":"https:\/\/schema.org","@graph":[{"@type":"NewsArticle","@id":"https:\/\/www.estrategiaconcursos.com.br\/blog\/concurso-mpt-locais-provas\/#article","isPartOf":{"@id":"https:\/\/www.estrategiaconcursos.com.br\/blog\/concurso-mpt-locais-provas\/"},"author":{"name":"Ricardo Torques","@id":"https:\/\/www.estrategiaconcursos.com.br\/blog\/#\/schema\/person\/aa39cf5ddb518e5bdce27c35788405e2"},"headline":"Divulgado locais de provas do concurso MPT","datePublished":"2020-02-07T11:52:52+00:00","dateModified":"2020-09-14T19:58:04+00:00","mainEntityOfPage":{"@id":"https:\/\/www.estrategiaconcursos.com.br\/blog\/concurso-mpt-locais-provas\/"},"wordCount":800,"commentCount":0,"publisher":{"@id":"https:\/\/www.estrategiaconcursos.com.br\/blog\/#organization"},"image":{"@id":"https:\/\/www.estrategiaconcursos.com.br\/blog\/concurso-mpt-locais-provas\/#primaryimage"},"thumbnailUrl":"https:\/\/dhg1h5j42swfq.cloudfront.net\/2019\/09\/02110116\/MPT.jpg","articleSection":["Concursos P\u00fablicos"],"inLanguage":"pt-BR","potentialAction":[{"@type":"CommentAction","name":"Comment","target":["https:\/\/www.estrategiaconcursos.com.br\/blog\/concurso-mpt-locais-provas\/#respond"]}],"copyrightYear":"2020","copyrightHolder":{"@id":"https:\/\/www.estrategiaconcursos.com.br\/blog\/#organization"}},{"@type":"WebPage","@id":"https:\/\/www.estrategiaconcursos.com.br\/blog\/concurso-mpt-locais-provas\/","url":"https:\/\/www.estrategiaconcursos.com.br\/blog\/concurso-mpt-locais-provas\/","name":"Divulgado locais de provas do concurso MPT","isPartOf":{"@id":"https:\/\/www.estrategiaconcursos.com.br\/blog\/#website"},"primaryImageOfPage":{"@id":"https:\/\/www.estrategiaconcursos.com.br\/blog\/concurso-mpt-locais-provas\/#primaryimage"},"image":{"@id":"https:\/\/www.estrategiaconcursos.com.br\/blog\/concurso-mpt-locais-provas\/#primaryimage"},"thumbnailUrl":"https:\/\/dhg1h5j42swfq.cloudfront.net\/2019\/09\/02110116\/MPT.jpg","datePublished":"2020-02-07T11:52:52+00:00","dateModified":"2020-09-14T19:58:04+00:00","description":"Divulgado os locais de provas do concurso MPT. O certame visa ofertar 4 vagas imediatas para a classe inicial da carreira. Saiba mais!","breadcrumb":{"@id":"https:\/\/www.estrategiaconcursos.com.br\/blog\/concurso-mpt-locais-provas\/#breadcrumb"},"inLanguage":"pt-BR","potentialAction":[{"@type":"ReadAction","target":["https:\/\/www.estrategiaconcursos.com.br\/blog\/concurso-mpt-locais-provas\/"]}]},{"@type":"ImageObject","inLanguage":"pt-BR","@id":"https:\/\/www.estrategiaconcursos.com.br\/blog\/concurso-mpt-locais-provas\/#primaryimage","url":"https:\/\/dhg1h5j42swfq.cloudfront.net\/2019\/09\/02110116\/MPT.jpg","contentUrl":"https:\/\/dhg1h5j42swfq.cloudfront.net\/2019\/09\/02110116\/MPT.jpg","width":1200,"height":628,"caption":"concurso mpt"},{"@type":"BreadcrumbList","@id":"https:\/\/www.estrategiaconcursos.com.br\/blog\/concurso-mpt-locais-provas\/#breadcrumb","itemListElement":[{"@type":"ListItem","position":1,"name":"In\u00edcio","item":"https:\/\/www.estrategiaconcursos.com.br\/blog\/"},{"@type":"ListItem","position":2,"name":"Divulgado locais de provas do concurso MPT"}]},{"@type":"WebSite","@id":"https:\/\/www.estrategiaconcursos.com.br\/blog\/#website","url":"https:\/\/www.estrategiaconcursos.com.br\/blog\/","name":"Estrat\u00e9gia Concursos","description":"O blog da Estrat\u00e9gia Concursos traz not\u00edcias sobre concursos e artigos de professores oferecendo cursos para concursos (pdf + videaulas) no site.","publisher":{"@id":"https:\/\/www.estrategiaconcursos.com.br\/blog\/#organization"},"potentialAction":[{"@type":"SearchAction","target":{"@type":"EntryPoint","urlTemplate":"https:\/\/www.estrategiaconcursos.com.br\/blog\/?s={search_term_string}"},"query-input":{"@type":"PropertyValueSpecification","valueRequired":true,"valueName":"search_term_string"}}],"inLanguage":"pt-BR"},{"@type":"Organization","@id":"https:\/\/www.estrategiaconcursos.com.br\/blog\/#organization","name":"Estrat\u00e9gia Concursos","url":"https:\/\/www.estrategiaconcursos.com.br\/blog\/","logo":{"@type":"ImageObject","inLanguage":"pt-BR","@id":"https:\/\/www.estrategiaconcursos.com.br\/blog\/#\/schema\/logo\/image\/","url":"https:\/\/dhg1h5j42swfq.cloudfront.net\/2025\/06\/03203428\/logo_concursos-1.jpg","contentUrl":"https:\/\/dhg1h5j42swfq.cloudfront.net\/2025\/06\/03203428\/logo_concursos-1.jpg","width":230,"height":60,"caption":"Estrat\u00e9gia Concursos"},"image":{"@id":"https:\/\/www.estrategiaconcursos.com.br\/blog\/#\/schema\/logo\/image\/"},"sameAs":["https:\/\/x.com\/EstratConcursos"]},{"@type":"Person","@id":"https:\/\/www.estrategiaconcursos.com.br\/blog\/#\/schema\/person\/aa39cf5ddb518e5bdce27c35788405e2","name":"Ricardo Torques","image":{"@type":"ImageObject","inLanguage":"pt-BR","@id":"https:\/\/secure.gravatar.com\/avatar\/ce9ac6c3cff25fe86d15ed568ebc64d1724baf5c0693133bcb1f6073f712f92a?s=96&d=mm&r=g","url":"https:\/\/secure.gravatar.com\/avatar\/ce9ac6c3cff25fe86d15ed568ebc64d1724baf5c0693133bcb1f6073f712f92a?s=96&d=mm&r=g","contentUrl":"https:\/\/secure.gravatar.com\/avatar\/ce9ac6c3cff25fe86d15ed568ebc64d1724baf5c0693133bcb1f6073f712f92a?s=96&d=mm&r=g","caption":"Ricardo Torques"},"sameAs":["https:\/\/www.facebook.com\/ricardo.s.torques"],"url":"https:\/\/www.estrategiaconcursos.com.br\/blog\/author\/ricardotorquesestrategiaconcursos-com-br\/"}]}},"_links":{"self":[{"href":"https:\/\/www.estrategiaconcursos.com.br\/blog\/wp-json\/wp\/v2\/posts\/478992","targetHints":{"allow":["GET"]}}],"collection":[{"href":"https:\/\/www.estrategiaconcursos.com.br\/blog\/wp-json\/wp\/v2\/posts"}],"about":[{"href":"https:\/\/www.estrategiaconcursos.com.br\/blog\/wp-json\/wp\/v2\/types\/post"}],"author":[{"embeddable":true,"href":"https:\/\/www.estrategiaconcursos.com.br\/blog\/wp-json\/wp\/v2\/users\/180"}],"replies":[{"embeddable":true,"href":"https:\/\/www.estrategiaconcursos.com.br\/blog\/wp-json\/wp\/v2\/comments?post=478992"}],"version-history":[{"count":3,"href":"https:\/\/www.estrategiaconcursos.com.br\/blog\/wp-json\/wp\/v2\/posts\/478992\/revisions"}],"predecessor-version":[{"id":571856,"href":"https:\/\/www.estrategiaconcursos.com.br\/blog\/wp-json\/wp\/v2\/posts\/478992\/revisions\/571856"}],"wp:featuredmedia":[{"embeddable":true,"href":"https:\/\/www.estrategiaconcursos.com.br\/blog\/wp-json\/wp\/v2\/media\/429119"}],"wp:attachment":[{"href":"https:\/\/www.estrategiaconcursos.com.br\/blog\/wp-json\/wp\/v2\/media?parent=478992"}],"wp:term":[{"taxonomy":"category","embeddable":true,"href":"https:\/\/www.estrategiaconcursos.com.br\/blog\/wp-json\/wp\/v2\/categories?post=478992"},{"taxonomy":"post_tag","embeddable":true,"href":"https:\/\/www.estrategiaconcursos.com.br\/blog\/wp-json\/wp\/v2\/tags?post=478992"},{"taxonomy":"tax_estado","embeddable":true,"href":"https:\/\/www.estrategiaconcursos.com.br\/blog\/wp-json\/wp\/v2\/tax_estado?post=478992"}],"curies":[{"name":"wp","href":"https:\/\/api.w.org\/{rel}","templated":true}]}}