{"id":478985,"date":"2020-02-10T19:25:28","date_gmt":"2020-02-10T22:25:28","guid":{"rendered":"https:\/\/www.estrategiaconcursos.com.br\/blog\/?p=478985"},"modified":"2023-05-23T10:51:36","modified_gmt":"2023-05-23T13:51:36","slug":"como-ingressar-na-aeronautica","status":"publish","type":"post","link":"https:\/\/www.estrategiaconcursos.com.br\/blog\/como-ingressar-na-aeronautica\/","title":{"rendered":"Como ingressar na Aeron\u00e1utica"},"content":{"rendered":"\n<p>Conhe\u00e7a\nas formas de ingressar na Aeron\u00e1utica e as possibilidades de concursos para se\ntornar um militar das For\u00e7as Armadas.<\/p>\n\n\n\n<p>Ol\u00e1, aluno(a)!<\/p>\n\n\n\n<p>Esta \u00e9 a\nterceira de uma <strong>s\u00e9rie de tr\u00eas artigos<\/strong> que foram feitos para explicar a\nvoc\u00ea todas as formas para ingressar na <strong>Marinha, no Ex\u00e9rcito e na Aeron\u00e1utica<\/strong>.<\/p>\n\n\n\n<p>O primeiro tratou acerca da <strong><a href=\"https:\/\/www.estrategiaconcursos.com.br\/blog\/como-ingressar-na-marinha\/\">Marinha do Brasil<\/a><\/strong> e o segundo, do <strong><a href=\"https:\/\/www.estrategiaconcursos.com.br\/blog\/como-ingressar-no-exercito\/\">Ex\u00e9rcito Brasileiro<\/a><\/strong>. Vale a pena a leitura, pois tamb\u00e9m apresentam excelentes oportunidades para quem deseja seguir a carreira militar. <\/p>\n\n\n\n<p>Assim,\npara finalizar a s\u00e9rie, segue o \u00faltimo artigo, que se refere \u00e0 <strong>For\u00e7a A\u00e9rea\nBrasileira (FAB)<\/strong>.<\/p>\n\n\n\n<figure class=\"wp-block-image aligncenter size-large is-resized\"><img loading=\"lazy\" decoding=\"async\" src=\"https:\/\/dhg1h5j42swfq.cloudfront.net\/2020\/02\/07083021\/Ingressar-na-aeron%C3%A1utica-2017-Fonte-CIAAR-Desfile-em-contin%C3%AAncia-%C3%A0-Bandeira-1024x703.jpg\" alt=\"Ingressar na Aeron\u00e1utica - Fonte: CIAAR - Desfile em contin\u00eancia \u00e0 Bandeira\" class=\"wp-image-478988\" width=\"421\" height=\"289\" srcset=\"https:\/\/dhg1h5j42swfq.cloudfront.net\/2020\/02\/07083021\/Ingressar-na-aeron%C3%A1utica-2017-Fonte-CIAAR-Desfile-em-contin%C3%AAncia-%C3%A0-Bandeira-1024x703.jpg 1024w, https:\/\/dhg1h5j42swfq.cloudfront.net\/2020\/02\/07083021\/Ingressar-na-aeron%C3%A1utica-2017-Fonte-CIAAR-Desfile-em-contin%C3%AAncia-%C3%A0-Bandeira-300x206.jpg 300w, https:\/\/dhg1h5j42swfq.cloudfront.net\/2020\/02\/07083021\/Ingressar-na-aeron%C3%A1utica-2017-Fonte-CIAAR-Desfile-em-contin%C3%AAncia-%C3%A0-Bandeira-768x527.jpg 768w, https:\/\/dhg1h5j42swfq.cloudfront.net\/2020\/02\/07083021\/Ingressar-na-aeron%C3%A1utica-2017-Fonte-CIAAR-Desfile-em-contin%C3%AAncia-%C3%A0-Bandeira-1536x1055.jpg 1536w, https:\/\/dhg1h5j42swfq.cloudfront.net\/2020\/02\/07083021\/Ingressar-na-aeron%C3%A1utica-2017-Fonte-CIAAR-Desfile-em-contin%C3%AAncia-%C3%A0-Bandeira-2048x1406.jpg 2048w, https:\/\/dhg1h5j42swfq.cloudfront.net\/2020\/02\/07083021\/Ingressar-na-aeron%C3%A1utica-2017-Fonte-CIAAR-Desfile-em-contin%C3%AAncia-%C3%A0-Bandeira-610x419.jpg 610w\" sizes=\"auto, (max-width: 421px) 100vw, 421px\" \/><figcaption class=\"wp-element-caption\">Como ingressar na Aeron\u00e1utica &#8211; Fonte: CIAAR &#8211; Desfile em contin\u00eancia \u00e0 Bandeira<\/figcaption><\/figure>\n\n\n\n<h2 class=\"wp-block-heading\" id=\"h-sobre-as-forcas-armadas\">Sobre as For\u00e7as Armadas<\/h2>\n\n\n\n<p>J\u00e1 foi feita uma breve introdu\u00e7\u00e3o acerca das For\u00e7as Armadas nos dois primeiros artigos, mas, se voc\u00ea quer mesmo fazer parte das FFAA, precisa ter estas informa\u00e7\u00f5es &#8220;na ponta da l\u00edngua&#8221;.<\/p>\n\n\n\n<p>As For\u00e7as Armadas (FFAA) s\u00e3o constitu\u00eddas pela Marinha, pelo Ex\u00e9rcito e pela Aeron\u00e1utica, sendo institui\u00e7\u00f5es nacionais permanentes e regulares. Sua organiza\u00e7\u00e3o \u00e9 com base na hierarquia e na disciplina, possuindo como autoridade suprema o Presidente da Rep\u00fablica. Isso \u00e9 o que prev\u00ea o art. 142, <em>caput<\/em>, da Constitui\u00e7\u00e3o Federal de 1988.<\/p>\n\n\n\n<p>Al\u00e9m\ndisso, a Carta Magna define que as FFAA destinam-se \u00e0 defesa da P\u00e1tria, \u00e0\ngarantia dos poderes constitucionais e, por iniciativa de qualquer destes, da\nlei e da ordem. <\/p>\n\n\n\n<p>Assim, os\nmembros das FFAA, em raz\u00e3o de sua destina\u00e7\u00e3o constitucional, formam uma\ncategoria especial de servidores da P\u00e1tria e s\u00e3o denominados <strong>militares<\/strong>.<\/p>\n\n\n\n<p>A <strong>For\u00e7a\nA\u00e9rea Brasileira<\/strong> foi criada em <strong>1941<\/strong>, durante a Segunda Guerra\nMundial, momento em que a FAB incorporou os equipamentos a\u00e9reos e pessoal da\nMarinha, do Ex\u00e9rcito e do ent\u00e3o Departamento de Avia\u00e7\u00e3o Civil (DAC).<\/p>\n\n\n\n<p>Sua\nmiss\u00e3o constitucional \u00e9 a de manter a soberania do espa\u00e7o a\u00e9reo nacional, por\nmeio da preven\u00e7\u00e3o e do impedimento da pr\u00e1tica de atos hostis ou contr\u00e1rios aos\ninteresses do pa\u00eds. <\/p>\n\n\n\n<p>Al\u00e9m\ndisso, dentre as atribui\u00e7\u00f5es da FAB, incluem-se: o provimento da seguran\u00e7a da\nnavega\u00e7\u00e3o a\u00e9rea; a opera\u00e7\u00e3o do Correio A\u00e9reo Nacional; o apoio log\u00edstico, de\nintelig\u00eancia, de comunica\u00e7\u00f5es e instru\u00e7\u00e3o na repress\u00e3o a delitos que envolvam o\nuso do espa\u00e7o a\u00e9reo e as \u00e1reas aeroportu\u00e1rias; al\u00e9m do controle do espa\u00e7o a\u00e9reo\nbrasileiro em coopera\u00e7\u00e3o com os organismos de fiscaliza\u00e7\u00e3o competentes.<\/p>\n\n\n\n<h2 class=\"wp-block-heading\" id=\"h-formas-de-ingressar-na-aeronautica\">Formas de Ingressar na Aeron\u00e1utica<\/h2>\n\n\n\n<p>Inicialmente,\nimportante esclarecer que h\u00e1 diversos meios para ingressar na Aeron\u00e1utica,\nassim como na Marinha e no Ex\u00e9rcito, n\u00e3o s\u00f3 pelo servi\u00e7o militar obrigat\u00f3rio. <\/p>\n\n\n\n<p>Outro\nrelevante ponto \u00e9 que essas oportunidades de ingressar na Aeron\u00e1utica s\u00e3o\nacess\u00edveis aos <strong>diversos n\u00edveis de escolaridade, idade e sexo<\/strong>, conforme\nser\u00e1 explicado a seguir.<\/p>\n\n\n\n<p>Aqui, as\nformas de ingresso na Aeron\u00e1utica ser\u00e3o organizadas por n\u00edvel de escolaridade. Avante!<\/p>\n\n\n\n<h2 class=\"wp-block-heading\" id=\"h-nivel-de-escolaridade-ensino-superior\">N\u00cdVEL DE ESCOLARIDADE: ENSINO SUPERIOR<\/h2>\n\n\n\n<p>Para\ningressar na Aeron\u00e1utica por este meio de acesso, o candidato j\u00e1 deve ter\nconclu\u00eddo o ensino superior numa institui\u00e7\u00e3o civil e realizar concurso p\u00fablico\nde acordo com a sua \u00e1rea de forma\u00e7\u00e3o.<\/p>\n\n\n\n<p>A seguir, ser\u00e3o abordados os meios para ingressar na Aeron\u00e1utica para quem<strong> j\u00e1 possui uma gradua\u00e7\u00e3o<\/strong>. Todas as modalidades citadas na sequ\u00eancia s\u00e3o realizadas pelo <strong>Centro de Instru\u00e7\u00e3o e Adapta\u00e7\u00e3o da Aeron\u00e1utica (CIAAR)<\/strong>:<\/p>\n\n\n\n<ul class=\"wp-block-list\">\n<li>EAOAP (Est\u00e1gio de Adapta\u00e7\u00e3o de Oficiais de Apoio da Aeron\u00e1utica);<\/li>\n\n\n\n<li>CAMAR (Curso de Adapta\u00e7\u00e3o de M\u00e9dicos da Aeron\u00e1utica);<\/li>\n\n\n\n<li>CAFAR (Curso de Adapta\u00e7\u00e3o de Farmac\u00eauticos da Aeron\u00e1utica);<\/li>\n\n\n\n<li>EAOEAR (Est\u00e1gio de Adapta\u00e7\u00e3o de Oficiais Engenheiros da Aeron\u00e1utica);<\/li>\n\n\n\n<li>CADAR (Curso de Adapta\u00e7\u00e3o de Dentistas da Aeron\u00e1utica); e<\/li>\n\n\n\n<li>EIAC (Est\u00e1gio de Instru\u00e7\u00e3o e Adapta\u00e7\u00e3o para Capel\u00e3es da Aeron\u00e1utica).<\/li>\n<\/ul>\n\n\n\n<p>E, aten\u00e7\u00e3o, todos os Cursos e Est\u00e1gios para Oficiais tiveram o edital para o ano 2021 publicados no \u00faltimo dia 5. <\/p>\n\n\n\n<p class=\"has-text-align-center has-luminous-vivid-amber-background-color has-background has-medium-font-size\"><strong>As<\/strong> <strong><a href=\"http:\/\/www2.fab.mil.br\/ciaar\/index.php\/admissao-e-selecao#exames-em-andamento\">inscri\u00e7\u00f5es <\/a>est\u00e3o abertas de hoje (10) <\/strong><br \/><strong>at\u00e9 o dia 27 de fevereiro<\/strong>.<\/p>\n\n\n\n<p> A previs\u00e3o \u00e9 que as provas escritas ocorram no dia 17 de maio. <\/p>\n\n\n\n<h2 class=\"wp-block-heading\" id=\"h-eaoap-estagio-de-adaptacao-de-oficiais-de-apoio-da-aeronautica\">EAOAP \u2013 Est\u00e1gio de Adapta\u00e7\u00e3o de Oficiais de Apoio da Aeron\u00e1utica<\/h2>\n\n\n\n<p>O Quadro de Oficiais de Apoio (QOAP), do\nCorpo de Oficiais da Ativa da Aeron\u00e1utica, destina-se a suprir as necessidades de\nOficiais de Apoio, para o preenchimento de cargos e para o exerc\u00edcio de fun\u00e7\u00f5es\nafetas aos profissionais das diferentes especialidades, nas Organiza\u00e7\u00f5es\nMilitares (OM) do Comando da Aeron\u00e1utica.<\/p>\n\n\n\n<h4 class=\"wp-block-heading\" id=\"h-requisitos\">Requisitos<\/h4>\n\n\n\n<p>O\ncandidato interessado deve possuir alguns requisitos para que seja poss\u00edvel o\nseu ingresso na Aeron\u00e1utica no Quadro de Oficiais de Apoio.<\/p>\n\n\n\n<p>Aqui,\nassim como para qualquer outro est\u00e1gio destinado a formar Oficiais, h\u00e1\nnecessidade de ser <strong>brasileiro nato<\/strong> por expressa disposi\u00e7\u00e3o\nconstitucional.<\/p>\n\n\n\n<p>Ademais,\nh\u00e1 <strong>limita\u00e7\u00e3o de idade<\/strong>: possuir no m\u00ednimo 18 (dezoito) e no m\u00e1ximo 32\n(trinta e dois) anos de idade at\u00e9 31 de dezembro do ano da matr\u00edcula.<\/p>\n\n\n\n<p>J\u00e1, com\nrela\u00e7\u00e3o ao <strong>sexo<\/strong>, n\u00e3o h\u00e1 limita\u00e7\u00e3o, sendo o acesso permitido a homens e\nmulheres, desde que aptos, f\u00edsica e mentalmente, para assumirem as diversas\nfun\u00e7\u00f5es inerentes \u00e0 carreira militar. Al\u00e9m de que devem atender aos\npr\u00e9-requisitos, \u00e0s condi\u00e7\u00f5es e \u00e0s normas estabelecidas nas Instru\u00e7\u00f5es\nEspec\u00edficas do Exame de Admiss\u00e3o ao EAOAP.<\/p>\n\n\n\n<p>Por fim,\no candidato deve possuir <strong>forma\u00e7\u00e3o de n\u00edvel superior<\/strong> em alguma das \u00e1reas\nde interesse da For\u00e7a, que seja compat\u00edvel com as seguintes <strong>especialidades<\/strong>:<\/p>\n\n\n\n<ul class=\"wp-block-list\">\n<li>Administra\u00e7\u00e3o;<\/li>\n\n\n\n<li>An\u00e1lise\nde Sistemas;<\/li>\n\n\n\n<li>Biblioteconomia;<\/li>\n\n\n\n<li>Ci\u00eancias\nCont\u00e1beis;<\/li>\n\n\n\n<li>Enfermagem;<\/li>\n\n\n\n<li>Pedagogia;<\/li>\n\n\n\n<li>Psicologia;<\/li>\n\n\n\n<li>Servi\u00e7os\nJur\u00eddicos; e<\/li>\n\n\n\n<li>Servi\u00e7o Social.<\/li>\n<\/ul>\n\n\n\n<h4 class=\"wp-block-heading\" id=\"h-vagas\">Vagas<\/h4>\n\n\n\n<p>Como dito, Exame de Admiss\u00e3o \u2013 EA EAOAP 2021 \u2013est\u00e1 com inscri\u00e7\u00f5es abertas e disponibilizou\n<strong>10 vagas<\/strong> assim distribu\u00eddas:<\/p>\n\n\n\n<figure class=\"wp-block-image aligncenter size-large\"><img loading=\"lazy\" decoding=\"async\" width=\"662\" height=\"387\" src=\"https:\/\/dhg1h5j42swfq.cloudfront.net\/2020\/02\/07084429\/Vagas-EAOAP.jpg\" alt=\"Como ingressar na Aeron\u00e1utica - vagas para o EAOAP 2021\" class=\"wp-image-478993\" srcset=\"https:\/\/dhg1h5j42swfq.cloudfront.net\/2020\/02\/07084429\/Vagas-EAOAP.jpg 662w, https:\/\/dhg1h5j42swfq.cloudfront.net\/2020\/02\/07084429\/Vagas-EAOAP-300x175.jpg 300w, https:\/\/dhg1h5j42swfq.cloudfront.net\/2020\/02\/07084429\/Vagas-EAOAP-610x357.jpg 610w\" sizes=\"auto, (max-width: 662px) 100vw, 662px\" \/><figcaption class=\"wp-element-caption\">Como ingressar na Aeron\u00e1utica &#8211; vagas para o EAOAP 2021<\/figcaption><\/figure>\n\n\n\n<h4 class=\"wp-block-heading\" id=\"h-etapas\">Etapas<\/h4>\n\n\n\n<p>O Exame\nde Admiss\u00e3o \u00e9 composto por <strong>oito etapas<\/strong>:<\/p>\n\n\n\n<ul class=\"wp-block-list\">\n<li>Provas Escritas &nbsp;de L\u00edngua Portuguesa, Conhecimentos Especializados e Reda\u00e7\u00e3o;<\/li>\n\n\n\n<li>Verifica\u00e7\u00e3o de Dados Biogr\u00e1ficos e Profissionais (VDBP);<\/li>\n\n\n\n<li>Parecer da Comiss\u00e3o de Promo\u00e7\u00f5es de Oficiais (CPO), para candidatos militares<\/li>\n\n\n\n<li>da Aeron\u00e1utica;<\/li>\n\n\n\n<li>Inspe\u00e7\u00e3o de Sa\u00fade (INSPSAU);<\/li>\n\n\n\n<li>Exame de Aptid\u00e3o Psicol\u00f3gica (EAP);<\/li>\n\n\n\n<li>Teste de Avalia\u00e7\u00e3o do Condicionamento F\u00edsico (TACF);<\/li>\n\n\n\n<li>Procedimento de Heteroidentifica\u00e7\u00e3o Complementar (PHC); e<\/li>\n\n\n\n<li>Valida\u00e7\u00e3o Documental. <\/li>\n<\/ul>\n\n\n\n<h4 class=\"wp-block-heading\" id=\"h-situacao-do-militar-durante-e-apos-o-estagio-de-adaptacao\">Situa\u00e7\u00e3o do militar durante e ap\u00f3s o Est\u00e1gio de Adapta\u00e7\u00e3o<\/h4>\n\n\n\n<p>No ato da matr\u00edcula no Est\u00e1gio de Adapta\u00e7\u00e3o, o\ncandidato ser\u00e1 declarado <strong>Primeiro-Tenente Estagi\u00e1rio<\/strong>, j\u00e1 fazendo jus \u00e0\nremunera\u00e7\u00e3o devida ao respectivo posto.<\/p>\n\n\n\n<p>Ap\u00f3s a conclus\u00e3o do Est\u00e1gio, ser\u00e1 nomeado <strong>Primeiro-Tenente<\/strong>,\npassando a fazer parte do Quadro de&nbsp; Oficiais,\nna&nbsp; especialidade para qual realizou o\nExame. <\/p>\n\n\n\n<p>Essa informa\u00e7\u00e3o serve para todos os demais\nQuadros de Oficiais da Aeron\u00e1utica.<\/p>\n\n\n\n<h2 class=\"wp-block-heading\" id=\"h-eaoear-estagio-de-adaptacao-de-oficiais-engenheiros-da-aeronautica\"><strong>EAOEAR \u2013 Est\u00e1gio de Adapta\u00e7\u00e3o de Oficiais\nEngenheiros da Aeron\u00e1utica<\/strong><\/h2>\n\n\n\n<p>O Est\u00e1gio de Adapta\u00e7\u00e3o de Oficiais\nEngenheiros da Aeron\u00e1utica (EAOEAR) \u00e9 um est\u00e1gio que tem a finalidade de\nadaptar, \u00e0s peculiaridades da For\u00e7a, engenheiros, j\u00e1 plenamente habilitados nas\nrespectivas especialidades\/engenharias, que ingressam no Comando da Aeron\u00e1utica\npara serem Oficiais de carreira. <\/p>\n\n\n\n<p>Esses Engenheiros s\u00e3o capacitados para o\ndesempenho das atividades t\u00e9cnicas espec\u00edficas do Servi\u00e7o de Engenharia da\nAeron\u00e1utica, bem como para o exerc\u00edcio de fun\u00e7\u00f5es administrativas e de chefia\nafetas aos profissionais de engenharia nas Organiza\u00e7\u00f5es Militares do Comando da\nAeron\u00e1utica.<\/p>\n\n\n\n<h4 class=\"wp-block-heading\" id=\"h-requisitos-1\">Requisitos<\/h4>\n\n\n\n<p>Os\nrequisitos para que seja poss\u00edvel ao interessado ingressar na Aeron\u00e1utica no\nQuadro de Oficiais Engenheiros s\u00e3o: ser brasileiro nato; n\u00e3o completar 36\n(trinta e seis) anos de idade no ano da matr\u00edcula e possuir forma\u00e7\u00e3o na \u00e1rea de\nEngenharia de interesse da For\u00e7a:<\/p>\n\n\n\n<ul class=\"wp-block-list\">\n<li>Engenharia\nCivil; <\/li>\n\n\n\n<li>Engenharia\nde Computa\u00e7\u00e3o;<\/li>\n\n\n\n<li>Engenharia\nEletr\u00f4nica;<\/li>\n\n\n\n<li>Engenharia\nEl\u00e9trica;<\/li>\n\n\n\n<li>Engenharia\nMec\u00e2nica;<\/li>\n\n\n\n<li>Engenharia\nMetal\u00fargica;<\/li>\n\n\n\n<li>Engenharia\nQu\u00edmica; e<\/li>\n\n\n\n<li>Engenharia\nde Telecomunica\u00e7\u00f5es.<\/li>\n<\/ul>\n\n\n\n<p>Com\nrela\u00e7\u00e3o ao sexo, n\u00e3o h\u00e1 limita\u00e7\u00e3o, sendo o acesso permitido a homens e mulheres.<\/p>\n\n\n\n<h4 class=\"wp-block-heading\" id=\"h-vagas-1\">Vagas<\/h4>\n\n\n\n<p>O Exame de Admiss\u00e3o \u2013 EA EAOEAR 2021 \u2013 &nbsp;que\nest\u00e1 com inscri\u00e7\u00f5es abertas, disponibilizou <strong>20 vagas<\/strong> assim\ndistribu\u00eddas:<\/p>\n\n\n\n<figure class=\"wp-block-image aligncenter size-large\"><img loading=\"lazy\" decoding=\"async\" width=\"499\" height=\"479\" src=\"https:\/\/dhg1h5j42swfq.cloudfront.net\/2020\/02\/07084634\/Vagas-EAOEAR.jpg\" alt=\"Como ingressar na Aeron\u00e1utica - vagas para o EAOEAR 2021\" class=\"wp-image-478994\" srcset=\"https:\/\/dhg1h5j42swfq.cloudfront.net\/2020\/02\/07084634\/Vagas-EAOEAR.jpg 499w, https:\/\/dhg1h5j42swfq.cloudfront.net\/2020\/02\/07084634\/Vagas-EAOEAR-300x288.jpg 300w\" sizes=\"auto, (max-width: 499px) 100vw, 499px\" \/><figcaption class=\"wp-element-caption\"> Como ingressar na Aeron\u00e1utica &#8211; vagas para o EAOEAR 2021 <\/figcaption><\/figure>\n\n\n\n<h4 class=\"wp-block-heading\" id=\"h-etapas-1\">Etapas<\/h4>\n\n\n\n<p>As etapas s\u00e3o\niguais \u00e0s do Exame de Admiss\u00e3o do Quadro de Apoio (EAOAP).<\/p>\n\n\n\n<h2 class=\"wp-block-heading\" id=\"h-camar-curso-de-adaptacao-de-medicos-da-aeronautica\"><strong>CAMAR \u2013 Curso de Adapta\u00e7\u00e3o de M\u00e9dicos da\nAeron\u00e1utica<\/strong><\/h2>\n\n\n\n<p>O Quadro de Oficiais M\u00e9dicos, do Corpo de\nOficiais da Ativa da Aeron\u00e1utica, destina-se a suprir as necessidades de\nOficiais M\u00e9dicos de Carreira, para o preenchimento de cargos e para o exerc\u00edcio\nde fun\u00e7\u00f5es afetas aos profissionais de medicina, bem como a dire\u00e7\u00e3o das\natividades relativas \u00e0 fun\u00e7\u00e3o log\u00edstica de Sa\u00fade, nas Organiza\u00e7\u00f5es Militares\n(OM) do Comando da Aeron\u00e1utica. <\/p>\n\n\n\n<h4 class=\"wp-block-heading\" id=\"h-requisitos-2\">Requisitos<\/h4>\n\n\n\n<p>Os\nrequisitos para que seja poss\u00edvel ao interessado ingressar na Aeron\u00e1utica no\nQuadro de Oficiais M\u00e9dicos s\u00e3o: ser brasileiro nato; n\u00e3o completar 36 (trinta e\nseis) anos de idade no ano da matr\u00edcula e possuir forma\u00e7\u00e3o na \u00e1rea de Medicina\nde interesse da For\u00e7a, que s\u00e3o diversas:<\/p>\n\n\n\n<p>Anestesiologia, Anatomia Patol\u00f3gica, Cancerologia Cl\u00ednica,\nCardiologia, Cirurgia Geral, Cl\u00ednica M\u00e9dica, Dermatologia, Endocrinologia,\nGastroenterologia, Geriatria, Ginecologia e Obstetr\u00edcia, Hematologia,\nHemoterapia, Medicina Intensiva, Medicina de Fam\u00edlia e Comunidade, Medicina\nNuclear, Neurocirurgia, Nefrologia, Neurologia, Oftalmologia,\nOtorrinolaringologia, Ortopedia, Pediatria, Pneumologia, Psiquiatria,\nRadiologia, Reumatologista e Urologia.<\/p>\n\n\n\n<p>Tamb\u00e9m\nn\u00e3o h\u00e1 limita\u00e7\u00e3o com rela\u00e7\u00e3o ao sexo, sendo o acesso permitido a homens e\nmulheres.<\/p>\n\n\n\n<h4 class=\"wp-block-heading\" id=\"h-vagas-2\">Vagas<\/h4>\n\n\n\n<p>O Exame de Admiss\u00e3o \u2013 EA CAMAR 2021,&nbsp;\nque est\u00e1 com inscri\u00e7\u00f5es\nabertas, disponibilizou <strong>102 vagas<\/strong> distribu\u00eddas entre as mais\ndiversas especialidades, destacando-se: 16 vagas para Medicina de Fam\u00edlia e de\nComunidade, 8 para Anestesiologia, 6 para Otorrinolaringologia e 6 para\nPsiquiatria. A lista completa est\u00e1 no edital divulgado no site da FAB.<\/p>\n\n\n\n<h4 class=\"wp-block-heading\" id=\"h-etapas-2\">Etapas<\/h4>\n\n\n\n<p>O Exame\nde Admiss\u00e3o \u00e9 composto por <strong>nove etapas<\/strong>:<\/p>\n\n\n\n<ul class=\"wp-block-list\">\n<li>Provas Escritas de L\u00edngua Portuguesa, Conhecimentos Especializados e Reda\u00e7\u00e3o;<\/li>\n\n\n\n<li>Verifica\u00e7\u00e3o de Dados Biogr\u00e1ficos e Profissionais (VDBP);<\/li>\n\n\n\n<li>Parecer da Comiss\u00e3o de Promo\u00e7\u00f5es de Oficiais (CPO), para candidatos militares<\/li>\n\n\n\n<li>da Aeron\u00e1utica;<\/li>\n\n\n\n<li>Inspe\u00e7\u00e3o de Sa\u00fade (INSPSAU);<\/li>\n\n\n\n<li>Teste de Avalia\u00e7\u00e3o do Condicionamento F\u00edsico (TACF);<\/li>\n\n\n\n<li>Exame de Aptid\u00e3o Psicol\u00f3gica (EAP);<\/li>\n\n\n\n<li>Prova Pr\u00e1tico-Oral (PPO);<\/li>\n\n\n\n<li>Procedimento de Heteroidentifica\u00e7\u00e3o Complementar (PHC); e<\/li>\n\n\n\n<li>Valida\u00e7\u00e3o Documental.<\/li>\n<\/ul>\n\n\n\n<figure class=\"wp-block-image aligncenter size-large\"><img decoding=\"async\" src=\"https:\/\/dhg1h5j42swfq.cloudfront.net\/2020\/02\/07084903\/ingressar-na-aeron%C3%A1utica.jpg\" alt=\"como ingressar na Aeron\u00e1utica - CIAAR realiza treinamento de sa\u00fade operacional e exerc\u00edcio de campanha - 5-4-19\" class=\"wp-image-478996\"\/><figcaption class=\"wp-element-caption\">CIAAR realiza treinamento de sa\u00fade operacional e exerc\u00edcio de campanha &#8211; Fonte: CIAAR<\/figcaption><\/figure>\n\n\n\n<h2 class=\"wp-block-heading\" id=\"h-cadar-curso-de-adaptacao-de-dentistas-da-aeronautica\"><strong>CADAR \u2013 Curso de Adapta\u00e7\u00e3o de Dentistas da Aeron\u00e1utica<\/strong><\/h2>\n\n\n\n<p>O Quadro de Oficiais Dentistas, do Corpo\nde Oficiais da Ativa da Aeron\u00e1utica, destina-se a suprir as necessidades de\nOficiais Dentistas de Carreira, para o preenchimento de cargos e para o\nexerc\u00edcio de fun\u00e7\u00f5es afetas aos profissionais de odontologia, nas Organiza\u00e7\u00f5es Militares\n(OM) do Comando da Aeron\u00e1utica. <\/p>\n\n\n\n<h4 class=\"wp-block-heading\" id=\"h-requisitos-3\">Requisitos<\/h4>\n\n\n\n<p>Os\nrequisitos para que seja poss\u00edvel ao interessado ingressar na Aeron\u00e1utica no\nQuadro de Oficiais Dentistas s\u00e3o: ser brasileiro nato; n\u00e3o completar 36 (trinta\ne seis) anos de idade no ano da matr\u00edcula e possuir forma\u00e7\u00e3o na \u00e1rea de Odontologia\nde interesse da For\u00e7a, que s\u00e3o diversas:<\/p>\n\n\n\n<p>Cirurgia Buco-Maxilo-Facial, Dent\u00edstica, Endodontia,\nImplantodontia, Odontologia para Pacientes com Necessidades Especiais,\nOdontopediatria e Periodontia. <\/p>\n\n\n\n<p>Tamb\u00e9m\nn\u00e3o h\u00e1 limita\u00e7\u00e3o com rela\u00e7\u00e3o ao sexo, sendo o acesso permitido a homens e\nmulheres.<\/p>\n\n\n\n<h4 class=\"wp-block-heading\" id=\"h-vagas-3\">Vagas<\/h4>\n\n\n\n<p>O Exame de Admiss\u00e3o \u2013 EA CADAR 2021, que est\u00e1 com inscri\u00e7\u00f5es abertas, disponibilizou <strong>10 vagas<\/strong> assim\ndistribu\u00eddas:<\/p>\n\n\n\n<figure class=\"wp-block-image aligncenter size-large\"><img loading=\"lazy\" decoding=\"async\" width=\"662\" height=\"387\" src=\"https:\/\/dhg1h5j42swfq.cloudfront.net\/2020\/02\/07084755\/Vagas-CADAR.jpg\" alt=\"Como ingressar na Aeron\u00e1utica - vagas para o CADAR 2021 \" class=\"wp-image-478995\" srcset=\"https:\/\/dhg1h5j42swfq.cloudfront.net\/2020\/02\/07084755\/Vagas-CADAR.jpg 662w, https:\/\/dhg1h5j42swfq.cloudfront.net\/2020\/02\/07084755\/Vagas-CADAR-300x175.jpg 300w, https:\/\/dhg1h5j42swfq.cloudfront.net\/2020\/02\/07084755\/Vagas-CADAR-610x357.jpg 610w\" sizes=\"auto, (max-width: 662px) 100vw, 662px\" \/><figcaption class=\"wp-element-caption\"> Como ingressar na Aeron\u00e1utica &#8211; vagas para o CADAR 2021 <\/figcaption><\/figure>\n\n\n\n<h4 class=\"wp-block-heading\" id=\"h-etapas-3\">Etapas<\/h4>\n\n\n\n<p>As etapas do Exame de Admiss\u00e3o s\u00e3o iguais \u00e0s do CAMAR, explicadas anteriormente.<\/p>\n\n\n\n<p><strong>CAFAR \u2013 Curso de Adapta\u00e7\u00e3o de Farmac\u00eauticos da\nAeron\u00e1utica<\/strong><\/p>\n\n\n\n<p>O Quadro de Oficiais Farmac\u00eauticos, do\nCorpo de Oficiais da Ativa da Aeron\u00e1utica, destina-se a suprir as necessidades\nde Oficiais Farmac\u00eauticos de Carreira, para o preenchimento de cargos e para o exerc\u00edcio\nde fun\u00e7\u00f5es afetas aos profissionais de farm\u00e1cia, nas Organiza\u00e7\u00f5es Militares\n(OM) do Comando da Aeron\u00e1utica. <\/p>\n\n\n\n<h4 class=\"wp-block-heading\" id=\"h-requisitos-4\">Requisitos<\/h4>\n\n\n\n<p>Os\nrequisitos para que seja poss\u00edvel ao interessado ingressar na Aeron\u00e1utica no\nQuadro de Oficiais Dentistas s\u00e3o: ser brasileiro nato; n\u00e3o completar 36 (trinta\ne seis) anos de idade no ano da matr\u00edcula e possuir forma\u00e7\u00e3o nas especialidades\nfarmac\u00eauticas de interesse da For\u00e7a: Farm\u00e1cia Bioqu\u00edmica, Farm\u00e1cia\nHospitalar e Farm\u00e1cia Industrial. <\/p>\n\n\n\n<p>Tamb\u00e9m \u00e9\npermitido o acesso a ambos os sexos.<\/p>\n\n\n\n<h4 class=\"wp-block-heading\" id=\"h-vagas-4\">Vagas<\/h4>\n\n\n\n<p>O Exame de Admiss\u00e3o \u2013 EA CAFAR 2021, que est\u00e1 com inscri\u00e7\u00f5es abertas, disponibilizou <strong>4 vagas<\/strong>\nassim distribu\u00eddas:<\/p>\n\n\n\n<figure class=\"wp-block-image aligncenter size-large\"><img loading=\"lazy\" decoding=\"async\" width=\"661\" height=\"147\" src=\"https:\/\/dhg1h5j42swfq.cloudfront.net\/2020\/02\/07085024\/Vagas-CAFAR.jpg\" alt=\"Como ingressar na Aeron\u00e1utica - vagas para o CAFAR 2021 \" class=\"wp-image-478997\" srcset=\"https:\/\/dhg1h5j42swfq.cloudfront.net\/2020\/02\/07085024\/Vagas-CAFAR.jpg 661w, https:\/\/dhg1h5j42swfq.cloudfront.net\/2020\/02\/07085024\/Vagas-CAFAR-300x67.jpg 300w, https:\/\/dhg1h5j42swfq.cloudfront.net\/2020\/02\/07085024\/Vagas-CAFAR-610x136.jpg 610w\" sizes=\"auto, (max-width: 661px) 100vw, 661px\" \/><figcaption class=\"wp-element-caption\">Como ingressar na Aeron\u00e1utica &#8211; vagas para o CAFAR 2021 <\/figcaption><\/figure>\n\n\n\n<h4 class=\"wp-block-heading\" id=\"h-etapas-4\">Etapas<\/h4>\n\n\n\n<p>As etapas do Exame de Admiss\u00e3o s\u00e3o iguais \u00e0s do CAMAR, explicadas anteriormente.<\/p>\n\n\n\n<h2 class=\"wp-block-heading\" id=\"h-nivel-de-escolaridade-ensino-medio-tecnico\"><strong>N\u00cdVEL DE ESCOLARIDADE: ENSINO M\u00c9DIO (T\u00c9CNICO)<\/strong><\/h2>\n\n\n\n<p>A Aeron\u00e1utica\ntamb\u00e9m possui quadros que exigem apenas o n\u00edvel m\u00e9dio t\u00e9cnico.<\/p>\n\n\n\n<p>A <strong>Escola\nde Especialistas da Aeron\u00e1utica (EEAR) <\/strong>destina-se a formar Sargentos,\npossuindo dois cursos:<\/p>\n\n\n\n<ul class=\"wp-block-list\">\n<li>Est\u00e1gio de Adapta\u00e7\u00e3o \u00e0 Gradua\u00e7\u00e3o de Sargento da Aeron\u00e1utica (EAGS); e <\/li>\n\n\n\n<li>Curso de Forma\u00e7\u00e3o de Sargentos da Aeron\u00e1utica (CFS).<\/li>\n<\/ul>\n\n\n\n<p>Neste\nartigo, abordaremos apenas o primeiro \u2013 EAGS, pois o CFS est\u00e1 sob a\nresponsabilidade do Estrat\u00e9gia Vestibulares.<\/p>\n\n\n\n<h2 class=\"wp-block-heading\" id=\"h-estagio-de-adaptacao-a-graduacao-de-sargento-da-aeronautica-eags\">Est\u00e1gio de Adapta\u00e7\u00e3o \u00e0 Gradua\u00e7\u00e3o de Sargento da Aeron\u00e1utica (EAGS)<\/h2>\n\n\n\n<p>Como o pr\u00f3prio nome j\u00e1 diz, a EAGS forma\nSargentos da Aeron\u00e1utica.<\/p>\n\n\n\n<p>O Quadro de Suboficiais e Sargentos da\nAeron\u00e1utica tem como objetivo suprir as necessidades de Graduados para o\npreenchimento de cargos e para o exerc\u00edcio de fun\u00e7\u00f5es t\u00e9cnico-especializadas de\ninteresse do Comando da Aeron\u00e1utica.<\/p>\n\n\n\n<h4 class=\"wp-block-heading\" id=\"h-requisitos-5\">Requisitos<\/h4>\n\n\n\n<p>Os\nrequisitos para que seja poss\u00edvel ao interessado ingressar na Aeron\u00e1utica no\nQuadro de Sargentos s\u00e3o: ser brasileiro nato ou naturalizado; n\u00e3o ter menos de\n17 (dezessete) anos e nem completar 25 (vinte e cinco) anos de idade at\u00e9 31 de\ndezembro do ano da matr\u00edcula. Com rela\u00e7\u00e3o ao sexo, n\u00e3o h\u00e1 limita\u00e7\u00e3o, sendo o\nacesso permitido a homens e mulheres.<\/p>\n\n\n\n<p>Tamb\u00e9m \u00e9\nexigida forma\u00e7\u00e3o t\u00e9cnica nas seguintes especialidades:<\/p>\n\n\n\n<ul class=\"wp-block-list\">\n<li><strong>Especialista em Eletr\u00f4nica\n(GBET): <\/strong>Respons\u00e1vel pela manuten\u00e7\u00e3o, instala\u00e7\u00e3o e inspe\u00e7\u00f5es de\nequipamentos eletr\u00f4nicos, radares, microcomputadores e de telefonia. <\/li>\n\n\n\n<li><strong>Especialista em Administra\u00e7\u00e3o\n(GSAD):<\/strong> Elabora e confecciona documentos de correspond\u00eancia oficial e\noutros atos administrativos.<\/li>\n\n\n\n<li><strong>Especialista&nbsp;em Eletricidade\n(GSEL): <\/strong>Executa servi\u00e7os de instala\u00e7\u00e3o e reparos de linhas el\u00e9tricas de\nalta e baixa tens\u00e3o e equipamentos el\u00e9tricos, faz a manuten\u00e7\u00e3o de rede el\u00e9trica\npredial e instala\u00e7\u00f5es aeroportu\u00e1rias. <\/li>\n\n\n\n<li><strong>Especialista&nbsp;em Enfermagem\n(GSEF): <\/strong>Trabalha em estabelecimentos hospitalares e ambulatoriais lidando\ncom pessoas, pacientes e equipamentos relacionados a sa\u00fade. Executa servi\u00e7os\nlaboratoriais e opera equipamentos de raios x.<\/li>\n\n\n\n<li><strong>Especialista&nbsp;em M\u00fasica\n(GSMU): <\/strong>Integra Bandas de M\u00fasica e Bandas Marciais, tocando instrumentos\nde sopro ou percuss\u00e3o, participa de treinamentos,&nbsp;formaturas\ne desfiles do Cerimonial Militar, ministra instru\u00e7\u00e3o te\u00f3rica e pr\u00e1tica de\nm\u00fasica e de canto.&nbsp; <\/li>\n\n\n\n<li><strong>Especialista&nbsp;em Obras\n(GSOB): <\/strong>Executa servi\u00e7os de apoio a engenharia civil e a arquitetura,\nanalisa plantas, elabora relat\u00f3rios gr\u00e1ficos, tabelas e possui&nbsp;conhecimento\nda legisla\u00e7\u00e3o do c\u00f3digo de obras, operacionaliza t\u00e9cnicas de pavimenta\u00e7\u00e3o e\nefetua levantamentos topogr\u00e1ficos. <\/li>\n\n\n\n<li><strong>Especialista&nbsp;em Inform\u00e1tica\n(GSIN): <\/strong>Gerenciam os sistemas de inform\u00e1tica e as solu\u00e7\u00f5es de web\nutilizados na For\u00e7a A\u00e9rea, al\u00e9m de dar suportes em servidores, redes e\nequipamentos de hardware.<\/li>\n<\/ul>\n\n\n\n<h4 class=\"wp-block-heading\" id=\"h-vagas-5\">Vagas<\/h4>\n\n\n\n<p class=\"has-text-align-center has-luminous-vivid-amber-background-color has-background has-medium-font-size\"><strong>O Exame de Admiss\u00e3o \u2013 EA EAGS 2021 est\u00e1 com inscri\u00e7\u00f5es abertas at\u00e9 o dia 12 de fevereiro.<\/strong><\/p>\n\n\n\n<p>S\u00e3o <strong>125 vagas<\/strong> assim distribu\u00eddas:<\/p>\n\n\n\n<figure class=\"wp-block-image aligncenter size-large\"><img loading=\"lazy\" decoding=\"async\" width=\"651\" height=\"454\" src=\"https:\/\/dhg1h5j42swfq.cloudfront.net\/2020\/02\/07085151\/Vagas-EAGS.jpg\" alt=\"Como ingressar na Aeron\u00e1utica - vagas para o EAGS 2021  \" class=\"wp-image-478999\" srcset=\"https:\/\/dhg1h5j42swfq.cloudfront.net\/2020\/02\/07085151\/Vagas-EAGS.jpg 651w, https:\/\/dhg1h5j42swfq.cloudfront.net\/2020\/02\/07085151\/Vagas-EAGS-300x209.jpg 300w, https:\/\/dhg1h5j42swfq.cloudfront.net\/2020\/02\/07085151\/Vagas-EAGS-610x425.jpg 610w\" sizes=\"auto, (max-width: 651px) 100vw, 651px\" \/><figcaption class=\"wp-element-caption\"> Como ingressar na Aeron\u00e1utica &#8211; vagas para o EAGS 2021  <\/figcaption><\/figure>\n\n\n\n<h4 class=\"wp-block-heading\" id=\"h-etapas-5\">Etapas<\/h4>\n\n\n\n<p>O Exame\nde Admiss\u00e3o \u00e9 composto por <strong>sete etapas<\/strong>, quais sejam:<\/p>\n\n\n\n<ul class=\"wp-block-list\">\n<li>Provas\nEscritas de L\u00edngua Portuguesa e Conhecimentos Especializados (relativos \u00e0\nespecialidade a que concorre o candidato);<\/li>\n\n\n\n<li>Inspe\u00e7\u00e3o\nde Sa\u00fade (INSPSAU);<\/li>\n\n\n\n<li>Exame\nde Aptid\u00e3o Psicol\u00f3gica (EAP);<\/li>\n\n\n\n<li>Teste\nde Avalia\u00e7\u00e3o do Condicionamento F\u00edsico (TACF);<\/li>\n\n\n\n<li>Prova\nPr\u00e1tica da Especialidade (PPE);<\/li>\n\n\n\n<li>Procedimento\nde Heteroidentifica\u00e7\u00e3o Complementar (PHC), para candidatos que se\nautodeclararem pretos ou pardos; e<\/li>\n\n\n\n<li>Valida\u00e7\u00e3o\nDocumental.<strong><\/strong><\/li>\n<\/ul>\n\n\n\n<h4 class=\"wp-block-heading\" id=\"h-sobre-o-estagio\">Sobre o Est\u00e1gio<\/h4>\n\n\n\n<p>O Est\u00e1gio\nde Adapta\u00e7\u00e3o \u00e0 Gradua\u00e7\u00e3o de Sargento da Aeron\u00e1utica (EAGS) \u00e9 ministrado sob regime\nde internato militar na EEAR, em Guaratinguet\u00e1-SP, com dura\u00e7\u00e3o aproximada de 1\n(um) ano e abrange instru\u00e7\u00f5es nos Campos Militar e T\u00e9cnico-Especializado<\/p>\n\n\n\n<h4 class=\"wp-block-heading\" id=\"h-situacao-do-militar-durante-e-apos-o-estagio-de-adaptacao-1\">Situa\u00e7\u00e3o do militar durante e ap\u00f3s o Est\u00e1gio de Adapta\u00e7\u00e3o<\/h4>\n\n\n\n<p>No ato da matr\u00edcula no Est\u00e1gio de Adapta\u00e7\u00e3o, o candidato\npassar\u00e1 \u00e0 situa\u00e7\u00e3o de <strong>Aluno (Pra\u00e7a Especial)<\/strong>, j\u00e1 fazendo jus \u00e0\nremunera\u00e7\u00e3o devida ao respectivo posto.<\/p>\n\n\n\n<p>Ap\u00f3s a conclus\u00e3o do Est\u00e1gio, ser\u00e1 promovido a <strong>Terceiro-Sargento<\/strong>, passando a fazer parte do Quadro de&nbsp; Pra\u00e7as, podendo fazer carreira at\u00e9 a gradua\u00e7\u00e3o de <strong>Suboficial<\/strong>, a mais alta dos Graduados.<\/p>\n\n\n\n<figure class=\"wp-block-image aligncenter size-large\"><img decoding=\"async\" src=\"https:\/\/dhg1h5j42swfq.cloudfront.net\/2020\/02\/07091336\/Ingressar-na-aeron%C3%A1utica-1.jpg\" alt=\"Como ingressar na aeron\u00e1utica - Formatura EEAR - Foto: Ten. Candiani\" class=\"wp-image-479019\"\/><figcaption class=\"wp-element-caption\"> Como ingressar na aeron\u00e1utica &#8211; Formatura EEAR &#8211; Foto: Ten. Candiani <\/figcaption><\/figure>\n\n\n\n<h2 class=\"wp-block-heading\" id=\"h-beneficios\"><strong>Benef\u00edcios<\/strong><\/h2>\n\n\n\n<p>Assim como nas demais For\u00e7as, a Aeron\u00e1utica tamb\u00e9m confere muitos benef\u00edcios aos militares de suas carreiras.<\/p>\n\n\n\n<p>Os cursos\ns\u00e3o totalmente gratuitos, incluindo alojamento, alimenta\u00e7\u00e3o, ajuda para\naquisi\u00e7\u00e3o de uniformes, assist\u00eancia m\u00e9dico-hospitalar, odontol\u00f3gica,\npsicol\u00f3gica, social e religiosa. Al\u00e9m de que, ao longo do curso, os militares\nj\u00e1 recebem o soldo correspondente \u00e0 gradua\u00e7\u00e3o ou ao posto no qual entraram.<\/p>\n\n\n\n<p>Outro ponto positivo \u00e9 que a carreira \u00e9 composta por diversos n\u00edveis hier\u00e1rquicos, com possibilidade de ascens\u00e3o cont\u00ednua e com o respectivo aumento da remunera\u00e7\u00e3o. Voc\u00ea pode conferir a tabela de soldos no site da <a href=\"http:\/\/www2.fab.mil.br\/sdpp\/images\/novos_soldos_percentual.pdf\">For\u00e7a A\u00e9rea Brasileira<\/a>.<\/p>\n\n\n\n<p>Os\nmilitares tamb\u00e9m t\u00eam a oportunidade de realizarem cursos de aperfei\u00e7oamento,\nespecializa\u00e7\u00e3o, o que inclui mestrados e at\u00e9 doutorados, no Brasil ou no\nexterior. <\/p>\n\n\n\n<p>Deseja ingressar na Aeron\u00e1utica? Ent\u00e3o, acompanhe as pr\u00f3ximas informa\u00e7\u00f5es acerca dos exames em andamento no site do <a href=\"http:\/\/www2.fab.mil.br\/ciaar\/index.php\/admissao-e-selecao#exames-em-andamento\">CIAAR<\/a> para Oficiais e EAGS para Pra\u00e7as.<\/p>\n\n\n\n<p><strong><em>Gostou\ndessa oportunidade e deseja come\u00e7ar a se preparar agora mesmo? Confira os nossos\ncursos exclusivos e inicie seus estudos!<\/em><\/strong><\/p>\n\n\n\n<p>Luana Vicente dos Santos Furlani<br \/> Coach do Estrat\u00e9gia Concursos<br \/> Instagram: @luvicentesantos <\/p>\n\n\n\n<p class=\"has-text-align-center has-vivid-green-cyan-background-color has-background\"><a href=\"https:\/\/www.estrategiamilitares.com.br\/\"><strong>Cursos para Concursos Militares<\/strong><\/a><\/p>\n\n\n\n<p class=\"has-text-align-center has-vivid-green-cyan-background-color has-background\"><a href=\"https:\/\/www.estrategiamilitares.com.br\/pacotes\/\"><strong>Pacotes para Concursos Militares<\/strong><\/a><\/p>\n","protected":false},"excerpt":{"rendered":"<p>Conhe\u00e7a as formas de ingressar na Aeron\u00e1utica e as possibilidades de concursos para se tornar um militar das For\u00e7as Armadas. Ol\u00e1, aluno(a)! Esta \u00e9 a terceira de uma s\u00e9rie de tr\u00eas artigos que foram feitos para explicar a voc\u00ea todas as formas para ingressar na Marinha, no Ex\u00e9rcito e na Aeron\u00e1utica. O primeiro tratou acerca [&hellip;]<\/p>\n","protected":false},"author":1409,"featured_media":478988,"comment_status":"open","ping_status":"closed","sticky":false,"template":"","format":"standard","meta":{"post_tipo":"article","footnotes":""},"categories":[1],"tags":[],"tax_estado":[],"class_list":["post-478985","post","type-post","status-publish","format-standard","has-post-thumbnail","hentry","category-cursos-e-concursos"],"acf":[],"yoast_head":"<!-- This site is optimized with the Yoast SEO Premium plugin v27.2 (Yoast SEO v27.2) - https:\/\/yoast.com\/product\/yoast-seo-premium-wordpress\/ -->\n<title>Como ingressar na Aeron\u00e1utica - FAB - Estrat\u00e9gia Concursos<\/title>\n<meta name=\"description\" content=\"Conhe\u00e7a as formas de ingressar na Aeron\u00e1utica e as possibilidades de concursos para se tornar um militar das For\u00e7as Armadas.\" \/>\n<meta name=\"robots\" content=\"index, follow, max-snippet:-1, max-image-preview:large, max-video-preview:-1\" \/>\n<link rel=\"canonical\" href=\"https:\/\/www.estrategiaconcursos.com.br\/blog\/como-ingressar-na-aeronautica\/\" \/>\n<meta property=\"og:locale\" content=\"pt_BR\" \/>\n<meta property=\"og:type\" content=\"article\" \/>\n<meta property=\"og:title\" content=\"Como ingressar na Aeron\u00e1utica\" \/>\n<meta property=\"og:description\" content=\"Conhe\u00e7a as formas de ingressar na Aeron\u00e1utica e as possibilidades de concursos para se tornar um militar das For\u00e7as Armadas.\" \/>\n<meta property=\"og:url\" content=\"https:\/\/www.estrategiaconcursos.com.br\/blog\/como-ingressar-na-aeronautica\/\" \/>\n<meta property=\"og:site_name\" content=\"Estrat\u00e9gia Concursos\" \/>\n<meta property=\"article:published_time\" content=\"2020-02-10T22:25:28+00:00\" \/>\n<meta property=\"article:modified_time\" content=\"2023-05-23T13:51:36+00:00\" \/>\n<meta property=\"og:image\" content=\"https:\/\/dhg1h5j42swfq.cloudfront.net\/2020\/02\/07083021\/Ingressar-na-aeron%C3%A1utica-2017-Fonte-CIAAR-Desfile-em-contin%C3%AAncia-%C3%A0-Bandeira-scaled.jpg\" \/>\n\t<meta property=\"og:image:width\" content=\"2560\" \/>\n\t<meta property=\"og:image:height\" content=\"1758\" \/>\n\t<meta property=\"og:image:type\" content=\"image\/jpeg\" \/>\n<meta name=\"author\" content=\"Luana Vicente dos Santos Furlani\" \/>\n<meta name=\"twitter:card\" content=\"summary_large_image\" \/>\n<meta name=\"twitter:creator\" content=\"@EstratConcursos\" \/>\n<meta name=\"twitter:site\" content=\"@EstratConcursos\" \/>\n<meta name=\"twitter:label1\" content=\"Escrito por\" \/>\n\t<meta name=\"twitter:data1\" content=\"Luana Vicente dos Santos Furlani\" \/>\n\t<meta name=\"twitter:label2\" content=\"Est. tempo de leitura\" \/>\n\t<meta name=\"twitter:data2\" content=\"15 minutos\" \/>\n<script type=\"application\/ld+json\" class=\"yoast-schema-graph\">{\"@context\":\"https:\/\/schema.org\",\"@graph\":[{\"@type\":\"NewsArticle\",\"@id\":\"https:\/\/www.estrategiaconcursos.com.br\/blog\/como-ingressar-na-aeronautica\/#article\",\"isPartOf\":{\"@id\":\"https:\/\/www.estrategiaconcursos.com.br\/blog\/como-ingressar-na-aeronautica\/\"},\"author\":{\"name\":\"Luana Vicente dos Santos Furlani\",\"@id\":\"https:\/\/www.estrategiaconcursos.com.br\/blog\/#\/schema\/person\/54e8ab1be98e69d952e9401d1139d420\"},\"headline\":\"Como ingressar na Aeron\u00e1utica\",\"datePublished\":\"2020-02-10T22:25:28+00:00\",\"dateModified\":\"2023-05-23T13:51:36+00:00\",\"mainEntityOfPage\":{\"@id\":\"https:\/\/www.estrategiaconcursos.com.br\/blog\/como-ingressar-na-aeronautica\/\"},\"wordCount\":3083,\"commentCount\":2,\"publisher\":{\"@id\":\"https:\/\/www.estrategiaconcursos.com.br\/blog\/#organization\"},\"image\":{\"@id\":\"https:\/\/www.estrategiaconcursos.com.br\/blog\/como-ingressar-na-aeronautica\/#primaryimage\"},\"thumbnailUrl\":\"https:\/\/dhg1h5j42swfq.cloudfront.net\/2020\/02\/07083021\/Ingressar-na-aeron%C3%A1utica-2017-Fonte-CIAAR-Desfile-em-contin%C3%AAncia-%C3%A0-Bandeira-scaled.jpg\",\"articleSection\":[\"Concursos P\u00fablicos\"],\"inLanguage\":\"pt-BR\",\"potentialAction\":[{\"@type\":\"CommentAction\",\"name\":\"Comment\",\"target\":[\"https:\/\/www.estrategiaconcursos.com.br\/blog\/como-ingressar-na-aeronautica\/#respond\"]}],\"copyrightYear\":\"2020\",\"copyrightHolder\":{\"@id\":\"https:\/\/www.estrategiaconcursos.com.br\/blog\/#organization\"}},{\"@type\":\"WebPage\",\"@id\":\"https:\/\/www.estrategiaconcursos.com.br\/blog\/como-ingressar-na-aeronautica\/\",\"url\":\"https:\/\/www.estrategiaconcursos.com.br\/blog\/como-ingressar-na-aeronautica\/\",\"name\":\"Como ingressar na Aeron\u00e1utica - FAB - Estrat\u00e9gia Concursos\",\"isPartOf\":{\"@id\":\"https:\/\/www.estrategiaconcursos.com.br\/blog\/#website\"},\"primaryImageOfPage\":{\"@id\":\"https:\/\/www.estrategiaconcursos.com.br\/blog\/como-ingressar-na-aeronautica\/#primaryimage\"},\"image\":{\"@id\":\"https:\/\/www.estrategiaconcursos.com.br\/blog\/como-ingressar-na-aeronautica\/#primaryimage\"},\"thumbnailUrl\":\"https:\/\/dhg1h5j42swfq.cloudfront.net\/2020\/02\/07083021\/Ingressar-na-aeron%C3%A1utica-2017-Fonte-CIAAR-Desfile-em-contin%C3%AAncia-%C3%A0-Bandeira-scaled.jpg\",\"datePublished\":\"2020-02-10T22:25:28+00:00\",\"dateModified\":\"2023-05-23T13:51:36+00:00\",\"description\":\"Conhe\u00e7a as formas de ingressar na Aeron\u00e1utica e as possibilidades de concursos para se tornar um militar das For\u00e7as Armadas.\",\"breadcrumb\":{\"@id\":\"https:\/\/www.estrategiaconcursos.com.br\/blog\/como-ingressar-na-aeronautica\/#breadcrumb\"},\"inLanguage\":\"pt-BR\",\"potentialAction\":[{\"@type\":\"ReadAction\",\"target\":[\"https:\/\/www.estrategiaconcursos.com.br\/blog\/como-ingressar-na-aeronautica\/\"]}]},{\"@type\":\"ImageObject\",\"inLanguage\":\"pt-BR\",\"@id\":\"https:\/\/www.estrategiaconcursos.com.br\/blog\/como-ingressar-na-aeronautica\/#primaryimage\",\"url\":\"https:\/\/dhg1h5j42swfq.cloudfront.net\/2020\/02\/07083021\/Ingressar-na-aeron%C3%A1utica-2017-Fonte-CIAAR-Desfile-em-contin%C3%AAncia-%C3%A0-Bandeira-scaled.jpg\",\"contentUrl\":\"https:\/\/dhg1h5j42swfq.cloudfront.net\/2020\/02\/07083021\/Ingressar-na-aeron%C3%A1utica-2017-Fonte-CIAAR-Desfile-em-contin%C3%AAncia-%C3%A0-Bandeira-scaled.jpg\",\"width\":2560,\"height\":1758,\"caption\":\"Ingressar na aeron\u00e1utica - 2017 - Fonte-CIAAR-Desfile-em-contin\u00eancia-\u00e0-Bandeira\"},{\"@type\":\"BreadcrumbList\",\"@id\":\"https:\/\/www.estrategiaconcursos.com.br\/blog\/como-ingressar-na-aeronautica\/#breadcrumb\",\"itemListElement\":[{\"@type\":\"ListItem\",\"position\":1,\"name\":\"In\u00edcio\",\"item\":\"https:\/\/www.estrategiaconcursos.com.br\/blog\/\"},{\"@type\":\"ListItem\",\"position\":2,\"name\":\"Como ingressar na Aeron\u00e1utica\"}]},{\"@type\":\"WebSite\",\"@id\":\"https:\/\/www.estrategiaconcursos.com.br\/blog\/#website\",\"url\":\"https:\/\/www.estrategiaconcursos.com.br\/blog\/\",\"name\":\"Estrat\u00e9gia Concursos\",\"description\":\"O blog da Estrat\u00e9gia Concursos traz not\u00edcias sobre concursos e artigos de professores oferecendo cursos para concursos (pdf + videaulas) no site.\",\"publisher\":{\"@id\":\"https:\/\/www.estrategiaconcursos.com.br\/blog\/#organization\"},\"potentialAction\":[{\"@type\":\"SearchAction\",\"target\":{\"@type\":\"EntryPoint\",\"urlTemplate\":\"https:\/\/www.estrategiaconcursos.com.br\/blog\/?s={search_term_string}\"},\"query-input\":{\"@type\":\"PropertyValueSpecification\",\"valueRequired\":true,\"valueName\":\"search_term_string\"}}],\"inLanguage\":\"pt-BR\"},{\"@type\":\"Organization\",\"@id\":\"https:\/\/www.estrategiaconcursos.com.br\/blog\/#organization\",\"name\":\"Estrat\u00e9gia Concursos\",\"url\":\"https:\/\/www.estrategiaconcursos.com.br\/blog\/\",\"logo\":{\"@type\":\"ImageObject\",\"inLanguage\":\"pt-BR\",\"@id\":\"https:\/\/www.estrategiaconcursos.com.br\/blog\/#\/schema\/logo\/image\/\",\"url\":\"https:\/\/dhg1h5j42swfq.cloudfront.net\/2025\/06\/03203428\/logo_concursos-1.jpg\",\"contentUrl\":\"https:\/\/dhg1h5j42swfq.cloudfront.net\/2025\/06\/03203428\/logo_concursos-1.jpg\",\"width\":230,\"height\":60,\"caption\":\"Estrat\u00e9gia Concursos\"},\"image\":{\"@id\":\"https:\/\/www.estrategiaconcursos.com.br\/blog\/#\/schema\/logo\/image\/\"},\"sameAs\":[\"https:\/\/x.com\/EstratConcursos\"]},{\"@type\":\"Person\",\"@id\":\"https:\/\/www.estrategiaconcursos.com.br\/blog\/#\/schema\/person\/54e8ab1be98e69d952e9401d1139d420\",\"name\":\"Luana Vicente dos Santos Furlani\",\"image\":{\"@type\":\"ImageObject\",\"inLanguage\":\"pt-BR\",\"@id\":\"https:\/\/secure.gravatar.com\/avatar\/97c11946bf10d0c74254014e271f5f4594ec11fe3a9c6ace926417c009f1a41b?s=96&d=mm&r=g\",\"url\":\"https:\/\/secure.gravatar.com\/avatar\/97c11946bf10d0c74254014e271f5f4594ec11fe3a9c6ace926417c009f1a41b?s=96&d=mm&r=g\",\"contentUrl\":\"https:\/\/secure.gravatar.com\/avatar\/97c11946bf10d0c74254014e271f5f4594ec11fe3a9c6ace926417c009f1a41b?s=96&d=mm&r=g\",\"caption\":\"Luana Vicente dos Santos Furlani\"},\"url\":\"https:\/\/www.estrategiaconcursos.com.br\/blog\/author\/luana-vicentefurlanigmail-com\/\"}]}<\/script>\n<!-- \/ Yoast SEO Premium plugin. -->","yoast_head_json":{"title":"Como ingressar na Aeron\u00e1utica - FAB - Estrat\u00e9gia Concursos","description":"Conhe\u00e7a as formas de ingressar na Aeron\u00e1utica e as possibilidades de concursos para se tornar um militar das For\u00e7as Armadas.","robots":{"index":"index","follow":"follow","max-snippet":"max-snippet:-1","max-image-preview":"max-image-preview:large","max-video-preview":"max-video-preview:-1"},"canonical":"https:\/\/www.estrategiaconcursos.com.br\/blog\/como-ingressar-na-aeronautica\/","og_locale":"pt_BR","og_type":"article","og_title":"Como ingressar na Aeron\u00e1utica","og_description":"Conhe\u00e7a as formas de ingressar na Aeron\u00e1utica e as possibilidades de concursos para se tornar um militar das For\u00e7as Armadas.","og_url":"https:\/\/www.estrategiaconcursos.com.br\/blog\/como-ingressar-na-aeronautica\/","og_site_name":"Estrat\u00e9gia Concursos","article_published_time":"2020-02-10T22:25:28+00:00","article_modified_time":"2023-05-23T13:51:36+00:00","og_image":[{"width":2560,"height":1758,"url":"https:\/\/dhg1h5j42swfq.cloudfront.net\/2020\/02\/07083021\/Ingressar-na-aeron%C3%A1utica-2017-Fonte-CIAAR-Desfile-em-contin%C3%AAncia-%C3%A0-Bandeira-scaled.jpg","type":"image\/jpeg"}],"author":"Luana Vicente dos Santos Furlani","twitter_card":"summary_large_image","twitter_creator":"@EstratConcursos","twitter_site":"@EstratConcursos","twitter_misc":{"Escrito por":"Luana Vicente dos Santos Furlani","Est. tempo de leitura":"15 minutos"},"schema":{"@context":"https:\/\/schema.org","@graph":[{"@type":"NewsArticle","@id":"https:\/\/www.estrategiaconcursos.com.br\/blog\/como-ingressar-na-aeronautica\/#article","isPartOf":{"@id":"https:\/\/www.estrategiaconcursos.com.br\/blog\/como-ingressar-na-aeronautica\/"},"author":{"name":"Luana Vicente dos Santos Furlani","@id":"https:\/\/www.estrategiaconcursos.com.br\/blog\/#\/schema\/person\/54e8ab1be98e69d952e9401d1139d420"},"headline":"Como ingressar na Aeron\u00e1utica","datePublished":"2020-02-10T22:25:28+00:00","dateModified":"2023-05-23T13:51:36+00:00","mainEntityOfPage":{"@id":"https:\/\/www.estrategiaconcursos.com.br\/blog\/como-ingressar-na-aeronautica\/"},"wordCount":3083,"commentCount":2,"publisher":{"@id":"https:\/\/www.estrategiaconcursos.com.br\/blog\/#organization"},"image":{"@id":"https:\/\/www.estrategiaconcursos.com.br\/blog\/como-ingressar-na-aeronautica\/#primaryimage"},"thumbnailUrl":"https:\/\/dhg1h5j42swfq.cloudfront.net\/2020\/02\/07083021\/Ingressar-na-aeron%C3%A1utica-2017-Fonte-CIAAR-Desfile-em-contin%C3%AAncia-%C3%A0-Bandeira-scaled.jpg","articleSection":["Concursos P\u00fablicos"],"inLanguage":"pt-BR","potentialAction":[{"@type":"CommentAction","name":"Comment","target":["https:\/\/www.estrategiaconcursos.com.br\/blog\/como-ingressar-na-aeronautica\/#respond"]}],"copyrightYear":"2020","copyrightHolder":{"@id":"https:\/\/www.estrategiaconcursos.com.br\/blog\/#organization"}},{"@type":"WebPage","@id":"https:\/\/www.estrategiaconcursos.com.br\/blog\/como-ingressar-na-aeronautica\/","url":"https:\/\/www.estrategiaconcursos.com.br\/blog\/como-ingressar-na-aeronautica\/","name":"Como ingressar na Aeron\u00e1utica - FAB - Estrat\u00e9gia Concursos","isPartOf":{"@id":"https:\/\/www.estrategiaconcursos.com.br\/blog\/#website"},"primaryImageOfPage":{"@id":"https:\/\/www.estrategiaconcursos.com.br\/blog\/como-ingressar-na-aeronautica\/#primaryimage"},"image":{"@id":"https:\/\/www.estrategiaconcursos.com.br\/blog\/como-ingressar-na-aeronautica\/#primaryimage"},"thumbnailUrl":"https:\/\/dhg1h5j42swfq.cloudfront.net\/2020\/02\/07083021\/Ingressar-na-aeron%C3%A1utica-2017-Fonte-CIAAR-Desfile-em-contin%C3%AAncia-%C3%A0-Bandeira-scaled.jpg","datePublished":"2020-02-10T22:25:28+00:00","dateModified":"2023-05-23T13:51:36+00:00","description":"Conhe\u00e7a as formas de ingressar na Aeron\u00e1utica e as possibilidades de concursos para se tornar um militar das For\u00e7as Armadas.","breadcrumb":{"@id":"https:\/\/www.estrategiaconcursos.com.br\/blog\/como-ingressar-na-aeronautica\/#breadcrumb"},"inLanguage":"pt-BR","potentialAction":[{"@type":"ReadAction","target":["https:\/\/www.estrategiaconcursos.com.br\/blog\/como-ingressar-na-aeronautica\/"]}]},{"@type":"ImageObject","inLanguage":"pt-BR","@id":"https:\/\/www.estrategiaconcursos.com.br\/blog\/como-ingressar-na-aeronautica\/#primaryimage","url":"https:\/\/dhg1h5j42swfq.cloudfront.net\/2020\/02\/07083021\/Ingressar-na-aeron%C3%A1utica-2017-Fonte-CIAAR-Desfile-em-contin%C3%AAncia-%C3%A0-Bandeira-scaled.jpg","contentUrl":"https:\/\/dhg1h5j42swfq.cloudfront.net\/2020\/02\/07083021\/Ingressar-na-aeron%C3%A1utica-2017-Fonte-CIAAR-Desfile-em-contin%C3%AAncia-%C3%A0-Bandeira-scaled.jpg","width":2560,"height":1758,"caption":"Ingressar na aeron\u00e1utica - 2017 - Fonte-CIAAR-Desfile-em-contin\u00eancia-\u00e0-Bandeira"},{"@type":"BreadcrumbList","@id":"https:\/\/www.estrategiaconcursos.com.br\/blog\/como-ingressar-na-aeronautica\/#breadcrumb","itemListElement":[{"@type":"ListItem","position":1,"name":"In\u00edcio","item":"https:\/\/www.estrategiaconcursos.com.br\/blog\/"},{"@type":"ListItem","position":2,"name":"Como ingressar na Aeron\u00e1utica"}]},{"@type":"WebSite","@id":"https:\/\/www.estrategiaconcursos.com.br\/blog\/#website","url":"https:\/\/www.estrategiaconcursos.com.br\/blog\/","name":"Estrat\u00e9gia Concursos","description":"O blog da Estrat\u00e9gia Concursos traz not\u00edcias sobre concursos e artigos de professores oferecendo cursos para concursos (pdf + videaulas) no site.","publisher":{"@id":"https:\/\/www.estrategiaconcursos.com.br\/blog\/#organization"},"potentialAction":[{"@type":"SearchAction","target":{"@type":"EntryPoint","urlTemplate":"https:\/\/www.estrategiaconcursos.com.br\/blog\/?s={search_term_string}"},"query-input":{"@type":"PropertyValueSpecification","valueRequired":true,"valueName":"search_term_string"}}],"inLanguage":"pt-BR"},{"@type":"Organization","@id":"https:\/\/www.estrategiaconcursos.com.br\/blog\/#organization","name":"Estrat\u00e9gia Concursos","url":"https:\/\/www.estrategiaconcursos.com.br\/blog\/","logo":{"@type":"ImageObject","inLanguage":"pt-BR","@id":"https:\/\/www.estrategiaconcursos.com.br\/blog\/#\/schema\/logo\/image\/","url":"https:\/\/dhg1h5j42swfq.cloudfront.net\/2025\/06\/03203428\/logo_concursos-1.jpg","contentUrl":"https:\/\/dhg1h5j42swfq.cloudfront.net\/2025\/06\/03203428\/logo_concursos-1.jpg","width":230,"height":60,"caption":"Estrat\u00e9gia Concursos"},"image":{"@id":"https:\/\/www.estrategiaconcursos.com.br\/blog\/#\/schema\/logo\/image\/"},"sameAs":["https:\/\/x.com\/EstratConcursos"]},{"@type":"Person","@id":"https:\/\/www.estrategiaconcursos.com.br\/blog\/#\/schema\/person\/54e8ab1be98e69d952e9401d1139d420","name":"Luana Vicente dos Santos Furlani","image":{"@type":"ImageObject","inLanguage":"pt-BR","@id":"https:\/\/secure.gravatar.com\/avatar\/97c11946bf10d0c74254014e271f5f4594ec11fe3a9c6ace926417c009f1a41b?s=96&d=mm&r=g","url":"https:\/\/secure.gravatar.com\/avatar\/97c11946bf10d0c74254014e271f5f4594ec11fe3a9c6ace926417c009f1a41b?s=96&d=mm&r=g","contentUrl":"https:\/\/secure.gravatar.com\/avatar\/97c11946bf10d0c74254014e271f5f4594ec11fe3a9c6ace926417c009f1a41b?s=96&d=mm&r=g","caption":"Luana Vicente dos Santos Furlani"},"url":"https:\/\/www.estrategiaconcursos.com.br\/blog\/author\/luana-vicentefurlanigmail-com\/"}]}},"_links":{"self":[{"href":"https:\/\/www.estrategiaconcursos.com.br\/blog\/wp-json\/wp\/v2\/posts\/478985","targetHints":{"allow":["GET"]}}],"collection":[{"href":"https:\/\/www.estrategiaconcursos.com.br\/blog\/wp-json\/wp\/v2\/posts"}],"about":[{"href":"https:\/\/www.estrategiaconcursos.com.br\/blog\/wp-json\/wp\/v2\/types\/post"}],"author":[{"embeddable":true,"href":"https:\/\/www.estrategiaconcursos.com.br\/blog\/wp-json\/wp\/v2\/users\/1409"}],"replies":[{"embeddable":true,"href":"https:\/\/www.estrategiaconcursos.com.br\/blog\/wp-json\/wp\/v2\/comments?post=478985"}],"version-history":[{"count":9,"href":"https:\/\/www.estrategiaconcursos.com.br\/blog\/wp-json\/wp\/v2\/posts\/478985\/revisions"}],"predecessor-version":[{"id":1220550,"href":"https:\/\/www.estrategiaconcursos.com.br\/blog\/wp-json\/wp\/v2\/posts\/478985\/revisions\/1220550"}],"wp:featuredmedia":[{"embeddable":true,"href":"https:\/\/www.estrategiaconcursos.com.br\/blog\/wp-json\/wp\/v2\/media\/478988"}],"wp:attachment":[{"href":"https:\/\/www.estrategiaconcursos.com.br\/blog\/wp-json\/wp\/v2\/media?parent=478985"}],"wp:term":[{"taxonomy":"category","embeddable":true,"href":"https:\/\/www.estrategiaconcursos.com.br\/blog\/wp-json\/wp\/v2\/categories?post=478985"},{"taxonomy":"post_tag","embeddable":true,"href":"https:\/\/www.estrategiaconcursos.com.br\/blog\/wp-json\/wp\/v2\/tags?post=478985"},{"taxonomy":"tax_estado","embeddable":true,"href":"https:\/\/www.estrategiaconcursos.com.br\/blog\/wp-json\/wp\/v2\/tax_estado?post=478985"}],"curies":[{"name":"wp","href":"https:\/\/api.w.org\/{rel}","templated":true}]}}