{"id":478952,"date":"2020-02-08T07:07:00","date_gmt":"2020-02-08T10:07:00","guid":{"rendered":"https:\/\/www.estrategiaconcursos.com.br\/blog\/?p=478952"},"modified":"2023-06-01T13:29:01","modified_gmt":"2023-06-01T16:29:01","slug":"revisao-vespera-presencial-xxxi-exame-ordem-sabado","status":"publish","type":"post","link":"https:\/\/www.estrategiaconcursos.com.br\/blog\/revisao-vespera-presencial-xxxi-exame-ordem-sabado\/","title":{"rendered":"Revis\u00e3o de V\u00e9spera Presencial XXXI Exame de Ordem: neste s\u00e1bado, 08\/02"},"content":{"rendered":"\n<p>A 1.\u00aa Fase do XXXI Exame de Ordem ocorrer\u00e1 neste domingo, <strong>09 de fevereiro<\/strong>, partir das <strong>13 horas<\/strong>, em todo o Brasil. A prova ser\u00e1 constitu\u00edda de <strong>80 quest\u00f5es<\/strong> de m\u00faltipla escolha, distribu\u00eddas em <strong>17 disciplinas<\/strong>. <\/p>\n\n\n\n<p>Para alcan\u00e7ar a aprova\u00e7\u00e3o nesta fase, \u00e9 necess\u00e1rio acertar, pelo menos, 50% da prova, ou seja, <strong>40 quest\u00f5es<\/strong>. A aprova\u00e7\u00e3o no Exame de Ordem \u00e9 <strong><em>requisito essencial<\/em> <\/strong>para os bachar\u00e9is em direito que queiram exercer legalmente sua profiss\u00e3o.  <\/p>\n\n\n\n<p>Por isso, a proximidade da prova deixa os examinandos ainda mais ansiosos em raz\u00e3o da grande quantidade de conte\u00fado a ser revisada e tamb\u00e9m das d\u00favidas que v\u00e3o surgindo. <\/p>\n\n\n\n<p>E para ajudar voc\u00ea a relembrar os pontos mais importantes e prov\u00e1veis de serem cobrados, a sanar todas as d\u00favidas que restam e a escapar das pegadinhas que posam surgir ao longo da prova, a equipe de professores Estrat\u00e9gia OAB ir\u00e1 realizar uma revis\u00e3o de v\u00e9spera ao longo de todo este <em><strong>s\u00e1bado, 08 de fevereiro<\/strong><\/em>, a partir das <em><strong>08 horas<\/strong><\/em>.  <\/p>\n\n\n\n<p class=\"has-text-align-center has-luminous-vivid-amber-background-color has-background\" style=\"font-size:clamp(15.197px, 0.95rem + ((1vw - 3.2px) * 0.765), 23px);px\"><strong><a href=\"https:\/\/www.estrategiaconcursos.com.br\/gratis\/revisao-de-vespera-oab\/\">CLIQUE AQUI PARA SE INSCREVER<\/a> <\/strong><\/p>\n\n\n\n<p>O evento ser\u00e1 gratuito e transmitido ao vivo, diretamente do <strong><em>canal do Estrat\u00e9gia OAB no Youtube<\/em><\/strong>. Acompanhe abaixo a programa\u00e7\u00e3o: <\/p>\n\n\n\n<p><\/p>\n\n\n\n<figure class=\"wp-block-table is-style-stripes\"><table class=\"has-background has-fixed-layout\" style=\"background-color:#e7f5fe\"><tbody><tr><td><strong>Hor\u00e1rio<\/strong> <\/td><td><strong>Disciplina<\/strong><\/td><td> <strong>Professor <\/strong> <\/td><\/tr><tr><td>08:00 at\u00e9 08:50 <\/td><td>Direito Processual Civil  <\/td><td>Rodrigo Vaslin <\/td><\/tr><tr><td>08:50 at\u00e9 09:40 <\/td><td>Direito Constitucional <\/td><td>Diego Cerqueira <\/td><\/tr><tr><td><strong>COFFEE BREAK<\/strong><\/td><td><\/td><td><\/td><\/tr><tr><td>10:00 at\u00e9 11:30 <\/td><td>Direito do Trabalho e Processual do Trabalho  <\/td><td> Priscila Ferreira <\/td><\/tr><tr><td>11:30 at\u00e9 12:20 <\/td><td>Direito Administrativo <\/td><td>Igor Maciel <\/td><\/tr><tr><td><strong>INTERVALO<\/strong><\/td><td><\/td><td><\/td><\/tr><tr><td>13:40 at\u00e9 14:30 <\/td><td>Direito Penal <\/td><td>Cristiano Rodrigues <\/td><\/tr><tr><td>14:30 at\u00e9 15:20 <\/td><td>Direito Tribut\u00e1rio <\/td><td>Rodrigo Martins <\/td><\/tr><tr><td>15:20 at\u00e9 16:10 <\/td><td>Direito Processual Penal <\/td><td>Ivan Marques <\/td><\/tr><tr><td><strong>COFFEE BREAK<\/strong> <\/td><td><\/td><td><\/td><\/tr><tr><td>16:30 at\u00e9 17:00  <\/td><td>Direito Empresarial <\/td><td>Alessandro Sanchez <\/td><\/tr><tr><td> 17:00 at\u00e9 17:40 <\/td><td> Direito Civil <\/td><td>Paulo Sousa <\/td><\/tr><tr><td> 17:40 at\u00e9 18:30 <\/td><td>Estatuto da OAB e C\u00f3digo de \u00c9tica <\/td><td>Rosenval Jr. e Priscila Ferreira <\/td><\/tr><\/tbody><\/table><\/figure>\n\n\n\n<p class=\"has-text-align-center has-pale-cyan-blue-background-color has-background\" style=\"font-size:clamp(15.197px, 0.95rem + ((1vw - 3.2px) * 0.765), 23px);px\"><strong><em>Mais informa\u00e7\u00f5es:<\/em><\/strong><a href=\"https:\/\/www.estrategiaconcursos.com.br\/blog\/edital-oab-xxxi\/\"><strong><em> XXXI Exame de Ordem<\/em><\/strong><\/a><\/p>\n\n\n\n<p class=\"has-text-align-center has-luminous-vivid-amber-background-color has-background\" style=\"font-size:clamp(16.293px, 1.018rem + ((1vw - 3.2px) * 0.854), 25px);px\"><strong><a href=\"https:\/\/dhg1h5j42swfq.cloudfront.net\/2020\/02\/04180903\/Repescagem_OAB.pdf\" target=\"_blank\" rel=\"noreferrer noopener\" aria-label=\"Edital Repescagem XXXI Exame OAB (abre numa nova aba)\">Edital Repescagem XXXI Exame OAB<\/a> <\/strong><\/p>\n\n\n\n<h2 class=\"wp-block-heading has-text-align-center\" id=\"h-nossas-redes-sociais\">Nossas redes sociais<\/h2>\n\n\n\n<p class=\"has-text-align-center has-very-light-gray-background-color has-background\" style=\"font-size:clamp(14.642px, 0.915rem + ((1vw - 3.2px) * 0.721), 22px);px\"><a href=\"https:\/\/www.instagram.com\/estrategiaoab\/\" target=\"_blank\" rel=\"noreferrer noopener\">Instagram Estrat\u00e9gia OAB<\/a><\/p>\n\n\n\n<p class=\"has-text-align-center has-very-light-gray-background-color has-background\" style=\"font-size:clamp(14.642px, 0.915rem + ((1vw - 3.2px) * 0.721), 22px);px\"><a rel=\"noreferrer noopener\" href=\"https:\/\/www.youtube.com\/channel\/UC7rgrKTSF5aOrBGWOw60ovw\" target=\"_blank\">YouTube do Estrat\u00e9gia OAB<\/a><\/p>\n\n\n\n<h2 class=\"wp-block-heading has-text-align-center\" id=\"h-grupo-de-telegram-para-a-oab\">Grupo de Telegram para a OAB<\/h2>\n\n\n\n<p class=\"has-text-align-center has-light-green-cyan-background-color has-background\" style=\"font-size:clamp(14.642px, 0.915rem + ((1vw - 3.2px) * 0.721), 22px);px\"><a href=\"http:\/\/bit.ly\/TelegramOAB\"><strong>Inscreva-se no nosso grupo do Telegram<\/strong><\/a><\/p>\n\n\n\n<h2 class=\"wp-block-heading has-text-align-center\" id=\"h-cursos-para-o-exame-de-ordem\">Cursos para o Exame de Ordem<\/h2>\n\n\n\n<p class=\"has-text-align-center has-pale-cyan-blue-background-color has-background\" style=\"font-size:clamp(16.293px, 1.018rem + ((1vw - 3.2px) * 0.854), 25px);px\"><strong><a rel=\"noreferrer noopener\" href=\"https:\/\/www.estrategiaconcursos.com.br\/cursosPorConcurso\/exame-de-ordem-oab-1-fase\/\" target=\"_blank\">Curso OAB 1\u00aa Fase<\/a><\/strong><\/p>\n\n\n\n<p class=\"has-text-align-center has-pale-cyan-blue-background-color has-background\" style=\"font-size:clamp(16.293px, 1.018rem + ((1vw - 3.2px) * 0.854), 25px);px\"><strong><a href=\"https:\/\/www.estrategiaconcursos.com.br\/cursosPorConcurso\/oab-2-fase-192\/\" target=\"_blank\" rel=\"noreferrer noopener\">Curso OAB 2\u00aa Fase<\/a><\/strong><\/p>\n\n\n\n<p class=\"has-text-align-center has-pale-cyan-blue-background-color has-background has-medium-font-size\"><a rel=\"noreferrer noopener\" href=\"https:\/\/www.estrategiaconcursos.com.br\/blog\/edital-oab-xxx-exame-de-ordem\/\" target=\"_blank\">Clique aqui para mais informa\u00e7\u00f5es sobre o Exame de Ordem<\/a><\/p>\n","protected":false},"excerpt":{"rendered":"<p>A 1.\u00aa Fase do XXXI Exame de Ordem ocorrer\u00e1 neste domingo, 09 de fevereiro, partir das 13 horas, em todo o Brasil. A prova ser\u00e1 constitu\u00edda de 80 quest\u00f5es de m\u00faltipla escolha, distribu\u00eddas em 17 disciplinas. Para alcan\u00e7ar a aprova\u00e7\u00e3o nesta fase, \u00e9 necess\u00e1rio acertar, pelo menos, 50% da prova, ou seja, 40 quest\u00f5es. A [&hellip;]<\/p>\n","protected":false},"author":1087,"featured_media":176972,"comment_status":"open","ping_status":"closed","sticky":false,"template":"","format":"standard","meta":{"post_tipo":"article","footnotes":""},"categories":[1],"tags":[],"tax_estado":[],"class_list":["post-478952","post","type-post","status-publish","format-standard","has-post-thumbnail","hentry","category-cursos-e-concursos"],"acf":[],"yoast_head":"<!-- This site is optimized with the Yoast SEO Premium plugin v27.2 (Yoast SEO v27.2) - https:\/\/yoast.com\/product\/yoast-seo-premium-wordpress\/ -->\n<title>Revis\u00e3o de V\u00e9spera Presencial XXXI Exame de Ordem: neste s\u00e1bado, 08\/02<\/title>\n<meta name=\"robots\" content=\"index, follow, max-snippet:-1, max-image-preview:large, max-video-preview:-1\" \/>\n<link rel=\"canonical\" href=\"https:\/\/www.estrategiaconcursos.com.br\/blog\/revisao-vespera-presencial-xxxi-exame-ordem-sabado\/\" \/>\n<meta property=\"og:locale\" content=\"pt_BR\" \/>\n<meta property=\"og:type\" content=\"article\" \/>\n<meta property=\"og:title\" content=\"Revis\u00e3o de V\u00e9spera Presencial XXXI Exame de Ordem: neste s\u00e1bado, 08\/02\" \/>\n<meta property=\"og:description\" content=\"A 1.\u00aa Fase do XXXI Exame de Ordem ocorrer\u00e1 neste domingo, 09 de fevereiro, partir das 13 horas, em todo o Brasil. A prova ser\u00e1 constitu\u00edda de 80 quest\u00f5es de m\u00faltipla escolha, distribu\u00eddas em 17 disciplinas. Para alcan\u00e7ar a aprova\u00e7\u00e3o nesta fase, \u00e9 necess\u00e1rio acertar, pelo menos, 50% da prova, ou seja, 40 quest\u00f5es. A [&hellip;]\" \/>\n<meta property=\"og:url\" content=\"https:\/\/www.estrategiaconcursos.com.br\/blog\/revisao-vespera-presencial-xxxi-exame-ordem-sabado\/\" \/>\n<meta property=\"og:site_name\" content=\"Estrat\u00e9gia Concursos\" \/>\n<meta property=\"article:published_time\" content=\"2020-02-08T10:07:00+00:00\" \/>\n<meta property=\"article:modified_time\" content=\"2023-06-01T16:29:01+00:00\" \/>\n<meta property=\"og:image\" content=\"https:\/\/dhg1h5j42swfq.cloudfront.net\/2019\/04\/05172907\/unnamed.jpg\" \/>\n\t<meta property=\"og:image:width\" content=\"1023\" \/>\n\t<meta property=\"og:image:height\" content=\"682\" \/>\n\t<meta property=\"og:image:type\" content=\"image\/jpeg\" \/>\n<meta name=\"author\" content=\"Daniela Garrido\" \/>\n<meta name=\"twitter:card\" content=\"summary_large_image\" \/>\n<meta name=\"twitter:creator\" content=\"@EstratConcursos\" \/>\n<meta name=\"twitter:site\" content=\"@EstratConcursos\" \/>\n<meta name=\"twitter:label1\" content=\"Escrito por\" \/>\n\t<meta name=\"twitter:data1\" content=\"Daniela Garrido\" \/>\n\t<meta name=\"twitter:label2\" content=\"Est. tempo de leitura\" \/>\n\t<meta name=\"twitter:data2\" content=\"2 minutos\" \/>\n<script type=\"application\/ld+json\" class=\"yoast-schema-graph\">{\"@context\":\"https:\/\/schema.org\",\"@graph\":[{\"@type\":\"NewsArticle\",\"@id\":\"https:\/\/www.estrategiaconcursos.com.br\/blog\/revisao-vespera-presencial-xxxi-exame-ordem-sabado\/#article\",\"isPartOf\":{\"@id\":\"https:\/\/www.estrategiaconcursos.com.br\/blog\/revisao-vespera-presencial-xxxi-exame-ordem-sabado\/\"},\"author\":{\"name\":\"Daniela Garrido\",\"@id\":\"https:\/\/www.estrategiaconcursos.com.br\/blog\/#\/schema\/person\/24339f8418628396087417f5058a7103\"},\"headline\":\"Revis\u00e3o de V\u00e9spera Presencial XXXI Exame de Ordem: neste s\u00e1bado, 08\/02\",\"datePublished\":\"2020-02-08T10:07:00+00:00\",\"dateModified\":\"2023-06-01T16:29:01+00:00\",\"mainEntityOfPage\":{\"@id\":\"https:\/\/www.estrategiaconcursos.com.br\/blog\/revisao-vespera-presencial-xxxi-exame-ordem-sabado\/\"},\"wordCount\":349,\"commentCount\":0,\"publisher\":{\"@id\":\"https:\/\/www.estrategiaconcursos.com.br\/blog\/#organization\"},\"image\":{\"@id\":\"https:\/\/www.estrategiaconcursos.com.br\/blog\/revisao-vespera-presencial-xxxi-exame-ordem-sabado\/#primaryimage\"},\"thumbnailUrl\":\"https:\/\/dhg1h5j42swfq.cloudfront.net\/2019\/04\/05172907\/unnamed.jpg\",\"articleSection\":[\"Concursos P\u00fablicos\"],\"inLanguage\":\"pt-BR\",\"potentialAction\":[{\"@type\":\"CommentAction\",\"name\":\"Comment\",\"target\":[\"https:\/\/www.estrategiaconcursos.com.br\/blog\/revisao-vespera-presencial-xxxi-exame-ordem-sabado\/#respond\"]}],\"copyrightYear\":\"2020\",\"copyrightHolder\":{\"@id\":\"https:\/\/www.estrategiaconcursos.com.br\/blog\/#organization\"}},{\"@type\":\"WebPage\",\"@id\":\"https:\/\/www.estrategiaconcursos.com.br\/blog\/revisao-vespera-presencial-xxxi-exame-ordem-sabado\/\",\"url\":\"https:\/\/www.estrategiaconcursos.com.br\/blog\/revisao-vespera-presencial-xxxi-exame-ordem-sabado\/\",\"name\":\"Revis\u00e3o de V\u00e9spera Presencial XXXI Exame de Ordem: neste s\u00e1bado, 08\/02\",\"isPartOf\":{\"@id\":\"https:\/\/www.estrategiaconcursos.com.br\/blog\/#website\"},\"primaryImageOfPage\":{\"@id\":\"https:\/\/www.estrategiaconcursos.com.br\/blog\/revisao-vespera-presencial-xxxi-exame-ordem-sabado\/#primaryimage\"},\"image\":{\"@id\":\"https:\/\/www.estrategiaconcursos.com.br\/blog\/revisao-vespera-presencial-xxxi-exame-ordem-sabado\/#primaryimage\"},\"thumbnailUrl\":\"https:\/\/dhg1h5j42swfq.cloudfront.net\/2019\/04\/05172907\/unnamed.jpg\",\"datePublished\":\"2020-02-08T10:07:00+00:00\",\"dateModified\":\"2023-06-01T16:29:01+00:00\",\"breadcrumb\":{\"@id\":\"https:\/\/www.estrategiaconcursos.com.br\/blog\/revisao-vespera-presencial-xxxi-exame-ordem-sabado\/#breadcrumb\"},\"inLanguage\":\"pt-BR\",\"potentialAction\":[{\"@type\":\"ReadAction\",\"target\":[\"https:\/\/www.estrategiaconcursos.com.br\/blog\/revisao-vespera-presencial-xxxi-exame-ordem-sabado\/\"]}]},{\"@type\":\"ImageObject\",\"inLanguage\":\"pt-BR\",\"@id\":\"https:\/\/www.estrategiaconcursos.com.br\/blog\/revisao-vespera-presencial-xxxi-exame-ordem-sabado\/#primaryimage\",\"url\":\"https:\/\/dhg1h5j42swfq.cloudfront.net\/2019\/04\/05172907\/unnamed.jpg\",\"contentUrl\":\"https:\/\/dhg1h5j42swfq.cloudfront.net\/2019\/04\/05172907\/unnamed.jpg\",\"width\":1023,\"height\":682,\"caption\":\"como se tornar advogado\"},{\"@type\":\"BreadcrumbList\",\"@id\":\"https:\/\/www.estrategiaconcursos.com.br\/blog\/revisao-vespera-presencial-xxxi-exame-ordem-sabado\/#breadcrumb\",\"itemListElement\":[{\"@type\":\"ListItem\",\"position\":1,\"name\":\"In\u00edcio\",\"item\":\"https:\/\/www.estrategiaconcursos.com.br\/blog\/\"},{\"@type\":\"ListItem\",\"position\":2,\"name\":\"Revis\u00e3o de V\u00e9spera Presencial XXXI Exame de Ordem: neste s\u00e1bado, 08\/02\"}]},{\"@type\":\"WebSite\",\"@id\":\"https:\/\/www.estrategiaconcursos.com.br\/blog\/#website\",\"url\":\"https:\/\/www.estrategiaconcursos.com.br\/blog\/\",\"name\":\"Estrat\u00e9gia Concursos\",\"description\":\"O blog da Estrat\u00e9gia Concursos traz not\u00edcias sobre concursos e artigos de professores oferecendo cursos para concursos (pdf + videaulas) no site.\",\"publisher\":{\"@id\":\"https:\/\/www.estrategiaconcursos.com.br\/blog\/#organization\"},\"potentialAction\":[{\"@type\":\"SearchAction\",\"target\":{\"@type\":\"EntryPoint\",\"urlTemplate\":\"https:\/\/www.estrategiaconcursos.com.br\/blog\/?s={search_term_string}\"},\"query-input\":{\"@type\":\"PropertyValueSpecification\",\"valueRequired\":true,\"valueName\":\"search_term_string\"}}],\"inLanguage\":\"pt-BR\"},{\"@type\":\"Organization\",\"@id\":\"https:\/\/www.estrategiaconcursos.com.br\/blog\/#organization\",\"name\":\"Estrat\u00e9gia Concursos\",\"url\":\"https:\/\/www.estrategiaconcursos.com.br\/blog\/\",\"logo\":{\"@type\":\"ImageObject\",\"inLanguage\":\"pt-BR\",\"@id\":\"https:\/\/www.estrategiaconcursos.com.br\/blog\/#\/schema\/logo\/image\/\",\"url\":\"https:\/\/dhg1h5j42swfq.cloudfront.net\/2025\/06\/03203428\/logo_concursos-1.jpg\",\"contentUrl\":\"https:\/\/dhg1h5j42swfq.cloudfront.net\/2025\/06\/03203428\/logo_concursos-1.jpg\",\"width\":230,\"height\":60,\"caption\":\"Estrat\u00e9gia Concursos\"},\"image\":{\"@id\":\"https:\/\/www.estrategiaconcursos.com.br\/blog\/#\/schema\/logo\/image\/\"},\"sameAs\":[\"https:\/\/x.com\/EstratConcursos\"]},{\"@type\":\"Person\",\"@id\":\"https:\/\/www.estrategiaconcursos.com.br\/blog\/#\/schema\/person\/24339f8418628396087417f5058a7103\",\"name\":\"Daniela Garrido\",\"image\":{\"@type\":\"ImageObject\",\"inLanguage\":\"pt-BR\",\"@id\":\"https:\/\/secure.gravatar.com\/avatar\/02860bf0245fd2be6ddbb48f19d9d8b7c27302b2c6340aa36551615985bfdf1d?s=96&d=mm&r=g\",\"url\":\"https:\/\/secure.gravatar.com\/avatar\/02860bf0245fd2be6ddbb48f19d9d8b7c27302b2c6340aa36551615985bfdf1d?s=96&d=mm&r=g\",\"contentUrl\":\"https:\/\/secure.gravatar.com\/avatar\/02860bf0245fd2be6ddbb48f19d9d8b7c27302b2c6340aa36551615985bfdf1d?s=96&d=mm&r=g\",\"caption\":\"Daniela Garrido\"},\"description\":\"Graduada em Gest\u00e3o Financeira, graduanda em Ci\u00eancias Cont\u00e1beis, p\u00f3s-graduanda em Gest\u00e3o Tribut\u00e1ria e Auditoria no Setor P\u00fablico. Aprovada no concurso da Secretaria de Estado da Fazenda de Santa Catarina, no cargo de Auditor Fiscal da Receita Estadual, especialidade Auditoria e Fiscaliza\u00e7\u00e3o, em 2018.\",\"sameAs\":[\"https:\/\/www.instagram.com\/profdanigarrido\"],\"url\":\"https:\/\/www.estrategiaconcursos.com.br\/blog\/author\/dgarridobrgmail-com\/\"}]}<\/script>\n<!-- \/ Yoast SEO Premium plugin. -->","yoast_head_json":{"title":"Revis\u00e3o de V\u00e9spera Presencial XXXI Exame de Ordem: neste s\u00e1bado, 08\/02","robots":{"index":"index","follow":"follow","max-snippet":"max-snippet:-1","max-image-preview":"max-image-preview:large","max-video-preview":"max-video-preview:-1"},"canonical":"https:\/\/www.estrategiaconcursos.com.br\/blog\/revisao-vespera-presencial-xxxi-exame-ordem-sabado\/","og_locale":"pt_BR","og_type":"article","og_title":"Revis\u00e3o de V\u00e9spera Presencial XXXI Exame de Ordem: neste s\u00e1bado, 08\/02","og_description":"A 1.\u00aa Fase do XXXI Exame de Ordem ocorrer\u00e1 neste domingo, 09 de fevereiro, partir das 13 horas, em todo o Brasil. A prova ser\u00e1 constitu\u00edda de 80 quest\u00f5es de m\u00faltipla escolha, distribu\u00eddas em 17 disciplinas. Para alcan\u00e7ar a aprova\u00e7\u00e3o nesta fase, \u00e9 necess\u00e1rio acertar, pelo menos, 50% da prova, ou seja, 40 quest\u00f5es. A [&hellip;]","og_url":"https:\/\/www.estrategiaconcursos.com.br\/blog\/revisao-vespera-presencial-xxxi-exame-ordem-sabado\/","og_site_name":"Estrat\u00e9gia Concursos","article_published_time":"2020-02-08T10:07:00+00:00","article_modified_time":"2023-06-01T16:29:01+00:00","og_image":[{"width":1023,"height":682,"url":"https:\/\/dhg1h5j42swfq.cloudfront.net\/2019\/04\/05172907\/unnamed.jpg","type":"image\/jpeg"}],"author":"Daniela Garrido","twitter_card":"summary_large_image","twitter_creator":"@EstratConcursos","twitter_site":"@EstratConcursos","twitter_misc":{"Escrito por":"Daniela Garrido","Est. tempo de leitura":"2 minutos"},"schema":{"@context":"https:\/\/schema.org","@graph":[{"@type":"NewsArticle","@id":"https:\/\/www.estrategiaconcursos.com.br\/blog\/revisao-vespera-presencial-xxxi-exame-ordem-sabado\/#article","isPartOf":{"@id":"https:\/\/www.estrategiaconcursos.com.br\/blog\/revisao-vespera-presencial-xxxi-exame-ordem-sabado\/"},"author":{"name":"Daniela Garrido","@id":"https:\/\/www.estrategiaconcursos.com.br\/blog\/#\/schema\/person\/24339f8418628396087417f5058a7103"},"headline":"Revis\u00e3o de V\u00e9spera Presencial XXXI Exame de Ordem: neste s\u00e1bado, 08\/02","datePublished":"2020-02-08T10:07:00+00:00","dateModified":"2023-06-01T16:29:01+00:00","mainEntityOfPage":{"@id":"https:\/\/www.estrategiaconcursos.com.br\/blog\/revisao-vespera-presencial-xxxi-exame-ordem-sabado\/"},"wordCount":349,"commentCount":0,"publisher":{"@id":"https:\/\/www.estrategiaconcursos.com.br\/blog\/#organization"},"image":{"@id":"https:\/\/www.estrategiaconcursos.com.br\/blog\/revisao-vespera-presencial-xxxi-exame-ordem-sabado\/#primaryimage"},"thumbnailUrl":"https:\/\/dhg1h5j42swfq.cloudfront.net\/2019\/04\/05172907\/unnamed.jpg","articleSection":["Concursos P\u00fablicos"],"inLanguage":"pt-BR","potentialAction":[{"@type":"CommentAction","name":"Comment","target":["https:\/\/www.estrategiaconcursos.com.br\/blog\/revisao-vespera-presencial-xxxi-exame-ordem-sabado\/#respond"]}],"copyrightYear":"2020","copyrightHolder":{"@id":"https:\/\/www.estrategiaconcursos.com.br\/blog\/#organization"}},{"@type":"WebPage","@id":"https:\/\/www.estrategiaconcursos.com.br\/blog\/revisao-vespera-presencial-xxxi-exame-ordem-sabado\/","url":"https:\/\/www.estrategiaconcursos.com.br\/blog\/revisao-vespera-presencial-xxxi-exame-ordem-sabado\/","name":"Revis\u00e3o de V\u00e9spera Presencial XXXI Exame de Ordem: neste s\u00e1bado, 08\/02","isPartOf":{"@id":"https:\/\/www.estrategiaconcursos.com.br\/blog\/#website"},"primaryImageOfPage":{"@id":"https:\/\/www.estrategiaconcursos.com.br\/blog\/revisao-vespera-presencial-xxxi-exame-ordem-sabado\/#primaryimage"},"image":{"@id":"https:\/\/www.estrategiaconcursos.com.br\/blog\/revisao-vespera-presencial-xxxi-exame-ordem-sabado\/#primaryimage"},"thumbnailUrl":"https:\/\/dhg1h5j42swfq.cloudfront.net\/2019\/04\/05172907\/unnamed.jpg","datePublished":"2020-02-08T10:07:00+00:00","dateModified":"2023-06-01T16:29:01+00:00","breadcrumb":{"@id":"https:\/\/www.estrategiaconcursos.com.br\/blog\/revisao-vespera-presencial-xxxi-exame-ordem-sabado\/#breadcrumb"},"inLanguage":"pt-BR","potentialAction":[{"@type":"ReadAction","target":["https:\/\/www.estrategiaconcursos.com.br\/blog\/revisao-vespera-presencial-xxxi-exame-ordem-sabado\/"]}]},{"@type":"ImageObject","inLanguage":"pt-BR","@id":"https:\/\/www.estrategiaconcursos.com.br\/blog\/revisao-vespera-presencial-xxxi-exame-ordem-sabado\/#primaryimage","url":"https:\/\/dhg1h5j42swfq.cloudfront.net\/2019\/04\/05172907\/unnamed.jpg","contentUrl":"https:\/\/dhg1h5j42swfq.cloudfront.net\/2019\/04\/05172907\/unnamed.jpg","width":1023,"height":682,"caption":"como se tornar advogado"},{"@type":"BreadcrumbList","@id":"https:\/\/www.estrategiaconcursos.com.br\/blog\/revisao-vespera-presencial-xxxi-exame-ordem-sabado\/#breadcrumb","itemListElement":[{"@type":"ListItem","position":1,"name":"In\u00edcio","item":"https:\/\/www.estrategiaconcursos.com.br\/blog\/"},{"@type":"ListItem","position":2,"name":"Revis\u00e3o de V\u00e9spera Presencial XXXI Exame de Ordem: neste s\u00e1bado, 08\/02"}]},{"@type":"WebSite","@id":"https:\/\/www.estrategiaconcursos.com.br\/blog\/#website","url":"https:\/\/www.estrategiaconcursos.com.br\/blog\/","name":"Estrat\u00e9gia Concursos","description":"O blog da Estrat\u00e9gia Concursos traz not\u00edcias sobre concursos e artigos de professores oferecendo cursos para concursos (pdf + videaulas) no site.","publisher":{"@id":"https:\/\/www.estrategiaconcursos.com.br\/blog\/#organization"},"potentialAction":[{"@type":"SearchAction","target":{"@type":"EntryPoint","urlTemplate":"https:\/\/www.estrategiaconcursos.com.br\/blog\/?s={search_term_string}"},"query-input":{"@type":"PropertyValueSpecification","valueRequired":true,"valueName":"search_term_string"}}],"inLanguage":"pt-BR"},{"@type":"Organization","@id":"https:\/\/www.estrategiaconcursos.com.br\/blog\/#organization","name":"Estrat\u00e9gia Concursos","url":"https:\/\/www.estrategiaconcursos.com.br\/blog\/","logo":{"@type":"ImageObject","inLanguage":"pt-BR","@id":"https:\/\/www.estrategiaconcursos.com.br\/blog\/#\/schema\/logo\/image\/","url":"https:\/\/dhg1h5j42swfq.cloudfront.net\/2025\/06\/03203428\/logo_concursos-1.jpg","contentUrl":"https:\/\/dhg1h5j42swfq.cloudfront.net\/2025\/06\/03203428\/logo_concursos-1.jpg","width":230,"height":60,"caption":"Estrat\u00e9gia Concursos"},"image":{"@id":"https:\/\/www.estrategiaconcursos.com.br\/blog\/#\/schema\/logo\/image\/"},"sameAs":["https:\/\/x.com\/EstratConcursos"]},{"@type":"Person","@id":"https:\/\/www.estrategiaconcursos.com.br\/blog\/#\/schema\/person\/24339f8418628396087417f5058a7103","name":"Daniela Garrido","image":{"@type":"ImageObject","inLanguage":"pt-BR","@id":"https:\/\/secure.gravatar.com\/avatar\/02860bf0245fd2be6ddbb48f19d9d8b7c27302b2c6340aa36551615985bfdf1d?s=96&d=mm&r=g","url":"https:\/\/secure.gravatar.com\/avatar\/02860bf0245fd2be6ddbb48f19d9d8b7c27302b2c6340aa36551615985bfdf1d?s=96&d=mm&r=g","contentUrl":"https:\/\/secure.gravatar.com\/avatar\/02860bf0245fd2be6ddbb48f19d9d8b7c27302b2c6340aa36551615985bfdf1d?s=96&d=mm&r=g","caption":"Daniela Garrido"},"description":"Graduada em Gest\u00e3o Financeira, graduanda em Ci\u00eancias Cont\u00e1beis, p\u00f3s-graduanda em Gest\u00e3o Tribut\u00e1ria e Auditoria no Setor P\u00fablico. Aprovada no concurso da Secretaria de Estado da Fazenda de Santa Catarina, no cargo de Auditor Fiscal da Receita Estadual, especialidade Auditoria e Fiscaliza\u00e7\u00e3o, em 2018.","sameAs":["https:\/\/www.instagram.com\/profdanigarrido"],"url":"https:\/\/www.estrategiaconcursos.com.br\/blog\/author\/dgarridobrgmail-com\/"}]}},"_links":{"self":[{"href":"https:\/\/www.estrategiaconcursos.com.br\/blog\/wp-json\/wp\/v2\/posts\/478952","targetHints":{"allow":["GET"]}}],"collection":[{"href":"https:\/\/www.estrategiaconcursos.com.br\/blog\/wp-json\/wp\/v2\/posts"}],"about":[{"href":"https:\/\/www.estrategiaconcursos.com.br\/blog\/wp-json\/wp\/v2\/types\/post"}],"author":[{"embeddable":true,"href":"https:\/\/www.estrategiaconcursos.com.br\/blog\/wp-json\/wp\/v2\/users\/1087"}],"replies":[{"embeddable":true,"href":"https:\/\/www.estrategiaconcursos.com.br\/blog\/wp-json\/wp\/v2\/comments?post=478952"}],"version-history":[{"count":15,"href":"https:\/\/www.estrategiaconcursos.com.br\/blog\/wp-json\/wp\/v2\/posts\/478952\/revisions"}],"predecessor-version":[{"id":1226056,"href":"https:\/\/www.estrategiaconcursos.com.br\/blog\/wp-json\/wp\/v2\/posts\/478952\/revisions\/1226056"}],"wp:featuredmedia":[{"embeddable":true,"href":"https:\/\/www.estrategiaconcursos.com.br\/blog\/wp-json\/wp\/v2\/media\/176972"}],"wp:attachment":[{"href":"https:\/\/www.estrategiaconcursos.com.br\/blog\/wp-json\/wp\/v2\/media?parent=478952"}],"wp:term":[{"taxonomy":"category","embeddable":true,"href":"https:\/\/www.estrategiaconcursos.com.br\/blog\/wp-json\/wp\/v2\/categories?post=478952"},{"taxonomy":"post_tag","embeddable":true,"href":"https:\/\/www.estrategiaconcursos.com.br\/blog\/wp-json\/wp\/v2\/tags?post=478952"},{"taxonomy":"tax_estado","embeddable":true,"href":"https:\/\/www.estrategiaconcursos.com.br\/blog\/wp-json\/wp\/v2\/tax_estado?post=478952"}],"curies":[{"name":"wp","href":"https:\/\/api.w.org\/{rel}","templated":true}]}}