{"id":478947,"date":"2020-02-06T19:53:10","date_gmt":"2020-02-06T22:53:10","guid":{"rendered":"https:\/\/www.estrategiaconcursos.com.br\/blog\/?p=478947"},"modified":"2020-02-06T19:54:34","modified_gmt":"2020-02-06T22:54:34","slug":"stf-processo-criminal-participacao-concurso","status":"publish","type":"post","link":"https:\/\/www.estrategiaconcursos.com.br\/blog\/stf-processo-criminal-participacao-concurso\/","title":{"rendered":"STF: responder a processo criminal N\u00c3O impede participa\u00e7\u00e3o em concurso!"},"content":{"rendered":"\n<p>Na quarta-feira, 05 de fevereiro, por <strong>8 votos a 1<\/strong>, os ministros do Supremo Tribunal Federal que editais de concurso p\u00fablico n\u00e3o podem vetar participa\u00e7\u00e3o de candidatos que respondem a processos criminais. <\/p>\n\n\n\n<p>O fundamento da decis\u00e3o foi o de que esse tipo de veto viola o princ\u00edpio de presun\u00e7\u00e3o da inoc\u00eancia, presente no artigo 5.\u00ba, inciso LVII, da Constitui\u00e7\u00e3o Federal. O mesmo dispositivo fundamentou a recente de decis\u00e3o quanto \u00e0 pris\u00e3o em segunda inst\u00e2ncia pelo tribunal. <\/p>\n\n\n\n<p>De acordo com este princ\u00edpio, aquele que apenas responde a inqu\u00e9rito ou processo criminal ainda n\u00e3o foi considerado culpado em todas as inst\u00e2ncias judiciais, quando ent\u00e3o passa a n\u00e3o ser poss\u00edvel mais interpor qualquer recurso para contestar sua inoc\u00eancia. <\/p>\n\n\n\n<p>Assim, at\u00e9 o tr\u00e2nsito em julgado da condena\u00e7\u00e3o do indiv\u00edduo na \u00faltima inst\u00e2ncia para a qual seja poss\u00edvel ou ele opte recorrer, ainda podem pairar d\u00favidas quanto \u00e0 sua inoc\u00eancia. <\/p>\n\n\n\n<p>Por isso que, impedir o candidato que ainda est\u00e1 respondendo ao processo possa participar do certame feriria, ainda, o princ\u00edpio da igualdade, havendo diferen\u00e7a de tratamento em rela\u00e7\u00e3o aos demais, uma vez que ele poder\u00e1 ser absolvido da acusa\u00e7\u00e3o. <\/p>\n\n\n\n<p>O caso concreto analisado pela Corte se relacionava a um policial militar que pretendia se inscrever no curso de forma\u00e7\u00e3o de cabos, mas teve a solicita\u00e7\u00e3o recusada porque respondia a processo pelo crime de falso testemunho. <\/p>\n\n\n\n<p>O Tribunal de Justi\u00e7a do Distrito Federal e dos Territ\u00f3rios (TJ-DFT) j\u00e1 havia dado raz\u00e3o ao candidato, considerando ileg\u00edtima a exclus\u00e3o. <\/p>\n\n\n\n<p>Por\u00e9m, o governo do Distrito Federal recorreu ao Supremo fundamentando que haveria o risco de serem promovidos policiais que estivessem sendo investigados por crimes e desvio de condutas, o que atingiria o senso de disciplina e hierarquia da categoria. As autoridades locais concordavam com este entendimento. <\/p>\n\n\n\n<p>O argumento convenceu o ministro Alexandre de Moraes, que entendeu que o caso tratava de um servidor que j\u00e1 fazia parte da corpora\u00e7\u00e3o e que buscava se candidatar apenas a um concurso de promo\u00e7\u00e3o (ascens\u00e3o funcional) interno e n\u00e3o um concurso inicial de ingresso na carreira. <\/p>\n\n\n\n<p>Os demais ministros, Edson Fachin, Rosa Weber, Luiz Fux, C\u00e1rmen L\u00facia, Ricardo Lewandowski, Gilmar Mendes e o presidente do STF, Dias Toffoli acompanharam o entendimento do relator do caso,  Lu\u00eds Roberto Barroso, se colocando contra o veto a favor da presun\u00e7\u00e3o de inoc\u00eancia do candidato em qualquer hi<\/p>\n\n\n\n<p>Apesar de se tratar de uma decis\u00e3o em um caso espec\u00edfico, a quest\u00e3o ganhou repercuss\u00e3o geral, gerando um precedente, o que quer dizer que a tese, assim que for definida e finalizada pelos ministros &#8211; o que ainda n\u00e3o ocorreu-, dever\u00e1 ser aplicada em casos similares. <\/p>\n\n\n\n<h2 class=\"has-text-align-center wp-block-heading\" id=\"cursos-assinatura\">Quer estudar para concurso?<\/h2>\n\n\n\n<p class=\"has-text-align-center\"><em>Gostou desta oportunidade e deseja come\u00e7ar se preparar agora mesmo? Ent\u00e3o, confira os nossos cursos e comece a estudar:<\/em><\/p>\n\n\n\n<p style=\"font-size:22px\" class=\"has-background has-text-align-center has-light-green-cyan-background-color\"><strong><a rel=\"noreferrer noopener\" aria-label=\" (abre numa nova aba)\" href=\"https:\/\/www.estrategiaconcursos.com.br\/cursos\/concurso\/\" target=\"_blank\">CURSOS PARA CONCURS<\/a><a href=\"https:\/\/www.estrategiaconcursos.com.br\/cursos\/concurso\/\" target=\"_blank\" rel=\"noreferrer noopener\" aria-label=\" (abre numa nova aba)\">O<\/a><\/strong><\/p>\n\n\n\n<p class=\"has-text-align-center has-medium-font-size\"><em><strong>Assinatura Anual Ilimitada*<\/strong><\/em><\/p>\n\n\n\n<p class=\"has-text-align-center\"><em>Prepare-se com o melhor material e com quem mais aprova em Concursos P\u00fablicos em todo o pa\u00eds. Assine agora a nossa Assinatura Anual e tenha acesso ilimitado* a todos os nossos cursos.<\/em><\/p>\n\n\n\n<p style=\"font-size:22px\" class=\"has-background has-text-align-center has-luminous-vivid-amber-background-color\"><strong>ASSINE AGORA&nbsp;\u2013&nbsp;<a rel=\"noreferrer noopener\" href=\"https:\/\/www.estrategiaconcursos.com.br\/assinaturas\" target=\"_blank\">Assinatura Ilimitada<\/a><\/strong><\/p>\n\n\n\n<p class=\"has-text-align-center has-medium-font-size\"><strong><em>Fique por dentro dos concursos vigentes<\/em><\/strong><\/p>\n\n\n\n<p style=\"font-size:22px\" class=\"has-background has-text-align-center has-pale-cyan-blue-background-color\"><a rel=\"noreferrer noopener\" href=\"https:\/\/www.estrategiaconcursos.com.br\/blog\/concursos-abertos\/\" target=\"_blank\"><strong>CONCURSOS ABERTOS<\/strong><\/a><\/p>\n\n\n\n<p style=\"font-size:22px\" class=\"has-background has-text-align-center has-pale-cyan-blue-background-color\"><a rel=\"noreferrer noopener\" href=\"https:\/\/www.estrategiaconcursos.com.br\/blog\/concursos-2020\/\" target=\"_blank\"><strong>CONCURSOS&nbsp;2020<\/strong><\/a><\/p>\n\n\n\n<p style=\"font-size:22px\" class=\"has-background has-text-align-center has-pale-cyan-blue-background-color\"> <strong><a rel=\"noreferrer noopener\" href=\"https:\/\/www.estrategiaconcursos.com.br\/blog\/concursos-de-direito\/\" target=\"_blank\">CONCURSOS&nbsp;DE DIREITO<\/a><\/strong> <\/p>\n","protected":false},"excerpt":{"rendered":"<p>Na quarta-feira, 05 de fevereiro, por 8 votos a 1, os ministros do Supremo Tribunal Federal que editais de concurso p\u00fablico n\u00e3o podem vetar participa\u00e7\u00e3o de candidatos que respondem a processos criminais. O fundamento da decis\u00e3o foi o de que esse tipo de veto viola o princ\u00edpio de presun\u00e7\u00e3o da inoc\u00eancia, presente no artigo 5.\u00ba, [&hellip;]<\/p>\n","protected":false},"author":180,"featured_media":0,"comment_status":"open","ping_status":"closed","sticky":false,"template":"","format":"standard","meta":{"post_tipo":"article","footnotes":""},"categories":[1],"tags":[],"tax_estado":[],"class_list":["post-478947","post","type-post","status-publish","format-standard","hentry","category-cursos-e-concursos"],"acf":[],"yoast_head":"<!-- This site is optimized with the Yoast SEO Premium plugin v27.2 (Yoast SEO v27.2) - https:\/\/yoast.com\/product\/yoast-seo-premium-wordpress\/ -->\n<title>STF: responder a processo criminal N\u00c3O impede participa\u00e7\u00e3o em concurso!<\/title>\n<meta name=\"robots\" content=\"index, follow, max-snippet:-1, max-image-preview:large, max-video-preview:-1\" \/>\n<link rel=\"canonical\" href=\"https:\/\/www.estrategiaconcursos.com.br\/blog\/stf-processo-criminal-participacao-concurso\/\" \/>\n<meta property=\"og:locale\" content=\"pt_BR\" \/>\n<meta property=\"og:type\" content=\"article\" \/>\n<meta property=\"og:title\" content=\"STF: responder a processo criminal N\u00c3O impede participa\u00e7\u00e3o em concurso!\" \/>\n<meta property=\"og:description\" content=\"Na quarta-feira, 05 de fevereiro, por 8 votos a 1, os ministros do Supremo Tribunal Federal que editais de concurso p\u00fablico n\u00e3o podem vetar participa\u00e7\u00e3o de candidatos que respondem a processos criminais. O fundamento da decis\u00e3o foi o de que esse tipo de veto viola o princ\u00edpio de presun\u00e7\u00e3o da inoc\u00eancia, presente no artigo 5.\u00ba, [&hellip;]\" \/>\n<meta property=\"og:url\" content=\"https:\/\/www.estrategiaconcursos.com.br\/blog\/stf-processo-criminal-participacao-concurso\/\" \/>\n<meta property=\"og:site_name\" content=\"Estrat\u00e9gia Concursos\" \/>\n<meta property=\"article:author\" content=\"https:\/\/www.facebook.com\/ricardo.s.torques\" \/>\n<meta property=\"article:published_time\" content=\"2020-02-06T22:53:10+00:00\" \/>\n<meta property=\"article:modified_time\" content=\"2020-02-06T22:54:34+00:00\" \/>\n<meta name=\"author\" content=\"Ricardo Torques\" \/>\n<meta name=\"twitter:card\" content=\"summary_large_image\" \/>\n<meta name=\"twitter:creator\" content=\"@EstratConcursos\" \/>\n<meta name=\"twitter:site\" content=\"@EstratConcursos\" \/>\n<meta name=\"twitter:label1\" content=\"Escrito por\" \/>\n\t<meta name=\"twitter:data1\" content=\"Ricardo Torques\" \/>\n\t<meta name=\"twitter:label2\" content=\"Est. tempo de leitura\" \/>\n\t<meta name=\"twitter:data2\" content=\"3 minutos\" \/>\n<script type=\"application\/ld+json\" class=\"yoast-schema-graph\">{\"@context\":\"https:\/\/schema.org\",\"@graph\":[{\"@type\":\"NewsArticle\",\"@id\":\"https:\/\/www.estrategiaconcursos.com.br\/blog\/stf-processo-criminal-participacao-concurso\/#article\",\"isPartOf\":{\"@id\":\"https:\/\/www.estrategiaconcursos.com.br\/blog\/stf-processo-criminal-participacao-concurso\/\"},\"author\":{\"name\":\"Ricardo Torques\",\"@id\":\"https:\/\/www.estrategiaconcursos.com.br\/blog\/#\/schema\/person\/aa39cf5ddb518e5bdce27c35788405e2\"},\"headline\":\"STF: responder a processo criminal N\u00c3O impede participa\u00e7\u00e3o em concurso!\",\"datePublished\":\"2020-02-06T22:53:10+00:00\",\"dateModified\":\"2020-02-06T22:54:34+00:00\",\"mainEntityOfPage\":{\"@id\":\"https:\/\/www.estrategiaconcursos.com.br\/blog\/stf-processo-criminal-participacao-concurso\/\"},\"wordCount\":571,\"commentCount\":0,\"publisher\":{\"@id\":\"https:\/\/www.estrategiaconcursos.com.br\/blog\/#organization\"},\"articleSection\":[\"Concursos P\u00fablicos\"],\"inLanguage\":\"pt-BR\",\"potentialAction\":[{\"@type\":\"CommentAction\",\"name\":\"Comment\",\"target\":[\"https:\/\/www.estrategiaconcursos.com.br\/blog\/stf-processo-criminal-participacao-concurso\/#respond\"]}],\"copyrightYear\":\"2020\",\"copyrightHolder\":{\"@id\":\"https:\/\/www.estrategiaconcursos.com.br\/blog\/#organization\"}},{\"@type\":\"WebPage\",\"@id\":\"https:\/\/www.estrategiaconcursos.com.br\/blog\/stf-processo-criminal-participacao-concurso\/\",\"url\":\"https:\/\/www.estrategiaconcursos.com.br\/blog\/stf-processo-criminal-participacao-concurso\/\",\"name\":\"STF: responder a processo criminal N\u00c3O impede participa\u00e7\u00e3o em concurso!\",\"isPartOf\":{\"@id\":\"https:\/\/www.estrategiaconcursos.com.br\/blog\/#website\"},\"datePublished\":\"2020-02-06T22:53:10+00:00\",\"dateModified\":\"2020-02-06T22:54:34+00:00\",\"breadcrumb\":{\"@id\":\"https:\/\/www.estrategiaconcursos.com.br\/blog\/stf-processo-criminal-participacao-concurso\/#breadcrumb\"},\"inLanguage\":\"pt-BR\",\"potentialAction\":[{\"@type\":\"ReadAction\",\"target\":[\"https:\/\/www.estrategiaconcursos.com.br\/blog\/stf-processo-criminal-participacao-concurso\/\"]}]},{\"@type\":\"BreadcrumbList\",\"@id\":\"https:\/\/www.estrategiaconcursos.com.br\/blog\/stf-processo-criminal-participacao-concurso\/#breadcrumb\",\"itemListElement\":[{\"@type\":\"ListItem\",\"position\":1,\"name\":\"In\u00edcio\",\"item\":\"https:\/\/www.estrategiaconcursos.com.br\/blog\/\"},{\"@type\":\"ListItem\",\"position\":2,\"name\":\"STF: responder a processo criminal N\u00c3O impede participa\u00e7\u00e3o em concurso!\"}]},{\"@type\":\"WebSite\",\"@id\":\"https:\/\/www.estrategiaconcursos.com.br\/blog\/#website\",\"url\":\"https:\/\/www.estrategiaconcursos.com.br\/blog\/\",\"name\":\"Estrat\u00e9gia Concursos\",\"description\":\"O blog da Estrat\u00e9gia Concursos traz not\u00edcias sobre concursos e artigos de professores oferecendo cursos para concursos (pdf + videaulas) no site.\",\"publisher\":{\"@id\":\"https:\/\/www.estrategiaconcursos.com.br\/blog\/#organization\"},\"potentialAction\":[{\"@type\":\"SearchAction\",\"target\":{\"@type\":\"EntryPoint\",\"urlTemplate\":\"https:\/\/www.estrategiaconcursos.com.br\/blog\/?s={search_term_string}\"},\"query-input\":{\"@type\":\"PropertyValueSpecification\",\"valueRequired\":true,\"valueName\":\"search_term_string\"}}],\"inLanguage\":\"pt-BR\"},{\"@type\":\"Organization\",\"@id\":\"https:\/\/www.estrategiaconcursos.com.br\/blog\/#organization\",\"name\":\"Estrat\u00e9gia Concursos\",\"url\":\"https:\/\/www.estrategiaconcursos.com.br\/blog\/\",\"logo\":{\"@type\":\"ImageObject\",\"inLanguage\":\"pt-BR\",\"@id\":\"https:\/\/www.estrategiaconcursos.com.br\/blog\/#\/schema\/logo\/image\/\",\"url\":\"https:\/\/dhg1h5j42swfq.cloudfront.net\/2025\/06\/03203428\/logo_concursos-1.jpg\",\"contentUrl\":\"https:\/\/dhg1h5j42swfq.cloudfront.net\/2025\/06\/03203428\/logo_concursos-1.jpg\",\"width\":230,\"height\":60,\"caption\":\"Estrat\u00e9gia Concursos\"},\"image\":{\"@id\":\"https:\/\/www.estrategiaconcursos.com.br\/blog\/#\/schema\/logo\/image\/\"},\"sameAs\":[\"https:\/\/x.com\/EstratConcursos\"]},{\"@type\":\"Person\",\"@id\":\"https:\/\/www.estrategiaconcursos.com.br\/blog\/#\/schema\/person\/aa39cf5ddb518e5bdce27c35788405e2\",\"name\":\"Ricardo Torques\",\"image\":{\"@type\":\"ImageObject\",\"inLanguage\":\"pt-BR\",\"@id\":\"https:\/\/secure.gravatar.com\/avatar\/ce9ac6c3cff25fe86d15ed568ebc64d1724baf5c0693133bcb1f6073f712f92a?s=96&d=mm&r=g\",\"url\":\"https:\/\/secure.gravatar.com\/avatar\/ce9ac6c3cff25fe86d15ed568ebc64d1724baf5c0693133bcb1f6073f712f92a?s=96&d=mm&r=g\",\"contentUrl\":\"https:\/\/secure.gravatar.com\/avatar\/ce9ac6c3cff25fe86d15ed568ebc64d1724baf5c0693133bcb1f6073f712f92a?s=96&d=mm&r=g\",\"caption\":\"Ricardo Torques\"},\"sameAs\":[\"https:\/\/www.facebook.com\/ricardo.s.torques\"],\"url\":\"https:\/\/www.estrategiaconcursos.com.br\/blog\/author\/ricardotorquesestrategiaconcursos-com-br\/\"}]}<\/script>\n<!-- \/ Yoast SEO Premium plugin. -->","yoast_head_json":{"title":"STF: responder a processo criminal N\u00c3O impede participa\u00e7\u00e3o em concurso!","robots":{"index":"index","follow":"follow","max-snippet":"max-snippet:-1","max-image-preview":"max-image-preview:large","max-video-preview":"max-video-preview:-1"},"canonical":"https:\/\/www.estrategiaconcursos.com.br\/blog\/stf-processo-criminal-participacao-concurso\/","og_locale":"pt_BR","og_type":"article","og_title":"STF: responder a processo criminal N\u00c3O impede participa\u00e7\u00e3o em concurso!","og_description":"Na quarta-feira, 05 de fevereiro, por 8 votos a 1, os ministros do Supremo Tribunal Federal que editais de concurso p\u00fablico n\u00e3o podem vetar participa\u00e7\u00e3o de candidatos que respondem a processos criminais. O fundamento da decis\u00e3o foi o de que esse tipo de veto viola o princ\u00edpio de presun\u00e7\u00e3o da inoc\u00eancia, presente no artigo 5.\u00ba, [&hellip;]","og_url":"https:\/\/www.estrategiaconcursos.com.br\/blog\/stf-processo-criminal-participacao-concurso\/","og_site_name":"Estrat\u00e9gia Concursos","article_author":"https:\/\/www.facebook.com\/ricardo.s.torques","article_published_time":"2020-02-06T22:53:10+00:00","article_modified_time":"2020-02-06T22:54:34+00:00","author":"Ricardo Torques","twitter_card":"summary_large_image","twitter_creator":"@EstratConcursos","twitter_site":"@EstratConcursos","twitter_misc":{"Escrito por":"Ricardo Torques","Est. tempo de leitura":"3 minutos"},"schema":{"@context":"https:\/\/schema.org","@graph":[{"@type":"NewsArticle","@id":"https:\/\/www.estrategiaconcursos.com.br\/blog\/stf-processo-criminal-participacao-concurso\/#article","isPartOf":{"@id":"https:\/\/www.estrategiaconcursos.com.br\/blog\/stf-processo-criminal-participacao-concurso\/"},"author":{"name":"Ricardo Torques","@id":"https:\/\/www.estrategiaconcursos.com.br\/blog\/#\/schema\/person\/aa39cf5ddb518e5bdce27c35788405e2"},"headline":"STF: responder a processo criminal N\u00c3O impede participa\u00e7\u00e3o em concurso!","datePublished":"2020-02-06T22:53:10+00:00","dateModified":"2020-02-06T22:54:34+00:00","mainEntityOfPage":{"@id":"https:\/\/www.estrategiaconcursos.com.br\/blog\/stf-processo-criminal-participacao-concurso\/"},"wordCount":571,"commentCount":0,"publisher":{"@id":"https:\/\/www.estrategiaconcursos.com.br\/blog\/#organization"},"articleSection":["Concursos P\u00fablicos"],"inLanguage":"pt-BR","potentialAction":[{"@type":"CommentAction","name":"Comment","target":["https:\/\/www.estrategiaconcursos.com.br\/blog\/stf-processo-criminal-participacao-concurso\/#respond"]}],"copyrightYear":"2020","copyrightHolder":{"@id":"https:\/\/www.estrategiaconcursos.com.br\/blog\/#organization"}},{"@type":"WebPage","@id":"https:\/\/www.estrategiaconcursos.com.br\/blog\/stf-processo-criminal-participacao-concurso\/","url":"https:\/\/www.estrategiaconcursos.com.br\/blog\/stf-processo-criminal-participacao-concurso\/","name":"STF: responder a processo criminal N\u00c3O impede participa\u00e7\u00e3o em concurso!","isPartOf":{"@id":"https:\/\/www.estrategiaconcursos.com.br\/blog\/#website"},"datePublished":"2020-02-06T22:53:10+00:00","dateModified":"2020-02-06T22:54:34+00:00","breadcrumb":{"@id":"https:\/\/www.estrategiaconcursos.com.br\/blog\/stf-processo-criminal-participacao-concurso\/#breadcrumb"},"inLanguage":"pt-BR","potentialAction":[{"@type":"ReadAction","target":["https:\/\/www.estrategiaconcursos.com.br\/blog\/stf-processo-criminal-participacao-concurso\/"]}]},{"@type":"BreadcrumbList","@id":"https:\/\/www.estrategiaconcursos.com.br\/blog\/stf-processo-criminal-participacao-concurso\/#breadcrumb","itemListElement":[{"@type":"ListItem","position":1,"name":"In\u00edcio","item":"https:\/\/www.estrategiaconcursos.com.br\/blog\/"},{"@type":"ListItem","position":2,"name":"STF: responder a processo criminal N\u00c3O impede participa\u00e7\u00e3o em concurso!"}]},{"@type":"WebSite","@id":"https:\/\/www.estrategiaconcursos.com.br\/blog\/#website","url":"https:\/\/www.estrategiaconcursos.com.br\/blog\/","name":"Estrat\u00e9gia Concursos","description":"O blog da Estrat\u00e9gia Concursos traz not\u00edcias sobre concursos e artigos de professores oferecendo cursos para concursos (pdf + videaulas) no site.","publisher":{"@id":"https:\/\/www.estrategiaconcursos.com.br\/blog\/#organization"},"potentialAction":[{"@type":"SearchAction","target":{"@type":"EntryPoint","urlTemplate":"https:\/\/www.estrategiaconcursos.com.br\/blog\/?s={search_term_string}"},"query-input":{"@type":"PropertyValueSpecification","valueRequired":true,"valueName":"search_term_string"}}],"inLanguage":"pt-BR"},{"@type":"Organization","@id":"https:\/\/www.estrategiaconcursos.com.br\/blog\/#organization","name":"Estrat\u00e9gia Concursos","url":"https:\/\/www.estrategiaconcursos.com.br\/blog\/","logo":{"@type":"ImageObject","inLanguage":"pt-BR","@id":"https:\/\/www.estrategiaconcursos.com.br\/blog\/#\/schema\/logo\/image\/","url":"https:\/\/dhg1h5j42swfq.cloudfront.net\/2025\/06\/03203428\/logo_concursos-1.jpg","contentUrl":"https:\/\/dhg1h5j42swfq.cloudfront.net\/2025\/06\/03203428\/logo_concursos-1.jpg","width":230,"height":60,"caption":"Estrat\u00e9gia Concursos"},"image":{"@id":"https:\/\/www.estrategiaconcursos.com.br\/blog\/#\/schema\/logo\/image\/"},"sameAs":["https:\/\/x.com\/EstratConcursos"]},{"@type":"Person","@id":"https:\/\/www.estrategiaconcursos.com.br\/blog\/#\/schema\/person\/aa39cf5ddb518e5bdce27c35788405e2","name":"Ricardo Torques","image":{"@type":"ImageObject","inLanguage":"pt-BR","@id":"https:\/\/secure.gravatar.com\/avatar\/ce9ac6c3cff25fe86d15ed568ebc64d1724baf5c0693133bcb1f6073f712f92a?s=96&d=mm&r=g","url":"https:\/\/secure.gravatar.com\/avatar\/ce9ac6c3cff25fe86d15ed568ebc64d1724baf5c0693133bcb1f6073f712f92a?s=96&d=mm&r=g","contentUrl":"https:\/\/secure.gravatar.com\/avatar\/ce9ac6c3cff25fe86d15ed568ebc64d1724baf5c0693133bcb1f6073f712f92a?s=96&d=mm&r=g","caption":"Ricardo Torques"},"sameAs":["https:\/\/www.facebook.com\/ricardo.s.torques"],"url":"https:\/\/www.estrategiaconcursos.com.br\/blog\/author\/ricardotorquesestrategiaconcursos-com-br\/"}]}},"_links":{"self":[{"href":"https:\/\/www.estrategiaconcursos.com.br\/blog\/wp-json\/wp\/v2\/posts\/478947","targetHints":{"allow":["GET"]}}],"collection":[{"href":"https:\/\/www.estrategiaconcursos.com.br\/blog\/wp-json\/wp\/v2\/posts"}],"about":[{"href":"https:\/\/www.estrategiaconcursos.com.br\/blog\/wp-json\/wp\/v2\/types\/post"}],"author":[{"embeddable":true,"href":"https:\/\/www.estrategiaconcursos.com.br\/blog\/wp-json\/wp\/v2\/users\/180"}],"replies":[{"embeddable":true,"href":"https:\/\/www.estrategiaconcursos.com.br\/blog\/wp-json\/wp\/v2\/comments?post=478947"}],"version-history":[{"count":2,"href":"https:\/\/www.estrategiaconcursos.com.br\/blog\/wp-json\/wp\/v2\/posts\/478947\/revisions"}],"predecessor-version":[{"id":478951,"href":"https:\/\/www.estrategiaconcursos.com.br\/blog\/wp-json\/wp\/v2\/posts\/478947\/revisions\/478951"}],"wp:attachment":[{"href":"https:\/\/www.estrategiaconcursos.com.br\/blog\/wp-json\/wp\/v2\/media?parent=478947"}],"wp:term":[{"taxonomy":"category","embeddable":true,"href":"https:\/\/www.estrategiaconcursos.com.br\/blog\/wp-json\/wp\/v2\/categories?post=478947"},{"taxonomy":"post_tag","embeddable":true,"href":"https:\/\/www.estrategiaconcursos.com.br\/blog\/wp-json\/wp\/v2\/tags?post=478947"},{"taxonomy":"tax_estado","embeddable":true,"href":"https:\/\/www.estrategiaconcursos.com.br\/blog\/wp-json\/wp\/v2\/tax_estado?post=478947"}],"curies":[{"name":"wp","href":"https:\/\/api.w.org\/{rel}","templated":true}]}}