{"id":478772,"date":"2020-02-06T15:30:20","date_gmt":"2020-02-06T18:30:20","guid":{"rendered":"https:\/\/www.estrategiaconcursos.com.br\/blog\/?p=478772"},"modified":"2020-02-06T16:22:56","modified_gmt":"2020-02-06T19:22:56","slug":"resultado-da-prova-objetiva-e-redacao-do-concurso-alepi-confira","status":"publish","type":"post","link":"https:\/\/www.estrategiaconcursos.com.br\/blog\/resultado-da-prova-objetiva-e-redacao-do-concurso-alepi-confira\/","title":{"rendered":"Saiu resultado da prova objetiva e reda\u00e7\u00e3o do concurso ALEPI. Confira!"},"content":{"rendered":"\n<p>Foi divulgado nesta quinta-feira, 6 de fevereiro, o resultado da prova objetiva e de reda\u00e7\u00e3o do concurso Assembleia Legislativa do Piaui. A Avalia\u00e7\u00e3o ocorreu dia <strong>12 de janeiro<\/strong>.<\/p>\n\n\n\n<p>As notas foram publicadas no site da banca organizadora, a Copese, Confira abaixo:<\/p>\n\n\n\n<p style=\"background-color:#aad3d9\" class=\"has-background has-text-align-center has-medium-font-size\"><strong><a rel=\"noreferrer noopener\" aria-label=\"Resultado Prova Objetiva (abre numa nova aba)\" href=\"https:\/\/dhg1h5j42swfq.cloudfront.net\/2020\/02\/06151200\/resultado_final_objetiva.pdf\" target=\"_blank\">Resultado Prova Objetiva<\/a><br \/><a rel=\"noreferrer noopener\" aria-label=\"Resultado Reda\u00e7\u00e3o (abre numa nova aba)\" href=\"https:\/\/dhg1h5j42swfq.cloudfront.net\/2020\/02\/06151010\/pontuacao_redacao.pdf\" target=\"_blank\">Resultado Reda\u00e7\u00e3o<\/a><\/strong><\/p>\n\n\n\n<p> Ao todo s\u00e3o ofertadas\u00a0<strong>41 vagas<\/strong>\u00a0para cargos de n\u00edvel m\u00e9dio e superior. Foram\u00a050 quest\u00f5es de m\u00faltipla escolha\u00a0com 5 alternativas para cada quest\u00e3o, com dura\u00e7\u00e3o total de 5 horas. <\/p>\n\n\n\n<p>Remunera\u00e7\u00e3o inicial de&nbsp;<strong>R$4.068,39<\/strong>&nbsp;para os cargos de&nbsp;<strong>n\u00edvel Superior<\/strong>&nbsp;e de&nbsp;<em>R$2.310,14<\/em>&nbsp;para os cargos de&nbsp;<strong>n\u00edvel m\u00e9dio<\/strong>. A jornada de trabalho \u00e9 de 30 horas semanais para todos os cargos.<\/p>\n\n\n\n<p>A Remunera\u00e7\u00e3o \u00e9 o vencimento do cargo efetivo, acrescido das vantagens pecuni\u00e1rias permanentes, estabelecidas em lei. Al\u00e9m do vencimento, poder\u00e3o ser pagas ao servidor:<\/p>\n\n\n\n<ul class=\"wp-block-list\"><li>I \u2013 indeniza\u00e7\u00f5es;<\/li><li>II \u2013 gratifica\u00e7\u00f5es;<\/li><li>III \u2013 adicionais.<\/li><\/ul>\n\n\n\n<p class=\"has-background has-text-align-center has-very-light-gray-background-color\"><strong>Saiba mais:\u00a0<a href=\"https:\/\/www.estrategiaconcursos.com.br\/blog\/concurso-alepi\/\">Concurso ALEPI<\/a><\/strong><\/p>\n\n\n\n<p class=\"has-background has-text-align-center has-light-green-cyan-background-color\"><strong><a rel=\"noreferrer noopener\" href=\"https:\/\/www.estrategiaconcursos.com.br\/cursosPorConcurso\/assembleia-legislativa-do-piaui-ale-pi\/\" target=\"_blank\">Curso ALEPI<\/a><\/strong><\/p>\n\n\n\n<p class=\"has-text-align-center\"><strong><em>Assinatura ilimitada*<\/em><\/strong><\/p>\n\n\n\n<p class=\"has-text-align-center\"><em>Prepare-se com o melhor material e com quem mais aprova em Concursos P\u00fablicos em todo o pa\u00eds. Assine agora a nossa Assinatura Anual e tenha acesso ilimitado* a todos os nossos cursos.<\/em><\/p>\n\n\n\n<p class=\"has-background has-text-align-center has-luminous-vivid-amber-background-color\"><strong>ASSINE AGORA<\/strong>&nbsp;\u2013&nbsp;<a rel=\"noreferrer noopener\" href=\"https:\/\/www.estrategiaconcursos.com.br\/assinaturas\" target=\"_blank\"><strong>Assinatura Ilimitada<\/strong><\/a><\/p>\n\n\n\n<p class=\"has-background has-text-align-center has-pale-cyan-blue-background-color\"><strong><a href=\"https:\/\/www.estrategiaconcursos.com.br\/blog\/concursos-abertos\/\">CONCURSOS ABERTOS<\/a><\/strong><\/p>\n\n\n\n<p class=\"has-background has-text-align-center has-pale-cyan-blue-background-color\"><a href=\"https:\/\/www.estrategiaconcursos.com.br\/blog\/concursos-2020\/\"><strong>CONCURSOS<\/strong><\/a><strong><a href=\"https:\/\/www.estrategiaconcursos.com.br\/blog\/concursos-2020\/\">&nbsp;2020<\/a><\/strong><\/p>\n","protected":false},"excerpt":{"rendered":"<p>Foi divulgado nesta quinta-feira, 6 de fevereiro, o resultado da prova objetiva e de reda\u00e7\u00e3o do concurso Assembleia Legislativa do Piaui. A Avalia\u00e7\u00e3o ocorreu dia 12 de janeiro. As notas foram publicadas no site da banca organizadora, a Copese, Confira abaixo: Resultado Prova ObjetivaResultado Reda\u00e7\u00e3o Ao todo s\u00e3o ofertadas\u00a041 vagas\u00a0para cargos de n\u00edvel m\u00e9dio e [&hellip;]<\/p>\n","protected":false},"author":93,"featured_media":0,"comment_status":"open","ping_status":"closed","sticky":false,"template":"","format":"standard","meta":{"post_tipo":"article","footnotes":""},"categories":[1],"tags":[],"tax_estado":[],"class_list":["post-478772","post","type-post","status-publish","format-standard","hentry","category-cursos-e-concursos"],"acf":[],"yoast_head":"<!-- This site is optimized with the Yoast SEO Premium plugin v27.2 (Yoast SEO v27.2) - https:\/\/yoast.com\/product\/yoast-seo-premium-wordpress\/ -->\n<title>Saiu resultado da prova objetiva e reda\u00e7\u00e3o do concurso ALEPI. Confira!<\/title>\n<meta name=\"robots\" content=\"index, follow, max-snippet:-1, max-image-preview:large, max-video-preview:-1\" \/>\n<link rel=\"canonical\" href=\"https:\/\/www.estrategiaconcursos.com.br\/blog\/resultado-da-prova-objetiva-e-redacao-do-concurso-alepi-confira\/\" \/>\n<meta property=\"og:locale\" content=\"pt_BR\" \/>\n<meta property=\"og:type\" content=\"article\" \/>\n<meta property=\"og:title\" content=\"Saiu resultado da prova objetiva e reda\u00e7\u00e3o do concurso ALEPI. Confira!\" \/>\n<meta property=\"og:description\" content=\"Foi divulgado nesta quinta-feira, 6 de fevereiro, o resultado da prova objetiva e de reda\u00e7\u00e3o do concurso Assembleia Legislativa do Piaui. A Avalia\u00e7\u00e3o ocorreu dia 12 de janeiro. As notas foram publicadas no site da banca organizadora, a Copese, Confira abaixo: Resultado Prova ObjetivaResultado Reda\u00e7\u00e3o Ao todo s\u00e3o ofertadas\u00a041 vagas\u00a0para cargos de n\u00edvel m\u00e9dio e [&hellip;]\" \/>\n<meta property=\"og:url\" content=\"https:\/\/www.estrategiaconcursos.com.br\/blog\/resultado-da-prova-objetiva-e-redacao-do-concurso-alepi-confira\/\" \/>\n<meta property=\"og:site_name\" content=\"Estrat\u00e9gia Concursos\" \/>\n<meta property=\"article:published_time\" content=\"2020-02-06T18:30:20+00:00\" \/>\n<meta property=\"article:modified_time\" content=\"2020-02-06T19:22:56+00:00\" \/>\n<meta name=\"author\" content=\"Vinicius Silva\" \/>\n<meta name=\"twitter:card\" content=\"summary_large_image\" \/>\n<meta name=\"twitter:creator\" content=\"@EstratConcursos\" \/>\n<meta name=\"twitter:site\" content=\"@EstratConcursos\" \/>\n<meta name=\"twitter:label1\" content=\"Escrito por\" \/>\n\t<meta name=\"twitter:data1\" content=\"Vinicius Silva\" \/>\n\t<meta name=\"twitter:label2\" content=\"Est. tempo de leitura\" \/>\n\t<meta name=\"twitter:data2\" content=\"1 minuto\" \/>\n<script type=\"application\/ld+json\" class=\"yoast-schema-graph\">{\"@context\":\"https:\/\/schema.org\",\"@graph\":[{\"@type\":\"NewsArticle\",\"@id\":\"https:\/\/www.estrategiaconcursos.com.br\/blog\/resultado-da-prova-objetiva-e-redacao-do-concurso-alepi-confira\/#article\",\"isPartOf\":{\"@id\":\"https:\/\/www.estrategiaconcursos.com.br\/blog\/resultado-da-prova-objetiva-e-redacao-do-concurso-alepi-confira\/\"},\"author\":{\"name\":\"Vinicius Silva\",\"@id\":\"https:\/\/www.estrategiaconcursos.com.br\/blog\/#\/schema\/person\/20030622a981f9a942ad6b3561fe4ca4\"},\"headline\":\"Saiu resultado da prova objetiva e reda\u00e7\u00e3o do concurso ALEPI. Confira!\",\"datePublished\":\"2020-02-06T18:30:20+00:00\",\"dateModified\":\"2020-02-06T19:22:56+00:00\",\"mainEntityOfPage\":{\"@id\":\"https:\/\/www.estrategiaconcursos.com.br\/blog\/resultado-da-prova-objetiva-e-redacao-do-concurso-alepi-confira\/\"},\"wordCount\":221,\"commentCount\":0,\"publisher\":{\"@id\":\"https:\/\/www.estrategiaconcursos.com.br\/blog\/#organization\"},\"articleSection\":[\"Concursos P\u00fablicos\"],\"inLanguage\":\"pt-BR\",\"potentialAction\":[{\"@type\":\"CommentAction\",\"name\":\"Comment\",\"target\":[\"https:\/\/www.estrategiaconcursos.com.br\/blog\/resultado-da-prova-objetiva-e-redacao-do-concurso-alepi-confira\/#respond\"]}],\"copyrightYear\":\"2020\",\"copyrightHolder\":{\"@id\":\"https:\/\/www.estrategiaconcursos.com.br\/blog\/#organization\"}},{\"@type\":\"WebPage\",\"@id\":\"https:\/\/www.estrategiaconcursos.com.br\/blog\/resultado-da-prova-objetiva-e-redacao-do-concurso-alepi-confira\/\",\"url\":\"https:\/\/www.estrategiaconcursos.com.br\/blog\/resultado-da-prova-objetiva-e-redacao-do-concurso-alepi-confira\/\",\"name\":\"Saiu resultado da prova objetiva e reda\u00e7\u00e3o do concurso ALEPI. Confira!\",\"isPartOf\":{\"@id\":\"https:\/\/www.estrategiaconcursos.com.br\/blog\/#website\"},\"datePublished\":\"2020-02-06T18:30:20+00:00\",\"dateModified\":\"2020-02-06T19:22:56+00:00\",\"breadcrumb\":{\"@id\":\"https:\/\/www.estrategiaconcursos.com.br\/blog\/resultado-da-prova-objetiva-e-redacao-do-concurso-alepi-confira\/#breadcrumb\"},\"inLanguage\":\"pt-BR\",\"potentialAction\":[{\"@type\":\"ReadAction\",\"target\":[\"https:\/\/www.estrategiaconcursos.com.br\/blog\/resultado-da-prova-objetiva-e-redacao-do-concurso-alepi-confira\/\"]}]},{\"@type\":\"BreadcrumbList\",\"@id\":\"https:\/\/www.estrategiaconcursos.com.br\/blog\/resultado-da-prova-objetiva-e-redacao-do-concurso-alepi-confira\/#breadcrumb\",\"itemListElement\":[{\"@type\":\"ListItem\",\"position\":1,\"name\":\"In\u00edcio\",\"item\":\"https:\/\/www.estrategiaconcursos.com.br\/blog\/\"},{\"@type\":\"ListItem\",\"position\":2,\"name\":\"Saiu resultado da prova objetiva e reda\u00e7\u00e3o do concurso ALEPI. Confira!\"}]},{\"@type\":\"WebSite\",\"@id\":\"https:\/\/www.estrategiaconcursos.com.br\/blog\/#website\",\"url\":\"https:\/\/www.estrategiaconcursos.com.br\/blog\/\",\"name\":\"Estrat\u00e9gia Concursos\",\"description\":\"O blog da Estrat\u00e9gia Concursos traz not\u00edcias sobre concursos e artigos de professores oferecendo cursos para concursos (pdf + videaulas) no site.\",\"publisher\":{\"@id\":\"https:\/\/www.estrategiaconcursos.com.br\/blog\/#organization\"},\"potentialAction\":[{\"@type\":\"SearchAction\",\"target\":{\"@type\":\"EntryPoint\",\"urlTemplate\":\"https:\/\/www.estrategiaconcursos.com.br\/blog\/?s={search_term_string}\"},\"query-input\":{\"@type\":\"PropertyValueSpecification\",\"valueRequired\":true,\"valueName\":\"search_term_string\"}}],\"inLanguage\":\"pt-BR\"},{\"@type\":\"Organization\",\"@id\":\"https:\/\/www.estrategiaconcursos.com.br\/blog\/#organization\",\"name\":\"Estrat\u00e9gia Concursos\",\"url\":\"https:\/\/www.estrategiaconcursos.com.br\/blog\/\",\"logo\":{\"@type\":\"ImageObject\",\"inLanguage\":\"pt-BR\",\"@id\":\"https:\/\/www.estrategiaconcursos.com.br\/blog\/#\/schema\/logo\/image\/\",\"url\":\"https:\/\/dhg1h5j42swfq.cloudfront.net\/2025\/06\/03203428\/logo_concursos-1.jpg\",\"contentUrl\":\"https:\/\/dhg1h5j42swfq.cloudfront.net\/2025\/06\/03203428\/logo_concursos-1.jpg\",\"width\":230,\"height\":60,\"caption\":\"Estrat\u00e9gia Concursos\"},\"image\":{\"@id\":\"https:\/\/www.estrategiaconcursos.com.br\/blog\/#\/schema\/logo\/image\/\"},\"sameAs\":[\"https:\/\/x.com\/EstratConcursos\"]},{\"@type\":\"Person\",\"@id\":\"https:\/\/www.estrategiaconcursos.com.br\/blog\/#\/schema\/person\/20030622a981f9a942ad6b3561fe4ca4\",\"name\":\"Vinicius Silva\",\"image\":{\"@type\":\"ImageObject\",\"inLanguage\":\"pt-BR\",\"@id\":\"https:\/\/secure.gravatar.com\/avatar\/604d9670a4c7eea71feaa4381f3ae97e148292ac402671c5944aa67a3d127663?s=96&d=mm&r=g\",\"url\":\"https:\/\/secure.gravatar.com\/avatar\/604d9670a4c7eea71feaa4381f3ae97e148292ac402671c5944aa67a3d127663?s=96&d=mm&r=g\",\"contentUrl\":\"https:\/\/secure.gravatar.com\/avatar\/604d9670a4c7eea71feaa4381f3ae97e148292ac402671c5944aa67a3d127663?s=96&d=mm&r=g\",\"caption\":\"Vinicius Silva\"},\"url\":\"https:\/\/www.estrategiaconcursos.com.br\/blog\/author\/viniciussilvaestrategiaconcursos-com-br\/\"}]}<\/script>\n<!-- \/ Yoast SEO Premium plugin. -->","yoast_head_json":{"title":"Saiu resultado da prova objetiva e reda\u00e7\u00e3o do concurso ALEPI. Confira!","robots":{"index":"index","follow":"follow","max-snippet":"max-snippet:-1","max-image-preview":"max-image-preview:large","max-video-preview":"max-video-preview:-1"},"canonical":"https:\/\/www.estrategiaconcursos.com.br\/blog\/resultado-da-prova-objetiva-e-redacao-do-concurso-alepi-confira\/","og_locale":"pt_BR","og_type":"article","og_title":"Saiu resultado da prova objetiva e reda\u00e7\u00e3o do concurso ALEPI. Confira!","og_description":"Foi divulgado nesta quinta-feira, 6 de fevereiro, o resultado da prova objetiva e de reda\u00e7\u00e3o do concurso Assembleia Legislativa do Piaui. A Avalia\u00e7\u00e3o ocorreu dia 12 de janeiro. As notas foram publicadas no site da banca organizadora, a Copese, Confira abaixo: Resultado Prova ObjetivaResultado Reda\u00e7\u00e3o Ao todo s\u00e3o ofertadas\u00a041 vagas\u00a0para cargos de n\u00edvel m\u00e9dio e [&hellip;]","og_url":"https:\/\/www.estrategiaconcursos.com.br\/blog\/resultado-da-prova-objetiva-e-redacao-do-concurso-alepi-confira\/","og_site_name":"Estrat\u00e9gia Concursos","article_published_time":"2020-02-06T18:30:20+00:00","article_modified_time":"2020-02-06T19:22:56+00:00","author":"Vinicius Silva","twitter_card":"summary_large_image","twitter_creator":"@EstratConcursos","twitter_site":"@EstratConcursos","twitter_misc":{"Escrito por":"Vinicius Silva","Est. tempo de leitura":"1 minuto"},"schema":{"@context":"https:\/\/schema.org","@graph":[{"@type":"NewsArticle","@id":"https:\/\/www.estrategiaconcursos.com.br\/blog\/resultado-da-prova-objetiva-e-redacao-do-concurso-alepi-confira\/#article","isPartOf":{"@id":"https:\/\/www.estrategiaconcursos.com.br\/blog\/resultado-da-prova-objetiva-e-redacao-do-concurso-alepi-confira\/"},"author":{"name":"Vinicius Silva","@id":"https:\/\/www.estrategiaconcursos.com.br\/blog\/#\/schema\/person\/20030622a981f9a942ad6b3561fe4ca4"},"headline":"Saiu resultado da prova objetiva e reda\u00e7\u00e3o do concurso ALEPI. Confira!","datePublished":"2020-02-06T18:30:20+00:00","dateModified":"2020-02-06T19:22:56+00:00","mainEntityOfPage":{"@id":"https:\/\/www.estrategiaconcursos.com.br\/blog\/resultado-da-prova-objetiva-e-redacao-do-concurso-alepi-confira\/"},"wordCount":221,"commentCount":0,"publisher":{"@id":"https:\/\/www.estrategiaconcursos.com.br\/blog\/#organization"},"articleSection":["Concursos P\u00fablicos"],"inLanguage":"pt-BR","potentialAction":[{"@type":"CommentAction","name":"Comment","target":["https:\/\/www.estrategiaconcursos.com.br\/blog\/resultado-da-prova-objetiva-e-redacao-do-concurso-alepi-confira\/#respond"]}],"copyrightYear":"2020","copyrightHolder":{"@id":"https:\/\/www.estrategiaconcursos.com.br\/blog\/#organization"}},{"@type":"WebPage","@id":"https:\/\/www.estrategiaconcursos.com.br\/blog\/resultado-da-prova-objetiva-e-redacao-do-concurso-alepi-confira\/","url":"https:\/\/www.estrategiaconcursos.com.br\/blog\/resultado-da-prova-objetiva-e-redacao-do-concurso-alepi-confira\/","name":"Saiu resultado da prova objetiva e reda\u00e7\u00e3o do concurso ALEPI. Confira!","isPartOf":{"@id":"https:\/\/www.estrategiaconcursos.com.br\/blog\/#website"},"datePublished":"2020-02-06T18:30:20+00:00","dateModified":"2020-02-06T19:22:56+00:00","breadcrumb":{"@id":"https:\/\/www.estrategiaconcursos.com.br\/blog\/resultado-da-prova-objetiva-e-redacao-do-concurso-alepi-confira\/#breadcrumb"},"inLanguage":"pt-BR","potentialAction":[{"@type":"ReadAction","target":["https:\/\/www.estrategiaconcursos.com.br\/blog\/resultado-da-prova-objetiva-e-redacao-do-concurso-alepi-confira\/"]}]},{"@type":"BreadcrumbList","@id":"https:\/\/www.estrategiaconcursos.com.br\/blog\/resultado-da-prova-objetiva-e-redacao-do-concurso-alepi-confira\/#breadcrumb","itemListElement":[{"@type":"ListItem","position":1,"name":"In\u00edcio","item":"https:\/\/www.estrategiaconcursos.com.br\/blog\/"},{"@type":"ListItem","position":2,"name":"Saiu resultado da prova objetiva e reda\u00e7\u00e3o do concurso ALEPI. Confira!"}]},{"@type":"WebSite","@id":"https:\/\/www.estrategiaconcursos.com.br\/blog\/#website","url":"https:\/\/www.estrategiaconcursos.com.br\/blog\/","name":"Estrat\u00e9gia Concursos","description":"O blog da Estrat\u00e9gia Concursos traz not\u00edcias sobre concursos e artigos de professores oferecendo cursos para concursos (pdf + videaulas) no site.","publisher":{"@id":"https:\/\/www.estrategiaconcursos.com.br\/blog\/#organization"},"potentialAction":[{"@type":"SearchAction","target":{"@type":"EntryPoint","urlTemplate":"https:\/\/www.estrategiaconcursos.com.br\/blog\/?s={search_term_string}"},"query-input":{"@type":"PropertyValueSpecification","valueRequired":true,"valueName":"search_term_string"}}],"inLanguage":"pt-BR"},{"@type":"Organization","@id":"https:\/\/www.estrategiaconcursos.com.br\/blog\/#organization","name":"Estrat\u00e9gia Concursos","url":"https:\/\/www.estrategiaconcursos.com.br\/blog\/","logo":{"@type":"ImageObject","inLanguage":"pt-BR","@id":"https:\/\/www.estrategiaconcursos.com.br\/blog\/#\/schema\/logo\/image\/","url":"https:\/\/dhg1h5j42swfq.cloudfront.net\/2025\/06\/03203428\/logo_concursos-1.jpg","contentUrl":"https:\/\/dhg1h5j42swfq.cloudfront.net\/2025\/06\/03203428\/logo_concursos-1.jpg","width":230,"height":60,"caption":"Estrat\u00e9gia Concursos"},"image":{"@id":"https:\/\/www.estrategiaconcursos.com.br\/blog\/#\/schema\/logo\/image\/"},"sameAs":["https:\/\/x.com\/EstratConcursos"]},{"@type":"Person","@id":"https:\/\/www.estrategiaconcursos.com.br\/blog\/#\/schema\/person\/20030622a981f9a942ad6b3561fe4ca4","name":"Vinicius Silva","image":{"@type":"ImageObject","inLanguage":"pt-BR","@id":"https:\/\/secure.gravatar.com\/avatar\/604d9670a4c7eea71feaa4381f3ae97e148292ac402671c5944aa67a3d127663?s=96&d=mm&r=g","url":"https:\/\/secure.gravatar.com\/avatar\/604d9670a4c7eea71feaa4381f3ae97e148292ac402671c5944aa67a3d127663?s=96&d=mm&r=g","contentUrl":"https:\/\/secure.gravatar.com\/avatar\/604d9670a4c7eea71feaa4381f3ae97e148292ac402671c5944aa67a3d127663?s=96&d=mm&r=g","caption":"Vinicius Silva"},"url":"https:\/\/www.estrategiaconcursos.com.br\/blog\/author\/viniciussilvaestrategiaconcursos-com-br\/"}]}},"_links":{"self":[{"href":"https:\/\/www.estrategiaconcursos.com.br\/blog\/wp-json\/wp\/v2\/posts\/478772","targetHints":{"allow":["GET"]}}],"collection":[{"href":"https:\/\/www.estrategiaconcursos.com.br\/blog\/wp-json\/wp\/v2\/posts"}],"about":[{"href":"https:\/\/www.estrategiaconcursos.com.br\/blog\/wp-json\/wp\/v2\/types\/post"}],"author":[{"embeddable":true,"href":"https:\/\/www.estrategiaconcursos.com.br\/blog\/wp-json\/wp\/v2\/users\/93"}],"replies":[{"embeddable":true,"href":"https:\/\/www.estrategiaconcursos.com.br\/blog\/wp-json\/wp\/v2\/comments?post=478772"}],"version-history":[{"count":2,"href":"https:\/\/www.estrategiaconcursos.com.br\/blog\/wp-json\/wp\/v2\/posts\/478772\/revisions"}],"predecessor-version":[{"id":478843,"href":"https:\/\/www.estrategiaconcursos.com.br\/blog\/wp-json\/wp\/v2\/posts\/478772\/revisions\/478843"}],"wp:attachment":[{"href":"https:\/\/www.estrategiaconcursos.com.br\/blog\/wp-json\/wp\/v2\/media?parent=478772"}],"wp:term":[{"taxonomy":"category","embeddable":true,"href":"https:\/\/www.estrategiaconcursos.com.br\/blog\/wp-json\/wp\/v2\/categories?post=478772"},{"taxonomy":"post_tag","embeddable":true,"href":"https:\/\/www.estrategiaconcursos.com.br\/blog\/wp-json\/wp\/v2\/tags?post=478772"},{"taxonomy":"tax_estado","embeddable":true,"href":"https:\/\/www.estrategiaconcursos.com.br\/blog\/wp-json\/wp\/v2\/tax_estado?post=478772"}],"curies":[{"name":"wp","href":"https:\/\/api.w.org\/{rel}","templated":true}]}}