{"id":478755,"date":"2020-02-06T14:55:21","date_gmt":"2020-02-06T17:55:21","guid":{"rendered":"https:\/\/www.estrategiaconcursos.com.br\/blog\/?p=478755"},"modified":"2020-02-06T14:55:22","modified_gmt":"2020-02-06T17:55:22","slug":"calendario-vestibular-uerj-2021","status":"publish","type":"post","link":"https:\/\/www.estrategiaconcursos.com.br\/blog\/calendario-vestibular-uerj-2021\/","title":{"rendered":"Divulgado calend\u00e1rio de provas do Vestibular UERJ de 2021"},"content":{"rendered":"\n<p>A Universidade do Estado do Rio de Janeiro (UERJ), divulgou nesta semana o calend\u00e1rio de provas do <em><a rel=\"noreferrer noopener\" aria-label=\"vestibular UERJ (abre numa nova aba)\" href=\"https:\/\/blog.estrategiavestibulares.com.br\/vestibular-uerj\/\" target=\"_blank\">vestibular UERJ<\/a><\/em> 2021. A institui\u00e7\u00e3o informou que todo o cronograma do processo seletivo deve ser divulgado posteriormente. Com a defini\u00e7\u00e3o das datas do calend\u00e1rio, a prova ser\u00e1 aplicada no dia 7 de junho.<\/p>\n\n\n\n<ul class=\"wp-block-list\"><li><a href=\"https:\/\/blog.estrategiavestibulares.com.br\/vestibular-uerj\/\" target=\"_blank\" rel=\"noreferrer noopener\" aria-label=\"Vestibular UERJ (abre numa nova aba)\"><em>Vestibular UERJ<\/em><\/a><\/li><li><em><a href=\"https:\/\/blog.estrategiavestibulares.com.br\/simulado-vestibular-gratuito\/\" target=\"_blank\" rel=\"noreferrer noopener\" aria-label=\"Simulado UERJ (abre numa nova aba)\">Simulado UERJ<\/a><\/em><\/li><\/ul>\n\n\n\n<p>Desta vez, a UERJ aplicar\u00e1 as provas do vestibular UERJ em duas edi\u00e7\u00f5es do. A primeira ser\u00e1 aplicada no dia 7 de junho. J\u00e1 o segundo Exame de Qualifica\u00e7\u00e3o deve ser aplicado no dia 13 de setembro.\u00a0As provas discursivas est\u00e3o previstas para serem aplicadas no dia 29 de novembro.<\/p>\n\n\n\n<p>Ainda no m\u00eas de janeiro, a Universidade Estadual do Rio de Janeiro havia anunciado quais seriam as obras liter\u00e1rias cobradas como repert\u00f3rio no Vestibular 2021. Cada etapa da sele\u00e7\u00e3o conta com um livro diferente como literatura obrigat\u00f3ria.<\/p>\n\n\n\n<ul class=\"wp-block-list\"><li><strong>1\u00ba Exame de Qualifica\u00e7\u00e3o:<\/strong><br \/><strong>Triste fim de Policarpo Quaresma<\/strong>, de Lima Barreto<\/li><li><strong>2\u00ba Exame de Qualifica\u00e7\u00e3o:<\/strong><br \/><strong>Assim na terra como embaixo da terra<\/strong>, de Ana Paula Maia<\/li><li><strong>Exame Discursivo<\/strong><br \/><strong>Reda\u00e7\u00e3o (todos os cursos):\u00a01984<\/strong>, de George Orwell<\/li><li><strong>Exame Discursivo &#8211; L\u00edngua Portuguesa e Literaturas (espec\u00edfica)<\/strong><br \/><strong>Os Sonetos<\/strong>, de Luiz de Cam\u00f5es<\/li><\/ul>\n\n\n\n<p class=\"has-background has-text-align-center has-medium-font-size has-pale-cyan-blue-background-color\"><a href=\"https:\/\/estrategiavestibulares.com.br\/vestibulares\/uerj\/\" target=\"_blank\" rel=\"noreferrer noopener\" aria-label=\"CURSO UERJ (abre numa nova aba)\">CURSO UERJ<\/a><\/p>\n","protected":false},"excerpt":{"rendered":"<p>A Universidade do Estado do Rio de Janeiro (UERJ), divulgou nesta semana o calend\u00e1rio de provas do vestibular UERJ 2021. A institui\u00e7\u00e3o informou que todo o cronograma do processo seletivo deve ser divulgado posteriormente. Com a defini\u00e7\u00e3o das datas do calend\u00e1rio, a prova ser\u00e1 aplicada no dia 7 de junho. Vestibular UERJ Simulado UERJ Desta [&hellip;]<\/p>\n","protected":false},"author":1,"featured_media":478759,"comment_status":"open","ping_status":"closed","sticky":false,"template":"","format":"standard","meta":{"post_tipo":"news","footnotes":""},"categories":[1],"tags":[],"tax_estado":[],"class_list":["post-478755","post","type-post","status-publish","format-standard","has-post-thumbnail","hentry","category-cursos-e-concursos"],"acf":[],"yoast_head":"<!-- This site is optimized with the Yoast SEO Premium plugin v27.2 (Yoast SEO v27.2) - https:\/\/yoast.com\/product\/yoast-seo-premium-wordpress\/ -->\n<title>Divulgado calend\u00e1rio de provas do Vestibular UERJ de 2021<\/title>\n<meta name=\"robots\" content=\"index, follow, max-snippet:-1, max-image-preview:large, max-video-preview:-1\" \/>\n<link rel=\"canonical\" href=\"https:\/\/www.estrategiaconcursos.com.br\/blog\/calendario-vestibular-uerj-2021\/\" \/>\n<meta property=\"og:locale\" content=\"pt_BR\" \/>\n<meta property=\"og:type\" content=\"article\" \/>\n<meta property=\"og:title\" content=\"Divulgado calend\u00e1rio de provas do Vestibular UERJ de 2021\" \/>\n<meta property=\"og:description\" content=\"A Universidade do Estado do Rio de Janeiro (UERJ), divulgou nesta semana o calend\u00e1rio de provas do vestibular UERJ 2021. A institui\u00e7\u00e3o informou que todo o cronograma do processo seletivo deve ser divulgado posteriormente. Com a defini\u00e7\u00e3o das datas do calend\u00e1rio, a prova ser\u00e1 aplicada no dia 7 de junho. Vestibular UERJ Simulado UERJ Desta [&hellip;]\" \/>\n<meta property=\"og:url\" content=\"https:\/\/www.estrategiaconcursos.com.br\/blog\/calendario-vestibular-uerj-2021\/\" \/>\n<meta property=\"og:site_name\" content=\"Estrat\u00e9gia Concursos\" \/>\n<meta property=\"article:author\" content=\"https:\/\/www.facebook.com\/EstrategiaConcursos\" \/>\n<meta property=\"article:published_time\" content=\"2020-02-06T17:55:21+00:00\" \/>\n<meta property=\"article:modified_time\" content=\"2020-02-06T17:55:22+00:00\" \/>\n<meta property=\"og:image\" content=\"https:\/\/dhg1h5j42swfq.cloudfront.net\/2020\/02\/06144709\/vestibular-uerj.png\" \/>\n\t<meta property=\"og:image:width\" content=\"500\" \/>\n\t<meta property=\"og:image:height\" content=\"334\" \/>\n\t<meta property=\"og:image:type\" content=\"image\/png\" \/>\n<meta name=\"author\" content=\"Coordena\u00e7\u00e3o\" \/>\n<meta name=\"twitter:card\" content=\"summary_large_image\" \/>\n<meta name=\"twitter:creator\" content=\"@EstratConcursos\" \/>\n<meta name=\"twitter:site\" content=\"@EstratConcursos\" \/>\n<meta name=\"twitter:label1\" content=\"Escrito por\" \/>\n\t<meta name=\"twitter:data1\" content=\"Coordena\u00e7\u00e3o\" \/>\n\t<meta name=\"twitter:label2\" content=\"Est. tempo de leitura\" \/>\n\t<meta name=\"twitter:data2\" content=\"1 minuto\" \/>\n<script type=\"application\/ld+json\" class=\"yoast-schema-graph\">{\"@context\":\"https:\/\/schema.org\",\"@graph\":[{\"@type\":\"NewsArticle\",\"@id\":\"https:\/\/www.estrategiaconcursos.com.br\/blog\/calendario-vestibular-uerj-2021\/#article\",\"isPartOf\":{\"@id\":\"https:\/\/www.estrategiaconcursos.com.br\/blog\/calendario-vestibular-uerj-2021\/\"},\"author\":{\"name\":\"Coordena\u00e7\u00e3o\",\"@id\":\"https:\/\/www.estrategiaconcursos.com.br\/blog\/#\/schema\/person\/b4a388c97673c5f483d72185668afa1f\"},\"headline\":\"Divulgado calend\u00e1rio de provas do Vestibular UERJ de 2021\",\"datePublished\":\"2020-02-06T17:55:21+00:00\",\"dateModified\":\"2020-02-06T17:55:22+00:00\",\"mainEntityOfPage\":{\"@id\":\"https:\/\/www.estrategiaconcursos.com.br\/blog\/calendario-vestibular-uerj-2021\/\"},\"wordCount\":212,\"commentCount\":1,\"publisher\":{\"@id\":\"https:\/\/www.estrategiaconcursos.com.br\/blog\/#organization\"},\"image\":{\"@id\":\"https:\/\/www.estrategiaconcursos.com.br\/blog\/calendario-vestibular-uerj-2021\/#primaryimage\"},\"thumbnailUrl\":\"https:\/\/dhg1h5j42swfq.cloudfront.net\/2020\/02\/06144709\/vestibular-uerj.png\",\"articleSection\":[\"Concursos P\u00fablicos\"],\"inLanguage\":\"pt-BR\",\"potentialAction\":[{\"@type\":\"CommentAction\",\"name\":\"Comment\",\"target\":[\"https:\/\/www.estrategiaconcursos.com.br\/blog\/calendario-vestibular-uerj-2021\/#respond\"]}],\"copyrightYear\":\"2020\",\"copyrightHolder\":{\"@id\":\"https:\/\/www.estrategiaconcursos.com.br\/blog\/#organization\"}},{\"@type\":\"WebPage\",\"@id\":\"https:\/\/www.estrategiaconcursos.com.br\/blog\/calendario-vestibular-uerj-2021\/\",\"url\":\"https:\/\/www.estrategiaconcursos.com.br\/blog\/calendario-vestibular-uerj-2021\/\",\"name\":\"Divulgado calend\u00e1rio de provas do Vestibular UERJ de 2021\",\"isPartOf\":{\"@id\":\"https:\/\/www.estrategiaconcursos.com.br\/blog\/#website\"},\"primaryImageOfPage\":{\"@id\":\"https:\/\/www.estrategiaconcursos.com.br\/blog\/calendario-vestibular-uerj-2021\/#primaryimage\"},\"image\":{\"@id\":\"https:\/\/www.estrategiaconcursos.com.br\/blog\/calendario-vestibular-uerj-2021\/#primaryimage\"},\"thumbnailUrl\":\"https:\/\/dhg1h5j42swfq.cloudfront.net\/2020\/02\/06144709\/vestibular-uerj.png\",\"datePublished\":\"2020-02-06T17:55:21+00:00\",\"dateModified\":\"2020-02-06T17:55:22+00:00\",\"breadcrumb\":{\"@id\":\"https:\/\/www.estrategiaconcursos.com.br\/blog\/calendario-vestibular-uerj-2021\/#breadcrumb\"},\"inLanguage\":\"pt-BR\",\"potentialAction\":[{\"@type\":\"ReadAction\",\"target\":[\"https:\/\/www.estrategiaconcursos.com.br\/blog\/calendario-vestibular-uerj-2021\/\"]}]},{\"@type\":\"ImageObject\",\"inLanguage\":\"pt-BR\",\"@id\":\"https:\/\/www.estrategiaconcursos.com.br\/blog\/calendario-vestibular-uerj-2021\/#primaryimage\",\"url\":\"https:\/\/dhg1h5j42swfq.cloudfront.net\/2020\/02\/06144709\/vestibular-uerj.png\",\"contentUrl\":\"https:\/\/dhg1h5j42swfq.cloudfront.net\/2020\/02\/06144709\/vestibular-uerj.png\",\"width\":500,\"height\":334,\"caption\":\"vestibular uerj\"},{\"@type\":\"BreadcrumbList\",\"@id\":\"https:\/\/www.estrategiaconcursos.com.br\/blog\/calendario-vestibular-uerj-2021\/#breadcrumb\",\"itemListElement\":[{\"@type\":\"ListItem\",\"position\":1,\"name\":\"In\u00edcio\",\"item\":\"https:\/\/www.estrategiaconcursos.com.br\/blog\/\"},{\"@type\":\"ListItem\",\"position\":2,\"name\":\"Divulgado calend\u00e1rio de provas do Vestibular UERJ de 2021\"}]},{\"@type\":\"WebSite\",\"@id\":\"https:\/\/www.estrategiaconcursos.com.br\/blog\/#website\",\"url\":\"https:\/\/www.estrategiaconcursos.com.br\/blog\/\",\"name\":\"Estrat\u00e9gia Concursos\",\"description\":\"O blog da Estrat\u00e9gia Concursos traz not\u00edcias sobre concursos e artigos de professores oferecendo cursos para concursos (pdf + videaulas) no site.\",\"publisher\":{\"@id\":\"https:\/\/www.estrategiaconcursos.com.br\/blog\/#organization\"},\"potentialAction\":[{\"@type\":\"SearchAction\",\"target\":{\"@type\":\"EntryPoint\",\"urlTemplate\":\"https:\/\/www.estrategiaconcursos.com.br\/blog\/?s={search_term_string}\"},\"query-input\":{\"@type\":\"PropertyValueSpecification\",\"valueRequired\":true,\"valueName\":\"search_term_string\"}}],\"inLanguage\":\"pt-BR\"},{\"@type\":\"Organization\",\"@id\":\"https:\/\/www.estrategiaconcursos.com.br\/blog\/#organization\",\"name\":\"Estrat\u00e9gia Concursos\",\"url\":\"https:\/\/www.estrategiaconcursos.com.br\/blog\/\",\"logo\":{\"@type\":\"ImageObject\",\"inLanguage\":\"pt-BR\",\"@id\":\"https:\/\/www.estrategiaconcursos.com.br\/blog\/#\/schema\/logo\/image\/\",\"url\":\"https:\/\/dhg1h5j42swfq.cloudfront.net\/2025\/06\/03203428\/logo_concursos-1.jpg\",\"contentUrl\":\"https:\/\/dhg1h5j42swfq.cloudfront.net\/2025\/06\/03203428\/logo_concursos-1.jpg\",\"width\":230,\"height\":60,\"caption\":\"Estrat\u00e9gia Concursos\"},\"image\":{\"@id\":\"https:\/\/www.estrategiaconcursos.com.br\/blog\/#\/schema\/logo\/image\/\"},\"sameAs\":[\"https:\/\/x.com\/EstratConcursos\"]},{\"@type\":\"Person\",\"@id\":\"https:\/\/www.estrategiaconcursos.com.br\/blog\/#\/schema\/person\/b4a388c97673c5f483d72185668afa1f\",\"name\":\"Coordena\u00e7\u00e3o\",\"image\":{\"@type\":\"ImageObject\",\"inLanguage\":\"pt-BR\",\"@id\":\"https:\/\/secure.gravatar.com\/avatar\/b720319e4c9a967eb58678d110f4fe35452fc5d5f97b202bac7b8acceb18c6ad?s=96&d=mm&r=g\",\"url\":\"https:\/\/secure.gravatar.com\/avatar\/b720319e4c9a967eb58678d110f4fe35452fc5d5f97b202bac7b8acceb18c6ad?s=96&d=mm&r=g\",\"contentUrl\":\"https:\/\/secure.gravatar.com\/avatar\/b720319e4c9a967eb58678d110f4fe35452fc5d5f97b202bac7b8acceb18c6ad?s=96&d=mm&r=g\",\"caption\":\"Coordena\u00e7\u00e3o\"},\"sameAs\":[\"https:\/\/www.facebook.com\/EstrategiaConcursos\",\"https:\/\/x.com\/EstratConcursos\"],\"url\":\"https:\/\/www.estrategiaconcursos.com.br\/blog\/author\/estrategia2013\/\"}]}<\/script>\n<!-- \/ Yoast SEO Premium plugin. -->","yoast_head_json":{"title":"Divulgado calend\u00e1rio de provas do Vestibular UERJ de 2021","robots":{"index":"index","follow":"follow","max-snippet":"max-snippet:-1","max-image-preview":"max-image-preview:large","max-video-preview":"max-video-preview:-1"},"canonical":"https:\/\/www.estrategiaconcursos.com.br\/blog\/calendario-vestibular-uerj-2021\/","og_locale":"pt_BR","og_type":"article","og_title":"Divulgado calend\u00e1rio de provas do Vestibular UERJ de 2021","og_description":"A Universidade do Estado do Rio de Janeiro (UERJ), divulgou nesta semana o calend\u00e1rio de provas do vestibular UERJ 2021. A institui\u00e7\u00e3o informou que todo o cronograma do processo seletivo deve ser divulgado posteriormente. Com a defini\u00e7\u00e3o das datas do calend\u00e1rio, a prova ser\u00e1 aplicada no dia 7 de junho. Vestibular UERJ Simulado UERJ Desta [&hellip;]","og_url":"https:\/\/www.estrategiaconcursos.com.br\/blog\/calendario-vestibular-uerj-2021\/","og_site_name":"Estrat\u00e9gia Concursos","article_author":"https:\/\/www.facebook.com\/EstrategiaConcursos","article_published_time":"2020-02-06T17:55:21+00:00","article_modified_time":"2020-02-06T17:55:22+00:00","og_image":[{"width":500,"height":334,"url":"https:\/\/dhg1h5j42swfq.cloudfront.net\/2020\/02\/06144709\/vestibular-uerj.png","type":"image\/png"}],"author":"Coordena\u00e7\u00e3o","twitter_card":"summary_large_image","twitter_creator":"@EstratConcursos","twitter_site":"@EstratConcursos","twitter_misc":{"Escrito por":"Coordena\u00e7\u00e3o","Est. tempo de leitura":"1 minuto"},"schema":{"@context":"https:\/\/schema.org","@graph":[{"@type":"NewsArticle","@id":"https:\/\/www.estrategiaconcursos.com.br\/blog\/calendario-vestibular-uerj-2021\/#article","isPartOf":{"@id":"https:\/\/www.estrategiaconcursos.com.br\/blog\/calendario-vestibular-uerj-2021\/"},"author":{"name":"Coordena\u00e7\u00e3o","@id":"https:\/\/www.estrategiaconcursos.com.br\/blog\/#\/schema\/person\/b4a388c97673c5f483d72185668afa1f"},"headline":"Divulgado calend\u00e1rio de provas do Vestibular UERJ de 2021","datePublished":"2020-02-06T17:55:21+00:00","dateModified":"2020-02-06T17:55:22+00:00","mainEntityOfPage":{"@id":"https:\/\/www.estrategiaconcursos.com.br\/blog\/calendario-vestibular-uerj-2021\/"},"wordCount":212,"commentCount":1,"publisher":{"@id":"https:\/\/www.estrategiaconcursos.com.br\/blog\/#organization"},"image":{"@id":"https:\/\/www.estrategiaconcursos.com.br\/blog\/calendario-vestibular-uerj-2021\/#primaryimage"},"thumbnailUrl":"https:\/\/dhg1h5j42swfq.cloudfront.net\/2020\/02\/06144709\/vestibular-uerj.png","articleSection":["Concursos P\u00fablicos"],"inLanguage":"pt-BR","potentialAction":[{"@type":"CommentAction","name":"Comment","target":["https:\/\/www.estrategiaconcursos.com.br\/blog\/calendario-vestibular-uerj-2021\/#respond"]}],"copyrightYear":"2020","copyrightHolder":{"@id":"https:\/\/www.estrategiaconcursos.com.br\/blog\/#organization"}},{"@type":"WebPage","@id":"https:\/\/www.estrategiaconcursos.com.br\/blog\/calendario-vestibular-uerj-2021\/","url":"https:\/\/www.estrategiaconcursos.com.br\/blog\/calendario-vestibular-uerj-2021\/","name":"Divulgado calend\u00e1rio de provas do Vestibular UERJ de 2021","isPartOf":{"@id":"https:\/\/www.estrategiaconcursos.com.br\/blog\/#website"},"primaryImageOfPage":{"@id":"https:\/\/www.estrategiaconcursos.com.br\/blog\/calendario-vestibular-uerj-2021\/#primaryimage"},"image":{"@id":"https:\/\/www.estrategiaconcursos.com.br\/blog\/calendario-vestibular-uerj-2021\/#primaryimage"},"thumbnailUrl":"https:\/\/dhg1h5j42swfq.cloudfront.net\/2020\/02\/06144709\/vestibular-uerj.png","datePublished":"2020-02-06T17:55:21+00:00","dateModified":"2020-02-06T17:55:22+00:00","breadcrumb":{"@id":"https:\/\/www.estrategiaconcursos.com.br\/blog\/calendario-vestibular-uerj-2021\/#breadcrumb"},"inLanguage":"pt-BR","potentialAction":[{"@type":"ReadAction","target":["https:\/\/www.estrategiaconcursos.com.br\/blog\/calendario-vestibular-uerj-2021\/"]}]},{"@type":"ImageObject","inLanguage":"pt-BR","@id":"https:\/\/www.estrategiaconcursos.com.br\/blog\/calendario-vestibular-uerj-2021\/#primaryimage","url":"https:\/\/dhg1h5j42swfq.cloudfront.net\/2020\/02\/06144709\/vestibular-uerj.png","contentUrl":"https:\/\/dhg1h5j42swfq.cloudfront.net\/2020\/02\/06144709\/vestibular-uerj.png","width":500,"height":334,"caption":"vestibular uerj"},{"@type":"BreadcrumbList","@id":"https:\/\/www.estrategiaconcursos.com.br\/blog\/calendario-vestibular-uerj-2021\/#breadcrumb","itemListElement":[{"@type":"ListItem","position":1,"name":"In\u00edcio","item":"https:\/\/www.estrategiaconcursos.com.br\/blog\/"},{"@type":"ListItem","position":2,"name":"Divulgado calend\u00e1rio de provas do Vestibular UERJ de 2021"}]},{"@type":"WebSite","@id":"https:\/\/www.estrategiaconcursos.com.br\/blog\/#website","url":"https:\/\/www.estrategiaconcursos.com.br\/blog\/","name":"Estrat\u00e9gia Concursos","description":"O blog da Estrat\u00e9gia Concursos traz not\u00edcias sobre concursos e artigos de professores oferecendo cursos para concursos (pdf + videaulas) no site.","publisher":{"@id":"https:\/\/www.estrategiaconcursos.com.br\/blog\/#organization"},"potentialAction":[{"@type":"SearchAction","target":{"@type":"EntryPoint","urlTemplate":"https:\/\/www.estrategiaconcursos.com.br\/blog\/?s={search_term_string}"},"query-input":{"@type":"PropertyValueSpecification","valueRequired":true,"valueName":"search_term_string"}}],"inLanguage":"pt-BR"},{"@type":"Organization","@id":"https:\/\/www.estrategiaconcursos.com.br\/blog\/#organization","name":"Estrat\u00e9gia Concursos","url":"https:\/\/www.estrategiaconcursos.com.br\/blog\/","logo":{"@type":"ImageObject","inLanguage":"pt-BR","@id":"https:\/\/www.estrategiaconcursos.com.br\/blog\/#\/schema\/logo\/image\/","url":"https:\/\/dhg1h5j42swfq.cloudfront.net\/2025\/06\/03203428\/logo_concursos-1.jpg","contentUrl":"https:\/\/dhg1h5j42swfq.cloudfront.net\/2025\/06\/03203428\/logo_concursos-1.jpg","width":230,"height":60,"caption":"Estrat\u00e9gia Concursos"},"image":{"@id":"https:\/\/www.estrategiaconcursos.com.br\/blog\/#\/schema\/logo\/image\/"},"sameAs":["https:\/\/x.com\/EstratConcursos"]},{"@type":"Person","@id":"https:\/\/www.estrategiaconcursos.com.br\/blog\/#\/schema\/person\/b4a388c97673c5f483d72185668afa1f","name":"Coordena\u00e7\u00e3o","image":{"@type":"ImageObject","inLanguage":"pt-BR","@id":"https:\/\/secure.gravatar.com\/avatar\/b720319e4c9a967eb58678d110f4fe35452fc5d5f97b202bac7b8acceb18c6ad?s=96&d=mm&r=g","url":"https:\/\/secure.gravatar.com\/avatar\/b720319e4c9a967eb58678d110f4fe35452fc5d5f97b202bac7b8acceb18c6ad?s=96&d=mm&r=g","contentUrl":"https:\/\/secure.gravatar.com\/avatar\/b720319e4c9a967eb58678d110f4fe35452fc5d5f97b202bac7b8acceb18c6ad?s=96&d=mm&r=g","caption":"Coordena\u00e7\u00e3o"},"sameAs":["https:\/\/www.facebook.com\/EstrategiaConcursos","https:\/\/x.com\/EstratConcursos"],"url":"https:\/\/www.estrategiaconcursos.com.br\/blog\/author\/estrategia2013\/"}]}},"_links":{"self":[{"href":"https:\/\/www.estrategiaconcursos.com.br\/blog\/wp-json\/wp\/v2\/posts\/478755","targetHints":{"allow":["GET"]}}],"collection":[{"href":"https:\/\/www.estrategiaconcursos.com.br\/blog\/wp-json\/wp\/v2\/posts"}],"about":[{"href":"https:\/\/www.estrategiaconcursos.com.br\/blog\/wp-json\/wp\/v2\/types\/post"}],"author":[{"embeddable":true,"href":"https:\/\/www.estrategiaconcursos.com.br\/blog\/wp-json\/wp\/v2\/users\/1"}],"replies":[{"embeddable":true,"href":"https:\/\/www.estrategiaconcursos.com.br\/blog\/wp-json\/wp\/v2\/comments?post=478755"}],"version-history":[{"count":4,"href":"https:\/\/www.estrategiaconcursos.com.br\/blog\/wp-json\/wp\/v2\/posts\/478755\/revisions"}],"predecessor-version":[{"id":478776,"href":"https:\/\/www.estrategiaconcursos.com.br\/blog\/wp-json\/wp\/v2\/posts\/478755\/revisions\/478776"}],"wp:featuredmedia":[{"embeddable":true,"href":"https:\/\/www.estrategiaconcursos.com.br\/blog\/wp-json\/wp\/v2\/media\/478759"}],"wp:attachment":[{"href":"https:\/\/www.estrategiaconcursos.com.br\/blog\/wp-json\/wp\/v2\/media?parent=478755"}],"wp:term":[{"taxonomy":"category","embeddable":true,"href":"https:\/\/www.estrategiaconcursos.com.br\/blog\/wp-json\/wp\/v2\/categories?post=478755"},{"taxonomy":"post_tag","embeddable":true,"href":"https:\/\/www.estrategiaconcursos.com.br\/blog\/wp-json\/wp\/v2\/tags?post=478755"},{"taxonomy":"tax_estado","embeddable":true,"href":"https:\/\/www.estrategiaconcursos.com.br\/blog\/wp-json\/wp\/v2\/tax_estado?post=478755"}],"curies":[{"name":"wp","href":"https:\/\/api.w.org\/{rel}","templated":true}]}}