{"id":478681,"date":"2020-02-07T08:10:00","date_gmt":"2020-02-07T11:10:00","guid":{"rendered":"https:\/\/www.estrategiaconcursos.com.br\/blog\/?p=478681"},"modified":"2023-02-23T16:10:20","modified_gmt":"2023-02-23T19:10:20","slug":"edital-concurso-prefeitura-de-palmares","status":"publish","type":"post","link":"https:\/\/www.estrategiaconcursos.com.br\/blog\/edital-concurso-prefeitura-de-palmares\/","title":{"rendered":"Publicado edital do concurso Prefeitura de Palmares com 147 vagas"},"content":{"rendered":"\n<p>Foi publicado o edital do <strong>concurso p\u00fablico da Prefeitura de Palmares<\/strong>, munic\u00edpio do Estado de Pernambuco. S\u00e3o ofertadas 147 vagas distribu\u00eddas entre cargos de <strong>n\u00edvel fundamental, m\u00e9dio, t\u00e9cnico e superior<\/strong>.<\/p>\n\n\n\n<p>Com inscri\u00e7\u00f5es encerradas, aquele interessados em participar da sele\u00e7\u00e3o puderam realizar as inscri\u00e7\u00f5es at\u00e9 o dia 15 de mar\u00e7o, no site da banca organizadora, o Instituto de Apoio \u00e0 Universidade de Pernambuco \u2013 <strong>IAUPE<\/strong>. <\/p>\n\n\n\n<h2 class=\"wp-block-heading\" id=\"datas\">Principais datas<\/h2>\n\n\n\n<p class=\"has-very-light-gray-background-color has-background\"><strong>Inscri\u00e7\u00f5es<\/strong>: <s>12 de fevereiro a 15 de mar\u00e7o<\/s> [ENCERRADO]<br \/><strong>\u00daltimo dia para pagamento<\/strong>: at\u00e9 16 de mar\u00e7o<br \/><strong>Prova<\/strong>: 29 de mar\u00e7o<\/p>\n\n\n\n<h2 class=\"wp-block-heading\" id=\"cargos-vagas\">Cargos e vagas<\/h2>\n\n\n\n<h3 class=\"wp-block-heading\">N\u00edvel fundamental<\/h3>\n\n\n\n<figure class=\"wp-block-table is-style-stripes\"><table class=\"has-background has-fixed-layout\" style=\"background-color:#e7f5fe\"><tbody><tr><td><strong>CARGO<\/strong><\/td><td><strong>VAGAS<\/strong><\/td><td><strong>REMUNERA\u00c7\u00c3O<\/strong><\/td><\/tr><tr><td> Auxiliar Administrativo <\/td><td> 21 <\/td><td> 998,00 <\/td><\/tr><tr><td> Auxiliar de Servi\u00e7os Gerais <\/td><td> 27 <\/td><td> 998,00 <\/td><\/tr><tr><td> Merendeira(o)  <\/td><td> 20 <\/td><td> 998,00 <\/td><\/tr><\/tbody><\/table><\/figure>\n\n\n\n<h3 class=\"wp-block-heading\">N\u00edvel m\u00e9dio e t\u00e9cnico<\/h3>\n\n\n\n<figure class=\"wp-block-table is-style-stripes\"><table class=\"has-background has-fixed-layout\" style=\"background-color:#e7f5fe\"><tbody><tr><td><strong>CARGO<\/strong><\/td><td><strong>VAGAS<\/strong><\/td><td><strong>REMUNERA\u00c7\u00c3O<\/strong><\/td><\/tr><tr><td> Eletricista <\/td><td> 01 <\/td><td> 1.025,46 <\/td><\/tr><tr><td> Pedreiro <\/td><td> 04 <\/td><td> 1.025,46 <\/td><\/tr><tr><td> Pintor <\/td><td> 02 <\/td><td> 1.025,46 <\/td><\/tr><tr><td> Vigia <\/td><td> 12 <\/td><td> 1.025,46 <\/td><\/tr><tr><td> Fiscal de Obras <\/td><td> 02 <\/td><td> 1.196,28 <\/td><\/tr><tr><td> T\u00e9cnico de Inform\u00e1tica <\/td><td> 01 <\/td><td> 1.196,28 <\/td><\/tr><tr><td> Professor de Ensino Infantil <\/td><td> 22 <\/td><td> 1.556,51 <\/td><\/tr><tr><td> Motorista <\/td><td> 06 <\/td><td> 1.395,53 <\/td><\/tr><tr><td> T\u00e9cnico de Enfermagem <\/td><td> 03 <\/td><td> 1.196,28 <\/td><\/tr><\/tbody><\/table><\/figure>\n\n\n\n<h3 class=\"wp-block-heading\">N\u00edvel superior<\/h3>\n\n\n\n<figure class=\"wp-block-table is-style-stripes\"><table class=\"has-background has-fixed-layout\" style=\"background-color:#e7f5fe\"><tbody><tr><td><strong>CARGO<\/strong><\/td><td><strong>VAGAS<\/strong><\/td><td><strong>REMUNERA\u00c7\u00c3O<\/strong><\/td><\/tr><tr><td> Auditor de Controle Interno <\/td><td> 01 <\/td><td> 2.238,45 <\/td><\/tr><tr><td> Auditor Fiscal <\/td><td> 02 <\/td><td> 2.238,45 <\/td><\/tr><tr><td> Assistente Social<\/td><td> 01 <\/td><td> 2.238,45 <\/td><\/tr><tr><td> M\u00e9dico do Trabalho <\/td><td> 01 <\/td><td> 1.725,52 <\/td><\/tr><tr><td> Terapeuta Ocupacional <\/td><td> 01 <\/td><td> 2.238,45 <\/td><\/tr><tr><td> Fisioterapeuta <\/td><td> 01 <\/td><td> 1.725,52 <\/td><\/tr><tr><td> Enfermeiro (v\u00e1rios) <\/td><td> 12<\/td><td> 1.725,52 &#8211; 2.299,64  <\/td><\/tr><tr><td> Odont\u00f3logo (v\u00e1rios)<\/td><td> 07<\/td><td> 1.725,52 <\/td><\/tr><\/tbody><\/table><\/figure>\n\n\n\n<h2 class=\"wp-block-heading\" id=\"etapas\">Prova Objetiva<\/h2>\n\n\n\n<p>Destinada a todos os cargos, a Prova Escrita Objetiva ser\u00e1 de car\u00e1ter eliminat\u00f3ria e classificat\u00f3ria e constar\u00e1 de 40 quest\u00f5es objetivas de m\u00faltipla escolha com 05 alternativas de resposta (\u201cA\u201d a \u201cE\u201d) e apenas uma resposta correta. <\/p>\n\n\n\n<p>Com dura\u00e7\u00e3o m\u00e1xima de 04 horas, sua aplica\u00e7\u00e3o est\u00e1 prevista para o dia 29 de mar\u00e7o. <\/p>\n\n\n\n<ul class=\"wp-block-list\">\n<li><strong>T\u00e9cnico de Enfermagem, Assistente Social, M\u00e9dico do Trabalho, Enfermeiro (todos), Terapeuta Ocupacional, Fisioterapeuta e Odont\u00f3logo (todos):<\/strong>\n<ul class=\"wp-block-list\">\n<li><em>10 quest\u00f5es de Portugu\u00eas<\/em><\/li>\n\n\n\n<li><em>10 quest\u00f5es de Conhecimentos de SUS \u2013 Sistema \u00danico de Sa\u00fade<\/em><\/li>\n\n\n\n<li><em>20 quest\u00f5es de Conhecimentos Espec\u00edficos<\/em><\/li>\n<\/ul>\n<\/li>\n<\/ul>\n\n\n\n<ul class=\"wp-block-list\">\n<li><strong>Auditor de Controle Interno, T\u00e9cnico Fiscal de Obras, T\u00e9cnico de Inform\u00e1tica, Eletricista, Pedreiro, Pintor, Vigia, Auditor Fiscal, Motorista e Professor de Ensino Infantil:<\/strong>\n<ul class=\"wp-block-list\">\n<li><em>10 quest\u00f5es de Portugu\u00eas<\/em><\/li>\n\n\n\n<li><em>10 quest\u00f5es de Conhecimentos <\/em><\/li>\n\n\n\n<li><em>20 quest\u00f5es de Conhecimentos Espec\u00edficos<\/em><\/li>\n<\/ul>\n<\/li>\n<\/ul>\n\n\n\n<ul class=\"wp-block-list\">\n<li><strong>Auxiliar Administrativo, Merendeira(o) e Auxiliar de Servi\u00e7os Gerais:<\/strong><\/li>\n\n\n\n<li>1<em>0 quest\u00f5es de Portugu\u00eas<\/em><\/li>\n\n\n\n<li><em>10 quest\u00f5es de Racioc\u00ednio L\u00f3gico<\/em><\/li>\n\n\n\n<li><em>20 quest\u00f5es de Conhecimentos Espec\u00edficos <\/em><\/li>\n<\/ul>\n\n\n\n<h2 class=\"wp-block-heading\">Avalia\u00e7\u00e3o de T\u00edtulos<\/h2>\n\n\n\n<p>De car\u00e1ter apenas classificat\u00f3rio, a Avalia\u00e7\u00e3o de T\u00edtulos ser\u00e1 aplicada para todos os candidatos ao cargo de Professor aprovados na Prova Objetiva. Essa Avalia\u00e7\u00e3o valer\u00e1, no m\u00e1ximo, 20 pontos. <\/p>\n\n\n\n<p>O candidato dever\u00e1 encaminhar o comprovante da sua maior titula\u00e7\u00e3o, atrav\u00e9s de certificado ou declara\u00e7\u00e3o de conclus\u00e3o, emitido por institui\u00e7\u00e3o de ensino credenciada e reconhecida pelo \u00f3rg\u00e3o competente.<\/p>\n\n\n\n<ol class=\"wp-block-list\">\n<li><strong>Curso de Especializa\u00e7\u00e3o<\/strong>, em n\u00edvel de p\u00f3s-gradua\u00e7\u00e3o, com carga m\u00ednima de 360 horas, na \u00e1rea da especialidade para o cargo\/disciplina para o qual concorre &#8211; 10 pontos <\/li>\n\n\n\n<li><strong>Mestrado <\/strong>na \u00e1rea da Educa\u00e7\u00e3o &#8211; 15 pontos <\/li>\n\n\n\n<li><strong>Doutorado <\/strong>na \u00e1rea da Educa\u00e7\u00e3o &#8211; 20 pontos <\/li>\n<\/ol>\n\n\n\n<h2 class=\"wp-block-heading\"><a href=\"https:\/\/youtu.be\/-dAKMKphgWI\" target=\"_blank\" rel=\"noreferrer noopener\">An\u00e1lise de edital<\/a>: assista gratuitamente<\/h2>\n\n\n\n<hr class=\"wp-block-separator has-css-opacity\"\/>\n\n\n\n<h2 class=\"has-text-align-center wp-block-heading\" id=\"cursos-assinatura\">Quer estudar para o concurso Prefeitura de Palmares?<\/h2>\n\n\n\n<p class=\"has-text-align-center\"><em>Gostou desta oportunidade e deseja come\u00e7ar se preparar agora mesmo? Ent\u00e3o, confira os nossos cursos e comece a estudar:<\/em><\/p>\n\n\n\n<p class=\"has-text-align-center has-light-green-cyan-background-color has-background\" style=\"font-size:clamp(14.642px, 0.915rem + ((1vw - 3.2px) * 0.721), 22px);px\"><strong><a href=\"https:\/\/www.estrategiaconcursos.com.br\/cursosPorConcurso\/prefeitura-municipal-de-palmares-pe\/\" target=\"_blank\" rel=\"noreferrer noopener\" aria-label=\"Curso para concurso (abre numa nova aba)\">Curso para concurso<\/a><\/strong><\/p>\n\n\n\n<p class=\"has-text-align-center has-medium-font-size\"><em><strong>Assinatura Anual Ilimitada*<\/strong><\/em><\/p>\n\n\n\n<p class=\"has-text-align-center\"><em>Prepare-se com o melhor material e com quem mais aprova em Concursos P\u00fablicos em todo o pa\u00eds. Assine agora a nossa Assinatura Anual e tenha acesso ilimitado* a todos os nossos cursos.<\/em><\/p>\n\n\n\n<p class=\"has-text-align-center has-luminous-vivid-amber-background-color has-background\" style=\"font-size:clamp(14.642px, 0.915rem + ((1vw - 3.2px) * 0.721), 22px);px\"><strong>ASSINE AGORA<\/strong>&nbsp;\u2013&nbsp;<strong><a rel=\"noreferrer noopener\" href=\"https:\/\/www.estrategiaconcursos.com.br\/assinaturas\" target=\"_blank\">Assinatura Ilimitada<\/a><\/strong><\/p>\n\n\n\n<p class=\"has-text-align-center has-medium-font-size\"><strong><em>Fique por dentro de todos os concursos<\/em><\/strong><\/p>\n\n\n\n<p class=\"has-text-align-center has-pale-cyan-blue-background-color has-background\" style=\"font-size:clamp(14.642px, 0.915rem + ((1vw - 3.2px) * 0.721), 22px);px\"><a rel=\"noreferrer noopener\" href=\"https:\/\/www.estrategiaconcursos.com.br\/blog\/concursos-abertos\/\" target=\"_blank\"><strong>CONCURSOS ABERTOS<\/strong><\/a><\/p>\n\n\n\n<p class=\"has-text-align-center has-pale-cyan-blue-background-color has-background\" style=\"font-size:clamp(14.642px, 0.915rem + ((1vw - 3.2px) * 0.721), 22px);px\"><a rel=\"noreferrer noopener\" href=\"https:\/\/www.estrategiaconcursos.com.br\/blog\/concursos-2020\/\" target=\"_blank\"><strong>CONCURSOS&nbsp;2020<\/strong><\/a><\/p>\n\n\n\n<figure class=\"wp-block-image\"><img loading=\"lazy\" decoding=\"async\" width=\"300\" height=\"102\" src=\"https:\/\/dhg1h5j42swfq.cloudfront.net\/2017\/03\/28152500\/coruja-ficha-tecnica-300x102.png\" alt=\"\" class=\"wp-image-68542\"\/><\/figure>\n\n\n\n<h3 class=\"wp-block-heading\" id=\"ficha-tecnica\"><strong>Informa\u00e7\u00f5es do c<\/strong>oncurso Prefeitura de Palmares<\/h3>\n\n\n\n<p>\u25ba<strong>Provas<\/strong>: 29\/03<br \/>\u25ba<strong>Vagas<\/strong>: 147<br \/>\u25ba<strong>Cargos<\/strong>: Diversos<br \/>\u25ba<strong>Banca<\/strong>: IAUPE <br \/>\u25ba<strong>Escolaridade<\/strong>: N\u00edvel fundamental, m\u00e9dio, t\u00e9cnico e superior<br \/>\u25ba<strong>Edital<\/strong>:&nbsp;<a rel=\"noreferrer noopener\" aria-label=\"Edital Prefeitura de Palmares (abre numa nova aba)\" href=\"https:\/\/dhg1h5j42swfq.cloudfront.net\/2020\/02\/06140846\/Edital-Prefeitura-Palmares.pdf\" target=\"_blank\">Edital Prefeitura de Palmares<\/a> | <a rel=\"noreferrer noopener\" href=\"http:\/\/www.upenet.com.br\/\" target=\"_blank\">Retifica\u00e7\u00e3o<\/a> | <a rel=\"noreferrer noopener\" href=\"https:\/\/dhg1h5j42swfq.cloudfront.net\/2020\/03\/11101342\/PRORROGACAO_DAS_INSCRICOES.pdf\" target=\"_blank\">Cronograma<\/a> <\/p>\n\n\n\n<p><br \/><em>Ascom Estrat\u00e9gia<\/em><br \/>ascomestrategia@gmail.com<\/p>\n","protected":false},"excerpt":{"rendered":"<p>Foi publicado o edital do concurso p\u00fablico da Prefeitura de Palmares, munic\u00edpio do Estado de Pernambuco. S\u00e3o ofertadas 147 vagas distribu\u00eddas entre cargos de n\u00edvel fundamental, m\u00e9dio, t\u00e9cnico e superior. Com inscri\u00e7\u00f5es encerradas, aquele interessados em participar da sele\u00e7\u00e3o puderam realizar as inscri\u00e7\u00f5es at\u00e9 o dia 15 de mar\u00e7o, no site da banca organizadora, o [&hellip;]<\/p>\n","protected":false},"author":93,"featured_media":444277,"comment_status":"open","ping_status":"closed","sticky":false,"template":"","format":"standard","meta":{"post_tipo":"article","footnotes":""},"categories":[1],"tags":[],"tax_estado":[],"class_list":["post-478681","post","type-post","status-publish","format-standard","has-post-thumbnail","hentry","category-cursos-e-concursos"],"acf":[],"yoast_head":"<!-- This site is optimized with the Yoast SEO Premium plugin v27.2 (Yoast SEO v27.2) - https:\/\/yoast.com\/product\/yoast-seo-premium-wordpress\/ -->\n<title>Publicado edital do concurso Prefeitura de Palmares com 147 vagas<\/title>\n<meta name=\"description\" content=\"Prefeitura de Palmares divulga edital com 147 vagas para todas as escolaridades. Provas em mar\u00e7o. Saiba mais detalhes aqui!\" \/>\n<meta name=\"robots\" content=\"index, follow, max-snippet:-1, max-image-preview:large, max-video-preview:-1\" \/>\n<link rel=\"canonical\" href=\"https:\/\/www.estrategiaconcursos.com.br\/blog\/edital-concurso-prefeitura-de-palmares\/\" \/>\n<meta property=\"og:locale\" content=\"pt_BR\" \/>\n<meta property=\"og:type\" content=\"article\" \/>\n<meta property=\"og:title\" content=\"Publicado edital do concurso Prefeitura de Palmares com 147 vagas\" \/>\n<meta property=\"og:description\" content=\"Prefeitura de Palmares divulga edital com 147 vagas para todas as escolaridades. Provas em mar\u00e7o. Saiba mais detalhes aqui!\" \/>\n<meta property=\"og:url\" content=\"https:\/\/www.estrategiaconcursos.com.br\/blog\/edital-concurso-prefeitura-de-palmares\/\" \/>\n<meta property=\"og:site_name\" content=\"Estrat\u00e9gia Concursos\" \/>\n<meta property=\"article:published_time\" content=\"2020-02-07T11:10:00+00:00\" \/>\n<meta property=\"article:modified_time\" content=\"2023-02-23T19:10:20+00:00\" \/>\n<meta property=\"og:image\" content=\"https:\/\/dhg1h5j42swfq.cloudfront.net\/2019\/11\/05113857\/Saiu-Edital-5.png\" \/>\n\t<meta property=\"og:image:width\" content=\"1200\" \/>\n\t<meta property=\"og:image:height\" content=\"628\" \/>\n\t<meta property=\"og:image:type\" content=\"image\/png\" \/>\n<meta name=\"author\" content=\"Vinicius Silva\" \/>\n<meta name=\"twitter:card\" content=\"summary_large_image\" \/>\n<meta name=\"twitter:creator\" content=\"@EstratConcursos\" \/>\n<meta name=\"twitter:site\" content=\"@EstratConcursos\" \/>\n<meta name=\"twitter:label1\" content=\"Escrito por\" \/>\n\t<meta name=\"twitter:data1\" content=\"Vinicius Silva\" \/>\n\t<meta name=\"twitter:label2\" content=\"Est. tempo de leitura\" \/>\n\t<meta name=\"twitter:data2\" content=\"3 minutos\" \/>\n<script type=\"application\/ld+json\" class=\"yoast-schema-graph\">{\"@context\":\"https:\/\/schema.org\",\"@graph\":[{\"@type\":\"NewsArticle\",\"@id\":\"https:\/\/www.estrategiaconcursos.com.br\/blog\/edital-concurso-prefeitura-de-palmares\/#article\",\"isPartOf\":{\"@id\":\"https:\/\/www.estrategiaconcursos.com.br\/blog\/edital-concurso-prefeitura-de-palmares\/\"},\"author\":{\"name\":\"Vinicius Silva\",\"@id\":\"https:\/\/www.estrategiaconcursos.com.br\/blog\/#\/schema\/person\/20030622a981f9a942ad6b3561fe4ca4\"},\"headline\":\"Publicado edital do concurso Prefeitura de Palmares com 147 vagas\",\"datePublished\":\"2020-02-07T11:10:00+00:00\",\"dateModified\":\"2023-02-23T19:10:20+00:00\",\"mainEntityOfPage\":{\"@id\":\"https:\/\/www.estrategiaconcursos.com.br\/blog\/edital-concurso-prefeitura-de-palmares\/\"},\"wordCount\":604,\"commentCount\":0,\"publisher\":{\"@id\":\"https:\/\/www.estrategiaconcursos.com.br\/blog\/#organization\"},\"image\":{\"@id\":\"https:\/\/www.estrategiaconcursos.com.br\/blog\/edital-concurso-prefeitura-de-palmares\/#primaryimage\"},\"thumbnailUrl\":\"https:\/\/dhg1h5j42swfq.cloudfront.net\/2019\/11\/05113857\/Saiu-Edital-5.png\",\"articleSection\":[\"Concursos P\u00fablicos\"],\"inLanguage\":\"pt-BR\",\"potentialAction\":[{\"@type\":\"CommentAction\",\"name\":\"Comment\",\"target\":[\"https:\/\/www.estrategiaconcursos.com.br\/blog\/edital-concurso-prefeitura-de-palmares\/#respond\"]}],\"copyrightYear\":\"2020\",\"copyrightHolder\":{\"@id\":\"https:\/\/www.estrategiaconcursos.com.br\/blog\/#organization\"}},{\"@type\":\"WebPage\",\"@id\":\"https:\/\/www.estrategiaconcursos.com.br\/blog\/edital-concurso-prefeitura-de-palmares\/\",\"url\":\"https:\/\/www.estrategiaconcursos.com.br\/blog\/edital-concurso-prefeitura-de-palmares\/\",\"name\":\"Publicado edital do concurso Prefeitura de Palmares com 147 vagas\",\"isPartOf\":{\"@id\":\"https:\/\/www.estrategiaconcursos.com.br\/blog\/#website\"},\"primaryImageOfPage\":{\"@id\":\"https:\/\/www.estrategiaconcursos.com.br\/blog\/edital-concurso-prefeitura-de-palmares\/#primaryimage\"},\"image\":{\"@id\":\"https:\/\/www.estrategiaconcursos.com.br\/blog\/edital-concurso-prefeitura-de-palmares\/#primaryimage\"},\"thumbnailUrl\":\"https:\/\/dhg1h5j42swfq.cloudfront.net\/2019\/11\/05113857\/Saiu-Edital-5.png\",\"datePublished\":\"2020-02-07T11:10:00+00:00\",\"dateModified\":\"2023-02-23T19:10:20+00:00\",\"description\":\"Prefeitura de Palmares divulga edital com 147 vagas para todas as escolaridades. Provas em mar\u00e7o. Saiba mais detalhes aqui!\",\"breadcrumb\":{\"@id\":\"https:\/\/www.estrategiaconcursos.com.br\/blog\/edital-concurso-prefeitura-de-palmares\/#breadcrumb\"},\"inLanguage\":\"pt-BR\",\"potentialAction\":[{\"@type\":\"ReadAction\",\"target\":[\"https:\/\/www.estrategiaconcursos.com.br\/blog\/edital-concurso-prefeitura-de-palmares\/\"]}]},{\"@type\":\"ImageObject\",\"inLanguage\":\"pt-BR\",\"@id\":\"https:\/\/www.estrategiaconcursos.com.br\/blog\/edital-concurso-prefeitura-de-palmares\/#primaryimage\",\"url\":\"https:\/\/dhg1h5j42swfq.cloudfront.net\/2019\/11\/05113857\/Saiu-Edital-5.png\",\"contentUrl\":\"https:\/\/dhg1h5j42swfq.cloudfront.net\/2019\/11\/05113857\/Saiu-Edital-5.png\",\"width\":1200,\"height\":628,\"caption\":\"Edital CRF MA\"},{\"@type\":\"BreadcrumbList\",\"@id\":\"https:\/\/www.estrategiaconcursos.com.br\/blog\/edital-concurso-prefeitura-de-palmares\/#breadcrumb\",\"itemListElement\":[{\"@type\":\"ListItem\",\"position\":1,\"name\":\"In\u00edcio\",\"item\":\"https:\/\/www.estrategiaconcursos.com.br\/blog\/\"},{\"@type\":\"ListItem\",\"position\":2,\"name\":\"Publicado edital do concurso Prefeitura de Palmares com 147 vagas\"}]},{\"@type\":\"WebSite\",\"@id\":\"https:\/\/www.estrategiaconcursos.com.br\/blog\/#website\",\"url\":\"https:\/\/www.estrategiaconcursos.com.br\/blog\/\",\"name\":\"Estrat\u00e9gia Concursos\",\"description\":\"O blog da Estrat\u00e9gia Concursos traz not\u00edcias sobre concursos e artigos de professores oferecendo cursos para concursos (pdf + videaulas) no site.\",\"publisher\":{\"@id\":\"https:\/\/www.estrategiaconcursos.com.br\/blog\/#organization\"},\"potentialAction\":[{\"@type\":\"SearchAction\",\"target\":{\"@type\":\"EntryPoint\",\"urlTemplate\":\"https:\/\/www.estrategiaconcursos.com.br\/blog\/?s={search_term_string}\"},\"query-input\":{\"@type\":\"PropertyValueSpecification\",\"valueRequired\":true,\"valueName\":\"search_term_string\"}}],\"inLanguage\":\"pt-BR\"},{\"@type\":\"Organization\",\"@id\":\"https:\/\/www.estrategiaconcursos.com.br\/blog\/#organization\",\"name\":\"Estrat\u00e9gia Concursos\",\"url\":\"https:\/\/www.estrategiaconcursos.com.br\/blog\/\",\"logo\":{\"@type\":\"ImageObject\",\"inLanguage\":\"pt-BR\",\"@id\":\"https:\/\/www.estrategiaconcursos.com.br\/blog\/#\/schema\/logo\/image\/\",\"url\":\"https:\/\/dhg1h5j42swfq.cloudfront.net\/2025\/06\/03203428\/logo_concursos-1.jpg\",\"contentUrl\":\"https:\/\/dhg1h5j42swfq.cloudfront.net\/2025\/06\/03203428\/logo_concursos-1.jpg\",\"width\":230,\"height\":60,\"caption\":\"Estrat\u00e9gia Concursos\"},\"image\":{\"@id\":\"https:\/\/www.estrategiaconcursos.com.br\/blog\/#\/schema\/logo\/image\/\"},\"sameAs\":[\"https:\/\/x.com\/EstratConcursos\"]},{\"@type\":\"Person\",\"@id\":\"https:\/\/www.estrategiaconcursos.com.br\/blog\/#\/schema\/person\/20030622a981f9a942ad6b3561fe4ca4\",\"name\":\"Vinicius Silva\",\"image\":{\"@type\":\"ImageObject\",\"inLanguage\":\"pt-BR\",\"@id\":\"https:\/\/secure.gravatar.com\/avatar\/604d9670a4c7eea71feaa4381f3ae97e148292ac402671c5944aa67a3d127663?s=96&d=mm&r=g\",\"url\":\"https:\/\/secure.gravatar.com\/avatar\/604d9670a4c7eea71feaa4381f3ae97e148292ac402671c5944aa67a3d127663?s=96&d=mm&r=g\",\"contentUrl\":\"https:\/\/secure.gravatar.com\/avatar\/604d9670a4c7eea71feaa4381f3ae97e148292ac402671c5944aa67a3d127663?s=96&d=mm&r=g\",\"caption\":\"Vinicius Silva\"},\"url\":\"https:\/\/www.estrategiaconcursos.com.br\/blog\/author\/viniciussilvaestrategiaconcursos-com-br\/\"}]}<\/script>\n<!-- \/ Yoast SEO Premium plugin. -->","yoast_head_json":{"title":"Publicado edital do concurso Prefeitura de Palmares com 147 vagas","description":"Prefeitura de Palmares divulga edital com 147 vagas para todas as escolaridades. Provas em mar\u00e7o. Saiba mais detalhes aqui!","robots":{"index":"index","follow":"follow","max-snippet":"max-snippet:-1","max-image-preview":"max-image-preview:large","max-video-preview":"max-video-preview:-1"},"canonical":"https:\/\/www.estrategiaconcursos.com.br\/blog\/edital-concurso-prefeitura-de-palmares\/","og_locale":"pt_BR","og_type":"article","og_title":"Publicado edital do concurso Prefeitura de Palmares com 147 vagas","og_description":"Prefeitura de Palmares divulga edital com 147 vagas para todas as escolaridades. Provas em mar\u00e7o. Saiba mais detalhes aqui!","og_url":"https:\/\/www.estrategiaconcursos.com.br\/blog\/edital-concurso-prefeitura-de-palmares\/","og_site_name":"Estrat\u00e9gia Concursos","article_published_time":"2020-02-07T11:10:00+00:00","article_modified_time":"2023-02-23T19:10:20+00:00","og_image":[{"width":1200,"height":628,"url":"https:\/\/dhg1h5j42swfq.cloudfront.net\/2019\/11\/05113857\/Saiu-Edital-5.png","type":"image\/png"}],"author":"Vinicius Silva","twitter_card":"summary_large_image","twitter_creator":"@EstratConcursos","twitter_site":"@EstratConcursos","twitter_misc":{"Escrito por":"Vinicius Silva","Est. tempo de leitura":"3 minutos"},"schema":{"@context":"https:\/\/schema.org","@graph":[{"@type":"NewsArticle","@id":"https:\/\/www.estrategiaconcursos.com.br\/blog\/edital-concurso-prefeitura-de-palmares\/#article","isPartOf":{"@id":"https:\/\/www.estrategiaconcursos.com.br\/blog\/edital-concurso-prefeitura-de-palmares\/"},"author":{"name":"Vinicius Silva","@id":"https:\/\/www.estrategiaconcursos.com.br\/blog\/#\/schema\/person\/20030622a981f9a942ad6b3561fe4ca4"},"headline":"Publicado edital do concurso Prefeitura de Palmares com 147 vagas","datePublished":"2020-02-07T11:10:00+00:00","dateModified":"2023-02-23T19:10:20+00:00","mainEntityOfPage":{"@id":"https:\/\/www.estrategiaconcursos.com.br\/blog\/edital-concurso-prefeitura-de-palmares\/"},"wordCount":604,"commentCount":0,"publisher":{"@id":"https:\/\/www.estrategiaconcursos.com.br\/blog\/#organization"},"image":{"@id":"https:\/\/www.estrategiaconcursos.com.br\/blog\/edital-concurso-prefeitura-de-palmares\/#primaryimage"},"thumbnailUrl":"https:\/\/dhg1h5j42swfq.cloudfront.net\/2019\/11\/05113857\/Saiu-Edital-5.png","articleSection":["Concursos P\u00fablicos"],"inLanguage":"pt-BR","potentialAction":[{"@type":"CommentAction","name":"Comment","target":["https:\/\/www.estrategiaconcursos.com.br\/blog\/edital-concurso-prefeitura-de-palmares\/#respond"]}],"copyrightYear":"2020","copyrightHolder":{"@id":"https:\/\/www.estrategiaconcursos.com.br\/blog\/#organization"}},{"@type":"WebPage","@id":"https:\/\/www.estrategiaconcursos.com.br\/blog\/edital-concurso-prefeitura-de-palmares\/","url":"https:\/\/www.estrategiaconcursos.com.br\/blog\/edital-concurso-prefeitura-de-palmares\/","name":"Publicado edital do concurso Prefeitura de Palmares com 147 vagas","isPartOf":{"@id":"https:\/\/www.estrategiaconcursos.com.br\/blog\/#website"},"primaryImageOfPage":{"@id":"https:\/\/www.estrategiaconcursos.com.br\/blog\/edital-concurso-prefeitura-de-palmares\/#primaryimage"},"image":{"@id":"https:\/\/www.estrategiaconcursos.com.br\/blog\/edital-concurso-prefeitura-de-palmares\/#primaryimage"},"thumbnailUrl":"https:\/\/dhg1h5j42swfq.cloudfront.net\/2019\/11\/05113857\/Saiu-Edital-5.png","datePublished":"2020-02-07T11:10:00+00:00","dateModified":"2023-02-23T19:10:20+00:00","description":"Prefeitura de Palmares divulga edital com 147 vagas para todas as escolaridades. Provas em mar\u00e7o. Saiba mais detalhes aqui!","breadcrumb":{"@id":"https:\/\/www.estrategiaconcursos.com.br\/blog\/edital-concurso-prefeitura-de-palmares\/#breadcrumb"},"inLanguage":"pt-BR","potentialAction":[{"@type":"ReadAction","target":["https:\/\/www.estrategiaconcursos.com.br\/blog\/edital-concurso-prefeitura-de-palmares\/"]}]},{"@type":"ImageObject","inLanguage":"pt-BR","@id":"https:\/\/www.estrategiaconcursos.com.br\/blog\/edital-concurso-prefeitura-de-palmares\/#primaryimage","url":"https:\/\/dhg1h5j42swfq.cloudfront.net\/2019\/11\/05113857\/Saiu-Edital-5.png","contentUrl":"https:\/\/dhg1h5j42swfq.cloudfront.net\/2019\/11\/05113857\/Saiu-Edital-5.png","width":1200,"height":628,"caption":"Edital CRF MA"},{"@type":"BreadcrumbList","@id":"https:\/\/www.estrategiaconcursos.com.br\/blog\/edital-concurso-prefeitura-de-palmares\/#breadcrumb","itemListElement":[{"@type":"ListItem","position":1,"name":"In\u00edcio","item":"https:\/\/www.estrategiaconcursos.com.br\/blog\/"},{"@type":"ListItem","position":2,"name":"Publicado edital do concurso Prefeitura de Palmares com 147 vagas"}]},{"@type":"WebSite","@id":"https:\/\/www.estrategiaconcursos.com.br\/blog\/#website","url":"https:\/\/www.estrategiaconcursos.com.br\/blog\/","name":"Estrat\u00e9gia Concursos","description":"O blog da Estrat\u00e9gia Concursos traz not\u00edcias sobre concursos e artigos de professores oferecendo cursos para concursos (pdf + videaulas) no site.","publisher":{"@id":"https:\/\/www.estrategiaconcursos.com.br\/blog\/#organization"},"potentialAction":[{"@type":"SearchAction","target":{"@type":"EntryPoint","urlTemplate":"https:\/\/www.estrategiaconcursos.com.br\/blog\/?s={search_term_string}"},"query-input":{"@type":"PropertyValueSpecification","valueRequired":true,"valueName":"search_term_string"}}],"inLanguage":"pt-BR"},{"@type":"Organization","@id":"https:\/\/www.estrategiaconcursos.com.br\/blog\/#organization","name":"Estrat\u00e9gia Concursos","url":"https:\/\/www.estrategiaconcursos.com.br\/blog\/","logo":{"@type":"ImageObject","inLanguage":"pt-BR","@id":"https:\/\/www.estrategiaconcursos.com.br\/blog\/#\/schema\/logo\/image\/","url":"https:\/\/dhg1h5j42swfq.cloudfront.net\/2025\/06\/03203428\/logo_concursos-1.jpg","contentUrl":"https:\/\/dhg1h5j42swfq.cloudfront.net\/2025\/06\/03203428\/logo_concursos-1.jpg","width":230,"height":60,"caption":"Estrat\u00e9gia Concursos"},"image":{"@id":"https:\/\/www.estrategiaconcursos.com.br\/blog\/#\/schema\/logo\/image\/"},"sameAs":["https:\/\/x.com\/EstratConcursos"]},{"@type":"Person","@id":"https:\/\/www.estrategiaconcursos.com.br\/blog\/#\/schema\/person\/20030622a981f9a942ad6b3561fe4ca4","name":"Vinicius Silva","image":{"@type":"ImageObject","inLanguage":"pt-BR","@id":"https:\/\/secure.gravatar.com\/avatar\/604d9670a4c7eea71feaa4381f3ae97e148292ac402671c5944aa67a3d127663?s=96&d=mm&r=g","url":"https:\/\/secure.gravatar.com\/avatar\/604d9670a4c7eea71feaa4381f3ae97e148292ac402671c5944aa67a3d127663?s=96&d=mm&r=g","contentUrl":"https:\/\/secure.gravatar.com\/avatar\/604d9670a4c7eea71feaa4381f3ae97e148292ac402671c5944aa67a3d127663?s=96&d=mm&r=g","caption":"Vinicius Silva"},"url":"https:\/\/www.estrategiaconcursos.com.br\/blog\/author\/viniciussilvaestrategiaconcursos-com-br\/"}]}},"_links":{"self":[{"href":"https:\/\/www.estrategiaconcursos.com.br\/blog\/wp-json\/wp\/v2\/posts\/478681","targetHints":{"allow":["GET"]}}],"collection":[{"href":"https:\/\/www.estrategiaconcursos.com.br\/blog\/wp-json\/wp\/v2\/posts"}],"about":[{"href":"https:\/\/www.estrategiaconcursos.com.br\/blog\/wp-json\/wp\/v2\/types\/post"}],"author":[{"embeddable":true,"href":"https:\/\/www.estrategiaconcursos.com.br\/blog\/wp-json\/wp\/v2\/users\/93"}],"replies":[{"embeddable":true,"href":"https:\/\/www.estrategiaconcursos.com.br\/blog\/wp-json\/wp\/v2\/comments?post=478681"}],"version-history":[{"count":6,"href":"https:\/\/www.estrategiaconcursos.com.br\/blog\/wp-json\/wp\/v2\/posts\/478681\/revisions"}],"predecessor-version":[{"id":1176505,"href":"https:\/\/www.estrategiaconcursos.com.br\/blog\/wp-json\/wp\/v2\/posts\/478681\/revisions\/1176505"}],"wp:featuredmedia":[{"embeddable":true,"href":"https:\/\/www.estrategiaconcursos.com.br\/blog\/wp-json\/wp\/v2\/media\/444277"}],"wp:attachment":[{"href":"https:\/\/www.estrategiaconcursos.com.br\/blog\/wp-json\/wp\/v2\/media?parent=478681"}],"wp:term":[{"taxonomy":"category","embeddable":true,"href":"https:\/\/www.estrategiaconcursos.com.br\/blog\/wp-json\/wp\/v2\/categories?post=478681"},{"taxonomy":"post_tag","embeddable":true,"href":"https:\/\/www.estrategiaconcursos.com.br\/blog\/wp-json\/wp\/v2\/tags?post=478681"},{"taxonomy":"tax_estado","embeddable":true,"href":"https:\/\/www.estrategiaconcursos.com.br\/blog\/wp-json\/wp\/v2\/tax_estado?post=478681"}],"curies":[{"name":"wp","href":"https:\/\/api.w.org\/{rel}","templated":true}]}}