{"id":478678,"date":"2020-02-06T14:10:27","date_gmt":"2020-02-06T17:10:27","guid":{"rendered":"https:\/\/www.estrategiaconcursos.com.br\/blog\/?p=478678"},"modified":"2020-02-06T14:10:29","modified_gmt":"2020-02-06T17:10:29","slug":"cargos-que-serao-ofertados-no-concurso-camara-aracaju","status":"publish","type":"post","link":"https:\/\/www.estrategiaconcursos.com.br\/blog\/cargos-que-serao-ofertados-no-concurso-camara-aracaju\/","title":{"rendered":"Saiba quais cargos ser\u00e3o ofertados no concurso C\u00e2mara de Aracaju!"},"content":{"rendered":"\n<p>Esta semana foi confirmado pelo Presidente da C\u00e2mara de Aracaju, Nitinho,  que o edital do certame seria divulgado na pr\u00f3xima segunda-feira, 10 de fevereiro.<\/p>\n\n\n\n<p>Al\u00e9m disso, o Jornalismo do Estrat\u00e9gia Concursos obteve com anteced\u00eancia, em contato com o Recursos Humanos, informa\u00e7\u00f5es sobre cargos que ser\u00e3o ofertados no certame, confira abaixo:<\/p>\n\n\n\n<p class=\"has-medium-font-size\"><strong>N\u00edvel m\u00e9dio e T\u00e9cnico<\/strong><\/p>\n\n\n\n<ul class=\"wp-block-list\"><li> <em>Assistente Administrativo; <\/em><\/li><li><em>Assistente Legislativo; <\/em><\/li><li><em>Int\u00e9rprete e Tradutor de Libras; <\/em><\/li><li><em>Taqu\u00edgrafo; <\/em><\/li><li><em>Tecnologia da Informa\u00e7\u00e3o; <\/em><\/li><li><em>T\u00e9cnico em Enfermagem  e<\/em><\/li><li><em>T\u00e9cnico em Seguran\u00e7a do Trabalho.<\/em><\/li><\/ul>\n\n\n\n<p class=\"has-medium-font-size\"><strong>N\u00edvel Superior<\/strong><\/p>\n\n\n\n<ul class=\"wp-block-list\"><li><em>Analista Administrativo; <\/em><\/li><li><em>Analista Legislativo; <\/em><\/li><li><em>Comunicador Social; <\/em><\/li><li><em>Contador; Enfermeiro; <\/em><\/li><li><em>Gram\u00e1tico; <\/em><\/li><li><em>M\u00e9dico; e<\/em><\/li><li><em>Procurador Judicial. <\/em><\/li><\/ul>\n\n\n\n<p>Foi confirmado que haver\u00e1 pelo menos uma vaga ou Cadastro de Reserva para cada um dos cargos acima.<\/p>\n\n\n\n<p>Segundo o presidente da c\u00e2mara, ser\u00e3o 50 vagas, distribu\u00eddas entre n\u00edvel m\u00e9dio, t\u00e9cnico e superior, sendo 16 para n\u00edvel superior e 34 para n\u00edvel m\u00e9dio e t\u00e9cnico.<\/p>\n\n\n\n<p class=\"has-text-align-center\"><strong>Quer saber mais sobre o certame? Acesse a mat\u00e9ria completa:<\/strong><\/p>\n\n\n\n<p class=\"has-background has-text-align-center has-very-light-gray-background-color\"><a href=\"https:\/\/www.estrategiaconcursos.com.br\/blog\/concurso-camara-de-aracaju\/\"><strong>Concurso C\u00e2mara Municipal de Aracaju<\/strong><\/a><\/p>\n\n\n\n<h4 class=\"has-text-align-center wp-block-heading\" id=\"cursos-assinatura\"><br \/><strong><em>Quer estudar para o Concurso C\u00e2mara de Aracaju?<\/em><\/strong><\/h4>\n\n\n\n<p class=\"has-text-align-center\"><em><strong>Gostou desta oportunidade e deseja come\u00e7ar se preparar agora mesmo? Ent\u00e3o, confira os nossos cursos e comece a estudar:<\/strong><\/em><\/p>\n\n\n\n<p class=\"has-background has-text-align-center has-luminous-vivid-amber-background-color\"><strong><a href=\"https:\/\/www.estrategiaconcursos.com.br\/cursosPorConcurso\/camara-municipal-de-aracaju-se\/\" target=\"_blank\" rel=\"noreferrer noopener\">CURSOS C\u00c2MARA DE ARACAJU<\/a><\/strong><\/p>\n\n\n\n<p class=\"has-text-align-center\"><em><strong>Assinatura Anual Ilimitada*<\/strong><\/em><\/p>\n\n\n\n<p class=\"has-text-align-center\"><em>Prepare-se com o melhor material e com quem mais aprova em Concursos P\u00fablicos em todo o pa\u00eds. Assine agora a nossa Assinatura Anual e tenha acesso ilimitado* a todos os nossos cursos.<\/em><\/p>\n\n\n\n<p class=\"has-background has-text-align-center has-light-green-cyan-background-color\"><strong>ASSINE AGORA<\/strong>&nbsp;\u2013&nbsp;<strong><a rel=\"noreferrer noopener\" href=\"https:\/\/www.estrategiaconcursos.com.br\/assinaturas\" target=\"_blank\">Assinatura Ilimitada<\/a><\/strong><\/p>\n\n\n\n<p class=\"has-background has-text-align-center has-pale-cyan-blue-background-color\"><strong><a href=\"https:\/\/www.estrategiaconcursos.com.br\/blog\/concursos-abertos\/\">CONCURSOS ABERTOS<\/a><\/strong><\/p>\n\n\n\n<p class=\"has-background has-text-align-center has-pale-cyan-blue-background-color\"><a href=\"https:\/\/www.estrategiaconcursos.com.br\/blog\/concursos-2020\/\"><strong>CONCURSOS<\/strong><\/a><strong><a href=\"https:\/\/www.estrategiaconcursos.com.br\/blog\/concursos-2020\/\">&nbsp;2020<\/a><\/strong><\/p>\n","protected":false},"excerpt":{"rendered":"<p>Esta semana foi confirmado pelo Presidente da C\u00e2mara de Aracaju, Nitinho, que o edital do certame seria divulgado na pr\u00f3xima segunda-feira, 10 de fevereiro. Al\u00e9m disso, o Jornalismo do Estrat\u00e9gia Concursos obteve com anteced\u00eancia, em contato com o Recursos Humanos, informa\u00e7\u00f5es sobre cargos que ser\u00e3o ofertados no certame, confira abaixo: N\u00edvel m\u00e9dio e T\u00e9cnico Assistente [&hellip;]<\/p>\n","protected":false},"author":388,"featured_media":0,"comment_status":"open","ping_status":"closed","sticky":false,"template":"","format":"standard","meta":{"post_tipo":"article","footnotes":""},"categories":[1],"tags":[],"tax_estado":[],"class_list":["post-478678","post","type-post","status-publish","format-standard","hentry","category-cursos-e-concursos"],"acf":[],"yoast_head":"<!-- This site is optimized with the Yoast SEO Premium plugin v27.2 (Yoast SEO v27.2) - https:\/\/yoast.com\/product\/yoast-seo-premium-wordpress\/ -->\n<title>Saiba quais cargos ser\u00e3o ofertados no concurso C\u00e2mara de Aracaju!<\/title>\n<meta name=\"robots\" content=\"index, follow, max-snippet:-1, max-image-preview:large, max-video-preview:-1\" \/>\n<link rel=\"canonical\" href=\"https:\/\/www.estrategiaconcursos.com.br\/blog\/cargos-que-serao-ofertados-no-concurso-camara-aracaju\/\" \/>\n<meta property=\"og:locale\" content=\"pt_BR\" \/>\n<meta property=\"og:type\" content=\"article\" \/>\n<meta property=\"og:title\" content=\"Saiba quais cargos ser\u00e3o ofertados no concurso C\u00e2mara de Aracaju!\" \/>\n<meta property=\"og:description\" content=\"Esta semana foi confirmado pelo Presidente da C\u00e2mara de Aracaju, Nitinho, que o edital do certame seria divulgado na pr\u00f3xima segunda-feira, 10 de fevereiro. Al\u00e9m disso, o Jornalismo do Estrat\u00e9gia Concursos obteve com anteced\u00eancia, em contato com o Recursos Humanos, informa\u00e7\u00f5es sobre cargos que ser\u00e3o ofertados no certame, confira abaixo: N\u00edvel m\u00e9dio e T\u00e9cnico Assistente [&hellip;]\" \/>\n<meta property=\"og:url\" content=\"https:\/\/www.estrategiaconcursos.com.br\/blog\/cargos-que-serao-ofertados-no-concurso-camara-aracaju\/\" \/>\n<meta property=\"og:site_name\" content=\"Estrat\u00e9gia Concursos\" \/>\n<meta property=\"article:published_time\" content=\"2020-02-06T17:10:27+00:00\" \/>\n<meta property=\"article:modified_time\" content=\"2020-02-06T17:10:29+00:00\" \/>\n<meta name=\"author\" content=\"Tiago Zanolla\" \/>\n<meta name=\"twitter:card\" content=\"summary_large_image\" \/>\n<meta name=\"twitter:creator\" content=\"@EstratConcursos\" \/>\n<meta name=\"twitter:site\" content=\"@EstratConcursos\" \/>\n<meta name=\"twitter:label1\" content=\"Escrito por\" \/>\n\t<meta name=\"twitter:data1\" content=\"Tiago Zanolla\" \/>\n\t<meta name=\"twitter:label2\" content=\"Est. tempo de leitura\" \/>\n\t<meta name=\"twitter:data2\" content=\"1 minuto\" \/>\n<script type=\"application\/ld+json\" class=\"yoast-schema-graph\">{\"@context\":\"https:\/\/schema.org\",\"@graph\":[{\"@type\":\"NewsArticle\",\"@id\":\"https:\/\/www.estrategiaconcursos.com.br\/blog\/cargos-que-serao-ofertados-no-concurso-camara-aracaju\/#article\",\"isPartOf\":{\"@id\":\"https:\/\/www.estrategiaconcursos.com.br\/blog\/cargos-que-serao-ofertados-no-concurso-camara-aracaju\/\"},\"author\":{\"name\":\"Tiago Zanolla\",\"@id\":\"https:\/\/www.estrategiaconcursos.com.br\/blog\/#\/schema\/person\/1509739fd92a40c9b52116de04a90310\"},\"headline\":\"Saiba quais cargos ser\u00e3o ofertados no concurso C\u00e2mara de Aracaju!\",\"datePublished\":\"2020-02-06T17:10:27+00:00\",\"dateModified\":\"2020-02-06T17:10:29+00:00\",\"mainEntityOfPage\":{\"@id\":\"https:\/\/www.estrategiaconcursos.com.br\/blog\/cargos-que-serao-ofertados-no-concurso-camara-aracaju\/\"},\"wordCount\":272,\"commentCount\":0,\"publisher\":{\"@id\":\"https:\/\/www.estrategiaconcursos.com.br\/blog\/#organization\"},\"articleSection\":[\"Concursos P\u00fablicos\"],\"inLanguage\":\"pt-BR\",\"potentialAction\":[{\"@type\":\"CommentAction\",\"name\":\"Comment\",\"target\":[\"https:\/\/www.estrategiaconcursos.com.br\/blog\/cargos-que-serao-ofertados-no-concurso-camara-aracaju\/#respond\"]}],\"copyrightYear\":\"2020\",\"copyrightHolder\":{\"@id\":\"https:\/\/www.estrategiaconcursos.com.br\/blog\/#organization\"}},{\"@type\":\"WebPage\",\"@id\":\"https:\/\/www.estrategiaconcursos.com.br\/blog\/cargos-que-serao-ofertados-no-concurso-camara-aracaju\/\",\"url\":\"https:\/\/www.estrategiaconcursos.com.br\/blog\/cargos-que-serao-ofertados-no-concurso-camara-aracaju\/\",\"name\":\"Saiba quais cargos ser\u00e3o ofertados no concurso C\u00e2mara de Aracaju!\",\"isPartOf\":{\"@id\":\"https:\/\/www.estrategiaconcursos.com.br\/blog\/#website\"},\"datePublished\":\"2020-02-06T17:10:27+00:00\",\"dateModified\":\"2020-02-06T17:10:29+00:00\",\"breadcrumb\":{\"@id\":\"https:\/\/www.estrategiaconcursos.com.br\/blog\/cargos-que-serao-ofertados-no-concurso-camara-aracaju\/#breadcrumb\"},\"inLanguage\":\"pt-BR\",\"potentialAction\":[{\"@type\":\"ReadAction\",\"target\":[\"https:\/\/www.estrategiaconcursos.com.br\/blog\/cargos-que-serao-ofertados-no-concurso-camara-aracaju\/\"]}]},{\"@type\":\"BreadcrumbList\",\"@id\":\"https:\/\/www.estrategiaconcursos.com.br\/blog\/cargos-que-serao-ofertados-no-concurso-camara-aracaju\/#breadcrumb\",\"itemListElement\":[{\"@type\":\"ListItem\",\"position\":1,\"name\":\"In\u00edcio\",\"item\":\"https:\/\/www.estrategiaconcursos.com.br\/blog\/\"},{\"@type\":\"ListItem\",\"position\":2,\"name\":\"Saiba quais cargos ser\u00e3o ofertados no concurso C\u00e2mara de Aracaju!\"}]},{\"@type\":\"WebSite\",\"@id\":\"https:\/\/www.estrategiaconcursos.com.br\/blog\/#website\",\"url\":\"https:\/\/www.estrategiaconcursos.com.br\/blog\/\",\"name\":\"Estrat\u00e9gia Concursos\",\"description\":\"O blog da Estrat\u00e9gia Concursos traz not\u00edcias sobre concursos e artigos de professores oferecendo cursos para concursos (pdf + videaulas) no site.\",\"publisher\":{\"@id\":\"https:\/\/www.estrategiaconcursos.com.br\/blog\/#organization\"},\"potentialAction\":[{\"@type\":\"SearchAction\",\"target\":{\"@type\":\"EntryPoint\",\"urlTemplate\":\"https:\/\/www.estrategiaconcursos.com.br\/blog\/?s={search_term_string}\"},\"query-input\":{\"@type\":\"PropertyValueSpecification\",\"valueRequired\":true,\"valueName\":\"search_term_string\"}}],\"inLanguage\":\"pt-BR\"},{\"@type\":\"Organization\",\"@id\":\"https:\/\/www.estrategiaconcursos.com.br\/blog\/#organization\",\"name\":\"Estrat\u00e9gia Concursos\",\"url\":\"https:\/\/www.estrategiaconcursos.com.br\/blog\/\",\"logo\":{\"@type\":\"ImageObject\",\"inLanguage\":\"pt-BR\",\"@id\":\"https:\/\/www.estrategiaconcursos.com.br\/blog\/#\/schema\/logo\/image\/\",\"url\":\"https:\/\/dhg1h5j42swfq.cloudfront.net\/2025\/06\/03203428\/logo_concursos-1.jpg\",\"contentUrl\":\"https:\/\/dhg1h5j42swfq.cloudfront.net\/2025\/06\/03203428\/logo_concursos-1.jpg\",\"width\":230,\"height\":60,\"caption\":\"Estrat\u00e9gia Concursos\"},\"image\":{\"@id\":\"https:\/\/www.estrategiaconcursos.com.br\/blog\/#\/schema\/logo\/image\/\"},\"sameAs\":[\"https:\/\/x.com\/EstratConcursos\"]},{\"@type\":\"Person\",\"@id\":\"https:\/\/www.estrategiaconcursos.com.br\/blog\/#\/schema\/person\/1509739fd92a40c9b52116de04a90310\",\"name\":\"Tiago Zanolla\",\"image\":{\"@type\":\"ImageObject\",\"inLanguage\":\"pt-BR\",\"@id\":\"https:\/\/secure.gravatar.com\/avatar\/e647cb200c21008603a1760df42f3f713d32dd977761568b5689c47f0b1747ee?s=96&d=mm&r=g\",\"url\":\"https:\/\/secure.gravatar.com\/avatar\/e647cb200c21008603a1760df42f3f713d32dd977761568b5689c47f0b1747ee?s=96&d=mm&r=g\",\"contentUrl\":\"https:\/\/secure.gravatar.com\/avatar\/e647cb200c21008603a1760df42f3f713d32dd977761568b5689c47f0b1747ee?s=96&d=mm&r=g\",\"caption\":\"Tiago Zanolla\"},\"url\":\"https:\/\/www.estrategiaconcursos.com.br\/blog\/author\/zanolla-estrategiagmail-com\/\"}]}<\/script>\n<!-- \/ Yoast SEO Premium plugin. -->","yoast_head_json":{"title":"Saiba quais cargos ser\u00e3o ofertados no concurso C\u00e2mara de Aracaju!","robots":{"index":"index","follow":"follow","max-snippet":"max-snippet:-1","max-image-preview":"max-image-preview:large","max-video-preview":"max-video-preview:-1"},"canonical":"https:\/\/www.estrategiaconcursos.com.br\/blog\/cargos-que-serao-ofertados-no-concurso-camara-aracaju\/","og_locale":"pt_BR","og_type":"article","og_title":"Saiba quais cargos ser\u00e3o ofertados no concurso C\u00e2mara de Aracaju!","og_description":"Esta semana foi confirmado pelo Presidente da C\u00e2mara de Aracaju, Nitinho, que o edital do certame seria divulgado na pr\u00f3xima segunda-feira, 10 de fevereiro. Al\u00e9m disso, o Jornalismo do Estrat\u00e9gia Concursos obteve com anteced\u00eancia, em contato com o Recursos Humanos, informa\u00e7\u00f5es sobre cargos que ser\u00e3o ofertados no certame, confira abaixo: N\u00edvel m\u00e9dio e T\u00e9cnico Assistente [&hellip;]","og_url":"https:\/\/www.estrategiaconcursos.com.br\/blog\/cargos-que-serao-ofertados-no-concurso-camara-aracaju\/","og_site_name":"Estrat\u00e9gia Concursos","article_published_time":"2020-02-06T17:10:27+00:00","article_modified_time":"2020-02-06T17:10:29+00:00","author":"Tiago Zanolla","twitter_card":"summary_large_image","twitter_creator":"@EstratConcursos","twitter_site":"@EstratConcursos","twitter_misc":{"Escrito por":"Tiago Zanolla","Est. tempo de leitura":"1 minuto"},"schema":{"@context":"https:\/\/schema.org","@graph":[{"@type":"NewsArticle","@id":"https:\/\/www.estrategiaconcursos.com.br\/blog\/cargos-que-serao-ofertados-no-concurso-camara-aracaju\/#article","isPartOf":{"@id":"https:\/\/www.estrategiaconcursos.com.br\/blog\/cargos-que-serao-ofertados-no-concurso-camara-aracaju\/"},"author":{"name":"Tiago Zanolla","@id":"https:\/\/www.estrategiaconcursos.com.br\/blog\/#\/schema\/person\/1509739fd92a40c9b52116de04a90310"},"headline":"Saiba quais cargos ser\u00e3o ofertados no concurso C\u00e2mara de Aracaju!","datePublished":"2020-02-06T17:10:27+00:00","dateModified":"2020-02-06T17:10:29+00:00","mainEntityOfPage":{"@id":"https:\/\/www.estrategiaconcursos.com.br\/blog\/cargos-que-serao-ofertados-no-concurso-camara-aracaju\/"},"wordCount":272,"commentCount":0,"publisher":{"@id":"https:\/\/www.estrategiaconcursos.com.br\/blog\/#organization"},"articleSection":["Concursos P\u00fablicos"],"inLanguage":"pt-BR","potentialAction":[{"@type":"CommentAction","name":"Comment","target":["https:\/\/www.estrategiaconcursos.com.br\/blog\/cargos-que-serao-ofertados-no-concurso-camara-aracaju\/#respond"]}],"copyrightYear":"2020","copyrightHolder":{"@id":"https:\/\/www.estrategiaconcursos.com.br\/blog\/#organization"}},{"@type":"WebPage","@id":"https:\/\/www.estrategiaconcursos.com.br\/blog\/cargos-que-serao-ofertados-no-concurso-camara-aracaju\/","url":"https:\/\/www.estrategiaconcursos.com.br\/blog\/cargos-que-serao-ofertados-no-concurso-camara-aracaju\/","name":"Saiba quais cargos ser\u00e3o ofertados no concurso C\u00e2mara de Aracaju!","isPartOf":{"@id":"https:\/\/www.estrategiaconcursos.com.br\/blog\/#website"},"datePublished":"2020-02-06T17:10:27+00:00","dateModified":"2020-02-06T17:10:29+00:00","breadcrumb":{"@id":"https:\/\/www.estrategiaconcursos.com.br\/blog\/cargos-que-serao-ofertados-no-concurso-camara-aracaju\/#breadcrumb"},"inLanguage":"pt-BR","potentialAction":[{"@type":"ReadAction","target":["https:\/\/www.estrategiaconcursos.com.br\/blog\/cargos-que-serao-ofertados-no-concurso-camara-aracaju\/"]}]},{"@type":"BreadcrumbList","@id":"https:\/\/www.estrategiaconcursos.com.br\/blog\/cargos-que-serao-ofertados-no-concurso-camara-aracaju\/#breadcrumb","itemListElement":[{"@type":"ListItem","position":1,"name":"In\u00edcio","item":"https:\/\/www.estrategiaconcursos.com.br\/blog\/"},{"@type":"ListItem","position":2,"name":"Saiba quais cargos ser\u00e3o ofertados no concurso C\u00e2mara de Aracaju!"}]},{"@type":"WebSite","@id":"https:\/\/www.estrategiaconcursos.com.br\/blog\/#website","url":"https:\/\/www.estrategiaconcursos.com.br\/blog\/","name":"Estrat\u00e9gia Concursos","description":"O blog da Estrat\u00e9gia Concursos traz not\u00edcias sobre concursos e artigos de professores oferecendo cursos para concursos (pdf + videaulas) no site.","publisher":{"@id":"https:\/\/www.estrategiaconcursos.com.br\/blog\/#organization"},"potentialAction":[{"@type":"SearchAction","target":{"@type":"EntryPoint","urlTemplate":"https:\/\/www.estrategiaconcursos.com.br\/blog\/?s={search_term_string}"},"query-input":{"@type":"PropertyValueSpecification","valueRequired":true,"valueName":"search_term_string"}}],"inLanguage":"pt-BR"},{"@type":"Organization","@id":"https:\/\/www.estrategiaconcursos.com.br\/blog\/#organization","name":"Estrat\u00e9gia Concursos","url":"https:\/\/www.estrategiaconcursos.com.br\/blog\/","logo":{"@type":"ImageObject","inLanguage":"pt-BR","@id":"https:\/\/www.estrategiaconcursos.com.br\/blog\/#\/schema\/logo\/image\/","url":"https:\/\/dhg1h5j42swfq.cloudfront.net\/2025\/06\/03203428\/logo_concursos-1.jpg","contentUrl":"https:\/\/dhg1h5j42swfq.cloudfront.net\/2025\/06\/03203428\/logo_concursos-1.jpg","width":230,"height":60,"caption":"Estrat\u00e9gia Concursos"},"image":{"@id":"https:\/\/www.estrategiaconcursos.com.br\/blog\/#\/schema\/logo\/image\/"},"sameAs":["https:\/\/x.com\/EstratConcursos"]},{"@type":"Person","@id":"https:\/\/www.estrategiaconcursos.com.br\/blog\/#\/schema\/person\/1509739fd92a40c9b52116de04a90310","name":"Tiago Zanolla","image":{"@type":"ImageObject","inLanguage":"pt-BR","@id":"https:\/\/secure.gravatar.com\/avatar\/e647cb200c21008603a1760df42f3f713d32dd977761568b5689c47f0b1747ee?s=96&d=mm&r=g","url":"https:\/\/secure.gravatar.com\/avatar\/e647cb200c21008603a1760df42f3f713d32dd977761568b5689c47f0b1747ee?s=96&d=mm&r=g","contentUrl":"https:\/\/secure.gravatar.com\/avatar\/e647cb200c21008603a1760df42f3f713d32dd977761568b5689c47f0b1747ee?s=96&d=mm&r=g","caption":"Tiago Zanolla"},"url":"https:\/\/www.estrategiaconcursos.com.br\/blog\/author\/zanolla-estrategiagmail-com\/"}]}},"_links":{"self":[{"href":"https:\/\/www.estrategiaconcursos.com.br\/blog\/wp-json\/wp\/v2\/posts\/478678","targetHints":{"allow":["GET"]}}],"collection":[{"href":"https:\/\/www.estrategiaconcursos.com.br\/blog\/wp-json\/wp\/v2\/posts"}],"about":[{"href":"https:\/\/www.estrategiaconcursos.com.br\/blog\/wp-json\/wp\/v2\/types\/post"}],"author":[{"embeddable":true,"href":"https:\/\/www.estrategiaconcursos.com.br\/blog\/wp-json\/wp\/v2\/users\/388"}],"replies":[{"embeddable":true,"href":"https:\/\/www.estrategiaconcursos.com.br\/blog\/wp-json\/wp\/v2\/comments?post=478678"}],"version-history":[{"count":4,"href":"https:\/\/www.estrategiaconcursos.com.br\/blog\/wp-json\/wp\/v2\/posts\/478678\/revisions"}],"predecessor-version":[{"id":478719,"href":"https:\/\/www.estrategiaconcursos.com.br\/blog\/wp-json\/wp\/v2\/posts\/478678\/revisions\/478719"}],"wp:attachment":[{"href":"https:\/\/www.estrategiaconcursos.com.br\/blog\/wp-json\/wp\/v2\/media?parent=478678"}],"wp:term":[{"taxonomy":"category","embeddable":true,"href":"https:\/\/www.estrategiaconcursos.com.br\/blog\/wp-json\/wp\/v2\/categories?post=478678"},{"taxonomy":"post_tag","embeddable":true,"href":"https:\/\/www.estrategiaconcursos.com.br\/blog\/wp-json\/wp\/v2\/tags?post=478678"},{"taxonomy":"tax_estado","embeddable":true,"href":"https:\/\/www.estrategiaconcursos.com.br\/blog\/wp-json\/wp\/v2\/tax_estado?post=478678"}],"curies":[{"name":"wp","href":"https:\/\/api.w.org\/{rel}","templated":true}]}}