{"id":478652,"date":"2025-10-22T12:00:00","date_gmt":"2025-10-22T15:00:00","guid":{"rendered":"https:\/\/www.estrategiaconcursos.com.br\/blog\/?p=478652"},"modified":"2025-11-11T02:03:21","modified_gmt":"2025-11-11T05:03:21","slug":"concurso-fasepa","status":"publish","type":"post","link":"https:\/\/www.estrategiaconcursos.com.br\/blog\/concurso-fasepa\/","title":{"rendered":"Concurso FASEPA: reestrutura\u00e7\u00e3o \u00e9 sancionada. Confira!"},"content":{"rendered":"\n<p>Foi sancionada pelo governador do Par\u00e1, Helder Barbalho, a reestrutura\u00e7\u00e3o da Funda\u00e7\u00e3o de Atendimento Socioeducativo do Par\u00e1 para realiza\u00e7\u00e3o dos pr\u00f3ximos editais de <strong>concurso FASEPA<\/strong>.<\/p>\n\n\n\n<p>A nova legisla\u00e7\u00e3o reestrutura a Funda\u00e7\u00e3o, cria a Carreira Socioeducativa, revoga leis anteriores e tem efeitos financeiros retroativas a&nbsp;<strong>1\u00ba de agosto de 2025<\/strong>. <a href=\"https:\/\/www.estrategiaconcursos.com.br\/blog\/concurso-fasepa-reestruturacao\/\" target=\"_blank\" rel=\"noreferrer noopener\">Veja todos os detalhes<\/a>!<\/p>\n\n\n\n<p>Outra altera\u00e7\u00e3o relevante \u00e9 a <strong>cria\u00e7\u00e3o da carreira Socioeducativa<\/strong>, em diversas especialidades. <\/p>\n\n\n\n<p>Ap\u00f3s mudan\u00e7as na estrutura da funda\u00e7\u00e3o, a expectativa \u00e9 que um novo edital possa ser publicado em breve. Isso porque a FASEPA j\u00e1 divulgou que um <strong>novo certame encontra-se em fase de estudos<\/strong>. <\/p>\n\n\n\n<ul class=\"wp-block-list has-very-light-gray-to-cyan-bluish-gray-gradient-background has-background\">\n<li><strong>Funda\u00e7\u00e3o de Atendimento Socioeducativo do Par\u00e1<\/strong> &#8211; <strong>FASEPA<\/strong><\/li>\n\n\n\n<li><strong>Status<\/strong>: concurso homologado<\/li>\n\n\n\n<li><strong>Banca:<\/strong> <a href=\"https:\/\/www.cetapnet.com.br\/informacoes\/162\/\" target=\"_blank\" rel=\"noreferrer noopener\">Cetap<\/a><\/li>\n\n\n\n<li><strong>Vagas<\/strong>: 67 + CR<\/li>\n\n\n\n<li><strong>Sal\u00e1rio inicial<\/strong>: R$ 1.215,50 a R$ 3.104,35<\/li>\n\n\n\n<li><strong>\u00daltimo edital: <\/strong><a href=\"https:\/\/dhg1h5j42swfq.cloudfront.net\/2023\/04\/05165740\/ogzj99mummomtcyif6r6kjri612rzyb3ec6nt9nd.pdf\" target=\"_blank\" rel=\"noreferrer noopener nofollow\">FASEPA 2023<\/a><\/li>\n<\/ul>\n\n\n\n<p>Vale lembrar que o \u00faltimo edital, publicado no ano de 2023, encontra-se oficialmente homologado. Foram 67 vagas e cadastro de reserva para vagas de n\u00edveis m\u00e9dio e superior. Os sal\u00e1rios variaram entre R$ 1.215,50 a R$ 3.104,35.<\/p>\n\n\n\n<p>Para saber tudo sobre este concurso FASEPA, acompanhe esta mat\u00e9ria e comece j\u00e1 a sua prepara\u00e7\u00e3o!<\/p>\n\n\n\n<ul id=\"indice\" class=\"wp-block-list\">\n<li><a href=\"#situ\"><strong>Situa\u00e7\u00e3o atual<\/strong><\/a>\n<ul class=\"wp-block-list\">\n<li><a href=\"#reestruturacao-sancionada\">Reestrutura\u00e7\u00e3o sancionada<\/a><\/li>\n\n\n\n<li><a href=\"#estudo\">Edital em estudos<\/a><\/li>\n\n\n\n<li><a href=\"#remuneracao\">Remunera\u00e7\u00e3o<\/a><\/li>\n\n\n\n<li><a href=\"#pessoal\">Quadro de pessoal<\/a><\/li>\n<\/ul>\n<\/li>\n\n\n\n<li><strong><a href=\"#ult\">\u00daltimo concurso<\/a><\/strong>\n<ul class=\"wp-block-list\">\n<li><a href=\"#vagas\">Cargos e vagas<\/a><\/li>\n\n\n\n<li><a href=\"#etapas\">Etapas do \u00faltimo concurso<\/a><\/li>\n<\/ul>\n<\/li>\n\n\n\n<li><a href=\"#cursos\"><strong>Cursos e assinaturas<\/strong><\/a><\/li>\n\n\n\n<li><a href=\"#ficha\"><strong>Ficha T\u00e9cnica<\/strong><\/a><\/li>\n<\/ul>\n\n\n\n<div class=\"container\" id=\"boxes\">\n  <div class=\"row\"> \n\n    <div class=\"col-sm\">\n      <div class=\"banner-adm\" id=\"box-assinatura\">\n        <h3 class=\"titulo-assinatura\">Concurso FASEPA<\/h3>\n        <p class=\"subtitulo-assinatura\">Conhe\u00e7a os cursos<\/p>\n        <div class=\"box-botao\">\n          <a class=\"btn-assinatura\" target=\"_blank\" href=\"https:\/\/www.estrategiaconcursos.com.br\/cursosPorConcurso\/fundacao-de-atendimento-socioeducativo-do-para-fasepa\" role=\"button\" rel=\"noopener noreferrer\">Conhe\u00e7a mais<\/a>\n        <\/div>\n      <\/div>\n     \n\n  <\/div>\n<\/div><\/div>\n\n\n\n<h2 class=\"wp-block-heading has-cyan-bluish-gray-background-color has-background\" id=\"situ\">Situa\u00e7\u00e3o atual do concurso FASEPA<\/h2>\n\n\n\n<h3 class=\"wp-block-heading\" id=\"reestruturacao-sancionada\">Reestrutura\u00e7\u00e3o sancionada<\/h3>\n\n\n\n<p>Foi sancionada a reestrutura\u00e7\u00e3o da Funda\u00e7\u00e3o de Atendimento Socioeducativo do Par\u00e1 (FASEPA), com mudan\u00e7as significativas nas <strong>carreiras, sal\u00e1rios e gratifica\u00e7\u00f5es<\/strong>. <a href=\"https:\/\/www.estrategiaconcursos.com.br\/blog\/concurso-fasepa-reestruturacao\/\" target=\"_blank\" rel=\"noreferrer noopener\">Veja todos os detalhes<\/a>!<\/p>\n\n\n\n<h3 class=\"wp-block-heading\" id=\"estudo\">Edital em estudos<\/h3>\n\n\n\n<p>Um novo edital do concurso FASEPA est\u00e1 em estudos. A informa\u00e7\u00e3o foi divulgada pela assessoria do \u00f3rg\u00e3o. O n\u00famero de vagas e os poss\u00edveis cargos a serem contemplados n\u00e3o foram divulgados.<\/p>\n\n\n\n<h3 class=\"wp-block-heading\" id=\"remuneracao\">Remunera\u00e7\u00e3o<\/h3>\n\n\n\n<figure class=\"wp-block-table is-style-stripes\"><table class=\"has-fixed-layout\"><thead><tr><td class=\"has-text-align-center\" data-align=\"center\"><strong>Forma\u00e7\u00e3o<\/strong><\/td><td class=\"has-text-align-center\" data-align=\"center\"><strong>Cargo<\/strong><\/td><td class=\"has-text-align-center\" data-align=\"center\"><strong>Vencimento Base \u2013 1\u00ba agosto\/2025<\/strong><\/td><td class=\"has-text-align-center\" data-align=\"center\"><strong>Vencimento Base \u2013 1\u00ba agosto\/2026<\/strong><\/td><td class=\"has-text-align-center\" data-align=\"center\"><strong>Vencimento Base \u2013 1\u00ba agosto 2027<\/strong><\/td><\/tr><\/thead><tbody><tr><td class=\"has-text-align-center\" data-align=\"center\"><strong>N\u00edvel Superior<\/strong><\/td><td class=\"has-text-align-center\" data-align=\"center\">Analista de Gest\u00e3o Socioeducativo, Analista de Sistemas, Analista Socioeducador, Analista de Sa\u00fade Socioeducativo<\/td><td class=\"has-text-align-center\" data-align=\"center\">R$ 1.724,64<\/td><td class=\"has-text-align-center\" data-align=\"center\">R$ 1.724,64<\/td><td class=\"has-text-align-center\" data-align=\"center\">R$ 1.724,64<\/td><\/tr><tr><td class=\"has-text-align-center\" data-align=\"center\"><strong>N\u00edvel Superior<\/strong><\/td><td class=\"has-text-align-center\" data-align=\"center\">Analista (todos)<\/td><td class=\"has-text-align-center\" data-align=\"center\">R$ 2.027,18<\/td><td class=\"has-text-align-center\" data-align=\"center\">R$ 2.556,62<\/td><td class=\"has-text-align-center\" data-align=\"center\">R$ 3.237,34<\/td><\/tr><tr><td class=\"has-text-align-center\" data-align=\"center\"><strong>N\u00edvel M\u00e9dio<\/strong><\/td><td class=\"has-text-align-center\" data-align=\"center\">Assistente de Gest\u00e3o Socioeducativo, Agente Socioeducativo, T\u00e9cnico em Contabilidade, Assistente de Sa\u00fade Socioeducativo<\/td><td class=\"has-text-align-center\" data-align=\"center\">R$ 1.320,00<\/td><td class=\"has-text-align-center\" data-align=\"center\">R$ 1.320,00<\/td><td class=\"has-text-align-center\" data-align=\"center\">R$ 1.320,00<\/td><\/tr><tr><td class=\"has-text-align-center\" data-align=\"center\"><strong>N\u00edvel M\u00e9dio<\/strong><\/td><td class=\"has-text-align-center\" data-align=\"center\">Assistente (todos), Agente, T\u00e9cnico<\/td><td class=\"has-text-align-center\" data-align=\"center\">R$ 1.551,56<\/td><td class=\"has-text-align-center\" data-align=\"center\">R$ 1.956,78<\/td><td class=\"has-text-align-center\" data-align=\"center\">R$ 2.477,78<\/td><\/tr><tr><td class=\"has-text-align-center\" data-align=\"center\"><strong>N\u00edvel Fundamental<\/strong><\/td><td class=\"has-text-align-center\" data-align=\"center\">Auxiliar Operacional Socioeducativo<\/td><td class=\"has-text-align-center\" data-align=\"center\">R$ 1.320,00<\/td><td class=\"has-text-align-center\" data-align=\"center\">R$ 1.320,00<\/td><td class=\"has-text-align-center\" data-align=\"center\">R$ 1.320,00<\/td><\/tr><tr><td class=\"has-text-align-center\" data-align=\"center\"><strong>N\u00edvel Fundamental<\/strong><\/td><td class=\"has-text-align-center\" data-align=\"center\">Auxiliar Operacional Socioeducativo<\/td><td class=\"has-text-align-center\" data-align=\"center\">R$ 1.551,56<\/td><td class=\"has-text-align-center\" data-align=\"center\">R$ 1.956,78<\/td><td class=\"has-text-align-center\" data-align=\"center\">R$ 2.477,78<\/td><\/tr><\/tbody><\/table><\/figure>\n\n\n\n<p>O&nbsp;<strong>adicional de titula\u00e7\u00e3o<\/strong>, para cargos de n\u00edvel superior, \u00e9 de 10% para especializa\u00e7\u00e3o, 20% para mestrado e 30% para doutorado, calculados sobre o vencimento-base.<\/p>\n\n\n\n<p>A&nbsp;<strong>GDAS<\/strong>&nbsp;tem o limite m\u00e1ximo de 100 pontos (60% para avalia\u00e7\u00e3o institucional e 40% para individual). O valor do ponto, reajust\u00e1vel, foi fixado inicialmente em:<\/p>\n\n\n\n<ul class=\"wp-block-list\">\n<li>N\u00edvel fundamental: 70% do valor do n\u00edvel m\u00e9dio.<\/li>\n\n\n\n<li>N\u00edvel m\u00e9dio: 70% do valor do n\u00edvel superior.<\/li>\n\n\n\n<li>N\u00edvel superior: R$ 14,35.<\/li>\n<\/ul>\n\n\n\n<h3 class=\"wp-block-heading\" id=\"pessoal\">Quadro de pessoal<\/h3>\n\n\n\n<p>O quadro de cargos de provimento efetivo \u00e9 constitu\u00eddo por&nbsp;<strong>1.614 cargos<\/strong>, distribu\u00eddos por n\u00edvel de escolaridade da seguinte forma:<\/p>\n\n\n\n<figure class=\"wp-block-table is-style-stripes\"><table class=\"has-fixed-layout\"><thead><tr><td class=\"has-text-align-center\" data-align=\"center\"><strong>Carreira Socioeducativa<\/strong><\/td><td class=\"has-text-align-center\" data-align=\"center\"><strong>Forma\u00e7\u00e3o<\/strong><\/td><td class=\"has-text-align-center\" data-align=\"center\"><strong>Cargos<\/strong><\/td><\/tr><\/thead><tbody><tr><td class=\"has-text-align-center\" data-align=\"center\">Analista de Gest\u00e3o Socioeducativo (diversas especialidades)<\/td><td class=\"has-text-align-center\" data-align=\"center\">Superior<\/td><td class=\"has-text-align-center\" data-align=\"center\">192<\/td><\/tr><tr><td class=\"has-text-align-center\" data-align=\"center\">Analista de Sistemas<\/td><td class=\"has-text-align-center\" data-align=\"center\">Superior<\/td><td class=\"has-text-align-center\" data-align=\"center\">2<\/td><\/tr><tr><td class=\"has-text-align-center\" data-align=\"center\">Analista Socioeducador (Arte, Educa\u00e7\u00e3o F\u00edsica)<\/td><td class=\"has-text-align-center\" data-align=\"center\">Superior<\/td><td class=\"has-text-align-center\" data-align=\"center\">13<\/td><\/tr><tr><td class=\"has-text-align-center\" data-align=\"center\">Analista de Sa\u00fade Socioeducativo (Enfermagem, Nutri\u00e7\u00e3o, Psicologia)<\/td><td class=\"has-text-align-center\" data-align=\"center\">Superior<\/td><td class=\"has-text-align-center\" data-align=\"center\">101<\/td><\/tr><tr><td class=\"has-text-align-center\" data-align=\"center\"><strong>Total \u2013 n\u00edvel superior<\/strong><\/td><td class=\"has-text-align-center\" data-align=\"center\"><strong>\u2013<\/strong><\/td><td class=\"has-text-align-center\" data-align=\"center\"><strong>308<\/strong><\/td><\/tr><tr><td class=\"has-text-align-center\" data-align=\"center\">Assistente de Gest\u00e3o Socioeducativo<\/td><td class=\"has-text-align-center\" data-align=\"center\">M\u00e9dio<\/td><td class=\"has-text-align-center\" data-align=\"center\">110<\/td><\/tr><tr><td class=\"has-text-align-center\" data-align=\"center\">Agente Socioeducativo<\/td><td class=\"has-text-align-center\" data-align=\"center\">M\u00e9dio<\/td><td class=\"has-text-align-center\" data-align=\"center\">1087<\/td><\/tr><tr><td class=\"has-text-align-center\" data-align=\"center\">T\u00e9cnico em Contabilidade<\/td><td class=\"has-text-align-center\" data-align=\"center\">M\u00e9dio<\/td><td class=\"has-text-align-center\" data-align=\"center\">3<\/td><\/tr><tr><td class=\"has-text-align-center\" data-align=\"center\">Assistente de Sa\u00fade Socioeducativo (T\u00e9cnico de Enfermagem)<\/td><td class=\"has-text-align-center\" data-align=\"center\">M\u00e9dio<\/td><td class=\"has-text-align-center\" data-align=\"center\">40<\/td><\/tr><tr><td class=\"has-text-align-center\" data-align=\"center\"><strong>Total \u2013 n\u00edvel m\u00e9dio<\/strong><\/td><td class=\"has-text-align-center\" data-align=\"center\"><strong>\u2013<\/strong><\/td><td class=\"has-text-align-center\" data-align=\"center\"><strong>1240<\/strong><\/td><\/tr><tr><td class=\"has-text-align-center\" data-align=\"center\">Auxiliar Operacional Socioeducativo (Agente de Artes Pr\u00e1ticas, Portaria, Motorista)<\/td><td class=\"has-text-align-center\" data-align=\"center\">Fundamental<\/td><td class=\"has-text-align-center\" data-align=\"center\">66<\/td><\/tr><tr><td class=\"has-text-align-center\" data-align=\"center\"><strong>Total \u2013 n\u00edvel fundamental<\/strong><\/td><td class=\"has-text-align-center\" data-align=\"center\"><strong>\u2013<\/strong><\/td><td class=\"has-text-align-center\" data-align=\"center\"><strong>66<\/strong><\/td><\/tr><tr><td class=\"has-text-align-center\" data-align=\"center\"><strong>TOTAL DE CARGOS EFETIVOS<\/strong><\/td><td class=\"has-text-align-center\" data-align=\"center\"><strong>\u2013<\/strong><\/td><td class=\"has-text-align-center\" data-align=\"center\"><strong>1614<\/strong><\/td><\/tr><\/tbody><\/table><\/figure>\n\n\n\n<h2 class=\"wp-block-heading has-cyan-bluish-gray-background-color has-background\" id=\"ult\">\u00daltimo concurso FASEPA<\/h2>\n\n\n\n<ul class=\"wp-block-list\">\n<li><strong>Vagas:&nbsp;<\/strong>67 + CR<\/li>\n\n\n\n<li><strong>Cargos<\/strong>: diversos<\/li>\n\n\n\n<li><strong>Banca<\/strong>:&nbsp;CETAP<\/li>\n\n\n\n<li><strong>Escolaridade<\/strong>: m\u00e9dio e superior<\/li>\n\n\n\n<li><strong>Edital:<\/strong>&nbsp;<a href=\"https:\/\/dhg1h5j42swfq.cloudfront.net\/2023\/04\/05165740\/ogzj99mummomtcyif6r6kjri612rzyb3ec6nt9nd.pdf\" target=\"_blank\" rel=\"noreferrer noopener nofollow\">FASEPA 2023<\/a><\/li>\n<\/ul>\n\n\n\n<h3 class=\"wp-block-heading\" id=\"vagas\">Cargos e vagas<\/h3>\n\n\n\n<h4 class=\"wp-block-heading\" id=\"medio\">N\u00edvel m\u00e9dio<\/h4>\n\n\n\n<ul class=\"wp-block-list\">\n<li><strong>Agente Administrativo:<\/strong> 18 vagas + CR (R$ 1.215,50); e<\/li>\n\n\n\n<li><strong>Monitor: <\/strong>15 vagas + CR (R$ 1.215,50).<\/li>\n<\/ul>\n\n\n\n<h4 class=\"wp-block-heading\" id=\"superior\">N\u00edvel superior<\/h4>\n\n\n\n<ul class=\"wp-block-list\">\n<li><strong>Administrador: <\/strong>1 vaga + CR (R$ 3.104,35);<\/li>\n\n\n\n<li><strong>Assistente Social: <\/strong>10 vagas + CR (R$ 3.104,35);<\/li>\n\n\n\n<li><strong>Pedagogo: <\/strong>15 vagas + CR (R$ 3.104,35); e<\/li>\n\n\n\n<li><strong>Psic\u00f3logo:<\/strong> 8 vagas + CR (R$ 3.104,35).<\/li>\n<\/ul>\n\n\n\n<h3 class=\"wp-block-heading\" id=\"requisitos\"><\/h3>\n\n\n\n<h2 class=\"wp-block-heading\" id=\"etapas\">Concurso FASEPA: etapas e vagas<\/h2>\n\n\n\n<p>Os candidatos foram avaliados <strong>em at\u00e9 tr\u00eas etapas<\/strong>:<\/p>\n\n\n\n<ul class=\"wp-block-list\">\n<li><strong>Prova objetiva<\/strong> (eliminat\u00f3rio e classificat\u00f3rio);<\/li>\n\n\n\n<li><strong>Prova discursiva <\/strong>(eliminat\u00f3rio e classificat\u00f3rio); e<\/li>\n\n\n\n<li><strong>Prova de t\u00edtulos<\/strong>, somente para os cargos de n\u00edvel superior (classificat\u00f3rio).<\/li>\n<\/ul>\n\n\n\n<h3 class=\"wp-block-heading\" id=\"objetiva\">Prova objetiva<\/h3>\n\n\n\n<p>A prova objetiva foi composta por 50 quest\u00f5es de m\u00faltipla escolha. Cada quest\u00e3o contou com 5 itens (A, B, C, D e E) e apenas uma \u00fanica resposta correta.<\/p>\n\n\n\n<figure class=\"wp-block-table is-style-stripes\"><table><thead><tr><th class=\"has-text-align-center\" data-align=\"center\">Disciplinas<\/th><th class=\"has-text-align-center\" data-align=\"center\">Quest\u00f5es<\/th><th class=\"has-text-align-center\" data-align=\"center\">Peso<\/th><th class=\"has-text-align-center\" data-align=\"center\">Total<\/th><\/tr><\/thead><tbody><tr><td class=\"has-text-align-center\" data-align=\"center\">L\u00edngua Portuguesa<\/td><td class=\"has-text-align-center\" data-align=\"center\">10<\/td><td class=\"has-text-align-center\" data-align=\"center\">0,2<\/td><td class=\"has-text-align-center\" data-align=\"center\">2<\/td><\/tr><tr><td class=\"has-text-align-center\" data-align=\"center\">Legisla\u00e7\u00e3o e \u00c9tica no Servi\u00e7o P\u00fablico<\/td><td class=\"has-text-align-center\" data-align=\"center\">10<\/td><td class=\"has-text-align-center\" data-align=\"center\">0,1<\/td><td class=\"has-text-align-center\" data-align=\"center\">1<\/td><\/tr><tr><td class=\"has-text-align-center\" data-align=\"center\">No\u00e7\u00f5es de Inform\u00e1tica<\/td><td class=\"has-text-align-center\" data-align=\"center\">10<\/td><td class=\"has-text-align-center\" data-align=\"center\">0,1<\/td><td class=\"has-text-align-center\" data-align=\"center\">1<\/td><\/tr><tr><td class=\"has-text-align-center\" data-align=\"center\">Conhecimentos Espec\u00edficos<\/td><td class=\"has-text-align-center\" data-align=\"center\">20<\/td><td class=\"has-text-align-center\" data-align=\"center\">0,3<\/td><td class=\"has-text-align-center\" data-align=\"center\">6<\/td><\/tr><\/tbody><\/table><figcaption class=\"wp-element-caption\">Quadro de detalhes da Prova Objetiva<\/figcaption><\/figure>\n\n\n\n<p>Foi considerado APROVADO na Prova Objetiva o candidato que obteve o m\u00ednimo de 50% (5 pontos) da pontua\u00e7\u00e3o total da prova e que n\u00e3o zerou nas quest\u00f5es de L\u00edngua Portuguesa.<\/p>\n\n\n\n<h3 class=\"wp-block-heading\" id=\"discursiva\">Prova discursiva<\/h3>\n\n\n\n<p>A prova discursiva consistiu na produ\u00e7\u00e3o de texto dissertativo e\/ou argumentativo, com extens\u00e3o m\u00ednima de 20 linhas e m\u00e1xima de 30 linhas, com base em terma formulado pela banca Cetap. Veja a tabela de avalia\u00e7\u00e3o:<\/p>\n\n\n\n<figure class=\"wp-block-image aligncenter is-resized\"><img decoding=\"async\" src=\"https:\/\/cdn.direcaoconcursos.com.br\/uploads\/2023\/04\/image-5-1024x579.png\" alt=\"Crit\u00e9rios de avalia\u00e7\u00e3o da Prova Discursiva\" class=\"wp-image-247699\" style=\"width:672px;height:379px\"\/><\/figure>\n\n\n\n<h3 class=\"wp-block-heading\" id=\"titulos\">Prova de t\u00edtulos<\/h3>\n\n\n\n<p>Foram convocados, atrav\u00e9s de edital de convoca\u00e7\u00e3o contendo hor\u00e1rio, local e prazo, para entrega ou envio da documenta\u00e7\u00e3o relativa \u00e0 Prova de T\u00edtulos os candidatos APROVADOS nas Provas Objetiva e Discursiva.<\/p>\n\n\n\n<p>A Prova de T\u00edtulos valeu at\u00e9 3,0 pontos, ainda que a soma dos valores dos t\u00edtulos apresentados fosse superior a esse valor.<\/p>\n\n\n\n<p>Somente foram aceitos os t\u00edtulos a seguir relacionados, expedidos at\u00e9 a data da entrega, observados os limites de pontos do quadro a seguir:<\/p>\n\n\n\n<figure class=\"wp-block-image aligncenter size-full\"><img loading=\"lazy\" decoding=\"async\" width=\"674\" height=\"182\" src=\"https:\/\/dhg1h5j42swfq.cloudfront.net\/2023\/08\/29095153\/image-296.png\" alt=\"Tabela de atribui\u00e7\u00e3o de pontos na Avalia\u00e7\u00e3o de T\u00edtulos\" class=\"wp-image-1270622\" srcset=\"https:\/\/dhg1h5j42swfq.cloudfront.net\/2023\/08\/29095153\/image-296.png 674w, https:\/\/dhg1h5j42swfq.cloudfront.net\/2023\/08\/29095153\/image-296-300x81.png 300w, https:\/\/dhg1h5j42swfq.cloudfront.net\/2023\/08\/29095153\/image-296-610x165.png 610w, https:\/\/dhg1h5j42swfq.cloudfront.net\/2023\/08\/29095153\/image-296-150x41.png 150w\" sizes=\"auto, (max-width: 674px) 100vw, 674px\" \/><\/figure>\n\n\n\n<hr class=\"wp-block-separator has-css-opacity\"\/>\n\n\n\n<h2 class=\"wp-block-heading has-text-align-center\" id=\"cursos\"><em>Cursos para o concurso FASEPA<\/em><\/h2>\n\n\n\n<div class=\"container\" id=\"boxes\">\n  <div class=\"row\"> \n\n    <div class=\"col-sm\">\n      <div class=\"banner-adm\" id=\"box-assinatura\">\n        <h3 class=\"titulo-assinatura\">Concurso FASEPA<\/h3>\n        <p class=\"subtitulo-assinatura\">Conhe\u00e7a os cursos<\/p>\n        <div class=\"box-botao\">\n          <a class=\"btn-assinatura\" target=\"_blank\" href=\"https:\/\/www.estrategiaconcursos.com.br\/cursosPorConcurso\/fundacao-de-atendimento-socioeducativo-do-para-fasepa\" role=\"button\" rel=\"noopener noreferrer\">Conhe\u00e7a mais<\/a>\n        <\/div>\n      <\/div>\n     \n\n  <\/div>\n<\/div><\/div>\n\n\n\n<div class=\"container\" id=\"boxes\">\n  <div class=\"row\">\n\n    <div class=\"col-sm\">\n      <div class=\"estrategia\" id=\"box-assinatura\">\n        <h3 class=\"titulo-assinatura\">Assinatura de Concursos<\/h3>\n        <p class=\"subtitulo-assinatura\">Assinatura de 1 ano ou 2 anos<\/p>\n        <div class=\"box-botao\">\n          <a class=\"btn-assinatura\" target=\"_blank\" href=\"https:\/\/www.estrategiaconcursos.com.br\/assinaturas\/\" role=\"button\" rel=\"noopener noreferrer\">ASSINE AGORA<\/a>\n        <\/div>\n      <\/div>\n     \n    <\/div><\/div><\/div>\n\n\n\n<h2 class=\"wp-block-heading has-text-align-center\" id=\"h-quer-saber-tudo-sobre-concursos-previstos-confira-nossos-artigos\">Quer saber tudo sobre concursos previstos?<br \/>Confira nossos artigos!<\/h2>\n\n\n\n<ul class=\"wp-block-list\">\n<li><a href=\"https:\/\/www.estrategiaconcursos.com.br\/blog\/concursos-policia-penal\/\" target=\"_blank\" rel=\"noreferrer noopener\">Concursos Pol\u00edcia Penal<\/a><\/li>\n\n\n\n<li><a href=\"https:\/\/www.estrategiaconcursos.com.br\/blog\/concursos-abertos\/\" target=\"_blank\" rel=\"noreferrer noopener\">Concursos abertos<\/a><\/li>\n\n\n\n<li><a href=\"https:\/\/www.estrategiaconcursos.com.br\/blog\/concursos-2025\/\" target=\"_blank\" rel=\"noreferrer noopener\">Concursos 2025<\/a><\/li>\n\n\n\n<li><a href=\"https:\/\/www.estrategiaconcursos.com.br\/blog\/concursos-2026\/\" target=\"_blank\" rel=\"noreferrer noopener\">Concursos 2026<\/a><\/li>\n<\/ul>\n\n\n\n<figure class=\"wp-block-image size-large is-resized\"><img loading=\"lazy\" decoding=\"async\" width=\"1024\" height=\"632\" src=\"https:\/\/dhg1h5j42swfq.cloudfront.net\/2021\/07\/09085319\/ficha-tecnica-2-1024x632.png\" alt=\"Informa\u00e7\u00f5es do concurso FASEPA\" class=\"wp-image-790861\" style=\"width:273px;height:168px\" srcset=\"https:\/\/dhg1h5j42swfq.cloudfront.net\/2021\/07\/09085319\/ficha-tecnica-2-1024x632.png 1024w, https:\/\/dhg1h5j42swfq.cloudfront.net\/2021\/07\/09085319\/ficha-tecnica-2-300x185.png 300w, https:\/\/dhg1h5j42swfq.cloudfront.net\/2021\/07\/09085319\/ficha-tecnica-2-768x474.png 768w, https:\/\/dhg1h5j42swfq.cloudfront.net\/2021\/07\/09085319\/ficha-tecnica-2-1536x948.png 1536w, https:\/\/dhg1h5j42swfq.cloudfront.net\/2021\/07\/09085319\/ficha-tecnica-2-610x377.png 610w, https:\/\/dhg1h5j42swfq.cloudfront.net\/2021\/07\/09085319\/ficha-tecnica-2.png 1571w\" sizes=\"auto, (max-width: 1024px) 100vw, 1024px\" \/><\/figure>\n\n\n\n<h3 class=\"wp-block-heading\" id=\"ficha\">Informa\u00e7\u00f5es do \u00faltimo concurso FASEPA<\/h3>\n\n\n\n<ul class=\"wp-block-list\">\n<li><strong>Ano:<\/strong>&nbsp;2023<\/li>\n\n\n\n<li><strong>Vagas:&nbsp;<\/strong>67 + CR<\/li>\n\n\n\n<li><strong>Cargos<\/strong>: diversos<\/li>\n\n\n\n<li><strong>Banca<\/strong>:&nbsp;CETAP<\/li>\n\n\n\n<li><strong>Escolaridade<\/strong>: N\u00edveis m\u00e9dio e superior<\/li>\n\n\n\n<li><strong>Edital:<\/strong>&nbsp;<a href=\"https:\/\/dhg1h5j42swfq.cloudfront.net\/2023\/04\/05165740\/ogzj99mummomtcyif6r6kjri612rzyb3ec6nt9nd.pdf\" target=\"_blank\" rel=\"noreferrer noopener nofollow\">FASEPA 2023<\/a> | <a href=\"https:\/\/dhg1h5j42swfq.cloudfront.net\/2023\/06\/06074913\/cxg0sm4tjszzwqgplnuuh8ie9cuj25axisichlvc.pdf\" target=\"_blank\" rel=\"noreferrer noopener nofollow\">Retifica\u00e7\u00e3o<\/a><\/li>\n<\/ul>\n","protected":false},"excerpt":{"rendered":"<p>Foi sancionada pelo governador do Par\u00e1, Helder Barbalho, a reestrutura\u00e7\u00e3o da Funda\u00e7\u00e3o de Atendimento Socioeducativo do Par\u00e1 para realiza\u00e7\u00e3o dos pr\u00f3ximos editais de concurso FASEPA. A nova legisla\u00e7\u00e3o reestrutura a Funda\u00e7\u00e3o, cria a Carreira Socioeducativa, revoga leis anteriores e tem efeitos financeiros retroativas a&nbsp;1\u00ba de agosto de 2025. Veja todos os detalhes! Outra altera\u00e7\u00e3o relevante [&hellip;]<\/p>\n","protected":false},"author":1206,"featured_media":914337,"comment_status":"open","ping_status":"closed","sticky":false,"template":"","format":"standard","meta":{"post_tipo":"news_page","footnotes":""},"categories":[214992],"tags":[],"tax_estado":[219977],"class_list":["post-478652","post","type-post","status-publish","format-standard","has-post-thumbnail","hentry","category-concursos-administrativos","tax_estado-pa"],"acf":[],"yoast_head":"<!-- This site is optimized with the Yoast SEO Premium plugin v27.2 (Yoast SEO v27.2) - https:\/\/yoast.com\/product\/yoast-seo-premium-wordpress\/ -->\n<title>Concurso FASEPA: reestrutura\u00e7\u00e3o \u00e9 sancionada. Confira!<\/title>\n<meta name=\"description\" content=\"Concurso FASEPA: vigente at\u00e9 novembro deste ano, mais de 120 candidatos s\u00e3o convocados. Confira os detalhes!\" \/>\n<meta name=\"robots\" content=\"index, follow, max-snippet:-1, max-image-preview:large, max-video-preview:-1\" \/>\n<link rel=\"canonical\" href=\"https:\/\/www.estrategiaconcursos.com.br\/blog\/concurso-fasepa\/\" \/>\n<meta property=\"og:locale\" content=\"pt_BR\" \/>\n<meta property=\"og:type\" content=\"article\" \/>\n<meta property=\"og:title\" content=\"Concurso FASEPA: reestrutura\u00e7\u00e3o \u00e9 sancionada. Confira!\" \/>\n<meta property=\"og:description\" content=\"Concurso FASEPA: vigente at\u00e9 novembro deste ano, mais de 120 candidatos s\u00e3o convocados. Confira os detalhes!\" \/>\n<meta property=\"og:url\" content=\"https:\/\/www.estrategiaconcursos.com.br\/blog\/concurso-fasepa\/\" \/>\n<meta property=\"og:site_name\" content=\"Estrat\u00e9gia Concursos\" \/>\n<meta property=\"article:published_time\" content=\"2025-10-22T15:00:00+00:00\" \/>\n<meta property=\"article:modified_time\" content=\"2025-11-11T05:03:21+00:00\" \/>\n<meta property=\"og:image\" content=\"https:\/\/dhg1h5j42swfq.cloudfront.net\/2021\/11\/23113722\/concurso-fasepa.jpg\" \/>\n\t<meta property=\"og:image:width\" content=\"768\" \/>\n\t<meta property=\"og:image:height\" content=\"432\" \/>\n\t<meta property=\"og:image:type\" content=\"image\/jpeg\" \/>\n<meta name=\"author\" content=\"Bruna de Andrade Fran\u00e7a\" \/>\n<meta name=\"twitter:card\" content=\"summary_large_image\" \/>\n<meta name=\"twitter:creator\" content=\"@EstratConcursos\" \/>\n<meta name=\"twitter:site\" content=\"@EstratConcursos\" \/>\n<meta name=\"twitter:label1\" content=\"Escrito por\" \/>\n\t<meta name=\"twitter:data1\" content=\"Bruna de Andrade Fran\u00e7a\" \/>\n\t<meta name=\"twitter:label2\" content=\"Est. tempo de leitura\" \/>\n\t<meta name=\"twitter:data2\" content=\"6 minutos\" \/>\n<script type=\"application\/ld+json\" class=\"yoast-schema-graph\">{\"@context\":\"https:\/\/schema.org\",\"@graph\":[{\"@type\":\"NewsArticle\",\"@id\":\"https:\/\/www.estrategiaconcursos.com.br\/blog\/concurso-fasepa\/#article\",\"isPartOf\":{\"@id\":\"https:\/\/www.estrategiaconcursos.com.br\/blog\/concurso-fasepa\/\"},\"author\":{\"name\":\"Bruna de Andrade Fran\u00e7a\",\"@id\":\"https:\/\/www.estrategiaconcursos.com.br\/blog\/#\/schema\/person\/6630f91134abc08115cca62ce6372855\"},\"headline\":\"Concurso FASEPA: reestrutura\u00e7\u00e3o \u00e9 sancionada. Confira!\",\"datePublished\":\"2025-10-22T15:00:00+00:00\",\"dateModified\":\"2025-11-11T05:03:21+00:00\",\"mainEntityOfPage\":{\"@id\":\"https:\/\/www.estrategiaconcursos.com.br\/blog\/concurso-fasepa\/\"},\"wordCount\":988,\"commentCount\":1,\"publisher\":{\"@id\":\"https:\/\/www.estrategiaconcursos.com.br\/blog\/#organization\"},\"image\":{\"@id\":\"https:\/\/www.estrategiaconcursos.com.br\/blog\/concurso-fasepa\/#primaryimage\"},\"thumbnailUrl\":\"https:\/\/dhg1h5j42swfq.cloudfront.net\/2021\/11\/23113722\/concurso-fasepa.jpg\",\"articleSection\":[\"Executivo (Administrativa)\"],\"inLanguage\":\"pt-BR\",\"potentialAction\":[{\"@type\":\"CommentAction\",\"name\":\"Comment\",\"target\":[\"https:\/\/www.estrategiaconcursos.com.br\/blog\/concurso-fasepa\/#respond\"]}],\"copyrightYear\":\"2025\",\"copyrightHolder\":{\"@id\":\"https:\/\/www.estrategiaconcursos.com.br\/blog\/#organization\"}},{\"@type\":\"WebPage\",\"@id\":\"https:\/\/www.estrategiaconcursos.com.br\/blog\/concurso-fasepa\/\",\"url\":\"https:\/\/www.estrategiaconcursos.com.br\/blog\/concurso-fasepa\/\",\"name\":\"Concurso FASEPA: reestrutura\u00e7\u00e3o \u00e9 sancionada. Confira!\",\"isPartOf\":{\"@id\":\"https:\/\/www.estrategiaconcursos.com.br\/blog\/#website\"},\"primaryImageOfPage\":{\"@id\":\"https:\/\/www.estrategiaconcursos.com.br\/blog\/concurso-fasepa\/#primaryimage\"},\"image\":{\"@id\":\"https:\/\/www.estrategiaconcursos.com.br\/blog\/concurso-fasepa\/#primaryimage\"},\"thumbnailUrl\":\"https:\/\/dhg1h5j42swfq.cloudfront.net\/2021\/11\/23113722\/concurso-fasepa.jpg\",\"datePublished\":\"2025-10-22T15:00:00+00:00\",\"dateModified\":\"2025-11-11T05:03:21+00:00\",\"description\":\"Concurso FASEPA: vigente at\u00e9 novembro deste ano, mais de 120 candidatos s\u00e3o convocados. Confira os detalhes!\",\"breadcrumb\":{\"@id\":\"https:\/\/www.estrategiaconcursos.com.br\/blog\/concurso-fasepa\/#breadcrumb\"},\"inLanguage\":\"pt-BR\",\"potentialAction\":[{\"@type\":\"ReadAction\",\"target\":[\"https:\/\/www.estrategiaconcursos.com.br\/blog\/concurso-fasepa\/\"]}]},{\"@type\":\"ImageObject\",\"inLanguage\":\"pt-BR\",\"@id\":\"https:\/\/www.estrategiaconcursos.com.br\/blog\/concurso-fasepa\/#primaryimage\",\"url\":\"https:\/\/dhg1h5j42swfq.cloudfront.net\/2021\/11\/23113722\/concurso-fasepa.jpg\",\"contentUrl\":\"https:\/\/dhg1h5j42swfq.cloudfront.net\/2021\/11\/23113722\/concurso-fasepa.jpg\",\"width\":768,\"height\":432,\"caption\":\"concurso fasepa\"},{\"@type\":\"BreadcrumbList\",\"@id\":\"https:\/\/www.estrategiaconcursos.com.br\/blog\/concurso-fasepa\/#breadcrumb\",\"itemListElement\":[{\"@type\":\"ListItem\",\"position\":1,\"name\":\"In\u00edcio\",\"item\":\"https:\/\/www.estrategiaconcursos.com.br\/blog\/\"},{\"@type\":\"ListItem\",\"position\":2,\"name\":\"Concurso FASEPA: reestrutura\u00e7\u00e3o \u00e9 sancionada. Confira!\"}]},{\"@type\":\"WebSite\",\"@id\":\"https:\/\/www.estrategiaconcursos.com.br\/blog\/#website\",\"url\":\"https:\/\/www.estrategiaconcursos.com.br\/blog\/\",\"name\":\"Estrat\u00e9gia Concursos\",\"description\":\"O blog da Estrat\u00e9gia Concursos traz not\u00edcias sobre concursos e artigos de professores oferecendo cursos para concursos (pdf + videaulas) no site.\",\"publisher\":{\"@id\":\"https:\/\/www.estrategiaconcursos.com.br\/blog\/#organization\"},\"potentialAction\":[{\"@type\":\"SearchAction\",\"target\":{\"@type\":\"EntryPoint\",\"urlTemplate\":\"https:\/\/www.estrategiaconcursos.com.br\/blog\/?s={search_term_string}\"},\"query-input\":{\"@type\":\"PropertyValueSpecification\",\"valueRequired\":true,\"valueName\":\"search_term_string\"}}],\"inLanguage\":\"pt-BR\"},{\"@type\":\"Organization\",\"@id\":\"https:\/\/www.estrategiaconcursos.com.br\/blog\/#organization\",\"name\":\"Estrat\u00e9gia Concursos\",\"url\":\"https:\/\/www.estrategiaconcursos.com.br\/blog\/\",\"logo\":{\"@type\":\"ImageObject\",\"inLanguage\":\"pt-BR\",\"@id\":\"https:\/\/www.estrategiaconcursos.com.br\/blog\/#\/schema\/logo\/image\/\",\"url\":\"https:\/\/dhg1h5j42swfq.cloudfront.net\/2025\/06\/03203428\/logo_concursos-1.jpg\",\"contentUrl\":\"https:\/\/dhg1h5j42swfq.cloudfront.net\/2025\/06\/03203428\/logo_concursos-1.jpg\",\"width\":230,\"height\":60,\"caption\":\"Estrat\u00e9gia Concursos\"},\"image\":{\"@id\":\"https:\/\/www.estrategiaconcursos.com.br\/blog\/#\/schema\/logo\/image\/\"},\"sameAs\":[\"https:\/\/x.com\/EstratConcursos\"]},{\"@type\":\"Person\",\"@id\":\"https:\/\/www.estrategiaconcursos.com.br\/blog\/#\/schema\/person\/6630f91134abc08115cca62ce6372855\",\"name\":\"Bruna de Andrade Fran\u00e7a\",\"image\":{\"@type\":\"ImageObject\",\"inLanguage\":\"pt-BR\",\"@id\":\"https:\/\/secure.gravatar.com\/avatar\/d6316d36d50cea0fadae28ed3015b8870cc90a2d3d8a95c37b44006af36a00e3?s=96&d=mm&r=g\",\"url\":\"https:\/\/secure.gravatar.com\/avatar\/d6316d36d50cea0fadae28ed3015b8870cc90a2d3d8a95c37b44006af36a00e3?s=96&d=mm&r=g\",\"contentUrl\":\"https:\/\/secure.gravatar.com\/avatar\/d6316d36d50cea0fadae28ed3015b8870cc90a2d3d8a95c37b44006af36a00e3?s=96&d=mm&r=g\",\"caption\":\"Bruna de Andrade Fran\u00e7a\"},\"description\":\"Bruna de Andrade Fran\u00e7a \u00e9 publicit\u00e1ria com p\u00f3s-gradua\u00e7\u00e3o em Marketing &amp; Growth, atuando h\u00e1 mais de 6 anos no universo dos concursos p\u00fablicos. Desde 2021, lidera no Blog do Estrat\u00e9gia Concursos a cobertura editorial especializada em Concursos Policiais (PF, PRF, PM, PC, etc.), al\u00e9m das frentes de concursos banc\u00e1rios, de sa\u00fade e da \u00e1rea legislativa. Especialista em reda\u00e7\u00e3o, com pr\u00e1ticas de SEO e Copywriting, possui tamb\u00e9m atua\u00e7\u00e3o pr\u00e1tica de contato direto com \u00f3rg\u00e3os p\u00fablicos respons\u00e1veis por editais, permitindo acesso antecipado a informa\u00e7\u00f5es, desdobramentos importantes e atualiza\u00e7\u00e3o eficiente dos concursos p\u00fablicos.\",\"url\":\"https:\/\/www.estrategiaconcursos.com.br\/blog\/author\/bruna-andrade\/\"}]}<\/script>\n<!-- \/ Yoast SEO Premium plugin. -->","yoast_head_json":{"title":"Concurso FASEPA: reestrutura\u00e7\u00e3o \u00e9 sancionada. Confira!","description":"Concurso FASEPA: vigente at\u00e9 novembro deste ano, mais de 120 candidatos s\u00e3o convocados. Confira os detalhes!","robots":{"index":"index","follow":"follow","max-snippet":"max-snippet:-1","max-image-preview":"max-image-preview:large","max-video-preview":"max-video-preview:-1"},"canonical":"https:\/\/www.estrategiaconcursos.com.br\/blog\/concurso-fasepa\/","og_locale":"pt_BR","og_type":"article","og_title":"Concurso FASEPA: reestrutura\u00e7\u00e3o \u00e9 sancionada. Confira!","og_description":"Concurso FASEPA: vigente at\u00e9 novembro deste ano, mais de 120 candidatos s\u00e3o convocados. Confira os detalhes!","og_url":"https:\/\/www.estrategiaconcursos.com.br\/blog\/concurso-fasepa\/","og_site_name":"Estrat\u00e9gia Concursos","article_published_time":"2025-10-22T15:00:00+00:00","article_modified_time":"2025-11-11T05:03:21+00:00","og_image":[{"width":768,"height":432,"url":"https:\/\/dhg1h5j42swfq.cloudfront.net\/2021\/11\/23113722\/concurso-fasepa.jpg","type":"image\/jpeg"}],"author":"Bruna de Andrade Fran\u00e7a","twitter_card":"summary_large_image","twitter_creator":"@EstratConcursos","twitter_site":"@EstratConcursos","twitter_misc":{"Escrito por":"Bruna de Andrade Fran\u00e7a","Est. tempo de leitura":"6 minutos"},"schema":{"@context":"https:\/\/schema.org","@graph":[{"@type":"NewsArticle","@id":"https:\/\/www.estrategiaconcursos.com.br\/blog\/concurso-fasepa\/#article","isPartOf":{"@id":"https:\/\/www.estrategiaconcursos.com.br\/blog\/concurso-fasepa\/"},"author":{"name":"Bruna de Andrade Fran\u00e7a","@id":"https:\/\/www.estrategiaconcursos.com.br\/blog\/#\/schema\/person\/6630f91134abc08115cca62ce6372855"},"headline":"Concurso FASEPA: reestrutura\u00e7\u00e3o \u00e9 sancionada. Confira!","datePublished":"2025-10-22T15:00:00+00:00","dateModified":"2025-11-11T05:03:21+00:00","mainEntityOfPage":{"@id":"https:\/\/www.estrategiaconcursos.com.br\/blog\/concurso-fasepa\/"},"wordCount":988,"commentCount":1,"publisher":{"@id":"https:\/\/www.estrategiaconcursos.com.br\/blog\/#organization"},"image":{"@id":"https:\/\/www.estrategiaconcursos.com.br\/blog\/concurso-fasepa\/#primaryimage"},"thumbnailUrl":"https:\/\/dhg1h5j42swfq.cloudfront.net\/2021\/11\/23113722\/concurso-fasepa.jpg","articleSection":["Executivo (Administrativa)"],"inLanguage":"pt-BR","potentialAction":[{"@type":"CommentAction","name":"Comment","target":["https:\/\/www.estrategiaconcursos.com.br\/blog\/concurso-fasepa\/#respond"]}],"copyrightYear":"2025","copyrightHolder":{"@id":"https:\/\/www.estrategiaconcursos.com.br\/blog\/#organization"}},{"@type":"WebPage","@id":"https:\/\/www.estrategiaconcursos.com.br\/blog\/concurso-fasepa\/","url":"https:\/\/www.estrategiaconcursos.com.br\/blog\/concurso-fasepa\/","name":"Concurso FASEPA: reestrutura\u00e7\u00e3o \u00e9 sancionada. Confira!","isPartOf":{"@id":"https:\/\/www.estrategiaconcursos.com.br\/blog\/#website"},"primaryImageOfPage":{"@id":"https:\/\/www.estrategiaconcursos.com.br\/blog\/concurso-fasepa\/#primaryimage"},"image":{"@id":"https:\/\/www.estrategiaconcursos.com.br\/blog\/concurso-fasepa\/#primaryimage"},"thumbnailUrl":"https:\/\/dhg1h5j42swfq.cloudfront.net\/2021\/11\/23113722\/concurso-fasepa.jpg","datePublished":"2025-10-22T15:00:00+00:00","dateModified":"2025-11-11T05:03:21+00:00","description":"Concurso FASEPA: vigente at\u00e9 novembro deste ano, mais de 120 candidatos s\u00e3o convocados. Confira os detalhes!","breadcrumb":{"@id":"https:\/\/www.estrategiaconcursos.com.br\/blog\/concurso-fasepa\/#breadcrumb"},"inLanguage":"pt-BR","potentialAction":[{"@type":"ReadAction","target":["https:\/\/www.estrategiaconcursos.com.br\/blog\/concurso-fasepa\/"]}]},{"@type":"ImageObject","inLanguage":"pt-BR","@id":"https:\/\/www.estrategiaconcursos.com.br\/blog\/concurso-fasepa\/#primaryimage","url":"https:\/\/dhg1h5j42swfq.cloudfront.net\/2021\/11\/23113722\/concurso-fasepa.jpg","contentUrl":"https:\/\/dhg1h5j42swfq.cloudfront.net\/2021\/11\/23113722\/concurso-fasepa.jpg","width":768,"height":432,"caption":"concurso fasepa"},{"@type":"BreadcrumbList","@id":"https:\/\/www.estrategiaconcursos.com.br\/blog\/concurso-fasepa\/#breadcrumb","itemListElement":[{"@type":"ListItem","position":1,"name":"In\u00edcio","item":"https:\/\/www.estrategiaconcursos.com.br\/blog\/"},{"@type":"ListItem","position":2,"name":"Concurso FASEPA: reestrutura\u00e7\u00e3o \u00e9 sancionada. Confira!"}]},{"@type":"WebSite","@id":"https:\/\/www.estrategiaconcursos.com.br\/blog\/#website","url":"https:\/\/www.estrategiaconcursos.com.br\/blog\/","name":"Estrat\u00e9gia Concursos","description":"O blog da Estrat\u00e9gia Concursos traz not\u00edcias sobre concursos e artigos de professores oferecendo cursos para concursos (pdf + videaulas) no site.","publisher":{"@id":"https:\/\/www.estrategiaconcursos.com.br\/blog\/#organization"},"potentialAction":[{"@type":"SearchAction","target":{"@type":"EntryPoint","urlTemplate":"https:\/\/www.estrategiaconcursos.com.br\/blog\/?s={search_term_string}"},"query-input":{"@type":"PropertyValueSpecification","valueRequired":true,"valueName":"search_term_string"}}],"inLanguage":"pt-BR"},{"@type":"Organization","@id":"https:\/\/www.estrategiaconcursos.com.br\/blog\/#organization","name":"Estrat\u00e9gia Concursos","url":"https:\/\/www.estrategiaconcursos.com.br\/blog\/","logo":{"@type":"ImageObject","inLanguage":"pt-BR","@id":"https:\/\/www.estrategiaconcursos.com.br\/blog\/#\/schema\/logo\/image\/","url":"https:\/\/dhg1h5j42swfq.cloudfront.net\/2025\/06\/03203428\/logo_concursos-1.jpg","contentUrl":"https:\/\/dhg1h5j42swfq.cloudfront.net\/2025\/06\/03203428\/logo_concursos-1.jpg","width":230,"height":60,"caption":"Estrat\u00e9gia Concursos"},"image":{"@id":"https:\/\/www.estrategiaconcursos.com.br\/blog\/#\/schema\/logo\/image\/"},"sameAs":["https:\/\/x.com\/EstratConcursos"]},{"@type":"Person","@id":"https:\/\/www.estrategiaconcursos.com.br\/blog\/#\/schema\/person\/6630f91134abc08115cca62ce6372855","name":"Bruna de Andrade Fran\u00e7a","image":{"@type":"ImageObject","inLanguage":"pt-BR","@id":"https:\/\/secure.gravatar.com\/avatar\/d6316d36d50cea0fadae28ed3015b8870cc90a2d3d8a95c37b44006af36a00e3?s=96&d=mm&r=g","url":"https:\/\/secure.gravatar.com\/avatar\/d6316d36d50cea0fadae28ed3015b8870cc90a2d3d8a95c37b44006af36a00e3?s=96&d=mm&r=g","contentUrl":"https:\/\/secure.gravatar.com\/avatar\/d6316d36d50cea0fadae28ed3015b8870cc90a2d3d8a95c37b44006af36a00e3?s=96&d=mm&r=g","caption":"Bruna de Andrade Fran\u00e7a"},"description":"Bruna de Andrade Fran\u00e7a \u00e9 publicit\u00e1ria com p\u00f3s-gradua\u00e7\u00e3o em Marketing &amp; Growth, atuando h\u00e1 mais de 6 anos no universo dos concursos p\u00fablicos. Desde 2021, lidera no Blog do Estrat\u00e9gia Concursos a cobertura editorial especializada em Concursos Policiais (PF, PRF, PM, PC, etc.), al\u00e9m das frentes de concursos banc\u00e1rios, de sa\u00fade e da \u00e1rea legislativa. Especialista em reda\u00e7\u00e3o, com pr\u00e1ticas de SEO e Copywriting, possui tamb\u00e9m atua\u00e7\u00e3o pr\u00e1tica de contato direto com \u00f3rg\u00e3os p\u00fablicos respons\u00e1veis por editais, permitindo acesso antecipado a informa\u00e7\u00f5es, desdobramentos importantes e atualiza\u00e7\u00e3o eficiente dos concursos p\u00fablicos.","url":"https:\/\/www.estrategiaconcursos.com.br\/blog\/author\/bruna-andrade\/"}]}},"_links":{"self":[{"href":"https:\/\/www.estrategiaconcursos.com.br\/blog\/wp-json\/wp\/v2\/posts\/478652","targetHints":{"allow":["GET"]}}],"collection":[{"href":"https:\/\/www.estrategiaconcursos.com.br\/blog\/wp-json\/wp\/v2\/posts"}],"about":[{"href":"https:\/\/www.estrategiaconcursos.com.br\/blog\/wp-json\/wp\/v2\/types\/post"}],"author":[{"embeddable":true,"href":"https:\/\/www.estrategiaconcursos.com.br\/blog\/wp-json\/wp\/v2\/users\/1206"}],"replies":[{"embeddable":true,"href":"https:\/\/www.estrategiaconcursos.com.br\/blog\/wp-json\/wp\/v2\/comments?post=478652"}],"version-history":[{"count":67,"href":"https:\/\/www.estrategiaconcursos.com.br\/blog\/wp-json\/wp\/v2\/posts\/478652\/revisions"}],"predecessor-version":[{"id":1659181,"href":"https:\/\/www.estrategiaconcursos.com.br\/blog\/wp-json\/wp\/v2\/posts\/478652\/revisions\/1659181"}],"wp:featuredmedia":[{"embeddable":true,"href":"https:\/\/www.estrategiaconcursos.com.br\/blog\/wp-json\/wp\/v2\/media\/914337"}],"wp:attachment":[{"href":"https:\/\/www.estrategiaconcursos.com.br\/blog\/wp-json\/wp\/v2\/media?parent=478652"}],"wp:term":[{"taxonomy":"category","embeddable":true,"href":"https:\/\/www.estrategiaconcursos.com.br\/blog\/wp-json\/wp\/v2\/categories?post=478652"},{"taxonomy":"post_tag","embeddable":true,"href":"https:\/\/www.estrategiaconcursos.com.br\/blog\/wp-json\/wp\/v2\/tags?post=478652"},{"taxonomy":"tax_estado","embeddable":true,"href":"https:\/\/www.estrategiaconcursos.com.br\/blog\/wp-json\/wp\/v2\/tax_estado?post=478652"}],"curies":[{"name":"wp","href":"https:\/\/api.w.org\/{rel}","templated":true}]}}