{"id":478417,"date":"2020-02-06T09:07:47","date_gmt":"2020-02-06T12:07:47","guid":{"rendered":"https:\/\/www.estrategiaconcursos.com.br\/blog\/?p=478417"},"modified":"2020-06-24T14:40:24","modified_gmt":"2020-06-24T17:40:24","slug":"concurso-pgdf-retificacoes","status":"publish","type":"post","link":"https:\/\/www.estrategiaconcursos.com.br\/blog\/concurso-pgdf-retificacoes\/","title":{"rendered":"Edital do concurso PGDF sofre retifica\u00e7\u00f5es! Confira detalhes!"},"content":{"rendered":"\n<p>Foi publicado no Di\u00e1rio Oficial do Distrito Federal desta quinta-feira, 06 de fevereiro de 2020, altera\u00e7\u00f5es no edital do concurso PGDF. <\/p>\n\n\n\n<p>De acordo com o documento, no certame  haver\u00e1 forma\u00e7\u00e3o de cadastro de reserva na propor\u00e7\u00e3o de 10 vezes o n\u00famero total das vagas previstas para cada cargo\/especialidade. <\/p>\n\n\n\n<p>O edital de resultado final no concurso p\u00fablico contemplar\u00e1 agora a rela\u00e7\u00e3o dos candidatos aprovados, ordenados por classifica\u00e7\u00e3o por cargo\/especialidade, dentro do n\u00famero de vagas e do cadastro de reserva, al\u00e9m dos candidatos excedente. <\/p>\n\n\n\n<p>Est\u00e1 medida beneficia os candidatos que estariam eliminados se n\u00e3o estivessem dentro das vagas previstas ou do cadastro de reserva. Agora mesmo que eles n\u00e3o tenham sido classificados entre o quantitativo de vagas disponibilizadas no certame n\u00e3o poder\u00e3o ser considerados eliminados.<\/p>\n\n\n\n<p>Sobre a eventual nomea\u00e7\u00e3o de candidatos com defici\u00eancia dever\u00e1 ser obedecida a  Decis\u00e3o Normativa n\u00ba 1\/2018-TCDF, publicada no Di\u00e1rio Oficial do Distrito Federal de 13 de junho de 2018. Confira abaixo:<\/p>\n\n\n\n<p class=\"has-background has-very-light-gray-background-color\"><strong>Art. 1\u00ba Os \u00f3rg\u00e3os e entidades do Distrito Federal, no preenchimento de vagas em concursos p\u00fablicos, destinadas \u00e0s pessoas com defici\u00eancia, dever\u00e3o obedecer aos seguintes crit\u00e9rios:<\/strong><\/p>\n\n\n\n<p><strong>I &#8211; o edital normativo de concurso p\u00fablico deve prever a observ\u00e2ncia da cl\u00e1usula de reserva de vinte por cento das vagas a serem preenchidas por pessoa com defici\u00eancia, durante o prazo de validade do certame, desprezada a parte decimal (art. 12 da&nbsp;<a href=\"http:\/\/www.sinj.df.gov.br\/sinj\/Norma\/70196\/Lei_Complementar_840_23_12_2011.html\">LC n\u00ba 840\/2011<\/a>), ainda que o n\u00famero de vagas inicialmente dispon\u00edveis para provimento imediato seja inferior a 5 (cinco);<\/strong><\/p>\n\n\n\n<p><strong>II &#8211; a nomea\u00e7\u00e3o de aprovados em concurso p\u00fablico deve guardar estrita observ\u00e2ncia da ordem de classifica\u00e7\u00e3o, com altern\u00e2ncia entre as listas geral (ampla concorr\u00eancia) e especial (pessoas com defici\u00eancia), observando-se o seguinte:<\/strong><\/p>\n\n\n\n<p><strong>a) as pessoas com defici\u00eancia aprovadas no certame integrar\u00e3o a listagem final geral e a especial;<\/strong><\/p>\n\n\n\n<p><strong>b) o direito subjetivo \u00e0 nomea\u00e7\u00e3o da pessoa com defici\u00eancia deve preponderar e, caso lhe seja mais favor\u00e1vel, poder\u00e1 abrir m\u00e3o de sua coloca\u00e7\u00e3o na lista especial, para ser chamada em conson\u00e2ncia com a lista geral;<\/strong><\/p>\n\n\n\n<p><strong>c) em concurso p\u00fablico com previs\u00e3o de vagas para provimento imediato em quantidade inferior a 5 (cinco), ocorrendo a disponibiliza\u00e7\u00e3o de novas vagas no prazo de validade do certame, deve o \u00f3rg\u00e3o respons\u00e1vel pelo concurso observar a cl\u00e1usula de reserva de vinte por cento das vagas a serem preenchidas por pessoa com defici\u00eancia, conforme estabelecido no inciso I, e aplicar as regras de altern\u00e2ncia ora fixadas;<\/strong><\/p>\n\n\n\n<p><strong>d) a vaga ocupada pela pessoa com defici\u00eancia deve ser considerada reservada\/vinculada a candidato classificado pela lista especial, de forma que, voltando a se encontrar dispon\u00edvel, ainda no prazo de validade do certame, seja novamente suprida por integrante da mesma lista especial, respeitada a ordem de classifica\u00e7\u00e3o, salvo se nela n\u00e3o mais existir candidato, hip\u00f3tese em que se destinar\u00e1 a vaga aos classificados da lista geral;<\/strong><\/p>\n\n\n\n<p><strong>e) n\u00e3o haver\u00e1 preju\u00edzo \u00e0 regra sequencial de nomea\u00e7\u00f5es dos candidatos com defici\u00eancia que comp\u00f5em a lista especial, na hip\u00f3tese de eventual preenchimento da vaga reservada nos termos acima indicados;<\/strong><\/p>\n\n\n\n<p>Al\u00e9m disso foi estabelecido que o candidato que desejar interpor recursos contra o resultado provis\u00f3rio na prova discursiva dispor\u00e1 de dez dias \u00fateis para faz\u00ea-lo. <\/p>\n\n\n\n<p>O edital de resultado final do concurso PGDF ser\u00e1 publicado no Di\u00e1rio Oficial do Distrito Federal, e tamb\u00e9m no site do Cebraspe no dia 17 de agosto de 2020.<\/p>\n\n\n\n<p>J\u00e1 as nomea\u00e7\u00f5es relativas ao concurso obedecer\u00e3o ao seguinte cronograma, que poder\u00e1 ser modificado, a qualquer tempo, para adaptar-se \u00e0s condi\u00e7\u00f5es econ\u00f4micas e financeiras da Administra\u00e7\u00e3o: <\/p>\n\n\n\n<ul class=\"wp-block-list\"><li><em>a) no m\u00ednimo 25% das vagas previstas neste edital ser\u00e3o preenchidas no segundo semestre de 2020; <\/em><\/li><li><em>b) no m\u00ednimo 25% das vagas previstas neste edital ser\u00e3o preenchidas no primeiro semestre de 2021; <\/em><\/li><li><em>c) no m\u00ednimo 25% das vagas previstas neste edital ser\u00e3o preenchidas no segundo semestre de 2021; <\/em><\/li><li><em>d) o restante das vagas previstas neste edital ser\u00e1 preenchido no primeiro semestre de 2022. <\/em><\/li><\/ul>\n\n\n\n<h2 class=\"has-text-align-center wp-block-heading\" id=\"cursos-assinatura\">Quer estudar para o concurso PGDF?<\/h2>\n\n\n\n<p style=\"font-size:23px\" class=\"has-background has-text-align-center has-luminous-vivid-amber-background-color\"><strong><a href=\"https:\/\/www.estrategiaconcursos.com.br\/cursosPorConcurso\/procuradoria-geral-do-distrito-federal-pg-df\/\" target=\"_blank\" rel=\"noreferrer noopener\">CURSOS PGDF<\/a><\/strong><\/p>\n\n\n\n<p class=\"has-text-align-center\"><em><strong>Assinatura Anual Ilimitada*<\/strong><\/em><\/p>\n\n\n\n<p class=\"has-text-align-center\"><em>Prepare-se com o melhor material e com quem mais aprova em&nbsp;Concursos P\u00fablicos de todo o pa\u00eds. Assine agora a nossa Assinatura Anual e tenha acesso ilimitado* a todos os nossos cursos.<\/em><\/p>\n\n\n\n<p style=\"font-size:23px\" class=\"has-background has-text-align-center has-light-green-cyan-background-color\"><strong>ASSINE AGORA&nbsp;\u2013&nbsp;<\/strong><a rel=\"noreferrer noopener\" href=\"https:\/\/www.estrategiaconcursos.com.br\/blog\/concursos-abertos\/\" target=\"_blank\"><strong>Assinatura Ilimitada<\/strong><\/a><\/p>\n\n\n\n<p class=\"has-text-align-center\"><em><strong>Fique por dentro de todos os concursos<\/strong><\/em>:<\/p>\n\n\n\n<p style=\"font-size:23px\" class=\"has-background has-text-align-center has-pale-cyan-blue-background-color\"><strong><a rel=\"noreferrer noopener\" href=\"https:\/\/www.estrategiaconcursos.com.br\/blog\/concursos-abertos\/\" target=\"_blank\">Concursos abertos<\/a><\/strong><\/p>\n\n\n\n<p style=\"font-size:23px\" class=\"has-background has-text-align-center has-pale-cyan-blue-background-color\"><a rel=\"noreferrer noopener\" href=\"https:\/\/www.estrategiaconcursos.com.br\/blog\/concursos-2020\/\" target=\"_blank\"><strong>Concursos 2020<\/strong><\/a><\/p>\n","protected":false},"excerpt":{"rendered":"<p>Foi publicado no Di\u00e1rio Oficial do Distrito Federal desta quinta-feira, 06 de fevereiro de 2020, altera\u00e7\u00f5es no edital do concurso PGDF. De acordo com o documento, no certame haver\u00e1 forma\u00e7\u00e3o de cadastro de reserva na propor\u00e7\u00e3o de 10 vezes o n\u00famero total das vagas previstas para cada cargo\/especialidade. O edital de resultado final no concurso [&hellip;]<\/p>\n","protected":false},"author":180,"featured_media":165067,"comment_status":"open","ping_status":"closed","sticky":false,"template":"","format":"standard","meta":{"post_tipo":"article","footnotes":""},"categories":[1],"tags":[],"tax_estado":[],"class_list":["post-478417","post","type-post","status-publish","format-standard","has-post-thumbnail","hentry","category-cursos-e-concursos"],"acf":[],"yoast_head":"<!-- This site is optimized with the Yoast SEO Premium plugin v27.2 (Yoast SEO v27.2) - https:\/\/yoast.com\/product\/yoast-seo-premium-wordpress\/ -->\n<title>Edital do concurso PGDF sofre retifica\u00e7\u00f5es! Confira detalhes!<\/title>\n<meta name=\"description\" content=\"Edital do concurso PGDF sobre retifica\u00e7\u00e3o. Confira neste artigo todas as informa\u00e7\u00f5es sobre o certame, como vagas, cargos, remunera\u00e7\u00f5es e muito mais.\" \/>\n<meta name=\"robots\" content=\"index, follow, max-snippet:-1, max-image-preview:large, max-video-preview:-1\" \/>\n<link rel=\"canonical\" href=\"https:\/\/www.estrategiaconcursos.com.br\/blog\/concurso-pgdf-retificacoes\/\" \/>\n<meta property=\"og:locale\" content=\"pt_BR\" \/>\n<meta property=\"og:type\" content=\"article\" \/>\n<meta property=\"og:title\" content=\"Edital do concurso PGDF sofre retifica\u00e7\u00f5es! Confira detalhes!\" \/>\n<meta property=\"og:description\" content=\"Edital do concurso PGDF sobre retifica\u00e7\u00e3o. Confira neste artigo todas as informa\u00e7\u00f5es sobre o certame, como vagas, cargos, remunera\u00e7\u00f5es e muito mais.\" \/>\n<meta property=\"og:url\" content=\"https:\/\/www.estrategiaconcursos.com.br\/blog\/concurso-pgdf-retificacoes\/\" \/>\n<meta property=\"og:site_name\" content=\"Estrat\u00e9gia Concursos\" \/>\n<meta property=\"article:author\" content=\"https:\/\/www.facebook.com\/ricardo.s.torques\" \/>\n<meta property=\"article:published_time\" content=\"2020-02-06T12:07:47+00:00\" \/>\n<meta property=\"article:modified_time\" content=\"2020-06-24T17:40:24+00:00\" \/>\n<meta property=\"og:image\" content=\"https:\/\/dhg1h5j42swfq.cloudfront.net\/2019\/02\/08124410\/PG-DF-nome-Jornalismo.jpg\" \/>\n\t<meta property=\"og:image:width\" content=\"1200\" \/>\n\t<meta property=\"og:image:height\" content=\"628\" \/>\n\t<meta property=\"og:image:type\" content=\"image\/jpeg\" \/>\n<meta name=\"author\" content=\"Ricardo Torques\" \/>\n<meta name=\"twitter:card\" content=\"summary_large_image\" \/>\n<meta name=\"twitter:creator\" content=\"@EstratConcursos\" \/>\n<meta name=\"twitter:site\" content=\"@EstratConcursos\" \/>\n<meta name=\"twitter:label1\" content=\"Escrito por\" \/>\n\t<meta name=\"twitter:data1\" content=\"Ricardo Torques\" \/>\n\t<meta name=\"twitter:label2\" content=\"Est. tempo de leitura\" \/>\n\t<meta name=\"twitter:data2\" content=\"4 minutos\" \/>\n<script type=\"application\/ld+json\" class=\"yoast-schema-graph\">{\"@context\":\"https:\/\/schema.org\",\"@graph\":[{\"@type\":\"NewsArticle\",\"@id\":\"https:\/\/www.estrategiaconcursos.com.br\/blog\/concurso-pgdf-retificacoes\/#article\",\"isPartOf\":{\"@id\":\"https:\/\/www.estrategiaconcursos.com.br\/blog\/concurso-pgdf-retificacoes\/\"},\"author\":{\"name\":\"Ricardo Torques\",\"@id\":\"https:\/\/www.estrategiaconcursos.com.br\/blog\/#\/schema\/person\/aa39cf5ddb518e5bdce27c35788405e2\"},\"headline\":\"Edital do concurso PGDF sofre retifica\u00e7\u00f5es! Confira detalhes!\",\"datePublished\":\"2020-02-06T12:07:47+00:00\",\"dateModified\":\"2020-06-24T17:40:24+00:00\",\"mainEntityOfPage\":{\"@id\":\"https:\/\/www.estrategiaconcursos.com.br\/blog\/concurso-pgdf-retificacoes\/\"},\"wordCount\":765,\"commentCount\":0,\"publisher\":{\"@id\":\"https:\/\/www.estrategiaconcursos.com.br\/blog\/#organization\"},\"image\":{\"@id\":\"https:\/\/www.estrategiaconcursos.com.br\/blog\/concurso-pgdf-retificacoes\/#primaryimage\"},\"thumbnailUrl\":\"https:\/\/dhg1h5j42swfq.cloudfront.net\/2019\/02\/08124410\/PG-DF-nome-Jornalismo.jpg\",\"articleSection\":[\"Concursos P\u00fablicos\"],\"inLanguage\":\"pt-BR\",\"potentialAction\":[{\"@type\":\"CommentAction\",\"name\":\"Comment\",\"target\":[\"https:\/\/www.estrategiaconcursos.com.br\/blog\/concurso-pgdf-retificacoes\/#respond\"]}],\"copyrightYear\":\"2020\",\"copyrightHolder\":{\"@id\":\"https:\/\/www.estrategiaconcursos.com.br\/blog\/#organization\"}},{\"@type\":\"WebPage\",\"@id\":\"https:\/\/www.estrategiaconcursos.com.br\/blog\/concurso-pgdf-retificacoes\/\",\"url\":\"https:\/\/www.estrategiaconcursos.com.br\/blog\/concurso-pgdf-retificacoes\/\",\"name\":\"Edital do concurso PGDF sofre retifica\u00e7\u00f5es! Confira detalhes!\",\"isPartOf\":{\"@id\":\"https:\/\/www.estrategiaconcursos.com.br\/blog\/#website\"},\"primaryImageOfPage\":{\"@id\":\"https:\/\/www.estrategiaconcursos.com.br\/blog\/concurso-pgdf-retificacoes\/#primaryimage\"},\"image\":{\"@id\":\"https:\/\/www.estrategiaconcursos.com.br\/blog\/concurso-pgdf-retificacoes\/#primaryimage\"},\"thumbnailUrl\":\"https:\/\/dhg1h5j42swfq.cloudfront.net\/2019\/02\/08124410\/PG-DF-nome-Jornalismo.jpg\",\"datePublished\":\"2020-02-06T12:07:47+00:00\",\"dateModified\":\"2020-06-24T17:40:24+00:00\",\"description\":\"Edital do concurso PGDF sobre retifica\u00e7\u00e3o. Confira neste artigo todas as informa\u00e7\u00f5es sobre o certame, como vagas, cargos, remunera\u00e7\u00f5es e muito mais.\",\"breadcrumb\":{\"@id\":\"https:\/\/www.estrategiaconcursos.com.br\/blog\/concurso-pgdf-retificacoes\/#breadcrumb\"},\"inLanguage\":\"pt-BR\",\"potentialAction\":[{\"@type\":\"ReadAction\",\"target\":[\"https:\/\/www.estrategiaconcursos.com.br\/blog\/concurso-pgdf-retificacoes\/\"]}]},{\"@type\":\"ImageObject\",\"inLanguage\":\"pt-BR\",\"@id\":\"https:\/\/www.estrategiaconcursos.com.br\/blog\/concurso-pgdf-retificacoes\/#primaryimage\",\"url\":\"https:\/\/dhg1h5j42swfq.cloudfront.net\/2019\/02\/08124410\/PG-DF-nome-Jornalismo.jpg\",\"contentUrl\":\"https:\/\/dhg1h5j42swfq.cloudfront.net\/2019\/02\/08124410\/PG-DF-nome-Jornalismo.jpg\",\"width\":1200,\"height\":628,\"caption\":\"concurso pgdf\"},{\"@type\":\"BreadcrumbList\",\"@id\":\"https:\/\/www.estrategiaconcursos.com.br\/blog\/concurso-pgdf-retificacoes\/#breadcrumb\",\"itemListElement\":[{\"@type\":\"ListItem\",\"position\":1,\"name\":\"In\u00edcio\",\"item\":\"https:\/\/www.estrategiaconcursos.com.br\/blog\/\"},{\"@type\":\"ListItem\",\"position\":2,\"name\":\"Edital do concurso PGDF sofre retifica\u00e7\u00f5es! Confira detalhes!\"}]},{\"@type\":\"WebSite\",\"@id\":\"https:\/\/www.estrategiaconcursos.com.br\/blog\/#website\",\"url\":\"https:\/\/www.estrategiaconcursos.com.br\/blog\/\",\"name\":\"Estrat\u00e9gia Concursos\",\"description\":\"O blog da Estrat\u00e9gia Concursos traz not\u00edcias sobre concursos e artigos de professores oferecendo cursos para concursos (pdf + videaulas) no site.\",\"publisher\":{\"@id\":\"https:\/\/www.estrategiaconcursos.com.br\/blog\/#organization\"},\"potentialAction\":[{\"@type\":\"SearchAction\",\"target\":{\"@type\":\"EntryPoint\",\"urlTemplate\":\"https:\/\/www.estrategiaconcursos.com.br\/blog\/?s={search_term_string}\"},\"query-input\":{\"@type\":\"PropertyValueSpecification\",\"valueRequired\":true,\"valueName\":\"search_term_string\"}}],\"inLanguage\":\"pt-BR\"},{\"@type\":\"Organization\",\"@id\":\"https:\/\/www.estrategiaconcursos.com.br\/blog\/#organization\",\"name\":\"Estrat\u00e9gia Concursos\",\"url\":\"https:\/\/www.estrategiaconcursos.com.br\/blog\/\",\"logo\":{\"@type\":\"ImageObject\",\"inLanguage\":\"pt-BR\",\"@id\":\"https:\/\/www.estrategiaconcursos.com.br\/blog\/#\/schema\/logo\/image\/\",\"url\":\"https:\/\/dhg1h5j42swfq.cloudfront.net\/2025\/06\/03203428\/logo_concursos-1.jpg\",\"contentUrl\":\"https:\/\/dhg1h5j42swfq.cloudfront.net\/2025\/06\/03203428\/logo_concursos-1.jpg\",\"width\":230,\"height\":60,\"caption\":\"Estrat\u00e9gia Concursos\"},\"image\":{\"@id\":\"https:\/\/www.estrategiaconcursos.com.br\/blog\/#\/schema\/logo\/image\/\"},\"sameAs\":[\"https:\/\/x.com\/EstratConcursos\"]},{\"@type\":\"Person\",\"@id\":\"https:\/\/www.estrategiaconcursos.com.br\/blog\/#\/schema\/person\/aa39cf5ddb518e5bdce27c35788405e2\",\"name\":\"Ricardo Torques\",\"image\":{\"@type\":\"ImageObject\",\"inLanguage\":\"pt-BR\",\"@id\":\"https:\/\/secure.gravatar.com\/avatar\/ce9ac6c3cff25fe86d15ed568ebc64d1724baf5c0693133bcb1f6073f712f92a?s=96&d=mm&r=g\",\"url\":\"https:\/\/secure.gravatar.com\/avatar\/ce9ac6c3cff25fe86d15ed568ebc64d1724baf5c0693133bcb1f6073f712f92a?s=96&d=mm&r=g\",\"contentUrl\":\"https:\/\/secure.gravatar.com\/avatar\/ce9ac6c3cff25fe86d15ed568ebc64d1724baf5c0693133bcb1f6073f712f92a?s=96&d=mm&r=g\",\"caption\":\"Ricardo Torques\"},\"sameAs\":[\"https:\/\/www.facebook.com\/ricardo.s.torques\"],\"url\":\"https:\/\/www.estrategiaconcursos.com.br\/blog\/author\/ricardotorquesestrategiaconcursos-com-br\/\"}]}<\/script>\n<!-- \/ Yoast SEO Premium plugin. -->","yoast_head_json":{"title":"Edital do concurso PGDF sofre retifica\u00e7\u00f5es! Confira detalhes!","description":"Edital do concurso PGDF sobre retifica\u00e7\u00e3o. Confira neste artigo todas as informa\u00e7\u00f5es sobre o certame, como vagas, cargos, remunera\u00e7\u00f5es e muito mais.","robots":{"index":"index","follow":"follow","max-snippet":"max-snippet:-1","max-image-preview":"max-image-preview:large","max-video-preview":"max-video-preview:-1"},"canonical":"https:\/\/www.estrategiaconcursos.com.br\/blog\/concurso-pgdf-retificacoes\/","og_locale":"pt_BR","og_type":"article","og_title":"Edital do concurso PGDF sofre retifica\u00e7\u00f5es! Confira detalhes!","og_description":"Edital do concurso PGDF sobre retifica\u00e7\u00e3o. Confira neste artigo todas as informa\u00e7\u00f5es sobre o certame, como vagas, cargos, remunera\u00e7\u00f5es e muito mais.","og_url":"https:\/\/www.estrategiaconcursos.com.br\/blog\/concurso-pgdf-retificacoes\/","og_site_name":"Estrat\u00e9gia Concursos","article_author":"https:\/\/www.facebook.com\/ricardo.s.torques","article_published_time":"2020-02-06T12:07:47+00:00","article_modified_time":"2020-06-24T17:40:24+00:00","og_image":[{"width":1200,"height":628,"url":"https:\/\/dhg1h5j42swfq.cloudfront.net\/2019\/02\/08124410\/PG-DF-nome-Jornalismo.jpg","type":"image\/jpeg"}],"author":"Ricardo Torques","twitter_card":"summary_large_image","twitter_creator":"@EstratConcursos","twitter_site":"@EstratConcursos","twitter_misc":{"Escrito por":"Ricardo Torques","Est. tempo de leitura":"4 minutos"},"schema":{"@context":"https:\/\/schema.org","@graph":[{"@type":"NewsArticle","@id":"https:\/\/www.estrategiaconcursos.com.br\/blog\/concurso-pgdf-retificacoes\/#article","isPartOf":{"@id":"https:\/\/www.estrategiaconcursos.com.br\/blog\/concurso-pgdf-retificacoes\/"},"author":{"name":"Ricardo Torques","@id":"https:\/\/www.estrategiaconcursos.com.br\/blog\/#\/schema\/person\/aa39cf5ddb518e5bdce27c35788405e2"},"headline":"Edital do concurso PGDF sofre retifica\u00e7\u00f5es! Confira detalhes!","datePublished":"2020-02-06T12:07:47+00:00","dateModified":"2020-06-24T17:40:24+00:00","mainEntityOfPage":{"@id":"https:\/\/www.estrategiaconcursos.com.br\/blog\/concurso-pgdf-retificacoes\/"},"wordCount":765,"commentCount":0,"publisher":{"@id":"https:\/\/www.estrategiaconcursos.com.br\/blog\/#organization"},"image":{"@id":"https:\/\/www.estrategiaconcursos.com.br\/blog\/concurso-pgdf-retificacoes\/#primaryimage"},"thumbnailUrl":"https:\/\/dhg1h5j42swfq.cloudfront.net\/2019\/02\/08124410\/PG-DF-nome-Jornalismo.jpg","articleSection":["Concursos P\u00fablicos"],"inLanguage":"pt-BR","potentialAction":[{"@type":"CommentAction","name":"Comment","target":["https:\/\/www.estrategiaconcursos.com.br\/blog\/concurso-pgdf-retificacoes\/#respond"]}],"copyrightYear":"2020","copyrightHolder":{"@id":"https:\/\/www.estrategiaconcursos.com.br\/blog\/#organization"}},{"@type":"WebPage","@id":"https:\/\/www.estrategiaconcursos.com.br\/blog\/concurso-pgdf-retificacoes\/","url":"https:\/\/www.estrategiaconcursos.com.br\/blog\/concurso-pgdf-retificacoes\/","name":"Edital do concurso PGDF sofre retifica\u00e7\u00f5es! Confira detalhes!","isPartOf":{"@id":"https:\/\/www.estrategiaconcursos.com.br\/blog\/#website"},"primaryImageOfPage":{"@id":"https:\/\/www.estrategiaconcursos.com.br\/blog\/concurso-pgdf-retificacoes\/#primaryimage"},"image":{"@id":"https:\/\/www.estrategiaconcursos.com.br\/blog\/concurso-pgdf-retificacoes\/#primaryimage"},"thumbnailUrl":"https:\/\/dhg1h5j42swfq.cloudfront.net\/2019\/02\/08124410\/PG-DF-nome-Jornalismo.jpg","datePublished":"2020-02-06T12:07:47+00:00","dateModified":"2020-06-24T17:40:24+00:00","description":"Edital do concurso PGDF sobre retifica\u00e7\u00e3o. Confira neste artigo todas as informa\u00e7\u00f5es sobre o certame, como vagas, cargos, remunera\u00e7\u00f5es e muito mais.","breadcrumb":{"@id":"https:\/\/www.estrategiaconcursos.com.br\/blog\/concurso-pgdf-retificacoes\/#breadcrumb"},"inLanguage":"pt-BR","potentialAction":[{"@type":"ReadAction","target":["https:\/\/www.estrategiaconcursos.com.br\/blog\/concurso-pgdf-retificacoes\/"]}]},{"@type":"ImageObject","inLanguage":"pt-BR","@id":"https:\/\/www.estrategiaconcursos.com.br\/blog\/concurso-pgdf-retificacoes\/#primaryimage","url":"https:\/\/dhg1h5j42swfq.cloudfront.net\/2019\/02\/08124410\/PG-DF-nome-Jornalismo.jpg","contentUrl":"https:\/\/dhg1h5j42swfq.cloudfront.net\/2019\/02\/08124410\/PG-DF-nome-Jornalismo.jpg","width":1200,"height":628,"caption":"concurso pgdf"},{"@type":"BreadcrumbList","@id":"https:\/\/www.estrategiaconcursos.com.br\/blog\/concurso-pgdf-retificacoes\/#breadcrumb","itemListElement":[{"@type":"ListItem","position":1,"name":"In\u00edcio","item":"https:\/\/www.estrategiaconcursos.com.br\/blog\/"},{"@type":"ListItem","position":2,"name":"Edital do concurso PGDF sofre retifica\u00e7\u00f5es! Confira detalhes!"}]},{"@type":"WebSite","@id":"https:\/\/www.estrategiaconcursos.com.br\/blog\/#website","url":"https:\/\/www.estrategiaconcursos.com.br\/blog\/","name":"Estrat\u00e9gia Concursos","description":"O blog da Estrat\u00e9gia Concursos traz not\u00edcias sobre concursos e artigos de professores oferecendo cursos para concursos (pdf + videaulas) no site.","publisher":{"@id":"https:\/\/www.estrategiaconcursos.com.br\/blog\/#organization"},"potentialAction":[{"@type":"SearchAction","target":{"@type":"EntryPoint","urlTemplate":"https:\/\/www.estrategiaconcursos.com.br\/blog\/?s={search_term_string}"},"query-input":{"@type":"PropertyValueSpecification","valueRequired":true,"valueName":"search_term_string"}}],"inLanguage":"pt-BR"},{"@type":"Organization","@id":"https:\/\/www.estrategiaconcursos.com.br\/blog\/#organization","name":"Estrat\u00e9gia Concursos","url":"https:\/\/www.estrategiaconcursos.com.br\/blog\/","logo":{"@type":"ImageObject","inLanguage":"pt-BR","@id":"https:\/\/www.estrategiaconcursos.com.br\/blog\/#\/schema\/logo\/image\/","url":"https:\/\/dhg1h5j42swfq.cloudfront.net\/2025\/06\/03203428\/logo_concursos-1.jpg","contentUrl":"https:\/\/dhg1h5j42swfq.cloudfront.net\/2025\/06\/03203428\/logo_concursos-1.jpg","width":230,"height":60,"caption":"Estrat\u00e9gia Concursos"},"image":{"@id":"https:\/\/www.estrategiaconcursos.com.br\/blog\/#\/schema\/logo\/image\/"},"sameAs":["https:\/\/x.com\/EstratConcursos"]},{"@type":"Person","@id":"https:\/\/www.estrategiaconcursos.com.br\/blog\/#\/schema\/person\/aa39cf5ddb518e5bdce27c35788405e2","name":"Ricardo Torques","image":{"@type":"ImageObject","inLanguage":"pt-BR","@id":"https:\/\/secure.gravatar.com\/avatar\/ce9ac6c3cff25fe86d15ed568ebc64d1724baf5c0693133bcb1f6073f712f92a?s=96&d=mm&r=g","url":"https:\/\/secure.gravatar.com\/avatar\/ce9ac6c3cff25fe86d15ed568ebc64d1724baf5c0693133bcb1f6073f712f92a?s=96&d=mm&r=g","contentUrl":"https:\/\/secure.gravatar.com\/avatar\/ce9ac6c3cff25fe86d15ed568ebc64d1724baf5c0693133bcb1f6073f712f92a?s=96&d=mm&r=g","caption":"Ricardo Torques"},"sameAs":["https:\/\/www.facebook.com\/ricardo.s.torques"],"url":"https:\/\/www.estrategiaconcursos.com.br\/blog\/author\/ricardotorquesestrategiaconcursos-com-br\/"}]}},"_links":{"self":[{"href":"https:\/\/www.estrategiaconcursos.com.br\/blog\/wp-json\/wp\/v2\/posts\/478417","targetHints":{"allow":["GET"]}}],"collection":[{"href":"https:\/\/www.estrategiaconcursos.com.br\/blog\/wp-json\/wp\/v2\/posts"}],"about":[{"href":"https:\/\/www.estrategiaconcursos.com.br\/blog\/wp-json\/wp\/v2\/types\/post"}],"author":[{"embeddable":true,"href":"https:\/\/www.estrategiaconcursos.com.br\/blog\/wp-json\/wp\/v2\/users\/180"}],"replies":[{"embeddable":true,"href":"https:\/\/www.estrategiaconcursos.com.br\/blog\/wp-json\/wp\/v2\/comments?post=478417"}],"version-history":[{"count":5,"href":"https:\/\/www.estrategiaconcursos.com.br\/blog\/wp-json\/wp\/v2\/posts\/478417\/revisions"}],"predecessor-version":[{"id":531614,"href":"https:\/\/www.estrategiaconcursos.com.br\/blog\/wp-json\/wp\/v2\/posts\/478417\/revisions\/531614"}],"wp:featuredmedia":[{"embeddable":true,"href":"https:\/\/www.estrategiaconcursos.com.br\/blog\/wp-json\/wp\/v2\/media\/165067"}],"wp:attachment":[{"href":"https:\/\/www.estrategiaconcursos.com.br\/blog\/wp-json\/wp\/v2\/media?parent=478417"}],"wp:term":[{"taxonomy":"category","embeddable":true,"href":"https:\/\/www.estrategiaconcursos.com.br\/blog\/wp-json\/wp\/v2\/categories?post=478417"},{"taxonomy":"post_tag","embeddable":true,"href":"https:\/\/www.estrategiaconcursos.com.br\/blog\/wp-json\/wp\/v2\/tags?post=478417"},{"taxonomy":"tax_estado","embeddable":true,"href":"https:\/\/www.estrategiaconcursos.com.br\/blog\/wp-json\/wp\/v2\/tax_estado?post=478417"}],"curies":[{"name":"wp","href":"https:\/\/api.w.org\/{rel}","templated":true}]}}