{"id":478392,"date":"2020-02-07T13:05:10","date_gmt":"2020-02-07T16:05:10","guid":{"rendered":"https:\/\/www.estrategiaconcursos.com.br\/blog\/?p=478392"},"modified":"2020-02-07T13:05:12","modified_gmt":"2020-02-07T16:05:12","slug":"fcc-alap-auxiliar-de-transportes-2020-historia-e-geografia","status":"publish","type":"post","link":"https:\/\/www.estrategiaconcursos.com.br\/blog\/fcc-alap-auxiliar-de-transportes-2020-historia-e-geografia\/","title":{"rendered":"FCC \u2013 ALAP \u2013 Auxiliar de Transportes \/2020 Hist\u00f3ria e Geografia"},"content":{"rendered":"<p><span style=\"color: #000080\">Resolu\u00e7\u00e3o completa com coment\u00e1rios do concurso FCC \u2013 ALAP \u2013 Auxiliar de Transportes \/2020 Hist\u00f3ria e Geografia<\/span><\/p>\n<p><span style=\"color: #000080\">Se quiser ver a resolu\u00e7\u00e3o do cargo de <a style=\"color: #000080\" href=\"https:\/\/www.estrategiaconcursos.com.br\/blog\/resolucao-da-prova-de-historia-alap-assistente-legislativo\/\" target=\"_blank\" rel=\"noopener noreferrer\">assistente legislativo,<\/a> \u00e9 s\u00f3 clicar<\/span><\/p>\n<p><span style=\"color: #000080\">Se quiser ver a resolu\u00e7\u00e3o do cargo de<a style=\"color: #000080\" href=\"https:\/\/www.estrategiaconcursos.com.br\/blog\/nao-ha-recurso-alap-em-historia-para-tecnico-legislativo\/\" target=\"_blank\" rel=\"noopener noreferrer\"> t\u00e9cnico legislativo<\/a>, clique aqui<\/span><\/p>\n<p><span style=\"color: #000080\">E agora, sem delongas, vamos l\u00e1 !<\/span><\/p>\n<p>18. (FCC \u2013 ALAP \u2013 Auxiliar de Transportes \/2020)<br \/>Durante a Cabanagem, houve em Macap\u00e1 a<br \/>A) alian\u00e7a entre fazendeiros, comerciantes e autoridades para a resist\u00eancia e o combate aos cabanos, sob o comando de militares locais.<br \/>B) tomada da cidade por cabanos conduzidos pelos l\u00edderes populares Angelim e Vinagre, que l\u00e1 estabeleceram a base de um governo provis\u00f3rio de toda a regi\u00e3o norte.<br \/>C) repress\u00e3o definitiva ao movimento, pelo general Francisco Monterosso, que prendeu os principais l\u00edderes cabanos e os enviou ao Rio de Janeiro, pondo fim ao longo conflito.<br \/>D) rendi\u00e7\u00e3o das autoridades locais face \u00e0s vit\u00f3rias consecutivas dos cabanos nas cidades vizinhas, por\u00e9m, por curto per\u00edodo, visto que os franceses vieram em socorro e reverteram a situa\u00e7\u00e3o.<br \/>E) ocupa\u00e7\u00e3o norte-americana devido ao caos que reinava em todo o Amap\u00e1, de forma que navios comandados pelo almirante Grenfell foram contactados por Portugal para monitorar o local at\u00e9 a vinda de refor\u00e7os do Rio de Janeiro.<br \/><span style=\"color: #000080\">A Cabanagem foi um dos maiores conflitos do per\u00edodo regencial. O Brasil passava por uma grande instabilidade pol\u00edtica p\u00f3s independ\u00eancia, ao ponto do Imperador do Pedro I foi for\u00e7ado a abdicar a coroa. Neste contexto as ideias liberais, que influenciaram a Revolu\u00e7\u00e3o Francesa, Independ\u00eancia dos EUA e a Conjura\u00e7\u00e3o Mineira e Baiana. Foram ecos do iluminismo no Brasil, que foi o \u00fanico a manter um governo mon\u00e1rquico e a unidade territorial na Am\u00e9rica, pois surgiram v\u00e1rios pa\u00edses independentes quando a Am\u00e9rica Latina se separou da Espanha.<\/span><br \/><span style=\"color: #000080\">O Amap\u00e1 j\u00e1 possu\u00eda seus defensores, de uma prov\u00edncia independente do Par\u00e1, que foi proposta por C\u00e2ndido Mendes, a Rep\u00fablica do Oyapoca. Um projeto liberal, que defendia maior autonomia administrativa em rela\u00e7\u00e3o ao RJ e \u00e0 Bel\u00e9m, sem defender uma separa\u00e7\u00e3o do pa\u00eds, como foram em outras revoltas regenciais.<\/span><br \/><span style=\"color: #000080\">Foi uma revolta popular, que envolveu negros forros, quilombolas, ribeirinhos e tribos ind\u00edgenas como os Tapuias, Murazi e Mau\u00eas. A prov\u00edncia era estrat\u00e9gica, no entanto isolada, com baixa influencia pol\u00edtica nacionalmente e com um p\u00e9ssimo abastecimento de produtos em geral e escravos africanos. As condi\u00e7\u00f5es sociais do povo eram prec\u00e1rias e os desmandos dos Governadores eram muitos. O conflito eclodiu em seis de janeiro de mil novecentos e trinta e cinto, quanto ocorreu uma revolta na capital contra o governador Bernardo Souza Lobo, que foi assassinado em plena rua e os Cabanos tomaram o pal\u00e1cio do governo.<\/span><br \/><span style=\"color: #000080\">A elite polarizou-se e dividiu-se entre os apoiadores e os que eram contra a Cabanagem. O primeiro a liderar, ao menos nominalmente, os Cabanos foi F\u00e9lix Marcha, mas era um moderado, e coronel da Guarda Nacional. Tomou o poder e ficou pouco mais de um m\u00eas e meio, pois seus aliados eram mais radicais e eram contra as negocia\u00e7\u00f5es de paz que ele estava fazendo com o governo regencial do RJ. O poder foi tomado por Francisco Vinagre e Eduardo Angelim. O governo foi tomado pelo primeiro, mas em pouco tempo caiu do poder e assumiu angelim. Em aproximadamente oito meses o governo provis\u00f3rio teve tr\u00eas governadores, o que indica instabilidade, o que impedia quem tentou de governar.<\/span><br \/><span style=\"color: #000080\">A Reg\u00eancia reagiu nomeando o Bar\u00e3o de Ca\u00e7apava para presidente de prov\u00edncia do Par\u00e1 e combateu ferozmente os cabanos: Ap\u00f3s descarregar o arsenal num pesado bombardeio. Tomou o poder de Bel\u00e9m, toda devastada e realizou uma persegui\u00e7\u00e3o pesada aos membros da revolta. Os cabanos espalharam-se pelas art\u00e9rias do rio amazonas, e territorialmente espalhou-se at\u00e9 Maranh\u00e3o e Piau\u00ed. O Bar\u00e3o de Ca\u00e7apava os perseguiu, e prendeu Angelim, que foi enviado para a pris\u00e3o em Fernando de Noronha.<\/span><br \/><span style=\"color: #000080\">Na Reg\u00eancia, diante da impossibilidade do governo de reprimir as v\u00e1rias revoltas e levantes que estavam latentes, criou a Guarda Nacional, que n\u00e3o era subordinada ao ex\u00e9rcito, e reunia a elite local, que lideravam guarni\u00e7\u00f5es de \u201cjagun\u00e7os\u201d, ou \u201ccapatazes\u201d, ou \u201ccangaceiros\u201d ou qualquer nome regional do fen\u00f4meno do \u201cbanditismo social\u201d, manifesta\u00e7\u00f5es do crime de um mundo rural, em que bandos de atiradores prestavam servi\u00e7os aos coron\u00e9is, tanto em combate \u00e0 revoltas, como para servi\u00e7os particulares. A Guarda Nacional \u00e9 o embri\u00e3o da pol\u00edtica militar e da pr\u00e1tica do coronelismo que vigorava no Brasil Republicano. Basicamente nas revoltas, os fazendeiros e moradores em geral tinham a licen\u00e7a para organizar a resist\u00eancia armada \u00e0s revoltas, como ocorreu em diversos munic\u00edpios ao redor do Brasil, em momentos de conflitos civis. Em Macap\u00e1 a elite local formada por comerciantes e fazendeiros organizou uma resist\u00eancia armada aos cabanos<\/span><\/p>\n<p><strong><span style=\"color: #000080\">Gabarito: A<\/span><\/strong><\/p>\n<p><br \/>19. (FCC \u2013 ALAP \u2013 Auxiliar de Transportes \/2020)<br \/>A Fortaleza de S\u00e3o Jos\u00e9 do Macap\u00e1 teve um importante papel<br \/>A) na defesa do Amap\u00e1 de ataques piratas que ocorriam com frequ\u00eancia em toda a regi\u00e3o, por acesso fluvial, no s\u00e9culo XVII.<br \/>B) na estrutura\u00e7\u00e3o da defesa da regi\u00e3o amaz\u00f4nica, conforme projeto concebido por Marqu\u00eas de Pombal.<br \/>C) na garantia da seguran\u00e7a dos primeiros habitantes de Macap\u00e1, que moravam nas depend\u00eancias da fortaleza para se protegerem dos ataques ind\u00edgenas.<br \/>D) no estabelecimento da miss\u00e3o que deu origem \u00e0 cidade, uma vez que foi constru\u00edda por solicita\u00e7\u00e3o da Companhia de Jesus ao rei Dom Jo\u00e3o VI.<br \/>E) nos primeiros conflitos entre Brasil e Fran\u00e7a, no s\u00e9culo XVI, envolvendo quest\u00f5es de fronteira.<br \/><span style=\"color: #000080\">A Fortaleza de S\u00e3o Jos\u00e9 do Macap\u00e1 \u00e9 um exemplo das a\u00e7\u00f5es Geopol\u00edticas portuguesas, para manter o dom\u00ednio do territ\u00f3rio amaz\u00f4nico. Desde os primeiros anos da coloniza\u00e7\u00e3o. No s\u00e9culo XVII os franceses invadiram S\u00e3o Lu\u00eds, e depois que foram expulsos, a defesa da foz do rio Amazonas tornou-se imperativa, pois al\u00e9m da amea\u00e7a dos franceses, os ingleses tamb\u00e9m amea\u00e7avam a Amaz\u00f4nia, ao ponto de terem fundado um pequeno forte, que foi destru\u00eddo e constru\u00eddo sobre seus escombros a Fortaleza de Cuma\u00fa.<\/span><br \/><span style=\"color: #000080\">Em 1750 o primeiro ministro portugu\u00eas Marqu\u00eas de Pombal assinou o Tratado de Madri, que estabeleceu com poucas altera\u00e7\u00f5es as atuais fronteiras nacionais. As fronteiras amaz\u00f4nicas foram estabelecidas com os Ingleses em sua Guiana, e com os Franceses. Desde ent\u00e3o centralizar a administra\u00e7\u00e3o e fortalecer a presen\u00e7a militar. Construiu a Fortaleza de S\u00e3o Jos\u00e9 de Macap\u00e1 e ordenou a transfer\u00eancia de Mazag\u00e3o da \u00c1frica para a foz do Amazonas. A fronteira com a Guiana foi estabelecida em 1713, pelo Tratado de Utrecht, que estabelecia que os limites eram os do Rio Pinzon. Os franceses passaram a questionar os limites, alegando que era o Araguari, e n\u00e3o o Oiapoque, o dito rio. Este contestado manteve-se at\u00e9 1900 quanto Bar\u00e3o do Rio Branco negociou os limites, com a arbitragem internacional do presidente de Su\u00ed\u00e7a, Walter Hauser.<\/span><br \/><strong><span style=\"color: #000080\">Gabarito: B<\/span><\/strong><\/p>\n<p><br \/>20. (FCC \u2013 ALAP \u2013 Auxiliar de Transportes \/2020)<br \/>A festa realizada no Amap\u00e1, origin\u00e1ria de uma col\u00f4nia portuguesa na \u00c1frica, e cujo enredo se baseia na hist\u00f3ria de um soldado que teria surgido numa dif\u00edcil batalha, para conduzir os crist\u00e3os \u00e0 vit\u00f3ria, se denomina<br \/>A) C\u00edrio de Nazar\u00e9.<br \/>B) Festa de S\u00e3o Jorge, o santo guerreiro.<br \/>C) Festa do Divino.<br \/>D) Festa de S\u00e3o Judas Tadeu, padroeiro das causas imposs\u00edveis.<br \/>E) Festa de S\u00e3o Tiago.<br \/><span style=\"color: #000080\">A Festa de S\u00e3o Thiago veio como os colonos de Mazag\u00e3o, que foi uma cidade transferida da \u00c1frica para a foz do rio Amazonas. \u00c9 uma festa antiga, t\u00edpica das pr\u00e1ticas festivas do catolicismo colonial brasileiro, cujo enredo s\u00e3o batalhas dos crist\u00e3os derrotando os Mouros. Um clima ainda de cruzadas, e express\u00e3o o espirito colonizador europeu, que inclu\u00eda a expans\u00e3o do cristianismo. Remonta uma batalha em que S\u00e3o Thiago aparece anonimamente e luta com os crist\u00e3os rumo \u00e0 vit\u00f3ria sobre os isl\u00e2micos.<\/span><br \/><span style=\"color: #000080\">\u00c9 patrim\u00f4nio imaterial, ou seja, ligado aos fazeres e saberes populares, e uma pr\u00e1tica popular e sincr\u00e9tica, ou seja, mistura elementos do catolicismo europeus e elementos afro-brasileiros. Um fato interessante que porventura pode ser abordado \u00e9 a disputa judicial contra a lei estadual que considerava a festa de S\u00e3o Thiago feriado nacional. O ent\u00e3o governador Camilo Capiberibe ent\u00e3o com a\u00e7\u00e3o no STF em 2012 para a anula\u00e7\u00e3o da lei estadual que estabeleceu o dia do santo como feriado estadual, pois seria uma prerrogativa da Uni\u00e3o ou do Munic\u00edpio, al\u00e9m de onerar os gastos p\u00fablicos e privados com os trabalhadores remunerados num feriado a mais. Em 2018 o STF publicou o acord\u00e3o que anulou o feriado estadual de S\u00e3o Thiago.<\/span><br \/><strong><span style=\"color: #000080\">Gabarito: E<\/span><\/strong><\/p>\n<p>\u00c9 isso a\u00ed pessoal, me siga no instagram @professorsergiohenrique.\u00a0<\/p>\n<p>Grande abra\u00e7o, bons estudos e foco no sucesso !!!<\/p>\n\n\n<p><\/p>\n","protected":false},"excerpt":{"rendered":"<p>Resolu\u00e7\u00e3o completa com coment\u00e1rios do concurso FCC \u2013 ALAP \u2013 Auxiliar de Transportes \/2020 Hist\u00f3ria e Geografia Se quiser ver a resolu\u00e7\u00e3o do cargo de assistente legislativo, \u00e9 s\u00f3 clicar Se quiser ver a resolu\u00e7\u00e3o do cargo de t\u00e9cnico legislativo, clique aqui E agora, sem delongas, vamos l\u00e1 ! 18. (FCC \u2013 ALAP \u2013 Auxiliar [&hellip;]<\/p>\n","protected":false},"author":322,"featured_media":0,"comment_status":"open","ping_status":"closed","sticky":false,"template":"","format":"standard","meta":{"post_tipo":"article","footnotes":""},"categories":[1],"tags":[],"tax_estado":[],"class_list":["post-478392","post","type-post","status-publish","format-standard","hentry","category-cursos-e-concursos"],"acf":[],"yoast_head":"<!-- This site is optimized with the Yoast SEO Premium plugin v27.2 (Yoast SEO v27.2) - https:\/\/yoast.com\/product\/yoast-seo-premium-wordpress\/ -->\n<title>FCC \u2013 ALAP \u2013 Auxiliar de Transportes \/2020 Hist\u00f3ria e Geografia<\/title>\n<meta name=\"robots\" content=\"index, follow, max-snippet:-1, max-image-preview:large, max-video-preview:-1\" \/>\n<link rel=\"canonical\" href=\"https:\/\/www.estrategiaconcursos.com.br\/blog\/fcc-alap-auxiliar-de-transportes-2020-historia-e-geografia\/\" \/>\n<meta property=\"og:locale\" content=\"pt_BR\" \/>\n<meta property=\"og:type\" content=\"article\" \/>\n<meta property=\"og:title\" content=\"FCC \u2013 ALAP \u2013 Auxiliar de Transportes \/2020 Hist\u00f3ria e Geografia\" \/>\n<meta property=\"og:description\" content=\"Resolu\u00e7\u00e3o completa com coment\u00e1rios do concurso FCC \u2013 ALAP \u2013 Auxiliar de Transportes \/2020 Hist\u00f3ria e Geografia Se quiser ver a resolu\u00e7\u00e3o do cargo de assistente legislativo, \u00e9 s\u00f3 clicar Se quiser ver a resolu\u00e7\u00e3o do cargo de t\u00e9cnico legislativo, clique aqui E agora, sem delongas, vamos l\u00e1 ! 18. (FCC \u2013 ALAP \u2013 Auxiliar [&hellip;]\" \/>\n<meta property=\"og:url\" content=\"https:\/\/www.estrategiaconcursos.com.br\/blog\/fcc-alap-auxiliar-de-transportes-2020-historia-e-geografia\/\" \/>\n<meta property=\"og:site_name\" content=\"Estrat\u00e9gia Concursos\" \/>\n<meta property=\"article:published_time\" content=\"2020-02-07T16:05:10+00:00\" \/>\n<meta property=\"article:modified_time\" content=\"2020-02-07T16:05:12+00:00\" \/>\n<meta name=\"author\" content=\"Sergio Henrique\" \/>\n<meta name=\"twitter:card\" content=\"summary_large_image\" \/>\n<meta name=\"twitter:creator\" content=\"@EstratConcursos\" \/>\n<meta name=\"twitter:site\" content=\"@EstratConcursos\" \/>\n<meta name=\"twitter:label1\" content=\"Escrito por\" \/>\n\t<meta name=\"twitter:data1\" content=\"Sergio Henrique\" \/>\n\t<meta name=\"twitter:label2\" content=\"Est. tempo de leitura\" \/>\n\t<meta name=\"twitter:data2\" content=\"8 minutos\" \/>\n<script type=\"application\/ld+json\" class=\"yoast-schema-graph\">{\"@context\":\"https:\/\/schema.org\",\"@graph\":[{\"@type\":\"NewsArticle\",\"@id\":\"https:\/\/www.estrategiaconcursos.com.br\/blog\/fcc-alap-auxiliar-de-transportes-2020-historia-e-geografia\/#article\",\"isPartOf\":{\"@id\":\"https:\/\/www.estrategiaconcursos.com.br\/blog\/fcc-alap-auxiliar-de-transportes-2020-historia-e-geografia\/\"},\"author\":{\"name\":\"Sergio Henrique\",\"@id\":\"https:\/\/www.estrategiaconcursos.com.br\/blog\/#\/schema\/person\/d18952c4e9d57a78a6caea1fc8412aca\"},\"headline\":\"FCC \u2013 ALAP \u2013 Auxiliar de Transportes \/2020 Hist\u00f3ria e Geografia\",\"datePublished\":\"2020-02-07T16:05:10+00:00\",\"dateModified\":\"2020-02-07T16:05:12+00:00\",\"mainEntityOfPage\":{\"@id\":\"https:\/\/www.estrategiaconcursos.com.br\/blog\/fcc-alap-auxiliar-de-transportes-2020-historia-e-geografia\/\"},\"wordCount\":1555,\"commentCount\":0,\"publisher\":{\"@id\":\"https:\/\/www.estrategiaconcursos.com.br\/blog\/#organization\"},\"articleSection\":[\"Concursos P\u00fablicos\"],\"inLanguage\":\"pt-BR\",\"potentialAction\":[{\"@type\":\"CommentAction\",\"name\":\"Comment\",\"target\":[\"https:\/\/www.estrategiaconcursos.com.br\/blog\/fcc-alap-auxiliar-de-transportes-2020-historia-e-geografia\/#respond\"]}],\"copyrightYear\":\"2020\",\"copyrightHolder\":{\"@id\":\"https:\/\/www.estrategiaconcursos.com.br\/blog\/#organization\"}},{\"@type\":\"WebPage\",\"@id\":\"https:\/\/www.estrategiaconcursos.com.br\/blog\/fcc-alap-auxiliar-de-transportes-2020-historia-e-geografia\/\",\"url\":\"https:\/\/www.estrategiaconcursos.com.br\/blog\/fcc-alap-auxiliar-de-transportes-2020-historia-e-geografia\/\",\"name\":\"FCC \u2013 ALAP \u2013 Auxiliar de Transportes \/2020 Hist\u00f3ria e Geografia\",\"isPartOf\":{\"@id\":\"https:\/\/www.estrategiaconcursos.com.br\/blog\/#website\"},\"datePublished\":\"2020-02-07T16:05:10+00:00\",\"dateModified\":\"2020-02-07T16:05:12+00:00\",\"breadcrumb\":{\"@id\":\"https:\/\/www.estrategiaconcursos.com.br\/blog\/fcc-alap-auxiliar-de-transportes-2020-historia-e-geografia\/#breadcrumb\"},\"inLanguage\":\"pt-BR\",\"potentialAction\":[{\"@type\":\"ReadAction\",\"target\":[\"https:\/\/www.estrategiaconcursos.com.br\/blog\/fcc-alap-auxiliar-de-transportes-2020-historia-e-geografia\/\"]}]},{\"@type\":\"BreadcrumbList\",\"@id\":\"https:\/\/www.estrategiaconcursos.com.br\/blog\/fcc-alap-auxiliar-de-transportes-2020-historia-e-geografia\/#breadcrumb\",\"itemListElement\":[{\"@type\":\"ListItem\",\"position\":1,\"name\":\"In\u00edcio\",\"item\":\"https:\/\/www.estrategiaconcursos.com.br\/blog\/\"},{\"@type\":\"ListItem\",\"position\":2,\"name\":\"FCC \u2013 ALAP \u2013 Auxiliar de Transportes \/2020 Hist\u00f3ria e Geografia\"}]},{\"@type\":\"WebSite\",\"@id\":\"https:\/\/www.estrategiaconcursos.com.br\/blog\/#website\",\"url\":\"https:\/\/www.estrategiaconcursos.com.br\/blog\/\",\"name\":\"Estrat\u00e9gia Concursos\",\"description\":\"O blog da Estrat\u00e9gia Concursos traz not\u00edcias sobre concursos e artigos de professores oferecendo cursos para concursos (pdf + videaulas) no site.\",\"publisher\":{\"@id\":\"https:\/\/www.estrategiaconcursos.com.br\/blog\/#organization\"},\"potentialAction\":[{\"@type\":\"SearchAction\",\"target\":{\"@type\":\"EntryPoint\",\"urlTemplate\":\"https:\/\/www.estrategiaconcursos.com.br\/blog\/?s={search_term_string}\"},\"query-input\":{\"@type\":\"PropertyValueSpecification\",\"valueRequired\":true,\"valueName\":\"search_term_string\"}}],\"inLanguage\":\"pt-BR\"},{\"@type\":\"Organization\",\"@id\":\"https:\/\/www.estrategiaconcursos.com.br\/blog\/#organization\",\"name\":\"Estrat\u00e9gia Concursos\",\"url\":\"https:\/\/www.estrategiaconcursos.com.br\/blog\/\",\"logo\":{\"@type\":\"ImageObject\",\"inLanguage\":\"pt-BR\",\"@id\":\"https:\/\/www.estrategiaconcursos.com.br\/blog\/#\/schema\/logo\/image\/\",\"url\":\"https:\/\/dhg1h5j42swfq.cloudfront.net\/2025\/06\/03203428\/logo_concursos-1.jpg\",\"contentUrl\":\"https:\/\/dhg1h5j42swfq.cloudfront.net\/2025\/06\/03203428\/logo_concursos-1.jpg\",\"width\":230,\"height\":60,\"caption\":\"Estrat\u00e9gia Concursos\"},\"image\":{\"@id\":\"https:\/\/www.estrategiaconcursos.com.br\/blog\/#\/schema\/logo\/image\/\"},\"sameAs\":[\"https:\/\/x.com\/EstratConcursos\"]},{\"@type\":\"Person\",\"@id\":\"https:\/\/www.estrategiaconcursos.com.br\/blog\/#\/schema\/person\/d18952c4e9d57a78a6caea1fc8412aca\",\"name\":\"Sergio Henrique\",\"image\":{\"@type\":\"ImageObject\",\"inLanguage\":\"pt-BR\",\"@id\":\"https:\/\/secure.gravatar.com\/avatar\/8a654c3858278ad4f39af7a25daa62ab86082ab9406fabd7edee0d6cdfb86662?s=96&d=mm&r=g\",\"url\":\"https:\/\/secure.gravatar.com\/avatar\/8a654c3858278ad4f39af7a25daa62ab86082ab9406fabd7edee0d6cdfb86662?s=96&d=mm&r=g\",\"contentUrl\":\"https:\/\/secure.gravatar.com\/avatar\/8a654c3858278ad4f39af7a25daa62ab86082ab9406fabd7edee0d6cdfb86662?s=96&d=mm&r=g\",\"caption\":\"Sergio Henrique\"},\"url\":\"https:\/\/www.estrategiaconcursos.com.br\/blog\/author\/sergio-henrique\/\"}]}<\/script>\n<!-- \/ Yoast SEO Premium plugin. -->","yoast_head_json":{"title":"FCC \u2013 ALAP \u2013 Auxiliar de Transportes \/2020 Hist\u00f3ria e Geografia","robots":{"index":"index","follow":"follow","max-snippet":"max-snippet:-1","max-image-preview":"max-image-preview:large","max-video-preview":"max-video-preview:-1"},"canonical":"https:\/\/www.estrategiaconcursos.com.br\/blog\/fcc-alap-auxiliar-de-transportes-2020-historia-e-geografia\/","og_locale":"pt_BR","og_type":"article","og_title":"FCC \u2013 ALAP \u2013 Auxiliar de Transportes \/2020 Hist\u00f3ria e Geografia","og_description":"Resolu\u00e7\u00e3o completa com coment\u00e1rios do concurso FCC \u2013 ALAP \u2013 Auxiliar de Transportes \/2020 Hist\u00f3ria e Geografia Se quiser ver a resolu\u00e7\u00e3o do cargo de assistente legislativo, \u00e9 s\u00f3 clicar Se quiser ver a resolu\u00e7\u00e3o do cargo de t\u00e9cnico legislativo, clique aqui E agora, sem delongas, vamos l\u00e1 ! 18. (FCC \u2013 ALAP \u2013 Auxiliar [&hellip;]","og_url":"https:\/\/www.estrategiaconcursos.com.br\/blog\/fcc-alap-auxiliar-de-transportes-2020-historia-e-geografia\/","og_site_name":"Estrat\u00e9gia Concursos","article_published_time":"2020-02-07T16:05:10+00:00","article_modified_time":"2020-02-07T16:05:12+00:00","author":"Sergio Henrique","twitter_card":"summary_large_image","twitter_creator":"@EstratConcursos","twitter_site":"@EstratConcursos","twitter_misc":{"Escrito por":"Sergio Henrique","Est. tempo de leitura":"8 minutos"},"schema":{"@context":"https:\/\/schema.org","@graph":[{"@type":"NewsArticle","@id":"https:\/\/www.estrategiaconcursos.com.br\/blog\/fcc-alap-auxiliar-de-transportes-2020-historia-e-geografia\/#article","isPartOf":{"@id":"https:\/\/www.estrategiaconcursos.com.br\/blog\/fcc-alap-auxiliar-de-transportes-2020-historia-e-geografia\/"},"author":{"name":"Sergio Henrique","@id":"https:\/\/www.estrategiaconcursos.com.br\/blog\/#\/schema\/person\/d18952c4e9d57a78a6caea1fc8412aca"},"headline":"FCC \u2013 ALAP \u2013 Auxiliar de Transportes \/2020 Hist\u00f3ria e Geografia","datePublished":"2020-02-07T16:05:10+00:00","dateModified":"2020-02-07T16:05:12+00:00","mainEntityOfPage":{"@id":"https:\/\/www.estrategiaconcursos.com.br\/blog\/fcc-alap-auxiliar-de-transportes-2020-historia-e-geografia\/"},"wordCount":1555,"commentCount":0,"publisher":{"@id":"https:\/\/www.estrategiaconcursos.com.br\/blog\/#organization"},"articleSection":["Concursos P\u00fablicos"],"inLanguage":"pt-BR","potentialAction":[{"@type":"CommentAction","name":"Comment","target":["https:\/\/www.estrategiaconcursos.com.br\/blog\/fcc-alap-auxiliar-de-transportes-2020-historia-e-geografia\/#respond"]}],"copyrightYear":"2020","copyrightHolder":{"@id":"https:\/\/www.estrategiaconcursos.com.br\/blog\/#organization"}},{"@type":"WebPage","@id":"https:\/\/www.estrategiaconcursos.com.br\/blog\/fcc-alap-auxiliar-de-transportes-2020-historia-e-geografia\/","url":"https:\/\/www.estrategiaconcursos.com.br\/blog\/fcc-alap-auxiliar-de-transportes-2020-historia-e-geografia\/","name":"FCC \u2013 ALAP \u2013 Auxiliar de Transportes \/2020 Hist\u00f3ria e Geografia","isPartOf":{"@id":"https:\/\/www.estrategiaconcursos.com.br\/blog\/#website"},"datePublished":"2020-02-07T16:05:10+00:00","dateModified":"2020-02-07T16:05:12+00:00","breadcrumb":{"@id":"https:\/\/www.estrategiaconcursos.com.br\/blog\/fcc-alap-auxiliar-de-transportes-2020-historia-e-geografia\/#breadcrumb"},"inLanguage":"pt-BR","potentialAction":[{"@type":"ReadAction","target":["https:\/\/www.estrategiaconcursos.com.br\/blog\/fcc-alap-auxiliar-de-transportes-2020-historia-e-geografia\/"]}]},{"@type":"BreadcrumbList","@id":"https:\/\/www.estrategiaconcursos.com.br\/blog\/fcc-alap-auxiliar-de-transportes-2020-historia-e-geografia\/#breadcrumb","itemListElement":[{"@type":"ListItem","position":1,"name":"In\u00edcio","item":"https:\/\/www.estrategiaconcursos.com.br\/blog\/"},{"@type":"ListItem","position":2,"name":"FCC \u2013 ALAP \u2013 Auxiliar de Transportes \/2020 Hist\u00f3ria e Geografia"}]},{"@type":"WebSite","@id":"https:\/\/www.estrategiaconcursos.com.br\/blog\/#website","url":"https:\/\/www.estrategiaconcursos.com.br\/blog\/","name":"Estrat\u00e9gia Concursos","description":"O blog da Estrat\u00e9gia Concursos traz not\u00edcias sobre concursos e artigos de professores oferecendo cursos para concursos (pdf + videaulas) no site.","publisher":{"@id":"https:\/\/www.estrategiaconcursos.com.br\/blog\/#organization"},"potentialAction":[{"@type":"SearchAction","target":{"@type":"EntryPoint","urlTemplate":"https:\/\/www.estrategiaconcursos.com.br\/blog\/?s={search_term_string}"},"query-input":{"@type":"PropertyValueSpecification","valueRequired":true,"valueName":"search_term_string"}}],"inLanguage":"pt-BR"},{"@type":"Organization","@id":"https:\/\/www.estrategiaconcursos.com.br\/blog\/#organization","name":"Estrat\u00e9gia Concursos","url":"https:\/\/www.estrategiaconcursos.com.br\/blog\/","logo":{"@type":"ImageObject","inLanguage":"pt-BR","@id":"https:\/\/www.estrategiaconcursos.com.br\/blog\/#\/schema\/logo\/image\/","url":"https:\/\/dhg1h5j42swfq.cloudfront.net\/2025\/06\/03203428\/logo_concursos-1.jpg","contentUrl":"https:\/\/dhg1h5j42swfq.cloudfront.net\/2025\/06\/03203428\/logo_concursos-1.jpg","width":230,"height":60,"caption":"Estrat\u00e9gia Concursos"},"image":{"@id":"https:\/\/www.estrategiaconcursos.com.br\/blog\/#\/schema\/logo\/image\/"},"sameAs":["https:\/\/x.com\/EstratConcursos"]},{"@type":"Person","@id":"https:\/\/www.estrategiaconcursos.com.br\/blog\/#\/schema\/person\/d18952c4e9d57a78a6caea1fc8412aca","name":"Sergio Henrique","image":{"@type":"ImageObject","inLanguage":"pt-BR","@id":"https:\/\/secure.gravatar.com\/avatar\/8a654c3858278ad4f39af7a25daa62ab86082ab9406fabd7edee0d6cdfb86662?s=96&d=mm&r=g","url":"https:\/\/secure.gravatar.com\/avatar\/8a654c3858278ad4f39af7a25daa62ab86082ab9406fabd7edee0d6cdfb86662?s=96&d=mm&r=g","contentUrl":"https:\/\/secure.gravatar.com\/avatar\/8a654c3858278ad4f39af7a25daa62ab86082ab9406fabd7edee0d6cdfb86662?s=96&d=mm&r=g","caption":"Sergio Henrique"},"url":"https:\/\/www.estrategiaconcursos.com.br\/blog\/author\/sergio-henrique\/"}]}},"_links":{"self":[{"href":"https:\/\/www.estrategiaconcursos.com.br\/blog\/wp-json\/wp\/v2\/posts\/478392","targetHints":{"allow":["GET"]}}],"collection":[{"href":"https:\/\/www.estrategiaconcursos.com.br\/blog\/wp-json\/wp\/v2\/posts"}],"about":[{"href":"https:\/\/www.estrategiaconcursos.com.br\/blog\/wp-json\/wp\/v2\/types\/post"}],"author":[{"embeddable":true,"href":"https:\/\/www.estrategiaconcursos.com.br\/blog\/wp-json\/wp\/v2\/users\/322"}],"replies":[{"embeddable":true,"href":"https:\/\/www.estrategiaconcursos.com.br\/blog\/wp-json\/wp\/v2\/comments?post=478392"}],"version-history":[{"count":5,"href":"https:\/\/www.estrategiaconcursos.com.br\/blog\/wp-json\/wp\/v2\/posts\/478392\/revisions"}],"predecessor-version":[{"id":479656,"href":"https:\/\/www.estrategiaconcursos.com.br\/blog\/wp-json\/wp\/v2\/posts\/478392\/revisions\/479656"}],"wp:attachment":[{"href":"https:\/\/www.estrategiaconcursos.com.br\/blog\/wp-json\/wp\/v2\/media?parent=478392"}],"wp:term":[{"taxonomy":"category","embeddable":true,"href":"https:\/\/www.estrategiaconcursos.com.br\/blog\/wp-json\/wp\/v2\/categories?post=478392"},{"taxonomy":"post_tag","embeddable":true,"href":"https:\/\/www.estrategiaconcursos.com.br\/blog\/wp-json\/wp\/v2\/tags?post=478392"},{"taxonomy":"tax_estado","embeddable":true,"href":"https:\/\/www.estrategiaconcursos.com.br\/blog\/wp-json\/wp\/v2\/tax_estado?post=478392"}],"curies":[{"name":"wp","href":"https:\/\/api.w.org\/{rel}","templated":true}]}}