{"id":478363,"date":"2020-02-05T19:27:33","date_gmt":"2020-02-05T22:27:33","guid":{"rendered":"https:\/\/www.estrategiaconcursos.com.br\/blog\/?p=478363"},"modified":"2020-02-05T19:27:36","modified_gmt":"2020-02-05T22:27:36","slug":"camara-de-florianopolis-tem-comissao-formada-edital-se-aproxima","status":"publish","type":"post","link":"https:\/\/www.estrategiaconcursos.com.br\/blog\/camara-de-florianopolis-tem-comissao-formada-edital-se-aproxima\/","title":{"rendered":"C\u00e2mara de Florian\u00f3polis tem COMISS\u00c3O FORMADA; edital se aproxima"},"content":{"rendered":"\n<p>Foi publicado nesta quarta-feira, 05 de fevereiro de 2020, no Di\u00e1rio Oficial, a comiss\u00e3o organizadora do pr\u00f3ximo concurso C\u00e2mara de Florian\u00f3polis. Com a publica\u00e7\u00e3o, o pr\u00f3ximo passo \u00e9 a contrata\u00e7\u00e3o da empresa respons\u00e1vel pela organiza\u00e7\u00e3o do certame. <\/p>\n\n\n\n<p>Confira abaixo os membros que ir\u00e3o compor a comiss\u00e3o do concurso C\u00e2mara de Florian\u00f3polis:<\/p>\n\n\n\n<div class=\"wp-block-image\"><figure class=\"aligncenter is-resized\"><img loading=\"lazy\" decoding=\"async\" src=\"https:\/\/trello-attachments.s3.amazonaws.com\/5e3b3c78dbcb245748ec1a10\/413x433\/6ddbaf4e4e6ccc0ce581c3e59270c98c\/image.png\" alt=\"image.png\" width=\"471\" height=\"494\"\/><\/figure><\/div>\n\n\n\n<p>Lembrando que o concurso ofertar\u00e1 oito vagas para diversos cargos. Confira a seguir: <\/p>\n\n\n\n<ul class=\"wp-block-list\"><li><strong><em>Auxiliar t\u00e9cnico de engenharia (1 vaga)<\/em><\/strong><\/li><li><strong><em>Engenheiro civil (1 vaga)<\/em><\/strong><\/li><li><strong><em>Procurador (2 vagas)<\/em><\/strong><\/li><li><strong><em>Programador de computador (1 vaga)<\/em><\/strong><\/li><li><strong><em>T\u00e9cnico legislativo (2 vagas)<\/em><\/strong><\/li><li><strong><em>Redator legislativo (1 vaga)<\/em><\/strong><\/li><\/ul>\n\n\n\n<p class=\"has-background has-medium-font-size has-very-light-gray-background-color\"><strong>Saiba mais: <a href=\"https:\/\/www.estrategiaconcursos.com.br\/blog\/concurso-camara-de-florianopolis\/\">Concurso C\u00e2mara de Florian\u00f3polis<\/a><\/strong><\/p>\n\n\n\n<p class=\"has-background has-text-align-center has-medium-font-size has-luminous-vivid-amber-background-color\"><a rel=\"noreferrer noopener\" href=\"https:\/\/www.estrategiaconcursos.com.br\/cursos\/concurso\/\" target=\"_blank\"><strong>Cursos para concurso<\/strong><\/a><\/p>\n\n\n\n<p class=\"has-text-align-center\"><em><strong>Assinatura Anual Ilimitada*<\/strong><\/em><\/p>\n\n\n\n<p class=\"has-text-align-center\"><em>Prepare-se com o melhor material e com quem mais aprova em Concursos P\u00fablicos em todo o pa\u00eds. Assine agora a nossa Assinatura Anual e tenha acesso ilimitado* a todos os nossos cursos.<\/em><\/p>\n\n\n\n<p class=\"has-background has-text-align-center has-medium-font-size has-light-green-cyan-background-color\"><strong>ASSINE AGORA<\/strong>&nbsp;\u2013&nbsp;<a rel=\"noreferrer noopener\" href=\"https:\/\/www.estrategiaconcursos.com.br\/assinaturas\/\" target=\"_blank\"><strong>Assinatura Ilimitada<\/strong><\/a><\/p>\n\n\n\n<p class=\"has-background has-text-align-center has-medium-font-size has-pale-cyan-blue-background-color\"><strong><a href=\"https:\/\/www.estrategiaconcursos.com.br\/blog\/concursos-abertos\/\">CONCURSOS ABERTOS<\/a><\/strong><\/p>\n\n\n\n<p class=\"has-background has-text-align-center has-medium-font-size has-pale-cyan-blue-background-color\"><a href=\"https:\/\/www.estrategiaconcursos.com.br\/blog\/concursos-2020\/\"><strong>CONCURSOS<\/strong><\/a><strong><a href=\"https:\/\/www.estrategiaconcursos.com.br\/blog\/concursos-2020\/\">&nbsp;2020<\/a><\/strong><\/p>\n","protected":false},"excerpt":{"rendered":"<p>Foi publicado nesta quarta-feira, 05 de fevereiro de 2020, no Di\u00e1rio Oficial, a comiss\u00e3o organizadora do pr\u00f3ximo concurso C\u00e2mara de Florian\u00f3polis. Com a publica\u00e7\u00e3o, o pr\u00f3ximo passo \u00e9 a contrata\u00e7\u00e3o da empresa respons\u00e1vel pela organiza\u00e7\u00e3o do certame. Confira abaixo os membros que ir\u00e3o compor a comiss\u00e3o do concurso C\u00e2mara de Florian\u00f3polis: Lembrando que o concurso [&hellip;]<\/p>\n","protected":false},"author":657,"featured_media":0,"comment_status":"open","ping_status":"closed","sticky":false,"template":"","format":"standard","meta":{"post_tipo":"article","footnotes":""},"categories":[1],"tags":[],"tax_estado":[],"class_list":["post-478363","post","type-post","status-publish","format-standard","hentry","category-cursos-e-concursos"],"acf":[],"yoast_head":"<!-- This site is optimized with the Yoast SEO Premium plugin v27.2 (Yoast SEO v27.2) - https:\/\/yoast.com\/product\/yoast-seo-premium-wordpress\/ -->\n<title>C\u00e2mara de Florian\u00f3polis tem COMISS\u00c3O FORMADA; edital se aproxima<\/title>\n<meta name=\"description\" content=\"O concurso C\u00e2mara de Florian\u00f3polis teve a comiss\u00e3o definida. O pr\u00f3ximo passo \u00e9 a escolha da empresa organizadora. Confira no site!\" \/>\n<meta name=\"robots\" content=\"index, follow, max-snippet:-1, max-image-preview:large, max-video-preview:-1\" \/>\n<link rel=\"canonical\" href=\"https:\/\/www.estrategiaconcursos.com.br\/blog\/camara-de-florianopolis-tem-comissao-formada-edital-se-aproxima\/\" \/>\n<meta property=\"og:locale\" content=\"pt_BR\" \/>\n<meta property=\"og:type\" content=\"article\" \/>\n<meta property=\"og:title\" content=\"C\u00e2mara de Florian\u00f3polis tem COMISS\u00c3O FORMADA; edital se aproxima\" \/>\n<meta property=\"og:description\" content=\"O concurso C\u00e2mara de Florian\u00f3polis teve a comiss\u00e3o definida. O pr\u00f3ximo passo \u00e9 a escolha da empresa organizadora. Confira no site!\" \/>\n<meta property=\"og:url\" content=\"https:\/\/www.estrategiaconcursos.com.br\/blog\/camara-de-florianopolis-tem-comissao-formada-edital-se-aproxima\/\" \/>\n<meta property=\"og:site_name\" content=\"Estrat\u00e9gia Concursos\" \/>\n<meta property=\"article:published_time\" content=\"2020-02-05T22:27:33+00:00\" \/>\n<meta property=\"article:modified_time\" content=\"2020-02-05T22:27:36+00:00\" \/>\n<meta property=\"og:image\" content=\"https:\/\/trello-attachments.s3.amazonaws.com\/5e3b3c78dbcb245748ec1a10\/413x433\/6ddbaf4e4e6ccc0ce581c3e59270c98c\/image.png\" \/>\n<meta name=\"author\" content=\"Nat\u00e1lia Scarano\" \/>\n<meta name=\"twitter:card\" content=\"summary_large_image\" \/>\n<meta name=\"twitter:creator\" content=\"@EstratConcursos\" \/>\n<meta name=\"twitter:site\" content=\"@EstratConcursos\" \/>\n<meta name=\"twitter:label1\" content=\"Escrito por\" \/>\n\t<meta name=\"twitter:data1\" content=\"Nat\u00e1lia Scarano\" \/>\n\t<meta name=\"twitter:label2\" content=\"Est. tempo de leitura\" \/>\n\t<meta name=\"twitter:data2\" content=\"1 minuto\" \/>\n<script type=\"application\/ld+json\" class=\"yoast-schema-graph\">{\"@context\":\"https:\/\/schema.org\",\"@graph\":[{\"@type\":\"NewsArticle\",\"@id\":\"https:\/\/www.estrategiaconcursos.com.br\/blog\/camara-de-florianopolis-tem-comissao-formada-edital-se-aproxima\/#article\",\"isPartOf\":{\"@id\":\"https:\/\/www.estrategiaconcursos.com.br\/blog\/camara-de-florianopolis-tem-comissao-formada-edital-se-aproxima\/\"},\"author\":{\"name\":\"Nat\u00e1lia Scarano\",\"@id\":\"https:\/\/www.estrategiaconcursos.com.br\/blog\/#\/schema\/person\/751aedf909a9d10cb23ce6ac527ce0f2\"},\"headline\":\"C\u00e2mara de Florian\u00f3polis tem COMISS\u00c3O FORMADA; edital se aproxima\",\"datePublished\":\"2020-02-05T22:27:33+00:00\",\"dateModified\":\"2020-02-05T22:27:36+00:00\",\"mainEntityOfPage\":{\"@id\":\"https:\/\/www.estrategiaconcursos.com.br\/blog\/camara-de-florianopolis-tem-comissao-formada-edital-se-aproxima\/\"},\"wordCount\":167,\"commentCount\":0,\"publisher\":{\"@id\":\"https:\/\/www.estrategiaconcursos.com.br\/blog\/#organization\"},\"image\":{\"@id\":\"https:\/\/www.estrategiaconcursos.com.br\/blog\/camara-de-florianopolis-tem-comissao-formada-edital-se-aproxima\/#primaryimage\"},\"thumbnailUrl\":\"https:\/\/trello-attachments.s3.amazonaws.com\/5e3b3c78dbcb245748ec1a10\/413x433\/6ddbaf4e4e6ccc0ce581c3e59270c98c\/image.png\",\"articleSection\":[\"Concursos P\u00fablicos\"],\"inLanguage\":\"pt-BR\",\"potentialAction\":[{\"@type\":\"CommentAction\",\"name\":\"Comment\",\"target\":[\"https:\/\/www.estrategiaconcursos.com.br\/blog\/camara-de-florianopolis-tem-comissao-formada-edital-se-aproxima\/#respond\"]}],\"copyrightYear\":\"2020\",\"copyrightHolder\":{\"@id\":\"https:\/\/www.estrategiaconcursos.com.br\/blog\/#organization\"}},{\"@type\":\"WebPage\",\"@id\":\"https:\/\/www.estrategiaconcursos.com.br\/blog\/camara-de-florianopolis-tem-comissao-formada-edital-se-aproxima\/\",\"url\":\"https:\/\/www.estrategiaconcursos.com.br\/blog\/camara-de-florianopolis-tem-comissao-formada-edital-se-aproxima\/\",\"name\":\"C\u00e2mara de Florian\u00f3polis tem COMISS\u00c3O FORMADA; edital se aproxima\",\"isPartOf\":{\"@id\":\"https:\/\/www.estrategiaconcursos.com.br\/blog\/#website\"},\"primaryImageOfPage\":{\"@id\":\"https:\/\/www.estrategiaconcursos.com.br\/blog\/camara-de-florianopolis-tem-comissao-formada-edital-se-aproxima\/#primaryimage\"},\"image\":{\"@id\":\"https:\/\/www.estrategiaconcursos.com.br\/blog\/camara-de-florianopolis-tem-comissao-formada-edital-se-aproxima\/#primaryimage\"},\"thumbnailUrl\":\"https:\/\/trello-attachments.s3.amazonaws.com\/5e3b3c78dbcb245748ec1a10\/413x433\/6ddbaf4e4e6ccc0ce581c3e59270c98c\/image.png\",\"datePublished\":\"2020-02-05T22:27:33+00:00\",\"dateModified\":\"2020-02-05T22:27:36+00:00\",\"description\":\"O concurso C\u00e2mara de Florian\u00f3polis teve a comiss\u00e3o definida. O pr\u00f3ximo passo \u00e9 a escolha da empresa organizadora. Confira no site!\",\"breadcrumb\":{\"@id\":\"https:\/\/www.estrategiaconcursos.com.br\/blog\/camara-de-florianopolis-tem-comissao-formada-edital-se-aproxima\/#breadcrumb\"},\"inLanguage\":\"pt-BR\",\"potentialAction\":[{\"@type\":\"ReadAction\",\"target\":[\"https:\/\/www.estrategiaconcursos.com.br\/blog\/camara-de-florianopolis-tem-comissao-formada-edital-se-aproxima\/\"]}]},{\"@type\":\"ImageObject\",\"inLanguage\":\"pt-BR\",\"@id\":\"https:\/\/www.estrategiaconcursos.com.br\/blog\/camara-de-florianopolis-tem-comissao-formada-edital-se-aproxima\/#primaryimage\",\"url\":\"https:\/\/trello-attachments.s3.amazonaws.com\/5e3b3c78dbcb245748ec1a10\/413x433\/6ddbaf4e4e6ccc0ce581c3e59270c98c\/image.png\",\"contentUrl\":\"https:\/\/trello-attachments.s3.amazonaws.com\/5e3b3c78dbcb245748ec1a10\/413x433\/6ddbaf4e4e6ccc0ce581c3e59270c98c\/image.png\"},{\"@type\":\"BreadcrumbList\",\"@id\":\"https:\/\/www.estrategiaconcursos.com.br\/blog\/camara-de-florianopolis-tem-comissao-formada-edital-se-aproxima\/#breadcrumb\",\"itemListElement\":[{\"@type\":\"ListItem\",\"position\":1,\"name\":\"In\u00edcio\",\"item\":\"https:\/\/www.estrategiaconcursos.com.br\/blog\/\"},{\"@type\":\"ListItem\",\"position\":2,\"name\":\"C\u00e2mara de Florian\u00f3polis tem COMISS\u00c3O FORMADA; edital se aproxima\"}]},{\"@type\":\"WebSite\",\"@id\":\"https:\/\/www.estrategiaconcursos.com.br\/blog\/#website\",\"url\":\"https:\/\/www.estrategiaconcursos.com.br\/blog\/\",\"name\":\"Estrat\u00e9gia Concursos\",\"description\":\"O blog da Estrat\u00e9gia Concursos traz not\u00edcias sobre concursos e artigos de professores oferecendo cursos para concursos (pdf + videaulas) no site.\",\"publisher\":{\"@id\":\"https:\/\/www.estrategiaconcursos.com.br\/blog\/#organization\"},\"potentialAction\":[{\"@type\":\"SearchAction\",\"target\":{\"@type\":\"EntryPoint\",\"urlTemplate\":\"https:\/\/www.estrategiaconcursos.com.br\/blog\/?s={search_term_string}\"},\"query-input\":{\"@type\":\"PropertyValueSpecification\",\"valueRequired\":true,\"valueName\":\"search_term_string\"}}],\"inLanguage\":\"pt-BR\"},{\"@type\":\"Organization\",\"@id\":\"https:\/\/www.estrategiaconcursos.com.br\/blog\/#organization\",\"name\":\"Estrat\u00e9gia Concursos\",\"url\":\"https:\/\/www.estrategiaconcursos.com.br\/blog\/\",\"logo\":{\"@type\":\"ImageObject\",\"inLanguage\":\"pt-BR\",\"@id\":\"https:\/\/www.estrategiaconcursos.com.br\/blog\/#\/schema\/logo\/image\/\",\"url\":\"https:\/\/dhg1h5j42swfq.cloudfront.net\/2025\/06\/03203428\/logo_concursos-1.jpg\",\"contentUrl\":\"https:\/\/dhg1h5j42swfq.cloudfront.net\/2025\/06\/03203428\/logo_concursos-1.jpg\",\"width\":230,\"height\":60,\"caption\":\"Estrat\u00e9gia Concursos\"},\"image\":{\"@id\":\"https:\/\/www.estrategiaconcursos.com.br\/blog\/#\/schema\/logo\/image\/\"},\"sameAs\":[\"https:\/\/x.com\/EstratConcursos\"]},{\"@type\":\"Person\",\"@id\":\"https:\/\/www.estrategiaconcursos.com.br\/blog\/#\/schema\/person\/751aedf909a9d10cb23ce6ac527ce0f2\",\"name\":\"Nat\u00e1lia Scarano\",\"image\":{\"@type\":\"ImageObject\",\"inLanguage\":\"pt-BR\",\"@id\":\"https:\/\/secure.gravatar.com\/avatar\/8a889b8db3dbd227a1a78627357ec8fe64f5e99189d1889a270127828ab372ac?s=96&d=mm&r=g\",\"url\":\"https:\/\/secure.gravatar.com\/avatar\/8a889b8db3dbd227a1a78627357ec8fe64f5e99189d1889a270127828ab372ac?s=96&d=mm&r=g\",\"contentUrl\":\"https:\/\/secure.gravatar.com\/avatar\/8a889b8db3dbd227a1a78627357ec8fe64f5e99189d1889a270127828ab372ac?s=96&d=mm&r=g\",\"caption\":\"Nat\u00e1lia Scarano\"},\"description\":\"Jornalista, formada e p\u00f3s graduada pelo IESB, faz parte do time de jornalistas do Estrat\u00e9gia desde 2017. Possui familiaridade com as \u00e1reas de Tribunais, Defensorias, Procuradorias, Minist\u00e9rios P\u00fablicos, Conselhos, Educa\u00e7\u00e3o, \u00c1rea de Seguran\u00e7a, concursos de Carreiras Jur\u00eddicas e OAB. Experi\u00eancia em marketing digital, assessoria de comunica\u00e7\u00e3o e institucional na \u00e1rea privada e p\u00fablica, com atua\u00e7\u00e3o em \u00f3rg\u00e3os como CGU, Cofen e CNM.\",\"url\":\"https:\/\/www.estrategiaconcursos.com.br\/blog\/author\/natalia-scaranoestrategiaconcursos-com-br\/\"}]}<\/script>\n<!-- \/ Yoast SEO Premium plugin. -->","yoast_head_json":{"title":"C\u00e2mara de Florian\u00f3polis tem COMISS\u00c3O FORMADA; edital se aproxima","description":"O concurso C\u00e2mara de Florian\u00f3polis teve a comiss\u00e3o definida. O pr\u00f3ximo passo \u00e9 a escolha da empresa organizadora. Confira no site!","robots":{"index":"index","follow":"follow","max-snippet":"max-snippet:-1","max-image-preview":"max-image-preview:large","max-video-preview":"max-video-preview:-1"},"canonical":"https:\/\/www.estrategiaconcursos.com.br\/blog\/camara-de-florianopolis-tem-comissao-formada-edital-se-aproxima\/","og_locale":"pt_BR","og_type":"article","og_title":"C\u00e2mara de Florian\u00f3polis tem COMISS\u00c3O FORMADA; edital se aproxima","og_description":"O concurso C\u00e2mara de Florian\u00f3polis teve a comiss\u00e3o definida. O pr\u00f3ximo passo \u00e9 a escolha da empresa organizadora. Confira no site!","og_url":"https:\/\/www.estrategiaconcursos.com.br\/blog\/camara-de-florianopolis-tem-comissao-formada-edital-se-aproxima\/","og_site_name":"Estrat\u00e9gia Concursos","article_published_time":"2020-02-05T22:27:33+00:00","article_modified_time":"2020-02-05T22:27:36+00:00","og_image":[{"url":"https:\/\/trello-attachments.s3.amazonaws.com\/5e3b3c78dbcb245748ec1a10\/413x433\/6ddbaf4e4e6ccc0ce581c3e59270c98c\/image.png","type":"","width":"","height":""}],"author":"Nat\u00e1lia Scarano","twitter_card":"summary_large_image","twitter_creator":"@EstratConcursos","twitter_site":"@EstratConcursos","twitter_misc":{"Escrito por":"Nat\u00e1lia Scarano","Est. tempo de leitura":"1 minuto"},"schema":{"@context":"https:\/\/schema.org","@graph":[{"@type":"NewsArticle","@id":"https:\/\/www.estrategiaconcursos.com.br\/blog\/camara-de-florianopolis-tem-comissao-formada-edital-se-aproxima\/#article","isPartOf":{"@id":"https:\/\/www.estrategiaconcursos.com.br\/blog\/camara-de-florianopolis-tem-comissao-formada-edital-se-aproxima\/"},"author":{"name":"Nat\u00e1lia Scarano","@id":"https:\/\/www.estrategiaconcursos.com.br\/blog\/#\/schema\/person\/751aedf909a9d10cb23ce6ac527ce0f2"},"headline":"C\u00e2mara de Florian\u00f3polis tem COMISS\u00c3O FORMADA; edital se aproxima","datePublished":"2020-02-05T22:27:33+00:00","dateModified":"2020-02-05T22:27:36+00:00","mainEntityOfPage":{"@id":"https:\/\/www.estrategiaconcursos.com.br\/blog\/camara-de-florianopolis-tem-comissao-formada-edital-se-aproxima\/"},"wordCount":167,"commentCount":0,"publisher":{"@id":"https:\/\/www.estrategiaconcursos.com.br\/blog\/#organization"},"image":{"@id":"https:\/\/www.estrategiaconcursos.com.br\/blog\/camara-de-florianopolis-tem-comissao-formada-edital-se-aproxima\/#primaryimage"},"thumbnailUrl":"https:\/\/trello-attachments.s3.amazonaws.com\/5e3b3c78dbcb245748ec1a10\/413x433\/6ddbaf4e4e6ccc0ce581c3e59270c98c\/image.png","articleSection":["Concursos P\u00fablicos"],"inLanguage":"pt-BR","potentialAction":[{"@type":"CommentAction","name":"Comment","target":["https:\/\/www.estrategiaconcursos.com.br\/blog\/camara-de-florianopolis-tem-comissao-formada-edital-se-aproxima\/#respond"]}],"copyrightYear":"2020","copyrightHolder":{"@id":"https:\/\/www.estrategiaconcursos.com.br\/blog\/#organization"}},{"@type":"WebPage","@id":"https:\/\/www.estrategiaconcursos.com.br\/blog\/camara-de-florianopolis-tem-comissao-formada-edital-se-aproxima\/","url":"https:\/\/www.estrategiaconcursos.com.br\/blog\/camara-de-florianopolis-tem-comissao-formada-edital-se-aproxima\/","name":"C\u00e2mara de Florian\u00f3polis tem COMISS\u00c3O FORMADA; edital se aproxima","isPartOf":{"@id":"https:\/\/www.estrategiaconcursos.com.br\/blog\/#website"},"primaryImageOfPage":{"@id":"https:\/\/www.estrategiaconcursos.com.br\/blog\/camara-de-florianopolis-tem-comissao-formada-edital-se-aproxima\/#primaryimage"},"image":{"@id":"https:\/\/www.estrategiaconcursos.com.br\/blog\/camara-de-florianopolis-tem-comissao-formada-edital-se-aproxima\/#primaryimage"},"thumbnailUrl":"https:\/\/trello-attachments.s3.amazonaws.com\/5e3b3c78dbcb245748ec1a10\/413x433\/6ddbaf4e4e6ccc0ce581c3e59270c98c\/image.png","datePublished":"2020-02-05T22:27:33+00:00","dateModified":"2020-02-05T22:27:36+00:00","description":"O concurso C\u00e2mara de Florian\u00f3polis teve a comiss\u00e3o definida. O pr\u00f3ximo passo \u00e9 a escolha da empresa organizadora. Confira no site!","breadcrumb":{"@id":"https:\/\/www.estrategiaconcursos.com.br\/blog\/camara-de-florianopolis-tem-comissao-formada-edital-se-aproxima\/#breadcrumb"},"inLanguage":"pt-BR","potentialAction":[{"@type":"ReadAction","target":["https:\/\/www.estrategiaconcursos.com.br\/blog\/camara-de-florianopolis-tem-comissao-formada-edital-se-aproxima\/"]}]},{"@type":"ImageObject","inLanguage":"pt-BR","@id":"https:\/\/www.estrategiaconcursos.com.br\/blog\/camara-de-florianopolis-tem-comissao-formada-edital-se-aproxima\/#primaryimage","url":"https:\/\/trello-attachments.s3.amazonaws.com\/5e3b3c78dbcb245748ec1a10\/413x433\/6ddbaf4e4e6ccc0ce581c3e59270c98c\/image.png","contentUrl":"https:\/\/trello-attachments.s3.amazonaws.com\/5e3b3c78dbcb245748ec1a10\/413x433\/6ddbaf4e4e6ccc0ce581c3e59270c98c\/image.png"},{"@type":"BreadcrumbList","@id":"https:\/\/www.estrategiaconcursos.com.br\/blog\/camara-de-florianopolis-tem-comissao-formada-edital-se-aproxima\/#breadcrumb","itemListElement":[{"@type":"ListItem","position":1,"name":"In\u00edcio","item":"https:\/\/www.estrategiaconcursos.com.br\/blog\/"},{"@type":"ListItem","position":2,"name":"C\u00e2mara de Florian\u00f3polis tem COMISS\u00c3O FORMADA; edital se aproxima"}]},{"@type":"WebSite","@id":"https:\/\/www.estrategiaconcursos.com.br\/blog\/#website","url":"https:\/\/www.estrategiaconcursos.com.br\/blog\/","name":"Estrat\u00e9gia Concursos","description":"O blog da Estrat\u00e9gia Concursos traz not\u00edcias sobre concursos e artigos de professores oferecendo cursos para concursos (pdf + videaulas) no site.","publisher":{"@id":"https:\/\/www.estrategiaconcursos.com.br\/blog\/#organization"},"potentialAction":[{"@type":"SearchAction","target":{"@type":"EntryPoint","urlTemplate":"https:\/\/www.estrategiaconcursos.com.br\/blog\/?s={search_term_string}"},"query-input":{"@type":"PropertyValueSpecification","valueRequired":true,"valueName":"search_term_string"}}],"inLanguage":"pt-BR"},{"@type":"Organization","@id":"https:\/\/www.estrategiaconcursos.com.br\/blog\/#organization","name":"Estrat\u00e9gia Concursos","url":"https:\/\/www.estrategiaconcursos.com.br\/blog\/","logo":{"@type":"ImageObject","inLanguage":"pt-BR","@id":"https:\/\/www.estrategiaconcursos.com.br\/blog\/#\/schema\/logo\/image\/","url":"https:\/\/dhg1h5j42swfq.cloudfront.net\/2025\/06\/03203428\/logo_concursos-1.jpg","contentUrl":"https:\/\/dhg1h5j42swfq.cloudfront.net\/2025\/06\/03203428\/logo_concursos-1.jpg","width":230,"height":60,"caption":"Estrat\u00e9gia Concursos"},"image":{"@id":"https:\/\/www.estrategiaconcursos.com.br\/blog\/#\/schema\/logo\/image\/"},"sameAs":["https:\/\/x.com\/EstratConcursos"]},{"@type":"Person","@id":"https:\/\/www.estrategiaconcursos.com.br\/blog\/#\/schema\/person\/751aedf909a9d10cb23ce6ac527ce0f2","name":"Nat\u00e1lia Scarano","image":{"@type":"ImageObject","inLanguage":"pt-BR","@id":"https:\/\/secure.gravatar.com\/avatar\/8a889b8db3dbd227a1a78627357ec8fe64f5e99189d1889a270127828ab372ac?s=96&d=mm&r=g","url":"https:\/\/secure.gravatar.com\/avatar\/8a889b8db3dbd227a1a78627357ec8fe64f5e99189d1889a270127828ab372ac?s=96&d=mm&r=g","contentUrl":"https:\/\/secure.gravatar.com\/avatar\/8a889b8db3dbd227a1a78627357ec8fe64f5e99189d1889a270127828ab372ac?s=96&d=mm&r=g","caption":"Nat\u00e1lia Scarano"},"description":"Jornalista, formada e p\u00f3s graduada pelo IESB, faz parte do time de jornalistas do Estrat\u00e9gia desde 2017. Possui familiaridade com as \u00e1reas de Tribunais, Defensorias, Procuradorias, Minist\u00e9rios P\u00fablicos, Conselhos, Educa\u00e7\u00e3o, \u00c1rea de Seguran\u00e7a, concursos de Carreiras Jur\u00eddicas e OAB. Experi\u00eancia em marketing digital, assessoria de comunica\u00e7\u00e3o e institucional na \u00e1rea privada e p\u00fablica, com atua\u00e7\u00e3o em \u00f3rg\u00e3os como CGU, Cofen e CNM.","url":"https:\/\/www.estrategiaconcursos.com.br\/blog\/author\/natalia-scaranoestrategiaconcursos-com-br\/"}]}},"_links":{"self":[{"href":"https:\/\/www.estrategiaconcursos.com.br\/blog\/wp-json\/wp\/v2\/posts\/478363","targetHints":{"allow":["GET"]}}],"collection":[{"href":"https:\/\/www.estrategiaconcursos.com.br\/blog\/wp-json\/wp\/v2\/posts"}],"about":[{"href":"https:\/\/www.estrategiaconcursos.com.br\/blog\/wp-json\/wp\/v2\/types\/post"}],"author":[{"embeddable":true,"href":"https:\/\/www.estrategiaconcursos.com.br\/blog\/wp-json\/wp\/v2\/users\/657"}],"replies":[{"embeddable":true,"href":"https:\/\/www.estrategiaconcursos.com.br\/blog\/wp-json\/wp\/v2\/comments?post=478363"}],"version-history":[{"count":1,"href":"https:\/\/www.estrategiaconcursos.com.br\/blog\/wp-json\/wp\/v2\/posts\/478363\/revisions"}],"predecessor-version":[{"id":478371,"href":"https:\/\/www.estrategiaconcursos.com.br\/blog\/wp-json\/wp\/v2\/posts\/478363\/revisions\/478371"}],"wp:attachment":[{"href":"https:\/\/www.estrategiaconcursos.com.br\/blog\/wp-json\/wp\/v2\/media?parent=478363"}],"wp:term":[{"taxonomy":"category","embeddable":true,"href":"https:\/\/www.estrategiaconcursos.com.br\/blog\/wp-json\/wp\/v2\/categories?post=478363"},{"taxonomy":"post_tag","embeddable":true,"href":"https:\/\/www.estrategiaconcursos.com.br\/blog\/wp-json\/wp\/v2\/tags?post=478363"},{"taxonomy":"tax_estado","embeddable":true,"href":"https:\/\/www.estrategiaconcursos.com.br\/blog\/wp-json\/wp\/v2\/tax_estado?post=478363"}],"curies":[{"name":"wp","href":"https:\/\/api.w.org\/{rel}","templated":true}]}}