{"id":478261,"date":"2020-02-07T19:28:44","date_gmt":"2020-02-07T22:28:44","guid":{"rendered":"https:\/\/www.estrategiaconcursos.com.br\/blog\/?p=478261"},"modified":"2020-02-19T18:04:19","modified_gmt":"2020-02-19T21:04:19","slug":"oab-temas-direito-ambiental-incidencia-1-fase","status":"publish","type":"post","link":"https:\/\/www.estrategiaconcursos.com.br\/blog\/oab-temas-direito-ambiental-incidencia-1-fase\/","title":{"rendered":"OAB: Confira os temas mais incidentes em Direito Ambiental na 1.\u00aa Fase do Exame"},"content":{"rendered":"\n<p>A 1.\u00aa Fase do XXXI Exame de Ordem est\u00e1 prevista para este domingo, <strong><em>09 de fevereiro,<\/em><\/strong> a partir das <em><strong>13 horas<\/strong><\/em>, em todo o pa\u00eds. A aprova\u00e7\u00e3o no exame \u00e9 a etapa essencial para os bachar\u00e9is em direito poderem exercer a profiss\u00e3o. <\/p>\n\n\n\n<p>A Prova \u00e9 constitu\u00edda de 80 quest\u00f5es de m\u00faltipla escolha, distribu\u00eddas entre 17 disciplinas e abrangendo praticamente todo o conte\u00fado program\u00e1tico das faculdades de Direito.  <\/p>\n\n\n\n<p>De acordo com o edital, al\u00e9m das disciplinas do curr\u00edculo m\u00ednimo do curso de Direito, o Exame tamb\u00e9m exigir\u00e1 outras <strong>sete disciplinas<\/strong>:<\/p>\n\n\n\n<ul class=\"wp-block-list\"><li><em>Direitos Humanos;<\/em><\/li><li><em>C\u00f3digo do Consumidor;<\/em><\/li><li><em>Estatuto da Crian\u00e7a e do Adolescente;<\/em><\/li><li><em>Direito Ambiental;<\/em><\/li><li><em>Direito Internacional;<\/em><\/li><li><em>Filosofia do Direito;<\/em><\/li><li><em>Estatuto da Advocacia e da OAB, Regulamento Geral e C\u00f3digo de \u00c9tica e Disciplina da OAB .<\/em><\/li><\/ul>\n\n\n\n<p>Tratam-se de disciplinas mais espec\u00edficas, com as quais a maioria dos examinandos tendem a ter menos afinidade e mais dificuldade. E para facilitar um pouco a vida dos estudantes que est\u00e3o revisando os temas mais importantes e recorrentes, o Estrat\u00e9gia OAB traz uma super dica: <\/p>\n\n\n\n<p>Um levantamento exclusivo realizado pela equipe de jornalismo apontou que, entre os anos de 2010 e 2020 (\u00faltimos dez anos), do total de 65 quest\u00f5es cobradas nos exames aplicados neste per\u00edodo, referentes \u00e0 Disciplina de <em><strong>Direito Ambiental<\/strong><\/em>, o tema mais recorrente foi <em>Pol\u00edtica Nacional do Meio Ambiente<\/em>, contando com 14 quest\u00f5es, ou seja, 22% do total. <\/p>\n\n\n\n<p>Veja o levantamento completo: <\/p>\n\n\n\n<p><\/p>\n\n\n\n<figure class=\"wp-block-table is-style-stripes\"><table class=\"has-subtle-pale-blue-background-color has-fixed-layout has-background\"><tbody><tr><td><strong>TEMAS <\/strong><\/td><td class=\"has-text-align-center\" data-align=\"center\"><strong>QUANT. QUEST\u00d5ES <\/strong><\/td><td class=\"has-text-align-center\" data-align=\"center\"><strong>PERCENTUAL <\/strong><\/td><\/tr><tr><td>Sustentabilidade<\/td><td class=\"has-text-align-center\" data-align=\"center\">1<\/td><td class=\"has-text-align-center\" data-align=\"center\">2%<\/td><\/tr><tr><td>Direito  Constitucional Ambiental&nbsp;<\/td><td class=\"has-text-align-center\" data-align=\"center\">3<\/td><td class=\"has-text-align-center\" data-align=\"center\">5%<\/td><\/tr><tr><td>Compet\u00eancias em mat\u00e9ria ambiental&nbsp;<\/td><td class=\"has-text-align-center\" data-align=\"center\">7<\/td><td class=\"has-text-align-center\" data-align=\"center\">11%<\/td><\/tr><tr><td>Princ\u00edpios do Direito Ambiental&nbsp;<\/td><td class=\"has-text-align-center\" data-align=\"center\">1<\/td><td class=\"has-text-align-center\" data-align=\"center\">2%<\/td><\/tr><tr><td>Responsabilidade por danos ao meio ambiente&nbsp;<\/td><td class=\"has-text-align-center\" data-align=\"center\">11<\/td><td class=\"has-text-align-center\" data-align=\"center\">17%<\/td><\/tr><tr><td>Pol\u00edtica Nacional do Meio Ambiente&nbsp;<\/td><td class=\"has-text-align-center\" data-align=\"center\">14<\/td><td class=\"has-text-align-center\" data-align=\"center\">22%<\/td><\/tr><tr><td>C\u00f3dig Florestal&nbsp;<\/td><td class=\"has-text-align-center\" data-align=\"center\">7<\/td><td class=\"has-text-align-center\" data-align=\"center\">11%<\/td><\/tr><tr><td>Sistema Nacional de Unidades de Conserva\u00e7\u00e3o<\/td><td class=\"has-text-align-center\" data-align=\"center\">8<\/td><td class=\"has-text-align-center\" data-align=\"center\">12%<\/td><\/tr><tr><td>Tutela processual civil do meio ambiente e instrumentos extrajudiciais de prote\u00e7\u00e3o<\/td><td class=\"has-text-align-center\" data-align=\"center\">1<\/td><td class=\"has-text-align-center\" data-align=\"center\">2%<\/td><\/tr><tr><td>Lei n\u00ba 5.197\/67 (Lei de Prote\u00e7\u00e3o \u00e0 Fauna)<\/td><td class=\"has-text-align-center\" data-align=\"center\">1<\/td><td class=\"has-text-align-center\" data-align=\"center\">2%<\/td><\/tr><tr><td>Lei da Pol\u00edtica Nacional de Recursos H\u00eddricos<\/td><td class=\"has-text-align-center\" data-align=\"center\">1<\/td><td class=\"has-text-align-center\" data-align=\"center\">2%<\/td><\/tr><tr><td>Lei da Pol\u00edtica Nacional de Saneamento B\u00e1sico           <\/td><td class=\"has-text-align-center\" data-align=\"center\">1<\/td><td class=\"has-text-align-center\" data-align=\"center\">2%<\/td><\/tr><tr><td>Lei de Crimes Ambientais &#8211; Lei n\u00ba   9.605 de 1998<\/td><td class=\"has-text-align-center\" data-align=\"center\">1<\/td><td class=\"has-text-align-center\" data-align=\"center\">2%<\/td><\/tr><tr><td>Pol\u00edtica Nacional de Res\u00edduos S\u00f3lidos \u2013 Lei n\u00ba 12.305 de 2010<\/td><td class=\"has-text-align-center\" data-align=\"center\">3<\/td><td class=\"has-text-align-center\" data-align=\"center\">5%<\/td><\/tr><tr><td>Pol\u00edtica Nacional sobre Mudan\u00e7a do Clima\n  (PNMC)<\/td><td class=\"has-text-align-center\" data-align=\"center\">1<\/td><td class=\"has-text-align-center\" data-align=\"center\">2%<\/td><\/tr><tr><td>Pol\u00edtica e Recursos Energ\u00e9ticos<\/td><td class=\"has-text-align-center\" data-align=\"center\">2<\/td><td class=\"has-text-align-center\" data-align=\"center\">3%<\/td><\/tr><tr><td>Diretrizes Nacionais de Saneamento B\u00e1sico &#8211; Lei n\u00ba 11.445 de 2007<\/td><td class=\"has-text-align-center\" data-align=\"center\">1<\/td><td class=\"has-text-align-center\" data-align=\"center\">2%<\/td><\/tr><tr><td>Gest\u00e3o das florestas p\u00fablicas \u2013 Lei n\u00ba 11.284 de 2006<\/td><td class=\"has-text-align-center\" data-align=\"center\">1<\/td><td class=\"has-text-align-center\" data-align=\"center\">2%<\/td><\/tr><tr><td><strong>TOTAL<\/strong><\/td><td class=\"has-text-align-center\" data-align=\"center\"><strong>65<\/strong><\/td><td class=\"has-text-align-center\" data-align=\"center\"><strong>100%<\/strong><\/td><\/tr><\/tbody><\/table><\/figure>\n\n\n\n<p>Como se pode observar ainda, o segundo tema mais recorrente foi Responsabilidade Ambiental. H\u00e1 ainda temas que durante todo esse per\u00edodo, passados todos esses exames, foram cobrados em apenas uma quest\u00e3o. As leis especiais tamb\u00e9m foram cobradas cerca de uma vez cada. <\/p>\n\n\n\n<p>Assim, caso voc\u00ea precise revisar t\u00f3picos mais importantes da mat\u00e9ria e n\u00e3o sabe por onde come\u00e7ar ou est\u00e1 em d\u00favida quanto \u00e0 relev\u00e2ncia dos temas no Exame, esperamos que a tabela te ajude a se nortear. <\/p>\n\n\n\n<p>Bons estudos e boa sorte \u00e9 o qhue de <\/p>\n\n\n\n<p style=\"font-size:23px\" class=\"has-background has-text-align-center has-pale-cyan-blue-background-color\"><strong><em>Mais informa\u00e7\u00f5es:<\/em><\/strong><a href=\"https:\/\/www.estrategiaconcursos.com.br\/blog\/edital-oab-xxxi\/\"><strong><em> XXXI Exame de Ordem<\/em><\/strong><\/a><\/p>\n\n\n\n<p style=\"font-size:25px\" class=\"has-background has-luminous-vivid-amber-background-color\"> <strong><em>Baixe o edital: <\/em><\/strong><a rel=\"noreferrer noopener\" href=\"https:\/\/dhg1h5j42swfq.cloudfront.net\/2019\/12\/02152610\/Edital-XXXI-Exame-de-Ordem.pdf\" target=\"_blank\"><strong>Edital XXXI Exame OAB<\/strong><\/a> <\/p>\n\n\n\n<h2 class=\"has-text-align-center wp-block-heading\">Nossas redes sociais<\/h2>\n\n\n\n<p style=\"font-size:22px\" class=\"has-background has-text-align-center has-very-light-gray-background-color\"><a rel=\"noreferrer noopener\" href=\"https:\/\/www.instagram.com\/estrategiaoab\/\" target=\"_blank\"><strong>Instagram Estrat\u00e9gia OAB<\/strong><\/a><\/p>\n\n\n\n<p style=\"font-size:22px\" class=\"has-background has-text-align-center has-very-light-gray-background-color\"><a rel=\"noreferrer noopener\" href=\"https:\/\/www.youtube.com\/channel\/UC7rgrKTSF5aOrBGWOw60ovw\" target=\"_blank\"><strong>YouTube do Estrat\u00e9gia OAB<\/strong><\/a><\/p>\n\n\n\n<h2 class=\"has-text-align-center wp-block-heading\">Grupo de Telegram para a OAB<\/h2>\n\n\n\n<p style=\"font-size:22px\" class=\"has-background has-text-align-center has-light-green-cyan-background-color\"><a href=\"http:\/\/bit.ly\/TelegramOAB\"><strong>Inscreva-se no nosso grupo do Telegram<\/strong><\/a><\/p>\n\n\n\n<h2 class=\"has-text-align-center wp-block-heading\">Cursos para o Exame de Ordem<\/h2>\n\n\n\n<p style=\"font-size:25px\" class=\"has-background has-text-align-center has-pale-cyan-blue-background-color\"><strong><a rel=\"noreferrer noopener\" href=\"https:\/\/www.estrategiaconcursos.com.br\/cursosPorConcurso\/exame-de-ordem-oab-1-fase\/\" target=\"_blank\">Curso OAB 1\u00aa Fase<\/a><\/strong><\/p>\n\n\n\n<p style=\"font-size:25px\" class=\"has-background has-text-align-center has-pale-cyan-blue-background-color\"><strong><a href=\"https:\/\/www.estrategiaconcursos.com.br\/cursosPorConcurso\/oab-2-fase-192\/\" target=\"_blank\" rel=\"noreferrer noopener\">Curso OAB 2\u00aa Fase<\/a><\/strong><\/p>\n\n\n\n<p class=\"has-background has-text-align-center has-medium-font-size has-pale-cyan-blue-background-color\"><a rel=\"noreferrer noopener\" href=\"https:\/\/www.estrategiaconcursos.com.br\/blog\/edital-oab-xxx-exame-de-ordem\/\" target=\"_blank\">Clique aqui para mais informa\u00e7\u00f5es sobre o Exame de Ordem<\/a><\/p>\n","protected":false},"excerpt":{"rendered":"<p>A 1.\u00aa Fase do XXXI Exame de Ordem est\u00e1 prevista para este domingo, 09 de fevereiro, a partir das 13 horas, em todo o pa\u00eds. A aprova\u00e7\u00e3o no exame \u00e9 a etapa essencial para os bachar\u00e9is em direito poderem exercer a profiss\u00e3o. A Prova \u00e9 constitu\u00edda de 80 quest\u00f5es de m\u00faltipla escolha, distribu\u00eddas entre 17 [&hellip;]<\/p>\n","protected":false},"author":546,"featured_media":0,"comment_status":"open","ping_status":"closed","sticky":false,"template":"","format":"standard","meta":{"post_tipo":"article","footnotes":""},"categories":[1],"tags":[],"tax_estado":[],"class_list":["post-478261","post","type-post","status-publish","format-standard","hentry","category-cursos-e-concursos"],"acf":[],"yoast_head":"<!-- This site is optimized with the Yoast SEO Premium plugin v27.2 (Yoast SEO v27.2) - https:\/\/yoast.com\/product\/yoast-seo-premium-wordpress\/ -->\n<title>OAB: Confira os temas mais incidentes em Direito Ambiental na 1.\u00aa Fase do Exame<\/title>\n<meta name=\"robots\" content=\"index, follow, max-snippet:-1, max-image-preview:large, max-video-preview:-1\" \/>\n<link rel=\"canonical\" href=\"https:\/\/www.estrategiaconcursos.com.br\/blog\/oab-temas-direito-ambiental-incidencia-1-fase\/\" \/>\n<meta property=\"og:locale\" content=\"pt_BR\" \/>\n<meta property=\"og:type\" content=\"article\" \/>\n<meta property=\"og:title\" content=\"OAB: Confira os temas mais incidentes em Direito Ambiental na 1.\u00aa Fase do Exame\" \/>\n<meta property=\"og:description\" content=\"A 1.\u00aa Fase do XXXI Exame de Ordem est\u00e1 prevista para este domingo, 09 de fevereiro, a partir das 13 horas, em todo o pa\u00eds. A aprova\u00e7\u00e3o no exame \u00e9 a etapa essencial para os bachar\u00e9is em direito poderem exercer a profiss\u00e3o. A Prova \u00e9 constitu\u00edda de 80 quest\u00f5es de m\u00faltipla escolha, distribu\u00eddas entre 17 [&hellip;]\" \/>\n<meta property=\"og:url\" content=\"https:\/\/www.estrategiaconcursos.com.br\/blog\/oab-temas-direito-ambiental-incidencia-1-fase\/\" \/>\n<meta property=\"og:site_name\" content=\"Estrat\u00e9gia Concursos\" \/>\n<meta property=\"article:published_time\" content=\"2020-02-07T22:28:44+00:00\" \/>\n<meta property=\"article:modified_time\" content=\"2020-02-19T21:04:19+00:00\" \/>\n<meta name=\"author\" content=\"Rodrigo Martins\" \/>\n<meta name=\"twitter:card\" content=\"summary_large_image\" \/>\n<meta name=\"twitter:creator\" content=\"@EstratConcursos\" \/>\n<meta name=\"twitter:site\" content=\"@EstratConcursos\" \/>\n<meta name=\"twitter:label1\" content=\"Escrito por\" \/>\n\t<meta name=\"twitter:data1\" content=\"Rodrigo Martins\" \/>\n\t<meta name=\"twitter:label2\" content=\"Est. tempo de leitura\" \/>\n\t<meta name=\"twitter:data2\" content=\"3 minutos\" \/>\n<script type=\"application\/ld+json\" class=\"yoast-schema-graph\">{\"@context\":\"https:\/\/schema.org\",\"@graph\":[{\"@type\":\"NewsArticle\",\"@id\":\"https:\/\/www.estrategiaconcursos.com.br\/blog\/oab-temas-direito-ambiental-incidencia-1-fase\/#article\",\"isPartOf\":{\"@id\":\"https:\/\/www.estrategiaconcursos.com.br\/blog\/oab-temas-direito-ambiental-incidencia-1-fase\/\"},\"author\":{\"name\":\"Rodrigo Martins\",\"@id\":\"https:\/\/www.estrategiaconcursos.com.br\/blog\/#\/schema\/person\/89708e3ae26cc02be6f6912e4eb7c8d0\"},\"headline\":\"OAB: Confira os temas mais incidentes em Direito Ambiental na 1.\u00aa Fase do Exame\",\"datePublished\":\"2020-02-07T22:28:44+00:00\",\"dateModified\":\"2020-02-19T21:04:19+00:00\",\"mainEntityOfPage\":{\"@id\":\"https:\/\/www.estrategiaconcursos.com.br\/blog\/oab-temas-direito-ambiental-incidencia-1-fase\/\"},\"wordCount\":546,\"commentCount\":0,\"publisher\":{\"@id\":\"https:\/\/www.estrategiaconcursos.com.br\/blog\/#organization\"},\"articleSection\":[\"Concursos P\u00fablicos\"],\"inLanguage\":\"pt-BR\",\"potentialAction\":[{\"@type\":\"CommentAction\",\"name\":\"Comment\",\"target\":[\"https:\/\/www.estrategiaconcursos.com.br\/blog\/oab-temas-direito-ambiental-incidencia-1-fase\/#respond\"]}],\"copyrightYear\":\"2020\",\"copyrightHolder\":{\"@id\":\"https:\/\/www.estrategiaconcursos.com.br\/blog\/#organization\"}},{\"@type\":\"WebPage\",\"@id\":\"https:\/\/www.estrategiaconcursos.com.br\/blog\/oab-temas-direito-ambiental-incidencia-1-fase\/\",\"url\":\"https:\/\/www.estrategiaconcursos.com.br\/blog\/oab-temas-direito-ambiental-incidencia-1-fase\/\",\"name\":\"OAB: Confira os temas mais incidentes em Direito Ambiental na 1.\u00aa Fase do Exame\",\"isPartOf\":{\"@id\":\"https:\/\/www.estrategiaconcursos.com.br\/blog\/#website\"},\"datePublished\":\"2020-02-07T22:28:44+00:00\",\"dateModified\":\"2020-02-19T21:04:19+00:00\",\"breadcrumb\":{\"@id\":\"https:\/\/www.estrategiaconcursos.com.br\/blog\/oab-temas-direito-ambiental-incidencia-1-fase\/#breadcrumb\"},\"inLanguage\":\"pt-BR\",\"potentialAction\":[{\"@type\":\"ReadAction\",\"target\":[\"https:\/\/www.estrategiaconcursos.com.br\/blog\/oab-temas-direito-ambiental-incidencia-1-fase\/\"]}]},{\"@type\":\"BreadcrumbList\",\"@id\":\"https:\/\/www.estrategiaconcursos.com.br\/blog\/oab-temas-direito-ambiental-incidencia-1-fase\/#breadcrumb\",\"itemListElement\":[{\"@type\":\"ListItem\",\"position\":1,\"name\":\"In\u00edcio\",\"item\":\"https:\/\/www.estrategiaconcursos.com.br\/blog\/\"},{\"@type\":\"ListItem\",\"position\":2,\"name\":\"OAB: Confira os temas mais incidentes em Direito Ambiental na 1.\u00aa Fase do Exame\"}]},{\"@type\":\"WebSite\",\"@id\":\"https:\/\/www.estrategiaconcursos.com.br\/blog\/#website\",\"url\":\"https:\/\/www.estrategiaconcursos.com.br\/blog\/\",\"name\":\"Estrat\u00e9gia Concursos\",\"description\":\"O blog da Estrat\u00e9gia Concursos traz not\u00edcias sobre concursos e artigos de professores oferecendo cursos para concursos (pdf + videaulas) no site.\",\"publisher\":{\"@id\":\"https:\/\/www.estrategiaconcursos.com.br\/blog\/#organization\"},\"potentialAction\":[{\"@type\":\"SearchAction\",\"target\":{\"@type\":\"EntryPoint\",\"urlTemplate\":\"https:\/\/www.estrategiaconcursos.com.br\/blog\/?s={search_term_string}\"},\"query-input\":{\"@type\":\"PropertyValueSpecification\",\"valueRequired\":true,\"valueName\":\"search_term_string\"}}],\"inLanguage\":\"pt-BR\"},{\"@type\":\"Organization\",\"@id\":\"https:\/\/www.estrategiaconcursos.com.br\/blog\/#organization\",\"name\":\"Estrat\u00e9gia Concursos\",\"url\":\"https:\/\/www.estrategiaconcursos.com.br\/blog\/\",\"logo\":{\"@type\":\"ImageObject\",\"inLanguage\":\"pt-BR\",\"@id\":\"https:\/\/www.estrategiaconcursos.com.br\/blog\/#\/schema\/logo\/image\/\",\"url\":\"https:\/\/dhg1h5j42swfq.cloudfront.net\/2025\/06\/03203428\/logo_concursos-1.jpg\",\"contentUrl\":\"https:\/\/dhg1h5j42swfq.cloudfront.net\/2025\/06\/03203428\/logo_concursos-1.jpg\",\"width\":230,\"height\":60,\"caption\":\"Estrat\u00e9gia Concursos\"},\"image\":{\"@id\":\"https:\/\/www.estrategiaconcursos.com.br\/blog\/#\/schema\/logo\/image\/\"},\"sameAs\":[\"https:\/\/x.com\/EstratConcursos\"]},{\"@type\":\"Person\",\"@id\":\"https:\/\/www.estrategiaconcursos.com.br\/blog\/#\/schema\/person\/89708e3ae26cc02be6f6912e4eb7c8d0\",\"name\":\"Rodrigo Martins\",\"image\":{\"@type\":\"ImageObject\",\"inLanguage\":\"pt-BR\",\"@id\":\"https:\/\/secure.gravatar.com\/avatar\/524bec28aed97e8b25f845b131a7beda7a4b893ecf2c07f19d2e31b5efecd76c?s=96&d=mm&r=g\",\"url\":\"https:\/\/secure.gravatar.com\/avatar\/524bec28aed97e8b25f845b131a7beda7a4b893ecf2c07f19d2e31b5efecd76c?s=96&d=mm&r=g\",\"contentUrl\":\"https:\/\/secure.gravatar.com\/avatar\/524bec28aed97e8b25f845b131a7beda7a4b893ecf2c07f19d2e31b5efecd76c?s=96&d=mm&r=g\",\"caption\":\"Rodrigo Martins\"},\"url\":\"https:\/\/www.estrategiaconcursos.com.br\/blog\/author\/rodrigo-martins-verdegmail-com\/\"}]}<\/script>\n<!-- \/ Yoast SEO Premium plugin. -->","yoast_head_json":{"title":"OAB: Confira os temas mais incidentes em Direito Ambiental na 1.\u00aa Fase do Exame","robots":{"index":"index","follow":"follow","max-snippet":"max-snippet:-1","max-image-preview":"max-image-preview:large","max-video-preview":"max-video-preview:-1"},"canonical":"https:\/\/www.estrategiaconcursos.com.br\/blog\/oab-temas-direito-ambiental-incidencia-1-fase\/","og_locale":"pt_BR","og_type":"article","og_title":"OAB: Confira os temas mais incidentes em Direito Ambiental na 1.\u00aa Fase do Exame","og_description":"A 1.\u00aa Fase do XXXI Exame de Ordem est\u00e1 prevista para este domingo, 09 de fevereiro, a partir das 13 horas, em todo o pa\u00eds. A aprova\u00e7\u00e3o no exame \u00e9 a etapa essencial para os bachar\u00e9is em direito poderem exercer a profiss\u00e3o. A Prova \u00e9 constitu\u00edda de 80 quest\u00f5es de m\u00faltipla escolha, distribu\u00eddas entre 17 [&hellip;]","og_url":"https:\/\/www.estrategiaconcursos.com.br\/blog\/oab-temas-direito-ambiental-incidencia-1-fase\/","og_site_name":"Estrat\u00e9gia Concursos","article_published_time":"2020-02-07T22:28:44+00:00","article_modified_time":"2020-02-19T21:04:19+00:00","author":"Rodrigo Martins","twitter_card":"summary_large_image","twitter_creator":"@EstratConcursos","twitter_site":"@EstratConcursos","twitter_misc":{"Escrito por":"Rodrigo Martins","Est. tempo de leitura":"3 minutos"},"schema":{"@context":"https:\/\/schema.org","@graph":[{"@type":"NewsArticle","@id":"https:\/\/www.estrategiaconcursos.com.br\/blog\/oab-temas-direito-ambiental-incidencia-1-fase\/#article","isPartOf":{"@id":"https:\/\/www.estrategiaconcursos.com.br\/blog\/oab-temas-direito-ambiental-incidencia-1-fase\/"},"author":{"name":"Rodrigo Martins","@id":"https:\/\/www.estrategiaconcursos.com.br\/blog\/#\/schema\/person\/89708e3ae26cc02be6f6912e4eb7c8d0"},"headline":"OAB: Confira os temas mais incidentes em Direito Ambiental na 1.\u00aa Fase do Exame","datePublished":"2020-02-07T22:28:44+00:00","dateModified":"2020-02-19T21:04:19+00:00","mainEntityOfPage":{"@id":"https:\/\/www.estrategiaconcursos.com.br\/blog\/oab-temas-direito-ambiental-incidencia-1-fase\/"},"wordCount":546,"commentCount":0,"publisher":{"@id":"https:\/\/www.estrategiaconcursos.com.br\/blog\/#organization"},"articleSection":["Concursos P\u00fablicos"],"inLanguage":"pt-BR","potentialAction":[{"@type":"CommentAction","name":"Comment","target":["https:\/\/www.estrategiaconcursos.com.br\/blog\/oab-temas-direito-ambiental-incidencia-1-fase\/#respond"]}],"copyrightYear":"2020","copyrightHolder":{"@id":"https:\/\/www.estrategiaconcursos.com.br\/blog\/#organization"}},{"@type":"WebPage","@id":"https:\/\/www.estrategiaconcursos.com.br\/blog\/oab-temas-direito-ambiental-incidencia-1-fase\/","url":"https:\/\/www.estrategiaconcursos.com.br\/blog\/oab-temas-direito-ambiental-incidencia-1-fase\/","name":"OAB: Confira os temas mais incidentes em Direito Ambiental na 1.\u00aa Fase do Exame","isPartOf":{"@id":"https:\/\/www.estrategiaconcursos.com.br\/blog\/#website"},"datePublished":"2020-02-07T22:28:44+00:00","dateModified":"2020-02-19T21:04:19+00:00","breadcrumb":{"@id":"https:\/\/www.estrategiaconcursos.com.br\/blog\/oab-temas-direito-ambiental-incidencia-1-fase\/#breadcrumb"},"inLanguage":"pt-BR","potentialAction":[{"@type":"ReadAction","target":["https:\/\/www.estrategiaconcursos.com.br\/blog\/oab-temas-direito-ambiental-incidencia-1-fase\/"]}]},{"@type":"BreadcrumbList","@id":"https:\/\/www.estrategiaconcursos.com.br\/blog\/oab-temas-direito-ambiental-incidencia-1-fase\/#breadcrumb","itemListElement":[{"@type":"ListItem","position":1,"name":"In\u00edcio","item":"https:\/\/www.estrategiaconcursos.com.br\/blog\/"},{"@type":"ListItem","position":2,"name":"OAB: Confira os temas mais incidentes em Direito Ambiental na 1.\u00aa Fase do Exame"}]},{"@type":"WebSite","@id":"https:\/\/www.estrategiaconcursos.com.br\/blog\/#website","url":"https:\/\/www.estrategiaconcursos.com.br\/blog\/","name":"Estrat\u00e9gia Concursos","description":"O blog da Estrat\u00e9gia Concursos traz not\u00edcias sobre concursos e artigos de professores oferecendo cursos para concursos (pdf + videaulas) no site.","publisher":{"@id":"https:\/\/www.estrategiaconcursos.com.br\/blog\/#organization"},"potentialAction":[{"@type":"SearchAction","target":{"@type":"EntryPoint","urlTemplate":"https:\/\/www.estrategiaconcursos.com.br\/blog\/?s={search_term_string}"},"query-input":{"@type":"PropertyValueSpecification","valueRequired":true,"valueName":"search_term_string"}}],"inLanguage":"pt-BR"},{"@type":"Organization","@id":"https:\/\/www.estrategiaconcursos.com.br\/blog\/#organization","name":"Estrat\u00e9gia Concursos","url":"https:\/\/www.estrategiaconcursos.com.br\/blog\/","logo":{"@type":"ImageObject","inLanguage":"pt-BR","@id":"https:\/\/www.estrategiaconcursos.com.br\/blog\/#\/schema\/logo\/image\/","url":"https:\/\/dhg1h5j42swfq.cloudfront.net\/2025\/06\/03203428\/logo_concursos-1.jpg","contentUrl":"https:\/\/dhg1h5j42swfq.cloudfront.net\/2025\/06\/03203428\/logo_concursos-1.jpg","width":230,"height":60,"caption":"Estrat\u00e9gia Concursos"},"image":{"@id":"https:\/\/www.estrategiaconcursos.com.br\/blog\/#\/schema\/logo\/image\/"},"sameAs":["https:\/\/x.com\/EstratConcursos"]},{"@type":"Person","@id":"https:\/\/www.estrategiaconcursos.com.br\/blog\/#\/schema\/person\/89708e3ae26cc02be6f6912e4eb7c8d0","name":"Rodrigo Martins","image":{"@type":"ImageObject","inLanguage":"pt-BR","@id":"https:\/\/secure.gravatar.com\/avatar\/524bec28aed97e8b25f845b131a7beda7a4b893ecf2c07f19d2e31b5efecd76c?s=96&d=mm&r=g","url":"https:\/\/secure.gravatar.com\/avatar\/524bec28aed97e8b25f845b131a7beda7a4b893ecf2c07f19d2e31b5efecd76c?s=96&d=mm&r=g","contentUrl":"https:\/\/secure.gravatar.com\/avatar\/524bec28aed97e8b25f845b131a7beda7a4b893ecf2c07f19d2e31b5efecd76c?s=96&d=mm&r=g","caption":"Rodrigo Martins"},"url":"https:\/\/www.estrategiaconcursos.com.br\/blog\/author\/rodrigo-martins-verdegmail-com\/"}]}},"_links":{"self":[{"href":"https:\/\/www.estrategiaconcursos.com.br\/blog\/wp-json\/wp\/v2\/posts\/478261","targetHints":{"allow":["GET"]}}],"collection":[{"href":"https:\/\/www.estrategiaconcursos.com.br\/blog\/wp-json\/wp\/v2\/posts"}],"about":[{"href":"https:\/\/www.estrategiaconcursos.com.br\/blog\/wp-json\/wp\/v2\/types\/post"}],"author":[{"embeddable":true,"href":"https:\/\/www.estrategiaconcursos.com.br\/blog\/wp-json\/wp\/v2\/users\/546"}],"replies":[{"embeddable":true,"href":"https:\/\/www.estrategiaconcursos.com.br\/blog\/wp-json\/wp\/v2\/comments?post=478261"}],"version-history":[{"count":11,"href":"https:\/\/www.estrategiaconcursos.com.br\/blog\/wp-json\/wp\/v2\/posts\/478261\/revisions"}],"predecessor-version":[{"id":479450,"href":"https:\/\/www.estrategiaconcursos.com.br\/blog\/wp-json\/wp\/v2\/posts\/478261\/revisions\/479450"}],"wp:attachment":[{"href":"https:\/\/www.estrategiaconcursos.com.br\/blog\/wp-json\/wp\/v2\/media?parent=478261"}],"wp:term":[{"taxonomy":"category","embeddable":true,"href":"https:\/\/www.estrategiaconcursos.com.br\/blog\/wp-json\/wp\/v2\/categories?post=478261"},{"taxonomy":"post_tag","embeddable":true,"href":"https:\/\/www.estrategiaconcursos.com.br\/blog\/wp-json\/wp\/v2\/tags?post=478261"},{"taxonomy":"tax_estado","embeddable":true,"href":"https:\/\/www.estrategiaconcursos.com.br\/blog\/wp-json\/wp\/v2\/tax_estado?post=478261"}],"curies":[{"name":"wp","href":"https:\/\/api.w.org\/{rel}","templated":true}]}}