{"id":478086,"date":"2020-02-05T12:58:33","date_gmt":"2020-02-05T15:58:33","guid":{"rendered":"https:\/\/www.estrategiaconcursos.com.br\/blog\/?p=478086"},"modified":"2020-02-05T12:59:13","modified_gmt":"2020-02-05T15:59:13","slug":"edital-do-concurso-camara-de-aracaju-sera-publicado-na-proxima-segunda-feira-10","status":"publish","type":"post","link":"https:\/\/www.estrategiaconcursos.com.br\/blog\/edital-do-concurso-camara-de-aracaju-sera-publicado-na-proxima-segunda-feira-10\/","title":{"rendered":"Edital do Concurso C\u00e2mara de Aracaju ser\u00e1 publicado na pr\u00f3xima segunda-feira (10)!"},"content":{"rendered":"\n<p>Comece a refor\u00e7ar seus estudos para o concurso da C\u00e2mara de Aracaju, pois foi confirmado pelo presidente da casa, Nitinho, que a publica\u00e7\u00e3o do edital ocorrer\u00e1 na <strong>pr\u00f3xima segunda-feira, 10 de fevereiro.<\/strong><\/p>\n\n\n\n<p>As informa\u00e7\u00f5es vieram do portal da C\u00e2mara, quando Nitinho participou de uma entrevista \u00e0 r\u00e1dio Fan Fm na manh\u00e3 desta quarta-feira (5).<\/p>\n\n\n\n<p>De acordo com o presidente ser\u00e3o 50 vagas, distribu\u00eddas entre n\u00edvel m\u00e9dio, t\u00e9cnico e superior, sendo 16 para n\u00edvel superior e 34 para n\u00edvel m\u00e9dio e t\u00e9cnico. Os cargos n\u00e3o foram divulgados ainda.<\/p>\n\n\n\n<p class=\"has-background has-very-light-gray-background-color\"> \u00a0\u201c<em>Tivemos que organizar o Organograma da Casa, cujo \u00faltimo concurso foi realizado h\u00e1 mais de 30 anos. Precisamos primeiro organizar esse quadro de pessoal, para que a partir da\u00ed fosse deflagrado o processo de realiza\u00e7\u00e3o do concurso. Esse foi um trabalho t\u00e9cnico e que exigiu tempo da equipe que elaborou o organograma\u201d<\/em>, informou Nitinho.<\/p>\n\n\n\n<p> A organiza\u00e7\u00e3o do concurso ficar\u00e1 por conta da <strong>Funda\u00e7\u00e3o Get\u00falio Vargas<\/strong> &#8211; <strong>FGV,<\/strong> definida em outubro de 2019. <\/p>\n\n\n\n<h2 class=\"wp-block-heading\" id=\"ultimo-concurso\">\u00daltimo concurso C\u00e2mara de Aracaju<\/h2>\n\n\n\n<p>A C\u00e2mara Municipal de Aracaju est\u00e1 h\u00e1 34 anos sem realizar concurso p\u00fablico, ou seja, seu \u00faltimo certame foi realizado no ano de 1985. <\/p>\n\n\n\n<p>S\u00e3o 634 servidores com cargos de comiss\u00e3o, 17 s\u00e3o requisitados de outros \u00f3rg\u00e3os e somente 73 servidores s\u00e3o de carreira da C\u00e2mara. Isto \u00e9, <strong>73 funcion\u00e1rios<\/strong> s\u00e3o advindos de concurso p\u00fablico. <\/p>\n\n\n\n<p class=\"has-text-align-center\"><strong>Quer saber mais sobre o certame? Acesse a mat\u00e9ria completa:<\/strong><\/p>\n\n\n\n<p class=\"has-background has-text-align-center has-medium-font-size has-luminous-vivid-amber-background-color\"><a href=\"https:\/\/www.estrategiaconcursos.com.br\/blog\/concurso-camara-de-aracaju\/\"><strong>Concurso C\u00e2mara Municipal de Aracaju<\/strong><\/a><\/p>\n\n\n\n<h3 class=\"has-text-align-center wp-block-heading\" id=\"cursos-assinatura\"><br \/><strong><em>Quer estudar para o Concurso C\u00e2mara de Aracaju?<\/em><\/strong><\/h3>\n\n\n\n<p class=\"has-text-align-center\"><em><strong>Gostou desta oportunidade e deseja come\u00e7ar se preparar agora mesmo? Ent\u00e3o, confira os nossos cursos e comece a estudar:<\/strong><\/em><\/p>\n\n\n\n<p style=\"font-size:27px\" class=\"has-background has-text-align-center has-light-green-cyan-background-color\"><strong><a href=\"https:\/\/www.estrategiaconcursos.com.br\/cursosPorConcurso\/camara-municipal-de-aracaju-se\/\" target=\"_blank\" rel=\"noreferrer noopener\" aria-label=\"CURSOS C\u00c2MARA DE ARACAJU (abre numa nova aba)\">CURSOS C\u00c2MARA DE ARACAJU<\/a><\/strong><\/p>\n\n\n\n<p class=\"has-text-align-center has-medium-font-size\"><em><strong>Assinatura Anual Ilimitada*<\/strong><\/em><\/p>\n\n\n\n<p class=\"has-text-align-center\"><em>Prepare-se com o melhor material e com quem mais aprova em Concursos P\u00fablicos em todo o pa\u00eds. Assine agora a nossa Assinatura Anual e tenha acesso ilimitado* a todos os nossos cursos.<\/em><\/p>\n\n\n\n<p style=\"font-size:25px\" class=\"has-background has-text-align-center has-luminous-vivid-amber-background-color\"><strong>ASSINE AGORA<\/strong>&nbsp;\u2013&nbsp;<strong><a rel=\"noreferrer noopener\" aria-label=\"Assinatura Ilimitada (abre numa nova aba)\" href=\"https:\/\/www.estrategiaconcursos.com.br\/assinaturas\" target=\"_blank\">Assinatura Ilimitada<\/a><\/strong><\/p>\n\n\n\n<p class=\"has-background has-text-align-center has-medium-font-size has-pale-cyan-blue-background-color\"><strong><a href=\"https:\/\/www.estrategiaconcursos.com.br\/blog\/concursos-abertos\/\">CONCURSOS ABERTOS<\/a><\/strong><\/p>\n\n\n\n<p class=\"has-background has-text-align-center has-medium-font-size has-pale-cyan-blue-background-color\"><a href=\"https:\/\/www.estrategiaconcursos.com.br\/blog\/concursos-2020\/\"><strong>CONCURSOS<\/strong><\/a><strong><a href=\"https:\/\/www.estrategiaconcursos.com.br\/blog\/concursos-2020\/\">&nbsp;2020<\/a><\/strong><\/p>\n","protected":false},"excerpt":{"rendered":"<p>Comece a refor\u00e7ar seus estudos para o concurso da C\u00e2mara de Aracaju, pois foi confirmado pelo presidente da casa, Nitinho, que a publica\u00e7\u00e3o do edital ocorrer\u00e1 na pr\u00f3xima segunda-feira, 10 de fevereiro. As informa\u00e7\u00f5es vieram do portal da C\u00e2mara, quando Nitinho participou de uma entrevista \u00e0 r\u00e1dio Fan Fm na manh\u00e3 desta quarta-feira (5). De [&hellip;]<\/p>\n","protected":false},"author":657,"featured_media":448132,"comment_status":"open","ping_status":"closed","sticky":false,"template":"","format":"standard","meta":{"post_tipo":"article","footnotes":""},"categories":[1],"tags":[],"tax_estado":[],"class_list":["post-478086","post","type-post","status-publish","format-standard","has-post-thumbnail","hentry","category-cursos-e-concursos"],"acf":[],"yoast_head":"<!-- This site is optimized with the Yoast SEO Premium plugin v27.2 (Yoast SEO v27.2) - https:\/\/yoast.com\/product\/yoast-seo-premium-wordpress\/ -->\n<title>Edital do Concurso C\u00e2mara de Aracaju ser\u00e1 publicado na pr\u00f3xima segunda-feira (10)!<\/title>\n<meta name=\"robots\" content=\"index, follow, max-snippet:-1, max-image-preview:large, max-video-preview:-1\" \/>\n<link rel=\"canonical\" href=\"https:\/\/www.estrategiaconcursos.com.br\/blog\/edital-do-concurso-camara-de-aracaju-sera-publicado-na-proxima-segunda-feira-10\/\" \/>\n<meta property=\"og:locale\" content=\"pt_BR\" \/>\n<meta property=\"og:type\" content=\"article\" \/>\n<meta property=\"og:title\" content=\"Edital do Concurso C\u00e2mara de Aracaju ser\u00e1 publicado na pr\u00f3xima segunda-feira (10)!\" \/>\n<meta property=\"og:description\" content=\"Comece a refor\u00e7ar seus estudos para o concurso da C\u00e2mara de Aracaju, pois foi confirmado pelo presidente da casa, Nitinho, que a publica\u00e7\u00e3o do edital ocorrer\u00e1 na pr\u00f3xima segunda-feira, 10 de fevereiro. As informa\u00e7\u00f5es vieram do portal da C\u00e2mara, quando Nitinho participou de uma entrevista \u00e0 r\u00e1dio Fan Fm na manh\u00e3 desta quarta-feira (5). De [&hellip;]\" \/>\n<meta property=\"og:url\" content=\"https:\/\/www.estrategiaconcursos.com.br\/blog\/edital-do-concurso-camara-de-aracaju-sera-publicado-na-proxima-segunda-feira-10\/\" \/>\n<meta property=\"og:site_name\" content=\"Estrat\u00e9gia Concursos\" \/>\n<meta property=\"article:published_time\" content=\"2020-02-05T15:58:33+00:00\" \/>\n<meta property=\"article:modified_time\" content=\"2020-02-05T15:59:13+00:00\" \/>\n<meta property=\"og:image\" content=\"https:\/\/dhg1h5j42swfq.cloudfront.net\/2019\/11\/14161841\/CAMARA-DE-ARACAJU.jpg\" \/>\n\t<meta property=\"og:image:width\" content=\"1200\" \/>\n\t<meta property=\"og:image:height\" content=\"628\" \/>\n\t<meta property=\"og:image:type\" content=\"image\/jpeg\" \/>\n<meta name=\"author\" content=\"Nat\u00e1lia Scarano\" \/>\n<meta name=\"twitter:card\" content=\"summary_large_image\" \/>\n<meta name=\"twitter:creator\" content=\"@EstratConcursos\" \/>\n<meta name=\"twitter:site\" content=\"@EstratConcursos\" \/>\n<meta name=\"twitter:label1\" content=\"Escrito por\" \/>\n\t<meta name=\"twitter:data1\" content=\"Nat\u00e1lia Scarano\" \/>\n\t<meta name=\"twitter:label2\" content=\"Est. tempo de leitura\" \/>\n\t<meta name=\"twitter:data2\" content=\"2 minutos\" \/>\n<script type=\"application\/ld+json\" class=\"yoast-schema-graph\">{\"@context\":\"https:\/\/schema.org\",\"@graph\":[{\"@type\":\"NewsArticle\",\"@id\":\"https:\/\/www.estrategiaconcursos.com.br\/blog\/edital-do-concurso-camara-de-aracaju-sera-publicado-na-proxima-segunda-feira-10\/#article\",\"isPartOf\":{\"@id\":\"https:\/\/www.estrategiaconcursos.com.br\/blog\/edital-do-concurso-camara-de-aracaju-sera-publicado-na-proxima-segunda-feira-10\/\"},\"author\":{\"name\":\"Nat\u00e1lia Scarano\",\"@id\":\"https:\/\/www.estrategiaconcursos.com.br\/blog\/#\/schema\/person\/751aedf909a9d10cb23ce6ac527ce0f2\"},\"headline\":\"Edital do Concurso C\u00e2mara de Aracaju ser\u00e1 publicado na pr\u00f3xima segunda-feira (10)!\",\"datePublished\":\"2020-02-05T15:58:33+00:00\",\"dateModified\":\"2020-02-05T15:59:13+00:00\",\"mainEntityOfPage\":{\"@id\":\"https:\/\/www.estrategiaconcursos.com.br\/blog\/edital-do-concurso-camara-de-aracaju-sera-publicado-na-proxima-segunda-feira-10\/\"},\"wordCount\":350,\"commentCount\":1,\"publisher\":{\"@id\":\"https:\/\/www.estrategiaconcursos.com.br\/blog\/#organization\"},\"image\":{\"@id\":\"https:\/\/www.estrategiaconcursos.com.br\/blog\/edital-do-concurso-camara-de-aracaju-sera-publicado-na-proxima-segunda-feira-10\/#primaryimage\"},\"thumbnailUrl\":\"https:\/\/dhg1h5j42swfq.cloudfront.net\/2019\/11\/14161841\/CAMARA-DE-ARACAJU.jpg\",\"articleSection\":[\"Concursos P\u00fablicos\"],\"inLanguage\":\"pt-BR\",\"potentialAction\":[{\"@type\":\"CommentAction\",\"name\":\"Comment\",\"target\":[\"https:\/\/www.estrategiaconcursos.com.br\/blog\/edital-do-concurso-camara-de-aracaju-sera-publicado-na-proxima-segunda-feira-10\/#respond\"]}],\"copyrightYear\":\"2020\",\"copyrightHolder\":{\"@id\":\"https:\/\/www.estrategiaconcursos.com.br\/blog\/#organization\"}},{\"@type\":\"WebPage\",\"@id\":\"https:\/\/www.estrategiaconcursos.com.br\/blog\/edital-do-concurso-camara-de-aracaju-sera-publicado-na-proxima-segunda-feira-10\/\",\"url\":\"https:\/\/www.estrategiaconcursos.com.br\/blog\/edital-do-concurso-camara-de-aracaju-sera-publicado-na-proxima-segunda-feira-10\/\",\"name\":\"Edital do Concurso C\u00e2mara de Aracaju ser\u00e1 publicado na pr\u00f3xima segunda-feira (10)!\",\"isPartOf\":{\"@id\":\"https:\/\/www.estrategiaconcursos.com.br\/blog\/#website\"},\"primaryImageOfPage\":{\"@id\":\"https:\/\/www.estrategiaconcursos.com.br\/blog\/edital-do-concurso-camara-de-aracaju-sera-publicado-na-proxima-segunda-feira-10\/#primaryimage\"},\"image\":{\"@id\":\"https:\/\/www.estrategiaconcursos.com.br\/blog\/edital-do-concurso-camara-de-aracaju-sera-publicado-na-proxima-segunda-feira-10\/#primaryimage\"},\"thumbnailUrl\":\"https:\/\/dhg1h5j42swfq.cloudfront.net\/2019\/11\/14161841\/CAMARA-DE-ARACAJU.jpg\",\"datePublished\":\"2020-02-05T15:58:33+00:00\",\"dateModified\":\"2020-02-05T15:59:13+00:00\",\"breadcrumb\":{\"@id\":\"https:\/\/www.estrategiaconcursos.com.br\/blog\/edital-do-concurso-camara-de-aracaju-sera-publicado-na-proxima-segunda-feira-10\/#breadcrumb\"},\"inLanguage\":\"pt-BR\",\"potentialAction\":[{\"@type\":\"ReadAction\",\"target\":[\"https:\/\/www.estrategiaconcursos.com.br\/blog\/edital-do-concurso-camara-de-aracaju-sera-publicado-na-proxima-segunda-feira-10\/\"]}]},{\"@type\":\"ImageObject\",\"inLanguage\":\"pt-BR\",\"@id\":\"https:\/\/www.estrategiaconcursos.com.br\/blog\/edital-do-concurso-camara-de-aracaju-sera-publicado-na-proxima-segunda-feira-10\/#primaryimage\",\"url\":\"https:\/\/dhg1h5j42swfq.cloudfront.net\/2019\/11\/14161841\/CAMARA-DE-ARACAJU.jpg\",\"contentUrl\":\"https:\/\/dhg1h5j42swfq.cloudfront.net\/2019\/11\/14161841\/CAMARA-DE-ARACAJU.jpg\",\"width\":1200,\"height\":628},{\"@type\":\"BreadcrumbList\",\"@id\":\"https:\/\/www.estrategiaconcursos.com.br\/blog\/edital-do-concurso-camara-de-aracaju-sera-publicado-na-proxima-segunda-feira-10\/#breadcrumb\",\"itemListElement\":[{\"@type\":\"ListItem\",\"position\":1,\"name\":\"In\u00edcio\",\"item\":\"https:\/\/www.estrategiaconcursos.com.br\/blog\/\"},{\"@type\":\"ListItem\",\"position\":2,\"name\":\"Edital do Concurso C\u00e2mara de Aracaju ser\u00e1 publicado na pr\u00f3xima segunda-feira (10)!\"}]},{\"@type\":\"WebSite\",\"@id\":\"https:\/\/www.estrategiaconcursos.com.br\/blog\/#website\",\"url\":\"https:\/\/www.estrategiaconcursos.com.br\/blog\/\",\"name\":\"Estrat\u00e9gia Concursos\",\"description\":\"O blog da Estrat\u00e9gia Concursos traz not\u00edcias sobre concursos e artigos de professores oferecendo cursos para concursos (pdf + videaulas) no site.\",\"publisher\":{\"@id\":\"https:\/\/www.estrategiaconcursos.com.br\/blog\/#organization\"},\"potentialAction\":[{\"@type\":\"SearchAction\",\"target\":{\"@type\":\"EntryPoint\",\"urlTemplate\":\"https:\/\/www.estrategiaconcursos.com.br\/blog\/?s={search_term_string}\"},\"query-input\":{\"@type\":\"PropertyValueSpecification\",\"valueRequired\":true,\"valueName\":\"search_term_string\"}}],\"inLanguage\":\"pt-BR\"},{\"@type\":\"Organization\",\"@id\":\"https:\/\/www.estrategiaconcursos.com.br\/blog\/#organization\",\"name\":\"Estrat\u00e9gia Concursos\",\"url\":\"https:\/\/www.estrategiaconcursos.com.br\/blog\/\",\"logo\":{\"@type\":\"ImageObject\",\"inLanguage\":\"pt-BR\",\"@id\":\"https:\/\/www.estrategiaconcursos.com.br\/blog\/#\/schema\/logo\/image\/\",\"url\":\"https:\/\/dhg1h5j42swfq.cloudfront.net\/2025\/06\/03203428\/logo_concursos-1.jpg\",\"contentUrl\":\"https:\/\/dhg1h5j42swfq.cloudfront.net\/2025\/06\/03203428\/logo_concursos-1.jpg\",\"width\":230,\"height\":60,\"caption\":\"Estrat\u00e9gia Concursos\"},\"image\":{\"@id\":\"https:\/\/www.estrategiaconcursos.com.br\/blog\/#\/schema\/logo\/image\/\"},\"sameAs\":[\"https:\/\/x.com\/EstratConcursos\"]},{\"@type\":\"Person\",\"@id\":\"https:\/\/www.estrategiaconcursos.com.br\/blog\/#\/schema\/person\/751aedf909a9d10cb23ce6ac527ce0f2\",\"name\":\"Nat\u00e1lia Scarano\",\"image\":{\"@type\":\"ImageObject\",\"inLanguage\":\"pt-BR\",\"@id\":\"https:\/\/secure.gravatar.com\/avatar\/8a889b8db3dbd227a1a78627357ec8fe64f5e99189d1889a270127828ab372ac?s=96&d=mm&r=g\",\"url\":\"https:\/\/secure.gravatar.com\/avatar\/8a889b8db3dbd227a1a78627357ec8fe64f5e99189d1889a270127828ab372ac?s=96&d=mm&r=g\",\"contentUrl\":\"https:\/\/secure.gravatar.com\/avatar\/8a889b8db3dbd227a1a78627357ec8fe64f5e99189d1889a270127828ab372ac?s=96&d=mm&r=g\",\"caption\":\"Nat\u00e1lia Scarano\"},\"description\":\"Jornalista, formada e p\u00f3s graduada pelo IESB, faz parte do time de jornalistas do Estrat\u00e9gia desde 2017. Possui familiaridade com as \u00e1reas de Tribunais, Defensorias, Procuradorias, Minist\u00e9rios P\u00fablicos, Conselhos, Educa\u00e7\u00e3o, \u00c1rea de Seguran\u00e7a, concursos de Carreiras Jur\u00eddicas e OAB. Experi\u00eancia em marketing digital, assessoria de comunica\u00e7\u00e3o e institucional na \u00e1rea privada e p\u00fablica, com atua\u00e7\u00e3o em \u00f3rg\u00e3os como CGU, Cofen e CNM.\",\"url\":\"https:\/\/www.estrategiaconcursos.com.br\/blog\/author\/natalia-scaranoestrategiaconcursos-com-br\/\"}]}<\/script>\n<!-- \/ Yoast SEO Premium plugin. -->","yoast_head_json":{"title":"Edital do Concurso C\u00e2mara de Aracaju ser\u00e1 publicado na pr\u00f3xima segunda-feira (10)!","robots":{"index":"index","follow":"follow","max-snippet":"max-snippet:-1","max-image-preview":"max-image-preview:large","max-video-preview":"max-video-preview:-1"},"canonical":"https:\/\/www.estrategiaconcursos.com.br\/blog\/edital-do-concurso-camara-de-aracaju-sera-publicado-na-proxima-segunda-feira-10\/","og_locale":"pt_BR","og_type":"article","og_title":"Edital do Concurso C\u00e2mara de Aracaju ser\u00e1 publicado na pr\u00f3xima segunda-feira (10)!","og_description":"Comece a refor\u00e7ar seus estudos para o concurso da C\u00e2mara de Aracaju, pois foi confirmado pelo presidente da casa, Nitinho, que a publica\u00e7\u00e3o do edital ocorrer\u00e1 na pr\u00f3xima segunda-feira, 10 de fevereiro. As informa\u00e7\u00f5es vieram do portal da C\u00e2mara, quando Nitinho participou de uma entrevista \u00e0 r\u00e1dio Fan Fm na manh\u00e3 desta quarta-feira (5). De [&hellip;]","og_url":"https:\/\/www.estrategiaconcursos.com.br\/blog\/edital-do-concurso-camara-de-aracaju-sera-publicado-na-proxima-segunda-feira-10\/","og_site_name":"Estrat\u00e9gia Concursos","article_published_time":"2020-02-05T15:58:33+00:00","article_modified_time":"2020-02-05T15:59:13+00:00","og_image":[{"width":1200,"height":628,"url":"https:\/\/dhg1h5j42swfq.cloudfront.net\/2019\/11\/14161841\/CAMARA-DE-ARACAJU.jpg","type":"image\/jpeg"}],"author":"Nat\u00e1lia Scarano","twitter_card":"summary_large_image","twitter_creator":"@EstratConcursos","twitter_site":"@EstratConcursos","twitter_misc":{"Escrito por":"Nat\u00e1lia Scarano","Est. tempo de leitura":"2 minutos"},"schema":{"@context":"https:\/\/schema.org","@graph":[{"@type":"NewsArticle","@id":"https:\/\/www.estrategiaconcursos.com.br\/blog\/edital-do-concurso-camara-de-aracaju-sera-publicado-na-proxima-segunda-feira-10\/#article","isPartOf":{"@id":"https:\/\/www.estrategiaconcursos.com.br\/blog\/edital-do-concurso-camara-de-aracaju-sera-publicado-na-proxima-segunda-feira-10\/"},"author":{"name":"Nat\u00e1lia Scarano","@id":"https:\/\/www.estrategiaconcursos.com.br\/blog\/#\/schema\/person\/751aedf909a9d10cb23ce6ac527ce0f2"},"headline":"Edital do Concurso C\u00e2mara de Aracaju ser\u00e1 publicado na pr\u00f3xima segunda-feira (10)!","datePublished":"2020-02-05T15:58:33+00:00","dateModified":"2020-02-05T15:59:13+00:00","mainEntityOfPage":{"@id":"https:\/\/www.estrategiaconcursos.com.br\/blog\/edital-do-concurso-camara-de-aracaju-sera-publicado-na-proxima-segunda-feira-10\/"},"wordCount":350,"commentCount":1,"publisher":{"@id":"https:\/\/www.estrategiaconcursos.com.br\/blog\/#organization"},"image":{"@id":"https:\/\/www.estrategiaconcursos.com.br\/blog\/edital-do-concurso-camara-de-aracaju-sera-publicado-na-proxima-segunda-feira-10\/#primaryimage"},"thumbnailUrl":"https:\/\/dhg1h5j42swfq.cloudfront.net\/2019\/11\/14161841\/CAMARA-DE-ARACAJU.jpg","articleSection":["Concursos P\u00fablicos"],"inLanguage":"pt-BR","potentialAction":[{"@type":"CommentAction","name":"Comment","target":["https:\/\/www.estrategiaconcursos.com.br\/blog\/edital-do-concurso-camara-de-aracaju-sera-publicado-na-proxima-segunda-feira-10\/#respond"]}],"copyrightYear":"2020","copyrightHolder":{"@id":"https:\/\/www.estrategiaconcursos.com.br\/blog\/#organization"}},{"@type":"WebPage","@id":"https:\/\/www.estrategiaconcursos.com.br\/blog\/edital-do-concurso-camara-de-aracaju-sera-publicado-na-proxima-segunda-feira-10\/","url":"https:\/\/www.estrategiaconcursos.com.br\/blog\/edital-do-concurso-camara-de-aracaju-sera-publicado-na-proxima-segunda-feira-10\/","name":"Edital do Concurso C\u00e2mara de Aracaju ser\u00e1 publicado na pr\u00f3xima segunda-feira (10)!","isPartOf":{"@id":"https:\/\/www.estrategiaconcursos.com.br\/blog\/#website"},"primaryImageOfPage":{"@id":"https:\/\/www.estrategiaconcursos.com.br\/blog\/edital-do-concurso-camara-de-aracaju-sera-publicado-na-proxima-segunda-feira-10\/#primaryimage"},"image":{"@id":"https:\/\/www.estrategiaconcursos.com.br\/blog\/edital-do-concurso-camara-de-aracaju-sera-publicado-na-proxima-segunda-feira-10\/#primaryimage"},"thumbnailUrl":"https:\/\/dhg1h5j42swfq.cloudfront.net\/2019\/11\/14161841\/CAMARA-DE-ARACAJU.jpg","datePublished":"2020-02-05T15:58:33+00:00","dateModified":"2020-02-05T15:59:13+00:00","breadcrumb":{"@id":"https:\/\/www.estrategiaconcursos.com.br\/blog\/edital-do-concurso-camara-de-aracaju-sera-publicado-na-proxima-segunda-feira-10\/#breadcrumb"},"inLanguage":"pt-BR","potentialAction":[{"@type":"ReadAction","target":["https:\/\/www.estrategiaconcursos.com.br\/blog\/edital-do-concurso-camara-de-aracaju-sera-publicado-na-proxima-segunda-feira-10\/"]}]},{"@type":"ImageObject","inLanguage":"pt-BR","@id":"https:\/\/www.estrategiaconcursos.com.br\/blog\/edital-do-concurso-camara-de-aracaju-sera-publicado-na-proxima-segunda-feira-10\/#primaryimage","url":"https:\/\/dhg1h5j42swfq.cloudfront.net\/2019\/11\/14161841\/CAMARA-DE-ARACAJU.jpg","contentUrl":"https:\/\/dhg1h5j42swfq.cloudfront.net\/2019\/11\/14161841\/CAMARA-DE-ARACAJU.jpg","width":1200,"height":628},{"@type":"BreadcrumbList","@id":"https:\/\/www.estrategiaconcursos.com.br\/blog\/edital-do-concurso-camara-de-aracaju-sera-publicado-na-proxima-segunda-feira-10\/#breadcrumb","itemListElement":[{"@type":"ListItem","position":1,"name":"In\u00edcio","item":"https:\/\/www.estrategiaconcursos.com.br\/blog\/"},{"@type":"ListItem","position":2,"name":"Edital do Concurso C\u00e2mara de Aracaju ser\u00e1 publicado na pr\u00f3xima segunda-feira (10)!"}]},{"@type":"WebSite","@id":"https:\/\/www.estrategiaconcursos.com.br\/blog\/#website","url":"https:\/\/www.estrategiaconcursos.com.br\/blog\/","name":"Estrat\u00e9gia Concursos","description":"O blog da Estrat\u00e9gia Concursos traz not\u00edcias sobre concursos e artigos de professores oferecendo cursos para concursos (pdf + videaulas) no site.","publisher":{"@id":"https:\/\/www.estrategiaconcursos.com.br\/blog\/#organization"},"potentialAction":[{"@type":"SearchAction","target":{"@type":"EntryPoint","urlTemplate":"https:\/\/www.estrategiaconcursos.com.br\/blog\/?s={search_term_string}"},"query-input":{"@type":"PropertyValueSpecification","valueRequired":true,"valueName":"search_term_string"}}],"inLanguage":"pt-BR"},{"@type":"Organization","@id":"https:\/\/www.estrategiaconcursos.com.br\/blog\/#organization","name":"Estrat\u00e9gia Concursos","url":"https:\/\/www.estrategiaconcursos.com.br\/blog\/","logo":{"@type":"ImageObject","inLanguage":"pt-BR","@id":"https:\/\/www.estrategiaconcursos.com.br\/blog\/#\/schema\/logo\/image\/","url":"https:\/\/dhg1h5j42swfq.cloudfront.net\/2025\/06\/03203428\/logo_concursos-1.jpg","contentUrl":"https:\/\/dhg1h5j42swfq.cloudfront.net\/2025\/06\/03203428\/logo_concursos-1.jpg","width":230,"height":60,"caption":"Estrat\u00e9gia Concursos"},"image":{"@id":"https:\/\/www.estrategiaconcursos.com.br\/blog\/#\/schema\/logo\/image\/"},"sameAs":["https:\/\/x.com\/EstratConcursos"]},{"@type":"Person","@id":"https:\/\/www.estrategiaconcursos.com.br\/blog\/#\/schema\/person\/751aedf909a9d10cb23ce6ac527ce0f2","name":"Nat\u00e1lia Scarano","image":{"@type":"ImageObject","inLanguage":"pt-BR","@id":"https:\/\/secure.gravatar.com\/avatar\/8a889b8db3dbd227a1a78627357ec8fe64f5e99189d1889a270127828ab372ac?s=96&d=mm&r=g","url":"https:\/\/secure.gravatar.com\/avatar\/8a889b8db3dbd227a1a78627357ec8fe64f5e99189d1889a270127828ab372ac?s=96&d=mm&r=g","contentUrl":"https:\/\/secure.gravatar.com\/avatar\/8a889b8db3dbd227a1a78627357ec8fe64f5e99189d1889a270127828ab372ac?s=96&d=mm&r=g","caption":"Nat\u00e1lia Scarano"},"description":"Jornalista, formada e p\u00f3s graduada pelo IESB, faz parte do time de jornalistas do Estrat\u00e9gia desde 2017. Possui familiaridade com as \u00e1reas de Tribunais, Defensorias, Procuradorias, Minist\u00e9rios P\u00fablicos, Conselhos, Educa\u00e7\u00e3o, \u00c1rea de Seguran\u00e7a, concursos de Carreiras Jur\u00eddicas e OAB. Experi\u00eancia em marketing digital, assessoria de comunica\u00e7\u00e3o e institucional na \u00e1rea privada e p\u00fablica, com atua\u00e7\u00e3o em \u00f3rg\u00e3os como CGU, Cofen e CNM.","url":"https:\/\/www.estrategiaconcursos.com.br\/blog\/author\/natalia-scaranoestrategiaconcursos-com-br\/"}]}},"_links":{"self":[{"href":"https:\/\/www.estrategiaconcursos.com.br\/blog\/wp-json\/wp\/v2\/posts\/478086","targetHints":{"allow":["GET"]}}],"collection":[{"href":"https:\/\/www.estrategiaconcursos.com.br\/blog\/wp-json\/wp\/v2\/posts"}],"about":[{"href":"https:\/\/www.estrategiaconcursos.com.br\/blog\/wp-json\/wp\/v2\/types\/post"}],"author":[{"embeddable":true,"href":"https:\/\/www.estrategiaconcursos.com.br\/blog\/wp-json\/wp\/v2\/users\/657"}],"replies":[{"embeddable":true,"href":"https:\/\/www.estrategiaconcursos.com.br\/blog\/wp-json\/wp\/v2\/comments?post=478086"}],"version-history":[{"count":2,"href":"https:\/\/www.estrategiaconcursos.com.br\/blog\/wp-json\/wp\/v2\/posts\/478086\/revisions"}],"predecessor-version":[{"id":478093,"href":"https:\/\/www.estrategiaconcursos.com.br\/blog\/wp-json\/wp\/v2\/posts\/478086\/revisions\/478093"}],"wp:featuredmedia":[{"embeddable":true,"href":"https:\/\/www.estrategiaconcursos.com.br\/blog\/wp-json\/wp\/v2\/media\/448132"}],"wp:attachment":[{"href":"https:\/\/www.estrategiaconcursos.com.br\/blog\/wp-json\/wp\/v2\/media?parent=478086"}],"wp:term":[{"taxonomy":"category","embeddable":true,"href":"https:\/\/www.estrategiaconcursos.com.br\/blog\/wp-json\/wp\/v2\/categories?post=478086"},{"taxonomy":"post_tag","embeddable":true,"href":"https:\/\/www.estrategiaconcursos.com.br\/blog\/wp-json\/wp\/v2\/tags?post=478086"},{"taxonomy":"tax_estado","embeddable":true,"href":"https:\/\/www.estrategiaconcursos.com.br\/blog\/wp-json\/wp\/v2\/tax_estado?post=478086"}],"curies":[{"name":"wp","href":"https:\/\/api.w.org\/{rel}","templated":true}]}}