{"id":478080,"date":"2020-02-05T12:59:54","date_gmt":"2020-02-05T15:59:54","guid":{"rendered":"https:\/\/www.estrategiaconcursos.com.br\/blog\/?p=478080"},"modified":"2020-02-05T13:07:28","modified_gmt":"2020-02-05T16:07:28","slug":"presidente-do-tj-sc-confirma-realizacao-de-concurso-2020-para-a-magistratura","status":"publish","type":"post","link":"https:\/\/www.estrategiaconcursos.com.br\/blog\/presidente-do-tj-sc-confirma-realizacao-de-concurso-2020-para-a-magistratura\/","title":{"rendered":"Presidente do TJ PE confirma realiza\u00e7\u00e3o de concurso 2020 para a Magistratura"},"content":{"rendered":"\n<p>Em entrevista concedida ao programa Bom dia PE, da Rede Globo de televis\u00e3o, o rec\u00e9m-empossado Presidente do Tribunal de Justi\u00e7a de Pernambuco, Fernando Cerqueira, na manh\u00e3 desta quarta-feira, 05 de fevereiro, confirmou a realiza\u00e7\u00e3o de um concurso para Magistratura este ano, cuja comiss\u00e3o j\u00e1 se encontra formada. <\/p>\n\n\n\n<p>Segundo o presidente, existem mais de 200 cargos de ju\u00edzes vagos no \u00f3rg\u00e3o e o ideal seria dobrar o n\u00famero de cargos, n\u00e3o s\u00f3 de ju\u00edzes como de servidores no tribunal o que, por quest\u00f5es or\u00e7ament\u00e1rias, infelizmente n\u00e3o \u00e9 poss\u00edvel. <\/p>\n\n\n\n<p>Um grande entrave t\u00e9cnico, segundo o desembargador, \u00e9 o fato de que havendo vac\u00e2ncia em cargo em raz\u00e3o da aposentadoria de um servidor, aquela vaga permanece na folha de pagamento do pr\u00f3prio tribunal e n\u00e3o \u00e9 transmitida para o INSS, gerando a necessidade de justificativa para o aumento no or\u00e7amento para viabilizar novas contrata\u00e7\u00f5es. <\/p>\n\n\n\n<p>Com a comiss\u00e3o do novo concurso j\u00e1 formada, o novo Presidente afirmou que o \u00f3rg\u00e3o est\u00e1 agora discutindo o desenvolvimento futuro do or\u00e7amento a fim de obter uma previs\u00e3o das vagas que ser\u00e3o oferecidas para os cargos de Juiz Substituto.   <\/p>\n\n\n\n<p>\u00c9 importante ressaltar que, apesar de existirem muitos cargos de servidores vagos no tribunal, o \u00faltimo concurso relacionado ao provimento de vagas ainda encontra-se em andamento, tendo sido homologado em 2019 e possuindo validade at\u00e9 o ano de 2021, fato que descarta qualquer possibilidade de abertura deste tipo de certame em 2020.<\/p>\n\n\n\n<p style=\"font-size:25px\" class=\"has-text-align-center\"><strong><em>Mais informa\u00e7\u00f5es:<\/em> <\/strong><\/p>\n\n\n\n<p style=\"font-size:25px\" class=\"has-background has-text-align-center has-luminous-vivid-amber-background-color\"><strong><a rel=\"noreferrer noopener\" aria-label=\"Concurso Magistratura PE (abre numa nova aba)\" href=\"https:\/\/www.estrategiaconcursos.com.br\/blog\/concurso-magistratura-pe\" target=\"_blank\">Concurso Magistratura PE<\/a> <\/strong><br \/><strong><a rel=\"noreferrer noopener\" aria-label=\"Concurso TJ PE Servidor (abre numa nova aba)\" href=\"https:\/\/www.estrategiaconcursos.com.br\/blog\/concurso-tjpe\/?preview=true&amp;_thumbnail_id=124706\" target=\"_blank\">Concurso TJ PE Servidor<\/a><\/strong><\/p>\n\n\n\n<h2 class=\"has-text-align-center wp-block-heading\" id=\"cursos-assinatura-concurso-magistratura-pe\">Quer estudar para o concurso Magistratura PE?<\/h2>\n\n\n\n<p class=\"has-text-align-center\"><strong><em>Gostou dessa oportunidade&nbsp;e deseja se preparar para este concurso?<\/em><\/strong><br \/><strong><em>Esteja mais preparado com nossos cursos. Acompanhe as novidades!<\/em><\/strong><\/p>\n\n\n\n<p style=\"font-size:25px\" class=\"has-background has-text-align-center has-light-green-cyan-background-color\"><strong><a rel=\"noreferrer noopener\" aria-label=\"CURSO MAGISTRATURA ESTADUAL (abre numa nova aba)\" href=\"https:\/\/www.estrategiaconcursos.com.br\/cursosPorConcurso\/magistratura-estadual-regular\/\" target=\"_blank\">CURSO MAGISTRATURA ESTADUAL<\/a><\/strong><\/p>\n\n\n\n<p class=\"has-text-align-center\"><strong><em>Fique por dentro dos concursos vigentes:<\/em><\/strong><\/p>\n\n\n\n<p style=\"font-size:23px\" class=\"has-background has-text-align-center has-pale-cyan-blue-background-color\"><strong><a href=\"https:\/\/www.estrategiaconcursos.com.br\/blog\/concursos-abertos\/\" target=\"_blank\" rel=\"noreferrer noopener\">CONCURSOS ABERTOS<\/a><\/strong><\/p>\n\n\n\n<p style=\"font-size:23px\" class=\"has-background has-text-align-center has-pale-cyan-blue-background-color\"><strong><a href=\"https:\/\/www.estrategiaconcursos.com.br\/blog\/concursos-2020\/\" target=\"_blank\" rel=\"noreferrer noopener\">CONCURSOS&nbsp;2020<\/a><\/strong><\/p>\n\n\n\n<p style=\"font-size:23px\" class=\"has-background has-text-align-center has-pale-cyan-blue-background-color\"><strong><a rel=\"noreferrer noopener\" aria-label=\"CONCURSOS\u00a0DE DIREITO (abre numa nova aba)\" href=\"https:\/\/www.estrategiaconcursos.com.br\/blog\/concursos-de-direito\/\" target=\"_blank\">CONCURSOS\u00a0DE DIREITO<\/a><\/strong><\/p>\n\n\n\n<p style=\"font-size:23px\" class=\"has-background has-text-align-center has-very-light-gray-background-color\"><strong><a href=\"https:\/\/www.estrategiaconcursos.com.br\/blog\/concursos-tribunais-2020\" target=\"_blank\" rel=\"noreferrer noopener\" aria-label=\"CONCURSOS TRIBUNAIS (abre numa nova aba)\">CONCURSOS TRIBUNAIS<\/a> <\/strong><\/p>\n","protected":false},"excerpt":{"rendered":"<p>Em entrevista concedida ao programa Bom dia PE, da Rede Globo de televis\u00e3o, o rec\u00e9m-empossado Presidente do Tribunal de Justi\u00e7a de Pernambuco, Fernando Cerqueira, na manh\u00e3 desta quarta-feira, 05 de fevereiro, confirmou a realiza\u00e7\u00e3o de um concurso para Magistratura este ano, cuja comiss\u00e3o j\u00e1 se encontra formada. Segundo o presidente, existem mais de 200 cargos [&hellip;]<\/p>\n","protected":false},"author":317,"featured_media":0,"comment_status":"open","ping_status":"closed","sticky":false,"template":"","format":"standard","meta":{"post_tipo":"article","footnotes":""},"categories":[1],"tags":[],"tax_estado":[],"class_list":["post-478080","post","type-post","status-publish","format-standard","hentry","category-cursos-e-concursos"],"acf":[],"yoast_head":"<!-- This site is optimized with the Yoast SEO Premium plugin v27.2 (Yoast SEO v27.2) - https:\/\/yoast.com\/product\/yoast-seo-premium-wordpress\/ -->\n<title>Presidente do TJ PE confirma realiza\u00e7\u00e3o de concurso 2020 para a Magistratura<\/title>\n<meta name=\"robots\" content=\"index, follow, max-snippet:-1, max-image-preview:large, max-video-preview:-1\" \/>\n<link rel=\"canonical\" href=\"https:\/\/www.estrategiaconcursos.com.br\/blog\/presidente-do-tj-sc-confirma-realizacao-de-concurso-2020-para-a-magistratura\/\" \/>\n<meta property=\"og:locale\" content=\"pt_BR\" \/>\n<meta property=\"og:type\" content=\"article\" \/>\n<meta property=\"og:title\" content=\"Presidente do TJ PE confirma realiza\u00e7\u00e3o de concurso 2020 para a Magistratura\" \/>\n<meta property=\"og:description\" content=\"Em entrevista concedida ao programa Bom dia PE, da Rede Globo de televis\u00e3o, o rec\u00e9m-empossado Presidente do Tribunal de Justi\u00e7a de Pernambuco, Fernando Cerqueira, na manh\u00e3 desta quarta-feira, 05 de fevereiro, confirmou a realiza\u00e7\u00e3o de um concurso para Magistratura este ano, cuja comiss\u00e3o j\u00e1 se encontra formada. Segundo o presidente, existem mais de 200 cargos [&hellip;]\" \/>\n<meta property=\"og:url\" content=\"https:\/\/www.estrategiaconcursos.com.br\/blog\/presidente-do-tj-sc-confirma-realizacao-de-concurso-2020-para-a-magistratura\/\" \/>\n<meta property=\"og:site_name\" content=\"Estrat\u00e9gia Concursos\" \/>\n<meta property=\"article:author\" content=\"https:\/\/www.facebook.com\/igor.maciel.1420\" \/>\n<meta property=\"article:published_time\" content=\"2020-02-05T15:59:54+00:00\" \/>\n<meta property=\"article:modified_time\" content=\"2020-02-05T16:07:28+00:00\" \/>\n<meta name=\"author\" content=\"Igor Maciel\" \/>\n<meta name=\"twitter:card\" content=\"summary_large_image\" \/>\n<meta name=\"twitter:creator\" content=\"@EstratConcursos\" \/>\n<meta name=\"twitter:site\" content=\"@EstratConcursos\" \/>\n<meta name=\"twitter:label1\" content=\"Escrito por\" \/>\n\t<meta name=\"twitter:data1\" content=\"Igor Maciel\" \/>\n\t<meta name=\"twitter:label2\" content=\"Est. tempo de leitura\" \/>\n\t<meta name=\"twitter:data2\" content=\"2 minutos\" \/>\n<script type=\"application\/ld+json\" class=\"yoast-schema-graph\">{\"@context\":\"https:\/\/schema.org\",\"@graph\":[{\"@type\":\"NewsArticle\",\"@id\":\"https:\/\/www.estrategiaconcursos.com.br\/blog\/presidente-do-tj-sc-confirma-realizacao-de-concurso-2020-para-a-magistratura\/#article\",\"isPartOf\":{\"@id\":\"https:\/\/www.estrategiaconcursos.com.br\/blog\/presidente-do-tj-sc-confirma-realizacao-de-concurso-2020-para-a-magistratura\/\"},\"author\":{\"name\":\"Igor Maciel\",\"@id\":\"https:\/\/www.estrategiaconcursos.com.br\/blog\/#\/schema\/person\/024d26d5efb06d95dfc04025d7301591\"},\"headline\":\"Presidente do TJ PE confirma realiza\u00e7\u00e3o de concurso 2020 para a Magistratura\",\"datePublished\":\"2020-02-05T15:59:54+00:00\",\"dateModified\":\"2020-02-05T16:07:28+00:00\",\"mainEntityOfPage\":{\"@id\":\"https:\/\/www.estrategiaconcursos.com.br\/blog\/presidente-do-tj-sc-confirma-realizacao-de-concurso-2020-para-a-magistratura\/\"},\"wordCount\":318,\"commentCount\":0,\"publisher\":{\"@id\":\"https:\/\/www.estrategiaconcursos.com.br\/blog\/#organization\"},\"articleSection\":[\"Concursos P\u00fablicos\"],\"inLanguage\":\"pt-BR\",\"potentialAction\":[{\"@type\":\"CommentAction\",\"name\":\"Comment\",\"target\":[\"https:\/\/www.estrategiaconcursos.com.br\/blog\/presidente-do-tj-sc-confirma-realizacao-de-concurso-2020-para-a-magistratura\/#respond\"]}],\"copyrightYear\":\"2020\",\"copyrightHolder\":{\"@id\":\"https:\/\/www.estrategiaconcursos.com.br\/blog\/#organization\"}},{\"@type\":\"WebPage\",\"@id\":\"https:\/\/www.estrategiaconcursos.com.br\/blog\/presidente-do-tj-sc-confirma-realizacao-de-concurso-2020-para-a-magistratura\/\",\"url\":\"https:\/\/www.estrategiaconcursos.com.br\/blog\/presidente-do-tj-sc-confirma-realizacao-de-concurso-2020-para-a-magistratura\/\",\"name\":\"Presidente do TJ PE confirma realiza\u00e7\u00e3o de concurso 2020 para a Magistratura\",\"isPartOf\":{\"@id\":\"https:\/\/www.estrategiaconcursos.com.br\/blog\/#website\"},\"datePublished\":\"2020-02-05T15:59:54+00:00\",\"dateModified\":\"2020-02-05T16:07:28+00:00\",\"breadcrumb\":{\"@id\":\"https:\/\/www.estrategiaconcursos.com.br\/blog\/presidente-do-tj-sc-confirma-realizacao-de-concurso-2020-para-a-magistratura\/#breadcrumb\"},\"inLanguage\":\"pt-BR\",\"potentialAction\":[{\"@type\":\"ReadAction\",\"target\":[\"https:\/\/www.estrategiaconcursos.com.br\/blog\/presidente-do-tj-sc-confirma-realizacao-de-concurso-2020-para-a-magistratura\/\"]}]},{\"@type\":\"BreadcrumbList\",\"@id\":\"https:\/\/www.estrategiaconcursos.com.br\/blog\/presidente-do-tj-sc-confirma-realizacao-de-concurso-2020-para-a-magistratura\/#breadcrumb\",\"itemListElement\":[{\"@type\":\"ListItem\",\"position\":1,\"name\":\"In\u00edcio\",\"item\":\"https:\/\/www.estrategiaconcursos.com.br\/blog\/\"},{\"@type\":\"ListItem\",\"position\":2,\"name\":\"Presidente do TJ PE confirma realiza\u00e7\u00e3o de concurso 2020 para a Magistratura\"}]},{\"@type\":\"WebSite\",\"@id\":\"https:\/\/www.estrategiaconcursos.com.br\/blog\/#website\",\"url\":\"https:\/\/www.estrategiaconcursos.com.br\/blog\/\",\"name\":\"Estrat\u00e9gia Concursos\",\"description\":\"O blog da Estrat\u00e9gia Concursos traz not\u00edcias sobre concursos e artigos de professores oferecendo cursos para concursos (pdf + videaulas) no site.\",\"publisher\":{\"@id\":\"https:\/\/www.estrategiaconcursos.com.br\/blog\/#organization\"},\"potentialAction\":[{\"@type\":\"SearchAction\",\"target\":{\"@type\":\"EntryPoint\",\"urlTemplate\":\"https:\/\/www.estrategiaconcursos.com.br\/blog\/?s={search_term_string}\"},\"query-input\":{\"@type\":\"PropertyValueSpecification\",\"valueRequired\":true,\"valueName\":\"search_term_string\"}}],\"inLanguage\":\"pt-BR\"},{\"@type\":\"Organization\",\"@id\":\"https:\/\/www.estrategiaconcursos.com.br\/blog\/#organization\",\"name\":\"Estrat\u00e9gia Concursos\",\"url\":\"https:\/\/www.estrategiaconcursos.com.br\/blog\/\",\"logo\":{\"@type\":\"ImageObject\",\"inLanguage\":\"pt-BR\",\"@id\":\"https:\/\/www.estrategiaconcursos.com.br\/blog\/#\/schema\/logo\/image\/\",\"url\":\"https:\/\/dhg1h5j42swfq.cloudfront.net\/2025\/06\/03203428\/logo_concursos-1.jpg\",\"contentUrl\":\"https:\/\/dhg1h5j42swfq.cloudfront.net\/2025\/06\/03203428\/logo_concursos-1.jpg\",\"width\":230,\"height\":60,\"caption\":\"Estrat\u00e9gia Concursos\"},\"image\":{\"@id\":\"https:\/\/www.estrategiaconcursos.com.br\/blog\/#\/schema\/logo\/image\/\"},\"sameAs\":[\"https:\/\/x.com\/EstratConcursos\"]},{\"@type\":\"Person\",\"@id\":\"https:\/\/www.estrategiaconcursos.com.br\/blog\/#\/schema\/person\/024d26d5efb06d95dfc04025d7301591\",\"name\":\"Igor Maciel\",\"image\":{\"@type\":\"ImageObject\",\"inLanguage\":\"pt-BR\",\"@id\":\"https:\/\/secure.gravatar.com\/avatar\/e983a676af6facf4aebcb2989d49e3bf61b718712d5e7a4b3f355b7fe651bc2f?s=96&d=mm&r=g\",\"url\":\"https:\/\/secure.gravatar.com\/avatar\/e983a676af6facf4aebcb2989d49e3bf61b718712d5e7a4b3f355b7fe651bc2f?s=96&d=mm&r=g\",\"contentUrl\":\"https:\/\/secure.gravatar.com\/avatar\/e983a676af6facf4aebcb2989d49e3bf61b718712d5e7a4b3f355b7fe651bc2f?s=96&d=mm&r=g\",\"caption\":\"Igor Maciel\"},\"description\":\"Graduado na Universidade Federal de Pernambuco, com extens\u00e3o na Universidade de Coimbra\/Portugal. Especialista LLM em Direito Corporativo pelo IBMEC\/RJ. Mestrando em Direito e Pol\u00edticas P\u00fablicas pelo UNICEUB\/DF. Advogado com atua\u00e7\u00e3o profissional centrada no Direito Tribut\u00e1rio e no Direito Administrativo, especialmente na defesa de servidores p\u00fablicos.\",\"sameAs\":[\"http:\/\/www.imaciel.com.br\",\"https:\/\/www.facebook.com\/igor.maciel.1420\"],\"url\":\"https:\/\/www.estrategiaconcursos.com.br\/blog\/author\/contatoimaciel-com-br\/\"}]}<\/script>\n<!-- \/ Yoast SEO Premium plugin. -->","yoast_head_json":{"title":"Presidente do TJ PE confirma realiza\u00e7\u00e3o de concurso 2020 para a Magistratura","robots":{"index":"index","follow":"follow","max-snippet":"max-snippet:-1","max-image-preview":"max-image-preview:large","max-video-preview":"max-video-preview:-1"},"canonical":"https:\/\/www.estrategiaconcursos.com.br\/blog\/presidente-do-tj-sc-confirma-realizacao-de-concurso-2020-para-a-magistratura\/","og_locale":"pt_BR","og_type":"article","og_title":"Presidente do TJ PE confirma realiza\u00e7\u00e3o de concurso 2020 para a Magistratura","og_description":"Em entrevista concedida ao programa Bom dia PE, da Rede Globo de televis\u00e3o, o rec\u00e9m-empossado Presidente do Tribunal de Justi\u00e7a de Pernambuco, Fernando Cerqueira, na manh\u00e3 desta quarta-feira, 05 de fevereiro, confirmou a realiza\u00e7\u00e3o de um concurso para Magistratura este ano, cuja comiss\u00e3o j\u00e1 se encontra formada. Segundo o presidente, existem mais de 200 cargos [&hellip;]","og_url":"https:\/\/www.estrategiaconcursos.com.br\/blog\/presidente-do-tj-sc-confirma-realizacao-de-concurso-2020-para-a-magistratura\/","og_site_name":"Estrat\u00e9gia Concursos","article_author":"https:\/\/www.facebook.com\/igor.maciel.1420","article_published_time":"2020-02-05T15:59:54+00:00","article_modified_time":"2020-02-05T16:07:28+00:00","author":"Igor Maciel","twitter_card":"summary_large_image","twitter_creator":"@EstratConcursos","twitter_site":"@EstratConcursos","twitter_misc":{"Escrito por":"Igor Maciel","Est. tempo de leitura":"2 minutos"},"schema":{"@context":"https:\/\/schema.org","@graph":[{"@type":"NewsArticle","@id":"https:\/\/www.estrategiaconcursos.com.br\/blog\/presidente-do-tj-sc-confirma-realizacao-de-concurso-2020-para-a-magistratura\/#article","isPartOf":{"@id":"https:\/\/www.estrategiaconcursos.com.br\/blog\/presidente-do-tj-sc-confirma-realizacao-de-concurso-2020-para-a-magistratura\/"},"author":{"name":"Igor Maciel","@id":"https:\/\/www.estrategiaconcursos.com.br\/blog\/#\/schema\/person\/024d26d5efb06d95dfc04025d7301591"},"headline":"Presidente do TJ PE confirma realiza\u00e7\u00e3o de concurso 2020 para a Magistratura","datePublished":"2020-02-05T15:59:54+00:00","dateModified":"2020-02-05T16:07:28+00:00","mainEntityOfPage":{"@id":"https:\/\/www.estrategiaconcursos.com.br\/blog\/presidente-do-tj-sc-confirma-realizacao-de-concurso-2020-para-a-magistratura\/"},"wordCount":318,"commentCount":0,"publisher":{"@id":"https:\/\/www.estrategiaconcursos.com.br\/blog\/#organization"},"articleSection":["Concursos P\u00fablicos"],"inLanguage":"pt-BR","potentialAction":[{"@type":"CommentAction","name":"Comment","target":["https:\/\/www.estrategiaconcursos.com.br\/blog\/presidente-do-tj-sc-confirma-realizacao-de-concurso-2020-para-a-magistratura\/#respond"]}],"copyrightYear":"2020","copyrightHolder":{"@id":"https:\/\/www.estrategiaconcursos.com.br\/blog\/#organization"}},{"@type":"WebPage","@id":"https:\/\/www.estrategiaconcursos.com.br\/blog\/presidente-do-tj-sc-confirma-realizacao-de-concurso-2020-para-a-magistratura\/","url":"https:\/\/www.estrategiaconcursos.com.br\/blog\/presidente-do-tj-sc-confirma-realizacao-de-concurso-2020-para-a-magistratura\/","name":"Presidente do TJ PE confirma realiza\u00e7\u00e3o de concurso 2020 para a Magistratura","isPartOf":{"@id":"https:\/\/www.estrategiaconcursos.com.br\/blog\/#website"},"datePublished":"2020-02-05T15:59:54+00:00","dateModified":"2020-02-05T16:07:28+00:00","breadcrumb":{"@id":"https:\/\/www.estrategiaconcursos.com.br\/blog\/presidente-do-tj-sc-confirma-realizacao-de-concurso-2020-para-a-magistratura\/#breadcrumb"},"inLanguage":"pt-BR","potentialAction":[{"@type":"ReadAction","target":["https:\/\/www.estrategiaconcursos.com.br\/blog\/presidente-do-tj-sc-confirma-realizacao-de-concurso-2020-para-a-magistratura\/"]}]},{"@type":"BreadcrumbList","@id":"https:\/\/www.estrategiaconcursos.com.br\/blog\/presidente-do-tj-sc-confirma-realizacao-de-concurso-2020-para-a-magistratura\/#breadcrumb","itemListElement":[{"@type":"ListItem","position":1,"name":"In\u00edcio","item":"https:\/\/www.estrategiaconcursos.com.br\/blog\/"},{"@type":"ListItem","position":2,"name":"Presidente do TJ PE confirma realiza\u00e7\u00e3o de concurso 2020 para a Magistratura"}]},{"@type":"WebSite","@id":"https:\/\/www.estrategiaconcursos.com.br\/blog\/#website","url":"https:\/\/www.estrategiaconcursos.com.br\/blog\/","name":"Estrat\u00e9gia Concursos","description":"O blog da Estrat\u00e9gia Concursos traz not\u00edcias sobre concursos e artigos de professores oferecendo cursos para concursos (pdf + videaulas) no site.","publisher":{"@id":"https:\/\/www.estrategiaconcursos.com.br\/blog\/#organization"},"potentialAction":[{"@type":"SearchAction","target":{"@type":"EntryPoint","urlTemplate":"https:\/\/www.estrategiaconcursos.com.br\/blog\/?s={search_term_string}"},"query-input":{"@type":"PropertyValueSpecification","valueRequired":true,"valueName":"search_term_string"}}],"inLanguage":"pt-BR"},{"@type":"Organization","@id":"https:\/\/www.estrategiaconcursos.com.br\/blog\/#organization","name":"Estrat\u00e9gia Concursos","url":"https:\/\/www.estrategiaconcursos.com.br\/blog\/","logo":{"@type":"ImageObject","inLanguage":"pt-BR","@id":"https:\/\/www.estrategiaconcursos.com.br\/blog\/#\/schema\/logo\/image\/","url":"https:\/\/dhg1h5j42swfq.cloudfront.net\/2025\/06\/03203428\/logo_concursos-1.jpg","contentUrl":"https:\/\/dhg1h5j42swfq.cloudfront.net\/2025\/06\/03203428\/logo_concursos-1.jpg","width":230,"height":60,"caption":"Estrat\u00e9gia Concursos"},"image":{"@id":"https:\/\/www.estrategiaconcursos.com.br\/blog\/#\/schema\/logo\/image\/"},"sameAs":["https:\/\/x.com\/EstratConcursos"]},{"@type":"Person","@id":"https:\/\/www.estrategiaconcursos.com.br\/blog\/#\/schema\/person\/024d26d5efb06d95dfc04025d7301591","name":"Igor Maciel","image":{"@type":"ImageObject","inLanguage":"pt-BR","@id":"https:\/\/secure.gravatar.com\/avatar\/e983a676af6facf4aebcb2989d49e3bf61b718712d5e7a4b3f355b7fe651bc2f?s=96&d=mm&r=g","url":"https:\/\/secure.gravatar.com\/avatar\/e983a676af6facf4aebcb2989d49e3bf61b718712d5e7a4b3f355b7fe651bc2f?s=96&d=mm&r=g","contentUrl":"https:\/\/secure.gravatar.com\/avatar\/e983a676af6facf4aebcb2989d49e3bf61b718712d5e7a4b3f355b7fe651bc2f?s=96&d=mm&r=g","caption":"Igor Maciel"},"description":"Graduado na Universidade Federal de Pernambuco, com extens\u00e3o na Universidade de Coimbra\/Portugal. Especialista LLM em Direito Corporativo pelo IBMEC\/RJ. Mestrando em Direito e Pol\u00edticas P\u00fablicas pelo UNICEUB\/DF. Advogado com atua\u00e7\u00e3o profissional centrada no Direito Tribut\u00e1rio e no Direito Administrativo, especialmente na defesa de servidores p\u00fablicos.","sameAs":["http:\/\/www.imaciel.com.br","https:\/\/www.facebook.com\/igor.maciel.1420"],"url":"https:\/\/www.estrategiaconcursos.com.br\/blog\/author\/contatoimaciel-com-br\/"}]}},"_links":{"self":[{"href":"https:\/\/www.estrategiaconcursos.com.br\/blog\/wp-json\/wp\/v2\/posts\/478080","targetHints":{"allow":["GET"]}}],"collection":[{"href":"https:\/\/www.estrategiaconcursos.com.br\/blog\/wp-json\/wp\/v2\/posts"}],"about":[{"href":"https:\/\/www.estrategiaconcursos.com.br\/blog\/wp-json\/wp\/v2\/types\/post"}],"author":[{"embeddable":true,"href":"https:\/\/www.estrategiaconcursos.com.br\/blog\/wp-json\/wp\/v2\/users\/317"}],"replies":[{"embeddable":true,"href":"https:\/\/www.estrategiaconcursos.com.br\/blog\/wp-json\/wp\/v2\/comments?post=478080"}],"version-history":[{"count":12,"href":"https:\/\/www.estrategiaconcursos.com.br\/blog\/wp-json\/wp\/v2\/posts\/478080\/revisions"}],"predecessor-version":[{"id":478107,"href":"https:\/\/www.estrategiaconcursos.com.br\/blog\/wp-json\/wp\/v2\/posts\/478080\/revisions\/478107"}],"wp:attachment":[{"href":"https:\/\/www.estrategiaconcursos.com.br\/blog\/wp-json\/wp\/v2\/media?parent=478080"}],"wp:term":[{"taxonomy":"category","embeddable":true,"href":"https:\/\/www.estrategiaconcursos.com.br\/blog\/wp-json\/wp\/v2\/categories?post=478080"},{"taxonomy":"post_tag","embeddable":true,"href":"https:\/\/www.estrategiaconcursos.com.br\/blog\/wp-json\/wp\/v2\/tags?post=478080"},{"taxonomy":"tax_estado","embeddable":true,"href":"https:\/\/www.estrategiaconcursos.com.br\/blog\/wp-json\/wp\/v2\/tax_estado?post=478080"}],"curies":[{"name":"wp","href":"https:\/\/api.w.org\/{rel}","templated":true}]}}