{"id":477980,"date":"2020-02-05T11:20:28","date_gmt":"2020-02-05T14:20:28","guid":{"rendered":"https:\/\/www.estrategiaconcursos.com.br\/blog\/?p=477980"},"modified":"2020-02-05T11:55:03","modified_gmt":"2020-02-05T14:55:03","slug":"concurso-da-prefeitura-de-ouro-fino-mg-tem-edital-retificado","status":"publish","type":"post","link":"https:\/\/www.estrategiaconcursos.com.br\/blog\/concurso-da-prefeitura-de-ouro-fino-mg-tem-edital-retificado\/","title":{"rendered":"Concurso da Prefeitura de Ouro Fino &#8211; MG tem edital retificado"},"content":{"rendered":"\n<p>Os concursos p\u00fablicos da Prefeitura de Ouro Fino e do Departamento Aut\u00f4nomo de \u00c1gua e Esgoto de Ouro Fino passaram por suas primeiras retifica\u00e7\u00f5es. No edital do DMAEE, foi inclusa mais uma etapa. J\u00e1 no edital da Prefeitura, houve inclus\u00e3o no conte\u00fado program\u00e1tico espec\u00edfico, altera\u00e7\u00e3o nos requisitos e nas atribui\u00e7\u00f5es.<\/p>\n\n\n\n<p>Publicados no final do ano passado, os editais ofertam, juntos, 146 vagas para diversos cargos de n\u00edvel \u00a0fundamental, m\u00e9dio, t\u00e9cnico e superior. A organiza\u00e7\u00e3o do certame \u00e9 do IMAM e as inscri\u00e7\u00f5es j\u00e1 podem ser feitas a partir desta quarta-feira, 05 de fevereiro.<\/p>\n\n\n\n<p>Confira abaixo as retifica\u00e7\u00f5es dos certames e logo em seguida, o documento completo, publicado no Di\u00e1rio Oficial do Estado de Minas Gerais &#8211; Caderno 2.<\/p>\n\n\n\n<h2 class=\"wp-block-heading\">DMAAE Ouro Fino<\/h2>\n\n\n\n<p>Fica inclu\u00eddo o <strong>Teste de Aptid\u00e3o F\u00edsica<\/strong> de car\u00e1ter eliminat\u00f3rio, objetivando apenas declarar aptid\u00e3o ou inaptid\u00e3o do candidato para o exerc\u00edcio do cargo, sendo que o candidato considerado inapto ser\u00e1 eliminado do concurso independentemente do resultado da Prova Objetiva.<\/p>\n\n\n\n<ul class=\"wp-block-list\"><li>Auxiliar de Servi\u00e7os Gerais, <\/li><li>Calceteiro, Encanador, <\/li><li>Operador de ETA, <\/li><li>Leiturista \/ Vistoriador, <\/li><li>Operador de Retroescavadeiras e M\u00e1quinas Pesadas, <\/li><li>Pedreiro e <\/li><li>Servente de Pedreiro.<\/li><\/ul>\n\n\n\n<figure class=\"wp-block-image size-large\"><img loading=\"lazy\" decoding=\"async\" width=\"834\" height=\"210\" src=\"https:\/\/dhg1h5j42swfq.cloudfront.net\/2020\/02\/05101707\/Capturar.png\" alt=\"\" class=\"wp-image-477962\" srcset=\"https:\/\/dhg1h5j42swfq.cloudfront.net\/2020\/02\/05101707\/Capturar.png 834w, https:\/\/dhg1h5j42swfq.cloudfront.net\/2020\/02\/05101707\/Capturar-300x76.png 300w, https:\/\/dhg1h5j42swfq.cloudfront.net\/2020\/02\/05101707\/Capturar-768x193.png 768w, https:\/\/dhg1h5j42swfq.cloudfront.net\/2020\/02\/05101707\/Capturar-610x154.png 610w\" sizes=\"auto, (max-width: 834px) 100vw, 834px\" \/><\/figure>\n\n\n\n<h2 class=\"wp-block-heading\">Prefeitura de Ouro Fino<\/h2>\n\n\n\n<p>Para o cargo de Especialista Educacional, houve altera\u00e7\u00e3o nos <strong>requisitos<\/strong>, que agora passam a ser os seguintes:<\/p>\n\n\n\n<ul class=\"wp-block-list\"><li>Licenciatura Plena em Pedagogia com habilita\u00e7\u00e3o em Orienta\u00e7\u00e3o Educacional e\/ou Supervis\u00e3o Escolar; <strong>ou <\/strong><\/li><li>Licenciatura Plena em Pedagogia nos termos da Resolu\u00e7\u00e3o CNE\/CP n\u00ba 01\/2006; <strong>ou<\/strong><\/li><li>Licenciatura Plena em qualquer \u00e1rea de conhecimento, acrescida de P\u00f3s Gradua\u00e7\u00e3o lato sensu em Orienta\u00e7\u00e3o Educacional ou Supervis\u00e3o Educacional. <\/li><\/ul>\n\n\n\n<p>Foram inclu\u00eddos os seguintes conte\u00fados na parte de <strong>Conhecimentos Espec\u00edficos<\/strong>:<\/p>\n\n\n\n<h3 class=\"wp-block-heading\">Auxiliar Servi\u00e7o P\u00fablico Sa\u00fade <\/h3>\n\n\n\n<p>Conhecimentos sobre a limpeza de ambientes nas reparti\u00e7\u00f5es p\u00fablicas municipais; limpeza de depend\u00eancias de circula\u00e7\u00e3o, depend\u00eancias de trabalho e depend\u00eancias sanit\u00e1rias; conhecimentos sobre a pr\u00e1tica de limpeza de pisos, assoalhos, paredes, tetos, madeiras, vidra\u00e7as, mobili\u00e1rio, em geral; Limpeza e manuten\u00e7\u00e3o de m\u00f3veis e im\u00f3veis. Limpeza de ve\u00edculos. Produtos de limpeza e higieniza\u00e7\u00e3o: aplica\u00e7\u00e3o, cuidados e seguran\u00e7a; Uso e cuidados com materiais de limpeza e higiene, detergente, desinfetante e defensivo. Normas de seguran\u00e7a nos servi\u00e7os de limpeza, inclusive acerca do uso de materiais e equipamentos e prote\u00e7\u00e3o individual; conhecimentos de servi\u00e7os de copa e procedimentos para servir (prepara\u00e7\u00e3o de caf\u00e9 e lanche); Guarda e armazenagem de materiais e utens\u00edlios. <\/p>\n\n\n\n<h3 class=\"wp-block-heading\">Monitor de Esportes <\/h3>\n\n\n\n<p>Atividades desportivas, recreativas, culturais e sociais, envolvendo crian\u00e7as, adolescentes, jovens, adultos e idosos. Influ\u00eancia das Atividades F\u00edsicas e Recreativas na Melhoria da Qualidade de Vida. Benef\u00edcios da pr\u00e1tica esportiva. Pol\u00edticas P\u00fablicas (lazer e esporte). Atividades de recrea\u00e7\u00e3o e lazer. O corpo e o l\u00fadico. Metodologia do treinamento desportivo. Compreens\u00e3o do desenvolvimento motor. Les\u00f5es esportivas. Seguran\u00e7a Esportiva. Treinamento desportivo. Aquecimento Neuromuscular. Alongamento Muscular. Conhecimento sobre Aptid\u00e3o F\u00edsica. Esportes (regras oficiais), jogos, lutas e gin\u00e1sticas. Primeiros socorros. Pluralidade do esporte: modalidades esportivas coletivas e individuais. Eventos esportivos, culturais e sociais. <\/p>\n\n\n\n<p>Al\u00e9m disso, as <strong>atribui\u00e7\u00f5es <\/strong>do cargo de Assistente Social tamb\u00e9m foram alteradas:<\/p>\n\n\n\n<p>Corresponde as tarefas destinadas a executar trabalho de assist\u00eancia social consistentes em: Orientar indiv\u00edduos, fam\u00edlias, grupos, comunidades e institui\u00e7\u00f5es: Esclarecer d\u00favidas, orientar sobre direitos e deveres, acesso a direitos institu\u00eddos, rotinas da institui\u00e7\u00e3o, cuidados especiais, servi\u00e7os e recursos sociais, normas, c\u00f3digos e legisla\u00e7\u00e3o e sobre processos, procedimentos e t\u00e9cnicas; ensinar a otimiza\u00e7\u00e3o do uso de recursos; organizar e facilitar; assessorar na elabora\u00e7\u00e3o de programas e projetos sociais; organizar cursos, palestras, reuni\u00f5es, planejar pol\u00edticas sociais, elaborar planos, programas e projetos espec\u00edficos; delimitar o problema; definir p\u00fablico-alvo, objetivos, metas e metodologia; formular propostas; estabelecer prioridades e crit\u00e9rios de atendimento; programar atividades; pesquisar a realidade social; realizar estudo socioecon\u00f4mico; pesquisar interesses da popula\u00e7\u00e3o; perfil dos usu\u00e1rios; caracter\u00edsticas da \u00e1rea de atua\u00e7\u00e3o; informa\u00e7\u00f5es in loco; entidades e institui\u00e7\u00f5es; realizar pesquisas bibliogr\u00e1ficas e documentais; estudar viabilidade de projetos propostos; coletar, organizar, compilar, tabular e difundir dados; executar procedimentos t\u00e9cnicos; registrar atendimentos; informar situa\u00e7\u00f5es-problema; requisitar acomoda\u00e7\u00f5es e vagas em equipamentos sociais da Prefeitura de Ouro Fino; formular relat\u00f3rios, pareceres t\u00e9cnicos e rotinas e procedimento; formular instrumental (formul\u00e1rios, question\u00e1rios, etc.); monitorar as a\u00e7\u00f5es em desenvolvimento; acompanhar e acompanhar resultados da execu\u00e7\u00e3o de programas; projetos e planos; analisar as t\u00e9cnicas utilizadas; apurar custos; verificar atendimento dos compromissos acordados com o usu\u00e1rio; criar crit\u00e9rios e indicadores para avalia\u00e7\u00e3o; aplicar instrumentos de avalia\u00e7\u00e3o; avaliar cumprimento dos objetivos e programas, projetos e planos propostos; avaliar satisfa\u00e7\u00e3o dos usu\u00e1rios; articular recursos dispon\u00edveis: Identificar equipamentos sociais dispon\u00edveis; identificar recursos financeiros dispon\u00edveis; negociar com entidades e institui\u00e7\u00f5es; formar uma rede de atendimento; identificar vagas no mercado de trabalho para coloca\u00e7\u00e3o; realocar recursos dispon\u00edveis; participar de comiss\u00f5es t\u00e9cnicas; coordenar equipes e atividades; coordenar projetos e grupos de trabalho; recrutar selecionar e pessoal; participar do planejamento de atividades de treinamento e avalia\u00e7\u00e3o de desempenho dos recursos humanos da institui\u00e7\u00e3o; desempenhar tarefas administrativas; providenciar documenta\u00e7\u00e3o oficial; cadastrar usu\u00e1rios, entidades e recursos; controlar fluxo de documentos; administrar recursos financeiros; controlar custos; controlar dados estat\u00edsticos; utilizar recursos de Inform\u00e1tica; executar outras tarefas de mesma natureza e n\u00edvel de complexidade associadas ao ambiente organizacional. <\/p>\n\n\n\n<p class=\"has-text-align-center has-medium-font-size\"> \u25ba<strong><a href=\"https:\/\/dhg1h5j42swfq.cloudfront.net\/2020\/02\/05110401\/DMAAE_e_Prefeitura_de_Ouro_Fino_-_Retifica%C3%A7%C3%B5es.pdf\" target=\"_blank\" rel=\"noreferrer noopener\" aria-label=\"Edital de Retifica\u00e7\u00e3o (abre numa nova aba)\">Edital de Retifica\u00e7\u00e3o<\/a><\/strong><\/p>\n\n\n\n<p style=\"font-size:18px\" class=\"has-background has-text-align-center has-very-light-gray-background-color\"><strong>Mais informa\u00e7\u00f5es: <a rel=\"noreferrer noopener\" aria-label=\"Concurso Prefeitura de Ouro Fino (abre numa nova aba)\" href=\"https:\/\/www.estrategiaconcursos.com.br\/blog\/concurso-prefeitura-de-ouro-fino\/\" target=\"_blank\">Concurso Prefeitura de Ouro Fino<\/a><br \/> <a rel=\"noreferrer noopener\" aria-label=\"Concurso DMAAE Ouro Fino (abre numa nova aba)\" href=\"https:\/\/www.estrategiaconcursos.com.br\/blog\/concurso-dmaae-ouro-fino\/\" target=\"_blank\">Concurso DMAAE Ouro Fino<\/a> <\/strong><\/p>\n\n\n\n<p class=\"has-text-align-center\"><em><strong>Assinatura Anual Ilimitada*<\/strong><\/em><\/p>\n\n\n\n<p class=\"has-text-align-center\"><em>Prepare-se com o melhor material e com quem mais aprova em Concursos P\u00fablicos em todo o pa\u00eds. Assine agora a nossa Assinatura Anual e tenha acesso ilimitado* a todos os nossos cursos.<\/em><\/p>\n\n\n\n<p class=\"has-background has-text-align-center has-medium-font-size has-light-green-cyan-background-color\"><strong>ASSINE AGORA<\/strong>&nbsp;\u2013&nbsp;<a rel=\"noreferrer noopener\" href=\"https:\/\/www.estrategiaconcursos.com.br\/assinaturas\" target=\"_blank\"><strong>Assinatura Ilimitada<\/strong><\/a><\/p>\n\n\n\n<p class=\"has-text-align-center\"><strong><em>Fique por dentro de todos os concursos<\/em><\/strong><\/p>\n\n\n\n<p class=\"has-background has-text-align-center has-medium-font-size has-pale-cyan-blue-background-color\"><a rel=\"noreferrer noopener\" href=\"https:\/\/www.estrategiaconcursos.com.br\/blog\/concursos-abertos\/\" target=\"_blank\"><strong>CONCURSOS ABERTOS<\/strong><\/a><\/p>\n\n\n\n<p class=\"has-background has-text-align-center has-medium-font-size has-pale-cyan-blue-background-color\"><a rel=\"noreferrer noopener\" href=\"https:\/\/www.estrategiaconcursos.com.br\/blog\/concursos-2020\/\" target=\"_blank\"><strong>CONCURSOS&nbsp;2020<\/strong><\/a><\/p>\n","protected":false},"excerpt":{"rendered":"<p>Os concursos p\u00fablicos da Prefeitura de Ouro Fino e do Departamento Aut\u00f4nomo de \u00c1gua e Esgoto de Ouro Fino passaram por suas primeiras retifica\u00e7\u00f5es. No edital do DMAEE, foi inclusa mais uma etapa. J\u00e1 no edital da Prefeitura, houve inclus\u00e3o no conte\u00fado program\u00e1tico espec\u00edfico, altera\u00e7\u00e3o nos requisitos e nas atribui\u00e7\u00f5es. Publicados no final do ano [&hellip;]<\/p>\n","protected":false},"author":388,"featured_media":477982,"comment_status":"open","ping_status":"closed","sticky":false,"template":"","format":"standard","meta":{"post_tipo":"article","footnotes":""},"categories":[1],"tags":[],"tax_estado":[],"class_list":["post-477980","post","type-post","status-publish","format-standard","has-post-thumbnail","hentry","category-cursos-e-concursos"],"acf":[],"yoast_head":"<!-- This site is optimized with the Yoast SEO Premium plugin v27.2 (Yoast SEO v27.2) - https:\/\/yoast.com\/product\/yoast-seo-premium-wordpress\/ -->\n<title>Concurso da Prefeitura de Ouro Fino - MG tem edital retificado<\/title>\n<meta name=\"robots\" content=\"index, follow, max-snippet:-1, max-image-preview:large, max-video-preview:-1\" \/>\n<link rel=\"canonical\" href=\"https:\/\/www.estrategiaconcursos.com.br\/blog\/concurso-da-prefeitura-de-ouro-fino-mg-tem-edital-retificado\/\" \/>\n<meta property=\"og:locale\" content=\"pt_BR\" \/>\n<meta property=\"og:type\" content=\"article\" \/>\n<meta property=\"og:title\" content=\"Concurso da Prefeitura de Ouro Fino - MG tem edital retificado\" \/>\n<meta property=\"og:description\" content=\"Os concursos p\u00fablicos da Prefeitura de Ouro Fino e do Departamento Aut\u00f4nomo de \u00c1gua e Esgoto de Ouro Fino passaram por suas primeiras retifica\u00e7\u00f5es. No edital do DMAEE, foi inclusa mais uma etapa. J\u00e1 no edital da Prefeitura, houve inclus\u00e3o no conte\u00fado program\u00e1tico espec\u00edfico, altera\u00e7\u00e3o nos requisitos e nas atribui\u00e7\u00f5es. Publicados no final do ano [&hellip;]\" \/>\n<meta property=\"og:url\" content=\"https:\/\/www.estrategiaconcursos.com.br\/blog\/concurso-da-prefeitura-de-ouro-fino-mg-tem-edital-retificado\/\" \/>\n<meta property=\"og:site_name\" content=\"Estrat\u00e9gia Concursos\" \/>\n<meta property=\"article:published_time\" content=\"2020-02-05T14:20:28+00:00\" \/>\n<meta property=\"article:modified_time\" content=\"2020-02-05T14:55:03+00:00\" \/>\n<meta property=\"og:image\" content=\"https:\/\/dhg1h5j42swfq.cloudfront.net\/2020\/02\/05104450\/OURO-FINO.jpg\" \/>\n\t<meta property=\"og:image:width\" content=\"1200\" \/>\n\t<meta property=\"og:image:height\" content=\"628\" \/>\n\t<meta property=\"og:image:type\" content=\"image\/jpeg\" \/>\n<meta name=\"author\" content=\"Tiago Zanolla\" \/>\n<meta name=\"twitter:card\" content=\"summary_large_image\" \/>\n<meta name=\"twitter:creator\" content=\"@EstratConcursos\" \/>\n<meta name=\"twitter:site\" content=\"@EstratConcursos\" \/>\n<meta name=\"twitter:label1\" content=\"Escrito por\" \/>\n\t<meta name=\"twitter:data1\" content=\"Tiago Zanolla\" \/>\n\t<meta name=\"twitter:label2\" content=\"Est. tempo de leitura\" \/>\n\t<meta name=\"twitter:data2\" content=\"5 minutos\" \/>\n<script type=\"application\/ld+json\" class=\"yoast-schema-graph\">{\"@context\":\"https:\/\/schema.org\",\"@graph\":[{\"@type\":\"NewsArticle\",\"@id\":\"https:\/\/www.estrategiaconcursos.com.br\/blog\/concurso-da-prefeitura-de-ouro-fino-mg-tem-edital-retificado\/#article\",\"isPartOf\":{\"@id\":\"https:\/\/www.estrategiaconcursos.com.br\/blog\/concurso-da-prefeitura-de-ouro-fino-mg-tem-edital-retificado\/\"},\"author\":{\"name\":\"Tiago Zanolla\",\"@id\":\"https:\/\/www.estrategiaconcursos.com.br\/blog\/#\/schema\/person\/1509739fd92a40c9b52116de04a90310\"},\"headline\":\"Concurso da Prefeitura de Ouro Fino &#8211; MG tem edital retificado\",\"datePublished\":\"2020-02-05T14:20:28+00:00\",\"dateModified\":\"2020-02-05T14:55:03+00:00\",\"mainEntityOfPage\":{\"@id\":\"https:\/\/www.estrategiaconcursos.com.br\/blog\/concurso-da-prefeitura-de-ouro-fino-mg-tem-edital-retificado\/\"},\"wordCount\":1023,\"commentCount\":0,\"publisher\":{\"@id\":\"https:\/\/www.estrategiaconcursos.com.br\/blog\/#organization\"},\"image\":{\"@id\":\"https:\/\/www.estrategiaconcursos.com.br\/blog\/concurso-da-prefeitura-de-ouro-fino-mg-tem-edital-retificado\/#primaryimage\"},\"thumbnailUrl\":\"https:\/\/dhg1h5j42swfq.cloudfront.net\/2020\/02\/05104450\/OURO-FINO.jpg\",\"articleSection\":[\"Concursos P\u00fablicos\"],\"inLanguage\":\"pt-BR\",\"potentialAction\":[{\"@type\":\"CommentAction\",\"name\":\"Comment\",\"target\":[\"https:\/\/www.estrategiaconcursos.com.br\/blog\/concurso-da-prefeitura-de-ouro-fino-mg-tem-edital-retificado\/#respond\"]}],\"copyrightYear\":\"2020\",\"copyrightHolder\":{\"@id\":\"https:\/\/www.estrategiaconcursos.com.br\/blog\/#organization\"}},{\"@type\":\"WebPage\",\"@id\":\"https:\/\/www.estrategiaconcursos.com.br\/blog\/concurso-da-prefeitura-de-ouro-fino-mg-tem-edital-retificado\/\",\"url\":\"https:\/\/www.estrategiaconcursos.com.br\/blog\/concurso-da-prefeitura-de-ouro-fino-mg-tem-edital-retificado\/\",\"name\":\"Concurso da Prefeitura de Ouro Fino - MG tem edital retificado\",\"isPartOf\":{\"@id\":\"https:\/\/www.estrategiaconcursos.com.br\/blog\/#website\"},\"primaryImageOfPage\":{\"@id\":\"https:\/\/www.estrategiaconcursos.com.br\/blog\/concurso-da-prefeitura-de-ouro-fino-mg-tem-edital-retificado\/#primaryimage\"},\"image\":{\"@id\":\"https:\/\/www.estrategiaconcursos.com.br\/blog\/concurso-da-prefeitura-de-ouro-fino-mg-tem-edital-retificado\/#primaryimage\"},\"thumbnailUrl\":\"https:\/\/dhg1h5j42swfq.cloudfront.net\/2020\/02\/05104450\/OURO-FINO.jpg\",\"datePublished\":\"2020-02-05T14:20:28+00:00\",\"dateModified\":\"2020-02-05T14:55:03+00:00\",\"breadcrumb\":{\"@id\":\"https:\/\/www.estrategiaconcursos.com.br\/blog\/concurso-da-prefeitura-de-ouro-fino-mg-tem-edital-retificado\/#breadcrumb\"},\"inLanguage\":\"pt-BR\",\"potentialAction\":[{\"@type\":\"ReadAction\",\"target\":[\"https:\/\/www.estrategiaconcursos.com.br\/blog\/concurso-da-prefeitura-de-ouro-fino-mg-tem-edital-retificado\/\"]}]},{\"@type\":\"ImageObject\",\"inLanguage\":\"pt-BR\",\"@id\":\"https:\/\/www.estrategiaconcursos.com.br\/blog\/concurso-da-prefeitura-de-ouro-fino-mg-tem-edital-retificado\/#primaryimage\",\"url\":\"https:\/\/dhg1h5j42swfq.cloudfront.net\/2020\/02\/05104450\/OURO-FINO.jpg\",\"contentUrl\":\"https:\/\/dhg1h5j42swfq.cloudfront.net\/2020\/02\/05104450\/OURO-FINO.jpg\",\"width\":1200,\"height\":628},{\"@type\":\"BreadcrumbList\",\"@id\":\"https:\/\/www.estrategiaconcursos.com.br\/blog\/concurso-da-prefeitura-de-ouro-fino-mg-tem-edital-retificado\/#breadcrumb\",\"itemListElement\":[{\"@type\":\"ListItem\",\"position\":1,\"name\":\"In\u00edcio\",\"item\":\"https:\/\/www.estrategiaconcursos.com.br\/blog\/\"},{\"@type\":\"ListItem\",\"position\":2,\"name\":\"Concurso da Prefeitura de Ouro Fino &#8211; MG tem edital retificado\"}]},{\"@type\":\"WebSite\",\"@id\":\"https:\/\/www.estrategiaconcursos.com.br\/blog\/#website\",\"url\":\"https:\/\/www.estrategiaconcursos.com.br\/blog\/\",\"name\":\"Estrat\u00e9gia Concursos\",\"description\":\"O blog da Estrat\u00e9gia Concursos traz not\u00edcias sobre concursos e artigos de professores oferecendo cursos para concursos (pdf + videaulas) no site.\",\"publisher\":{\"@id\":\"https:\/\/www.estrategiaconcursos.com.br\/blog\/#organization\"},\"potentialAction\":[{\"@type\":\"SearchAction\",\"target\":{\"@type\":\"EntryPoint\",\"urlTemplate\":\"https:\/\/www.estrategiaconcursos.com.br\/blog\/?s={search_term_string}\"},\"query-input\":{\"@type\":\"PropertyValueSpecification\",\"valueRequired\":true,\"valueName\":\"search_term_string\"}}],\"inLanguage\":\"pt-BR\"},{\"@type\":\"Organization\",\"@id\":\"https:\/\/www.estrategiaconcursos.com.br\/blog\/#organization\",\"name\":\"Estrat\u00e9gia Concursos\",\"url\":\"https:\/\/www.estrategiaconcursos.com.br\/blog\/\",\"logo\":{\"@type\":\"ImageObject\",\"inLanguage\":\"pt-BR\",\"@id\":\"https:\/\/www.estrategiaconcursos.com.br\/blog\/#\/schema\/logo\/image\/\",\"url\":\"https:\/\/dhg1h5j42swfq.cloudfront.net\/2025\/06\/03203428\/logo_concursos-1.jpg\",\"contentUrl\":\"https:\/\/dhg1h5j42swfq.cloudfront.net\/2025\/06\/03203428\/logo_concursos-1.jpg\",\"width\":230,\"height\":60,\"caption\":\"Estrat\u00e9gia Concursos\"},\"image\":{\"@id\":\"https:\/\/www.estrategiaconcursos.com.br\/blog\/#\/schema\/logo\/image\/\"},\"sameAs\":[\"https:\/\/x.com\/EstratConcursos\"]},{\"@type\":\"Person\",\"@id\":\"https:\/\/www.estrategiaconcursos.com.br\/blog\/#\/schema\/person\/1509739fd92a40c9b52116de04a90310\",\"name\":\"Tiago Zanolla\",\"image\":{\"@type\":\"ImageObject\",\"inLanguage\":\"pt-BR\",\"@id\":\"https:\/\/secure.gravatar.com\/avatar\/e647cb200c21008603a1760df42f3f713d32dd977761568b5689c47f0b1747ee?s=96&d=mm&r=g\",\"url\":\"https:\/\/secure.gravatar.com\/avatar\/e647cb200c21008603a1760df42f3f713d32dd977761568b5689c47f0b1747ee?s=96&d=mm&r=g\",\"contentUrl\":\"https:\/\/secure.gravatar.com\/avatar\/e647cb200c21008603a1760df42f3f713d32dd977761568b5689c47f0b1747ee?s=96&d=mm&r=g\",\"caption\":\"Tiago Zanolla\"},\"url\":\"https:\/\/www.estrategiaconcursos.com.br\/blog\/author\/zanolla-estrategiagmail-com\/\"}]}<\/script>\n<!-- \/ Yoast SEO Premium plugin. -->","yoast_head_json":{"title":"Concurso da Prefeitura de Ouro Fino - MG tem edital retificado","robots":{"index":"index","follow":"follow","max-snippet":"max-snippet:-1","max-image-preview":"max-image-preview:large","max-video-preview":"max-video-preview:-1"},"canonical":"https:\/\/www.estrategiaconcursos.com.br\/blog\/concurso-da-prefeitura-de-ouro-fino-mg-tem-edital-retificado\/","og_locale":"pt_BR","og_type":"article","og_title":"Concurso da Prefeitura de Ouro Fino - MG tem edital retificado","og_description":"Os concursos p\u00fablicos da Prefeitura de Ouro Fino e do Departamento Aut\u00f4nomo de \u00c1gua e Esgoto de Ouro Fino passaram por suas primeiras retifica\u00e7\u00f5es. No edital do DMAEE, foi inclusa mais uma etapa. J\u00e1 no edital da Prefeitura, houve inclus\u00e3o no conte\u00fado program\u00e1tico espec\u00edfico, altera\u00e7\u00e3o nos requisitos e nas atribui\u00e7\u00f5es. Publicados no final do ano [&hellip;]","og_url":"https:\/\/www.estrategiaconcursos.com.br\/blog\/concurso-da-prefeitura-de-ouro-fino-mg-tem-edital-retificado\/","og_site_name":"Estrat\u00e9gia Concursos","article_published_time":"2020-02-05T14:20:28+00:00","article_modified_time":"2020-02-05T14:55:03+00:00","og_image":[{"width":1200,"height":628,"url":"https:\/\/dhg1h5j42swfq.cloudfront.net\/2020\/02\/05104450\/OURO-FINO.jpg","type":"image\/jpeg"}],"author":"Tiago Zanolla","twitter_card":"summary_large_image","twitter_creator":"@EstratConcursos","twitter_site":"@EstratConcursos","twitter_misc":{"Escrito por":"Tiago Zanolla","Est. tempo de leitura":"5 minutos"},"schema":{"@context":"https:\/\/schema.org","@graph":[{"@type":"NewsArticle","@id":"https:\/\/www.estrategiaconcursos.com.br\/blog\/concurso-da-prefeitura-de-ouro-fino-mg-tem-edital-retificado\/#article","isPartOf":{"@id":"https:\/\/www.estrategiaconcursos.com.br\/blog\/concurso-da-prefeitura-de-ouro-fino-mg-tem-edital-retificado\/"},"author":{"name":"Tiago Zanolla","@id":"https:\/\/www.estrategiaconcursos.com.br\/blog\/#\/schema\/person\/1509739fd92a40c9b52116de04a90310"},"headline":"Concurso da Prefeitura de Ouro Fino &#8211; MG tem edital retificado","datePublished":"2020-02-05T14:20:28+00:00","dateModified":"2020-02-05T14:55:03+00:00","mainEntityOfPage":{"@id":"https:\/\/www.estrategiaconcursos.com.br\/blog\/concurso-da-prefeitura-de-ouro-fino-mg-tem-edital-retificado\/"},"wordCount":1023,"commentCount":0,"publisher":{"@id":"https:\/\/www.estrategiaconcursos.com.br\/blog\/#organization"},"image":{"@id":"https:\/\/www.estrategiaconcursos.com.br\/blog\/concurso-da-prefeitura-de-ouro-fino-mg-tem-edital-retificado\/#primaryimage"},"thumbnailUrl":"https:\/\/dhg1h5j42swfq.cloudfront.net\/2020\/02\/05104450\/OURO-FINO.jpg","articleSection":["Concursos P\u00fablicos"],"inLanguage":"pt-BR","potentialAction":[{"@type":"CommentAction","name":"Comment","target":["https:\/\/www.estrategiaconcursos.com.br\/blog\/concurso-da-prefeitura-de-ouro-fino-mg-tem-edital-retificado\/#respond"]}],"copyrightYear":"2020","copyrightHolder":{"@id":"https:\/\/www.estrategiaconcursos.com.br\/blog\/#organization"}},{"@type":"WebPage","@id":"https:\/\/www.estrategiaconcursos.com.br\/blog\/concurso-da-prefeitura-de-ouro-fino-mg-tem-edital-retificado\/","url":"https:\/\/www.estrategiaconcursos.com.br\/blog\/concurso-da-prefeitura-de-ouro-fino-mg-tem-edital-retificado\/","name":"Concurso da Prefeitura de Ouro Fino - MG tem edital retificado","isPartOf":{"@id":"https:\/\/www.estrategiaconcursos.com.br\/blog\/#website"},"primaryImageOfPage":{"@id":"https:\/\/www.estrategiaconcursos.com.br\/blog\/concurso-da-prefeitura-de-ouro-fino-mg-tem-edital-retificado\/#primaryimage"},"image":{"@id":"https:\/\/www.estrategiaconcursos.com.br\/blog\/concurso-da-prefeitura-de-ouro-fino-mg-tem-edital-retificado\/#primaryimage"},"thumbnailUrl":"https:\/\/dhg1h5j42swfq.cloudfront.net\/2020\/02\/05104450\/OURO-FINO.jpg","datePublished":"2020-02-05T14:20:28+00:00","dateModified":"2020-02-05T14:55:03+00:00","breadcrumb":{"@id":"https:\/\/www.estrategiaconcursos.com.br\/blog\/concurso-da-prefeitura-de-ouro-fino-mg-tem-edital-retificado\/#breadcrumb"},"inLanguage":"pt-BR","potentialAction":[{"@type":"ReadAction","target":["https:\/\/www.estrategiaconcursos.com.br\/blog\/concurso-da-prefeitura-de-ouro-fino-mg-tem-edital-retificado\/"]}]},{"@type":"ImageObject","inLanguage":"pt-BR","@id":"https:\/\/www.estrategiaconcursos.com.br\/blog\/concurso-da-prefeitura-de-ouro-fino-mg-tem-edital-retificado\/#primaryimage","url":"https:\/\/dhg1h5j42swfq.cloudfront.net\/2020\/02\/05104450\/OURO-FINO.jpg","contentUrl":"https:\/\/dhg1h5j42swfq.cloudfront.net\/2020\/02\/05104450\/OURO-FINO.jpg","width":1200,"height":628},{"@type":"BreadcrumbList","@id":"https:\/\/www.estrategiaconcursos.com.br\/blog\/concurso-da-prefeitura-de-ouro-fino-mg-tem-edital-retificado\/#breadcrumb","itemListElement":[{"@type":"ListItem","position":1,"name":"In\u00edcio","item":"https:\/\/www.estrategiaconcursos.com.br\/blog\/"},{"@type":"ListItem","position":2,"name":"Concurso da Prefeitura de Ouro Fino &#8211; MG tem edital retificado"}]},{"@type":"WebSite","@id":"https:\/\/www.estrategiaconcursos.com.br\/blog\/#website","url":"https:\/\/www.estrategiaconcursos.com.br\/blog\/","name":"Estrat\u00e9gia Concursos","description":"O blog da Estrat\u00e9gia Concursos traz not\u00edcias sobre concursos e artigos de professores oferecendo cursos para concursos (pdf + videaulas) no site.","publisher":{"@id":"https:\/\/www.estrategiaconcursos.com.br\/blog\/#organization"},"potentialAction":[{"@type":"SearchAction","target":{"@type":"EntryPoint","urlTemplate":"https:\/\/www.estrategiaconcursos.com.br\/blog\/?s={search_term_string}"},"query-input":{"@type":"PropertyValueSpecification","valueRequired":true,"valueName":"search_term_string"}}],"inLanguage":"pt-BR"},{"@type":"Organization","@id":"https:\/\/www.estrategiaconcursos.com.br\/blog\/#organization","name":"Estrat\u00e9gia Concursos","url":"https:\/\/www.estrategiaconcursos.com.br\/blog\/","logo":{"@type":"ImageObject","inLanguage":"pt-BR","@id":"https:\/\/www.estrategiaconcursos.com.br\/blog\/#\/schema\/logo\/image\/","url":"https:\/\/dhg1h5j42swfq.cloudfront.net\/2025\/06\/03203428\/logo_concursos-1.jpg","contentUrl":"https:\/\/dhg1h5j42swfq.cloudfront.net\/2025\/06\/03203428\/logo_concursos-1.jpg","width":230,"height":60,"caption":"Estrat\u00e9gia Concursos"},"image":{"@id":"https:\/\/www.estrategiaconcursos.com.br\/blog\/#\/schema\/logo\/image\/"},"sameAs":["https:\/\/x.com\/EstratConcursos"]},{"@type":"Person","@id":"https:\/\/www.estrategiaconcursos.com.br\/blog\/#\/schema\/person\/1509739fd92a40c9b52116de04a90310","name":"Tiago Zanolla","image":{"@type":"ImageObject","inLanguage":"pt-BR","@id":"https:\/\/secure.gravatar.com\/avatar\/e647cb200c21008603a1760df42f3f713d32dd977761568b5689c47f0b1747ee?s=96&d=mm&r=g","url":"https:\/\/secure.gravatar.com\/avatar\/e647cb200c21008603a1760df42f3f713d32dd977761568b5689c47f0b1747ee?s=96&d=mm&r=g","contentUrl":"https:\/\/secure.gravatar.com\/avatar\/e647cb200c21008603a1760df42f3f713d32dd977761568b5689c47f0b1747ee?s=96&d=mm&r=g","caption":"Tiago Zanolla"},"url":"https:\/\/www.estrategiaconcursos.com.br\/blog\/author\/zanolla-estrategiagmail-com\/"}]}},"_links":{"self":[{"href":"https:\/\/www.estrategiaconcursos.com.br\/blog\/wp-json\/wp\/v2\/posts\/477980","targetHints":{"allow":["GET"]}}],"collection":[{"href":"https:\/\/www.estrategiaconcursos.com.br\/blog\/wp-json\/wp\/v2\/posts"}],"about":[{"href":"https:\/\/www.estrategiaconcursos.com.br\/blog\/wp-json\/wp\/v2\/types\/post"}],"author":[{"embeddable":true,"href":"https:\/\/www.estrategiaconcursos.com.br\/blog\/wp-json\/wp\/v2\/users\/388"}],"replies":[{"embeddable":true,"href":"https:\/\/www.estrategiaconcursos.com.br\/blog\/wp-json\/wp\/v2\/comments?post=477980"}],"version-history":[{"count":4,"href":"https:\/\/www.estrategiaconcursos.com.br\/blog\/wp-json\/wp\/v2\/posts\/477980\/revisions"}],"predecessor-version":[{"id":478012,"href":"https:\/\/www.estrategiaconcursos.com.br\/blog\/wp-json\/wp\/v2\/posts\/477980\/revisions\/478012"}],"wp:featuredmedia":[{"embeddable":true,"href":"https:\/\/www.estrategiaconcursos.com.br\/blog\/wp-json\/wp\/v2\/media\/477982"}],"wp:attachment":[{"href":"https:\/\/www.estrategiaconcursos.com.br\/blog\/wp-json\/wp\/v2\/media?parent=477980"}],"wp:term":[{"taxonomy":"category","embeddable":true,"href":"https:\/\/www.estrategiaconcursos.com.br\/blog\/wp-json\/wp\/v2\/categories?post=477980"},{"taxonomy":"post_tag","embeddable":true,"href":"https:\/\/www.estrategiaconcursos.com.br\/blog\/wp-json\/wp\/v2\/tags?post=477980"},{"taxonomy":"tax_estado","embeddable":true,"href":"https:\/\/www.estrategiaconcursos.com.br\/blog\/wp-json\/wp\/v2\/tax_estado?post=477980"}],"curies":[{"name":"wp","href":"https:\/\/api.w.org\/{rel}","templated":true}]}}