{"id":477925,"date":"2020-02-05T09:26:43","date_gmt":"2020-02-05T12:26:43","guid":{"rendered":"https:\/\/www.estrategiaconcursos.com.br\/blog\/?p=477925"},"modified":"2021-12-16T15:32:22","modified_gmt":"2021-12-16T18:32:22","slug":"concurso-ufms-retificacao","status":"publish","type":"post","link":"https:\/\/www.estrategiaconcursos.com.br\/blog\/concurso-ufms-retificacao\/","title":{"rendered":"Retifica\u00e7\u00e3o altera cronograma do concurso UFMS"},"content":{"rendered":"\n<p>Corujeiros, aten\u00e7\u00e3o!<\/p>\n\n\n\n<p>Foi publicado no Di\u00e1rio Oficial da Uni\u00e3o desta quarta-feira, 05 de fevereiro, uma retifica\u00e7\u00e3o que alterou o cronograma do concurso UFMS. De acordo com o documento, as inscri\u00e7\u00f5es foram prorrogadas at\u00e9 o dia 09 de fevereiro.<\/p>\n\n\n\n<p>As inscri\u00e7\u00f5es podem ser realizadas pela banca organizadora do certame, a Funda\u00e7\u00e3o de Apoio \u00e0 Pesquisa, ao Ensino e \u00e0 Cultura \u2013 FAPEC.<\/p>\n\n\n\n<p>A taxa de inscri\u00e7\u00e3o foi fixada no valor de R$ 150,00. A prova objetiva foi marcada para dia 15 de mar\u00e7o de 2020. Vale lembrar que o concurso oferta aos candidatos no total 27 vagas para diversos cargos de n\u00edvel m\u00e9dio e t\u00e9cnico.<\/p>\n\n\n\n<p><em>Confira abaixo o cronograma retificado:<\/em><\/p>\n\n\n\n<ul class=\"wp-block-list\"><li><em><strong>06\/01 a 09\/02\/2020 \u2013 Per\u00edodo de Inscri\u00e7\u00f5es.<\/strong><\/em><\/li><li><em><strong>10\/02\/2020 \u2013 Prazo final para o pagamento da taxa de inscri\u00e7\u00e3o.<\/strong><\/em><\/li><li><em><strong>12\/02\/2020 \u2013 Divulga\u00e7\u00e3o preliminar das inscri\u00e7\u00f5es deferidas\/indeferidas.<\/strong><\/em><\/li><li><em><strong>13 e 14\/02\/2020 \u2013 Per\u00edodo de Recurso da Divulga\u00e7\u00e3o preliminar das inscri\u00e7\u00f5es deferidas\/indeferidas.<\/strong><\/em><\/li><li><em><strong>17\/02\/2020 \u2013 Divulga\u00e7\u00e3o da Equipe Multiprofissional de Avalia\u00e7\u00e3o da condi\u00e7\u00e3o de Pessoa com Defici\u00eancia.<\/strong><\/em><\/li><li><em><strong>17\/02\/2020 \u2013 Divulga\u00e7\u00e3o da Comiss\u00e3o de Heteroidentifica\u00e7\u00e3o.<\/strong><\/em><\/li><li><em><strong>17\/02\/2020 \u2013 Convoca\u00e7\u00e3o de candidatos inscrito como negros para participar de procedimento de heteroidentifica\u00e7\u00e3o.<\/strong><\/em><\/li><li><em><strong>01\/03\/2020 \u2013 Procedimento de heteroidentifica\u00e7\u00e3o para os candidatos inscritos como negros.<\/strong><\/em><\/li><li><em><strong>03\/03\/2020 \u2013 Divulga\u00e7\u00e3o do resultado preliminar do Procedimento de heteroidentifica\u00e7\u00e3o para os candidatos inscritos como negros.<\/strong><\/em><\/li><li><em><strong>03\/03\/2020 \u2013 Divulga\u00e7\u00e3o do resultado preliminar da an\u00e1lise da inscri\u00e7\u00e3o na condi\u00e7\u00e3o de Pessoa com Defici\u00eancia.<\/strong><\/em><\/li><li><em><strong>04 e 05\/03\/2020 \u2013 Per\u00edodo de recurso do resultado preliminar do Procedimento de heteroidentifica\u00e7\u00e3o para os candidatos inscritos como negros.<\/strong><\/em><\/li><li><em><strong>04 e 05\/03\/2020 \u2013 Per\u00edodo de recurso do resultado preliminar da an\u00e1lise da inscri\u00e7\u00e3o na condi\u00e7\u00e3o de Pessoa com Defici\u00eancia.09\/03\/2020 \u2013 Homologa\u00e7\u00e3o das inscri\u00e7\u00f5es deferidas e indeferidas ap\u00f3s recurso (ampla concorr\u00eancia, PcD e negros).<\/strong><\/em><\/li><li><em><strong>09\/03\/2020 \u2013 Divulga\u00e7\u00e3o do Ensalamento e Convoca\u00e7\u00e3o para a realiza\u00e7\u00e3o das provas.<\/strong><\/em><\/li><li><em><strong>15\/03\/2020 \u2013 Realiza\u00e7\u00e3o das Provas Objetivas.<\/strong><\/em><\/li><li><em><strong>17\/03\/2020 \u2013 Divulga\u00e7\u00e3o do Gabarito Preliminar.<\/strong><\/em><\/li><li><em><strong>18 e 19\/03\/2020 \u2013 Per\u00edodo de Recurso do Gabarito Preliminar.<\/strong><\/em><\/li><li><em><strong>06\/04\/2020 \u2013 Divulga\u00e7\u00e3o do Gabarito Definitivo.06\/04\/2020 \u2013 Divulga\u00e7\u00e3o do Resultado Final.<\/strong><\/em><\/li><li><em><strong>06\/04\/2020 \u2013 Homologa\u00e7\u00e3o do Resultado Final.<\/strong><\/em><\/li><\/ul>\n\n\n\n<p class=\"has-text-align-center has-very-light-gray-background-color has-background\" style=\"font-size:clamp(15.197px, 0.95rem + ((1vw - 3.2px) * 0.765), 23px);px\"><strong>Mais informa\u00e7\u00f5es: <a href=\"https:\/\/www.estrategiaconcursos.com.br\/blog\/edital-ufms\/\">concurso UFMS<\/a><\/strong><\/p>\n\n\n\n<p class=\"has-text-align-center has-luminous-vivid-amber-background-color has-background\" style=\"font-size:clamp(15.197px, 0.95rem + ((1vw - 3.2px) * 0.765), 23px);px\"><strong><a href=\"https:\/\/www.estrategiaconcursos.com.br\/cursosPorConcurso\/universidade-federal-do-mato-grosso-do-sul-ufms\/\" target=\"_blank\" rel=\"noreferrer noopener\">CURSO&nbsp;UFMS<\/a><\/strong><\/p>\n\n\n\n<p class=\"has-text-align-center\"><em><strong>Assinatura Anual Ilimitada*<\/strong><\/em><\/p>\n\n\n\n<p class=\"has-text-align-center\"><em>Prepare-se com o melhor material e com quem mais aprova em&nbsp;Concursos P\u00fablicos de todo o pa\u00eds. Assine agora a nossa Assinatura Anual e tenha acesso ilimitado* a todos os nossos cursos.<\/em><\/p>\n\n\n\n<p class=\"has-text-align-center has-light-green-cyan-background-color has-background\" style=\"font-size:clamp(15.197px, 0.95rem + ((1vw - 3.2px) * 0.765), 23px);px\"><strong>ASSINE AGORA<\/strong>&nbsp;\u2013&nbsp;<strong><a rel=\"noreferrer noopener\" href=\"https:\/\/www.estrategiaconcursos.com.br\/assinaturas\" target=\"_blank\">Assinatura Ilimitada<\/a><\/strong><\/p>\n\n\n\n<p class=\"has-text-align-center has-pale-cyan-blue-background-color has-background\" style=\"font-size:clamp(15.197px, 0.95rem + ((1vw - 3.2px) * 0.765), 23px);px\"><strong><a href=\"https:\/\/www.estrategiaconcursos.com.br\/blog\/concursos-abertos\/\">CONCURSOS ABERTOS<\/a><\/strong><\/p>\n\n\n\n<p class=\"has-text-align-center has-pale-cyan-blue-background-color has-background\" style=\"font-size:clamp(15.197px, 0.95rem + ((1vw - 3.2px) * 0.765), 23px);px\"><a href=\"https:\/\/www.estrategiaconcursos.com.br\/blog\/concursos-2020\/\"><strong>CONCURSOS<\/strong><\/a><strong><a href=\"https:\/\/www.estrategiaconcursos.com.br\/blog\/concursos-2020\/\">&nbsp;2020<\/a><\/strong><\/p>\n","protected":false},"excerpt":{"rendered":"<p>Corujeiros, aten\u00e7\u00e3o! Foi publicado no Di\u00e1rio Oficial da Uni\u00e3o desta quarta-feira, 05 de fevereiro, uma retifica\u00e7\u00e3o que alterou o cronograma do concurso UFMS. De acordo com o documento, as inscri\u00e7\u00f5es foram prorrogadas at\u00e9 o dia 09 de fevereiro. As inscri\u00e7\u00f5es podem ser realizadas pela banca organizadora do certame, a Funda\u00e7\u00e3o de Apoio \u00e0 Pesquisa, ao [&hellip;]<\/p>\n","protected":false},"author":93,"featured_media":0,"comment_status":"open","ping_status":"closed","sticky":false,"template":"","format":"standard","meta":{"post_tipo":"article","footnotes":""},"categories":[1],"tags":[],"tax_estado":[219975],"class_list":["post-477925","post","type-post","status-publish","format-standard","hentry","category-cursos-e-concursos","tax_estado-ms"],"acf":[],"yoast_head":"<!-- This site is optimized with the Yoast SEO Premium plugin v27.2 (Yoast SEO v27.2) - https:\/\/yoast.com\/product\/yoast-seo-premium-wordpress\/ -->\n<title>Retifica\u00e7\u00e3o altera cronograma do concurso UFMS<\/title>\n<meta name=\"description\" content=\"Edital do concurso UFMS foi retificado. As inscri\u00e7\u00f5es foram prorrogadas at\u00e9 o dia 09 de fevereiro de 2020. Confira mais informa\u00e7\u00f5es.\" \/>\n<meta name=\"robots\" content=\"index, follow, max-snippet:-1, max-image-preview:large, max-video-preview:-1\" \/>\n<link rel=\"canonical\" href=\"https:\/\/www.estrategiaconcursos.com.br\/blog\/concurso-ufms-retificacao\/\" \/>\n<meta property=\"og:locale\" content=\"pt_BR\" \/>\n<meta property=\"og:type\" content=\"article\" \/>\n<meta property=\"og:title\" content=\"Retifica\u00e7\u00e3o altera cronograma do concurso UFMS\" \/>\n<meta property=\"og:description\" content=\"Edital do concurso UFMS foi retificado. As inscri\u00e7\u00f5es foram prorrogadas at\u00e9 o dia 09 de fevereiro de 2020. Confira mais informa\u00e7\u00f5es.\" \/>\n<meta property=\"og:url\" content=\"https:\/\/www.estrategiaconcursos.com.br\/blog\/concurso-ufms-retificacao\/\" \/>\n<meta property=\"og:site_name\" content=\"Estrat\u00e9gia Concursos\" \/>\n<meta property=\"article:published_time\" content=\"2020-02-05T12:26:43+00:00\" \/>\n<meta property=\"article:modified_time\" content=\"2021-12-16T18:32:22+00:00\" \/>\n<meta name=\"author\" content=\"Vinicius Silva\" \/>\n<meta name=\"twitter:card\" content=\"summary_large_image\" \/>\n<meta name=\"twitter:creator\" content=\"@EstratConcursos\" \/>\n<meta name=\"twitter:site\" content=\"@EstratConcursos\" \/>\n<meta name=\"twitter:label1\" content=\"Escrito por\" \/>\n\t<meta name=\"twitter:data1\" content=\"Vinicius Silva\" \/>\n\t<meta name=\"twitter:label2\" content=\"Est. tempo de leitura\" \/>\n\t<meta name=\"twitter:data2\" content=\"2 minutos\" \/>\n<script type=\"application\/ld+json\" class=\"yoast-schema-graph\">{\"@context\":\"https:\/\/schema.org\",\"@graph\":[{\"@type\":\"NewsArticle\",\"@id\":\"https:\/\/www.estrategiaconcursos.com.br\/blog\/concurso-ufms-retificacao\/#article\",\"isPartOf\":{\"@id\":\"https:\/\/www.estrategiaconcursos.com.br\/blog\/concurso-ufms-retificacao\/\"},\"author\":{\"name\":\"Vinicius Silva\",\"@id\":\"https:\/\/www.estrategiaconcursos.com.br\/blog\/#\/schema\/person\/20030622a981f9a942ad6b3561fe4ca4\"},\"headline\":\"Retifica\u00e7\u00e3o altera cronograma do concurso UFMS\",\"datePublished\":\"2020-02-05T12:26:43+00:00\",\"dateModified\":\"2021-12-16T18:32:22+00:00\",\"mainEntityOfPage\":{\"@id\":\"https:\/\/www.estrategiaconcursos.com.br\/blog\/concurso-ufms-retificacao\/\"},\"wordCount\":400,\"commentCount\":0,\"publisher\":{\"@id\":\"https:\/\/www.estrategiaconcursos.com.br\/blog\/#organization\"},\"articleSection\":[\"Concursos P\u00fablicos\"],\"inLanguage\":\"pt-BR\",\"potentialAction\":[{\"@type\":\"CommentAction\",\"name\":\"Comment\",\"target\":[\"https:\/\/www.estrategiaconcursos.com.br\/blog\/concurso-ufms-retificacao\/#respond\"]}],\"copyrightYear\":\"2020\",\"copyrightHolder\":{\"@id\":\"https:\/\/www.estrategiaconcursos.com.br\/blog\/#organization\"}},{\"@type\":\"WebPage\",\"@id\":\"https:\/\/www.estrategiaconcursos.com.br\/blog\/concurso-ufms-retificacao\/\",\"url\":\"https:\/\/www.estrategiaconcursos.com.br\/blog\/concurso-ufms-retificacao\/\",\"name\":\"Retifica\u00e7\u00e3o altera cronograma do concurso UFMS\",\"isPartOf\":{\"@id\":\"https:\/\/www.estrategiaconcursos.com.br\/blog\/#website\"},\"datePublished\":\"2020-02-05T12:26:43+00:00\",\"dateModified\":\"2021-12-16T18:32:22+00:00\",\"description\":\"Edital do concurso UFMS foi retificado. As inscri\u00e7\u00f5es foram prorrogadas at\u00e9 o dia 09 de fevereiro de 2020. Confira mais informa\u00e7\u00f5es.\",\"breadcrumb\":{\"@id\":\"https:\/\/www.estrategiaconcursos.com.br\/blog\/concurso-ufms-retificacao\/#breadcrumb\"},\"inLanguage\":\"pt-BR\",\"potentialAction\":[{\"@type\":\"ReadAction\",\"target\":[\"https:\/\/www.estrategiaconcursos.com.br\/blog\/concurso-ufms-retificacao\/\"]}]},{\"@type\":\"BreadcrumbList\",\"@id\":\"https:\/\/www.estrategiaconcursos.com.br\/blog\/concurso-ufms-retificacao\/#breadcrumb\",\"itemListElement\":[{\"@type\":\"ListItem\",\"position\":1,\"name\":\"In\u00edcio\",\"item\":\"https:\/\/www.estrategiaconcursos.com.br\/blog\/\"},{\"@type\":\"ListItem\",\"position\":2,\"name\":\"Retifica\u00e7\u00e3o altera cronograma do concurso UFMS\"}]},{\"@type\":\"WebSite\",\"@id\":\"https:\/\/www.estrategiaconcursos.com.br\/blog\/#website\",\"url\":\"https:\/\/www.estrategiaconcursos.com.br\/blog\/\",\"name\":\"Estrat\u00e9gia Concursos\",\"description\":\"O blog da Estrat\u00e9gia Concursos traz not\u00edcias sobre concursos e artigos de professores oferecendo cursos para concursos (pdf + videaulas) no site.\",\"publisher\":{\"@id\":\"https:\/\/www.estrategiaconcursos.com.br\/blog\/#organization\"},\"potentialAction\":[{\"@type\":\"SearchAction\",\"target\":{\"@type\":\"EntryPoint\",\"urlTemplate\":\"https:\/\/www.estrategiaconcursos.com.br\/blog\/?s={search_term_string}\"},\"query-input\":{\"@type\":\"PropertyValueSpecification\",\"valueRequired\":true,\"valueName\":\"search_term_string\"}}],\"inLanguage\":\"pt-BR\"},{\"@type\":\"Organization\",\"@id\":\"https:\/\/www.estrategiaconcursos.com.br\/blog\/#organization\",\"name\":\"Estrat\u00e9gia Concursos\",\"url\":\"https:\/\/www.estrategiaconcursos.com.br\/blog\/\",\"logo\":{\"@type\":\"ImageObject\",\"inLanguage\":\"pt-BR\",\"@id\":\"https:\/\/www.estrategiaconcursos.com.br\/blog\/#\/schema\/logo\/image\/\",\"url\":\"https:\/\/dhg1h5j42swfq.cloudfront.net\/2025\/06\/03203428\/logo_concursos-1.jpg\",\"contentUrl\":\"https:\/\/dhg1h5j42swfq.cloudfront.net\/2025\/06\/03203428\/logo_concursos-1.jpg\",\"width\":230,\"height\":60,\"caption\":\"Estrat\u00e9gia Concursos\"},\"image\":{\"@id\":\"https:\/\/www.estrategiaconcursos.com.br\/blog\/#\/schema\/logo\/image\/\"},\"sameAs\":[\"https:\/\/x.com\/EstratConcursos\"]},{\"@type\":\"Person\",\"@id\":\"https:\/\/www.estrategiaconcursos.com.br\/blog\/#\/schema\/person\/20030622a981f9a942ad6b3561fe4ca4\",\"name\":\"Vinicius Silva\",\"image\":{\"@type\":\"ImageObject\",\"inLanguage\":\"pt-BR\",\"@id\":\"https:\/\/secure.gravatar.com\/avatar\/604d9670a4c7eea71feaa4381f3ae97e148292ac402671c5944aa67a3d127663?s=96&d=mm&r=g\",\"url\":\"https:\/\/secure.gravatar.com\/avatar\/604d9670a4c7eea71feaa4381f3ae97e148292ac402671c5944aa67a3d127663?s=96&d=mm&r=g\",\"contentUrl\":\"https:\/\/secure.gravatar.com\/avatar\/604d9670a4c7eea71feaa4381f3ae97e148292ac402671c5944aa67a3d127663?s=96&d=mm&r=g\",\"caption\":\"Vinicius Silva\"},\"url\":\"https:\/\/www.estrategiaconcursos.com.br\/blog\/author\/viniciussilvaestrategiaconcursos-com-br\/\"}]}<\/script>\n<!-- \/ Yoast SEO Premium plugin. -->","yoast_head_json":{"title":"Retifica\u00e7\u00e3o altera cronograma do concurso UFMS","description":"Edital do concurso UFMS foi retificado. As inscri\u00e7\u00f5es foram prorrogadas at\u00e9 o dia 09 de fevereiro de 2020. Confira mais informa\u00e7\u00f5es.","robots":{"index":"index","follow":"follow","max-snippet":"max-snippet:-1","max-image-preview":"max-image-preview:large","max-video-preview":"max-video-preview:-1"},"canonical":"https:\/\/www.estrategiaconcursos.com.br\/blog\/concurso-ufms-retificacao\/","og_locale":"pt_BR","og_type":"article","og_title":"Retifica\u00e7\u00e3o altera cronograma do concurso UFMS","og_description":"Edital do concurso UFMS foi retificado. As inscri\u00e7\u00f5es foram prorrogadas at\u00e9 o dia 09 de fevereiro de 2020. Confira mais informa\u00e7\u00f5es.","og_url":"https:\/\/www.estrategiaconcursos.com.br\/blog\/concurso-ufms-retificacao\/","og_site_name":"Estrat\u00e9gia Concursos","article_published_time":"2020-02-05T12:26:43+00:00","article_modified_time":"2021-12-16T18:32:22+00:00","author":"Vinicius Silva","twitter_card":"summary_large_image","twitter_creator":"@EstratConcursos","twitter_site":"@EstratConcursos","twitter_misc":{"Escrito por":"Vinicius Silva","Est. tempo de leitura":"2 minutos"},"schema":{"@context":"https:\/\/schema.org","@graph":[{"@type":"NewsArticle","@id":"https:\/\/www.estrategiaconcursos.com.br\/blog\/concurso-ufms-retificacao\/#article","isPartOf":{"@id":"https:\/\/www.estrategiaconcursos.com.br\/blog\/concurso-ufms-retificacao\/"},"author":{"name":"Vinicius Silva","@id":"https:\/\/www.estrategiaconcursos.com.br\/blog\/#\/schema\/person\/20030622a981f9a942ad6b3561fe4ca4"},"headline":"Retifica\u00e7\u00e3o altera cronograma do concurso UFMS","datePublished":"2020-02-05T12:26:43+00:00","dateModified":"2021-12-16T18:32:22+00:00","mainEntityOfPage":{"@id":"https:\/\/www.estrategiaconcursos.com.br\/blog\/concurso-ufms-retificacao\/"},"wordCount":400,"commentCount":0,"publisher":{"@id":"https:\/\/www.estrategiaconcursos.com.br\/blog\/#organization"},"articleSection":["Concursos P\u00fablicos"],"inLanguage":"pt-BR","potentialAction":[{"@type":"CommentAction","name":"Comment","target":["https:\/\/www.estrategiaconcursos.com.br\/blog\/concurso-ufms-retificacao\/#respond"]}],"copyrightYear":"2020","copyrightHolder":{"@id":"https:\/\/www.estrategiaconcursos.com.br\/blog\/#organization"}},{"@type":"WebPage","@id":"https:\/\/www.estrategiaconcursos.com.br\/blog\/concurso-ufms-retificacao\/","url":"https:\/\/www.estrategiaconcursos.com.br\/blog\/concurso-ufms-retificacao\/","name":"Retifica\u00e7\u00e3o altera cronograma do concurso UFMS","isPartOf":{"@id":"https:\/\/www.estrategiaconcursos.com.br\/blog\/#website"},"datePublished":"2020-02-05T12:26:43+00:00","dateModified":"2021-12-16T18:32:22+00:00","description":"Edital do concurso UFMS foi retificado. As inscri\u00e7\u00f5es foram prorrogadas at\u00e9 o dia 09 de fevereiro de 2020. Confira mais informa\u00e7\u00f5es.","breadcrumb":{"@id":"https:\/\/www.estrategiaconcursos.com.br\/blog\/concurso-ufms-retificacao\/#breadcrumb"},"inLanguage":"pt-BR","potentialAction":[{"@type":"ReadAction","target":["https:\/\/www.estrategiaconcursos.com.br\/blog\/concurso-ufms-retificacao\/"]}]},{"@type":"BreadcrumbList","@id":"https:\/\/www.estrategiaconcursos.com.br\/blog\/concurso-ufms-retificacao\/#breadcrumb","itemListElement":[{"@type":"ListItem","position":1,"name":"In\u00edcio","item":"https:\/\/www.estrategiaconcursos.com.br\/blog\/"},{"@type":"ListItem","position":2,"name":"Retifica\u00e7\u00e3o altera cronograma do concurso UFMS"}]},{"@type":"WebSite","@id":"https:\/\/www.estrategiaconcursos.com.br\/blog\/#website","url":"https:\/\/www.estrategiaconcursos.com.br\/blog\/","name":"Estrat\u00e9gia Concursos","description":"O blog da Estrat\u00e9gia Concursos traz not\u00edcias sobre concursos e artigos de professores oferecendo cursos para concursos (pdf + videaulas) no site.","publisher":{"@id":"https:\/\/www.estrategiaconcursos.com.br\/blog\/#organization"},"potentialAction":[{"@type":"SearchAction","target":{"@type":"EntryPoint","urlTemplate":"https:\/\/www.estrategiaconcursos.com.br\/blog\/?s={search_term_string}"},"query-input":{"@type":"PropertyValueSpecification","valueRequired":true,"valueName":"search_term_string"}}],"inLanguage":"pt-BR"},{"@type":"Organization","@id":"https:\/\/www.estrategiaconcursos.com.br\/blog\/#organization","name":"Estrat\u00e9gia Concursos","url":"https:\/\/www.estrategiaconcursos.com.br\/blog\/","logo":{"@type":"ImageObject","inLanguage":"pt-BR","@id":"https:\/\/www.estrategiaconcursos.com.br\/blog\/#\/schema\/logo\/image\/","url":"https:\/\/dhg1h5j42swfq.cloudfront.net\/2025\/06\/03203428\/logo_concursos-1.jpg","contentUrl":"https:\/\/dhg1h5j42swfq.cloudfront.net\/2025\/06\/03203428\/logo_concursos-1.jpg","width":230,"height":60,"caption":"Estrat\u00e9gia Concursos"},"image":{"@id":"https:\/\/www.estrategiaconcursos.com.br\/blog\/#\/schema\/logo\/image\/"},"sameAs":["https:\/\/x.com\/EstratConcursos"]},{"@type":"Person","@id":"https:\/\/www.estrategiaconcursos.com.br\/blog\/#\/schema\/person\/20030622a981f9a942ad6b3561fe4ca4","name":"Vinicius Silva","image":{"@type":"ImageObject","inLanguage":"pt-BR","@id":"https:\/\/secure.gravatar.com\/avatar\/604d9670a4c7eea71feaa4381f3ae97e148292ac402671c5944aa67a3d127663?s=96&d=mm&r=g","url":"https:\/\/secure.gravatar.com\/avatar\/604d9670a4c7eea71feaa4381f3ae97e148292ac402671c5944aa67a3d127663?s=96&d=mm&r=g","contentUrl":"https:\/\/secure.gravatar.com\/avatar\/604d9670a4c7eea71feaa4381f3ae97e148292ac402671c5944aa67a3d127663?s=96&d=mm&r=g","caption":"Vinicius Silva"},"url":"https:\/\/www.estrategiaconcursos.com.br\/blog\/author\/viniciussilvaestrategiaconcursos-com-br\/"}]}},"_links":{"self":[{"href":"https:\/\/www.estrategiaconcursos.com.br\/blog\/wp-json\/wp\/v2\/posts\/477925","targetHints":{"allow":["GET"]}}],"collection":[{"href":"https:\/\/www.estrategiaconcursos.com.br\/blog\/wp-json\/wp\/v2\/posts"}],"about":[{"href":"https:\/\/www.estrategiaconcursos.com.br\/blog\/wp-json\/wp\/v2\/types\/post"}],"author":[{"embeddable":true,"href":"https:\/\/www.estrategiaconcursos.com.br\/blog\/wp-json\/wp\/v2\/users\/93"}],"replies":[{"embeddable":true,"href":"https:\/\/www.estrategiaconcursos.com.br\/blog\/wp-json\/wp\/v2\/comments?post=477925"}],"version-history":[{"count":3,"href":"https:\/\/www.estrategiaconcursos.com.br\/blog\/wp-json\/wp\/v2\/posts\/477925\/revisions"}],"predecessor-version":[{"id":930909,"href":"https:\/\/www.estrategiaconcursos.com.br\/blog\/wp-json\/wp\/v2\/posts\/477925\/revisions\/930909"}],"wp:attachment":[{"href":"https:\/\/www.estrategiaconcursos.com.br\/blog\/wp-json\/wp\/v2\/media?parent=477925"}],"wp:term":[{"taxonomy":"category","embeddable":true,"href":"https:\/\/www.estrategiaconcursos.com.br\/blog\/wp-json\/wp\/v2\/categories?post=477925"},{"taxonomy":"post_tag","embeddable":true,"href":"https:\/\/www.estrategiaconcursos.com.br\/blog\/wp-json\/wp\/v2\/tags?post=477925"},{"taxonomy":"tax_estado","embeddable":true,"href":"https:\/\/www.estrategiaconcursos.com.br\/blog\/wp-json\/wp\/v2\/tax_estado?post=477925"}],"curies":[{"name":"wp","href":"https:\/\/api.w.org\/{rel}","templated":true}]}}