{"id":477722,"date":"2020-02-04T14:00:00","date_gmt":"2020-02-04T17:00:00","guid":{"rendered":"https:\/\/www.estrategiaconcursos.com.br\/blog\/?p=477722"},"modified":"2023-06-07T15:02:25","modified_gmt":"2023-06-07T18:02:25","slug":"aprovados-no-concurso-inss-pedem-nomeacao","status":"publish","type":"post","link":"https:\/\/www.estrategiaconcursos.com.br\/blog\/aprovados-no-concurso-inss-pedem-nomeacao\/","title":{"rendered":"Candidatos aprovados no concurso INSS pedem nomea\u00e7\u00e3o na justi\u00e7a"},"content":{"rendered":"\n<p>Ap\u00f3s expirado o prazo do concurso p\u00fablico do Instituto Nacional de Seguridade Social (INSS), realizado em 2015, os candidatos aprovados no certame est\u00e3o recorrendo \u00e0 justi\u00e7a para pedir suas devidas nomea\u00e7\u00f5es. <\/p>\n\n\n\n<p>Segundo informa\u00e7\u00f5es da Confedera\u00e7\u00e3o Nacional dos Trabalhadores do Servi\u00e7o P\u00fablico Federal, &#8220;<em>os candidatos aprovados pedem sua nomea\u00e7\u00e3o sob o argumento de haver vagas dispon\u00edveis e de d\u00e9ficit de pessoal no INSS<\/em>.&#8221; <\/p>\n\n\n\n<p>Atualmente, o INSS sofre com uma fila de milh\u00f5es de benef\u00edcios represados. Como medida para abafar o problema, servidores aposentados e&nbsp;militares devem ser chamados para conter a crise. <\/p>\n\n\n\n<p>Como ainda n\u00e3o h\u00e1 previs\u00e3o legal para contratar aposentados civis, o presidente Jair Bolsonaro vai editar, dentro de uma semana, uma Medida Provis\u00f3ria (MP) para permitir que eles voltem a trabalhar.<\/p>\n\n\n\n<p>Ap\u00f3s isso, o Minist\u00e9rio da Economia vai elaborar uma norma para regulamentar a contrata\u00e7\u00e3o, que ser\u00e1 feita de forma volunt\u00e1ria, por edital de sele\u00e7\u00e3o para interessados, n\u00e3o por convoca\u00e7\u00e3o.<\/p>\n\n\n\n<p>Vale ressaltar que, em 2019, uma das medidas adotadas para suprir as necessidades do \u00f3rg\u00e3o foi a autoriza\u00e7\u00e3o da realoca\u00e7\u00e3o de&nbsp;319 servidores&nbsp;da Infraero para o INSS por tempo indeterminado. A medida fez parte do acordo firmado ap\u00f3s a audi\u00eancia de A\u00e7\u00e3o Civil P\u00fablica.<\/p>\n\n\n\n<p class=\"has-text-align-center has-very-light-gray-background-color has-background has-medium-font-size\"><strong>Mais informa\u00e7\u00f5es: <a href=\"https:\/\/www.estrategiaconcursos.com.br\/blog\/concurso-inss-2\/\" target=\"_blank\" rel=\"noreferrer noopener\" aria-label=\"Concurso INSS (abre numa nova aba)\">Concurso INSS<\/a><\/strong><\/p>\n\n\n\n<p class=\"has-text-align-center has-luminous-vivid-amber-background-color has-background\" style=\"font-size:clamp(14.642px, 0.915rem + ((1vw - 3.2px) * 0.721), 22px);px\"><a rel=\"noreferrer noopener\" href=\"https:\/\/www.estrategiaconcursos.com.br\/cursosPorConcurso\/inss-tecnico-do-seguro-social-101\/\" target=\"_blank\"><strong>CURSO INSS<\/strong><\/a><\/p>\n\n\n\n<p class=\"has-text-align-center\"><em><strong>Assinatura Anual Ilimitada*<\/strong><\/em><\/p>\n\n\n\n<p class=\"has-text-align-center\"><em>Prepare-se com o melhor material e com quem mais aprova em Concursos P\u00fablicos em todo o pa\u00eds. Assine agora a nossa Assinatura Anual e tenha acesso ilimitado a todos os nossos cursos.<\/em><\/p>\n\n\n\n<p class=\"has-text-align-center has-light-green-cyan-background-color has-background\" style=\"font-size:clamp(14.642px, 0.915rem + ((1vw - 3.2px) * 0.721), 22px);px\"><strong>ASSINE AGORA<\/strong>&nbsp;\u2013&nbsp;<a rel=\"noreferrer noopener\" href=\"https:\/\/www.estrategiaconcursos.com.br\/assinaturas\/\" target=\"_blank\">Assinatura Ilimitada<\/a><\/p>\n\n\n\n<p class=\"has-text-align-center has-pale-cyan-blue-background-color has-background\" style=\"font-size:clamp(14.642px, 0.915rem + ((1vw - 3.2px) * 0.721), 22px);px\"><a aria-label=\"CONCURSOS ABERTOS (abre numa nova aba)\" href=\"https:\/\/www.estrategiaconcursos.com.br\/blog\/concursos-abertos\/\" target=\"_blank\" rel=\"noreferrer noopener\"><strong>CONCURSOS ABERTOS<\/strong><\/a><\/p>\n","protected":false},"excerpt":{"rendered":"<p>Ap\u00f3s expirado o prazo do concurso p\u00fablico do Instituto Nacional de Seguridade Social (INSS), realizado em 2015, os candidatos aprovados no certame est\u00e3o recorrendo \u00e0 justi\u00e7a para pedir suas devidas nomea\u00e7\u00f5es. Segundo informa\u00e7\u00f5es da Confedera\u00e7\u00e3o Nacional dos Trabalhadores do Servi\u00e7o P\u00fablico Federal, &#8220;os candidatos aprovados pedem sua nomea\u00e7\u00e3o sob o argumento de haver vagas dispon\u00edveis [&hellip;]<\/p>\n","protected":false},"author":263,"featured_media":166149,"comment_status":"open","ping_status":"closed","sticky":false,"template":"","format":"standard","meta":{"post_tipo":"article","footnotes":""},"categories":[1],"tags":[],"tax_estado":[],"class_list":["post-477722","post","type-post","status-publish","format-standard","has-post-thumbnail","hentry","category-cursos-e-concursos"],"acf":[],"yoast_head":"<!-- This site is optimized with the Yoast SEO Premium plugin v27.2 (Yoast SEO v27.2) - https:\/\/yoast.com\/product\/yoast-seo-premium-wordpress\/ -->\n<title>Candidatos aprovados no concurso INSS pedem nomea\u00e7\u00e3o na justi\u00e7a<\/title>\n<meta name=\"description\" content=\"Aprovados no concurso INSS de 2015 pedem nomea\u00e7\u00e3o na justi\u00e7a. Candidatos alegam vagas disponiveis e d\u00e9ficit de pessoal no \u00f3rg\u00e3o. Saiba mais!\" \/>\n<meta name=\"robots\" content=\"index, follow, max-snippet:-1, max-image-preview:large, max-video-preview:-1\" \/>\n<link rel=\"canonical\" href=\"https:\/\/www.estrategiaconcursos.com.br\/blog\/aprovados-no-concurso-inss-pedem-nomeacao\/\" \/>\n<meta property=\"og:locale\" content=\"pt_BR\" \/>\n<meta property=\"og:type\" content=\"article\" \/>\n<meta property=\"og:title\" content=\"Candidatos aprovados no concurso INSS pedem nomea\u00e7\u00e3o na justi\u00e7a\" \/>\n<meta property=\"og:description\" content=\"Aprovados no concurso INSS de 2015 pedem nomea\u00e7\u00e3o na justi\u00e7a. Candidatos alegam vagas disponiveis e d\u00e9ficit de pessoal no \u00f3rg\u00e3o. Saiba mais!\" \/>\n<meta property=\"og:url\" content=\"https:\/\/www.estrategiaconcursos.com.br\/blog\/aprovados-no-concurso-inss-pedem-nomeacao\/\" \/>\n<meta property=\"og:site_name\" content=\"Estrat\u00e9gia Concursos\" \/>\n<meta property=\"article:published_time\" content=\"2020-02-04T17:00:00+00:00\" \/>\n<meta property=\"article:modified_time\" content=\"2023-06-07T18:02:25+00:00\" \/>\n<meta property=\"og:image\" content=\"https:\/\/dhg1h5j42swfq.cloudfront.net\/2019\/02\/14151433\/Captuinssrar-min.jpg\" \/>\n\t<meta property=\"og:image:width\" content=\"1200\" \/>\n\t<meta property=\"og:image:height\" content=\"627\" \/>\n\t<meta property=\"og:image:type\" content=\"image\/jpeg\" \/>\n<meta name=\"author\" content=\"Daniel dos Reis Lopes\" \/>\n<meta name=\"twitter:card\" content=\"summary_large_image\" \/>\n<meta name=\"twitter:creator\" content=\"@EstratConcursos\" \/>\n<meta name=\"twitter:site\" content=\"@EstratConcursos\" \/>\n<meta name=\"twitter:label1\" content=\"Escrito por\" \/>\n\t<meta name=\"twitter:data1\" content=\"Daniel dos Reis Lopes\" \/>\n\t<meta name=\"twitter:label2\" content=\"Est. tempo de leitura\" \/>\n\t<meta name=\"twitter:data2\" content=\"1 minuto\" \/>\n<script type=\"application\/ld+json\" class=\"yoast-schema-graph\">{\"@context\":\"https:\/\/schema.org\",\"@graph\":[{\"@type\":\"NewsArticle\",\"@id\":\"https:\/\/www.estrategiaconcursos.com.br\/blog\/aprovados-no-concurso-inss-pedem-nomeacao\/#article\",\"isPartOf\":{\"@id\":\"https:\/\/www.estrategiaconcursos.com.br\/blog\/aprovados-no-concurso-inss-pedem-nomeacao\/\"},\"author\":{\"name\":\"Daniel dos Reis Lopes\",\"@id\":\"https:\/\/www.estrategiaconcursos.com.br\/blog\/#\/schema\/person\/86e4af37234d422e94ca7e825b416814\"},\"headline\":\"Candidatos aprovados no concurso INSS pedem nomea\u00e7\u00e3o na justi\u00e7a\",\"datePublished\":\"2020-02-04T17:00:00+00:00\",\"dateModified\":\"2023-06-07T18:02:25+00:00\",\"mainEntityOfPage\":{\"@id\":\"https:\/\/www.estrategiaconcursos.com.br\/blog\/aprovados-no-concurso-inss-pedem-nomeacao\/\"},\"wordCount\":289,\"commentCount\":0,\"publisher\":{\"@id\":\"https:\/\/www.estrategiaconcursos.com.br\/blog\/#organization\"},\"image\":{\"@id\":\"https:\/\/www.estrategiaconcursos.com.br\/blog\/aprovados-no-concurso-inss-pedem-nomeacao\/#primaryimage\"},\"thumbnailUrl\":\"https:\/\/dhg1h5j42swfq.cloudfront.net\/2019\/02\/14151433\/Captuinssrar-min.jpg\",\"articleSection\":[\"Concursos P\u00fablicos\"],\"inLanguage\":\"pt-BR\",\"potentialAction\":[{\"@type\":\"CommentAction\",\"name\":\"Comment\",\"target\":[\"https:\/\/www.estrategiaconcursos.com.br\/blog\/aprovados-no-concurso-inss-pedem-nomeacao\/#respond\"]}],\"copyrightYear\":\"2020\",\"copyrightHolder\":{\"@id\":\"https:\/\/www.estrategiaconcursos.com.br\/blog\/#organization\"}},{\"@type\":\"WebPage\",\"@id\":\"https:\/\/www.estrategiaconcursos.com.br\/blog\/aprovados-no-concurso-inss-pedem-nomeacao\/\",\"url\":\"https:\/\/www.estrategiaconcursos.com.br\/blog\/aprovados-no-concurso-inss-pedem-nomeacao\/\",\"name\":\"Candidatos aprovados no concurso INSS pedem nomea\u00e7\u00e3o na justi\u00e7a\",\"isPartOf\":{\"@id\":\"https:\/\/www.estrategiaconcursos.com.br\/blog\/#website\"},\"primaryImageOfPage\":{\"@id\":\"https:\/\/www.estrategiaconcursos.com.br\/blog\/aprovados-no-concurso-inss-pedem-nomeacao\/#primaryimage\"},\"image\":{\"@id\":\"https:\/\/www.estrategiaconcursos.com.br\/blog\/aprovados-no-concurso-inss-pedem-nomeacao\/#primaryimage\"},\"thumbnailUrl\":\"https:\/\/dhg1h5j42swfq.cloudfront.net\/2019\/02\/14151433\/Captuinssrar-min.jpg\",\"datePublished\":\"2020-02-04T17:00:00+00:00\",\"dateModified\":\"2023-06-07T18:02:25+00:00\",\"description\":\"Aprovados no concurso INSS de 2015 pedem nomea\u00e7\u00e3o na justi\u00e7a. Candidatos alegam vagas disponiveis e d\u00e9ficit de pessoal no \u00f3rg\u00e3o. Saiba mais!\",\"breadcrumb\":{\"@id\":\"https:\/\/www.estrategiaconcursos.com.br\/blog\/aprovados-no-concurso-inss-pedem-nomeacao\/#breadcrumb\"},\"inLanguage\":\"pt-BR\",\"potentialAction\":[{\"@type\":\"ReadAction\",\"target\":[\"https:\/\/www.estrategiaconcursos.com.br\/blog\/aprovados-no-concurso-inss-pedem-nomeacao\/\"]}]},{\"@type\":\"ImageObject\",\"inLanguage\":\"pt-BR\",\"@id\":\"https:\/\/www.estrategiaconcursos.com.br\/blog\/aprovados-no-concurso-inss-pedem-nomeacao\/#primaryimage\",\"url\":\"https:\/\/dhg1h5j42swfq.cloudfront.net\/2019\/02\/14151433\/Captuinssrar-min.jpg\",\"contentUrl\":\"https:\/\/dhg1h5j42swfq.cloudfront.net\/2019\/02\/14151433\/Captuinssrar-min.jpg\",\"width\":1200,\"height\":627,\"caption\":\"Instituto Nacional do Seguro Social\"},{\"@type\":\"BreadcrumbList\",\"@id\":\"https:\/\/www.estrategiaconcursos.com.br\/blog\/aprovados-no-concurso-inss-pedem-nomeacao\/#breadcrumb\",\"itemListElement\":[{\"@type\":\"ListItem\",\"position\":1,\"name\":\"In\u00edcio\",\"item\":\"https:\/\/www.estrategiaconcursos.com.br\/blog\/\"},{\"@type\":\"ListItem\",\"position\":2,\"name\":\"Candidatos aprovados no concurso INSS pedem nomea\u00e7\u00e3o na justi\u00e7a\"}]},{\"@type\":\"WebSite\",\"@id\":\"https:\/\/www.estrategiaconcursos.com.br\/blog\/#website\",\"url\":\"https:\/\/www.estrategiaconcursos.com.br\/blog\/\",\"name\":\"Estrat\u00e9gia Concursos\",\"description\":\"O blog da Estrat\u00e9gia Concursos traz not\u00edcias sobre concursos e artigos de professores oferecendo cursos para concursos (pdf + videaulas) no site.\",\"publisher\":{\"@id\":\"https:\/\/www.estrategiaconcursos.com.br\/blog\/#organization\"},\"potentialAction\":[{\"@type\":\"SearchAction\",\"target\":{\"@type\":\"EntryPoint\",\"urlTemplate\":\"https:\/\/www.estrategiaconcursos.com.br\/blog\/?s={search_term_string}\"},\"query-input\":{\"@type\":\"PropertyValueSpecification\",\"valueRequired\":true,\"valueName\":\"search_term_string\"}}],\"inLanguage\":\"pt-BR\"},{\"@type\":\"Organization\",\"@id\":\"https:\/\/www.estrategiaconcursos.com.br\/blog\/#organization\",\"name\":\"Estrat\u00e9gia Concursos\",\"url\":\"https:\/\/www.estrategiaconcursos.com.br\/blog\/\",\"logo\":{\"@type\":\"ImageObject\",\"inLanguage\":\"pt-BR\",\"@id\":\"https:\/\/www.estrategiaconcursos.com.br\/blog\/#\/schema\/logo\/image\/\",\"url\":\"https:\/\/dhg1h5j42swfq.cloudfront.net\/2025\/06\/03203428\/logo_concursos-1.jpg\",\"contentUrl\":\"https:\/\/dhg1h5j42swfq.cloudfront.net\/2025\/06\/03203428\/logo_concursos-1.jpg\",\"width\":230,\"height\":60,\"caption\":\"Estrat\u00e9gia Concursos\"},\"image\":{\"@id\":\"https:\/\/www.estrategiaconcursos.com.br\/blog\/#\/schema\/logo\/image\/\"},\"sameAs\":[\"https:\/\/x.com\/EstratConcursos\"]},{\"@type\":\"Person\",\"@id\":\"https:\/\/www.estrategiaconcursos.com.br\/blog\/#\/schema\/person\/86e4af37234d422e94ca7e825b416814\",\"name\":\"Daniel dos Reis Lopes\",\"image\":{\"@type\":\"ImageObject\",\"inLanguage\":\"pt-BR\",\"@id\":\"https:\/\/secure.gravatar.com\/avatar\/ea24ef981da4044d0a66f44402441129fdde22c4c8d87f39a45cae8d4f82075a?s=96&d=mm&r=g\",\"url\":\"https:\/\/secure.gravatar.com\/avatar\/ea24ef981da4044d0a66f44402441129fdde22c4c8d87f39a45cae8d4f82075a?s=96&d=mm&r=g\",\"contentUrl\":\"https:\/\/secure.gravatar.com\/avatar\/ea24ef981da4044d0a66f44402441129fdde22c4c8d87f39a45cae8d4f82075a?s=96&d=mm&r=g\",\"caption\":\"Daniel dos Reis Lopes\"},\"url\":\"https:\/\/www.estrategiaconcursos.com.br\/blog\/author\/d-reislopesgmail-com\/\"}]}<\/script>\n<!-- \/ Yoast SEO Premium plugin. -->","yoast_head_json":{"title":"Candidatos aprovados no concurso INSS pedem nomea\u00e7\u00e3o na justi\u00e7a","description":"Aprovados no concurso INSS de 2015 pedem nomea\u00e7\u00e3o na justi\u00e7a. Candidatos alegam vagas disponiveis e d\u00e9ficit de pessoal no \u00f3rg\u00e3o. Saiba mais!","robots":{"index":"index","follow":"follow","max-snippet":"max-snippet:-1","max-image-preview":"max-image-preview:large","max-video-preview":"max-video-preview:-1"},"canonical":"https:\/\/www.estrategiaconcursos.com.br\/blog\/aprovados-no-concurso-inss-pedem-nomeacao\/","og_locale":"pt_BR","og_type":"article","og_title":"Candidatos aprovados no concurso INSS pedem nomea\u00e7\u00e3o na justi\u00e7a","og_description":"Aprovados no concurso INSS de 2015 pedem nomea\u00e7\u00e3o na justi\u00e7a. Candidatos alegam vagas disponiveis e d\u00e9ficit de pessoal no \u00f3rg\u00e3o. Saiba mais!","og_url":"https:\/\/www.estrategiaconcursos.com.br\/blog\/aprovados-no-concurso-inss-pedem-nomeacao\/","og_site_name":"Estrat\u00e9gia Concursos","article_published_time":"2020-02-04T17:00:00+00:00","article_modified_time":"2023-06-07T18:02:25+00:00","og_image":[{"width":1200,"height":627,"url":"https:\/\/dhg1h5j42swfq.cloudfront.net\/2019\/02\/14151433\/Captuinssrar-min.jpg","type":"image\/jpeg"}],"author":"Daniel dos Reis Lopes","twitter_card":"summary_large_image","twitter_creator":"@EstratConcursos","twitter_site":"@EstratConcursos","twitter_misc":{"Escrito por":"Daniel dos Reis Lopes","Est. tempo de leitura":"1 minuto"},"schema":{"@context":"https:\/\/schema.org","@graph":[{"@type":"NewsArticle","@id":"https:\/\/www.estrategiaconcursos.com.br\/blog\/aprovados-no-concurso-inss-pedem-nomeacao\/#article","isPartOf":{"@id":"https:\/\/www.estrategiaconcursos.com.br\/blog\/aprovados-no-concurso-inss-pedem-nomeacao\/"},"author":{"name":"Daniel dos Reis Lopes","@id":"https:\/\/www.estrategiaconcursos.com.br\/blog\/#\/schema\/person\/86e4af37234d422e94ca7e825b416814"},"headline":"Candidatos aprovados no concurso INSS pedem nomea\u00e7\u00e3o na justi\u00e7a","datePublished":"2020-02-04T17:00:00+00:00","dateModified":"2023-06-07T18:02:25+00:00","mainEntityOfPage":{"@id":"https:\/\/www.estrategiaconcursos.com.br\/blog\/aprovados-no-concurso-inss-pedem-nomeacao\/"},"wordCount":289,"commentCount":0,"publisher":{"@id":"https:\/\/www.estrategiaconcursos.com.br\/blog\/#organization"},"image":{"@id":"https:\/\/www.estrategiaconcursos.com.br\/blog\/aprovados-no-concurso-inss-pedem-nomeacao\/#primaryimage"},"thumbnailUrl":"https:\/\/dhg1h5j42swfq.cloudfront.net\/2019\/02\/14151433\/Captuinssrar-min.jpg","articleSection":["Concursos P\u00fablicos"],"inLanguage":"pt-BR","potentialAction":[{"@type":"CommentAction","name":"Comment","target":["https:\/\/www.estrategiaconcursos.com.br\/blog\/aprovados-no-concurso-inss-pedem-nomeacao\/#respond"]}],"copyrightYear":"2020","copyrightHolder":{"@id":"https:\/\/www.estrategiaconcursos.com.br\/blog\/#organization"}},{"@type":"WebPage","@id":"https:\/\/www.estrategiaconcursos.com.br\/blog\/aprovados-no-concurso-inss-pedem-nomeacao\/","url":"https:\/\/www.estrategiaconcursos.com.br\/blog\/aprovados-no-concurso-inss-pedem-nomeacao\/","name":"Candidatos aprovados no concurso INSS pedem nomea\u00e7\u00e3o na justi\u00e7a","isPartOf":{"@id":"https:\/\/www.estrategiaconcursos.com.br\/blog\/#website"},"primaryImageOfPage":{"@id":"https:\/\/www.estrategiaconcursos.com.br\/blog\/aprovados-no-concurso-inss-pedem-nomeacao\/#primaryimage"},"image":{"@id":"https:\/\/www.estrategiaconcursos.com.br\/blog\/aprovados-no-concurso-inss-pedem-nomeacao\/#primaryimage"},"thumbnailUrl":"https:\/\/dhg1h5j42swfq.cloudfront.net\/2019\/02\/14151433\/Captuinssrar-min.jpg","datePublished":"2020-02-04T17:00:00+00:00","dateModified":"2023-06-07T18:02:25+00:00","description":"Aprovados no concurso INSS de 2015 pedem nomea\u00e7\u00e3o na justi\u00e7a. Candidatos alegam vagas disponiveis e d\u00e9ficit de pessoal no \u00f3rg\u00e3o. Saiba mais!","breadcrumb":{"@id":"https:\/\/www.estrategiaconcursos.com.br\/blog\/aprovados-no-concurso-inss-pedem-nomeacao\/#breadcrumb"},"inLanguage":"pt-BR","potentialAction":[{"@type":"ReadAction","target":["https:\/\/www.estrategiaconcursos.com.br\/blog\/aprovados-no-concurso-inss-pedem-nomeacao\/"]}]},{"@type":"ImageObject","inLanguage":"pt-BR","@id":"https:\/\/www.estrategiaconcursos.com.br\/blog\/aprovados-no-concurso-inss-pedem-nomeacao\/#primaryimage","url":"https:\/\/dhg1h5j42swfq.cloudfront.net\/2019\/02\/14151433\/Captuinssrar-min.jpg","contentUrl":"https:\/\/dhg1h5j42swfq.cloudfront.net\/2019\/02\/14151433\/Captuinssrar-min.jpg","width":1200,"height":627,"caption":"Instituto Nacional do Seguro Social"},{"@type":"BreadcrumbList","@id":"https:\/\/www.estrategiaconcursos.com.br\/blog\/aprovados-no-concurso-inss-pedem-nomeacao\/#breadcrumb","itemListElement":[{"@type":"ListItem","position":1,"name":"In\u00edcio","item":"https:\/\/www.estrategiaconcursos.com.br\/blog\/"},{"@type":"ListItem","position":2,"name":"Candidatos aprovados no concurso INSS pedem nomea\u00e7\u00e3o na justi\u00e7a"}]},{"@type":"WebSite","@id":"https:\/\/www.estrategiaconcursos.com.br\/blog\/#website","url":"https:\/\/www.estrategiaconcursos.com.br\/blog\/","name":"Estrat\u00e9gia Concursos","description":"O blog da Estrat\u00e9gia Concursos traz not\u00edcias sobre concursos e artigos de professores oferecendo cursos para concursos (pdf + videaulas) no site.","publisher":{"@id":"https:\/\/www.estrategiaconcursos.com.br\/blog\/#organization"},"potentialAction":[{"@type":"SearchAction","target":{"@type":"EntryPoint","urlTemplate":"https:\/\/www.estrategiaconcursos.com.br\/blog\/?s={search_term_string}"},"query-input":{"@type":"PropertyValueSpecification","valueRequired":true,"valueName":"search_term_string"}}],"inLanguage":"pt-BR"},{"@type":"Organization","@id":"https:\/\/www.estrategiaconcursos.com.br\/blog\/#organization","name":"Estrat\u00e9gia Concursos","url":"https:\/\/www.estrategiaconcursos.com.br\/blog\/","logo":{"@type":"ImageObject","inLanguage":"pt-BR","@id":"https:\/\/www.estrategiaconcursos.com.br\/blog\/#\/schema\/logo\/image\/","url":"https:\/\/dhg1h5j42swfq.cloudfront.net\/2025\/06\/03203428\/logo_concursos-1.jpg","contentUrl":"https:\/\/dhg1h5j42swfq.cloudfront.net\/2025\/06\/03203428\/logo_concursos-1.jpg","width":230,"height":60,"caption":"Estrat\u00e9gia Concursos"},"image":{"@id":"https:\/\/www.estrategiaconcursos.com.br\/blog\/#\/schema\/logo\/image\/"},"sameAs":["https:\/\/x.com\/EstratConcursos"]},{"@type":"Person","@id":"https:\/\/www.estrategiaconcursos.com.br\/blog\/#\/schema\/person\/86e4af37234d422e94ca7e825b416814","name":"Daniel dos Reis Lopes","image":{"@type":"ImageObject","inLanguage":"pt-BR","@id":"https:\/\/secure.gravatar.com\/avatar\/ea24ef981da4044d0a66f44402441129fdde22c4c8d87f39a45cae8d4f82075a?s=96&d=mm&r=g","url":"https:\/\/secure.gravatar.com\/avatar\/ea24ef981da4044d0a66f44402441129fdde22c4c8d87f39a45cae8d4f82075a?s=96&d=mm&r=g","contentUrl":"https:\/\/secure.gravatar.com\/avatar\/ea24ef981da4044d0a66f44402441129fdde22c4c8d87f39a45cae8d4f82075a?s=96&d=mm&r=g","caption":"Daniel dos Reis Lopes"},"url":"https:\/\/www.estrategiaconcursos.com.br\/blog\/author\/d-reislopesgmail-com\/"}]}},"_links":{"self":[{"href":"https:\/\/www.estrategiaconcursos.com.br\/blog\/wp-json\/wp\/v2\/posts\/477722","targetHints":{"allow":["GET"]}}],"collection":[{"href":"https:\/\/www.estrategiaconcursos.com.br\/blog\/wp-json\/wp\/v2\/posts"}],"about":[{"href":"https:\/\/www.estrategiaconcursos.com.br\/blog\/wp-json\/wp\/v2\/types\/post"}],"author":[{"embeddable":true,"href":"https:\/\/www.estrategiaconcursos.com.br\/blog\/wp-json\/wp\/v2\/users\/263"}],"replies":[{"embeddable":true,"href":"https:\/\/www.estrategiaconcursos.com.br\/blog\/wp-json\/wp\/v2\/comments?post=477722"}],"version-history":[{"count":5,"href":"https:\/\/www.estrategiaconcursos.com.br\/blog\/wp-json\/wp\/v2\/posts\/477722\/revisions"}],"predecessor-version":[{"id":1229239,"href":"https:\/\/www.estrategiaconcursos.com.br\/blog\/wp-json\/wp\/v2\/posts\/477722\/revisions\/1229239"}],"wp:featuredmedia":[{"embeddable":true,"href":"https:\/\/www.estrategiaconcursos.com.br\/blog\/wp-json\/wp\/v2\/media\/166149"}],"wp:attachment":[{"href":"https:\/\/www.estrategiaconcursos.com.br\/blog\/wp-json\/wp\/v2\/media?parent=477722"}],"wp:term":[{"taxonomy":"category","embeddable":true,"href":"https:\/\/www.estrategiaconcursos.com.br\/blog\/wp-json\/wp\/v2\/categories?post=477722"},{"taxonomy":"post_tag","embeddable":true,"href":"https:\/\/www.estrategiaconcursos.com.br\/blog\/wp-json\/wp\/v2\/tags?post=477722"},{"taxonomy":"tax_estado","embeddable":true,"href":"https:\/\/www.estrategiaconcursos.com.br\/blog\/wp-json\/wp\/v2\/tax_estado?post=477722"}],"curies":[{"name":"wp","href":"https:\/\/api.w.org\/{rel}","templated":true}]}}