{"id":477715,"date":"2020-02-08T07:00:00","date_gmt":"2020-02-08T10:00:00","guid":{"rendered":"https:\/\/www.estrategiaconcursos.com.br\/blog\/?p=477715"},"modified":"2020-02-07T09:14:48","modified_gmt":"2020-02-07T12:14:48","slug":"revisao-de-vespera-magistratura-ms","status":"publish","type":"post","link":"https:\/\/www.estrategiaconcursos.com.br\/blog\/revisao-de-vespera-magistratura-ms\/","title":{"rendered":"Revis\u00e3o de V\u00e9spera refor\u00e7a sua prepara\u00e7\u00e3o para o concurso Magistratura MS"},"content":{"rendered":"\n<p>A prova do concurso Magistratura MS acontecer\u00e1 no dia 9 de fevereiro, com isso \u00e9 de suma import\u00e2ncia que os candidatos aperfei\u00e7oem suas prepara\u00e7\u00f5es. <\/p>\n\n\n\n<p>O certame ter\u00e1&nbsp;<strong>cinco etapas<\/strong>. A primeira delas (prova objetiva seletiva) ser\u00e1 aplicada em Campo Grande (MS). De acordo com o \u00f3rg\u00e3o, as provas ter\u00e3o 100 quest\u00f5es de m\u00faltipla escolha, com cinco alternativas cada e dura\u00e7\u00e3o de cinco horas.<\/p>\n\n\n\n<p>Os exames ser\u00e3o realizados na Uniderp\/Anhanguera, que fica situada na Rua Cear\u00e1, 333, Vila Ant\u00f4nio Vendas, em Campo Grande. <\/p>\n\n\n\n<p>Os candidatos devem se apresentar \u00e0s 7 horas (no hor\u00e1rio de MS) e os port\u00f5es ser\u00e3o fechados \u00e0s 8 horas. O tempo de perman\u00eancia m\u00ednima ser\u00e1 de tr\u00eas horas.<\/p>\n\n\n\n<p>Para fazer com que voc\u00ea consiga a t\u00e3o sonhada vaga, vamos realizar no s\u00e1bado, 08 de fevereiro de 2020, a partir das 08:30, uma revis\u00e3o de v\u00e9spera do cerame. <\/p>\n\n\n\n<p>O pontap\u00e9 inicial ser\u00e1 dado pelo professora Nelma Fontana com a disciplina de Direito Constitucional. Acompanhe ao vivo e gratuitamente atrav\u00e9s do canal do Estrat\u00e9gia Concursos no Youtube. <\/p>\n\n\n<figure class=\"wp-block-embed-youtube wp-block-embed is-type-video is-provider-youtube wp-embed-aspect-16-9 wp-has-aspect-ratio lyte-align aligncenter\"><div class=\"lyte-wrapper\" style=\"width:853px;max-width:100%;margin:5px;\"><div class=\"lyMe\" id=\"WYL_XLmUTUiQV0A\"><div id=\"lyte_XLmUTUiQV0A\" data-src=\"\/\/i.ytimg.com\/vi\/XLmUTUiQV0A\/hqdefault.jpg\" class=\"pL\"><div class=\"tC\"><div class=\"tT\"><\/div><\/div><div class=\"play\"><\/div><div class=\"ctrl\"><div class=\"Lctrl\"><\/div><div class=\"Rctrl\"><\/div><\/div><\/div><noscript><a href=\"https:\/\/youtu.be\/XLmUTUiQV0A\" rel=\"nofollow\"><img loading=\"lazy\" decoding=\"async\" src=\"https:\/\/i.ytimg.com\/vi\/XLmUTUiQV0A\/0.jpg\" alt=\"YouTube video thumbnail\" width=\"853\" height=\"460\" \/><br \/>Assista a este v\u00eddeo no YouTube<\/a><\/noscript><\/div><\/div><div class=\"lL\" style=\"max-width:100%;width:853px;margin:5px;\"><\/div><figcaption><\/figcaption><\/figure>\n\n\n<h3 class=\"wp-block-heading\">Cronograma da Revis\u00e3o de V\u00e9spera Magistratura MS<\/h3>\n\n\n\n<ul class=\"wp-block-list\"><li><em><strong>08:30 \u00e0s 9:30 &#8211; Direito Constitucional &#8211; Prof. Nelma Fontana<\/strong><\/em><\/li><li><em><strong>09:30 \u00e0s 10:30 &#8211; Direito Administrativo &#8211; Prof. Rodolfo Penna<\/strong><\/em><\/li><li><em><strong>10:30 \u00e0s 11:30 &#8211; Direito Civil &#8211; Prof. Paulo Sousa<\/strong><\/em><\/li><li><em><strong>11:30 \u00e0s 12:30 &#8211; Direito Processual Civil &#8211; Prof. Rodrigo Vaslin<\/strong><\/em><\/li><li><em><strong>13:30 \u00e0s 14:30 &#8211; Direito Penal &#8211; Prof. Michael Proc\u00f3pio<\/strong><\/em><\/li><li><em><strong>14:30 \u00e0s 15:30 &#8211; Direito Processual Penal &#8211; Prof. Leonardo Tavares<\/strong><\/em><\/li><li><em><strong>15:30 \u00e0s 16:30 &#8211; Direito Tribut\u00e1rio &#8211; Prof. Mateus Pontalti<\/strong><\/em><\/li><li><em><strong>16:30 \u00e0s 17:30 &#8211; Direito Ambiental &#8211; Prof. Luis Oliveira<\/strong><\/em><\/li><li><em><strong>17:30 \u00e0s 18:30 &#8211; Legisla\u00e7\u00e3o Estadual &#8211; Prof. Igor Maciel. <\/strong><\/em><\/li><\/ul>\n\n\n\n<p style=\"font-size:23px\" class=\"has-background has-text-align-center has-very-light-gray-background-color\"><strong>Mais informa\u00e7\u00f5es:<a href=\"https:\/\/www.estrategiaconcursos.com.br\/blog\/concurso-magistratura-ms\/\"> concurso Magistratura MS<\/a><\/strong><\/p>\n\n\n\n<h2 class=\"has-text-align-center wp-block-heading\" id=\"cursos\">Prepare-se para o concurso Magistratura MS<\/h2>\n\n\n\n<p style=\"font-size:23px\" class=\"has-background has-text-align-center has-luminous-vivid-amber-background-color\"><a href=\"https:\/\/www.estrategiaconcursos.com.br\/cursos\/concurso\/\"><strong>CURSO MAGISTRATURA MS<\/strong><\/a><\/p>\n\n\n\n<p style=\"font-size:23px\" class=\"has-background has-text-align-center has-pale-cyan-blue-background-color\"><strong><a href=\"https:\/\/www.estrategiaconcursos.com.br\/blog\/concursos-abertos\/\">CONCURSOS ABERTOS<\/a><\/strong><\/p>\n\n\n\n<p style=\"font-size:23px\" class=\"has-background has-text-align-center has-pale-cyan-blue-background-color\"><a href=\"https:\/\/www.estrategiaconcursos.com.br\/blog\/concursos-2020\/\"><strong>CONCURSOS 2020<\/strong><\/a><\/p>\n\n\n\n<p style=\"font-size:23px\" class=\"has-background has-text-align-center has-pale-cyan-blue-background-color\"><strong><a href=\"https:\/\/www.estrategiaconcursos.com.br\/blog\/concursos-de-direito\/\" target=\"_blank\" rel=\"noreferrer noopener\">CONCURSOS DE DIREITO<\/a><\/strong><\/p>\n","protected":false},"excerpt":{"rendered":"<p>A prova do concurso Magistratura MS acontecer\u00e1 no dia 9 de fevereiro, com isso \u00e9 de suma import\u00e2ncia que os candidatos aperfei\u00e7oem suas prepara\u00e7\u00f5es. O certame ter\u00e1&nbsp;cinco etapas. A primeira delas (prova objetiva seletiva) ser\u00e1 aplicada em Campo Grande (MS). De acordo com o \u00f3rg\u00e3o, as provas ter\u00e3o 100 quest\u00f5es de m\u00faltipla escolha, com cinco [&hellip;]<\/p>\n","protected":false},"author":317,"featured_media":417449,"comment_status":"open","ping_status":"closed","sticky":false,"template":"","format":"standard","meta":{"post_tipo":"article","footnotes":""},"categories":[1],"tags":[],"tax_estado":[],"class_list":["post-477715","post","type-post","status-publish","format-standard","has-post-thumbnail","hentry","category-cursos-e-concursos"],"acf":[],"yoast_head":"<!-- This site is optimized with the Yoast SEO Premium plugin v27.2 (Yoast SEO v27.2) - https:\/\/yoast.com\/product\/yoast-seo-premium-wordpress\/ -->\n<title>Revis\u00e3o de V\u00e9spera refor\u00e7a sua prepara\u00e7\u00e3o para o concurso Magistratura MS<\/title>\n<meta name=\"robots\" content=\"index, follow, max-snippet:-1, max-image-preview:large, max-video-preview:-1\" \/>\n<link rel=\"canonical\" href=\"https:\/\/www.estrategiaconcursos.com.br\/blog\/revisao-de-vespera-magistratura-ms\/\" \/>\n<meta property=\"og:locale\" content=\"pt_BR\" \/>\n<meta property=\"og:type\" content=\"article\" \/>\n<meta property=\"og:title\" content=\"Revis\u00e3o de V\u00e9spera refor\u00e7a sua prepara\u00e7\u00e3o para o concurso Magistratura MS\" \/>\n<meta property=\"og:description\" content=\"A prova do concurso Magistratura MS acontecer\u00e1 no dia 9 de fevereiro, com isso \u00e9 de suma import\u00e2ncia que os candidatos aperfei\u00e7oem suas prepara\u00e7\u00f5es. O certame ter\u00e1&nbsp;cinco etapas. A primeira delas (prova objetiva seletiva) ser\u00e1 aplicada em Campo Grande (MS). De acordo com o \u00f3rg\u00e3o, as provas ter\u00e3o 100 quest\u00f5es de m\u00faltipla escolha, com cinco [&hellip;]\" \/>\n<meta property=\"og:url\" content=\"https:\/\/www.estrategiaconcursos.com.br\/blog\/revisao-de-vespera-magistratura-ms\/\" \/>\n<meta property=\"og:site_name\" content=\"Estrat\u00e9gia Concursos\" \/>\n<meta property=\"article:author\" content=\"https:\/\/www.facebook.com\/igor.maciel.1420\" \/>\n<meta property=\"article:published_time\" content=\"2020-02-08T10:00:00+00:00\" \/>\n<meta property=\"og:image\" content=\"https:\/\/dhg1h5j42swfq.cloudfront.net\/2019\/09\/06130357\/Magistratura-MS.jpg\" \/>\n\t<meta property=\"og:image:width\" content=\"1200\" \/>\n\t<meta property=\"og:image:height\" content=\"628\" \/>\n\t<meta property=\"og:image:type\" content=\"image\/jpeg\" \/>\n<meta name=\"author\" content=\"Igor Maciel\" \/>\n<meta name=\"twitter:card\" content=\"summary_large_image\" \/>\n<meta name=\"twitter:creator\" content=\"@EstratConcursos\" \/>\n<meta name=\"twitter:site\" content=\"@EstratConcursos\" \/>\n<meta name=\"twitter:label1\" content=\"Escrito por\" \/>\n\t<meta name=\"twitter:data1\" content=\"Igor Maciel\" \/>\n\t<meta name=\"twitter:label2\" content=\"Est. tempo de leitura\" \/>\n\t<meta name=\"twitter:data2\" content=\"1 minuto\" \/>\n<script type=\"application\/ld+json\" class=\"yoast-schema-graph\">{\"@context\":\"https:\/\/schema.org\",\"@graph\":[{\"@type\":\"NewsArticle\",\"@id\":\"https:\/\/www.estrategiaconcursos.com.br\/blog\/revisao-de-vespera-magistratura-ms\/#article\",\"isPartOf\":{\"@id\":\"https:\/\/www.estrategiaconcursos.com.br\/blog\/revisao-de-vespera-magistratura-ms\/\"},\"author\":{\"name\":\"Igor Maciel\",\"@id\":\"https:\/\/www.estrategiaconcursos.com.br\/blog\/#\/schema\/person\/024d26d5efb06d95dfc04025d7301591\"},\"headline\":\"Revis\u00e3o de V\u00e9spera refor\u00e7a sua prepara\u00e7\u00e3o para o concurso Magistratura MS\",\"datePublished\":\"2020-02-08T10:00:00+00:00\",\"mainEntityOfPage\":{\"@id\":\"https:\/\/www.estrategiaconcursos.com.br\/blog\/revisao-de-vespera-magistratura-ms\/\"},\"wordCount\":313,\"commentCount\":0,\"publisher\":{\"@id\":\"https:\/\/www.estrategiaconcursos.com.br\/blog\/#organization\"},\"image\":{\"@id\":\"https:\/\/www.estrategiaconcursos.com.br\/blog\/revisao-de-vespera-magistratura-ms\/#primaryimage\"},\"thumbnailUrl\":\"https:\/\/dhg1h5j42swfq.cloudfront.net\/2019\/09\/06130357\/Magistratura-MS.jpg\",\"articleSection\":[\"Concursos P\u00fablicos\"],\"inLanguage\":\"pt-BR\",\"potentialAction\":[{\"@type\":\"CommentAction\",\"name\":\"Comment\",\"target\":[\"https:\/\/www.estrategiaconcursos.com.br\/blog\/revisao-de-vespera-magistratura-ms\/#respond\"]}],\"copyrightYear\":\"2020\",\"copyrightHolder\":{\"@id\":\"https:\/\/www.estrategiaconcursos.com.br\/blog\/#organization\"}},{\"@type\":\"WebPage\",\"@id\":\"https:\/\/www.estrategiaconcursos.com.br\/blog\/revisao-de-vespera-magistratura-ms\/\",\"url\":\"https:\/\/www.estrategiaconcursos.com.br\/blog\/revisao-de-vespera-magistratura-ms\/\",\"name\":\"Revis\u00e3o de V\u00e9spera refor\u00e7a sua prepara\u00e7\u00e3o para o concurso Magistratura MS\",\"isPartOf\":{\"@id\":\"https:\/\/www.estrategiaconcursos.com.br\/blog\/#website\"},\"primaryImageOfPage\":{\"@id\":\"https:\/\/www.estrategiaconcursos.com.br\/blog\/revisao-de-vespera-magistratura-ms\/#primaryimage\"},\"image\":{\"@id\":\"https:\/\/www.estrategiaconcursos.com.br\/blog\/revisao-de-vespera-magistratura-ms\/#primaryimage\"},\"thumbnailUrl\":\"https:\/\/dhg1h5j42swfq.cloudfront.net\/2019\/09\/06130357\/Magistratura-MS.jpg\",\"datePublished\":\"2020-02-08T10:00:00+00:00\",\"breadcrumb\":{\"@id\":\"https:\/\/www.estrategiaconcursos.com.br\/blog\/revisao-de-vespera-magistratura-ms\/#breadcrumb\"},\"inLanguage\":\"pt-BR\",\"potentialAction\":[{\"@type\":\"ReadAction\",\"target\":[\"https:\/\/www.estrategiaconcursos.com.br\/blog\/revisao-de-vespera-magistratura-ms\/\"]}]},{\"@type\":\"ImageObject\",\"inLanguage\":\"pt-BR\",\"@id\":\"https:\/\/www.estrategiaconcursos.com.br\/blog\/revisao-de-vespera-magistratura-ms\/#primaryimage\",\"url\":\"https:\/\/dhg1h5j42swfq.cloudfront.net\/2019\/09\/06130357\/Magistratura-MS.jpg\",\"contentUrl\":\"https:\/\/dhg1h5j42swfq.cloudfront.net\/2019\/09\/06130357\/Magistratura-MS.jpg\",\"width\":1200,\"height\":628,\"caption\":\"concurso magistratura ms\"},{\"@type\":\"BreadcrumbList\",\"@id\":\"https:\/\/www.estrategiaconcursos.com.br\/blog\/revisao-de-vespera-magistratura-ms\/#breadcrumb\",\"itemListElement\":[{\"@type\":\"ListItem\",\"position\":1,\"name\":\"In\u00edcio\",\"item\":\"https:\/\/www.estrategiaconcursos.com.br\/blog\/\"},{\"@type\":\"ListItem\",\"position\":2,\"name\":\"Revis\u00e3o de V\u00e9spera refor\u00e7a sua prepara\u00e7\u00e3o para o concurso Magistratura MS\"}]},{\"@type\":\"WebSite\",\"@id\":\"https:\/\/www.estrategiaconcursos.com.br\/blog\/#website\",\"url\":\"https:\/\/www.estrategiaconcursos.com.br\/blog\/\",\"name\":\"Estrat\u00e9gia Concursos\",\"description\":\"O blog da Estrat\u00e9gia Concursos traz not\u00edcias sobre concursos e artigos de professores oferecendo cursos para concursos (pdf + videaulas) no site.\",\"publisher\":{\"@id\":\"https:\/\/www.estrategiaconcursos.com.br\/blog\/#organization\"},\"potentialAction\":[{\"@type\":\"SearchAction\",\"target\":{\"@type\":\"EntryPoint\",\"urlTemplate\":\"https:\/\/www.estrategiaconcursos.com.br\/blog\/?s={search_term_string}\"},\"query-input\":{\"@type\":\"PropertyValueSpecification\",\"valueRequired\":true,\"valueName\":\"search_term_string\"}}],\"inLanguage\":\"pt-BR\"},{\"@type\":\"Organization\",\"@id\":\"https:\/\/www.estrategiaconcursos.com.br\/blog\/#organization\",\"name\":\"Estrat\u00e9gia Concursos\",\"url\":\"https:\/\/www.estrategiaconcursos.com.br\/blog\/\",\"logo\":{\"@type\":\"ImageObject\",\"inLanguage\":\"pt-BR\",\"@id\":\"https:\/\/www.estrategiaconcursos.com.br\/blog\/#\/schema\/logo\/image\/\",\"url\":\"https:\/\/dhg1h5j42swfq.cloudfront.net\/2025\/06\/03203428\/logo_concursos-1.jpg\",\"contentUrl\":\"https:\/\/dhg1h5j42swfq.cloudfront.net\/2025\/06\/03203428\/logo_concursos-1.jpg\",\"width\":230,\"height\":60,\"caption\":\"Estrat\u00e9gia Concursos\"},\"image\":{\"@id\":\"https:\/\/www.estrategiaconcursos.com.br\/blog\/#\/schema\/logo\/image\/\"},\"sameAs\":[\"https:\/\/x.com\/EstratConcursos\"]},{\"@type\":\"Person\",\"@id\":\"https:\/\/www.estrategiaconcursos.com.br\/blog\/#\/schema\/person\/024d26d5efb06d95dfc04025d7301591\",\"name\":\"Igor Maciel\",\"image\":{\"@type\":\"ImageObject\",\"inLanguage\":\"pt-BR\",\"@id\":\"https:\/\/secure.gravatar.com\/avatar\/e983a676af6facf4aebcb2989d49e3bf61b718712d5e7a4b3f355b7fe651bc2f?s=96&d=mm&r=g\",\"url\":\"https:\/\/secure.gravatar.com\/avatar\/e983a676af6facf4aebcb2989d49e3bf61b718712d5e7a4b3f355b7fe651bc2f?s=96&d=mm&r=g\",\"contentUrl\":\"https:\/\/secure.gravatar.com\/avatar\/e983a676af6facf4aebcb2989d49e3bf61b718712d5e7a4b3f355b7fe651bc2f?s=96&d=mm&r=g\",\"caption\":\"Igor Maciel\"},\"description\":\"Graduado na Universidade Federal de Pernambuco, com extens\u00e3o na Universidade de Coimbra\/Portugal. Especialista LLM em Direito Corporativo pelo IBMEC\/RJ. Mestrando em Direito e Pol\u00edticas P\u00fablicas pelo UNICEUB\/DF. Advogado com atua\u00e7\u00e3o profissional centrada no Direito Tribut\u00e1rio e no Direito Administrativo, especialmente na defesa de servidores p\u00fablicos.\",\"sameAs\":[\"http:\/\/www.imaciel.com.br\",\"https:\/\/www.facebook.com\/igor.maciel.1420\"],\"url\":\"https:\/\/www.estrategiaconcursos.com.br\/blog\/author\/contatoimaciel-com-br\/\"}]}<\/script>\n<!-- \/ Yoast SEO Premium plugin. -->","yoast_head_json":{"title":"Revis\u00e3o de V\u00e9spera refor\u00e7a sua prepara\u00e7\u00e3o para o concurso Magistratura MS","robots":{"index":"index","follow":"follow","max-snippet":"max-snippet:-1","max-image-preview":"max-image-preview:large","max-video-preview":"max-video-preview:-1"},"canonical":"https:\/\/www.estrategiaconcursos.com.br\/blog\/revisao-de-vespera-magistratura-ms\/","og_locale":"pt_BR","og_type":"article","og_title":"Revis\u00e3o de V\u00e9spera refor\u00e7a sua prepara\u00e7\u00e3o para o concurso Magistratura MS","og_description":"A prova do concurso Magistratura MS acontecer\u00e1 no dia 9 de fevereiro, com isso \u00e9 de suma import\u00e2ncia que os candidatos aperfei\u00e7oem suas prepara\u00e7\u00f5es. O certame ter\u00e1&nbsp;cinco etapas. A primeira delas (prova objetiva seletiva) ser\u00e1 aplicada em Campo Grande (MS). De acordo com o \u00f3rg\u00e3o, as provas ter\u00e3o 100 quest\u00f5es de m\u00faltipla escolha, com cinco [&hellip;]","og_url":"https:\/\/www.estrategiaconcursos.com.br\/blog\/revisao-de-vespera-magistratura-ms\/","og_site_name":"Estrat\u00e9gia Concursos","article_author":"https:\/\/www.facebook.com\/igor.maciel.1420","article_published_time":"2020-02-08T10:00:00+00:00","og_image":[{"width":1200,"height":628,"url":"https:\/\/dhg1h5j42swfq.cloudfront.net\/2019\/09\/06130357\/Magistratura-MS.jpg","type":"image\/jpeg"}],"author":"Igor Maciel","twitter_card":"summary_large_image","twitter_creator":"@EstratConcursos","twitter_site":"@EstratConcursos","twitter_misc":{"Escrito por":"Igor Maciel","Est. tempo de leitura":"1 minuto"},"schema":{"@context":"https:\/\/schema.org","@graph":[{"@type":"NewsArticle","@id":"https:\/\/www.estrategiaconcursos.com.br\/blog\/revisao-de-vespera-magistratura-ms\/#article","isPartOf":{"@id":"https:\/\/www.estrategiaconcursos.com.br\/blog\/revisao-de-vespera-magistratura-ms\/"},"author":{"name":"Igor Maciel","@id":"https:\/\/www.estrategiaconcursos.com.br\/blog\/#\/schema\/person\/024d26d5efb06d95dfc04025d7301591"},"headline":"Revis\u00e3o de V\u00e9spera refor\u00e7a sua prepara\u00e7\u00e3o para o concurso Magistratura MS","datePublished":"2020-02-08T10:00:00+00:00","mainEntityOfPage":{"@id":"https:\/\/www.estrategiaconcursos.com.br\/blog\/revisao-de-vespera-magistratura-ms\/"},"wordCount":313,"commentCount":0,"publisher":{"@id":"https:\/\/www.estrategiaconcursos.com.br\/blog\/#organization"},"image":{"@id":"https:\/\/www.estrategiaconcursos.com.br\/blog\/revisao-de-vespera-magistratura-ms\/#primaryimage"},"thumbnailUrl":"https:\/\/dhg1h5j42swfq.cloudfront.net\/2019\/09\/06130357\/Magistratura-MS.jpg","articleSection":["Concursos P\u00fablicos"],"inLanguage":"pt-BR","potentialAction":[{"@type":"CommentAction","name":"Comment","target":["https:\/\/www.estrategiaconcursos.com.br\/blog\/revisao-de-vespera-magistratura-ms\/#respond"]}],"copyrightYear":"2020","copyrightHolder":{"@id":"https:\/\/www.estrategiaconcursos.com.br\/blog\/#organization"}},{"@type":"WebPage","@id":"https:\/\/www.estrategiaconcursos.com.br\/blog\/revisao-de-vespera-magistratura-ms\/","url":"https:\/\/www.estrategiaconcursos.com.br\/blog\/revisao-de-vespera-magistratura-ms\/","name":"Revis\u00e3o de V\u00e9spera refor\u00e7a sua prepara\u00e7\u00e3o para o concurso Magistratura MS","isPartOf":{"@id":"https:\/\/www.estrategiaconcursos.com.br\/blog\/#website"},"primaryImageOfPage":{"@id":"https:\/\/www.estrategiaconcursos.com.br\/blog\/revisao-de-vespera-magistratura-ms\/#primaryimage"},"image":{"@id":"https:\/\/www.estrategiaconcursos.com.br\/blog\/revisao-de-vespera-magistratura-ms\/#primaryimage"},"thumbnailUrl":"https:\/\/dhg1h5j42swfq.cloudfront.net\/2019\/09\/06130357\/Magistratura-MS.jpg","datePublished":"2020-02-08T10:00:00+00:00","breadcrumb":{"@id":"https:\/\/www.estrategiaconcursos.com.br\/blog\/revisao-de-vespera-magistratura-ms\/#breadcrumb"},"inLanguage":"pt-BR","potentialAction":[{"@type":"ReadAction","target":["https:\/\/www.estrategiaconcursos.com.br\/blog\/revisao-de-vespera-magistratura-ms\/"]}]},{"@type":"ImageObject","inLanguage":"pt-BR","@id":"https:\/\/www.estrategiaconcursos.com.br\/blog\/revisao-de-vespera-magistratura-ms\/#primaryimage","url":"https:\/\/dhg1h5j42swfq.cloudfront.net\/2019\/09\/06130357\/Magistratura-MS.jpg","contentUrl":"https:\/\/dhg1h5j42swfq.cloudfront.net\/2019\/09\/06130357\/Magistratura-MS.jpg","width":1200,"height":628,"caption":"concurso magistratura ms"},{"@type":"BreadcrumbList","@id":"https:\/\/www.estrategiaconcursos.com.br\/blog\/revisao-de-vespera-magistratura-ms\/#breadcrumb","itemListElement":[{"@type":"ListItem","position":1,"name":"In\u00edcio","item":"https:\/\/www.estrategiaconcursos.com.br\/blog\/"},{"@type":"ListItem","position":2,"name":"Revis\u00e3o de V\u00e9spera refor\u00e7a sua prepara\u00e7\u00e3o para o concurso Magistratura MS"}]},{"@type":"WebSite","@id":"https:\/\/www.estrategiaconcursos.com.br\/blog\/#website","url":"https:\/\/www.estrategiaconcursos.com.br\/blog\/","name":"Estrat\u00e9gia Concursos","description":"O blog da Estrat\u00e9gia Concursos traz not\u00edcias sobre concursos e artigos de professores oferecendo cursos para concursos (pdf + videaulas) no site.","publisher":{"@id":"https:\/\/www.estrategiaconcursos.com.br\/blog\/#organization"},"potentialAction":[{"@type":"SearchAction","target":{"@type":"EntryPoint","urlTemplate":"https:\/\/www.estrategiaconcursos.com.br\/blog\/?s={search_term_string}"},"query-input":{"@type":"PropertyValueSpecification","valueRequired":true,"valueName":"search_term_string"}}],"inLanguage":"pt-BR"},{"@type":"Organization","@id":"https:\/\/www.estrategiaconcursos.com.br\/blog\/#organization","name":"Estrat\u00e9gia Concursos","url":"https:\/\/www.estrategiaconcursos.com.br\/blog\/","logo":{"@type":"ImageObject","inLanguage":"pt-BR","@id":"https:\/\/www.estrategiaconcursos.com.br\/blog\/#\/schema\/logo\/image\/","url":"https:\/\/dhg1h5j42swfq.cloudfront.net\/2025\/06\/03203428\/logo_concursos-1.jpg","contentUrl":"https:\/\/dhg1h5j42swfq.cloudfront.net\/2025\/06\/03203428\/logo_concursos-1.jpg","width":230,"height":60,"caption":"Estrat\u00e9gia Concursos"},"image":{"@id":"https:\/\/www.estrategiaconcursos.com.br\/blog\/#\/schema\/logo\/image\/"},"sameAs":["https:\/\/x.com\/EstratConcursos"]},{"@type":"Person","@id":"https:\/\/www.estrategiaconcursos.com.br\/blog\/#\/schema\/person\/024d26d5efb06d95dfc04025d7301591","name":"Igor Maciel","image":{"@type":"ImageObject","inLanguage":"pt-BR","@id":"https:\/\/secure.gravatar.com\/avatar\/e983a676af6facf4aebcb2989d49e3bf61b718712d5e7a4b3f355b7fe651bc2f?s=96&d=mm&r=g","url":"https:\/\/secure.gravatar.com\/avatar\/e983a676af6facf4aebcb2989d49e3bf61b718712d5e7a4b3f355b7fe651bc2f?s=96&d=mm&r=g","contentUrl":"https:\/\/secure.gravatar.com\/avatar\/e983a676af6facf4aebcb2989d49e3bf61b718712d5e7a4b3f355b7fe651bc2f?s=96&d=mm&r=g","caption":"Igor Maciel"},"description":"Graduado na Universidade Federal de Pernambuco, com extens\u00e3o na Universidade de Coimbra\/Portugal. Especialista LLM em Direito Corporativo pelo IBMEC\/RJ. Mestrando em Direito e Pol\u00edticas P\u00fablicas pelo UNICEUB\/DF. Advogado com atua\u00e7\u00e3o profissional centrada no Direito Tribut\u00e1rio e no Direito Administrativo, especialmente na defesa de servidores p\u00fablicos.","sameAs":["http:\/\/www.imaciel.com.br","https:\/\/www.facebook.com\/igor.maciel.1420"],"url":"https:\/\/www.estrategiaconcursos.com.br\/blog\/author\/contatoimaciel-com-br\/"}]}},"_links":{"self":[{"href":"https:\/\/www.estrategiaconcursos.com.br\/blog\/wp-json\/wp\/v2\/posts\/477715","targetHints":{"allow":["GET"]}}],"collection":[{"href":"https:\/\/www.estrategiaconcursos.com.br\/blog\/wp-json\/wp\/v2\/posts"}],"about":[{"href":"https:\/\/www.estrategiaconcursos.com.br\/blog\/wp-json\/wp\/v2\/types\/post"}],"author":[{"embeddable":true,"href":"https:\/\/www.estrategiaconcursos.com.br\/blog\/wp-json\/wp\/v2\/users\/317"}],"replies":[{"embeddable":true,"href":"https:\/\/www.estrategiaconcursos.com.br\/blog\/wp-json\/wp\/v2\/comments?post=477715"}],"version-history":[{"count":4,"href":"https:\/\/www.estrategiaconcursos.com.br\/blog\/wp-json\/wp\/v2\/posts\/477715\/revisions"}],"predecessor-version":[{"id":479021,"href":"https:\/\/www.estrategiaconcursos.com.br\/blog\/wp-json\/wp\/v2\/posts\/477715\/revisions\/479021"}],"wp:featuredmedia":[{"embeddable":true,"href":"https:\/\/www.estrategiaconcursos.com.br\/blog\/wp-json\/wp\/v2\/media\/417449"}],"wp:attachment":[{"href":"https:\/\/www.estrategiaconcursos.com.br\/blog\/wp-json\/wp\/v2\/media?parent=477715"}],"wp:term":[{"taxonomy":"category","embeddable":true,"href":"https:\/\/www.estrategiaconcursos.com.br\/blog\/wp-json\/wp\/v2\/categories?post=477715"},{"taxonomy":"post_tag","embeddable":true,"href":"https:\/\/www.estrategiaconcursos.com.br\/blog\/wp-json\/wp\/v2\/tags?post=477715"},{"taxonomy":"tax_estado","embeddable":true,"href":"https:\/\/www.estrategiaconcursos.com.br\/blog\/wp-json\/wp\/v2\/tax_estado?post=477715"}],"curies":[{"name":"wp","href":"https:\/\/api.w.org\/{rel}","templated":true}]}}