{"id":477494,"date":"2020-02-21T00:24:00","date_gmt":"2020-02-21T03:24:00","guid":{"rendered":"https:\/\/www.estrategiaconcursos.com.br\/blog\/?p=477494"},"modified":"2020-02-21T09:05:41","modified_gmt":"2020-02-21T12:05:41","slug":"concurso-fepecs-pss-residencia","status":"publish","type":"post","link":"https:\/\/www.estrategiaconcursos.com.br\/blog\/concurso-fepecs-pss-residencia\/","title":{"rendered":"Concurso FEPECS PSS Resid\u00eancia: Inscri\u00e7\u00f5es encerradas para 21 vagas"},"content":{"rendered":"\n<p>Terminaram as inscri\u00e7\u00f5es para o concurso\u00a0da<strong><em> <\/em><\/strong>Funda\u00e7\u00e3o de Ensino e Pesquisa em Ci\u00eancia da Sa\u00fade vinculada \u00e0 Secretaria de Estado de Sa\u00fade do Distrito Federal (SES-DF)<\/p>\n\n\n\n<p>O certame visa ofertar aos candidatos&nbsp;<strong>21 vagas<\/strong> para residencia m\u00e9dica (n\u00edvel superior). <\/p>\n\n\n\n<h2 class=\"wp-block-heading\">Principais informa\u00e7\u00f5es do concurso FEPECS PSS Resid\u00eancia <\/h2>\n\n\n\n<p>Os candidatos interessados pelas vagas do certame devem se<strong>&nbsp;inscrever<\/strong>&nbsp;no site da banca organizadora, o I<em>nstituto Americano de Desenvolvimento (IADES)<\/em>, entre os dias a <strong>14 de fevereiro a 20 de fevereiro de 2020<\/strong>. Ap\u00f3s realizar a inscri\u00e7\u00e3o, os concurseiros dever\u00e3o pagar uma taxa que varia conforme o grau de forma\u00e7\u00e3o.<em>&nbsp;Confira abaixo:<\/em><\/p>\n\n\n\n<p class=\"has-medium-font-size\"><strong>Taxa de inscri\u00e7\u00e3o<\/strong><\/p>\n\n\n\n<ul class=\"wp-block-list\"><li>N\u00edvel Superior \u2013  R$ 246,00 <\/li><\/ul>\n\n\n\n<p> A&nbsp;<em>prova objetiva<\/em>&nbsp;para&nbsp;<em>todos os cargos&nbsp;<\/em>ser\u00e1 efetuada no dia&nbsp;<strong>1\u00b0 de mar\u00e7o de 2020. <\/strong> Os candidatos que quiserem a isen\u00e7\u00e3o da taxa, devem efetuar o pagamento entre <strong>14 e 15 de fevereiro de 2020<\/strong>.<\/p>\n\n\n\n<h3 class=\"wp-block-heading\">Principais Datas<\/h3>\n\n\n\n<p class=\"has-background has-very-light-gray-background-color\"><strong><em>Inscri\u00e7\u00f5es<\/em><\/strong><em>:<s> 14 de fevereiro a 20 de fevereiro de 2020 <\/s><br \/><strong>Prova objetiva<\/strong>:  1\u00b0 de mar\u00e7o de 2020 <\/em><br \/><strong><em>Isen\u00e7\u00e3o do pagamento<\/em><\/strong>: <em>14 e 15 de fevereiro de 2020 <\/em><\/p>\n\n\n\n<h2 class=\"wp-block-heading\">Cargos, vagas e Remunera\u00e7\u00f5es \u2013 concurso FEPECS PSS Resid\u00eancia <\/h2>\n\n\n\n<p>S\u00e3o ofertadas&nbsp;<em>21 vagas&nbsp;<\/em> para resid\u00eancia m\u00e9dica, n\u00edvel superior. Confira abaixo os detalhes das especialidades dos cargos abaixo:<\/p>\n\n\n\n<p class=\"has-medium-font-size\"><strong>N\u00edvel Superior<\/strong><\/p>\n\n\n\n<ul class=\"wp-block-list\"><li><em><strong> MEDICINA DE FAM\u00cdLIA E COMUNIDADE<\/strong>  Dura\u00e7\u00e3o: 2anos -(6 vagas)<\/em><\/li><li><em> <strong>MEDICINA PREVENTIVA E SOCIAL <\/strong> Dura\u00e7\u00e3o: 3 anos &#8211; (1 vaga)<\/em><\/li><li><em><strong> MEDICINA INTENSIVA <\/strong> Dura\u00e7\u00e3o: 4  anos  &#8211; 6 vagas)<\/em><\/li><li><em><strong>CANCEROLOGIA PEDI\u00c1TRICA<\/strong>  Pr\u00e9-requisito: Resid\u00eancia em Pediatria, Hematologia e Hemoterapia ou Cancerologia Cl\u00ednica )   Dura\u00e7\u00e3o: 2  anos (1 vaga)<\/em><\/li><li><em> <strong>ENDOSCOPIA<\/strong>  &#8211; Pr\u00e9-requisito: Resid\u00eancia em Cirurgia Geral ou Cl\u00ednica M\u00e9dica \u2013 Dura\u00e7\u00e3o: 2 anos. (1 vaga)<\/em><\/li><li><em><strong>CIRURGIA ONCOL\u00d3GICA<\/strong>  &#8211; Pr\u00e9-requisito: Resid\u00eancia em Cirurgia Geral \u2013 Dura\u00e7\u00e3o: 3 anos (1 vaga)<\/em><\/li><li><em><strong> HEMATOLOGIA E HEMOTERAPIA PEDI\u00c1TRICA<\/strong>  Pr\u00e9-requisito: Resid\u00eancia em Pediatria ou Hematologia e Hemoterapia \u2013 Dura\u00e7\u00e3o: 2 anos. (1 vaga)<\/em><\/li><li><em><strong>INFECTOLOGIA PEDI\u00c1TRICA<\/strong>  Pr\u00e9-requisito: Resid\u00eancia em Pediatria ou Infectologia \u2013 Dura\u00e7\u00e3o: 2 anos. (2 vagas)<\/em><\/li><li><em><strong>NEONATOLOGIA  <\/strong>Pr\u00e9-requisito: Resid\u00eancia em Pediatria \u2013 Dura\u00e7\u00e3o: 2 anos (1 vaga)<\/em><\/li><li><em><strong>TRANSPLANTE RENAL<\/strong>  \u2013 Pr\u00e9-requisito: Resid\u00eancia em Nefrologia \u2013 Dura\u00e7\u00e3o: 1 ano (1 vaga)<\/em><\/li><\/ul>\n\n\n\n<p>A bolsa-resid\u00eancia mensal<strong> R$ 3.330,43<\/strong>, al\u00e9m disso, h\u00e1 o pagamento mensal de aux\u00edlio-moradia aos residentes matriculados em seus programas no valor de <strong>R$ 999,12<\/strong>.<\/p>\n\n\n\n<h2 class=\"wp-block-heading\">Etapas do concurso FEPECS PSS Resid\u00eancia<\/h2>\n\n\n\n<p> A prova objetiva, de car\u00e1ter eliminat\u00f3rio e classificat\u00f3rio, valer\u00e1 120 pontos e ter\u00e1 a estrutura conforme defini\u00e7\u00f5es constantes no edital.<\/p>\n\n\n\n<p> A prova objetiva ser\u00e1 constitu\u00edda de itens para julgamento, agrupados por comandos que dever\u00e3o ser respeitados. O julgamento de cada item ser\u00e1 CERTO ou ERRADO, de acordo com o(s) comando(s) a que se refere o item.<\/p>\n\n\n\n<p> A prova objetiva ser\u00e1 aplicada na data prov\u00e1vel de 1\u00b0 de mar\u00e7o de 2020, no turno da tarde e com a dura\u00e7\u00e3o de 3  horas e 30 minutos. <\/p>\n\n\n\n<p> A nota em cada item da prova objetiva, feita com base nas marca\u00e7\u00f5es da folha de respostas, ser\u00e1 igual a: 1  ponto, caso a resposta do candidato esteja em concord\u00e2ncia com o gabarito oficial definitivo das provas; 0,5  ponto negativo, caso a resposta do candidato esteja em discord\u00e2ncia com o gabarito oficial definitivo das provas; 0,0, caso n\u00e3o haja marca\u00e7\u00e3o ou haja marca\u00e7\u00e3o dupla (C e E). <\/p>\n\n\n\n<h3 class=\"has-text-align-center wp-block-heading\" id=\"cursos-assinatura\">Quer estudar para o concurso FEPECS PSS Resid\u00eancia?<\/h3>\n\n\n\n<p><em>Gostou desta oportunidade e deseja come\u00e7ar se preparar agora mesmo? Ent\u00e3o, confira os nossos cursos e comece a estudar:<\/em><\/p>\n\n\n\n<p class=\"has-background has-text-align-center has-light-green-cyan-background-color\"><strong><a rel=\"noreferrer noopener\" href=\"https:\/\/www.estrategiaconcursos.com.br\/cursos\/concurso\/\" target=\"_blank\">Curso para concurso<\/a><\/strong><\/p>\n\n\n\n<p class=\"has-text-align-center\"><em><strong>Assinatura Anual Ilimitada*<\/strong><\/em><\/p>\n\n\n\n<p class=\"has-text-align-center\"><em>Prepare-se com o melhor material e com quem mais aprova em Concursos P\u00fablicos em todo o pa\u00eds. Assine agora a nossa Assinatura Anual e tenha acesso ilimitado* a todos os nossos cursos.<\/em><\/p>\n\n\n\n<p class=\"has-background has-text-align-center has-luminous-vivid-amber-background-color\"><strong>ASSINE AGORA<\/strong>&nbsp;\u2013&nbsp;<strong><a rel=\"noreferrer noopener\" href=\"https:\/\/www.estrategiaconcursos.com.br\/assinaturas\" target=\"_blank\">Assinatura Ilimitada<\/a><\/strong><\/p>\n\n\n\n<p class=\"has-text-align-center\"><strong><em>Fique por dentro de todos os concursos<\/em><\/strong><\/p>\n\n\n\n<p class=\"has-background has-text-align-center has-pale-cyan-blue-background-color\"><a rel=\"noreferrer noopener\" href=\"https:\/\/www.estrategiaconcursos.com.br\/blog\/concursos-abertos\/\" target=\"_blank\"><strong>CONCURSOS ABERTOS<\/strong><\/a><\/p>\n\n\n\n<p class=\"has-background has-text-align-center has-pale-cyan-blue-background-color\"><a rel=\"noreferrer noopener\" href=\"https:\/\/www.estrategiaconcursos.com.br\/blog\/concursos-2020\/\" target=\"_blank\"><strong>CONCURSOS&nbsp;2020<\/strong><\/a><\/p>\n\n\n\n<figure class=\"wp-block-image\"><img decoding=\"async\" src=\"https:\/\/dhg1h5j42swfq.cloudfront.net\/2017\/03\/28152500\/coruja-ficha-tecnica-300x102.png\" alt=\"Ficha T\u00e9cnica Concurso prefeitura de queimados\"\/><\/figure>\n\n\n\n<h4 class=\"wp-block-heading\" id=\"ficha-tecnica\"><strong>Informa\u00e7\u00f5es do&nbsp;<\/strong>Concurso C\u00e2mara de Cap\u00e3o da Canoas<\/h4>\n\n\n\n<p>\u25ba<strong>Data prevista:&nbsp;<\/strong><em>&nbsp; 1\u00b0 de mar\u00e7o de 2020 <\/em><strong><br \/>\u25baVagas:&nbsp;<\/strong>21 vagas<strong><br \/>\u25baLota\u00e7\u00f5es:&nbsp;<\/strong>Distrito Federal<strong><br \/>\u25baBanca:&nbsp;<\/strong> IADES <br \/><strong>\u25baEscolaridade:<\/strong>&nbsp;N\u00edvel superior<br \/><strong>\u25baEdital 2020:&nbsp;<\/strong><a href=\"https:\/\/dhg1h5j42swfq.cloudfront.net\/2020\/02\/04141154\/edital-IADES.pdf\">FEPECS PSS Resid\u00eancia<\/a><\/p>\n","protected":false},"excerpt":{"rendered":"<p>Terminaram as inscri\u00e7\u00f5es para o concurso\u00a0da Funda\u00e7\u00e3o de Ensino e Pesquisa em Ci\u00eancia da Sa\u00fade vinculada \u00e0 Secretaria de Estado de Sa\u00fade do Distrito Federal (SES-DF) O certame visa ofertar aos candidatos&nbsp;21 vagas para residencia m\u00e9dica (n\u00edvel superior). Principais informa\u00e7\u00f5es do concurso FEPECS PSS Resid\u00eancia Os candidatos interessados pelas vagas do certame devem se&nbsp;inscrever&nbsp;no site [&hellip;]<\/p>\n","protected":false},"author":561,"featured_media":0,"comment_status":"open","ping_status":"closed","sticky":false,"template":"","format":"standard","meta":{"post_tipo":"article","footnotes":""},"categories":[1],"tags":[],"tax_estado":[],"class_list":["post-477494","post","type-post","status-publish","format-standard","hentry","category-cursos-e-concursos"],"acf":[],"yoast_head":"<!-- This site is optimized with the Yoast SEO Premium plugin v27.2 (Yoast SEO v27.2) - https:\/\/yoast.com\/product\/yoast-seo-premium-wordpress\/ -->\n<title>Concurso FEPECS PSS Resid\u00eancia: Inscri\u00e7\u00f5es encerradas para 21 vagas<\/title>\n<meta name=\"robots\" content=\"index, follow, max-snippet:-1, max-image-preview:large, max-video-preview:-1\" \/>\n<link rel=\"canonical\" href=\"https:\/\/www.estrategiaconcursos.com.br\/blog\/concurso-fepecs-pss-residencia\/\" \/>\n<meta property=\"og:locale\" content=\"pt_BR\" \/>\n<meta property=\"og:type\" content=\"article\" \/>\n<meta property=\"og:title\" content=\"Concurso FEPECS PSS Resid\u00eancia: Inscri\u00e7\u00f5es encerradas para 21 vagas\" \/>\n<meta property=\"og:description\" content=\"Terminaram as inscri\u00e7\u00f5es para o concurso\u00a0da Funda\u00e7\u00e3o de Ensino e Pesquisa em Ci\u00eancia da Sa\u00fade vinculada \u00e0 Secretaria de Estado de Sa\u00fade do Distrito Federal (SES-DF) O certame visa ofertar aos candidatos&nbsp;21 vagas para residencia m\u00e9dica (n\u00edvel superior). Principais informa\u00e7\u00f5es do concurso FEPECS PSS Resid\u00eancia Os candidatos interessados pelas vagas do certame devem se&nbsp;inscrever&nbsp;no site [&hellip;]\" \/>\n<meta property=\"og:url\" content=\"https:\/\/www.estrategiaconcursos.com.br\/blog\/concurso-fepecs-pss-residencia\/\" \/>\n<meta property=\"og:site_name\" content=\"Estrat\u00e9gia Concursos\" \/>\n<meta property=\"article:published_time\" content=\"2020-02-21T03:24:00+00:00\" \/>\n<meta property=\"article:modified_time\" content=\"2020-02-21T12:05:41+00:00\" \/>\n<meta property=\"og:image\" content=\"https:\/\/dhg1h5j42swfq.cloudfront.net\/2017\/03\/28152500\/coruja-ficha-tecnica-300x102.png\" \/>\n<meta name=\"author\" content=\"Ligia Carvalheiro Fernandes\" \/>\n<meta name=\"twitter:card\" content=\"summary_large_image\" \/>\n<meta name=\"twitter:creator\" content=\"@EstratConcursos\" \/>\n<meta name=\"twitter:site\" content=\"@EstratConcursos\" \/>\n<meta name=\"twitter:label1\" content=\"Escrito por\" \/>\n\t<meta name=\"twitter:data1\" content=\"Ligia Carvalheiro Fernandes\" \/>\n\t<meta name=\"twitter:label2\" content=\"Est. tempo de leitura\" \/>\n\t<meta name=\"twitter:data2\" content=\"3 minutos\" \/>\n<script type=\"application\/ld+json\" class=\"yoast-schema-graph\">{\"@context\":\"https:\/\/schema.org\",\"@graph\":[{\"@type\":\"NewsArticle\",\"@id\":\"https:\/\/www.estrategiaconcursos.com.br\/blog\/concurso-fepecs-pss-residencia\/#article\",\"isPartOf\":{\"@id\":\"https:\/\/www.estrategiaconcursos.com.br\/blog\/concurso-fepecs-pss-residencia\/\"},\"author\":{\"name\":\"Ligia Carvalheiro Fernandes\",\"@id\":\"https:\/\/www.estrategiaconcursos.com.br\/blog\/#\/schema\/person\/cc76e9dac392d5e35e7d00c493eee792\"},\"headline\":\"Concurso FEPECS PSS Resid\u00eancia: Inscri\u00e7\u00f5es encerradas para 21 vagas\",\"datePublished\":\"2020-02-21T03:24:00+00:00\",\"dateModified\":\"2020-02-21T12:05:41+00:00\",\"mainEntityOfPage\":{\"@id\":\"https:\/\/www.estrategiaconcursos.com.br\/blog\/concurso-fepecs-pss-residencia\/\"},\"wordCount\":686,\"commentCount\":0,\"publisher\":{\"@id\":\"https:\/\/www.estrategiaconcursos.com.br\/blog\/#organization\"},\"image\":{\"@id\":\"https:\/\/www.estrategiaconcursos.com.br\/blog\/concurso-fepecs-pss-residencia\/#primaryimage\"},\"thumbnailUrl\":\"https:\/\/dhg1h5j42swfq.cloudfront.net\/2017\/03\/28152500\/coruja-ficha-tecnica-300x102.png\",\"articleSection\":[\"Concursos P\u00fablicos\"],\"inLanguage\":\"pt-BR\",\"potentialAction\":[{\"@type\":\"CommentAction\",\"name\":\"Comment\",\"target\":[\"https:\/\/www.estrategiaconcursos.com.br\/blog\/concurso-fepecs-pss-residencia\/#respond\"]}],\"copyrightYear\":\"2020\",\"copyrightHolder\":{\"@id\":\"https:\/\/www.estrategiaconcursos.com.br\/blog\/#organization\"}},{\"@type\":\"WebPage\",\"@id\":\"https:\/\/www.estrategiaconcursos.com.br\/blog\/concurso-fepecs-pss-residencia\/\",\"url\":\"https:\/\/www.estrategiaconcursos.com.br\/blog\/concurso-fepecs-pss-residencia\/\",\"name\":\"Concurso FEPECS PSS Resid\u00eancia: Inscri\u00e7\u00f5es encerradas para 21 vagas\",\"isPartOf\":{\"@id\":\"https:\/\/www.estrategiaconcursos.com.br\/blog\/#website\"},\"primaryImageOfPage\":{\"@id\":\"https:\/\/www.estrategiaconcursos.com.br\/blog\/concurso-fepecs-pss-residencia\/#primaryimage\"},\"image\":{\"@id\":\"https:\/\/www.estrategiaconcursos.com.br\/blog\/concurso-fepecs-pss-residencia\/#primaryimage\"},\"thumbnailUrl\":\"https:\/\/dhg1h5j42swfq.cloudfront.net\/2017\/03\/28152500\/coruja-ficha-tecnica-300x102.png\",\"datePublished\":\"2020-02-21T03:24:00+00:00\",\"dateModified\":\"2020-02-21T12:05:41+00:00\",\"breadcrumb\":{\"@id\":\"https:\/\/www.estrategiaconcursos.com.br\/blog\/concurso-fepecs-pss-residencia\/#breadcrumb\"},\"inLanguage\":\"pt-BR\",\"potentialAction\":[{\"@type\":\"ReadAction\",\"target\":[\"https:\/\/www.estrategiaconcursos.com.br\/blog\/concurso-fepecs-pss-residencia\/\"]}]},{\"@type\":\"ImageObject\",\"inLanguage\":\"pt-BR\",\"@id\":\"https:\/\/www.estrategiaconcursos.com.br\/blog\/concurso-fepecs-pss-residencia\/#primaryimage\",\"url\":\"https:\/\/dhg1h5j42swfq.cloudfront.net\/2017\/03\/28152500\/coruja-ficha-tecnica-300x102.png\",\"contentUrl\":\"https:\/\/dhg1h5j42swfq.cloudfront.net\/2017\/03\/28152500\/coruja-ficha-tecnica-300x102.png\"},{\"@type\":\"BreadcrumbList\",\"@id\":\"https:\/\/www.estrategiaconcursos.com.br\/blog\/concurso-fepecs-pss-residencia\/#breadcrumb\",\"itemListElement\":[{\"@type\":\"ListItem\",\"position\":1,\"name\":\"In\u00edcio\",\"item\":\"https:\/\/www.estrategiaconcursos.com.br\/blog\/\"},{\"@type\":\"ListItem\",\"position\":2,\"name\":\"Concurso FEPECS PSS Resid\u00eancia: Inscri\u00e7\u00f5es encerradas para 21 vagas\"}]},{\"@type\":\"WebSite\",\"@id\":\"https:\/\/www.estrategiaconcursos.com.br\/blog\/#website\",\"url\":\"https:\/\/www.estrategiaconcursos.com.br\/blog\/\",\"name\":\"Estrat\u00e9gia Concursos\",\"description\":\"O blog da Estrat\u00e9gia Concursos traz not\u00edcias sobre concursos e artigos de professores oferecendo cursos para concursos (pdf + videaulas) no site.\",\"publisher\":{\"@id\":\"https:\/\/www.estrategiaconcursos.com.br\/blog\/#organization\"},\"potentialAction\":[{\"@type\":\"SearchAction\",\"target\":{\"@type\":\"EntryPoint\",\"urlTemplate\":\"https:\/\/www.estrategiaconcursos.com.br\/blog\/?s={search_term_string}\"},\"query-input\":{\"@type\":\"PropertyValueSpecification\",\"valueRequired\":true,\"valueName\":\"search_term_string\"}}],\"inLanguage\":\"pt-BR\"},{\"@type\":\"Organization\",\"@id\":\"https:\/\/www.estrategiaconcursos.com.br\/blog\/#organization\",\"name\":\"Estrat\u00e9gia Concursos\",\"url\":\"https:\/\/www.estrategiaconcursos.com.br\/blog\/\",\"logo\":{\"@type\":\"ImageObject\",\"inLanguage\":\"pt-BR\",\"@id\":\"https:\/\/www.estrategiaconcursos.com.br\/blog\/#\/schema\/logo\/image\/\",\"url\":\"https:\/\/dhg1h5j42swfq.cloudfront.net\/2025\/06\/03203428\/logo_concursos-1.jpg\",\"contentUrl\":\"https:\/\/dhg1h5j42swfq.cloudfront.net\/2025\/06\/03203428\/logo_concursos-1.jpg\",\"width\":230,\"height\":60,\"caption\":\"Estrat\u00e9gia Concursos\"},\"image\":{\"@id\":\"https:\/\/www.estrategiaconcursos.com.br\/blog\/#\/schema\/logo\/image\/\"},\"sameAs\":[\"https:\/\/x.com\/EstratConcursos\"]},{\"@type\":\"Person\",\"@id\":\"https:\/\/www.estrategiaconcursos.com.br\/blog\/#\/schema\/person\/cc76e9dac392d5e35e7d00c493eee792\",\"name\":\"Ligia Carvalheiro Fernandes\",\"image\":{\"@type\":\"ImageObject\",\"inLanguage\":\"pt-BR\",\"@id\":\"https:\/\/secure.gravatar.com\/avatar\/26e4636c44dabc043eaf634f767ecd1d80505b210d3981d4ebd176a3f373e3ec?s=96&d=mm&r=g\",\"url\":\"https:\/\/secure.gravatar.com\/avatar\/26e4636c44dabc043eaf634f767ecd1d80505b210d3981d4ebd176a3f373e3ec?s=96&d=mm&r=g\",\"contentUrl\":\"https:\/\/secure.gravatar.com\/avatar\/26e4636c44dabc043eaf634f767ecd1d80505b210d3981d4ebd176a3f373e3ec?s=96&d=mm&r=g\",\"caption\":\"Ligia Carvalheiro Fernandes\"},\"url\":\"https:\/\/www.estrategiaconcursos.com.br\/blog\/author\/licarfegmail-com\/\"}]}<\/script>\n<!-- \/ Yoast SEO Premium plugin. -->","yoast_head_json":{"title":"Concurso FEPECS PSS Resid\u00eancia: Inscri\u00e7\u00f5es encerradas para 21 vagas","robots":{"index":"index","follow":"follow","max-snippet":"max-snippet:-1","max-image-preview":"max-image-preview:large","max-video-preview":"max-video-preview:-1"},"canonical":"https:\/\/www.estrategiaconcursos.com.br\/blog\/concurso-fepecs-pss-residencia\/","og_locale":"pt_BR","og_type":"article","og_title":"Concurso FEPECS PSS Resid\u00eancia: Inscri\u00e7\u00f5es encerradas para 21 vagas","og_description":"Terminaram as inscri\u00e7\u00f5es para o concurso\u00a0da Funda\u00e7\u00e3o de Ensino e Pesquisa em Ci\u00eancia da Sa\u00fade vinculada \u00e0 Secretaria de Estado de Sa\u00fade do Distrito Federal (SES-DF) O certame visa ofertar aos candidatos&nbsp;21 vagas para residencia m\u00e9dica (n\u00edvel superior). Principais informa\u00e7\u00f5es do concurso FEPECS PSS Resid\u00eancia Os candidatos interessados pelas vagas do certame devem se&nbsp;inscrever&nbsp;no site [&hellip;]","og_url":"https:\/\/www.estrategiaconcursos.com.br\/blog\/concurso-fepecs-pss-residencia\/","og_site_name":"Estrat\u00e9gia Concursos","article_published_time":"2020-02-21T03:24:00+00:00","article_modified_time":"2020-02-21T12:05:41+00:00","og_image":[{"url":"https:\/\/dhg1h5j42swfq.cloudfront.net\/2017\/03\/28152500\/coruja-ficha-tecnica-300x102.png","type":"","width":"","height":""}],"author":"Ligia Carvalheiro Fernandes","twitter_card":"summary_large_image","twitter_creator":"@EstratConcursos","twitter_site":"@EstratConcursos","twitter_misc":{"Escrito por":"Ligia Carvalheiro Fernandes","Est. tempo de leitura":"3 minutos"},"schema":{"@context":"https:\/\/schema.org","@graph":[{"@type":"NewsArticle","@id":"https:\/\/www.estrategiaconcursos.com.br\/blog\/concurso-fepecs-pss-residencia\/#article","isPartOf":{"@id":"https:\/\/www.estrategiaconcursos.com.br\/blog\/concurso-fepecs-pss-residencia\/"},"author":{"name":"Ligia Carvalheiro Fernandes","@id":"https:\/\/www.estrategiaconcursos.com.br\/blog\/#\/schema\/person\/cc76e9dac392d5e35e7d00c493eee792"},"headline":"Concurso FEPECS PSS Resid\u00eancia: Inscri\u00e7\u00f5es encerradas para 21 vagas","datePublished":"2020-02-21T03:24:00+00:00","dateModified":"2020-02-21T12:05:41+00:00","mainEntityOfPage":{"@id":"https:\/\/www.estrategiaconcursos.com.br\/blog\/concurso-fepecs-pss-residencia\/"},"wordCount":686,"commentCount":0,"publisher":{"@id":"https:\/\/www.estrategiaconcursos.com.br\/blog\/#organization"},"image":{"@id":"https:\/\/www.estrategiaconcursos.com.br\/blog\/concurso-fepecs-pss-residencia\/#primaryimage"},"thumbnailUrl":"https:\/\/dhg1h5j42swfq.cloudfront.net\/2017\/03\/28152500\/coruja-ficha-tecnica-300x102.png","articleSection":["Concursos P\u00fablicos"],"inLanguage":"pt-BR","potentialAction":[{"@type":"CommentAction","name":"Comment","target":["https:\/\/www.estrategiaconcursos.com.br\/blog\/concurso-fepecs-pss-residencia\/#respond"]}],"copyrightYear":"2020","copyrightHolder":{"@id":"https:\/\/www.estrategiaconcursos.com.br\/blog\/#organization"}},{"@type":"WebPage","@id":"https:\/\/www.estrategiaconcursos.com.br\/blog\/concurso-fepecs-pss-residencia\/","url":"https:\/\/www.estrategiaconcursos.com.br\/blog\/concurso-fepecs-pss-residencia\/","name":"Concurso FEPECS PSS Resid\u00eancia: Inscri\u00e7\u00f5es encerradas para 21 vagas","isPartOf":{"@id":"https:\/\/www.estrategiaconcursos.com.br\/blog\/#website"},"primaryImageOfPage":{"@id":"https:\/\/www.estrategiaconcursos.com.br\/blog\/concurso-fepecs-pss-residencia\/#primaryimage"},"image":{"@id":"https:\/\/www.estrategiaconcursos.com.br\/blog\/concurso-fepecs-pss-residencia\/#primaryimage"},"thumbnailUrl":"https:\/\/dhg1h5j42swfq.cloudfront.net\/2017\/03\/28152500\/coruja-ficha-tecnica-300x102.png","datePublished":"2020-02-21T03:24:00+00:00","dateModified":"2020-02-21T12:05:41+00:00","breadcrumb":{"@id":"https:\/\/www.estrategiaconcursos.com.br\/blog\/concurso-fepecs-pss-residencia\/#breadcrumb"},"inLanguage":"pt-BR","potentialAction":[{"@type":"ReadAction","target":["https:\/\/www.estrategiaconcursos.com.br\/blog\/concurso-fepecs-pss-residencia\/"]}]},{"@type":"ImageObject","inLanguage":"pt-BR","@id":"https:\/\/www.estrategiaconcursos.com.br\/blog\/concurso-fepecs-pss-residencia\/#primaryimage","url":"https:\/\/dhg1h5j42swfq.cloudfront.net\/2017\/03\/28152500\/coruja-ficha-tecnica-300x102.png","contentUrl":"https:\/\/dhg1h5j42swfq.cloudfront.net\/2017\/03\/28152500\/coruja-ficha-tecnica-300x102.png"},{"@type":"BreadcrumbList","@id":"https:\/\/www.estrategiaconcursos.com.br\/blog\/concurso-fepecs-pss-residencia\/#breadcrumb","itemListElement":[{"@type":"ListItem","position":1,"name":"In\u00edcio","item":"https:\/\/www.estrategiaconcursos.com.br\/blog\/"},{"@type":"ListItem","position":2,"name":"Concurso FEPECS PSS Resid\u00eancia: Inscri\u00e7\u00f5es encerradas para 21 vagas"}]},{"@type":"WebSite","@id":"https:\/\/www.estrategiaconcursos.com.br\/blog\/#website","url":"https:\/\/www.estrategiaconcursos.com.br\/blog\/","name":"Estrat\u00e9gia Concursos","description":"O blog da Estrat\u00e9gia Concursos traz not\u00edcias sobre concursos e artigos de professores oferecendo cursos para concursos (pdf + videaulas) no site.","publisher":{"@id":"https:\/\/www.estrategiaconcursos.com.br\/blog\/#organization"},"potentialAction":[{"@type":"SearchAction","target":{"@type":"EntryPoint","urlTemplate":"https:\/\/www.estrategiaconcursos.com.br\/blog\/?s={search_term_string}"},"query-input":{"@type":"PropertyValueSpecification","valueRequired":true,"valueName":"search_term_string"}}],"inLanguage":"pt-BR"},{"@type":"Organization","@id":"https:\/\/www.estrategiaconcursos.com.br\/blog\/#organization","name":"Estrat\u00e9gia Concursos","url":"https:\/\/www.estrategiaconcursos.com.br\/blog\/","logo":{"@type":"ImageObject","inLanguage":"pt-BR","@id":"https:\/\/www.estrategiaconcursos.com.br\/blog\/#\/schema\/logo\/image\/","url":"https:\/\/dhg1h5j42swfq.cloudfront.net\/2025\/06\/03203428\/logo_concursos-1.jpg","contentUrl":"https:\/\/dhg1h5j42swfq.cloudfront.net\/2025\/06\/03203428\/logo_concursos-1.jpg","width":230,"height":60,"caption":"Estrat\u00e9gia Concursos"},"image":{"@id":"https:\/\/www.estrategiaconcursos.com.br\/blog\/#\/schema\/logo\/image\/"},"sameAs":["https:\/\/x.com\/EstratConcursos"]},{"@type":"Person","@id":"https:\/\/www.estrategiaconcursos.com.br\/blog\/#\/schema\/person\/cc76e9dac392d5e35e7d00c493eee792","name":"Ligia Carvalheiro Fernandes","image":{"@type":"ImageObject","inLanguage":"pt-BR","@id":"https:\/\/secure.gravatar.com\/avatar\/26e4636c44dabc043eaf634f767ecd1d80505b210d3981d4ebd176a3f373e3ec?s=96&d=mm&r=g","url":"https:\/\/secure.gravatar.com\/avatar\/26e4636c44dabc043eaf634f767ecd1d80505b210d3981d4ebd176a3f373e3ec?s=96&d=mm&r=g","contentUrl":"https:\/\/secure.gravatar.com\/avatar\/26e4636c44dabc043eaf634f767ecd1d80505b210d3981d4ebd176a3f373e3ec?s=96&d=mm&r=g","caption":"Ligia Carvalheiro Fernandes"},"url":"https:\/\/www.estrategiaconcursos.com.br\/blog\/author\/licarfegmail-com\/"}]}},"_links":{"self":[{"href":"https:\/\/www.estrategiaconcursos.com.br\/blog\/wp-json\/wp\/v2\/posts\/477494","targetHints":{"allow":["GET"]}}],"collection":[{"href":"https:\/\/www.estrategiaconcursos.com.br\/blog\/wp-json\/wp\/v2\/posts"}],"about":[{"href":"https:\/\/www.estrategiaconcursos.com.br\/blog\/wp-json\/wp\/v2\/types\/post"}],"author":[{"embeddable":true,"href":"https:\/\/www.estrategiaconcursos.com.br\/blog\/wp-json\/wp\/v2\/users\/561"}],"replies":[{"embeddable":true,"href":"https:\/\/www.estrategiaconcursos.com.br\/blog\/wp-json\/wp\/v2\/comments?post=477494"}],"version-history":[{"count":7,"href":"https:\/\/www.estrategiaconcursos.com.br\/blog\/wp-json\/wp\/v2\/posts\/477494\/revisions"}],"predecessor-version":[{"id":484682,"href":"https:\/\/www.estrategiaconcursos.com.br\/blog\/wp-json\/wp\/v2\/posts\/477494\/revisions\/484682"}],"wp:attachment":[{"href":"https:\/\/www.estrategiaconcursos.com.br\/blog\/wp-json\/wp\/v2\/media?parent=477494"}],"wp:term":[{"taxonomy":"category","embeddable":true,"href":"https:\/\/www.estrategiaconcursos.com.br\/blog\/wp-json\/wp\/v2\/categories?post=477494"},{"taxonomy":"post_tag","embeddable":true,"href":"https:\/\/www.estrategiaconcursos.com.br\/blog\/wp-json\/wp\/v2\/tags?post=477494"},{"taxonomy":"tax_estado","embeddable":true,"href":"https:\/\/www.estrategiaconcursos.com.br\/blog\/wp-json\/wp\/v2\/tax_estado?post=477494"}],"curies":[{"name":"wp","href":"https:\/\/api.w.org\/{rel}","templated":true}]}}