{"id":477467,"date":"2020-02-27T00:00:00","date_gmt":"2020-02-27T03:00:00","guid":{"rendered":"https:\/\/www.estrategiaconcursos.com.br\/blog\/?p=477467"},"modified":"2023-06-15T15:55:08","modified_gmt":"2023-06-15T18:55:08","slug":"concurso-juceb","status":"publish","type":"post","link":"https:\/\/www.estrategiaconcursos.com.br\/blog\/concurso-juceb\/","title":{"rendered":"Concurso JUCEB: inscri\u00e7\u00f5es encerradas; vagas para m\u00e9dio e superior"},"content":{"rendered":"\n<p>O edital do Processo Seletivo Simplificado da Junta Comercial do Estado da Bahia \u2013 JUCEB oferta 12 vagas, distribu\u00eddas entre cargos de n\u00edvel m\u00e9dio e superior. As inscri\u00e7\u00f5es puderam ser realizadas at\u00e9 o dia 27 de fevereiro.<\/p>\n\n\n\n<p>Confira neste artigo as principais informa\u00e7\u00f5es sobre o certame e saiba como se preparar.<\/p>\n\n\n\n<h2 class=\"wp-block-heading\" id=\"datas\">Principais datas<\/h2>\n\n\n\n<p class=\"has-very-light-gray-background-color has-background\"><strong>Inscri\u00e7\u00f5es<\/strong>: <s>17 a 27 de fevereiro<\/s><br \/><strong>Avalia\u00e7\u00e3o Curricular<\/strong>: 25 de mar\u00e7o a 27 de abril<\/p>\n\n\n\n<h2 class=\"wp-block-heading\" id=\"cargos-vagas\">Cargos e vagas<\/h2>\n\n\n\n<p class=\"has-medium-font-size\"><strong>T\u00e9cnico de N\u00edvel Superior &#8211; Analista de Registro do Com\u00e9rcio  <\/strong><\/p>\n\n\n\n<figure class=\"wp-block-table is-style-stripes\"><table class=\"has-background has-fixed-layout\" style=\"background-color:#e7f5fe\"><tbody><tr><td><strong>Vagas ampla concorr\u00eancia<\/strong><\/td><td><strong>Vagas reservadas para negros<\/strong><\/td><td><strong>Sal\u00e1rio<\/strong><\/td><\/tr><tr><td> 06 <\/td><td> 02 <\/td><td> R$ 2.957,75 <\/td><\/tr><\/tbody><\/table><\/figure>\n\n\n\n<p><strong>Requisito<\/strong>: Diploma devidamente registrado, de conclus\u00e3o de n\u00edvel superior em curso de Direito, Administra\u00e7\u00e3o, Economia ou Contabilidade, em institui\u00e7\u00e3o reconhecida pelo Minist\u00e9rio da Educa\u00e7\u00e3o &#8211; MEC. <\/p>\n\n\n\n<p><strong>Atribui\u00e7\u00f5es<\/strong>:<\/p>\n\n\n\n<ul class=\"wp-block-list\">\n<li>Analisar e emitir parecer nos processos de registro p\u00fablico mercantil e demais atividades afins na \u00e1rea de registro empresarial<\/li>\n\n\n\n<li>Prestar orienta\u00e7\u00f5es t\u00e9cnicas na forma\u00e7\u00e3o de processos de registro p\u00fablico mercantil<\/li>\n\n\n\n<li>Acompanhar os processos de automa\u00e7\u00e3o de rotinas<\/li>\n\n\n\n<li>Elaborar manuais de orienta\u00e7\u00e3o<\/li>\n\n\n\n<li>Coordenar, planejar, orientar, supervisionar e executar servi\u00e7os diversos de registro de empresas mercantis e de atividades afins<\/li>\n\n\n\n<li>Exercer atividades de administra\u00e7\u00e3o gerencial voltadas ao suporte de projetos e programas nas \u00e1reas abrangidas pela institui\u00e7\u00e3o<\/li>\n\n\n\n<li>Executar outras atividades administrativas e log\u00edsticas, de n\u00edvel superior, relativas ao exerc\u00edcio das compet\u00eancias constitucionais e legais a cargo da Junta Comercial do Estado da Bahia <\/li>\n<\/ul>\n\n\n\n<p class=\"has-medium-font-size\"><strong>T\u00e9cnico de N\u00edvel M\u00e9dio<\/strong><\/p>\n\n\n\n<figure class=\"wp-block-table is-style-stripes\"><table class=\"has-background has-fixed-layout\" style=\"background-color:#e7f5fe\"><tbody><tr><td><strong>Vagas ampla concorr\u00eancia<\/strong><\/td><td><strong>Vagas reservadas para negros<\/strong><\/td><td><strong>Sal\u00e1rio<\/strong><\/td><\/tr><tr><td> 03 <\/td><td> 01 <\/td><td> R$ 2.523,38 <\/td><\/tr><\/tbody><\/table><\/figure>\n\n\n\n<p><strong>Requisito<\/strong>: Certificado, devidamente registrado, de conclus\u00e3o de curso de n\u00edvel m\u00e9dio em institui\u00e7\u00e3o reconhecida pelo Minist\u00e9rio da Educa\u00e7\u00e3o &#8211; MEC ou forma\u00e7\u00e3o t\u00e9cnica profissionalizante de n\u00edvel m\u00e9dio.<\/p>\n\n\n\n<p><strong>Atribui\u00e7\u00f5es<\/strong>:<\/p>\n\n\n\n<ul class=\"wp-block-list\">\n<li>Auxiliar o Analista de Registro do Com\u00e9rcio e o T\u00e9cnico de N\u00edvel Superior no exerc\u00edcio de suas atribui\u00e7\u00f5es<\/li>\n\n\n\n<li>Atender ao usu\u00e1rio<\/li>\n\n\n\n<li>Elaborar certid\u00f5es<\/li>\n\n\n\n<li>Realizar pesquisas nos hist\u00f3ricos, microfilmes e microfichas<\/li>\n\n\n\n<li>Realizar a digitaliza\u00e7\u00e3o dos prontu\u00e1rios das empresas e de documentos diversos<\/li>\n\n\n\n<li>Realizar o controle de qualidade das imagens digitalizadas<\/li>\n\n\n\n<li>Elaborar levantamento de dados e informa\u00e7\u00f5es cadastrais das empresas<\/li>\n\n\n\n<li>Executar as demais atividades administrativas e log\u00edsticas, de n\u00edvel intermedi\u00e1rio, relativas ao exerc\u00edcio das compet\u00eancias constitucionais e legais a cargo da Junta Comercial do Estado da Bahia <\/li>\n<\/ul>\n\n\n\n<h2 class=\"wp-block-heading\" id=\"etapas\">Etapas e provas<\/h2>\n\n\n\n<p>O Processo Seletivo Simplificado ser\u00e1 constitu\u00eddo de uma \u00fanica etapa, Avalia\u00e7\u00e3o Curricular, de car\u00e1ter eliminat\u00f3rio e classificat\u00f3rio, aplicada a todas as fun\u00e7\u00f5es tempor\u00e1rias.<\/p>\n\n\n\n<p>A Avalia\u00e7\u00e3o Curricular ser\u00e1 realizada pela Comiss\u00e3o, no per\u00edodo de 25 de mar\u00e7o at\u00e9 27 de abril, atrav\u00e9s das informa\u00e7\u00f5es prestadas por meio do Formul\u00e1rio de Inscri\u00e7\u00e3o e dos documentos apresentados conforme Edital de Convoca\u00e7\u00e3o.<\/p>\n\n\n\n<p>Esta etapa visa aferir a experi\u00eancia profissional; Cursos Sequenciais, de Extens\u00e3o e P\u00f3s-gradua\u00e7\u00e3o devidamente apresentados a partir da an\u00e1lise dos comprovantes submetidos para a Comiss\u00e3o de An\u00e1lise do Processo Seletivo Simplificado. <\/p>\n\n\n\n<p>Somente ser\u00e3o avaliados os t\u00edtulos de cursos de atualiza\u00e7\u00e3o, capacita\u00e7\u00e3o ou aperfei\u00e7oamento, que obede\u00e7am a seguinte especifica\u00e7\u00e3o e carga hor\u00e1ria: <\/p>\n\n\n\n<ul class=\"wp-block-list\">\n<li><strong>a)<\/strong> Curso de atualiza\u00e7\u00e3o &#8211; aquele que objetiva atualizar habilidades te\u00f3ricas e ou pr\u00e1ticas em uma \u00e1rea do conhecimento. Est\u00e3o inclu\u00eddos nessa categoria os processos de qualifica\u00e7\u00e3o destinados a indiv\u00edduos que necessitam de uma adequa\u00e7\u00e3o devido a mudan\u00e7as tecnol\u00f3gicas e organizacionais. Possui carga hor\u00e1ria acima de 16 at\u00e9 40 horas<\/li>\n\n\n\n<li><strong>b)<\/strong> Curso de capacita\u00e7\u00e3o &#8211; tem por objetivo capacitar o aluno mediante a instru\u00e7\u00e3o de habilidades te\u00f3ricas e ou pr\u00e1ticas limitantes ao exerc\u00edcio das atividades profissionais. Possui carga hor\u00e1ria acima de 40 at\u00e9 80 horas<\/li>\n\n\n\n<li><strong>c)<\/strong> Curso de aperfei\u00e7oamento &#8211; objetiva aprofundar habilidades te\u00f3ricas e ou pr\u00e1ticas em uma \u00e1rea do conhecimento. Possui carga hor\u00e1ria acima de 80 horas<\/li>\n<\/ul>\n\n\n\n<hr class=\"wp-block-separator has-css-opacity\"\/>\n\n\n\n<h2 class=\"wp-block-heading has-text-align-center\" id=\"cursos-assinatura\">Quer estudar para o concurso JUCEB?<\/h2>\n\n\n\n<p class=\"has-text-align-center\"><em>Gostou desta oportunidade e deseja come\u00e7ar se preparar agora mesmo? Ent\u00e3o, confira os nossos cursos e comece a estudar:<\/em><\/p>\n\n\n\n<p class=\"has-text-align-center has-light-green-cyan-background-color has-background\" style=\"font-size:clamp(14.642px, 0.915rem + ((1vw - 3.2px) * 0.721), 22px);px\"><strong><a rel=\"noreferrer noopener\" href=\"https:\/\/www.estrategiaconcursos.com.br\/cursos\/concurso\/\" target=\"_blank\">Curso para concurso<\/a><\/strong><\/p>\n\n\n\n<p class=\"has-text-align-center has-medium-font-size\"><em><strong>Assinatura Anual Ilimitada*<\/strong><\/em><\/p>\n\n\n\n<p class=\"has-text-align-center\"><em>Prepare-se com o melhor material e com quem mais aprova em Concursos P\u00fablicos em todo o pa\u00eds. Assine agora a nossa Assinatura Anual e tenha acesso ilimitado* a todos os nossos cursos.<\/em><\/p>\n\n\n\n<p class=\"has-text-align-center has-luminous-vivid-amber-background-color has-background\" style=\"font-size:clamp(14.642px, 0.915rem + ((1vw - 3.2px) * 0.721), 22px);px\"><strong>ASSINE AGORA<\/strong>&nbsp;\u2013&nbsp;<strong><a rel=\"noreferrer noopener\" href=\"https:\/\/www.estrategiaconcursos.com.br\/assinaturas\" target=\"_blank\">Assinatura Ilimitada<\/a><\/strong><\/p>\n\n\n\n<p class=\"has-text-align-center has-medium-font-size\"><strong><em>Fique por dentro de todos os concursos<\/em><\/strong><\/p>\n\n\n\n<p class=\"has-text-align-center has-pale-cyan-blue-background-color has-background\" style=\"font-size:clamp(14.642px, 0.915rem + ((1vw - 3.2px) * 0.721), 22px);px\"><a href=\"https:\/\/www.estrategiaconcursos.com.br\/blog\/concursos-abertos\/\" target=\"_blank\" rel=\"noreferrer noopener\"><strong>CONCURSOS ABERTOS<\/strong><\/a><\/p>\n\n\n\n<figure class=\"wp-block-image\"><img loading=\"lazy\" decoding=\"async\" width=\"300\" height=\"102\" src=\"https:\/\/dhg1h5j42swfq.cloudfront.net\/2017\/03\/28152500\/coruja-ficha-tecnica-300x102.png\" alt=\"\" class=\"wp-image-68542\"\/><\/figure>\n\n\n\n<h3 class=\"wp-block-heading\" id=\"ficha-tecnica\"><strong>Informa\u00e7\u00f5es sobre o c<\/strong>oncurso JUCEB<\/h3>\n\n\n\n<p>\u25ba<strong>Avalia\u00e7\u00e3o Curricular<\/strong>: 25\/03 a 27\/04<br \/>\u25ba<strong>Vagas<\/strong>: 12<br \/>\u25ba<strong>Cargos<\/strong>: T\u00e9cnico de n\u00edvel superior e de n\u00edvel m\u00e9dio<br \/>\u25ba<strong>Escolaridade<\/strong>: N\u00edvel m\u00e9dio e superior<br \/>\u25ba<strong>Edital<\/strong>:&nbsp;<a rel=\"noreferrer noopener\" aria-label=\"Edital JUCEB (abre numa nova aba)\" href=\"https:\/\/dhg1h5j42swfq.cloudfront.net\/2020\/02\/04122042\/Edital_JUCEB_2020.pdf\" target=\"_blank\">Edital JUCEB<\/a><\/p>\n\n\n\n<p><br \/><em>Ascom Estrat\u00e9gia<\/em><br \/>ascomestrategia@gmail.com<\/p>\n","protected":false},"excerpt":{"rendered":"<p>O edital do Processo Seletivo Simplificado da Junta Comercial do Estado da Bahia \u2013 JUCEB oferta 12 vagas, distribu\u00eddas entre cargos de n\u00edvel m\u00e9dio e superior. As inscri\u00e7\u00f5es puderam ser realizadas at\u00e9 o dia 27 de fevereiro. Confira neste artigo as principais informa\u00e7\u00f5es sobre o certame e saiba como se preparar. Principais datas Inscri\u00e7\u00f5es: 17 [&hellip;]<\/p>\n","protected":false},"author":147,"featured_media":486512,"comment_status":"open","ping_status":"closed","sticky":false,"template":"","format":"standard","meta":{"post_tipo":"article","footnotes":""},"categories":[1],"tags":[],"tax_estado":[],"class_list":["post-477467","post","type-post","status-publish","format-standard","has-post-thumbnail","hentry","category-cursos-e-concursos"],"acf":[],"yoast_head":"<!-- This site is optimized with the Yoast SEO Premium plugin v27.2 (Yoast SEO v27.2) - https:\/\/yoast.com\/product\/yoast-seo-premium-wordpress\/ -->\n<title>Concurso JUCEB: inscri\u00e7\u00f5es encerradas; vagas para m\u00e9dio e superior<\/title>\n<meta name=\"robots\" content=\"index, follow, max-snippet:-1, max-image-preview:large, max-video-preview:-1\" \/>\n<link rel=\"canonical\" href=\"https:\/\/www.estrategiaconcursos.com.br\/blog\/concurso-juceb\/\" \/>\n<meta property=\"og:locale\" content=\"pt_BR\" \/>\n<meta property=\"og:type\" content=\"article\" \/>\n<meta property=\"og:title\" content=\"Concurso JUCEB: inscri\u00e7\u00f5es encerradas; vagas para m\u00e9dio e superior\" \/>\n<meta property=\"og:description\" content=\"O edital do Processo Seletivo Simplificado da Junta Comercial do Estado da Bahia \u2013 JUCEB oferta 12 vagas, distribu\u00eddas entre cargos de n\u00edvel m\u00e9dio e superior. As inscri\u00e7\u00f5es puderam ser realizadas at\u00e9 o dia 27 de fevereiro. Confira neste artigo as principais informa\u00e7\u00f5es sobre o certame e saiba como se preparar. Principais datas Inscri\u00e7\u00f5es: 17 [&hellip;]\" \/>\n<meta property=\"og:url\" content=\"https:\/\/www.estrategiaconcursos.com.br\/blog\/concurso-juceb\/\" \/>\n<meta property=\"og:site_name\" content=\"Estrat\u00e9gia Concursos\" \/>\n<meta property=\"article:published_time\" content=\"2020-02-27T03:00:00+00:00\" \/>\n<meta property=\"article:modified_time\" content=\"2023-06-15T18:55:08+00:00\" \/>\n<meta property=\"og:image\" content=\"https:\/\/dhg1h5j42swfq.cloudfront.net\/2020\/02\/28095926\/JUCEB.jpg\" \/>\n\t<meta property=\"og:image:width\" content=\"1200\" \/>\n\t<meta property=\"og:image:height\" content=\"628\" \/>\n\t<meta property=\"og:image:type\" content=\"image\/jpeg\" \/>\n<meta name=\"author\" content=\"Gilmar Possati\" \/>\n<meta name=\"twitter:card\" content=\"summary_large_image\" \/>\n<meta name=\"twitter:creator\" content=\"@EstratConcursos\" \/>\n<meta name=\"twitter:site\" content=\"@EstratConcursos\" \/>\n<meta name=\"twitter:label1\" content=\"Escrito por\" \/>\n\t<meta name=\"twitter:data1\" content=\"Gilmar Possati\" \/>\n\t<meta name=\"twitter:label2\" content=\"Est. tempo de leitura\" \/>\n\t<meta name=\"twitter:data2\" content=\"4 minutos\" \/>\n<script type=\"application\/ld+json\" class=\"yoast-schema-graph\">{\"@context\":\"https:\/\/schema.org\",\"@graph\":[{\"@type\":\"NewsArticle\",\"@id\":\"https:\/\/www.estrategiaconcursos.com.br\/blog\/concurso-juceb\/#article\",\"isPartOf\":{\"@id\":\"https:\/\/www.estrategiaconcursos.com.br\/blog\/concurso-juceb\/\"},\"author\":{\"name\":\"Gilmar Possati\",\"@id\":\"https:\/\/www.estrategiaconcursos.com.br\/blog\/#\/schema\/person\/9660a35d48e0e0be2d64dd4af75e4bc0\"},\"headline\":\"Concurso JUCEB: inscri\u00e7\u00f5es encerradas; vagas para m\u00e9dio e superior\",\"datePublished\":\"2020-02-27T03:00:00+00:00\",\"dateModified\":\"2023-06-15T18:55:08+00:00\",\"mainEntityOfPage\":{\"@id\":\"https:\/\/www.estrategiaconcursos.com.br\/blog\/concurso-juceb\/\"},\"wordCount\":803,\"commentCount\":0,\"publisher\":{\"@id\":\"https:\/\/www.estrategiaconcursos.com.br\/blog\/#organization\"},\"image\":{\"@id\":\"https:\/\/www.estrategiaconcursos.com.br\/blog\/concurso-juceb\/#primaryimage\"},\"thumbnailUrl\":\"https:\/\/dhg1h5j42swfq.cloudfront.net\/2020\/02\/28095926\/JUCEB.jpg\",\"articleSection\":[\"Concursos P\u00fablicos\"],\"inLanguage\":\"pt-BR\",\"potentialAction\":[{\"@type\":\"CommentAction\",\"name\":\"Comment\",\"target\":[\"https:\/\/www.estrategiaconcursos.com.br\/blog\/concurso-juceb\/#respond\"]}],\"copyrightYear\":\"2020\",\"copyrightHolder\":{\"@id\":\"https:\/\/www.estrategiaconcursos.com.br\/blog\/#organization\"}},{\"@type\":\"WebPage\",\"@id\":\"https:\/\/www.estrategiaconcursos.com.br\/blog\/concurso-juceb\/\",\"url\":\"https:\/\/www.estrategiaconcursos.com.br\/blog\/concurso-juceb\/\",\"name\":\"Concurso JUCEB: inscri\u00e7\u00f5es encerradas; vagas para m\u00e9dio e superior\",\"isPartOf\":{\"@id\":\"https:\/\/www.estrategiaconcursos.com.br\/blog\/#website\"},\"primaryImageOfPage\":{\"@id\":\"https:\/\/www.estrategiaconcursos.com.br\/blog\/concurso-juceb\/#primaryimage\"},\"image\":{\"@id\":\"https:\/\/www.estrategiaconcursos.com.br\/blog\/concurso-juceb\/#primaryimage\"},\"thumbnailUrl\":\"https:\/\/dhg1h5j42swfq.cloudfront.net\/2020\/02\/28095926\/JUCEB.jpg\",\"datePublished\":\"2020-02-27T03:00:00+00:00\",\"dateModified\":\"2023-06-15T18:55:08+00:00\",\"breadcrumb\":{\"@id\":\"https:\/\/www.estrategiaconcursos.com.br\/blog\/concurso-juceb\/#breadcrumb\"},\"inLanguage\":\"pt-BR\",\"potentialAction\":[{\"@type\":\"ReadAction\",\"target\":[\"https:\/\/www.estrategiaconcursos.com.br\/blog\/concurso-juceb\/\"]}]},{\"@type\":\"ImageObject\",\"inLanguage\":\"pt-BR\",\"@id\":\"https:\/\/www.estrategiaconcursos.com.br\/blog\/concurso-juceb\/#primaryimage\",\"url\":\"https:\/\/dhg1h5j42swfq.cloudfront.net\/2020\/02\/28095926\/JUCEB.jpg\",\"contentUrl\":\"https:\/\/dhg1h5j42swfq.cloudfront.net\/2020\/02\/28095926\/JUCEB.jpg\",\"width\":1200,\"height\":628},{\"@type\":\"BreadcrumbList\",\"@id\":\"https:\/\/www.estrategiaconcursos.com.br\/blog\/concurso-juceb\/#breadcrumb\",\"itemListElement\":[{\"@type\":\"ListItem\",\"position\":1,\"name\":\"In\u00edcio\",\"item\":\"https:\/\/www.estrategiaconcursos.com.br\/blog\/\"},{\"@type\":\"ListItem\",\"position\":2,\"name\":\"Concurso JUCEB: inscri\u00e7\u00f5es encerradas; vagas para m\u00e9dio e superior\"}]},{\"@type\":\"WebSite\",\"@id\":\"https:\/\/www.estrategiaconcursos.com.br\/blog\/#website\",\"url\":\"https:\/\/www.estrategiaconcursos.com.br\/blog\/\",\"name\":\"Estrat\u00e9gia Concursos\",\"description\":\"O blog da Estrat\u00e9gia Concursos traz not\u00edcias sobre concursos e artigos de professores oferecendo cursos para concursos (pdf + videaulas) no site.\",\"publisher\":{\"@id\":\"https:\/\/www.estrategiaconcursos.com.br\/blog\/#organization\"},\"potentialAction\":[{\"@type\":\"SearchAction\",\"target\":{\"@type\":\"EntryPoint\",\"urlTemplate\":\"https:\/\/www.estrategiaconcursos.com.br\/blog\/?s={search_term_string}\"},\"query-input\":{\"@type\":\"PropertyValueSpecification\",\"valueRequired\":true,\"valueName\":\"search_term_string\"}}],\"inLanguage\":\"pt-BR\"},{\"@type\":\"Organization\",\"@id\":\"https:\/\/www.estrategiaconcursos.com.br\/blog\/#organization\",\"name\":\"Estrat\u00e9gia Concursos\",\"url\":\"https:\/\/www.estrategiaconcursos.com.br\/blog\/\",\"logo\":{\"@type\":\"ImageObject\",\"inLanguage\":\"pt-BR\",\"@id\":\"https:\/\/www.estrategiaconcursos.com.br\/blog\/#\/schema\/logo\/image\/\",\"url\":\"https:\/\/dhg1h5j42swfq.cloudfront.net\/2025\/06\/03203428\/logo_concursos-1.jpg\",\"contentUrl\":\"https:\/\/dhg1h5j42swfq.cloudfront.net\/2025\/06\/03203428\/logo_concursos-1.jpg\",\"width\":230,\"height\":60,\"caption\":\"Estrat\u00e9gia Concursos\"},\"image\":{\"@id\":\"https:\/\/www.estrategiaconcursos.com.br\/blog\/#\/schema\/logo\/image\/\"},\"sameAs\":[\"https:\/\/x.com\/EstratConcursos\"]},{\"@type\":\"Person\",\"@id\":\"https:\/\/www.estrategiaconcursos.com.br\/blog\/#\/schema\/person\/9660a35d48e0e0be2d64dd4af75e4bc0\",\"name\":\"Gilmar Possati\",\"image\":{\"@type\":\"ImageObject\",\"inLanguage\":\"pt-BR\",\"@id\":\"https:\/\/secure.gravatar.com\/avatar\/e9ab3ac77ba7f458bfef2113ea7deb36e4cbb955307f2f888d0dac0cafa0e752?s=96&d=mm&r=g\",\"url\":\"https:\/\/secure.gravatar.com\/avatar\/e9ab3ac77ba7f458bfef2113ea7deb36e4cbb955307f2f888d0dac0cafa0e752?s=96&d=mm&r=g\",\"contentUrl\":\"https:\/\/secure.gravatar.com\/avatar\/e9ab3ac77ba7f458bfef2113ea7deb36e4cbb955307f2f888d0dac0cafa0e752?s=96&d=mm&r=g\",\"caption\":\"Gilmar Possati\"},\"url\":\"https:\/\/www.estrategiaconcursos.com.br\/blog\/author\/gilmarpossatiestrategiaconcursos-com-br\/\"}]}<\/script>\n<!-- \/ Yoast SEO Premium plugin. -->","yoast_head_json":{"title":"Concurso JUCEB: inscri\u00e7\u00f5es encerradas; vagas para m\u00e9dio e superior","robots":{"index":"index","follow":"follow","max-snippet":"max-snippet:-1","max-image-preview":"max-image-preview:large","max-video-preview":"max-video-preview:-1"},"canonical":"https:\/\/www.estrategiaconcursos.com.br\/blog\/concurso-juceb\/","og_locale":"pt_BR","og_type":"article","og_title":"Concurso JUCEB: inscri\u00e7\u00f5es encerradas; vagas para m\u00e9dio e superior","og_description":"O edital do Processo Seletivo Simplificado da Junta Comercial do Estado da Bahia \u2013 JUCEB oferta 12 vagas, distribu\u00eddas entre cargos de n\u00edvel m\u00e9dio e superior. As inscri\u00e7\u00f5es puderam ser realizadas at\u00e9 o dia 27 de fevereiro. Confira neste artigo as principais informa\u00e7\u00f5es sobre o certame e saiba como se preparar. Principais datas Inscri\u00e7\u00f5es: 17 [&hellip;]","og_url":"https:\/\/www.estrategiaconcursos.com.br\/blog\/concurso-juceb\/","og_site_name":"Estrat\u00e9gia Concursos","article_published_time":"2020-02-27T03:00:00+00:00","article_modified_time":"2023-06-15T18:55:08+00:00","og_image":[{"width":1200,"height":628,"url":"https:\/\/dhg1h5j42swfq.cloudfront.net\/2020\/02\/28095926\/JUCEB.jpg","type":"image\/jpeg"}],"author":"Gilmar Possati","twitter_card":"summary_large_image","twitter_creator":"@EstratConcursos","twitter_site":"@EstratConcursos","twitter_misc":{"Escrito por":"Gilmar Possati","Est. tempo de leitura":"4 minutos"},"schema":{"@context":"https:\/\/schema.org","@graph":[{"@type":"NewsArticle","@id":"https:\/\/www.estrategiaconcursos.com.br\/blog\/concurso-juceb\/#article","isPartOf":{"@id":"https:\/\/www.estrategiaconcursos.com.br\/blog\/concurso-juceb\/"},"author":{"name":"Gilmar Possati","@id":"https:\/\/www.estrategiaconcursos.com.br\/blog\/#\/schema\/person\/9660a35d48e0e0be2d64dd4af75e4bc0"},"headline":"Concurso JUCEB: inscri\u00e7\u00f5es encerradas; vagas para m\u00e9dio e superior","datePublished":"2020-02-27T03:00:00+00:00","dateModified":"2023-06-15T18:55:08+00:00","mainEntityOfPage":{"@id":"https:\/\/www.estrategiaconcursos.com.br\/blog\/concurso-juceb\/"},"wordCount":803,"commentCount":0,"publisher":{"@id":"https:\/\/www.estrategiaconcursos.com.br\/blog\/#organization"},"image":{"@id":"https:\/\/www.estrategiaconcursos.com.br\/blog\/concurso-juceb\/#primaryimage"},"thumbnailUrl":"https:\/\/dhg1h5j42swfq.cloudfront.net\/2020\/02\/28095926\/JUCEB.jpg","articleSection":["Concursos P\u00fablicos"],"inLanguage":"pt-BR","potentialAction":[{"@type":"CommentAction","name":"Comment","target":["https:\/\/www.estrategiaconcursos.com.br\/blog\/concurso-juceb\/#respond"]}],"copyrightYear":"2020","copyrightHolder":{"@id":"https:\/\/www.estrategiaconcursos.com.br\/blog\/#organization"}},{"@type":"WebPage","@id":"https:\/\/www.estrategiaconcursos.com.br\/blog\/concurso-juceb\/","url":"https:\/\/www.estrategiaconcursos.com.br\/blog\/concurso-juceb\/","name":"Concurso JUCEB: inscri\u00e7\u00f5es encerradas; vagas para m\u00e9dio e superior","isPartOf":{"@id":"https:\/\/www.estrategiaconcursos.com.br\/blog\/#website"},"primaryImageOfPage":{"@id":"https:\/\/www.estrategiaconcursos.com.br\/blog\/concurso-juceb\/#primaryimage"},"image":{"@id":"https:\/\/www.estrategiaconcursos.com.br\/blog\/concurso-juceb\/#primaryimage"},"thumbnailUrl":"https:\/\/dhg1h5j42swfq.cloudfront.net\/2020\/02\/28095926\/JUCEB.jpg","datePublished":"2020-02-27T03:00:00+00:00","dateModified":"2023-06-15T18:55:08+00:00","breadcrumb":{"@id":"https:\/\/www.estrategiaconcursos.com.br\/blog\/concurso-juceb\/#breadcrumb"},"inLanguage":"pt-BR","potentialAction":[{"@type":"ReadAction","target":["https:\/\/www.estrategiaconcursos.com.br\/blog\/concurso-juceb\/"]}]},{"@type":"ImageObject","inLanguage":"pt-BR","@id":"https:\/\/www.estrategiaconcursos.com.br\/blog\/concurso-juceb\/#primaryimage","url":"https:\/\/dhg1h5j42swfq.cloudfront.net\/2020\/02\/28095926\/JUCEB.jpg","contentUrl":"https:\/\/dhg1h5j42swfq.cloudfront.net\/2020\/02\/28095926\/JUCEB.jpg","width":1200,"height":628},{"@type":"BreadcrumbList","@id":"https:\/\/www.estrategiaconcursos.com.br\/blog\/concurso-juceb\/#breadcrumb","itemListElement":[{"@type":"ListItem","position":1,"name":"In\u00edcio","item":"https:\/\/www.estrategiaconcursos.com.br\/blog\/"},{"@type":"ListItem","position":2,"name":"Concurso JUCEB: inscri\u00e7\u00f5es encerradas; vagas para m\u00e9dio e superior"}]},{"@type":"WebSite","@id":"https:\/\/www.estrategiaconcursos.com.br\/blog\/#website","url":"https:\/\/www.estrategiaconcursos.com.br\/blog\/","name":"Estrat\u00e9gia Concursos","description":"O blog da Estrat\u00e9gia Concursos traz not\u00edcias sobre concursos e artigos de professores oferecendo cursos para concursos (pdf + videaulas) no site.","publisher":{"@id":"https:\/\/www.estrategiaconcursos.com.br\/blog\/#organization"},"potentialAction":[{"@type":"SearchAction","target":{"@type":"EntryPoint","urlTemplate":"https:\/\/www.estrategiaconcursos.com.br\/blog\/?s={search_term_string}"},"query-input":{"@type":"PropertyValueSpecification","valueRequired":true,"valueName":"search_term_string"}}],"inLanguage":"pt-BR"},{"@type":"Organization","@id":"https:\/\/www.estrategiaconcursos.com.br\/blog\/#organization","name":"Estrat\u00e9gia Concursos","url":"https:\/\/www.estrategiaconcursos.com.br\/blog\/","logo":{"@type":"ImageObject","inLanguage":"pt-BR","@id":"https:\/\/www.estrategiaconcursos.com.br\/blog\/#\/schema\/logo\/image\/","url":"https:\/\/dhg1h5j42swfq.cloudfront.net\/2025\/06\/03203428\/logo_concursos-1.jpg","contentUrl":"https:\/\/dhg1h5j42swfq.cloudfront.net\/2025\/06\/03203428\/logo_concursos-1.jpg","width":230,"height":60,"caption":"Estrat\u00e9gia Concursos"},"image":{"@id":"https:\/\/www.estrategiaconcursos.com.br\/blog\/#\/schema\/logo\/image\/"},"sameAs":["https:\/\/x.com\/EstratConcursos"]},{"@type":"Person","@id":"https:\/\/www.estrategiaconcursos.com.br\/blog\/#\/schema\/person\/9660a35d48e0e0be2d64dd4af75e4bc0","name":"Gilmar Possati","image":{"@type":"ImageObject","inLanguage":"pt-BR","@id":"https:\/\/secure.gravatar.com\/avatar\/e9ab3ac77ba7f458bfef2113ea7deb36e4cbb955307f2f888d0dac0cafa0e752?s=96&d=mm&r=g","url":"https:\/\/secure.gravatar.com\/avatar\/e9ab3ac77ba7f458bfef2113ea7deb36e4cbb955307f2f888d0dac0cafa0e752?s=96&d=mm&r=g","contentUrl":"https:\/\/secure.gravatar.com\/avatar\/e9ab3ac77ba7f458bfef2113ea7deb36e4cbb955307f2f888d0dac0cafa0e752?s=96&d=mm&r=g","caption":"Gilmar Possati"},"url":"https:\/\/www.estrategiaconcursos.com.br\/blog\/author\/gilmarpossatiestrategiaconcursos-com-br\/"}]}},"_links":{"self":[{"href":"https:\/\/www.estrategiaconcursos.com.br\/blog\/wp-json\/wp\/v2\/posts\/477467","targetHints":{"allow":["GET"]}}],"collection":[{"href":"https:\/\/www.estrategiaconcursos.com.br\/blog\/wp-json\/wp\/v2\/posts"}],"about":[{"href":"https:\/\/www.estrategiaconcursos.com.br\/blog\/wp-json\/wp\/v2\/types\/post"}],"author":[{"embeddable":true,"href":"https:\/\/www.estrategiaconcursos.com.br\/blog\/wp-json\/wp\/v2\/users\/147"}],"replies":[{"embeddable":true,"href":"https:\/\/www.estrategiaconcursos.com.br\/blog\/wp-json\/wp\/v2\/comments?post=477467"}],"version-history":[{"count":9,"href":"https:\/\/www.estrategiaconcursos.com.br\/blog\/wp-json\/wp\/v2\/posts\/477467\/revisions"}],"predecessor-version":[{"id":1233016,"href":"https:\/\/www.estrategiaconcursos.com.br\/blog\/wp-json\/wp\/v2\/posts\/477467\/revisions\/1233016"}],"wp:featuredmedia":[{"embeddable":true,"href":"https:\/\/www.estrategiaconcursos.com.br\/blog\/wp-json\/wp\/v2\/media\/486512"}],"wp:attachment":[{"href":"https:\/\/www.estrategiaconcursos.com.br\/blog\/wp-json\/wp\/v2\/media?parent=477467"}],"wp:term":[{"taxonomy":"category","embeddable":true,"href":"https:\/\/www.estrategiaconcursos.com.br\/blog\/wp-json\/wp\/v2\/categories?post=477467"},{"taxonomy":"post_tag","embeddable":true,"href":"https:\/\/www.estrategiaconcursos.com.br\/blog\/wp-json\/wp\/v2\/tags?post=477467"},{"taxonomy":"tax_estado","embeddable":true,"href":"https:\/\/www.estrategiaconcursos.com.br\/blog\/wp-json\/wp\/v2\/tax_estado?post=477467"}],"curies":[{"name":"wp","href":"https:\/\/api.w.org\/{rel}","templated":true}]}}