{"id":477375,"date":"2020-02-03T21:56:52","date_gmt":"2020-02-04T00:56:52","guid":{"rendered":"https:\/\/www.estrategiaconcursos.com.br\/blog\/?p=477375"},"modified":"2020-02-03T21:56:55","modified_gmt":"2020-02-04T00:56:55","slug":"ebserh-nacional-fisioterapeuta-comentarios-da-prova","status":"publish","type":"post","link":"https:\/\/www.estrategiaconcursos.com.br\/blog\/ebserh-nacional-fisioterapeuta-comentarios-da-prova\/","title":{"rendered":"EBSERH NACIONAL FISIOTERAPEUTA &#8211; Coment\u00e1rios da Prova"},"content":{"rendered":"\n<p>Ol\u00e1, pessoal! Tudo bem? Fizemos um breve coment\u00e1rios das quest\u00f5es da prova da EBSERH Nacional para o cargo de Fisioterapeuta. Verificamos duas quest\u00f5es pass\u00edveis de recursos = 34 e 38. <\/p>\n\n\n\n<p>Esperamos que tenham ido bem na prova.<\/p>\n\n\n\n<p><strong>Abra\u00e7os,<\/strong><\/p>\n\n\n\n<p><strong>Equipe de Fisioterapia.<\/strong><\/p>\n\n\n\n<p>______________________________________________________________________________<\/p>\n\n\n\n<p><strong>31) Sobre as cadeias cin\u00e9ticas, assinale a alternativa que preencha correta e respectivamente as lacunas.\u00a0\u00a0 A defini\u00e7\u00e3o comumente utilizada para _____ exerc\u00edcios em cadeia cin\u00e9tica \u00e9 a de que, se o _____ estiver livre para se mover no espa\u00e7o e n\u00e3o sustentar o peso corporal, a cadeia \u00e9 considerada _____, e na ocorr\u00eancia do contr\u00e1rio a cadeia \u00e9 considerada _____. <\/strong><\/p>\n\n\n\n<p>a) definir \/\nsegmento proximal \/&nbsp; aberta \/ fechada <\/p>\n\n\n\n<p>b) classificar \/\nsegmento distal \/ fechada \/ aberta <\/p>\n\n\n\n<p>c) definir \/\nsegmento distal \/ fechada \/ aberta <\/p>\n\n\n\n<p>d) definir \/\nsegmento distal \/ aberta \/ fechada <\/p>\n\n\n\n<p>e) classificar \/\nsegmento distal \/ aberta \/ fechada&nbsp; <\/p>\n\n\n\n<p><strong>Coment\u00e1rios: <\/strong>A defini\u00e7\u00e3o\ncomumente utilizada para <strong>classificar<\/strong> exerc\u00edcios em cadeia cin\u00e9tica \u00e9 a\nde que, se o <strong>segmento distal<\/strong> (se colocasse proximal, n\u00e3o seria cadeia\naberta, por isso a letra A est\u00e1 errada tamb\u00e9m nesse aspecto) estiver livre para\nse mover no espa\u00e7o e n\u00e3o sustentar o peso corporal, a cadeia \u00e9 considerada <strong>aberta<\/strong>,\ne na ocorr\u00eancia do contr\u00e1rio a cadeia \u00e9 considerada <strong>fechada<\/strong>. <\/p>\n\n\n\n<p>Cadeia cin\u00e9tica\naberta e fechada \u00e9 a classifica\u00e7\u00e3o da cadeia cin\u00e9tica.<\/p>\n\n\n\n<p><strong>Gabarito: E.<\/strong><\/p>\n\n\n\n<p><strong>32) A osteoartrose (OA) \u00e9 uma doen\u00e7a articular\ncr\u00f4nicodegenerativa que se evidencia pelo desgaste da cartilagem articular.\nAnalise as afirmativas abaixo: <\/strong><\/p>\n\n\n\n<p>I. Clinicamente,\na osteoartrose caracteriza-se por dor, rigidez matinal, crepita\u00e7\u00e3o \u00f3ssea,\natrofia muscular. <\/p>\n\n\n\n<p>II. Quanto aos\naspectos radiol\u00f3gicos \u00e9 observado aumento do espa\u00e7o intra-articular, forma\u00e7\u00f5es\nde oste\u00f3fitos, esclerose do osso subcondral e forma\u00e7\u00f5es c\u00edsticas. <\/p>\n\n\n\n<p>III. As\nprincipais situa\u00e7\u00f5es que indicam o emprego de exerc\u00edcios f\u00edsicos no tratamento\nda osteoartrose s\u00e3o: dor e rigidez articular, perda da mobilidade articular sem\ndestrui\u00e7\u00e3o importante da articula\u00e7\u00e3o, desalinhamento articular ou uso anormal\nda articula\u00e7\u00e3o, sintomas de fraqueza muscular, fadiga e resist\u00eancia\ncardiovascular reduzida e ainda altera\u00e7\u00f5es da marcha e do equil\u00edbrio. <\/p>\n\n\n\n<p>&nbsp;&nbsp;&nbsp;&nbsp;&nbsp;&nbsp;&nbsp;&nbsp;&nbsp;&nbsp;&nbsp;&nbsp;&nbsp;&nbsp;&nbsp;&nbsp; Assinale a alternativa correta <\/p>\n\n\n\n<p>a) As afirmativas\nI, II e III est\u00e3o corretas <\/p>\n\n\n\n<p>b) Apenas as\nafirmativas I e II est\u00e3o corretas <\/p>\n\n\n\n<p>c) Apenas a\nafirmativa II est\u00e1 correta <\/p>\n\n\n\n<p>d) Apenas as\nafirmativas I e III est\u00e3o corretas <\/p>\n\n\n\n<p>e) Apenas a\nafirmativa III est\u00e1 correta <\/p>\n\n\n\n<p><strong>Coment\u00e1rios: <\/strong>Vejamos as\nassertivas:<\/p>\n\n\n\n<p>I. Clinicamente,\na osteoartrose caracteriza-se por dor, rigidez matinal, crepita\u00e7\u00e3o \u00f3ssea, atrofiamuscular. Item correto, segundo o Consenso Brasileiro para o tratamento de\nOsteoartrite (Osteoartrose) (2002). <\/p>\n\n\n\n<p>II. Quanto aos\naspectos radiol\u00f3gicos \u00e9 observado <s>aumento<\/s> do espa\u00e7o intra-articular,\nforma\u00e7\u00f5es de oste\u00f3fitos, esclerose do osso subcondral e forma\u00e7\u00f5es c\u00edsticas. Item\nerrado, estreitamento do espa\u00e7o intra-articular.<\/p>\n\n\n\n<p>III. As\nprincipais situa\u00e7\u00f5es que indicam o emprego de exerc\u00edcios f\u00edsicos no tratamento\nda osteoartrose s\u00e3o: dor e rigidez articular, perda da mobilidade articular sem\ndestrui\u00e7\u00e3o importante da articula\u00e7\u00e3o, desalinhamento articular ou uso anormal\nda articula\u00e7\u00e3o, sintomas de fraqueza muscular, fadiga e resist\u00eancia\ncardiovascular reduzida e ainda altera\u00e7\u00f5es da marcha e do equil\u00edbrio. <\/p>\n\n\n\n<p><strong>Gabarito: D.<\/strong><\/p>\n\n\n\n<p><strong>33) A dor no ombro \u00e9 umas das queixas mais comuns na\npopula\u00e7\u00e3o em geral, com uma preval\u00eancia estimada de 22,3%, afetando\nprincipalmente mulheres acima de 50 anos. Assinale a alternativa incorreta.<\/strong><\/p>\n\n\n\n<p>a) Fatores como\nflex\u00e3o ou abdu\u00e7\u00e3o dos ombros por tempo prolongado, vibra\u00e7\u00f5es, postura est\u00e1tica\nou carga no membro superior, posturas incorretas, uso excessivo do membro\nsuperior, pr\u00e1ticas de esportes de impacto e altera\u00e7\u00f5es anat\u00f4micas preexistentes\naumentam a probabilidade para que o indiv\u00edduo desenvolva dor no ombro&nbsp; <\/p>\n\n\n\n<p>b) Entre as\nposs\u00edveis causas de dor no ombro, destaca-se a fraqueza e incoordena\u00e7\u00e3o dos\nm\u00fasculos estabilizadores da cintura escapular.<\/p>\n\n\n\n<p>c) Altera\u00e7\u00f5es do\ngrupo muscular estabilizador parecem estar associadas \u00e0s disfun\u00e7\u00f5es da cintura\nescapular. Dentre os m\u00fasculos estabilizadores, destacam-se manguito rotador,\ntrap\u00e9zio inferior e trap\u00e9zio m\u00e9dio e braquiorradial <\/p>\n\n\n\n<p>d) Como\ntratamento da dor no ombro, a fisioterapia \u00e9 a conduta mais adequada para\nrestabelecer o equil\u00edbrio muscular e melhorar a funcionalidade do membro\nacometido<\/p>\n\n\n\n<p>e) Recentemente,\nexerc\u00edcios que focam a estabiliza\u00e7\u00e3o da cintura escapular s\u00e3o utilizados por\nfisioterapeutas como forma de tratamento das dores no ombro<\/p>\n\n\n\n<p><strong>Coment\u00e1rios: <\/strong>Note que\n\u00b4pediram a INCORRETA. Vejamos as assertivas:<\/p>\n\n\n\n<p>a) Fatores como\nflex\u00e3o ou abdu\u00e7\u00e3o dos ombros por tempo prolongado, vibra\u00e7\u00f5es, postura est\u00e1tica\nou carga no membro superior, posturas incorretas, uso excessivo do membro\nsuperior, pr\u00e1ticas de esportes de impacto e altera\u00e7\u00f5es anat\u00f4micas preexistentes\naumentam a probabilidade para que o indiv\u00edduo desenvolva dor no ombro. Item\ncorreto.<\/p>\n\n\n\n<p>b) Entre as\nposs\u00edveis causas de dor no ombro, destaca-se a fraqueza e incoordena\u00e7\u00e3o dos\nm\u00fasculos estabilizadores da cintura escapular. Item correto, essa \u00e9 a causa\nmais comum.<\/p>\n\n\n\n<p><strong>c)<\/strong> Altera\u00e7\u00f5es do grupo muscular estabilizador parecem estar associadas\n\u00e0s disfun\u00e7\u00f5es da cintura escapular. Dentre os m\u00fasculos estabilizadores,\ndestacam-se manguito rotador, trap\u00e9zio inferior e trap\u00e9zio m\u00e9dio e <s>braquiorradial.<\/s>\nItem errado. Dentre os m\u00fasculos estabilizadores, destacam-se manguito rotador,\ntrap\u00e9zio inferior e trap\u00e9zio m\u00e9dio.<\/p>\n\n\n\n<p>d) Como\ntratamento da dor no ombro, a fisioterapia \u00e9 a conduta mais adequada para\nrestabelecer o equil\u00edbrio muscular e melhorar a funcionalidade do membro\nacometido. Item correto.<\/p>\n\n\n\n<p>e) Recentemente,\nexerc\u00edcios que focam a estabiliza\u00e7\u00e3o da cintura escapular s\u00e3o utilizados por\nfisioterapeutas como forma de tratamento das dores no ombro. Item correto, a\nestabiliza\u00e7\u00e3o escapular \u00e9 essencial para o tratamento de disfun\u00e7\u00f5es nos ombros.<\/p>\n\n\n\n<p><strong>Gabarito: C.<\/strong><\/p>\n\n\n\n<p><strong>34) Para exercer a fun\u00e7\u00e3o de deambula\u00e7\u00e3o, uma das principais\narticula\u00e7\u00f5es que proporciona o movimento \u00e9 a do quadril.&nbsp; Leia atentamente as afirmativas abaixo e de\nvalores de (V) verdadeiro ou (F) falso, listando de cima para baixo: <\/strong><\/p>\n\n\n\n<p>(&nbsp; ) Tem como objetivo o al\u00edvio da dor,\nrestaura\u00e7\u00e3o e mobilidade do quadril. <\/p>\n\n\n\n<p>(&nbsp; ) As principais indica\u00e7\u00f5es para a AQ s\u00e3o as\nmol\u00e9stias articulares degenerativas, fraturas do colo e da cabe\u00e7a femoral e do\nacet\u00e1bulo, al\u00e9m de outros como processos infecciosos e sequelas de luxa\u00e7\u00e3o\ncong\u00eanita. <\/p>\n\n\n\n<p>(&nbsp; ) As contraindica\u00e7\u00f5es&nbsp; s\u00e3o infec\u00e7\u00e3o ativa das articula\u00e7\u00f5es do\nquadril, da bexiga, pele, t\u00f3rax ou qualquer outra regi\u00e3o; qualquer processo que\nesteja destruindo rapidamente o tecido \u00f3sseo e dor de dif\u00edcil controle. <\/p>\n\n\n\n<p>(&nbsp; ) Quanto ao tratamento fisioterap\u00eautico, este\ndeve ser realizado no per\u00edodo pr\u00e9 e p\u00f3soperat\u00f3rio, visando o al\u00edvio da dor,\npreven\u00e7\u00e3o de deformidades e fraqueza muscular e, consequentemente, a limita\u00e7\u00e3o\nda amplitude de movimento articular, n\u00e3o deixando que esses fatores se tornem\nlimitantes da deambula\u00e7\u00e3o. <\/p>\n\n\n\n<p>Assinale a\nalternativa que apresenta a sequ\u00eancia correta de cima para baixo. <\/p>\n\n\n\n<p>a) V, V, V, V <\/p>\n\n\n\n<p>b) F, V, F, V <\/p>\n\n\n\n<p>c) F, V, V, V <\/p>\n\n\n\n<p>d) V, V, F, V <\/p>\n\n\n\n<p>e) F, F, V, V <\/p>\n\n\n\n<p><strong>Coment\u00e1rios: <\/strong>Essa quest\u00e3o foi\nmal elaborada. Vejamos as assertivas:<\/p>\n\n\n\n<p>(<strong>V<\/strong>) Tem\ncomo objetivo o al\u00edvio da dor, restaura\u00e7\u00e3o e mobilidade do quadril. O objetivo\ndo que? a deambula\u00e7\u00e3o? quadril? Mal elaborada. Pass\u00edvel de recurso.<\/p>\n\n\n\n<p>(<strong>V<\/strong>) As\nprincipais indica\u00e7\u00f5es para a AQ s\u00e3o as mol\u00e9stias articulares degenerativas,\nfraturas do colo e da cabe\u00e7a femoral e do acet\u00e1bulo, al\u00e9m de outros como\nprocessos infecciosos e sequelas de luxa\u00e7\u00e3o cong\u00eanita. Por ser uma prova de concurso\ndeveria ter escrito &#8220;Artroplastia de Quadril&#8221;, n\u00e3o a sigla AQ.<\/p>\n\n\n\n<p>(<strong>F<\/strong>) As contraindica\u00e7\u00f5es\ns\u00e3o infec\u00e7\u00e3o ativa das articula\u00e7\u00f5es do quadril, da bexiga, pele, t\u00f3rax ou\nqualquer outra regi\u00e3o; qualquer processo que esteja destruindo rapidamente o\ntecido \u00f3sseo e dor de dif\u00edcil controle. Contraindica\u00e7\u00f5es do que? Novamente\ndeveria estar no enunciado &#8220;Artroplastia do Quadril&#8221; ou nas\nassertivas.<\/p>\n\n\n\n<p>(<strong>V<\/strong>)\nQuanto ao tratamento fisioterap\u00eautico, este deve ser realizado no per\u00edodo pr\u00e9 e\np\u00f3s operat\u00f3rio, visando o al\u00edvio da dor, preven\u00e7\u00e3o de deformidades e fraqueza\nmuscular e, consequentemente, a limita\u00e7\u00e3o da amplitude de movimento articular,\nn\u00e3o deixando que esses fatores se tornem limitantes da deambula\u00e7\u00e3o. P\u00f3s-operat\u00f3rio\ndo que? N\u00e3o tem no enunciado e nem na assertiva. Por mais que lendo as quest\u00f5es\nsugerimos que seja Artroplastia de Quadril, n\u00e3o tem em nenhum local afirmando\nisso, salvo na assertiva II, por\u00e9m colocaram como sigla AQ.<\/p>\n\n\n\n<p><strong>Gabarito: D.<\/strong><\/p>\n\n\n\n<p><strong>35) Leia o texto abaixo sobre a articula\u00e7\u00e3o dos joelhos: <\/strong><\/p>\n\n\n\n<p><strong>Os ossos que formam a articula\u00e7\u00e3o do joelho s\u00e3o: f\u00eamur,\n_____e patela, estruturas \u00f3sseas que formam duas articula\u00e7\u00f5es distintas, a\n_____e a tibiofemoral; todavia, funcionalmente, essas duas articula\u00e7\u00f5es n\u00e3o\npodem ser sempre consideradas separadamente, pois existe uma rela\u00e7\u00e3o _____entre\nelas, e s\u00e3o articula\u00e7\u00f5es que proporcionam sustenta\u00e7\u00e3o ao corpo e podem, com o\ntempo, sofrer grande _____e degenera\u00e7\u00e3o, sendo assim necess\u00e1rio um procedimento\ncir\u00fargico em que se faz a troca da articula\u00e7\u00e3o degenerada por uma artificial <\/strong><\/p>\n\n\n\n<p>Assinale a\nalternativa que preencha correta e respectivamente as lacunas. <\/p>\n\n\n\n<p>a) f\u00edbula \/\nfemoropatelar \/ \u00f3ssea \/ desajuste <\/p>\n\n\n\n<p>b) f\u00edbula \/\nfemoropatelar \/ mec\u00e2nica \/ desequil\u00edbrio <\/p>\n\n\n\n<p>c) t\u00edbia \/\nfemoropatelar \/ mec\u00e2nica \/ desgaste <\/p>\n\n\n\n<p>d) t\u00edbia \/\nfemoropatelar \/ \u00f3ssea \/ desajuste <\/p>\n\n\n\n<p>e) t\u00edbia \/\nfemoropatelar \/mec\u00e2nica \/ desequil\u00edbrio <\/p>\n\n\n\n<p><strong>Coment\u00e1rios: <\/strong>Quest\u00e3o bem\nsimples. Os ossos que formam a articula\u00e7\u00e3o do joelho s\u00e3o: f\u00eamur, T\u00cdBIA e\npatela, estruturas \u00f3sseas que formam duas articula\u00e7\u00f5es distintas, a FEMOROPATELAR\ne a tibiofemoral; todavia, funcionalmente, essas duas articula\u00e7\u00f5es n\u00e3o podem\nser sempre consideradas separadamente, pois existe uma rela\u00e7\u00e3o MEC\u00c2NICA entre\nelas, e s\u00e3o articula\u00e7\u00f5es que proporcionam sustenta\u00e7\u00e3o ao corpo e podem, com o\ntempo, sofrer grande DESGASTE e degenera\u00e7\u00e3o, sendo assim necess\u00e1rio um\nprocedimento cir\u00fargico em que se faz a troca da articula\u00e7\u00e3o degenerada por uma\nartificial <\/p>\n\n\n\n<p><strong>Gabarito: C.<\/strong><\/p>\n\n\n\n<p><strong>36) O ombro \u00e9 uma articula\u00e7\u00e3o bastante complexa e a mais\nm\u00f3vel de todo o corpo humano, entretanto, \u00e9 considerada pouco est\u00e1vel por sua\nanatomia articular. Leia atentamente e assinale a alternativa incorreta. <\/strong><\/p>\n\n\n\n<p>a) Por esse\nmotivo, qualquer altera\u00e7\u00e3o que comprometa sua estrutura e fun\u00e7\u00e3o faz com que\nesse complexo articular seja alvo de in\u00fameras afec\u00e7\u00f5es, sendo a s\u00edndrome do\nimpacto (SI) a mais comum em indiv\u00edduos adultos <\/p>\n\n\n\n<p>b) A s\u00edndrome do\nimpacto do ombro caracterizase por uma s\u00edndrome dolorosa normalmente acompanhada\npor microtraumatismos e degenera\u00e7\u00e3o, al\u00e9m do d\u00e9ficit de for\u00e7a muscular,\nfraturas espont\u00e2neas e tendinite do manguito rotador <\/p>\n\n\n\n<p>c) O manguito\nrotador \u00e9 composto pelos tend\u00f5es dos m\u00fasculos subescapular, supraespinhal,\ninfraespinhal e redondo menor, de forma que a fus\u00e3o destes desenha um capuz que\ncobre a cabe\u00e7a do \u00famero superiormente&nbsp; <\/p>\n\n\n\n<p>d) Os objetivos\ngerais no tratamento fisioterap\u00eautico s\u00e3o al\u00edvio do quadro \u00e1lgico, ganho de\namplitude de movimento (ADM) e melhora da for\u00e7a muscular (FM) de maneira que permita\nmaior funcionalidade no membro acometido <\/p>\n\n\n\n<p>e) A articula\u00e7\u00e3o\nglenomeral propicia a realiza\u00e7\u00e3o de v\u00e1rios movimentos que podem ser realizados\nisoladamente ou de forma combinada: flex\u00e3o e extens\u00e3o, adu\u00e7\u00e3o e abdu\u00e7\u00e3o, adu\u00e7\u00e3o\ne abdu\u00e7\u00e3o na horizontal e rota\u00e7\u00e3o interna e externa <\/p>\n\n\n\n<p><strong>Coment\u00e1rios: <\/strong>Incorreta\nnovamente. Vejamos as assertivas:<\/p>\n\n\n\n<p>a) Por esse\nmotivo, qualquer altera\u00e7\u00e3o que comprometa sua estrutura e fun\u00e7\u00e3o faz com que\nesse complexo articular seja alvo de in\u00fameras afec\u00e7\u00f5es, sendo a s\u00edndrome do\nimpacto (SI) a mais comum em indiv\u00edduos adultos. Item correto.<\/p>\n\n\n\n<p>b) A s\u00edndrome do\nimpacto do ombro caracteriza-se por uma s\u00edndrome dolorosa normalmente acompanhada\npor micro traumatismos e degenera\u00e7\u00e3o, al\u00e9m do d\u00e9ficit de for\u00e7a muscular, <s>fraturas\nespont\u00e2neas<\/s> e tendinite do manguito rotador. Item errado.<\/p>\n\n\n\n<p>c) O manguito\nrotador \u00e9 composto pelos tend\u00f5es dos m\u00fasculos subescapular, supraespinhal,\ninfraespinhal e redondo menor, de forma que a fus\u00e3o destes desenha um capuz que\ncobre a cabe\u00e7a do \u00famero superiormente. Item correto.<\/p>\n\n\n\n<p>d) Os objetivos\ngerais no tratamento fisioterap\u00eautico s\u00e3o al\u00edvio do quadro \u00e1lgico, ganho de\namplitude de movimento (ADM) e melhora da for\u00e7a muscular (FM) de maneira que permita\nmaior funcionalidade no membro acometido. Item correto.<\/p>\n\n\n\n<p>e) A articula\u00e7\u00e3o\nglenomeral propicia a realiza\u00e7\u00e3o de v\u00e1rios movimentos que podem ser realizados\nisoladamente ou de forma combinada: flex\u00e3o e extens\u00e3o, adu\u00e7\u00e3o e abdu\u00e7\u00e3o, adu\u00e7\u00e3o\ne abdu\u00e7\u00e3o na horizontal e rota\u00e7\u00e3o interna e externa. Item correto.<\/p>\n\n\n\n<p><strong>Gabarito: B.<\/strong><\/p>\n\n\n\n<p><strong>37) Sobre a Doen\u00e7a de Parkinson, leia atentamente as\nafirmativas abaixo: <\/strong><\/p>\n\n\n\n<p>I. A Doen\u00e7a de\nParkinson (DP) \u00e9 uma doen\u00e7a neurol\u00f3gica progressiva do sistema piramidal <\/p>\n\n\n\n<p>II.\nCaracterizada por bradicinesia, tremor de repouso, rigidez e instabilidade\npostural. <\/p>\n\n\n\n<p>III. Outros\nachados cl\u00ednicos importantes s\u00e3o: dist\u00farbio da marcha, f\u00e1cies em m\u00e1scara,\naltera\u00e7\u00e3o da voz, disartria, sialorr\u00e9ia, disfun\u00e7\u00e3o olfat\u00f3ria, hipotens\u00e3o\nortost\u00e1tica, hiperidrose, seborr\u00e9ia, disfun\u00e7\u00e3o sexual, c\u00e2imbras, dores, parestesias,\ndisfagia, incontin\u00eancia urin\u00e1ria, dist\u00farbios do sono, depress\u00e3o e dem\u00eancia <\/p>\n\n\n\n<p>IV. A\nfisioterapia voltada para a DP tem como objetivo minimizar os problemas\nmotores, ajudando o paciente a manter a independ\u00eancia para realizar as\natividades de vida di\u00e1ria e melhorando sua qualidade de vida.&nbsp; <\/p>\n\n\n\n<p><strong>&nbsp;Assinale a\nalternativa correta: <\/strong><\/p>\n\n\n\n<p>a) Apenas as\nafirmativas II, III e IV est\u00e3o corretas <\/p>\n\n\n\n<p>b) Apenas as\nafirmativas I e II est\u00e3o corretas <\/p>\n\n\n\n<p>c) Apenas as\nafirmativas III e IV est\u00e3o corretas <\/p>\n\n\n\n<p>d) Apenas a\nafirmativa IV est\u00e1 correta e) Apenas a afirmativa I est\u00e1 correta<\/p>\n\n\n\n<p><strong>Coment\u00e1rios: <\/strong>A Doen\u00e7a de\nParkinson (DP) \u00e9 uma doen\u00e7a neurol\u00f3gica progressiva do sistema extrapiramidal\ncaracterizada por bradicinesia, tremor de repouso, rigidez e instabilidade\npostural. Outros achados cl\u00ednicos importantes s\u00e3o: dist\u00farbio da marcha,\nf\u00e1cies em m\u00e1scara, altera\u00e7\u00e3o da voz, disartria, sialorr\u00e9ia, disfun\u00e7\u00e3o\nolfat\u00f3ria, hipotens\u00e3o ortost\u00e1tica, hiperidrose, seborr\u00e9ia, disfun\u00e7\u00e3o sexual,\nc\u00e2imbras, dores, parestesias, disfagia, incontin\u00eancia urin\u00e1ria, micrografia,\ndist\u00farbios do sono, bradifrenia, depress\u00e3o e dem\u00eancia.\nVejamos as alternativas:<\/p>\n\n\n\n<p>I. A Doen\u00e7a de\nParkinson (DP) \u00e9 uma doen\u00e7a neurol\u00f3gica progressiva do sistema piramidal. Item\nerrado. Extrapiramidal.<\/p>\n\n\n\n<p>II.\nCaracterizada por bradicinesia, tremor de repouso, rigidez e instabilidade\npostural. Item correto.<\/p>\n\n\n\n<p>III. Outros\nachados cl\u00ednicos importantes s\u00e3o: dist\u00farbio da marcha, f\u00e1cies em m\u00e1scara,\naltera\u00e7\u00e3o da voz, disartria, sialorr\u00e9ia, disfun\u00e7\u00e3o olfat\u00f3ria, hipotens\u00e3o\nortost\u00e1tica, hiperidrose, seborr\u00e9ia, disfun\u00e7\u00e3o sexual, c\u00e2imbras, dores, parestesias,\ndisfagia, incontin\u00eancia urin\u00e1ria, dist\u00farbios do sono, depress\u00e3o e dem\u00eancia. Item\ncorreto.<\/p>\n\n\n\n<p>IV. A\nfisioterapia voltada para a DP tem como objetivo minimizar os problemas\nmotores, ajudando o paciente a manter a independ\u00eancia para realizar as\natividades de vida di\u00e1ria e melhorando sua qualidade de vida. Item correto.<\/p>\n\n\n\n<p><strong>Gabarito: A.<\/strong><\/p>\n\n\n\n<p><strong>38) Leia o texto abaixo a respeito do t\u00fanel do carpo: <\/strong><\/p>\n\n\n\n<p>Ocorre mais frequentemente no sexo _____ (65% a 80%), entre\n40 e 60 anos, 50% a 60% _____, est\u00e1 ligada a uma _____da sinovial dos tend\u00f5es\n_____ por causa de uma degenera\u00e7\u00e3o do tecido conjuntivo com esclerose vascular,\nedema e fragmenta\u00e7\u00e3o do col\u00e1geno. Foi demonstrado que sexo, idade e fatores\ngen\u00e9ticos e antropom\u00e9tricos (tamanho do t\u00fanel do carpo) representam os fatores\nde predisposi\u00e7\u00e3o mais importantes. As atividades manuais repetitivas e a\nexposi\u00e7\u00e3o a _____e ao frio s\u00e3o os menos importantes. Outros fatores s\u00e3o a\nobesidade e o tabagismo. <\/p>\n\n\n\n<p>Assinale a alternativa que preencha correta e respectivamente\nas lacunas.<\/p>\n\n\n\n<p>&nbsp;a) masculino \/ s\u00e3o unilaterais \/ hipotonia \/ extensores\n\/ calor <\/p>\n\n\n\n<p>b) masculino \/\ns\u00e3o bilaterais \/ hipertrofia \/ flexores \/ vibra\u00e7\u00f5es <\/p>\n\n\n\n<p>c) masculino \/\ns\u00e3o bilaterais \/ hipertrofia \/ extensores \/ vibra\u00e7\u00f5es <\/p>\n\n\n\n<p>d) feminino \/\ns\u00e3o bilaterais \/ hipertrofia \/ flexores \/ vibra\u00e7\u00f5es&nbsp; <\/p>\n\n\n\n<p>e) feminino \/\ns\u00e3o bilaterais \/ hipertrofia \/ extensores \/ calor <\/p>\n\n\n\n<p><strong>Coment\u00e1rios: <\/strong>O enunciado\nsolicita T\u00fanel do Carpo, por\u00e9m \u00e9 uma estrutura. Faltou a palavra S\u00cdNDROME. Por\nesse motivo \u00e9 pass\u00edvel de recurso. Se estivesse pedindo a S\u00edndrome do T\u00fanel do\nCarpo, o correto seria:<\/p>\n\n\n\n<p>Ocorre mais\nfrequentemente no sexo FEMININO (65% a 80%), entre 40 e 60 anos, 50% a 60% S\u00c3O\nBILATERAIS, est\u00e1 ligada a uma HIPERTROFIA da sinovial dos tend\u00f5es FLEXORES por\ncausa de uma degenera\u00e7\u00e3o do tecido conjuntivo com esclerose vascular, edema e\nfragmenta\u00e7\u00e3o do col\u00e1geno. Foi demonstrado que sexo, idade e fatores gen\u00e9ticos e\nantropom\u00e9tricos (tamanho do t\u00fanel do carpo) representam os fatores de\npredisposi\u00e7\u00e3o mais importantes. As atividades manuais repetitivas e a exposi\u00e7\u00e3o\na VIBRA\u00c7\u00d5ES e ao frio s\u00e3o os menos importantes. Outros fatores s\u00e3o a obesidade\ne o tabagismo. Letra D.<\/p>\n\n\n\n<p><strong>Gabarito: D.<\/strong><\/p>\n\n\n\n<p><strong>39) A capacidade de movimento de uma dada articula\u00e7\u00e3o \u00e9\nchamada de Amplitude de Movimento (ADM) e pode ser avaliada em dois tipos, ADM\nativa e passiva. Analise as afirmativas abaixo e d\u00ea valores Verdadeiro (V) ou\nFalso (F). <\/strong><\/p>\n\n\n\n<p>(&nbsp; ) A ADM ativa \u00e9 aquela realizada quando o\npr\u00f3prio examinado usa os m\u00fasculos para realizar o movimento, e a passiva,\nquando s\u00f3 o examinador aplica for\u00e7a para avaliar o arco de movimento. <\/p>\n\n\n\n<p>(&nbsp; ) O m\u00e9todo da goniometria manual \u00e9 largamente\nutilizado na cl\u00ednica fisioterap\u00eautica para a avalia\u00e7\u00e3o da fun\u00e7\u00e3o muscular\n(&nbsp; ) Entre as vantagens dessa\nmetodologia, podese citar o baixo custo do instrumento e a f\u00e1cil mensura\u00e7\u00e3o,\nque depende quase que exclusivamente da experi\u00eancia anterior do avaliador.&nbsp; <\/p>\n\n\n\n<p>(&nbsp; ) Alguns estudos optaram pelas ADM\u2019s ativas,\npois afirmam que estas representam melhor a fun\u00e7\u00e3o e apresenta maior\nconfiabilidade do que os movimentos passivos; as medidas passivas s\u00e3o menos\nconfi\u00e1veis que as medidas ativas, devido \u00e0 varia\u00e7\u00e3o de for\u00e7a que \u00e9 colocada pelo\nterapeuta. Assinale a alternativa que apresenta a sequ\u00eancia correta de cima\npara baixo. <\/p>\n\n\n\n<p>a) V, F, V, V <\/p>\n\n\n\n<p>b) V, V, F, V <\/p>\n\n\n\n<p>c) F, F, V, F <\/p>\n\n\n\n<p>d) V, F, F, F <\/p>\n\n\n\n<p>e) V, F, F, V <\/p>\n\n\n\n<p><strong>Coment\u00e1rios: <\/strong>Vejamos:<\/p>\n\n\n\n<p>(<strong>V<\/strong>) A ADM\nativa \u00e9 aquela realizada quando o pr\u00f3prio examinado usa os m\u00fasculos para\nrealizar o movimento, e a passiva, quando s\u00f3 o examinador aplica for\u00e7a para\navaliar o arco de movimento. Item errado, ao contr\u00e1rio.<\/p>\n\n\n\n<p>(<strong>F<\/strong>) O\nm\u00e9todo da goniometria manual \u00e9 largamente utilizado na cl\u00ednica fisioterap\u00eautica\npara a avalia\u00e7\u00e3o da <s>fun\u00e7\u00e3o<\/s> muscular. Item errado. Avalia a amplitude de\nmovimento articular.<\/p>\n\n\n\n<p>(<strong>V<\/strong>) Entre\nas vantagens dessa metodologia, pode-se citar o baixo custo do instrumento e a\nf\u00e1cil mensura\u00e7\u00e3o, que depende quase que exclusivamente da experi\u00eancia anterior\ndo avaliador. Item correto.<\/p>\n\n\n\n<p>(<strong>V<\/strong>)\nAlguns estudos optaram pelas ADM\u2019s ativas, pois afirmam que estas representam\nmelhor a fun\u00e7\u00e3o e apresenta maior confiabilidade do que os movimentos passivos;\nas medidas passivas s\u00e3o menos confi\u00e1veis que as medidas ativas, devido \u00e0\nvaria\u00e7\u00e3o de for\u00e7a que \u00e9 colocada pelo terapeuta. Item correto.<\/p>\n\n\n\n<p><strong>&#8216;Gabarito: A.<\/strong><\/p>\n\n\n\n<p><strong>40) A mensura\u00e7\u00e3o da for\u00e7a muscular \u00e9 fundamental para a\navalia\u00e7\u00e3o funcional dos indiv\u00edduos. Analise as afirmativas abaixo: <\/strong><\/p>\n\n\n\n<p>I. Utilizada na\npr\u00e1tica cl\u00ednica com diversos objetivos, dentre eles o diagn\u00f3stico funcional\npara avalia\u00e7\u00e3o da melhora ou piora ao longo do tempo, e como medida preditiva\nou progn\u00f3stica para a ocorr\u00eancia de quedas e de limita\u00e7\u00f5es na realiza\u00e7\u00e3o de\natividades de vida di\u00e1ria. <\/p>\n\n\n\n<p>II. O Teste\nMuscular Manual (TMM) \u00e9 o m\u00e9todo mais utilizado na cl\u00ednica para a mensura\u00e7\u00e3o da\nfor\u00e7a muscular por ser de f\u00e1cil e r\u00e1pida execu\u00e7\u00e3o e n\u00e3o apresentar custo com\nnenhum tipo de instrumenta\u00e7\u00e3o. <\/p>\n\n\n\n<p>III. Um equipamento\nque tamb\u00e9m pode ser utilizado na cl\u00ednica para mensurar a for\u00e7a muscular \u00e9 o\ndinam\u00f4metro port\u00e1til, entretanto, quando comparado ao TMM, o dinam\u00f4metro\nport\u00e1til apresenta como desvantagens o alto custo para a utiliza\u00e7\u00e3o na cl\u00ednica,\nsendo necess\u00e1ria a aquisi\u00e7\u00e3o de um equipamento exclusivamente para a mensura\u00e7\u00e3o\nda for\u00e7a muscular. Assinale a alternativa correta. <\/p>\n\n\n\n<p>a) Apenas a\nafirmativa I est\u00e1 correta <\/p>\n\n\n\n<p>b) Apenas a\nafirmativa II est\u00e1 correta <\/p>\n\n\n\n<p>c) Apenas a\nafirmativa III est\u00e1 correta <\/p>\n\n\n\n<p>d) As afirmativa\nI, II e III est\u00e3o corretas <\/p>\n\n\n\n<p>e) Apenas as\nafirmativas I e II est\u00e3o corretas <\/p>\n\n\n\n<p><strong>Coment\u00e1rios: <\/strong>Vejamos:<\/p>\n\n\n\n<p>I. Utilizada na\npr\u00e1tica cl\u00ednica com diversos objetivos, dentre eles o diagn\u00f3stico funcional\npara avalia\u00e7\u00e3o da melhora ou piora ao longo do tempo, e como medida preditiva\nou progn\u00f3stica para a ocorr\u00eancia de quedas e de limita\u00e7\u00f5es na realiza\u00e7\u00e3o de\natividades de vida di\u00e1ria. Item correto.<\/p>\n\n\n\n<p>II. O Teste\nMuscular Manual (TMM) \u00e9 o m\u00e9todo mais utilizado na cl\u00ednica para a mensura\u00e7\u00e3o da\nfor\u00e7a muscular por ser de f\u00e1cil e r\u00e1pida execu\u00e7\u00e3o e n\u00e3o apresentar custo\ncom nenhum tipo de instrumenta\u00e7\u00e3o. Item correto.<\/p>\n\n\n\n<p>III. Um equipamento\nque tamb\u00e9m pode ser utilizado na cl\u00ednica para mensurar a for\u00e7a muscular \u00e9 o\ndinam\u00f4metro port\u00e1til, entretanto, quando comparado ao TMM, o dinam\u00f4metro\nport\u00e1til apresenta como desvantagens o alto custo para a utiliza\u00e7\u00e3o na cl\u00ednica,\nsendo necess\u00e1ria a aquisi\u00e7\u00e3o de um equipamento exclusivamente para a mensura\u00e7\u00e3o\nda for\u00e7a muscular. Item correto, o dinam\u00f4metro tem um custo elevado.<\/p>\n\n\n\n<p><strong>Gabarito: D.<\/strong><\/p>\n\n\n\n<p><strong>41) Sobre avalia\u00e7\u00e3o da for\u00e7a de preens\u00e3o manual, assinale\na alternativa incorreta. <\/strong><\/p>\n\n\n\n<p>a)\nHabitualmente, a avalia\u00e7\u00e3o da for\u00e7a de preens\u00e3o manual (FPM) \u00e9 utilizada como\npar\u00e2metro na pr\u00e1tica clinica, desempenhando um papel importante no controle de\nprocessos de reabilita\u00e7\u00e3o <\/p>\n\n\n\n<p>b) A FPM \u00e9\nentendida como indicador geral de alongamento e pot\u00eancia musculares, podendo\nser relacionada a taxas de mortalidade <\/p>\n\n\n\n<p>c) \u00c9 \u00fatil,\nainda, na \u00e1rea esportiva, na reabilita\u00e7\u00e3o ocupacional, em testes de admiss\u00e3o em\ndiversos tipos de trabalho e na ergonomia <\/p>\n\n\n\n<p>d) A avalia\u00e7\u00e3o\nda for\u00e7a de preens\u00e3o manual (FPM) do tipo palmar \u00e9 frequentemente utilizada,\nespecialmente, no \u00e2mbito fisioter\u00e1pico e desportivo <\/p>\n\n\n\n<p>e) Recomenda-se\nainda: padronizar o hor\u00e1rio de avalia\u00e7\u00e3o, avaliar ambas as m\u00e3os, realizar no\nm\u00ednimo tr\u00eas avalia\u00e7\u00f5es em cada m\u00e3o, adotar um posicionamento corporal padr\u00e3o,\nutilizar incentivo verbal e\/ou visual e corrigir a for\u00e7a pela massa corporal <\/p>\n\n\n\n<p><strong>Coment\u00e1rios: <\/strong>O enunciado\npediu a INCORRETA<strong>. <\/strong>Vejamos as\nassertivas:<\/p>\n\n\n\n<p>a)\nHabitualmente, a avalia\u00e7\u00e3o da for\u00e7a de preens\u00e3o manual (FPM) \u00e9 utilizada como\npar\u00e2metro na pr\u00e1tica cl\u00ednica, desempenhando um papel importante no controle de\nprocessos de reabilita\u00e7\u00e3o. Item correto.<\/p>\n\n\n\n<p>b) A FPM \u00e9\nentendida como indicador geral de <s>alongamento<\/s> e pot\u00eancia musculares,\npodendo ser relacionada a taxas de mortalidade. Item errado, indicador geral de\nfor\u00e7a e pot\u00eancia musculares. Resposta da quest\u00e3o.<\/p>\n\n\n\n<p>c) \u00c9 \u00fatil,\nainda, na \u00e1rea esportiva, na reabilita\u00e7\u00e3o ocupacional, em testes de admiss\u00e3o em\ndiversos tipos de trabalho e na ergonomia. Item correto.<\/p>\n\n\n\n<p>d) A avalia\u00e7\u00e3o\nda for\u00e7a de preens\u00e3o manual (FPM) do tipo palmar \u00e9 frequentemente utilizada,\nespecialmente, no \u00e2mbito fisioter\u00e1pico e desportivo. Item correto.<\/p>\n\n\n\n<p>e) Recomenda-se\nainda: padronizar o hor\u00e1rio de avalia\u00e7\u00e3o, avaliar ambas as m\u00e3os, realizar no\nm\u00ednimo tr\u00eas avalia\u00e7\u00f5es em cada m\u00e3o, adotar um posicionamento corporal padr\u00e3o,\nutilizar incentivo verbal e\/ou visual e corrigir a for\u00e7a pela massa corporal. Item\ncorreto. Padroniza\u00e7\u00e3o para n\u00e3o termos tantas interfer\u00eancias e ter uma avalia\u00e7\u00e3o\nmais fidedigna.<\/p>\n\n\n\n<p><strong>Gabarito: B.<\/strong><\/p>\n\n\n\n<p><strong>42) Dentre os recursos utilizados na fisioterapia para o\ntratamento da dor, destaca-se a crioterapia. Analise o texto a seguir e\nassinale a alternativa que preencha correta e respectivamente as lacunas.<\/strong>&nbsp; <\/p>\n\n\n\n<p>Estudos\ndemonstram que o mecanismo de a\u00e7\u00e3o analg\u00e9sico da crioterapia envolve _____ na\nvelocidade de condu\u00e7\u00e3o das fibras nervosas pela transmiss\u00e3o assincr\u00f4nica nas\nfibras da dor, libera\u00e7\u00e3o de endorfinas e _____ dos neur\u00f4nios espinhais, al\u00e9m de\num aumento no per\u00edodo refrat\u00e1rio, o que leva \u00e0 redu\u00e7\u00e3o gradativa na transmiss\u00e3o\nde impulsos nos nervos sensitivos <\/p>\n\n\n\n<p>a) a redu\u00e7\u00e3o \/\ninibi\u00e7\u00e3o <\/p>\n\n\n\n<p>b) o aumento \/\ninibi\u00e7\u00e3o <\/p>\n\n\n\n<p>c) a redu\u00e7\u00e3o \/\nestimula\u00e7\u00e3o <\/p>\n\n\n\n<p>d) o aumento \/\nestimula\u00e7\u00e3o <\/p>\n\n\n\n<p>e) a redu\u00e7\u00e3o \/\nacelera\u00e7\u00e3o<\/p>\n\n\n\n<p><strong>Coment\u00e1rios: <\/strong>Quest\u00e3o simples.\nEstudos demonstram que o mecanismo de a\u00e7\u00e3o analg\u00e9sico da crioterapia envolve REDU\u00c7\u00c3O\/DIMINUI\u00c7\u00c3O\nna velocidade de condu\u00e7\u00e3o das fibras nervosas pela transmiss\u00e3o assincr\u00f4nica nas\nfibras da dor, libera\u00e7\u00e3o de endorfinas e INIBI\u00c7\u00c3O dos neur\u00f4nios espinhais, al\u00e9m\nde um aumento no per\u00edodo refrat\u00e1rio, o que leva \u00e0 redu\u00e7\u00e3o gradativa na\ntransmiss\u00e3o de impulsos nos nervos sensitivos <\/p>\n\n\n\n<p><strong>Gabarito: A.<\/strong><\/p>\n\n\n\n<p><strong>43) Estimula\u00e7\u00e3o El\u00e9trica Nervosa Transcut\u00e2nea (TENS)\nconsiste em uma corrente el\u00e9trica terap\u00eautica utilizada como recurso\nfisioterap\u00eautico, analise as afirmativas abaixo e d\u00ea valores de Verdadeiro (V)\nou Falso (F). <\/strong><\/p>\n\n\n\n<p>(&nbsp; ) Induz analgesia, sendo introduzida no\ntecido corporal humano atrav\u00e9s da pele por meio de eletrodos.<\/p>\n\n\n\n<p>(&nbsp; ) Analgesia atrav\u00e9s do mecanismo do port\u00e3o,\nou Teoria das Comportas (TC), e atrav\u00e9s da libera\u00e7\u00e3o de anfetaminas end\u00f3genas. <\/p>\n\n\n\n<p>(&nbsp; ) A TENS pode ser classificada em quatro\nmodalidades: convencional, acupuntura, breveintensa e burst.&nbsp; <\/p>\n\n\n\n<p>(&nbsp; ) Na modalidade de TENS acupuntura,\nestimulam-se fibras de menor di\u00e2metro, modulando a dor em n\u00edvel supraespinhal\npela libera\u00e7\u00e3o de opioides e neuromediadores end\u00f3genos suprimindo a transmiss\u00e3o\ne percep\u00e7\u00e3o dos est\u00edmulos nocivos. <\/p>\n\n\n\n<p>Assinale a\nalternativa que apresenta a sequ\u00eancia correta de cima para baixo. <\/p>\n\n\n\n<p>a) V, F, V, V <\/p>\n\n\n\n<p>b) V, V, F, F <\/p>\n\n\n\n<p>c) F, F, V, V <\/p>\n\n\n\n<p>d) F, V, V, V e)\nV, V, V, V <\/p>\n\n\n\n<p><strong>Coment\u00e1rios: <\/strong>Vejamos:<\/p>\n\n\n\n<p>(<strong>V<\/strong>) Induz\nanalgesia, sendo introduzida no tecido corporal humano atrav\u00e9s da pele por meio\nde eletrodos. <\/p>\n\n\n\n<p>(<strong>F<\/strong>)\nAnalgesia atrav\u00e9s do mecanismo do port\u00e3o, ou Teoria das Comportas (TC), e\natrav\u00e9s da libera\u00e7\u00e3o de <s>anfetaminas end\u00f3genas (<\/s>OPIOIDES<s>)<\/s>. <\/p>\n\n\n\n<p>(<strong>V<\/strong>) A\nTENS pode ser classificada em quatro modalidades: convencional, acupuntura,\nbreve intensa e burst.&nbsp; <\/p>\n\n\n\n<p>(<strong>V<\/strong>) Na modalidade\nde TENS acupuntura, estimulam-se fibras de menor di\u00e2metro, modulando a dor em\nn\u00edvel supraespinhal pela libera\u00e7\u00e3o de opioides e neuromediadores end\u00f3genos\nsuprimindo a transmiss\u00e3o e percep\u00e7\u00e3o dos est\u00edmulos nocivos. <\/p>\n\n\n\n<p>&#8211; Est\u00edmulos de baixa frequ\u00eancia causam libera\u00e7\u00e3o de endorfinas que se ligam\naos respectivos receptores e inibem a nocicep\u00e7\u00e3o.<\/p>\n\n\n\n<p>&#8211; Est\u00edmulos de alta frequ\u00eancia estimulam as fibras grossas miel\u00ednicas\nA-beta fechando a comporta para a transmiss\u00e3o dos impulsos nociceptivos.<\/p>\n\n\n\n<p><strong>Gabarito: A.<\/strong><\/p>\n\n\n\n<p><strong>44) O ultrassom terap\u00eautico (UST) \u00e9 um dos recursos da\neletroterapia mais utilizados na pr\u00e1tica cl\u00ednica do fisioterapeuta, analise as\nafirmativas abaixo: <\/strong><\/p>\n\n\n\n<p>I. Usado com os\nobjetivos de diminuir a dor, atenuar os efeitos da infecc\u00e7\u00e3o e auxiliar na\nregenera\u00e7ao tecidual. <\/p>\n\n\n\n<p>II. \u00c9 definido\ncomo uma onda sonora inaud\u00edvel de alta frequ\u00eancia, com o potencial de provocar\nefeitos fisiol\u00f3gicos t\u00e9rmicos e n\u00e3o o t\u00e9rmicos nos tecidos, por meio de\npar\u00e2metros que variam entre 1 e 3 MHZ de frequ\u00eancia.&nbsp; <\/p>\n\n\n\n<p>III. O UST\npossui dois modos de aplica\u00e7\u00e3o, cont\u00ednuo ou intermitente (puls\u00e1til). A forma\ncont\u00ednua produz maior quantidade de calor decorrente da vibra\u00e7\u00e3o de part\u00edculas\ncelulares, que atrav\u00e9s do atrito entre si \u00e9 produzido o efeito t\u00e9rmico.&nbsp; <\/p>\n\n\n\n<p>IV. Um efeito\nt\u00e9rmico fisiol\u00f3gico pode ser alcan\u00e7ado promovendo al\u00edvio da dor, diminui\u00e7\u00e3o da\nrigidez articular e aumento do fluxo sangu\u00edneo local. <\/p>\n\n\n\n<p>&nbsp;Assinale a alternativa correta. <\/p>\n\n\n\n<p>a) As\nafirmativas I, II, III e IV est\u00e3o corretas <\/p>\n\n\n\n<p>b) Apenas as\nafirmativas I e IV est\u00e3o corretas <\/p>\n\n\n\n<p>c) Apenas as\nafirmativas I, II e III est\u00e3o corretas <\/p>\n\n\n\n<p>d) Apenas as\nafirmativa II, III e IV est\u00e3o corretas <\/p>\n\n\n\n<p>e) Apenas a\nafirmativa I est\u00e1 correta <\/p>\n\n\n\n<p><strong>Coment\u00e1rios: <\/strong>Sobre o\nUltrassom, vejamos:<\/p>\n\n\n\n<p>I. Usado com os\nobjetivos de diminuir a dor, <s>atenuar os efeitos da infec\u00e7\u00e3o<\/s> e auxiliar\nna regenera\u00e7\u00e3o tecidual. Item errado.<\/p>\n\n\n\n<p>II. \u00c9 definido\ncomo uma onda sonora inaud\u00edvel de alta frequ\u00eancia, com o potencial de provocar\nefeitos fisiol\u00f3gicos t\u00e9rmicos e n\u00e3o t\u00e9rmicos nos tecidos, por meio de\npar\u00e2metros que variam entre 1 e 3 MHZ de frequ\u00eancia. Item correto.<\/p>\n\n\n\n<p>III. O UST\npossui dois modos de aplica\u00e7\u00e3o, cont\u00ednuo ou intermitente (puls\u00e1til). A forma\ncont\u00ednua produz maior quantidade de calor decorrente da vibra\u00e7\u00e3o de part\u00edculas\ncelulares, que atrav\u00e9s do atrito entre si \u00e9 produzido o efeito t\u00e9rmico. Item\ncorreto.<\/p>\n\n\n\n<p>IV. Um efeito\nt\u00e9rmico fisiol\u00f3gico pode ser alcan\u00e7ado promovendo al\u00edvio da dor, diminui\u00e7\u00e3o da\nrigidez articular e aumento do fluxo sangu\u00edneo local. Item correto.<\/p>\n\n\n\n<p><strong>Gabarito: D.<\/strong><\/p>\n\n\n\n<p><strong>45) Os m\u00fasculos respirat\u00f3rios s\u00e3o respons\u00e1veis pelo\nadequado funcionamento do sistema respirat\u00f3rio. Analise as afirmativas abaixo e\nd\u00ea valores Verdadeiro (V) ou Falso (F). <\/strong><\/p>\n\n\n\n<p>(&nbsp; ) A mensura\u00e7\u00e3o da for\u00e7a muscular respirat\u00f3ria\npermite identificar precocemente quadros de fraqueza muscular respirat\u00f3ria e de\ninsufici\u00eancia respirat\u00f3ria, proporciona maior seguran\u00e7a no tratamento de\npacientes, indica a gravidade, as consequ\u00eancias funcionais e o progresso de\ndiversas disfun\u00e7\u00f5es pulmonares e neuromusculares. <\/p>\n\n\n\n<p>(&nbsp; ) Existem diversos procedimentos invasivos ou\nn\u00e3o para avaliar a for\u00e7a muscular respirat\u00f3ria.&nbsp;\n<\/p>\n\n\n\n<p>(&nbsp; ) As press\u00f5es inspirat\u00f3ria e expirat\u00f3ria\nm\u00e1ximas (PIm\u00e1x e PEm\u00e1x, respectivamente) constituem um m\u00e9todo de avalia\u00e7\u00e3o n\u00e3o\ninvasiva frequente e clinicamente \u00fatil. Trata-se da mensura\u00e7\u00e3o da press\u00e3o\nintrator\u00e1cica durante a realiza\u00e7\u00e3o de um esfor\u00e7o inspirat\u00f3rio ou expirat\u00f3rio\nm\u00e1ximo, contra a via a\u00e9rea oclu\u00edda.<\/p>\n\n\n\n<p>&nbsp;(&nbsp; ) A\nPIm\u00e1x avalia a for\u00e7a dos m\u00fasculos inspirat\u00f3rios, enquanto a PEm\u00e1x, a for\u00e7a dos\nm\u00fasculos expirat\u00f3rios. <\/p>\n\n\n\n<p>Assinale a\nalternativa que apresenta a sequ\u00eancia correta de cima para baixo. <\/p>\n\n\n\n<p>a) V, V, V,V<\/p>\n\n\n\n<p>b) F, F, F, F <\/p>\n\n\n\n<p>c) V, V, F, F <\/p>\n\n\n\n<p>d) F, F, V, V <\/p>\n\n\n\n<p>e) V, V, F, V <\/p>\n\n\n\n<p><strong>Coment\u00e1rios: <\/strong>Vejamos as assertivas:<\/p>\n\n\n\n<p>(<strong>V<\/strong>) A\nmensura\u00e7\u00e3o da for\u00e7a muscular respirat\u00f3ria permite identificar precocemente\nquadros de fraqueza muscular respirat\u00f3ria e de insufici\u00eancia respirat\u00f3ria,\nproporciona maior seguran\u00e7a no tratamento de pacientes, indica a gravidade, as\nconsequ\u00eancias funcionais e o progresso de diversas disfun\u00e7\u00f5es pulmonares e\nneuromusculares. <\/p>\n\n\n\n<p>(<strong>V<\/strong>)\nExistem diversos procedimentos invasivos ou n\u00e3o para avaliar a for\u00e7a muscular\nrespirat\u00f3ria.&nbsp; <\/p>\n\n\n\n<p>(<strong>F<\/strong>) As\npress\u00f5es inspirat\u00f3ria e expirat\u00f3ria m\u00e1ximas (PIm\u00e1x e PEm\u00e1x, respectivamente)\nconstituem um m\u00e9todo de avalia\u00e7\u00e3o n\u00e3o invasiva frequente e clinicamente \u00fatil.\nTrata-se da mensura\u00e7\u00e3o da press\u00e3o <s>intrator\u00e1cica<\/s> durante a realiza\u00e7\u00e3o de\num esfor\u00e7o inspirat\u00f3rio ou expirat\u00f3rio m\u00e1ximo, contra a via a\u00e9rea oclu\u00edda. Item\nfalso, intraoral.<\/p>\n\n\n\n<p>(<strong>V<\/strong>) A\nPIm\u00e1x avalia a for\u00e7a dos m\u00fasculos inspirat\u00f3rios, enquanto a PEm\u00e1x, a for\u00e7a dos\nm\u00fasculos expirat\u00f3rios. Item verdadeiro. Como a pr\u00f3pria sigla diz.<\/p>\n\n\n\n<p><strong>Gabarito: E.<\/strong><\/p>\n\n\n\n<p><strong>46) Altera\u00e7\u00f5es fisiol\u00f3gicas do envelhecimento, por vezes,\nagravadas pela presen\u00e7a de doen\u00e7as cr\u00f4nicas, resultam em condi\u00e7\u00f5es geri\u00e1tricas\nque surgem em idades avan\u00e7adas, e s\u00e3o pass\u00edveis de preven\u00e7\u00e3o e tratamento.&nbsp;&nbsp; <\/strong><\/p>\n\n\n\n<p>A(O) _____ \u00e9 um\nexemplo de resultado adverso geri\u00e1trico grave, pois aumenta substancialmente\nap\u00f3s a idade de 75-80 anos, identifica um subgrupo com _____ resist\u00eancia e\n_____ risco de depend\u00eancia, quedas e mortalidade. Esta condi\u00e7\u00e3o tem sido\nreconhecida como uma _____ geri\u00e1trica, por apresentar sintomas complexos,\npossuir alta preval\u00eancia em idosos, ser resultante de v\u00e1rias doen\u00e7as e\nm\u00faltiplos fatores de risco, representando, portanto, uma prioridade para a\nsa\u00fade p\u00fablica. Conceitualmente, a fragilidade f\u00edsica \u00e9 definida como uma\ns\u00edndrome m\u00e9dica com m\u00faltiplas causas caracterizada pela diminui\u00e7\u00e3o da for\u00e7a,\n_____ e redu\u00e7\u00e3o das fun\u00e7\u00f5es fisiol\u00f3gicas que aumentam a vulnerabilidade do\nindiv\u00edduo para o desenvolvimento e aumento da depend\u00eancia e\/ou morte, e\nassociada a desfechos como _____, depend\u00eancia, hospitaliza\u00e7\u00e3o,\ninstitucionaliza\u00e7\u00e3o, morte, risco de recupera\u00e7\u00e3o comprometida ap\u00f3s doen\u00e7a,\ncirurgia e pior resposta ao tratamento. <\/p>\n\n\n\n<p>a) desequil\u00edbrio\n\/ baixa \/ alto \/ doen\u00e7a \/ equil\u00edbrio \/ queda <\/p>\n\n\n\n<p>b) fragilidade \/\nalta \/ alto \/ s\u00edndrome \/ resist\u00eancia \/ fratura <\/p>\n\n\n\n<p>c) fragilidade \/\nbaixa \/ alto \/ s\u00edndrome \/ resist\u00eancia \/ queda <\/p>\n\n\n\n<p>d) desequil\u00edbrio\n\/ baixa \/ alto \/ s\u00edndrome \/ resist\u00eancia \/ fratura <\/p>\n\n\n\n<p>e) fragilidade \/\nalta \/ baixo \/ s\u00edndrome \/ resist\u00eancia \/ queda <\/p>\n\n\n\n<p><strong>Coment\u00e1rios: <\/strong>As respostas\nest\u00e3o no pr\u00f3prio texto. Sempre leiam todo o par\u00e1grafo e depois v\u00e3o encaixando\nas palavras. Vejamos:<\/p>\n\n\n\n<p>A(O) <strong>FRAGILIDADE<\/strong>\n\u00e9 um exemplo de resultado adverso geri\u00e1trico grave, pois aumenta\nsubstancialmente ap\u00f3s a idade de 75-80 anos, identifica um subgrupo com <strong>BAIXA<\/strong>\nresist\u00eancia e <strong>ALTO<\/strong> risco de depend\u00eancia, quedas e mortalidade. Esta\ncondi\u00e7\u00e3o tem sido reconhecida como uma <strong>S\u00cdNDROME<\/strong> geri\u00e1trica, por\napresentar sintomas complexos, possuir alta preval\u00eancia em idosos, ser\nresultante de v\u00e1rias doen\u00e7as e m\u00faltiplos fatores de risco, representando,\nportanto, uma prioridade para a sa\u00fade p\u00fablica. Conceitualmente, a fragilidade f\u00edsica \u00e9 definida como uma s\u00edndrome m\u00e9dica\ncom m\u00faltiplas causas caracterizada pela diminui\u00e7\u00e3o da for\u00e7a, <strong>RESIST\u00caNCIA<\/strong>\ne redu\u00e7\u00e3o das fun\u00e7\u00f5es fisiol\u00f3gicas que aumentam a vulnerabilidade do indiv\u00edduo\npara o desenvolvimento e aumento da depend\u00eancia e\/ou morte, e associada a\ndesfechos como <strong>QUEDA<\/strong>, depend\u00eancia, hospitaliza\u00e7\u00e3o, institucionaliza\u00e7\u00e3o,\nmorte, risco de recupera\u00e7\u00e3o comprometida ap\u00f3s doen\u00e7a, cirurgia e pior resposta\nao tratamento. <\/p>\n\n\n\n<p><strong>Gabarito: C.<\/strong><\/p>\n\n\n\n<p><strong>47) Sobre o uso da hidroterapia (HT) em \u00e1gua comum e da\ncrenoterapia (CT) \u00e1gua termal no al\u00edvio da dor, analise as afirmativas abaixo:<\/strong><\/p>\n\n\n\n<p>I. Os diferentes\nmodos de aplica\u00e7\u00e3o terap\u00eautica da \u00e1gua recebem os nomes de termalismo social,\nbalneoterapia (BT), talassoterapia, CT e HT. <\/p>\n\n\n\n<p>II. A designa\u00e7\u00e3o\nde BT\/CT refere-se ao uso terap\u00eautico das \u00e1guas minerais naturais cuja\ncomposi\u00e7\u00e3o qu\u00edmica pode ser classificada como sulfurada, radioativa,\nbicarbonatada, ferruginosa, entre outras, para preven\u00e7\u00e3o, tratamento e\nreabilita\u00e7\u00e3o de v\u00e1rias doen\u00e7as.<\/p>\n\n\n\n<p>III. Recurso\nimportante para a reabilita\u00e7\u00e3o de altera\u00e7\u00f5es funcionais, tendo como princ\u00edpio\nos efeitos f\u00edsicos, qu\u00edmicos, fisiol\u00f3gicos e cinesiol\u00f3gicos, obtidos pela\nimers\u00e3o do corpo em piscina geralmente aquecida.&nbsp; <\/p>\n\n\n\n<p>IV. Os\nexerc\u00edcios na \u00e1gua aquecida melhoram a movimenta\u00e7\u00e3o das articula\u00e7\u00f5es, o\nrelaxamento, a redu\u00e7\u00e3o da tens\u00e3o muscular, de espasmos musculares, o aumento da\nresist\u00eancia e for\u00e7a musculares, al\u00e9m de beneficiar o retorno venoso, melhorar a\ncircula\u00e7\u00e3o perif\u00e9rica e favorecer a diminui\u00e7\u00e3o da dor. <\/p>\n\n\n\n<p>Assinale a\nalternativa correta. <\/p>\n\n\n\n<p>a) As\nafirmativas I, II, III e IV est\u00e3o corretas <\/p>\n\n\n\n<p>b) Apenas a\nafirmativa I est\u00e1 correta <\/p>\n\n\n\n<p>c) Apenas as\nafirmativas I e II est\u00e3o corretas <\/p>\n\n\n\n<p>d) Apenas as\nafirmativas III e IV est\u00e3o corretas <\/p>\n\n\n\n<p>e) Apenas as\nafirmativas I e IV est\u00e3o corretas <\/p>\n\n\n\n<p><strong>Coment\u00e1rios: <\/strong>Vejamos:<\/p>\n\n\n\n<p>I. Os diferentes\nmodos de aplica\u00e7\u00e3o terap\u00eautica da \u00e1gua recebem os nomes de termalismo social,\nbalneoterapia (BT), talassoterapia, CT e HT. Item correto.<\/p>\n\n\n\n<p>II. A designa\u00e7\u00e3o\nde BT\/CT refere-se ao uso terap\u00eautico das \u00e1guas minerais naturais cuja\ncomposi\u00e7\u00e3o qu\u00edmica pode ser classificada como sulfurada, radioativa,\nbicarbonatada, ferruginosa, entre outras, para preven\u00e7\u00e3o, tratamento e\nreabilita\u00e7\u00e3o de v\u00e1rias doen\u00e7as. Item correto.<\/p>\n\n\n\n<p>III. Recurso\nimportante para a reabilita\u00e7\u00e3o de altera\u00e7\u00f5es funcionais, tendo como princ\u00edpio\nos efeitos f\u00edsicos, qu\u00edmicos, fisiol\u00f3gicos e cinesiol\u00f3gicos, obtidos pela\nimers\u00e3o do corpo em piscina geralmente aquecida. Perfeito.<\/p>\n\n\n\n<p>IV. Os\nexerc\u00edcios na \u00e1gua aquecida melhoram a movimenta\u00e7\u00e3o das articula\u00e7\u00f5es, o\nrelaxamento, a redu\u00e7\u00e3o da tens\u00e3o muscular, de espasmos musculares, o aumento da\nresist\u00eancia e for\u00e7a musculares, al\u00e9m de beneficiar o retorno venoso, melhorar a\ncircula\u00e7\u00e3o perif\u00e9rica e favorecer a diminui\u00e7\u00e3o da dor. Item correto.<\/p>\n\n\n\n<p><strong>Gabarito: A.<\/strong><\/p>\n\n\n\n<p><strong>&nbsp;48) Leia atentamente\ne assinale a alternativa que preencha correta e respectivamente as lacunas.<\/strong>&nbsp; <\/p>\n\n\n\n<p>Fibromialgia\n(FM) \u00e9 uma _____ dolorosa cr\u00f4nica de etiopatogenia _____ complexa, n\u00e3o\ntotalmente conhecida, que acomete preferencialmente _____, sendo caracterizada\npor dores musculoesquel\u00e9ticas espalhadas e s\u00edtios dolorosos espec\u00edficos \u00e0\npalpa\u00e7\u00e3o de tender points, associados frequentemente a dist\u00farbios do\n_____,fadiga, sintomas som\u00e1ticos e cognitivos e dist\u00farbios ps\u00edquicos. <\/p>\n\n\n\n<p>a) doen\u00e7a \/\nunifatorial \/ mulheres \/ complexo osteomuscular <\/p>\n\n\n\n<p>b) doen\u00e7a \/\nsemi-fatorial \/ mulheres \/ complexo muscular <\/p>\n\n\n\n<p>c) s\u00edndrome \/\nsingular \/ mulheres \/ sono <\/p>\n\n\n\n<p>d) s\u00edndrome \/\nmultifatorial \/ mulheres \/ sono <\/p>\n\n\n\n<p>e) s\u00edndrome \/\nmultifatorial \/ ambos os sexos \/ sono <\/p>\n\n\n\n<p><strong>Coment\u00e1rios: <\/strong>Fibromialgia (FM) \u00e9 uma <strong>S\u00cdNDROME<\/strong> dolorosa cr\u00f4nica de\netiopatogenia <strong>MULTIFATORIAL<\/strong> complexa, n\u00e3o totalmente conhecida, que\nacomete preferencialmente <strong>MULHERES<\/strong>, sendo caracterizada por dores musculoesquel\u00e9ticas\nespalhadas e s\u00edtios dolorosos espec\u00edficos \u00e0 palpa\u00e7\u00e3o de tender points,\nassociados frequentemente a dist\u00farbios do <strong>SONO<\/strong>,fadiga, sintomas\nsom\u00e1ticos e cognitivos e dist\u00farbios ps\u00edquicos. <\/p>\n\n\n\n<p><strong>Gabarito: D.<\/strong><\/p>\n\n\n\n<p><strong>49) O andar \u00e9 uma das principais habilidades do indiv\u00edduo.\nSobre esse tema, assinale a alternativa incorreta. <\/strong><\/p>\n\n\n\n<p>a) Cad\u00eancia \u00e9 o\nn\u00famero de passos por metros. O centro de gravidade \u00e9 o ponto de aplica\u00e7\u00e3o de\ntodas as for\u00e7as que agem sobre o corpo <\/p>\n\n\n\n<p>b) Um ciclo de\nmarcha corresponde ao per\u00edodo entre o toque de calcanhar de um p\u00e9 at\u00e9 o pr\u00f3ximo\ntoque de calcanhar do mesmo p\u00e9. Este tamb\u00e9m \u00e9 o conceito de passada <\/p>\n\n\n\n<p>c) Um passo \u00e9 o\nper\u00edodo entre o toque de calc\u00e2neo de um p\u00e9 e o pr\u00f3ximo toque de calc\u00e2neo do\noutro p\u00e9. Assim, uma passada cont\u00e9m dois passos <\/p>\n\n\n\n<p>d) O podograma\n(impress\u00e3o da planta dos p\u00e9s sobre uma esteira de papel) permite conhecer o\ncomprimento do passo, da passada, e o padrao de apoio sobre os p\u00e9s <\/p>\n\n\n\n<p>e) O uso de\neletrogoni\u00f4metros acoplados \u00e0s articula\u00e7\u00f5es d\u00e1 informa\u00e7\u00f5es sobre os \u00e2ngulos\ndestas durante o movimento <\/p>\n\n\n\n<p><strong>Coment\u00e1rios: <\/strong>Vejamos:<\/p>\n\n\n\n<p>a) Cad\u00eancia \u00e9 o\nn\u00famero de passos por metros. O centro de gravidade \u00e9 o ponto de aplica\u00e7\u00e3o de\ntodas as for\u00e7as que agem sobre o corpo. Item errado. A cad\u00eancia \u00e9 o n\u00famero de\npassos por minuto. Resposta da quest\u00e3o.<\/p>\n\n\n\n<p>b) Um ciclo de\nmarcha corresponde ao per\u00edodo entre o toque de calcanhar de um p\u00e9 at\u00e9 o pr\u00f3ximo\ntoque de calcanhar do mesmo p\u00e9. Este tamb\u00e9m \u00e9 o conceito de passada. Item\ncorreto.<\/p>\n\n\n\n<p>c) Um passo \u00e9 o\nper\u00edodo entre o toque de calc\u00e2neo de um p\u00e9 e o pr\u00f3ximo toque de calc\u00e2neo do\noutro p\u00e9. Assim, uma passada cont\u00e9m dois passos. Item correto. Passo: Dist\u00e2ncia\nentre os dois toques no solo, um de cada p\u00e9. Passada: Dist\u00e2ncia entre os dois\ntoques no solo do mesmo p\u00e9.<\/p>\n\n\n\n<p>d) O podograma\n(impress\u00e3o da planta dos p\u00e9s sobre uma esteira de papel) permite conhecer o\ncomprimento do passo, da passada<s>,<\/s> e o padr\u00e3o de apoio sobre os p\u00e9s. Item\ncorreto. Foi utilizado um artigo de 1996.<\/p>\n\n\n\n<p>e) O uso de\neletrogoni\u00f4metros acoplados \u00e0s articula\u00e7\u00f5es d\u00e1 informa\u00e7\u00f5es sobre os \u00e2ngulos\ndestas durante o movimento. Item correto. Foi utilizado um artigo de 1996 sobre\nas T\u00e9cnicas de an\u00e1lise de marcha (SAAD, BATTISTTELA, MAISERO; 1996).<\/p>\n\n\n\n<p><strong>Gabarito: A.<\/strong><\/p>\n\n\n\n<p><strong>50) Sobre os objetivos do uso das \u00f3rteses dentro do\ntratamento de reabilita\u00e7\u00e3o, analise as afirmativas abaixo e d\u00ea valores de\nVerdadeiro (V) ou Falso (F).&nbsp; <\/strong><\/p>\n\n\n\n<p>(&nbsp; ) Estabilizar e imobilizar, corrigir\ndeformidades, prevenir agravos, proteger estruturas e articula\u00e7\u00f5es, mobilizar e\nrestaurar fun\u00e7\u00e3o<\/p>\n\n\n\n<p>(&nbsp; ) Nos casos reumatol\u00f3gicos, as \u00f3rteses s\u00e3o\nusadas para tratamento da artrite reumatoide (AR), uma doen\u00e7a inflamat\u00f3ria,\ncr\u00f4nica e progressiva na membrana sinovial das articula\u00e7\u00f5es, causando\ndestrui\u00e7\u00e3o \u00f3ssea e cartilaginosa. <\/p>\n\n\n\n<p>(&nbsp; ) Nos casos de les\u00e3o por queimadura, utilizam-se\n\u00f3rteses com objetivo de posicionamento, preven\u00e7\u00e3o de deformidades e que\nfavore\u00e7am a manuten\u00e7\u00e3o de amplitude de movimento&nbsp; <\/p>\n\n\n\n<p>Assinale a\nalternativa que apresenta a sequ\u00eancia correta de cima para baixo. <\/p>\n\n\n\n<p>a) V, F, V&nbsp; <\/p>\n\n\n\n<p>b) V, V, F&nbsp; <\/p>\n\n\n\n<p>c) V, V, V <\/p>\n\n\n\n<p>d)&nbsp; F, V, F <\/p>\n\n\n\n<p>e)&nbsp; F, V, V <\/p>\n\n\n\n<p><strong>Coment\u00e1rios: <\/strong>Vejamos:<\/p>\n\n\n\n<p>(<strong>V<\/strong>)\nEstabilizar e imobilizar, corrigir deformidades, prevenir agravos, proteger\nestruturas e articula\u00e7\u00f5es, mobilizar e restaurar fun\u00e7\u00e3o<\/p>\n\n\n\n<p>(<strong>V<\/strong>) Nos\ncasos reumatol\u00f3gicos, as \u00f3rteses s\u00e3o usadas para tratamento da artrite\nreumatoide (AR), uma doen\u00e7a inflamat\u00f3ria, cr\u00f4nica e progressiva na membrana\nsinovial das articula\u00e7\u00f5es, causando destrui\u00e7\u00e3o \u00f3ssea e cartilaginosa. <\/p>\n\n\n\n<p>(<strong>V<\/strong>) Nos\ncasos de les\u00e3o por queimadura, utilizam-se \u00f3rteses com objetivo de\nposicionamento, preven\u00e7\u00e3o de deformidades e que favore\u00e7am a manuten\u00e7\u00e3o de\namplitude de movimento&nbsp; <\/p>\n\n\n\n<p><strong>Gabarito: C.<\/strong><\/p>\n\n\n\n<p><strong>51) Em rela\u00e7\u00e3o a Fisioterapia Vascular na Doen\u00e7a Venosa\nCr\u00f4nica (DVC), assinale a alternativa correta.<\/strong><\/p>\n\n\n\n<p>&nbsp;a) baseia-se nos fatos de essa terapia\nprevenir o agravamento, promover e reabilitar a sa\u00fade, auxiliando no tratamento\ndesta altera\u00e7\u00e3o vascular e melhorando o funcionamento e o condicionamento\ncirculat\u00f3rios, evitando, assim, a perda funcional do indiv\u00edduo e minimizando as\nconsequ\u00eancias cl\u00ednicas da doen\u00e7a <\/p>\n\n\n\n<p>b) Os exerc\u00edcios\nterap\u00eauticos s\u00e3o efetivos no tratamento da DVC. No \u00e2mbito dos exerc\u00edcios\nneuromusculares, o treinamento do m\u00fasculo quadr\u00edceps \u00e9 colocado em evid\u00eancia\ncomo uma atividade capaz de diminuir o refluxo sangu\u00edneo e aprimorar a\ncompet\u00eancia das veias, causando redu\u00e7\u00e3o dos desconfortos e malef\u00edcios\npromovidos por tal disfun\u00e7\u00e3o <\/p>\n\n\n\n<p>c) O programa\nterap\u00eautico da fisioterapia vascular para a DVC, conhecido como cinesioterapia\nvascular, deve constituir-se de tr\u00eas fases: aquecimento, treinamento e\nalongamento passivo e ativo-assistido. A primeira fase (aquecimento) tem como\nobjetivos aumentar o fluxo sangu\u00edneo muscular, o consumo de oxig\u00eanio basal e\nproporcionar efeitos psicol\u00f3gicos que se manifestam principalmente como\nsensa\u00e7\u00e3o de prepara\u00e7\u00e3o <\/p>\n\n\n\n<p>d) Para\nfinalizar o programa, torna-se necess\u00e1rio os alongamentos, para uma\ndesacelera\u00e7\u00e3o gradual na intensidade do exerc\u00edcio, resultando em diminui\u00e7\u00e3o dos\nest\u00edmulos nervosos simp\u00e1ticos e aumento dos parassimp\u00e1ticos, ocorrendo\nvasoconstric\u00e7\u00e3o perif\u00e9rica, em que se pode utilizar a Drenagem Linf\u00e1tica Manual\n(DLM) <\/p>\n\n\n\n<p>e) Os exerc\u00edcios\nterap\u00eauticos s\u00e3o efetivos no tratamento da DVC. No \u00e2mbito dos exerc\u00edcios\nneuromusculares, o treinamento do m\u00fasculo vasto medial \u00e9 colocado em evid\u00eancia\ncomo uma atividade capaz de diminuir o refluxo sangu\u00edneo e aprimorar a\ncompet\u00eancia das veias, causando redu\u00e7\u00e3o dos desconfortos e malef\u00edcios\npromovidos por tal disfun\u00e7\u00e3o<\/p>\n\n\n\n<p><strong>Coment\u00e1rios: <\/strong>Vejamos:<\/p>\n\n\n\n<p>a) baseia-se nos\nfatos de essa terapia prevenir o agravamento, promover e reabilitar a sa\u00fade,\nauxiliando no tratamento desta altera\u00e7\u00e3o vascular e melhorando o funcionamento\ne o condicionamento circulat\u00f3rios, evitando, assim, a perda funcional do\nindiv\u00edduo e minimizando as consequ\u00eancias cl\u00ednicas da doen\u00e7a. Item correto.<\/p>\n\n\n\n<p>b) Os exerc\u00edcios\nterap\u00eauticos s\u00e3o efetivos no tratamento da DVC. No \u00e2mbito dos exerc\u00edcios\nneuromusculares, o treinamento do <s>m\u00fasculo quadr\u00edceps<\/s> \u00e9 colocado em\nevid\u00eancia como uma atividade capaz de diminuir o refluxo sangu\u00edneo e aprimorar\na compet\u00eancia das veias, causando redu\u00e7\u00e3o dos desconfortos e malef\u00edcios\npromovidos por tal disfun\u00e7\u00e3o. Item errado, m\u00fasculo gastrocn\u00eamio e s\u00f3leo.<\/p>\n\n\n\n<p>c) O programa\nterap\u00eautico da fisioterapia vascular para a DVC, conhecido como cinesioterapia\nvascular, deve constituir-se de tr\u00eas fases: aquecimento, treinamento e <s>alongamento\npassivo e ativo-assistido<\/s>. A primeira fase (aquecimento) tem como objetivos\naumentar o fluxo sangu\u00edneo muscular, o consumo de oxig\u00eanio basal e proporcionar\nefeitos psicol\u00f3gicos que se manifestam principalmente como sensa\u00e7\u00e3o de\nprepara\u00e7\u00e3o. Item errado. O aquecimento tamb\u00e9m tem o objetivo de reduzir o risco\nde les\u00f5es. As 3 fases: aquecimento, treinamento e relaxamento <\/p>\n\n\n\n<p>d) Para\nfinalizar o programa, torna-se necess\u00e1rio os <s>alongamentos<\/s>, para uma\ndesacelera\u00e7\u00e3o gradual na intensidade do exerc\u00edcio, resultando em diminui\u00e7\u00e3o dos\nest\u00edmulos nervosos simp\u00e1ticos e aumento dos parassimp\u00e1ticos, ocorrendo\nvasoconstric\u00e7\u00e3o perif\u00e9rica, em que se pode utilizar a Drenagem Linf\u00e1tica Manual\n(DLM). Item errado. Relaxamento.<\/p>\n\n\n\n<p>e) Os exerc\u00edcios\nterap\u00eauticos s\u00e3o efetivos no tratamento da DVC. No \u00e2mbito dos exerc\u00edcios\nneuromusculares, o treinamento do m\u00fasculo <s>vasto medial<\/s> \u00e9 colocado em\nevid\u00eancia como uma atividade capaz de diminuir o refluxo sangu\u00edneo e aprimorar\na compet\u00eancia das veias, causando redu\u00e7\u00e3o dos desconfortos e malef\u00edcios\npromovidos por tal disfun\u00e7\u00e3o. Item errado, como vimos.<\/p>\n\n\n\n<p><strong>Gabarito: A.<\/strong><\/p>\n\n\n\n<p><strong>52) Sobre o linfedema, analise as afirmativas abaixo: <\/strong><\/p>\n\n\n\n<p>I. Existem tr\u00eas\nfases do linfedema: fase I: apresenta-se com sulcos e \u00e9 considerada revers\u00edvel.\n\u00c0 medida que o edema progride, torna-se forte, fibr\u00f3tico, sem sulcos e\nirrevers\u00edvel (fase II). Na fase III, o endurecimento cartilaginoso ocorre, com\nconsequ\u00eancias papilomatosas e com a hiperqueratose da pele. <\/p>\n\n\n\n<p>II. A\nfisioterapia atua sobre os trajetos dos vasos linf\u00e1ticos, promovendo a\nreabsor\u00e7\u00e3o e a condu\u00e7\u00e3o do ac\u00famulo de l\u00edquido da \u00e1rea edemaciada, para as \u00e1reas\nnormais, e incentivando o desenvolvimento das vias colaterais de drenagem, a\nfim de controlar a expans\u00e3o a longo prazo. <\/p>\n\n\n\n<p>III. As op\u00e7\u00f5es\nde tratamento mais citadas s\u00e3o: fisioterapia complexa descongestiva; compress\u00e3o\npneum\u00e1tica intermitente; drenagem linf\u00e1tica manual; vestu\u00e1rio de compress\u00e3o;\nbandagens e tratamento a laser. <\/p>\n\n\n\n<p>Assinale a\nalternativa correta. <\/p>\n\n\n\n<p>a) As\nafirmativas I, II e III est\u00e3o corretas <\/p>\n\n\n\n<p>b) Apenas as\nafirmativas I e III est\u00e3o corretas <\/p>\n\n\n\n<p>c) Apenas a\nafirmativa II est\u00e1 correta <\/p>\n\n\n\n<p>d) Apenas as\nafirmativas II e III est\u00e3o corretas <\/p>\n\n\n\n<p>e) Apenas a\nafirmativa III est\u00e1 correta <\/p>\n\n\n\n<p><strong>Coment\u00e1rios: <\/strong>Vejamos:<\/p>\n\n\n\n<p>I. Existem tr\u00eas\nfases do linfedema: fase I: apresenta-se com sulcos e \u00e9 considerada revers\u00edvel.\n\u00c0 medida que o edema progride, torna-se forte, fibr\u00f3tico, sem sulcos e\nirrevers\u00edvel (fase II). Na fase III, o endurecimento cartilaginoso ocorre, com\nconsequ\u00eancias papilomatosas e com a hiperqueratose da pele. Item correto.<\/p>\n\n\n\n<p>II. A\nfisioterapia atua sobre os trajetos dos vasos linf\u00e1ticos, promovendo a\nreabsor\u00e7\u00e3o e a condu\u00e7\u00e3o do ac\u00famulo de l\u00edquido da \u00e1rea edemaciada, para as \u00e1reas\nnormais, e incentivando o desenvolvimento das vias colaterais de drenagem, a\nfim de controlar a expans\u00e3o a longo prazo. Item correto.<\/p>\n\n\n\n<p>III. As op\u00e7\u00f5es\nde tratamento mais citadas s\u00e3o: fisioterapia complexa descongestiva; compress\u00e3o\npneum\u00e1tica intermitente; drenagem linf\u00e1tica manual; vestu\u00e1rio de compress\u00e3o;\nbandagens e tratamento a laser. . Item correto.<\/p>\n\n\n\n<p><strong>Gabarito: A.<\/strong><\/p>\n\n\n\n<p><strong>53) Leia os textos abaixo e assinale a alternativa que\npreencha correta e respectivamente as lacunas.<\/strong> <\/p>\n\n\n\n<p>_____ tem como\nobjetivo criar diferenciais de press\u00e3o para promover o deslocamento da linfa e\ndo fluido intersticial, visando \u00e0 sua recoloca\u00e7\u00e3o na corrente sangu\u00ednea,\nreabsorvendo os edemas e tratando diferentes patologias. Isso se consegue por\nmeio de movimentos suaves em c\u00edrculos com as m\u00e3os aplicadas sobre a \u00e1rea a ser\ntratada, de forma r\u00edtmica e lenta. Ap\u00f3s a _____, utiliza-se a compress\u00e3o\nel\u00e1stica. A elastocompress\u00e3o ______ o volume do sistema venoso superficial e o\ndi\u00e2metro da veia dilatada, restaurando temporariamente a compet\u00eancia _____,\nimpedindo o refluxo venoso por _____. A compress\u00e3o aumenta a contra\u00e7\u00e3o dos\nm\u00fasculos da panturrilha, esvaziando as veias profundas, desde que o fluxo\narterial se mantenha inalterado. Os efeitos da compress\u00e3o na microcircula\u00e7\u00e3o\nincluem a acelera\u00e7\u00e3o do fluxo sangu\u00edneo nos capilares, redu\u00e7\u00e3o da filtragem\ncapilar e aumento da reabsor\u00e7\u00e3o pelo aumento da press\u00e3o do tecido, melhorando a\ndrenagem linf\u00e1tica local e os efeitos dos mediadores envolvidos na resposta\ninflamat\u00f3ria local <\/p>\n\n\n\n<p>&nbsp;a) A manobra de desobstru\u00e7\u00e3o \/ manobra de\ndesobstru\u00e7\u00e3o \/ aumenta \/ valvas \/ via das perfurantes incompetentes <\/p>\n\n\n\n<p>b) A manobra de\ndesobstru\u00e7\u00e3o \/ manobra de desobstru\u00e7\u00e3o \/ diminui \/ valvas \/ via das perfurantes\nincompetentes <\/p>\n\n\n\n<p>c) A drenagem\nlinf\u00e1tica manual \/ drenagem linf\u00e1tica manual \/ aumenta \/ valvular \/ via das\nperfurantes incompetentes <\/p>\n\n\n\n<p>d) A drenagem\nlinf\u00e1tica manual \/ drenagem linf\u00e1tica manual \/ diminui \/ valvular \/ via das\nperfurantes incompetentes<\/p>\n\n\n\n<p>e) A drenagem\nlinf\u00e1tica manual \/ drenagem linf\u00e1tica manual \/ diminui \/ valvular \/ via das\nperfurantes competentes <\/p>\n\n\n\n<p><strong>Coment\u00e1rios: Drenagem Linf\u00e1tica Manual<\/strong> tem\ncomo objetivo criar diferenciais de press\u00e3o para promover o deslocamento da\nlinfa e do fluido intersticial, visando \u00e0 sua recoloca\u00e7\u00e3o na corrente\nsangu\u00ednea, reabsorvendo os edemas e tratando diferentes patologias. Isso se\nconsegue por meio de movimentos suaves em c\u00edrculos com as m\u00e3os aplicadas sobre\na \u00e1rea a ser tratada, de forma r\u00edtmica e lenta.\nAp\u00f3s a <strong>DLM<\/strong>, utiliza-se a compress\u00e3o el\u00e1stica. A elastocompress\u00e3o <strong>DIMINUI<\/strong>\no volume do sistema venoso superficial e o di\u00e2metro da veia dilatada, restaurando\ntemporariamente a compet\u00eancia <strong>valvular<\/strong>, impedindo o refluxo\nvenoso por <strong>via das perfurantes INCOMPETENTES<\/strong>. A compress\u00e3o\naumenta a contra\u00e7\u00e3o dos m\u00fasculos da panturrilha, esvaziando as veias profundas,\ndesde que o fluxo arterial se mantenha inalterado. Os efeitos da compress\u00e3o na\nmicrocircula\u00e7\u00e3o incluem a acelera\u00e7\u00e3o do fluxo sangu\u00edneo nos capilares, redu\u00e7\u00e3o\nda filtragem capilar e aumento da reabsor\u00e7\u00e3o pelo aumento da press\u00e3o do tecido,\nmelhorando a drenagem linf\u00e1tica local e os efeitos dos mediadores envolvidos na\nresposta inflamat\u00f3ria local<strong><\/strong><\/p>\n\n\n\n<p><strong>Gabarito: D.<\/strong><\/p>\n\n\n\n<p><strong>54) As Disfun\u00e7\u00f5es Temporomandibulares (DTM) s\u00e3o doen\u00e7as\nque consistem em uma s\u00e9rie de sinais e sintomas cl\u00ednicos, que envolve a ATM\ne\/ou a musculatura mastigat\u00f3ria. Analise as afirmativas abaixo: <\/strong><\/p>\n\n\n\n<p>I. Mais\nfrequentes em homens, relacionados com oclus\u00e3o dental e estresse emocional,\nsendo que s\u00e3o considerados sinais a abertura bucal limitada, ru\u00eddos articulares\ne desvio da mand\u00edbula para um dos lados durante a abertura e fechamento,\nespasmo muscular, dor reflexa, dificuldade de movimenta\u00e7\u00e3o articular,\ncrepita\u00e7\u00e3o, cefaleia e dist\u00farbios auditivos. <\/p>\n\n\n\n<p>II. Entre os\ndiversos tratamentos incluem termoterapia, eletroterapia, ultrassom,\niontoforese, alguns agentes antial\u00e9rgicos.&nbsp;\n<\/p>\n\n\n\n<p>III. O laser de\nbaixa pot\u00eancia, est\u00e1 indicado quando h\u00e1 presen\u00e7a de dor, restri\u00e7\u00f5es de\nmovimentos mandibulares, inflama\u00e7\u00e3o do tecido e instabilidade articular. <\/p>\n\n\n\n<p>IV. A terapia\ncom laser de baixa intensidade influ\u00eancia mudan\u00e7as de car\u00e1ter metab\u00f3lico,\nenerg\u00e9tico e funcional, uma vez que favorece o aumento da resist\u00eancia e\nvitalidade celular, levando-as a sua normalidade funcional com rapidez. <\/p>\n\n\n\n<p>Assinale a\nalternativa correta: <\/p>\n\n\n\n<p>a) Apenas as\nafirmativas I e II est\u00e3o corretas <\/p>\n\n\n\n<p>b) Apenas as\nafirmativas I e IV est\u00e3o corretas <\/p>\n\n\n\n<p>c) Apenas as\nafirmativas III e IV est\u00e3o corretas <\/p>\n\n\n\n<p>d) Apenas a\nafirmativa I est\u00e1 correta <\/p>\n\n\n\n<p>e) Apenas a\nafirmativa II est\u00e1 correta <\/p>\n\n\n\n<p><strong>Coment\u00e1rios: <\/strong>Vejamos:<\/p>\n\n\n\n<p>I. Mais\nfrequentes em homens, relacionados com oclus\u00e3o dental e estresse emocional,\nsendo que s\u00e3o considerados sinais a abertura bucal limitada, ru\u00eddos articulares\ne desvio da mand\u00edbula para um dos lados durante a abertura e fechamento,\nespasmo muscular, dor reflexa, dificuldade de movimenta\u00e7\u00e3o articular,\ncrepita\u00e7\u00e3o, cefaleia e dist\u00farbios auditivos. Item errado. Mais frequentes em mulheres.<\/p>\n\n\n\n<p>II. Entre os\ndiversos tratamentos incluem termoterapia, eletroterapia, ultrassom,\niontoforese, alguns agentes <s>antial\u00e9rgicos<\/s>. Item errado.<\/p>\n\n\n\n<p>III. O laser de\nbaixa pot\u00eancia, est\u00e1 indicado quando h\u00e1 presen\u00e7a de dor, restri\u00e7\u00f5es de\nmovimentos mandibulares, inflama\u00e7\u00e3o do tecido e instabilidade articular. Item\ncorreto.<\/p>\n\n\n\n<p>IV. A terapia\ncom laser de baixa intensidade influ\u00eancia mudan\u00e7as de car\u00e1ter metab\u00f3lico,\nenerg\u00e9tico e funcional, uma vez que favorece o aumento da resist\u00eancia e\nvitalidade celular, levando-as a sua normalidade funcional com rapidez. Item\ncorreto. \u00c9 o recurso mais utilizado nas DTMs.<\/p>\n\n\n\n<p><strong>Gabarito: &nbsp;C.<\/strong><\/p>\n\n\n\n<p><strong>55) Sobre fisioterapia aplicada a gestante e ao parto,\nassinale a alternativa incorreta. <\/strong><\/p>\n\n\n\n<p>a) Os programas\nmultidisciplinares de prepara\u00e7\u00e3o para o parto v\u00eam sendo desenvolvidos a fim de\nproporcionar \u00e0 parturiente o equil\u00edbrio f\u00edsico e ps\u00edquico, e a sensa\u00e7\u00e3o de\nbem-estar. Esses programas t\u00eam como benef\u00edcios a diminui\u00e7\u00e3o dos sintomas de\ndesconforto e dor do parto, controle da ansiedade, diminui\u00e7\u00e3o do tempo de trabalho\nde parto e do \u00edndice de indica\u00e7\u00e3o para parto ces\u00e1rea <\/p>\n\n\n\n<p>b) Dentre os\nmembros da equipe multidisciplinar, encontra-se o fisioterapeuta, que tem como\nfun\u00e7\u00e3o avaliar e monitorar as altera\u00e7\u00f5es f\u00edsicas enfocando a manuten\u00e7\u00e3o do\nbem-estar da parturiente e do beb\u00ea, tanto na primeira quanto na segunda fase do\ntrabalho de parto <\/p>\n\n\n\n<p>c) No desempenho\ndos cuidados com as parturientes, \u00e9 recomendada a ado\u00e7\u00e3o de tecnologias n\u00e3o\nfarmacol\u00f3gicas e n\u00e3o invasivas para o al\u00edvio da dor, dentre elas podemos citar\na eletroestimula\u00e7\u00e3o com corrente russa, a hidroterapia, a cinesioterapia, a\ncrioterapia, a massoterapia, as t\u00e9cnicas respirat\u00f3rias e de relaxamento <\/p>\n\n\n\n<p>d) A\nmassoterapia \u00e9 geralmente realizada com t\u00e9cnicas de deslizamentos superficiais\ne suaves, com cremes ou \u00f3leos, com a gestante posicionada sentada ou deitada em\ndec\u00fabito lateral esquerdo <\/p>\n\n\n\n<p>e) O uso de\nm\u00e9todos n\u00e3o farmacol\u00f3gicos no al\u00edvio da dor durante o trabalho de parto tem a\nvantagem de reduzir e\/ou postergar o uso de f\u00e1rmacos no controle da dor,\nproporcionando condi\u00e7\u00f5es para a colabora\u00e7\u00e3o ativa da mulher e permitindo maior\nparticipa\u00e7\u00e3o do acompanhante <\/p>\n\n\n\n<p><strong>Coment\u00e1rios: <\/strong>Vejamos:<\/p>\n\n\n\n<p>a) Os programas\nmultidisciplinares de prepara\u00e7\u00e3o para o parto v\u00eam sendo desenvolvidos a fim de\nproporcionar \u00e0 parturiente o equil\u00edbrio f\u00edsico e ps\u00edquico, e a sensa\u00e7\u00e3o de\nbem-estar. Esses programas t\u00eam como benef\u00edcios a diminui\u00e7\u00e3o dos sintomas de\ndesconforto e dor do parto, controle da ansiedade, diminui\u00e7\u00e3o do tempo de trabalho\nde parto e do \u00edndice de indica\u00e7\u00e3o para parto ces\u00e1rea. Item correto.<\/p>\n\n\n\n<p>b) Dentre os\nmembros da equipe multidisciplinar, encontra-se o fisioterapeuta, que tem como\nfun\u00e7\u00e3o avaliar e monitorar as altera\u00e7\u00f5es f\u00edsicas enfocando a manuten\u00e7\u00e3o do\nbem-estar da parturiente e do beb\u00ea, tanto na primeira quanto na segunda fase do\ntrabalho de parto. Item correto.<\/p>\n\n\n\n<p>c) No desempenho\ndos cuidados com as parturientes, \u00e9 recomendada a ado\u00e7\u00e3o de tecnologias n\u00e3o\nfarmacol\u00f3gicas e n\u00e3o invasivas para o al\u00edvio da dor, dentre elas podemos citar\na eletroestimula\u00e7\u00e3o com <s>corrente russa<\/s>, a hidroterapia, a\ncinesioterapia, a crioterapia, a massoterapia, as t\u00e9cnicas respirat\u00f3rias e de\nrelaxamento. Item errado. N\u00e3o \u00e9 indicado a corrente russa. Resposta da quest\u00e3o.<\/p>\n\n\n\n<p>d) A\nmassoterapia \u00e9 geralmente realizada com t\u00e9cnicas de deslizamentos superficiais\ne suaves, com cremes ou \u00f3leos, com a gestante posicionada sentada ou deitada em\ndec\u00fabito lateral esquerdo. Item correto.<\/p>\n\n\n\n<p>e) O uso de\nm\u00e9todos n\u00e3o farmacol\u00f3gicos no al\u00edvio da dor durante o trabalho de parto tem a\nvantagem de reduzir e\/ou postergar o uso de f\u00e1rmacos no controle da dor,\nproporcionando condi\u00e7\u00f5es para a colabora\u00e7\u00e3o ativa da mulher e permitindo maior\nparticipa\u00e7\u00e3o do acompanhante. Item correto.<\/p>\n\n\n\n<p><strong>Gabarito: C.<\/strong><\/p>\n\n\n\n<p><strong>56) A Sociedade Internacional de Contin\u00eancia estabelece\nque Incontin\u00eancia Urin\u00e1ria (IU) \u00e9 &#8220;a perda involunt\u00e1ria de urina, que\ndetermina desconforto social e higi\u00eanico. Analise as afirmativas abaixo e d\u00ea\nvalores Verdadeiro (V) ou Falso (F). <\/strong><\/p>\n\n\n\n<p>(&nbsp; ) A IU \u00e9 um sintoma comum que afeta mulheres\nde todas as idades, podendo interferir seriamente no bem-estar f\u00edsico,\npsicol\u00f3gico e social dos indiv\u00edduos afetados.&nbsp;\n<\/p>\n\n\n\n<p>(&nbsp; ) \u00c9 classificada em:&nbsp; IU de esfor\u00e7o, caracterizada por perda ao\nesfor\u00e7o f\u00edsico, sem que haja contra\u00e7\u00e3o do m\u00fasculo detrusor da bexiga e IU por\nurg\u00eancia , quando as portadoras sentem um desejo repentino e forte de urinar,\npor\u00e9m n\u00e3o s\u00e3o capazes de controlar o mecanismo de mic\u00e7\u00e3o.&nbsp; <\/p>\n\n\n\n<p>(&nbsp; ) Dentre as modalidades de tratamento\nconservador, h\u00e1 o medicamentoso e o fisioterap\u00eautico. Os recursos utilizados na\nFisioterapia incluem exerc\u00edcios para os m\u00fasculos da cintura escapular e a\neletroestimula\u00e7\u00e3o endovaginal. Assinale a alternativa que apresenta a sequ\u00eancia\ncorreta de cima para baixo. <\/p>\n\n\n\n<p>a) V, V, V&nbsp; <\/p>\n\n\n\n<p>b) F, V, F&nbsp; <\/p>\n\n\n\n<p>c)&nbsp; V, F, V&nbsp;&nbsp;&nbsp; <\/p>\n\n\n\n<p>d)&nbsp; V, F, F <\/p>\n\n\n\n<p>e)&nbsp; V, V, F <\/p>\n\n\n\n<p><strong>Coment\u00e1rios: <\/strong>Vejamos:<\/p>\n\n\n\n<p>(<strong>V<\/strong>) A IU\n\u00e9 um sintoma comum que afeta mulheres de todas as idades, podendo interferir\nseriamente no bem-estar f\u00edsico, psicol\u00f3gico e social dos indiv\u00edduos\nafetados.&nbsp; <\/p>\n\n\n\n<p>(<strong>V<\/strong>) \u00c9\nclassificada em:&nbsp; IU de esfor\u00e7o,\ncaracterizada por perda ao esfor\u00e7o f\u00edsico, sem que haja contra\u00e7\u00e3o do m\u00fasculo\ndetrusor da bexiga e IU por urg\u00eancia , quando as portadoras sentem um desejo\nrepentino e forte de urinar, por\u00e9m n\u00e3o s\u00e3o capazes de controlar o mecanismo de\nmic\u00e7\u00e3o.&nbsp; <\/p>\n\n\n\n<p>(<strong>F<\/strong>)\nDentre as modalidades de tratamento conservador, h\u00e1 o medicamentoso e o\nfisioterap\u00eautico. Os recursos utilizados na Fisioterapia incluem exerc\u00edcios\npara os m\u00fasculos <s>da cintura escapular<\/s> (assoalho p\u00e9lvico) e a\neletroestimula\u00e7\u00e3o endovaginal. <\/p>\n\n\n\n<p><strong>Gabarito: &nbsp;E.<\/strong><\/p>\n\n\n\n<p><strong>57) Dor no joelho \u00e9 uma condi\u00e7\u00e3o comum na cl\u00ednica di\u00e1ria\ne a patologia anserina, tamb\u00e9m conhecida como pata de ganso, tem sido\nconsiderada uma das principais causas. <\/strong><\/p>\n\n\n\n<p>A _____\ncombinada dos tend\u00f5es dos m\u00fasculos _____, gr\u00e1cil e semitendinoso, a cerca de 5\ncm distalmente da por\u00e7\u00e3o medial da articula\u00e7\u00e3o do joelho, forma uma estrutura\nque se assemelha \u00e0 membrana natat\u00f3ria do ganso, raz\u00e3o pela qual os anatomistas\na denominaram de &#8220;pata de ganso&#8221;, ou, do latim, pes anserinus. S\u00e3o\nm\u00fasculos primariamente _____ do joelho e t\u00eam uma influ\u00eancia secund\u00e1ria na\nrota\u00e7\u00e3o _____ da t\u00edbia, protegendo o joelho contra rota\u00e7\u00e3o e tamb\u00e9m contra um\nestresse valgo. A bursa anserina, tamb\u00e9m chamada de bursa intertendinosa, \u00e9 uma\ndas 13 bursas ao redor do joelho e est\u00e1 localizada logo abaixo do pes\nanserinus. Ela geralmente n\u00e3o se comunica com a articula\u00e7\u00e3o do joelho.&nbsp;&nbsp; <\/p>\n\n\n\n<p>Assinale a\nalternativa que preencha correta e respectivamente as lacunas. <\/p>\n\n\n\n<p>a) origem \/\nadutor magno \/ extensores \/ interna <\/p>\n\n\n\n<p>b) origem \/\nadutor magno \/ flexores \/ externa <\/p>\n\n\n\n<p>c) inser\u00e7\u00e3o \/\nsartorio \/ flexores \/ interna<\/p>\n\n\n\n<p>d) inser\u00e7\u00e3o \/\nsart\u00f3rio \/ extensores \/ externa <\/p>\n\n\n\n<p>e) origem \/\nabdutor \/ extensores \/ interna <\/p>\n\n\n\n<p><strong>Coment\u00e1rios: <\/strong>Vejamos:<\/p>\n\n\n\n<p>A <strong>INSER\u00c7\u00c3O<\/strong>\n(DISTAL &#8211; JOELHO) combinada dos tend\u00f5es dos m\u00fasculos <strong>SART\u00d3RIO<\/strong>,\ngr\u00e1cil e semitendinoso, a cerca de 5 cm distalmente da por\u00e7\u00e3o medial da\narticula\u00e7\u00e3o do joelho, forma uma estrutura que se assemelha \u00e0 membrana\nnatat\u00f3ria do ganso, raz\u00e3o pela qual os anatomistas a denominaram de &#8220;pata\nde ganso&#8221;, ou, do latim, pes anserinus. S\u00e3o m\u00fasculos primariamente <strong>FLEXORES<\/strong>\ndo joelho e t\u00eam uma influ\u00eancia secund\u00e1ria na rota\u00e7\u00e3o <strong>INTERNA<\/strong> da\nt\u00edbia, protegendo o joelho contra rota\u00e7\u00e3o e tamb\u00e9m contra um estresse valgo. A\nbursa anserina, tamb\u00e9m chamada de bursa intertendinosa, \u00e9 uma das 13 bursas ao\nredor do joelho e est\u00e1 localizada logo abaixo do pes anserinus. Ela geralmente\nn\u00e3o se comunica com a articula\u00e7\u00e3o do joelho.&nbsp;&nbsp;\n<\/p>\n\n\n\n\n\n<p><strong>Gabarito: C.<\/strong><\/p>\n\n\n\n<p><strong>58) Sobre h\u00e1lux valgo, analise as afirmativas abaixo e d\u00ea\nvalores de Verdadeiro (V) ou Falso (F). <\/strong><\/p>\n\n\n\n<p>(&nbsp; ) \u00c9 a principal patologia do antep\u00e9,\nacometendo a primeira articula\u00e7\u00e3o metatarsofalangeana. <\/p>\n\n\n\n<p>&nbsp;(&nbsp; ) \u00c9\ndefinida como desvio lateral do h\u00e1lux associado ao varismo do primeiro\nmetatarso, produzindo uma sali\u00eancia \u00f3ssea medial ao n\u00edvel da primeira\narticula\u00e7\u00e3o metatarsofalangeana. <\/p>\n\n\n\n<p>(&nbsp; ) Em idosos, o h\u00e1lux valgo foi relacionado\ncom preju\u00edzos na marcha, estabilidade postural e risco de quedas. <\/p>\n\n\n\n<p>Assinale a alternativa\nque apresenta a sequ\u00eancia correta de cima para baixo. <\/p>\n\n\n\n<p>a) V, F, V&nbsp; <\/p>\n\n\n\n<p>b) F, V, F&nbsp; <\/p>\n\n\n\n<p>c)&nbsp; F, F, F <\/p>\n\n\n\n<p>d)&nbsp; V, V, V<\/p>\n\n\n\n<p>e)&nbsp; F, V, V <\/p>\n\n\n\n<p><strong>Coment\u00e1rios: <\/strong>Vejamos:<\/p>\n\n\n\n<p>(<strong>V<\/strong>) \u00c9 a principal patologia\ndo antep\u00e9, acometendo a primeira articula\u00e7\u00e3o metatarsofalangeana. <\/p>\n\n\n\n<p>(<strong>V<\/strong>) \u00c9 definida como desvio\nlateral do h\u00e1lux associado ao varismo do primeiro metatarso, produzindo uma\nsali\u00eancia \u00f3ssea medial ao n\u00edvel da primeira articula\u00e7\u00e3o metatarsofalangeana. <\/p>\n\n\n\n<p>(<strong>V<\/strong>) Em idosos, o h\u00e1lux valgo\nfoi relacionado com preju\u00edzos na marcha, estabilidade postural e risco de\nquedas. <\/p>\n\n\n\n<p><strong>Gabarito: D.<\/strong><\/p>\n\n\n\n<p><strong>59) Segundo a resolu\u00e7\u00e3o n\u00ba 424, de 08 de Julho de\n2013&nbsp; (D.O.U. n\u00ba 147, Se\u00e7\u00e3o 1 de\n01\/08\/2013), leia atentamente as afirmativas abaixo: Artigo 15&nbsp; \u00c9 proibido ao fisioterapeuta: <\/strong><\/p>\n\n\n\n<p>I. Abandonar o\ncliente\/paciente\/usu\u00e1rio em meio a tratamento, sem a garantia de continuidade\nde assist\u00eancia, salvo por motivo relevante. <\/p>\n\n\n\n<p>II. Dar consulta\nou prescrever tratamento fisioterap\u00eautico de forma n\u00e3o presencial, salvo em\ncasos regulamentados pelo Conselho Federal de Fisioterapia e de Terapia\nOcupacional. <\/p>\n\n\n\n<p>III. Divulgar e\nprometer terapia infal\u00edvel, secreta ou descoberta cuja efic\u00e1cia n\u00e3o seja\ncomprovada. <\/p>\n\n\n\n<p>IV. Prescrever\ntratamento fisioterap\u00eautico sem realiza\u00e7\u00e3o de consulta, exceto em caso de\nindubit\u00e1vel urg\u00eancia.&nbsp; <\/p>\n\n\n\n<p>V. Inserir em\nan\u00fancio ou divulga\u00e7\u00e3o profissional, bem como expor em seu local de\natendimento\/trabalho, nome, iniciais de nomes, endere\u00e7o, fotografia, inclusive\naquelas que comparam quadros anteriores e posteriores ao tratamento realizado,\nou qualquer outra refer\u00eancia que possibilite a identifica\u00e7\u00e3o de\ncliente\/paciente\/usu\u00e1rio, salvo para divulga\u00e7\u00e3o em comunica\u00e7\u00f5es e eventos de\ncunho acad\u00eamico cient\u00edfico, com a autoriza\u00e7\u00e3o formal pr\u00e9via do cliente\/paciente\/usu\u00e1rio\nou do respons\u00e1vel legal. Assinale a alternativa correta. <\/p>\n\n\n\n<p>a) As\nafirmativas I, II, III, IV e V est\u00e3o corretas <\/p>\n\n\n\n<p>b) Apenas a\nafirmativa I est\u00e1 correta <\/p>\n\n\n\n<p>c) Apenas as\nafirmativa I e IV est\u00e3o corretas <\/p>\n\n\n\n<p>d) Apenas a\nafirmativa III est\u00e1 correta <\/p>\n\n\n\n<p>e) Apenas as\nafirmativas III e IV est\u00e3o corretas <\/p>\n\n\n\n<p><strong>Coment\u00e1rios: <\/strong>Vejamos\nos incisos do <strong>Art. 15<\/strong>:<\/p>\n\n\n\n<p><strong><em>I<\/em><\/strong><em> &#8211; abandonar\no cliente\/paciente\/usu\u00e1rio em meio a tratamento, sem a garantia de\ncontinuidade de assist\u00eancia, salvo por motivo relevante;<\/em><\/p>\n\n\n\n<p><strong><em>II <\/em><\/strong><em>&#8211; dar\nconsulta ou prescrever tratamento fisioterap\u00eautico de forma n\u00e3o presencial,\nsalvo em casos regulamentados pelo Conselho Federal de Fisioterapia e de\nTerapia Ocupacional;<\/em><\/p>\n\n\n\n<p><strong><em>III<\/em><\/strong><em>&nbsp;\u2013\ndivulgar e prometer terapia infal\u00edvel, secreta ou descoberta cuja efic\u00e1cia n\u00e3o\nseja comprovada;<\/em><\/p>\n\n\n\n<p><strong><em>IV<\/em><\/strong><em>&nbsp;&#8211;\nprescrever tratamento fisioterap\u00eautico sem realiza\u00e7\u00e3o de consulta, exceto em\ncaso de indubit\u00e1vel urg\u00eancia;<\/em><\/p>\n\n\n\n<p><strong><em>V<\/em><\/strong><em>&nbsp;&#8211;\ninserir em an\u00fancio ou divulga\u00e7\u00e3o profissional, bem como expor em seu\nlocal de atendimento\/trabalho, nome, iniciais de nomes, endere\u00e7o, fotografia,\ninclusive aquelas que comparam quadros anteriores e posteriores ao tratamento\nrealizado, ou qualquer outra refer\u00eancia que possibilite a identifica\u00e7\u00e3o\nde cliente\/paciente\/usu\u00e1rio, salvo para divulga\u00e7\u00e3o em comunica\u00e7\u00f5es e eventos de\ncunho acad\u00eamico cient\u00edfico, com a<\/em> autoriza\u00e7\u00e3o formal pr\u00e9via do\ncliente\/paciente\/usu\u00e1rio ou do respons\u00e1vel legal.<\/p>\n\n\n\n<p><strong>&nbsp;&nbsp;&nbsp;&nbsp;&nbsp;&nbsp;&nbsp;&nbsp;&nbsp;&nbsp;&nbsp;&nbsp;&nbsp; Vejamos\nas assertivas:<\/strong><\/p>\n\n\n\n<p>I. Abandonar o\ncliente\/paciente\/usu\u00e1rio em meio a tratamento, sem a garantia de continuidade\nde assist\u00eancia, salvo por motivo relevante. <strong>V<\/strong><\/p>\n\n\n\n<p>II. Dar consulta\nou prescrever tratamento fisioterap\u00eautico de forma n\u00e3o presencial, salvo em\ncasos regulamentados pelo Conselho Federal de Fisioterapia e de Terapia\nOcupacional. <strong>V<\/strong><\/p>\n\n\n\n<p>III. Divulgar e\nprometer terapia infal\u00edvel, secreta ou descoberta cuja efic\u00e1cia n\u00e3o seja\ncomprovada. <strong>V<\/strong><\/p>\n\n\n\n<p>IV. Prescrever\ntratamento fisioterap\u00eautico sem realiza\u00e7\u00e3o de consulta, exceto em caso de\nindubit\u00e1vel urg\u00eancia.&nbsp; <strong>V<\/strong><\/p>\n\n\n\n<p>V. Inserir em\nan\u00fancio ou divulga\u00e7\u00e3o profissional, bem como expor em seu local de\natendimento\/trabalho, nome, iniciais de nomes, endere\u00e7o, fotografia, inclusive\naquelas que comparam quadros anteriores e posteriores ao tratamento realizado,\nou qualquer outra refer\u00eancia que possibilite a identifica\u00e7\u00e3o de\ncliente\/paciente\/usu\u00e1rio, salvo para divulga\u00e7\u00e3o em comunica\u00e7\u00f5es e eventos de\ncunho acad\u00eamico cient\u00edfico, com a autoriza\u00e7\u00e3o formal pr\u00e9via do cliente\/paciente\/usu\u00e1rio\nou do respons\u00e1vel legal. <strong>V<\/strong><\/p>\n\n\n\n<p><strong>Gabarito: A.<\/strong><\/p>\n\n\n\n<p><strong>60) Dentre as doen\u00e7as cr\u00f4nicas mais frequentes no\nenvelhecimento, a osteoporose tem sido apontada como<\/strong> <strong>uma das prioridades de sa\u00fade p\u00fablica\nmundial, devido a sua alta preval\u00eancia e efeitos sobre a sa\u00fade f\u00edsica e psicossocial\ndo idoso.. Leia atentamente as afirmativas abaixo: <\/strong><\/p>\n\n\n\n<p>I. A osteoporose\n\u00e9 uma doen\u00e7a sist\u00eamica caracterizada pela diminui\u00e7\u00e3o da densidade mineral \u00f3ssea\n(DMO), com deteriora\u00e7\u00e3o da microarquitetura do tecido \u00f3sseo, resultando na\nperda de resist\u00eancia e aumento do risco de fratura por fragilidade,\nprincipalmente na coluna vertebral, no quadril e no cotovelo. <\/p>\n\n\n\n<p>II. A realiza\u00e7\u00e3o\nde atividade f\u00edsica pode, entre outros fatores, diminuir a dor, reduzir o uso\nde analg\u00e9sicos&nbsp; e melhorar a qualidade de\nvida de indiv\u00edduos com osteoporose. <\/p>\n\n\n\n<p>III. Autores\ndefendem que somente exerc\u00edcios como caminhadas n\u00e3o apresentam grande\nrelev\u00e2ncia no tratamento da osteoporose, pois os ossos n\u00e3o s\u00e3o estressados a\nponto de aumentar a massa.&nbsp; <\/p>\n\n\n\n<p>IV. O\ntreinamento resistido pode aumentar a for\u00e7a muscular com positivas repercuss\u00f5es\nna prote\u00e7\u00e3o contra as quedas, al\u00e9m do eficiente est\u00edmulo para o aumento da\nmassa \u00f3ssea, influenciando fatores de risco que favorecem a osteoporose. <\/p>\n\n\n\n<p>Assinale a\nalternativa correta. <\/p>\n\n\n\n<p>a) Apenas a\nafirmativa I est\u00e1 correta <\/p>\n\n\n\n<p>b) Apenas as\nafirmativas I e II est\u00e3o corretas <\/p>\n\n\n\n<p>c) Apenas as\nafirmativas II, III e IV est\u00e3o corretas <\/p>\n\n\n\n<p>d) Apenas as\nafirmativas I, II e III est\u00e3o corretas<\/p>\n\n\n\n<p>e) Apenas as\nafirmativas III e IV est\u00e3o corretas<\/p>\n\n\n\n<p><strong>Coment\u00e1rios: <\/strong>Vejamos as assertivas:<\/p>\n\n\n\n<p>I. A osteoporose\n\u00e9 uma doen\u00e7a sist\u00eamica caracterizada pela diminui\u00e7\u00e3o da densidade mineral \u00f3ssea\n(DMO), com deteriora\u00e7\u00e3o da microarquitetura do tecido \u00f3sseo, resultando na\nperda de resist\u00eancia e aumento do risco de fratura por fragilidade,\nprincipalmente na coluna vertebral, no quadril e <s>no cotovelo.<\/s> &nbsp;Item errado. Comuns: coluna vertebral\n(v\u00e9rtebras), quadril (f\u00eamur), punho e \u00famero.<\/p>\n\n\n\n<p>II. A realiza\u00e7\u00e3o\nde atividade f\u00edsica pode, entre outros fatores, diminuir a dor, reduzir o uso\nde analg\u00e9sicos e melhorar a qualidade de vida de indiv\u00edduos com osteoporose. Item\ncorreto.<\/p>\n\n\n\n<p>III. Autores\ndefendem que somente exerc\u00edcios como caminhadas <strong>n\u00e3o<\/strong> apresentam\ngrande relev\u00e2ncia no tratamento da osteoporose, pois os ossos n\u00e3o s\u00e3o\nestressados a ponto de aumentar a massa. Item correto. <\/p>\n\n\n\n<p>IV. O\ntreinamento resistido pode aumentar a for\u00e7a muscular com positivas repercuss\u00f5es\nna prote\u00e7\u00e3o contra as quedas, al\u00e9m do <strong>eficiente est\u00edmulo<\/strong> para o aumento\nda massa \u00f3ssea, influenciando fatores de risco que favorecem a osteoporose. Item\ncorreto. Percebam que o treinamento resistido estimula o aumento da massa \u00f3ssea,\nele n\u00e3o aumenta diretamente a massa \u00f3ssea.<\/p>\n\n\n\n<p><strong>Gabarito: C.<\/strong><\/p>\n","protected":false},"excerpt":{"rendered":"<p>Ol\u00e1, pessoal! Tudo bem? Fizemos um breve coment\u00e1rios das quest\u00f5es da prova da EBSERH Nacional para o cargo de Fisioterapeuta. Verificamos duas quest\u00f5es pass\u00edveis de recursos = 34 e 38. Esperamos que tenham ido bem na prova. Abra\u00e7os, Equipe de Fisioterapia. ______________________________________________________________________________ 31) Sobre as cadeias cin\u00e9ticas, assinale a alternativa que preencha correta e respectivamente [&hellip;]<\/p>\n","protected":false},"author":225,"featured_media":0,"comment_status":"open","ping_status":"closed","sticky":false,"template":"","format":"standard","meta":{"post_tipo":"article","footnotes":""},"categories":[1],"tags":[],"tax_estado":[],"class_list":["post-477375","post","type-post","status-publish","format-standard","hentry","category-cursos-e-concursos"],"acf":[],"yoast_head":"<!-- This site is optimized with the Yoast SEO Premium plugin v27.2 (Yoast SEO v27.2) - https:\/\/yoast.com\/product\/yoast-seo-premium-wordpress\/ -->\n<title>EBSERH NACIONAL FISIOTERAPEUTA - Coment\u00e1rios da Prova<\/title>\n<meta name=\"description\" content=\"Quest\u00f5es com coment\u00e1rios e com os poss\u00edveis recursos do concurso EBSERH, n\u00edvel Nacional, Cargo Fisioterapeuta, banca IBFC.\" \/>\n<meta name=\"robots\" content=\"index, follow, max-snippet:-1, max-image-preview:large, max-video-preview:-1\" \/>\n<link rel=\"canonical\" href=\"https:\/\/www.estrategiaconcursos.com.br\/blog\/ebserh-nacional-fisioterapeuta-comentarios-da-prova\/\" \/>\n<meta property=\"og:locale\" content=\"pt_BR\" \/>\n<meta property=\"og:type\" content=\"article\" \/>\n<meta property=\"og:title\" content=\"EBSERH NACIONAL FISIOTERAPEUTA - Coment\u00e1rios da Prova\" \/>\n<meta property=\"og:description\" content=\"Quest\u00f5es com coment\u00e1rios e com os poss\u00edveis recursos do concurso EBSERH, n\u00edvel Nacional, Cargo Fisioterapeuta, banca IBFC.\" \/>\n<meta property=\"og:url\" content=\"https:\/\/www.estrategiaconcursos.com.br\/blog\/ebserh-nacional-fisioterapeuta-comentarios-da-prova\/\" \/>\n<meta property=\"og:site_name\" content=\"Estrat\u00e9gia Concursos\" \/>\n<meta property=\"article:published_time\" content=\"2020-02-04T00:56:52+00:00\" \/>\n<meta property=\"article:modified_time\" content=\"2020-02-04T00:56:55+00:00\" \/>\n<meta name=\"author\" content=\"Gislaine dos Santos Holler\" \/>\n<meta name=\"twitter:card\" content=\"summary_large_image\" \/>\n<meta name=\"twitter:creator\" content=\"@EstratConcursos\" \/>\n<meta name=\"twitter:site\" content=\"@EstratConcursos\" \/>\n<meta name=\"twitter:label1\" content=\"Escrito por\" \/>\n\t<meta name=\"twitter:data1\" content=\"Gislaine dos Santos Holler\" \/>\n\t<meta name=\"twitter:label2\" content=\"Est. tempo de leitura\" \/>\n\t<meta name=\"twitter:data2\" content=\"55 minutos\" \/>\n<script type=\"application\/ld+json\" class=\"yoast-schema-graph\">{\"@context\":\"https:\/\/schema.org\",\"@graph\":[{\"@type\":\"NewsArticle\",\"@id\":\"https:\/\/www.estrategiaconcursos.com.br\/blog\/ebserh-nacional-fisioterapeuta-comentarios-da-prova\/#article\",\"isPartOf\":{\"@id\":\"https:\/\/www.estrategiaconcursos.com.br\/blog\/ebserh-nacional-fisioterapeuta-comentarios-da-prova\/\"},\"author\":{\"name\":\"Gislaine dos Santos Holler\",\"@id\":\"https:\/\/www.estrategiaconcursos.com.br\/blog\/#\/schema\/person\/c2e2a830152a30b1ebef5de307f66288\"},\"headline\":\"EBSERH NACIONAL FISIOTERAPEUTA &#8211; Coment\u00e1rios da Prova\",\"datePublished\":\"2020-02-04T00:56:52+00:00\",\"dateModified\":\"2020-02-04T00:56:55+00:00\",\"mainEntityOfPage\":{\"@id\":\"https:\/\/www.estrategiaconcursos.com.br\/blog\/ebserh-nacional-fisioterapeuta-comentarios-da-prova\/\"},\"wordCount\":11107,\"commentCount\":0,\"publisher\":{\"@id\":\"https:\/\/www.estrategiaconcursos.com.br\/blog\/#organization\"},\"articleSection\":[\"Concursos P\u00fablicos\"],\"inLanguage\":\"pt-BR\",\"potentialAction\":[{\"@type\":\"CommentAction\",\"name\":\"Comment\",\"target\":[\"https:\/\/www.estrategiaconcursos.com.br\/blog\/ebserh-nacional-fisioterapeuta-comentarios-da-prova\/#respond\"]}],\"copyrightYear\":\"2020\",\"copyrightHolder\":{\"@id\":\"https:\/\/www.estrategiaconcursos.com.br\/blog\/#organization\"}},{\"@type\":\"WebPage\",\"@id\":\"https:\/\/www.estrategiaconcursos.com.br\/blog\/ebserh-nacional-fisioterapeuta-comentarios-da-prova\/\",\"url\":\"https:\/\/www.estrategiaconcursos.com.br\/blog\/ebserh-nacional-fisioterapeuta-comentarios-da-prova\/\",\"name\":\"EBSERH NACIONAL FISIOTERAPEUTA - Coment\u00e1rios da Prova\",\"isPartOf\":{\"@id\":\"https:\/\/www.estrategiaconcursos.com.br\/blog\/#website\"},\"datePublished\":\"2020-02-04T00:56:52+00:00\",\"dateModified\":\"2020-02-04T00:56:55+00:00\",\"description\":\"Quest\u00f5es com coment\u00e1rios e com os poss\u00edveis recursos do concurso EBSERH, n\u00edvel Nacional, Cargo Fisioterapeuta, banca IBFC.\",\"breadcrumb\":{\"@id\":\"https:\/\/www.estrategiaconcursos.com.br\/blog\/ebserh-nacional-fisioterapeuta-comentarios-da-prova\/#breadcrumb\"},\"inLanguage\":\"pt-BR\",\"potentialAction\":[{\"@type\":\"ReadAction\",\"target\":[\"https:\/\/www.estrategiaconcursos.com.br\/blog\/ebserh-nacional-fisioterapeuta-comentarios-da-prova\/\"]}]},{\"@type\":\"BreadcrumbList\",\"@id\":\"https:\/\/www.estrategiaconcursos.com.br\/blog\/ebserh-nacional-fisioterapeuta-comentarios-da-prova\/#breadcrumb\",\"itemListElement\":[{\"@type\":\"ListItem\",\"position\":1,\"name\":\"In\u00edcio\",\"item\":\"https:\/\/www.estrategiaconcursos.com.br\/blog\/\"},{\"@type\":\"ListItem\",\"position\":2,\"name\":\"EBSERH NACIONAL FISIOTERAPEUTA &#8211; Coment\u00e1rios da Prova\"}]},{\"@type\":\"WebSite\",\"@id\":\"https:\/\/www.estrategiaconcursos.com.br\/blog\/#website\",\"url\":\"https:\/\/www.estrategiaconcursos.com.br\/blog\/\",\"name\":\"Estrat\u00e9gia Concursos\",\"description\":\"O blog da Estrat\u00e9gia Concursos traz not\u00edcias sobre concursos e artigos de professores oferecendo cursos para concursos (pdf + videaulas) no site.\",\"publisher\":{\"@id\":\"https:\/\/www.estrategiaconcursos.com.br\/blog\/#organization\"},\"potentialAction\":[{\"@type\":\"SearchAction\",\"target\":{\"@type\":\"EntryPoint\",\"urlTemplate\":\"https:\/\/www.estrategiaconcursos.com.br\/blog\/?s={search_term_string}\"},\"query-input\":{\"@type\":\"PropertyValueSpecification\",\"valueRequired\":true,\"valueName\":\"search_term_string\"}}],\"inLanguage\":\"pt-BR\"},{\"@type\":\"Organization\",\"@id\":\"https:\/\/www.estrategiaconcursos.com.br\/blog\/#organization\",\"name\":\"Estrat\u00e9gia Concursos\",\"url\":\"https:\/\/www.estrategiaconcursos.com.br\/blog\/\",\"logo\":{\"@type\":\"ImageObject\",\"inLanguage\":\"pt-BR\",\"@id\":\"https:\/\/www.estrategiaconcursos.com.br\/blog\/#\/schema\/logo\/image\/\",\"url\":\"https:\/\/dhg1h5j42swfq.cloudfront.net\/2025\/06\/03203428\/logo_concursos-1.jpg\",\"contentUrl\":\"https:\/\/dhg1h5j42swfq.cloudfront.net\/2025\/06\/03203428\/logo_concursos-1.jpg\",\"width\":230,\"height\":60,\"caption\":\"Estrat\u00e9gia Concursos\"},\"image\":{\"@id\":\"https:\/\/www.estrategiaconcursos.com.br\/blog\/#\/schema\/logo\/image\/\"},\"sameAs\":[\"https:\/\/x.com\/EstratConcursos\"]},{\"@type\":\"Person\",\"@id\":\"https:\/\/www.estrategiaconcursos.com.br\/blog\/#\/schema\/person\/c2e2a830152a30b1ebef5de307f66288\",\"name\":\"Gislaine dos Santos Holler\",\"image\":{\"@type\":\"ImageObject\",\"inLanguage\":\"pt-BR\",\"@id\":\"https:\/\/secure.gravatar.com\/avatar\/3201acd8bef125de77611ff9977c7634f44355f2d983396115a45070a69bc57d?s=96&d=mm&r=g\",\"url\":\"https:\/\/secure.gravatar.com\/avatar\/3201acd8bef125de77611ff9977c7634f44355f2d983396115a45070a69bc57d?s=96&d=mm&r=g\",\"contentUrl\":\"https:\/\/secure.gravatar.com\/avatar\/3201acd8bef125de77611ff9977c7634f44355f2d983396115a45070a69bc57d?s=96&d=mm&r=g\",\"caption\":\"Gislaine dos Santos Holler\"},\"url\":\"https:\/\/www.estrategiaconcursos.com.br\/blog\/author\/gislainehollerestrategiaconcursos-com-br\/\"}]}<\/script>\n<!-- \/ Yoast SEO Premium plugin. -->","yoast_head_json":{"title":"EBSERH NACIONAL FISIOTERAPEUTA - Coment\u00e1rios da Prova","description":"Quest\u00f5es com coment\u00e1rios e com os poss\u00edveis recursos do concurso EBSERH, n\u00edvel Nacional, Cargo Fisioterapeuta, banca IBFC.","robots":{"index":"index","follow":"follow","max-snippet":"max-snippet:-1","max-image-preview":"max-image-preview:large","max-video-preview":"max-video-preview:-1"},"canonical":"https:\/\/www.estrategiaconcursos.com.br\/blog\/ebserh-nacional-fisioterapeuta-comentarios-da-prova\/","og_locale":"pt_BR","og_type":"article","og_title":"EBSERH NACIONAL FISIOTERAPEUTA - Coment\u00e1rios da Prova","og_description":"Quest\u00f5es com coment\u00e1rios e com os poss\u00edveis recursos do concurso EBSERH, n\u00edvel Nacional, Cargo Fisioterapeuta, banca IBFC.","og_url":"https:\/\/www.estrategiaconcursos.com.br\/blog\/ebserh-nacional-fisioterapeuta-comentarios-da-prova\/","og_site_name":"Estrat\u00e9gia Concursos","article_published_time":"2020-02-04T00:56:52+00:00","article_modified_time":"2020-02-04T00:56:55+00:00","author":"Gislaine dos Santos Holler","twitter_card":"summary_large_image","twitter_creator":"@EstratConcursos","twitter_site":"@EstratConcursos","twitter_misc":{"Escrito por":"Gislaine dos Santos Holler","Est. tempo de leitura":"55 minutos"},"schema":{"@context":"https:\/\/schema.org","@graph":[{"@type":"NewsArticle","@id":"https:\/\/www.estrategiaconcursos.com.br\/blog\/ebserh-nacional-fisioterapeuta-comentarios-da-prova\/#article","isPartOf":{"@id":"https:\/\/www.estrategiaconcursos.com.br\/blog\/ebserh-nacional-fisioterapeuta-comentarios-da-prova\/"},"author":{"name":"Gislaine dos Santos Holler","@id":"https:\/\/www.estrategiaconcursos.com.br\/blog\/#\/schema\/person\/c2e2a830152a30b1ebef5de307f66288"},"headline":"EBSERH NACIONAL FISIOTERAPEUTA &#8211; Coment\u00e1rios da Prova","datePublished":"2020-02-04T00:56:52+00:00","dateModified":"2020-02-04T00:56:55+00:00","mainEntityOfPage":{"@id":"https:\/\/www.estrategiaconcursos.com.br\/blog\/ebserh-nacional-fisioterapeuta-comentarios-da-prova\/"},"wordCount":11107,"commentCount":0,"publisher":{"@id":"https:\/\/www.estrategiaconcursos.com.br\/blog\/#organization"},"articleSection":["Concursos P\u00fablicos"],"inLanguage":"pt-BR","potentialAction":[{"@type":"CommentAction","name":"Comment","target":["https:\/\/www.estrategiaconcursos.com.br\/blog\/ebserh-nacional-fisioterapeuta-comentarios-da-prova\/#respond"]}],"copyrightYear":"2020","copyrightHolder":{"@id":"https:\/\/www.estrategiaconcursos.com.br\/blog\/#organization"}},{"@type":"WebPage","@id":"https:\/\/www.estrategiaconcursos.com.br\/blog\/ebserh-nacional-fisioterapeuta-comentarios-da-prova\/","url":"https:\/\/www.estrategiaconcursos.com.br\/blog\/ebserh-nacional-fisioterapeuta-comentarios-da-prova\/","name":"EBSERH NACIONAL FISIOTERAPEUTA - Coment\u00e1rios da Prova","isPartOf":{"@id":"https:\/\/www.estrategiaconcursos.com.br\/blog\/#website"},"datePublished":"2020-02-04T00:56:52+00:00","dateModified":"2020-02-04T00:56:55+00:00","description":"Quest\u00f5es com coment\u00e1rios e com os poss\u00edveis recursos do concurso EBSERH, n\u00edvel Nacional, Cargo Fisioterapeuta, banca IBFC.","breadcrumb":{"@id":"https:\/\/www.estrategiaconcursos.com.br\/blog\/ebserh-nacional-fisioterapeuta-comentarios-da-prova\/#breadcrumb"},"inLanguage":"pt-BR","potentialAction":[{"@type":"ReadAction","target":["https:\/\/www.estrategiaconcursos.com.br\/blog\/ebserh-nacional-fisioterapeuta-comentarios-da-prova\/"]}]},{"@type":"BreadcrumbList","@id":"https:\/\/www.estrategiaconcursos.com.br\/blog\/ebserh-nacional-fisioterapeuta-comentarios-da-prova\/#breadcrumb","itemListElement":[{"@type":"ListItem","position":1,"name":"In\u00edcio","item":"https:\/\/www.estrategiaconcursos.com.br\/blog\/"},{"@type":"ListItem","position":2,"name":"EBSERH NACIONAL FISIOTERAPEUTA &#8211; Coment\u00e1rios da Prova"}]},{"@type":"WebSite","@id":"https:\/\/www.estrategiaconcursos.com.br\/blog\/#website","url":"https:\/\/www.estrategiaconcursos.com.br\/blog\/","name":"Estrat\u00e9gia Concursos","description":"O blog da Estrat\u00e9gia Concursos traz not\u00edcias sobre concursos e artigos de professores oferecendo cursos para concursos (pdf + videaulas) no site.","publisher":{"@id":"https:\/\/www.estrategiaconcursos.com.br\/blog\/#organization"},"potentialAction":[{"@type":"SearchAction","target":{"@type":"EntryPoint","urlTemplate":"https:\/\/www.estrategiaconcursos.com.br\/blog\/?s={search_term_string}"},"query-input":{"@type":"PropertyValueSpecification","valueRequired":true,"valueName":"search_term_string"}}],"inLanguage":"pt-BR"},{"@type":"Organization","@id":"https:\/\/www.estrategiaconcursos.com.br\/blog\/#organization","name":"Estrat\u00e9gia Concursos","url":"https:\/\/www.estrategiaconcursos.com.br\/blog\/","logo":{"@type":"ImageObject","inLanguage":"pt-BR","@id":"https:\/\/www.estrategiaconcursos.com.br\/blog\/#\/schema\/logo\/image\/","url":"https:\/\/dhg1h5j42swfq.cloudfront.net\/2025\/06\/03203428\/logo_concursos-1.jpg","contentUrl":"https:\/\/dhg1h5j42swfq.cloudfront.net\/2025\/06\/03203428\/logo_concursos-1.jpg","width":230,"height":60,"caption":"Estrat\u00e9gia Concursos"},"image":{"@id":"https:\/\/www.estrategiaconcursos.com.br\/blog\/#\/schema\/logo\/image\/"},"sameAs":["https:\/\/x.com\/EstratConcursos"]},{"@type":"Person","@id":"https:\/\/www.estrategiaconcursos.com.br\/blog\/#\/schema\/person\/c2e2a830152a30b1ebef5de307f66288","name":"Gislaine dos Santos Holler","image":{"@type":"ImageObject","inLanguage":"pt-BR","@id":"https:\/\/secure.gravatar.com\/avatar\/3201acd8bef125de77611ff9977c7634f44355f2d983396115a45070a69bc57d?s=96&d=mm&r=g","url":"https:\/\/secure.gravatar.com\/avatar\/3201acd8bef125de77611ff9977c7634f44355f2d983396115a45070a69bc57d?s=96&d=mm&r=g","contentUrl":"https:\/\/secure.gravatar.com\/avatar\/3201acd8bef125de77611ff9977c7634f44355f2d983396115a45070a69bc57d?s=96&d=mm&r=g","caption":"Gislaine dos Santos Holler"},"url":"https:\/\/www.estrategiaconcursos.com.br\/blog\/author\/gislainehollerestrategiaconcursos-com-br\/"}]}},"_links":{"self":[{"href":"https:\/\/www.estrategiaconcursos.com.br\/blog\/wp-json\/wp\/v2\/posts\/477375","targetHints":{"allow":["GET"]}}],"collection":[{"href":"https:\/\/www.estrategiaconcursos.com.br\/blog\/wp-json\/wp\/v2\/posts"}],"about":[{"href":"https:\/\/www.estrategiaconcursos.com.br\/blog\/wp-json\/wp\/v2\/types\/post"}],"author":[{"embeddable":true,"href":"https:\/\/www.estrategiaconcursos.com.br\/blog\/wp-json\/wp\/v2\/users\/225"}],"replies":[{"embeddable":true,"href":"https:\/\/www.estrategiaconcursos.com.br\/blog\/wp-json\/wp\/v2\/comments?post=477375"}],"version-history":[{"count":2,"href":"https:\/\/www.estrategiaconcursos.com.br\/blog\/wp-json\/wp\/v2\/posts\/477375\/revisions"}],"predecessor-version":[{"id":477377,"href":"https:\/\/www.estrategiaconcursos.com.br\/blog\/wp-json\/wp\/v2\/posts\/477375\/revisions\/477377"}],"wp:attachment":[{"href":"https:\/\/www.estrategiaconcursos.com.br\/blog\/wp-json\/wp\/v2\/media?parent=477375"}],"wp:term":[{"taxonomy":"category","embeddable":true,"href":"https:\/\/www.estrategiaconcursos.com.br\/blog\/wp-json\/wp\/v2\/categories?post=477375"},{"taxonomy":"post_tag","embeddable":true,"href":"https:\/\/www.estrategiaconcursos.com.br\/blog\/wp-json\/wp\/v2\/tags?post=477375"},{"taxonomy":"tax_estado","embeddable":true,"href":"https:\/\/www.estrategiaconcursos.com.br\/blog\/wp-json\/wp\/v2\/tax_estado?post=477375"}],"curies":[{"name":"wp","href":"https:\/\/api.w.org\/{rel}","templated":true}]}}