{"id":477325,"date":"2020-02-03T18:37:24","date_gmt":"2020-02-03T21:37:24","guid":{"rendered":"https:\/\/www.estrategiaconcursos.com.br\/blog\/?p=477325"},"modified":"2020-02-03T18:37:26","modified_gmt":"2020-02-03T21:37:26","slug":"ufu-abre-inscricoes-2020","status":"publish","type":"post","link":"https:\/\/www.estrategiaconcursos.com.br\/blog\/ufu-abre-inscricoes-2020\/","title":{"rendered":"UFU abre inscri\u00e7\u00f5es para o vestibular de 2020; mais de 1600 vagas"},"content":{"rendered":"\n<p>Est\u00e3o abertas a partir desta segunda-feira, 3 de fevereiro, as inscri\u00e7\u00f5es para o vestibular de acesso aos cursos da Universidade Federal de Uberl\u00e2ndia, o <a href=\"https:\/\/blog.estrategiavestibulares.com.br\/vestibular-ufu\/\" target=\"_blank\" rel=\"noreferrer noopener\" aria-label=\"vestibular UFU (abre numa nova aba)\">vestibular UFU<\/a>. As inscri\u00e7\u00f5es ficam abertas at\u00e9 o dia 2 de mar\u00e7o no site da institui\u00e7\u00e3o e a taxa de inscri\u00e7\u00e3o custa R$ 117,00.<\/p>\n\n\n\n<p>Os candidatos interessados em uma das vagas deve realizar inscri\u00e7\u00e3o dentro do prazo. S\u00e3o ofertadas 1654 vagas para os quase 50 cursos de gradua\u00e7\u00e3o ministrados pela <a href=\"https:\/\/estrategiavestibulares.com.br\/vestibulares\/ufu\/\" target=\"_blank\" rel=\"noreferrer noopener\" aria-label=\"UFU (abre numa nova aba)\">UFU<\/a>.A sele\u00e7\u00e3o \u00e9 para compor os campi de Uberl\u00e2ndia, Patos de Minas, Monte Carmelo e Ituiutaba.<\/p>\n\n\n\n<p>A previs\u00e3o \u00e9 que as provas j\u00e1 aconte\u00e7am no primeiro semestre de 2020. A prova do <a href=\"https:\/\/blog.estrategiavestibulares.com.br\/vestibular-ufu\/\" target=\"_blank\" rel=\"noreferrer noopener\" aria-label=\"vestibular UFU (abre numa nova aba)\">vestibular UFU<\/a> \u00e9 composta de duas fases. A primeira fase acontece nos dias 25 e 26 de abril. Os candidatos aprovados na primeira fase s\u00e3o submetidos a uma segunda fase que tamb\u00e9m acontece em dias distintos: 06 e 07 de junho.<\/p>\n\n\n\n<p>Na primeira fase, os candidatos respondem a uma prova composta de quest\u00f5es de: no 1\u00ba \u2013 25\/04: Biologia, F\u00edsica, Geografia, L\u00edngua Portuguesa, Literatura e Sociologia; e no 2\u00ba Dia \u2013 26\/04: Filosofia, Hist\u00f3ria, L\u00edngua Estrangeira (Espanhol, Franc\u00eas ou Ingl\u00eas), Matem\u00e1tica e Qu\u00edmica.<\/p>\n\n\n\n<p>J\u00e1 na segunda fase, os candidatos responde a: 1\u00ba Dia \u2013 06\/06: quest\u00f5es de Biologia, F\u00edsica, Geografia, Hist\u00f3ria, L\u00edngua Estrangeira (Espanhol, Franc\u00eas ou Ingl\u00eas) e Reda\u00e7\u00e3o; 2\u00ba Dia \u2013 07\/06: quest\u00f5es de Filosofia, L\u00edngua Portuguesa, Literatura, Matem\u00e1tica, Qu\u00edmica e Sociologia.<\/p>\n\n\n\n<p class=\"has-background has-text-align-center has-medium-font-size has-pale-cyan-blue-background-color\"><a href=\"https:\/\/estrategiavestibulares.com.br\/vestibulares\/ufu\/\" target=\"_blank\" rel=\"noreferrer noopener\" aria-label=\"CURSO UFU (abre numa nova aba)\">CURSO UFU<\/a><\/p>\n","protected":false},"excerpt":{"rendered":"<p>Est\u00e3o abertas a partir desta segunda-feira, 3 de fevereiro, as inscri\u00e7\u00f5es para o vestibular de acesso aos cursos da Universidade Federal de Uberl\u00e2ndia, o vestibular UFU. As inscri\u00e7\u00f5es ficam abertas at\u00e9 o dia 2 de mar\u00e7o no site da institui\u00e7\u00e3o e a taxa de inscri\u00e7\u00e3o custa R$ 117,00. Os candidatos interessados em uma das vagas [&hellip;]<\/p>\n","protected":false},"author":1,"featured_media":477327,"comment_status":"open","ping_status":"closed","sticky":false,"template":"","format":"standard","meta":{"post_tipo":"news","footnotes":""},"categories":[1],"tags":[],"tax_estado":[],"class_list":["post-477325","post","type-post","status-publish","format-standard","has-post-thumbnail","hentry","category-cursos-e-concursos"],"acf":[],"yoast_head":"<!-- This site is optimized with the Yoast SEO Premium plugin v27.2 (Yoast SEO v27.2) - https:\/\/yoast.com\/product\/yoast-seo-premium-wordpress\/ -->\n<title>UFU abre inscri\u00e7\u00f5es para o vestibular de 2020; mais de 1600 vagas<\/title>\n<meta name=\"robots\" content=\"index, follow, max-snippet:-1, max-image-preview:large, max-video-preview:-1\" \/>\n<link rel=\"canonical\" href=\"https:\/\/www.estrategiaconcursos.com.br\/blog\/ufu-abre-inscricoes-2020\/\" \/>\n<meta property=\"og:locale\" content=\"pt_BR\" \/>\n<meta property=\"og:type\" content=\"article\" \/>\n<meta property=\"og:title\" content=\"UFU abre inscri\u00e7\u00f5es para o vestibular de 2020; mais de 1600 vagas\" \/>\n<meta property=\"og:description\" content=\"Est\u00e3o abertas a partir desta segunda-feira, 3 de fevereiro, as inscri\u00e7\u00f5es para o vestibular de acesso aos cursos da Universidade Federal de Uberl\u00e2ndia, o vestibular UFU. As inscri\u00e7\u00f5es ficam abertas at\u00e9 o dia 2 de mar\u00e7o no site da institui\u00e7\u00e3o e a taxa de inscri\u00e7\u00e3o custa R$ 117,00. Os candidatos interessados em uma das vagas [&hellip;]\" \/>\n<meta property=\"og:url\" content=\"https:\/\/www.estrategiaconcursos.com.br\/blog\/ufu-abre-inscricoes-2020\/\" \/>\n<meta property=\"og:site_name\" content=\"Estrat\u00e9gia Concursos\" \/>\n<meta property=\"article:author\" content=\"https:\/\/www.facebook.com\/EstrategiaConcursos\" \/>\n<meta property=\"article:published_time\" content=\"2020-02-03T21:37:24+00:00\" \/>\n<meta property=\"article:modified_time\" content=\"2020-02-03T21:37:26+00:00\" \/>\n<meta property=\"og:image\" content=\"https:\/\/dhg1h5j42swfq.cloudfront.net\/2020\/02\/03183639\/Vestibular-UFU.png\" \/>\n\t<meta property=\"og:image:width\" content=\"500\" \/>\n\t<meta property=\"og:image:height\" content=\"334\" \/>\n\t<meta property=\"og:image:type\" content=\"image\/png\" \/>\n<meta name=\"author\" content=\"Coordena\u00e7\u00e3o\" \/>\n<meta name=\"twitter:card\" content=\"summary_large_image\" \/>\n<meta name=\"twitter:creator\" content=\"@EstratConcursos\" \/>\n<meta name=\"twitter:site\" content=\"@EstratConcursos\" \/>\n<meta name=\"twitter:label1\" content=\"Escrito por\" \/>\n\t<meta name=\"twitter:data1\" content=\"Coordena\u00e7\u00e3o\" \/>\n\t<meta name=\"twitter:label2\" content=\"Est. tempo de leitura\" \/>\n\t<meta name=\"twitter:data2\" content=\"1 minuto\" \/>\n<script type=\"application\/ld+json\" class=\"yoast-schema-graph\">{\"@context\":\"https:\/\/schema.org\",\"@graph\":[{\"@type\":\"NewsArticle\",\"@id\":\"https:\/\/www.estrategiaconcursos.com.br\/blog\/ufu-abre-inscricoes-2020\/#article\",\"isPartOf\":{\"@id\":\"https:\/\/www.estrategiaconcursos.com.br\/blog\/ufu-abre-inscricoes-2020\/\"},\"author\":{\"name\":\"Coordena\u00e7\u00e3o\",\"@id\":\"https:\/\/www.estrategiaconcursos.com.br\/blog\/#\/schema\/person\/b4a388c97673c5f483d72185668afa1f\"},\"headline\":\"UFU abre inscri\u00e7\u00f5es para o vestibular de 2020; mais de 1600 vagas\",\"datePublished\":\"2020-02-03T21:37:24+00:00\",\"dateModified\":\"2020-02-03T21:37:26+00:00\",\"mainEntityOfPage\":{\"@id\":\"https:\/\/www.estrategiaconcursos.com.br\/blog\/ufu-abre-inscricoes-2020\/\"},\"wordCount\":254,\"commentCount\":0,\"publisher\":{\"@id\":\"https:\/\/www.estrategiaconcursos.com.br\/blog\/#organization\"},\"image\":{\"@id\":\"https:\/\/www.estrategiaconcursos.com.br\/blog\/ufu-abre-inscricoes-2020\/#primaryimage\"},\"thumbnailUrl\":\"https:\/\/dhg1h5j42swfq.cloudfront.net\/2020\/02\/03183639\/Vestibular-UFU.png\",\"articleSection\":[\"Concursos P\u00fablicos\"],\"inLanguage\":\"pt-BR\",\"potentialAction\":[{\"@type\":\"CommentAction\",\"name\":\"Comment\",\"target\":[\"https:\/\/www.estrategiaconcursos.com.br\/blog\/ufu-abre-inscricoes-2020\/#respond\"]}],\"copyrightYear\":\"2020\",\"copyrightHolder\":{\"@id\":\"https:\/\/www.estrategiaconcursos.com.br\/blog\/#organization\"}},{\"@type\":\"WebPage\",\"@id\":\"https:\/\/www.estrategiaconcursos.com.br\/blog\/ufu-abre-inscricoes-2020\/\",\"url\":\"https:\/\/www.estrategiaconcursos.com.br\/blog\/ufu-abre-inscricoes-2020\/\",\"name\":\"UFU abre inscri\u00e7\u00f5es para o vestibular de 2020; mais de 1600 vagas\",\"isPartOf\":{\"@id\":\"https:\/\/www.estrategiaconcursos.com.br\/blog\/#website\"},\"primaryImageOfPage\":{\"@id\":\"https:\/\/www.estrategiaconcursos.com.br\/blog\/ufu-abre-inscricoes-2020\/#primaryimage\"},\"image\":{\"@id\":\"https:\/\/www.estrategiaconcursos.com.br\/blog\/ufu-abre-inscricoes-2020\/#primaryimage\"},\"thumbnailUrl\":\"https:\/\/dhg1h5j42swfq.cloudfront.net\/2020\/02\/03183639\/Vestibular-UFU.png\",\"datePublished\":\"2020-02-03T21:37:24+00:00\",\"dateModified\":\"2020-02-03T21:37:26+00:00\",\"breadcrumb\":{\"@id\":\"https:\/\/www.estrategiaconcursos.com.br\/blog\/ufu-abre-inscricoes-2020\/#breadcrumb\"},\"inLanguage\":\"pt-BR\",\"potentialAction\":[{\"@type\":\"ReadAction\",\"target\":[\"https:\/\/www.estrategiaconcursos.com.br\/blog\/ufu-abre-inscricoes-2020\/\"]}]},{\"@type\":\"ImageObject\",\"inLanguage\":\"pt-BR\",\"@id\":\"https:\/\/www.estrategiaconcursos.com.br\/blog\/ufu-abre-inscricoes-2020\/#primaryimage\",\"url\":\"https:\/\/dhg1h5j42swfq.cloudfront.net\/2020\/02\/03183639\/Vestibular-UFU.png\",\"contentUrl\":\"https:\/\/dhg1h5j42swfq.cloudfront.net\/2020\/02\/03183639\/Vestibular-UFU.png\",\"width\":500,\"height\":334,\"caption\":\"Vestibular UFU\"},{\"@type\":\"BreadcrumbList\",\"@id\":\"https:\/\/www.estrategiaconcursos.com.br\/blog\/ufu-abre-inscricoes-2020\/#breadcrumb\",\"itemListElement\":[{\"@type\":\"ListItem\",\"position\":1,\"name\":\"In\u00edcio\",\"item\":\"https:\/\/www.estrategiaconcursos.com.br\/blog\/\"},{\"@type\":\"ListItem\",\"position\":2,\"name\":\"UFU abre inscri\u00e7\u00f5es para o vestibular de 2020; mais de 1600 vagas\"}]},{\"@type\":\"WebSite\",\"@id\":\"https:\/\/www.estrategiaconcursos.com.br\/blog\/#website\",\"url\":\"https:\/\/www.estrategiaconcursos.com.br\/blog\/\",\"name\":\"Estrat\u00e9gia Concursos\",\"description\":\"O blog da Estrat\u00e9gia Concursos traz not\u00edcias sobre concursos e artigos de professores oferecendo cursos para concursos (pdf + videaulas) no site.\",\"publisher\":{\"@id\":\"https:\/\/www.estrategiaconcursos.com.br\/blog\/#organization\"},\"potentialAction\":[{\"@type\":\"SearchAction\",\"target\":{\"@type\":\"EntryPoint\",\"urlTemplate\":\"https:\/\/www.estrategiaconcursos.com.br\/blog\/?s={search_term_string}\"},\"query-input\":{\"@type\":\"PropertyValueSpecification\",\"valueRequired\":true,\"valueName\":\"search_term_string\"}}],\"inLanguage\":\"pt-BR\"},{\"@type\":\"Organization\",\"@id\":\"https:\/\/www.estrategiaconcursos.com.br\/blog\/#organization\",\"name\":\"Estrat\u00e9gia Concursos\",\"url\":\"https:\/\/www.estrategiaconcursos.com.br\/blog\/\",\"logo\":{\"@type\":\"ImageObject\",\"inLanguage\":\"pt-BR\",\"@id\":\"https:\/\/www.estrategiaconcursos.com.br\/blog\/#\/schema\/logo\/image\/\",\"url\":\"https:\/\/dhg1h5j42swfq.cloudfront.net\/2025\/06\/03203428\/logo_concursos-1.jpg\",\"contentUrl\":\"https:\/\/dhg1h5j42swfq.cloudfront.net\/2025\/06\/03203428\/logo_concursos-1.jpg\",\"width\":230,\"height\":60,\"caption\":\"Estrat\u00e9gia Concursos\"},\"image\":{\"@id\":\"https:\/\/www.estrategiaconcursos.com.br\/blog\/#\/schema\/logo\/image\/\"},\"sameAs\":[\"https:\/\/x.com\/EstratConcursos\"]},{\"@type\":\"Person\",\"@id\":\"https:\/\/www.estrategiaconcursos.com.br\/blog\/#\/schema\/person\/b4a388c97673c5f483d72185668afa1f\",\"name\":\"Coordena\u00e7\u00e3o\",\"image\":{\"@type\":\"ImageObject\",\"inLanguage\":\"pt-BR\",\"@id\":\"https:\/\/secure.gravatar.com\/avatar\/b720319e4c9a967eb58678d110f4fe35452fc5d5f97b202bac7b8acceb18c6ad?s=96&d=mm&r=g\",\"url\":\"https:\/\/secure.gravatar.com\/avatar\/b720319e4c9a967eb58678d110f4fe35452fc5d5f97b202bac7b8acceb18c6ad?s=96&d=mm&r=g\",\"contentUrl\":\"https:\/\/secure.gravatar.com\/avatar\/b720319e4c9a967eb58678d110f4fe35452fc5d5f97b202bac7b8acceb18c6ad?s=96&d=mm&r=g\",\"caption\":\"Coordena\u00e7\u00e3o\"},\"sameAs\":[\"https:\/\/www.facebook.com\/EstrategiaConcursos\",\"https:\/\/x.com\/EstratConcursos\"],\"url\":\"https:\/\/www.estrategiaconcursos.com.br\/blog\/author\/estrategia2013\/\"}]}<\/script>\n<!-- \/ Yoast SEO Premium plugin. -->","yoast_head_json":{"title":"UFU abre inscri\u00e7\u00f5es para o vestibular de 2020; mais de 1600 vagas","robots":{"index":"index","follow":"follow","max-snippet":"max-snippet:-1","max-image-preview":"max-image-preview:large","max-video-preview":"max-video-preview:-1"},"canonical":"https:\/\/www.estrategiaconcursos.com.br\/blog\/ufu-abre-inscricoes-2020\/","og_locale":"pt_BR","og_type":"article","og_title":"UFU abre inscri\u00e7\u00f5es para o vestibular de 2020; mais de 1600 vagas","og_description":"Est\u00e3o abertas a partir desta segunda-feira, 3 de fevereiro, as inscri\u00e7\u00f5es para o vestibular de acesso aos cursos da Universidade Federal de Uberl\u00e2ndia, o vestibular UFU. As inscri\u00e7\u00f5es ficam abertas at\u00e9 o dia 2 de mar\u00e7o no site da institui\u00e7\u00e3o e a taxa de inscri\u00e7\u00e3o custa R$ 117,00. Os candidatos interessados em uma das vagas [&hellip;]","og_url":"https:\/\/www.estrategiaconcursos.com.br\/blog\/ufu-abre-inscricoes-2020\/","og_site_name":"Estrat\u00e9gia Concursos","article_author":"https:\/\/www.facebook.com\/EstrategiaConcursos","article_published_time":"2020-02-03T21:37:24+00:00","article_modified_time":"2020-02-03T21:37:26+00:00","og_image":[{"width":500,"height":334,"url":"https:\/\/dhg1h5j42swfq.cloudfront.net\/2020\/02\/03183639\/Vestibular-UFU.png","type":"image\/png"}],"author":"Coordena\u00e7\u00e3o","twitter_card":"summary_large_image","twitter_creator":"@EstratConcursos","twitter_site":"@EstratConcursos","twitter_misc":{"Escrito por":"Coordena\u00e7\u00e3o","Est. tempo de leitura":"1 minuto"},"schema":{"@context":"https:\/\/schema.org","@graph":[{"@type":"NewsArticle","@id":"https:\/\/www.estrategiaconcursos.com.br\/blog\/ufu-abre-inscricoes-2020\/#article","isPartOf":{"@id":"https:\/\/www.estrategiaconcursos.com.br\/blog\/ufu-abre-inscricoes-2020\/"},"author":{"name":"Coordena\u00e7\u00e3o","@id":"https:\/\/www.estrategiaconcursos.com.br\/blog\/#\/schema\/person\/b4a388c97673c5f483d72185668afa1f"},"headline":"UFU abre inscri\u00e7\u00f5es para o vestibular de 2020; mais de 1600 vagas","datePublished":"2020-02-03T21:37:24+00:00","dateModified":"2020-02-03T21:37:26+00:00","mainEntityOfPage":{"@id":"https:\/\/www.estrategiaconcursos.com.br\/blog\/ufu-abre-inscricoes-2020\/"},"wordCount":254,"commentCount":0,"publisher":{"@id":"https:\/\/www.estrategiaconcursos.com.br\/blog\/#organization"},"image":{"@id":"https:\/\/www.estrategiaconcursos.com.br\/blog\/ufu-abre-inscricoes-2020\/#primaryimage"},"thumbnailUrl":"https:\/\/dhg1h5j42swfq.cloudfront.net\/2020\/02\/03183639\/Vestibular-UFU.png","articleSection":["Concursos P\u00fablicos"],"inLanguage":"pt-BR","potentialAction":[{"@type":"CommentAction","name":"Comment","target":["https:\/\/www.estrategiaconcursos.com.br\/blog\/ufu-abre-inscricoes-2020\/#respond"]}],"copyrightYear":"2020","copyrightHolder":{"@id":"https:\/\/www.estrategiaconcursos.com.br\/blog\/#organization"}},{"@type":"WebPage","@id":"https:\/\/www.estrategiaconcursos.com.br\/blog\/ufu-abre-inscricoes-2020\/","url":"https:\/\/www.estrategiaconcursos.com.br\/blog\/ufu-abre-inscricoes-2020\/","name":"UFU abre inscri\u00e7\u00f5es para o vestibular de 2020; mais de 1600 vagas","isPartOf":{"@id":"https:\/\/www.estrategiaconcursos.com.br\/blog\/#website"},"primaryImageOfPage":{"@id":"https:\/\/www.estrategiaconcursos.com.br\/blog\/ufu-abre-inscricoes-2020\/#primaryimage"},"image":{"@id":"https:\/\/www.estrategiaconcursos.com.br\/blog\/ufu-abre-inscricoes-2020\/#primaryimage"},"thumbnailUrl":"https:\/\/dhg1h5j42swfq.cloudfront.net\/2020\/02\/03183639\/Vestibular-UFU.png","datePublished":"2020-02-03T21:37:24+00:00","dateModified":"2020-02-03T21:37:26+00:00","breadcrumb":{"@id":"https:\/\/www.estrategiaconcursos.com.br\/blog\/ufu-abre-inscricoes-2020\/#breadcrumb"},"inLanguage":"pt-BR","potentialAction":[{"@type":"ReadAction","target":["https:\/\/www.estrategiaconcursos.com.br\/blog\/ufu-abre-inscricoes-2020\/"]}]},{"@type":"ImageObject","inLanguage":"pt-BR","@id":"https:\/\/www.estrategiaconcursos.com.br\/blog\/ufu-abre-inscricoes-2020\/#primaryimage","url":"https:\/\/dhg1h5j42swfq.cloudfront.net\/2020\/02\/03183639\/Vestibular-UFU.png","contentUrl":"https:\/\/dhg1h5j42swfq.cloudfront.net\/2020\/02\/03183639\/Vestibular-UFU.png","width":500,"height":334,"caption":"Vestibular UFU"},{"@type":"BreadcrumbList","@id":"https:\/\/www.estrategiaconcursos.com.br\/blog\/ufu-abre-inscricoes-2020\/#breadcrumb","itemListElement":[{"@type":"ListItem","position":1,"name":"In\u00edcio","item":"https:\/\/www.estrategiaconcursos.com.br\/blog\/"},{"@type":"ListItem","position":2,"name":"UFU abre inscri\u00e7\u00f5es para o vestibular de 2020; mais de 1600 vagas"}]},{"@type":"WebSite","@id":"https:\/\/www.estrategiaconcursos.com.br\/blog\/#website","url":"https:\/\/www.estrategiaconcursos.com.br\/blog\/","name":"Estrat\u00e9gia Concursos","description":"O blog da Estrat\u00e9gia Concursos traz not\u00edcias sobre concursos e artigos de professores oferecendo cursos para concursos (pdf + videaulas) no site.","publisher":{"@id":"https:\/\/www.estrategiaconcursos.com.br\/blog\/#organization"},"potentialAction":[{"@type":"SearchAction","target":{"@type":"EntryPoint","urlTemplate":"https:\/\/www.estrategiaconcursos.com.br\/blog\/?s={search_term_string}"},"query-input":{"@type":"PropertyValueSpecification","valueRequired":true,"valueName":"search_term_string"}}],"inLanguage":"pt-BR"},{"@type":"Organization","@id":"https:\/\/www.estrategiaconcursos.com.br\/blog\/#organization","name":"Estrat\u00e9gia Concursos","url":"https:\/\/www.estrategiaconcursos.com.br\/blog\/","logo":{"@type":"ImageObject","inLanguage":"pt-BR","@id":"https:\/\/www.estrategiaconcursos.com.br\/blog\/#\/schema\/logo\/image\/","url":"https:\/\/dhg1h5j42swfq.cloudfront.net\/2025\/06\/03203428\/logo_concursos-1.jpg","contentUrl":"https:\/\/dhg1h5j42swfq.cloudfront.net\/2025\/06\/03203428\/logo_concursos-1.jpg","width":230,"height":60,"caption":"Estrat\u00e9gia Concursos"},"image":{"@id":"https:\/\/www.estrategiaconcursos.com.br\/blog\/#\/schema\/logo\/image\/"},"sameAs":["https:\/\/x.com\/EstratConcursos"]},{"@type":"Person","@id":"https:\/\/www.estrategiaconcursos.com.br\/blog\/#\/schema\/person\/b4a388c97673c5f483d72185668afa1f","name":"Coordena\u00e7\u00e3o","image":{"@type":"ImageObject","inLanguage":"pt-BR","@id":"https:\/\/secure.gravatar.com\/avatar\/b720319e4c9a967eb58678d110f4fe35452fc5d5f97b202bac7b8acceb18c6ad?s=96&d=mm&r=g","url":"https:\/\/secure.gravatar.com\/avatar\/b720319e4c9a967eb58678d110f4fe35452fc5d5f97b202bac7b8acceb18c6ad?s=96&d=mm&r=g","contentUrl":"https:\/\/secure.gravatar.com\/avatar\/b720319e4c9a967eb58678d110f4fe35452fc5d5f97b202bac7b8acceb18c6ad?s=96&d=mm&r=g","caption":"Coordena\u00e7\u00e3o"},"sameAs":["https:\/\/www.facebook.com\/EstrategiaConcursos","https:\/\/x.com\/EstratConcursos"],"url":"https:\/\/www.estrategiaconcursos.com.br\/blog\/author\/estrategia2013\/"}]}},"_links":{"self":[{"href":"https:\/\/www.estrategiaconcursos.com.br\/blog\/wp-json\/wp\/v2\/posts\/477325","targetHints":{"allow":["GET"]}}],"collection":[{"href":"https:\/\/www.estrategiaconcursos.com.br\/blog\/wp-json\/wp\/v2\/posts"}],"about":[{"href":"https:\/\/www.estrategiaconcursos.com.br\/blog\/wp-json\/wp\/v2\/types\/post"}],"author":[{"embeddable":true,"href":"https:\/\/www.estrategiaconcursos.com.br\/blog\/wp-json\/wp\/v2\/users\/1"}],"replies":[{"embeddable":true,"href":"https:\/\/www.estrategiaconcursos.com.br\/blog\/wp-json\/wp\/v2\/comments?post=477325"}],"version-history":[{"count":3,"href":"https:\/\/www.estrategiaconcursos.com.br\/blog\/wp-json\/wp\/v2\/posts\/477325\/revisions"}],"predecessor-version":[{"id":477329,"href":"https:\/\/www.estrategiaconcursos.com.br\/blog\/wp-json\/wp\/v2\/posts\/477325\/revisions\/477329"}],"wp:featuredmedia":[{"embeddable":true,"href":"https:\/\/www.estrategiaconcursos.com.br\/blog\/wp-json\/wp\/v2\/media\/477327"}],"wp:attachment":[{"href":"https:\/\/www.estrategiaconcursos.com.br\/blog\/wp-json\/wp\/v2\/media?parent=477325"}],"wp:term":[{"taxonomy":"category","embeddable":true,"href":"https:\/\/www.estrategiaconcursos.com.br\/blog\/wp-json\/wp\/v2\/categories?post=477325"},{"taxonomy":"post_tag","embeddable":true,"href":"https:\/\/www.estrategiaconcursos.com.br\/blog\/wp-json\/wp\/v2\/tags?post=477325"},{"taxonomy":"tax_estado","embeddable":true,"href":"https:\/\/www.estrategiaconcursos.com.br\/blog\/wp-json\/wp\/v2\/tax_estado?post=477325"}],"curies":[{"name":"wp","href":"https:\/\/api.w.org\/{rel}","templated":true}]}}