{"id":477222,"date":"2020-02-03T16:53:26","date_gmt":"2020-02-03T19:53:26","guid":{"rendered":"https:\/\/www.estrategiaconcursos.com.br\/blog\/?p=477222"},"modified":"2020-02-03T20:02:30","modified_gmt":"2020-02-03T23:02:30","slug":"falta-orcamento-inviabiliza-certame-tre-al","status":"publish","type":"post","link":"https:\/\/www.estrategiaconcursos.com.br\/blog\/falta-orcamento-inviabiliza-certame-tre-al\/","title":{"rendered":"Falta de or\u00e7amento inviabiliza certame a curto prazo, diz presidente do TRE AL"},"content":{"rendered":"\n<p>De acordo com uma publica\u00e7\u00e3o na rede social oficial do <em><strong>Tribunal Regional Eleitoral do Alagoas<\/strong><\/em>, apesar da recente autoriza\u00e7\u00e3o por parte do Tribunal Superior Eleitoral para o provimento de vagas nos diversos tribunais regionais do pa\u00eds, afastando a Portaria que suspendia nomea\u00e7\u00f5es, o \u00f3rg\u00e3o n\u00e3o tem qualquer previs\u00e3o de concurso a curto prazo. <\/p>\n\n\n\n<p>Isto porque, segundo o Presidente do TRE AL, desembargador Pedro Augusto Mendon\u00e7a de Ara\u00fajo, a falta de or\u00e7amento, dentre outros fatores, inviabiliza a realiza\u00e7\u00e3o de um certame p\u00fablico nos pr\u00f3ximos meses. <\/p>\n\n\n\n<p>Para cumprir a decis\u00e3o da <a rel=\"noreferrer noopener\" href=\"https:\/\/dhg1h5j42swfq.cloudfront.net\/2020\/01\/21071221\/Portaria-TSE-33-2020.pdf\" target=\"_blank\">Portaria-TSE de n\u00ba 33, de 16 de janeiro de 2020<\/a> assinada pela Ministra Rosa Weber, determinando o preenchimento de 4 vagas de t\u00e9cnico e uma vaga de analista no TRE AL e para suprir a demanda que aumentar\u00e1 com as elei\u00e7\u00f5es municipais de 2020, o tribunal dever\u00e1 adotar outra alternativa. <\/p>\n\n\n\n<p>Nesse sentido, ser\u00e1 iniciado um estudo para dar o in\u00edcio de um concurso de remo\u00e7\u00e3o de servidores internos e, ap\u00f3s sua realiza\u00e7\u00e3o, dever\u00e1 haver o aproveitamento de candidatos aprovados no \u00faltimo concurso da Justi\u00e7a Federal. Veja abaixo a publica\u00e7\u00e3o na \u00edntegra: <\/p>\n\n\n\n<p class=\"has-text-align-left\"><strong>&#8220;<em>A autoriza\u00e7\u00e3o, por parte do Tribunal Superior Eleitoral (TSE), para o provimento de cargos vagos no Tribunal Regional Eleitoral de Alagoas (TRE\/AL) e a possibilidade de realiza\u00e7\u00e3o de concurso p\u00fablico s\u00e3o temas que, atualmente, est\u00e3o levantando questionamentos, especialmente por parte de usu\u00e1rios das redes sociais. O presidente do TRE\/AL, desembargador Pedro Augusto Mendon\u00e7a de Ara\u00fajo, explica que, embora o TSE tenha autorizado o preenchimento de quatro cargos vagos no quadro do Regional alagoano, n\u00e3o h\u00e1 previs\u00e3o de realiza\u00e7\u00e3o de concurso p\u00fablico a curto prazo. \u201cEntre muitos fatores, a falta de or\u00e7amento \u00e9 o que inviabiliza a realiza\u00e7\u00e3o de um certame p\u00fablico, pelo menos nos pr\u00f3ximos meses. A car\u00eancia de servidores realmente existe, mas estamos impossibilitados, diante deste cen\u00e1rio, de resolver esse problema\u201d, afirmou o desembargador.<\/em><\/strong><\/p>\n\n\n\n<p class=\"has-text-align-left\"><strong><em>A alternativa encontrada pela atual gest\u00e3o do TRE\/AL foi a realiza\u00e7\u00e3o de estudos para dar in\u00edcio a um concurso de remo\u00e7\u00e3o de servidores internamente, preenchendo os cargos vagos nas Zonas Eleitorais do interior. Ap\u00f3s o certame interno, poder\u00e1 haver provimento de cargos com o aproveitamento de candidatos aprovados no \u00faltimo concurso da Justi\u00e7a Federal. \u201cEstamos em ano eleitoral e \u00e9 imperioso que resolvamos estas quest\u00f5es o quanto antes para utilizarmos este acr\u00e9scimo na nossa for\u00e7a de trabalho em benef\u00edcio do pleito. A orienta\u00e7\u00e3o do TSE \u00e9 que os cargos vagos sejam preenchidos obrigatoriamente e estamos tomando todas as medidas ao nosso alcance, dentro da legalidade, para dar cumprimento a isso\u201d, complementou o presidente do TRE\/AL.<\/em>&#8220;<\/strong><\/p>\n\n\n\n<p class=\"has-text-align-left\">A manifesta\u00e7\u00e3o publica reitera o explicitado pelo tribunal em 15 de janeiro deste ano, quando a equipe de jornalismo do Estrat\u00e9gia Concursos entrou em contato perguntando sobre novo certame. \u00c0 \u00e9poca, uma semana antes da publica\u00e7\u00e3o da nova Portaria pelo TSE, o tribunal j\u00e1 havia descartado qualquer previs\u00e3o para um novo concurso em 2020.<\/p>\n\n\n\n<p style=\"font-size:25px\" class=\"has-background has-text-align-center has-very-light-gray-background-color\"><strong><em>Mais informa\u00e7\u00f5es:<\/em> <a href=\"https:\/\/www.estrategiaconcursos.com.br\/blog\/concurso-tre-al\" target=\"_blank\" rel=\"noreferrer noopener\" aria-label=\"Concurso TRE AL  (abre numa nova aba)\">Concurso TRE AL <\/a><\/strong><\/p>\n\n\n\n<h3 class=\"has-text-align-center wp-block-heading\" id=\"cursos-assinatura\"><br \/><strong><em>Quer estudar para o Concurso TRE AL?<\/em><\/strong><\/h3>\n\n\n\n<p class=\"has-text-align-center\"><em><strong>Gostou desta oportunidade e deseja come\u00e7ar se preparar agora mesmo? Ent\u00e3o, confira os nossos cursos e comece a estudar:<\/strong><\/em><\/p>\n\n\n\n<p style=\"font-size:29px\" class=\"has-background has-text-align-center has-light-green-cyan-background-color\"><strong><a href=\"https:\/\/www.estrategiaconcursos.com.br\/cursosPorConcurso\/tribunal-regional-eleitoral-de-alagoas-tre-al\/\" target=\"_blank\" rel=\"noreferrer noopener\" aria-label=\"CURSOS TRE AL (abre numa nova aba)\">CURSOS TRE AL<\/a><\/strong><\/p>\n\n\n\n<p class=\"has-text-align-center has-medium-font-size\"><em><strong>Assinatura Anual Ilimitada*<\/strong><\/em><\/p>\n\n\n\n<p class=\"has-text-align-center\"><em>Prepare-se com o melhor material e com quem mais aprova em Concursos P\u00fablicos em todo o pa\u00eds. Assine agora a nossa Assinatura Anual e tenha acesso ilimitado* a todos os nossos cursos.<\/em><\/p>\n\n\n\n<p style=\"font-size:25px\" class=\"has-background has-text-align-center has-luminous-vivid-amber-background-color\"><strong>ASSINE AGORA<\/strong>&nbsp;\u2013&nbsp;<strong><a rel=\"noreferrer noopener\" aria-label=\"Assinatura Ilimitada (abre numa nova aba)\" href=\"https:\/\/www.estrategiaconcursos.com.br\/assinaturas\" target=\"_blank\">Assinatura Ilimitada<\/a><\/strong><\/p>\n\n\n\n<p class=\"has-text-align-center\"><strong><em>Fique por dentro dos concursos vigentes:<\/em><\/strong><\/p>\n\n\n\n<p style=\"font-size:23px\" class=\"has-background has-text-align-center has-pale-cyan-blue-background-color\"><strong><a href=\"https:\/\/www.estrategiaconcursos.com.br\/blog\/concursos-abertos\/\" target=\"_blank\" rel=\"noreferrer noopener\">CONCURSOS ABERTOS<\/a><\/strong><\/p>\n\n\n\n<p style=\"font-size:23px\" class=\"has-background has-text-align-center has-pale-cyan-blue-background-color\"><strong><a rel=\"noreferrer noopener\" href=\"https:\/\/www.estrategiaconcursos.com.br\/blog\/concursos-2020\/\" target=\"_blank\">CONCURSOS&nbsp;2020<\/a><\/strong><\/p>\n\n\n\n<p style=\"font-size:23px\" class=\"has-background has-text-align-center has-pale-cyan-blue-background-color\"><strong><a rel=\"noreferrer noopener\" href=\"https:\/\/www.estrategiaconcursos.com.br\/blog\/concursos-tribunais-2019\/\" target=\"_blank\">CONCURSOS&nbsp;TRIBUNAIS<\/a><\/strong><\/p>\n\n\n\n<p style=\"font-size:25px\" class=\"has-background has-text-align-center has-light-green-cyan-background-color\"><a href=\"https:\/\/www.estrategiaconcursos.com.br\/blog\/concursos-tre\/\" target=\"_blank\" rel=\"noreferrer noopener\" aria-label=\"Concursos TRE (abre numa nova aba)\"><strong>Concursos TRE<\/strong><\/a> <\/p>\n","protected":false},"excerpt":{"rendered":"<p>De acordo com uma publica\u00e7\u00e3o na rede social oficial do Tribunal Regional Eleitoral do Alagoas, apesar da recente autoriza\u00e7\u00e3o por parte do Tribunal Superior Eleitoral para o provimento de vagas nos diversos tribunais regionais do pa\u00eds, afastando a Portaria que suspendia nomea\u00e7\u00f5es, o \u00f3rg\u00e3o n\u00e3o tem qualquer previs\u00e3o de concurso a curto prazo. Isto porque, [&hellip;]<\/p>\n","protected":false},"author":135,"featured_media":378772,"comment_status":"open","ping_status":"closed","sticky":false,"template":"","format":"standard","meta":{"post_tipo":"article","footnotes":""},"categories":[1],"tags":[],"tax_estado":[],"class_list":["post-477222","post","type-post","status-publish","format-standard","has-post-thumbnail","hentry","category-cursos-e-concursos"],"acf":[],"yoast_head":"<!-- This site is optimized with the Yoast SEO Premium plugin v27.2 (Yoast SEO v27.2) - https:\/\/yoast.com\/product\/yoast-seo-premium-wordpress\/ -->\n<title>Falta de or\u00e7amento inviabiliza certame a curto prazo, diz presidente do TRE AL<\/title>\n<meta name=\"robots\" content=\"index, follow, max-snippet:-1, max-image-preview:large, max-video-preview:-1\" \/>\n<link rel=\"canonical\" href=\"https:\/\/www.estrategiaconcursos.com.br\/blog\/falta-orcamento-inviabiliza-certame-tre-al\/\" \/>\n<meta property=\"og:locale\" content=\"pt_BR\" \/>\n<meta property=\"og:type\" content=\"article\" \/>\n<meta property=\"og:title\" content=\"Falta de or\u00e7amento inviabiliza certame a curto prazo, diz presidente do TRE AL\" \/>\n<meta property=\"og:description\" content=\"De acordo com uma publica\u00e7\u00e3o na rede social oficial do Tribunal Regional Eleitoral do Alagoas, apesar da recente autoriza\u00e7\u00e3o por parte do Tribunal Superior Eleitoral para o provimento de vagas nos diversos tribunais regionais do pa\u00eds, afastando a Portaria que suspendia nomea\u00e7\u00f5es, o \u00f3rg\u00e3o n\u00e3o tem qualquer previs\u00e3o de concurso a curto prazo. Isto porque, [&hellip;]\" \/>\n<meta property=\"og:url\" content=\"https:\/\/www.estrategiaconcursos.com.br\/blog\/falta-orcamento-inviabiliza-certame-tre-al\/\" \/>\n<meta property=\"og:site_name\" content=\"Estrat\u00e9gia Concursos\" \/>\n<meta property=\"article:published_time\" content=\"2020-02-03T19:53:26+00:00\" \/>\n<meta property=\"article:modified_time\" content=\"2020-02-03T23:02:30+00:00\" \/>\n<meta property=\"og:image\" content=\"https:\/\/dhg1h5j42swfq.cloudfront.net\/2019\/05\/27150144\/concursos-tre.jpg\" \/>\n\t<meta property=\"og:image:width\" content=\"401\" \/>\n\t<meta property=\"og:image:height\" content=\"208\" \/>\n\t<meta property=\"og:image:type\" content=\"image\/jpeg\" \/>\n<meta name=\"author\" content=\"Antonio Daud\" \/>\n<meta name=\"twitter:card\" content=\"summary_large_image\" \/>\n<meta name=\"twitter:creator\" content=\"@EstratConcursos\" \/>\n<meta name=\"twitter:site\" content=\"@EstratConcursos\" \/>\n<meta name=\"twitter:label1\" content=\"Escrito por\" \/>\n\t<meta name=\"twitter:data1\" content=\"Antonio Daud\" \/>\n\t<meta name=\"twitter:label2\" content=\"Est. tempo de leitura\" \/>\n\t<meta name=\"twitter:data2\" content=\"3 minutos\" \/>\n<script type=\"application\/ld+json\" class=\"yoast-schema-graph\">{\"@context\":\"https:\/\/schema.org\",\"@graph\":[{\"@type\":\"NewsArticle\",\"@id\":\"https:\/\/www.estrategiaconcursos.com.br\/blog\/falta-orcamento-inviabiliza-certame-tre-al\/#article\",\"isPartOf\":{\"@id\":\"https:\/\/www.estrategiaconcursos.com.br\/blog\/falta-orcamento-inviabiliza-certame-tre-al\/\"},\"author\":{\"name\":\"Antonio Daud\",\"@id\":\"https:\/\/www.estrategiaconcursos.com.br\/blog\/#\/schema\/person\/90692507130b147bb9128fc093141dad\"},\"headline\":\"Falta de or\u00e7amento inviabiliza certame a curto prazo, diz presidente do TRE AL\",\"datePublished\":\"2020-02-03T19:53:26+00:00\",\"dateModified\":\"2020-02-03T23:02:30+00:00\",\"mainEntityOfPage\":{\"@id\":\"https:\/\/www.estrategiaconcursos.com.br\/blog\/falta-orcamento-inviabiliza-certame-tre-al\/\"},\"wordCount\":631,\"commentCount\":0,\"publisher\":{\"@id\":\"https:\/\/www.estrategiaconcursos.com.br\/blog\/#organization\"},\"image\":{\"@id\":\"https:\/\/www.estrategiaconcursos.com.br\/blog\/falta-orcamento-inviabiliza-certame-tre-al\/#primaryimage\"},\"thumbnailUrl\":\"https:\/\/dhg1h5j42swfq.cloudfront.net\/2019\/05\/27150144\/concursos-tre.jpg\",\"articleSection\":[\"Concursos P\u00fablicos\"],\"inLanguage\":\"pt-BR\",\"potentialAction\":[{\"@type\":\"CommentAction\",\"name\":\"Comment\",\"target\":[\"https:\/\/www.estrategiaconcursos.com.br\/blog\/falta-orcamento-inviabiliza-certame-tre-al\/#respond\"]}],\"copyrightYear\":\"2020\",\"copyrightHolder\":{\"@id\":\"https:\/\/www.estrategiaconcursos.com.br\/blog\/#organization\"}},{\"@type\":\"WebPage\",\"@id\":\"https:\/\/www.estrategiaconcursos.com.br\/blog\/falta-orcamento-inviabiliza-certame-tre-al\/\",\"url\":\"https:\/\/www.estrategiaconcursos.com.br\/blog\/falta-orcamento-inviabiliza-certame-tre-al\/\",\"name\":\"Falta de or\u00e7amento inviabiliza certame a curto prazo, diz presidente do TRE AL\",\"isPartOf\":{\"@id\":\"https:\/\/www.estrategiaconcursos.com.br\/blog\/#website\"},\"primaryImageOfPage\":{\"@id\":\"https:\/\/www.estrategiaconcursos.com.br\/blog\/falta-orcamento-inviabiliza-certame-tre-al\/#primaryimage\"},\"image\":{\"@id\":\"https:\/\/www.estrategiaconcursos.com.br\/blog\/falta-orcamento-inviabiliza-certame-tre-al\/#primaryimage\"},\"thumbnailUrl\":\"https:\/\/dhg1h5j42swfq.cloudfront.net\/2019\/05\/27150144\/concursos-tre.jpg\",\"datePublished\":\"2020-02-03T19:53:26+00:00\",\"dateModified\":\"2020-02-03T23:02:30+00:00\",\"breadcrumb\":{\"@id\":\"https:\/\/www.estrategiaconcursos.com.br\/blog\/falta-orcamento-inviabiliza-certame-tre-al\/#breadcrumb\"},\"inLanguage\":\"pt-BR\",\"potentialAction\":[{\"@type\":\"ReadAction\",\"target\":[\"https:\/\/www.estrategiaconcursos.com.br\/blog\/falta-orcamento-inviabiliza-certame-tre-al\/\"]}]},{\"@type\":\"ImageObject\",\"inLanguage\":\"pt-BR\",\"@id\":\"https:\/\/www.estrategiaconcursos.com.br\/blog\/falta-orcamento-inviabiliza-certame-tre-al\/#primaryimage\",\"url\":\"https:\/\/dhg1h5j42swfq.cloudfront.net\/2019\/05\/27150144\/concursos-tre.jpg\",\"contentUrl\":\"https:\/\/dhg1h5j42swfq.cloudfront.net\/2019\/05\/27150144\/concursos-tre.jpg\",\"width\":401,\"height\":208,\"caption\":\"Tribunais Eleitorais\"},{\"@type\":\"BreadcrumbList\",\"@id\":\"https:\/\/www.estrategiaconcursos.com.br\/blog\/falta-orcamento-inviabiliza-certame-tre-al\/#breadcrumb\",\"itemListElement\":[{\"@type\":\"ListItem\",\"position\":1,\"name\":\"In\u00edcio\",\"item\":\"https:\/\/www.estrategiaconcursos.com.br\/blog\/\"},{\"@type\":\"ListItem\",\"position\":2,\"name\":\"Falta de or\u00e7amento inviabiliza certame a curto prazo, diz presidente do TRE AL\"}]},{\"@type\":\"WebSite\",\"@id\":\"https:\/\/www.estrategiaconcursos.com.br\/blog\/#website\",\"url\":\"https:\/\/www.estrategiaconcursos.com.br\/blog\/\",\"name\":\"Estrat\u00e9gia Concursos\",\"description\":\"O blog da Estrat\u00e9gia Concursos traz not\u00edcias sobre concursos e artigos de professores oferecendo cursos para concursos (pdf + videaulas) no site.\",\"publisher\":{\"@id\":\"https:\/\/www.estrategiaconcursos.com.br\/blog\/#organization\"},\"potentialAction\":[{\"@type\":\"SearchAction\",\"target\":{\"@type\":\"EntryPoint\",\"urlTemplate\":\"https:\/\/www.estrategiaconcursos.com.br\/blog\/?s={search_term_string}\"},\"query-input\":{\"@type\":\"PropertyValueSpecification\",\"valueRequired\":true,\"valueName\":\"search_term_string\"}}],\"inLanguage\":\"pt-BR\"},{\"@type\":\"Organization\",\"@id\":\"https:\/\/www.estrategiaconcursos.com.br\/blog\/#organization\",\"name\":\"Estrat\u00e9gia Concursos\",\"url\":\"https:\/\/www.estrategiaconcursos.com.br\/blog\/\",\"logo\":{\"@type\":\"ImageObject\",\"inLanguage\":\"pt-BR\",\"@id\":\"https:\/\/www.estrategiaconcursos.com.br\/blog\/#\/schema\/logo\/image\/\",\"url\":\"https:\/\/dhg1h5j42swfq.cloudfront.net\/2025\/06\/03203428\/logo_concursos-1.jpg\",\"contentUrl\":\"https:\/\/dhg1h5j42swfq.cloudfront.net\/2025\/06\/03203428\/logo_concursos-1.jpg\",\"width\":230,\"height\":60,\"caption\":\"Estrat\u00e9gia Concursos\"},\"image\":{\"@id\":\"https:\/\/www.estrategiaconcursos.com.br\/blog\/#\/schema\/logo\/image\/\"},\"sameAs\":[\"https:\/\/x.com\/EstratConcursos\"]},{\"@type\":\"Person\",\"@id\":\"https:\/\/www.estrategiaconcursos.com.br\/blog\/#\/schema\/person\/90692507130b147bb9128fc093141dad\",\"name\":\"Antonio Daud\",\"image\":{\"@type\":\"ImageObject\",\"inLanguage\":\"pt-BR\",\"@id\":\"https:\/\/secure.gravatar.com\/avatar\/9a6539d0d807c3d7c2aaa709166f9aa9824103126593f30916973bcaedf16896?s=96&d=mm&r=g\",\"url\":\"https:\/\/secure.gravatar.com\/avatar\/9a6539d0d807c3d7c2aaa709166f9aa9824103126593f30916973bcaedf16896?s=96&d=mm&r=g\",\"contentUrl\":\"https:\/\/secure.gravatar.com\/avatar\/9a6539d0d807c3d7c2aaa709166f9aa9824103126593f30916973bcaedf16896?s=96&d=mm&r=g\",\"caption\":\"Antonio Daud\"},\"description\":\"Antonio Daud J\u00fanior \u00e9 bacharel em Engenharia El\u00e9trica e em Direito. Foi Analista de Finan\u00e7as e Controle da Controladoria-Geral da Uni\u00e3o\/Presid\u00eancia da Rep\u00fablica (CGU\/PR), aprovado no concurso de 2008. Atualmente \u00e9 Auditor Federal de Controle Externo (AUFC) do Tribunal de Contas da Uni\u00e3o (TCU), aprovado tamb\u00e9m em 2008.\",\"sameAs\":[\"https:\/\/www.instagram.com\/professordaud\/?hl=en\"],\"url\":\"https:\/\/www.estrategiaconcursos.com.br\/blog\/author\/antoniodaudestrategiaconcursos-com-br\/\"}]}<\/script>\n<!-- \/ Yoast SEO Premium plugin. -->","yoast_head_json":{"title":"Falta de or\u00e7amento inviabiliza certame a curto prazo, diz presidente do TRE AL","robots":{"index":"index","follow":"follow","max-snippet":"max-snippet:-1","max-image-preview":"max-image-preview:large","max-video-preview":"max-video-preview:-1"},"canonical":"https:\/\/www.estrategiaconcursos.com.br\/blog\/falta-orcamento-inviabiliza-certame-tre-al\/","og_locale":"pt_BR","og_type":"article","og_title":"Falta de or\u00e7amento inviabiliza certame a curto prazo, diz presidente do TRE AL","og_description":"De acordo com uma publica\u00e7\u00e3o na rede social oficial do Tribunal Regional Eleitoral do Alagoas, apesar da recente autoriza\u00e7\u00e3o por parte do Tribunal Superior Eleitoral para o provimento de vagas nos diversos tribunais regionais do pa\u00eds, afastando a Portaria que suspendia nomea\u00e7\u00f5es, o \u00f3rg\u00e3o n\u00e3o tem qualquer previs\u00e3o de concurso a curto prazo. Isto porque, [&hellip;]","og_url":"https:\/\/www.estrategiaconcursos.com.br\/blog\/falta-orcamento-inviabiliza-certame-tre-al\/","og_site_name":"Estrat\u00e9gia Concursos","article_published_time":"2020-02-03T19:53:26+00:00","article_modified_time":"2020-02-03T23:02:30+00:00","og_image":[{"width":401,"height":208,"url":"https:\/\/dhg1h5j42swfq.cloudfront.net\/2019\/05\/27150144\/concursos-tre.jpg","type":"image\/jpeg"}],"author":"Antonio Daud","twitter_card":"summary_large_image","twitter_creator":"@EstratConcursos","twitter_site":"@EstratConcursos","twitter_misc":{"Escrito por":"Antonio Daud","Est. tempo de leitura":"3 minutos"},"schema":{"@context":"https:\/\/schema.org","@graph":[{"@type":"NewsArticle","@id":"https:\/\/www.estrategiaconcursos.com.br\/blog\/falta-orcamento-inviabiliza-certame-tre-al\/#article","isPartOf":{"@id":"https:\/\/www.estrategiaconcursos.com.br\/blog\/falta-orcamento-inviabiliza-certame-tre-al\/"},"author":{"name":"Antonio Daud","@id":"https:\/\/www.estrategiaconcursos.com.br\/blog\/#\/schema\/person\/90692507130b147bb9128fc093141dad"},"headline":"Falta de or\u00e7amento inviabiliza certame a curto prazo, diz presidente do TRE AL","datePublished":"2020-02-03T19:53:26+00:00","dateModified":"2020-02-03T23:02:30+00:00","mainEntityOfPage":{"@id":"https:\/\/www.estrategiaconcursos.com.br\/blog\/falta-orcamento-inviabiliza-certame-tre-al\/"},"wordCount":631,"commentCount":0,"publisher":{"@id":"https:\/\/www.estrategiaconcursos.com.br\/blog\/#organization"},"image":{"@id":"https:\/\/www.estrategiaconcursos.com.br\/blog\/falta-orcamento-inviabiliza-certame-tre-al\/#primaryimage"},"thumbnailUrl":"https:\/\/dhg1h5j42swfq.cloudfront.net\/2019\/05\/27150144\/concursos-tre.jpg","articleSection":["Concursos P\u00fablicos"],"inLanguage":"pt-BR","potentialAction":[{"@type":"CommentAction","name":"Comment","target":["https:\/\/www.estrategiaconcursos.com.br\/blog\/falta-orcamento-inviabiliza-certame-tre-al\/#respond"]}],"copyrightYear":"2020","copyrightHolder":{"@id":"https:\/\/www.estrategiaconcursos.com.br\/blog\/#organization"}},{"@type":"WebPage","@id":"https:\/\/www.estrategiaconcursos.com.br\/blog\/falta-orcamento-inviabiliza-certame-tre-al\/","url":"https:\/\/www.estrategiaconcursos.com.br\/blog\/falta-orcamento-inviabiliza-certame-tre-al\/","name":"Falta de or\u00e7amento inviabiliza certame a curto prazo, diz presidente do TRE AL","isPartOf":{"@id":"https:\/\/www.estrategiaconcursos.com.br\/blog\/#website"},"primaryImageOfPage":{"@id":"https:\/\/www.estrategiaconcursos.com.br\/blog\/falta-orcamento-inviabiliza-certame-tre-al\/#primaryimage"},"image":{"@id":"https:\/\/www.estrategiaconcursos.com.br\/blog\/falta-orcamento-inviabiliza-certame-tre-al\/#primaryimage"},"thumbnailUrl":"https:\/\/dhg1h5j42swfq.cloudfront.net\/2019\/05\/27150144\/concursos-tre.jpg","datePublished":"2020-02-03T19:53:26+00:00","dateModified":"2020-02-03T23:02:30+00:00","breadcrumb":{"@id":"https:\/\/www.estrategiaconcursos.com.br\/blog\/falta-orcamento-inviabiliza-certame-tre-al\/#breadcrumb"},"inLanguage":"pt-BR","potentialAction":[{"@type":"ReadAction","target":["https:\/\/www.estrategiaconcursos.com.br\/blog\/falta-orcamento-inviabiliza-certame-tre-al\/"]}]},{"@type":"ImageObject","inLanguage":"pt-BR","@id":"https:\/\/www.estrategiaconcursos.com.br\/blog\/falta-orcamento-inviabiliza-certame-tre-al\/#primaryimage","url":"https:\/\/dhg1h5j42swfq.cloudfront.net\/2019\/05\/27150144\/concursos-tre.jpg","contentUrl":"https:\/\/dhg1h5j42swfq.cloudfront.net\/2019\/05\/27150144\/concursos-tre.jpg","width":401,"height":208,"caption":"Tribunais Eleitorais"},{"@type":"BreadcrumbList","@id":"https:\/\/www.estrategiaconcursos.com.br\/blog\/falta-orcamento-inviabiliza-certame-tre-al\/#breadcrumb","itemListElement":[{"@type":"ListItem","position":1,"name":"In\u00edcio","item":"https:\/\/www.estrategiaconcursos.com.br\/blog\/"},{"@type":"ListItem","position":2,"name":"Falta de or\u00e7amento inviabiliza certame a curto prazo, diz presidente do TRE AL"}]},{"@type":"WebSite","@id":"https:\/\/www.estrategiaconcursos.com.br\/blog\/#website","url":"https:\/\/www.estrategiaconcursos.com.br\/blog\/","name":"Estrat\u00e9gia Concursos","description":"O blog da Estrat\u00e9gia Concursos traz not\u00edcias sobre concursos e artigos de professores oferecendo cursos para concursos (pdf + videaulas) no site.","publisher":{"@id":"https:\/\/www.estrategiaconcursos.com.br\/blog\/#organization"},"potentialAction":[{"@type":"SearchAction","target":{"@type":"EntryPoint","urlTemplate":"https:\/\/www.estrategiaconcursos.com.br\/blog\/?s={search_term_string}"},"query-input":{"@type":"PropertyValueSpecification","valueRequired":true,"valueName":"search_term_string"}}],"inLanguage":"pt-BR"},{"@type":"Organization","@id":"https:\/\/www.estrategiaconcursos.com.br\/blog\/#organization","name":"Estrat\u00e9gia Concursos","url":"https:\/\/www.estrategiaconcursos.com.br\/blog\/","logo":{"@type":"ImageObject","inLanguage":"pt-BR","@id":"https:\/\/www.estrategiaconcursos.com.br\/blog\/#\/schema\/logo\/image\/","url":"https:\/\/dhg1h5j42swfq.cloudfront.net\/2025\/06\/03203428\/logo_concursos-1.jpg","contentUrl":"https:\/\/dhg1h5j42swfq.cloudfront.net\/2025\/06\/03203428\/logo_concursos-1.jpg","width":230,"height":60,"caption":"Estrat\u00e9gia Concursos"},"image":{"@id":"https:\/\/www.estrategiaconcursos.com.br\/blog\/#\/schema\/logo\/image\/"},"sameAs":["https:\/\/x.com\/EstratConcursos"]},{"@type":"Person","@id":"https:\/\/www.estrategiaconcursos.com.br\/blog\/#\/schema\/person\/90692507130b147bb9128fc093141dad","name":"Antonio Daud","image":{"@type":"ImageObject","inLanguage":"pt-BR","@id":"https:\/\/secure.gravatar.com\/avatar\/9a6539d0d807c3d7c2aaa709166f9aa9824103126593f30916973bcaedf16896?s=96&d=mm&r=g","url":"https:\/\/secure.gravatar.com\/avatar\/9a6539d0d807c3d7c2aaa709166f9aa9824103126593f30916973bcaedf16896?s=96&d=mm&r=g","contentUrl":"https:\/\/secure.gravatar.com\/avatar\/9a6539d0d807c3d7c2aaa709166f9aa9824103126593f30916973bcaedf16896?s=96&d=mm&r=g","caption":"Antonio Daud"},"description":"Antonio Daud J\u00fanior \u00e9 bacharel em Engenharia El\u00e9trica e em Direito. Foi Analista de Finan\u00e7as e Controle da Controladoria-Geral da Uni\u00e3o\/Presid\u00eancia da Rep\u00fablica (CGU\/PR), aprovado no concurso de 2008. Atualmente \u00e9 Auditor Federal de Controle Externo (AUFC) do Tribunal de Contas da Uni\u00e3o (TCU), aprovado tamb\u00e9m em 2008.","sameAs":["https:\/\/www.instagram.com\/professordaud\/?hl=en"],"url":"https:\/\/www.estrategiaconcursos.com.br\/blog\/author\/antoniodaudestrategiaconcursos-com-br\/"}]}},"_links":{"self":[{"href":"https:\/\/www.estrategiaconcursos.com.br\/blog\/wp-json\/wp\/v2\/posts\/477222","targetHints":{"allow":["GET"]}}],"collection":[{"href":"https:\/\/www.estrategiaconcursos.com.br\/blog\/wp-json\/wp\/v2\/posts"}],"about":[{"href":"https:\/\/www.estrategiaconcursos.com.br\/blog\/wp-json\/wp\/v2\/types\/post"}],"author":[{"embeddable":true,"href":"https:\/\/www.estrategiaconcursos.com.br\/blog\/wp-json\/wp\/v2\/users\/135"}],"replies":[{"embeddable":true,"href":"https:\/\/www.estrategiaconcursos.com.br\/blog\/wp-json\/wp\/v2\/comments?post=477222"}],"version-history":[{"count":7,"href":"https:\/\/www.estrategiaconcursos.com.br\/blog\/wp-json\/wp\/v2\/posts\/477222\/revisions"}],"predecessor-version":[{"id":477304,"href":"https:\/\/www.estrategiaconcursos.com.br\/blog\/wp-json\/wp\/v2\/posts\/477222\/revisions\/477304"}],"wp:featuredmedia":[{"embeddable":true,"href":"https:\/\/www.estrategiaconcursos.com.br\/blog\/wp-json\/wp\/v2\/media\/378772"}],"wp:attachment":[{"href":"https:\/\/www.estrategiaconcursos.com.br\/blog\/wp-json\/wp\/v2\/media?parent=477222"}],"wp:term":[{"taxonomy":"category","embeddable":true,"href":"https:\/\/www.estrategiaconcursos.com.br\/blog\/wp-json\/wp\/v2\/categories?post=477222"},{"taxonomy":"post_tag","embeddable":true,"href":"https:\/\/www.estrategiaconcursos.com.br\/blog\/wp-json\/wp\/v2\/tags?post=477222"},{"taxonomy":"tax_estado","embeddable":true,"href":"https:\/\/www.estrategiaconcursos.com.br\/blog\/wp-json\/wp\/v2\/tax_estado?post=477222"}],"curies":[{"name":"wp","href":"https:\/\/api.w.org\/{rel}","templated":true}]}}