{"id":477215,"date":"2020-08-01T00:00:00","date_gmt":"2020-08-01T03:00:00","guid":{"rendered":"https:\/\/www.estrategiaconcursos.com.br\/blog\/?p=477215"},"modified":"2023-01-06T10:10:04","modified_gmt":"2023-01-06T13:10:04","slug":"edital-concurso-prefeitura-de-gravata","status":"publish","type":"post","link":"https:\/\/www.estrategiaconcursos.com.br\/blog\/edital-concurso-prefeitura-de-gravata\/","title":{"rendered":"Edital Prefeitura de Gravat\u00e1: inscri\u00e7\u00f5es encerradas; 515 vagas"},"content":{"rendered":"\n<p>O edital do concurso p\u00fablico da Prefeitura Municipal de Gravat\u00e1, estado do Pernambuco, oferta 515 vagas distribu\u00eddas entre cargos de n\u00edvel fundamental, m\u00e9dio, t\u00e9cnico e superior.<\/p>\n\n\n\n<p>Os interessados em participar da sele\u00e7\u00e3o puderam realizar as inscri\u00e7\u00f5es no per\u00edodo de 02 de mar\u00e7o a 31 de maio, no site da banca organizadora, <strong>ADM&amp;TEC<\/strong>. As taxas foram definidas de acordo com o cargo pretendido, sendo:<\/p>\n\n\n\n<ul class=\"wp-block-list\"><li><strong>N\u00edvel fundamental:<\/strong>&nbsp;R$ 50,00<\/li><li><strong>N\u00edvel m\u00e9dio e t\u00e9cnico:<\/strong>&nbsp;R$ 70,00<\/li><li><strong>N\u00edvel superior:&nbsp;<\/strong>R$ 80,00<\/li><\/ul>\n\n\n\n<h2 class=\"wp-block-heading\" id=\"datas\">Principais datas do <strong>edital <\/strong>Prefeitura de Gravat\u00e1<\/h2>\n\n\n\n<p class=\"has-very-light-gray-background-color has-background\"><strong>Inscri\u00e7\u00f5es<\/strong>: <s>02 de mar\u00e7o a 31 de maio<\/s> <br \/><strong>Isen\u00e7\u00e3o da taxa<\/strong>: <s>02 a 04 de mar\u00e7o<\/s><br \/><strong>\u00daltimo dia para pagamento<\/strong>: 07 de agosto<br \/><strong>Provas<\/strong>: Suspensas<\/p>\n\n\n\n<h2 class=\"wp-block-heading\" id=\"cargos-vagas\">Cargos e vagas do <strong>edital <\/strong>Prefeitura de Gravat\u00e1<\/h2>\n\n\n\n<h3 class=\"wp-block-heading\">N\u00edvel fundamental<\/h3>\n\n\n\n<figure class=\"wp-block-table is-style-stripes\"><table class=\"has-background has-fixed-layout\" style=\"background-color:#e7f5fe\"><tbody><tr><td><strong>Cargo<\/strong><\/td><td><strong>Vagas<\/strong><\/td><\/tr><tr><td> AGENTE DE LIMPEZA DE CANAIS <\/td><td> 2 <\/td><\/tr><tr><td> APREENDEDOR (A) DE ANIMAIS <\/td><td> 1 <\/td><\/tr><tr><td> AUXILIAR DE COZINHA HOSPITALAR <\/td><td> 3 <\/td><\/tr><tr><td> AUXILIAR DE CUIDADOR <\/td><td> 2 <\/td><\/tr><tr><td> AUXILIAR DE MEC\u00c2NICO <\/td><td> 1  <\/td><\/tr><tr><td> AUXILIAR DE SANEAMENTO <\/td><td> 4 <\/td><\/tr><tr><td> AUXILIAR DE SERVI\u00c7OS ADMINISTRATIVOS EDUCACIONAIS  <\/td><td>26<\/td><\/tr><tr><td> AUXILIAR DE SERVI\u00c7OS GERAIS <\/td><td> 19 <\/td><\/tr><tr><td> BOIADEIRO (A) <\/td><td> 2 <\/td><\/tr><tr><td> BORRACHEIRO (A)  <\/td><td> 2 <\/td><\/tr><tr><td> COPEIRO (A) <\/td><td> 2 <\/td><\/tr><tr><td> COVEIRO (A)  <\/td><td> 4 <\/td><\/tr><tr><td> COZINHEIRO (A) HOSPITALAR  <\/td><td> 2 <\/td><\/tr><tr><td> GARI <\/td><td> 2 <\/td><\/tr><tr><td> JARDINEIRO (A) <\/td><td> 4 <\/td><\/tr><tr><td> MAQUEIRO (A) <\/td><td> 4 <\/td><\/tr><tr><td> OPERADOR (A) DE M\u00c1QUINAS <\/td><td> 2 <\/td><\/tr><tr><td> OPERADOR (A) DE M\u00c1QUINAS PESADAS <\/td><td> 3 <\/td><\/tr><tr><td> PEDREIRO (A)  <\/td><td> 2 <\/td><\/tr><tr><td> PINTOR (A) <\/td><td> 1 <\/td><\/tr><tr><td> PODADOR (A) <\/td><td> 2 <\/td><\/tr><tr><td> SERRALHEIRO (A) <\/td><td> 1 <\/td><\/tr><tr><td> SERVENTE DE PEDREIRO (A)  <\/td><td> 2 <\/td><\/tr><tr><td> TRATADOR (A) DE ANIMAIS <\/td><td> 1 <\/td><\/tr><tr><td> VIGILANTE <\/td><td> 15 <\/td><\/tr><\/tbody><\/table><\/figure>\n\n\n\n<h3 class=\"wp-block-heading\">N\u00edvel m\u00e9dio<\/h3>\n\n\n\n<figure class=\"wp-block-table is-style-stripes\"><table class=\"has-background has-fixed-layout\" style=\"background-color:#e7f5fe\"><tbody><tr><td><strong>Cargo<\/strong><\/td><td><strong>Vagas<\/strong><\/td><\/tr><tr><td> AGENTE COMUNIT\u00c1RIO (A) DE SA\u00daDE <\/td><td> 13<\/td><\/tr><tr><td> AGENTE DE COMBATE \u00c0S ENDEMIAS <\/td><td> 9 <\/td><\/tr><tr><td> AGENTE DE DEFESA CIVIL <\/td><td> 2 <\/td><\/tr><tr><td> AGENTE SOCIAL <\/td><td> 6 <\/td><\/tr><tr><td> ALMOXARIFE <\/td><td> 1 <\/td><\/tr><tr><td> ASSISTENTE ADMINISTRATIVO (A) <\/td><td> 14 <\/td><\/tr><tr><td> AUXILIAR ADMINISTRATIVO (A) <\/td><td> 26<\/td><\/tr><tr><td> AUXILIAR DE SA\u00daDE BUCAL  <\/td><td> 5 <\/td><\/tr><tr><td> CADISTA <\/td><td> 1 <\/td><\/tr><tr><td> CONDUTOR (A) DE VE\u00cdCULO DE URG\u00caNCIA <\/td><td> 6 <\/td><\/tr><tr><td> CUIDADOR (A) DE SALA <\/td><td> 8<\/td><\/tr><tr><td> CUIDADOR (A) SOCIAL <\/td><td> 4 <\/td><\/tr><tr><td> FISCAL DE ATERRO SANIT\u00c1RIO <\/td><td> 2 <\/td><\/tr><tr><td> FISCAL DESENVOLVIMENTO ECON\u00d4MICO <\/td><td> 2 <\/td><\/tr><tr><td> FOT\u00d3GRAFO (A)  <\/td><td> 1 <\/td><\/tr><tr><td> GUARDA MUNICIPAL <\/td><td><\/td><\/tr><tr><td> IDENTIFICADOR (A) CIVIL <\/td><td> 1 <\/td><\/tr><tr><td> INT\u00c9RPRETE DE LIBRAS <\/td><td> 3<\/td><\/tr><tr><td> MONITOR (A) DE TRANSPORTE ESCOLAR  <\/td><td> 5<\/td><\/tr><tr><td> MOTORISTA <\/td><td> 18<\/td><\/tr><tr><td> PROFESSOR (A) ANOS INICIAIS, EDUCA\u00c7\u00c3O INFANTIL E EDUCA\u00c7\u00c3O DE JOVENS E ADULTOS (FASES I E II) <\/td><td> 17<\/td><\/tr><tr><td> PROFESSOR (A) AUXILIAR <\/td><td> 15<\/td><\/tr><\/tbody><\/table><\/figure>\n\n\n\n<h3 class=\"wp-block-heading\">N\u00edvel t\u00e9cnico<\/h3>\n\n\n\n<figure class=\"wp-block-table is-style-stripes\"><table class=\"has-background has-fixed-layout\" style=\"background-color:#e7f5fe\"><tbody><tr><td><strong>Cargo<\/strong><\/td><td><strong>Vagas<\/strong><\/td><\/tr><tr><td> ELETRICISTA <\/td><td> 1 <\/td><\/tr><tr><td> ENCANADOR (A) <\/td><td> 1 <\/td><\/tr><tr><td> FISCAL AMBIENTAL <\/td><td> 2 <\/td><\/tr><tr><td> FISCAL DE OBRAS <\/td><td> 4 <\/td><\/tr><tr><td> FISCAL DE SANEAMENTO <\/td><td> 1 <\/td><\/tr><tr><td> MEC\u00c2NICO (A) DE M\u00c1QUINAS <\/td><td> 1 <\/td><\/tr><tr><td> MESTRE DE OBRAS <\/td><td> 1 <\/td><\/tr><tr><td> T\u00c9CNICO (A) DE ENFERMAGEM CONDUTOR DE MOTOL\u00c2NCIA <\/td><td> 4 <\/td><\/tr><tr><td> T\u00c9CNICO (A) DE INFORM\u00c1TICA <\/td><td> 3 <\/td><\/tr><tr><td> T\u00c9CNICO (A) DE LABORAT\u00d3RIO E AN\u00c1LISE CL\u00cdNICA <\/td><td> 2 <\/td><\/tr><tr><td> T\u00c9CNICO (A) DE REDE <\/td><td> 1 <\/td><\/tr><tr><td> T\u00c9CNICO (A) EM EDIFICA\u00c7\u00d5ES <\/td><td> 2 <\/td><\/tr><tr><td> T\u00c9CNICO (A) EM ENFERMAGEM <\/td><td> 20 <\/td><\/tr><tr><td> T\u00c9CNICO (A) EM IMOBILIZA\u00c7\u00c3O ORTOP\u00c9DICA <\/td><td> 2 <\/td><\/tr><tr><td> T\u00c9CNICO (A) EM RADIOLOGIA <\/td><td> 4 <\/td><\/tr><tr><td> T\u00c9CNICO (A) EM SANEAMENTO <\/td><td> 1 <\/td><\/tr><tr><td> T\u00c9CNICO (A) EM SA\u00daDE BUCAL  <\/td><td> 1 <\/td><\/tr><tr><td> T\u00c9CNICO (A) EM SEGURAN\u00c7A DO TRABALHO <\/td><td> 1 <\/td><\/tr><tr><td> T\u00c9CNICO (A) EM ZOOTECNIA <\/td><td> 1 <\/td><\/tr><tr><td> TOP\u00d3GRAFO (A)  <\/td><td> 1 <\/td><\/tr><\/tbody><\/table><\/figure>\n\n\n\n<h3 class=\"wp-block-heading\">N\u00edvel superior<\/h3>\n\n\n\n<figure class=\"wp-block-table is-style-stripes\"><table class=\"has-background has-fixed-layout\" style=\"background-color:#e7f5fe\"><tbody><tr><td><strong>Cargo<\/strong><\/td><td><strong>Vagas<\/strong><\/td><\/tr><tr><td> ADMINISTRADOR (A) <\/td><td> 1 <\/td><\/tr><tr><td> ADMINISTRADOR (A) DE REDES <\/td><td> 1 <\/td><\/tr><tr><td> ADVOGADO (A) <\/td><td> 4 <\/td><\/tr><tr><td> ANALISTA CL\u00cdNICO <\/td><td> 1 <\/td><\/tr><tr><td> ANALISTA DE CONTABILIDADE  <\/td><td> 1 <\/td><\/tr><tr><td> ANALISTA DE CONTROLE INTERNO <\/td><td> 1 <\/td><\/tr><tr><td> ANALISTA DE DESENVOLVIMENTO CULTURAL <\/td><td> 1 <\/td><\/tr><tr><td> ANALISTA DE PROJETOS <\/td><td> 1 <\/td><\/tr><tr><td> ARQUITETO (A)  <\/td><td> 2 <\/td><\/tr><tr><td> ASSISTENTE SOCIAL <\/td><td> 2 <\/td><\/tr><tr><td> AUDITOR (A) <\/td><td> 2 <\/td><\/tr><tr><td> BIBLIOTEC\u00c1RIO (A)  <\/td><td> 1 <\/td><\/tr><tr><td> BI\u00d3LOGO (A) <\/td><td> 1 <\/td><\/tr><tr><td> CIRURGI\u00c3O (\u00c3) DENTISTA <\/td><td> 11<\/td><\/tr><tr><td> CONTADOR (A) <\/td><td> 2<\/td><\/tr><tr><td> DESENVOLVEDOR (A) DE WEB BACK END <\/td><td> 1 <\/td><\/tr><tr><td> DESENVOLVEDOR (A) DE WEB FRONT END <\/td><td> 1 <\/td><\/tr><tr><td> ECONOMISTA (A) <\/td><td> 1 <\/td><\/tr><tr><td> EDUCADOR (A) F\u00cdSICO (A) <\/td><td> 4<\/td><\/tr><tr><td> ENFERMEIRO (A)  <\/td><td> 20<\/td><\/tr><tr><td> ENGENHEIRO (A) [v\u00e1rios]<\/td><td> 5<\/td><\/tr><tr><td> FARMAC\u00caUTICO (A) <\/td><td> 2<\/td><\/tr><tr><td> FISIOTERAPEUTA (A) <\/td><td> 4<\/td><\/tr><tr><td> FONOAUDI\u00d3LOGO (A) <\/td><td> 2<\/td><\/tr><tr><td> JORNALISTA <\/td><td> 1 <\/td><\/tr><tr><td> M\u00c9DICO (A) [v\u00e1rios]<\/td><td> 46<\/td><\/tr><tr><td> MONITOR (A) DE BANDA <\/td><td> 4<\/td><\/tr><tr><td> MUSE\u00d3LOGO (A) <\/td><td> 1 <\/td><\/tr><tr><td> NUTRICIONISTA <\/td><td> 4<\/td><\/tr><tr><td> PEDAGOGO (A)  <\/td><td> 1 <\/td><\/tr><tr><td> PROCURADOR (A) <\/td><td> 2<\/td><\/tr><tr><td> PROFESSOR (A) ANOS FINAIS [v\u00e1rios]<\/td><td> 23<\/td><\/tr><tr><td> PSIC\u00d3LOGO (A) <\/td><td> 8<\/td><\/tr><tr><td> PSICOPEDAGOGO (A) <\/td><td> 1 <\/td><\/tr><tr><td> SOCI\u00d3LOGO (A)  <\/td><td> 1 <\/td><\/tr><tr><td> T\u00c9CNICO (A) DE TESOURO <\/td><td> 1 <\/td><\/tr><tr><td> TERAPEUTA OCUPACIONAL <\/td><td> 1 <\/td><\/tr><tr><td> TURISM\u00d3LOGO (A) <\/td><td> 1 <\/td><\/tr><tr><td> VETERIN\u00c1RIO (A)  <\/td><td> 1 <\/td><\/tr><tr><td> ZOOTECNISTA <\/td><td> 1 <\/td><\/tr><\/tbody><\/table><\/figure>\n\n\n\n<h2 class=\"wp-block-heading\" id=\"etapas\">Etapas e provas do <strong>edital <\/strong>Prefeitura de Gravat\u00e1<\/h2>\n\n\n\n<p>Conforme edital, o concurso da Prefeitura de Gravat\u00e1 ser\u00e1 constitu\u00eddo das seguintes etapas:<\/p>\n\n\n\n<ol class=\"wp-block-list\"><li><strong>Prova Objetiva<\/strong><\/li><li><strong>Prova de T\u00edtulos<\/strong><\/li><li><strong>Teste de Aptid\u00e3o F\u00edsica<\/strong><\/li><li><strong>Investiga\u00e7\u00e3o Social<\/strong><\/li><li><strong>Curso de Forma\u00e7\u00e3o<\/strong><\/li><\/ol>\n\n\n\n<h3 class=\"wp-block-heading\">Prova Objetiva<\/h3>\n\n\n\n<p>A prova objetiva ser\u00e1 composta de 50 quest\u00f5es, com 4 alternativas cada, sendo 20 quest\u00f5es de conhecimentos gerais e 30 de conhecimentos espec\u00edficos. Cada quest\u00e3o valer\u00e1 1,00 ponto, onde a pontua\u00e7\u00e3o m\u00e1xima ser\u00e1 de 50 pontos.<\/p>\n\n\n\n<p>Ser\u00e1 desclassificado o candidato que obtiver nota inferior a 25 pontos na prova objetiva.<\/p>\n\n\n\n<p class=\"has-medium-font-size\"><strong>N\u00edvel fundamental:<\/strong><\/p>\n\n\n\n<ul class=\"wp-block-list\"><li><strong><em>Conhecimentos Gerais<\/em><\/strong><ul><li>L\u00edngua Portuguesa &#8211; 10 quest\u00f5es<\/li><li>Matem\u00e1tica &#8211; 10 quest\u00f5es <\/li><\/ul><\/li><li><strong><em>Conhecimentos Espec\u00edficos <\/em><\/strong><em>&#8211; 30 quest\u00f5es<\/em><\/li><\/ul>\n\n\n\n<p class=\"has-medium-font-size\"><strong>N\u00edvel m\u00e9dio e t\u00e9cnico:<\/strong><\/p>\n\n\n\n<ul class=\"wp-block-list\"><li><strong><em>Conhecimentos Gerais<\/em><\/strong><ul><li>L\u00edngua Portuguesa &#8211; 10 quest\u00f5es<\/li><li>Matem\u00e1tica &#8211; 05 quest\u00f5es <\/li><\/ul><\/li><li><strong><em>Conhecimentos Espec\u00edficos <\/em><\/strong><em>&#8211; 35 quest\u00f5es<\/em><\/li><\/ul>\n\n\n\n<p class=\"has-medium-font-size\"><strong>N\u00edvel superior:<\/strong><\/p>\n\n\n\n<ul class=\"wp-block-list\"><li><strong><em>Conhecimentos Gerais<\/em><\/strong><ul><li>L\u00edngua Portuguesa &#8211; 10 quest\u00f5es<\/li><\/ul><\/li><li><strong><em>Conhecimentos Espec\u00edficos <\/em><\/strong><em>&#8211; 40 quest\u00f5es<\/em><\/li><\/ul>\n\n\n\n<h3 class=\"wp-block-heading\">Prova de T\u00edtulos<\/h3>\n\n\n\n<p>Participar\u00e3o da prova de t\u00edtulos somente os candidatos aprovados na prova objetiva que concorrerem aos cargos de Professor (todos).<\/p>\n\n\n\n<p>A pontua\u00e7\u00e3o m\u00e1xima final na prova de t\u00edtulo (especializa\u00e7\u00e3o lato sensu, mestrado ou doutorado) ser\u00e1 de 3,00 pontos por candidato\/cargo. Cada candidato poder\u00e1 apresentar, exclusivamente, 1 t\u00edtulo para cada cargo ao qual estiver concorrendo. Na possibilidade de mais de um t\u00edtulo ser entregue, ser\u00e1 considerado exclusivamente aquele de maior pontua\u00e7\u00e3o.<\/p>\n\n\n\n<p>Ser\u00e3o considerados apenas t\u00edtulos referentes a cursos (especializa\u00e7\u00e3o lato sensu, mestrado ou doutorado) j\u00e1 conclu\u00eddos no momento da entrega.<\/p>\n\n\n\n<h3 class=\"wp-block-heading\">Teste de Aptid\u00e3o F\u00edsica<\/h3>\n\n\n\n<p>Ser\u00e3o convocados para o teste de aptid\u00e3o f\u00edsica os candidatos aprovados na prova objetiva em quantidade correspondente a 5 vezes o n\u00famero de vagas destinadas ao cargo de Guarda Municipal.<\/p>\n\n\n\n<p>O TAF ser\u00e1 composto pelo teste f\u00edsico de flex\u00e3o de bra\u00e7o, teste de impuls\u00e3o horizontal, teste de flex\u00e3o abdominal e teste de velocidade e agilidade (corrida de ir e vir).<\/p>\n\n\n\n<p>Ser\u00e1 eliminado do concurso o candidato do sexo masculino que n\u00e3o atingir o m\u00ednimo de 30 repeti\u00e7\u00f5es e do sexo feminino que n\u00e3o atingir o m\u00ednimo de 20 repeti\u00e7\u00f5es.<\/p>\n\n\n\n<h3 class=\"wp-block-heading\">Curso de Forma\u00e7\u00e3o<\/h3>\n\n\n\n<p>Ser\u00e3o convocados atrav\u00e9s de edital espec\u00edfico para o curso de forma\u00e7\u00e3o os candidatos aprovados nas etapas anteriores para os cargos de Agente Comunit\u00e1rio de Sa\u00fade, Agente de Combate \u00e0s Endemias e Guarda Municipal. O curso ter\u00e1 carga hor\u00e1ria total de 40 horas.<\/p>\n\n\n\n<p>Todos os candidatos devem ter, presencialmente, frequ\u00eancia m\u00ednima de 70% da carga hor\u00e1ria total do curso de forma\u00e7\u00e3o, sendo eliminado aquele que n\u00e3o cumprir.<\/p>\n\n\n\n<p class=\"has-text-align-center has-very-light-gray-background-color has-background\" style=\"font-size:clamp(14.642px, 0.915rem + ((1vw - 3.2px) * 0.721), 22px);px\"><strong>Saiba mais: <a href=\"https:\/\/www.estrategiaconcursos.com.br\/blog\/concurso-prefeitura-de-gravata-pe\/\" target=\"_blank\" rel=\"noreferrer noopener\" aria-label=\"Concurso Prefeitura de Gravat\u00e1 (abre numa nova aba)\">Concurso Prefeitura de Gravat\u00e1<\/a><\/strong><\/p>\n\n\n\n<hr class=\"wp-block-separator has-css-opacity\"\/>\n\n\n\n<h2 class=\"has-text-align-center wp-block-heading\" id=\"cursos-assinatura\">Quer estudar para o concurso Prefeitura de Gravat\u00e1?<\/h2>\n\n\n\n<p class=\"has-text-align-center\"><em>Gostou desta oportunidade e deseja come\u00e7ar se preparar agora mesmo? Ent\u00e3o, confira os nossos cursos e comece a estudar:<\/em><\/p>\n\n\n\n<p class=\"has-text-align-center has-light-green-cyan-background-color has-background\" style=\"font-size:clamp(14.642px, 0.915rem + ((1vw - 3.2px) * 0.721), 22px);px\"><strong><a href=\"https:\/\/www.estrategiaconcursos.com.br\/cursosPorConcurso\/prefeitura-municipal-de-gravata-pe\/\" target=\"_blank\" rel=\"noreferrer noopener\" aria-label=\"CURSO PREFEITURA DE GRAVAT\u00c1 (abre numa nova aba)\">CURSO PREFEITURA DE GRAVAT\u00c1<\/a><\/strong><\/p>\n\n\n\n<p class=\"has-text-align-center has-medium-font-size\"><em><strong>Assinatura Anual Ilimitada*<\/strong><\/em><\/p>\n\n\n\n<p class=\"has-text-align-center\"><em>Prepare-se com o melhor material e com quem mais aprova em Concursos P\u00fablicos em todo o pa\u00eds. Assine agora a nossa Assinatura Anual e tenha acesso ilimitado* a todos os nossos cursos.<\/em><\/p>\n\n\n\n<p class=\"has-text-align-center has-luminous-vivid-amber-background-color has-background\" style=\"font-size:clamp(14.642px, 0.915rem + ((1vw - 3.2px) * 0.721), 22px);px\"><strong>ASSINE AGORA<\/strong>&nbsp;\u2013&nbsp;<strong><a rel=\"noreferrer noopener\" href=\"https:\/\/www.estrategiaconcursos.com.br\/assinaturas\" target=\"_blank\">Assinatura Ilimitada<\/a><\/strong><\/p>\n\n\n\n<p class=\"has-text-align-center has-medium-font-size\"><strong><em>Fique por dentro dos concursos abertos<\/em><\/strong><\/p>\n\n\n\n<p class=\"has-text-align-center has-pale-cyan-blue-background-color has-background\" style=\"font-size:clamp(14.642px, 0.915rem + ((1vw - 3.2px) * 0.721), 22px);px\"><a rel=\"noreferrer noopener\" href=\"https:\/\/www.estrategiaconcursos.com.br\/blog\/concursos-abertos\/\" target=\"_blank\"><strong>CONCURSOS ABERTOS<\/strong><\/a><\/p>\n\n\n\n<p class=\"has-text-align-center has-medium-font-size\"><strong><em>As oportunidades previstas<\/em><\/strong><\/p>\n\n\n\n<p class=\"has-text-align-center has-pale-cyan-blue-background-color has-background\" style=\"font-size:clamp(14.642px, 0.915rem + ((1vw - 3.2px) * 0.721), 22px);px\"><a rel=\"noreferrer noopener\" href=\"https:\/\/www.estrategiaconcursos.com.br\/blog\/concursos-2020\/\" target=\"_blank\"><strong>CONCURSOS&nbsp;2020<\/strong><\/a><\/p>\n\n\n\n<p class=\"has-text-align-center has-pale-cyan-blue-background-color has-background\" style=\"font-size:clamp(14.642px, 0.915rem + ((1vw - 3.2px) * 0.721), 22px);px\"><strong><a rel=\"noreferrer noopener\" href=\"https:\/\/www.estrategiaconcursos.com.br\/blog\/concursos-2021\/\" target=\"_blank\">CONCURSOS&nbsp;2021<\/a><\/strong><\/p>\n\n\n\n<figure class=\"wp-block-image\"><img loading=\"lazy\" decoding=\"async\" width=\"300\" height=\"102\" src=\"https:\/\/dhg1h5j42swfq.cloudfront.net\/2017\/03\/28152500\/coruja-ficha-tecnica-300x102.png\" alt=\"Informa\u00e7\u00f5es sobre o edital Prefeitura de Gravat\u00e1-PE\" class=\"wp-image-68542\"\/><\/figure>\n\n\n\n<h3 class=\"wp-block-heading\" id=\"ficha-tecnica\"><strong>Informa\u00e7\u00f5es sobre o edital <\/strong>Prefeitura de Gravat\u00e1-PE<\/h3>\n\n\n\n<ul class=\"wp-block-list\"><li><strong>Provas<\/strong>: Suspensas<\/li><li><strong>Vagas<\/strong>: 515<\/li><li><strong>Cargos<\/strong>: Diversos<\/li><li><strong>Banca<\/strong>: ADM&amp;TEC <\/li><li><strong>Escolaridade<\/strong>: N\u00edvel fundamental, m\u00e9dio, t\u00e9cnico e superior<\/li><li><strong>Edital<\/strong>:&nbsp;<a rel=\"noreferrer noopener\" aria-label=\"Edital Gravat\u00e1 (abre numa nova aba)\" href=\"https:\/\/dhg1h5j42swfq.cloudfront.net\/2020\/02\/03154644\/4346c5762febaf5b15a42403d0702fce.pdf\" target=\"_blank\"><\/a><a rel=\"noreferrer noopener\" href=\"https:\/\/dhg1h5j42swfq.cloudfront.net\/2020\/05\/27094924\/11a96051ba089fbbab181b3f73da5dcb.pdf\" target=\"_blank\">Prefeitura de Gravat\u00e1<\/a><\/li><\/ul>\n\n\n\n<p><br \/><em>Ascom Estrat\u00e9gia<\/em><br \/>ascomestrategia@gmail.com<\/p>\n","protected":false},"excerpt":{"rendered":"<p>O edital do concurso p\u00fablico da Prefeitura Municipal de Gravat\u00e1, estado do Pernambuco, oferta 515 vagas distribu\u00eddas entre cargos de n\u00edvel fundamental, m\u00e9dio, t\u00e9cnico e superior. Os interessados em participar da sele\u00e7\u00e3o puderam realizar as inscri\u00e7\u00f5es no per\u00edodo de 02 de mar\u00e7o a 31 de maio, no site da banca organizadora, ADM&amp;TEC. As taxas foram [&hellip;]<\/p>\n","protected":false},"author":260,"featured_media":413996,"comment_status":"open","ping_status":"closed","sticky":false,"template":"","format":"standard","meta":{"post_tipo":"article","footnotes":""},"categories":[1],"tags":[],"tax_estado":[],"class_list":["post-477215","post","type-post","status-publish","format-standard","has-post-thumbnail","hentry","category-cursos-e-concursos"],"acf":[],"yoast_head":"<!-- This site is optimized with the Yoast SEO Premium plugin v27.2 (Yoast SEO v27.2) - https:\/\/yoast.com\/product\/yoast-seo-premium-wordpress\/ -->\n<title>Edital Prefeitura de Gravat\u00e1: inscri\u00e7\u00f5es encerradas; 515 vagas<\/title>\n<meta name=\"description\" content=\"A Prefeitura de Gravat\u00e1 - PE oferta em seu edital de concurso p\u00fablico vagas para todas as escolaridades. Acesse e saiba mais!\" \/>\n<meta name=\"robots\" content=\"index, follow, max-snippet:-1, max-image-preview:large, max-video-preview:-1\" \/>\n<link rel=\"canonical\" href=\"https:\/\/www.estrategiaconcursos.com.br\/blog\/edital-concurso-prefeitura-de-gravata\/\" \/>\n<meta property=\"og:locale\" content=\"pt_BR\" \/>\n<meta property=\"og:type\" content=\"article\" \/>\n<meta property=\"og:title\" content=\"Edital Prefeitura de Gravat\u00e1: inscri\u00e7\u00f5es encerradas; 515 vagas\" \/>\n<meta property=\"og:description\" content=\"A Prefeitura de Gravat\u00e1 - PE oferta em seu edital de concurso p\u00fablico vagas para todas as escolaridades. Acesse e saiba mais!\" \/>\n<meta property=\"og:url\" content=\"https:\/\/www.estrategiaconcursos.com.br\/blog\/edital-concurso-prefeitura-de-gravata\/\" \/>\n<meta property=\"og:site_name\" content=\"Estrat\u00e9gia Concursos\" \/>\n<meta property=\"article:published_time\" content=\"2020-08-01T03:00:00+00:00\" \/>\n<meta property=\"article:modified_time\" content=\"2023-01-06T13:10:04+00:00\" \/>\n<meta property=\"og:image\" content=\"https:\/\/dhg1h5j42swfq.cloudfront.net\/2019\/08\/28165156\/GRAVAT%C3%81-PE.jpg\" \/>\n\t<meta property=\"og:image:width\" content=\"1200\" \/>\n\t<meta property=\"og:image:height\" content=\"628\" \/>\n\t<meta property=\"og:image:type\" content=\"image\/jpeg\" \/>\n<meta name=\"author\" content=\"Diego Cerqueira Berbert Vasconcelos\" \/>\n<meta name=\"twitter:card\" content=\"summary_large_image\" \/>\n<meta name=\"twitter:creator\" content=\"@EstratConcursos\" \/>\n<meta name=\"twitter:site\" content=\"@EstratConcursos\" \/>\n<meta name=\"twitter:label1\" content=\"Escrito por\" \/>\n\t<meta name=\"twitter:data1\" content=\"Diego Cerqueira Berbert Vasconcelos\" \/>\n\t<meta name=\"twitter:label2\" content=\"Est. tempo de leitura\" \/>\n\t<meta name=\"twitter:data2\" content=\"6 minutos\" \/>\n<script type=\"application\/ld+json\" class=\"yoast-schema-graph\">{\"@context\":\"https:\/\/schema.org\",\"@graph\":[{\"@type\":\"NewsArticle\",\"@id\":\"https:\/\/www.estrategiaconcursos.com.br\/blog\/edital-concurso-prefeitura-de-gravata\/#article\",\"isPartOf\":{\"@id\":\"https:\/\/www.estrategiaconcursos.com.br\/blog\/edital-concurso-prefeitura-de-gravata\/\"},\"author\":{\"name\":\"Diego Cerqueira Berbert Vasconcelos\",\"@id\":\"https:\/\/www.estrategiaconcursos.com.br\/blog\/#\/schema\/person\/7fbf898fd336f5ce58a961518beff68c\"},\"headline\":\"Edital Prefeitura de Gravat\u00e1: inscri\u00e7\u00f5es encerradas; 515 vagas\",\"datePublished\":\"2020-08-01T03:00:00+00:00\",\"dateModified\":\"2023-01-06T13:10:04+00:00\",\"mainEntityOfPage\":{\"@id\":\"https:\/\/www.estrategiaconcursos.com.br\/blog\/edital-concurso-prefeitura-de-gravata\/\"},\"wordCount\":1139,\"commentCount\":2,\"publisher\":{\"@id\":\"https:\/\/www.estrategiaconcursos.com.br\/blog\/#organization\"},\"image\":{\"@id\":\"https:\/\/www.estrategiaconcursos.com.br\/blog\/edital-concurso-prefeitura-de-gravata\/#primaryimage\"},\"thumbnailUrl\":\"https:\/\/dhg1h5j42swfq.cloudfront.net\/2019\/08\/28165156\/GRAVAT%C3%81-PE.jpg\",\"articleSection\":[\"Concursos P\u00fablicos\"],\"inLanguage\":\"pt-BR\",\"potentialAction\":[{\"@type\":\"CommentAction\",\"name\":\"Comment\",\"target\":[\"https:\/\/www.estrategiaconcursos.com.br\/blog\/edital-concurso-prefeitura-de-gravata\/#respond\"]}],\"copyrightYear\":\"2020\",\"copyrightHolder\":{\"@id\":\"https:\/\/www.estrategiaconcursos.com.br\/blog\/#organization\"}},{\"@type\":\"WebPage\",\"@id\":\"https:\/\/www.estrategiaconcursos.com.br\/blog\/edital-concurso-prefeitura-de-gravata\/\",\"url\":\"https:\/\/www.estrategiaconcursos.com.br\/blog\/edital-concurso-prefeitura-de-gravata\/\",\"name\":\"Edital Prefeitura de Gravat\u00e1: inscri\u00e7\u00f5es encerradas; 515 vagas\",\"isPartOf\":{\"@id\":\"https:\/\/www.estrategiaconcursos.com.br\/blog\/#website\"},\"primaryImageOfPage\":{\"@id\":\"https:\/\/www.estrategiaconcursos.com.br\/blog\/edital-concurso-prefeitura-de-gravata\/#primaryimage\"},\"image\":{\"@id\":\"https:\/\/www.estrategiaconcursos.com.br\/blog\/edital-concurso-prefeitura-de-gravata\/#primaryimage\"},\"thumbnailUrl\":\"https:\/\/dhg1h5j42swfq.cloudfront.net\/2019\/08\/28165156\/GRAVAT%C3%81-PE.jpg\",\"datePublished\":\"2020-08-01T03:00:00+00:00\",\"dateModified\":\"2023-01-06T13:10:04+00:00\",\"description\":\"A Prefeitura de Gravat\u00e1 - PE oferta em seu edital de concurso p\u00fablico vagas para todas as escolaridades. Acesse e saiba mais!\",\"breadcrumb\":{\"@id\":\"https:\/\/www.estrategiaconcursos.com.br\/blog\/edital-concurso-prefeitura-de-gravata\/#breadcrumb\"},\"inLanguage\":\"pt-BR\",\"potentialAction\":[{\"@type\":\"ReadAction\",\"target\":[\"https:\/\/www.estrategiaconcursos.com.br\/blog\/edital-concurso-prefeitura-de-gravata\/\"]}]},{\"@type\":\"ImageObject\",\"inLanguage\":\"pt-BR\",\"@id\":\"https:\/\/www.estrategiaconcursos.com.br\/blog\/edital-concurso-prefeitura-de-gravata\/#primaryimage\",\"url\":\"https:\/\/dhg1h5j42swfq.cloudfront.net\/2019\/08\/28165156\/GRAVAT%C3%81-PE.jpg\",\"contentUrl\":\"https:\/\/dhg1h5j42swfq.cloudfront.net\/2019\/08\/28165156\/GRAVAT%C3%81-PE.jpg\",\"width\":1200,\"height\":628,\"caption\":\"Prefeitura de Gravat\u00e1\"},{\"@type\":\"BreadcrumbList\",\"@id\":\"https:\/\/www.estrategiaconcursos.com.br\/blog\/edital-concurso-prefeitura-de-gravata\/#breadcrumb\",\"itemListElement\":[{\"@type\":\"ListItem\",\"position\":1,\"name\":\"In\u00edcio\",\"item\":\"https:\/\/www.estrategiaconcursos.com.br\/blog\/\"},{\"@type\":\"ListItem\",\"position\":2,\"name\":\"Edital Prefeitura de Gravat\u00e1: inscri\u00e7\u00f5es encerradas; 515 vagas\"}]},{\"@type\":\"WebSite\",\"@id\":\"https:\/\/www.estrategiaconcursos.com.br\/blog\/#website\",\"url\":\"https:\/\/www.estrategiaconcursos.com.br\/blog\/\",\"name\":\"Estrat\u00e9gia Concursos\",\"description\":\"O blog da Estrat\u00e9gia Concursos traz not\u00edcias sobre concursos e artigos de professores oferecendo cursos para concursos (pdf + videaulas) no site.\",\"publisher\":{\"@id\":\"https:\/\/www.estrategiaconcursos.com.br\/blog\/#organization\"},\"potentialAction\":[{\"@type\":\"SearchAction\",\"target\":{\"@type\":\"EntryPoint\",\"urlTemplate\":\"https:\/\/www.estrategiaconcursos.com.br\/blog\/?s={search_term_string}\"},\"query-input\":{\"@type\":\"PropertyValueSpecification\",\"valueRequired\":true,\"valueName\":\"search_term_string\"}}],\"inLanguage\":\"pt-BR\"},{\"@type\":\"Organization\",\"@id\":\"https:\/\/www.estrategiaconcursos.com.br\/blog\/#organization\",\"name\":\"Estrat\u00e9gia Concursos\",\"url\":\"https:\/\/www.estrategiaconcursos.com.br\/blog\/\",\"logo\":{\"@type\":\"ImageObject\",\"inLanguage\":\"pt-BR\",\"@id\":\"https:\/\/www.estrategiaconcursos.com.br\/blog\/#\/schema\/logo\/image\/\",\"url\":\"https:\/\/dhg1h5j42swfq.cloudfront.net\/2025\/06\/03203428\/logo_concursos-1.jpg\",\"contentUrl\":\"https:\/\/dhg1h5j42swfq.cloudfront.net\/2025\/06\/03203428\/logo_concursos-1.jpg\",\"width\":230,\"height\":60,\"caption\":\"Estrat\u00e9gia Concursos\"},\"image\":{\"@id\":\"https:\/\/www.estrategiaconcursos.com.br\/blog\/#\/schema\/logo\/image\/\"},\"sameAs\":[\"https:\/\/x.com\/EstratConcursos\"]},{\"@type\":\"Person\",\"@id\":\"https:\/\/www.estrategiaconcursos.com.br\/blog\/#\/schema\/person\/7fbf898fd336f5ce58a961518beff68c\",\"name\":\"Diego Cerqueira Berbert Vasconcelos\",\"image\":{\"@type\":\"ImageObject\",\"inLanguage\":\"pt-BR\",\"@id\":\"https:\/\/secure.gravatar.com\/avatar\/ed2d045a7390980cad1a92d24dcc39d10ef55b88fcb9fb9c047979bf4ddeb1ce?s=96&d=mm&r=g\",\"url\":\"https:\/\/secure.gravatar.com\/avatar\/ed2d045a7390980cad1a92d24dcc39d10ef55b88fcb9fb9c047979bf4ddeb1ce?s=96&d=mm&r=g\",\"contentUrl\":\"https:\/\/secure.gravatar.com\/avatar\/ed2d045a7390980cad1a92d24dcc39d10ef55b88fcb9fb9c047979bf4ddeb1ce?s=96&d=mm&r=g\",\"caption\":\"Diego Cerqueira Berbert Vasconcelos\"},\"url\":\"https:\/\/www.estrategiaconcursos.com.br\/blog\/author\/diegocerqueiraestrategiaconcursos-com-br\/\"}]}<\/script>\n<!-- \/ Yoast SEO Premium plugin. -->","yoast_head_json":{"title":"Edital Prefeitura de Gravat\u00e1: inscri\u00e7\u00f5es encerradas; 515 vagas","description":"A Prefeitura de Gravat\u00e1 - PE oferta em seu edital de concurso p\u00fablico vagas para todas as escolaridades. Acesse e saiba mais!","robots":{"index":"index","follow":"follow","max-snippet":"max-snippet:-1","max-image-preview":"max-image-preview:large","max-video-preview":"max-video-preview:-1"},"canonical":"https:\/\/www.estrategiaconcursos.com.br\/blog\/edital-concurso-prefeitura-de-gravata\/","og_locale":"pt_BR","og_type":"article","og_title":"Edital Prefeitura de Gravat\u00e1: inscri\u00e7\u00f5es encerradas; 515 vagas","og_description":"A Prefeitura de Gravat\u00e1 - PE oferta em seu edital de concurso p\u00fablico vagas para todas as escolaridades. Acesse e saiba mais!","og_url":"https:\/\/www.estrategiaconcursos.com.br\/blog\/edital-concurso-prefeitura-de-gravata\/","og_site_name":"Estrat\u00e9gia Concursos","article_published_time":"2020-08-01T03:00:00+00:00","article_modified_time":"2023-01-06T13:10:04+00:00","og_image":[{"width":1200,"height":628,"url":"https:\/\/dhg1h5j42swfq.cloudfront.net\/2019\/08\/28165156\/GRAVAT%C3%81-PE.jpg","type":"image\/jpeg"}],"author":"Diego Cerqueira Berbert Vasconcelos","twitter_card":"summary_large_image","twitter_creator":"@EstratConcursos","twitter_site":"@EstratConcursos","twitter_misc":{"Escrito por":"Diego Cerqueira Berbert Vasconcelos","Est. tempo de leitura":"6 minutos"},"schema":{"@context":"https:\/\/schema.org","@graph":[{"@type":"NewsArticle","@id":"https:\/\/www.estrategiaconcursos.com.br\/blog\/edital-concurso-prefeitura-de-gravata\/#article","isPartOf":{"@id":"https:\/\/www.estrategiaconcursos.com.br\/blog\/edital-concurso-prefeitura-de-gravata\/"},"author":{"name":"Diego Cerqueira Berbert Vasconcelos","@id":"https:\/\/www.estrategiaconcursos.com.br\/blog\/#\/schema\/person\/7fbf898fd336f5ce58a961518beff68c"},"headline":"Edital Prefeitura de Gravat\u00e1: inscri\u00e7\u00f5es encerradas; 515 vagas","datePublished":"2020-08-01T03:00:00+00:00","dateModified":"2023-01-06T13:10:04+00:00","mainEntityOfPage":{"@id":"https:\/\/www.estrategiaconcursos.com.br\/blog\/edital-concurso-prefeitura-de-gravata\/"},"wordCount":1139,"commentCount":2,"publisher":{"@id":"https:\/\/www.estrategiaconcursos.com.br\/blog\/#organization"},"image":{"@id":"https:\/\/www.estrategiaconcursos.com.br\/blog\/edital-concurso-prefeitura-de-gravata\/#primaryimage"},"thumbnailUrl":"https:\/\/dhg1h5j42swfq.cloudfront.net\/2019\/08\/28165156\/GRAVAT%C3%81-PE.jpg","articleSection":["Concursos P\u00fablicos"],"inLanguage":"pt-BR","potentialAction":[{"@type":"CommentAction","name":"Comment","target":["https:\/\/www.estrategiaconcursos.com.br\/blog\/edital-concurso-prefeitura-de-gravata\/#respond"]}],"copyrightYear":"2020","copyrightHolder":{"@id":"https:\/\/www.estrategiaconcursos.com.br\/blog\/#organization"}},{"@type":"WebPage","@id":"https:\/\/www.estrategiaconcursos.com.br\/blog\/edital-concurso-prefeitura-de-gravata\/","url":"https:\/\/www.estrategiaconcursos.com.br\/blog\/edital-concurso-prefeitura-de-gravata\/","name":"Edital Prefeitura de Gravat\u00e1: inscri\u00e7\u00f5es encerradas; 515 vagas","isPartOf":{"@id":"https:\/\/www.estrategiaconcursos.com.br\/blog\/#website"},"primaryImageOfPage":{"@id":"https:\/\/www.estrategiaconcursos.com.br\/blog\/edital-concurso-prefeitura-de-gravata\/#primaryimage"},"image":{"@id":"https:\/\/www.estrategiaconcursos.com.br\/blog\/edital-concurso-prefeitura-de-gravata\/#primaryimage"},"thumbnailUrl":"https:\/\/dhg1h5j42swfq.cloudfront.net\/2019\/08\/28165156\/GRAVAT%C3%81-PE.jpg","datePublished":"2020-08-01T03:00:00+00:00","dateModified":"2023-01-06T13:10:04+00:00","description":"A Prefeitura de Gravat\u00e1 - PE oferta em seu edital de concurso p\u00fablico vagas para todas as escolaridades. Acesse e saiba mais!","breadcrumb":{"@id":"https:\/\/www.estrategiaconcursos.com.br\/blog\/edital-concurso-prefeitura-de-gravata\/#breadcrumb"},"inLanguage":"pt-BR","potentialAction":[{"@type":"ReadAction","target":["https:\/\/www.estrategiaconcursos.com.br\/blog\/edital-concurso-prefeitura-de-gravata\/"]}]},{"@type":"ImageObject","inLanguage":"pt-BR","@id":"https:\/\/www.estrategiaconcursos.com.br\/blog\/edital-concurso-prefeitura-de-gravata\/#primaryimage","url":"https:\/\/dhg1h5j42swfq.cloudfront.net\/2019\/08\/28165156\/GRAVAT%C3%81-PE.jpg","contentUrl":"https:\/\/dhg1h5j42swfq.cloudfront.net\/2019\/08\/28165156\/GRAVAT%C3%81-PE.jpg","width":1200,"height":628,"caption":"Prefeitura de Gravat\u00e1"},{"@type":"BreadcrumbList","@id":"https:\/\/www.estrategiaconcursos.com.br\/blog\/edital-concurso-prefeitura-de-gravata\/#breadcrumb","itemListElement":[{"@type":"ListItem","position":1,"name":"In\u00edcio","item":"https:\/\/www.estrategiaconcursos.com.br\/blog\/"},{"@type":"ListItem","position":2,"name":"Edital Prefeitura de Gravat\u00e1: inscri\u00e7\u00f5es encerradas; 515 vagas"}]},{"@type":"WebSite","@id":"https:\/\/www.estrategiaconcursos.com.br\/blog\/#website","url":"https:\/\/www.estrategiaconcursos.com.br\/blog\/","name":"Estrat\u00e9gia Concursos","description":"O blog da Estrat\u00e9gia Concursos traz not\u00edcias sobre concursos e artigos de professores oferecendo cursos para concursos (pdf + videaulas) no site.","publisher":{"@id":"https:\/\/www.estrategiaconcursos.com.br\/blog\/#organization"},"potentialAction":[{"@type":"SearchAction","target":{"@type":"EntryPoint","urlTemplate":"https:\/\/www.estrategiaconcursos.com.br\/blog\/?s={search_term_string}"},"query-input":{"@type":"PropertyValueSpecification","valueRequired":true,"valueName":"search_term_string"}}],"inLanguage":"pt-BR"},{"@type":"Organization","@id":"https:\/\/www.estrategiaconcursos.com.br\/blog\/#organization","name":"Estrat\u00e9gia Concursos","url":"https:\/\/www.estrategiaconcursos.com.br\/blog\/","logo":{"@type":"ImageObject","inLanguage":"pt-BR","@id":"https:\/\/www.estrategiaconcursos.com.br\/blog\/#\/schema\/logo\/image\/","url":"https:\/\/dhg1h5j42swfq.cloudfront.net\/2025\/06\/03203428\/logo_concursos-1.jpg","contentUrl":"https:\/\/dhg1h5j42swfq.cloudfront.net\/2025\/06\/03203428\/logo_concursos-1.jpg","width":230,"height":60,"caption":"Estrat\u00e9gia Concursos"},"image":{"@id":"https:\/\/www.estrategiaconcursos.com.br\/blog\/#\/schema\/logo\/image\/"},"sameAs":["https:\/\/x.com\/EstratConcursos"]},{"@type":"Person","@id":"https:\/\/www.estrategiaconcursos.com.br\/blog\/#\/schema\/person\/7fbf898fd336f5ce58a961518beff68c","name":"Diego Cerqueira Berbert Vasconcelos","image":{"@type":"ImageObject","inLanguage":"pt-BR","@id":"https:\/\/secure.gravatar.com\/avatar\/ed2d045a7390980cad1a92d24dcc39d10ef55b88fcb9fb9c047979bf4ddeb1ce?s=96&d=mm&r=g","url":"https:\/\/secure.gravatar.com\/avatar\/ed2d045a7390980cad1a92d24dcc39d10ef55b88fcb9fb9c047979bf4ddeb1ce?s=96&d=mm&r=g","contentUrl":"https:\/\/secure.gravatar.com\/avatar\/ed2d045a7390980cad1a92d24dcc39d10ef55b88fcb9fb9c047979bf4ddeb1ce?s=96&d=mm&r=g","caption":"Diego Cerqueira Berbert Vasconcelos"},"url":"https:\/\/www.estrategiaconcursos.com.br\/blog\/author\/diegocerqueiraestrategiaconcursos-com-br\/"}]}},"_links":{"self":[{"href":"https:\/\/www.estrategiaconcursos.com.br\/blog\/wp-json\/wp\/v2\/posts\/477215","targetHints":{"allow":["GET"]}}],"collection":[{"href":"https:\/\/www.estrategiaconcursos.com.br\/blog\/wp-json\/wp\/v2\/posts"}],"about":[{"href":"https:\/\/www.estrategiaconcursos.com.br\/blog\/wp-json\/wp\/v2\/types\/post"}],"author":[{"embeddable":true,"href":"https:\/\/www.estrategiaconcursos.com.br\/blog\/wp-json\/wp\/v2\/users\/260"}],"replies":[{"embeddable":true,"href":"https:\/\/www.estrategiaconcursos.com.br\/blog\/wp-json\/wp\/v2\/comments?post=477215"}],"version-history":[{"count":18,"href":"https:\/\/www.estrategiaconcursos.com.br\/blog\/wp-json\/wp\/v2\/posts\/477215\/revisions"}],"predecessor-version":[{"id":1148404,"href":"https:\/\/www.estrategiaconcursos.com.br\/blog\/wp-json\/wp\/v2\/posts\/477215\/revisions\/1148404"}],"wp:featuredmedia":[{"embeddable":true,"href":"https:\/\/www.estrategiaconcursos.com.br\/blog\/wp-json\/wp\/v2\/media\/413996"}],"wp:attachment":[{"href":"https:\/\/www.estrategiaconcursos.com.br\/blog\/wp-json\/wp\/v2\/media?parent=477215"}],"wp:term":[{"taxonomy":"category","embeddable":true,"href":"https:\/\/www.estrategiaconcursos.com.br\/blog\/wp-json\/wp\/v2\/categories?post=477215"},{"taxonomy":"post_tag","embeddable":true,"href":"https:\/\/www.estrategiaconcursos.com.br\/blog\/wp-json\/wp\/v2\/tags?post=477215"},{"taxonomy":"tax_estado","embeddable":true,"href":"https:\/\/www.estrategiaconcursos.com.br\/blog\/wp-json\/wp\/v2\/tax_estado?post=477215"}],"curies":[{"name":"wp","href":"https:\/\/api.w.org\/{rel}","templated":true}]}}