{"id":47713,"date":"2016-08-31T07:38:23","date_gmt":"2016-08-31T10:38:23","guid":{"rendered":"https:\/\/www.estrategiaconcursos.com.br\/blog\/?p=47713"},"modified":"2022-09-09T10:54:13","modified_gmt":"2022-09-09T13:54:13","slug":"concurso-tre-pe-2","status":"publish","type":"post","link":"https:\/\/www.estrategiaconcursos.com.br\/blog\/concurso-tre-pe-2\/","title":{"rendered":"CONCURSO TRE-PE: Edital lan\u00e7ado! Vagas nos cargos de T\u00e9cnico e Analista Judici\u00e1rio. Saiba mais!"},"content":{"rendered":"<h3 style=\"text-align: justify;\"><span style=\"color: #000000;\"><strong><em>[ATUALIZADO EM 31\/07\/2016]\u00a0CONCURSO TRE-PE: EDITAL LAN\u00c7ADO! VAGAS NOS CARGOS DE T\u00c9CNICO E ANALISTA JUDICI\u00c1RIO. SAIBA MAIS!<\/em><\/strong><\/span><\/h3>\n<p style=\"text-align: justify;\"><span style=\"color: #000000;\"><img loading=\"lazy\" decoding=\"async\" class=\"size-medium wp-image-43102 alignleft\" src=\"https:\/\/dhg1h5j42swfq.cloudfront.net\/2016\/07\/07120130\/tre-pe-2.jpg\" alt=\"concurso TRE-PE\" width=\"300\" height=\"150\" srcset=\"https:\/\/dhg1h5j42swfq.cloudfront.net\/2016\/07\/07120130\/tre-pe-2.jpg 318w, https:\/\/dhg1h5j42swfq.cloudfront.net\/2016\/07\/07120130\/tre-pe-2.jpg 300w\" sizes=\"auto, (max-width: 300px) 100vw, 300px\" \/>Foi divulgado nesta quarta-feira, 31, no Di\u00e1rio Oficial da Uni\u00e3o, o edital de concurso p\u00fablico para provimento de vagas e forma\u00e7\u00e3o de cadastro de reserva para os cargos de Analista Judici\u00e1rio e de T\u00e9cnico Judici\u00e1rio do Quadro de Pessoal do Tribunal Regional Eleitoral de Pernambuco.\u00a0Ser\u00e1 admitida a inscri\u00e7\u00e3o somente via internet, no endere\u00e7o eletr\u00f4nico <a href=\"http:\/\/www.cespe.unb.br\/concursos\/tre_pe_16\" target=\"_blank\" rel=\"noopener\">http:\/\/www.cespe.unb.br\/concursos\/tre_pe_16<\/a>, solicitada no per\u00edodo entre 10 horas do dia 26 de setembro de 2016 e 18 horas do dia 20 de outubro de 2016, observado o hor\u00e1rio oficial de Bras\u00edlia\/DF. As taxas s\u00e3o de\u00a0 R$ 60,00 e R$ 75,00.<\/span><\/p>\n<p style=\"text-align: justify;\"><span style=\"color: #000000;\">Para quem possui n\u00edvel m\u00e9dio, as oportunidades do concurso TRE-PE s\u00e3o para o cargo de\u00a0T\u00e9cnico Judici\u00e1rio &#8211; \u00c1rea: Administrativa (1). A remunera\u00e7\u00e3o \u00e9 de\u00a0 R$ 6.071,97 (acrescido do valor de R$ 884,00, referente ao aux\u00edlio-alimenta\u00e7\u00e3o) para uma jornada de trabalho de 40 horas semanais.<\/span><\/p>\n<p style=\"text-align: justify;\"><span style=\"color: #000000;\">J\u00e1 para quem possui diploma de n\u00edvel superior, as vagas s\u00e3o para\u00a0Analista Judici\u00e1rio &#8211; \u00c1rea: Administrativa (1);\u00a0Analista Judici\u00e1rio &#8211; \u00c1rea: Administrativa &#8211; Especialidade: Contabilidade (CR);\u00a0Analista Judici\u00e1rio &#8211; \u00c1rea: Apoio Especializado &#8211; Especialidade: An\u00e1lise de Sistemas (CR);\u00a0Analista Judici\u00e1rio &#8211; \u00c1rea: Apoio Especializado &#8211; Especialidade: Medicina (Medicina do Trabalho) (CR); e\u00a0Analista Judici\u00e1rio &#8211; \u00c1rea: Judici\u00e1ria (2). O sal\u00e1rio inicial \u00e9 de\u00a0 R$ 9.962,39 (acrescido do valor de R$ 884,00, referente ao aux\u00edlio-alimenta\u00e7\u00e3o) para uma jornada de trabalho de 40 horas semanais.<\/span><\/p>\n<p style=\"text-align: justify;\"><img loading=\"lazy\" decoding=\"async\" class=\"aligncenter wp-image-47714 size-full\" src=\"https:\/\/dhg1h5j42swfq.cloudfront.net\/2016\/08\/31072816\/concurso-TRE-PE2.png\" alt=\"concurso TRE-PE\" width=\"628\" height=\"168\" srcset=\"https:\/\/dhg1h5j42swfq.cloudfront.net\/2016\/08\/31072816\/concurso-TRE-PE2.png 628w, https:\/\/dhg1h5j42swfq.cloudfront.net\/2016\/08\/31072816\/concurso-TRE-PE2.png 300w, https:\/\/dhg1h5j42swfq.cloudfront.net\/2016\/08\/31072816\/concurso-TRE-PE2.png 500w\" sizes=\"auto, (max-width: 628px) 100vw, 628px\" \/><\/p>\n<p style=\"text-align: justify;\"><span style=\"color: #000000;\">O concurso \u00a0TRE PE ter\u00e1\u00a0provas objetivas, de car\u00e1ter eliminat\u00f3rio e classificat\u00f3rio, para todos os cargos e\u00a0prova discursiva, de car\u00e1ter eliminat\u00f3rio e classificat\u00f3rio, somente para os cargos de Analista Judici\u00e1rio. As provas objetivas e a prova discursiva para os cargos de n\u00edvel superior ter\u00e3o a dura\u00e7\u00e3o de 5 horas e ser\u00e3o aplicadas na data prov\u00e1vel de 19 de mar\u00e7o de 2017, no turno da manh\u00e3. J\u00e1 as provas objetivas para o cargo de n\u00edvel m\u00e9dio ter\u00e3o a dura\u00e7\u00e3o de 4 horas e ser\u00e3o aplicadas na data prov\u00e1vel de 19 de mar\u00e7o de 2017, no turno da tarde. <\/span><\/p>\n<p style=\"text-align: justify;\"><span style=\"color: #000000;\">Na data prov\u00e1vel de 8 de mar\u00e7o de 2017 ser\u00e1 publicado no Di\u00e1rio Oficial da Uni\u00e3o e divulgado na internet, no endere\u00e7o eletr\u00f4nico <a href=\"http:\/\/www.cespe.unb.br\/concursos\/tre_pe_16\" target=\"_blank\" rel=\"noopener\">http:\/\/www.cespe.unb.br\/concursos\/tre_pe_16<\/a>, edital que informar\u00e1 a disponibiliza\u00e7\u00e3o da consulta aos locais e aos hor\u00e1rios de realiza\u00e7\u00e3o das provas.<\/span><\/p>\n<p style=\"text-align: justify;\"><span style=\"color: #000000;\">O prazo de validade do concurso TRE-PE ser\u00e1 de dois anos, contados a partir da data de publica\u00e7\u00e3o da homologa\u00e7\u00e3o do resultado final, podendo ser prorrogado, uma \u00fanica vez, por igual per\u00edodo<\/span><\/p>\n<p style=\"text-align: justify;\"><span style=\"color: #000000;\">Confira o\u00a0<a href=\"https:\/\/dhg1h5j42swfq.cloudfront.net\/2016\/08\/31134806\/EDITAL-TRE-PE.pdf\" target=\"_blank\" rel=\"noopener\">EDITAL TRE PE<\/a><\/span><\/p>\n<p><span style=\"color: #000000;\"><strong>O Estrat\u00e9gia Concursos j\u00e1 lan\u00e7ou cursos para o concurso TRE-PE! Confira:<\/strong><\/span><\/p>\n<p><a href=\"https:\/\/www.estrategiaconcursos.com.br\/cursosPorConcurso\/tre-pe-tribunal-regional-eleitoral-de-pernambuco-426\/\" target=\"_blank\" rel=\"noopener\">CURSOS TRE PE<\/a><\/p>\n<p style=\"margin-bottom: 19.5pt; text-align: justify; line-height: 18.3pt;\"><span style=\"font-family: Helvetica, sans-serif; color: #000000;\">Assessoria de Comunica\u00e7\u00e3o<\/span><\/p>\n<p style=\"margin-bottom: 19.5pt; text-align: justify; line-height: 18.3pt;\"><span style=\"font-family: Helvetica, sans-serif; color: #000000;\">comunicacao@estrategiaconcursos.com.br<\/span><\/p>\n","protected":false},"excerpt":{"rendered":"<p>[ATUALIZADO EM 31\/07\/2016]\u00a0CONCURSO TRE-PE: EDITAL LAN\u00c7ADO! VAGAS NOS CARGOS DE T\u00c9CNICO E ANALISTA JUDICI\u00c1RIO. SAIBA MAIS! Foi divulgado nesta quarta-feira, 31, no Di\u00e1rio Oficial da Uni\u00e3o, o edital de concurso p\u00fablico para provimento de vagas e forma\u00e7\u00e3o de cadastro de reserva para os cargos de Analista Judici\u00e1rio e de T\u00e9cnico Judici\u00e1rio do Quadro de Pessoal [&hellip;]<\/p>\n","protected":false},"author":1,"featured_media":43102,"comment_status":"open","ping_status":"open","sticky":false,"template":"","format":"standard","meta":{"post_tipo":"news","footnotes":""},"categories":[1,1984],"tags":[1005],"tax_estado":[],"class_list":["post-47713","post","type-post","status-publish","format-standard","has-post-thumbnail","hentry","category-cursos-e-concursos","category-tribunais","tag-tre-pe"],"acf":[],"yoast_head":"<!-- This site is optimized with the Yoast SEO Premium plugin v27.2 (Yoast SEO v27.2) - https:\/\/yoast.com\/product\/yoast-seo-premium-wordpress\/ -->\n<title>CONCURSO TRE-PE: Edital lan\u00e7ado! Vagas para T\u00e9cnico e Analista<\/title>\n<meta name=\"description\" content=\"Foi divulgado nesta quarta-feira,no Di\u00e1rio Oficial da Uni\u00e3o, o edital do concurso TRE-PE com vagas nos cargos de T\u00e9cnico e Analista. Sal\u00e1rios de at\u00e9 R$9mil!\" \/>\n<meta name=\"robots\" content=\"index, follow, max-snippet:-1, max-image-preview:large, max-video-preview:-1\" \/>\n<link rel=\"canonical\" href=\"https:\/\/www.estrategiaconcursos.com.br\/blog\/concurso-tre-pe-2\/\" \/>\n<meta property=\"og:locale\" content=\"pt_BR\" \/>\n<meta property=\"og:type\" content=\"article\" \/>\n<meta property=\"og:title\" content=\"CONCURSO TRE-PE: Edital lan\u00e7ado! Vagas nos cargos de T\u00e9cnico e Analista Judici\u00e1rio. Saiba mais!\" \/>\n<meta property=\"og:description\" content=\"Foi divulgado nesta quarta-feira,no Di\u00e1rio Oficial da Uni\u00e3o, o edital do concurso TRE-PE com vagas nos cargos de T\u00e9cnico e Analista. Sal\u00e1rios de at\u00e9 R$9mil!\" \/>\n<meta property=\"og:url\" content=\"https:\/\/www.estrategiaconcursos.com.br\/blog\/concurso-tre-pe-2\/\" \/>\n<meta property=\"og:site_name\" content=\"Estrat\u00e9gia Concursos\" \/>\n<meta property=\"article:author\" content=\"https:\/\/www.facebook.com\/EstrategiaConcursos\" \/>\n<meta property=\"article:published_time\" content=\"2016-08-31T10:38:23+00:00\" \/>\n<meta property=\"article:modified_time\" content=\"2022-09-09T13:54:13+00:00\" \/>\n<meta property=\"og:image\" content=\"https:\/\/dhg1h5j42swfq.cloudfront.net\/2016\/07\/07120130\/tre-pe-2.jpg\" \/>\n\t<meta property=\"og:image:width\" content=\"318\" \/>\n\t<meta property=\"og:image:height\" content=\"159\" \/>\n\t<meta property=\"og:image:type\" content=\"image\/jpeg\" \/>\n<meta name=\"author\" content=\"Coordena\u00e7\u00e3o\" \/>\n<meta name=\"twitter:card\" content=\"summary_large_image\" \/>\n<meta name=\"twitter:creator\" content=\"@EstratConcursos\" \/>\n<meta name=\"twitter:site\" content=\"@EstratConcursos\" \/>\n<meta name=\"twitter:label1\" content=\"Escrito por\" \/>\n\t<meta name=\"twitter:data1\" content=\"Coordena\u00e7\u00e3o\" \/>\n\t<meta name=\"twitter:label2\" content=\"Est. tempo de leitura\" \/>\n\t<meta name=\"twitter:data2\" content=\"2 minutos\" \/>\n<script type=\"application\/ld+json\" class=\"yoast-schema-graph\">{\"@context\":\"https:\/\/schema.org\",\"@graph\":[{\"@type\":\"NewsArticle\",\"@id\":\"https:\/\/www.estrategiaconcursos.com.br\/blog\/concurso-tre-pe-2\/#article\",\"isPartOf\":{\"@id\":\"https:\/\/www.estrategiaconcursos.com.br\/blog\/concurso-tre-pe-2\/\"},\"author\":{\"name\":\"Coordena\u00e7\u00e3o\",\"@id\":\"https:\/\/www.estrategiaconcursos.com.br\/blog\/#\/schema\/person\/b4a388c97673c5f483d72185668afa1f\"},\"headline\":\"CONCURSO TRE-PE: Edital lan\u00e7ado! Vagas nos cargos de T\u00e9cnico e Analista Judici\u00e1rio. Saiba mais!\",\"datePublished\":\"2016-08-31T10:38:23+00:00\",\"dateModified\":\"2022-09-09T13:54:13+00:00\",\"mainEntityOfPage\":{\"@id\":\"https:\/\/www.estrategiaconcursos.com.br\/blog\/concurso-tre-pe-2\/\"},\"wordCount\":511,\"commentCount\":9,\"publisher\":{\"@id\":\"https:\/\/www.estrategiaconcursos.com.br\/blog\/#organization\"},\"image\":{\"@id\":\"https:\/\/www.estrategiaconcursos.com.br\/blog\/concurso-tre-pe-2\/#primaryimage\"},\"thumbnailUrl\":\"https:\/\/dhg1h5j42swfq.cloudfront.net\/2016\/07\/07120130\/tre-pe-2.jpg\",\"keywords\":[\"TRE-PE\"],\"articleSection\":[\"Concursos P\u00fablicos\",\"Tribunais\"],\"inLanguage\":\"pt-BR\",\"potentialAction\":[{\"@type\":\"CommentAction\",\"name\":\"Comment\",\"target\":[\"https:\/\/www.estrategiaconcursos.com.br\/blog\/concurso-tre-pe-2\/#respond\"]}],\"copyrightYear\":\"2016\",\"copyrightHolder\":{\"@id\":\"https:\/\/www.estrategiaconcursos.com.br\/blog\/#organization\"}},{\"@type\":\"WebPage\",\"@id\":\"https:\/\/www.estrategiaconcursos.com.br\/blog\/concurso-tre-pe-2\/\",\"url\":\"https:\/\/www.estrategiaconcursos.com.br\/blog\/concurso-tre-pe-2\/\",\"name\":\"CONCURSO TRE-PE: Edital lan\u00e7ado! Vagas para T\u00e9cnico e Analista\",\"isPartOf\":{\"@id\":\"https:\/\/www.estrategiaconcursos.com.br\/blog\/#website\"},\"primaryImageOfPage\":{\"@id\":\"https:\/\/www.estrategiaconcursos.com.br\/blog\/concurso-tre-pe-2\/#primaryimage\"},\"image\":{\"@id\":\"https:\/\/www.estrategiaconcursos.com.br\/blog\/concurso-tre-pe-2\/#primaryimage\"},\"thumbnailUrl\":\"https:\/\/dhg1h5j42swfq.cloudfront.net\/2016\/07\/07120130\/tre-pe-2.jpg\",\"datePublished\":\"2016-08-31T10:38:23+00:00\",\"dateModified\":\"2022-09-09T13:54:13+00:00\",\"description\":\"Foi divulgado nesta quarta-feira,no Di\u00e1rio Oficial da Uni\u00e3o, o edital do concurso TRE-PE com vagas nos cargos de T\u00e9cnico e Analista. Sal\u00e1rios de at\u00e9 R$9mil!\",\"breadcrumb\":{\"@id\":\"https:\/\/www.estrategiaconcursos.com.br\/blog\/concurso-tre-pe-2\/#breadcrumb\"},\"inLanguage\":\"pt-BR\",\"potentialAction\":[{\"@type\":\"ReadAction\",\"target\":[\"https:\/\/www.estrategiaconcursos.com.br\/blog\/concurso-tre-pe-2\/\"]}]},{\"@type\":\"ImageObject\",\"inLanguage\":\"pt-BR\",\"@id\":\"https:\/\/www.estrategiaconcursos.com.br\/blog\/concurso-tre-pe-2\/#primaryimage\",\"url\":\"https:\/\/dhg1h5j42swfq.cloudfront.net\/2016\/07\/07120130\/tre-pe-2.jpg\",\"contentUrl\":\"https:\/\/dhg1h5j42swfq.cloudfront.net\/2016\/07\/07120130\/tre-pe-2.jpg\",\"width\":318,\"height\":159},{\"@type\":\"BreadcrumbList\",\"@id\":\"https:\/\/www.estrategiaconcursos.com.br\/blog\/concurso-tre-pe-2\/#breadcrumb\",\"itemListElement\":[{\"@type\":\"ListItem\",\"position\":1,\"name\":\"In\u00edcio\",\"item\":\"https:\/\/www.estrategiaconcursos.com.br\/blog\/\"},{\"@type\":\"ListItem\",\"position\":2,\"name\":\"CONCURSO TRE-PE: Edital lan\u00e7ado! Vagas nos cargos de T\u00e9cnico e Analista Judici\u00e1rio. Saiba mais!\"}]},{\"@type\":\"WebSite\",\"@id\":\"https:\/\/www.estrategiaconcursos.com.br\/blog\/#website\",\"url\":\"https:\/\/www.estrategiaconcursos.com.br\/blog\/\",\"name\":\"Estrat\u00e9gia Concursos\",\"description\":\"O blog da Estrat\u00e9gia Concursos traz not\u00edcias sobre concursos e artigos de professores oferecendo cursos para concursos (pdf + videaulas) no site.\",\"publisher\":{\"@id\":\"https:\/\/www.estrategiaconcursos.com.br\/blog\/#organization\"},\"potentialAction\":[{\"@type\":\"SearchAction\",\"target\":{\"@type\":\"EntryPoint\",\"urlTemplate\":\"https:\/\/www.estrategiaconcursos.com.br\/blog\/?s={search_term_string}\"},\"query-input\":{\"@type\":\"PropertyValueSpecification\",\"valueRequired\":true,\"valueName\":\"search_term_string\"}}],\"inLanguage\":\"pt-BR\"},{\"@type\":\"Organization\",\"@id\":\"https:\/\/www.estrategiaconcursos.com.br\/blog\/#organization\",\"name\":\"Estrat\u00e9gia Concursos\",\"url\":\"https:\/\/www.estrategiaconcursos.com.br\/blog\/\",\"logo\":{\"@type\":\"ImageObject\",\"inLanguage\":\"pt-BR\",\"@id\":\"https:\/\/www.estrategiaconcursos.com.br\/blog\/#\/schema\/logo\/image\/\",\"url\":\"https:\/\/dhg1h5j42swfq.cloudfront.net\/2025\/06\/03203428\/logo_concursos-1.jpg\",\"contentUrl\":\"https:\/\/dhg1h5j42swfq.cloudfront.net\/2025\/06\/03203428\/logo_concursos-1.jpg\",\"width\":230,\"height\":60,\"caption\":\"Estrat\u00e9gia Concursos\"},\"image\":{\"@id\":\"https:\/\/www.estrategiaconcursos.com.br\/blog\/#\/schema\/logo\/image\/\"},\"sameAs\":[\"https:\/\/x.com\/EstratConcursos\"]},{\"@type\":\"Person\",\"@id\":\"https:\/\/www.estrategiaconcursos.com.br\/blog\/#\/schema\/person\/b4a388c97673c5f483d72185668afa1f\",\"name\":\"Coordena\u00e7\u00e3o\",\"image\":{\"@type\":\"ImageObject\",\"inLanguage\":\"pt-BR\",\"@id\":\"https:\/\/secure.gravatar.com\/avatar\/b720319e4c9a967eb58678d110f4fe35452fc5d5f97b202bac7b8acceb18c6ad?s=96&d=mm&r=g\",\"url\":\"https:\/\/secure.gravatar.com\/avatar\/b720319e4c9a967eb58678d110f4fe35452fc5d5f97b202bac7b8acceb18c6ad?s=96&d=mm&r=g\",\"contentUrl\":\"https:\/\/secure.gravatar.com\/avatar\/b720319e4c9a967eb58678d110f4fe35452fc5d5f97b202bac7b8acceb18c6ad?s=96&d=mm&r=g\",\"caption\":\"Coordena\u00e7\u00e3o\"},\"sameAs\":[\"https:\/\/www.facebook.com\/EstrategiaConcursos\",\"https:\/\/x.com\/EstratConcursos\"],\"url\":\"https:\/\/www.estrategiaconcursos.com.br\/blog\/author\/estrategia2013\/\"}]}<\/script>\n<!-- \/ Yoast SEO Premium plugin. -->","yoast_head_json":{"title":"CONCURSO TRE-PE: Edital lan\u00e7ado! Vagas para T\u00e9cnico e Analista","description":"Foi divulgado nesta quarta-feira,no Di\u00e1rio Oficial da Uni\u00e3o, o edital do concurso TRE-PE com vagas nos cargos de T\u00e9cnico e Analista. Sal\u00e1rios de at\u00e9 R$9mil!","robots":{"index":"index","follow":"follow","max-snippet":"max-snippet:-1","max-image-preview":"max-image-preview:large","max-video-preview":"max-video-preview:-1"},"canonical":"https:\/\/www.estrategiaconcursos.com.br\/blog\/concurso-tre-pe-2\/","og_locale":"pt_BR","og_type":"article","og_title":"CONCURSO TRE-PE: Edital lan\u00e7ado! Vagas nos cargos de T\u00e9cnico e Analista Judici\u00e1rio. Saiba mais!","og_description":"Foi divulgado nesta quarta-feira,no Di\u00e1rio Oficial da Uni\u00e3o, o edital do concurso TRE-PE com vagas nos cargos de T\u00e9cnico e Analista. Sal\u00e1rios de at\u00e9 R$9mil!","og_url":"https:\/\/www.estrategiaconcursos.com.br\/blog\/concurso-tre-pe-2\/","og_site_name":"Estrat\u00e9gia Concursos","article_author":"https:\/\/www.facebook.com\/EstrategiaConcursos","article_published_time":"2016-08-31T10:38:23+00:00","article_modified_time":"2022-09-09T13:54:13+00:00","og_image":[{"width":318,"height":159,"url":"https:\/\/dhg1h5j42swfq.cloudfront.net\/2016\/07\/07120130\/tre-pe-2.jpg","type":"image\/jpeg"}],"author":"Coordena\u00e7\u00e3o","twitter_card":"summary_large_image","twitter_creator":"@EstratConcursos","twitter_site":"@EstratConcursos","twitter_misc":{"Escrito por":"Coordena\u00e7\u00e3o","Est. tempo de leitura":"2 minutos"},"schema":{"@context":"https:\/\/schema.org","@graph":[{"@type":"NewsArticle","@id":"https:\/\/www.estrategiaconcursos.com.br\/blog\/concurso-tre-pe-2\/#article","isPartOf":{"@id":"https:\/\/www.estrategiaconcursos.com.br\/blog\/concurso-tre-pe-2\/"},"author":{"name":"Coordena\u00e7\u00e3o","@id":"https:\/\/www.estrategiaconcursos.com.br\/blog\/#\/schema\/person\/b4a388c97673c5f483d72185668afa1f"},"headline":"CONCURSO TRE-PE: Edital lan\u00e7ado! Vagas nos cargos de T\u00e9cnico e Analista Judici\u00e1rio. Saiba mais!","datePublished":"2016-08-31T10:38:23+00:00","dateModified":"2022-09-09T13:54:13+00:00","mainEntityOfPage":{"@id":"https:\/\/www.estrategiaconcursos.com.br\/blog\/concurso-tre-pe-2\/"},"wordCount":511,"commentCount":9,"publisher":{"@id":"https:\/\/www.estrategiaconcursos.com.br\/blog\/#organization"},"image":{"@id":"https:\/\/www.estrategiaconcursos.com.br\/blog\/concurso-tre-pe-2\/#primaryimage"},"thumbnailUrl":"https:\/\/dhg1h5j42swfq.cloudfront.net\/2016\/07\/07120130\/tre-pe-2.jpg","keywords":["TRE-PE"],"articleSection":["Concursos P\u00fablicos","Tribunais"],"inLanguage":"pt-BR","potentialAction":[{"@type":"CommentAction","name":"Comment","target":["https:\/\/www.estrategiaconcursos.com.br\/blog\/concurso-tre-pe-2\/#respond"]}],"copyrightYear":"2016","copyrightHolder":{"@id":"https:\/\/www.estrategiaconcursos.com.br\/blog\/#organization"}},{"@type":"WebPage","@id":"https:\/\/www.estrategiaconcursos.com.br\/blog\/concurso-tre-pe-2\/","url":"https:\/\/www.estrategiaconcursos.com.br\/blog\/concurso-tre-pe-2\/","name":"CONCURSO TRE-PE: Edital lan\u00e7ado! Vagas para T\u00e9cnico e Analista","isPartOf":{"@id":"https:\/\/www.estrategiaconcursos.com.br\/blog\/#website"},"primaryImageOfPage":{"@id":"https:\/\/www.estrategiaconcursos.com.br\/blog\/concurso-tre-pe-2\/#primaryimage"},"image":{"@id":"https:\/\/www.estrategiaconcursos.com.br\/blog\/concurso-tre-pe-2\/#primaryimage"},"thumbnailUrl":"https:\/\/dhg1h5j42swfq.cloudfront.net\/2016\/07\/07120130\/tre-pe-2.jpg","datePublished":"2016-08-31T10:38:23+00:00","dateModified":"2022-09-09T13:54:13+00:00","description":"Foi divulgado nesta quarta-feira,no Di\u00e1rio Oficial da Uni\u00e3o, o edital do concurso TRE-PE com vagas nos cargos de T\u00e9cnico e Analista. Sal\u00e1rios de at\u00e9 R$9mil!","breadcrumb":{"@id":"https:\/\/www.estrategiaconcursos.com.br\/blog\/concurso-tre-pe-2\/#breadcrumb"},"inLanguage":"pt-BR","potentialAction":[{"@type":"ReadAction","target":["https:\/\/www.estrategiaconcursos.com.br\/blog\/concurso-tre-pe-2\/"]}]},{"@type":"ImageObject","inLanguage":"pt-BR","@id":"https:\/\/www.estrategiaconcursos.com.br\/blog\/concurso-tre-pe-2\/#primaryimage","url":"https:\/\/dhg1h5j42swfq.cloudfront.net\/2016\/07\/07120130\/tre-pe-2.jpg","contentUrl":"https:\/\/dhg1h5j42swfq.cloudfront.net\/2016\/07\/07120130\/tre-pe-2.jpg","width":318,"height":159},{"@type":"BreadcrumbList","@id":"https:\/\/www.estrategiaconcursos.com.br\/blog\/concurso-tre-pe-2\/#breadcrumb","itemListElement":[{"@type":"ListItem","position":1,"name":"In\u00edcio","item":"https:\/\/www.estrategiaconcursos.com.br\/blog\/"},{"@type":"ListItem","position":2,"name":"CONCURSO TRE-PE: Edital lan\u00e7ado! Vagas nos cargos de T\u00e9cnico e Analista Judici\u00e1rio. Saiba mais!"}]},{"@type":"WebSite","@id":"https:\/\/www.estrategiaconcursos.com.br\/blog\/#website","url":"https:\/\/www.estrategiaconcursos.com.br\/blog\/","name":"Estrat\u00e9gia Concursos","description":"O blog da Estrat\u00e9gia Concursos traz not\u00edcias sobre concursos e artigos de professores oferecendo cursos para concursos (pdf + videaulas) no site.","publisher":{"@id":"https:\/\/www.estrategiaconcursos.com.br\/blog\/#organization"},"potentialAction":[{"@type":"SearchAction","target":{"@type":"EntryPoint","urlTemplate":"https:\/\/www.estrategiaconcursos.com.br\/blog\/?s={search_term_string}"},"query-input":{"@type":"PropertyValueSpecification","valueRequired":true,"valueName":"search_term_string"}}],"inLanguage":"pt-BR"},{"@type":"Organization","@id":"https:\/\/www.estrategiaconcursos.com.br\/blog\/#organization","name":"Estrat\u00e9gia Concursos","url":"https:\/\/www.estrategiaconcursos.com.br\/blog\/","logo":{"@type":"ImageObject","inLanguage":"pt-BR","@id":"https:\/\/www.estrategiaconcursos.com.br\/blog\/#\/schema\/logo\/image\/","url":"https:\/\/dhg1h5j42swfq.cloudfront.net\/2025\/06\/03203428\/logo_concursos-1.jpg","contentUrl":"https:\/\/dhg1h5j42swfq.cloudfront.net\/2025\/06\/03203428\/logo_concursos-1.jpg","width":230,"height":60,"caption":"Estrat\u00e9gia Concursos"},"image":{"@id":"https:\/\/www.estrategiaconcursos.com.br\/blog\/#\/schema\/logo\/image\/"},"sameAs":["https:\/\/x.com\/EstratConcursos"]},{"@type":"Person","@id":"https:\/\/www.estrategiaconcursos.com.br\/blog\/#\/schema\/person\/b4a388c97673c5f483d72185668afa1f","name":"Coordena\u00e7\u00e3o","image":{"@type":"ImageObject","inLanguage":"pt-BR","@id":"https:\/\/secure.gravatar.com\/avatar\/b720319e4c9a967eb58678d110f4fe35452fc5d5f97b202bac7b8acceb18c6ad?s=96&d=mm&r=g","url":"https:\/\/secure.gravatar.com\/avatar\/b720319e4c9a967eb58678d110f4fe35452fc5d5f97b202bac7b8acceb18c6ad?s=96&d=mm&r=g","contentUrl":"https:\/\/secure.gravatar.com\/avatar\/b720319e4c9a967eb58678d110f4fe35452fc5d5f97b202bac7b8acceb18c6ad?s=96&d=mm&r=g","caption":"Coordena\u00e7\u00e3o"},"sameAs":["https:\/\/www.facebook.com\/EstrategiaConcursos","https:\/\/x.com\/EstratConcursos"],"url":"https:\/\/www.estrategiaconcursos.com.br\/blog\/author\/estrategia2013\/"}]}},"_links":{"self":[{"href":"https:\/\/www.estrategiaconcursos.com.br\/blog\/wp-json\/wp\/v2\/posts\/47713","targetHints":{"allow":["GET"]}}],"collection":[{"href":"https:\/\/www.estrategiaconcursos.com.br\/blog\/wp-json\/wp\/v2\/posts"}],"about":[{"href":"https:\/\/www.estrategiaconcursos.com.br\/blog\/wp-json\/wp\/v2\/types\/post"}],"author":[{"embeddable":true,"href":"https:\/\/www.estrategiaconcursos.com.br\/blog\/wp-json\/wp\/v2\/users\/1"}],"replies":[{"embeddable":true,"href":"https:\/\/www.estrategiaconcursos.com.br\/blog\/wp-json\/wp\/v2\/comments?post=47713"}],"version-history":[{"count":10,"href":"https:\/\/www.estrategiaconcursos.com.br\/blog\/wp-json\/wp\/v2\/posts\/47713\/revisions"}],"predecessor-version":[{"id":1091933,"href":"https:\/\/www.estrategiaconcursos.com.br\/blog\/wp-json\/wp\/v2\/posts\/47713\/revisions\/1091933"}],"wp:featuredmedia":[{"embeddable":true,"href":"https:\/\/www.estrategiaconcursos.com.br\/blog\/wp-json\/wp\/v2\/media\/43102"}],"wp:attachment":[{"href":"https:\/\/www.estrategiaconcursos.com.br\/blog\/wp-json\/wp\/v2\/media?parent=47713"}],"wp:term":[{"taxonomy":"category","embeddable":true,"href":"https:\/\/www.estrategiaconcursos.com.br\/blog\/wp-json\/wp\/v2\/categories?post=47713"},{"taxonomy":"post_tag","embeddable":true,"href":"https:\/\/www.estrategiaconcursos.com.br\/blog\/wp-json\/wp\/v2\/tags?post=47713"},{"taxonomy":"tax_estado","embeddable":true,"href":"https:\/\/www.estrategiaconcursos.com.br\/blog\/wp-json\/wp\/v2\/tax_estado?post=47713"}],"curies":[{"name":"wp","href":"https:\/\/api.w.org\/{rel}","templated":true}]}}