{"id":476782,"date":"2020-02-02T21:19:08","date_gmt":"2020-02-03T00:19:08","guid":{"rendered":"https:\/\/www.estrategiaconcursos.com.br\/blog\/?p=476782"},"modified":"2020-02-02T21:19:10","modified_gmt":"2020-02-03T00:19:10","slug":"gabarito-sefaz-df-extraoficial-contabilidade-geral-e-de-custos","status":"publish","type":"post","link":"https:\/\/www.estrategiaconcursos.com.br\/blog\/gabarito-sefaz-df-extraoficial-contabilidade-geral-e-de-custos\/","title":{"rendered":"Gabarito SEFAZ DF &#8211; Extraoficial &#8211; Contabilidade Geral e de Custos"},"content":{"rendered":"\n<p> Gabarito SEFAZ DF Ol\u00e1, pessoal. Aqui quem \u00e9 fala s\u00e3o os professores Julio Cardozo (@profjuliocardozo), Luciano Rosa (@contabilidadeconcurso) e Silvio Sande (@prof.silviosande). Estamos aqui, em primeira m\u00e3o, trazendo o gabarito de Contabilidade Geral e Contabilidade de Custos para voc\u00eas.<\/p>\n\n\n\n<p>Nossa torcida \u00e9 para que os nossos alunos tenham ido bem nessa prova. Em nossa opini\u00e3o, a prova de Contabilidade Geral n\u00e3o estava dif\u00edcil, com quest\u00f5es que foram amplamente trabalhadas em nossos cursos regulares, revis\u00f5es e simulados.  <\/p>\n\n\n\n<p>Gabarito SEFAZ DF  A prova de Contabilidade de Custos estava com n\u00edvel mais alto, trazendo alguns itens de doutrina bem subjetivos. Mas tivemos quest\u00f5es bem repetidas em provas do Cespe e que tamb\u00e9m foram trabalhadas nos cursos regulares. <\/p>\n\n\n\n<p>Gabarito SEFAZ DF  Antes de apresentar o gabarito comentado, queremos informar que estamos com a nossa nova equipe de Contabilidade para 2020, constitu\u00edda pelos professores Silvio Sande, Julio Cardozo e Luciano Rosa. Estamos relan\u00e7ando diversos cursos para \u00e1rea fiscal e controle. 100% atualizados, inclusive, essa prova da SEFAZ-DF j\u00e1 vai ser comentada por la, ok? Confiram a aula demonstrativa deste curso para a Receita Federal.  http:\/\/bit.ly\/AFRFB2020<\/p>\n\n\n\n<p>Vamos aos coment\u00e1rios:<\/p>\n\n\n\n<figure class=\"wp-block-image size-large\"><img loading=\"lazy\" decoding=\"async\" width=\"595\" height=\"281\" src=\"https:\/\/dhg1h5j42swfq.cloudfront.net\/2020\/02\/02195550\/101.png\" alt=\"\" class=\"wp-image-476790\" srcset=\"https:\/\/dhg1h5j42swfq.cloudfront.net\/2020\/02\/02195550\/101.png 595w, https:\/\/dhg1h5j42swfq.cloudfront.net\/2020\/02\/02195550\/101-300x142.png 300w\" sizes=\"auto, (max-width: 595px) 100vw, 595px\" \/><\/figure>\n\n\n\n<p>Gabarito SEFAZ DF  Pessoal, item correto, de acordo com a Estrutura Conceitual &#8220;antiga&#8221;<\/p>\n\n\n\n<p> QC17. A informa\u00e7\u00e3o precisa concomitantemente ser relevante e representar com fidedignidade a   realidade reportada para ser \u00fatil. Nem a representa\u00e7\u00e3o fidedigna de fen\u00f4meno irrelevante, tampouco a representa\u00e7\u00e3o n\u00e3o fidedigna de fen\u00f4meno relevante auxiliam os usu\u00e1rios a tomarem boas decis\u00f5es. <\/p>\n\n\n\n<figure class=\"wp-block-image size-large\"><img loading=\"lazy\" decoding=\"async\" width=\"622\" height=\"279\" src=\"https:\/\/dhg1h5j42swfq.cloudfront.net\/2020\/02\/02195854\/102.png\" alt=\"\" class=\"wp-image-476791\" srcset=\"https:\/\/dhg1h5j42swfq.cloudfront.net\/2020\/02\/02195854\/102.png 622w, https:\/\/dhg1h5j42swfq.cloudfront.net\/2020\/02\/02195854\/102-300x135.png 300w, https:\/\/dhg1h5j42swfq.cloudfront.net\/2020\/02\/02195854\/102-610x274.png 610w\" sizes=\"auto, (max-width: 622px) 100vw, 622px\" \/><\/figure>\n\n\n\n<p>Gabarito SEFAZ DF Item correto!  Conforme previs\u00e3o do CPC 00 (r1) Receitas 4.29. A defini\u00e7\u00e3o de receita abrange tanto receitas propriamente ditas quanto ganhos. A receita surge no curso das atividades usuais da entidade e \u00e9 designada por uma variedade de nomes, tais como vendas, honor\u00e1rios, juros, dividendos, royalties, alugu\u00e9is.<\/p>\n\n\n\n<figure class=\"wp-block-image size-large\"><img loading=\"lazy\" decoding=\"async\" width=\"611\" height=\"226\" src=\"https:\/\/dhg1h5j42swfq.cloudfront.net\/2020\/02\/02200019\/103.png\" alt=\"\" class=\"wp-image-476792\" srcset=\"https:\/\/dhg1h5j42swfq.cloudfront.net\/2020\/02\/02200019\/103.png 611w, https:\/\/dhg1h5j42swfq.cloudfront.net\/2020\/02\/02200019\/103-300x111.png 300w\" sizes=\"auto, (max-width: 611px) 100vw, 611px\" \/><\/figure>\n\n\n\n<p> Quest\u00e3o literal do CPC 00: 4.6. Ao avaliar se um item se enquadra na defini\u00e7\u00e3o de ativo, passivo ou patrim\u00f4nio l\u00edquido, deve-se atentar para a sua ess\u00eancia subjacente e realidade econ\u00f4mica e n\u00e3o apenas para sua forma legal. Gabarito SEFAZ DF <\/p>\n\n\n\n<p> <\/p>\n\n\n\n<figure class=\"wp-block-image size-large\"><img loading=\"lazy\" decoding=\"async\" width=\"424\" height=\"300\" src=\"https:\/\/dhg1h5j42swfq.cloudfront.net\/2020\/02\/02200256\/104.png\" alt=\"\" class=\"wp-image-476793\" srcset=\"https:\/\/dhg1h5j42swfq.cloudfront.net\/2020\/02\/02200256\/104.png 424w, https:\/\/dhg1h5j42swfq.cloudfront.net\/2020\/02\/02200256\/104-300x212.png 300w\" sizes=\"auto, (max-width: 424px) 100vw, 424px\" \/><\/figure>\n\n\n\n<p>Gabarito SEFAZ DF Item errado, pessoal. A concess\u00e3o de um adiantamento aos funcion\u00e1rios n\u00e3o \u00e9 despesa, de acordo com o regime da compet\u00eancia, mas um fato permutativo. Contabiliza\u00e7\u00e3o:<\/p>\n\n\n\n<p>D &#8211; Adiantamento a empregado (Ativo Circulante)<\/p>\n\n\n\n<p>C &#8211; Caixa (Ativo Caixa)<\/p>\n\n\n\n<p>Trata-se de um fato permutativo.<\/p>\n\n\n\n<figure class=\"wp-block-image size-large\"><img loading=\"lazy\" decoding=\"async\" width=\"402\" height=\"266\" src=\"https:\/\/dhg1h5j42swfq.cloudfront.net\/2020\/02\/02200539\/105.png\" alt=\"\" class=\"wp-image-476795\" srcset=\"https:\/\/dhg1h5j42swfq.cloudfront.net\/2020\/02\/02200539\/105.png 402w, https:\/\/dhg1h5j42swfq.cloudfront.net\/2020\/02\/02200539\/105-300x199.png 300w\" sizes=\"auto, (max-width: 402px) 100vw, 402px\" \/><\/figure>\n\n\n\n<p>Gabarito SEFAZ DF  Quest\u00f5es de que tratam do custo dos estoques, de acordo com o CPC 16:<\/p>\n\n\n\n<p>Sabemos que o custo do estoque inclui todos os gastos necess\u00e1rios para colocar o estoque n\u00e3o condi\u00e7\u00f5es determinadas pela administra\u00e7\u00e3o:<\/p>\n\n\n\n<p>Custo do Estoque = Pre\u00e7o + Tributos N\u00e3o Recuper\u00e1veis + Frete<\/p>\n\n\n\n<p>Custo do estoque = 500.000 + 50.000 + 25.000 = 575.000<\/p>\n\n\n\n<p>O item 105 est\u00e1 errado, pois o valor do frete \u00e9 contabilizado no custo do estoque e n\u00e3o como despesa.<\/p>\n\n\n\n<p>O item 106 tamb\u00e9m est\u00e1 errado, pois o custo do estoque \u00e9 de 575.000 e n\u00e3o 550.000. Gabarito SEFAZ DF <\/p>\n\n\n\n<figure class=\"wp-block-image size-large\"><img loading=\"lazy\" decoding=\"async\" width=\"455\" height=\"291\" src=\"https:\/\/dhg1h5j42swfq.cloudfront.net\/2020\/02\/02202001\/107.png\" alt=\"\" class=\"wp-image-476808\" srcset=\"https:\/\/dhg1h5j42swfq.cloudfront.net\/2020\/02\/02202001\/107.png 455w, https:\/\/dhg1h5j42swfq.cloudfront.net\/2020\/02\/02202001\/107-300x192.png 300w\" sizes=\"auto, (max-width: 455px) 100vw, 455px\" \/><\/figure>\n\n\n\n<p>A quest\u00e3o 107 est\u00e1 errada, pois a DVA apresenta as riquezas criadas pela entidade em determinado per\u00edodo e a forma como foram DISTRIBU\u00cdDAS  e n\u00e3o necessariamente pagas, pois a DVA trabalha com o Regime de Compet\u00eancia e n\u00e3o de caixa.<\/p>\n\n\n\n<p>Gabarito SEFAZ DF . A quest\u00e3o 108 est\u00e1 correta, o Cpc 03 afirma que  Informa\u00e7\u00f5es sobre o fluxo de caixa de uma entidade s\u00e3o \u00fateis para proporcionar aos usu\u00e1rios das demonstra\u00e7\u00f5es cont\u00e1beis uma base para avaliar a capacidade de a entidade gerar caixa e equivalentes de caixa, bem como as necessidades da entidade de utiliza\u00e7\u00e3o desses fluxos de caixa. As decis\u00f5es econ\u00f4micas que s\u00e3o tomadas pelos usu\u00e1rios exigem avalia\u00e7\u00e3o da capacidade de a entidade gerar caixa e equivalentes de caixa, bem como da \u00e9poca de sua ocorr\u00eancia e do grau de certeza de sua gera\u00e7\u00e3o.    A demonstra\u00e7\u00e3o dos fluxos de caixa deve apresentar os fluxos de caixa do per\u00edodo classificados por atividades operacionais, de investimento e de financiamento. <\/p>\n\n\n\n<figure class=\"wp-block-image size-large\"><img loading=\"lazy\" decoding=\"async\" width=\"606\" height=\"377\" src=\"https:\/\/dhg1h5j42swfq.cloudfront.net\/2020\/02\/02202504\/109.png\" alt=\"\" class=\"wp-image-476810\" srcset=\"https:\/\/dhg1h5j42swfq.cloudfront.net\/2020\/02\/02202504\/109.png 606w, https:\/\/dhg1h5j42swfq.cloudfront.net\/2020\/02\/02202504\/109-300x187.png 300w\" sizes=\"auto, (max-width: 606px) 100vw, 606px\" \/><\/figure>\n\n\n\n<p>Pessoal, agora, as quest\u00f5es de Contabilidade de Custos! Alguns itens doutrin\u00e1rios e bem subjetivos.  Vamos iremos coment\u00e1-los:<\/p>\n\n\n\n<p>Gabarito SEFAZ DF . A quest\u00e3o 109 est\u00e1 correta. O RWW \u00e9 um m\u00e9todo de Custeio chamado pleno, pois apropria custos e despesas aos produtos. De acordo com o professor Eliseu Martins em sua obra M\u00e9todo de Custeio Comparados ,  o Custeio Pleno (como \u00e9 o caso do RKW) \u00e9 denominado Custeio por Absor\u00e7\u00e3o Integral.  Em nosso entendimento, o item pode ser considerado correto. <\/p>\n\n\n\n<p>Sobre a quest\u00e3o 110,  Os custos que podem ser associados aos objetos de custeio sem o uso de modelos matem\u00e1ticos de rateio s\u00e3o atribu\u00eddos a esses objetos na metodologia do custeio por absor\u00e7\u00e3o.<\/p>\n\n\n\n<p>Coment\u00e1rio:&nbsp; Os \u201ccustos\nque podem ser associados aos objetos de custeio sem o uso de modelos\nmatem\u00e1ticos de rateio\u201d s\u00e3o os custos diretos. <\/p>\n\n\n\n<p>No custeio por absor\u00e7\u00e3o, todos os custos, diretos e\nindiretos, fixos e vari\u00e1veis, s\u00e3o atribu\u00eddos aos produtos (os \u201cobjetos de\ncusteio\u201d).<\/p>\n\n\n\n<p><strong>Gabarito <\/strong><strong>\u00e0\nCERTO<\/strong><\/p>\n\n\n\n<p>Gabarito SEFAZ DF . Quando n\u00e3o h\u00e1 necessidade sem o uso de rateio, estamos falando de custos diretos e, parte da doutrina, considera que no custeio por absor\u00e7\u00e3o todos os custos s\u00e3o diretos. <\/p>\n\n\n\n<p>A quest\u00e3o 111 est\u00e1 errada e j\u00e1 foi cobrada em outras quest\u00f5es do Cespe. <\/p>\n\n\n\n<p>Uma das semelhan\u00e7as entre os sistemas de acumula\u00e7\u00e3o de custos  \u00e9 o emprego das mesmas contas b\u00e1sicas de produ\u00e7\u00e3o: MD + MOD + CIF. Portanto, o item est\u00e1 errado. <\/p>\n\n\n\n<figure class=\"wp-block-image size-large\"><img loading=\"lazy\" decoding=\"async\" width=\"603\" height=\"448\" src=\"https:\/\/dhg1h5j42swfq.cloudfront.net\/2020\/02\/02204938\/112.png\" alt=\"\" class=\"wp-image-476824\" srcset=\"https:\/\/dhg1h5j42swfq.cloudfront.net\/2020\/02\/02204938\/112.png 603w, https:\/\/dhg1h5j42swfq.cloudfront.net\/2020\/02\/02204938\/112-300x223.png 300w\" sizes=\"auto, (max-width: 603px) 100vw, 603px\" \/><\/figure>\n\n\n\n<p>A taxa foi de $12,10<\/p>\n\n\n\n<p>Resolu\u00e7\u00e3o:<\/p>\n\n\n\n<p>Vamos montar uma tabela com o custo padr\u00e3o:<\/p>\n\n\n\n<figure class=\"wp-block-table\"><table class=\"\"><tbody><tr><td><\/td><td>\n  REAL \n  <\/td><td>\n  PADR\u00c3O\n  <\/td><td><\/td><\/tr><tr><td>\n  Quantidade\n  <\/td><td>\n  &nbsp;\n  <\/td><td>\n  90\n  <\/td><td>\n  &nbsp;\n  <\/td><\/tr><tr><td>\n  Taxa\n  <\/td><td>\n  &nbsp;\n  <\/td><td>\n  13\n  <\/td><td>\n  &nbsp;\n  <\/td><\/tr><tr><td>\n  Total\n  <\/td><td>\n  &nbsp;\n  <\/td><td>\n  1170\n  <\/td><td>\n  &nbsp;\n  <\/td><\/tr><\/tbody><\/table><\/figure>\n\n\n\n<p>Quantidade 90 x taxa 13 = custo padr\u00e3o total de 1.170. Houve\numa varia\u00e7\u00e3o total desfavor\u00e1vel de $40, ent\u00e3o o custo real \u00e9 $1.170. + $ 40 = $\n1.210<\/p>\n\n\n\n<figure class=\"wp-block-table\"><table class=\"\"><tbody><tr><td><\/td><td>\n  REAL \n  <\/td><td>\n  PADR\u00c3O\n  <\/td><td><\/td><\/tr><tr><td>\n  Quantidade\n  <\/td><td>\n  &nbsp;\n  <\/td><td>\n  90\n  <\/td><td>\n  &nbsp;\n  <\/td><\/tr><tr><td>\n  Taxa\n  <\/td><td>\n  &nbsp;\n  <\/td><td>\n  13\n  <\/td><td>\n  &nbsp;\n  <\/td><\/tr><tr><td>\n  Total\n  <\/td><td>\n  1210\n  <\/td><td>\n  1170\n  <\/td><td>\n  &nbsp;\n  <\/td><\/tr><\/tbody><\/table><\/figure>\n\n\n\n<p>A varia\u00e7\u00e3o de taxa foi favor\u00e1vel em 90. Para chegar ao total\nde&nbsp; $1.210, a quantidade deve ser de $ 2100\n+ 90 = $ 1300<\/p>\n\n\n\n<p>Quantidade = $1.300 \/ Taxa padr\u00e3o 13 = 100 unidades<\/p>\n\n\n\n<figure class=\"wp-block-table\"><table class=\"\"><tbody><tr><td><\/td><td>\n  REAL\n  <\/td><td>\n  PADR\u00c3O\n  <\/td><\/tr><tr><td>\n  Quantidade\n  <\/td><td>\n  100\n  <\/td><td>\n  90\n  <\/td><\/tr><tr><td>\n  Taxa\n  <\/td><td>\n  &nbsp;\n  <\/td><td>\n  13\n  <\/td><\/tr><tr><td>\n  Total\n  <\/td><td>\n  1210\n  <\/td><td>\n  1170\n  <\/td><\/tr><\/tbody><\/table><\/figure>\n\n\n\n<p>Portanto, a taxa real foi de $ 1.210 \/ 100 unidades = $\n12,10<\/p>\n\n\n\n<figure class=\"wp-block-table\"><table class=\"\"><tbody><tr><td><\/td><td>\n  REAL \n  <\/td><td>\n  PADR\u00c3O\n  <\/td><td><\/td><\/tr><tr><td>\n  Quantidade\n  <\/td><td>\n  100\n  <\/td><td>\n  90\n  <\/td><td>\n  10\n  <\/td><\/tr><tr><td>\n  Taxa\n  <\/td><td>\n  12,1\n  <\/td><td>\n  13\n  <\/td><td>\n  -0,9\n  <\/td><\/tr><tr><td>\n  Total\n  <\/td><td>\n  1210\n  <\/td><td>\n  1170\n  <\/td><td>\n  40\n  <\/td><\/tr><\/tbody><\/table><\/figure>\n\n\n\n<p>Gabarito-&gt;CERTO<\/p>\n\n\n\n<p><\/p>\n\n\n\n<figure class=\"wp-block-image size-large\"><img loading=\"lazy\" decoding=\"async\" width=\"610\" height=\"232\" src=\"https:\/\/dhg1h5j42swfq.cloudfront.net\/2020\/02\/02205001\/113.png\" alt=\"\" class=\"wp-image-476826\" srcset=\"https:\/\/dhg1h5j42swfq.cloudfront.net\/2020\/02\/02205001\/113.png 610w, https:\/\/dhg1h5j42swfq.cloudfront.net\/2020\/02\/02205001\/113-300x114.png 300w\" sizes=\"auto, (max-width: 610px) 100vw, 610px\" \/><\/figure>\n\n\n\n<p>A diferen\u00e7a entre os dois m\u00e9todos \u00e9 custo fixo retido nos estoques.  Se o resultado pelo custeio vari\u00e1vel  for maior, podemos inferir que houve sim, redu\u00e7\u00e3o nos estoques.  Item correto. <\/p>\n\n\n\n<p><\/p>\n\n\n\n<figure class=\"wp-block-image size-large\"><img loading=\"lazy\" decoding=\"async\" width=\"611\" height=\"89\" src=\"https:\/\/dhg1h5j42swfq.cloudfront.net\/2020\/02\/02205023\/114.png\" alt=\"\" class=\"wp-image-476827\" srcset=\"https:\/\/dhg1h5j42swfq.cloudfront.net\/2020\/02\/02205023\/114.png 611w, https:\/\/dhg1h5j42swfq.cloudfront.net\/2020\/02\/02205023\/114-300x44.png 300w\" sizes=\"auto, (max-width: 611px) 100vw, 611px\" \/><\/figure>\n\n\n\n<p><strong>Coment\u00e1rio: <\/strong><\/p>\n\n\n\n<p>Uma atividade\nconsome recursos e, portanto, tem custo. O objetivo das atividades \u00e9\ntransformar os recursos (materiais, m\u00e3o de obra, custos indiretos, etc) em\nprodutos. <\/p>\n\n\n\n<p>Essas premissas\npossibilitam que o Custeio Baseado em Atividades fa\u00e7a a apropria\u00e7\u00e3o dos custos\nem dois est\u00e1gios:<\/p>\n\n\n\n<p>1) Determinar os\ncustos das atividades realizadas na empresa;<\/p>\n\n\n\n<p>2) Aloca os\ncustos da atividades aos produtos.<\/p>\n\n\n\n<p>Assim, no\nPRIMEIRO est\u00e1gio, o custeio ABC atribui custos de insumos \u00e0s atividades. No SEGUNDO\nest\u00e1gio, atribui o custo das atividades aos produtos.<\/p>\n\n\n\n<p>Gabarito \u00e0 Errado.<\/p>\n\n\n\n<p><\/p>\n\n\n\n<figure class=\"wp-block-image size-large\"><img loading=\"lazy\" decoding=\"async\" width=\"608\" height=\"215\" src=\"https:\/\/dhg1h5j42swfq.cloudfront.net\/2020\/02\/02205055\/115.png\" alt=\"\" class=\"wp-image-476828\" srcset=\"https:\/\/dhg1h5j42swfq.cloudfront.net\/2020\/02\/02205055\/115.png 608w, https:\/\/dhg1h5j42swfq.cloudfront.net\/2020\/02\/02205055\/115-300x106.png 300w\" sizes=\"auto, (max-width: 608px) 100vw, 608px\" \/><\/figure>\n\n\n\n<p>Pessoal, quest\u00e3o que o Cespe cobra bastante, envolvendo Ponto de Equil\u00edbrio e Margem de Seguran\u00e7a:<\/p>\n\n\n\n<p>Ponto de equil\u00edbrio &nbsp;=\nCustos e despesas fixas \/ MCU<\/p>\n\n\n\n<p>4000 = 160.000 \/ MCU<\/p>\n\n\n\n<p>MCU = $ 40 reais<\/p>\n\n\n\n<p>Lucro desejado $80.000 \/ $ 40 = 2000 unidades<\/p>\n\n\n\n<p>Vendas = 4000 unidades+ 2000 unidades = 6000 unidades<\/p>\n\n\n\n<p>Margem de Seguran\u00e7a (6.000 \u2013 4000) \/ 6.000 \u2013 0,3333 = 33,33\n%<\/p>\n\n\n\n<p><strong>Gabarito <\/strong><strong>\u00e0\nErrada<\/strong><\/p>\n\n\n\n<p>\u00c9 isso, pessoal!! Espero que tenham gostado dos coment\u00e1rios e acompanhem o nosso trabalho nas redes sociais.<\/p>\n\n\n\n<p> Julio Cardozo (@profjuliocardozo), Luciano Rosa (@contabilidadeconcurso) e Silvio Sande (@prof.silviosande).  <\/p>\n","protected":false},"excerpt":{"rendered":"<p>Gabarito SEFAZ DF Ol\u00e1, pessoal. Aqui quem \u00e9 fala s\u00e3o os professores Julio Cardozo (@profjuliocardozo), Luciano Rosa (@contabilidadeconcurso) e Silvio Sande (@prof.silviosande). Estamos aqui, em primeira m\u00e3o, trazendo o gabarito de Contabilidade Geral e Contabilidade de Custos para voc\u00eas. Nossa torcida \u00e9 para que os nossos alunos tenham ido bem nessa prova. Em nossa opini\u00e3o, [&hellip;]<\/p>\n","protected":false},"author":232,"featured_media":0,"comment_status":"open","ping_status":"closed","sticky":false,"template":"","format":"standard","meta":{"post_tipo":"article","footnotes":""},"categories":[1],"tags":[],"tax_estado":[],"class_list":["post-476782","post","type-post","status-publish","format-standard","hentry","category-cursos-e-concursos"],"acf":[],"yoast_head":"<!-- This site is optimized with the Yoast SEO Premium plugin v27.2 (Yoast SEO v27.2) - https:\/\/yoast.com\/product\/yoast-seo-premium-wordpress\/ -->\n<title>Gabarito SEFAZ DF - Extraoficial - Contabilidade Geral e de Custos<\/title>\n<meta name=\"robots\" content=\"index, follow, max-snippet:-1, max-image-preview:large, max-video-preview:-1\" \/>\n<link rel=\"canonical\" href=\"https:\/\/www.estrategiaconcursos.com.br\/blog\/gabarito-sefaz-df-extraoficial-contabilidade-geral-e-de-custos\/\" \/>\n<meta property=\"og:locale\" content=\"pt_BR\" \/>\n<meta property=\"og:type\" content=\"article\" \/>\n<meta property=\"og:title\" content=\"Gabarito SEFAZ DF - Extraoficial - Contabilidade Geral e de Custos\" \/>\n<meta property=\"og:description\" content=\"Gabarito SEFAZ DF Ol\u00e1, pessoal. Aqui quem \u00e9 fala s\u00e3o os professores Julio Cardozo (@profjuliocardozo), Luciano Rosa (@contabilidadeconcurso) e Silvio Sande (@prof.silviosande). Estamos aqui, em primeira m\u00e3o, trazendo o gabarito de Contabilidade Geral e Contabilidade de Custos para voc\u00eas. Nossa torcida \u00e9 para que os nossos alunos tenham ido bem nessa prova. Em nossa opini\u00e3o, [&hellip;]\" \/>\n<meta property=\"og:url\" content=\"https:\/\/www.estrategiaconcursos.com.br\/blog\/gabarito-sefaz-df-extraoficial-contabilidade-geral-e-de-custos\/\" \/>\n<meta property=\"og:site_name\" content=\"Estrat\u00e9gia Concursos\" \/>\n<meta property=\"article:published_time\" content=\"2020-02-03T00:19:08+00:00\" \/>\n<meta property=\"article:modified_time\" content=\"2020-02-03T00:19:10+00:00\" \/>\n<meta property=\"og:image\" content=\"https:\/\/www.estrategiaconcursos.com.br\/blog\/wp-content\/uploads\/2020\/02\/101.png\" \/>\n<meta name=\"author\" content=\"J\u00falio Cardozo\" \/>\n<meta name=\"twitter:card\" content=\"summary_large_image\" \/>\n<meta name=\"twitter:creator\" content=\"@EstratConcursos\" \/>\n<meta name=\"twitter:site\" content=\"@EstratConcursos\" \/>\n<meta name=\"twitter:label1\" content=\"Escrito por\" \/>\n\t<meta name=\"twitter:data1\" content=\"J\u00falio Cardozo\" \/>\n\t<meta name=\"twitter:label2\" content=\"Est. tempo de leitura\" \/>\n\t<meta name=\"twitter:data2\" content=\"6 minutos\" \/>\n<script type=\"application\/ld+json\" class=\"yoast-schema-graph\">{\"@context\":\"https:\/\/schema.org\",\"@graph\":[{\"@type\":\"NewsArticle\",\"@id\":\"https:\/\/www.estrategiaconcursos.com.br\/blog\/gabarito-sefaz-df-extraoficial-contabilidade-geral-e-de-custos\/#article\",\"isPartOf\":{\"@id\":\"https:\/\/www.estrategiaconcursos.com.br\/blog\/gabarito-sefaz-df-extraoficial-contabilidade-geral-e-de-custos\/\"},\"author\":{\"name\":\"J\u00falio Cardozo\",\"@id\":\"https:\/\/www.estrategiaconcursos.com.br\/blog\/#\/schema\/person\/12b17ad2ca38b568b2f16011da699962\"},\"headline\":\"Gabarito SEFAZ DF &#8211; Extraoficial &#8211; Contabilidade Geral e de Custos\",\"datePublished\":\"2020-02-03T00:19:08+00:00\",\"dateModified\":\"2020-02-03T00:19:10+00:00\",\"mainEntityOfPage\":{\"@id\":\"https:\/\/www.estrategiaconcursos.com.br\/blog\/gabarito-sefaz-df-extraoficial-contabilidade-geral-e-de-custos\/\"},\"wordCount\":1237,\"commentCount\":0,\"publisher\":{\"@id\":\"https:\/\/www.estrategiaconcursos.com.br\/blog\/#organization\"},\"image\":{\"@id\":\"https:\/\/www.estrategiaconcursos.com.br\/blog\/gabarito-sefaz-df-extraoficial-contabilidade-geral-e-de-custos\/#primaryimage\"},\"thumbnailUrl\":\"https:\/\/www.estrategiaconcursos.com.br\/blog\/wp-content\/uploads\/2020\/02\/101.png\",\"articleSection\":[\"Concursos P\u00fablicos\"],\"inLanguage\":\"pt-BR\",\"potentialAction\":[{\"@type\":\"CommentAction\",\"name\":\"Comment\",\"target\":[\"https:\/\/www.estrategiaconcursos.com.br\/blog\/gabarito-sefaz-df-extraoficial-contabilidade-geral-e-de-custos\/#respond\"]}],\"copyrightYear\":\"2020\",\"copyrightHolder\":{\"@id\":\"https:\/\/www.estrategiaconcursos.com.br\/blog\/#organization\"}},{\"@type\":\"WebPage\",\"@id\":\"https:\/\/www.estrategiaconcursos.com.br\/blog\/gabarito-sefaz-df-extraoficial-contabilidade-geral-e-de-custos\/\",\"url\":\"https:\/\/www.estrategiaconcursos.com.br\/blog\/gabarito-sefaz-df-extraoficial-contabilidade-geral-e-de-custos\/\",\"name\":\"Gabarito SEFAZ DF - Extraoficial - Contabilidade Geral e de Custos\",\"isPartOf\":{\"@id\":\"https:\/\/www.estrategiaconcursos.com.br\/blog\/#website\"},\"primaryImageOfPage\":{\"@id\":\"https:\/\/www.estrategiaconcursos.com.br\/blog\/gabarito-sefaz-df-extraoficial-contabilidade-geral-e-de-custos\/#primaryimage\"},\"image\":{\"@id\":\"https:\/\/www.estrategiaconcursos.com.br\/blog\/gabarito-sefaz-df-extraoficial-contabilidade-geral-e-de-custos\/#primaryimage\"},\"thumbnailUrl\":\"https:\/\/www.estrategiaconcursos.com.br\/blog\/wp-content\/uploads\/2020\/02\/101.png\",\"datePublished\":\"2020-02-03T00:19:08+00:00\",\"dateModified\":\"2020-02-03T00:19:10+00:00\",\"breadcrumb\":{\"@id\":\"https:\/\/www.estrategiaconcursos.com.br\/blog\/gabarito-sefaz-df-extraoficial-contabilidade-geral-e-de-custos\/#breadcrumb\"},\"inLanguage\":\"pt-BR\",\"potentialAction\":[{\"@type\":\"ReadAction\",\"target\":[\"https:\/\/www.estrategiaconcursos.com.br\/blog\/gabarito-sefaz-df-extraoficial-contabilidade-geral-e-de-custos\/\"]}]},{\"@type\":\"ImageObject\",\"inLanguage\":\"pt-BR\",\"@id\":\"https:\/\/www.estrategiaconcursos.com.br\/blog\/gabarito-sefaz-df-extraoficial-contabilidade-geral-e-de-custos\/#primaryimage\",\"url\":\"https:\/\/dhg1h5j42swfq.cloudfront.net\/2020\/02\/02195550\/101.png\",\"contentUrl\":\"https:\/\/dhg1h5j42swfq.cloudfront.net\/2020\/02\/02195550\/101.png\",\"width\":595,\"height\":281},{\"@type\":\"BreadcrumbList\",\"@id\":\"https:\/\/www.estrategiaconcursos.com.br\/blog\/gabarito-sefaz-df-extraoficial-contabilidade-geral-e-de-custos\/#breadcrumb\",\"itemListElement\":[{\"@type\":\"ListItem\",\"position\":1,\"name\":\"In\u00edcio\",\"item\":\"https:\/\/www.estrategiaconcursos.com.br\/blog\/\"},{\"@type\":\"ListItem\",\"position\":2,\"name\":\"Gabarito SEFAZ DF &#8211; Extraoficial &#8211; Contabilidade Geral e de Custos\"}]},{\"@type\":\"WebSite\",\"@id\":\"https:\/\/www.estrategiaconcursos.com.br\/blog\/#website\",\"url\":\"https:\/\/www.estrategiaconcursos.com.br\/blog\/\",\"name\":\"Estrat\u00e9gia Concursos\",\"description\":\"O blog da Estrat\u00e9gia Concursos traz not\u00edcias sobre concursos e artigos de professores oferecendo cursos para concursos (pdf + videaulas) no site.\",\"publisher\":{\"@id\":\"https:\/\/www.estrategiaconcursos.com.br\/blog\/#organization\"},\"potentialAction\":[{\"@type\":\"SearchAction\",\"target\":{\"@type\":\"EntryPoint\",\"urlTemplate\":\"https:\/\/www.estrategiaconcursos.com.br\/blog\/?s={search_term_string}\"},\"query-input\":{\"@type\":\"PropertyValueSpecification\",\"valueRequired\":true,\"valueName\":\"search_term_string\"}}],\"inLanguage\":\"pt-BR\"},{\"@type\":\"Organization\",\"@id\":\"https:\/\/www.estrategiaconcursos.com.br\/blog\/#organization\",\"name\":\"Estrat\u00e9gia Concursos\",\"url\":\"https:\/\/www.estrategiaconcursos.com.br\/blog\/\",\"logo\":{\"@type\":\"ImageObject\",\"inLanguage\":\"pt-BR\",\"@id\":\"https:\/\/www.estrategiaconcursos.com.br\/blog\/#\/schema\/logo\/image\/\",\"url\":\"https:\/\/dhg1h5j42swfq.cloudfront.net\/2025\/06\/03203428\/logo_concursos-1.jpg\",\"contentUrl\":\"https:\/\/dhg1h5j42swfq.cloudfront.net\/2025\/06\/03203428\/logo_concursos-1.jpg\",\"width\":230,\"height\":60,\"caption\":\"Estrat\u00e9gia Concursos\"},\"image\":{\"@id\":\"https:\/\/www.estrategiaconcursos.com.br\/blog\/#\/schema\/logo\/image\/\"},\"sameAs\":[\"https:\/\/x.com\/EstratConcursos\"]},{\"@type\":\"Person\",\"@id\":\"https:\/\/www.estrategiaconcursos.com.br\/blog\/#\/schema\/person\/12b17ad2ca38b568b2f16011da699962\",\"name\":\"J\u00falio Cardozo\",\"image\":{\"@type\":\"ImageObject\",\"inLanguage\":\"pt-BR\",\"@id\":\"https:\/\/secure.gravatar.com\/avatar\/6f8135f7704452fdc38c593047ee5eebfecbe6f9e848790fed37d598268b7382?s=96&d=mm&r=g\",\"url\":\"https:\/\/secure.gravatar.com\/avatar\/6f8135f7704452fdc38c593047ee5eebfecbe6f9e848790fed37d598268b7382?s=96&d=mm&r=g\",\"contentUrl\":\"https:\/\/secure.gravatar.com\/avatar\/6f8135f7704452fdc38c593047ee5eebfecbe6f9e848790fed37d598268b7382?s=96&d=mm&r=g\",\"caption\":\"J\u00falio Cardozo\"},\"url\":\"https:\/\/www.estrategiaconcursos.com.br\/blog\/author\/julio_cesardasilvahotmail-com\/\"}]}<\/script>\n<!-- \/ Yoast SEO Premium plugin. -->","yoast_head_json":{"title":"Gabarito SEFAZ DF - Extraoficial - Contabilidade Geral e de Custos","robots":{"index":"index","follow":"follow","max-snippet":"max-snippet:-1","max-image-preview":"max-image-preview:large","max-video-preview":"max-video-preview:-1"},"canonical":"https:\/\/www.estrategiaconcursos.com.br\/blog\/gabarito-sefaz-df-extraoficial-contabilidade-geral-e-de-custos\/","og_locale":"pt_BR","og_type":"article","og_title":"Gabarito SEFAZ DF - Extraoficial - Contabilidade Geral e de Custos","og_description":"Gabarito SEFAZ DF Ol\u00e1, pessoal. Aqui quem \u00e9 fala s\u00e3o os professores Julio Cardozo (@profjuliocardozo), Luciano Rosa (@contabilidadeconcurso) e Silvio Sande (@prof.silviosande). Estamos aqui, em primeira m\u00e3o, trazendo o gabarito de Contabilidade Geral e Contabilidade de Custos para voc\u00eas. Nossa torcida \u00e9 para que os nossos alunos tenham ido bem nessa prova. Em nossa opini\u00e3o, [&hellip;]","og_url":"https:\/\/www.estrategiaconcursos.com.br\/blog\/gabarito-sefaz-df-extraoficial-contabilidade-geral-e-de-custos\/","og_site_name":"Estrat\u00e9gia Concursos","article_published_time":"2020-02-03T00:19:08+00:00","article_modified_time":"2020-02-03T00:19:10+00:00","og_image":[{"url":"https:\/\/www.estrategiaconcursos.com.br\/blog\/wp-content\/uploads\/2020\/02\/101.png","type":"","width":"","height":""}],"author":"J\u00falio Cardozo","twitter_card":"summary_large_image","twitter_creator":"@EstratConcursos","twitter_site":"@EstratConcursos","twitter_misc":{"Escrito por":"J\u00falio Cardozo","Est. tempo de leitura":"6 minutos"},"schema":{"@context":"https:\/\/schema.org","@graph":[{"@type":"NewsArticle","@id":"https:\/\/www.estrategiaconcursos.com.br\/blog\/gabarito-sefaz-df-extraoficial-contabilidade-geral-e-de-custos\/#article","isPartOf":{"@id":"https:\/\/www.estrategiaconcursos.com.br\/blog\/gabarito-sefaz-df-extraoficial-contabilidade-geral-e-de-custos\/"},"author":{"name":"J\u00falio Cardozo","@id":"https:\/\/www.estrategiaconcursos.com.br\/blog\/#\/schema\/person\/12b17ad2ca38b568b2f16011da699962"},"headline":"Gabarito SEFAZ DF &#8211; Extraoficial &#8211; Contabilidade Geral e de Custos","datePublished":"2020-02-03T00:19:08+00:00","dateModified":"2020-02-03T00:19:10+00:00","mainEntityOfPage":{"@id":"https:\/\/www.estrategiaconcursos.com.br\/blog\/gabarito-sefaz-df-extraoficial-contabilidade-geral-e-de-custos\/"},"wordCount":1237,"commentCount":0,"publisher":{"@id":"https:\/\/www.estrategiaconcursos.com.br\/blog\/#organization"},"image":{"@id":"https:\/\/www.estrategiaconcursos.com.br\/blog\/gabarito-sefaz-df-extraoficial-contabilidade-geral-e-de-custos\/#primaryimage"},"thumbnailUrl":"https:\/\/www.estrategiaconcursos.com.br\/blog\/wp-content\/uploads\/2020\/02\/101.png","articleSection":["Concursos P\u00fablicos"],"inLanguage":"pt-BR","potentialAction":[{"@type":"CommentAction","name":"Comment","target":["https:\/\/www.estrategiaconcursos.com.br\/blog\/gabarito-sefaz-df-extraoficial-contabilidade-geral-e-de-custos\/#respond"]}],"copyrightYear":"2020","copyrightHolder":{"@id":"https:\/\/www.estrategiaconcursos.com.br\/blog\/#organization"}},{"@type":"WebPage","@id":"https:\/\/www.estrategiaconcursos.com.br\/blog\/gabarito-sefaz-df-extraoficial-contabilidade-geral-e-de-custos\/","url":"https:\/\/www.estrategiaconcursos.com.br\/blog\/gabarito-sefaz-df-extraoficial-contabilidade-geral-e-de-custos\/","name":"Gabarito SEFAZ DF - Extraoficial - Contabilidade Geral e de Custos","isPartOf":{"@id":"https:\/\/www.estrategiaconcursos.com.br\/blog\/#website"},"primaryImageOfPage":{"@id":"https:\/\/www.estrategiaconcursos.com.br\/blog\/gabarito-sefaz-df-extraoficial-contabilidade-geral-e-de-custos\/#primaryimage"},"image":{"@id":"https:\/\/www.estrategiaconcursos.com.br\/blog\/gabarito-sefaz-df-extraoficial-contabilidade-geral-e-de-custos\/#primaryimage"},"thumbnailUrl":"https:\/\/www.estrategiaconcursos.com.br\/blog\/wp-content\/uploads\/2020\/02\/101.png","datePublished":"2020-02-03T00:19:08+00:00","dateModified":"2020-02-03T00:19:10+00:00","breadcrumb":{"@id":"https:\/\/www.estrategiaconcursos.com.br\/blog\/gabarito-sefaz-df-extraoficial-contabilidade-geral-e-de-custos\/#breadcrumb"},"inLanguage":"pt-BR","potentialAction":[{"@type":"ReadAction","target":["https:\/\/www.estrategiaconcursos.com.br\/blog\/gabarito-sefaz-df-extraoficial-contabilidade-geral-e-de-custos\/"]}]},{"@type":"ImageObject","inLanguage":"pt-BR","@id":"https:\/\/www.estrategiaconcursos.com.br\/blog\/gabarito-sefaz-df-extraoficial-contabilidade-geral-e-de-custos\/#primaryimage","url":"https:\/\/dhg1h5j42swfq.cloudfront.net\/2020\/02\/02195550\/101.png","contentUrl":"https:\/\/dhg1h5j42swfq.cloudfront.net\/2020\/02\/02195550\/101.png","width":595,"height":281},{"@type":"BreadcrumbList","@id":"https:\/\/www.estrategiaconcursos.com.br\/blog\/gabarito-sefaz-df-extraoficial-contabilidade-geral-e-de-custos\/#breadcrumb","itemListElement":[{"@type":"ListItem","position":1,"name":"In\u00edcio","item":"https:\/\/www.estrategiaconcursos.com.br\/blog\/"},{"@type":"ListItem","position":2,"name":"Gabarito SEFAZ DF &#8211; Extraoficial &#8211; Contabilidade Geral e de Custos"}]},{"@type":"WebSite","@id":"https:\/\/www.estrategiaconcursos.com.br\/blog\/#website","url":"https:\/\/www.estrategiaconcursos.com.br\/blog\/","name":"Estrat\u00e9gia Concursos","description":"O blog da Estrat\u00e9gia Concursos traz not\u00edcias sobre concursos e artigos de professores oferecendo cursos para concursos (pdf + videaulas) no site.","publisher":{"@id":"https:\/\/www.estrategiaconcursos.com.br\/blog\/#organization"},"potentialAction":[{"@type":"SearchAction","target":{"@type":"EntryPoint","urlTemplate":"https:\/\/www.estrategiaconcursos.com.br\/blog\/?s={search_term_string}"},"query-input":{"@type":"PropertyValueSpecification","valueRequired":true,"valueName":"search_term_string"}}],"inLanguage":"pt-BR"},{"@type":"Organization","@id":"https:\/\/www.estrategiaconcursos.com.br\/blog\/#organization","name":"Estrat\u00e9gia Concursos","url":"https:\/\/www.estrategiaconcursos.com.br\/blog\/","logo":{"@type":"ImageObject","inLanguage":"pt-BR","@id":"https:\/\/www.estrategiaconcursos.com.br\/blog\/#\/schema\/logo\/image\/","url":"https:\/\/dhg1h5j42swfq.cloudfront.net\/2025\/06\/03203428\/logo_concursos-1.jpg","contentUrl":"https:\/\/dhg1h5j42swfq.cloudfront.net\/2025\/06\/03203428\/logo_concursos-1.jpg","width":230,"height":60,"caption":"Estrat\u00e9gia Concursos"},"image":{"@id":"https:\/\/www.estrategiaconcursos.com.br\/blog\/#\/schema\/logo\/image\/"},"sameAs":["https:\/\/x.com\/EstratConcursos"]},{"@type":"Person","@id":"https:\/\/www.estrategiaconcursos.com.br\/blog\/#\/schema\/person\/12b17ad2ca38b568b2f16011da699962","name":"J\u00falio Cardozo","image":{"@type":"ImageObject","inLanguage":"pt-BR","@id":"https:\/\/secure.gravatar.com\/avatar\/6f8135f7704452fdc38c593047ee5eebfecbe6f9e848790fed37d598268b7382?s=96&d=mm&r=g","url":"https:\/\/secure.gravatar.com\/avatar\/6f8135f7704452fdc38c593047ee5eebfecbe6f9e848790fed37d598268b7382?s=96&d=mm&r=g","contentUrl":"https:\/\/secure.gravatar.com\/avatar\/6f8135f7704452fdc38c593047ee5eebfecbe6f9e848790fed37d598268b7382?s=96&d=mm&r=g","caption":"J\u00falio Cardozo"},"url":"https:\/\/www.estrategiaconcursos.com.br\/blog\/author\/julio_cesardasilvahotmail-com\/"}]}},"_links":{"self":[{"href":"https:\/\/www.estrategiaconcursos.com.br\/blog\/wp-json\/wp\/v2\/posts\/476782","targetHints":{"allow":["GET"]}}],"collection":[{"href":"https:\/\/www.estrategiaconcursos.com.br\/blog\/wp-json\/wp\/v2\/posts"}],"about":[{"href":"https:\/\/www.estrategiaconcursos.com.br\/blog\/wp-json\/wp\/v2\/types\/post"}],"author":[{"embeddable":true,"href":"https:\/\/www.estrategiaconcursos.com.br\/blog\/wp-json\/wp\/v2\/users\/232"}],"replies":[{"embeddable":true,"href":"https:\/\/www.estrategiaconcursos.com.br\/blog\/wp-json\/wp\/v2\/comments?post=476782"}],"version-history":[{"count":3,"href":"https:\/\/www.estrategiaconcursos.com.br\/blog\/wp-json\/wp\/v2\/posts\/476782\/revisions"}],"predecessor-version":[{"id":476834,"href":"https:\/\/www.estrategiaconcursos.com.br\/blog\/wp-json\/wp\/v2\/posts\/476782\/revisions\/476834"}],"wp:attachment":[{"href":"https:\/\/www.estrategiaconcursos.com.br\/blog\/wp-json\/wp\/v2\/media?parent=476782"}],"wp:term":[{"taxonomy":"category","embeddable":true,"href":"https:\/\/www.estrategiaconcursos.com.br\/blog\/wp-json\/wp\/v2\/categories?post=476782"},{"taxonomy":"post_tag","embeddable":true,"href":"https:\/\/www.estrategiaconcursos.com.br\/blog\/wp-json\/wp\/v2\/tags?post=476782"},{"taxonomy":"tax_estado","embeddable":true,"href":"https:\/\/www.estrategiaconcursos.com.br\/blog\/wp-json\/wp\/v2\/tax_estado?post=476782"}],"curies":[{"name":"wp","href":"https:\/\/api.w.org\/{rel}","templated":true}]}}