{"id":476737,"date":"2020-02-02T19:04:21","date_gmt":"2020-02-02T22:04:21","guid":{"rendered":"https:\/\/www.estrategiaconcursos.com.br\/blog\/?p=476737"},"modified":"2023-07-28T11:50:50","modified_gmt":"2023-07-28T14:50:50","slug":"gabarito-sefaz-df-direito-penal","status":"publish","type":"post","link":"https:\/\/www.estrategiaconcursos.com.br\/blog\/gabarito-sefaz-df-direito-penal\/","title":{"rendered":"GABARITO SEFAZ DF &#8211; Direito Penal"},"content":{"rendered":"\n<p class=\"has-text-align-center\">GABARITO SEFAZ DF &#8211; Direito Penal (extraoficial)<\/p>\n\n\n\n<p>Ol\u00e1, pessoal<\/p>\n\n\n\n<p>Para quem n\u00e3o me conhece ainda, meu nome \u00e9 <strong>Renan Araujo<\/strong> e sou professor aqui no Estrat\u00e9gia Concursos, lecionando as mat\u00e9rias de Direito Penal e Processual Penal.<\/p>\n\n\n\n<p>Antes de prosseguir, <strong>convido voc\u00ea a me seguir no INSTAGRAM<\/strong>:<strong>&nbsp;<a href=\"http:\/\/www.instagram.com\/profrenanaraujo\/?hl=pt-br\">Instagram do Prof. Renan Araujo<\/a><\/strong><\/p>\n\n\n\n<p>Neste artigo vamos comentar as quest\u00f5es de <strong>Direito Penal <\/strong>que foram cobradas pela Banca <strong>CESPE<\/strong> no concurso da SEFAZ-DF, cuja prova foi realizada hoje, 02.02.2020.<\/p>\n\n\n\n<p>Vamos aos coment\u00e1rios:<\/p>\n\n\n\n<figure class=\"wp-block-image size-large\"><img loading=\"lazy\" decoding=\"async\" width=\"499\" height=\"270\" src=\"https:\/\/dhg1h5j42swfq.cloudfront.net\/2020\/02\/02191334\/image-4.png\" alt=\"\" class=\"wp-image-476771\" srcset=\"https:\/\/dhg1h5j42swfq.cloudfront.net\/2020\/02\/02191334\/image-4.png 499w, https:\/\/dhg1h5j42swfq.cloudfront.net\/2020\/02\/02191334\/image-4-300x162.png 300w\" sizes=\"auto, (max-width: 499px) 100vw, 499px\" \/><\/figure>\n\n\n\n<p><strong>50. (CESPE \u2013 2020 \u2013 SEFAZ DF \u2013 AUDITOR)<\/strong><\/p>\n\n\n\n<p><strong>COMENT\u00c1RIOS<\/strong><\/p>\n\n\n\n<p>Item\nerrado, pois o crime de ordena\u00e7\u00e3o de despesa n\u00e3o autorizada, previsto no art.\n359-D do CP \u00e9 considerado pela Doutrina majorit\u00e1ria como crime formal,\ndispensado a ocorr\u00eancia de efetivo preju\u00edzo ao er\u00e1rio para sua consuma\u00e7\u00e3o.<\/p>\n\n\n\n<p><strong>GABARITO: ERRADA<\/strong><\/p>\n\n\n\n<p><strong>51. (CESPE \u2013 2020 \u2013 SEFAZ DF \u2013 AUDITOR)<\/strong><\/p>\n\n\n\n<p><strong>COMENT\u00c1RIOS<\/strong><\/p>\n\n\n\n<p>Item\ncorreto, pois o agente, neste caso, estar\u00e1 praticando o crime de falsifica\u00e7\u00e3o\nde pap\u00e9is p\u00fablicos em sua forma equiparada, previsto no art. 293, \u00a71\u00ba, I do CP,\nsendo, portanto, crime contra a f\u00e9 p\u00fablica.<\/p>\n\n\n\n<p><strong>GABARITO: CORRETA<\/strong><\/p>\n\n\n\n<p><strong>52. (CESPE \u2013 2020 \u2013 SEFAZ DF \u2013 AUDITOR)<\/strong><\/p>\n\n\n\n<p><strong>COMENT\u00c1RIOS<\/strong><\/p>\n\n\n\n<p>Item\nerrado, pois apesar de o agente exigir vantagem indevida, n\u00e3o haver\u00e1 crime de\nconcuss\u00e3o porque a conduta aqui se amoldar\u00e1 a um tipo penal mais espec\u00edfico,\nque \u00e9 o crime do art. 3\u00ba, II da Lei 8.137\/90, configurando crime contra a Ordem\nTribut\u00e1ria.<\/p>\n\n\n\n<p><strong>GABARITO: ERRADA<\/strong><\/p>\n\n\n\n<p>&nbsp;__________________<\/p>\n\n\n\n<p>Se voc\u00ea quer conhecer mais do meu trabalho aqui no Estrat\u00e9gia Concursos, <a href=\"https:\/\/www.estrategiaconcursos.com.br\/cursosPorProfessor\/renan-araujo-3209\/\">clique aqui<\/a> e baixe, gratuitamente, as aulas demonstrativas dos meus cursos.<\/p>\n\n\n\n<p><strong>Bons estudos!<\/strong><\/p>\n\n\n\n<p><strong>Prof. Renan Araujo<\/strong><\/p>\n\n\n\n<p><strong>E-mail:&nbsp;<\/strong><a href=\"mailto:profrenanaraujo@gmail.com\"><strong>prof<\/strong><\/a><strong>renanaraujo@gmail.com<\/strong><\/p>\n\n\n\n<p><strong>Facebook:&nbsp;<\/strong><a href=\"http:\/\/www.facebook.com\/profrenanaraujoestrategia\"><strong>www.facebook.com\/profrenanaraujoestrategia<\/strong><\/a><\/p>\n\n\n\n<p><strong>Instagram:&nbsp;<\/strong><a href=\"http:\/\/www.instagram.com\/profrenanaraujo\/?hl=pt-br\"><strong>www.instagram.com\/profrenanaraujo\/?hl=pt-br<\/strong><\/a><\/p>\n\n\n\n<p><strong>Youtube:&nbsp;<\/strong><a href=\"http:\/\/www.youtube.com\/channel\/UClIFS2cyREWT35OELN8wcFQ\"><strong>www.youtube.com\/channel\/UClIFS2cyREWT35OELN8wcFQ<\/strong><\/a><\/p>\n","protected":false},"excerpt":{"rendered":"<p>GABARITO SEFAZ DF &#8211; Direito Penal (extraoficial) Ol\u00e1, pessoal Para quem n\u00e3o me conhece ainda, meu nome \u00e9 Renan Araujo e sou professor aqui no Estrat\u00e9gia Concursos, lecionando as mat\u00e9rias de Direito Penal e Processual Penal. Antes de prosseguir, convido voc\u00ea a me seguir no INSTAGRAM:&nbsp;Instagram do Prof. Renan Araujo Neste artigo vamos comentar as [&hellip;]<\/p>\n","protected":false},"author":39,"featured_media":0,"comment_status":"open","ping_status":"closed","sticky":false,"template":"","format":"standard","meta":{"post_tipo":"article","footnotes":""},"categories":[1],"tags":[],"tax_estado":[],"class_list":["post-476737","post","type-post","status-publish","format-standard","hentry","category-cursos-e-concursos"],"acf":[],"yoast_head":"<!-- This site is optimized with the Yoast SEO Premium plugin v27.2 (Yoast SEO v27.2) - https:\/\/yoast.com\/product\/yoast-seo-premium-wordpress\/ -->\n<title>GABARITO SEFAZ DF - Direito Penal - Prof. Renan Araujo<\/title>\n<meta name=\"description\" content=\"Coment\u00e1rios do Prof. Renan Araujo \u00e0s quest\u00f5es de Direito Penal do concurso da SEFAZ DF, cuja prova foi aplicada hoje, dia 02.02.2020, pelo CESPE.\" \/>\n<meta name=\"robots\" content=\"index, follow, max-snippet:-1, max-image-preview:large, max-video-preview:-1\" \/>\n<link rel=\"canonical\" href=\"https:\/\/www.estrategiaconcursos.com.br\/blog\/gabarito-sefaz-df-direito-penal\/\" \/>\n<meta property=\"og:locale\" content=\"pt_BR\" \/>\n<meta property=\"og:type\" content=\"article\" \/>\n<meta property=\"og:title\" content=\"GABARITO SEFAZ DF - Direito Penal\" \/>\n<meta property=\"og:description\" content=\"Coment\u00e1rios do Prof. Renan Araujo \u00e0s quest\u00f5es de Direito Penal do concurso da SEFAZ DF, cuja prova foi aplicada hoje, dia 02.02.2020, pelo CESPE.\" \/>\n<meta property=\"og:url\" content=\"https:\/\/www.estrategiaconcursos.com.br\/blog\/gabarito-sefaz-df-direito-penal\/\" \/>\n<meta property=\"og:site_name\" content=\"Estrat\u00e9gia Concursos\" \/>\n<meta property=\"article:published_time\" content=\"2020-02-02T22:04:21+00:00\" \/>\n<meta property=\"article:modified_time\" content=\"2023-07-28T14:50:50+00:00\" \/>\n<meta property=\"og:image\" content=\"https:\/\/www.estrategiaconcursos.com.br\/blog\/wp-content\/uploads\/2020\/02\/image-4.png\" \/>\n<meta name=\"author\" content=\"Renan Araujo\" \/>\n<meta name=\"twitter:card\" content=\"summary_large_image\" \/>\n<meta name=\"twitter:creator\" content=\"@EstratConcursos\" \/>\n<meta name=\"twitter:site\" content=\"@EstratConcursos\" \/>\n<meta name=\"twitter:label1\" content=\"Escrito por\" \/>\n\t<meta name=\"twitter:data1\" content=\"Renan Araujo\" \/>\n\t<meta name=\"twitter:label2\" content=\"Est. tempo de leitura\" \/>\n\t<meta name=\"twitter:data2\" content=\"1 minuto\" \/>\n<script type=\"application\/ld+json\" class=\"yoast-schema-graph\">{\"@context\":\"https:\/\/schema.org\",\"@graph\":[{\"@type\":\"NewsArticle\",\"@id\":\"https:\/\/www.estrategiaconcursos.com.br\/blog\/gabarito-sefaz-df-direito-penal\/#article\",\"isPartOf\":{\"@id\":\"https:\/\/www.estrategiaconcursos.com.br\/blog\/gabarito-sefaz-df-direito-penal\/\"},\"author\":{\"name\":\"Renan Araujo\",\"@id\":\"https:\/\/www.estrategiaconcursos.com.br\/blog\/#\/schema\/person\/1a7a7af72da82939a6308b2ee292162b\"},\"headline\":\"GABARITO SEFAZ DF &#8211; Direito Penal\",\"datePublished\":\"2020-02-02T22:04:21+00:00\",\"dateModified\":\"2023-07-28T14:50:50+00:00\",\"mainEntityOfPage\":{\"@id\":\"https:\/\/www.estrategiaconcursos.com.br\/blog\/gabarito-sefaz-df-direito-penal\/\"},\"wordCount\":297,\"commentCount\":0,\"publisher\":{\"@id\":\"https:\/\/www.estrategiaconcursos.com.br\/blog\/#organization\"},\"image\":{\"@id\":\"https:\/\/www.estrategiaconcursos.com.br\/blog\/gabarito-sefaz-df-direito-penal\/#primaryimage\"},\"thumbnailUrl\":\"https:\/\/www.estrategiaconcursos.com.br\/blog\/wp-content\/uploads\/2020\/02\/image-4.png\",\"articleSection\":[\"Concursos P\u00fablicos\"],\"inLanguage\":\"pt-BR\",\"potentialAction\":[{\"@type\":\"CommentAction\",\"name\":\"Comment\",\"target\":[\"https:\/\/www.estrategiaconcursos.com.br\/blog\/gabarito-sefaz-df-direito-penal\/#respond\"]}],\"copyrightYear\":\"2020\",\"copyrightHolder\":{\"@id\":\"https:\/\/www.estrategiaconcursos.com.br\/blog\/#organization\"}},{\"@type\":\"WebPage\",\"@id\":\"https:\/\/www.estrategiaconcursos.com.br\/blog\/gabarito-sefaz-df-direito-penal\/\",\"url\":\"https:\/\/www.estrategiaconcursos.com.br\/blog\/gabarito-sefaz-df-direito-penal\/\",\"name\":\"GABARITO SEFAZ DF - Direito Penal - Prof. Renan Araujo\",\"isPartOf\":{\"@id\":\"https:\/\/www.estrategiaconcursos.com.br\/blog\/#website\"},\"primaryImageOfPage\":{\"@id\":\"https:\/\/www.estrategiaconcursos.com.br\/blog\/gabarito-sefaz-df-direito-penal\/#primaryimage\"},\"image\":{\"@id\":\"https:\/\/www.estrategiaconcursos.com.br\/blog\/gabarito-sefaz-df-direito-penal\/#primaryimage\"},\"thumbnailUrl\":\"https:\/\/www.estrategiaconcursos.com.br\/blog\/wp-content\/uploads\/2020\/02\/image-4.png\",\"datePublished\":\"2020-02-02T22:04:21+00:00\",\"dateModified\":\"2023-07-28T14:50:50+00:00\",\"description\":\"Coment\u00e1rios do Prof. Renan Araujo \u00e0s quest\u00f5es de Direito Penal do concurso da SEFAZ DF, cuja prova foi aplicada hoje, dia 02.02.2020, pelo CESPE.\",\"breadcrumb\":{\"@id\":\"https:\/\/www.estrategiaconcursos.com.br\/blog\/gabarito-sefaz-df-direito-penal\/#breadcrumb\"},\"inLanguage\":\"pt-BR\",\"potentialAction\":[{\"@type\":\"ReadAction\",\"target\":[\"https:\/\/www.estrategiaconcursos.com.br\/blog\/gabarito-sefaz-df-direito-penal\/\"]}]},{\"@type\":\"ImageObject\",\"inLanguage\":\"pt-BR\",\"@id\":\"https:\/\/www.estrategiaconcursos.com.br\/blog\/gabarito-sefaz-df-direito-penal\/#primaryimage\",\"url\":\"https:\/\/dhg1h5j42swfq.cloudfront.net\/2020\/02\/02191334\/image-4.png\",\"contentUrl\":\"https:\/\/dhg1h5j42swfq.cloudfront.net\/2020\/02\/02191334\/image-4.png\",\"width\":499,\"height\":270},{\"@type\":\"BreadcrumbList\",\"@id\":\"https:\/\/www.estrategiaconcursos.com.br\/blog\/gabarito-sefaz-df-direito-penal\/#breadcrumb\",\"itemListElement\":[{\"@type\":\"ListItem\",\"position\":1,\"name\":\"In\u00edcio\",\"item\":\"https:\/\/www.estrategiaconcursos.com.br\/blog\/\"},{\"@type\":\"ListItem\",\"position\":2,\"name\":\"GABARITO SEFAZ DF &#8211; Direito Penal\"}]},{\"@type\":\"WebSite\",\"@id\":\"https:\/\/www.estrategiaconcursos.com.br\/blog\/#website\",\"url\":\"https:\/\/www.estrategiaconcursos.com.br\/blog\/\",\"name\":\"Estrat\u00e9gia Concursos\",\"description\":\"O blog da Estrat\u00e9gia Concursos traz not\u00edcias sobre concursos e artigos de professores oferecendo cursos para concursos (pdf + videaulas) no site.\",\"publisher\":{\"@id\":\"https:\/\/www.estrategiaconcursos.com.br\/blog\/#organization\"},\"potentialAction\":[{\"@type\":\"SearchAction\",\"target\":{\"@type\":\"EntryPoint\",\"urlTemplate\":\"https:\/\/www.estrategiaconcursos.com.br\/blog\/?s={search_term_string}\"},\"query-input\":{\"@type\":\"PropertyValueSpecification\",\"valueRequired\":true,\"valueName\":\"search_term_string\"}}],\"inLanguage\":\"pt-BR\"},{\"@type\":\"Organization\",\"@id\":\"https:\/\/www.estrategiaconcursos.com.br\/blog\/#organization\",\"name\":\"Estrat\u00e9gia Concursos\",\"url\":\"https:\/\/www.estrategiaconcursos.com.br\/blog\/\",\"logo\":{\"@type\":\"ImageObject\",\"inLanguage\":\"pt-BR\",\"@id\":\"https:\/\/www.estrategiaconcursos.com.br\/blog\/#\/schema\/logo\/image\/\",\"url\":\"https:\/\/dhg1h5j42swfq.cloudfront.net\/2025\/06\/03203428\/logo_concursos-1.jpg\",\"contentUrl\":\"https:\/\/dhg1h5j42swfq.cloudfront.net\/2025\/06\/03203428\/logo_concursos-1.jpg\",\"width\":230,\"height\":60,\"caption\":\"Estrat\u00e9gia Concursos\"},\"image\":{\"@id\":\"https:\/\/www.estrategiaconcursos.com.br\/blog\/#\/schema\/logo\/image\/\"},\"sameAs\":[\"https:\/\/x.com\/EstratConcursos\"]},{\"@type\":\"Person\",\"@id\":\"https:\/\/www.estrategiaconcursos.com.br\/blog\/#\/schema\/person\/1a7a7af72da82939a6308b2ee292162b\",\"name\":\"Renan Araujo\",\"image\":{\"@type\":\"ImageObject\",\"inLanguage\":\"pt-BR\",\"@id\":\"https:\/\/secure.gravatar.com\/avatar\/ca6cb9ba5a547fbe93c05c63d6103dff6c2566555a601f1efb8590a69fb9ed76?s=96&d=mm&r=g\",\"url\":\"https:\/\/secure.gravatar.com\/avatar\/ca6cb9ba5a547fbe93c05c63d6103dff6c2566555a601f1efb8590a69fb9ed76?s=96&d=mm&r=g\",\"contentUrl\":\"https:\/\/secure.gravatar.com\/avatar\/ca6cb9ba5a547fbe93c05c63d6103dff6c2566555a601f1efb8590a69fb9ed76?s=96&d=mm&r=g\",\"caption\":\"Renan Araujo\"},\"url\":\"https:\/\/www.estrategiaconcursos.com.br\/blog\/author\/renanaraujoestrategiaconcursos-com-br\/\"}]}<\/script>\n<!-- \/ Yoast SEO Premium plugin. -->","yoast_head_json":{"title":"GABARITO SEFAZ DF - Direito Penal - Prof. Renan Araujo","description":"Coment\u00e1rios do Prof. Renan Araujo \u00e0s quest\u00f5es de Direito Penal do concurso da SEFAZ DF, cuja prova foi aplicada hoje, dia 02.02.2020, pelo CESPE.","robots":{"index":"index","follow":"follow","max-snippet":"max-snippet:-1","max-image-preview":"max-image-preview:large","max-video-preview":"max-video-preview:-1"},"canonical":"https:\/\/www.estrategiaconcursos.com.br\/blog\/gabarito-sefaz-df-direito-penal\/","og_locale":"pt_BR","og_type":"article","og_title":"GABARITO SEFAZ DF - Direito Penal","og_description":"Coment\u00e1rios do Prof. Renan Araujo \u00e0s quest\u00f5es de Direito Penal do concurso da SEFAZ DF, cuja prova foi aplicada hoje, dia 02.02.2020, pelo CESPE.","og_url":"https:\/\/www.estrategiaconcursos.com.br\/blog\/gabarito-sefaz-df-direito-penal\/","og_site_name":"Estrat\u00e9gia Concursos","article_published_time":"2020-02-02T22:04:21+00:00","article_modified_time":"2023-07-28T14:50:50+00:00","og_image":[{"url":"https:\/\/www.estrategiaconcursos.com.br\/blog\/wp-content\/uploads\/2020\/02\/image-4.png","type":"","width":"","height":""}],"author":"Renan Araujo","twitter_card":"summary_large_image","twitter_creator":"@EstratConcursos","twitter_site":"@EstratConcursos","twitter_misc":{"Escrito por":"Renan Araujo","Est. tempo de leitura":"1 minuto"},"schema":{"@context":"https:\/\/schema.org","@graph":[{"@type":"NewsArticle","@id":"https:\/\/www.estrategiaconcursos.com.br\/blog\/gabarito-sefaz-df-direito-penal\/#article","isPartOf":{"@id":"https:\/\/www.estrategiaconcursos.com.br\/blog\/gabarito-sefaz-df-direito-penal\/"},"author":{"name":"Renan Araujo","@id":"https:\/\/www.estrategiaconcursos.com.br\/blog\/#\/schema\/person\/1a7a7af72da82939a6308b2ee292162b"},"headline":"GABARITO SEFAZ DF &#8211; Direito Penal","datePublished":"2020-02-02T22:04:21+00:00","dateModified":"2023-07-28T14:50:50+00:00","mainEntityOfPage":{"@id":"https:\/\/www.estrategiaconcursos.com.br\/blog\/gabarito-sefaz-df-direito-penal\/"},"wordCount":297,"commentCount":0,"publisher":{"@id":"https:\/\/www.estrategiaconcursos.com.br\/blog\/#organization"},"image":{"@id":"https:\/\/www.estrategiaconcursos.com.br\/blog\/gabarito-sefaz-df-direito-penal\/#primaryimage"},"thumbnailUrl":"https:\/\/www.estrategiaconcursos.com.br\/blog\/wp-content\/uploads\/2020\/02\/image-4.png","articleSection":["Concursos P\u00fablicos"],"inLanguage":"pt-BR","potentialAction":[{"@type":"CommentAction","name":"Comment","target":["https:\/\/www.estrategiaconcursos.com.br\/blog\/gabarito-sefaz-df-direito-penal\/#respond"]}],"copyrightYear":"2020","copyrightHolder":{"@id":"https:\/\/www.estrategiaconcursos.com.br\/blog\/#organization"}},{"@type":"WebPage","@id":"https:\/\/www.estrategiaconcursos.com.br\/blog\/gabarito-sefaz-df-direito-penal\/","url":"https:\/\/www.estrategiaconcursos.com.br\/blog\/gabarito-sefaz-df-direito-penal\/","name":"GABARITO SEFAZ DF - Direito Penal - Prof. Renan Araujo","isPartOf":{"@id":"https:\/\/www.estrategiaconcursos.com.br\/blog\/#website"},"primaryImageOfPage":{"@id":"https:\/\/www.estrategiaconcursos.com.br\/blog\/gabarito-sefaz-df-direito-penal\/#primaryimage"},"image":{"@id":"https:\/\/www.estrategiaconcursos.com.br\/blog\/gabarito-sefaz-df-direito-penal\/#primaryimage"},"thumbnailUrl":"https:\/\/www.estrategiaconcursos.com.br\/blog\/wp-content\/uploads\/2020\/02\/image-4.png","datePublished":"2020-02-02T22:04:21+00:00","dateModified":"2023-07-28T14:50:50+00:00","description":"Coment\u00e1rios do Prof. Renan Araujo \u00e0s quest\u00f5es de Direito Penal do concurso da SEFAZ DF, cuja prova foi aplicada hoje, dia 02.02.2020, pelo CESPE.","breadcrumb":{"@id":"https:\/\/www.estrategiaconcursos.com.br\/blog\/gabarito-sefaz-df-direito-penal\/#breadcrumb"},"inLanguage":"pt-BR","potentialAction":[{"@type":"ReadAction","target":["https:\/\/www.estrategiaconcursos.com.br\/blog\/gabarito-sefaz-df-direito-penal\/"]}]},{"@type":"ImageObject","inLanguage":"pt-BR","@id":"https:\/\/www.estrategiaconcursos.com.br\/blog\/gabarito-sefaz-df-direito-penal\/#primaryimage","url":"https:\/\/dhg1h5j42swfq.cloudfront.net\/2020\/02\/02191334\/image-4.png","contentUrl":"https:\/\/dhg1h5j42swfq.cloudfront.net\/2020\/02\/02191334\/image-4.png","width":499,"height":270},{"@type":"BreadcrumbList","@id":"https:\/\/www.estrategiaconcursos.com.br\/blog\/gabarito-sefaz-df-direito-penal\/#breadcrumb","itemListElement":[{"@type":"ListItem","position":1,"name":"In\u00edcio","item":"https:\/\/www.estrategiaconcursos.com.br\/blog\/"},{"@type":"ListItem","position":2,"name":"GABARITO SEFAZ DF &#8211; Direito Penal"}]},{"@type":"WebSite","@id":"https:\/\/www.estrategiaconcursos.com.br\/blog\/#website","url":"https:\/\/www.estrategiaconcursos.com.br\/blog\/","name":"Estrat\u00e9gia Concursos","description":"O blog da Estrat\u00e9gia Concursos traz not\u00edcias sobre concursos e artigos de professores oferecendo cursos para concursos (pdf + videaulas) no site.","publisher":{"@id":"https:\/\/www.estrategiaconcursos.com.br\/blog\/#organization"},"potentialAction":[{"@type":"SearchAction","target":{"@type":"EntryPoint","urlTemplate":"https:\/\/www.estrategiaconcursos.com.br\/blog\/?s={search_term_string}"},"query-input":{"@type":"PropertyValueSpecification","valueRequired":true,"valueName":"search_term_string"}}],"inLanguage":"pt-BR"},{"@type":"Organization","@id":"https:\/\/www.estrategiaconcursos.com.br\/blog\/#organization","name":"Estrat\u00e9gia Concursos","url":"https:\/\/www.estrategiaconcursos.com.br\/blog\/","logo":{"@type":"ImageObject","inLanguage":"pt-BR","@id":"https:\/\/www.estrategiaconcursos.com.br\/blog\/#\/schema\/logo\/image\/","url":"https:\/\/dhg1h5j42swfq.cloudfront.net\/2025\/06\/03203428\/logo_concursos-1.jpg","contentUrl":"https:\/\/dhg1h5j42swfq.cloudfront.net\/2025\/06\/03203428\/logo_concursos-1.jpg","width":230,"height":60,"caption":"Estrat\u00e9gia Concursos"},"image":{"@id":"https:\/\/www.estrategiaconcursos.com.br\/blog\/#\/schema\/logo\/image\/"},"sameAs":["https:\/\/x.com\/EstratConcursos"]},{"@type":"Person","@id":"https:\/\/www.estrategiaconcursos.com.br\/blog\/#\/schema\/person\/1a7a7af72da82939a6308b2ee292162b","name":"Renan Araujo","image":{"@type":"ImageObject","inLanguage":"pt-BR","@id":"https:\/\/secure.gravatar.com\/avatar\/ca6cb9ba5a547fbe93c05c63d6103dff6c2566555a601f1efb8590a69fb9ed76?s=96&d=mm&r=g","url":"https:\/\/secure.gravatar.com\/avatar\/ca6cb9ba5a547fbe93c05c63d6103dff6c2566555a601f1efb8590a69fb9ed76?s=96&d=mm&r=g","contentUrl":"https:\/\/secure.gravatar.com\/avatar\/ca6cb9ba5a547fbe93c05c63d6103dff6c2566555a601f1efb8590a69fb9ed76?s=96&d=mm&r=g","caption":"Renan Araujo"},"url":"https:\/\/www.estrategiaconcursos.com.br\/blog\/author\/renanaraujoestrategiaconcursos-com-br\/"}]}},"_links":{"self":[{"href":"https:\/\/www.estrategiaconcursos.com.br\/blog\/wp-json\/wp\/v2\/posts\/476737","targetHints":{"allow":["GET"]}}],"collection":[{"href":"https:\/\/www.estrategiaconcursos.com.br\/blog\/wp-json\/wp\/v2\/posts"}],"about":[{"href":"https:\/\/www.estrategiaconcursos.com.br\/blog\/wp-json\/wp\/v2\/types\/post"}],"author":[{"embeddable":true,"href":"https:\/\/www.estrategiaconcursos.com.br\/blog\/wp-json\/wp\/v2\/users\/39"}],"replies":[{"embeddable":true,"href":"https:\/\/www.estrategiaconcursos.com.br\/blog\/wp-json\/wp\/v2\/comments?post=476737"}],"version-history":[{"count":5,"href":"https:\/\/www.estrategiaconcursos.com.br\/blog\/wp-json\/wp\/v2\/posts\/476737\/revisions"}],"predecessor-version":[{"id":1256850,"href":"https:\/\/www.estrategiaconcursos.com.br\/blog\/wp-json\/wp\/v2\/posts\/476737\/revisions\/1256850"}],"wp:attachment":[{"href":"https:\/\/www.estrategiaconcursos.com.br\/blog\/wp-json\/wp\/v2\/media?parent=476737"}],"wp:term":[{"taxonomy":"category","embeddable":true,"href":"https:\/\/www.estrategiaconcursos.com.br\/blog\/wp-json\/wp\/v2\/categories?post=476737"},{"taxonomy":"post_tag","embeddable":true,"href":"https:\/\/www.estrategiaconcursos.com.br\/blog\/wp-json\/wp\/v2\/tags?post=476737"},{"taxonomy":"tax_estado","embeddable":true,"href":"https:\/\/www.estrategiaconcursos.com.br\/blog\/wp-json\/wp\/v2\/tax_estado?post=476737"}],"curies":[{"name":"wp","href":"https:\/\/api.w.org\/{rel}","templated":true}]}}