{"id":476696,"date":"2020-02-03T08:25:00","date_gmt":"2020-02-03T11:25:00","guid":{"rendered":"https:\/\/www.estrategiaconcursos.com.br\/blog\/?p=476696"},"modified":"2020-02-03T08:47:56","modified_gmt":"2020-02-03T11:47:56","slug":"concurso-iges-df","status":"publish","type":"post","link":"https:\/\/www.estrategiaconcursos.com.br\/blog\/concurso-iges-df\/","title":{"rendered":"Concurso IGES DF: encerradas as inscri\u00e7\u00f5es do processo seletivo com 600 vagas"},"content":{"rendered":"\n<p>As <strong><em>inscri\u00e7\u00f5es <\/em><\/strong><em>para o<\/em><strong><em> <\/em><\/strong>concurso p\u00fablico do Instituto de Gest\u00e3o Estrat\u00e9gica  do Distrito Federal (IGES DF) est\u00e3o encerradas. O processo seletivo visa ofertar no total <strong><em>600 vagas para os cargos de Agente de Vigil\u00e2ncia Ambiental e Agente Comunit\u00e1rio de Sa\u00fade.<\/em><\/strong><\/p>\n\n\n\n<p>O resultado preliminar da an\u00e1lise curricular com a classifica\u00e7\u00e3o e\/ou elimina\u00e7\u00e3o no processo seletivo ser\u00e1 divulgado no dia 20 de fevereiro. <\/p>\n\n\n\n<ul class=\"wp-block-list\"><li><a href=\"#data-iges-df\"><strong><em>Principais datas<\/em><\/strong><\/a><\/li><li><a href=\"#cargo-iges-df\"><strong><em>Cargos, vagas e sal\u00e1rio inicial<\/em><\/strong><\/a><\/li><li><a href=\"#prova-iges-df\"><strong><em>Etapas de provas <\/em><\/strong><\/a><\/li><li><a href=\"#etapas-iges-df\"><strong><em>Etapas pr\u00e9-admissionais<\/em><\/strong><\/a><\/li><\/ul>\n\n\n\n<h2 class=\"wp-block-heading\" id=\"data-iges-df\">Principais datas do concurso IGES DF<\/h2>\n\n\n\n<p style=\"background-color:#fff242\" class=\"has-background\"><em><strong>Inscri\u00e7\u00e3o:<\/strong> at\u00e9 o dia 2 de fevereiro de 2020.<br \/><strong>Taxa de inscri\u00e7\u00e3o: n\u00e3o cobrar\u00e1 taxa  <\/strong><br \/><strong>Prova de T\u00edtulos:<\/strong> resultado dia 20 de fevereiro<\/em><\/p>\n\n\n\n<h2 class=\"wp-block-heading\" id=\"cargo-iges-df\">Cargos, vagas e sal\u00e1rio inicial do concurso IGES DF<\/h2>\n\n\n\n<figure class=\"wp-block-table is-style-stripes\"><table class=\"has-subtle-pale-green-background-color has-fixed-layout has-background\"><tbody><tr><td class=\"has-text-align-center\" data-align=\"center\"><strong>CARGOS<\/strong><\/td><td class=\"has-text-align-center\" data-align=\"center\"><strong>VAGAS<\/strong><\/td><td class=\"has-text-align-center\" data-align=\"center\"><strong>SAL\u00c1RIO INICIAL<\/strong><\/td><td class=\"has-text-align-center\" data-align=\"center\"><strong>ESCOLARIDADE<\/strong><\/td><\/tr><tr><td class=\"has-text-align-center\" data-align=\"center\"> &nbsp;Agente Comunit\u00e1rio de Sa\u00fade&nbsp; <\/td><td class=\"has-text-align-center\" data-align=\"center\">300 <\/td><td class=\"has-text-align-center\" data-align=\"center\"> R$ 1.700,00 <\/td><td class=\"has-text-align-center\" data-align=\"center\">Ensino m\u00e9dio<\/td><\/tr><tr><td class=\"has-text-align-center\" data-align=\"center\"> Agente de Vigil\u00e2ncia Ambiental em Sa\u00fade <\/td><td class=\"has-text-align-center\" data-align=\"center\">300<\/td><td class=\"has-text-align-center\" data-align=\"center\"> $ 2.000,00 <\/td><td class=\"has-text-align-center\" data-align=\"center\"> Ensino m\u00e9dio <\/td><\/tr><\/tbody><\/table><\/figure>\n\n\n\n<ul class=\"wp-block-list\"><li>Benef\u00edcios de aux\u00edlio-alimenta\u00e7\u00e3o no valor de R$ 394,50 e aux\u00edlio transporte por jornada de trabalho de 40 horas por semana.<\/li><\/ul>\n\n\n\n<h2 class=\"wp-block-heading\" id=\"prova-iges-df\">Etapas de provas do concurso IGES DF<\/h2>\n\n\n\n<p>A sele\u00e7\u00e3o dos candidatos ser\u00e1 feita apenas por meio de an\u00e1lise curricular. O resultado preliminar da an\u00e1lise curricular com a classifica\u00e7\u00e3o e\/ou elimina\u00e7\u00e3o no processo seletivo ser\u00e1 divulgado via internet, no site do IGES DF, no dia 20 de fevereiro. <\/p>\n\n\n\n<div class=\"wp-block-image\"><figure class=\"aligncenter size-large is-resized\"><img loading=\"lazy\" decoding=\"async\" src=\"https:\/\/dhg1h5j42swfq.cloudfront.net\/2020\/02\/01114832\/image-1.png\" alt=\"Tabela de T\u00edtulos do concurso IGES DF\" class=\"wp-image-476699\" width=\"582\" height=\"289\" srcset=\"https:\/\/dhg1h5j42swfq.cloudfront.net\/2020\/02\/01114832\/image-1.png 795w, https:\/\/dhg1h5j42swfq.cloudfront.net\/2020\/02\/01114832\/image-1-300x149.png 300w, https:\/\/dhg1h5j42swfq.cloudfront.net\/2020\/02\/01114832\/image-1-768x383.png 768w, https:\/\/dhg1h5j42swfq.cloudfront.net\/2020\/02\/01114832\/image-1-610x304.png 610w\" sizes=\"auto, (max-width: 582px) 100vw, 582px\" \/><figcaption>Tabela de T\u00edtulos do concurso IGES DF<\/figcaption><\/figure><\/div>\n\n\n\n<h2 class=\"wp-block-heading\" id=\"etapas-iges-df\">Etapas pr\u00e9-admissionais do concurso IGES DF<\/h2>\n\n\n\n<p>Os candidatos classificados dentro do n\u00famero de vagas, ser\u00e3o convocados para realiza\u00e7\u00e3o dos procedimentos pr\u00e9-admissionais da SES-DF, em 3 (tr\u00eas) etapas: <\/p>\n\n\n\n<h3 class=\"wp-block-heading\">Apresenta\u00e7\u00e3o dos documentos de habilita\u00e7\u00e3o para o cargo <\/h3>\n\n\n\n<ul class=\"wp-block-list\"><li><em>1. Ficha de Cadastro (dispon\u00edvel no site da SES\/DF: www.saude.df.gov.br); <\/em><\/li><li><em>2. Carteira de Identidade &#8211; RG; <\/em><\/li><li><em>3. Cadastro de Pessoa F\u00edsica \u2013 CPF; <\/em><\/li><li><em>4. T\u00edtulo de Eleitor; <\/em><\/li><li><em>5. Comprovante de quita\u00e7\u00e3o eleitoral no site do TRIBUNAL SUPERIOR ELEITORAL, link abaixo: http:\/\/www.tse.jus.br\/eleitor\/certidoes\/certidao-de-quitacaoeleitoral; <\/em><\/li><li><em>6. c\u00f3pia do Cart\u00e3o de Cadastramento do PIS\/PASEP (se tiver); <\/em><\/li><li><em>7. Certificado de Reservista\/Dispensa de Incorpora\u00e7\u00e3o\/Carta Patente, que conste se remunerado ou n\u00e3o (sexo masculino); <\/em><\/li><li><em>8. Certid\u00e3o de Casamento; <\/em><\/li><li><em>9. 01 (uma) foto 3&#215;4 recente (escreva seu nome e cargo no verso) <\/em><\/li><li><em>10. Comprovante de Escolaridade (c\u00f3pia frente e verso) exigido para o cargo de acordo com o que consta no Edital Normativo. <\/em><\/li><li><em>11. Declara\u00e7\u00e3o de Acumula\u00e7\u00e3o em Cargo\/Emprego\/Fun\u00e7\u00e3o na Administra\u00e7\u00e3o P\u00fablica (dispon\u00edvel no site); <\/em><\/li><li><em>12.Comprovante de Resid\u00eancia; OBS.: Deve ser em nome do candidato e constar o C\u00f3digo de Endere\u00e7amento Postal (CEP). Caso o comprovante apresentado n\u00e3o seja no nome do candidato, preencher o modelo de Declara\u00e7\u00e3o de Resid\u00eancia (dispon\u00edvel no site); <\/em><\/li><li><em>13. Parecer M\u00e9dico emitido pela Medicina do Trabalho\/SES-DF. <\/em><\/li><li><em>14. Comprovante de Experi\u00eancia, se exigido para o cargo de acordo com o que consta no EDITAL NORMATIVO; <\/em><\/li><li><em>15. CASO TENHA SIDO NOMEADO EM VAGA DESTINADA A PORTADOR DE NECESSIDADES ESPECIAIS: Laudo T\u00e9cnico que Comprove a Condi\u00e7\u00e3o de Portador de Necessidade Especial, expedido por equipe multiprofissional de entidades p\u00fablicas ou organiza\u00e7\u00e3o credenciada de atendimento a deficientes, no caso de Deficiente F\u00edsico investido em cargo, cujas vagas decorram de reserva legal; <\/em><\/li><li><em>16. N\u00famero de sua Conta Corrente no Banco de Bras\u00edlia \u2013 BRB.O candidato dever\u00e1 abrir de sua conta funcional com a c\u00f3pia de sua nomea\u00e7\u00e3o no DODF, al\u00e9m do RG, CPF e comprovante de resid\u00eancia, caso n\u00e3o seja poss\u00edvel, pegar Of\u00edcio para abertura de conta no NUAM\/GEAP; <\/em><\/li><li><em>17. Demais documentos, se necess\u00e1rios, solicitados no Edital de convoca\u00e7\u00e3o do candidato. <\/em><\/li><\/ul>\n\n\n\n<h3 class=\"wp-block-heading\"> Etapa: Per\u00edcia M\u00e9dica para realiza\u00e7\u00e3o de exames m\u00e9dicos pr\u00e9-admissionais <\/h3>\n\n\n\n<p>Os candidatos aprovados ser\u00e3o convocados para submeter-se a exame m\u00e9dico pr\u00e9-admissional ou a exame m\u00e9dico espec\u00edfico (pessoas com defici\u00eancia) a ser realizado pela SESDF. <\/p>\n\n\n\n<ul class=\"wp-block-list\"><li>Hemograma completo com contagem de plaquetas; <\/li><li>Glicemia em jejum; <\/li><li>TGO; <\/li><li>TGP; <\/li><li>Fosfatase Alcalina; <\/li><li>Gama GT; <\/li><li>Amilase; <\/li><li>Lipase; <\/li><li>Ureia; <\/li><li>Creatinina; <\/li><li>EAS; <\/li><li>Atestado de sa\u00fade f\u00edsica \u2013 Assinado e carimbado por m\u00e9dico; <\/li><li>Cart\u00e3o de vacinas atualizado com c\u00f3pia.<\/li><\/ul>\n\n\n\n<h3 class=\"wp-block-heading\">Etapa, realiza\u00e7\u00e3o do Curso Introdut\u00f3rio de Forma\u00e7\u00e3o Inicial para ambos os cargos <\/h3>\n\n\n\n<p>Os candidatos aprovados dentro do n\u00famero de vagas, que apresentaram corretamente a documenta\u00e7\u00e3o exigida na primeira e na segunda etapa e forem aprovados na per\u00edcia m\u00e9dica, observada a reserva de vagas para candidatos com defici\u00eancia. <\/p>\n\n\n\n<ul class=\"wp-block-list\"><li>a) O Curso Introdut\u00f3rio de Forma\u00e7\u00e3o Inicial ser\u00e1 ofertado pela SES\/DF, em per\u00edodo, local e hor\u00e1rios a serem definidos pela SES\/DF. <\/li><li>b) As etapas acima relacionadas constituem-se em procedimentos pr\u00e9-admissionais, portanto o candidato n\u00e3o ter\u00e1 direito a pleitear ou obter remunera\u00e7\u00e3o ou qualquer outro tipo de aux\u00edlio financeiro para a realiza\u00e7\u00e3o das etapas pela SES-DF.  <\/li><\/ul>\n\n\n\n<p style=\"font-size:23px\" class=\"has-background has-text-align-center has-luminous-vivid-amber-background-color\"><strong><a href=\"https:\/\/www.estrategiaconcursos.com.br\/cursos\/concurso\/\">Curso para concurso IGES DF<\/a><\/strong><\/p>\n\n\n\n<p class=\"has-text-align-center\"><em><strong>Assinatura Anual Ilimitada*<\/strong><\/em><\/p>\n\n\n\n<p class=\"has-text-align-center\"><em>Prepare-se com o melhor material e com quem mais aprova em Concursos P\u00fablicos em todo o pa\u00eds. Assine agora a nossa Assinatura Anual e tenha acesso ilimitado a todos os nossos cursos.<\/em><\/p>\n\n\n\n<p style=\"font-size:23px\" class=\"has-background has-text-align-center has-light-green-cyan-background-color\"><strong>ASSINE AGORA&nbsp;\u2013&nbsp;<\/strong><a rel=\"noreferrer noopener\" href=\"https:\/\/www.estrategiaconcursos.com.br\/assinaturas\" target=\"_blank\"><strong>Assinatura Ilimitada<\/strong><\/a><\/p>\n\n\n\n<p class=\"has-text-align-center\"><em><strong>Fique por dentro de todos os concursos<\/strong><\/em>:<\/p>\n\n\n\n<p style=\"font-size:23px\" class=\"has-background has-text-align-center has-pale-cyan-blue-background-color\"><a rel=\"noreferrer noopener\" href=\"https:\/\/www.estrategiaconcursos.com.br\/blog\/concursos-abertos\/\" target=\"_blank\"><strong>Concursos abertos<\/strong><\/a><\/p>\n\n\n\n<p style=\"font-size:23px\" class=\"has-background has-text-align-center has-pale-cyan-blue-background-color\"><a rel=\"noreferrer noopener\" href=\"https:\/\/www.estrategiaconcursos.com.br\/blog\/concursos-2020\/\" target=\"_blank\"><strong>Concursos 2020<\/strong><\/a><\/p>\n\n\n\n<figure class=\"wp-block-image\"><img loading=\"lazy\" decoding=\"async\" width=\"300\" height=\"102\" src=\"https:\/\/dhg1h5j42swfq.cloudfront.net\/2019\/05\/29143052\/coruja-ficha-tecnica-300x1025.png\" alt=\"Ficha T\u00e9cnica concurso SME Ilhabela\" class=\"wp-image-380136\"\/><\/figure>\n\n\n\n<h3 class=\"wp-block-heading\" id=\"ficha\"><strong>Informa\u00e7\u00f5es do Concurso&nbsp;<\/strong>IGES &#8211; DF<\/h3>\n\n\n\n<p>\u25ba<strong>Data prevista<\/strong>&nbsp;<strong>da prova:&nbsp;<\/strong><br \/>\u25ba<strong>Vagas<\/strong>: 600 vagas<br \/>\u25ba<strong>Cargos<\/strong>: Agente de Vigil\u00e2ncia Ambiental e Agente Comunit\u00e1rio de Sa\u00fade<br \/>\u25ba<strong>Banca<\/strong>: IGES DF<br \/>\u25ba<strong>Escolaridade<\/strong>: N\u00edvel M\u00e9dio<br \/>\u25ba<strong>Edital<\/strong>:&nbsp;<a href=\"https:\/\/dhg1h5j42swfq.cloudfront.net\/2020\/02\/01115309\/edital-pss-iges-df-2020-agentes.pdf\">Edital IGES DF<\/a><\/p>\n","protected":false},"excerpt":{"rendered":"<p>As inscri\u00e7\u00f5es para o concurso p\u00fablico do Instituto de Gest\u00e3o Estrat\u00e9gica do Distrito Federal (IGES DF) est\u00e3o encerradas. O processo seletivo visa ofertar no total 600 vagas para os cargos de Agente de Vigil\u00e2ncia Ambiental e Agente Comunit\u00e1rio de Sa\u00fade. O resultado preliminar da an\u00e1lise curricular com a classifica\u00e7\u00e3o e\/ou elimina\u00e7\u00e3o no processo seletivo ser\u00e1 [&hellip;]<\/p>\n","protected":false},"author":93,"featured_media":444278,"comment_status":"open","ping_status":"closed","sticky":false,"template":"","format":"standard","meta":{"post_tipo":"article","footnotes":""},"categories":[1],"tags":[],"tax_estado":[],"class_list":["post-476696","post","type-post","status-publish","format-standard","has-post-thumbnail","hentry","category-cursos-e-concursos"],"acf":[],"yoast_head":"<!-- This site is optimized with the Yoast SEO Premium plugin v27.2 (Yoast SEO v27.2) - https:\/\/yoast.com\/product\/yoast-seo-premium-wordpress\/ -->\n<title>Concurso IGES DF: encerradas as inscri\u00e7\u00f5es do processo seletivo com 600 vagas<\/title>\n<meta name=\"description\" content=\"Publicado edital do concurso IGES DF que oferta 600 vagas no total para os cargos de Agente de Vigil\u00e2ncia Ambiental e Agente Comunit\u00e1rio de Sa\u00fade.\" \/>\n<meta name=\"robots\" content=\"index, follow, max-snippet:-1, max-image-preview:large, max-video-preview:-1\" \/>\n<link rel=\"canonical\" href=\"https:\/\/www.estrategiaconcursos.com.br\/blog\/concurso-iges-df\/\" \/>\n<meta property=\"og:locale\" content=\"pt_BR\" \/>\n<meta property=\"og:type\" content=\"article\" \/>\n<meta property=\"og:title\" content=\"Concurso IGES DF: encerradas as inscri\u00e7\u00f5es do processo seletivo com 600 vagas\" \/>\n<meta property=\"og:description\" content=\"Publicado edital do concurso IGES DF que oferta 600 vagas no total para os cargos de Agente de Vigil\u00e2ncia Ambiental e Agente Comunit\u00e1rio de Sa\u00fade.\" \/>\n<meta property=\"og:url\" content=\"https:\/\/www.estrategiaconcursos.com.br\/blog\/concurso-iges-df\/\" \/>\n<meta property=\"og:site_name\" content=\"Estrat\u00e9gia Concursos\" \/>\n<meta property=\"article:published_time\" content=\"2020-02-03T11:25:00+00:00\" \/>\n<meta property=\"article:modified_time\" content=\"2020-02-03T11:47:56+00:00\" \/>\n<meta property=\"og:image\" content=\"https:\/\/dhg1h5j42swfq.cloudfront.net\/2019\/11\/05113900\/SAIU-EDITAL1.jpg\" \/>\n\t<meta property=\"og:image:width\" content=\"1200\" \/>\n\t<meta property=\"og:image:height\" content=\"628\" \/>\n\t<meta property=\"og:image:type\" content=\"image\/jpeg\" \/>\n<meta name=\"author\" content=\"Vinicius Silva\" \/>\n<meta name=\"twitter:card\" content=\"summary_large_image\" \/>\n<meta name=\"twitter:creator\" content=\"@EstratConcursos\" \/>\n<meta name=\"twitter:site\" content=\"@EstratConcursos\" \/>\n<meta name=\"twitter:label1\" content=\"Escrito por\" \/>\n\t<meta name=\"twitter:data1\" content=\"Vinicius Silva\" \/>\n\t<meta name=\"twitter:label2\" content=\"Est. tempo de leitura\" \/>\n\t<meta name=\"twitter:data2\" content=\"5 minutos\" \/>\n<script type=\"application\/ld+json\" class=\"yoast-schema-graph\">{\"@context\":\"https:\/\/schema.org\",\"@graph\":[{\"@type\":\"NewsArticle\",\"@id\":\"https:\/\/www.estrategiaconcursos.com.br\/blog\/concurso-iges-df\/#article\",\"isPartOf\":{\"@id\":\"https:\/\/www.estrategiaconcursos.com.br\/blog\/concurso-iges-df\/\"},\"author\":{\"name\":\"Vinicius Silva\",\"@id\":\"https:\/\/www.estrategiaconcursos.com.br\/blog\/#\/schema\/person\/20030622a981f9a942ad6b3561fe4ca4\"},\"headline\":\"Concurso IGES DF: encerradas as inscri\u00e7\u00f5es do processo seletivo com 600 vagas\",\"datePublished\":\"2020-02-03T11:25:00+00:00\",\"dateModified\":\"2020-02-03T11:47:56+00:00\",\"mainEntityOfPage\":{\"@id\":\"https:\/\/www.estrategiaconcursos.com.br\/blog\/concurso-iges-df\/\"},\"wordCount\":928,\"commentCount\":2,\"publisher\":{\"@id\":\"https:\/\/www.estrategiaconcursos.com.br\/blog\/#organization\"},\"image\":{\"@id\":\"https:\/\/www.estrategiaconcursos.com.br\/blog\/concurso-iges-df\/#primaryimage\"},\"thumbnailUrl\":\"https:\/\/dhg1h5j42swfq.cloudfront.net\/2019\/11\/05113900\/SAIU-EDITAL1.jpg\",\"articleSection\":[\"Concursos P\u00fablicos\"],\"inLanguage\":\"pt-BR\",\"potentialAction\":[{\"@type\":\"CommentAction\",\"name\":\"Comment\",\"target\":[\"https:\/\/www.estrategiaconcursos.com.br\/blog\/concurso-iges-df\/#respond\"]}],\"copyrightYear\":\"2020\",\"copyrightHolder\":{\"@id\":\"https:\/\/www.estrategiaconcursos.com.br\/blog\/#organization\"}},{\"@type\":\"WebPage\",\"@id\":\"https:\/\/www.estrategiaconcursos.com.br\/blog\/concurso-iges-df\/\",\"url\":\"https:\/\/www.estrategiaconcursos.com.br\/blog\/concurso-iges-df\/\",\"name\":\"Concurso IGES DF: encerradas as inscri\u00e7\u00f5es do processo seletivo com 600 vagas\",\"isPartOf\":{\"@id\":\"https:\/\/www.estrategiaconcursos.com.br\/blog\/#website\"},\"primaryImageOfPage\":{\"@id\":\"https:\/\/www.estrategiaconcursos.com.br\/blog\/concurso-iges-df\/#primaryimage\"},\"image\":{\"@id\":\"https:\/\/www.estrategiaconcursos.com.br\/blog\/concurso-iges-df\/#primaryimage\"},\"thumbnailUrl\":\"https:\/\/dhg1h5j42swfq.cloudfront.net\/2019\/11\/05113900\/SAIU-EDITAL1.jpg\",\"datePublished\":\"2020-02-03T11:25:00+00:00\",\"dateModified\":\"2020-02-03T11:47:56+00:00\",\"description\":\"Publicado edital do concurso IGES DF que oferta 600 vagas no total para os cargos de Agente de Vigil\u00e2ncia Ambiental e Agente Comunit\u00e1rio de Sa\u00fade.\",\"breadcrumb\":{\"@id\":\"https:\/\/www.estrategiaconcursos.com.br\/blog\/concurso-iges-df\/#breadcrumb\"},\"inLanguage\":\"pt-BR\",\"potentialAction\":[{\"@type\":\"ReadAction\",\"target\":[\"https:\/\/www.estrategiaconcursos.com.br\/blog\/concurso-iges-df\/\"]}]},{\"@type\":\"ImageObject\",\"inLanguage\":\"pt-BR\",\"@id\":\"https:\/\/www.estrategiaconcursos.com.br\/blog\/concurso-iges-df\/#primaryimage\",\"url\":\"https:\/\/dhg1h5j42swfq.cloudfront.net\/2019\/11\/05113900\/SAIU-EDITAL1.jpg\",\"contentUrl\":\"https:\/\/dhg1h5j42swfq.cloudfront.net\/2019\/11\/05113900\/SAIU-EDITAL1.jpg\",\"width\":1200,\"height\":628,\"caption\":\"Concurso PGM Barra do Bugres\"},{\"@type\":\"BreadcrumbList\",\"@id\":\"https:\/\/www.estrategiaconcursos.com.br\/blog\/concurso-iges-df\/#breadcrumb\",\"itemListElement\":[{\"@type\":\"ListItem\",\"position\":1,\"name\":\"In\u00edcio\",\"item\":\"https:\/\/www.estrategiaconcursos.com.br\/blog\/\"},{\"@type\":\"ListItem\",\"position\":2,\"name\":\"Concurso IGES DF: encerradas as inscri\u00e7\u00f5es do processo seletivo com 600 vagas\"}]},{\"@type\":\"WebSite\",\"@id\":\"https:\/\/www.estrategiaconcursos.com.br\/blog\/#website\",\"url\":\"https:\/\/www.estrategiaconcursos.com.br\/blog\/\",\"name\":\"Estrat\u00e9gia Concursos\",\"description\":\"O blog da Estrat\u00e9gia Concursos traz not\u00edcias sobre concursos e artigos de professores oferecendo cursos para concursos (pdf + videaulas) no site.\",\"publisher\":{\"@id\":\"https:\/\/www.estrategiaconcursos.com.br\/blog\/#organization\"},\"potentialAction\":[{\"@type\":\"SearchAction\",\"target\":{\"@type\":\"EntryPoint\",\"urlTemplate\":\"https:\/\/www.estrategiaconcursos.com.br\/blog\/?s={search_term_string}\"},\"query-input\":{\"@type\":\"PropertyValueSpecification\",\"valueRequired\":true,\"valueName\":\"search_term_string\"}}],\"inLanguage\":\"pt-BR\"},{\"@type\":\"Organization\",\"@id\":\"https:\/\/www.estrategiaconcursos.com.br\/blog\/#organization\",\"name\":\"Estrat\u00e9gia Concursos\",\"url\":\"https:\/\/www.estrategiaconcursos.com.br\/blog\/\",\"logo\":{\"@type\":\"ImageObject\",\"inLanguage\":\"pt-BR\",\"@id\":\"https:\/\/www.estrategiaconcursos.com.br\/blog\/#\/schema\/logo\/image\/\",\"url\":\"https:\/\/dhg1h5j42swfq.cloudfront.net\/2025\/06\/03203428\/logo_concursos-1.jpg\",\"contentUrl\":\"https:\/\/dhg1h5j42swfq.cloudfront.net\/2025\/06\/03203428\/logo_concursos-1.jpg\",\"width\":230,\"height\":60,\"caption\":\"Estrat\u00e9gia Concursos\"},\"image\":{\"@id\":\"https:\/\/www.estrategiaconcursos.com.br\/blog\/#\/schema\/logo\/image\/\"},\"sameAs\":[\"https:\/\/x.com\/EstratConcursos\"]},{\"@type\":\"Person\",\"@id\":\"https:\/\/www.estrategiaconcursos.com.br\/blog\/#\/schema\/person\/20030622a981f9a942ad6b3561fe4ca4\",\"name\":\"Vinicius Silva\",\"image\":{\"@type\":\"ImageObject\",\"inLanguage\":\"pt-BR\",\"@id\":\"https:\/\/secure.gravatar.com\/avatar\/604d9670a4c7eea71feaa4381f3ae97e148292ac402671c5944aa67a3d127663?s=96&d=mm&r=g\",\"url\":\"https:\/\/secure.gravatar.com\/avatar\/604d9670a4c7eea71feaa4381f3ae97e148292ac402671c5944aa67a3d127663?s=96&d=mm&r=g\",\"contentUrl\":\"https:\/\/secure.gravatar.com\/avatar\/604d9670a4c7eea71feaa4381f3ae97e148292ac402671c5944aa67a3d127663?s=96&d=mm&r=g\",\"caption\":\"Vinicius Silva\"},\"url\":\"https:\/\/www.estrategiaconcursos.com.br\/blog\/author\/viniciussilvaestrategiaconcursos-com-br\/\"}]}<\/script>\n<!-- \/ Yoast SEO Premium plugin. -->","yoast_head_json":{"title":"Concurso IGES DF: encerradas as inscri\u00e7\u00f5es do processo seletivo com 600 vagas","description":"Publicado edital do concurso IGES DF que oferta 600 vagas no total para os cargos de Agente de Vigil\u00e2ncia Ambiental e Agente Comunit\u00e1rio de Sa\u00fade.","robots":{"index":"index","follow":"follow","max-snippet":"max-snippet:-1","max-image-preview":"max-image-preview:large","max-video-preview":"max-video-preview:-1"},"canonical":"https:\/\/www.estrategiaconcursos.com.br\/blog\/concurso-iges-df\/","og_locale":"pt_BR","og_type":"article","og_title":"Concurso IGES DF: encerradas as inscri\u00e7\u00f5es do processo seletivo com 600 vagas","og_description":"Publicado edital do concurso IGES DF que oferta 600 vagas no total para os cargos de Agente de Vigil\u00e2ncia Ambiental e Agente Comunit\u00e1rio de Sa\u00fade.","og_url":"https:\/\/www.estrategiaconcursos.com.br\/blog\/concurso-iges-df\/","og_site_name":"Estrat\u00e9gia Concursos","article_published_time":"2020-02-03T11:25:00+00:00","article_modified_time":"2020-02-03T11:47:56+00:00","og_image":[{"width":1200,"height":628,"url":"https:\/\/dhg1h5j42swfq.cloudfront.net\/2019\/11\/05113900\/SAIU-EDITAL1.jpg","type":"image\/jpeg"}],"author":"Vinicius Silva","twitter_card":"summary_large_image","twitter_creator":"@EstratConcursos","twitter_site":"@EstratConcursos","twitter_misc":{"Escrito por":"Vinicius Silva","Est. tempo de leitura":"5 minutos"},"schema":{"@context":"https:\/\/schema.org","@graph":[{"@type":"NewsArticle","@id":"https:\/\/www.estrategiaconcursos.com.br\/blog\/concurso-iges-df\/#article","isPartOf":{"@id":"https:\/\/www.estrategiaconcursos.com.br\/blog\/concurso-iges-df\/"},"author":{"name":"Vinicius Silva","@id":"https:\/\/www.estrategiaconcursos.com.br\/blog\/#\/schema\/person\/20030622a981f9a942ad6b3561fe4ca4"},"headline":"Concurso IGES DF: encerradas as inscri\u00e7\u00f5es do processo seletivo com 600 vagas","datePublished":"2020-02-03T11:25:00+00:00","dateModified":"2020-02-03T11:47:56+00:00","mainEntityOfPage":{"@id":"https:\/\/www.estrategiaconcursos.com.br\/blog\/concurso-iges-df\/"},"wordCount":928,"commentCount":2,"publisher":{"@id":"https:\/\/www.estrategiaconcursos.com.br\/blog\/#organization"},"image":{"@id":"https:\/\/www.estrategiaconcursos.com.br\/blog\/concurso-iges-df\/#primaryimage"},"thumbnailUrl":"https:\/\/dhg1h5j42swfq.cloudfront.net\/2019\/11\/05113900\/SAIU-EDITAL1.jpg","articleSection":["Concursos P\u00fablicos"],"inLanguage":"pt-BR","potentialAction":[{"@type":"CommentAction","name":"Comment","target":["https:\/\/www.estrategiaconcursos.com.br\/blog\/concurso-iges-df\/#respond"]}],"copyrightYear":"2020","copyrightHolder":{"@id":"https:\/\/www.estrategiaconcursos.com.br\/blog\/#organization"}},{"@type":"WebPage","@id":"https:\/\/www.estrategiaconcursos.com.br\/blog\/concurso-iges-df\/","url":"https:\/\/www.estrategiaconcursos.com.br\/blog\/concurso-iges-df\/","name":"Concurso IGES DF: encerradas as inscri\u00e7\u00f5es do processo seletivo com 600 vagas","isPartOf":{"@id":"https:\/\/www.estrategiaconcursos.com.br\/blog\/#website"},"primaryImageOfPage":{"@id":"https:\/\/www.estrategiaconcursos.com.br\/blog\/concurso-iges-df\/#primaryimage"},"image":{"@id":"https:\/\/www.estrategiaconcursos.com.br\/blog\/concurso-iges-df\/#primaryimage"},"thumbnailUrl":"https:\/\/dhg1h5j42swfq.cloudfront.net\/2019\/11\/05113900\/SAIU-EDITAL1.jpg","datePublished":"2020-02-03T11:25:00+00:00","dateModified":"2020-02-03T11:47:56+00:00","description":"Publicado edital do concurso IGES DF que oferta 600 vagas no total para os cargos de Agente de Vigil\u00e2ncia Ambiental e Agente Comunit\u00e1rio de Sa\u00fade.","breadcrumb":{"@id":"https:\/\/www.estrategiaconcursos.com.br\/blog\/concurso-iges-df\/#breadcrumb"},"inLanguage":"pt-BR","potentialAction":[{"@type":"ReadAction","target":["https:\/\/www.estrategiaconcursos.com.br\/blog\/concurso-iges-df\/"]}]},{"@type":"ImageObject","inLanguage":"pt-BR","@id":"https:\/\/www.estrategiaconcursos.com.br\/blog\/concurso-iges-df\/#primaryimage","url":"https:\/\/dhg1h5j42swfq.cloudfront.net\/2019\/11\/05113900\/SAIU-EDITAL1.jpg","contentUrl":"https:\/\/dhg1h5j42swfq.cloudfront.net\/2019\/11\/05113900\/SAIU-EDITAL1.jpg","width":1200,"height":628,"caption":"Concurso PGM Barra do Bugres"},{"@type":"BreadcrumbList","@id":"https:\/\/www.estrategiaconcursos.com.br\/blog\/concurso-iges-df\/#breadcrumb","itemListElement":[{"@type":"ListItem","position":1,"name":"In\u00edcio","item":"https:\/\/www.estrategiaconcursos.com.br\/blog\/"},{"@type":"ListItem","position":2,"name":"Concurso IGES DF: encerradas as inscri\u00e7\u00f5es do processo seletivo com 600 vagas"}]},{"@type":"WebSite","@id":"https:\/\/www.estrategiaconcursos.com.br\/blog\/#website","url":"https:\/\/www.estrategiaconcursos.com.br\/blog\/","name":"Estrat\u00e9gia Concursos","description":"O blog da Estrat\u00e9gia Concursos traz not\u00edcias sobre concursos e artigos de professores oferecendo cursos para concursos (pdf + videaulas) no site.","publisher":{"@id":"https:\/\/www.estrategiaconcursos.com.br\/blog\/#organization"},"potentialAction":[{"@type":"SearchAction","target":{"@type":"EntryPoint","urlTemplate":"https:\/\/www.estrategiaconcursos.com.br\/blog\/?s={search_term_string}"},"query-input":{"@type":"PropertyValueSpecification","valueRequired":true,"valueName":"search_term_string"}}],"inLanguage":"pt-BR"},{"@type":"Organization","@id":"https:\/\/www.estrategiaconcursos.com.br\/blog\/#organization","name":"Estrat\u00e9gia Concursos","url":"https:\/\/www.estrategiaconcursos.com.br\/blog\/","logo":{"@type":"ImageObject","inLanguage":"pt-BR","@id":"https:\/\/www.estrategiaconcursos.com.br\/blog\/#\/schema\/logo\/image\/","url":"https:\/\/dhg1h5j42swfq.cloudfront.net\/2025\/06\/03203428\/logo_concursos-1.jpg","contentUrl":"https:\/\/dhg1h5j42swfq.cloudfront.net\/2025\/06\/03203428\/logo_concursos-1.jpg","width":230,"height":60,"caption":"Estrat\u00e9gia Concursos"},"image":{"@id":"https:\/\/www.estrategiaconcursos.com.br\/blog\/#\/schema\/logo\/image\/"},"sameAs":["https:\/\/x.com\/EstratConcursos"]},{"@type":"Person","@id":"https:\/\/www.estrategiaconcursos.com.br\/blog\/#\/schema\/person\/20030622a981f9a942ad6b3561fe4ca4","name":"Vinicius Silva","image":{"@type":"ImageObject","inLanguage":"pt-BR","@id":"https:\/\/secure.gravatar.com\/avatar\/604d9670a4c7eea71feaa4381f3ae97e148292ac402671c5944aa67a3d127663?s=96&d=mm&r=g","url":"https:\/\/secure.gravatar.com\/avatar\/604d9670a4c7eea71feaa4381f3ae97e148292ac402671c5944aa67a3d127663?s=96&d=mm&r=g","contentUrl":"https:\/\/secure.gravatar.com\/avatar\/604d9670a4c7eea71feaa4381f3ae97e148292ac402671c5944aa67a3d127663?s=96&d=mm&r=g","caption":"Vinicius Silva"},"url":"https:\/\/www.estrategiaconcursos.com.br\/blog\/author\/viniciussilvaestrategiaconcursos-com-br\/"}]}},"_links":{"self":[{"href":"https:\/\/www.estrategiaconcursos.com.br\/blog\/wp-json\/wp\/v2\/posts\/476696","targetHints":{"allow":["GET"]}}],"collection":[{"href":"https:\/\/www.estrategiaconcursos.com.br\/blog\/wp-json\/wp\/v2\/posts"}],"about":[{"href":"https:\/\/www.estrategiaconcursos.com.br\/blog\/wp-json\/wp\/v2\/types\/post"}],"author":[{"embeddable":true,"href":"https:\/\/www.estrategiaconcursos.com.br\/blog\/wp-json\/wp\/v2\/users\/93"}],"replies":[{"embeddable":true,"href":"https:\/\/www.estrategiaconcursos.com.br\/blog\/wp-json\/wp\/v2\/comments?post=476696"}],"version-history":[{"count":9,"href":"https:\/\/www.estrategiaconcursos.com.br\/blog\/wp-json\/wp\/v2\/posts\/476696\/revisions"}],"predecessor-version":[{"id":476880,"href":"https:\/\/www.estrategiaconcursos.com.br\/blog\/wp-json\/wp\/v2\/posts\/476696\/revisions\/476880"}],"wp:featuredmedia":[{"embeddable":true,"href":"https:\/\/www.estrategiaconcursos.com.br\/blog\/wp-json\/wp\/v2\/media\/444278"}],"wp:attachment":[{"href":"https:\/\/www.estrategiaconcursos.com.br\/blog\/wp-json\/wp\/v2\/media?parent=476696"}],"wp:term":[{"taxonomy":"category","embeddable":true,"href":"https:\/\/www.estrategiaconcursos.com.br\/blog\/wp-json\/wp\/v2\/categories?post=476696"},{"taxonomy":"post_tag","embeddable":true,"href":"https:\/\/www.estrategiaconcursos.com.br\/blog\/wp-json\/wp\/v2\/tags?post=476696"},{"taxonomy":"tax_estado","embeddable":true,"href":"https:\/\/www.estrategiaconcursos.com.br\/blog\/wp-json\/wp\/v2\/tax_estado?post=476696"}],"curies":[{"name":"wp","href":"https:\/\/api.w.org\/{rel}","templated":true}]}}