{"id":476613,"date":"2020-03-24T02:00:00","date_gmt":"2020-03-24T05:00:00","guid":{"rendered":"https:\/\/www.estrategiaconcursos.com.br\/blog\/?p=476613"},"modified":"2023-06-15T10:11:15","modified_gmt":"2023-06-15T13:11:15","slug":"concurso-icaraprev","status":"publish","type":"post","link":"https:\/\/www.estrategiaconcursos.com.br\/blog\/concurso-icaraprev\/","title":{"rendered":"Concurso I\u00e7araPrev: provas do dia 5 de abril s\u00e3o suspensas"},"content":{"rendered":"\n<p>O <strong>Instituto de Previd\u00eancia dos Servidores P\u00fablicos do Munic\u00edpio de I\u00e7ara<\/strong> suspendeu as provas do seu concurso p\u00fablico, previstas para ocorrerem no dia 5 de abril de 2020. <\/p>\n\n\n\n<p>A medida foi tomada em decorr\u00eancia do surto do Covid-19 (novo Coronav\u00edrus). Uma nova data para realiza\u00e7\u00e3o das provas e retomada do concurso ser\u00e1 marcada e posteriormente anunciada. <\/p>\n\n\n\n<p>S\u00e3o ofertadas no concurso I\u00e7araPrev 3 vagas imediatas aos cargos de Advogado, Analista de Controle Interno e Assistente Administrativo. Todo o processo de inscri\u00e7\u00e3o ocorreu no site da banca organizadora do certame, <strong>a Fepese<\/strong>. <\/p>\n\n\n\n<p>Neste artigo voc\u00ea encontra tudo o que precisa saber para se preparar para este certame. Acompanhe os t\u00f3picos abaixo e n\u00e3o perca nenhum detalhe:<\/p>\n\n\n\n<ul class=\"wp-block-list\">\n<li><strong><em><a href=\"#datas\">Principais datas<\/a><\/em><\/strong><\/li>\n\n\n\n<li><strong><em><a href=\"#cargos-vagas\">Cargos e vagas<\/a><\/em><\/strong><\/li>\n\n\n\n<li><strong><em><a href=\"#provas\">Provas<\/a><\/em><\/strong><\/li>\n\n\n\n<li><strong><em><a href=\"#cursos-assinatura\">Cursos e Assinatura ilimitada<\/a><\/em><\/strong><\/li>\n\n\n\n<li><strong><em><a href=\"#ficha-tecnica\">Ficha t\u00e9cnica<\/a><\/em><\/strong><\/li>\n<\/ul>\n\n\n\n<h2 class=\"wp-block-heading\" id=\"datas\">Principais datas do concurso I\u00e7araPrev  <\/h2>\n\n\n\n<p class=\"has-very-light-gray-background-color has-background\"><strong>Inscri\u00e7\u00f5es<\/strong>: <s>14 de fevereiro a 16 de mar\u00e7o<\/s><br \/><strong>Isen\u00e7\u00e3o da taxa<\/strong>: <s>14 a 24 de fevereiro<\/s><br \/><strong>Prova<\/strong>: <s>05 de abril<\/s> (SUSPENSAS)<\/p>\n\n\n\n<p>As taxas foram definidas de acordo com o cargo pretendido, sendo:<\/p>\n\n\n\n<ul class=\"wp-block-list\">\n<li><strong>N\u00edvel m\u00e9dio:<\/strong>&nbsp;R$ 80,00<\/li>\n\n\n\n<li><strong>N\u00edvel superior:&nbsp;<\/strong>R$ 100,00<\/li>\n<\/ul>\n\n\n\n<h2 class=\"wp-block-heading\" id=\"cargos-vagas\">Cargos e vagas do concurso I\u00e7araPrev  <\/h2>\n\n\n\n<figure class=\"wp-block-table is-style-stripes\"><table class=\"has-background has-fixed-layout\" style=\"background-color:#e7f5fe\"><tbody><tr><td><strong>Cargo<\/strong><\/td><td><strong>Vagas<\/strong><\/td><td><strong>Sal\u00e1rio<\/strong><\/td><td><strong>Requisitos<\/strong><\/td><\/tr><tr><td> Assistente Administrativo <\/td><td>01<\/td><td> R$ 1.926,14 <\/td><td> Portador de Certificado de conclus\u00e3o de do Ensino M\u00e9dio + Carteira Nacional de Habilita\u00e7\u00e3o na categoria B<\/td><\/tr><tr><td> Advogado <\/td><td>01<\/td><td> R$ 4.815,35 <\/td><td> Portador de Certificado de conclus\u00e3o de 3\u00ba Grau em Ci\u00eancias Jur\u00eddicas + registro na OAB <\/td><\/tr><tr><td> Analista de Controle Interno <\/td><td>01<\/td><td> R$ 1.444,60 <\/td><td> Conclus\u00e3o de ensino superior em Ci\u00eancias Cont\u00e1beis, Direito, Administra\u00e7\u00e3o ou Economia + Carteira Nacional de Habilita\u00e7\u00e3o na categoria B<\/td><\/tr><\/tbody><\/table><\/figure>\n\n\n\n<h2 class=\"wp-block-heading\" id=\"etapas\">Etapas e provas do concurso I\u00e7araPrev <\/h2>\n\n\n\n<p>O concurso I\u00e7araPrev constar\u00e1 de etapa \u00fanica, de car\u00e1ter classificat\u00f3rio e eliminat\u00f3rio: Prova escrita com quest\u00f5es objetivas.<\/p>\n\n\n\n<p>A Prova Escrita ser\u00e1 constitu\u00edda de avalia\u00e7\u00e3o de conhecimentos te\u00f3ricos e pr\u00e1ticos dos candidatos mediante a aplica\u00e7\u00e3o de quest\u00f5es objetivas, cada uma delas com 5 alternativas, das quais uma \u00fanica ser\u00e1 correta.<\/p>\n\n\n\n<p>Ser\u00e3o aprovados e classificados na Prova Escrita, os candidatos que obtiverem nota igual ou superior a 5,00.<\/p>\n\n\n\n<h3 class=\"wp-block-heading\">Conte\u00fado program\u00e1tico<\/h3>\n\n\n\n<ul class=\"wp-block-list\">\n<li><em>L\u00edngua Portuguesa &#8211; 05 quest\u00f5es (peso 0,20) <\/em><\/li>\n\n\n\n<li><em>Conhecimentos de Matem\u00e1tica &#8211; 05 quest\u00f5es (peso 0,20)<\/em><\/li>\n\n\n\n<li><em>Conhecimentos de Inform\u00e1tica &#8211; 05 quest\u00f5es (peso 0,10)<\/em><\/li>\n\n\n\n<li><em>Conhecimentos espec\u00edficos &#8211; 25 quest\u00f5es (peso 0,30)<\/em><\/li>\n<\/ul>\n\n\n\n<p class=\"has-medium-font-size\"><strong><em>Conhecimentos Espec\u00edficos<\/em><\/strong><\/p>\n\n\n\n<ul class=\"wp-block-list\">\n<li><strong>Advogado:<\/strong>\n<ul class=\"wp-block-list\">\n<li><em>Direito Civil<\/em><\/li>\n\n\n\n<li><em>Direito Administrativo<\/em><\/li>\n\n\n\n<li><em>Direito Processual<\/em><\/li>\n\n\n\n<li><em>Direito Previdenci\u00e1rio<\/em><\/li>\n\n\n\n<li><em>Legisla\u00e7\u00e3o Espec\u00edfica<\/em><\/li>\n<\/ul>\n<\/li>\n<\/ul>\n\n\n\n<ul class=\"wp-block-list\">\n<li><strong>Analista de Controle Interno:<\/strong>\n<ul class=\"wp-block-list\">\n<li><em>Legisla\u00e7\u00e3o<\/em><\/li>\n\n\n\n<li><em>Contabilidade<\/em><\/li>\n\n\n\n<li><em>Auditoria<\/em><\/li>\n<\/ul>\n<\/li>\n<\/ul>\n\n\n\n<ul class=\"wp-block-list\">\n<li><strong>Assistente Administrativo:<\/strong>\n<ul class=\"wp-block-list\">\n<li><em>Legisla\u00e7\u00e3o<\/em><\/li>\n\n\n\n<li><em>No\u00e7\u00f5es Gerais<\/em><\/li>\n\n\n\n<li><em>No\u00e7\u00f5es de Reda\u00e7\u00e3o e correspond\u00eancia<\/em><\/li>\n<\/ul>\n<\/li>\n<\/ul>\n\n\n\n<h3 class=\"wp-block-heading\">Aplica\u00e7\u00e3o<\/h3>\n\n\n\n<p>A Prova Escrita ser\u00e1 aplicada na cidade de I\u00e7ara, ou na inexist\u00eancia de locais adequados e ou suficientes para a sua aplica\u00e7\u00e3o, em cidades pr\u00f3ximas, com a dura\u00e7\u00e3o de 4 horas, de acordo com o cronograma abaixo: <\/p>\n\n\n\n<ol class=\"wp-block-list\">\n<li>Abertura dos port\u00f5es de acesso aos locais de prova: 7h <\/li>\n\n\n\n<li>Fechamento dos port\u00f5es (n\u00e3o sendo permitido o acesso a partir deste hor\u00e1rio): 7h40 min <\/li>\n\n\n\n<li>In\u00edcio da resolu\u00e7\u00e3o da prova: 8h <\/li>\n\n\n\n<li>Final do prazo m\u00ednimo para entrega da prova e ou retirar-se do local de prova: 9h <\/li>\n\n\n\n<li>Final da prova. Entrega obrigat\u00f3ria dos materiais da prova: 12h <\/li>\n<\/ol>\n\n\n\n<hr class=\"wp-block-separator has-css-opacity\"\/>\n\n\n\n<h2 class=\"wp-block-heading has-text-align-center\" id=\"cursos-assinatura\">Quer estudar para o concurso I\u00e7araPrev?<\/h2>\n\n\n\n<p class=\"has-text-align-center\"><em>Gostou desta oportunidade e deseja come\u00e7ar se preparar agora mesmo? Ent\u00e3o, confira os nossos cursos e comece a estudar:<\/em><\/p>\n\n\n\n<p class=\"has-text-align-center has-light-green-cyan-background-color has-background\" style=\"font-size:clamp(14.642px, 0.915rem + ((1vw - 3.2px) * 0.721), 22px);px\"><strong><a rel=\"noreferrer noopener\" href=\"https:\/\/www.estrategiaconcursos.com.br\/cursos\/concurso\/\" target=\"_blank\">Curso para concurso<\/a><\/strong><\/p>\n\n\n\n<p class=\"has-text-align-center has-medium-font-size\"><em><strong>Assinatura Anual Ilimitada*<\/strong><\/em><\/p>\n\n\n\n<p class=\"has-text-align-center\"><em>Prepare-se com o melhor material e com quem mais aprova em Concursos P\u00fablicos em todo o pa\u00eds. Assine agora a nossa Assinatura Anual e tenha acesso ilimitado* a todos os nossos cursos.<\/em><\/p>\n\n\n\n<p class=\"has-text-align-center has-luminous-vivid-amber-background-color has-background\" style=\"font-size:clamp(14.642px, 0.915rem + ((1vw - 3.2px) * 0.721), 22px);px\"><strong>ASSINE AGORA<\/strong>&nbsp;\u2013&nbsp;<strong><a rel=\"noreferrer noopener\" href=\"https:\/\/www.estrategiaconcursos.com.br\/assinaturas\" target=\"_blank\">Assinatura Ilimitada<\/a><\/strong><\/p>\n\n\n\n<p class=\"has-text-align-center has-medium-font-size\"><strong><em><strong>Sistema de Quest\u00f5es<\/strong><\/em><\/strong><\/p>\n\n\n\n<p class=\"has-text-align-center\"><em>Estrat\u00e9gia Quest\u00f5es nasceu maior do que todos os concorrentes, com mais quest\u00f5es cadastradas e mais solu\u00e7\u00f5es por professores. Clique no link e aproveite os descontos e b\u00f4nus imperd\u00edveis!<\/em><\/p>\n\n\n\n<p class=\"has-text-align-center has-vivid-green-cyan-background-color has-background\" style=\"font-size:clamp(14.642px, 0.915rem + ((1vw - 3.2px) * 0.721), 22px);px\"><strong>ASSINE AGORA \u2013&nbsp;<a href=\"https:\/\/www.estrategiaconcursos.com.br\/cursosPorConcurso\/sistema-de-questoes\/#\/\" target=\"_blank\" rel=\"noreferrer noopener\">Sistema de Quest\u00f5es<\/a><\/strong><\/p>\n\n\n\n<p class=\"has-text-align-center has-medium-font-size\"><strong><em>Fique por dentro de todos os concursos<\/em><\/strong><\/p>\n\n\n\n<p class=\"has-text-align-center has-pale-cyan-blue-background-color has-background\" style=\"font-size:clamp(14.642px, 0.915rem + ((1vw - 3.2px) * 0.721), 22px);px\"><a href=\"https:\/\/www.estrategiaconcursos.com.br\/blog\/concursos-abertos\/\" target=\"_blank\" rel=\"noreferrer noopener\"><strong>CONCURSOS ABERTOS<\/strong><\/a><\/p>\n\n\n\n<figure class=\"wp-block-image\"><img loading=\"lazy\" decoding=\"async\" width=\"300\" height=\"102\" src=\"https:\/\/dhg1h5j42swfq.cloudfront.net\/2017\/03\/28152500\/coruja-ficha-tecnica-300x102.png\" alt=\"Ficha t\u00e9cnica do concurso I\u00e7araPrev\" class=\"wp-image-68542\"\/><\/figure>\n\n\n\n<h3 class=\"wp-block-heading\" id=\"ficha-tecnica\"><strong>Informa\u00e7\u00f5es sobre o c<\/strong>oncurso I\u00e7araPrev<\/h3>\n\n\n\n<p>\u25ba<strong>Provas<\/strong>: 05\/04 (SUSPENSAS)<br \/>\u25ba<strong>Vagas<\/strong>: 03<br \/>\u25ba<strong>Cargos<\/strong>: Advogado, Analista de Controle Interno e Assistente Adm <br \/>\u25ba<strong>Banca<\/strong>: Fepese<br \/>\u25ba<strong>Escolaridade<\/strong>: N\u00edvel m\u00e9dio e superior<br \/>\u25ba<strong>Edital<\/strong>:&nbsp;<a rel=\"noreferrer noopener\" aria-label=\"Edital I\u00e7araPrev (abre numa nova aba)\" href=\"https:\/\/dhg1h5j42swfq.cloudfront.net\/2020\/02\/01085800\/I%C3%A7ara_PREV.pdf\" target=\"_blank\">Edital I\u00e7araPrev<\/a><\/p>\n\n\n\n<p><em>Ascom Estrat\u00e9gia<\/em><br \/>ascomestrategia@gmail.com<\/p>\n","protected":false},"excerpt":{"rendered":"<p>O Instituto de Previd\u00eancia dos Servidores P\u00fablicos do Munic\u00edpio de I\u00e7ara suspendeu as provas do seu concurso p\u00fablico, previstas para ocorrerem no dia 5 de abril de 2020. A medida foi tomada em decorr\u00eancia do surto do Covid-19 (novo Coronav\u00edrus). Uma nova data para realiza\u00e7\u00e3o das provas e retomada do concurso ser\u00e1 marcada e posteriormente [&hellip;]<\/p>\n","protected":false},"author":221,"featured_media":516285,"comment_status":"open","ping_status":"closed","sticky":false,"template":"","format":"standard","meta":{"post_tipo":"article","footnotes":""},"categories":[1],"tags":[],"tax_estado":[],"class_list":["post-476613","post","type-post","status-publish","format-standard","has-post-thumbnail","hentry","category-cursos-e-concursos"],"acf":[],"yoast_head":"<!-- This site is optimized with the Yoast SEO Premium plugin v27.2 (Yoast SEO v27.2) - https:\/\/yoast.com\/product\/yoast-seo-premium-wordpress\/ -->\n<title>Concurso I\u00e7araPrev: provas do dia 5 de abril s\u00e3o suspensas<\/title>\n<meta name=\"description\" content=\"Concurso I\u00e7araPrev: provas previstas para o dia 5 de abril est\u00e3o suspensas. S\u00e3o ofertadas vagas para cargos de n\u00edveis m\u00e9dio e superior.\" \/>\n<meta name=\"robots\" content=\"index, follow, max-snippet:-1, max-image-preview:large, max-video-preview:-1\" \/>\n<link rel=\"canonical\" href=\"https:\/\/www.estrategiaconcursos.com.br\/blog\/concurso-icaraprev\/\" \/>\n<meta property=\"og:locale\" content=\"pt_BR\" \/>\n<meta property=\"og:type\" content=\"article\" \/>\n<meta property=\"og:title\" content=\"Concurso I\u00e7araPrev: provas do dia 5 de abril s\u00e3o suspensas\" \/>\n<meta property=\"og:description\" content=\"Concurso I\u00e7araPrev: provas previstas para o dia 5 de abril est\u00e3o suspensas. S\u00e3o ofertadas vagas para cargos de n\u00edveis m\u00e9dio e superior.\" \/>\n<meta property=\"og:url\" content=\"https:\/\/www.estrategiaconcursos.com.br\/blog\/concurso-icaraprev\/\" \/>\n<meta property=\"og:site_name\" content=\"Estrat\u00e9gia Concursos\" \/>\n<meta property=\"article:published_time\" content=\"2020-03-24T05:00:00+00:00\" \/>\n<meta property=\"article:modified_time\" content=\"2023-06-15T13:11:15+00:00\" \/>\n<meta property=\"og:image\" content=\"https:\/\/dhg1h5j42swfq.cloudfront.net\/2020\/03\/18160512\/I%C3%A7araPrev.jpg\" \/>\n\t<meta property=\"og:image:width\" content=\"1200\" \/>\n\t<meta property=\"og:image:height\" content=\"628\" \/>\n\t<meta property=\"og:image:type\" content=\"image\/jpeg\" \/>\n<meta name=\"author\" content=\"Tulio Lages\" \/>\n<meta name=\"twitter:card\" content=\"summary_large_image\" \/>\n<meta name=\"twitter:creator\" content=\"@EstratConcursos\" \/>\n<meta name=\"twitter:site\" content=\"@EstratConcursos\" \/>\n<meta name=\"twitter:label1\" content=\"Escrito por\" \/>\n\t<meta name=\"twitter:data1\" content=\"Tulio Lages\" \/>\n\t<meta name=\"twitter:label2\" content=\"Est. tempo de leitura\" \/>\n\t<meta name=\"twitter:data2\" content=\"3 minutos\" \/>\n<script type=\"application\/ld+json\" class=\"yoast-schema-graph\">{\"@context\":\"https:\/\/schema.org\",\"@graph\":[{\"@type\":\"NewsArticle\",\"@id\":\"https:\/\/www.estrategiaconcursos.com.br\/blog\/concurso-icaraprev\/#article\",\"isPartOf\":{\"@id\":\"https:\/\/www.estrategiaconcursos.com.br\/blog\/concurso-icaraprev\/\"},\"author\":{\"name\":\"Tulio Lages\",\"@id\":\"https:\/\/www.estrategiaconcursos.com.br\/blog\/#\/schema\/person\/80581c41357e3666d4b56f2db6910639\"},\"headline\":\"Concurso I\u00e7araPrev: provas do dia 5 de abril s\u00e3o suspensas\",\"datePublished\":\"2020-03-24T05:00:00+00:00\",\"dateModified\":\"2023-06-15T13:11:15+00:00\",\"mainEntityOfPage\":{\"@id\":\"https:\/\/www.estrategiaconcursos.com.br\/blog\/concurso-icaraprev\/\"},\"wordCount\":706,\"commentCount\":0,\"publisher\":{\"@id\":\"https:\/\/www.estrategiaconcursos.com.br\/blog\/#organization\"},\"image\":{\"@id\":\"https:\/\/www.estrategiaconcursos.com.br\/blog\/concurso-icaraprev\/#primaryimage\"},\"thumbnailUrl\":\"https:\/\/dhg1h5j42swfq.cloudfront.net\/2020\/03\/18160512\/I%C3%A7araPrev.jpg\",\"articleSection\":[\"Concursos P\u00fablicos\"],\"inLanguage\":\"pt-BR\",\"potentialAction\":[{\"@type\":\"CommentAction\",\"name\":\"Comment\",\"target\":[\"https:\/\/www.estrategiaconcursos.com.br\/blog\/concurso-icaraprev\/#respond\"]}],\"copyrightYear\":\"2020\",\"copyrightHolder\":{\"@id\":\"https:\/\/www.estrategiaconcursos.com.br\/blog\/#organization\"}},{\"@type\":\"WebPage\",\"@id\":\"https:\/\/www.estrategiaconcursos.com.br\/blog\/concurso-icaraprev\/\",\"url\":\"https:\/\/www.estrategiaconcursos.com.br\/blog\/concurso-icaraprev\/\",\"name\":\"Concurso I\u00e7araPrev: provas do dia 5 de abril s\u00e3o suspensas\",\"isPartOf\":{\"@id\":\"https:\/\/www.estrategiaconcursos.com.br\/blog\/#website\"},\"primaryImageOfPage\":{\"@id\":\"https:\/\/www.estrategiaconcursos.com.br\/blog\/concurso-icaraprev\/#primaryimage\"},\"image\":{\"@id\":\"https:\/\/www.estrategiaconcursos.com.br\/blog\/concurso-icaraprev\/#primaryimage\"},\"thumbnailUrl\":\"https:\/\/dhg1h5j42swfq.cloudfront.net\/2020\/03\/18160512\/I%C3%A7araPrev.jpg\",\"datePublished\":\"2020-03-24T05:00:00+00:00\",\"dateModified\":\"2023-06-15T13:11:15+00:00\",\"description\":\"Concurso I\u00e7araPrev: provas previstas para o dia 5 de abril est\u00e3o suspensas. S\u00e3o ofertadas vagas para cargos de n\u00edveis m\u00e9dio e superior.\",\"breadcrumb\":{\"@id\":\"https:\/\/www.estrategiaconcursos.com.br\/blog\/concurso-icaraprev\/#breadcrumb\"},\"inLanguage\":\"pt-BR\",\"potentialAction\":[{\"@type\":\"ReadAction\",\"target\":[\"https:\/\/www.estrategiaconcursos.com.br\/blog\/concurso-icaraprev\/\"]}]},{\"@type\":\"ImageObject\",\"inLanguage\":\"pt-BR\",\"@id\":\"https:\/\/www.estrategiaconcursos.com.br\/blog\/concurso-icaraprev\/#primaryimage\",\"url\":\"https:\/\/dhg1h5j42swfq.cloudfront.net\/2020\/03\/18160512\/I%C3%A7araPrev.jpg\",\"contentUrl\":\"https:\/\/dhg1h5j42swfq.cloudfront.net\/2020\/03\/18160512\/I%C3%A7araPrev.jpg\",\"width\":1200,\"height\":628},{\"@type\":\"BreadcrumbList\",\"@id\":\"https:\/\/www.estrategiaconcursos.com.br\/blog\/concurso-icaraprev\/#breadcrumb\",\"itemListElement\":[{\"@type\":\"ListItem\",\"position\":1,\"name\":\"In\u00edcio\",\"item\":\"https:\/\/www.estrategiaconcursos.com.br\/blog\/\"},{\"@type\":\"ListItem\",\"position\":2,\"name\":\"Concurso I\u00e7araPrev: provas do dia 5 de abril s\u00e3o suspensas\"}]},{\"@type\":\"WebSite\",\"@id\":\"https:\/\/www.estrategiaconcursos.com.br\/blog\/#website\",\"url\":\"https:\/\/www.estrategiaconcursos.com.br\/blog\/\",\"name\":\"Estrat\u00e9gia Concursos\",\"description\":\"O blog da Estrat\u00e9gia Concursos traz not\u00edcias sobre concursos e artigos de professores oferecendo cursos para concursos (pdf + videaulas) no site.\",\"publisher\":{\"@id\":\"https:\/\/www.estrategiaconcursos.com.br\/blog\/#organization\"},\"potentialAction\":[{\"@type\":\"SearchAction\",\"target\":{\"@type\":\"EntryPoint\",\"urlTemplate\":\"https:\/\/www.estrategiaconcursos.com.br\/blog\/?s={search_term_string}\"},\"query-input\":{\"@type\":\"PropertyValueSpecification\",\"valueRequired\":true,\"valueName\":\"search_term_string\"}}],\"inLanguage\":\"pt-BR\"},{\"@type\":\"Organization\",\"@id\":\"https:\/\/www.estrategiaconcursos.com.br\/blog\/#organization\",\"name\":\"Estrat\u00e9gia Concursos\",\"url\":\"https:\/\/www.estrategiaconcursos.com.br\/blog\/\",\"logo\":{\"@type\":\"ImageObject\",\"inLanguage\":\"pt-BR\",\"@id\":\"https:\/\/www.estrategiaconcursos.com.br\/blog\/#\/schema\/logo\/image\/\",\"url\":\"https:\/\/dhg1h5j42swfq.cloudfront.net\/2025\/06\/03203428\/logo_concursos-1.jpg\",\"contentUrl\":\"https:\/\/dhg1h5j42swfq.cloudfront.net\/2025\/06\/03203428\/logo_concursos-1.jpg\",\"width\":230,\"height\":60,\"caption\":\"Estrat\u00e9gia Concursos\"},\"image\":{\"@id\":\"https:\/\/www.estrategiaconcursos.com.br\/blog\/#\/schema\/logo\/image\/\"},\"sameAs\":[\"https:\/\/x.com\/EstratConcursos\"]},{\"@type\":\"Person\",\"@id\":\"https:\/\/www.estrategiaconcursos.com.br\/blog\/#\/schema\/person\/80581c41357e3666d4b56f2db6910639\",\"name\":\"Tulio Lages\",\"image\":{\"@type\":\"ImageObject\",\"inLanguage\":\"pt-BR\",\"@id\":\"https:\/\/secure.gravatar.com\/avatar\/d24e31d7062c4ca48f968843d2bcad20a2ba1a5cf087b6f34171db005b925941?s=96&d=mm&r=g\",\"url\":\"https:\/\/secure.gravatar.com\/avatar\/d24e31d7062c4ca48f968843d2bcad20a2ba1a5cf087b6f34171db005b925941?s=96&d=mm&r=g\",\"contentUrl\":\"https:\/\/secure.gravatar.com\/avatar\/d24e31d7062c4ca48f968843d2bcad20a2ba1a5cf087b6f34171db005b925941?s=96&d=mm&r=g\",\"caption\":\"Tulio Lages\"},\"url\":\"https:\/\/www.estrategiaconcursos.com.br\/blog\/author\/tuliolagesestrategiaconcursos-com-br\/\"}]}<\/script>\n<!-- \/ Yoast SEO Premium plugin. -->","yoast_head_json":{"title":"Concurso I\u00e7araPrev: provas do dia 5 de abril s\u00e3o suspensas","description":"Concurso I\u00e7araPrev: provas previstas para o dia 5 de abril est\u00e3o suspensas. S\u00e3o ofertadas vagas para cargos de n\u00edveis m\u00e9dio e superior.","robots":{"index":"index","follow":"follow","max-snippet":"max-snippet:-1","max-image-preview":"max-image-preview:large","max-video-preview":"max-video-preview:-1"},"canonical":"https:\/\/www.estrategiaconcursos.com.br\/blog\/concurso-icaraprev\/","og_locale":"pt_BR","og_type":"article","og_title":"Concurso I\u00e7araPrev: provas do dia 5 de abril s\u00e3o suspensas","og_description":"Concurso I\u00e7araPrev: provas previstas para o dia 5 de abril est\u00e3o suspensas. S\u00e3o ofertadas vagas para cargos de n\u00edveis m\u00e9dio e superior.","og_url":"https:\/\/www.estrategiaconcursos.com.br\/blog\/concurso-icaraprev\/","og_site_name":"Estrat\u00e9gia Concursos","article_published_time":"2020-03-24T05:00:00+00:00","article_modified_time":"2023-06-15T13:11:15+00:00","og_image":[{"width":1200,"height":628,"url":"https:\/\/dhg1h5j42swfq.cloudfront.net\/2020\/03\/18160512\/I%C3%A7araPrev.jpg","type":"image\/jpeg"}],"author":"Tulio Lages","twitter_card":"summary_large_image","twitter_creator":"@EstratConcursos","twitter_site":"@EstratConcursos","twitter_misc":{"Escrito por":"Tulio Lages","Est. tempo de leitura":"3 minutos"},"schema":{"@context":"https:\/\/schema.org","@graph":[{"@type":"NewsArticle","@id":"https:\/\/www.estrategiaconcursos.com.br\/blog\/concurso-icaraprev\/#article","isPartOf":{"@id":"https:\/\/www.estrategiaconcursos.com.br\/blog\/concurso-icaraprev\/"},"author":{"name":"Tulio Lages","@id":"https:\/\/www.estrategiaconcursos.com.br\/blog\/#\/schema\/person\/80581c41357e3666d4b56f2db6910639"},"headline":"Concurso I\u00e7araPrev: provas do dia 5 de abril s\u00e3o suspensas","datePublished":"2020-03-24T05:00:00+00:00","dateModified":"2023-06-15T13:11:15+00:00","mainEntityOfPage":{"@id":"https:\/\/www.estrategiaconcursos.com.br\/blog\/concurso-icaraprev\/"},"wordCount":706,"commentCount":0,"publisher":{"@id":"https:\/\/www.estrategiaconcursos.com.br\/blog\/#organization"},"image":{"@id":"https:\/\/www.estrategiaconcursos.com.br\/blog\/concurso-icaraprev\/#primaryimage"},"thumbnailUrl":"https:\/\/dhg1h5j42swfq.cloudfront.net\/2020\/03\/18160512\/I%C3%A7araPrev.jpg","articleSection":["Concursos P\u00fablicos"],"inLanguage":"pt-BR","potentialAction":[{"@type":"CommentAction","name":"Comment","target":["https:\/\/www.estrategiaconcursos.com.br\/blog\/concurso-icaraprev\/#respond"]}],"copyrightYear":"2020","copyrightHolder":{"@id":"https:\/\/www.estrategiaconcursos.com.br\/blog\/#organization"}},{"@type":"WebPage","@id":"https:\/\/www.estrategiaconcursos.com.br\/blog\/concurso-icaraprev\/","url":"https:\/\/www.estrategiaconcursos.com.br\/blog\/concurso-icaraprev\/","name":"Concurso I\u00e7araPrev: provas do dia 5 de abril s\u00e3o suspensas","isPartOf":{"@id":"https:\/\/www.estrategiaconcursos.com.br\/blog\/#website"},"primaryImageOfPage":{"@id":"https:\/\/www.estrategiaconcursos.com.br\/blog\/concurso-icaraprev\/#primaryimage"},"image":{"@id":"https:\/\/www.estrategiaconcursos.com.br\/blog\/concurso-icaraprev\/#primaryimage"},"thumbnailUrl":"https:\/\/dhg1h5j42swfq.cloudfront.net\/2020\/03\/18160512\/I%C3%A7araPrev.jpg","datePublished":"2020-03-24T05:00:00+00:00","dateModified":"2023-06-15T13:11:15+00:00","description":"Concurso I\u00e7araPrev: provas previstas para o dia 5 de abril est\u00e3o suspensas. S\u00e3o ofertadas vagas para cargos de n\u00edveis m\u00e9dio e superior.","breadcrumb":{"@id":"https:\/\/www.estrategiaconcursos.com.br\/blog\/concurso-icaraprev\/#breadcrumb"},"inLanguage":"pt-BR","potentialAction":[{"@type":"ReadAction","target":["https:\/\/www.estrategiaconcursos.com.br\/blog\/concurso-icaraprev\/"]}]},{"@type":"ImageObject","inLanguage":"pt-BR","@id":"https:\/\/www.estrategiaconcursos.com.br\/blog\/concurso-icaraprev\/#primaryimage","url":"https:\/\/dhg1h5j42swfq.cloudfront.net\/2020\/03\/18160512\/I%C3%A7araPrev.jpg","contentUrl":"https:\/\/dhg1h5j42swfq.cloudfront.net\/2020\/03\/18160512\/I%C3%A7araPrev.jpg","width":1200,"height":628},{"@type":"BreadcrumbList","@id":"https:\/\/www.estrategiaconcursos.com.br\/blog\/concurso-icaraprev\/#breadcrumb","itemListElement":[{"@type":"ListItem","position":1,"name":"In\u00edcio","item":"https:\/\/www.estrategiaconcursos.com.br\/blog\/"},{"@type":"ListItem","position":2,"name":"Concurso I\u00e7araPrev: provas do dia 5 de abril s\u00e3o suspensas"}]},{"@type":"WebSite","@id":"https:\/\/www.estrategiaconcursos.com.br\/blog\/#website","url":"https:\/\/www.estrategiaconcursos.com.br\/blog\/","name":"Estrat\u00e9gia Concursos","description":"O blog da Estrat\u00e9gia Concursos traz not\u00edcias sobre concursos e artigos de professores oferecendo cursos para concursos (pdf + videaulas) no site.","publisher":{"@id":"https:\/\/www.estrategiaconcursos.com.br\/blog\/#organization"},"potentialAction":[{"@type":"SearchAction","target":{"@type":"EntryPoint","urlTemplate":"https:\/\/www.estrategiaconcursos.com.br\/blog\/?s={search_term_string}"},"query-input":{"@type":"PropertyValueSpecification","valueRequired":true,"valueName":"search_term_string"}}],"inLanguage":"pt-BR"},{"@type":"Organization","@id":"https:\/\/www.estrategiaconcursos.com.br\/blog\/#organization","name":"Estrat\u00e9gia Concursos","url":"https:\/\/www.estrategiaconcursos.com.br\/blog\/","logo":{"@type":"ImageObject","inLanguage":"pt-BR","@id":"https:\/\/www.estrategiaconcursos.com.br\/blog\/#\/schema\/logo\/image\/","url":"https:\/\/dhg1h5j42swfq.cloudfront.net\/2025\/06\/03203428\/logo_concursos-1.jpg","contentUrl":"https:\/\/dhg1h5j42swfq.cloudfront.net\/2025\/06\/03203428\/logo_concursos-1.jpg","width":230,"height":60,"caption":"Estrat\u00e9gia Concursos"},"image":{"@id":"https:\/\/www.estrategiaconcursos.com.br\/blog\/#\/schema\/logo\/image\/"},"sameAs":["https:\/\/x.com\/EstratConcursos"]},{"@type":"Person","@id":"https:\/\/www.estrategiaconcursos.com.br\/blog\/#\/schema\/person\/80581c41357e3666d4b56f2db6910639","name":"Tulio Lages","image":{"@type":"ImageObject","inLanguage":"pt-BR","@id":"https:\/\/secure.gravatar.com\/avatar\/d24e31d7062c4ca48f968843d2bcad20a2ba1a5cf087b6f34171db005b925941?s=96&d=mm&r=g","url":"https:\/\/secure.gravatar.com\/avatar\/d24e31d7062c4ca48f968843d2bcad20a2ba1a5cf087b6f34171db005b925941?s=96&d=mm&r=g","contentUrl":"https:\/\/secure.gravatar.com\/avatar\/d24e31d7062c4ca48f968843d2bcad20a2ba1a5cf087b6f34171db005b925941?s=96&d=mm&r=g","caption":"Tulio Lages"},"url":"https:\/\/www.estrategiaconcursos.com.br\/blog\/author\/tuliolagesestrategiaconcursos-com-br\/"}]}},"_links":{"self":[{"href":"https:\/\/www.estrategiaconcursos.com.br\/blog\/wp-json\/wp\/v2\/posts\/476613","targetHints":{"allow":["GET"]}}],"collection":[{"href":"https:\/\/www.estrategiaconcursos.com.br\/blog\/wp-json\/wp\/v2\/posts"}],"about":[{"href":"https:\/\/www.estrategiaconcursos.com.br\/blog\/wp-json\/wp\/v2\/types\/post"}],"author":[{"embeddable":true,"href":"https:\/\/www.estrategiaconcursos.com.br\/blog\/wp-json\/wp\/v2\/users\/221"}],"replies":[{"embeddable":true,"href":"https:\/\/www.estrategiaconcursos.com.br\/blog\/wp-json\/wp\/v2\/comments?post=476613"}],"version-history":[{"count":13,"href":"https:\/\/www.estrategiaconcursos.com.br\/blog\/wp-json\/wp\/v2\/posts\/476613\/revisions"}],"predecessor-version":[{"id":1232648,"href":"https:\/\/www.estrategiaconcursos.com.br\/blog\/wp-json\/wp\/v2\/posts\/476613\/revisions\/1232648"}],"wp:featuredmedia":[{"embeddable":true,"href":"https:\/\/www.estrategiaconcursos.com.br\/blog\/wp-json\/wp\/v2\/media\/516285"}],"wp:attachment":[{"href":"https:\/\/www.estrategiaconcursos.com.br\/blog\/wp-json\/wp\/v2\/media?parent=476613"}],"wp:term":[{"taxonomy":"category","embeddable":true,"href":"https:\/\/www.estrategiaconcursos.com.br\/blog\/wp-json\/wp\/v2\/categories?post=476613"},{"taxonomy":"post_tag","embeddable":true,"href":"https:\/\/www.estrategiaconcursos.com.br\/blog\/wp-json\/wp\/v2\/tags?post=476613"},{"taxonomy":"tax_estado","embeddable":true,"href":"https:\/\/www.estrategiaconcursos.com.br\/blog\/wp-json\/wp\/v2\/tax_estado?post=476613"}],"curies":[{"name":"wp","href":"https:\/\/api.w.org\/{rel}","templated":true}]}}