{"id":476477,"date":"2020-03-09T00:31:59","date_gmt":"2020-03-09T03:31:59","guid":{"rendered":"https:\/\/www.estrategiaconcursos.com.br\/blog\/?p=476477"},"modified":"2020-03-10T09:33:48","modified_gmt":"2020-03-10T12:33:48","slug":"novo-edital-concurso-prefeitura-santana-de-parnaiba","status":"publish","type":"post","link":"https:\/\/www.estrategiaconcursos.com.br\/blog\/novo-edital-concurso-prefeitura-santana-de-parnaiba\/","title":{"rendered":"Inscri\u00e7\u00f5es do concurso Prefeitura Santana de Parna\u00edba est\u00e3o encerradas!"},"content":{"rendered":"\n<p>As inscri\u00e7\u00f5es do concurso p\u00fablico da Prefeitura Municipal de Santana de Parna\u00edba, Estado de S\u00e3o Paulo, est\u00e3o encerradas. S\u00e3o ofertadas 14 vagas imediatas e forma\u00e7\u00e3o de cadastro reserva, distribu\u00eddas entre cargos de n\u00edvel alfabetizado, fundamental, m\u00e9dio, t\u00e9cnico e superior.<\/p>\n\n\n\n<p>Agora, o pr\u00f3ximo passo para os candidatos inscritos no certame \u00e9 a realiza\u00e7\u00e3o das provas objetivas que est\u00e3o previstas para ocorrer no dia 5 de abril de 2020. Confira mais detalhes ao longo deste artigo!<\/p>\n\n\n\n<h2 class=\"wp-block-heading\" id=\"datas\">Principais datas<\/h2>\n\n\n\n<p class=\"has-background has-very-light-gray-background-color\"><strong>Inscri\u00e7\u00f5es<\/strong>:<s> 05 de fevereiro a 09 de mar\u00e7o<\/s><br \/><strong>Isen\u00e7\u00e3o da taxa<\/strong>: 05 e 06 de fevereiro<br \/><strong>\u00daltimo dia para pagamento<\/strong>: 10 de mar\u00e7o<br \/><strong>Prova<\/strong>: 05 de abril<\/p>\n\n\n\n<h2 class=\"wp-block-heading\" id=\"cargos-vagas\">Cargos e vagas<\/h2>\n\n\n\n<h3 class=\"wp-block-heading\">N\u00edvel alfabetizado e fundamental<\/h3>\n\n\n\n<figure class=\"wp-block-table is-style-stripes\"><table class=\"has-subtle-pale-blue-background-color has-fixed-layout has-background\"><tbody><tr><td><strong>CARGO<\/strong><\/td><td><strong>VAGAS<\/strong><\/td><td><strong>REMUNERA\u00c7\u00c3O<\/strong><\/td><\/tr><tr><td> Auxiliar em Sa\u00fade Bucal <\/td><td>CR<\/td><td> R$ 1.316,73 <\/td><\/tr><tr><td> Oficial de Manuten\u00e7\u00e3o (Serralheiro)<\/td><td> 01 <\/td><td> R$ 2.209,35 <\/td><\/tr><\/tbody><\/table><\/figure>\n\n\n\n<h3 class=\"wp-block-heading\">N\u00edvel m\u00e9dio e t\u00e9cnico<\/h3>\n\n\n\n<figure class=\"wp-block-table is-style-stripes\"><table class=\"has-subtle-pale-blue-background-color has-fixed-layout has-background\"><tbody><tr><td><strong>CARGO<\/strong><\/td><td><strong>VAGAS<\/strong><\/td><td><strong>REMUNERA\u00c7\u00c3O<\/strong><\/td><\/tr><tr><td> Agente de Defesa Civil <\/td><td> 01 <\/td><td> R$ 1.474,77 <\/td><\/tr><tr><td> Auxiliar de Desenvolvimento Infantil <\/td><td>CR<\/td><td> R$ 1.874,77 <\/td><\/tr><tr><td> T\u00e9cnico em Seguran\u00e7a do Trabalho <\/td><td>CR<\/td><td> R$ 2.328,58 <\/td><\/tr><tr><td> T\u00e9cnico em Tecnologia da Informa\u00e7\u00e3o <\/td><td>CR<\/td><td> R$ 2.328,58 <\/td><\/tr><\/tbody><\/table><\/figure>\n\n\n\n<h3 class=\"wp-block-heading\">N\u00edvel superior<\/h3>\n\n\n\n<figure class=\"wp-block-table is-style-stripes\"><table class=\"has-subtle-pale-blue-background-color has-fixed-layout has-background\"><tbody><tr><td><strong>CARGO<\/strong><\/td><td><strong>VAGAS<\/strong><\/td><td><strong>REMUNERA\u00c7\u00c3O<\/strong><\/td><\/tr><tr><td> Analista de Tecnologia da Informa\u00e7\u00e3o <\/td><td>CR<\/td><td> R$ 5.433,36 <\/td><\/tr><tr><td> Educador Esportivo (diversas especializa\u00e7\u00f5es)<\/td><td>07+CR<\/td><td> R$ 1.940,49 <\/td><\/tr><tr><td> Engenheiro da Computa\u00e7\u00e3o (Banco de Dados-SQL)<\/td><td>CR<\/td><td> R$ 7.244,49 <\/td><\/tr><tr><td> Farmac\u00eautico <\/td><td>CR<\/td><td> R$ 3.880,97 <\/td><\/tr><tr><td> Fisioterapeuta <\/td><td>CR<\/td><td> R$ 4.134,31 <\/td><\/tr><tr><td> M\u00e9dico (diversas especialidades)<\/td><td>05+CR<\/td><td> R$ 10.490,47 <\/td><\/tr><tr><td> Professor de Educa\u00e7\u00e3o B\u00e1sica II \u2013 PEB II (v\u00e1rios)<\/td><td>CR<\/td><td> R$ 1.883,36 &#8211; R$ 3.167,90 <\/td><\/tr><tr><td> Psic\u00f3logo <\/td><td>CR<\/td><td> R$ 3.880,97 <\/td><\/tr><\/tbody><\/table><\/figure>\n\n\n\n<h2 class=\"wp-block-heading\" id=\"etapas\">Etapas e provas<\/h2>\n\n\n\n<ul class=\"wp-block-list\"><li><strong>Prova Objetiva<\/strong> <\/li><li><strong>Prova Pr\u00e1tica<\/strong> <\/li><li><strong>Prova de T\u00edtulos<\/strong> <\/li><li><strong>Prova de Tempo de Experi\u00eancia Profissional<\/strong> <\/li><li><strong>Teste de Aptid\u00e3o F\u00edsica<\/strong> <\/li><\/ul>\n\n\n\n<h3 class=\"wp-block-heading\">Prova Objetiva<\/h3>\n\n\n\n<p>Ser\u00e3o 3h30 para realiza\u00e7\u00e3o das provas aos cargos de Professor e 3h para os demais cargos. A aplica\u00e7\u00e3o est\u00e1 prevista para o dia 05 de abril.<\/p>\n\n\n\n<ul class=\"wp-block-list\"><li><strong>Oficial de Manuten\u00e7\u00e3o:<\/strong><ul><li> <em>L\u00edngua Portuguesa &#8211; 10 <\/em><\/li><li><em> Matem\u00e1tica &#8211; 10<\/em><\/li><li><em> Atualidades &#8211; 05<\/em><\/li><li><em> Conhecimentos B\u00e1sicos de Legisla\u00e7\u00e3o Municipal &#8211; 05<\/em><\/li><\/ul><\/li><\/ul>\n\n\n\n<ul class=\"wp-block-list\"><li><strong>Auxiliar em Sa\u00fade Bucal, Agente de Defesa Civil, Auxiliar de Desenvolvimento Infantil, T\u00e9cnico em Seguran\u00e7a do Trabalho e T\u00e9cnico em Tecnologia da Informa\u00e7\u00e3o:<\/strong><ul><li> <em>L\u00edngua Portuguesa &#8211; 08<\/em><\/li><li><em> Matem\u00e1tica &#8211; 07<\/em><\/li><li><em> Atualidades &#8211; 05<\/em><\/li><li><em> Conhecimentos B\u00e1sicos de Legisla\u00e7\u00e3o Municipal &#8211; 05<\/em><\/li><li><em> Conhecimentos Espec\u00edficos &#8211; 15<\/em><\/li><\/ul><\/li><\/ul>\n\n\n\n<ul class=\"wp-block-list\"><li><strong>Analista de Tecnologia da Informa\u00e7\u00e3o e Engenheiro da Computa\u00e7\u00e3o:<\/strong><ul><li> <em>L\u00edngua Portuguesa &#8211; 10<\/em><\/li><li><em> Conhecimentos B\u00e1sicos de Legisla\u00e7\u00e3o Municipal &#8211; 05<\/em><\/li><li><em> Conhecimentos Espec\u00edficos &#8211; 25<\/em><\/li><\/ul><\/li><\/ul>\n\n\n\n<ul class=\"wp-block-list\"><li><strong>Farmac\u00eautico, Fisioterapeuta e Psic\u00f3logo:<\/strong><ul><li> <em>L\u00edngua Portuguesa &#8211; 08<\/em><\/li><li><em> Conhecimentos B\u00e1sicos de Legisla\u00e7\u00e3o Municipal &#8211; 05<\/em><\/li><li><em> Pol\u00edticas de Sa\u00fade &#8211; 07<\/em><\/li><li><em> Conhecimentos Espec\u00edficos &#8211; 20<\/em><\/li><\/ul><\/li><\/ul>\n\n\n\n<ul class=\"wp-block-list\"><li><strong>M\u00e9dico (todos):<\/strong><ul><li> <em>L\u00edngua Portuguesa &#8211; 05<\/em><\/li><li><em> Conhecimentos B\u00e1sicos de Legisla\u00e7\u00e3o Municipal &#8211; 05<\/em><\/li><li><em> Pol\u00edticas de Sa\u00fade &#8211; 05<\/em><\/li><li><em> Cl\u00ednica M\u00e9dica &#8211; 05<\/em><\/li><li><em> Conhecimentos Espec\u00edficos &#8211; 20<\/em><\/li><\/ul><\/li><\/ul>\n\n\n\n<ul class=\"wp-block-list\"><li><strong>Educador Esportivo:<\/strong><ul><li> <em>L\u00edngua Portuguesa &#8211; 05<\/em><\/li><li><em> Atualidades &#8211; 05<\/em><\/li><li><em> Conhecimentos B\u00e1sicos de Legisla\u00e7\u00e3o Municipal &#8211; 05<\/em><\/li><li><em> Legisla\u00e7\u00e3o e Conhecimentos Pedag\u00f3gicos &#8211; 05<\/em><\/li><li><em> Conhecimentos B\u00e1sicos em Educa\u00e7\u00e3o F\u00edsica &#8211; 10<\/em><\/li><li><em> Conhecimentos Espec\u00edficos &#8211; 10<\/em><\/li><\/ul><\/li><\/ul>\n\n\n\n<ul class=\"wp-block-list\"><li><strong>Professor de Educa\u00e7\u00e3o B\u00e1sica II:<\/strong><ul><li><em> L\u00edngua Portuguesa &#8211; 10<\/em><\/li><li><em> Conhecimentos B\u00e1sicos de Legisla\u00e7\u00e3o Municipal &#8211; 05<\/em><\/li><li><em> Legisla\u00e7\u00e3o e Conhecimentos Pedag\u00f3gicos &#8211; 10<\/em><\/li><li><em> Conhecimentos Espec\u00edficos &#8211; 15<\/em><\/li><\/ul><\/li><\/ul>\n\n\n\n<h3 class=\"wp-block-heading\">Prova Pr\u00e1tica<\/h3>\n\n\n\n<p>As Provas Pr\u00e1ticas, para os cargos de Analista de Tecnologia da Informa\u00e7\u00e3o, Auxiliar de Desenvolvimento Infantil, Auxiliar em Sa\u00fade Bucal, Educador Esportivo, Engenheiro da Computa\u00e7\u00e3o, Oficial de Manuten\u00e7\u00e3o e T\u00e9cnico em Tecnologia da Informa\u00e7\u00e3o, ser\u00e3o realizadas na cidade de Santana de Parna\u00edba\/SP, nas datas previstas de 16 e\/ou 17 de maio.<\/p>\n\n\n\n<h3 class=\"wp-block-heading\">Prova de T\u00edtulos<\/h3>\n\n\n\n<p>Concorrer\u00e3o \u00e0 Prova de T\u00edtulos, os aprovados na prova objetiva dos cargos de Agente de Defesa Civil, Analista de Tecnologia da Informa\u00e7\u00e3o, Auxiliar de Desenvolvimento Infantil, Educador Esportivo, Engenheiro da Computa\u00e7\u00e3o, Farmac\u00eautico, Fisioterapeuta, M\u00e9dico, Professor de Educa\u00e7\u00e3o B\u00e1sica II, Psic\u00f3logo, T\u00e9cnico em Seguran\u00e7a do Trabalho e T\u00e9cnico em Tecnologia da Informa\u00e7\u00e3o.<\/p>\n\n\n\n<p>A entrega dos documentos relativos \u00e0 Prova de T\u00edtulos n\u00e3o \u00e9 obrigat\u00f3ria e o candidato que n\u00e3o entregar n\u00e3o ser\u00e1 eliminado do concurso.<\/p>\n\n\n\n<h3 class=\"wp-block-heading\">Teste de Aptid\u00e3o F\u00edsica<\/h3>\n\n\n\n<p>O Teste de Aptid\u00e3o F\u00edsica, para Agente de Defesa Civil, ser\u00e1 realizado na cidade de Santana de Parna\u00edba\/SP, nas datas previstas de 16 e\/ou 17 de maio.<\/p>\n\n\n\n<p>Para a realiza\u00e7\u00e3o do TAF ser\u00e3o convocados os 100 primeiros candidatos classificados nas Provas Objetiva, de T\u00edtulos e de Tempo de Experi\u00eancia Profissional, obedecendo \u00e0 ordem de classifica\u00e7\u00e3o, com os crit\u00e9rios de desempate aplicados.  <\/p>\n\n\n\n<ul class=\"wp-block-list\"><li>Teste de Flex\u00e3o Abdominal<\/li><li>Teste de Flex\u00e3o de Bra\u00e7o<\/li><li>Teste de Corrida em 12 minutos<\/li><\/ul>\n\n\n\n<hr class=\"wp-block-separator\"\/>\n\n\n\n<h2 class=\"has-text-align-center wp-block-heading\" id=\"cursos-assinatura\">Quer estudar para o concurso da Prefeitura Santana de Parna\u00edba?<\/h2>\n\n\n\n<p class=\"has-text-align-center\"><em>Gostou desta oportunidade e deseja come\u00e7ar se preparar agora mesmo? Ent\u00e3o, confira os nossos cursos e comece a estudar:<\/em><\/p>\n\n\n\n<p style=\"font-size:22px\" class=\"has-background has-text-align-center has-light-green-cyan-background-color\"><strong><a rel=\"noreferrer noopener\" href=\"https:\/\/www.estrategiaconcursos.com.br\/cursos\/concurso\/\" target=\"_blank\">Curso para concurso<\/a><\/strong><\/p>\n\n\n\n<p class=\"has-text-align-center has-medium-font-size\"><em><strong>Assinatura Anual Ilimitada*<\/strong><\/em><\/p>\n\n\n\n<p class=\"has-text-align-center\"><em>Prepare-se com o melhor material e com quem mais aprova em Concursos P\u00fablicos em todo o pa\u00eds. Assine agora a nossa Assinatura Anual e tenha acesso ilimitado* a todos os nossos cursos.<\/em><\/p>\n\n\n\n<p style=\"font-size:22px\" class=\"has-background has-text-align-center has-luminous-vivid-amber-background-color\"><strong>ASSINE AGORA<\/strong>&nbsp;\u2013&nbsp;<strong><a rel=\"noreferrer noopener\" href=\"https:\/\/www.estrategiaconcursos.com.br\/assinaturas\" target=\"_blank\">Assinatura Ilimitada<\/a><\/strong><\/p>\n\n\n\n<p class=\"has-text-align-center\"><strong><em>Fique por dentro de todos os concursos<\/em><\/strong><\/p>\n\n\n\n<p style=\"font-size:22px\" class=\"has-background has-text-align-center has-pale-cyan-blue-background-color\"><a rel=\"noreferrer noopener\" href=\"https:\/\/www.estrategiaconcursos.com.br\/blog\/concursos-abertos\/\" target=\"_blank\"><strong>CONCURSOS ABERTOS<\/strong><\/a><\/p>\n\n\n\n<p style=\"font-size:22px\" class=\"has-background has-text-align-center has-pale-cyan-blue-background-color\"><a rel=\"noreferrer noopener\" href=\"https:\/\/www.estrategiaconcursos.com.br\/blog\/concursos-2020\/\" target=\"_blank\"><strong>CONCURSOS&nbsp;2020<\/strong><\/a><\/p>\n\n\n\n<figure class=\"wp-block-image\"><img loading=\"lazy\" decoding=\"async\" width=\"300\" height=\"102\" src=\"https:\/\/dhg1h5j42swfq.cloudfront.net\/2017\/03\/28152500\/coruja-ficha-tecnica-300x102.png\" alt=\"\" class=\"wp-image-68542\"\/><\/figure>\n\n\n\n<h3 class=\"wp-block-heading\" id=\"ficha-tecnica\"><strong>Informa\u00e7\u00f5es sobre o c<\/strong>oncurso Prefeitura Santana de Parna\u00edba-SP<\/h3>\n\n\n\n<p>\u25ba<strong>Inscri\u00e7\u00f5es<\/strong>: 05\/02 a 09\/03<br \/>\u25ba<strong>Provas<\/strong>: 05\/04<br \/>\u25ba<strong>Vagas<\/strong>: 14+CR<br \/>\u25ba<strong>Cargos<\/strong>: Diversos<br \/>\u25ba<strong>Banca<\/strong>: Instituto Mais<br \/>\u25ba<strong>Escolaridade<\/strong>: N\u00edvel alfabetizado, fundamental, m\u00e9dio, t\u00e9cnico e superior<br \/>\u25ba<strong>Edital<\/strong>:&nbsp;<a rel=\"noreferrer noopener\" aria-label=\"Edital Santana de Parna\u00edba (abre numa nova aba)\" href=\"https:\/\/dhg1h5j42swfq.cloudfront.net\/2020\/01\/31173031\/Prefeitura_de_Santana_de_Parna%C3%ADba-2020.pdf\" target=\"_blank\">Edital Santana de Parna\u00edba<\/a><\/p>\n\n\n\n<p><br \/><em>Ascom Estrat\u00e9gia<\/em><br \/>ascomestrategia@gmail.com<\/p>\n","protected":false},"excerpt":{"rendered":"<p>As inscri\u00e7\u00f5es do concurso p\u00fablico da Prefeitura Municipal de Santana de Parna\u00edba, Estado de S\u00e3o Paulo, est\u00e3o encerradas. S\u00e3o ofertadas 14 vagas imediatas e forma\u00e7\u00e3o de cadastro reserva, distribu\u00eddas entre cargos de n\u00edvel alfabetizado, fundamental, m\u00e9dio, t\u00e9cnico e superior. Agora, o pr\u00f3ximo passo para os candidatos inscritos no certame \u00e9 a realiza\u00e7\u00e3o das provas objetivas [&hellip;]<\/p>\n","protected":false},"author":93,"featured_media":444274,"comment_status":"open","ping_status":"closed","sticky":false,"template":"","format":"standard","meta":{"post_tipo":"article","footnotes":""},"categories":[1],"tags":[],"tax_estado":[],"class_list":["post-476477","post","type-post","status-publish","format-standard","has-post-thumbnail","hentry","category-cursos-e-concursos"],"acf":[],"yoast_head":"<!-- This site is optimized with the Yoast SEO Premium plugin v27.2 (Yoast SEO v27.2) - https:\/\/yoast.com\/product\/yoast-seo-premium-wordpress\/ -->\n<title>Inscri\u00e7\u00f5es do concurso Prefeitura Santana de Parna\u00edba est\u00e3o encerradas!<\/title>\n<meta name=\"robots\" content=\"index, follow, max-snippet:-1, max-image-preview:large, max-video-preview:-1\" \/>\n<link rel=\"canonical\" href=\"https:\/\/www.estrategiaconcursos.com.br\/blog\/novo-edital-concurso-prefeitura-santana-de-parnaiba\/\" \/>\n<meta property=\"og:locale\" content=\"pt_BR\" \/>\n<meta property=\"og:type\" content=\"article\" \/>\n<meta property=\"og:title\" content=\"Inscri\u00e7\u00f5es do concurso Prefeitura Santana de Parna\u00edba est\u00e3o encerradas!\" \/>\n<meta property=\"og:description\" content=\"As inscri\u00e7\u00f5es do concurso p\u00fablico da Prefeitura Municipal de Santana de Parna\u00edba, Estado de S\u00e3o Paulo, est\u00e3o encerradas. S\u00e3o ofertadas 14 vagas imediatas e forma\u00e7\u00e3o de cadastro reserva, distribu\u00eddas entre cargos de n\u00edvel alfabetizado, fundamental, m\u00e9dio, t\u00e9cnico e superior. Agora, o pr\u00f3ximo passo para os candidatos inscritos no certame \u00e9 a realiza\u00e7\u00e3o das provas objetivas [&hellip;]\" \/>\n<meta property=\"og:url\" content=\"https:\/\/www.estrategiaconcursos.com.br\/blog\/novo-edital-concurso-prefeitura-santana-de-parnaiba\/\" \/>\n<meta property=\"og:site_name\" content=\"Estrat\u00e9gia Concursos\" \/>\n<meta property=\"article:published_time\" content=\"2020-03-09T03:31:59+00:00\" \/>\n<meta property=\"article:modified_time\" content=\"2020-03-10T12:33:48+00:00\" \/>\n<meta property=\"og:image\" content=\"https:\/\/dhg1h5j42swfq.cloudfront.net\/2019\/11\/05113836\/Saiu-Edital-7.png\" \/>\n\t<meta property=\"og:image:width\" content=\"1200\" \/>\n\t<meta property=\"og:image:height\" content=\"628\" \/>\n\t<meta property=\"og:image:type\" content=\"image\/png\" \/>\n<meta name=\"author\" content=\"Vinicius Silva\" \/>\n<meta name=\"twitter:card\" content=\"summary_large_image\" \/>\n<meta name=\"twitter:creator\" content=\"@EstratConcursos\" \/>\n<meta name=\"twitter:site\" content=\"@EstratConcursos\" \/>\n<meta name=\"twitter:label1\" content=\"Escrito por\" \/>\n\t<meta name=\"twitter:data1\" content=\"Vinicius Silva\" \/>\n\t<meta name=\"twitter:label2\" content=\"Est. tempo de leitura\" \/>\n\t<meta name=\"twitter:data2\" content=\"4 minutos\" \/>\n<script type=\"application\/ld+json\" class=\"yoast-schema-graph\">{\"@context\":\"https:\/\/schema.org\",\"@graph\":[{\"@type\":\"NewsArticle\",\"@id\":\"https:\/\/www.estrategiaconcursos.com.br\/blog\/novo-edital-concurso-prefeitura-santana-de-parnaiba\/#article\",\"isPartOf\":{\"@id\":\"https:\/\/www.estrategiaconcursos.com.br\/blog\/novo-edital-concurso-prefeitura-santana-de-parnaiba\/\"},\"author\":{\"name\":\"Vinicius Silva\",\"@id\":\"https:\/\/www.estrategiaconcursos.com.br\/blog\/#\/schema\/person\/20030622a981f9a942ad6b3561fe4ca4\"},\"headline\":\"Inscri\u00e7\u00f5es do concurso Prefeitura Santana de Parna\u00edba est\u00e3o encerradas!\",\"datePublished\":\"2020-03-09T03:31:59+00:00\",\"dateModified\":\"2020-03-10T12:33:48+00:00\",\"mainEntityOfPage\":{\"@id\":\"https:\/\/www.estrategiaconcursos.com.br\/blog\/novo-edital-concurso-prefeitura-santana-de-parnaiba\/\"},\"wordCount\":908,\"commentCount\":0,\"publisher\":{\"@id\":\"https:\/\/www.estrategiaconcursos.com.br\/blog\/#organization\"},\"image\":{\"@id\":\"https:\/\/www.estrategiaconcursos.com.br\/blog\/novo-edital-concurso-prefeitura-santana-de-parnaiba\/#primaryimage\"},\"thumbnailUrl\":\"https:\/\/dhg1h5j42swfq.cloudfront.net\/2019\/11\/05113836\/Saiu-Edital-7.png\",\"articleSection\":[\"Concursos P\u00fablicos\"],\"inLanguage\":\"pt-BR\",\"potentialAction\":[{\"@type\":\"CommentAction\",\"name\":\"Comment\",\"target\":[\"https:\/\/www.estrategiaconcursos.com.br\/blog\/novo-edital-concurso-prefeitura-santana-de-parnaiba\/#respond\"]}],\"copyrightYear\":\"2020\",\"copyrightHolder\":{\"@id\":\"https:\/\/www.estrategiaconcursos.com.br\/blog\/#organization\"}},{\"@type\":\"WebPage\",\"@id\":\"https:\/\/www.estrategiaconcursos.com.br\/blog\/novo-edital-concurso-prefeitura-santana-de-parnaiba\/\",\"url\":\"https:\/\/www.estrategiaconcursos.com.br\/blog\/novo-edital-concurso-prefeitura-santana-de-parnaiba\/\",\"name\":\"Inscri\u00e7\u00f5es do concurso Prefeitura Santana de Parna\u00edba est\u00e3o encerradas!\",\"isPartOf\":{\"@id\":\"https:\/\/www.estrategiaconcursos.com.br\/blog\/#website\"},\"primaryImageOfPage\":{\"@id\":\"https:\/\/www.estrategiaconcursos.com.br\/blog\/novo-edital-concurso-prefeitura-santana-de-parnaiba\/#primaryimage\"},\"image\":{\"@id\":\"https:\/\/www.estrategiaconcursos.com.br\/blog\/novo-edital-concurso-prefeitura-santana-de-parnaiba\/#primaryimage\"},\"thumbnailUrl\":\"https:\/\/dhg1h5j42swfq.cloudfront.net\/2019\/11\/05113836\/Saiu-Edital-7.png\",\"datePublished\":\"2020-03-09T03:31:59+00:00\",\"dateModified\":\"2020-03-10T12:33:48+00:00\",\"breadcrumb\":{\"@id\":\"https:\/\/www.estrategiaconcursos.com.br\/blog\/novo-edital-concurso-prefeitura-santana-de-parnaiba\/#breadcrumb\"},\"inLanguage\":\"pt-BR\",\"potentialAction\":[{\"@type\":\"ReadAction\",\"target\":[\"https:\/\/www.estrategiaconcursos.com.br\/blog\/novo-edital-concurso-prefeitura-santana-de-parnaiba\/\"]}]},{\"@type\":\"ImageObject\",\"inLanguage\":\"pt-BR\",\"@id\":\"https:\/\/www.estrategiaconcursos.com.br\/blog\/novo-edital-concurso-prefeitura-santana-de-parnaiba\/#primaryimage\",\"url\":\"https:\/\/dhg1h5j42swfq.cloudfront.net\/2019\/11\/05113836\/Saiu-Edital-7.png\",\"contentUrl\":\"https:\/\/dhg1h5j42swfq.cloudfront.net\/2019\/11\/05113836\/Saiu-Edital-7.png\",\"width\":1200,\"height\":628,\"caption\":\"processo seletivo agu\"},{\"@type\":\"BreadcrumbList\",\"@id\":\"https:\/\/www.estrategiaconcursos.com.br\/blog\/novo-edital-concurso-prefeitura-santana-de-parnaiba\/#breadcrumb\",\"itemListElement\":[{\"@type\":\"ListItem\",\"position\":1,\"name\":\"In\u00edcio\",\"item\":\"https:\/\/www.estrategiaconcursos.com.br\/blog\/\"},{\"@type\":\"ListItem\",\"position\":2,\"name\":\"Inscri\u00e7\u00f5es do concurso Prefeitura Santana de Parna\u00edba est\u00e3o encerradas!\"}]},{\"@type\":\"WebSite\",\"@id\":\"https:\/\/www.estrategiaconcursos.com.br\/blog\/#website\",\"url\":\"https:\/\/www.estrategiaconcursos.com.br\/blog\/\",\"name\":\"Estrat\u00e9gia Concursos\",\"description\":\"O blog da Estrat\u00e9gia Concursos traz not\u00edcias sobre concursos e artigos de professores oferecendo cursos para concursos (pdf + videaulas) no site.\",\"publisher\":{\"@id\":\"https:\/\/www.estrategiaconcursos.com.br\/blog\/#organization\"},\"potentialAction\":[{\"@type\":\"SearchAction\",\"target\":{\"@type\":\"EntryPoint\",\"urlTemplate\":\"https:\/\/www.estrategiaconcursos.com.br\/blog\/?s={search_term_string}\"},\"query-input\":{\"@type\":\"PropertyValueSpecification\",\"valueRequired\":true,\"valueName\":\"search_term_string\"}}],\"inLanguage\":\"pt-BR\"},{\"@type\":\"Organization\",\"@id\":\"https:\/\/www.estrategiaconcursos.com.br\/blog\/#organization\",\"name\":\"Estrat\u00e9gia Concursos\",\"url\":\"https:\/\/www.estrategiaconcursos.com.br\/blog\/\",\"logo\":{\"@type\":\"ImageObject\",\"inLanguage\":\"pt-BR\",\"@id\":\"https:\/\/www.estrategiaconcursos.com.br\/blog\/#\/schema\/logo\/image\/\",\"url\":\"https:\/\/dhg1h5j42swfq.cloudfront.net\/2025\/06\/03203428\/logo_concursos-1.jpg\",\"contentUrl\":\"https:\/\/dhg1h5j42swfq.cloudfront.net\/2025\/06\/03203428\/logo_concursos-1.jpg\",\"width\":230,\"height\":60,\"caption\":\"Estrat\u00e9gia Concursos\"},\"image\":{\"@id\":\"https:\/\/www.estrategiaconcursos.com.br\/blog\/#\/schema\/logo\/image\/\"},\"sameAs\":[\"https:\/\/x.com\/EstratConcursos\"]},{\"@type\":\"Person\",\"@id\":\"https:\/\/www.estrategiaconcursos.com.br\/blog\/#\/schema\/person\/20030622a981f9a942ad6b3561fe4ca4\",\"name\":\"Vinicius Silva\",\"image\":{\"@type\":\"ImageObject\",\"inLanguage\":\"pt-BR\",\"@id\":\"https:\/\/secure.gravatar.com\/avatar\/604d9670a4c7eea71feaa4381f3ae97e148292ac402671c5944aa67a3d127663?s=96&d=mm&r=g\",\"url\":\"https:\/\/secure.gravatar.com\/avatar\/604d9670a4c7eea71feaa4381f3ae97e148292ac402671c5944aa67a3d127663?s=96&d=mm&r=g\",\"contentUrl\":\"https:\/\/secure.gravatar.com\/avatar\/604d9670a4c7eea71feaa4381f3ae97e148292ac402671c5944aa67a3d127663?s=96&d=mm&r=g\",\"caption\":\"Vinicius Silva\"},\"url\":\"https:\/\/www.estrategiaconcursos.com.br\/blog\/author\/viniciussilvaestrategiaconcursos-com-br\/\"}]}<\/script>\n<!-- \/ Yoast SEO Premium plugin. -->","yoast_head_json":{"title":"Inscri\u00e7\u00f5es do concurso Prefeitura Santana de Parna\u00edba est\u00e3o encerradas!","robots":{"index":"index","follow":"follow","max-snippet":"max-snippet:-1","max-image-preview":"max-image-preview:large","max-video-preview":"max-video-preview:-1"},"canonical":"https:\/\/www.estrategiaconcursos.com.br\/blog\/novo-edital-concurso-prefeitura-santana-de-parnaiba\/","og_locale":"pt_BR","og_type":"article","og_title":"Inscri\u00e7\u00f5es do concurso Prefeitura Santana de Parna\u00edba est\u00e3o encerradas!","og_description":"As inscri\u00e7\u00f5es do concurso p\u00fablico da Prefeitura Municipal de Santana de Parna\u00edba, Estado de S\u00e3o Paulo, est\u00e3o encerradas. S\u00e3o ofertadas 14 vagas imediatas e forma\u00e7\u00e3o de cadastro reserva, distribu\u00eddas entre cargos de n\u00edvel alfabetizado, fundamental, m\u00e9dio, t\u00e9cnico e superior. Agora, o pr\u00f3ximo passo para os candidatos inscritos no certame \u00e9 a realiza\u00e7\u00e3o das provas objetivas [&hellip;]","og_url":"https:\/\/www.estrategiaconcursos.com.br\/blog\/novo-edital-concurso-prefeitura-santana-de-parnaiba\/","og_site_name":"Estrat\u00e9gia Concursos","article_published_time":"2020-03-09T03:31:59+00:00","article_modified_time":"2020-03-10T12:33:48+00:00","og_image":[{"width":1200,"height":628,"url":"https:\/\/dhg1h5j42swfq.cloudfront.net\/2019\/11\/05113836\/Saiu-Edital-7.png","type":"image\/png"}],"author":"Vinicius Silva","twitter_card":"summary_large_image","twitter_creator":"@EstratConcursos","twitter_site":"@EstratConcursos","twitter_misc":{"Escrito por":"Vinicius Silva","Est. tempo de leitura":"4 minutos"},"schema":{"@context":"https:\/\/schema.org","@graph":[{"@type":"NewsArticle","@id":"https:\/\/www.estrategiaconcursos.com.br\/blog\/novo-edital-concurso-prefeitura-santana-de-parnaiba\/#article","isPartOf":{"@id":"https:\/\/www.estrategiaconcursos.com.br\/blog\/novo-edital-concurso-prefeitura-santana-de-parnaiba\/"},"author":{"name":"Vinicius Silva","@id":"https:\/\/www.estrategiaconcursos.com.br\/blog\/#\/schema\/person\/20030622a981f9a942ad6b3561fe4ca4"},"headline":"Inscri\u00e7\u00f5es do concurso Prefeitura Santana de Parna\u00edba est\u00e3o encerradas!","datePublished":"2020-03-09T03:31:59+00:00","dateModified":"2020-03-10T12:33:48+00:00","mainEntityOfPage":{"@id":"https:\/\/www.estrategiaconcursos.com.br\/blog\/novo-edital-concurso-prefeitura-santana-de-parnaiba\/"},"wordCount":908,"commentCount":0,"publisher":{"@id":"https:\/\/www.estrategiaconcursos.com.br\/blog\/#organization"},"image":{"@id":"https:\/\/www.estrategiaconcursos.com.br\/blog\/novo-edital-concurso-prefeitura-santana-de-parnaiba\/#primaryimage"},"thumbnailUrl":"https:\/\/dhg1h5j42swfq.cloudfront.net\/2019\/11\/05113836\/Saiu-Edital-7.png","articleSection":["Concursos P\u00fablicos"],"inLanguage":"pt-BR","potentialAction":[{"@type":"CommentAction","name":"Comment","target":["https:\/\/www.estrategiaconcursos.com.br\/blog\/novo-edital-concurso-prefeitura-santana-de-parnaiba\/#respond"]}],"copyrightYear":"2020","copyrightHolder":{"@id":"https:\/\/www.estrategiaconcursos.com.br\/blog\/#organization"}},{"@type":"WebPage","@id":"https:\/\/www.estrategiaconcursos.com.br\/blog\/novo-edital-concurso-prefeitura-santana-de-parnaiba\/","url":"https:\/\/www.estrategiaconcursos.com.br\/blog\/novo-edital-concurso-prefeitura-santana-de-parnaiba\/","name":"Inscri\u00e7\u00f5es do concurso Prefeitura Santana de Parna\u00edba est\u00e3o encerradas!","isPartOf":{"@id":"https:\/\/www.estrategiaconcursos.com.br\/blog\/#website"},"primaryImageOfPage":{"@id":"https:\/\/www.estrategiaconcursos.com.br\/blog\/novo-edital-concurso-prefeitura-santana-de-parnaiba\/#primaryimage"},"image":{"@id":"https:\/\/www.estrategiaconcursos.com.br\/blog\/novo-edital-concurso-prefeitura-santana-de-parnaiba\/#primaryimage"},"thumbnailUrl":"https:\/\/dhg1h5j42swfq.cloudfront.net\/2019\/11\/05113836\/Saiu-Edital-7.png","datePublished":"2020-03-09T03:31:59+00:00","dateModified":"2020-03-10T12:33:48+00:00","breadcrumb":{"@id":"https:\/\/www.estrategiaconcursos.com.br\/blog\/novo-edital-concurso-prefeitura-santana-de-parnaiba\/#breadcrumb"},"inLanguage":"pt-BR","potentialAction":[{"@type":"ReadAction","target":["https:\/\/www.estrategiaconcursos.com.br\/blog\/novo-edital-concurso-prefeitura-santana-de-parnaiba\/"]}]},{"@type":"ImageObject","inLanguage":"pt-BR","@id":"https:\/\/www.estrategiaconcursos.com.br\/blog\/novo-edital-concurso-prefeitura-santana-de-parnaiba\/#primaryimage","url":"https:\/\/dhg1h5j42swfq.cloudfront.net\/2019\/11\/05113836\/Saiu-Edital-7.png","contentUrl":"https:\/\/dhg1h5j42swfq.cloudfront.net\/2019\/11\/05113836\/Saiu-Edital-7.png","width":1200,"height":628,"caption":"processo seletivo agu"},{"@type":"BreadcrumbList","@id":"https:\/\/www.estrategiaconcursos.com.br\/blog\/novo-edital-concurso-prefeitura-santana-de-parnaiba\/#breadcrumb","itemListElement":[{"@type":"ListItem","position":1,"name":"In\u00edcio","item":"https:\/\/www.estrategiaconcursos.com.br\/blog\/"},{"@type":"ListItem","position":2,"name":"Inscri\u00e7\u00f5es do concurso Prefeitura Santana de Parna\u00edba est\u00e3o encerradas!"}]},{"@type":"WebSite","@id":"https:\/\/www.estrategiaconcursos.com.br\/blog\/#website","url":"https:\/\/www.estrategiaconcursos.com.br\/blog\/","name":"Estrat\u00e9gia Concursos","description":"O blog da Estrat\u00e9gia Concursos traz not\u00edcias sobre concursos e artigos de professores oferecendo cursos para concursos (pdf + videaulas) no site.","publisher":{"@id":"https:\/\/www.estrategiaconcursos.com.br\/blog\/#organization"},"potentialAction":[{"@type":"SearchAction","target":{"@type":"EntryPoint","urlTemplate":"https:\/\/www.estrategiaconcursos.com.br\/blog\/?s={search_term_string}"},"query-input":{"@type":"PropertyValueSpecification","valueRequired":true,"valueName":"search_term_string"}}],"inLanguage":"pt-BR"},{"@type":"Organization","@id":"https:\/\/www.estrategiaconcursos.com.br\/blog\/#organization","name":"Estrat\u00e9gia Concursos","url":"https:\/\/www.estrategiaconcursos.com.br\/blog\/","logo":{"@type":"ImageObject","inLanguage":"pt-BR","@id":"https:\/\/www.estrategiaconcursos.com.br\/blog\/#\/schema\/logo\/image\/","url":"https:\/\/dhg1h5j42swfq.cloudfront.net\/2025\/06\/03203428\/logo_concursos-1.jpg","contentUrl":"https:\/\/dhg1h5j42swfq.cloudfront.net\/2025\/06\/03203428\/logo_concursos-1.jpg","width":230,"height":60,"caption":"Estrat\u00e9gia Concursos"},"image":{"@id":"https:\/\/www.estrategiaconcursos.com.br\/blog\/#\/schema\/logo\/image\/"},"sameAs":["https:\/\/x.com\/EstratConcursos"]},{"@type":"Person","@id":"https:\/\/www.estrategiaconcursos.com.br\/blog\/#\/schema\/person\/20030622a981f9a942ad6b3561fe4ca4","name":"Vinicius Silva","image":{"@type":"ImageObject","inLanguage":"pt-BR","@id":"https:\/\/secure.gravatar.com\/avatar\/604d9670a4c7eea71feaa4381f3ae97e148292ac402671c5944aa67a3d127663?s=96&d=mm&r=g","url":"https:\/\/secure.gravatar.com\/avatar\/604d9670a4c7eea71feaa4381f3ae97e148292ac402671c5944aa67a3d127663?s=96&d=mm&r=g","contentUrl":"https:\/\/secure.gravatar.com\/avatar\/604d9670a4c7eea71feaa4381f3ae97e148292ac402671c5944aa67a3d127663?s=96&d=mm&r=g","caption":"Vinicius Silva"},"url":"https:\/\/www.estrategiaconcursos.com.br\/blog\/author\/viniciussilvaestrategiaconcursos-com-br\/"}]}},"_links":{"self":[{"href":"https:\/\/www.estrategiaconcursos.com.br\/blog\/wp-json\/wp\/v2\/posts\/476477","targetHints":{"allow":["GET"]}}],"collection":[{"href":"https:\/\/www.estrategiaconcursos.com.br\/blog\/wp-json\/wp\/v2\/posts"}],"about":[{"href":"https:\/\/www.estrategiaconcursos.com.br\/blog\/wp-json\/wp\/v2\/types\/post"}],"author":[{"embeddable":true,"href":"https:\/\/www.estrategiaconcursos.com.br\/blog\/wp-json\/wp\/v2\/users\/93"}],"replies":[{"embeddable":true,"href":"https:\/\/www.estrategiaconcursos.com.br\/blog\/wp-json\/wp\/v2\/comments?post=476477"}],"version-history":[{"count":9,"href":"https:\/\/www.estrategiaconcursos.com.br\/blog\/wp-json\/wp\/v2\/posts\/476477\/revisions"}],"predecessor-version":[{"id":490394,"href":"https:\/\/www.estrategiaconcursos.com.br\/blog\/wp-json\/wp\/v2\/posts\/476477\/revisions\/490394"}],"wp:featuredmedia":[{"embeddable":true,"href":"https:\/\/www.estrategiaconcursos.com.br\/blog\/wp-json\/wp\/v2\/media\/444274"}],"wp:attachment":[{"href":"https:\/\/www.estrategiaconcursos.com.br\/blog\/wp-json\/wp\/v2\/media?parent=476477"}],"wp:term":[{"taxonomy":"category","embeddable":true,"href":"https:\/\/www.estrategiaconcursos.com.br\/blog\/wp-json\/wp\/v2\/categories?post=476477"},{"taxonomy":"post_tag","embeddable":true,"href":"https:\/\/www.estrategiaconcursos.com.br\/blog\/wp-json\/wp\/v2\/tags?post=476477"},{"taxonomy":"tax_estado","embeddable":true,"href":"https:\/\/www.estrategiaconcursos.com.br\/blog\/wp-json\/wp\/v2\/tax_estado?post=476477"}],"curies":[{"name":"wp","href":"https:\/\/api.w.org\/{rel}","templated":true}]}}