{"id":476419,"date":"2020-02-05T18:23:49","date_gmt":"2020-02-05T21:23:49","guid":{"rendered":"https:\/\/www.estrategiaconcursos.com.br\/blog\/?p=476419"},"modified":"2020-02-05T21:13:55","modified_gmt":"2020-02-06T00:13:55","slug":"nao-ha-recurso-alap-em-historia-para-tecnico-legislativo","status":"publish","type":"post","link":"https:\/\/www.estrategiaconcursos.com.br\/blog\/nao-ha-recurso-alap-em-historia-para-tecnico-legislativo\/","title":{"rendered":"N\u00e3o H\u00e1 Recurso ALAP em Hist\u00f3ria para t\u00e9cnico legislativo"},"content":{"rendered":"<p><span style=\"color: #000080\">N\u00e3o H\u00e1 Recurso ALAP em Hist\u00f3ria e Geografia. O exame realmente surpreendeu pelo alto n\u00edvel de dificuldade das quest\u00f5es, que foram elaboradas com muita qualidade e atualidade. Certamente um dos melhores exames feitos pela FC para o Amap\u00e1.<\/span><br \/>\n<span style=\"color: #000080\">Est\u00e1 chovendo pedidos para que fa\u00e7a uma an\u00e1lise e identificar um poss\u00edvel recurso\u00a0 recurso ALAP em Hist\u00f3ria, disciplina que pegou todos os concurseiros e professores, por tratar-se de assunto importante, mas que foi abordado pela primeira vez em provas, e n\u00e3o era abordagem esperada. Quer dizer que a banca fez um excelente trabalho.\u00a0<\/span><\/p>\n<p><strong><span style=\"color: #000080\">Veja por que n\u00e3o h\u00e1 Recurso ALAP em Hist\u00f3ria.<\/span><\/strong><\/p>\n<p>(<strong>FCC \u2013 ALAP \u2013 T\u00e9cnico Legislativo \/2020)<\/strong><br \/>\nAs rela\u00e7\u00f5es entre Amap\u00e1 e Guiana Francesa foram permeadas por tens\u00f5es que, no s\u00e9culo XX, ocorreram quando<br \/>\nA) o Amap\u00e1 tornou-se um estado brasileiro, justamente em um momento em que a Fran\u00e7a negociava a sua anexa\u00e7\u00e3o \u00e0 Guiana.<br \/>\nB) a Fran\u00e7a foi ocupada pelos nazistas e os Estados Unidos constru\u00edram uma Base a\u00e9rea no Amap\u00e1, durante a II Guerra Mundial.<br \/>\nC) o Brasil ocupou a Guiana Francesa, sob as ordens do Bar\u00e3o do Rio Branco, no contexto da anexa\u00e7\u00e3o do Acre.<br \/>\nD) a ponte sobre o rio Oiapoque foi constru\u00edda pelo governo brasileiro, sem o consentimento da Guiana Francesa.<br \/>\nE) a Guiana Francesa foi proibida pelo governo brasileiro de praticar a pesca e a navega\u00e7\u00e3o no rio Oiapoque.<\/p>\n<p><strong><span style=\"color: #000080\">Fique de olho nos temas ligados \u00e0 diplomacia com a Fran\u00e7a: principais temas nos concursos:<\/span><\/strong><\/p>\n<p><span style=\"color: #000080\">&#8211; Tratado de Utrecht<\/span><br \/>\n<span style=\"color: #000080\">&#8211; Intrus\u00e3o Franco-Brasileira<\/span><br \/>\n<span style=\"color: #000080\">&#8211; Contestado Franco-Brasileiro \u2013 Bar\u00e3o do Rio Branco\u00a0a presen\u00e7a militar dos Estados Unidos durante a Segunda Guerra Mundial, A Guerra da Lagosta e do Camar\u00e3o, em que Franca e Brasil movimentaram\u00a0 suas marinhas de Guerra pr\u00f3ximos a foz do Oiapoque.<\/span><\/p>\n<p><span style=\"color: #000080\"><strong>EUA \u2013 Base na foz do Amazonas: Par\u00e1 e Amap\u00e1<\/strong><\/span><\/p>\n<p><span style=\"color: #000080\">Durante a Segunda Guerra Mundial o Brasil era governado por Get\u00falio Vargas em seu per\u00edodo ditatorial de 1937 a 1945, o Estado Novo. Vargas negociava com os Estados Unidos e Alemanha ao mesmo tempo. Os norte americanos se aproximaram com a pol\u00edtica da Boa Vizinhan\u00e7a, e al\u00e9m do financiamento da Usina de Volta Redonda, foi um momento de produ\u00e7\u00f5es cinematogr\u00e1ficas que aproximavam os pa\u00edses, como os filmes da Disney. Os norte americanos usaram o litoral brasileiro como as principais bases fora de seu territ\u00f3rio. Das bases brasileiras partiam as frotas e avi\u00f5es para combater na \u00c1frica e Europa. Foram constru\u00eddas a Base de Natal, e bases de apoio em Recife, Bel\u00e9m e no munic\u00edpio de Macap\u00e1.<\/span><\/p>\n<p><img loading=\"lazy\" decoding=\"async\" class=\"aligncenter  wp-image-478321\" src=\"https:\/\/dhg1h5j42swfq.cloudfront.net\/2020\/02\/05181628\/recurso-ALAP-300x239.png\" alt=\"\" width=\"362\" height=\"288\" srcset=\"https:\/\/dhg1h5j42swfq.cloudfront.net\/2020\/02\/05181628\/recurso-ALAP-300x239.png 300w, https:\/\/dhg1h5j42swfq.cloudfront.net\/2020\/02\/05181628\/recurso-ALAP.png 550w\" sizes=\"auto, (max-width: 362px) 100vw, 362px\" \/><\/p>\n<p><span style=\"color: #000080\">No contexto de Guerra, Vargas realizou v\u00e1rias a\u00e7\u00f5es geopol\u00edticas para a Defesa de Nosso Territ\u00f3rio, como a cria\u00e7\u00e3o do territ\u00f3rio do Amap\u00e1 em 1943,<\/span> <span style=\"color: #000080\">onde estava sendo constru\u00edda a base dos Estados Unidos desde 1941. A capital do Territ\u00f3rio era Amap\u00e1, onde fora constru\u00edda a base que era para defender o territ\u00f3rio amaz\u00f4nico e servir de base de apoio \u00e0s opera\u00e7\u00f5es dos aliados nas Am\u00e9ricas. Foi tamb\u00e9m quando foi realizada as opera\u00e7\u00f5es do segundo ciclo da borracha, quando Vargas alistava os nordestinos flagelados pela seca e alistavam em miss\u00e3o, e eram enviados para os seringais, os \u201cSoldados da Borracha\u201d. Hoje sabemos que era um ponto estrat\u00e9gico de interesse da Alemanha nazista colonizar a Am\u00e9rica do Sul e um dos pontos mais sens\u00edveis, era justamente a foz do Amazonas. Foram encontradas expedi\u00e7\u00f5es de alem\u00e3es nazistas na Amaz\u00f4nia, e era fundamental defender a Amaz\u00f4nia, em sua fronteira com a Guiana Francesa e a Foz do \u201cMar Dulce\u201d, como fora batizado pelo navegador espanhol Vicente Pinzon.<\/span><\/p>\n<p><span style=\"color: #000080\"><strong>Gabarito: B<\/strong><\/span><\/p>\n<p>19. (FCC \u2013 ALAP \u2013 T\u00e9cnico Legislativo \/2020)<br \/>\nConforme a Constitui\u00e7\u00e3o Federal de 1967, durante o per\u00edodo do regime militar, o governo do territ\u00f3rio do Amap\u00e1 deveria ser constitu\u00eddo por<br \/>\nA) um general escolhido pela Assembleia estadual e referendado pelo Congresso nacional.<br \/>\nB) uma junta militar nomeada pela alta c\u00fapula das For\u00e7as Armadas.<br \/>\nC) um representante eleito, no Par\u00e1, por meio de elei\u00e7\u00f5es indiretas.<br \/>\nD) um governador nomeado pelo Presidente da Rep\u00fablica, depois de aprovado pelo Senado.<br \/>\nE) um interventor federal indicado pelo Minist\u00e9rio do Interior<\/p>\n<p><span style=\"color: #000080\">Quando foi desmembrado do Par\u00e1 e criado o Territ\u00f3rio Federal do Amap\u00e1 em 1943, o objetivo era a defesa e a centraliza\u00e7\u00e3o da administra\u00e7\u00e3o do territ\u00f3rio amaz\u00f4nico. Para gerir um territ\u00f3rio grande, pouco povoado e na foz o Amazonas, a escolha da administra\u00e7\u00e3o p\u00fablica era centralizada no presidente. Os territ\u00f3rios federais criados na \u00e9poca, at\u00e9 serem transformados em estados pela constitui\u00e7\u00e3o de 1988 eram centralizados pelo governo federal, e o governador do territ\u00f3rio era indicado pelo presidente. Ap\u00f3s a redemocratiza\u00e7\u00e3o do pa\u00eds pela constitui\u00e7\u00e3o de 1946 a escolha continuava prerrogativa do presidente, e deveria ser aprovada pelo congresso \u2013 Senado Federal, dispositivo constitucional mantido na constitui\u00e7\u00e3o de 1967.<\/span><\/p>\n<p><strong><span style=\"color: #000080\">Gabarito: D<\/span><\/strong><\/p>\n<p><strong>20. (FCC \u2013 ALAP \u2013 T\u00e9cnico Legislativo \/2020)<\/strong><br \/>\nAntes da cria\u00e7\u00e3o do Territ\u00f3rio Federal do Amap\u00e1, houve tentativas de cria\u00e7\u00e3o de uma prov\u00edncia separada do Gr\u00e3o Par\u00e1, com sede administrativa em Macap\u00e1, tal como a proposta de<br \/>\nA) vincula\u00e7\u00e3o do Amap\u00e1 ao Maranh\u00e3o, considerando as rotas comerciais mar\u00edtimas existentes e as afinidades pol\u00edticas entre as elites das duas localidades, na \u00e9poca do Imp\u00e9rio.<br \/>\nB) associa\u00e7\u00e3o do Amap\u00e1 \u00e0 Guiana Francesa e ao Suriname, numa confedera\u00e7\u00e3o governada pelos brasileiros a partir da capital amapaense e em regime republicano.<br \/>\nC) fus\u00e3o do Amap\u00e1 com Roraima e o norte do Par\u00e1, de modo a criar um estado compat\u00edvel, em \u00e1rea, aos tamanhos com que ficariam o Par\u00e1 e o Amazonas.<br \/>\nD) funda\u00e7\u00e3o de uma prov\u00edncia desvinculada da Regi\u00e3o Norte, idealizada pelo Bar\u00e3o do Rio Branco, cuja administra\u00e7\u00e3o se daria tal como a estabelecida no Acre.<br \/>\nE) cria\u00e7\u00e3o da Prov\u00edncia de Oiap\u00f3kya, pelo deputado C\u00e2ndido Mendes, por\u00e9m rejeitada pela Assembleia Geral do Imp\u00e9rio do Brasil.<br \/>\n<span style=\"color: #000080\">A fam\u00edlia Mendes \u00e9 descendente de militares portugueses que vieram para o Brasil no contexto da transfer\u00eancia da corte portuguesa para o Rio de Janeiro. O pai dos do pol\u00edtico e intelectual maranhense radicou-se no munic\u00edpio de Caxias em 1816.Candido Mendes de Almeida foi deputado e senador pela prov\u00edncia do Maranh\u00e3o. \u00c9 importante lembrar que o senado era um cargo da mais alta estatura intelectual e pol\u00edtica, de homens escolhidos \u00e0 dedo pelo imperador Pedro II. A principal prov\u00edncia amaz\u00f4nica era a prov\u00edncia do Gr\u00e3o Par\u00e1 e do Maranh\u00e3o, em que o pensamento pol\u00edtico liberal era bastante presente, e corriam ideias federalistas, republicanas e separatistas. C\u00e2ndido Mendes defendeu no congresso a proposta de cria\u00e7\u00e3o de uma prov\u00edncia independente do Gr\u00e3o Par\u00e1. Aten\u00e7\u00e3o, pois n\u00e3o defendia a separa\u00e7\u00e3o do Amap\u00e1 \u2013 Territ\u00f3rio do Oyapoque, do Brasil, mas do Gr\u00e3o Par\u00e1, ou seja, pretendia maior autonomia administrativa. Em 1835 eclodiu a Cabanagem, que foi uma revolta popular, contra a situa\u00e7\u00e3o social da prov\u00edncia, abastecimento prec\u00e1rio e desmandos das autoridades portuguesas. Foi popular, separatista e chegaram a tomar a capital, mas foram duramente repelidos Lu\u00eds Alves de Lima e Silva, o futuro Duque de Caxias.<\/span><br \/>\n<span style=\"color: #000080\"><strong>Gabarito: E<\/strong><\/span><\/p>\n","protected":false},"excerpt":{"rendered":"<p>N\u00e3o H\u00e1 Recurso ALAP em Hist\u00f3ria e Geografia. O exame realmente surpreendeu pelo alto n\u00edvel de dificuldade das quest\u00f5es, que foram elaboradas com muita qualidade e atualidade. Certamente um dos melhores exames feitos pela FC para o Amap\u00e1. Est\u00e1 chovendo pedidos para que fa\u00e7a uma an\u00e1lise e identificar um poss\u00edvel recurso\u00a0 recurso ALAP em Hist\u00f3ria, [&hellip;]<\/p>\n","protected":false},"author":322,"featured_media":0,"comment_status":"open","ping_status":"closed","sticky":false,"template":"","format":"standard","meta":{"post_tipo":"article","footnotes":""},"categories":[1],"tags":[],"tax_estado":[],"class_list":["post-476419","post","type-post","status-publish","format-standard","hentry","category-cursos-e-concursos"],"acf":[],"yoast_head":"<!-- This site is optimized with the Yoast SEO Premium plugin v27.2 (Yoast SEO v27.2) - https:\/\/yoast.com\/product\/yoast-seo-premium-wordpress\/ -->\n<title>N\u00e3o H\u00e1 Recurso ALAP em Hist\u00f3ria para t\u00e9cnico legislativo recurso ALAP<\/title>\n<meta name=\"description\" content=\"N\u00e3o H\u00e1 Recurso ALAP em Hist\u00f3ria e Geografia. O exame realmente surpreendeu pelo alto n\u00edvel de dificuldade das quest\u00f5es, que foram elaboradas com muita quali\" \/>\n<meta name=\"robots\" content=\"index, follow, max-snippet:-1, max-image-preview:large, max-video-preview:-1\" \/>\n<link rel=\"canonical\" href=\"https:\/\/www.estrategiaconcursos.com.br\/blog\/nao-ha-recurso-alap-em-historia-para-tecnico-legislativo\/\" \/>\n<meta property=\"og:locale\" content=\"pt_BR\" \/>\n<meta property=\"og:type\" content=\"article\" \/>\n<meta property=\"og:title\" content=\"N\u00e3o H\u00e1 Recurso ALAP em Hist\u00f3ria para t\u00e9cnico legislativo\" \/>\n<meta property=\"og:description\" content=\"N\u00e3o H\u00e1 Recurso ALAP em Hist\u00f3ria e Geografia. O exame realmente surpreendeu pelo alto n\u00edvel de dificuldade das quest\u00f5es, que foram elaboradas com muita quali\" \/>\n<meta property=\"og:url\" content=\"https:\/\/www.estrategiaconcursos.com.br\/blog\/nao-ha-recurso-alap-em-historia-para-tecnico-legislativo\/\" \/>\n<meta property=\"og:site_name\" content=\"Estrat\u00e9gia Concursos\" \/>\n<meta property=\"article:published_time\" content=\"2020-02-05T21:23:49+00:00\" \/>\n<meta property=\"article:modified_time\" content=\"2020-02-06T00:13:55+00:00\" \/>\n<meta property=\"og:image\" content=\"https:\/\/www.estrategiaconcursos.com.br\/blog\/wp-content\/uploads\/2020\/02\/recurso-ALAP-300x239.png\" \/>\n<meta name=\"author\" content=\"Sergio Henrique\" \/>\n<meta name=\"twitter:card\" content=\"summary_large_image\" \/>\n<meta name=\"twitter:creator\" content=\"@EstratConcursos\" \/>\n<meta name=\"twitter:site\" content=\"@EstratConcursos\" \/>\n<meta name=\"twitter:label1\" content=\"Escrito por\" \/>\n\t<meta name=\"twitter:data1\" content=\"Sergio Henrique\" \/>\n\t<meta name=\"twitter:label2\" content=\"Est. tempo de leitura\" \/>\n\t<meta name=\"twitter:data2\" content=\"6 minutos\" \/>\n<script type=\"application\/ld+json\" class=\"yoast-schema-graph\">{\"@context\":\"https:\/\/schema.org\",\"@graph\":[{\"@type\":\"NewsArticle\",\"@id\":\"https:\/\/www.estrategiaconcursos.com.br\/blog\/nao-ha-recurso-alap-em-historia-para-tecnico-legislativo\/#article\",\"isPartOf\":{\"@id\":\"https:\/\/www.estrategiaconcursos.com.br\/blog\/nao-ha-recurso-alap-em-historia-para-tecnico-legislativo\/\"},\"author\":{\"name\":\"Sergio Henrique\",\"@id\":\"https:\/\/www.estrategiaconcursos.com.br\/blog\/#\/schema\/person\/d18952c4e9d57a78a6caea1fc8412aca\"},\"headline\":\"N\u00e3o H\u00e1 Recurso ALAP em Hist\u00f3ria para t\u00e9cnico legislativo\",\"datePublished\":\"2020-02-05T21:23:49+00:00\",\"dateModified\":\"2020-02-06T00:13:55+00:00\",\"mainEntityOfPage\":{\"@id\":\"https:\/\/www.estrategiaconcursos.com.br\/blog\/nao-ha-recurso-alap-em-historia-para-tecnico-legislativo\/\"},\"wordCount\":1255,\"commentCount\":2,\"publisher\":{\"@id\":\"https:\/\/www.estrategiaconcursos.com.br\/blog\/#organization\"},\"image\":{\"@id\":\"https:\/\/www.estrategiaconcursos.com.br\/blog\/nao-ha-recurso-alap-em-historia-para-tecnico-legislativo\/#primaryimage\"},\"thumbnailUrl\":\"https:\/\/www.estrategiaconcursos.com.br\/blog\/wp-content\/uploads\/2020\/02\/recurso-ALAP-300x239.png\",\"articleSection\":[\"Concursos P\u00fablicos\"],\"inLanguage\":\"pt-BR\",\"potentialAction\":[{\"@type\":\"CommentAction\",\"name\":\"Comment\",\"target\":[\"https:\/\/www.estrategiaconcursos.com.br\/blog\/nao-ha-recurso-alap-em-historia-para-tecnico-legislativo\/#respond\"]}],\"copyrightYear\":\"2020\",\"copyrightHolder\":{\"@id\":\"https:\/\/www.estrategiaconcursos.com.br\/blog\/#organization\"}},{\"@type\":\"WebPage\",\"@id\":\"https:\/\/www.estrategiaconcursos.com.br\/blog\/nao-ha-recurso-alap-em-historia-para-tecnico-legislativo\/\",\"url\":\"https:\/\/www.estrategiaconcursos.com.br\/blog\/nao-ha-recurso-alap-em-historia-para-tecnico-legislativo\/\",\"name\":\"N\u00e3o H\u00e1 Recurso ALAP em Hist\u00f3ria para t\u00e9cnico legislativo recurso ALAP\",\"isPartOf\":{\"@id\":\"https:\/\/www.estrategiaconcursos.com.br\/blog\/#website\"},\"primaryImageOfPage\":{\"@id\":\"https:\/\/www.estrategiaconcursos.com.br\/blog\/nao-ha-recurso-alap-em-historia-para-tecnico-legislativo\/#primaryimage\"},\"image\":{\"@id\":\"https:\/\/www.estrategiaconcursos.com.br\/blog\/nao-ha-recurso-alap-em-historia-para-tecnico-legislativo\/#primaryimage\"},\"thumbnailUrl\":\"https:\/\/www.estrategiaconcursos.com.br\/blog\/wp-content\/uploads\/2020\/02\/recurso-ALAP-300x239.png\",\"datePublished\":\"2020-02-05T21:23:49+00:00\",\"dateModified\":\"2020-02-06T00:13:55+00:00\",\"description\":\"N\u00e3o H\u00e1 Recurso ALAP em Hist\u00f3ria e Geografia. O exame realmente surpreendeu pelo alto n\u00edvel de dificuldade das quest\u00f5es, que foram elaboradas com muita quali\",\"breadcrumb\":{\"@id\":\"https:\/\/www.estrategiaconcursos.com.br\/blog\/nao-ha-recurso-alap-em-historia-para-tecnico-legislativo\/#breadcrumb\"},\"inLanguage\":\"pt-BR\",\"potentialAction\":[{\"@type\":\"ReadAction\",\"target\":[\"https:\/\/www.estrategiaconcursos.com.br\/blog\/nao-ha-recurso-alap-em-historia-para-tecnico-legislativo\/\"]}]},{\"@type\":\"ImageObject\",\"inLanguage\":\"pt-BR\",\"@id\":\"https:\/\/www.estrategiaconcursos.com.br\/blog\/nao-ha-recurso-alap-em-historia-para-tecnico-legislativo\/#primaryimage\",\"url\":\"https:\/\/dhg1h5j42swfq.cloudfront.net\/2020\/02\/05181628\/recurso-ALAP.png\",\"contentUrl\":\"https:\/\/dhg1h5j42swfq.cloudfront.net\/2020\/02\/05181628\/recurso-ALAP.png\",\"width\":550,\"height\":438},{\"@type\":\"BreadcrumbList\",\"@id\":\"https:\/\/www.estrategiaconcursos.com.br\/blog\/nao-ha-recurso-alap-em-historia-para-tecnico-legislativo\/#breadcrumb\",\"itemListElement\":[{\"@type\":\"ListItem\",\"position\":1,\"name\":\"In\u00edcio\",\"item\":\"https:\/\/www.estrategiaconcursos.com.br\/blog\/\"},{\"@type\":\"ListItem\",\"position\":2,\"name\":\"N\u00e3o H\u00e1 Recurso ALAP em Hist\u00f3ria para t\u00e9cnico legislativo\"}]},{\"@type\":\"WebSite\",\"@id\":\"https:\/\/www.estrategiaconcursos.com.br\/blog\/#website\",\"url\":\"https:\/\/www.estrategiaconcursos.com.br\/blog\/\",\"name\":\"Estrat\u00e9gia Concursos\",\"description\":\"O blog da Estrat\u00e9gia Concursos traz not\u00edcias sobre concursos e artigos de professores oferecendo cursos para concursos (pdf + videaulas) no site.\",\"publisher\":{\"@id\":\"https:\/\/www.estrategiaconcursos.com.br\/blog\/#organization\"},\"potentialAction\":[{\"@type\":\"SearchAction\",\"target\":{\"@type\":\"EntryPoint\",\"urlTemplate\":\"https:\/\/www.estrategiaconcursos.com.br\/blog\/?s={search_term_string}\"},\"query-input\":{\"@type\":\"PropertyValueSpecification\",\"valueRequired\":true,\"valueName\":\"search_term_string\"}}],\"inLanguage\":\"pt-BR\"},{\"@type\":\"Organization\",\"@id\":\"https:\/\/www.estrategiaconcursos.com.br\/blog\/#organization\",\"name\":\"Estrat\u00e9gia Concursos\",\"url\":\"https:\/\/www.estrategiaconcursos.com.br\/blog\/\",\"logo\":{\"@type\":\"ImageObject\",\"inLanguage\":\"pt-BR\",\"@id\":\"https:\/\/www.estrategiaconcursos.com.br\/blog\/#\/schema\/logo\/image\/\",\"url\":\"https:\/\/dhg1h5j42swfq.cloudfront.net\/2025\/06\/03203428\/logo_concursos-1.jpg\",\"contentUrl\":\"https:\/\/dhg1h5j42swfq.cloudfront.net\/2025\/06\/03203428\/logo_concursos-1.jpg\",\"width\":230,\"height\":60,\"caption\":\"Estrat\u00e9gia Concursos\"},\"image\":{\"@id\":\"https:\/\/www.estrategiaconcursos.com.br\/blog\/#\/schema\/logo\/image\/\"},\"sameAs\":[\"https:\/\/x.com\/EstratConcursos\"]},{\"@type\":\"Person\",\"@id\":\"https:\/\/www.estrategiaconcursos.com.br\/blog\/#\/schema\/person\/d18952c4e9d57a78a6caea1fc8412aca\",\"name\":\"Sergio Henrique\",\"image\":{\"@type\":\"ImageObject\",\"inLanguage\":\"pt-BR\",\"@id\":\"https:\/\/secure.gravatar.com\/avatar\/8a654c3858278ad4f39af7a25daa62ab86082ab9406fabd7edee0d6cdfb86662?s=96&d=mm&r=g\",\"url\":\"https:\/\/secure.gravatar.com\/avatar\/8a654c3858278ad4f39af7a25daa62ab86082ab9406fabd7edee0d6cdfb86662?s=96&d=mm&r=g\",\"contentUrl\":\"https:\/\/secure.gravatar.com\/avatar\/8a654c3858278ad4f39af7a25daa62ab86082ab9406fabd7edee0d6cdfb86662?s=96&d=mm&r=g\",\"caption\":\"Sergio Henrique\"},\"url\":\"https:\/\/www.estrategiaconcursos.com.br\/blog\/author\/sergio-henrique\/\"}]}<\/script>\n<!-- \/ Yoast SEO Premium plugin. -->","yoast_head_json":{"title":"N\u00e3o H\u00e1 Recurso ALAP em Hist\u00f3ria para t\u00e9cnico legislativo recurso ALAP","description":"N\u00e3o H\u00e1 Recurso ALAP em Hist\u00f3ria e Geografia. O exame realmente surpreendeu pelo alto n\u00edvel de dificuldade das quest\u00f5es, que foram elaboradas com muita quali","robots":{"index":"index","follow":"follow","max-snippet":"max-snippet:-1","max-image-preview":"max-image-preview:large","max-video-preview":"max-video-preview:-1"},"canonical":"https:\/\/www.estrategiaconcursos.com.br\/blog\/nao-ha-recurso-alap-em-historia-para-tecnico-legislativo\/","og_locale":"pt_BR","og_type":"article","og_title":"N\u00e3o H\u00e1 Recurso ALAP em Hist\u00f3ria para t\u00e9cnico legislativo","og_description":"N\u00e3o H\u00e1 Recurso ALAP em Hist\u00f3ria e Geografia. O exame realmente surpreendeu pelo alto n\u00edvel de dificuldade das quest\u00f5es, que foram elaboradas com muita quali","og_url":"https:\/\/www.estrategiaconcursos.com.br\/blog\/nao-ha-recurso-alap-em-historia-para-tecnico-legislativo\/","og_site_name":"Estrat\u00e9gia Concursos","article_published_time":"2020-02-05T21:23:49+00:00","article_modified_time":"2020-02-06T00:13:55+00:00","og_image":[{"url":"https:\/\/www.estrategiaconcursos.com.br\/blog\/wp-content\/uploads\/2020\/02\/recurso-ALAP-300x239.png","type":"","width":"","height":""}],"author":"Sergio Henrique","twitter_card":"summary_large_image","twitter_creator":"@EstratConcursos","twitter_site":"@EstratConcursos","twitter_misc":{"Escrito por":"Sergio Henrique","Est. tempo de leitura":"6 minutos"},"schema":{"@context":"https:\/\/schema.org","@graph":[{"@type":"NewsArticle","@id":"https:\/\/www.estrategiaconcursos.com.br\/blog\/nao-ha-recurso-alap-em-historia-para-tecnico-legislativo\/#article","isPartOf":{"@id":"https:\/\/www.estrategiaconcursos.com.br\/blog\/nao-ha-recurso-alap-em-historia-para-tecnico-legislativo\/"},"author":{"name":"Sergio Henrique","@id":"https:\/\/www.estrategiaconcursos.com.br\/blog\/#\/schema\/person\/d18952c4e9d57a78a6caea1fc8412aca"},"headline":"N\u00e3o H\u00e1 Recurso ALAP em Hist\u00f3ria para t\u00e9cnico legislativo","datePublished":"2020-02-05T21:23:49+00:00","dateModified":"2020-02-06T00:13:55+00:00","mainEntityOfPage":{"@id":"https:\/\/www.estrategiaconcursos.com.br\/blog\/nao-ha-recurso-alap-em-historia-para-tecnico-legislativo\/"},"wordCount":1255,"commentCount":2,"publisher":{"@id":"https:\/\/www.estrategiaconcursos.com.br\/blog\/#organization"},"image":{"@id":"https:\/\/www.estrategiaconcursos.com.br\/blog\/nao-ha-recurso-alap-em-historia-para-tecnico-legislativo\/#primaryimage"},"thumbnailUrl":"https:\/\/www.estrategiaconcursos.com.br\/blog\/wp-content\/uploads\/2020\/02\/recurso-ALAP-300x239.png","articleSection":["Concursos P\u00fablicos"],"inLanguage":"pt-BR","potentialAction":[{"@type":"CommentAction","name":"Comment","target":["https:\/\/www.estrategiaconcursos.com.br\/blog\/nao-ha-recurso-alap-em-historia-para-tecnico-legislativo\/#respond"]}],"copyrightYear":"2020","copyrightHolder":{"@id":"https:\/\/www.estrategiaconcursos.com.br\/blog\/#organization"}},{"@type":"WebPage","@id":"https:\/\/www.estrategiaconcursos.com.br\/blog\/nao-ha-recurso-alap-em-historia-para-tecnico-legislativo\/","url":"https:\/\/www.estrategiaconcursos.com.br\/blog\/nao-ha-recurso-alap-em-historia-para-tecnico-legislativo\/","name":"N\u00e3o H\u00e1 Recurso ALAP em Hist\u00f3ria para t\u00e9cnico legislativo recurso ALAP","isPartOf":{"@id":"https:\/\/www.estrategiaconcursos.com.br\/blog\/#website"},"primaryImageOfPage":{"@id":"https:\/\/www.estrategiaconcursos.com.br\/blog\/nao-ha-recurso-alap-em-historia-para-tecnico-legislativo\/#primaryimage"},"image":{"@id":"https:\/\/www.estrategiaconcursos.com.br\/blog\/nao-ha-recurso-alap-em-historia-para-tecnico-legislativo\/#primaryimage"},"thumbnailUrl":"https:\/\/www.estrategiaconcursos.com.br\/blog\/wp-content\/uploads\/2020\/02\/recurso-ALAP-300x239.png","datePublished":"2020-02-05T21:23:49+00:00","dateModified":"2020-02-06T00:13:55+00:00","description":"N\u00e3o H\u00e1 Recurso ALAP em Hist\u00f3ria e Geografia. O exame realmente surpreendeu pelo alto n\u00edvel de dificuldade das quest\u00f5es, que foram elaboradas com muita quali","breadcrumb":{"@id":"https:\/\/www.estrategiaconcursos.com.br\/blog\/nao-ha-recurso-alap-em-historia-para-tecnico-legislativo\/#breadcrumb"},"inLanguage":"pt-BR","potentialAction":[{"@type":"ReadAction","target":["https:\/\/www.estrategiaconcursos.com.br\/blog\/nao-ha-recurso-alap-em-historia-para-tecnico-legislativo\/"]}]},{"@type":"ImageObject","inLanguage":"pt-BR","@id":"https:\/\/www.estrategiaconcursos.com.br\/blog\/nao-ha-recurso-alap-em-historia-para-tecnico-legislativo\/#primaryimage","url":"https:\/\/dhg1h5j42swfq.cloudfront.net\/2020\/02\/05181628\/recurso-ALAP.png","contentUrl":"https:\/\/dhg1h5j42swfq.cloudfront.net\/2020\/02\/05181628\/recurso-ALAP.png","width":550,"height":438},{"@type":"BreadcrumbList","@id":"https:\/\/www.estrategiaconcursos.com.br\/blog\/nao-ha-recurso-alap-em-historia-para-tecnico-legislativo\/#breadcrumb","itemListElement":[{"@type":"ListItem","position":1,"name":"In\u00edcio","item":"https:\/\/www.estrategiaconcursos.com.br\/blog\/"},{"@type":"ListItem","position":2,"name":"N\u00e3o H\u00e1 Recurso ALAP em Hist\u00f3ria para t\u00e9cnico legislativo"}]},{"@type":"WebSite","@id":"https:\/\/www.estrategiaconcursos.com.br\/blog\/#website","url":"https:\/\/www.estrategiaconcursos.com.br\/blog\/","name":"Estrat\u00e9gia Concursos","description":"O blog da Estrat\u00e9gia Concursos traz not\u00edcias sobre concursos e artigos de professores oferecendo cursos para concursos (pdf + videaulas) no site.","publisher":{"@id":"https:\/\/www.estrategiaconcursos.com.br\/blog\/#organization"},"potentialAction":[{"@type":"SearchAction","target":{"@type":"EntryPoint","urlTemplate":"https:\/\/www.estrategiaconcursos.com.br\/blog\/?s={search_term_string}"},"query-input":{"@type":"PropertyValueSpecification","valueRequired":true,"valueName":"search_term_string"}}],"inLanguage":"pt-BR"},{"@type":"Organization","@id":"https:\/\/www.estrategiaconcursos.com.br\/blog\/#organization","name":"Estrat\u00e9gia Concursos","url":"https:\/\/www.estrategiaconcursos.com.br\/blog\/","logo":{"@type":"ImageObject","inLanguage":"pt-BR","@id":"https:\/\/www.estrategiaconcursos.com.br\/blog\/#\/schema\/logo\/image\/","url":"https:\/\/dhg1h5j42swfq.cloudfront.net\/2025\/06\/03203428\/logo_concursos-1.jpg","contentUrl":"https:\/\/dhg1h5j42swfq.cloudfront.net\/2025\/06\/03203428\/logo_concursos-1.jpg","width":230,"height":60,"caption":"Estrat\u00e9gia Concursos"},"image":{"@id":"https:\/\/www.estrategiaconcursos.com.br\/blog\/#\/schema\/logo\/image\/"},"sameAs":["https:\/\/x.com\/EstratConcursos"]},{"@type":"Person","@id":"https:\/\/www.estrategiaconcursos.com.br\/blog\/#\/schema\/person\/d18952c4e9d57a78a6caea1fc8412aca","name":"Sergio Henrique","image":{"@type":"ImageObject","inLanguage":"pt-BR","@id":"https:\/\/secure.gravatar.com\/avatar\/8a654c3858278ad4f39af7a25daa62ab86082ab9406fabd7edee0d6cdfb86662?s=96&d=mm&r=g","url":"https:\/\/secure.gravatar.com\/avatar\/8a654c3858278ad4f39af7a25daa62ab86082ab9406fabd7edee0d6cdfb86662?s=96&d=mm&r=g","contentUrl":"https:\/\/secure.gravatar.com\/avatar\/8a654c3858278ad4f39af7a25daa62ab86082ab9406fabd7edee0d6cdfb86662?s=96&d=mm&r=g","caption":"Sergio Henrique"},"url":"https:\/\/www.estrategiaconcursos.com.br\/blog\/author\/sergio-henrique\/"}]}},"_links":{"self":[{"href":"https:\/\/www.estrategiaconcursos.com.br\/blog\/wp-json\/wp\/v2\/posts\/476419","targetHints":{"allow":["GET"]}}],"collection":[{"href":"https:\/\/www.estrategiaconcursos.com.br\/blog\/wp-json\/wp\/v2\/posts"}],"about":[{"href":"https:\/\/www.estrategiaconcursos.com.br\/blog\/wp-json\/wp\/v2\/types\/post"}],"author":[{"embeddable":true,"href":"https:\/\/www.estrategiaconcursos.com.br\/blog\/wp-json\/wp\/v2\/users\/322"}],"replies":[{"embeddable":true,"href":"https:\/\/www.estrategiaconcursos.com.br\/blog\/wp-json\/wp\/v2\/comments?post=476419"}],"version-history":[{"count":6,"href":"https:\/\/www.estrategiaconcursos.com.br\/blog\/wp-json\/wp\/v2\/posts\/476419\/revisions"}],"predecessor-version":[{"id":479657,"href":"https:\/\/www.estrategiaconcursos.com.br\/blog\/wp-json\/wp\/v2\/posts\/476419\/revisions\/479657"}],"wp:attachment":[{"href":"https:\/\/www.estrategiaconcursos.com.br\/blog\/wp-json\/wp\/v2\/media?parent=476419"}],"wp:term":[{"taxonomy":"category","embeddable":true,"href":"https:\/\/www.estrategiaconcursos.com.br\/blog\/wp-json\/wp\/v2\/categories?post=476419"},{"taxonomy":"post_tag","embeddable":true,"href":"https:\/\/www.estrategiaconcursos.com.br\/blog\/wp-json\/wp\/v2\/tags?post=476419"},{"taxonomy":"tax_estado","embeddable":true,"href":"https:\/\/www.estrategiaconcursos.com.br\/blog\/wp-json\/wp\/v2\/tax_estado?post=476419"}],"curies":[{"name":"wp","href":"https:\/\/api.w.org\/{rel}","templated":true}]}}