{"id":476318,"date":"2020-01-31T12:42:17","date_gmt":"2020-01-31T15:42:17","guid":{"rendered":"https:\/\/www.estrategiaconcursos.com.br\/blog\/?p=476318"},"modified":"2023-07-06T11:29:43","modified_gmt":"2023-07-06T14:29:43","slug":"retomada-acao-do-mpf-que-solicita-concurso-inss","status":"publish","type":"post","link":"https:\/\/www.estrategiaconcursos.com.br\/blog\/retomada-acao-do-mpf-que-solicita-concurso-inss\/","title":{"rendered":"Retomada a\u00e7\u00e3o do MPF que solicita concurso para o INSS"},"content":{"rendered":"\n<p>Em meio ao caos e pol\u00eamicas em torno do INSS, mais uma novidade foi divulgada! O Tribunal Regional Federal da 1\u00aa Regi\u00e3o <strong>retomou a A\u00e7\u00e3o Civil P\u00fablica<\/strong>, instaurada, no ano passado, pelo Minist\u00e9rio P\u00fablico Federal, a qual exige a contrata\u00e7\u00e3o de servidores no \u00f3rg\u00e3o.<\/p>\n\n\n\n<p>Com isso, a Uni\u00e3o e o INSS foram intimados a se manifestarem sobre o processo, no prazo de 15 dias, ou seja&nbsp;<strong>at\u00e9 13 de fevereiro<\/strong>. Ap\u00f3s essa data, os autos ser\u00e3o novamente dados como conclu\u00eddos. Confira abaixo o documento:<\/p>\n\n\n\n<figure class=\"wp-block-image aligncenter is-resized\"><img loading=\"lazy\" decoding=\"async\" src=\"https:\/\/dhg1h5j42swfq.cloudfront.net\/2020\/01\/31110538\/Capturar-min-11.png\" alt=\"Concurso INSS - A\u00e7\u00e3o Civil P\u00fablica retomada\" width=\"625\" height=\"446\"\/><\/figure>\n\n\n\n<p>Para relembrar o caso, em 2019, a A\u00e7\u00e3o Civil exigiu que fossem tomadas as medidas necess\u00e1rias para o recrutamento de agentes p\u00fablicos no \u00d3rg\u00e3o Previdenci\u00e1rio. <\/p>\n\n\n\n<p>Ap\u00f3s a realiza\u00e7\u00e3o de uma audi\u00eancia, ficou definida a realoca\u00e7\u00e3o de&nbsp;<strong>servidores da INFRAERO<\/strong>. Em outubro, foi autorizada a realoca\u00e7\u00e3o de&nbsp;<strong>319 servidores<\/strong>,&nbsp;por tempo indeterminado. O INSS deve apresentar um relat\u00f3rio mensal com a evolu\u00e7\u00e3o dos trabalhos. <\/p>\n\n\n\n<p>Al\u00e9m disso, o Governo tem anunciado algumas medidas alternativas para amenizar a situa\u00e7\u00e3o. A mais recente foi o an\u00fancio da&nbsp;<strong>contrata\u00e7\u00e3o de ex-servidores<\/strong>&nbsp;do \u00f3rg\u00e3o para ajudar a reduzir a fila, que j\u00e1 chega a mais de&nbsp;<strong>1,3 milh\u00e3o de pedidos<\/strong>&nbsp;em espera. <\/p>\n\n\n\n<p>Anteriormente, o Governo j\u00e1 havia expressado a inten\u00e7\u00e3o de contratar 7 mil militares da reserva. O objetivo \u00e9 que os mesmos ingressem nos postos de atendimento, enquanto os servidores do INSS passem a realizar a an\u00e1lise dos processos. A expectativa \u00e9 que a situa\u00e7\u00e3o seja resolvida at\u00e9 o m\u00eas de outubro.<\/p>\n\n\n\n<p class=\"has-text-align-center has-very-light-gray-background-color has-background\" style=\"font-size:clamp(14.642px, 0.915rem + ((1vw - 3.2px) * 0.721), 22px);px\"><strong>Saiba mais: <a rel=\"noreferrer noopener\" aria-label=\"Concurso INSS (abre numa nova aba)\" href=\"https:\/\/www.estrategiaconcursos.com.br\/blog\/concurso-inss-2\/\" target=\"_blank\">Concurso INSS<\/a><\/strong><\/p>\n\n\n\n<hr class=\"wp-block-separator has-css-opacity\"\/>\n\n\n\n<p class=\"has-text-align-center has-medium-font-size\"><em><strong>Assinatura Anual Ilimitada*<\/strong><\/em><\/p>\n\n\n\n<p class=\"has-text-align-center\"><em>Prepare-se com o melhor material e com quem mais aprova em Concursos P\u00fablicos em todo o pa\u00eds. Assine agora a nossa Assinatura Anual e tenha acesso ilimitado a todos os nossos cursos.<\/em><\/p>\n\n\n\n<p class=\"has-text-align-center has-luminous-vivid-amber-background-color has-background\" style=\"font-size:clamp(14.642px, 0.915rem + ((1vw - 3.2px) * 0.721), 22px);px\"><strong>ASSINE AGORA&nbsp;\u2013&nbsp;<a rel=\"noreferrer noopener\" href=\"https:\/\/www.estrategiaconcursos.com.br\/assinaturas\/\" target=\"_blank\">Assinatura Ilimitada<\/a><\/strong><\/p>\n\n\n\n<p class=\"has-text-align-center has-light-green-cyan-background-color has-background\" style=\"font-size:clamp(14.642px, 0.915rem + ((1vw - 3.2px) * 0.721), 22px);px\"><a rel=\"noreferrer noopener\" href=\"https:\/\/www.estrategiaconcursos.com.br\/cursosPorConcurso\/inss-tecnico-do-seguro-social-101\/\" target=\"_blank\"><strong>CURSOS INSS<\/strong><\/a><\/p>\n\n\n\n<p class=\"has-text-align-center has-pale-cyan-blue-background-color has-background\" style=\"font-size:clamp(14.642px, 0.915rem + ((1vw - 3.2px) * 0.721), 22px);px\"><a aria-label=\" (abre numa nova aba)\" href=\"https:\/\/www.estrategiaconcursos.com.br\/blog\/concursos-abertos\/\" target=\"_blank\" rel=\"noreferrer noopener\"><strong>CONCURSOS ABERTOS<\/strong><\/a><\/p>\n","protected":false},"excerpt":{"rendered":"<p>Em meio ao caos e pol\u00eamicas em torno do INSS, mais uma novidade foi divulgada! O Tribunal Regional Federal da 1\u00aa Regi\u00e3o retomou a A\u00e7\u00e3o Civil P\u00fablica, instaurada, no ano passado, pelo Minist\u00e9rio P\u00fablico Federal, a qual exige a contrata\u00e7\u00e3o de servidores no \u00f3rg\u00e3o. Com isso, a Uni\u00e3o e o INSS foram intimados a se [&hellip;]<\/p>\n","protected":false},"author":401,"featured_media":165209,"comment_status":"open","ping_status":"closed","sticky":false,"template":"","format":"standard","meta":{"post_tipo":"article","footnotes":""},"categories":[1],"tags":[],"tax_estado":[],"class_list":["post-476318","post","type-post","status-publish","format-standard","has-post-thumbnail","hentry","category-cursos-e-concursos"],"acf":[],"yoast_head":"<!-- This site is optimized with the Yoast SEO Premium plugin v27.2 (Yoast SEO v27.2) - https:\/\/yoast.com\/product\/yoast-seo-premium-wordpress\/ -->\n<title>Retomada a\u00e7\u00e3o do MPF que solicita concurso para o INSS<\/title>\n<meta name=\"robots\" content=\"index, follow, max-snippet:-1, max-image-preview:large, max-video-preview:-1\" \/>\n<link rel=\"canonical\" href=\"https:\/\/www.estrategiaconcursos.com.br\/blog\/retomada-acao-do-mpf-que-solicita-concurso-inss\/\" \/>\n<meta property=\"og:locale\" content=\"pt_BR\" \/>\n<meta property=\"og:type\" content=\"article\" \/>\n<meta property=\"og:title\" content=\"Retomada a\u00e7\u00e3o do MPF que solicita concurso para o INSS\" \/>\n<meta property=\"og:description\" content=\"Em meio ao caos e pol\u00eamicas em torno do INSS, mais uma novidade foi divulgada! O Tribunal Regional Federal da 1\u00aa Regi\u00e3o retomou a A\u00e7\u00e3o Civil P\u00fablica, instaurada, no ano passado, pelo Minist\u00e9rio P\u00fablico Federal, a qual exige a contrata\u00e7\u00e3o de servidores no \u00f3rg\u00e3o. Com isso, a Uni\u00e3o e o INSS foram intimados a se [&hellip;]\" \/>\n<meta property=\"og:url\" content=\"https:\/\/www.estrategiaconcursos.com.br\/blog\/retomada-acao-do-mpf-que-solicita-concurso-inss\/\" \/>\n<meta property=\"og:site_name\" content=\"Estrat\u00e9gia Concursos\" \/>\n<meta property=\"article:published_time\" content=\"2020-01-31T15:42:17+00:00\" \/>\n<meta property=\"article:modified_time\" content=\"2023-07-06T14:29:43+00:00\" \/>\n<meta property=\"og:image\" content=\"https:\/\/dhg1h5j42swfq.cloudfront.net\/2019\/02\/09084953\/Capturar.jpg\" \/>\n\t<meta property=\"og:image:width\" content=\"1200\" \/>\n\t<meta property=\"og:image:height\" content=\"627\" \/>\n\t<meta property=\"og:image:type\" content=\"image\/jpeg\" \/>\n<meta name=\"author\" content=\"Rubens Mauricio Corr\u00eaa\" \/>\n<meta name=\"twitter:card\" content=\"summary_large_image\" \/>\n<meta name=\"twitter:creator\" content=\"@EstratConcursos\" \/>\n<meta name=\"twitter:site\" content=\"@EstratConcursos\" \/>\n<meta name=\"twitter:label1\" content=\"Escrito por\" \/>\n\t<meta name=\"twitter:data1\" content=\"Rubens Mauricio Corr\u00eaa\" \/>\n\t<meta name=\"twitter:label2\" content=\"Est. tempo de leitura\" \/>\n\t<meta name=\"twitter:data2\" content=\"2 minutos\" \/>\n<script type=\"application\/ld+json\" class=\"yoast-schema-graph\">{\"@context\":\"https:\/\/schema.org\",\"@graph\":[{\"@type\":\"NewsArticle\",\"@id\":\"https:\/\/www.estrategiaconcursos.com.br\/blog\/retomada-acao-do-mpf-que-solicita-concurso-inss\/#article\",\"isPartOf\":{\"@id\":\"https:\/\/www.estrategiaconcursos.com.br\/blog\/retomada-acao-do-mpf-que-solicita-concurso-inss\/\"},\"author\":{\"name\":\"Rubens Mauricio Corr\u00eaa\",\"@id\":\"https:\/\/www.estrategiaconcursos.com.br\/blog\/#\/schema\/person\/9fac14a8bf47492d9fd98769d1481766\"},\"headline\":\"Retomada a\u00e7\u00e3o do MPF que solicita concurso para o INSS\",\"datePublished\":\"2020-01-31T15:42:17+00:00\",\"dateModified\":\"2023-07-06T14:29:43+00:00\",\"mainEntityOfPage\":{\"@id\":\"https:\/\/www.estrategiaconcursos.com.br\/blog\/retomada-acao-do-mpf-que-solicita-concurso-inss\/\"},\"wordCount\":336,\"commentCount\":0,\"publisher\":{\"@id\":\"https:\/\/www.estrategiaconcursos.com.br\/blog\/#organization\"},\"image\":{\"@id\":\"https:\/\/www.estrategiaconcursos.com.br\/blog\/retomada-acao-do-mpf-que-solicita-concurso-inss\/#primaryimage\"},\"thumbnailUrl\":\"https:\/\/dhg1h5j42swfq.cloudfront.net\/2019\/02\/09084953\/Capturar.jpg\",\"articleSection\":[\"Concursos P\u00fablicos\"],\"inLanguage\":\"pt-BR\",\"potentialAction\":[{\"@type\":\"CommentAction\",\"name\":\"Comment\",\"target\":[\"https:\/\/www.estrategiaconcursos.com.br\/blog\/retomada-acao-do-mpf-que-solicita-concurso-inss\/#respond\"]}],\"copyrightYear\":\"2020\",\"copyrightHolder\":{\"@id\":\"https:\/\/www.estrategiaconcursos.com.br\/blog\/#organization\"}},{\"@type\":\"WebPage\",\"@id\":\"https:\/\/www.estrategiaconcursos.com.br\/blog\/retomada-acao-do-mpf-que-solicita-concurso-inss\/\",\"url\":\"https:\/\/www.estrategiaconcursos.com.br\/blog\/retomada-acao-do-mpf-que-solicita-concurso-inss\/\",\"name\":\"Retomada a\u00e7\u00e3o do MPF que solicita concurso para o INSS\",\"isPartOf\":{\"@id\":\"https:\/\/www.estrategiaconcursos.com.br\/blog\/#website\"},\"primaryImageOfPage\":{\"@id\":\"https:\/\/www.estrategiaconcursos.com.br\/blog\/retomada-acao-do-mpf-que-solicita-concurso-inss\/#primaryimage\"},\"image\":{\"@id\":\"https:\/\/www.estrategiaconcursos.com.br\/blog\/retomada-acao-do-mpf-que-solicita-concurso-inss\/#primaryimage\"},\"thumbnailUrl\":\"https:\/\/dhg1h5j42swfq.cloudfront.net\/2019\/02\/09084953\/Capturar.jpg\",\"datePublished\":\"2020-01-31T15:42:17+00:00\",\"dateModified\":\"2023-07-06T14:29:43+00:00\",\"breadcrumb\":{\"@id\":\"https:\/\/www.estrategiaconcursos.com.br\/blog\/retomada-acao-do-mpf-que-solicita-concurso-inss\/#breadcrumb\"},\"inLanguage\":\"pt-BR\",\"potentialAction\":[{\"@type\":\"ReadAction\",\"target\":[\"https:\/\/www.estrategiaconcursos.com.br\/blog\/retomada-acao-do-mpf-que-solicita-concurso-inss\/\"]}]},{\"@type\":\"ImageObject\",\"inLanguage\":\"pt-BR\",\"@id\":\"https:\/\/www.estrategiaconcursos.com.br\/blog\/retomada-acao-do-mpf-que-solicita-concurso-inss\/#primaryimage\",\"url\":\"https:\/\/dhg1h5j42swfq.cloudfront.net\/2019\/02\/09084953\/Capturar.jpg\",\"contentUrl\":\"https:\/\/dhg1h5j42swfq.cloudfront.net\/2019\/02\/09084953\/Capturar.jpg\",\"width\":1200,\"height\":627,\"caption\":\"INSS Passo Estrat\u00e9gico\"},{\"@type\":\"BreadcrumbList\",\"@id\":\"https:\/\/www.estrategiaconcursos.com.br\/blog\/retomada-acao-do-mpf-que-solicita-concurso-inss\/#breadcrumb\",\"itemListElement\":[{\"@type\":\"ListItem\",\"position\":1,\"name\":\"In\u00edcio\",\"item\":\"https:\/\/www.estrategiaconcursos.com.br\/blog\/\"},{\"@type\":\"ListItem\",\"position\":2,\"name\":\"Retomada a\u00e7\u00e3o do MPF que solicita concurso para o INSS\"}]},{\"@type\":\"WebSite\",\"@id\":\"https:\/\/www.estrategiaconcursos.com.br\/blog\/#website\",\"url\":\"https:\/\/www.estrategiaconcursos.com.br\/blog\/\",\"name\":\"Estrat\u00e9gia Concursos\",\"description\":\"O blog da Estrat\u00e9gia Concursos traz not\u00edcias sobre concursos e artigos de professores oferecendo cursos para concursos (pdf + videaulas) no site.\",\"publisher\":{\"@id\":\"https:\/\/www.estrategiaconcursos.com.br\/blog\/#organization\"},\"potentialAction\":[{\"@type\":\"SearchAction\",\"target\":{\"@type\":\"EntryPoint\",\"urlTemplate\":\"https:\/\/www.estrategiaconcursos.com.br\/blog\/?s={search_term_string}\"},\"query-input\":{\"@type\":\"PropertyValueSpecification\",\"valueRequired\":true,\"valueName\":\"search_term_string\"}}],\"inLanguage\":\"pt-BR\"},{\"@type\":\"Organization\",\"@id\":\"https:\/\/www.estrategiaconcursos.com.br\/blog\/#organization\",\"name\":\"Estrat\u00e9gia Concursos\",\"url\":\"https:\/\/www.estrategiaconcursos.com.br\/blog\/\",\"logo\":{\"@type\":\"ImageObject\",\"inLanguage\":\"pt-BR\",\"@id\":\"https:\/\/www.estrategiaconcursos.com.br\/blog\/#\/schema\/logo\/image\/\",\"url\":\"https:\/\/dhg1h5j42swfq.cloudfront.net\/2025\/06\/03203428\/logo_concursos-1.jpg\",\"contentUrl\":\"https:\/\/dhg1h5j42swfq.cloudfront.net\/2025\/06\/03203428\/logo_concursos-1.jpg\",\"width\":230,\"height\":60,\"caption\":\"Estrat\u00e9gia Concursos\"},\"image\":{\"@id\":\"https:\/\/www.estrategiaconcursos.com.br\/blog\/#\/schema\/logo\/image\/\"},\"sameAs\":[\"https:\/\/x.com\/EstratConcursos\"]},{\"@type\":\"Person\",\"@id\":\"https:\/\/www.estrategiaconcursos.com.br\/blog\/#\/schema\/person\/9fac14a8bf47492d9fd98769d1481766\",\"name\":\"Rubens Mauricio Corr\u00eaa\",\"image\":{\"@type\":\"ImageObject\",\"inLanguage\":\"pt-BR\",\"@id\":\"https:\/\/secure.gravatar.com\/avatar\/83a4c19cfd065707044bf9b66e1b81736430186d86e560356b352823fac7df9c?s=96&d=mm&r=g\",\"url\":\"https:\/\/secure.gravatar.com\/avatar\/83a4c19cfd065707044bf9b66e1b81736430186d86e560356b352823fac7df9c?s=96&d=mm&r=g\",\"contentUrl\":\"https:\/\/secure.gravatar.com\/avatar\/83a4c19cfd065707044bf9b66e1b81736430186d86e560356b352823fac7df9c?s=96&d=mm&r=g\",\"caption\":\"Rubens Mauricio Corr\u00eaa\"},\"url\":\"https:\/\/www.estrategiaconcursos.com.br\/blog\/author\/rubensmauricioestrategiaconcursos-com-br\/\"}]}<\/script>\n<!-- \/ Yoast SEO Premium plugin. -->","yoast_head_json":{"title":"Retomada a\u00e7\u00e3o do MPF que solicita concurso para o INSS","robots":{"index":"index","follow":"follow","max-snippet":"max-snippet:-1","max-image-preview":"max-image-preview:large","max-video-preview":"max-video-preview:-1"},"canonical":"https:\/\/www.estrategiaconcursos.com.br\/blog\/retomada-acao-do-mpf-que-solicita-concurso-inss\/","og_locale":"pt_BR","og_type":"article","og_title":"Retomada a\u00e7\u00e3o do MPF que solicita concurso para o INSS","og_description":"Em meio ao caos e pol\u00eamicas em torno do INSS, mais uma novidade foi divulgada! O Tribunal Regional Federal da 1\u00aa Regi\u00e3o retomou a A\u00e7\u00e3o Civil P\u00fablica, instaurada, no ano passado, pelo Minist\u00e9rio P\u00fablico Federal, a qual exige a contrata\u00e7\u00e3o de servidores no \u00f3rg\u00e3o. Com isso, a Uni\u00e3o e o INSS foram intimados a se [&hellip;]","og_url":"https:\/\/www.estrategiaconcursos.com.br\/blog\/retomada-acao-do-mpf-que-solicita-concurso-inss\/","og_site_name":"Estrat\u00e9gia Concursos","article_published_time":"2020-01-31T15:42:17+00:00","article_modified_time":"2023-07-06T14:29:43+00:00","og_image":[{"width":1200,"height":627,"url":"https:\/\/dhg1h5j42swfq.cloudfront.net\/2019\/02\/09084953\/Capturar.jpg","type":"image\/jpeg"}],"author":"Rubens Mauricio Corr\u00eaa","twitter_card":"summary_large_image","twitter_creator":"@EstratConcursos","twitter_site":"@EstratConcursos","twitter_misc":{"Escrito por":"Rubens Mauricio Corr\u00eaa","Est. tempo de leitura":"2 minutos"},"schema":{"@context":"https:\/\/schema.org","@graph":[{"@type":"NewsArticle","@id":"https:\/\/www.estrategiaconcursos.com.br\/blog\/retomada-acao-do-mpf-que-solicita-concurso-inss\/#article","isPartOf":{"@id":"https:\/\/www.estrategiaconcursos.com.br\/blog\/retomada-acao-do-mpf-que-solicita-concurso-inss\/"},"author":{"name":"Rubens Mauricio Corr\u00eaa","@id":"https:\/\/www.estrategiaconcursos.com.br\/blog\/#\/schema\/person\/9fac14a8bf47492d9fd98769d1481766"},"headline":"Retomada a\u00e7\u00e3o do MPF que solicita concurso para o INSS","datePublished":"2020-01-31T15:42:17+00:00","dateModified":"2023-07-06T14:29:43+00:00","mainEntityOfPage":{"@id":"https:\/\/www.estrategiaconcursos.com.br\/blog\/retomada-acao-do-mpf-que-solicita-concurso-inss\/"},"wordCount":336,"commentCount":0,"publisher":{"@id":"https:\/\/www.estrategiaconcursos.com.br\/blog\/#organization"},"image":{"@id":"https:\/\/www.estrategiaconcursos.com.br\/blog\/retomada-acao-do-mpf-que-solicita-concurso-inss\/#primaryimage"},"thumbnailUrl":"https:\/\/dhg1h5j42swfq.cloudfront.net\/2019\/02\/09084953\/Capturar.jpg","articleSection":["Concursos P\u00fablicos"],"inLanguage":"pt-BR","potentialAction":[{"@type":"CommentAction","name":"Comment","target":["https:\/\/www.estrategiaconcursos.com.br\/blog\/retomada-acao-do-mpf-que-solicita-concurso-inss\/#respond"]}],"copyrightYear":"2020","copyrightHolder":{"@id":"https:\/\/www.estrategiaconcursos.com.br\/blog\/#organization"}},{"@type":"WebPage","@id":"https:\/\/www.estrategiaconcursos.com.br\/blog\/retomada-acao-do-mpf-que-solicita-concurso-inss\/","url":"https:\/\/www.estrategiaconcursos.com.br\/blog\/retomada-acao-do-mpf-que-solicita-concurso-inss\/","name":"Retomada a\u00e7\u00e3o do MPF que solicita concurso para o INSS","isPartOf":{"@id":"https:\/\/www.estrategiaconcursos.com.br\/blog\/#website"},"primaryImageOfPage":{"@id":"https:\/\/www.estrategiaconcursos.com.br\/blog\/retomada-acao-do-mpf-que-solicita-concurso-inss\/#primaryimage"},"image":{"@id":"https:\/\/www.estrategiaconcursos.com.br\/blog\/retomada-acao-do-mpf-que-solicita-concurso-inss\/#primaryimage"},"thumbnailUrl":"https:\/\/dhg1h5j42swfq.cloudfront.net\/2019\/02\/09084953\/Capturar.jpg","datePublished":"2020-01-31T15:42:17+00:00","dateModified":"2023-07-06T14:29:43+00:00","breadcrumb":{"@id":"https:\/\/www.estrategiaconcursos.com.br\/blog\/retomada-acao-do-mpf-que-solicita-concurso-inss\/#breadcrumb"},"inLanguage":"pt-BR","potentialAction":[{"@type":"ReadAction","target":["https:\/\/www.estrategiaconcursos.com.br\/blog\/retomada-acao-do-mpf-que-solicita-concurso-inss\/"]}]},{"@type":"ImageObject","inLanguage":"pt-BR","@id":"https:\/\/www.estrategiaconcursos.com.br\/blog\/retomada-acao-do-mpf-que-solicita-concurso-inss\/#primaryimage","url":"https:\/\/dhg1h5j42swfq.cloudfront.net\/2019\/02\/09084953\/Capturar.jpg","contentUrl":"https:\/\/dhg1h5j42swfq.cloudfront.net\/2019\/02\/09084953\/Capturar.jpg","width":1200,"height":627,"caption":"INSS Passo Estrat\u00e9gico"},{"@type":"BreadcrumbList","@id":"https:\/\/www.estrategiaconcursos.com.br\/blog\/retomada-acao-do-mpf-que-solicita-concurso-inss\/#breadcrumb","itemListElement":[{"@type":"ListItem","position":1,"name":"In\u00edcio","item":"https:\/\/www.estrategiaconcursos.com.br\/blog\/"},{"@type":"ListItem","position":2,"name":"Retomada a\u00e7\u00e3o do MPF que solicita concurso para o INSS"}]},{"@type":"WebSite","@id":"https:\/\/www.estrategiaconcursos.com.br\/blog\/#website","url":"https:\/\/www.estrategiaconcursos.com.br\/blog\/","name":"Estrat\u00e9gia Concursos","description":"O blog da Estrat\u00e9gia Concursos traz not\u00edcias sobre concursos e artigos de professores oferecendo cursos para concursos (pdf + videaulas) no site.","publisher":{"@id":"https:\/\/www.estrategiaconcursos.com.br\/blog\/#organization"},"potentialAction":[{"@type":"SearchAction","target":{"@type":"EntryPoint","urlTemplate":"https:\/\/www.estrategiaconcursos.com.br\/blog\/?s={search_term_string}"},"query-input":{"@type":"PropertyValueSpecification","valueRequired":true,"valueName":"search_term_string"}}],"inLanguage":"pt-BR"},{"@type":"Organization","@id":"https:\/\/www.estrategiaconcursos.com.br\/blog\/#organization","name":"Estrat\u00e9gia Concursos","url":"https:\/\/www.estrategiaconcursos.com.br\/blog\/","logo":{"@type":"ImageObject","inLanguage":"pt-BR","@id":"https:\/\/www.estrategiaconcursos.com.br\/blog\/#\/schema\/logo\/image\/","url":"https:\/\/dhg1h5j42swfq.cloudfront.net\/2025\/06\/03203428\/logo_concursos-1.jpg","contentUrl":"https:\/\/dhg1h5j42swfq.cloudfront.net\/2025\/06\/03203428\/logo_concursos-1.jpg","width":230,"height":60,"caption":"Estrat\u00e9gia Concursos"},"image":{"@id":"https:\/\/www.estrategiaconcursos.com.br\/blog\/#\/schema\/logo\/image\/"},"sameAs":["https:\/\/x.com\/EstratConcursos"]},{"@type":"Person","@id":"https:\/\/www.estrategiaconcursos.com.br\/blog\/#\/schema\/person\/9fac14a8bf47492d9fd98769d1481766","name":"Rubens Mauricio Corr\u00eaa","image":{"@type":"ImageObject","inLanguage":"pt-BR","@id":"https:\/\/secure.gravatar.com\/avatar\/83a4c19cfd065707044bf9b66e1b81736430186d86e560356b352823fac7df9c?s=96&d=mm&r=g","url":"https:\/\/secure.gravatar.com\/avatar\/83a4c19cfd065707044bf9b66e1b81736430186d86e560356b352823fac7df9c?s=96&d=mm&r=g","contentUrl":"https:\/\/secure.gravatar.com\/avatar\/83a4c19cfd065707044bf9b66e1b81736430186d86e560356b352823fac7df9c?s=96&d=mm&r=g","caption":"Rubens Mauricio Corr\u00eaa"},"url":"https:\/\/www.estrategiaconcursos.com.br\/blog\/author\/rubensmauricioestrategiaconcursos-com-br\/"}]}},"_links":{"self":[{"href":"https:\/\/www.estrategiaconcursos.com.br\/blog\/wp-json\/wp\/v2\/posts\/476318","targetHints":{"allow":["GET"]}}],"collection":[{"href":"https:\/\/www.estrategiaconcursos.com.br\/blog\/wp-json\/wp\/v2\/posts"}],"about":[{"href":"https:\/\/www.estrategiaconcursos.com.br\/blog\/wp-json\/wp\/v2\/types\/post"}],"author":[{"embeddable":true,"href":"https:\/\/www.estrategiaconcursos.com.br\/blog\/wp-json\/wp\/v2\/users\/401"}],"replies":[{"embeddable":true,"href":"https:\/\/www.estrategiaconcursos.com.br\/blog\/wp-json\/wp\/v2\/comments?post=476318"}],"version-history":[{"count":5,"href":"https:\/\/www.estrategiaconcursos.com.br\/blog\/wp-json\/wp\/v2\/posts\/476318\/revisions"}],"predecessor-version":[{"id":1244290,"href":"https:\/\/www.estrategiaconcursos.com.br\/blog\/wp-json\/wp\/v2\/posts\/476318\/revisions\/1244290"}],"wp:featuredmedia":[{"embeddable":true,"href":"https:\/\/www.estrategiaconcursos.com.br\/blog\/wp-json\/wp\/v2\/media\/165209"}],"wp:attachment":[{"href":"https:\/\/www.estrategiaconcursos.com.br\/blog\/wp-json\/wp\/v2\/media?parent=476318"}],"wp:term":[{"taxonomy":"category","embeddable":true,"href":"https:\/\/www.estrategiaconcursos.com.br\/blog\/wp-json\/wp\/v2\/categories?post=476318"},{"taxonomy":"post_tag","embeddable":true,"href":"https:\/\/www.estrategiaconcursos.com.br\/blog\/wp-json\/wp\/v2\/tags?post=476318"},{"taxonomy":"tax_estado","embeddable":true,"href":"https:\/\/www.estrategiaconcursos.com.br\/blog\/wp-json\/wp\/v2\/tax_estado?post=476318"}],"curies":[{"name":"wp","href":"https:\/\/api.w.org\/{rel}","templated":true}]}}