{"id":476255,"date":"2020-01-31T11:14:11","date_gmt":"2020-01-31T14:14:11","guid":{"rendered":"https:\/\/www.estrategiaconcursos.com.br\/blog\/?p=476255"},"modified":"2021-12-23T19:51:46","modified_gmt":"2021-12-23T22:51:46","slug":"concurso-trf3-aprovados","status":"publish","type":"post","link":"https:\/\/www.estrategiaconcursos.com.br\/blog\/concurso-trf3-aprovados\/","title":{"rendered":"Alunos do Estrat\u00e9gia levam 13 primeiras coloca\u00e7\u00f5es do TRF3"},"content":{"rendered":"\n<p>O concurso <a href=\"https:\/\/www.estrategiaconcursos.com.br\/cursosPorConcurso\/trf-3-regiao-sao-paulo-e-mato-grosso-do-sul-219\/\" target=\"_blank\" rel=\"noreferrer noopener\">TRF3<\/a> chegou ao fim. O \u00f3rg\u00e3o divulgou nesta sexta-feira, 31 de janeiro de 2020, a lista de aprovados no certame para os cargos de Analista e T\u00e9cnico Judici\u00e1rio. <\/p>\n\n\n\n<p>Como de costume, ap\u00f3s fazer uma varredura na lista de aprovados identificamos in\u00fameros alunos do <strong>Estrat\u00e9gia Concursos<\/strong> aprovados para o cargos de <strong>T\u00e9cnico <\/strong>e<strong> Analista Judici\u00e1rio<\/strong>.<\/p>\n\n\n\n<p>Figuram nas primeiras posi\u00e7\u00f5es da lista de aprovados <strong>91 alunos<\/strong> do Estrat\u00e9gia Concursos, <strong>13 deles conquistaram o primeiro lugar das lista<\/strong>s nas quais concorreram.<\/p>\n\n\n\n<p>S\u00e3o alunos do Estrat\u00e9gia Concursos os primeiros colocados nas tr\u00eas listas de T\u00e9cnico Judici\u00e1rio &#8211; \u00c1rea Administrativa da Se\u00e7\u00e3o Judici\u00e1ria de S\u00e3o Paulo.  Na lista geral do TRF3 (sede), o primeiro lugar tamb\u00e9m \u00e9 de um aluno nosso, juntamente com o 1\u00ba lugar na lista PcD de TJAA na se\u00e7\u00e3o do Mato Grosso do Sul.<\/p>\n\n\n\n<p>Na lista geral do estado de S\u00e3o Paulo, os alunos do Estrat\u00e9gia cravaram o primeiro lugar na ampla concorr\u00eancia e na lista de vagas reservadas a candidatos negros.<\/p>\n\n\n\n<p>O Estrat\u00e9gia Concursos tamb\u00e9m marcou presen\u00e7a na lista de aprovados do cargo de Analista Judici\u00e1rio &#8211; \u00c1rea Judici\u00e1ria: dos 20 primeiros colocados nas listas do TRF3 (sede) e da Se\u00e7\u00e3o Judici\u00e1ria de S\u00e3o Paulo, <strong>metade<\/strong> s\u00e3o nossos alunos, com destaque para os <strong>quatro primeiros colocados<\/strong> na lista da sede. Nossos alunos tamb\u00e9m conquistaram as cinco primeiras posi\u00e7\u00f5es na lista de ampla concorr\u00eancia de todo o estado de S\u00e3o Paulo.<\/p>\n\n\n\n<p>Nossa cada vez mais crescente \u00e1rea de Tecnologia da Informa\u00e7\u00e3o tamb\u00e9m n\u00e3o desanimou: para o cargo de Analista Judici\u00e1rio &#8211; Inform\u00e1tica, nossos alunos  cravaram o primeiro lugar nas listas de ampla concorr\u00eancia, pessoas com defici\u00eancia e candidatos negros. S\u00f3 na lista geral, foram 7 aprovados nas 10 primeiras coloca\u00e7\u00f5es.<\/p>\n\n\n\n<p>No cargo de T\u00e9cnico Judici\u00e1rio &#8211; Inform\u00e1tica, cravamos a primeira e terceira coloca\u00e7\u00f5es na lista de candidatos negros, al\u00e9m de <strong>5 dos 10 primeiros colocados <\/strong>na lista de ampla concorr\u00eancia.<\/p>\n\n\n\n<p>\u00c9 com muito orgulho que o Estrat\u00e9gia Concursos parabeniza nossos alunos aprovados no concurso TRF3 e todos os outros candidatos que conseguiram a t\u00e3o sonhada vaga. <\/p>\n\n\n\n<p>Vale lembrar que o certame registou <strong><em>77.876 inscri\u00e7\u00f5es<\/em><\/strong> e ofertou aos candidatos 9 vagas imediatas mais cadastro de reserva para os cargos de Analista e T\u00e9cnico Judici\u00e1rio. <\/p>\n\n\n\n<p>Abaixo voc\u00ea confere o n\u00famero de alunos do Estrat\u00e9gia aprovados por cargo\/regi\u00e3o: <\/p>\n\n\n\n<h2 class=\"wp-block-heading\" id=\"h-sao-paulo\">S\u00e3o Paulo <\/h2>\n\n\n\n<p><strong>Cargo:<\/strong>&nbsp;T\u00e9cnico Judici\u00e1rio \u2013 \u00c1rea Administrativa<br \/><strong>Estado\/Microrregi\u00e3o:<\/strong>&nbsp;S\u00e3o Paulo\/Capital\/Interior<br \/><strong>Aprovados do Estrat\u00e9gia entre os 10<\/strong>: 6<br \/><strong>Aprovados entre os 20<\/strong>: 12<br \/><strong>Os dois primeiros colocados s\u00e3o do Estrat\u00e9gia<\/strong><\/p>\n\n\n\n<p><strong>Cargo:<\/strong>&nbsp;T\u00e9cnico Judici\u00e1rio \u2013 \u00c1rea Administrativa<br \/><strong>Estado\/Microrregi\u00e3o:<\/strong>&nbsp;Sede<br \/><strong>Aprovados do Estrat\u00e9gia entre os 10<\/strong>: 6<br \/><strong>Aprovados entre os 20<\/strong>: 10<br \/><strong>Os dois primeiros colocados s\u00e3o do Estrat\u00e9gia<\/strong><\/p>\n\n\n\n<p><strong>Cargo:<\/strong>&nbsp;T\u00e9cnico Judici\u00e1rio \u2013 Inform\u00e1tica<br \/><strong>Estado\/Microrregi\u00e3o:<\/strong>&nbsp;Sede<br \/><strong>Aprovados do Estrat\u00e9gia entre os 10<\/strong>: 5<br \/><strong>Porcentagem de aprova\u00e7\u00e3o:<\/strong>&nbsp;50% <\/p>\n\n\n\n<p> <strong>Cargo:<\/strong>&nbsp;T\u00e9cnico Judici\u00e1rio \u2013 Inform\u00e1tica- <strong>Negros<\/strong><br \/><strong>Estado\/Microrregi\u00e3o:<\/strong>&nbsp;Sede<br \/><strong>Aprovados do Estrat\u00e9gia entre os 3<\/strong>: 2<\/p>\n\n\n\n<p><strong>Cargo:<\/strong>&nbsp;T\u00e9cnico Judici\u00e1rio \u2013 \u00c1rea Administrativa <br \/><strong>Estado\/Microrregi\u00e3o:<\/strong>&nbsp;Capital\/Interior e Sede<br \/><strong>Aprovados do Estrat\u00e9gia entre os 10<\/strong>: 5<br \/><strong>Dos cinco primeiros colocados, tr\u00eas s\u00e3o do Estrat\u00e9gia<\/strong> <\/p>\n\n\n\n<p><strong>Cargo:<\/strong>&nbsp;T\u00e9cnico Judici\u00e1rio \u2013 \u00c1rea Administrativa &#8211; <strong>PcD<\/strong><br \/><strong>Estado\/Microrregi\u00e3o:<\/strong>&nbsp;Capital\/Interior <br \/><strong>Aprovados do Estrat\u00e9gia entre os 3<\/strong>: 2<br \/><strong>Os dois primeiros colocados s\u00e3o do Estrat\u00e9gia<\/strong>  <\/p>\n\n\n\n<p><strong>Cargo:<\/strong>&nbsp;T\u00e9cnico Judici\u00e1rio \u2013 \u00c1rea Administrativa &#8211; <strong>Negros<\/strong><br \/><strong>Estado\/Microrregi\u00e3o:<\/strong>&nbsp;Capital\/Interior <br \/><strong>Aprovados do Estrat\u00e9gia entre os 3<\/strong>: 2<br \/><strong>A primeira coloca\u00e7\u00e3o \u00e9 do Estrat\u00e9gia<\/strong>   <\/p>\n\n\n\n<p><strong>Cargo:<\/strong>&nbsp;T\u00e9cnico Judici\u00e1rio \u2013 \u00c1rea Administrativa  &#8211; <strong>PcD<\/strong> <br \/><strong>Estado\/Microrregi\u00e3o:<\/strong>&nbsp; Sede<br \/><strong>Aprovados do Estrat\u00e9gia entre os 3<\/strong>: 0<\/p>\n\n\n\n<p><strong>Cargo:<\/strong>&nbsp;T\u00e9cnico Judici\u00e1rio \u2013 \u00c1rea Administrativa &#8211; <strong>Negros<\/strong><br \/><strong>Estado\/Microrregi\u00e3o:<\/strong>&nbsp;Sede<br \/><strong>Aprovados do Estrat\u00e9gia entre os 10<\/strong>: 1<\/p>\n\n\n\n<p><strong>Cargo:<\/strong>&nbsp;T\u00e9cnico Judici\u00e1rio \u2013 \u00c1rea Administrativa &#8211;<strong> PcD<\/strong><br \/><strong>Estado\/Microrregi\u00e3o:<\/strong>&nbsp;Capital\/Interior e Sede<br \/><strong>Aprovados do Estrat\u00e9gia entre os 3<\/strong>: 1  <\/p>\n\n\n\n<p> <strong>Cargo:<\/strong>&nbsp;T\u00e9cnico Judici\u00e1rio \u2013 \u00c1rea Administrativa &#8211;<strong> Negros<\/strong><br \/><strong>Estado\/Microrregi\u00e3o:<\/strong>&nbsp;Capital\/Interior e Sede<br \/><strong>Aprovados do Estrat\u00e9gia entre os 3<\/strong>: 2   <\/p>\n\n\n\n<p><strong>Cargo:<\/strong>&nbsp;Analista Judici\u00e1rio \u2013 \u00c1rea Judici\u00e1ria<br \/><strong>Estado\/Microrregi\u00e3o:<\/strong>&nbsp;S\u00e3o Paulo\/Capital\/Interior <br \/><strong>Aprovados do Estrat\u00e9gia entre os 10<\/strong>: 6<br \/><strong>Aprovados entre os 20<\/strong>: 10 <br \/><strong>Dos cinco primeiros colocados, tr\u00eas s\u00e3o do Estrat\u00e9gia<\/strong>  <\/p>\n\n\n\n<p><strong>Cargo:<\/strong>&nbsp;Analista Judici\u00e1rio \u2013 \u00c1rea Judici\u00e1ria- <strong>PcD<\/strong><br \/><strong>Estado\/Microrregi\u00e3o:<\/strong>&nbsp;S\u00e3o Paulo\/Capital\/Interior <br \/><strong>Aprovados do Estrat\u00e9gia entre os 3<\/strong>: 2  <\/p>\n\n\n\n<p><strong>Cargo:<\/strong>&nbsp;Analista Judici\u00e1rio \u2013 \u00c1rea Judici\u00e1ria- <strong>Negros<\/strong><br \/><strong>Estado\/Microrregi\u00e3o:<\/strong>&nbsp;S\u00e3o Paulo\/Capital\/Interior <br \/><strong>Aprovados do Estrat\u00e9gia entre os 3<\/strong>: 1   <\/p>\n\n\n\n<p><strong>Cargo:<\/strong>&nbsp;Analista Judici\u00e1rio \u2013 \u00c1rea Judici\u00e1ria <br \/><strong>Estado\/Microrregi\u00e3o:<\/strong> Sede<br \/><strong>Aprovados do Estrat\u00e9gia entre os 10<\/strong>: 6<br \/><strong>Aprovados entre os 20<\/strong>: 10<br \/><strong>As quatro primeiras coloca\u00e7\u00f5es s\u00e3o do Estrat\u00e9gia<\/strong> <\/p>\n\n\n\n<p> <strong>Cargo:<\/strong>&nbsp;Analista Judici\u00e1rio \u2013 \u00c1rea Judici\u00e1ria &#8211; <strong>PcD<\/strong><br \/><strong>Estado\/Microrregi\u00e3o:<\/strong> Sede<br \/><strong>Aprovados do Estrat\u00e9gia entre os 3<\/strong>: 1<\/p>\n\n\n\n<p> <strong>Cargo:<\/strong>&nbsp;Analista Judici\u00e1rio \u2013 \u00c1rea Judici\u00e1ria &#8211; <strong>Negros<\/strong><br \/><strong>Estado\/Microrregi\u00e3o:<\/strong> Sede<br \/><strong>Aprovados do Estrat\u00e9gia entre os 3<\/strong>: 1  <\/p>\n\n\n\n<p><strong>Cargo:<\/strong>&nbsp;Analista Judici\u00e1rio \u2013 Inform\u00e1tica <br \/><strong>Estado\/Microrregi\u00e3o:<\/strong> Sede<br \/><strong>Aprovados do Estrat\u00e9gia entre os 10<\/strong>: 7<br \/><strong>Dos cinco primeiros colocados, tr\u00eas s\u00e3o do Estrat\u00e9gia<\/strong>  <\/p>\n\n\n\n<p><strong>Cargo:<\/strong>&nbsp;Analista Judici\u00e1rio \u2013 Inform\u00e1tica &#8211; <strong>PcD <\/strong><br \/><strong>Estado\/Microrregi\u00e3o:<\/strong> Sede<br \/><strong>Aprovados do Estrat\u00e9gia entre os 3<\/strong>: 3  <\/p>\n\n\n\n<p><strong>Cargo:<\/strong>&nbsp;Analista Judici\u00e1rio \u2013 Inform\u00e1tica &#8211; <strong>Negros <\/strong><br \/><strong>Estado\/Microrregi\u00e3o:<\/strong> Sede<br \/><strong>Aprovados do Estrat\u00e9gia entre os 3<\/strong>: 1   <\/p>\n\n\n\n<p><strong>Cargo:<\/strong>&nbsp;Analista Judici\u00e1rio \u2013 \u00c1rea Judici\u00e1ria <br \/><strong>Estado\/Microrregi\u00e3o:<\/strong> Capital\/Interior e Sede<br \/><strong>Aprovados do Estrat\u00e9gia entre os 10<\/strong>: 7  <br \/><strong>Porcentagem de aprova\u00e7\u00e3o:&nbsp;<\/strong>70% <\/p>\n\n\n\n<p><strong>Cargo:<\/strong>&nbsp;Analista Judici\u00e1rio \u2013 \u00c1rea Judici\u00e1ria- <strong>PcD<\/strong> <br \/><strong>Estado\/Microrregi\u00e3o:<\/strong> Capital\/Interior e Sede<br \/><strong>Aprovados do Estrat\u00e9gia entre os 3<\/strong>: 2   <\/p>\n\n\n\n<p><strong>Cargo:<\/strong>&nbsp;Analista Judici\u00e1rio \u2013 \u00c1rea Judici\u00e1ria &#8211; <strong>Negros <\/strong><br \/><strong>Estado\/Microrregi\u00e3o:<\/strong> Capital\/Interior e Sede<br \/><strong>Aprovados do Estrat\u00e9gia entre os 3<\/strong>: 1  <\/p>\n\n\n\n<h2 class=\"wp-block-heading\" id=\"h-mato-grosso-do-sul\"> Mato Grosso do Sul<\/h2>\n\n\n\n<p><strong>Cargo:<\/strong>&nbsp;T\u00e9cnico Judici\u00e1rio \u2013 \u00c1rea Administrativa<br \/><strong>Estado\/Microrregi\u00e3o:<\/strong>&nbsp;Mato Grosso do Sul<br \/><strong>Aprovados do Estrat\u00e9gia entre os 10<\/strong>: 2<br \/><strong>Aprovados entre os 20<\/strong>: 6 <\/p>\n\n\n\n<p> <strong>Cargo:<\/strong>&nbsp;T\u00e9cnico Judici\u00e1rio \u2013 \u00c1rea Administrativa <strong>&#8211; PcD<\/strong><br \/><strong>Estado\/Microrregi\u00e3o:<\/strong>&nbsp;Mato Grosso do Sul<br \/><strong>Aprovados do Estrat\u00e9gia entre os 10<\/strong>:  1<br \/><strong>A primeira coloca\u00e7\u00e3o \u00e9 do Estrat\u00e9gia<\/strong>    <\/p>\n\n\n\n<p><strong>Cargo:<\/strong>&nbsp;T\u00e9cnico Judici\u00e1rio \u2013 \u00c1rea Administrativa- <strong>Negros<\/strong><br \/><strong>Estado\/Microrregi\u00e3o:<\/strong>&nbsp;Mato Grosso do Sul<br \/><strong>Aprovados do Estrat\u00e9gia entre os 10<\/strong>: 0  <\/p>\n\n\n\n<p><strong><em>Quer saber mais sobre o concurso? Clique no link abaixo e fique por dentro de tudo!<\/em><\/strong><\/p>\n\n\n\n<p class=\"has-text-align-center has-very-light-gray-background-color has-background\" style=\"font-size:clamp(15.197px, 0.95rem + ((1vw - 3.2px) * 0.765), 23px);px\"><strong><em>Mais informa\u00e7\u00f5es:&nbsp;<\/em><\/strong><a href=\"https:\/\/www.estrategiaconcursos.com.br\/blog\/concurso-trf-3\/\"><strong><em>concurso TRF3<\/em><\/strong><\/a><\/p>\n\n\n\n<p class=\"has-text-align-center has-luminous-vivid-amber-background-color has-background\" style=\"font-size:clamp(15.197px, 0.95rem + ((1vw - 3.2px) * 0.765), 23px);px\"><strong><a href=\"https:\/\/www.estrategiaconcursos.com.br\/cursosPorConcurso\/trf-3-regiao-sao-paulo-e-mato-grosso-do-sul-219\/\" target=\"_blank\" rel=\"noreferrer noopener\">CURSO TRF 3<\/a><\/strong><\/p>\n\n\n\n<h2 class=\"wp-block-heading\" id=\"h-quer-saber-tudo-sobre-concursos-previstos-confira-nossos-artigos\">Quer saber tudo sobre concursos previstos?<br \/>Confira nossos artigos!<\/h2>\n\n\n\n<ul class=\"wp-block-list\"><li><a href=\"https:\/\/www.estrategiaconcursos.com.br\/blog\/concursos-abertos\/\" target=\"_blank\" rel=\"noreferrer noopener\">Concursos abertos<\/a><\/li><li><a href=\"https:\/\/www.estrategiaconcursos.com.br\/blog\/concursos-2022\/\" target=\"_blank\" rel=\"noreferrer noopener\">Concursos 2022<\/a><\/li><\/ul>\n","protected":false},"excerpt":{"rendered":"<p>O concurso TRF3 chegou ao fim. O \u00f3rg\u00e3o divulgou nesta sexta-feira, 31 de janeiro de 2020, a lista de aprovados no certame para os cargos de Analista e T\u00e9cnico Judici\u00e1rio. Como de costume, ap\u00f3s fazer uma varredura na lista de aprovados identificamos in\u00fameros alunos do Estrat\u00e9gia Concursos aprovados para o cargos de T\u00e9cnico e Analista [&hellip;]<\/p>\n","protected":false},"author":180,"featured_media":135680,"comment_status":"open","ping_status":"closed","sticky":false,"template":"","format":"standard","meta":{"post_tipo":"article","footnotes":""},"categories":[1],"tags":[],"tax_estado":[],"class_list":["post-476255","post","type-post","status-publish","format-standard","has-post-thumbnail","hentry","category-cursos-e-concursos"],"acf":[],"yoast_head":"<!-- This site is optimized with the Yoast SEO Premium plugin v27.2 (Yoast SEO v27.2) - https:\/\/yoast.com\/product\/yoast-seo-premium-wordpress\/ -->\n<title>Alunos do Estrat\u00e9gia levam 13 primeiras coloca\u00e7\u00f5es do TRF3<\/title>\n<meta name=\"robots\" content=\"index, follow, max-snippet:-1, max-image-preview:large, max-video-preview:-1\" \/>\n<link rel=\"canonical\" href=\"https:\/\/www.estrategiaconcursos.com.br\/blog\/concurso-trf3-aprovados\/\" \/>\n<meta property=\"og:locale\" content=\"pt_BR\" \/>\n<meta property=\"og:type\" content=\"article\" \/>\n<meta property=\"og:title\" content=\"Alunos do Estrat\u00e9gia levam 13 primeiras coloca\u00e7\u00f5es do TRF3\" \/>\n<meta property=\"og:description\" content=\"O concurso TRF3 chegou ao fim. O \u00f3rg\u00e3o divulgou nesta sexta-feira, 31 de janeiro de 2020, a lista de aprovados no certame para os cargos de Analista e T\u00e9cnico Judici\u00e1rio. Como de costume, ap\u00f3s fazer uma varredura na lista de aprovados identificamos in\u00fameros alunos do Estrat\u00e9gia Concursos aprovados para o cargos de T\u00e9cnico e Analista [&hellip;]\" \/>\n<meta property=\"og:url\" content=\"https:\/\/www.estrategiaconcursos.com.br\/blog\/concurso-trf3-aprovados\/\" \/>\n<meta property=\"og:site_name\" content=\"Estrat\u00e9gia Concursos\" \/>\n<meta property=\"article:author\" content=\"https:\/\/www.facebook.com\/ricardo.s.torques\" \/>\n<meta property=\"article:published_time\" content=\"2020-01-31T14:14:11+00:00\" \/>\n<meta property=\"article:modified_time\" content=\"2021-12-23T22:51:46+00:00\" \/>\n<meta property=\"og:image\" content=\"https:\/\/dhg1h5j42swfq.cloudfront.net\/2018\/08\/10172345\/TRF3-e1533932635972.jpg\" \/>\n\t<meta property=\"og:image:width\" content=\"400\" \/>\n\t<meta property=\"og:image:height\" content=\"209\" \/>\n\t<meta property=\"og:image:type\" content=\"image\/jpeg\" \/>\n<meta name=\"author\" content=\"Ricardo Torques\" \/>\n<meta name=\"twitter:card\" content=\"summary_large_image\" \/>\n<meta name=\"twitter:creator\" content=\"@EstratConcursos\" \/>\n<meta name=\"twitter:site\" content=\"@EstratConcursos\" \/>\n<meta name=\"twitter:label1\" content=\"Escrito por\" \/>\n\t<meta name=\"twitter:data1\" content=\"Ricardo Torques\" \/>\n\t<meta name=\"twitter:label2\" content=\"Est. tempo de leitura\" \/>\n\t<meta name=\"twitter:data2\" content=\"6 minutos\" \/>\n<script type=\"application\/ld+json\" class=\"yoast-schema-graph\">{\"@context\":\"https:\/\/schema.org\",\"@graph\":[{\"@type\":\"NewsArticle\",\"@id\":\"https:\/\/www.estrategiaconcursos.com.br\/blog\/concurso-trf3-aprovados\/#article\",\"isPartOf\":{\"@id\":\"https:\/\/www.estrategiaconcursos.com.br\/blog\/concurso-trf3-aprovados\/\"},\"author\":{\"name\":\"Ricardo Torques\",\"@id\":\"https:\/\/www.estrategiaconcursos.com.br\/blog\/#\/schema\/person\/aa39cf5ddb518e5bdce27c35788405e2\"},\"headline\":\"Alunos do Estrat\u00e9gia levam 13 primeiras coloca\u00e7\u00f5es do TRF3\",\"datePublished\":\"2020-01-31T14:14:11+00:00\",\"dateModified\":\"2021-12-23T22:51:46+00:00\",\"mainEntityOfPage\":{\"@id\":\"https:\/\/www.estrategiaconcursos.com.br\/blog\/concurso-trf3-aprovados\/\"},\"wordCount\":1139,\"commentCount\":0,\"publisher\":{\"@id\":\"https:\/\/www.estrategiaconcursos.com.br\/blog\/#organization\"},\"image\":{\"@id\":\"https:\/\/www.estrategiaconcursos.com.br\/blog\/concurso-trf3-aprovados\/#primaryimage\"},\"thumbnailUrl\":\"https:\/\/dhg1h5j42swfq.cloudfront.net\/2018\/08\/10172345\/TRF3-e1533932635972.jpg\",\"articleSection\":[\"Concursos P\u00fablicos\"],\"inLanguage\":\"pt-BR\",\"potentialAction\":[{\"@type\":\"CommentAction\",\"name\":\"Comment\",\"target\":[\"https:\/\/www.estrategiaconcursos.com.br\/blog\/concurso-trf3-aprovados\/#respond\"]}],\"copyrightYear\":\"2020\",\"copyrightHolder\":{\"@id\":\"https:\/\/www.estrategiaconcursos.com.br\/blog\/#organization\"}},{\"@type\":\"WebPage\",\"@id\":\"https:\/\/www.estrategiaconcursos.com.br\/blog\/concurso-trf3-aprovados\/\",\"url\":\"https:\/\/www.estrategiaconcursos.com.br\/blog\/concurso-trf3-aprovados\/\",\"name\":\"Alunos do Estrat\u00e9gia levam 13 primeiras coloca\u00e7\u00f5es do TRF3\",\"isPartOf\":{\"@id\":\"https:\/\/www.estrategiaconcursos.com.br\/blog\/#website\"},\"primaryImageOfPage\":{\"@id\":\"https:\/\/www.estrategiaconcursos.com.br\/blog\/concurso-trf3-aprovados\/#primaryimage\"},\"image\":{\"@id\":\"https:\/\/www.estrategiaconcursos.com.br\/blog\/concurso-trf3-aprovados\/#primaryimage\"},\"thumbnailUrl\":\"https:\/\/dhg1h5j42swfq.cloudfront.net\/2018\/08\/10172345\/TRF3-e1533932635972.jpg\",\"datePublished\":\"2020-01-31T14:14:11+00:00\",\"dateModified\":\"2021-12-23T22:51:46+00:00\",\"breadcrumb\":{\"@id\":\"https:\/\/www.estrategiaconcursos.com.br\/blog\/concurso-trf3-aprovados\/#breadcrumb\"},\"inLanguage\":\"pt-BR\",\"potentialAction\":[{\"@type\":\"ReadAction\",\"target\":[\"https:\/\/www.estrategiaconcursos.com.br\/blog\/concurso-trf3-aprovados\/\"]}]},{\"@type\":\"ImageObject\",\"inLanguage\":\"pt-BR\",\"@id\":\"https:\/\/www.estrategiaconcursos.com.br\/blog\/concurso-trf3-aprovados\/#primaryimage\",\"url\":\"https:\/\/dhg1h5j42swfq.cloudfront.net\/2018\/08\/10172345\/TRF3-e1533932635972.jpg\",\"contentUrl\":\"https:\/\/dhg1h5j42swfq.cloudfront.net\/2018\/08\/10172345\/TRF3-e1533932635972.jpg\",\"width\":400,\"height\":209,\"caption\":\"TRF3\"},{\"@type\":\"BreadcrumbList\",\"@id\":\"https:\/\/www.estrategiaconcursos.com.br\/blog\/concurso-trf3-aprovados\/#breadcrumb\",\"itemListElement\":[{\"@type\":\"ListItem\",\"position\":1,\"name\":\"In\u00edcio\",\"item\":\"https:\/\/www.estrategiaconcursos.com.br\/blog\/\"},{\"@type\":\"ListItem\",\"position\":2,\"name\":\"Alunos do Estrat\u00e9gia levam 13 primeiras coloca\u00e7\u00f5es do TRF3\"}]},{\"@type\":\"WebSite\",\"@id\":\"https:\/\/www.estrategiaconcursos.com.br\/blog\/#website\",\"url\":\"https:\/\/www.estrategiaconcursos.com.br\/blog\/\",\"name\":\"Estrat\u00e9gia Concursos\",\"description\":\"O blog da Estrat\u00e9gia Concursos traz not\u00edcias sobre concursos e artigos de professores oferecendo cursos para concursos (pdf + videaulas) no site.\",\"publisher\":{\"@id\":\"https:\/\/www.estrategiaconcursos.com.br\/blog\/#organization\"},\"potentialAction\":[{\"@type\":\"SearchAction\",\"target\":{\"@type\":\"EntryPoint\",\"urlTemplate\":\"https:\/\/www.estrategiaconcursos.com.br\/blog\/?s={search_term_string}\"},\"query-input\":{\"@type\":\"PropertyValueSpecification\",\"valueRequired\":true,\"valueName\":\"search_term_string\"}}],\"inLanguage\":\"pt-BR\"},{\"@type\":\"Organization\",\"@id\":\"https:\/\/www.estrategiaconcursos.com.br\/blog\/#organization\",\"name\":\"Estrat\u00e9gia Concursos\",\"url\":\"https:\/\/www.estrategiaconcursos.com.br\/blog\/\",\"logo\":{\"@type\":\"ImageObject\",\"inLanguage\":\"pt-BR\",\"@id\":\"https:\/\/www.estrategiaconcursos.com.br\/blog\/#\/schema\/logo\/image\/\",\"url\":\"https:\/\/dhg1h5j42swfq.cloudfront.net\/2025\/06\/03203428\/logo_concursos-1.jpg\",\"contentUrl\":\"https:\/\/dhg1h5j42swfq.cloudfront.net\/2025\/06\/03203428\/logo_concursos-1.jpg\",\"width\":230,\"height\":60,\"caption\":\"Estrat\u00e9gia Concursos\"},\"image\":{\"@id\":\"https:\/\/www.estrategiaconcursos.com.br\/blog\/#\/schema\/logo\/image\/\"},\"sameAs\":[\"https:\/\/x.com\/EstratConcursos\"]},{\"@type\":\"Person\",\"@id\":\"https:\/\/www.estrategiaconcursos.com.br\/blog\/#\/schema\/person\/aa39cf5ddb518e5bdce27c35788405e2\",\"name\":\"Ricardo Torques\",\"image\":{\"@type\":\"ImageObject\",\"inLanguage\":\"pt-BR\",\"@id\":\"https:\/\/secure.gravatar.com\/avatar\/ce9ac6c3cff25fe86d15ed568ebc64d1724baf5c0693133bcb1f6073f712f92a?s=96&d=mm&r=g\",\"url\":\"https:\/\/secure.gravatar.com\/avatar\/ce9ac6c3cff25fe86d15ed568ebc64d1724baf5c0693133bcb1f6073f712f92a?s=96&d=mm&r=g\",\"contentUrl\":\"https:\/\/secure.gravatar.com\/avatar\/ce9ac6c3cff25fe86d15ed568ebc64d1724baf5c0693133bcb1f6073f712f92a?s=96&d=mm&r=g\",\"caption\":\"Ricardo Torques\"},\"sameAs\":[\"https:\/\/www.facebook.com\/ricardo.s.torques\"],\"url\":\"https:\/\/www.estrategiaconcursos.com.br\/blog\/author\/ricardotorquesestrategiaconcursos-com-br\/\"}]}<\/script>\n<!-- \/ Yoast SEO Premium plugin. -->","yoast_head_json":{"title":"Alunos do Estrat\u00e9gia levam 13 primeiras coloca\u00e7\u00f5es do TRF3","robots":{"index":"index","follow":"follow","max-snippet":"max-snippet:-1","max-image-preview":"max-image-preview:large","max-video-preview":"max-video-preview:-1"},"canonical":"https:\/\/www.estrategiaconcursos.com.br\/blog\/concurso-trf3-aprovados\/","og_locale":"pt_BR","og_type":"article","og_title":"Alunos do Estrat\u00e9gia levam 13 primeiras coloca\u00e7\u00f5es do TRF3","og_description":"O concurso TRF3 chegou ao fim. O \u00f3rg\u00e3o divulgou nesta sexta-feira, 31 de janeiro de 2020, a lista de aprovados no certame para os cargos de Analista e T\u00e9cnico Judici\u00e1rio. Como de costume, ap\u00f3s fazer uma varredura na lista de aprovados identificamos in\u00fameros alunos do Estrat\u00e9gia Concursos aprovados para o cargos de T\u00e9cnico e Analista [&hellip;]","og_url":"https:\/\/www.estrategiaconcursos.com.br\/blog\/concurso-trf3-aprovados\/","og_site_name":"Estrat\u00e9gia Concursos","article_author":"https:\/\/www.facebook.com\/ricardo.s.torques","article_published_time":"2020-01-31T14:14:11+00:00","article_modified_time":"2021-12-23T22:51:46+00:00","og_image":[{"width":400,"height":209,"url":"https:\/\/dhg1h5j42swfq.cloudfront.net\/2018\/08\/10172345\/TRF3-e1533932635972.jpg","type":"image\/jpeg"}],"author":"Ricardo Torques","twitter_card":"summary_large_image","twitter_creator":"@EstratConcursos","twitter_site":"@EstratConcursos","twitter_misc":{"Escrito por":"Ricardo Torques","Est. tempo de leitura":"6 minutos"},"schema":{"@context":"https:\/\/schema.org","@graph":[{"@type":"NewsArticle","@id":"https:\/\/www.estrategiaconcursos.com.br\/blog\/concurso-trf3-aprovados\/#article","isPartOf":{"@id":"https:\/\/www.estrategiaconcursos.com.br\/blog\/concurso-trf3-aprovados\/"},"author":{"name":"Ricardo Torques","@id":"https:\/\/www.estrategiaconcursos.com.br\/blog\/#\/schema\/person\/aa39cf5ddb518e5bdce27c35788405e2"},"headline":"Alunos do Estrat\u00e9gia levam 13 primeiras coloca\u00e7\u00f5es do TRF3","datePublished":"2020-01-31T14:14:11+00:00","dateModified":"2021-12-23T22:51:46+00:00","mainEntityOfPage":{"@id":"https:\/\/www.estrategiaconcursos.com.br\/blog\/concurso-trf3-aprovados\/"},"wordCount":1139,"commentCount":0,"publisher":{"@id":"https:\/\/www.estrategiaconcursos.com.br\/blog\/#organization"},"image":{"@id":"https:\/\/www.estrategiaconcursos.com.br\/blog\/concurso-trf3-aprovados\/#primaryimage"},"thumbnailUrl":"https:\/\/dhg1h5j42swfq.cloudfront.net\/2018\/08\/10172345\/TRF3-e1533932635972.jpg","articleSection":["Concursos P\u00fablicos"],"inLanguage":"pt-BR","potentialAction":[{"@type":"CommentAction","name":"Comment","target":["https:\/\/www.estrategiaconcursos.com.br\/blog\/concurso-trf3-aprovados\/#respond"]}],"copyrightYear":"2020","copyrightHolder":{"@id":"https:\/\/www.estrategiaconcursos.com.br\/blog\/#organization"}},{"@type":"WebPage","@id":"https:\/\/www.estrategiaconcursos.com.br\/blog\/concurso-trf3-aprovados\/","url":"https:\/\/www.estrategiaconcursos.com.br\/blog\/concurso-trf3-aprovados\/","name":"Alunos do Estrat\u00e9gia levam 13 primeiras coloca\u00e7\u00f5es do TRF3","isPartOf":{"@id":"https:\/\/www.estrategiaconcursos.com.br\/blog\/#website"},"primaryImageOfPage":{"@id":"https:\/\/www.estrategiaconcursos.com.br\/blog\/concurso-trf3-aprovados\/#primaryimage"},"image":{"@id":"https:\/\/www.estrategiaconcursos.com.br\/blog\/concurso-trf3-aprovados\/#primaryimage"},"thumbnailUrl":"https:\/\/dhg1h5j42swfq.cloudfront.net\/2018\/08\/10172345\/TRF3-e1533932635972.jpg","datePublished":"2020-01-31T14:14:11+00:00","dateModified":"2021-12-23T22:51:46+00:00","breadcrumb":{"@id":"https:\/\/www.estrategiaconcursos.com.br\/blog\/concurso-trf3-aprovados\/#breadcrumb"},"inLanguage":"pt-BR","potentialAction":[{"@type":"ReadAction","target":["https:\/\/www.estrategiaconcursos.com.br\/blog\/concurso-trf3-aprovados\/"]}]},{"@type":"ImageObject","inLanguage":"pt-BR","@id":"https:\/\/www.estrategiaconcursos.com.br\/blog\/concurso-trf3-aprovados\/#primaryimage","url":"https:\/\/dhg1h5j42swfq.cloudfront.net\/2018\/08\/10172345\/TRF3-e1533932635972.jpg","contentUrl":"https:\/\/dhg1h5j42swfq.cloudfront.net\/2018\/08\/10172345\/TRF3-e1533932635972.jpg","width":400,"height":209,"caption":"TRF3"},{"@type":"BreadcrumbList","@id":"https:\/\/www.estrategiaconcursos.com.br\/blog\/concurso-trf3-aprovados\/#breadcrumb","itemListElement":[{"@type":"ListItem","position":1,"name":"In\u00edcio","item":"https:\/\/www.estrategiaconcursos.com.br\/blog\/"},{"@type":"ListItem","position":2,"name":"Alunos do Estrat\u00e9gia levam 13 primeiras coloca\u00e7\u00f5es do TRF3"}]},{"@type":"WebSite","@id":"https:\/\/www.estrategiaconcursos.com.br\/blog\/#website","url":"https:\/\/www.estrategiaconcursos.com.br\/blog\/","name":"Estrat\u00e9gia Concursos","description":"O blog da Estrat\u00e9gia Concursos traz not\u00edcias sobre concursos e artigos de professores oferecendo cursos para concursos (pdf + videaulas) no site.","publisher":{"@id":"https:\/\/www.estrategiaconcursos.com.br\/blog\/#organization"},"potentialAction":[{"@type":"SearchAction","target":{"@type":"EntryPoint","urlTemplate":"https:\/\/www.estrategiaconcursos.com.br\/blog\/?s={search_term_string}"},"query-input":{"@type":"PropertyValueSpecification","valueRequired":true,"valueName":"search_term_string"}}],"inLanguage":"pt-BR"},{"@type":"Organization","@id":"https:\/\/www.estrategiaconcursos.com.br\/blog\/#organization","name":"Estrat\u00e9gia Concursos","url":"https:\/\/www.estrategiaconcursos.com.br\/blog\/","logo":{"@type":"ImageObject","inLanguage":"pt-BR","@id":"https:\/\/www.estrategiaconcursos.com.br\/blog\/#\/schema\/logo\/image\/","url":"https:\/\/dhg1h5j42swfq.cloudfront.net\/2025\/06\/03203428\/logo_concursos-1.jpg","contentUrl":"https:\/\/dhg1h5j42swfq.cloudfront.net\/2025\/06\/03203428\/logo_concursos-1.jpg","width":230,"height":60,"caption":"Estrat\u00e9gia Concursos"},"image":{"@id":"https:\/\/www.estrategiaconcursos.com.br\/blog\/#\/schema\/logo\/image\/"},"sameAs":["https:\/\/x.com\/EstratConcursos"]},{"@type":"Person","@id":"https:\/\/www.estrategiaconcursos.com.br\/blog\/#\/schema\/person\/aa39cf5ddb518e5bdce27c35788405e2","name":"Ricardo Torques","image":{"@type":"ImageObject","inLanguage":"pt-BR","@id":"https:\/\/secure.gravatar.com\/avatar\/ce9ac6c3cff25fe86d15ed568ebc64d1724baf5c0693133bcb1f6073f712f92a?s=96&d=mm&r=g","url":"https:\/\/secure.gravatar.com\/avatar\/ce9ac6c3cff25fe86d15ed568ebc64d1724baf5c0693133bcb1f6073f712f92a?s=96&d=mm&r=g","contentUrl":"https:\/\/secure.gravatar.com\/avatar\/ce9ac6c3cff25fe86d15ed568ebc64d1724baf5c0693133bcb1f6073f712f92a?s=96&d=mm&r=g","caption":"Ricardo Torques"},"sameAs":["https:\/\/www.facebook.com\/ricardo.s.torques"],"url":"https:\/\/www.estrategiaconcursos.com.br\/blog\/author\/ricardotorquesestrategiaconcursos-com-br\/"}]}},"_links":{"self":[{"href":"https:\/\/www.estrategiaconcursos.com.br\/blog\/wp-json\/wp\/v2\/posts\/476255","targetHints":{"allow":["GET"]}}],"collection":[{"href":"https:\/\/www.estrategiaconcursos.com.br\/blog\/wp-json\/wp\/v2\/posts"}],"about":[{"href":"https:\/\/www.estrategiaconcursos.com.br\/blog\/wp-json\/wp\/v2\/types\/post"}],"author":[{"embeddable":true,"href":"https:\/\/www.estrategiaconcursos.com.br\/blog\/wp-json\/wp\/v2\/users\/180"}],"replies":[{"embeddable":true,"href":"https:\/\/www.estrategiaconcursos.com.br\/blog\/wp-json\/wp\/v2\/comments?post=476255"}],"version-history":[{"count":45,"href":"https:\/\/www.estrategiaconcursos.com.br\/blog\/wp-json\/wp\/v2\/posts\/476255\/revisions"}],"predecessor-version":[{"id":934996,"href":"https:\/\/www.estrategiaconcursos.com.br\/blog\/wp-json\/wp\/v2\/posts\/476255\/revisions\/934996"}],"wp:featuredmedia":[{"embeddable":true,"href":"https:\/\/www.estrategiaconcursos.com.br\/blog\/wp-json\/wp\/v2\/media\/135680"}],"wp:attachment":[{"href":"https:\/\/www.estrategiaconcursos.com.br\/blog\/wp-json\/wp\/v2\/media?parent=476255"}],"wp:term":[{"taxonomy":"category","embeddable":true,"href":"https:\/\/www.estrategiaconcursos.com.br\/blog\/wp-json\/wp\/v2\/categories?post=476255"},{"taxonomy":"post_tag","embeddable":true,"href":"https:\/\/www.estrategiaconcursos.com.br\/blog\/wp-json\/wp\/v2\/tags?post=476255"},{"taxonomy":"tax_estado","embeddable":true,"href":"https:\/\/www.estrategiaconcursos.com.br\/blog\/wp-json\/wp\/v2\/tax_estado?post=476255"}],"curies":[{"name":"wp","href":"https:\/\/api.w.org\/{rel}","templated":true}]}}