{"id":475942,"date":"2021-12-07T11:04:00","date_gmt":"2021-12-07T14:04:00","guid":{"rendered":"https:\/\/www.estrategiaconcursos.com.br\/blog\/?p=475942"},"modified":"2023-10-20T10:53:24","modified_gmt":"2023-10-20T13:53:24","slug":"concurso-guarda-de-sao-jose-dos-pinhais","status":"publish","type":"post","link":"https:\/\/www.estrategiaconcursos.com.br\/blog\/concurso-guarda-de-sao-jose-dos-pinhais\/","title":{"rendered":"Concurso Guarda S\u00e3o Jos\u00e9 dos Pinhais: Saiu o gabarito!"},"content":{"rendered":"\n<p>Ap\u00f3s ser retomado e ter suas provas objetivas devidamente aplicadas, foi divulgado o <a href=\"https:\/\/dhg1h5j42swfq.cloudfront.net\/2021\/12\/07105415\/sjp_ed_430_2021_gabarito.pdf\" target=\"_blank\" rel=\"noreferrer noopener nofollow\">gabarito preliminar<\/a> da referida etapa do <strong>concurso Guarda de S\u00e3o Jos\u00e9 dos Pinhais<\/strong>.<\/p>\n\n\n\n<p>O prazo para interposi\u00e7\u00e3o de recurso contra o gabarito pode ser realizado nos dias 8 a 10 de dezembro, no site da <a href=\"https:\/\/www.fauel.org.br\/paginaconcurso.php?concurso=11b9842e0a271ff252c1903e7132cd68\" target=\"_blank\" rel=\"noreferrer noopener\">FAUEL<\/a>. A divulga\u00e7\u00e3o das notas definitivas da prova e convoca\u00e7\u00e3o para avalia\u00e7\u00e3o psicol\u00f3gica \u00e9 prevista para 18 de janeiro de 2022.<\/p>\n\n\n\n<p>Lembrando que o certame oferta oportunidades para o cargo de Guarda Municipal, cuja escolaridade requerida \u00e9 n\u00edvel m\u00e9dio, sendo 3 (tr\u00eas) oportunidades para homens e 1 (uma) para mulheres.<\/p>\n\n\n\n<ul class=\"has-very-light-gray-to-cyan-bluish-gray-gradient-background has-background wp-block-list\">\n<li><strong>Guarda de S\u00e3o Jos\u00e9 dos Pinhais<\/strong> &#8211; <strong>Guarda Municipal<\/strong><\/li>\n\n\n\n<li><strong>Banca<\/strong>: Fauel<\/li>\n\n\n\n<li><strong style=\"background-color: initial; color: initial;\">Vagas<\/strong><span style=\"background-color: initial; color: initial;\">: 4<\/span><\/li>\n\n\n\n<li><strong>Sal\u00e1rio<\/strong>: R$ 2.753,92 + gratifica\u00e7\u00f5es<\/li>\n\n\n\n<li><strong>Edital:<\/strong> <a href=\"https:\/\/dhg1h5j42swfq.cloudfront.net\/2020\/06\/11102805\/edital-concurso-guarda-sao-jose-pinhais-pr.pdf\" target=\"_blank\" rel=\"noreferrer noopener nofollow\">GCM S\u00e3o Jos\u00e9 dos Pinhais 2020<\/a><\/li>\n<\/ul>\n\n\n\n<div class=\"container\" id=\"boxes\">\n  <div class=\"row\">\n\n    <div class=\"col-sm\">\n      <div class=\"banner-guarda-gcm\" id=\"box-assinatura\">\n        <h3 class=\"titulo-assinatura\">Guarda de S\u00e3o Jos\u00e9 dos Pinhais<\/h3>\n        <p class=\"subtitulo-assinatura\">Conhe\u00e7a os cursos<\/p>\n        <div class=\"box-botao\">\n          <a class=\"btn-assinatura\" target=\"_blank\" href=\"https:\/\/www.estrategiaconcursos.com.br\/cursosPorConcurso\/prefeitura-municipal-de-sao-jose-dos-pinhais-pr\/\" role=\"button\" rel=\"noopener noreferrer\">Conhe\u00e7a mais<\/a>\n        <\/div>\n      <\/div>\n     \n    <\/div>\n\n  <\/div>\n<\/div>\n\n\n\n<p>Nosso objetivo \u00e9 deixar voc\u00ea&nbsp;<strong><em>100% atualizado<\/em><\/strong>. Ao longo do artigo voc\u00ea encontrar\u00e1 tudo o que precisa saber sobre o novo concurso Guarda de S\u00e3o Jos\u00e9 dos Pinhais e outras informa\u00e7\u00f5es relevantes sobre o certame. Acompanhe pelos t\u00f3picos a seguir:<\/p>\n\n\n\n<ul class=\"wp-block-list\" id=\"indice\">\n<li><a href=\"#situacao\">Situa\u00e7\u00e3o atual do concurso<\/a>\n<ul class=\"wp-block-list\">\n<li><a href=\"#cargo\">Cargos, vagas e remunera\u00e7\u00f5es<\/a>\n<ul class=\"wp-block-list\">\n<li><a href=\"#requisito\">Requisitos<\/a><\/li>\n\n\n\n<li><a href=\"#atribuicoes\">Atribui\u00e7\u00f5es<\/a><\/li>\n<\/ul>\n<\/li>\n\n\n\n<li><a href=\"#etapa\">Etapas do concurso<\/a><\/li>\n<\/ul>\n<\/li>\n\n\n\n<li><a href=\"#\u00faltimo\">\u00daltimo concurso<\/a><\/li>\n\n\n\n<li><a href=\"#ficha\">Ficha t\u00e9cnica<\/a><\/li>\n<\/ul>\n\n\n\n<h2 class=\"wp-block-heading has-cyan-bluish-gray-background-color has-background\" id=\"situacao\">Informa\u00e7\u00f5es do concurso Guarda de S\u00e3o Jos\u00e9 dos Pinhais<\/h2>\n\n\n\n<h3 class=\"wp-block-heading\" id=\"cargo\">Cargos, vagas e remunera\u00e7\u00f5es do concurso Guarda de S\u00e3o Jos\u00e9 dos Pinhais<\/h3>\n\n\n\n<p>O concurso Guarda de S\u00e3o Jos\u00e9 dos Pinhais oferta <strong>04 vagas para o cargo de Guarda Municipal<\/strong>, sendo 3 (tr\u00eas) oportunidades para homens e 1 (uma) para mulheres. <\/p>\n\n\n\n<p>A remunera\u00e7\u00e3o \u00e9 de <strong>R$ 2.753,92<\/strong> + benef\u00edcios e\/ou gratifica\u00e7\u00f5es previstos em Lei.<\/p>\n\n\n\n<figure class=\"wp-block-table is-style-stripes\"><table class=\"has-very-light-gray-to-cyan-bluish-gray-gradient-background has-background has-fixed-layout\"><thead><tr><th class=\"has-text-align-center\" data-align=\"center\">Cargo<\/th><th class=\"has-text-align-center\" data-align=\"center\">Vagas sexo masculino<\/th><th class=\"has-text-align-center\" data-align=\"center\">Vagas sexo feminino<\/th><\/tr><\/thead><tbody><tr><td class=\"has-text-align-center\" data-align=\"center\">Guarda Municipal<\/td><td class=\"has-text-align-center\" data-align=\"center\">3<\/td><td class=\"has-text-align-center\" data-align=\"center\">1<\/td><\/tr><\/tbody><\/table><\/figure>\n\n\n\n<h3 class=\"wp-block-heading\" id=\"requisito\">Requisitos <\/h3>\n\n\n\n<p>O&nbsp;<strong>requisito m\u00ednimo<\/strong>&nbsp;para o cargo de Guarda Municipal \u00e9 que o candidato tenha&nbsp;n\u00edvel m\u00e9dio completo. Tamb\u00e9m \u00e9 necess\u00e1rio possuir CNH (Carteira Nacional de Habilita\u00e7\u00e3o) <strong>categoria \u201cB\u201d<\/strong>&nbsp;ou superior em plena validade.<\/p>\n\n\n\n<h3 class=\"wp-block-heading\" id=\"atribuicoes\">Atribui\u00e7\u00f5es do cargo de Guarda Municipal <\/h3>\n\n\n\n<ol class=\"wp-block-list\">\n<li>Executar policiamento ostensivo, preventivo, uniformizado e armado na prote\u00e7\u00e3o da popula\u00e7\u00e3o, bens, servi\u00e7os e instala\u00e7\u00f5es do Munic\u00edpio; <\/li>\n\n\n\n<li>Desempenhar atividades de prote\u00e7\u00e3o do patrim\u00f4nio p\u00fablico, guardando-os, vigiando os contra danos e atos de vandalismo; }<\/li>\n\n\n\n<li>Fiscalizar, orientar e controlar o tr\u00e2nsito municipal de pedestre e ve\u00edculos nas \u00e1reas de sua atua\u00e7\u00e3o; <\/li>\n\n\n\n<li>Operar equipamentos de comunica\u00e7\u00e3o e equipamentos tecnol\u00f3gicos de monitoramento de alarmes e c\u00e2meras de v\u00eddeo; <\/li>\n\n\n\n<li>Dirigir viaturas conforme escala de servi\u00e7o; <\/li>\n\n\n\n<li>Elaborar relat\u00f3rios de suas atividades; <\/li>\n\n\n\n<li>Prestar colabora\u00e7\u00e3o e orienta\u00e7\u00e3o ao p\u00fablico em geral; <\/li>\n\n\n\n<li>Apoiar e garantir as a\u00e7\u00f5es fiscalizadoras e o servi\u00e7o de responsabilidade do Munic\u00edpio;<\/li>\n\n\n\n<li>Executar atividades de socorro e prote\u00e7\u00e3o as v\u00edtimas de calamidades, participando de a\u00e7\u00f5es de defesa civil, colaborando tamb\u00e9m na preven\u00e7\u00e3o e controle de inc\u00eandios e inunda\u00e7\u00f5es, quando necess\u00e1rio; <\/li>\n\n\n\n<li>Cumprir fielmente as ordens emanadas de seus superiores hier\u00e1rquicos; <\/li>\n\n\n\n<li>Conduzir ao distrito policial pessoas surpreendidas na pr\u00e1tica de delitos ou atos antissociais, se necess\u00e1rio, informando a central de comunica\u00e7\u00e3o; <\/li>\n\n\n\n<li>Zelar pelo cumprimento das normas de tr\u00e2nsito; <\/li>\n\n\n\n<li>Zelar pelo cumprimento das normas internas do Departamento da Guarda Municipal, preservando o bom nome da corpora\u00e7\u00e3o; <\/li>\n\n\n\n<li>Fazer rondas nos per\u00edodos diurno e noturno, conforme escala, fiscalizando a entrada e sa\u00edda, o acesso de pessoas, ve\u00edculos e equipamentos nas depend\u00eancias de reparti\u00e7\u00f5es p\u00fablicas; <\/li>\n\n\n\n<li>Desempenhar outras atividades correlatas; <\/li>\n<\/ol>\n\n\n\n<h3 class=\"wp-block-heading\" id=\"etapa\">Etapas do concurso Guarda de S\u00e3o Jos\u00e9 dos Pinhais<\/h3>\n\n\n\n<p>Cinco etapas comp\u00f5em o concurso Guarda de S\u00e3o Jos\u00e9 dos Pinhais: Prova Objetiva, Avalia\u00e7\u00e3o Psicol\u00f3gica, Exames M\u00e9dicos, Teste de Aptid\u00e3o F\u00edsica e Investiga\u00e7\u00e3o de Conduta. Confira os detalhes a seguir:<\/p>\n\n\n\n<h3 class=\"wp-block-heading\">Prova Objetiva <\/h3>\n\n\n\n<p>De car\u00e1ter eliminat\u00f3rio e classificat\u00f3rio, a Prova Objetiva foi composta por quest\u00f5es de m\u00faltipla escolha, com 05 (cinco) alternativas (a, b ,c, d, e) e apenas 01 (uma) alternativa correta.<\/p>\n\n\n\n<figure class=\"wp-block-image aligncenter size-large\"><img loading=\"lazy\" decoding=\"async\" width=\"668\" height=\"225\" src=\"https:\/\/dhg1h5j42swfq.cloudfront.net\/2020\/01\/30161229\/PO.jpg\" alt=\"Provas do concurso Guarda de S\u00e3o Jos\u00e9 dos Pinhais\" class=\"wp-image-476071\" srcset=\"https:\/\/dhg1h5j42swfq.cloudfront.net\/2020\/01\/30161229\/PO.jpg 668w, https:\/\/dhg1h5j42swfq.cloudfront.net\/2020\/01\/30161229\/PO-300x101.jpg 300w, https:\/\/dhg1h5j42swfq.cloudfront.net\/2020\/01\/30161229\/PO-610x205.jpg 610w\" sizes=\"auto, (max-width: 668px) 100vw, 668px\" \/><figcaption class=\"wp-element-caption\">Provas do concurso Guarda de S\u00e3o Jos\u00e9 dos Pinhais<\/figcaption><\/figure>\n\n\n\n<h3 class=\"wp-block-heading\">Conte\u00fado Program\u00e1tico da Prova Objetiva<\/h3>\n\n\n\n<p><strong>L\u00edngua Portuguesa<\/strong>: interpreta\u00e7\u00e3o de texto; coes\u00e3o e coer\u00eancia textual. FONOLOGIA: divis\u00e3o sil\u00e1bica. ORTOGRAFIA: escrita correta das palavras na norma culta; regras do Novo Acordo Ortogr\u00e1fico; acentua\u00e7\u00e3o gr\u00e1fica; uso de crase; acentos diferenciais; pontua\u00e7\u00e3o gr\u00e1fica. MORFOLOGIA: Forma\u00e7\u00e3o das palavras quanto a g\u00eanero (masculino e feminino), n\u00famero (singular e plural) e grau (aumentativo e diminutivo); classifica\u00e7\u00e3o das palavras (verbo, substantivo, adjetivo, adv\u00e9rbio e artigo); flex\u00e3o verbal e nominal. SINTAXE: identifica\u00e7\u00e3o e classifica\u00e7\u00e3o das fun\u00e7\u00f5es sint\u00e1ticas (sujeito, predicado, objetos (direto e indireto), adjuntos adnominais e adverbiais). SEM\u00c2NTICA: significado das palavras de acordo com o contexto; figuras de linguagem.<\/p>\n\n\n\n<p><strong>Matem\u00e1tica<\/strong>: Opera\u00e7\u00f5es de Adi\u00e7\u00e3o, Subtra\u00e7\u00e3o, Multiplica\u00e7\u00e3o e Divis\u00e3o. Pot\u00eancias e Ra\u00edzes. Raz\u00e3o e Propor\u00e7\u00e3o. Probabilidade. Porcentagem. Regra de Tr\u00eas Simples e Composta. Equa\u00e7\u00f5es do Primeiro e do Segundo Grau. \u00c1reas de Figuras Planas. Progress\u00e3o Aritm\u00e9tica e Geom\u00e9trica. Juros Simples e Compostos. L\u00f3gica e Racioc\u00ednio Matem\u00e1tico. Inform\u00e1tica: Correio Eletr\u00f4nico: conceitos; Gerenciador de e-mail (Outlook Express); Microsoft office (word) Atalhos e barra de ferramentas; Modos de sele\u00e7\u00e3o de texto; Formata\u00e7\u00e3o de texto; Formata\u00e7\u00e3o de par\u00e1grafos; Alinhamento; Planilha (Excel): Atalhos e barra de ferramentas; Formata\u00e7\u00e3o de dados; Sele\u00e7\u00e3o de c\u00e9lulas; Atributos de caracteres; conceito de internet e intranet; aplicativos para seguran\u00e7a (antiv\u00edrus, firewall, anti-spyware etc. <\/p>\n\n\n\n<p><strong>Conhecimentos Gerais<\/strong>: Temas relevantes e atuais sobre pol\u00edtica, economia, sociedade, cultura, geografia, educa\u00e7\u00e3o, tecnologia e ecologia, suas inter-rela\u00e7\u00f5es e vincula\u00e7\u00f5es hist\u00f3ricas. Compreens\u00e3o de problemas que afetam a vida da comunidade, do munic\u00edpio, do estado e do pa\u00eds.<\/p>\n\n\n\n<p><strong>Conhecimentos sobre o Munic\u00edpio de S\u00e3o Jos\u00e9 dos Pinhais<\/strong>. <strong>Conhecimentos Espec\u00edficos<\/strong>:<\/p>\n\n\n\n<p><strong>No\u00e7\u00f5es de Direito Constitucional<\/strong>: <br \/>1 &#8211; Direitos e garantias fundamentais: direitos e deveres individuais e coletivos; direito \u00e0 vida, \u00e0 liberdade, \u00e0 igualdade, \u00e0 seguran\u00e7a e \u00e0 propriedade; direitos sociais; nacionalidade; cidadania e direitos pol\u00edticos; partidos pol\u00edticos; garantias constitucionais individuais; garantias dos direitos coletivos, sociais e pol\u00edticos. <br \/>2 &#8211; Poder Executivo: forma e sistema de governo; chefia de Estado e chefia de governo. <br \/>3 &#8211; Defesa do Estado e das institui\u00e7\u00f5es democr\u00e1ticas: seguran\u00e7a p\u00fablica; organiza\u00e7\u00e3o da seguran\u00e7a p\u00fablica. <br \/>No\u00e7\u00f5es de Direito Penal e de Direito Processual Penal:<br \/>1 &#8211; Princ\u00edpios b\u00e1sicos. <br \/>2 &#8211; Aplica\u00e7\u00e3o da lei penal. 2.1 A lei penal no tempo e no espa\u00e7o. 2.2 Tempo e lugar do crime. 2.3 Territorialidade e extraterritorialidade da lei penal. <br \/>3 &#8211; O fato t\u00edpico e seus elementos. 3.1 Crime consumado e tentado. 3.2 Ilicitude e causas de exclus\u00e3o. 3.3 Excesso pun\u00edvel. <br \/>4 &#8211; Crimes contra a pessoa. <br \/>5 &#8211; Crimes contra o patrim\u00f4nio. <br \/>6 &#8211; Crimes contra a f\u00e9 p\u00fablica. <br \/>7 &#8211; Crimes contra a Administra\u00e7\u00e3o P\u00fablica. c) NO\u00c7\u00d5ES DE DIREITO <\/p>\n\n\n\n<p><strong>Administrativo<\/strong>: <br \/>1 &#8211; Poderes administrativos. 1.1 Hier\u00e1rquico, disciplinar, regulamentar e de pol\u00edcia. 1.2 Uso e abuso do poder. <br \/>2 &#8211; No\u00e7\u00f5es de organiza\u00e7\u00e3o administrativa. 2.1  Prefeitura Municipal de S\u00e3o Jos\u00e9 dos Pinhais ESTADO DO PARAN\u00c1 35 Centraliza\u00e7\u00e3o, descentraliza\u00e7\u00e3o, concentra\u00e7\u00e3o e desconcentra\u00e7\u00e3o. 2.2 Administra\u00e7\u00e3o direta e indireta. 2.3 Autarquias, funda\u00e7\u00f5es, empresas p\u00fablicas e sociedades de economia mista. Legisla\u00e7\u00e3o Especial: 1 Lei n\u00ba 10.826\/2003 e suas altera\u00e7\u00f5es (Estatuto do Desarmamento). 2 Lei n\u00ba 525\/2004 e suas altera\u00e7\u00f5es (Estatuto dos Servidores P\u00fablicos Municipais de S\u00e3o Jose dos Pinhais). <br \/>3 &#8211; Lei 13022\/2014 Estatuto Geral das Guardas Municipais. <br \/>4 &#8211; Lei n\u00ba 10.741\/2003 e suas altera\u00e7\u00f5es (estatuto do idoso) 4.1 Dos Direitos Fundamentais 4.2 das medidas de prote\u00e7\u00e3o 4.3 Dos crimes. <br \/>5 &#8211; Lei n\u00ba 11.340\/2006 e suas altera\u00e7\u00f5es (Lei Maria da Penha). <br \/>6 &#8211; Lei n\u00ba 8.069\/1990 e suas altera\u00e7\u00f5es (Estatuto da Crian\u00e7a e do Adolescente) 6.1 Dos Direitos Fundamentais 6.2 Da pratica do Ato Infracional. <br \/>7 &#8211; Lei n\u00ba 9605\/1998 e suas altera\u00e7\u00f5es (lei dos crimes contra o meio ambiente) 7.1 Da apreens\u00e3o do produto e do instrumento de infra\u00e7\u00e3o administrativa ou do crime 7.2 Dos crimes contra o meio ambiente. <br \/>8 &#8211; Declara\u00e7\u00e3o Universal dos Direitos Humanos. <br \/>9 &#8211; Lei n\u00ba 11.343\/2006 e suas altera\u00e7\u00f5es ( Sistema Nacional de Politicas Publicas Sobre Drogas). <br \/>10 &#8211; \u00c9tica e moral 10.1 \u00c9tica, princ\u00edpios e valores 10.2 \u00c9tica e democracia: exerc\u00edcio da cidadania 10.3 \u00c9tica e fun\u00e7\u00e3o p\u00fablica 10.4 \u00c9tica no setor p\u00fablico. <\/p>\n\n\n\n<p><strong>Legisla\u00e7\u00e3o de Tr\u00e2nsito<\/strong>: 1 Lei n\u00ba 9.503\/1997 e suas altera\u00e7\u00f5es (institui o C\u00f3digo de Tr\u00e2nsito Brasileiro \u2014 CTB) 1.1 Disposi\u00e7\u00f5es preliminares. 1.2 Do Sistema Nacional de Transito. 1.3 Das Normas Gerais de Circula\u00e7\u00e3o e Conduta. 1.4 Da habilita\u00e7\u00e3o. 1.5 Das Infra\u00e7\u00f5es 1.5.1 art. 181 e 182. 1.6 Dos Crimes de Transito 1.7 Resolu\u00e7\u00f5es do Conselho Nacional de Tr\u00e2nsito (CONTRAN) e suas altera\u00e7\u00f5es. 1.7.1 Resolu\u00e7\u00e3o 432\/2013 1.7.2 Resolu\u00e7\u00e3o 277\/2008. <\/p>\n\n\n\n<h3 class=\"wp-block-heading\">Avalia\u00e7\u00e3o Psicol\u00f3gica<\/h3>\n\n\n\n<p>A avalia\u00e7\u00e3o psicol\u00f3gica ter\u00e1 car\u00e1ter apenas eliminat\u00f3rio. A avalia\u00e7\u00e3o psicol\u00f3gica consistir\u00e1 na aplica\u00e7\u00e3o e avalia\u00e7\u00e3o de baterias de testes e de instrumentos psicol\u00f3gicos que observar\u00e3o os seguintes itens: capacidade de concentra\u00e7\u00e3o e aten\u00e7\u00e3o, capacidade de observa\u00e7\u00e3o e avalia\u00e7\u00e3o, racioc\u00ednio l\u00f3gico, relacionamento interpessoal, organiza\u00e7\u00e3o, controle emocional e agressividade.<\/p>\n\n\n\n<h3 class=\"wp-block-heading\">Exames M\u00e9dicos  <\/h3>\n\n\n\n<p>A avalia\u00e7\u00e3o de exames m\u00e9dicos do concurso Guarda S\u00e3o Jos\u00e9 dos Pinhais ter\u00e1 car\u00e1ter apenas eliminat\u00f3rio e ser\u00e1 avaliado por equipe de profissionais da FAUEL. <br \/><br \/>O Exame de Sa\u00fade se destinar\u00e1 \u00e0 constata\u00e7\u00e3o, mediante exame cl\u00ednico e an\u00e1lise dos testes e exames laboratoriais solicitados, de doen\u00e7as, sinais ou sintomas que inabilitem o candidato para as exig\u00eancias da fun\u00e7\u00e3o de Guarda Municipal.<\/p>\n\n\n\n<h3 class=\"wp-block-heading\">Teste de Aptid\u00e3o F\u00edsica<\/h3>\n\n\n\n<p>A prova de aptid\u00e3o f\u00edsica ter\u00e1 car\u00e1ter eliminat\u00f3rio (os testes apresentam crit\u00e9rios m\u00ednimos a serem atingidos) e classificat\u00f3rio (quanto melhor o desempenho, maior a pontua\u00e7\u00e3o), e ser\u00e1 composta por 04 (quatro) testes, nesta ordem:<\/p>\n\n\n\n<ul class=\"wp-block-list\">\n<li>I. Teste de flex\u00e3o em barra fixa; <\/li>\n\n\n\n<li>II. Teste de flex\u00e3o abdominal; <\/li>\n\n\n\n<li>III. Teste de impuls\u00e3o horizontal; e <\/li>\n\n\n\n<li>IV. Teste de corrida de 12 minutos. <\/li>\n<\/ul>\n\n\n\n<h3 class=\"wp-block-heading\">Investiga\u00e7\u00e3o de Conduta<\/h3>\n\n\n\n<p>A investiga\u00e7\u00e3o de conduta ter\u00e1 car\u00e1ter apenas eliminat\u00f3rio. O procedimento irrepreens\u00edvel e a idoneidade moral inatac\u00e1vel ser\u00e3o apurados por meio de investiga\u00e7\u00e3o de conduta no \u00e2mbito social, funcional, civil e criminal dos candidatos inscritos no concurso Guarda de S\u00e3o Jos\u00e9 dos Pinhais e classificados nas fases antecedentes<br \/><br \/>A investiga\u00e7\u00e3o ter\u00e1 in\u00edcio por ocasi\u00e3o da inscri\u00e7\u00e3o do candidato no Concurso P\u00fablico e terminar\u00e1 com o ato de nomea\u00e7\u00e3o, compreendendo dilig\u00eancias (ambi\u00eancia dom\u00e9stica e social), entrevistas e pedidos de informa\u00e7\u00e3o.   <\/p>\n\n\n\n<h2 class=\"wp-block-heading has-cyan-bluish-gray-background-color has-background\" id=\"\u00faltimo\">\u00daltimo concurso Guarda de S\u00e3o Jos\u00e9 dos Pinhais<\/h2>\n\n\n\n<p>O \u00faltimo concurso Guarda de S\u00e3o Jos\u00e9 dos Pinhais ocorreu em 2011, com oferta de 14 vagas. Organizado pela Fafip, o corcurso, na \u00e9poca, oferecia remunera\u00e7\u00e3o de R$ 1.585,13 + benef\u00edcios, com jornada de trabalho de 40h semanais.<\/p>\n\n\n\n<h3 class=\"wp-block-heading\">Prova Objetiva    <\/h3>\n\n\n\n<p>A prova objetiva do certame teve 60 quest\u00f5es e foram divididas da seguinte maneira: <\/p>\n\n\n\n<ul class=\"wp-block-list\">\n<li><strong>L\u00edngua Portuguesa &#8211; 10 quest\u00f5es<\/strong><\/li>\n\n\n\n<li><strong>Racioc\u00ednio L\u00f3gico e Matem\u00e1tico &#8211; 10 quest\u00f5es<\/strong><\/li>\n\n\n\n<li><strong>Conhecimentos Gerais &#8211; 10 quest\u00f5es<\/strong><\/li>\n\n\n\n<li><strong>Legisla\u00e7\u00e3o Espec\u00edfica &#8211; 20 quest\u00f5es<\/strong> <\/li>\n<\/ul>\n\n\n\n<hr class=\"wp-block-separator has-css-opacity\"\/>\n\n\n\n<h2 class=\"wp-block-heading has-text-align-center\" id=\"h-quer-saber-tudo-sobre-concursos-previstos-confira-nossos-artigos\">Quer saber tudo sobre concursos previstos?<br \/>Confira nossos artigos!<\/h2>\n\n\n\n<ul class=\"wp-block-list\">\n<li><a href=\"https:\/\/www.estrategiaconcursos.com.br\/blog\/concursos-abertos\/\" target=\"_blank\" rel=\"noreferrer noopener\">Concursos abertos<\/a><\/li>\n<\/ul>\n\n\n\n<h2 class=\"wp-block-heading has-text-align-center\" id=\"curso\">Quer estudar para o concurso Guarda S\u00e3o Jos\u00e9 dos Pinhais?<\/h2>\n\n\n\n<div class=\"container\" id=\"boxes\">\n  <div class=\"row\">\n\n    <div class=\"col-sm\">\n      <div class=\"banner-guarda-gcm\" id=\"box-assinatura\">\n        <h3 class=\"titulo-assinatura\">Curso GCM S\u00e3o Jos\u00e9 dos Pinhais<\/h3>\n        <p class=\"subtitulo-assinatura\">Conhe\u00e7a os cursos<\/p>\n        <div class=\"box-botao\">\n          <a class=\"btn-assinatura\" target=\"_blank\" href=\"https:\/\/www.estrategiaconcursos.com.br\/cursosPorConcurso\/prefeitura-municipal-de-sao-jose-dos-pinhais-pr\/\" role=\"button\" rel=\"noopener noreferrer\">Conhe\u00e7a mais<\/a>\n        <\/div>\n      <\/div>\n     \n    <\/div>\n\n  <\/div>\n<\/div>\n\n\n\n<div class=\"container\" id=\"boxes\">\n  <div class=\"row\">\n\n    <div class=\"col-sm\">\n      <div class=\"estrategia\" id=\"box-assinatura\">\n        <h3 class=\"titulo-assinatura\">Assinatura de Concursos<\/h3>\n        <p class=\"subtitulo-assinatura\">Assinatura de 1 ano ou 2 anos<\/p>\n        <div class=\"box-botao\">\n          <a class=\"btn-assinatura\" target=\"_blank\" href=\"https:\/\/www.estrategiaconcursos.com.br\/assinaturas\/\" role=\"button\" rel=\"noopener noreferrer\">ASSINE AGORA<\/a>\n        <\/div>\n      <\/div><\/div><\/div><\/div>\n\n\n\n<figure class=\"wp-block-image size-large is-resized\"><img loading=\"lazy\" decoding=\"async\" width=\"1024\" height=\"632\" src=\"https:\/\/dhg1h5j42swfq.cloudfront.net\/2021\/05\/20103131\/ficha-tecnica-35-1024x632.png\" alt=\"Informa\u00e7\u00f5es do Concurso Guarda de S\u00e3o Jos\u00e9 dos Pinhais\" class=\"wp-image-745916\" style=\"width:263px;height:162px\" srcset=\"https:\/\/dhg1h5j42swfq.cloudfront.net\/2021\/05\/20103131\/ficha-tecnica-35-1024x632.png 1024w, https:\/\/dhg1h5j42swfq.cloudfront.net\/2021\/05\/20103131\/ficha-tecnica-35-300x185.png 300w, https:\/\/dhg1h5j42swfq.cloudfront.net\/2021\/05\/20103131\/ficha-tecnica-35-768x474.png 768w, https:\/\/dhg1h5j42swfq.cloudfront.net\/2021\/05\/20103131\/ficha-tecnica-35-1536x948.png 1536w, https:\/\/dhg1h5j42swfq.cloudfront.net\/2021\/05\/20103131\/ficha-tecnica-35-610x377.png 610w, https:\/\/dhg1h5j42swfq.cloudfront.net\/2021\/05\/20103131\/ficha-tecnica-35.png 1571w\" sizes=\"auto, (max-width: 1024px) 100vw, 1024px\" \/><\/figure>\n\n\n\n<h3 class=\"wp-block-heading\" id=\"ficha\">Informa\u00e7\u00f5es do Concurso Guarda de S\u00e3o Jos\u00e9 dos Pinhais<\/h3>\n\n\n\n<p>\u25ba<strong>Vagas<\/strong>: 04<br \/>\u25ba<strong>Cargos<\/strong>: Guarda Municipal <br \/>\u25ba<strong>Banca<\/strong>: FAUEL<br \/>\u25ba<strong>Escolaridade<\/strong>: N\u00edvel m\u00e9dio<span style=\"font-size: revert; color: initial;\"> <\/span><br \/>\u25ba<strong>Edital<\/strong>: <a style=\"font-size: revert;\" href=\"https:\/\/dhg1h5j42swfq.cloudfront.net\/2020\/06\/11102805\/edital-concurso-guarda-sao-jose-pinhais-pr.pdf\" target=\"_blank\" rel=\"noreferrer noopener nofollow\">GCM S\u00e3o Jos\u00e9 dos Pinhais 2020<\/a>   <\/p>\n","protected":false},"excerpt":{"rendered":"<p>Ap\u00f3s ser retomado e ter suas provas objetivas devidamente aplicadas, foi divulgado o gabarito preliminar da referida etapa do concurso Guarda de S\u00e3o Jos\u00e9 dos Pinhais. O prazo para interposi\u00e7\u00e3o de recurso contra o gabarito pode ser realizado nos dias 8 a 10 de dezembro, no site da FAUEL. A divulga\u00e7\u00e3o das notas definitivas da [&hellip;]<\/p>\n","protected":false},"author":1,"featured_media":910780,"comment_status":"open","ping_status":"closed","sticky":false,"template":"","format":"standard","meta":{"post_tipo":"news_page","footnotes":""},"categories":[220189],"tags":[],"tax_estado":[219981],"class_list":["post-475942","post","type-post","status-publish","format-standard","has-post-thumbnail","hentry","category-policial-guarda-civis","tax_estado-pr"],"acf":[],"yoast_head":"<!-- This site is optimized with the Yoast SEO Premium plugin v27.2 (Yoast SEO v27.2) - https:\/\/yoast.com\/product\/yoast-seo-premium-wordpress\/ -->\n<title>Concurso Guarda S\u00e3o Jos\u00e9 dos Pinhais: Saiu o gabarito!<\/title>\n<meta name=\"description\" content=\"Concurso Guarda de S\u00e3o Jos\u00e9 dos Pinhais: Com provas aplicadas, gabarito preliminar \u00e9 divulgado. Acesse e confira os detalhes!\" \/>\n<meta name=\"robots\" content=\"index, follow, max-snippet:-1, max-image-preview:large, max-video-preview:-1\" \/>\n<link rel=\"canonical\" href=\"https:\/\/www.estrategiaconcursos.com.br\/blog\/concurso-guarda-de-sao-jose-dos-pinhais\/\" \/>\n<meta property=\"og:locale\" content=\"pt_BR\" \/>\n<meta property=\"og:type\" content=\"article\" \/>\n<meta property=\"og:title\" content=\"Concurso Guarda S\u00e3o Jos\u00e9 dos Pinhais: Saiu o gabarito!\" \/>\n<meta property=\"og:description\" content=\"Concurso Guarda de S\u00e3o Jos\u00e9 dos Pinhais: Com provas aplicadas, gabarito preliminar \u00e9 divulgado. Acesse e confira os detalhes!\" \/>\n<meta property=\"og:url\" content=\"https:\/\/www.estrategiaconcursos.com.br\/blog\/concurso-guarda-de-sao-jose-dos-pinhais\/\" \/>\n<meta property=\"og:site_name\" content=\"Estrat\u00e9gia Concursos\" \/>\n<meta property=\"article:author\" content=\"https:\/\/www.facebook.com\/EstrategiaConcursos\" \/>\n<meta property=\"article:published_time\" content=\"2021-12-07T14:04:00+00:00\" \/>\n<meta property=\"article:modified_time\" content=\"2023-10-20T13:53:24+00:00\" \/>\n<meta property=\"og:image\" content=\"https:\/\/dhg1h5j42swfq.cloudfront.net\/2021\/11\/17160421\/guarda_de_sao_jose_dos_pinhais-1.jpg\" \/>\n\t<meta property=\"og:image:width\" content=\"768\" \/>\n\t<meta property=\"og:image:height\" content=\"432\" \/>\n\t<meta property=\"og:image:type\" content=\"image\/jpeg\" \/>\n<meta name=\"author\" content=\"Coordena\u00e7\u00e3o\" \/>\n<meta name=\"twitter:card\" content=\"summary_large_image\" \/>\n<meta name=\"twitter:creator\" content=\"@EstratConcursos\" \/>\n<meta name=\"twitter:site\" content=\"@EstratConcursos\" \/>\n<meta name=\"twitter:label1\" content=\"Escrito por\" \/>\n\t<meta name=\"twitter:data1\" content=\"Coordena\u00e7\u00e3o\" \/>\n\t<meta name=\"twitter:label2\" content=\"Est. tempo de leitura\" \/>\n\t<meta name=\"twitter:data2\" content=\"8 minutos\" \/>\n<script type=\"application\/ld+json\" class=\"yoast-schema-graph\">{\"@context\":\"https:\/\/schema.org\",\"@graph\":[{\"@type\":\"NewsArticle\",\"@id\":\"https:\/\/www.estrategiaconcursos.com.br\/blog\/concurso-guarda-de-sao-jose-dos-pinhais\/#article\",\"isPartOf\":{\"@id\":\"https:\/\/www.estrategiaconcursos.com.br\/blog\/concurso-guarda-de-sao-jose-dos-pinhais\/\"},\"author\":{\"name\":\"Coordena\u00e7\u00e3o\",\"@id\":\"https:\/\/www.estrategiaconcursos.com.br\/blog\/#\/schema\/person\/b4a388c97673c5f483d72185668afa1f\"},\"headline\":\"Concurso Guarda S\u00e3o Jos\u00e9 dos Pinhais: Saiu o gabarito!\",\"datePublished\":\"2021-12-07T14:04:00+00:00\",\"dateModified\":\"2023-10-20T13:53:24+00:00\",\"mainEntityOfPage\":{\"@id\":\"https:\/\/www.estrategiaconcursos.com.br\/blog\/concurso-guarda-de-sao-jose-dos-pinhais\/\"},\"wordCount\":1948,\"commentCount\":1,\"publisher\":{\"@id\":\"https:\/\/www.estrategiaconcursos.com.br\/blog\/#organization\"},\"image\":{\"@id\":\"https:\/\/www.estrategiaconcursos.com.br\/blog\/concurso-guarda-de-sao-jose-dos-pinhais\/#primaryimage\"},\"thumbnailUrl\":\"https:\/\/dhg1h5j42swfq.cloudfront.net\/2021\/11\/17160421\/guarda_de_sao_jose_dos_pinhais-1.jpg\",\"articleSection\":[\"Policial (Guardas Civis)\"],\"inLanguage\":\"pt-BR\",\"potentialAction\":[{\"@type\":\"CommentAction\",\"name\":\"Comment\",\"target\":[\"https:\/\/www.estrategiaconcursos.com.br\/blog\/concurso-guarda-de-sao-jose-dos-pinhais\/#respond\"]}],\"copyrightYear\":\"2021\",\"copyrightHolder\":{\"@id\":\"https:\/\/www.estrategiaconcursos.com.br\/blog\/#organization\"}},{\"@type\":\"WebPage\",\"@id\":\"https:\/\/www.estrategiaconcursos.com.br\/blog\/concurso-guarda-de-sao-jose-dos-pinhais\/\",\"url\":\"https:\/\/www.estrategiaconcursos.com.br\/blog\/concurso-guarda-de-sao-jose-dos-pinhais\/\",\"name\":\"Concurso Guarda S\u00e3o Jos\u00e9 dos Pinhais: Saiu o gabarito!\",\"isPartOf\":{\"@id\":\"https:\/\/www.estrategiaconcursos.com.br\/blog\/#website\"},\"primaryImageOfPage\":{\"@id\":\"https:\/\/www.estrategiaconcursos.com.br\/blog\/concurso-guarda-de-sao-jose-dos-pinhais\/#primaryimage\"},\"image\":{\"@id\":\"https:\/\/www.estrategiaconcursos.com.br\/blog\/concurso-guarda-de-sao-jose-dos-pinhais\/#primaryimage\"},\"thumbnailUrl\":\"https:\/\/dhg1h5j42swfq.cloudfront.net\/2021\/11\/17160421\/guarda_de_sao_jose_dos_pinhais-1.jpg\",\"datePublished\":\"2021-12-07T14:04:00+00:00\",\"dateModified\":\"2023-10-20T13:53:24+00:00\",\"description\":\"Concurso Guarda de S\u00e3o Jos\u00e9 dos Pinhais: Com provas aplicadas, gabarito preliminar \u00e9 divulgado. Acesse e confira os detalhes!\",\"breadcrumb\":{\"@id\":\"https:\/\/www.estrategiaconcursos.com.br\/blog\/concurso-guarda-de-sao-jose-dos-pinhais\/#breadcrumb\"},\"inLanguage\":\"pt-BR\",\"potentialAction\":[{\"@type\":\"ReadAction\",\"target\":[\"https:\/\/www.estrategiaconcursos.com.br\/blog\/concurso-guarda-de-sao-jose-dos-pinhais\/\"]}]},{\"@type\":\"ImageObject\",\"inLanguage\":\"pt-BR\",\"@id\":\"https:\/\/www.estrategiaconcursos.com.br\/blog\/concurso-guarda-de-sao-jose-dos-pinhais\/#primaryimage\",\"url\":\"https:\/\/dhg1h5j42swfq.cloudfront.net\/2021\/11\/17160421\/guarda_de_sao_jose_dos_pinhais-1.jpg\",\"contentUrl\":\"https:\/\/dhg1h5j42swfq.cloudfront.net\/2021\/11\/17160421\/guarda_de_sao_jose_dos_pinhais-1.jpg\",\"width\":768,\"height\":432},{\"@type\":\"BreadcrumbList\",\"@id\":\"https:\/\/www.estrategiaconcursos.com.br\/blog\/concurso-guarda-de-sao-jose-dos-pinhais\/#breadcrumb\",\"itemListElement\":[{\"@type\":\"ListItem\",\"position\":1,\"name\":\"In\u00edcio\",\"item\":\"https:\/\/www.estrategiaconcursos.com.br\/blog\/\"},{\"@type\":\"ListItem\",\"position\":2,\"name\":\"Concurso Guarda S\u00e3o Jos\u00e9 dos Pinhais: Saiu o gabarito!\"}]},{\"@type\":\"WebSite\",\"@id\":\"https:\/\/www.estrategiaconcursos.com.br\/blog\/#website\",\"url\":\"https:\/\/www.estrategiaconcursos.com.br\/blog\/\",\"name\":\"Estrat\u00e9gia Concursos\",\"description\":\"O blog da Estrat\u00e9gia Concursos traz not\u00edcias sobre concursos e artigos de professores oferecendo cursos para concursos (pdf + videaulas) no site.\",\"publisher\":{\"@id\":\"https:\/\/www.estrategiaconcursos.com.br\/blog\/#organization\"},\"potentialAction\":[{\"@type\":\"SearchAction\",\"target\":{\"@type\":\"EntryPoint\",\"urlTemplate\":\"https:\/\/www.estrategiaconcursos.com.br\/blog\/?s={search_term_string}\"},\"query-input\":{\"@type\":\"PropertyValueSpecification\",\"valueRequired\":true,\"valueName\":\"search_term_string\"}}],\"inLanguage\":\"pt-BR\"},{\"@type\":\"Organization\",\"@id\":\"https:\/\/www.estrategiaconcursos.com.br\/blog\/#organization\",\"name\":\"Estrat\u00e9gia Concursos\",\"url\":\"https:\/\/www.estrategiaconcursos.com.br\/blog\/\",\"logo\":{\"@type\":\"ImageObject\",\"inLanguage\":\"pt-BR\",\"@id\":\"https:\/\/www.estrategiaconcursos.com.br\/blog\/#\/schema\/logo\/image\/\",\"url\":\"https:\/\/dhg1h5j42swfq.cloudfront.net\/2025\/06\/03203428\/logo_concursos-1.jpg\",\"contentUrl\":\"https:\/\/dhg1h5j42swfq.cloudfront.net\/2025\/06\/03203428\/logo_concursos-1.jpg\",\"width\":230,\"height\":60,\"caption\":\"Estrat\u00e9gia Concursos\"},\"image\":{\"@id\":\"https:\/\/www.estrategiaconcursos.com.br\/blog\/#\/schema\/logo\/image\/\"},\"sameAs\":[\"https:\/\/x.com\/EstratConcursos\"]},{\"@type\":\"Person\",\"@id\":\"https:\/\/www.estrategiaconcursos.com.br\/blog\/#\/schema\/person\/b4a388c97673c5f483d72185668afa1f\",\"name\":\"Coordena\u00e7\u00e3o\",\"image\":{\"@type\":\"ImageObject\",\"inLanguage\":\"pt-BR\",\"@id\":\"https:\/\/secure.gravatar.com\/avatar\/b720319e4c9a967eb58678d110f4fe35452fc5d5f97b202bac7b8acceb18c6ad?s=96&d=mm&r=g\",\"url\":\"https:\/\/secure.gravatar.com\/avatar\/b720319e4c9a967eb58678d110f4fe35452fc5d5f97b202bac7b8acceb18c6ad?s=96&d=mm&r=g\",\"contentUrl\":\"https:\/\/secure.gravatar.com\/avatar\/b720319e4c9a967eb58678d110f4fe35452fc5d5f97b202bac7b8acceb18c6ad?s=96&d=mm&r=g\",\"caption\":\"Coordena\u00e7\u00e3o\"},\"sameAs\":[\"https:\/\/www.facebook.com\/EstrategiaConcursos\",\"https:\/\/x.com\/EstratConcursos\"],\"url\":\"https:\/\/www.estrategiaconcursos.com.br\/blog\/author\/estrategia2013\/\"}]}<\/script>\n<!-- \/ Yoast SEO Premium plugin. -->","yoast_head_json":{"title":"Concurso Guarda S\u00e3o Jos\u00e9 dos Pinhais: Saiu o gabarito!","description":"Concurso Guarda de S\u00e3o Jos\u00e9 dos Pinhais: Com provas aplicadas, gabarito preliminar \u00e9 divulgado. Acesse e confira os detalhes!","robots":{"index":"index","follow":"follow","max-snippet":"max-snippet:-1","max-image-preview":"max-image-preview:large","max-video-preview":"max-video-preview:-1"},"canonical":"https:\/\/www.estrategiaconcursos.com.br\/blog\/concurso-guarda-de-sao-jose-dos-pinhais\/","og_locale":"pt_BR","og_type":"article","og_title":"Concurso Guarda S\u00e3o Jos\u00e9 dos Pinhais: Saiu o gabarito!","og_description":"Concurso Guarda de S\u00e3o Jos\u00e9 dos Pinhais: Com provas aplicadas, gabarito preliminar \u00e9 divulgado. Acesse e confira os detalhes!","og_url":"https:\/\/www.estrategiaconcursos.com.br\/blog\/concurso-guarda-de-sao-jose-dos-pinhais\/","og_site_name":"Estrat\u00e9gia Concursos","article_author":"https:\/\/www.facebook.com\/EstrategiaConcursos","article_published_time":"2021-12-07T14:04:00+00:00","article_modified_time":"2023-10-20T13:53:24+00:00","og_image":[{"width":768,"height":432,"url":"https:\/\/dhg1h5j42swfq.cloudfront.net\/2021\/11\/17160421\/guarda_de_sao_jose_dos_pinhais-1.jpg","type":"image\/jpeg"}],"author":"Coordena\u00e7\u00e3o","twitter_card":"summary_large_image","twitter_creator":"@EstratConcursos","twitter_site":"@EstratConcursos","twitter_misc":{"Escrito por":"Coordena\u00e7\u00e3o","Est. tempo de leitura":"8 minutos"},"schema":{"@context":"https:\/\/schema.org","@graph":[{"@type":"NewsArticle","@id":"https:\/\/www.estrategiaconcursos.com.br\/blog\/concurso-guarda-de-sao-jose-dos-pinhais\/#article","isPartOf":{"@id":"https:\/\/www.estrategiaconcursos.com.br\/blog\/concurso-guarda-de-sao-jose-dos-pinhais\/"},"author":{"name":"Coordena\u00e7\u00e3o","@id":"https:\/\/www.estrategiaconcursos.com.br\/blog\/#\/schema\/person\/b4a388c97673c5f483d72185668afa1f"},"headline":"Concurso Guarda S\u00e3o Jos\u00e9 dos Pinhais: Saiu o gabarito!","datePublished":"2021-12-07T14:04:00+00:00","dateModified":"2023-10-20T13:53:24+00:00","mainEntityOfPage":{"@id":"https:\/\/www.estrategiaconcursos.com.br\/blog\/concurso-guarda-de-sao-jose-dos-pinhais\/"},"wordCount":1948,"commentCount":1,"publisher":{"@id":"https:\/\/www.estrategiaconcursos.com.br\/blog\/#organization"},"image":{"@id":"https:\/\/www.estrategiaconcursos.com.br\/blog\/concurso-guarda-de-sao-jose-dos-pinhais\/#primaryimage"},"thumbnailUrl":"https:\/\/dhg1h5j42swfq.cloudfront.net\/2021\/11\/17160421\/guarda_de_sao_jose_dos_pinhais-1.jpg","articleSection":["Policial (Guardas Civis)"],"inLanguage":"pt-BR","potentialAction":[{"@type":"CommentAction","name":"Comment","target":["https:\/\/www.estrategiaconcursos.com.br\/blog\/concurso-guarda-de-sao-jose-dos-pinhais\/#respond"]}],"copyrightYear":"2021","copyrightHolder":{"@id":"https:\/\/www.estrategiaconcursos.com.br\/blog\/#organization"}},{"@type":"WebPage","@id":"https:\/\/www.estrategiaconcursos.com.br\/blog\/concurso-guarda-de-sao-jose-dos-pinhais\/","url":"https:\/\/www.estrategiaconcursos.com.br\/blog\/concurso-guarda-de-sao-jose-dos-pinhais\/","name":"Concurso Guarda S\u00e3o Jos\u00e9 dos Pinhais: Saiu o gabarito!","isPartOf":{"@id":"https:\/\/www.estrategiaconcursos.com.br\/blog\/#website"},"primaryImageOfPage":{"@id":"https:\/\/www.estrategiaconcursos.com.br\/blog\/concurso-guarda-de-sao-jose-dos-pinhais\/#primaryimage"},"image":{"@id":"https:\/\/www.estrategiaconcursos.com.br\/blog\/concurso-guarda-de-sao-jose-dos-pinhais\/#primaryimage"},"thumbnailUrl":"https:\/\/dhg1h5j42swfq.cloudfront.net\/2021\/11\/17160421\/guarda_de_sao_jose_dos_pinhais-1.jpg","datePublished":"2021-12-07T14:04:00+00:00","dateModified":"2023-10-20T13:53:24+00:00","description":"Concurso Guarda de S\u00e3o Jos\u00e9 dos Pinhais: Com provas aplicadas, gabarito preliminar \u00e9 divulgado. Acesse e confira os detalhes!","breadcrumb":{"@id":"https:\/\/www.estrategiaconcursos.com.br\/blog\/concurso-guarda-de-sao-jose-dos-pinhais\/#breadcrumb"},"inLanguage":"pt-BR","potentialAction":[{"@type":"ReadAction","target":["https:\/\/www.estrategiaconcursos.com.br\/blog\/concurso-guarda-de-sao-jose-dos-pinhais\/"]}]},{"@type":"ImageObject","inLanguage":"pt-BR","@id":"https:\/\/www.estrategiaconcursos.com.br\/blog\/concurso-guarda-de-sao-jose-dos-pinhais\/#primaryimage","url":"https:\/\/dhg1h5j42swfq.cloudfront.net\/2021\/11\/17160421\/guarda_de_sao_jose_dos_pinhais-1.jpg","contentUrl":"https:\/\/dhg1h5j42swfq.cloudfront.net\/2021\/11\/17160421\/guarda_de_sao_jose_dos_pinhais-1.jpg","width":768,"height":432},{"@type":"BreadcrumbList","@id":"https:\/\/www.estrategiaconcursos.com.br\/blog\/concurso-guarda-de-sao-jose-dos-pinhais\/#breadcrumb","itemListElement":[{"@type":"ListItem","position":1,"name":"In\u00edcio","item":"https:\/\/www.estrategiaconcursos.com.br\/blog\/"},{"@type":"ListItem","position":2,"name":"Concurso Guarda S\u00e3o Jos\u00e9 dos Pinhais: Saiu o gabarito!"}]},{"@type":"WebSite","@id":"https:\/\/www.estrategiaconcursos.com.br\/blog\/#website","url":"https:\/\/www.estrategiaconcursos.com.br\/blog\/","name":"Estrat\u00e9gia Concursos","description":"O blog da Estrat\u00e9gia Concursos traz not\u00edcias sobre concursos e artigos de professores oferecendo cursos para concursos (pdf + videaulas) no site.","publisher":{"@id":"https:\/\/www.estrategiaconcursos.com.br\/blog\/#organization"},"potentialAction":[{"@type":"SearchAction","target":{"@type":"EntryPoint","urlTemplate":"https:\/\/www.estrategiaconcursos.com.br\/blog\/?s={search_term_string}"},"query-input":{"@type":"PropertyValueSpecification","valueRequired":true,"valueName":"search_term_string"}}],"inLanguage":"pt-BR"},{"@type":"Organization","@id":"https:\/\/www.estrategiaconcursos.com.br\/blog\/#organization","name":"Estrat\u00e9gia Concursos","url":"https:\/\/www.estrategiaconcursos.com.br\/blog\/","logo":{"@type":"ImageObject","inLanguage":"pt-BR","@id":"https:\/\/www.estrategiaconcursos.com.br\/blog\/#\/schema\/logo\/image\/","url":"https:\/\/dhg1h5j42swfq.cloudfront.net\/2025\/06\/03203428\/logo_concursos-1.jpg","contentUrl":"https:\/\/dhg1h5j42swfq.cloudfront.net\/2025\/06\/03203428\/logo_concursos-1.jpg","width":230,"height":60,"caption":"Estrat\u00e9gia Concursos"},"image":{"@id":"https:\/\/www.estrategiaconcursos.com.br\/blog\/#\/schema\/logo\/image\/"},"sameAs":["https:\/\/x.com\/EstratConcursos"]},{"@type":"Person","@id":"https:\/\/www.estrategiaconcursos.com.br\/blog\/#\/schema\/person\/b4a388c97673c5f483d72185668afa1f","name":"Coordena\u00e7\u00e3o","image":{"@type":"ImageObject","inLanguage":"pt-BR","@id":"https:\/\/secure.gravatar.com\/avatar\/b720319e4c9a967eb58678d110f4fe35452fc5d5f97b202bac7b8acceb18c6ad?s=96&d=mm&r=g","url":"https:\/\/secure.gravatar.com\/avatar\/b720319e4c9a967eb58678d110f4fe35452fc5d5f97b202bac7b8acceb18c6ad?s=96&d=mm&r=g","contentUrl":"https:\/\/secure.gravatar.com\/avatar\/b720319e4c9a967eb58678d110f4fe35452fc5d5f97b202bac7b8acceb18c6ad?s=96&d=mm&r=g","caption":"Coordena\u00e7\u00e3o"},"sameAs":["https:\/\/www.facebook.com\/EstrategiaConcursos","https:\/\/x.com\/EstratConcursos"],"url":"https:\/\/www.estrategiaconcursos.com.br\/blog\/author\/estrategia2013\/"}]}},"_links":{"self":[{"href":"https:\/\/www.estrategiaconcursos.com.br\/blog\/wp-json\/wp\/v2\/posts\/475942","targetHints":{"allow":["GET"]}}],"collection":[{"href":"https:\/\/www.estrategiaconcursos.com.br\/blog\/wp-json\/wp\/v2\/posts"}],"about":[{"href":"https:\/\/www.estrategiaconcursos.com.br\/blog\/wp-json\/wp\/v2\/types\/post"}],"author":[{"embeddable":true,"href":"https:\/\/www.estrategiaconcursos.com.br\/blog\/wp-json\/wp\/v2\/users\/1"}],"replies":[{"embeddable":true,"href":"https:\/\/www.estrategiaconcursos.com.br\/blog\/wp-json\/wp\/v2\/comments?post=475942"}],"version-history":[{"count":36,"href":"https:\/\/www.estrategiaconcursos.com.br\/blog\/wp-json\/wp\/v2\/posts\/475942\/revisions"}],"predecessor-version":[{"id":1295442,"href":"https:\/\/www.estrategiaconcursos.com.br\/blog\/wp-json\/wp\/v2\/posts\/475942\/revisions\/1295442"}],"wp:featuredmedia":[{"embeddable":true,"href":"https:\/\/www.estrategiaconcursos.com.br\/blog\/wp-json\/wp\/v2\/media\/910780"}],"wp:attachment":[{"href":"https:\/\/www.estrategiaconcursos.com.br\/blog\/wp-json\/wp\/v2\/media?parent=475942"}],"wp:term":[{"taxonomy":"category","embeddable":true,"href":"https:\/\/www.estrategiaconcursos.com.br\/blog\/wp-json\/wp\/v2\/categories?post=475942"},{"taxonomy":"post_tag","embeddable":true,"href":"https:\/\/www.estrategiaconcursos.com.br\/blog\/wp-json\/wp\/v2\/tags?post=475942"},{"taxonomy":"tax_estado","embeddable":true,"href":"https:\/\/www.estrategiaconcursos.com.br\/blog\/wp-json\/wp\/v2\/tax_estado?post=475942"}],"curies":[{"name":"wp","href":"https:\/\/api.w.org\/{rel}","templated":true}]}}