{"id":475881,"date":"2020-02-03T07:00:00","date_gmt":"2020-02-03T10:00:00","guid":{"rendered":"https:\/\/www.estrategiaconcursos.com.br\/blog\/?p=475881"},"modified":"2022-12-09T08:51:29","modified_gmt":"2022-12-09T11:51:29","slug":"semana-especial-oab-gratuitamente","status":"publish","type":"post","link":"https:\/\/www.estrategiaconcursos.com.br\/blog\/semana-especial-oab-gratuitamente\/","title":{"rendered":"Semana Especial OAB: Revise gratuitamente TODO o conte\u00fado da prova entre 01 e 07\/02"},"content":{"rendered":"\n<p>A 1.\u00aa Fase do<strong> XXXI Exame de Ordem<\/strong> ocorrer\u00e1 em poucos dias! A Prova Objetiva est\u00e1 prevista para o domingo, <strong>09 de fevereiro<\/strong>, a partir das <strong>13 horas<\/strong>, em todo o pa\u00eds. A aprova\u00e7\u00e3o no exame \u00e9 requisito essencial para voc\u00ea, bacharel em direito, que quer exercer legalmente sua profiss\u00e3o.    <\/p>\n\n\n\n<p>E para auxiliar voc\u00ea candidato nesta reta final, a equipe de professores do Estrat\u00e9gia OAB preparou uma semana exclusiva de revis\u00e3o para o Exame, com <strong>aulas todos os dias<\/strong>, entre o s\u00e1bado e a sexta que antecedem a prova, para voc\u00ea ficar ainda mais afiado e tirar todas as suas d\u00favidas!<\/p>\n\n\n\n<p>Ser\u00e3o revisadas as 17 disciplinas e trabalhados os principais assuntos e abordagens para a 1.\u00aa Fase, em mais de <em><strong>60 horas de revis\u00e3o por v\u00eddeo totalmente gratuitas<\/strong><\/em>. O evento ser\u00e1 transmitido a partir deste s\u00e1bado,<strong> 01 de fevereiro<\/strong>, a partir das <strong>08 horas e 30 minutos<\/strong>, diretamente do <strong>canal do Estrat\u00e9gia OAB no Youtube. <\/strong><\/p>\n\n\n\n<p class=\"has-very-light-gray-background-color has-background\"><a href=\"https:\/\/www.estrategiaconcursos.com.br\/gratis\/semana-especial-oab\/\">Inscreva-se aqui<\/a> agora mesmo para receber por e-mail os materiais exclusivos preparados pelos professores Estrat\u00e9gia OAB! <\/p>\n\n\n\n<p>Confira abaixo a programa\u00e7\u00e3o completa:<\/p>\n\n\n\n<h4 class=\"wp-block-heading\" id=\"h-sabado-01-02\">S\u00e1bado (01\/02)<\/h4>\n\n\n\n<ul class=\"wp-block-list\"><li>08:30 \u00e0s 12:00 &#8211; Direito Constitucional (Prof.\u00ba Diego Cerqueira) <\/li><li>14:30 \u00e0s 17:00 &#8211; Direito do Consumidor (Prof.\u00ba Igor Maciel)<\/li><\/ul>\n\n\n\n<h4 class=\"wp-block-heading\" id=\"h-domingo-02-02\">Domingo (02\/02)<\/h4>\n\n\n\n<ul class=\"wp-block-list\"><li>08:30 \u00e0s 12:00 &#8211; Direito Civil (Prof.\u00ba Paulo Sousa)  <\/li><li>14:30 \u00e0s 17:00 &#8211; Direito Administrativo (Prof.\u00ba Igor Maciel)<\/li><\/ul>\n\n\n\n<h4 class=\"wp-block-heading\" id=\"h-segunda-03-02\">Segunda (03\/02)<\/h4>\n\n\n\n<ul class=\"wp-block-list\"><li>08:30 \u00e0s 12:00 &#8211; Direito Internacional (Prof.\u00aa Vanessa Arns) <\/li><li>14:30 \u00e0s 17:00 &#8211; Direito Penal (Prof.\u00ba Cristiano Rodrigues)<\/li><li>19:00 \u00e0s 22:30 &#8211; Direito Processual Penal (Prof.\u00ba Ivan Marques)<\/li><\/ul>\n\n\n\n<h4 class=\"wp-block-heading\" id=\"h-terca-04-02\">Ter\u00e7a (04\/02) <\/h4>\n\n\n\n<ul class=\"wp-block-list\"><li>08:30 \u00e0s 12:00 &#8211; Direitos Humanos (Prof.\u00aa Lilian Novakoski) <\/li><li>14:30 \u00e0s 17:00 &#8211;  Direito da Crian\u00e7a e do Adolescente (Prof.\u00aa Lilian Novakoski)<\/li><li>19:00 \u00e0s 22:30 &#8211; Direito Processual Civil (Prof.\u00ba Ricardo Torques) <\/li><\/ul>\n\n\n\n<h4 class=\"wp-block-heading\" id=\"h-quarta-05-02\">Quarta (05\/02) <\/h4>\n\n\n\n<ul class=\"wp-block-list\"><li>08:30 \u00e0s 12:00 &#8211; Filosofia do Direito (Prof.\u00ba Jean Vilbert) <\/li><li>14:30 \u00e0s 17:00 &#8211; Direito Ambiental (Prof.\u00ba  Rosenval J\u00fanior)<\/li><li>19:00 \u00e0s 22:30 &#8211; Direito do Trabalho (Prof.\u00aa Priscila Ferreira) <\/li><\/ul>\n\n\n\n<h4 class=\"wp-block-heading\" id=\"h-quinta-06-02\">Quinta (06\/02)<\/h4>\n\n\n\n<ul class=\"wp-block-list\"><li> 08:30 \u00e0s 12:00 &#8211; Direito Tribut\u00e1rio (Prof.\u00ba Rodrigo Martins) <\/li><li>14:30 \u00e0s 17:00 &#8211; Direito Processual do Trabalho (Prof.\u00aa Priscila Ferreira)<\/li><li>19:00 \u00e0s 22:30 &#8211; Direito Empresarial (Prof.\u00ba Alessandro Sanchez) <\/li><\/ul>\n\n\n\n<h4 class=\"wp-block-heading\" id=\"h-sexta-07-02\">Sexta (07\/02) <\/h4>\n\n\n\n<ul class=\"wp-block-list\"><li>08:30 \u00e0s 12:00 &#8211; Intensiv\u00e3o de \u00c9tica (Profs. Rosenval J\u00fanior e Priscila Ferreira) <\/li><li>14:30 \u00e0s 17:00 &#8211; Intensiv\u00e3o de \u00c9tica (Profs. Rosenval J\u00fanior e Priscila Ferreira)  <\/li><li>19:00 \u00e0s 22:30 &#8211; Intensiv\u00e3o de \u00c9tica (Profs. Rosenval J\u00fanior e Priscila Ferreira)  <\/li><\/ul>\n\n\n\n<p><strong>N\u00e3o perca essa oportunidade! Clique no link abaixo e acesse a plataforma do evento agora mesmo: <\/strong><\/p>\n\n\n\n<p class=\"has-text-align-center has-pale-cyan-blue-background-color has-background\" style=\"font-size:clamp(15.197px, 0.95rem + ((1vw - 3.2px) * 0.765), 23px);px\"><strong><em>Mais informa\u00e7\u00f5es:<\/em><\/strong><a href=\"https:\/\/www.estrategiaconcursos.com.br\/blog\/edital-oab-xxxi\/\"><strong><em> XXXI Exame de Ordem<\/em><\/strong><\/a><\/p>\n\n\n\n<p class=\"has-text-align-center has-luminous-vivid-amber-background-color has-background\" style=\"font-size:clamp(16.293px, 1.018rem + ((1vw - 3.2px) * 0.854), 25px);px\"><strong><em>Baixe o edital: <\/em><\/strong><em> <\/em><a rel=\"noreferrer noopener\" aria-label=\"Edital XXXI Exame OAB (abre numa nova aba)\" href=\"https:\/\/dhg1h5j42swfq.cloudfront.net\/2019\/12\/02152610\/Edital-XXXI-Exame-de-Ordem.pdf\" target=\"_blank\"><strong>Edital XXXI Exame OAB<\/strong><\/a><strong> <\/strong><\/p>\n\n\n\n<h2 class=\"wp-block-heading\" id=\"h-nossas-redes-sociais\">Nossas redes sociais<\/h2>\n\n\n\n<p class=\"has-text-align-center has-very-light-gray-background-color has-background\" style=\"font-size:clamp(14.642px, 0.915rem + ((1vw - 3.2px) * 0.721), 22px);px\"><a href=\"https:\/\/www.instagram.com\/estrategiaoab\/\" target=\"_blank\" rel=\"noreferrer noopener\">Instagram Estrat\u00e9gia OAB<\/a><\/p>\n\n\n\n<p class=\"has-text-align-center has-very-light-gray-background-color has-background\" style=\"font-size:clamp(14.642px, 0.915rem + ((1vw - 3.2px) * 0.721), 22px);px\"><a rel=\"noreferrer noopener\" href=\"https:\/\/www.youtube.com\/channel\/UC7rgrKTSF5aOrBGWOw60ovw\" target=\"_blank\">YouTube do Estrat\u00e9gia OAB<\/a><\/p>\n\n\n\n<h2 class=\"wp-block-heading\" id=\"h-grupo-de-telegram-para-a-oab\">Grupo de Telegram para a OAB<\/h2>\n\n\n\n<p class=\"has-text-align-center has-light-green-cyan-background-color has-background\" style=\"font-size:clamp(14.642px, 0.915rem + ((1vw - 3.2px) * 0.721), 22px);px\"><a href=\"http:\/\/bit.ly\/TelegramOAB\"><strong>Inscreva-se no nosso grupo do Telegram<\/strong><\/a><\/p>\n\n\n\n<h2 class=\"wp-block-heading\" id=\"h-cursos-para-o-exame-de-ordem\">Cursos para o Exame de Ordem<\/h2>\n\n\n\n<p class=\"has-text-align-center has-pale-cyan-blue-background-color has-background\" style=\"font-size:clamp(16.293px, 1.018rem + ((1vw - 3.2px) * 0.854), 25px);px\"><strong><a rel=\"noreferrer noopener\" href=\"https:\/\/www.estrategiaconcursos.com.br\/cursosPorConcurso\/exame-de-ordem-oab-1-fase\/\" target=\"_blank\">Curso OAB 1\u00aa Fase<\/a><\/strong><\/p>\n\n\n\n<p class=\"has-text-align-center has-pale-cyan-blue-background-color has-background\" style=\"font-size:clamp(16.293px, 1.018rem + ((1vw - 3.2px) * 0.854), 25px);px\"><strong><a href=\"https:\/\/www.estrategiaconcursos.com.br\/cursosPorConcurso\/oab-2-fase-192\/\" target=\"_blank\" rel=\"noreferrer noopener\">Curso OAB 2\u00aa Fase<\/a><\/strong><\/p>\n\n\n\n<p class=\"has-text-align-center has-pale-cyan-blue-background-color has-background has-medium-font-size\"><a rel=\"noreferrer noopener\" href=\"https:\/\/www.estrategiaconcursos.com.br\/blog\/edital-oab-xxx-exame-de-ordem\/\" target=\"_blank\">Clique aqui para mais informa\u00e7\u00f5es sobre o Exame de Ordem<\/a><\/p>\n","protected":false},"excerpt":{"rendered":"<p>A 1.\u00aa Fase do XXXI Exame de Ordem ocorrer\u00e1 em poucos dias! A Prova Objetiva est\u00e1 prevista para o domingo, 09 de fevereiro, a partir das 13 horas, em todo o pa\u00eds. A aprova\u00e7\u00e3o no exame \u00e9 requisito essencial para voc\u00ea, bacharel em direito, que quer exercer legalmente sua profiss\u00e3o. E para auxiliar voc\u00ea candidato [&hellip;]<\/p>\n","protected":false},"author":180,"featured_media":174976,"comment_status":"open","ping_status":"closed","sticky":false,"template":"","format":"standard","meta":{"post_tipo":"article","footnotes":""},"categories":[1],"tags":[],"tax_estado":[],"class_list":["post-475881","post","type-post","status-publish","format-standard","has-post-thumbnail","hentry","category-cursos-e-concursos"],"acf":[],"yoast_head":"<!-- This site is optimized with the Yoast SEO Premium plugin v27.2 (Yoast SEO v27.2) - https:\/\/yoast.com\/product\/yoast-seo-premium-wordpress\/ -->\n<title>Semana Especial OAB: Revise gratuitamente TODO o conte\u00fado da prova entre 01 e 07\/02<\/title>\n<meta name=\"robots\" content=\"index, follow, max-snippet:-1, max-image-preview:large, max-video-preview:-1\" \/>\n<link rel=\"canonical\" href=\"https:\/\/www.estrategiaconcursos.com.br\/blog\/semana-especial-oab-gratuitamente\/\" \/>\n<meta property=\"og:locale\" content=\"pt_BR\" \/>\n<meta property=\"og:type\" content=\"article\" \/>\n<meta property=\"og:title\" content=\"Semana Especial OAB: Revise gratuitamente TODO o conte\u00fado da prova entre 01 e 07\/02\" \/>\n<meta property=\"og:description\" content=\"A 1.\u00aa Fase do XXXI Exame de Ordem ocorrer\u00e1 em poucos dias! A Prova Objetiva est\u00e1 prevista para o domingo, 09 de fevereiro, a partir das 13 horas, em todo o pa\u00eds. A aprova\u00e7\u00e3o no exame \u00e9 requisito essencial para voc\u00ea, bacharel em direito, que quer exercer legalmente sua profiss\u00e3o. E para auxiliar voc\u00ea candidato [&hellip;]\" \/>\n<meta property=\"og:url\" content=\"https:\/\/www.estrategiaconcursos.com.br\/blog\/semana-especial-oab-gratuitamente\/\" \/>\n<meta property=\"og:site_name\" content=\"Estrat\u00e9gia Concursos\" \/>\n<meta property=\"article:author\" content=\"https:\/\/www.facebook.com\/ricardo.s.torques\" \/>\n<meta property=\"article:published_time\" content=\"2020-02-03T10:00:00+00:00\" \/>\n<meta property=\"article:modified_time\" content=\"2022-12-09T11:51:29+00:00\" \/>\n<meta property=\"og:image\" content=\"https:\/\/dhg1h5j42swfq.cloudfront.net\/2019\/03\/29122403\/OAB.jpg\" \/>\n\t<meta property=\"og:image:width\" content=\"997\" \/>\n\t<meta property=\"og:image:height\" content=\"997\" \/>\n\t<meta property=\"og:image:type\" content=\"image\/jpeg\" \/>\n<meta name=\"author\" content=\"Ricardo Torques\" \/>\n<meta name=\"twitter:card\" content=\"summary_large_image\" \/>\n<meta name=\"twitter:creator\" content=\"@EstratConcursos\" \/>\n<meta name=\"twitter:site\" content=\"@EstratConcursos\" \/>\n<meta name=\"twitter:label1\" content=\"Escrito por\" \/>\n\t<meta name=\"twitter:data1\" content=\"Ricardo Torques\" \/>\n\t<meta name=\"twitter:label2\" content=\"Est. tempo de leitura\" \/>\n\t<meta name=\"twitter:data2\" content=\"2 minutos\" \/>\n<script type=\"application\/ld+json\" class=\"yoast-schema-graph\">{\"@context\":\"https:\/\/schema.org\",\"@graph\":[{\"@type\":\"NewsArticle\",\"@id\":\"https:\/\/www.estrategiaconcursos.com.br\/blog\/semana-especial-oab-gratuitamente\/#article\",\"isPartOf\":{\"@id\":\"https:\/\/www.estrategiaconcursos.com.br\/blog\/semana-especial-oab-gratuitamente\/\"},\"author\":{\"name\":\"Ricardo Torques\",\"@id\":\"https:\/\/www.estrategiaconcursos.com.br\/blog\/#\/schema\/person\/aa39cf5ddb518e5bdce27c35788405e2\"},\"headline\":\"Semana Especial OAB: Revise gratuitamente TODO o conte\u00fado da prova entre 01 e 07\/02\",\"datePublished\":\"2020-02-03T10:00:00+00:00\",\"dateModified\":\"2022-12-09T11:51:29+00:00\",\"mainEntityOfPage\":{\"@id\":\"https:\/\/www.estrategiaconcursos.com.br\/blog\/semana-especial-oab-gratuitamente\/\"},\"wordCount\":445,\"commentCount\":0,\"publisher\":{\"@id\":\"https:\/\/www.estrategiaconcursos.com.br\/blog\/#organization\"},\"image\":{\"@id\":\"https:\/\/www.estrategiaconcursos.com.br\/blog\/semana-especial-oab-gratuitamente\/#primaryimage\"},\"thumbnailUrl\":\"https:\/\/dhg1h5j42swfq.cloudfront.net\/2019\/03\/29122403\/OAB.jpg\",\"articleSection\":[\"Concursos P\u00fablicos\"],\"inLanguage\":\"pt-BR\",\"potentialAction\":[{\"@type\":\"CommentAction\",\"name\":\"Comment\",\"target\":[\"https:\/\/www.estrategiaconcursos.com.br\/blog\/semana-especial-oab-gratuitamente\/#respond\"]}],\"copyrightYear\":\"2020\",\"copyrightHolder\":{\"@id\":\"https:\/\/www.estrategiaconcursos.com.br\/blog\/#organization\"}},{\"@type\":\"WebPage\",\"@id\":\"https:\/\/www.estrategiaconcursos.com.br\/blog\/semana-especial-oab-gratuitamente\/\",\"url\":\"https:\/\/www.estrategiaconcursos.com.br\/blog\/semana-especial-oab-gratuitamente\/\",\"name\":\"Semana Especial OAB: Revise gratuitamente TODO o conte\u00fado da prova entre 01 e 07\/02\",\"isPartOf\":{\"@id\":\"https:\/\/www.estrategiaconcursos.com.br\/blog\/#website\"},\"primaryImageOfPage\":{\"@id\":\"https:\/\/www.estrategiaconcursos.com.br\/blog\/semana-especial-oab-gratuitamente\/#primaryimage\"},\"image\":{\"@id\":\"https:\/\/www.estrategiaconcursos.com.br\/blog\/semana-especial-oab-gratuitamente\/#primaryimage\"},\"thumbnailUrl\":\"https:\/\/dhg1h5j42swfq.cloudfront.net\/2019\/03\/29122403\/OAB.jpg\",\"datePublished\":\"2020-02-03T10:00:00+00:00\",\"dateModified\":\"2022-12-09T11:51:29+00:00\",\"breadcrumb\":{\"@id\":\"https:\/\/www.estrategiaconcursos.com.br\/blog\/semana-especial-oab-gratuitamente\/#breadcrumb\"},\"inLanguage\":\"pt-BR\",\"potentialAction\":[{\"@type\":\"ReadAction\",\"target\":[\"https:\/\/www.estrategiaconcursos.com.br\/blog\/semana-especial-oab-gratuitamente\/\"]}]},{\"@type\":\"ImageObject\",\"inLanguage\":\"pt-BR\",\"@id\":\"https:\/\/www.estrategiaconcursos.com.br\/blog\/semana-especial-oab-gratuitamente\/#primaryimage\",\"url\":\"https:\/\/dhg1h5j42swfq.cloudfront.net\/2019\/03\/29122403\/OAB.jpg\",\"contentUrl\":\"https:\/\/dhg1h5j42swfq.cloudfront.net\/2019\/03\/29122403\/OAB.jpg\",\"width\":997,\"height\":997,\"caption\":\"semana especial oab\"},{\"@type\":\"BreadcrumbList\",\"@id\":\"https:\/\/www.estrategiaconcursos.com.br\/blog\/semana-especial-oab-gratuitamente\/#breadcrumb\",\"itemListElement\":[{\"@type\":\"ListItem\",\"position\":1,\"name\":\"In\u00edcio\",\"item\":\"https:\/\/www.estrategiaconcursos.com.br\/blog\/\"},{\"@type\":\"ListItem\",\"position\":2,\"name\":\"Semana Especial OAB: Revise gratuitamente TODO o conte\u00fado da prova entre 01 e 07\/02\"}]},{\"@type\":\"WebSite\",\"@id\":\"https:\/\/www.estrategiaconcursos.com.br\/blog\/#website\",\"url\":\"https:\/\/www.estrategiaconcursos.com.br\/blog\/\",\"name\":\"Estrat\u00e9gia Concursos\",\"description\":\"O blog da Estrat\u00e9gia Concursos traz not\u00edcias sobre concursos e artigos de professores oferecendo cursos para concursos (pdf + videaulas) no site.\",\"publisher\":{\"@id\":\"https:\/\/www.estrategiaconcursos.com.br\/blog\/#organization\"},\"potentialAction\":[{\"@type\":\"SearchAction\",\"target\":{\"@type\":\"EntryPoint\",\"urlTemplate\":\"https:\/\/www.estrategiaconcursos.com.br\/blog\/?s={search_term_string}\"},\"query-input\":{\"@type\":\"PropertyValueSpecification\",\"valueRequired\":true,\"valueName\":\"search_term_string\"}}],\"inLanguage\":\"pt-BR\"},{\"@type\":\"Organization\",\"@id\":\"https:\/\/www.estrategiaconcursos.com.br\/blog\/#organization\",\"name\":\"Estrat\u00e9gia Concursos\",\"url\":\"https:\/\/www.estrategiaconcursos.com.br\/blog\/\",\"logo\":{\"@type\":\"ImageObject\",\"inLanguage\":\"pt-BR\",\"@id\":\"https:\/\/www.estrategiaconcursos.com.br\/blog\/#\/schema\/logo\/image\/\",\"url\":\"https:\/\/dhg1h5j42swfq.cloudfront.net\/2025\/06\/03203428\/logo_concursos-1.jpg\",\"contentUrl\":\"https:\/\/dhg1h5j42swfq.cloudfront.net\/2025\/06\/03203428\/logo_concursos-1.jpg\",\"width\":230,\"height\":60,\"caption\":\"Estrat\u00e9gia Concursos\"},\"image\":{\"@id\":\"https:\/\/www.estrategiaconcursos.com.br\/blog\/#\/schema\/logo\/image\/\"},\"sameAs\":[\"https:\/\/x.com\/EstratConcursos\"]},{\"@type\":\"Person\",\"@id\":\"https:\/\/www.estrategiaconcursos.com.br\/blog\/#\/schema\/person\/aa39cf5ddb518e5bdce27c35788405e2\",\"name\":\"Ricardo Torques\",\"image\":{\"@type\":\"ImageObject\",\"inLanguage\":\"pt-BR\",\"@id\":\"https:\/\/secure.gravatar.com\/avatar\/ce9ac6c3cff25fe86d15ed568ebc64d1724baf5c0693133bcb1f6073f712f92a?s=96&d=mm&r=g\",\"url\":\"https:\/\/secure.gravatar.com\/avatar\/ce9ac6c3cff25fe86d15ed568ebc64d1724baf5c0693133bcb1f6073f712f92a?s=96&d=mm&r=g\",\"contentUrl\":\"https:\/\/secure.gravatar.com\/avatar\/ce9ac6c3cff25fe86d15ed568ebc64d1724baf5c0693133bcb1f6073f712f92a?s=96&d=mm&r=g\",\"caption\":\"Ricardo Torques\"},\"sameAs\":[\"https:\/\/www.facebook.com\/ricardo.s.torques\"],\"url\":\"https:\/\/www.estrategiaconcursos.com.br\/blog\/author\/ricardotorquesestrategiaconcursos-com-br\/\"}]}<\/script>\n<!-- \/ Yoast SEO Premium plugin. -->","yoast_head_json":{"title":"Semana Especial OAB: Revise gratuitamente TODO o conte\u00fado da prova entre 01 e 07\/02","robots":{"index":"index","follow":"follow","max-snippet":"max-snippet:-1","max-image-preview":"max-image-preview:large","max-video-preview":"max-video-preview:-1"},"canonical":"https:\/\/www.estrategiaconcursos.com.br\/blog\/semana-especial-oab-gratuitamente\/","og_locale":"pt_BR","og_type":"article","og_title":"Semana Especial OAB: Revise gratuitamente TODO o conte\u00fado da prova entre 01 e 07\/02","og_description":"A 1.\u00aa Fase do XXXI Exame de Ordem ocorrer\u00e1 em poucos dias! A Prova Objetiva est\u00e1 prevista para o domingo, 09 de fevereiro, a partir das 13 horas, em todo o pa\u00eds. A aprova\u00e7\u00e3o no exame \u00e9 requisito essencial para voc\u00ea, bacharel em direito, que quer exercer legalmente sua profiss\u00e3o. E para auxiliar voc\u00ea candidato [&hellip;]","og_url":"https:\/\/www.estrategiaconcursos.com.br\/blog\/semana-especial-oab-gratuitamente\/","og_site_name":"Estrat\u00e9gia Concursos","article_author":"https:\/\/www.facebook.com\/ricardo.s.torques","article_published_time":"2020-02-03T10:00:00+00:00","article_modified_time":"2022-12-09T11:51:29+00:00","og_image":[{"width":997,"height":997,"url":"https:\/\/dhg1h5j42swfq.cloudfront.net\/2019\/03\/29122403\/OAB.jpg","type":"image\/jpeg"}],"author":"Ricardo Torques","twitter_card":"summary_large_image","twitter_creator":"@EstratConcursos","twitter_site":"@EstratConcursos","twitter_misc":{"Escrito por":"Ricardo Torques","Est. tempo de leitura":"2 minutos"},"schema":{"@context":"https:\/\/schema.org","@graph":[{"@type":"NewsArticle","@id":"https:\/\/www.estrategiaconcursos.com.br\/blog\/semana-especial-oab-gratuitamente\/#article","isPartOf":{"@id":"https:\/\/www.estrategiaconcursos.com.br\/blog\/semana-especial-oab-gratuitamente\/"},"author":{"name":"Ricardo Torques","@id":"https:\/\/www.estrategiaconcursos.com.br\/blog\/#\/schema\/person\/aa39cf5ddb518e5bdce27c35788405e2"},"headline":"Semana Especial OAB: Revise gratuitamente TODO o conte\u00fado da prova entre 01 e 07\/02","datePublished":"2020-02-03T10:00:00+00:00","dateModified":"2022-12-09T11:51:29+00:00","mainEntityOfPage":{"@id":"https:\/\/www.estrategiaconcursos.com.br\/blog\/semana-especial-oab-gratuitamente\/"},"wordCount":445,"commentCount":0,"publisher":{"@id":"https:\/\/www.estrategiaconcursos.com.br\/blog\/#organization"},"image":{"@id":"https:\/\/www.estrategiaconcursos.com.br\/blog\/semana-especial-oab-gratuitamente\/#primaryimage"},"thumbnailUrl":"https:\/\/dhg1h5j42swfq.cloudfront.net\/2019\/03\/29122403\/OAB.jpg","articleSection":["Concursos P\u00fablicos"],"inLanguage":"pt-BR","potentialAction":[{"@type":"CommentAction","name":"Comment","target":["https:\/\/www.estrategiaconcursos.com.br\/blog\/semana-especial-oab-gratuitamente\/#respond"]}],"copyrightYear":"2020","copyrightHolder":{"@id":"https:\/\/www.estrategiaconcursos.com.br\/blog\/#organization"}},{"@type":"WebPage","@id":"https:\/\/www.estrategiaconcursos.com.br\/blog\/semana-especial-oab-gratuitamente\/","url":"https:\/\/www.estrategiaconcursos.com.br\/blog\/semana-especial-oab-gratuitamente\/","name":"Semana Especial OAB: Revise gratuitamente TODO o conte\u00fado da prova entre 01 e 07\/02","isPartOf":{"@id":"https:\/\/www.estrategiaconcursos.com.br\/blog\/#website"},"primaryImageOfPage":{"@id":"https:\/\/www.estrategiaconcursos.com.br\/blog\/semana-especial-oab-gratuitamente\/#primaryimage"},"image":{"@id":"https:\/\/www.estrategiaconcursos.com.br\/blog\/semana-especial-oab-gratuitamente\/#primaryimage"},"thumbnailUrl":"https:\/\/dhg1h5j42swfq.cloudfront.net\/2019\/03\/29122403\/OAB.jpg","datePublished":"2020-02-03T10:00:00+00:00","dateModified":"2022-12-09T11:51:29+00:00","breadcrumb":{"@id":"https:\/\/www.estrategiaconcursos.com.br\/blog\/semana-especial-oab-gratuitamente\/#breadcrumb"},"inLanguage":"pt-BR","potentialAction":[{"@type":"ReadAction","target":["https:\/\/www.estrategiaconcursos.com.br\/blog\/semana-especial-oab-gratuitamente\/"]}]},{"@type":"ImageObject","inLanguage":"pt-BR","@id":"https:\/\/www.estrategiaconcursos.com.br\/blog\/semana-especial-oab-gratuitamente\/#primaryimage","url":"https:\/\/dhg1h5j42swfq.cloudfront.net\/2019\/03\/29122403\/OAB.jpg","contentUrl":"https:\/\/dhg1h5j42swfq.cloudfront.net\/2019\/03\/29122403\/OAB.jpg","width":997,"height":997,"caption":"semana especial oab"},{"@type":"BreadcrumbList","@id":"https:\/\/www.estrategiaconcursos.com.br\/blog\/semana-especial-oab-gratuitamente\/#breadcrumb","itemListElement":[{"@type":"ListItem","position":1,"name":"In\u00edcio","item":"https:\/\/www.estrategiaconcursos.com.br\/blog\/"},{"@type":"ListItem","position":2,"name":"Semana Especial OAB: Revise gratuitamente TODO o conte\u00fado da prova entre 01 e 07\/02"}]},{"@type":"WebSite","@id":"https:\/\/www.estrategiaconcursos.com.br\/blog\/#website","url":"https:\/\/www.estrategiaconcursos.com.br\/blog\/","name":"Estrat\u00e9gia Concursos","description":"O blog da Estrat\u00e9gia Concursos traz not\u00edcias sobre concursos e artigos de professores oferecendo cursos para concursos (pdf + videaulas) no site.","publisher":{"@id":"https:\/\/www.estrategiaconcursos.com.br\/blog\/#organization"},"potentialAction":[{"@type":"SearchAction","target":{"@type":"EntryPoint","urlTemplate":"https:\/\/www.estrategiaconcursos.com.br\/blog\/?s={search_term_string}"},"query-input":{"@type":"PropertyValueSpecification","valueRequired":true,"valueName":"search_term_string"}}],"inLanguage":"pt-BR"},{"@type":"Organization","@id":"https:\/\/www.estrategiaconcursos.com.br\/blog\/#organization","name":"Estrat\u00e9gia Concursos","url":"https:\/\/www.estrategiaconcursos.com.br\/blog\/","logo":{"@type":"ImageObject","inLanguage":"pt-BR","@id":"https:\/\/www.estrategiaconcursos.com.br\/blog\/#\/schema\/logo\/image\/","url":"https:\/\/dhg1h5j42swfq.cloudfront.net\/2025\/06\/03203428\/logo_concursos-1.jpg","contentUrl":"https:\/\/dhg1h5j42swfq.cloudfront.net\/2025\/06\/03203428\/logo_concursos-1.jpg","width":230,"height":60,"caption":"Estrat\u00e9gia Concursos"},"image":{"@id":"https:\/\/www.estrategiaconcursos.com.br\/blog\/#\/schema\/logo\/image\/"},"sameAs":["https:\/\/x.com\/EstratConcursos"]},{"@type":"Person","@id":"https:\/\/www.estrategiaconcursos.com.br\/blog\/#\/schema\/person\/aa39cf5ddb518e5bdce27c35788405e2","name":"Ricardo Torques","image":{"@type":"ImageObject","inLanguage":"pt-BR","@id":"https:\/\/secure.gravatar.com\/avatar\/ce9ac6c3cff25fe86d15ed568ebc64d1724baf5c0693133bcb1f6073f712f92a?s=96&d=mm&r=g","url":"https:\/\/secure.gravatar.com\/avatar\/ce9ac6c3cff25fe86d15ed568ebc64d1724baf5c0693133bcb1f6073f712f92a?s=96&d=mm&r=g","contentUrl":"https:\/\/secure.gravatar.com\/avatar\/ce9ac6c3cff25fe86d15ed568ebc64d1724baf5c0693133bcb1f6073f712f92a?s=96&d=mm&r=g","caption":"Ricardo Torques"},"sameAs":["https:\/\/www.facebook.com\/ricardo.s.torques"],"url":"https:\/\/www.estrategiaconcursos.com.br\/blog\/author\/ricardotorquesestrategiaconcursos-com-br\/"}]}},"_links":{"self":[{"href":"https:\/\/www.estrategiaconcursos.com.br\/blog\/wp-json\/wp\/v2\/posts\/475881","targetHints":{"allow":["GET"]}}],"collection":[{"href":"https:\/\/www.estrategiaconcursos.com.br\/blog\/wp-json\/wp\/v2\/posts"}],"about":[{"href":"https:\/\/www.estrategiaconcursos.com.br\/blog\/wp-json\/wp\/v2\/types\/post"}],"author":[{"embeddable":true,"href":"https:\/\/www.estrategiaconcursos.com.br\/blog\/wp-json\/wp\/v2\/users\/180"}],"replies":[{"embeddable":true,"href":"https:\/\/www.estrategiaconcursos.com.br\/blog\/wp-json\/wp\/v2\/comments?post=475881"}],"version-history":[{"count":11,"href":"https:\/\/www.estrategiaconcursos.com.br\/blog\/wp-json\/wp\/v2\/posts\/475881\/revisions"}],"predecessor-version":[{"id":1136556,"href":"https:\/\/www.estrategiaconcursos.com.br\/blog\/wp-json\/wp\/v2\/posts\/475881\/revisions\/1136556"}],"wp:featuredmedia":[{"embeddable":true,"href":"https:\/\/www.estrategiaconcursos.com.br\/blog\/wp-json\/wp\/v2\/media\/174976"}],"wp:attachment":[{"href":"https:\/\/www.estrategiaconcursos.com.br\/blog\/wp-json\/wp\/v2\/media?parent=475881"}],"wp:term":[{"taxonomy":"category","embeddable":true,"href":"https:\/\/www.estrategiaconcursos.com.br\/blog\/wp-json\/wp\/v2\/categories?post=475881"},{"taxonomy":"post_tag","embeddable":true,"href":"https:\/\/www.estrategiaconcursos.com.br\/blog\/wp-json\/wp\/v2\/tags?post=475881"},{"taxonomy":"tax_estado","embeddable":true,"href":"https:\/\/www.estrategiaconcursos.com.br\/blog\/wp-json\/wp\/v2\/tax_estado?post=475881"}],"curies":[{"name":"wp","href":"https:\/\/api.w.org\/{rel}","templated":true}]}}