{"id":475847,"date":"2021-03-23T12:30:00","date_gmt":"2021-03-23T15:30:00","guid":{"rendered":"https:\/\/www.estrategiaconcursos.com.br\/blog\/?p=475847"},"modified":"2021-03-24T09:05:36","modified_gmt":"2021-03-24T12:05:36","slug":"edital-prefeitura-venancio-aires","status":"publish","type":"post","link":"https:\/\/www.estrategiaconcursos.com.br\/blog\/edital-prefeitura-venancio-aires\/","title":{"rendered":"Edital Prefeitura Ven\u00e2ncio Aires: Provas suspensas!"},"content":{"rendered":"\n<p>O edital do <strong>concurso p\u00fabico da Prefeitura de Ven\u00e2ncio Aires<\/strong>, estado do Rio Grande do Sul, oferta 57 vagas imediatas e forma\u00e7\u00e3o de cadastro reserva, distribu\u00eddas entre cargos de n\u00edveis fundamental, m\u00e9dio, t\u00e9cnico e superior.<\/p>\n\n\n\n<p>Com inscri\u00e7\u00f5es j\u00e1 encerradas, o processo de candidatura do concurso da Prefeitura de Ven\u00e2ncio p\u00f4de ser realizado no site da banca organizadora, a\u00a0<strong>Objetiva Concursos<\/strong>, at\u00e9 o dia 23 de mar\u00e7o.<\/p>\n\n\n\n<p>Al\u00e9m disso, para garantir sua participa\u00e7\u00e3o, foi necess\u00e1rio efetuar o pagamento da taxa, cujo valor variou conforme o cargo desejado, sendo:<\/p>\n\n\n\n<ul class=\"wp-block-list\"><li><strong>Fundamental:&nbsp;<\/strong>R$ 60,00 | R$ 80,00<\/li><li><strong>M\u00e9dio:<\/strong>&nbsp;R$ 60,00 | R$ 80,00<\/li><li><strong>T\u00e9cnico:<\/strong>&nbsp;R$ 120,00<\/li><li><strong>Superior:<\/strong>&nbsp;R$ 60,00 | R$ 80,00 | R$ 100,00 | R$ 120,00 | R$ 140,00<\/li><\/ul>\n\n\n\n<h2 class=\"wp-block-heading\" id=\"datas\">Principais datas do edital Prefeitura Ven\u00e2ncio Aires<\/h2>\n\n\n\n<p class=\"has-background\" style=\"background-color:#eeeeee\"><strong>Inscri\u00e7\u00f5es<\/strong>: <s>09 a 23 de mar\u00e7o (12h)<\/s><br \/><strong>Isen\u00e7\u00e3o da taxa<\/strong>:\u00a0<s>08 a 15 de fevereiro<\/s><br \/><strong>\u00daltimo dia para pagamento da taxa<\/strong>: 24 de mar\u00e7o<br \/><strong>Prova<\/strong>:\u00a0<a href=\"https:\/\/dhg1h5j42swfq.cloudfront.net\/2025\/06\/09182708\/tgo6bxwxjufbboazowjax7ywofjcybmlnmtwmye9.pdf\" target=\"_blank\" rel=\"noreferrer noopener\">Suspensa<\/a><\/p>\n\n\n\n<h2 class=\"wp-block-heading\" id=\"cargos-vagas\">Cargos e vagas do edital Prefeitura Ven\u00e2ncio Aires<\/h2>\n\n\n\n<h3 class=\"wp-block-heading\">N\u00edvel fundamental<\/h3>\n\n\n\n<figure class=\"wp-block-table is-style-stripes\"><table class=\"has-subtle-pale-blue-background-color has-fixed-layout has-background\"><tbody><tr><td><strong>CARGO<\/strong><\/td><td><strong>VAGAS<\/strong><\/td><td><strong>REMUNERA\u00c7\u00c3O<\/strong><\/td><\/tr><tr><td> Motorista <\/td><td> 01 <\/td><td> R$ 2.099,62 <\/td><\/tr><tr><td> Operador de M\u00e1quinas <\/td><td> 05 <\/td><td> R$ 2.270,96 <\/td><\/tr><\/tbody><\/table><\/figure>\n\n\n\n<h3 class=\"wp-block-heading\">N\u00edvel m\u00e9dio e t\u00e9cnico<\/h3>\n\n\n\n<figure class=\"wp-block-table is-style-stripes\"><table class=\"has-subtle-pale-blue-background-color has-fixed-layout has-background\"><tbody><tr><td><strong>Cargos<\/strong><\/td><td><strong>Vagas<\/strong><\/td><td><strong>Remunera\u00e7\u00e3o<\/strong><\/td><\/tr><tr><td>Agente de Cadastro<\/td><td>CR<\/td><td>R$ 2.895,55<\/td><\/tr><tr><td>Agente Fiscal de Posturas<\/td><td>1<\/td><td>R$ 3.369,26<\/td><\/tr><tr><td>Atendente de Unidade de Sa\u00fade<\/td><td>1<\/td><td>R$ 1.645,41<\/td><\/tr><tr><td><s>Cuidador em Sa\u00fade <\/s><\/td><td><s>5<\/s><\/td><td><s>R$ 1.645,41 <\/s><\/td><\/tr><tr><td>Fiscal Sanit\u00e1rio<\/td><td>2<\/td><td>R$ 2.993,10<\/td><\/tr><tr><td>Mec\u00e2nico<\/td><td>1<\/td><td>R$ 3.369,26 <\/td><\/tr><tr><td>Secret\u00e1rio de Escola<\/td><td>1<\/td><td>R$ 1.550,50<\/td><\/tr><\/tbody><\/table><\/figure>\n\n\n\n<h3 class=\"wp-block-heading\">N\u00edvel superior<\/h3>\n\n\n\n<figure class=\"wp-block-table is-style-stripes\"><table class=\"has-subtle-pale-blue-background-color has-fixed-layout has-background\"><tbody><tr><td><strong>Cargos<\/strong><\/td><td><strong>Vagas<\/strong><\/td><td><strong>Remunera\u00e7\u00e3o<\/strong><\/td><\/tr><tr><td>Analista de Recursos Humanos<\/td><td>CR<\/td><td>R$ 7.296,12<\/td><\/tr><tr><td>Analista de T.I.<\/td><td>1<\/td><td>R$ 4.369,30<\/td><\/tr><tr><td>Arquivista<\/td><td>1<\/td><td>R$ 7.296,12 <\/td><\/tr><tr><td>Assistente Cont\u00e1bil<\/td><td>1<\/td><td>R$ 4.478,53<\/td><\/tr><tr><td>Assistente Social<\/td><td>1<\/td><td>R$ 4.254,29<\/td><\/tr><tr><td>Bibliotec\u00e1rio<\/td><td>CR<\/td><td>R$ 7.296,12  <\/td><\/tr><tr><td>Cirurgi\u00e3o Dentista<\/td><td>1<\/td><td>R$ 7.677,82<\/td><\/tr><tr><td>Cirurgi\u00e3o Dentista Comunit\u00e1rio<\/td><td>CR<\/td><td>R$ 7.677,82 <\/td><\/tr><tr><td>Enfermeiro<\/td><td>1<\/td><td>R$ 8.721,17<\/td><\/tr><tr><td>Engenheiro Civil<\/td><td>2<\/td><td>R$ 7.419,35<\/td><\/tr><tr><td>Engenheiro Eletricista<\/td><td>2<\/td><td>R$ 7.419,35 <\/td><\/tr><tr><td>Farmac\u00eautico<\/td><td>1<\/td><td>R$ 8.508,46 <\/td><\/tr><tr><td>Instrutor de Esportes<\/td><td>1<\/td><td>R$ 4.369,26<\/td><\/tr><tr><td>M\u00e9dico Comunit\u00e1rio<\/td><td>CR<\/td><td>R$ 15.355,75<\/td><\/tr><tr><td>M\u00e9dico de Aten\u00e7\u00e3o B\u00e1sica<\/td><td>CR<\/td><td>R$ 7.677,82  <\/td><\/tr><tr><td>M\u00e9dico Ginecologia e Obstetra<\/td><td>CR<\/td><td>R$ 4.254,29<\/td><\/tr><tr><td>M\u00e9dico Pediatra<\/td><td>1<\/td><td>R$ 4.254,29 <\/td><\/tr><tr><td>M\u00e9dico Psiquiatra<\/td><td>2<\/td><td>R$ 4.254,29  <\/td><\/tr><tr><td>M\u00e9dico Veterin\u00e1rio<\/td><td>1<\/td><td>R$ 8.508,46<\/td><\/tr><tr><td>Nutricionista<\/td><td>CR<\/td><td>R$ 8.508,46 <\/td><\/tr><tr><td>Orientador Educacional<\/td><td>CR<\/td><td>R$ 1.848,14<\/td><\/tr><tr><td>Procurador Jur\u00eddico<\/td><td>1<\/td><td>R$ 7.419,35<\/td><\/tr><tr><td>Professor de Artes<\/td><td>2<\/td><td>R$ 1.848,14 <\/td><\/tr><tr><td>Professor de Ci\u00eancias<\/td><td>1<\/td><td>R$ 1.848,14  <\/td><\/tr><tr><td>Professor de Educa\u00e7\u00e3o Especial<\/td><td>CR<\/td><td>R$ 1.848,14   <\/td><\/tr><tr><td>Professor de Educa\u00e7\u00e3o F\u00edsica<\/td><td>1<\/td><td>R$ 1.848,14    <\/td><\/tr><tr><td>Professor de Educa\u00e7\u00e3o Infantil<\/td><td>12<\/td><td>R$ 2.772,17<\/td><\/tr><tr><td>Professor de Geografia<\/td><td>2<\/td><td>R$ 1.848,14     <\/td><\/tr><tr><td>Professor de Hist\u00f3ria<\/td><td>CR<\/td><td>R$ 1.848,14      <\/td><\/tr><tr><td>Professor de L\u00edngua Alem\u00e3<\/td><td>1<\/td><td>R$ 1.848,14       <\/td><\/tr><tr><td>Professor de L\u00edngua Inglesa<\/td><td>1<\/td><td>R$ 1.848,14       <\/td><\/tr><tr><td>Professor de Matem\u00e1tica<\/td><td>1<\/td><td>R$ 1.848,14       <\/td><\/tr><tr><td>Professor de Portugu\u00eas<\/td><td>2<\/td><td>R$ 1.848,14        <\/td><\/tr><tr><td>Psic\u00f3logo<\/td><td>2<\/td><td>R$ 4.254,29<\/td><\/tr><tr><td>Psicopedagogo<\/td><td>1<\/td><td>R$ 1.848,14         <\/td><\/tr><tr><td>Supervisor Escolar<\/td><td>1<\/td><td>R$ 1.848,14          <\/td><\/tr><tr><td>T\u00e9cnico Administrativo<\/td><td>2<\/td><td>R$ 3.369,26<\/td><\/tr><tr><td><s>Tesoureiro<\/s><\/td><td><s>1<\/s><\/td><td><s>R$ 4.369,30<\/s><\/td><\/tr><\/tbody><\/table><\/figure>\n\n\n\n<h2 class=\"wp-block-heading\" id=\"etapas\">Etapas e provas do edital Prefeitura Ven\u00e2ncio Aires<\/h2>\n\n\n\n<p>O concurso da Prefeitura de Ven\u00e2ncio Aires ser\u00e1 constitu\u00eddo das seguintes etapas:<\/p>\n\n\n\n<ul class=\"wp-block-list\"><li><strong>Prova Objetiva<\/strong> &#8211; para todos os cargos;<\/li><li><strong>Prova Pr\u00e1tica<\/strong> &#8211; somente para os cargos de Motorista e Operador de M\u00e1quinas;<\/li><li><strong>Avalia\u00e7\u00e3o de T\u00edtulos<\/strong> &#8211; para todos os cargos, exceto Motorista e Operador de M\u00e1quinas.<\/li><\/ul>\n\n\n\n<h3 class=\"wp-block-heading\">Prova Objetiva<\/h3>\n\n\n\n<p>Para todos os cargos ser\u00e1 aplicada prova objetiva, de car\u00e1ter eliminat\u00f3rio e classificat\u00f3rio. As quest\u00f5es ser\u00e3o de m\u00faltipla escolha, com cinco alternativas, compat\u00edveis com o n\u00edvel de escolaridade, forma\u00e7\u00e3o acad\u00eamica exigida e atribui\u00e7\u00f5es dos cargos.  <\/p>\n\n\n\n<p>Ser\u00e3o considerados aprovados e\/ou habilitados os candidatos que obtiverem o m\u00ednimo de 60% de pontos na disciplina de Conhecimentos Espec\u00edficos, assim como o m\u00ednimo de 60% na nota final.<\/p>\n\n\n\n<ul class=\"wp-block-list\"><li><strong>Motorista e Operador de M\u00e1quinas:<\/strong><ul><li><em>Portugu\u00eas &#8211; 10<\/em><\/li><li><em>Matem\u00e1tica &#8211; 05<\/em><\/li><li><em>Inform\u00e1tica &#8211; 05<\/em><\/li><li><em>Racioc\u00ednio L\u00f3gico &#8211; 05<\/em><\/li><li><em>Legisla\u00e7\u00e3o &#8211; 05<\/em><\/li><li><em>Conhecimentos Espec\u00edficos &#8211; 10 <\/em><\/li><\/ul><\/li><\/ul>\n\n\n\n<ul class=\"wp-block-list\"><li><strong>Demais cargos:<\/strong><ul><li><em>Portugu\u00eas &#8211; 10<\/em><\/li><li><em>Matem\u00e1tica &#8211; 10<\/em><\/li><li><em>Inform\u00e1tica &#8211; 05<\/em><\/li><li><em>Racioc\u00ednio L\u00f3gico &#8211; 10<\/em><\/li><li><em>Legisla\u00e7\u00e3o &#8211; 10<\/em><\/li><li><em>Conhecimentos Espec\u00edficos &#8211; 15 <\/em><\/li><\/ul><\/li><\/ul>\n\n\n\n<h3 class=\"wp-block-heading\">Prova Pr\u00e1tica<\/h3>\n\n\n\n<p>Ser\u00e1 aplicada prova pr\u00e1tica, de car\u00e1ter eliminat\u00f3rio e classificat\u00f3rio, para os candidatos dos cargos de Motorista e Operador de M\u00e1quinas, desde que habilitados na etapa anterior.<\/p>\n\n\n\n<p>Esta etapa, a ser executada por Banca T\u00e9cnica, possui car\u00e1ter eliminat\u00f3rio e classificat\u00f3rio, ser\u00e1 avaliada na escala de 0 a 50 pontos. Ser\u00e1 considerado aprovado o candidato que obtiver nota igual ou superior a 30 pontos.<\/p>\n\n\n\n<p>Lembrando que ser\u00e3o chamados para prestar a Prova Pr\u00e1tica os 40 primeiros candidatos pr\u00e9-classificados por cargo, desde que aprovados na primeira etapa deste certame. <\/p>\n\n\n\n<h3 class=\"wp-block-heading\">Prova de T\u00edtulos<\/h3>\n\n\n\n<p>Ser\u00e1 aplicada prova de t\u00edtulos, de car\u00e1ter classificat\u00f3rio, para todos os cargos, exceto Motorista e Operador de M\u00e1quinas, desde que habilitados na prova objetiva.<\/p>\n\n\n\n<p>Os candidatos que desejarem lograr pontua\u00e7\u00e3o nesta etapa, devem apresentar as documenta\u00e7\u00f5es necess\u00e1rias na forma determinada pelo edital de convoca\u00e7\u00e3o da Prova de T\u00edtulos, a ser divulgado posteriormente. <\/p>\n\n\n\n<p>Esta Prova tem car\u00e1ter classificat\u00f3rio, sendo que o candidato que deixar de encaminhar as documenta\u00e7\u00f5es necess\u00e1rias n\u00e3o ser\u00e1 eliminado do certame, somente n\u00e3o ter\u00e1 somados os pontos correspondentes a esta etapa. <\/p>\n\n\n\n<ul class=\"wp-block-list\"><li><strong>P\u00f3s-gradua\u00e7\u00e3o<\/strong> (somente t\u00edtulos que guardarem rela\u00e7\u00e3o direta com as atribui\u00e7\u00f5es do cargo):<ul><li><strong>Doutorado <\/strong><em>Stricto sensu<\/em> &#8211; 4,5 pontos<\/li><li><strong>Mestrado <\/strong><em>Stricto sensu<\/em>  &#8211; 3,0 pontos<\/li><li><strong>Especializa\u00e7\u00e3o<\/strong> <em>Lato Sensu<\/em>\/MBA &#8211; 2,5 pontos<\/li><\/ul><\/li><\/ul>\n\n\n\n<hr class=\"wp-block-separator\"\/>\n\n\n\n<h2 class=\"has-text-align-center wp-block-heading\" id=\"cursos-assinatura\">Quer estudar para o concurso Prefeitura de Ven\u00e2ncio Aires?<\/h2>\n\n\n\n<div class=\"container\" id=\"boxes\">\n  <div class=\"row\">\n\n    <div class=\"col-sm\">\n      <div class=\"banner-estrategia\" id=\"box-assinatura\">\n        <h3 class=\"titulo-assinatura\">Concurso Ven\u00e2ncio Aires<\/h3>\n        <p class=\"subtitulo-assinatura\">Estude conosco<\/p>\n        <div class=\"box-botao\">\n          <a class=\"btn-assinatura\" target=\"_blank\" href=\"https:\/\/www.estrategiaconcursos.com.br\/cursos\/\" role=\"button\" rel=\"noopener noreferrer\">Conhe\u00e7a os cursos<\/a>\n        <\/div>\n      <\/div>\n      \n    <\/div>\n\n  <\/div>\n<\/div>\n\n\n\n<div class=\"container\" id=\"boxes\">\n  <div class=\"row\">\n\n    <div class=\"col-sm\">\n      <div class=\"estrategia\" id=\"box-assinatura\">\n        <h3 class=\"titulo-assinatura\">Assinatura Concursos<\/h3>\n        <p class=\"subtitulo-assinatura\">Assinatura de 1 Ano ou 2 Anos<\/p>\n        <div class=\"box-botao\">\n          <a class=\"btn-assinatura\" target=\"_blank\" href=\"https:\/\/www.estrategiaconcursos.com.br\/assinaturas\/\" role=\"button\" rel=\"noopener noreferrer\">ASSINE AGORA<\/a>\n        <\/div>\n      <\/div>\n     \n    <\/div>\n\n    <div class=\"col-sm\">\n      <div class=\"questoes\" id=\"box-assinatura\">\n        <h3 class=\"titulo-assinatura\">Sistema de Quest\u00f5es<\/h3>\n        <p class=\"subtitulo-assinatura\">Assinatura de 1 Ano ou 2 Anos\n<\/p>\n        <div class=\"box-botao\">\n          <a class=\"btn-assinatura\" target=\"_blank\" href=\"https:\/\/questoes.estrategiaconcursos.com.br\/\" role=\"button\" rel=\"noopener noreferrer\">ASSINE AGORA<\/a>\n        <\/div>\n      <\/div>\n     \n    <\/div>\n  <\/div>\n<\/div>\n\n\n\n<div class=\"container\" id=\"boxes\">\n  <div class=\"row\">\n\n    <div class=\"col-sm\" id=\"boxes-concursos\">\n      <div style=\"background-color: #005DAD;\" class=\"conteudo-concursos\" id=\"box-concursos\">\n        <h3 class=\"titulo-assinatura\">Concursos Abertos<\/h3>\n        <p class=\"subtitulo-assinatura\">mais de 15 mil vagas<\/p>\n        <div class=\"box-botao\">\n          <a class=\"btn-assinatura\" target=\"_blank\" href=\"https:\/\/www.estrategiaconcursos.com.br\/blog\/concursos-abertos\/\" role=\"button\" rel=\"noopener noreferrer\">Conhe\u00e7a Agora<\/a>\n        <\/div>\n      <\/div>\n    <\/div>\n\n    <div class=\"col-sm\" id=\"boxes-concursos\">\n      <div style=\"background-color: #419FF0;\" class=\"conteudo-concursos\" id=\"box-concursos\">\n        <h3 class=\"titulo-assinatura\">Concursos 2021<\/h3>\n        <p class=\"subtitulo-assinatura\">mais de 50 mil vagas<\/p>\n        <div class=\"box-botao\">\n          <a class=\"btn-assinatura\" target=\"_blank\" href=\"https:\/\/www.estrategiaconcursos.com.br\/blog\/concursos-2021\/\" role=\"button\" rel=\"noopener noreferrer\">Conhe\u00e7a Agora<\/a>\n        <\/div>\n      <\/div>\n    <\/div>\n\n  <\/div>\n<\/div>\n\n\n\n<figure class=\"wp-block-image\"><img loading=\"lazy\" decoding=\"async\" width=\"300\" height=\"102\" src=\"https:\/\/dhg1h5j42swfq.cloudfront.net\/2017\/03\/28152500\/coruja-ficha-tecnica-300x102.png\" alt=\"Informa\u00e7\u00f5es do edital Prefeitura de Ven\u00e2ncio Aires-RS\" class=\"wp-image-68542\"\/><\/figure>\n\n\n\n<h3 class=\"wp-block-heading\" id=\"ficha-tecnica\">Informa\u00e7\u00f5es do edital Prefeitura de Ven\u00e2ncio Aires-RS<\/h3>\n\n\n\n<p>\u25ba<strong>Prova objetiva<\/strong>: Suspensa<br \/>\u25ba<strong>Vagas<\/strong>: 57 + CR<br \/>\u25ba<strong>Cargos<\/strong>: Diversos<br \/>\u25ba<strong>Banca<\/strong>: Objetiva Concursos<br \/>\u25ba<strong>Escolaridade<\/strong>: N\u00edvel fundamental, m\u00e9dio, t\u00e9cnico e superior<br \/>\u25ba<strong>Edital republicado:<\/strong> <a rel=\"noreferrer noopener\" href=\"https:\/\/dhg1h5j42swfq.cloudfront.net\/2020\/01\/30115219\/edital-venanacio-aires-rs-09-2020.pdf\" target=\"_blank\">Edital Ven\u00e2ncio<\/a> | <a href=\"https:\/\/dhg1h5j42swfq.cloudfront.net\/2025\/06\/09182708\/tgo6bxwxjufbboazowjax7ywofjcybmlnmtwmye9.pdf\" target=\"_blank\" rel=\"noreferrer noopener\">Novo cronograma<\/a><\/p>\n","protected":false},"excerpt":{"rendered":"<p>O edital do concurso p\u00fabico da Prefeitura de Ven\u00e2ncio Aires, estado do Rio Grande do Sul, oferta 57 vagas imediatas e forma\u00e7\u00e3o de cadastro reserva, distribu\u00eddas entre cargos de n\u00edveis fundamental, m\u00e9dio, t\u00e9cnico e superior. Com inscri\u00e7\u00f5es j\u00e1 encerradas, o processo de candidatura do concurso da Prefeitura de Ven\u00e2ncio p\u00f4de ser realizado no site da [&hellip;]<\/p>\n","protected":false},"author":260,"featured_media":475866,"comment_status":"open","ping_status":"closed","sticky":false,"template":"","format":"standard","meta":{"post_tipo":"news","footnotes":""},"categories":[1],"tags":[],"tax_estado":[219986],"class_list":["post-475847","post","type-post","status-publish","format-standard","has-post-thumbnail","hentry","category-cursos-e-concursos","tax_estado-rs"],"acf":[],"yoast_head":"<!-- This site is optimized with the Yoast SEO Premium plugin v27.2 (Yoast SEO v27.2) - https:\/\/yoast.com\/product\/yoast-seo-premium-wordpress\/ -->\n<title>Edital Prefeitura Ven\u00e2ncio Aires: Provas suspensas!<\/title>\n<meta name=\"description\" content=\"Edital da Prefeitura de Ven\u00e2ncio Aires oferta 57 vagas + CR para todas as escolaridades. Inscri\u00e7\u00f5es encerradas e provas suspensas!\" \/>\n<meta name=\"robots\" content=\"index, follow, max-snippet:-1, max-image-preview:large, max-video-preview:-1\" \/>\n<link rel=\"canonical\" href=\"https:\/\/www.estrategiaconcursos.com.br\/blog\/edital-prefeitura-venancio-aires\/\" \/>\n<meta property=\"og:locale\" content=\"pt_BR\" \/>\n<meta property=\"og:type\" content=\"article\" \/>\n<meta property=\"og:title\" content=\"Edital Prefeitura Ven\u00e2ncio Aires: Provas suspensas!\" \/>\n<meta property=\"og:description\" content=\"Edital da Prefeitura de Ven\u00e2ncio Aires oferta 57 vagas + CR para todas as escolaridades. Inscri\u00e7\u00f5es encerradas e provas suspensas!\" \/>\n<meta property=\"og:url\" content=\"https:\/\/www.estrategiaconcursos.com.br\/blog\/edital-prefeitura-venancio-aires\/\" \/>\n<meta property=\"og:site_name\" content=\"Estrat\u00e9gia Concursos\" \/>\n<meta property=\"article:published_time\" content=\"2021-03-23T15:30:00+00:00\" \/>\n<meta property=\"article:modified_time\" content=\"2021-03-24T12:05:36+00:00\" \/>\n<meta property=\"og:image\" content=\"https:\/\/dhg1h5j42swfq.cloudfront.net\/2019\/11\/30113847\/PREFEITURA-DE-VEN%C3%82NCIO.jpg\" \/>\n\t<meta property=\"og:image:width\" content=\"1200\" \/>\n\t<meta property=\"og:image:height\" content=\"628\" \/>\n\t<meta property=\"og:image:type\" content=\"image\/jpeg\" \/>\n<meta name=\"author\" content=\"Diego Cerqueira Berbert Vasconcelos\" \/>\n<meta name=\"twitter:card\" content=\"summary_large_image\" \/>\n<meta name=\"twitter:creator\" content=\"@EstratConcursos\" \/>\n<meta name=\"twitter:site\" content=\"@EstratConcursos\" \/>\n<meta name=\"twitter:label1\" content=\"Escrito por\" \/>\n\t<meta name=\"twitter:data1\" content=\"Diego Cerqueira Berbert Vasconcelos\" \/>\n\t<meta name=\"twitter:label2\" content=\"Est. tempo de leitura\" \/>\n\t<meta name=\"twitter:data2\" content=\"4 minutos\" \/>\n<script type=\"application\/ld+json\" class=\"yoast-schema-graph\">{\"@context\":\"https:\/\/schema.org\",\"@graph\":[{\"@type\":\"NewsArticle\",\"@id\":\"https:\/\/www.estrategiaconcursos.com.br\/blog\/edital-prefeitura-venancio-aires\/#article\",\"isPartOf\":{\"@id\":\"https:\/\/www.estrategiaconcursos.com.br\/blog\/edital-prefeitura-venancio-aires\/\"},\"author\":{\"name\":\"Diego Cerqueira Berbert Vasconcelos\",\"@id\":\"https:\/\/www.estrategiaconcursos.com.br\/blog\/#\/schema\/person\/7fbf898fd336f5ce58a961518beff68c\"},\"headline\":\"Edital Prefeitura Ven\u00e2ncio Aires: Provas suspensas!\",\"datePublished\":\"2021-03-23T15:30:00+00:00\",\"dateModified\":\"2021-03-24T12:05:36+00:00\",\"mainEntityOfPage\":{\"@id\":\"https:\/\/www.estrategiaconcursos.com.br\/blog\/edital-prefeitura-venancio-aires\/\"},\"wordCount\":923,\"commentCount\":0,\"publisher\":{\"@id\":\"https:\/\/www.estrategiaconcursos.com.br\/blog\/#organization\"},\"image\":{\"@id\":\"https:\/\/www.estrategiaconcursos.com.br\/blog\/edital-prefeitura-venancio-aires\/#primaryimage\"},\"thumbnailUrl\":\"https:\/\/dhg1h5j42swfq.cloudfront.net\/2019\/11\/30113847\/PREFEITURA-DE-VEN%C3%82NCIO.jpg\",\"articleSection\":[\"Concursos P\u00fablicos\"],\"inLanguage\":\"pt-BR\",\"potentialAction\":[{\"@type\":\"CommentAction\",\"name\":\"Comment\",\"target\":[\"https:\/\/www.estrategiaconcursos.com.br\/blog\/edital-prefeitura-venancio-aires\/#respond\"]}],\"copyrightYear\":\"2021\",\"copyrightHolder\":{\"@id\":\"https:\/\/www.estrategiaconcursos.com.br\/blog\/#organization\"}},{\"@type\":\"WebPage\",\"@id\":\"https:\/\/www.estrategiaconcursos.com.br\/blog\/edital-prefeitura-venancio-aires\/\",\"url\":\"https:\/\/www.estrategiaconcursos.com.br\/blog\/edital-prefeitura-venancio-aires\/\",\"name\":\"Edital Prefeitura Ven\u00e2ncio Aires: Provas suspensas!\",\"isPartOf\":{\"@id\":\"https:\/\/www.estrategiaconcursos.com.br\/blog\/#website\"},\"primaryImageOfPage\":{\"@id\":\"https:\/\/www.estrategiaconcursos.com.br\/blog\/edital-prefeitura-venancio-aires\/#primaryimage\"},\"image\":{\"@id\":\"https:\/\/www.estrategiaconcursos.com.br\/blog\/edital-prefeitura-venancio-aires\/#primaryimage\"},\"thumbnailUrl\":\"https:\/\/dhg1h5j42swfq.cloudfront.net\/2019\/11\/30113847\/PREFEITURA-DE-VEN%C3%82NCIO.jpg\",\"datePublished\":\"2021-03-23T15:30:00+00:00\",\"dateModified\":\"2021-03-24T12:05:36+00:00\",\"description\":\"Edital da Prefeitura de Ven\u00e2ncio Aires oferta 57 vagas + CR para todas as escolaridades. Inscri\u00e7\u00f5es encerradas e provas suspensas!\",\"breadcrumb\":{\"@id\":\"https:\/\/www.estrategiaconcursos.com.br\/blog\/edital-prefeitura-venancio-aires\/#breadcrumb\"},\"inLanguage\":\"pt-BR\",\"potentialAction\":[{\"@type\":\"ReadAction\",\"target\":[\"https:\/\/www.estrategiaconcursos.com.br\/blog\/edital-prefeitura-venancio-aires\/\"]}]},{\"@type\":\"ImageObject\",\"inLanguage\":\"pt-BR\",\"@id\":\"https:\/\/www.estrategiaconcursos.com.br\/blog\/edital-prefeitura-venancio-aires\/#primaryimage\",\"url\":\"https:\/\/dhg1h5j42swfq.cloudfront.net\/2019\/11\/30113847\/PREFEITURA-DE-VEN%C3%82NCIO.jpg\",\"contentUrl\":\"https:\/\/dhg1h5j42swfq.cloudfront.net\/2019\/11\/30113847\/PREFEITURA-DE-VEN%C3%82NCIO.jpg\",\"width\":1200,\"height\":628,\"caption\":\"concurso VEN\u00c2NCIO AIRES retomado\"},{\"@type\":\"BreadcrumbList\",\"@id\":\"https:\/\/www.estrategiaconcursos.com.br\/blog\/edital-prefeitura-venancio-aires\/#breadcrumb\",\"itemListElement\":[{\"@type\":\"ListItem\",\"position\":1,\"name\":\"In\u00edcio\",\"item\":\"https:\/\/www.estrategiaconcursos.com.br\/blog\/\"},{\"@type\":\"ListItem\",\"position\":2,\"name\":\"Edital Prefeitura Ven\u00e2ncio Aires: Provas suspensas!\"}]},{\"@type\":\"WebSite\",\"@id\":\"https:\/\/www.estrategiaconcursos.com.br\/blog\/#website\",\"url\":\"https:\/\/www.estrategiaconcursos.com.br\/blog\/\",\"name\":\"Estrat\u00e9gia Concursos\",\"description\":\"O blog da Estrat\u00e9gia Concursos traz not\u00edcias sobre concursos e artigos de professores oferecendo cursos para concursos (pdf + videaulas) no site.\",\"publisher\":{\"@id\":\"https:\/\/www.estrategiaconcursos.com.br\/blog\/#organization\"},\"potentialAction\":[{\"@type\":\"SearchAction\",\"target\":{\"@type\":\"EntryPoint\",\"urlTemplate\":\"https:\/\/www.estrategiaconcursos.com.br\/blog\/?s={search_term_string}\"},\"query-input\":{\"@type\":\"PropertyValueSpecification\",\"valueRequired\":true,\"valueName\":\"search_term_string\"}}],\"inLanguage\":\"pt-BR\"},{\"@type\":\"Organization\",\"@id\":\"https:\/\/www.estrategiaconcursos.com.br\/blog\/#organization\",\"name\":\"Estrat\u00e9gia Concursos\",\"url\":\"https:\/\/www.estrategiaconcursos.com.br\/blog\/\",\"logo\":{\"@type\":\"ImageObject\",\"inLanguage\":\"pt-BR\",\"@id\":\"https:\/\/www.estrategiaconcursos.com.br\/blog\/#\/schema\/logo\/image\/\",\"url\":\"https:\/\/dhg1h5j42swfq.cloudfront.net\/2025\/06\/03203428\/logo_concursos-1.jpg\",\"contentUrl\":\"https:\/\/dhg1h5j42swfq.cloudfront.net\/2025\/06\/03203428\/logo_concursos-1.jpg\",\"width\":230,\"height\":60,\"caption\":\"Estrat\u00e9gia Concursos\"},\"image\":{\"@id\":\"https:\/\/www.estrategiaconcursos.com.br\/blog\/#\/schema\/logo\/image\/\"},\"sameAs\":[\"https:\/\/x.com\/EstratConcursos\"]},{\"@type\":\"Person\",\"@id\":\"https:\/\/www.estrategiaconcursos.com.br\/blog\/#\/schema\/person\/7fbf898fd336f5ce58a961518beff68c\",\"name\":\"Diego Cerqueira Berbert Vasconcelos\",\"image\":{\"@type\":\"ImageObject\",\"inLanguage\":\"pt-BR\",\"@id\":\"https:\/\/secure.gravatar.com\/avatar\/ed2d045a7390980cad1a92d24dcc39d10ef55b88fcb9fb9c047979bf4ddeb1ce?s=96&d=mm&r=g\",\"url\":\"https:\/\/secure.gravatar.com\/avatar\/ed2d045a7390980cad1a92d24dcc39d10ef55b88fcb9fb9c047979bf4ddeb1ce?s=96&d=mm&r=g\",\"contentUrl\":\"https:\/\/secure.gravatar.com\/avatar\/ed2d045a7390980cad1a92d24dcc39d10ef55b88fcb9fb9c047979bf4ddeb1ce?s=96&d=mm&r=g\",\"caption\":\"Diego Cerqueira Berbert Vasconcelos\"},\"url\":\"https:\/\/www.estrategiaconcursos.com.br\/blog\/author\/diegocerqueiraestrategiaconcursos-com-br\/\"}]}<\/script>\n<!-- \/ Yoast SEO Premium plugin. -->","yoast_head_json":{"title":"Edital Prefeitura Ven\u00e2ncio Aires: Provas suspensas!","description":"Edital da Prefeitura de Ven\u00e2ncio Aires oferta 57 vagas + CR para todas as escolaridades. Inscri\u00e7\u00f5es encerradas e provas suspensas!","robots":{"index":"index","follow":"follow","max-snippet":"max-snippet:-1","max-image-preview":"max-image-preview:large","max-video-preview":"max-video-preview:-1"},"canonical":"https:\/\/www.estrategiaconcursos.com.br\/blog\/edital-prefeitura-venancio-aires\/","og_locale":"pt_BR","og_type":"article","og_title":"Edital Prefeitura Ven\u00e2ncio Aires: Provas suspensas!","og_description":"Edital da Prefeitura de Ven\u00e2ncio Aires oferta 57 vagas + CR para todas as escolaridades. Inscri\u00e7\u00f5es encerradas e provas suspensas!","og_url":"https:\/\/www.estrategiaconcursos.com.br\/blog\/edital-prefeitura-venancio-aires\/","og_site_name":"Estrat\u00e9gia Concursos","article_published_time":"2021-03-23T15:30:00+00:00","article_modified_time":"2021-03-24T12:05:36+00:00","og_image":[{"width":1200,"height":628,"url":"https:\/\/dhg1h5j42swfq.cloudfront.net\/2019\/11\/30113847\/PREFEITURA-DE-VEN%C3%82NCIO.jpg","type":"image\/jpeg"}],"author":"Diego Cerqueira Berbert Vasconcelos","twitter_card":"summary_large_image","twitter_creator":"@EstratConcursos","twitter_site":"@EstratConcursos","twitter_misc":{"Escrito por":"Diego Cerqueira Berbert Vasconcelos","Est. tempo de leitura":"4 minutos"},"schema":{"@context":"https:\/\/schema.org","@graph":[{"@type":"NewsArticle","@id":"https:\/\/www.estrategiaconcursos.com.br\/blog\/edital-prefeitura-venancio-aires\/#article","isPartOf":{"@id":"https:\/\/www.estrategiaconcursos.com.br\/blog\/edital-prefeitura-venancio-aires\/"},"author":{"name":"Diego Cerqueira Berbert Vasconcelos","@id":"https:\/\/www.estrategiaconcursos.com.br\/blog\/#\/schema\/person\/7fbf898fd336f5ce58a961518beff68c"},"headline":"Edital Prefeitura Ven\u00e2ncio Aires: Provas suspensas!","datePublished":"2021-03-23T15:30:00+00:00","dateModified":"2021-03-24T12:05:36+00:00","mainEntityOfPage":{"@id":"https:\/\/www.estrategiaconcursos.com.br\/blog\/edital-prefeitura-venancio-aires\/"},"wordCount":923,"commentCount":0,"publisher":{"@id":"https:\/\/www.estrategiaconcursos.com.br\/blog\/#organization"},"image":{"@id":"https:\/\/www.estrategiaconcursos.com.br\/blog\/edital-prefeitura-venancio-aires\/#primaryimage"},"thumbnailUrl":"https:\/\/dhg1h5j42swfq.cloudfront.net\/2019\/11\/30113847\/PREFEITURA-DE-VEN%C3%82NCIO.jpg","articleSection":["Concursos P\u00fablicos"],"inLanguage":"pt-BR","potentialAction":[{"@type":"CommentAction","name":"Comment","target":["https:\/\/www.estrategiaconcursos.com.br\/blog\/edital-prefeitura-venancio-aires\/#respond"]}],"copyrightYear":"2021","copyrightHolder":{"@id":"https:\/\/www.estrategiaconcursos.com.br\/blog\/#organization"}},{"@type":"WebPage","@id":"https:\/\/www.estrategiaconcursos.com.br\/blog\/edital-prefeitura-venancio-aires\/","url":"https:\/\/www.estrategiaconcursos.com.br\/blog\/edital-prefeitura-venancio-aires\/","name":"Edital Prefeitura Ven\u00e2ncio Aires: Provas suspensas!","isPartOf":{"@id":"https:\/\/www.estrategiaconcursos.com.br\/blog\/#website"},"primaryImageOfPage":{"@id":"https:\/\/www.estrategiaconcursos.com.br\/blog\/edital-prefeitura-venancio-aires\/#primaryimage"},"image":{"@id":"https:\/\/www.estrategiaconcursos.com.br\/blog\/edital-prefeitura-venancio-aires\/#primaryimage"},"thumbnailUrl":"https:\/\/dhg1h5j42swfq.cloudfront.net\/2019\/11\/30113847\/PREFEITURA-DE-VEN%C3%82NCIO.jpg","datePublished":"2021-03-23T15:30:00+00:00","dateModified":"2021-03-24T12:05:36+00:00","description":"Edital da Prefeitura de Ven\u00e2ncio Aires oferta 57 vagas + CR para todas as escolaridades. Inscri\u00e7\u00f5es encerradas e provas suspensas!","breadcrumb":{"@id":"https:\/\/www.estrategiaconcursos.com.br\/blog\/edital-prefeitura-venancio-aires\/#breadcrumb"},"inLanguage":"pt-BR","potentialAction":[{"@type":"ReadAction","target":["https:\/\/www.estrategiaconcursos.com.br\/blog\/edital-prefeitura-venancio-aires\/"]}]},{"@type":"ImageObject","inLanguage":"pt-BR","@id":"https:\/\/www.estrategiaconcursos.com.br\/blog\/edital-prefeitura-venancio-aires\/#primaryimage","url":"https:\/\/dhg1h5j42swfq.cloudfront.net\/2019\/11\/30113847\/PREFEITURA-DE-VEN%C3%82NCIO.jpg","contentUrl":"https:\/\/dhg1h5j42swfq.cloudfront.net\/2019\/11\/30113847\/PREFEITURA-DE-VEN%C3%82NCIO.jpg","width":1200,"height":628,"caption":"concurso VEN\u00c2NCIO AIRES retomado"},{"@type":"BreadcrumbList","@id":"https:\/\/www.estrategiaconcursos.com.br\/blog\/edital-prefeitura-venancio-aires\/#breadcrumb","itemListElement":[{"@type":"ListItem","position":1,"name":"In\u00edcio","item":"https:\/\/www.estrategiaconcursos.com.br\/blog\/"},{"@type":"ListItem","position":2,"name":"Edital Prefeitura Ven\u00e2ncio Aires: Provas suspensas!"}]},{"@type":"WebSite","@id":"https:\/\/www.estrategiaconcursos.com.br\/blog\/#website","url":"https:\/\/www.estrategiaconcursos.com.br\/blog\/","name":"Estrat\u00e9gia Concursos","description":"O blog da Estrat\u00e9gia Concursos traz not\u00edcias sobre concursos e artigos de professores oferecendo cursos para concursos (pdf + videaulas) no site.","publisher":{"@id":"https:\/\/www.estrategiaconcursos.com.br\/blog\/#organization"},"potentialAction":[{"@type":"SearchAction","target":{"@type":"EntryPoint","urlTemplate":"https:\/\/www.estrategiaconcursos.com.br\/blog\/?s={search_term_string}"},"query-input":{"@type":"PropertyValueSpecification","valueRequired":true,"valueName":"search_term_string"}}],"inLanguage":"pt-BR"},{"@type":"Organization","@id":"https:\/\/www.estrategiaconcursos.com.br\/blog\/#organization","name":"Estrat\u00e9gia Concursos","url":"https:\/\/www.estrategiaconcursos.com.br\/blog\/","logo":{"@type":"ImageObject","inLanguage":"pt-BR","@id":"https:\/\/www.estrategiaconcursos.com.br\/blog\/#\/schema\/logo\/image\/","url":"https:\/\/dhg1h5j42swfq.cloudfront.net\/2025\/06\/03203428\/logo_concursos-1.jpg","contentUrl":"https:\/\/dhg1h5j42swfq.cloudfront.net\/2025\/06\/03203428\/logo_concursos-1.jpg","width":230,"height":60,"caption":"Estrat\u00e9gia Concursos"},"image":{"@id":"https:\/\/www.estrategiaconcursos.com.br\/blog\/#\/schema\/logo\/image\/"},"sameAs":["https:\/\/x.com\/EstratConcursos"]},{"@type":"Person","@id":"https:\/\/www.estrategiaconcursos.com.br\/blog\/#\/schema\/person\/7fbf898fd336f5ce58a961518beff68c","name":"Diego Cerqueira Berbert Vasconcelos","image":{"@type":"ImageObject","inLanguage":"pt-BR","@id":"https:\/\/secure.gravatar.com\/avatar\/ed2d045a7390980cad1a92d24dcc39d10ef55b88fcb9fb9c047979bf4ddeb1ce?s=96&d=mm&r=g","url":"https:\/\/secure.gravatar.com\/avatar\/ed2d045a7390980cad1a92d24dcc39d10ef55b88fcb9fb9c047979bf4ddeb1ce?s=96&d=mm&r=g","contentUrl":"https:\/\/secure.gravatar.com\/avatar\/ed2d045a7390980cad1a92d24dcc39d10ef55b88fcb9fb9c047979bf4ddeb1ce?s=96&d=mm&r=g","caption":"Diego Cerqueira Berbert Vasconcelos"},"url":"https:\/\/www.estrategiaconcursos.com.br\/blog\/author\/diegocerqueiraestrategiaconcursos-com-br\/"}]}},"_links":{"self":[{"href":"https:\/\/www.estrategiaconcursos.com.br\/blog\/wp-json\/wp\/v2\/posts\/475847","targetHints":{"allow":["GET"]}}],"collection":[{"href":"https:\/\/www.estrategiaconcursos.com.br\/blog\/wp-json\/wp\/v2\/posts"}],"about":[{"href":"https:\/\/www.estrategiaconcursos.com.br\/blog\/wp-json\/wp\/v2\/types\/post"}],"author":[{"embeddable":true,"href":"https:\/\/www.estrategiaconcursos.com.br\/blog\/wp-json\/wp\/v2\/users\/260"}],"replies":[{"embeddable":true,"href":"https:\/\/www.estrategiaconcursos.com.br\/blog\/wp-json\/wp\/v2\/comments?post=475847"}],"version-history":[{"count":10,"href":"https:\/\/www.estrategiaconcursos.com.br\/blog\/wp-json\/wp\/v2\/posts\/475847\/revisions"}],"predecessor-version":[{"id":699921,"href":"https:\/\/www.estrategiaconcursos.com.br\/blog\/wp-json\/wp\/v2\/posts\/475847\/revisions\/699921"}],"wp:featuredmedia":[{"embeddable":true,"href":"https:\/\/www.estrategiaconcursos.com.br\/blog\/wp-json\/wp\/v2\/media\/475866"}],"wp:attachment":[{"href":"https:\/\/www.estrategiaconcursos.com.br\/blog\/wp-json\/wp\/v2\/media?parent=475847"}],"wp:term":[{"taxonomy":"category","embeddable":true,"href":"https:\/\/www.estrategiaconcursos.com.br\/blog\/wp-json\/wp\/v2\/categories?post=475847"},{"taxonomy":"post_tag","embeddable":true,"href":"https:\/\/www.estrategiaconcursos.com.br\/blog\/wp-json\/wp\/v2\/tags?post=475847"},{"taxonomy":"tax_estado","embeddable":true,"href":"https:\/\/www.estrategiaconcursos.com.br\/blog\/wp-json\/wp\/v2\/tax_estado?post=475847"}],"curies":[{"name":"wp","href":"https:\/\/api.w.org\/{rel}","templated":true}]}}