{"id":475686,"date":"2020-01-30T08:36:37","date_gmt":"2020-01-30T11:36:37","guid":{"rendered":"https:\/\/www.estrategiaconcursos.com.br\/blog\/?p=475686"},"modified":"2020-06-19T11:22:37","modified_gmt":"2020-06-19T14:22:37","slug":"concurso-tj-rj-comissao-alterada","status":"publish","type":"post","link":"https:\/\/www.estrategiaconcursos.com.br\/blog\/concurso-tj-rj-comissao-alterada\/","title":{"rendered":"Comiss\u00e3o organizadora do concurso TJ RJ \u00e9 alterada"},"content":{"rendered":"\n<p>O Desembargador Claudio de Mello Tavares assinou o documento que altera a comiss\u00e3o organizadora do concurso TJ RJ para provimento do cargo efetivo de T\u00e9cnico de Atividade  Judici\u00e1ria sem especialidade. <\/p>\n\n\n\n<p>Agora a comiss\u00e3o contar\u00e1 com cinco integrantes que v\u00e3o auxiliar o Cebraspe na organiza\u00e7\u00e3o do certame. Confira abaixo a composi\u00e7\u00e3o da mesma:<\/p>\n\n\n\n<ul class=\"wp-block-list\"><li><strong>Presidente da Comiss\u00e3o:<\/strong> Desembargador Peterson Barroso Sim\u00e3o <\/li><li><strong>Juiz de Direito Auxiliar da Presid\u00eancia: <\/strong>Doutor Luiz Eduardo Cavalcanti Canabarro<\/li><li> <strong>Juiz de Direito Auxiliar da<\/strong> <strong>Corregedoria -Geral da Justi\u00e7a: <\/strong>Doutor Gustavo Quintanilha Telles de Menezes <\/li><li><strong>Diretor &#8211; Geral da Diretoria &#8211; Geral de Gest\u00e3o de Pessoas: <\/strong>Gabriel Albuquerque Pinto<\/li><li><strong>Diretor da Divis\u00e3o de Capta\u00e7\u00e3o do Departamento de Desenvolvimento de Pessoas da Diretoria &#8211; Geral de Gest\u00e3o de Pessoas:<\/strong> Alessandro Borges Valente<\/li><\/ul>\n\n\n\n<p>Vale lembrar que o certame ser\u00e1 organizado pelo Cebraspe e visa ofertar aos candidatos 169 vagas no total, das quais 85 se destinam ao cargo de T\u00e9cnico Judici\u00e1rio e 84 para Analista Judici\u00e1rio. <\/p>\n\n\n\n<p style=\"font-size:23px\" class=\"has-background has-text-align-center has-very-light-gray-background-color\"><strong>Mais informa\u00e7\u00f5es: <a href=\"https:\/\/www.estrategiaconcursos.com.br\/blog\/concurso-tj-rj\/\">concurso TJ RJ <\/a><\/strong><\/p>\n\n\n\n<h2 class=\"has-text-align-center wp-block-heading\" id=\"cursos-assinaturas\"><strong><em>Quer estudar para Concurso TJ RJ?<\/em><\/strong><\/h2>\n\n\n\n<p style=\"font-size:23px\" class=\"has-background has-text-align-center has-luminous-vivid-amber-background-color\"><a href=\"https:\/\/www.estrategiaconcursos.com.br\/cursosPorConcurso\/tj-rj\/\" target=\"_blank\" rel=\"noreferrer noopener\"><strong>CURSO TJ RJ<\/strong><\/a><\/p>\n\n\n\n<p class=\"has-text-align-center\"><em><strong>Assinatura Anual Ilimitada*<\/strong><\/em><\/p>\n\n\n\n<p class=\"has-text-align-center\"><em>Prepare-se com o melhor material e com quem mais aprova em&nbsp;Concursos P\u00fablicos de todo o pa\u00eds. Assine agora a nossa Assinatura Anual e tenha acesso ilimitado a todos os nossos cursos.<\/em><\/p>\n\n\n\n<p style=\"font-size:23px\" class=\"has-background has-text-align-center has-light-green-cyan-background-color\"><strong>ASSINE AGORA<\/strong>&nbsp;\u2013&nbsp;<a href=\"https:\/\/www.estrategiaconcursos.com.br\/assinaturas\" target=\"_blank\" rel=\"noreferrer noopener\"><strong>Assinatura Ilimitada<\/strong><\/a><\/p>\n\n\n\n<p class=\"has-text-align-center\"><strong><em>Fique por dentro dos concursos vigentes:<\/em><\/strong><\/p>\n\n\n\n<p style=\"font-size:23px\" class=\"has-background has-text-align-center has-pale-cyan-blue-background-color\"><strong><a href=\"https:\/\/www.estrategiaconcursos.com.br\/blog\/concursos-abertos\/\" target=\"_blank\" rel=\"noreferrer noopener\">CONCURSOS ABERTOS<\/a><\/strong><\/p>\n\n\n\n<p style=\"font-size:23px\" class=\"has-background has-text-align-center has-pale-cyan-blue-background-color\"><strong><a href=\"https:\/\/www.estrategiaconcursos.com.br\/blog\/concursos-2020\/\" target=\"_blank\" rel=\"noreferrer noopener\">CONCURSOS&nbsp;2020<\/a><\/strong><\/p>\n\n\n\n<p style=\"font-size:23px\" class=\"has-background has-text-align-center has-pale-cyan-blue-background-color\"><strong><a href=\"https:\/\/www.estrategiaconcursos.com.br\/blog\/concursos-tribunais-2019\/\" target=\"_blank\" rel=\"noreferrer noopener\">CONCURSOS&nbsp;TRIBUNAIS<\/a><\/strong><\/p>\n","protected":false},"excerpt":{"rendered":"<p>O Desembargador Claudio de Mello Tavares assinou o documento que altera a comiss\u00e3o organizadora do concurso TJ RJ para provimento do cargo efetivo de T\u00e9cnico de Atividade Judici\u00e1ria sem especialidade. Agora a comiss\u00e3o contar\u00e1 com cinco integrantes que v\u00e3o auxiliar o Cebraspe na organiza\u00e7\u00e3o do certame. Confira abaixo a composi\u00e7\u00e3o da mesma: Presidente da Comiss\u00e3o: [&hellip;]<\/p>\n","protected":false},"author":180,"featured_media":149923,"comment_status":"open","ping_status":"closed","sticky":false,"template":"","format":"standard","meta":{"post_tipo":"article","footnotes":""},"categories":[1],"tags":[],"tax_estado":[],"class_list":["post-475686","post","type-post","status-publish","format-standard","has-post-thumbnail","hentry","category-cursos-e-concursos"],"acf":[],"yoast_head":"<!-- This site is optimized with the Yoast SEO Premium plugin v27.2 (Yoast SEO v27.2) - https:\/\/yoast.com\/product\/yoast-seo-premium-wordpress\/ -->\n<title>Comiss\u00e3o organizadora do concurso TJ RJ \u00e9 alterada<\/title>\n<meta name=\"description\" content=\"Concurso TJ RJ teve comiss\u00e3o organizadora alterada. Confira neste artigo as principais informa\u00e7\u00f5es sobre vagas, cargos, comiss\u00e3o e muito mais.\" \/>\n<meta name=\"robots\" content=\"index, follow, max-snippet:-1, max-image-preview:large, max-video-preview:-1\" \/>\n<link rel=\"canonical\" href=\"https:\/\/www.estrategiaconcursos.com.br\/blog\/concurso-tj-rj-comissao-alterada\/\" \/>\n<meta property=\"og:locale\" content=\"pt_BR\" \/>\n<meta property=\"og:type\" content=\"article\" \/>\n<meta property=\"og:title\" content=\"Comiss\u00e3o organizadora do concurso TJ RJ \u00e9 alterada\" \/>\n<meta property=\"og:description\" content=\"Concurso TJ RJ teve comiss\u00e3o organizadora alterada. Confira neste artigo as principais informa\u00e7\u00f5es sobre vagas, cargos, comiss\u00e3o e muito mais.\" \/>\n<meta property=\"og:url\" content=\"https:\/\/www.estrategiaconcursos.com.br\/blog\/concurso-tj-rj-comissao-alterada\/\" \/>\n<meta property=\"og:site_name\" content=\"Estrat\u00e9gia Concursos\" \/>\n<meta property=\"article:author\" content=\"https:\/\/www.facebook.com\/ricardo.s.torques\" \/>\n<meta property=\"article:published_time\" content=\"2020-01-30T11:36:37+00:00\" \/>\n<meta property=\"article:modified_time\" content=\"2020-06-19T14:22:37+00:00\" \/>\n<meta property=\"og:image\" content=\"https:\/\/dhg1h5j42swfq.cloudfront.net\/2018\/10\/01140603\/TJ-RJ1.jpg\" \/>\n\t<meta property=\"og:image:width\" content=\"1200\" \/>\n\t<meta property=\"og:image:height\" content=\"628\" \/>\n\t<meta property=\"og:image:type\" content=\"image\/jpeg\" \/>\n<meta name=\"author\" content=\"Ricardo Torques\" \/>\n<meta name=\"twitter:card\" content=\"summary_large_image\" \/>\n<meta name=\"twitter:creator\" content=\"@EstratConcursos\" \/>\n<meta name=\"twitter:site\" content=\"@EstratConcursos\" \/>\n<meta name=\"twitter:label1\" content=\"Escrito por\" \/>\n\t<meta name=\"twitter:data1\" content=\"Ricardo Torques\" \/>\n\t<meta name=\"twitter:label2\" content=\"Est. tempo de leitura\" \/>\n\t<meta name=\"twitter:data2\" content=\"1 minuto\" \/>\n<script type=\"application\/ld+json\" class=\"yoast-schema-graph\">{\"@context\":\"https:\/\/schema.org\",\"@graph\":[{\"@type\":\"NewsArticle\",\"@id\":\"https:\/\/www.estrategiaconcursos.com.br\/blog\/concurso-tj-rj-comissao-alterada\/#article\",\"isPartOf\":{\"@id\":\"https:\/\/www.estrategiaconcursos.com.br\/blog\/concurso-tj-rj-comissao-alterada\/\"},\"author\":{\"name\":\"Ricardo Torques\",\"@id\":\"https:\/\/www.estrategiaconcursos.com.br\/blog\/#\/schema\/person\/aa39cf5ddb518e5bdce27c35788405e2\"},\"headline\":\"Comiss\u00e3o organizadora do concurso TJ RJ \u00e9 alterada\",\"datePublished\":\"2020-01-30T11:36:37+00:00\",\"dateModified\":\"2020-06-19T14:22:37+00:00\",\"mainEntityOfPage\":{\"@id\":\"https:\/\/www.estrategiaconcursos.com.br\/blog\/concurso-tj-rj-comissao-alterada\/\"},\"wordCount\":249,\"commentCount\":0,\"publisher\":{\"@id\":\"https:\/\/www.estrategiaconcursos.com.br\/blog\/#organization\"},\"image\":{\"@id\":\"https:\/\/www.estrategiaconcursos.com.br\/blog\/concurso-tj-rj-comissao-alterada\/#primaryimage\"},\"thumbnailUrl\":\"https:\/\/dhg1h5j42swfq.cloudfront.net\/2018\/10\/01140603\/TJ-RJ1.jpg\",\"articleSection\":[\"Concursos P\u00fablicos\"],\"inLanguage\":\"pt-BR\",\"potentialAction\":[{\"@type\":\"CommentAction\",\"name\":\"Comment\",\"target\":[\"https:\/\/www.estrategiaconcursos.com.br\/blog\/concurso-tj-rj-comissao-alterada\/#respond\"]}],\"copyrightYear\":\"2020\",\"copyrightHolder\":{\"@id\":\"https:\/\/www.estrategiaconcursos.com.br\/blog\/#organization\"}},{\"@type\":\"WebPage\",\"@id\":\"https:\/\/www.estrategiaconcursos.com.br\/blog\/concurso-tj-rj-comissao-alterada\/\",\"url\":\"https:\/\/www.estrategiaconcursos.com.br\/blog\/concurso-tj-rj-comissao-alterada\/\",\"name\":\"Comiss\u00e3o organizadora do concurso TJ RJ \u00e9 alterada\",\"isPartOf\":{\"@id\":\"https:\/\/www.estrategiaconcursos.com.br\/blog\/#website\"},\"primaryImageOfPage\":{\"@id\":\"https:\/\/www.estrategiaconcursos.com.br\/blog\/concurso-tj-rj-comissao-alterada\/#primaryimage\"},\"image\":{\"@id\":\"https:\/\/www.estrategiaconcursos.com.br\/blog\/concurso-tj-rj-comissao-alterada\/#primaryimage\"},\"thumbnailUrl\":\"https:\/\/dhg1h5j42swfq.cloudfront.net\/2018\/10\/01140603\/TJ-RJ1.jpg\",\"datePublished\":\"2020-01-30T11:36:37+00:00\",\"dateModified\":\"2020-06-19T14:22:37+00:00\",\"description\":\"Concurso TJ RJ teve comiss\u00e3o organizadora alterada. Confira neste artigo as principais informa\u00e7\u00f5es sobre vagas, cargos, comiss\u00e3o e muito mais.\",\"breadcrumb\":{\"@id\":\"https:\/\/www.estrategiaconcursos.com.br\/blog\/concurso-tj-rj-comissao-alterada\/#breadcrumb\"},\"inLanguage\":\"pt-BR\",\"potentialAction\":[{\"@type\":\"ReadAction\",\"target\":[\"https:\/\/www.estrategiaconcursos.com.br\/blog\/concurso-tj-rj-comissao-alterada\/\"]}]},{\"@type\":\"ImageObject\",\"inLanguage\":\"pt-BR\",\"@id\":\"https:\/\/www.estrategiaconcursos.com.br\/blog\/concurso-tj-rj-comissao-alterada\/#primaryimage\",\"url\":\"https:\/\/dhg1h5j42swfq.cloudfront.net\/2018\/10\/01140603\/TJ-RJ1.jpg\",\"contentUrl\":\"https:\/\/dhg1h5j42swfq.cloudfront.net\/2018\/10\/01140603\/TJ-RJ1.jpg\",\"width\":1200,\"height\":628,\"caption\":\"TJ Rio de Janeiro\"},{\"@type\":\"BreadcrumbList\",\"@id\":\"https:\/\/www.estrategiaconcursos.com.br\/blog\/concurso-tj-rj-comissao-alterada\/#breadcrumb\",\"itemListElement\":[{\"@type\":\"ListItem\",\"position\":1,\"name\":\"In\u00edcio\",\"item\":\"https:\/\/www.estrategiaconcursos.com.br\/blog\/\"},{\"@type\":\"ListItem\",\"position\":2,\"name\":\"Comiss\u00e3o organizadora do concurso TJ RJ \u00e9 alterada\"}]},{\"@type\":\"WebSite\",\"@id\":\"https:\/\/www.estrategiaconcursos.com.br\/blog\/#website\",\"url\":\"https:\/\/www.estrategiaconcursos.com.br\/blog\/\",\"name\":\"Estrat\u00e9gia Concursos\",\"description\":\"O blog da Estrat\u00e9gia Concursos traz not\u00edcias sobre concursos e artigos de professores oferecendo cursos para concursos (pdf + videaulas) no site.\",\"publisher\":{\"@id\":\"https:\/\/www.estrategiaconcursos.com.br\/blog\/#organization\"},\"potentialAction\":[{\"@type\":\"SearchAction\",\"target\":{\"@type\":\"EntryPoint\",\"urlTemplate\":\"https:\/\/www.estrategiaconcursos.com.br\/blog\/?s={search_term_string}\"},\"query-input\":{\"@type\":\"PropertyValueSpecification\",\"valueRequired\":true,\"valueName\":\"search_term_string\"}}],\"inLanguage\":\"pt-BR\"},{\"@type\":\"Organization\",\"@id\":\"https:\/\/www.estrategiaconcursos.com.br\/blog\/#organization\",\"name\":\"Estrat\u00e9gia Concursos\",\"url\":\"https:\/\/www.estrategiaconcursos.com.br\/blog\/\",\"logo\":{\"@type\":\"ImageObject\",\"inLanguage\":\"pt-BR\",\"@id\":\"https:\/\/www.estrategiaconcursos.com.br\/blog\/#\/schema\/logo\/image\/\",\"url\":\"https:\/\/dhg1h5j42swfq.cloudfront.net\/2025\/06\/03203428\/logo_concursos-1.jpg\",\"contentUrl\":\"https:\/\/dhg1h5j42swfq.cloudfront.net\/2025\/06\/03203428\/logo_concursos-1.jpg\",\"width\":230,\"height\":60,\"caption\":\"Estrat\u00e9gia Concursos\"},\"image\":{\"@id\":\"https:\/\/www.estrategiaconcursos.com.br\/blog\/#\/schema\/logo\/image\/\"},\"sameAs\":[\"https:\/\/x.com\/EstratConcursos\"]},{\"@type\":\"Person\",\"@id\":\"https:\/\/www.estrategiaconcursos.com.br\/blog\/#\/schema\/person\/aa39cf5ddb518e5bdce27c35788405e2\",\"name\":\"Ricardo Torques\",\"image\":{\"@type\":\"ImageObject\",\"inLanguage\":\"pt-BR\",\"@id\":\"https:\/\/secure.gravatar.com\/avatar\/ce9ac6c3cff25fe86d15ed568ebc64d1724baf5c0693133bcb1f6073f712f92a?s=96&d=mm&r=g\",\"url\":\"https:\/\/secure.gravatar.com\/avatar\/ce9ac6c3cff25fe86d15ed568ebc64d1724baf5c0693133bcb1f6073f712f92a?s=96&d=mm&r=g\",\"contentUrl\":\"https:\/\/secure.gravatar.com\/avatar\/ce9ac6c3cff25fe86d15ed568ebc64d1724baf5c0693133bcb1f6073f712f92a?s=96&d=mm&r=g\",\"caption\":\"Ricardo Torques\"},\"sameAs\":[\"https:\/\/www.facebook.com\/ricardo.s.torques\"],\"url\":\"https:\/\/www.estrategiaconcursos.com.br\/blog\/author\/ricardotorquesestrategiaconcursos-com-br\/\"}]}<\/script>\n<!-- \/ Yoast SEO Premium plugin. -->","yoast_head_json":{"title":"Comiss\u00e3o organizadora do concurso TJ RJ \u00e9 alterada","description":"Concurso TJ RJ teve comiss\u00e3o organizadora alterada. Confira neste artigo as principais informa\u00e7\u00f5es sobre vagas, cargos, comiss\u00e3o e muito mais.","robots":{"index":"index","follow":"follow","max-snippet":"max-snippet:-1","max-image-preview":"max-image-preview:large","max-video-preview":"max-video-preview:-1"},"canonical":"https:\/\/www.estrategiaconcursos.com.br\/blog\/concurso-tj-rj-comissao-alterada\/","og_locale":"pt_BR","og_type":"article","og_title":"Comiss\u00e3o organizadora do concurso TJ RJ \u00e9 alterada","og_description":"Concurso TJ RJ teve comiss\u00e3o organizadora alterada. Confira neste artigo as principais informa\u00e7\u00f5es sobre vagas, cargos, comiss\u00e3o e muito mais.","og_url":"https:\/\/www.estrategiaconcursos.com.br\/blog\/concurso-tj-rj-comissao-alterada\/","og_site_name":"Estrat\u00e9gia Concursos","article_author":"https:\/\/www.facebook.com\/ricardo.s.torques","article_published_time":"2020-01-30T11:36:37+00:00","article_modified_time":"2020-06-19T14:22:37+00:00","og_image":[{"width":1200,"height":628,"url":"https:\/\/dhg1h5j42swfq.cloudfront.net\/2018\/10\/01140603\/TJ-RJ1.jpg","type":"image\/jpeg"}],"author":"Ricardo Torques","twitter_card":"summary_large_image","twitter_creator":"@EstratConcursos","twitter_site":"@EstratConcursos","twitter_misc":{"Escrito por":"Ricardo Torques","Est. tempo de leitura":"1 minuto"},"schema":{"@context":"https:\/\/schema.org","@graph":[{"@type":"NewsArticle","@id":"https:\/\/www.estrategiaconcursos.com.br\/blog\/concurso-tj-rj-comissao-alterada\/#article","isPartOf":{"@id":"https:\/\/www.estrategiaconcursos.com.br\/blog\/concurso-tj-rj-comissao-alterada\/"},"author":{"name":"Ricardo Torques","@id":"https:\/\/www.estrategiaconcursos.com.br\/blog\/#\/schema\/person\/aa39cf5ddb518e5bdce27c35788405e2"},"headline":"Comiss\u00e3o organizadora do concurso TJ RJ \u00e9 alterada","datePublished":"2020-01-30T11:36:37+00:00","dateModified":"2020-06-19T14:22:37+00:00","mainEntityOfPage":{"@id":"https:\/\/www.estrategiaconcursos.com.br\/blog\/concurso-tj-rj-comissao-alterada\/"},"wordCount":249,"commentCount":0,"publisher":{"@id":"https:\/\/www.estrategiaconcursos.com.br\/blog\/#organization"},"image":{"@id":"https:\/\/www.estrategiaconcursos.com.br\/blog\/concurso-tj-rj-comissao-alterada\/#primaryimage"},"thumbnailUrl":"https:\/\/dhg1h5j42swfq.cloudfront.net\/2018\/10\/01140603\/TJ-RJ1.jpg","articleSection":["Concursos P\u00fablicos"],"inLanguage":"pt-BR","potentialAction":[{"@type":"CommentAction","name":"Comment","target":["https:\/\/www.estrategiaconcursos.com.br\/blog\/concurso-tj-rj-comissao-alterada\/#respond"]}],"copyrightYear":"2020","copyrightHolder":{"@id":"https:\/\/www.estrategiaconcursos.com.br\/blog\/#organization"}},{"@type":"WebPage","@id":"https:\/\/www.estrategiaconcursos.com.br\/blog\/concurso-tj-rj-comissao-alterada\/","url":"https:\/\/www.estrategiaconcursos.com.br\/blog\/concurso-tj-rj-comissao-alterada\/","name":"Comiss\u00e3o organizadora do concurso TJ RJ \u00e9 alterada","isPartOf":{"@id":"https:\/\/www.estrategiaconcursos.com.br\/blog\/#website"},"primaryImageOfPage":{"@id":"https:\/\/www.estrategiaconcursos.com.br\/blog\/concurso-tj-rj-comissao-alterada\/#primaryimage"},"image":{"@id":"https:\/\/www.estrategiaconcursos.com.br\/blog\/concurso-tj-rj-comissao-alterada\/#primaryimage"},"thumbnailUrl":"https:\/\/dhg1h5j42swfq.cloudfront.net\/2018\/10\/01140603\/TJ-RJ1.jpg","datePublished":"2020-01-30T11:36:37+00:00","dateModified":"2020-06-19T14:22:37+00:00","description":"Concurso TJ RJ teve comiss\u00e3o organizadora alterada. Confira neste artigo as principais informa\u00e7\u00f5es sobre vagas, cargos, comiss\u00e3o e muito mais.","breadcrumb":{"@id":"https:\/\/www.estrategiaconcursos.com.br\/blog\/concurso-tj-rj-comissao-alterada\/#breadcrumb"},"inLanguage":"pt-BR","potentialAction":[{"@type":"ReadAction","target":["https:\/\/www.estrategiaconcursos.com.br\/blog\/concurso-tj-rj-comissao-alterada\/"]}]},{"@type":"ImageObject","inLanguage":"pt-BR","@id":"https:\/\/www.estrategiaconcursos.com.br\/blog\/concurso-tj-rj-comissao-alterada\/#primaryimage","url":"https:\/\/dhg1h5j42swfq.cloudfront.net\/2018\/10\/01140603\/TJ-RJ1.jpg","contentUrl":"https:\/\/dhg1h5j42swfq.cloudfront.net\/2018\/10\/01140603\/TJ-RJ1.jpg","width":1200,"height":628,"caption":"TJ Rio de Janeiro"},{"@type":"BreadcrumbList","@id":"https:\/\/www.estrategiaconcursos.com.br\/blog\/concurso-tj-rj-comissao-alterada\/#breadcrumb","itemListElement":[{"@type":"ListItem","position":1,"name":"In\u00edcio","item":"https:\/\/www.estrategiaconcursos.com.br\/blog\/"},{"@type":"ListItem","position":2,"name":"Comiss\u00e3o organizadora do concurso TJ RJ \u00e9 alterada"}]},{"@type":"WebSite","@id":"https:\/\/www.estrategiaconcursos.com.br\/blog\/#website","url":"https:\/\/www.estrategiaconcursos.com.br\/blog\/","name":"Estrat\u00e9gia Concursos","description":"O blog da Estrat\u00e9gia Concursos traz not\u00edcias sobre concursos e artigos de professores oferecendo cursos para concursos (pdf + videaulas) no site.","publisher":{"@id":"https:\/\/www.estrategiaconcursos.com.br\/blog\/#organization"},"potentialAction":[{"@type":"SearchAction","target":{"@type":"EntryPoint","urlTemplate":"https:\/\/www.estrategiaconcursos.com.br\/blog\/?s={search_term_string}"},"query-input":{"@type":"PropertyValueSpecification","valueRequired":true,"valueName":"search_term_string"}}],"inLanguage":"pt-BR"},{"@type":"Organization","@id":"https:\/\/www.estrategiaconcursos.com.br\/blog\/#organization","name":"Estrat\u00e9gia Concursos","url":"https:\/\/www.estrategiaconcursos.com.br\/blog\/","logo":{"@type":"ImageObject","inLanguage":"pt-BR","@id":"https:\/\/www.estrategiaconcursos.com.br\/blog\/#\/schema\/logo\/image\/","url":"https:\/\/dhg1h5j42swfq.cloudfront.net\/2025\/06\/03203428\/logo_concursos-1.jpg","contentUrl":"https:\/\/dhg1h5j42swfq.cloudfront.net\/2025\/06\/03203428\/logo_concursos-1.jpg","width":230,"height":60,"caption":"Estrat\u00e9gia Concursos"},"image":{"@id":"https:\/\/www.estrategiaconcursos.com.br\/blog\/#\/schema\/logo\/image\/"},"sameAs":["https:\/\/x.com\/EstratConcursos"]},{"@type":"Person","@id":"https:\/\/www.estrategiaconcursos.com.br\/blog\/#\/schema\/person\/aa39cf5ddb518e5bdce27c35788405e2","name":"Ricardo Torques","image":{"@type":"ImageObject","inLanguage":"pt-BR","@id":"https:\/\/secure.gravatar.com\/avatar\/ce9ac6c3cff25fe86d15ed568ebc64d1724baf5c0693133bcb1f6073f712f92a?s=96&d=mm&r=g","url":"https:\/\/secure.gravatar.com\/avatar\/ce9ac6c3cff25fe86d15ed568ebc64d1724baf5c0693133bcb1f6073f712f92a?s=96&d=mm&r=g","contentUrl":"https:\/\/secure.gravatar.com\/avatar\/ce9ac6c3cff25fe86d15ed568ebc64d1724baf5c0693133bcb1f6073f712f92a?s=96&d=mm&r=g","caption":"Ricardo Torques"},"sameAs":["https:\/\/www.facebook.com\/ricardo.s.torques"],"url":"https:\/\/www.estrategiaconcursos.com.br\/blog\/author\/ricardotorquesestrategiaconcursos-com-br\/"}]}},"_links":{"self":[{"href":"https:\/\/www.estrategiaconcursos.com.br\/blog\/wp-json\/wp\/v2\/posts\/475686","targetHints":{"allow":["GET"]}}],"collection":[{"href":"https:\/\/www.estrategiaconcursos.com.br\/blog\/wp-json\/wp\/v2\/posts"}],"about":[{"href":"https:\/\/www.estrategiaconcursos.com.br\/blog\/wp-json\/wp\/v2\/types\/post"}],"author":[{"embeddable":true,"href":"https:\/\/www.estrategiaconcursos.com.br\/blog\/wp-json\/wp\/v2\/users\/180"}],"replies":[{"embeddable":true,"href":"https:\/\/www.estrategiaconcursos.com.br\/blog\/wp-json\/wp\/v2\/comments?post=475686"}],"version-history":[{"count":3,"href":"https:\/\/www.estrategiaconcursos.com.br\/blog\/wp-json\/wp\/v2\/posts\/475686\/revisions"}],"predecessor-version":[{"id":528924,"href":"https:\/\/www.estrategiaconcursos.com.br\/blog\/wp-json\/wp\/v2\/posts\/475686\/revisions\/528924"}],"wp:featuredmedia":[{"embeddable":true,"href":"https:\/\/www.estrategiaconcursos.com.br\/blog\/wp-json\/wp\/v2\/media\/149923"}],"wp:attachment":[{"href":"https:\/\/www.estrategiaconcursos.com.br\/blog\/wp-json\/wp\/v2\/media?parent=475686"}],"wp:term":[{"taxonomy":"category","embeddable":true,"href":"https:\/\/www.estrategiaconcursos.com.br\/blog\/wp-json\/wp\/v2\/categories?post=475686"},{"taxonomy":"post_tag","embeddable":true,"href":"https:\/\/www.estrategiaconcursos.com.br\/blog\/wp-json\/wp\/v2\/tags?post=475686"},{"taxonomy":"tax_estado","embeddable":true,"href":"https:\/\/www.estrategiaconcursos.com.br\/blog\/wp-json\/wp\/v2\/tax_estado?post=475686"}],"curies":[{"name":"wp","href":"https:\/\/api.w.org\/{rel}","templated":true}]}}