{"id":475487,"date":"2020-02-02T22:00:00","date_gmt":"2020-02-03T01:00:00","guid":{"rendered":"https:\/\/www.estrategiaconcursos.com.br\/blog\/?p=475487"},"modified":"2023-08-10T10:49:52","modified_gmt":"2023-08-10T13:49:52","slug":"gabarito-sefaz-df","status":"publish","type":"post","link":"https:\/\/www.estrategiaconcursos.com.br\/blog\/gabarito-sefaz-df\/","title":{"rendered":"Gabarito Sefaz DF: acompanhe nossa corre\u00e7\u00e3o extraoficial"},"content":{"rendered":"\n<p>Neste <strong>domingo, 02 de fevereiro<\/strong>, foram aplicadas as provas objetivas do concurso p\u00fablico da Secretaria de Estado da Fazenda do Distrito Federal. Segundo registro feito pelo Cebraspe, banca organizadora do certame, cerca de 15.949 candidatos realizaram as avalia\u00e7\u00f5es.<\/p>\n\n\n\n<p>Ao todo, s\u00e3o ofertadas 120 vagas, sendo 40 para provimento imediato e 80 destinadas \u00e0 forma\u00e7\u00e3o de cadastro reserva. O edital tamb\u00e9m prev\u00ea reserva de vagas para candidatos negros e pessoas com defici\u00eancia.<\/p>\n\n\n\n<p>Ao final da prova, sabemos o quanto a ansiedade toma conta, pois queremos saber o quanto antes o nosso resultado. Mas, muitas vezes a divulga\u00e7\u00e3o oficial do gabarito preliminar pode demorar. Por isso, decidimos nos antecipar para te ajudar a conferir como foi seu desempenho nesse certame.<\/p>\n\n\n\n<h2 class=\"wp-block-heading\" id=\"h-ranking-sefaz-df-auditor-fiscal\">Ranking Sefaz DF \u2013&nbsp;Auditor Fiscal<\/h2>\n\n\n\n<p>Voc\u00ea pode participar do nosso&nbsp;<strong>ranking classificat\u00f3rio<\/strong>&nbsp;e comparar seu desempenho com seus concorrentes. Para conferir sua nota, basta preencher suas respostas no nosso gabarito eletr\u00f4nico e aguardar a libera\u00e7\u00e3o da classifica\u00e7\u00e3o.<\/p>\n\n\n\n<p class=\"has-text-align-center has-very-light-gray-background-color has-background\" style=\"font-size:clamp(14.642px, 0.915rem + ((1vw - 3.2px) * 0.721), 22px);px\"><strong><a href=\"https:\/\/docs.google.com\/forms\/d\/e\/1FAIpQLSeLJQJ8BRBu58Ljy77IIlfBysRM60KGjBxM-_7PDPtBr_n9vA\/viewform\" target=\"_blank\" rel=\"noreferrer noopener\" aria-label=\"Preencha seu gabarito (abre numa nova aba)\">Preencha seu gabarito<\/a><\/strong><\/p>\n\n\n\n<p class=\"has-text-align-center has-very-light-gray-background-color has-background\" style=\"font-size:clamp(14.642px, 0.915rem + ((1vw - 3.2px) * 0.721), 22px);px\"><strong><a aria-label=\"Ranking Sefaz DF \u2013 Auditor Fiscal (abre numa nova aba)\" href=\"https:\/\/docs.google.com\/spreadsheets\/d\/1-awoWsX8GuxE5CvUx4VEl8NcIjgK12jxpuQclcCZwXU\/edit?usp=sharing\" target=\"_blank\" rel=\"noreferrer noopener\">Ranking Sefaz DF \u2013 Auditor Fiscal<\/a><\/strong><\/p>\n\n\n\n<h2 class=\"wp-block-heading\" id=\"h-gabarito-extraoficial-sefaz-df-auditor-fiscal\">Gabarito extraoficial: Sefaz DF \u2013 Auditor Fiscal<\/h2>\n\n\n\n<p>Abaixo, voc\u00ea confere os gabaritos corrigidos pelos nossos professores, de acordo com o in\u00edcio da quest\u00e3o.<\/p>\n\n\n\n<p><strong>Quest\u00e3o 1:&nbsp;<\/strong>De acordo com as informa\u00e7\u00f5es do texto, setores econ\u00f4micos\u2026<br \/><strong><em>Resposta:&nbsp;<\/em><\/strong>CERTO<\/p>\n\n\n\n<p><strong>Quest\u00e3o 2:&nbsp;<\/strong>O texto informa que os investidores levam em considera\u00e7\u00e3o\u2026<br \/><strong><em>Resposta:<\/em><\/strong>&nbsp;ERRADO<\/p>\n\n\n\n<p><strong>Quest\u00e3o 3:&nbsp;<\/strong>Conclui-se da no\u00e7\u00e3o de sustentabilidade\u2026<br \/><strong><em>Resposta:<\/em><\/strong>&nbsp;ERRADO<\/p>\n\n\n\n<p><strong>Quest\u00e3o 4:&nbsp;<\/strong>Os resultados da pesquisa realizada\u2026<br \/><strong><em>Resposta:<\/em><\/strong>&nbsp;CERTO<\/p>\n\n\n\n<p><strong>Quest\u00e3o 5:&nbsp;<\/strong>Sem preju\u00edzo da corre\u00e7\u00e3o gramatical\u2026<br \/><strong><em>Resposta:<\/em><\/strong>&nbsp;ERRADO<\/p>\n\n\n\n<p><strong>Quest\u00e3o 6:&nbsp;<\/strong>A substitui\u00e7\u00e3o da forma verbal \u201cdesenvolveram\u201d\u2026<br \/><strong><em>Resposta:<\/em><\/strong>&nbsp;CERTO<\/p>\n\n\n\n<p><strong>Quest\u00e3o 7:&nbsp;<\/strong>Dada a reg\u00eancia do verbo tender\u2026<br \/><strong><em>Resposta:<\/em><\/strong>&nbsp;ERRADO<\/p>\n\n\n\n<p><strong>Quest\u00e3o 8:&nbsp;<\/strong>O texto \u00e9 um artigo de opini\u00e3o\u2026<br \/><strong><em>Resposta:<\/em><\/strong>&nbsp;ERRADO<\/p>\n\n\n\n<p><strong>Quest\u00e3o 9:&nbsp;<\/strong>Sem preju\u00edzo da corre\u00e7\u00e3o gramatical\u2026<br \/><strong><em>Resposta:<\/em><\/strong>&nbsp;CERTO<\/p>\n\n\n\n<p><strong>Quest\u00e3o 10:&nbsp;<\/strong>No trecho \u201cos investidores reconhecem\u2026\u201d\u2026<br \/><strong><em>Resposta:<\/em><\/strong>&nbsp;CERTO<\/p>\n\n\n\n<p><strong>Quest\u00e3o 11:&nbsp;<\/strong>O DF carece de grandes ind\u00fastrias\u2026<br \/><strong><em>Resposta:&nbsp;<\/em><\/strong>ERRADO<\/p>\n\n\n\n<p><strong>Quest\u00e3o 12:&nbsp;<\/strong>A grande extens\u00e3o territorial de unidade\u2026<br \/><strong><em>Resposta:<\/em><\/strong>&nbsp;CERTO<\/p>\n\n\n\n<p> <strong>Quest\u00e3o 13:&nbsp;<\/strong>Compete privativamente \u00e0 Uni\u00e3o legislar\u2026<br \/><strong><em>Resposta:<\/em><\/strong>&nbsp;ERRADO <\/p>\n\n\n\n<p> <strong>Quest\u00e3o 14:&nbsp;<\/strong>O princ\u00edpio da legalidade se aplica\u2026<br \/><strong><em>Resposta:<\/em><\/strong>&nbsp;ERRADO <\/p>\n\n\n\n<p><strong>Quest\u00e3o 15:&nbsp;<\/strong>As pol\u00edticas de compliance no \u00e2mbito\u2026<br \/><strong><em>Resposta:<\/em><\/strong>&nbsp;ERRADO<\/p>\n\n\n\n<p><strong>Quest\u00e3o 16:&nbsp;<\/strong>O modelo de administra\u00e7\u00e3o p\u00fablica gerencial\u2026<br \/><strong><em>Resposta:<\/em><\/strong>&nbsp;CERTO<\/p>\n\n\n\n<p><strong>Quest\u00e3o 17:&nbsp;<\/strong>fazer uso dos recursos p\u00fablicos com economicidade\u2026<br \/><strong><em>Resposta:<\/em><\/strong>&nbsp;CERTO<\/p>\n\n\n\n<p><strong>Quest\u00e3o 18:&nbsp;<\/strong>evitar a\u00e7\u00f5es que atrasem a presta\u00e7\u00e3o\u2026<br \/><strong><em>Resposta:<\/em><\/strong>&nbsp;CERTO<\/p>\n\n\n\n<p><strong>Quest\u00e3o 19:&nbsp;<\/strong>Para que uma obriga\u00e7\u00e3o presente exista\u2026<br \/><strong><em>Resposta:<\/em><\/strong>&nbsp;ERRADO<\/p>\n\n\n\n<p><strong>Quest\u00e3o 20:&nbsp;<\/strong>Para que os objetivos da informa\u00e7\u00e3o cont\u00e1bil\u2026<br \/><strong><em>Resposta:<\/em><\/strong>&nbsp;CERTO<\/p>\n\n\n\n<p><strong>Quest\u00e3o 21:&nbsp;<\/strong>Para que uma entidade do setor p\u00fablico seja capaz\u2026<br \/><strong><em>Resposta:&nbsp;<\/em><\/strong>ERRADO<\/p>\n\n\n\n<p><strong>Quest\u00e3o 22:&nbsp;<\/strong>A contabiliza\u00e7\u00e3o dos itens de custo\u2026<br \/><strong><em>Resposta:<\/em><\/strong>&nbsp;CERTO<\/p>\n\n\n\n<p><strong>Quest\u00e3o 23:&nbsp;<\/strong>S\u00e3o exemplos de itens de custo\u2026<br \/><strong><em>Resposta:<\/em><\/strong>&nbsp;CERTO<\/p>\n\n\n\n<p><strong>Quest\u00e3o 24:&nbsp;<\/strong>O acesso \u00e0 informa\u00e7\u00e3o de custos\u2026<br \/><strong><em>Resposta:<\/em><\/strong>&nbsp;CERTO<\/p>\n\n\n\n<p><strong>Quest\u00e3o 25:&nbsp;<\/strong>O destaque de determinado cr\u00e9dito\u2026<br \/><strong><em>Resposta:<\/em><\/strong>&nbsp;CERTO<\/p>\n\n\n\n<p> <strong>Quest\u00e3o 26:&nbsp;<\/strong>O saldo da receita dispon\u00edvel no balan\u00e7o\u2026<br \/><strong><em>Resposta:<\/em><\/strong>&nbsp;ERRADO <\/p>\n\n\n\n<p><strong>Quest\u00e3o 27:&nbsp;<\/strong>Servidor p\u00fablico do Distrito Federal exerceu\u2026<br \/><strong><em>Resposta:<\/em><\/strong>&nbsp;ERRADO<\/p>\n\n\n\n<p><strong>Quest\u00e3o 28:&nbsp;<\/strong>Em um \u00faico ato administrativo, foram concedidas f\u00e9rias\u2026<br \/><strong><em>Resposta:<\/em><\/strong>&nbsp;CERTO [cabe recurso]<\/p>\n\n\n\n<p><strong>Quest\u00e3o 29:&nbsp;<\/strong>Uma vez que o ordenamento jur\u00eddico\u2026<br \/><strong><em>Resposta:<\/em><\/strong>&nbsp;CERTO<\/p>\n\n\n\n<p><strong>Quest\u00e3o 30:&nbsp;<\/strong>Concess\u00e3o de servi\u00e7o p\u00fablico \u00e9 um contrato\u2026<br \/><strong><em>Resposta:<\/em><\/strong>&nbsp;CERTO<\/p>\n\n\n\n<p><strong>Quest\u00e3o 31:&nbsp;<\/strong>Ocorre superfaturamento quando os pre\u00e7os\u2026<br \/><strong><em>Resposta:&nbsp;<\/em><\/strong>ERRADO<\/p>\n\n\n\n<p><strong>Quest\u00e3o 32:&nbsp;<\/strong>No preg\u00e3o, a defini\u00e7\u00e3o das exig\u00eancias\u2026<br \/><strong><em>Resposta:<\/em><\/strong>&nbsp;ERRADO<\/p>\n\n\n\n<p><strong>Quest\u00e3o 33:&nbsp;<\/strong>\u00c9 impedido de atuar em processo administrativo\u2026<br \/><strong><em>Resposta:<\/em><\/strong>&nbsp;ERRADO<\/p>\n\n\n\n<p><strong>Quest\u00e3o 34:&nbsp;<\/strong>No processo administrativo, os cidad\u00e3os\u2026<br \/><strong><em>Resposta:<\/em><\/strong>&nbsp;CERTO<\/p>\n\n\n\n<p><strong>Quest\u00e3o 35:&nbsp;<\/strong>As cl\u00e1usulas p\u00e9treas correspondem\u2026<br \/><strong><em>Resposta:<\/em><\/strong>&nbsp;ERRADO<\/p>\n\n\n\n<p><strong>Quest\u00e3o 36:&nbsp;<\/strong>Embora a Constitui\u00e7\u00e3o Federal de 1988\u2026<br \/><strong><em>Resposta:<\/em><\/strong>&nbsp;CERTO<\/p>\n\n\n\n<p><strong>Quest\u00e3o 37:&nbsp;<\/strong>A Constitui\u00e7\u00e3o Federal de 1988 prev\u00ea\u2026<br \/><strong><em>Resposta:<\/em><\/strong>&nbsp;ERRADO<\/p>\n\n\n\n<p><strong>Quest\u00e3o 38:&nbsp;<\/strong>As empresas p\u00fablicas e as sociedades\u2026<br \/><strong><em>Resposta:<\/em><\/strong>&nbsp;ERRADO<\/p>\n\n\n\n<p><strong>Quest\u00e3o 39:&nbsp;<\/strong>A Uni\u00e3o det\u00e9m o monop\u00f3lio da pesquisa\u2026<br \/><strong><em>Resposta:<\/em><\/strong>&nbsp;CERTO<\/p>\n\n\n\n<p><strong>Quest\u00e3o 40:&nbsp;<\/strong>A presta\u00e7\u00e3o de servi\u00e7os p\u00fablicos de transporte\u2026<br \/><strong><em>Resposta:<\/em><\/strong>&nbsp;ERRADO<\/p>\n\n\n\n<p><strong>Quest\u00e3o 41:&nbsp;<\/strong>O lan\u00e7amento, a fiscaliza\u00e7\u00e3o e a arrecada\u00e7\u00e3o\u2026<br \/><strong><em>Resposta:&nbsp;<\/em><\/strong>CERTO<\/p>\n\n\n\n<p><strong>Quest\u00e3o 42:&nbsp;<\/strong>A Lei Org\u00e2nica do Distrito Federal somente\u2026<br \/><strong><em>Resposta:<\/em><\/strong>&nbsp;ERRADO<\/p>\n\n\n\n<p><strong>Quest\u00e3o 43:&nbsp;<\/strong>A prescri\u00e7\u00e3o da pretens\u00e3o indenizat\u00f3ria\u2026<br \/><strong><em>Resposta:<\/em><\/strong>&nbsp;ERRADO<\/p>\n\n\n\n<p><strong>Quest\u00e3o 44:&nbsp;<\/strong>A pretens\u00e3o dos herdeiros de Pedro \u00e9 vi\u00e1vel\u2026<br \/><strong><em>Resposta:<\/em><\/strong>&nbsp;CERTO<\/p>\n\n\n\n<p><strong>Quest\u00e3o 45:&nbsp;<\/strong>Lei nova que estabele\u00e7a disposi\u00e7\u00f5es especiais\u2026<br \/><strong><em>Resposta:<\/em><\/strong>&nbsp;ERRADO<\/p>\n\n\n\n<p><strong>Quest\u00e3o 46:&nbsp;<\/strong>O in\u00edcio da personalidade civil das pessoas\u2026<br \/><strong><em>Resposta:<\/em><\/strong>&nbsp;CERTO<\/p>\n\n\n\n<p><strong>Quest\u00e3o 47:&nbsp;<\/strong>A sociedade limitada poder\u00e1\u2026<br \/><strong><em>Resposta:<\/em><\/strong>&nbsp;CERTO<\/p>\n\n\n\n<p><strong>Quest\u00e3o 48:&nbsp;<\/strong>\u00c9 de dois anos da data da subscri\u00e7\u00e3o\u2026<br \/><strong><em>Resposta:<\/em><\/strong>&nbsp;ERRADO<\/p>\n\n\n\n<p><strong>Quest\u00e3o 49:&nbsp;<\/strong>Em aten\u00e7\u00e3o ao princ\u00edpio da estabilidade\u2026<br \/><strong><em>Resposta:<\/em><\/strong>&nbsp;CERTO<\/p>\n\n\n\n<p><strong>Quest\u00e3o 50:&nbsp;<\/strong>Para a caracteriza\u00e7\u00e3o do crime\u2026<br \/><strong><em>Resposta:<\/em><\/strong>&nbsp;ERRADO<\/p>\n\n\n\n<p><strong>Quest\u00e3o 51:&nbsp;<\/strong>O agente que faz uso de selo falsificado\u2026<br \/><strong><em>Resposta:&nbsp;<\/em><\/strong>CERTO<\/p>\n\n\n\n<p><strong>Quest\u00e3o 52:&nbsp;<\/strong>Auditor-fiscal que exigir vantagem\u2026<br \/><strong><em>Resposta:<\/em><\/strong>&nbsp;ERRADO<\/p>\n\n\n\n<p><strong>Quest\u00e3o 53:&nbsp;<\/strong>Se um pa\u00eds possuir ser\u00e1vit no balan\u00e7o\u2026<br \/><strong><em>Resposta:<\/em><\/strong>&nbsp;CERTO<\/p>\n\n\n\n<p><strong>Quest\u00e3o 54:&nbsp;<\/strong>Se h\u00e1 plena mobilidade de capitais\u2026<br \/><strong><em>Resposta:<\/em><\/strong>&nbsp;CERTO<\/p>\n\n\n\n<p><strong>Quest\u00e3o 55:&nbsp;<\/strong>Se o governo decide aumentar a carga tribut\u00e1ria\u2026<br \/><strong><em>Resposta:<\/em><\/strong>&nbsp;ERRADO<\/p>\n\n\n\n<p><strong>Quest\u00e3o 56:&nbsp;<\/strong>Emenda parlamentar ao projeto de lei\u2026<br \/><strong><em>Resposta:<\/em><\/strong>&nbsp;CERTO<\/p>\n\n\n\n<p><strong>Quest\u00e3o 57:&nbsp;<\/strong>O lan\u00e7amento tribut\u00e1rio deve ser feito\u2026<br \/><strong><em>Resposta:<\/em><\/strong>&nbsp;CERTO<\/p>\n\n\n\n<p><strong>Quest\u00e3o 58:&nbsp;<\/strong>A classifica\u00e7\u00e3o institucional da despesa\u2026<br \/><strong><em>Resposta:<\/em><\/strong>&nbsp;ERRADO<\/p>\n\n\n\n<p><strong>Quest\u00e3o 59:&nbsp;<\/strong>A arrecada\u00e7\u00e3o de impostos compartilhados\u2026<br \/><strong><em>Resposta:<\/em><\/strong>&nbsp;ERRADO<\/p>\n\n\n\n<p><strong>Quest\u00e3o 60:&nbsp;<\/strong>Ainda que n\u00e3o sejam pagos durante a execu\u00e7\u00e3o\u2026<br \/><strong><em>Resposta:<\/em><\/strong>&nbsp;CERTO<\/p>\n\n\n\n<p><strong>Quest\u00e3o 61:&nbsp;<\/strong>A preven\u00e7\u00e3o de insolv\u00eancia e outros riscos\u2026<br \/><strong><em>Resposta:&nbsp;<\/em><\/strong>ERRADO<\/p>\n\n\n\n<p><strong>Quest\u00e3o 62:&nbsp;<\/strong>As san\u00e7\u00f5es de suspens\u00e3o de transfer\u00eancias volunt\u00e1rias\u2026<br \/><strong><em>Resposta:<\/em><\/strong>&nbsp;CERTO<\/p>\n\n\n\n<p><strong>Quest\u00e3o 63:&nbsp;<\/strong>No Linux, o diret\u00f3rio \/home\u2026<br \/><strong><em>Resposta:<\/em><\/strong>&nbsp;ERRADO<\/p>\n\n\n\n<p><strong>Quest\u00e3o 64:&nbsp;<\/strong>O SSD (solid-stade drive) \u00e9 uma tecnologia\u2026<br \/><strong><em>Resposta:<\/em><\/strong>&nbsp;ERRADO<\/p>\n\n\n\n<p><strong>Quest\u00e3o 65:&nbsp;<\/strong>A fun\u00e7\u00e3o PROCV permite localizar\u2026<br \/><strong><em>Resposta:<\/em><\/strong>&nbsp;ERRADO<\/p>\n\n\n\n<p><strong>Quest\u00e3o 66:&nbsp;<\/strong>O atalho SHIFT+ESC permite\u2026<br \/><strong><em>Resposta:<\/em><\/strong>&nbsp;CERTO<\/p>\n\n\n\n<p><strong>Quest\u00e3o 67:&nbsp;<\/strong>Os cinco grupos de processos de gerenciamento\u2026<br \/><strong><em>Resposta:<\/em><\/strong>&nbsp;CERTO<\/p>\n\n\n\n<p><strong>Quest\u00e3o 68:&nbsp;<\/strong>Os volumes da ITIL s\u00e3o embasados nos seguintes\u2026<br \/><strong><em>Resposta:<\/em><\/strong>&nbsp;CERTO<\/p>\n\n\n\n<p><strong>Quest\u00e3o 69:&nbsp;<\/strong>S\u00e3o objetivos da auditoria a revis\u00e3o\u2026<br \/><strong><em>Resposta:<\/em><\/strong>&nbsp;CERTO<\/p>\n\n\n\n<p><strong>Quest\u00e3o 70:&nbsp;<\/strong>A assinatura digital foi desenvolvida\u2026<br \/><strong><em>Resposta:<\/em><\/strong>&nbsp;ERRADO<\/p>\n\n\n\n<p><strong>Quest\u00e3o 71:&nbsp;<\/strong>Considere que um comprador sabe\u2026<br \/><strong><em>Resposta:&nbsp;<\/em><\/strong>CERTO<\/p>\n\n\n\n<p><strong>Quest\u00e3o 72:&nbsp;<\/strong>Na compra a prazo, o custo efetivo\u2026<br \/><strong><em>Resposta:<\/em><\/strong>&nbsp;ERRADO<\/p>\n\n\n\n<p><strong>Quest\u00e3o 73:&nbsp;<\/strong>No caso de uma venda a prazo\u2026<br \/><strong><em>Resposta:<\/em><\/strong>&nbsp;CERTO<\/p>\n\n\n\n<p><strong>Quest\u00e3o 74:&nbsp;<\/strong>O desvio padr\u00e3o amostral da vari\u00e1vel\u2026<br \/><strong><em>Resposta:<\/em><\/strong>&nbsp;CERTO<\/p>\n\n\n\n<p><strong>Quest\u00e3o 75:&nbsp;<\/strong>A mediana amostral da vari\u00e1vel X foi igual\u2026<br \/><strong><em>Resposta:<\/em><\/strong>&nbsp;ERRADO<\/p>\n\n\n\n<p><strong>Quest\u00e3o 76:&nbsp;<\/strong>A distribui\u00e7\u00e3o da var\u00e1vel X \u00e9 sim\u00e9trica\u2026<br \/><strong><em>Resposta:<\/em><\/strong>&nbsp;ERRADO<\/p>\n\n\n\n<p><strong>Quest\u00e3o 77:&nbsp;<\/strong>Nessa amostra aleat\u00f3ria, a quantidade de\u2026<br \/><strong><em>Resposta:<\/em><\/strong>&nbsp;CERTO<\/p>\n\n\n\n<p><strong>Quest\u00e3o 78:&nbsp;<\/strong>A proposi\u00e7\u00e3o P \u00e9 logicamente equivalente\u2026<br \/><strong><em>Resposta:<\/em><\/strong>&nbsp;CERTO<\/p>\n\n\n\n<p><strong>Quest\u00e3o 79:&nbsp;<\/strong>A proposi\u00e7\u00e3o \u201cO servidor n\u00e3o gosta do que\u2026\u201d\u2026<br \/><strong><em>Resposta:<\/em><\/strong>&nbsp;ERRADO<\/p>\n\n\n\n<p><strong>Quest\u00e3o 80:&nbsp;<\/strong>P \u00e9 uma proposi\u00e7\u00e3o composta\u2026<br \/><strong><em>Resposta:<\/em><\/strong>&nbsp;ERRADO<\/p>\n\n\n\n<p><strong>Quest\u00e3o 81:&nbsp;<\/strong>Ao utilizar informa\u00e7\u00f5es compar\u00e1veis\u2026<br \/><strong><em>Resposta:&nbsp;<\/em><\/strong>CERTO<\/p>\n\n\n\n<p><strong>Quest\u00e3o 82:&nbsp;<\/strong>O risco de amostragem em autoria\u2026<br \/><strong><em>Resposta:<\/em><\/strong>&nbsp;ERRADO<\/p>\n\n\n\n<p><strong>Quest\u00e3o 83:&nbsp;<\/strong>Preliminarmente aos trabalhos de auditoria\u2026<br \/><strong><em>Resposta:<\/em><\/strong>&nbsp;CERTO<\/p>\n\n\n\n<p><strong>Quest\u00e3o 84:&nbsp;<\/strong>Testes de observ\u00e2ncia em auditoria est\u00e3o\u2026<br \/><strong><em>Resposta:<\/em><\/strong>&nbsp;CERTO<\/p>\n\n\n\n<p><strong>Quest\u00e3o 85:&nbsp;<\/strong>A constata\u00e7\u00e3o da exist\u00eancia real\u2026<br \/><strong><em>Resposta:<\/em><\/strong>&nbsp;ERRADO<\/p>\n\n\n\n<p><strong>Quest\u00e3o 86:&nbsp;<\/strong>Ao encontrar lan\u00e7amentos cont\u00e1beis\u2026<br \/><strong><em>Resposta:<\/em><\/strong>&nbsp;ERRADO<\/p>\n\n\n\n<p><strong>Quest\u00e3o 87:&nbsp;<\/strong>A realiza\u00e7\u00e3o de lan\u00e7amentos cont\u00e1beis em\u2026<br \/><strong><em>Resposta:<\/em><\/strong>&nbsp;CERTO<\/p>\n\n\n\n<p><strong>Quest\u00e3o 88:&nbsp;<\/strong>Ao determinar respostas globais para\u2026<br \/><strong><em>Resposta:<\/em><\/strong>&nbsp;CERTO<\/p>\n\n\n\n<p><strong>Quest\u00e3o 89:&nbsp;<\/strong>Omiss\u00f5es intencionais de eventos nas\u2026<br \/><strong><em>Resposta:<\/em><\/strong>&nbsp;ERRADO<\/p>\n\n\n\n<p><strong>Quest\u00e3o 90:&nbsp;<\/strong>O auditor deve se preocupar com qualquer tipo\u2026<br \/><strong><em>Resposta:<\/em><\/strong>&nbsp;ERRADO<\/p>\n\n\n\n<p><strong>Quest\u00e3o 91:&nbsp;<\/strong>A responsabilidade de preven\u00e7\u00e3o e detec\u00e7\u00e3o\u2026<br \/><strong><em>Resposta:&nbsp;<\/em><\/strong>ERRADO<\/p>\n\n\n\n<p><strong>Quest\u00e3o 92:&nbsp;<\/strong>Ao planejar e executar a auditoria de demonstra\u00e7\u00f5es\u2026<br \/><strong><em>Resposta:<\/em><\/strong>&nbsp;CERTO<\/p>\n\n\n\n<p><strong>Quest\u00e3o 93:&nbsp;<\/strong>A opini\u00e3o do auditor sobre as demonstra\u00e7\u00f5es\u2026<br \/><strong><em>Resposta:<\/em><\/strong>&nbsp;ERRADO<\/p>\n\n\n\n<p><strong>Quest\u00e3o 94:&nbsp;<\/strong>O auditor deve, antes de expressar uma opini\u00e3o, ter\u2026<br \/><strong><em>Resposta:<\/em><\/strong>&nbsp;CERTO<\/p>\n\n\n\n<p><strong>Quest\u00e3o 95:&nbsp;<\/strong>As penalidades relativas \u00e0 obriga\u00e7\u00e3o acess\u00f3ria\u2026<br \/><strong><em>Resposta:<\/em><\/strong>&nbsp;ERRADO<\/p>\n\n\n\n<p><strong>Quest\u00e3o 96:&nbsp;<\/strong>Ao arquivo digital da EFD ICMS-IPI anexado\u2026<br \/><strong><em>Resposta:<\/em><\/strong>&nbsp;ERRADO<\/p>\n\n\n\n<p><strong>Quest\u00e3o 97:&nbsp;<\/strong>O auditor-fiscal do GDF n\u00e3o pode solicitar\u2026<br \/><strong><em>Resposta:<\/em><\/strong>&nbsp;ERRADO<\/p>\n\n\n\n<p><strong>Quest\u00e3o 98:&nbsp;<\/strong>Infere-se que o auditor-fiscal considerou\u2026<br \/><strong><em>Resposta:<\/em><\/strong>&nbsp;ERRADO<\/p>\n\n\n\n<p><strong>Quest\u00e3o 99:&nbsp;<\/strong>Na hip\u00f3tese de haver o arbitramento\u2026<br \/><strong><em>Resposta:<\/em><\/strong>&nbsp;CERTO<\/p>\n\n\n\n<p><strong>Quest\u00e3o 100:&nbsp;<\/strong>Salvo disposi\u00e7\u00e3o em contr\u00e1rio, o contribuinte\u2026<br \/><strong><em>Resposta:<\/em><\/strong>&nbsp;CERTO<\/p>\n\n\n\n<p><strong>Quest\u00e3o 101:&nbsp;<\/strong>Para ser \u00fatil, a informa\u00e7\u00e3o cont\u00e1bil deve\u2026<br \/><strong><em>Resposta:&nbsp;<\/em><\/strong>CERTO<\/p>\n\n\n\n<p><strong>Quest\u00e3o 102:&nbsp;<\/strong>Ganhos representam outros itens\u2026<br \/><strong><em>Resposta:<\/em><\/strong>&nbsp;CERTO<\/p>\n\n\n\n<p><strong>Quest\u00e3o 103:&nbsp;<\/strong>Ao avaliar se um item se enquadra\u2026<br \/><strong><em>Resposta:<\/em><\/strong>&nbsp;CERTO<\/p>\n\n\n\n<p><strong>Quest\u00e3o 104:&nbsp;<\/strong>Os adiantamentos pagos aos funcion\u00e1rios\u2026<br \/><strong><em>Resposta:<\/em><\/strong>&nbsp;ERRADO<\/p>\n\n\n\n<p><strong>Quest\u00e3o 105:&nbsp;<\/strong>O gestor cont\u00e1bil deve debitar\u2026<br \/><strong><em>Resposta:<\/em><\/strong>&nbsp;ERRADO<\/p>\n\n\n\n<p><strong>Quest\u00e3o 106:&nbsp;<\/strong>OO gestor cont\u00e1bil deve contabilizar\u2026<br \/><strong><em>Resposta:<\/em><\/strong>&nbsp;ERRADO<\/p>\n\n\n\n<p><strong>Quest\u00e3o 107:&nbsp;<\/strong>A demonstra\u00e7\u00e3o do valor adicionado\u2026<br \/><strong><em>Resposta:<\/em><\/strong>&nbsp;ERRADO<\/p>\n\n\n\n<p><strong>Quest\u00e3o 108:&nbsp;<\/strong>A partir da an\u00e1lise da demonstra\u00e7\u00e3o\u2026<br \/><strong><em>Resposta:<\/em><\/strong>&nbsp;CERTO<\/p>\n\n\n\n<p><strong>Quest\u00e3o 109:&nbsp;<\/strong>O custeio R K W \u00e9 um tipo\u2026<br \/><strong><em>Resposta:<\/em><\/strong>&nbsp;CERTO<\/p>\n\n\n\n<p><strong>Quest\u00e3o 110:&nbsp;<\/strong>Os custos que podem ser associados aos objetos\u2026<br \/><strong><em>Resposta:<\/em><\/strong>&nbsp;CERTO<\/p>\n\n\n\n<p><strong>Quest\u00e3o 111:&nbsp;<\/strong>Na metodologia de custeio por absor\u00e7\u00e3o\u2026<br \/><strong><em>Resposta:&nbsp;<\/em><\/strong>ERRADO<\/p>\n\n\n\n<p><strong>Quest\u00e3o 112:&nbsp;<\/strong>Uma empresa que utiliza o sistema de\u2026<br \/><strong><em>Resposta:<\/em><\/strong>&nbsp;CERTO<\/p>\n\n\n\n<p><strong>Quest\u00e3o 113:&nbsp;<\/strong>Em 20X9, no seu \u00faltimo ano de exerc\u00edcio social\u2026<br \/><strong><em>Resposta:<\/em><\/strong>&nbsp;CERTO<\/p>\n\n\n\n<p><strong>Quest\u00e3o 114:&nbsp;<\/strong>Em seu segundo est\u00e1gio, o custeio ABC\u2026<br \/><strong><em>Resposta:<\/em><\/strong>&nbsp;ERRADO<\/p>\n\n\n\n<p><strong>Quest\u00e3o 115:&nbsp;<\/strong>Determinada empresa atingiu seu ponto\u2026<br \/><strong><em>Resposta:<\/em><\/strong>&nbsp;ERRADO<\/p>\n\n\n\n<p><strong>Quest\u00e3o 116:&nbsp;<\/strong>O cr\u00e9dito especial cujo ato de autoriza\u00e7\u00e3o\u2026<br \/><strong><em>Resposta:<\/em><\/strong>&nbsp;CERTO<\/p>\n\n\n\n<p><strong>Quest\u00e3o 117:&nbsp;<\/strong>Os valores objeto da previs\u00e3o de arreca\u00e7\u00e3o\u2026<br \/><strong><em>Resposta:<\/em><\/strong>&nbsp;ERRADO<\/p>\n\n\n\n<p><strong>Quest\u00e3o 118:&nbsp;<\/strong>OS cr\u00e9ditos da fazenda p\u00fablica ser\u00e3o\u2026<br \/><strong><em>Resposta:<\/em><\/strong>&nbsp;ERRADO<\/p>\n\n\n\n<p><strong>Quest\u00e3o 119:&nbsp;<\/strong>Exige-se autoriza\u00e7\u00e3o por lei espec\u00edfica\u2026<br \/><strong><em>Resposta:<\/em><\/strong>&nbsp;CERTO<\/p>\n\n\n\n<p><strong>Quest\u00e3o 120:&nbsp;<\/strong>No conceito de receita corrente l\u00edquida\u2026<br \/><strong><em>Resposta:<\/em><\/strong>&nbsp;CERTO<\/p>\n\n\n\n<p><strong>Quest\u00e3o 121:&nbsp;<\/strong>De acordo com o CTN, o arremate de produtos\u2026<br \/><strong><em>Resposta:&nbsp;<\/em><\/strong>CERTO<\/p>\n\n\n\n<p><strong>Quest\u00e3o 122:&nbsp;<\/strong>Segundo a Lei Org\u00e2nica do DF, s\u00e3o isentas de\u2026<br \/><strong><em>Resposta:<\/em><\/strong>&nbsp;CERTO<\/p>\n\n\n\n<p><strong>Quest\u00e3o 123:&nbsp;<\/strong>A majora\u00e7\u00e3o de qualquer tributo por medida\u2026<br \/><strong><em>Resposta:<\/em><\/strong>&nbsp;ERRADO<\/p>\n\n\n\n<p><strong>Quest\u00e3o 124:&nbsp;<\/strong>A imunidade tribut\u00e1ria rec\u00edproca dos entes federativos\u2026<br \/><strong><em>Resposta:<\/em><\/strong>&nbsp;ERRADO<\/p>\n\n\n\n<p><strong>Quest\u00e3o 125:&nbsp;<\/strong>N\u00e3o havendo disposi\u00e7\u00e3o em contr\u00e1rio\u2026<br \/><strong><em>Resposta:<\/em><\/strong>&nbsp;CERTO<\/p>\n\n\n\n<p><strong>Quest\u00e3o 126:&nbsp;<\/strong>O C\u00f3digo Tribut\u00e1rio Nacional admite a aplica\u00e7\u00e3o\u2026<br \/><strong><em>Resposta:<\/em><\/strong>&nbsp;CERTO<\/p>\n\n\n\n<p><strong>Quest\u00e3o 127:&nbsp;<\/strong>\u00c9 incompat\u00edvel com o C\u00f3digo Tribut\u00e1rio Nacional\u2026<br \/><strong><em>Resposta:<\/em><\/strong>&nbsp;ERRADO<\/p>\n\n\n\n<p><strong>Quest\u00e3o 128:&nbsp;<\/strong>A sociedade empres\u00e1ria que tenha s\u00f3cio\u2026<br \/><strong><em>Resposta:<\/em><\/strong>&nbsp;ERRADO<\/p>\n\n\n\n<p><strong>Quest\u00e3o 129:&nbsp;<\/strong>Como o conceito de doa\u00e7\u00e3o constante \u2026<br \/><strong><em>Resposta:<\/em><\/strong>&nbsp;ERRADO<\/p>\n\n\n\n<p><strong>Quest\u00e3o 130:&nbsp;<\/strong>A atribui\u00e7\u00e3o de responsabilidade tribut\u00e1ria solid\u00e1ria\u2026<br \/><strong><em>Resposta:<\/em><\/strong>&nbsp;CERTO<\/p>\n\n\n\n<p><strong>Quest\u00e3o 131:&nbsp;<\/strong>\u00c9 obrigat\u00f3rio constar no termo de inscri\u00e7\u00e3o da d\u00edvida\u2026<br \/><strong><em>Resposta:&nbsp;<\/em><\/strong>ERRADO<\/p>\n\n\n\n<p><strong>Quest\u00e3o 132:&nbsp;<\/strong>Eventual nulidade do termo de inscri\u00e7\u00e3o da d\u00edvida\u2026<br \/><strong><em>Resposta:<\/em><\/strong>&nbsp;CERTO<\/p>\n\n\n\n<p><strong>Quest\u00e3o 133:&nbsp;<\/strong>\u00c9 facultativo constar no termo de inscri\u00e7\u00e3o da d\u00edvida\u2026<br \/><strong><em>Resposta:<\/em><\/strong>&nbsp;ERRADO<\/p>\n\n\n\n<p><strong>Quest\u00e3o 134:&nbsp;<\/strong>N\u00e3o h\u00e1 presun\u00e7\u00e3o de fraude na aliena\u00e7\u00e3o de bens\u2026<br \/><strong><em>Resposta:<\/em><\/strong>&nbsp;CERTO<\/p>\n\n\n\n<p><strong>Quest\u00e3o 135:&nbsp;<\/strong>Independentemente da inscri\u00e7\u00e3o em d\u00edvida ativa\u2026<br \/><strong><em>Resposta:<\/em><\/strong>&nbsp;ERRADO<\/p>\n\n\n\n<p><strong>Quest\u00e3o 136:&nbsp;<\/strong>\u00c9 vedada a cobran\u00e7a da contribui\u00e7\u00e3o de ilumina\u00e7\u00e3o\u2026<br \/><strong><em>Resposta:<\/em><\/strong>&nbsp;ERRADO<\/p>\n\n\n\n<p><strong>Quest\u00e3o 137:&nbsp;<\/strong>Na hip\u00f3tese de aplica\u00e7\u00e3o de multa em raz\u00e3o\u2026<br \/><strong><em>Resposta:<\/em><\/strong>&nbsp;CERTO<\/p>\n\n\n\n<p><strong>Quest\u00e3o 138:&nbsp;<\/strong>O ICMS n\u00e3o incide sobre opera\u00e7\u00f5es que destinem\u2026<br \/><strong><em>Resposta:<\/em><\/strong>&nbsp;CERTO<\/p>\n\n\n\n<p><strong>Quest\u00e3o 139:&nbsp;<\/strong>No \u00e2mbito do TARF, compete ao tribunal pleno\u2026<br \/><strong><em>Resposta:<\/em><\/strong>&nbsp;CERTO<\/p>\n\n\n\n<p><strong>Quest\u00e3o 140:&nbsp;<\/strong>Os bens encontrados em situa\u00e7\u00e3o irregular\u2026<br \/><strong><em>Resposta:<\/em><\/strong>&nbsp;ERRADO<\/p>\n\n\n\n<p><strong>Quest\u00e3o 141:&nbsp;<\/strong>S\u00e3o considerados cr\u00e9ditos tribut\u00e1rios\u2026<br \/><strong><em>Resposta:&nbsp;<\/em><\/strong>CERTO<\/p>\n\n\n\n<p><strong>Quest\u00e3o 142:&nbsp;<\/strong>S\u00e3o considerados cr\u00e9ditos tribut\u00e1rios\u2026<br \/><strong><em>Resposta:<\/em><\/strong>&nbsp;ERRADO<\/p>\n\n\n\n<p><strong>Quest\u00e3o 143:&nbsp;<\/strong>O valor do frete da mercadoria n\u00e3o dever\u00e1\u2026<br \/><strong><em>Resposta:<\/em><\/strong>&nbsp;ERRADO<\/p>\n\n\n\n<p><strong>Quest\u00e3o 144:&nbsp;<\/strong>Posseiro possui responsabilidade tribut\u00e1ria pelo\u2026<br \/><strong><em>Resposta:<\/em><\/strong>&nbsp;CERTO<\/p>\n\n\n\n<p><strong>Quest\u00e3o 145:&nbsp;<\/strong>A base de c\u00e1lculo do referido imposto \u00e9 o valor\u2026<br \/><strong><em>Resposta:<\/em><\/strong>&nbsp;ERRADO<\/p>\n\n\n\n<p><strong>Quest\u00e3o 146:&nbsp;<\/strong>A incid\u00eancia do IPTU depende do registro do respectivo\u2026<br \/><strong><em>Resposta:<\/em><\/strong>&nbsp;ERRADO<\/p>\n\n\n\n<p><strong>Quest\u00e3o 147:&nbsp;<\/strong>S\u00e3o isentos de IPVA os ve\u00edculos de servi\u00e7os agr\u00edcolas\u2026<br \/><strong><em>Resposta:<\/em><\/strong>&nbsp;ERRADO<\/p>\n\n\n\n<p><strong>Quest\u00e3o 148:&nbsp;<\/strong>Dever\u00e1 incidir corre\u00e7\u00e3o monet\u00e1ria sobre o valor\u2026<br \/><strong><em>Resposta:<\/em><\/strong>&nbsp;CERTO<\/p>\n\n\n\n<p><strong>Quest\u00e3o 149:&nbsp;<\/strong>Ter\u00e1 isen\u00e7\u00e3o do pagamento de IPVA o propriet\u00e1rio\u2026<br \/><strong><em>Resposta:<\/em><\/strong>&nbsp;ERRADO<\/p>\n\n\n\n<p><strong>Quest\u00e3o 150:&nbsp;<\/strong>\u00c9 isenta de ITBI opera\u00e7\u00e3o de aquisi\u00e7\u00e3o de\u2026<br \/><strong><em>Resposta:<\/em><\/strong>&nbsp;CERTO<\/p>\n\n\n\n<p><strong>Quest\u00e3o 151:&nbsp;<\/strong>N\u00e3o incide ITBI sobre a transmiss\u00e3o de bens\u2026<br \/><strong><em>Resposta:&nbsp;<\/em><\/strong>CERTO<\/p>\n\n\n\n<p><strong>Quest\u00e3o 152:&nbsp;<\/strong>Incide ITBI no caso de extin\u00e7\u00e3o de usufruto\u2026<br \/><strong><em>Resposta:<\/em><\/strong>&nbsp;ERRADO<\/p>\n\n\n\n<p><strong>Quest\u00e3o 153:&nbsp;<\/strong>\u00c9 facultado aos contribuintes impugnar os elementos\u2026<br \/><strong><em>Resposta:<\/em><\/strong>&nbsp;ERRADO<\/p>\n\n\n\n<p><strong>Quest\u00e3o 154:&nbsp;<\/strong>Ao criar uma contribui\u00e7\u00e3o de melhoria, o governo do Distrito Federal\u2026<br \/><strong><em>Resposta:<\/em><\/strong>&nbsp;CERTO<\/p>\n\n\n\n<p><strong>Quest\u00e3o 155:&nbsp;<\/strong>Aos tributos vencidos aplicam-se, al\u00e9m do \u00cdndice\u2026<br \/><strong><em>Resposta:<\/em><\/strong>&nbsp;ERRADO<\/p>\n\n\n\n<p><strong>Quest\u00e3o 156:&nbsp;<\/strong>Os valores expressos em moeda na legisla\u00e7\u00e3o\u2026<br \/><strong><em>Resposta:<\/em><\/strong>&nbsp;ERRADO<\/p>\n\n\n\n<p><strong>Quest\u00e3o 157:&nbsp;<\/strong>Para efeito de caracteriza\u00e7\u00e3o como micro ou pequena\u2026<br \/><strong><em>Resposta:<\/em><\/strong>&nbsp;CERTO<\/p>\n\n\n\n<p><strong>Quest\u00e3o 158:&nbsp;<\/strong>A lei que instituiu esse estatuto destina-se a dar\u2026<br \/><strong><em>Resposta:<\/em><\/strong>&nbsp;CERTO<\/p>\n\n\n\n<p><strong>Quest\u00e3o 159:&nbsp;<\/strong>A citada norma distrital n\u00e3o recepcionou os dispositivos\u2026<br \/><strong><em>Resposta:<\/em><\/strong>&nbsp;ERRADO<\/p>\n\n\n\n<p><strong>Quest\u00e3o 160:&nbsp;<\/strong>A referida lei federal imp\u00f5e que o processo administrativo\u2026<br \/><strong><em>Resposta:<\/em><\/strong>&nbsp;ERRADO<\/p>\n\n\n\n<hr class=\"wp-block-separator has-css-opacity\"\/>\n\n\n\n<p class=\"has-text-align-center has-very-light-gray-background-color has-background\" style=\"font-size:clamp(14.642px, 0.915rem + ((1vw - 3.2px) * 0.721), 22px);px\"><strong>Mais informa\u00e7\u00f5es: <a href=\"https:\/\/www.estrategiaconcursos.com.br\/blog\/concurso-sefaz-df-auditor\/\" target=\"_blank\" rel=\"noreferrer noopener\" aria-label=\"Concurso Sefaz DF (abre numa nova aba)\">Concurso Sefaz DF<\/a><\/strong><\/p>\n\n\n\n<p class=\"has-text-align-center has-medium-font-size\"><em><strong>Assinatura Anual Ilimitada*<\/strong><\/em><\/p>\n\n\n\n<p class=\"has-text-align-center\"><em>Prepare-se com o melhor material e com quem mais aprova em Concursos P\u00fablicos em todo o pa\u00eds. Assine agora a nossa Assinatura Anual e tenha acesso ilimitado* a todos os nossos cursos.<\/em><\/p>\n\n\n\n<p class=\"has-text-align-center has-luminous-vivid-amber-background-color has-background\" style=\"font-size:clamp(14.642px, 0.915rem + ((1vw - 3.2px) * 0.721), 22px);px\"><strong>ASSINE AGORA&nbsp;\u2013&nbsp;<a rel=\"noreferrer noopener\" href=\"https:\/\/www.estrategiaconcursos.com.br\/assinaturas\" target=\"_blank\">Assinatura Ilimitada<\/a><\/strong><\/p>\n\n\n\n<p class=\"has-text-align-center has-medium-font-size\"><em><strong>Fique por dentro de todos os concursos<\/strong><\/em><\/p>\n\n\n\n<p class=\"has-text-align-center has-pale-cyan-blue-background-color has-background\" style=\"font-size:clamp(14.642px, 0.915rem + ((1vw - 3.2px) * 0.721), 22px);px\"><a rel=\"noreferrer noopener\" href=\"https:\/\/www.estrategiaconcursos.com.br\/blog\/concursos-abertos\/\" target=\"_blank\"><strong>Concursos abertos<\/strong><\/a><\/p>\n\n\n\n<p class=\"has-text-align-center has-pale-cyan-blue-background-color has-background\" style=\"font-size:clamp(14.642px, 0.915rem + ((1vw - 3.2px) * 0.721), 22px);px\"><a rel=\"noreferrer noopener\" href=\"https:\/\/www.estrategiaconcursos.com.br\/blog\/concursos-2020\/\" target=\"_blank\"><strong>Concursos 2020<\/strong><\/a><\/p>\n","protected":false},"excerpt":{"rendered":"<p>Neste domingo, 02 de fevereiro, foram aplicadas as provas objetivas do concurso p\u00fablico da Secretaria de Estado da Fazenda do Distrito Federal. Segundo registro feito pelo Cebraspe, banca organizadora do certame, cerca de 15.949 candidatos realizaram as avalia\u00e7\u00f5es. Ao todo, s\u00e3o ofertadas 120 vagas, sendo 40 para provimento imediato e 80 destinadas \u00e0 forma\u00e7\u00e3o de [&hellip;]<\/p>\n","protected":false},"author":1,"featured_media":476654,"comment_status":"open","ping_status":"closed","sticky":false,"template":"","format":"standard","meta":{"post_tipo":"news","footnotes":""},"categories":[1],"tags":[],"tax_estado":[],"class_list":["post-475487","post","type-post","status-publish","format-standard","has-post-thumbnail","hentry","category-cursos-e-concursos"],"acf":[],"yoast_head":"<!-- This site is optimized with the Yoast SEO Premium plugin v27.2 (Yoast SEO v27.2) - https:\/\/yoast.com\/product\/yoast-seo-premium-wordpress\/ -->\n<title>Gabarito Sefaz DF: acompanhe nossa corre\u00e7\u00e3o extraoficial<\/title>\n<meta name=\"robots\" content=\"index, follow, max-snippet:-1, max-image-preview:large, max-video-preview:-1\" \/>\n<link rel=\"canonical\" href=\"https:\/\/www.estrategiaconcursos.com.br\/blog\/gabarito-sefaz-df\/\" \/>\n<meta property=\"og:locale\" content=\"pt_BR\" \/>\n<meta property=\"og:type\" content=\"article\" \/>\n<meta property=\"og:title\" content=\"Gabarito Sefaz DF: acompanhe nossa corre\u00e7\u00e3o extraoficial\" \/>\n<meta property=\"og:description\" content=\"Neste domingo, 02 de fevereiro, foram aplicadas as provas objetivas do concurso p\u00fablico da Secretaria de Estado da Fazenda do Distrito Federal. Segundo registro feito pelo Cebraspe, banca organizadora do certame, cerca de 15.949 candidatos realizaram as avalia\u00e7\u00f5es. Ao todo, s\u00e3o ofertadas 120 vagas, sendo 40 para provimento imediato e 80 destinadas \u00e0 forma\u00e7\u00e3o de [&hellip;]\" \/>\n<meta property=\"og:url\" content=\"https:\/\/www.estrategiaconcursos.com.br\/blog\/gabarito-sefaz-df\/\" \/>\n<meta property=\"og:site_name\" content=\"Estrat\u00e9gia Concursos\" \/>\n<meta property=\"article:author\" content=\"https:\/\/www.facebook.com\/EstrategiaConcursos\" \/>\n<meta property=\"article:published_time\" content=\"2020-02-03T01:00:00+00:00\" \/>\n<meta property=\"article:modified_time\" content=\"2023-08-10T13:49:52+00:00\" \/>\n<meta property=\"og:image\" content=\"https:\/\/dhg1h5j42swfq.cloudfront.net\/2020\/01\/01092036\/YTB_SEFAZ-DF-1.jpg\" \/>\n\t<meta property=\"og:image:width\" content=\"1280\" \/>\n\t<meta property=\"og:image:height\" content=\"720\" \/>\n\t<meta property=\"og:image:type\" content=\"image\/jpeg\" \/>\n<meta name=\"author\" content=\"Coordena\u00e7\u00e3o\" \/>\n<meta name=\"twitter:card\" content=\"summary_large_image\" \/>\n<meta name=\"twitter:creator\" content=\"@EstratConcursos\" \/>\n<meta name=\"twitter:site\" content=\"@EstratConcursos\" \/>\n<meta name=\"twitter:label1\" content=\"Escrito por\" \/>\n\t<meta name=\"twitter:data1\" content=\"Coordena\u00e7\u00e3o\" \/>\n\t<meta name=\"twitter:label2\" content=\"Est. tempo de leitura\" \/>\n\t<meta name=\"twitter:data2\" content=\"12 minutos\" \/>\n<script type=\"application\/ld+json\" class=\"yoast-schema-graph\">{\"@context\":\"https:\/\/schema.org\",\"@graph\":[{\"@type\":\"NewsArticle\",\"@id\":\"https:\/\/www.estrategiaconcursos.com.br\/blog\/gabarito-sefaz-df\/#article\",\"isPartOf\":{\"@id\":\"https:\/\/www.estrategiaconcursos.com.br\/blog\/gabarito-sefaz-df\/\"},\"author\":{\"name\":\"Coordena\u00e7\u00e3o\",\"@id\":\"https:\/\/www.estrategiaconcursos.com.br\/blog\/#\/schema\/person\/b4a388c97673c5f483d72185668afa1f\"},\"headline\":\"Gabarito Sefaz DF: acompanhe nossa corre\u00e7\u00e3o extraoficial\",\"datePublished\":\"2020-02-03T01:00:00+00:00\",\"dateModified\":\"2023-08-10T13:49:52+00:00\",\"mainEntityOfPage\":{\"@id\":\"https:\/\/www.estrategiaconcursos.com.br\/blog\/gabarito-sefaz-df\/\"},\"wordCount\":2467,\"commentCount\":0,\"publisher\":{\"@id\":\"https:\/\/www.estrategiaconcursos.com.br\/blog\/#organization\"},\"image\":{\"@id\":\"https:\/\/www.estrategiaconcursos.com.br\/blog\/gabarito-sefaz-df\/#primaryimage\"},\"thumbnailUrl\":\"https:\/\/dhg1h5j42swfq.cloudfront.net\/2020\/01\/01092036\/YTB_SEFAZ-DF-1.jpg\",\"articleSection\":[\"Concursos P\u00fablicos\"],\"inLanguage\":\"pt-BR\",\"potentialAction\":[{\"@type\":\"CommentAction\",\"name\":\"Comment\",\"target\":[\"https:\/\/www.estrategiaconcursos.com.br\/blog\/gabarito-sefaz-df\/#respond\"]}],\"copyrightYear\":\"2020\",\"copyrightHolder\":{\"@id\":\"https:\/\/www.estrategiaconcursos.com.br\/blog\/#organization\"}},{\"@type\":\"WebPage\",\"@id\":\"https:\/\/www.estrategiaconcursos.com.br\/blog\/gabarito-sefaz-df\/\",\"url\":\"https:\/\/www.estrategiaconcursos.com.br\/blog\/gabarito-sefaz-df\/\",\"name\":\"Gabarito Sefaz DF: acompanhe nossa corre\u00e7\u00e3o extraoficial\",\"isPartOf\":{\"@id\":\"https:\/\/www.estrategiaconcursos.com.br\/blog\/#website\"},\"primaryImageOfPage\":{\"@id\":\"https:\/\/www.estrategiaconcursos.com.br\/blog\/gabarito-sefaz-df\/#primaryimage\"},\"image\":{\"@id\":\"https:\/\/www.estrategiaconcursos.com.br\/blog\/gabarito-sefaz-df\/#primaryimage\"},\"thumbnailUrl\":\"https:\/\/dhg1h5j42swfq.cloudfront.net\/2020\/01\/01092036\/YTB_SEFAZ-DF-1.jpg\",\"datePublished\":\"2020-02-03T01:00:00+00:00\",\"dateModified\":\"2023-08-10T13:49:52+00:00\",\"breadcrumb\":{\"@id\":\"https:\/\/www.estrategiaconcursos.com.br\/blog\/gabarito-sefaz-df\/#breadcrumb\"},\"inLanguage\":\"pt-BR\",\"potentialAction\":[{\"@type\":\"ReadAction\",\"target\":[\"https:\/\/www.estrategiaconcursos.com.br\/blog\/gabarito-sefaz-df\/\"]}]},{\"@type\":\"ImageObject\",\"inLanguage\":\"pt-BR\",\"@id\":\"https:\/\/www.estrategiaconcursos.com.br\/blog\/gabarito-sefaz-df\/#primaryimage\",\"url\":\"https:\/\/dhg1h5j42swfq.cloudfront.net\/2020\/01\/01092036\/YTB_SEFAZ-DF-1.jpg\",\"contentUrl\":\"https:\/\/dhg1h5j42swfq.cloudfront.net\/2020\/01\/01092036\/YTB_SEFAZ-DF-1.jpg\",\"width\":1280,\"height\":720},{\"@type\":\"BreadcrumbList\",\"@id\":\"https:\/\/www.estrategiaconcursos.com.br\/blog\/gabarito-sefaz-df\/#breadcrumb\",\"itemListElement\":[{\"@type\":\"ListItem\",\"position\":1,\"name\":\"In\u00edcio\",\"item\":\"https:\/\/www.estrategiaconcursos.com.br\/blog\/\"},{\"@type\":\"ListItem\",\"position\":2,\"name\":\"Gabarito Sefaz DF: acompanhe nossa corre\u00e7\u00e3o extraoficial\"}]},{\"@type\":\"WebSite\",\"@id\":\"https:\/\/www.estrategiaconcursos.com.br\/blog\/#website\",\"url\":\"https:\/\/www.estrategiaconcursos.com.br\/blog\/\",\"name\":\"Estrat\u00e9gia Concursos\",\"description\":\"O blog da Estrat\u00e9gia Concursos traz not\u00edcias sobre concursos e artigos de professores oferecendo cursos para concursos (pdf + videaulas) no site.\",\"publisher\":{\"@id\":\"https:\/\/www.estrategiaconcursos.com.br\/blog\/#organization\"},\"potentialAction\":[{\"@type\":\"SearchAction\",\"target\":{\"@type\":\"EntryPoint\",\"urlTemplate\":\"https:\/\/www.estrategiaconcursos.com.br\/blog\/?s={search_term_string}\"},\"query-input\":{\"@type\":\"PropertyValueSpecification\",\"valueRequired\":true,\"valueName\":\"search_term_string\"}}],\"inLanguage\":\"pt-BR\"},{\"@type\":\"Organization\",\"@id\":\"https:\/\/www.estrategiaconcursos.com.br\/blog\/#organization\",\"name\":\"Estrat\u00e9gia Concursos\",\"url\":\"https:\/\/www.estrategiaconcursos.com.br\/blog\/\",\"logo\":{\"@type\":\"ImageObject\",\"inLanguage\":\"pt-BR\",\"@id\":\"https:\/\/www.estrategiaconcursos.com.br\/blog\/#\/schema\/logo\/image\/\",\"url\":\"https:\/\/dhg1h5j42swfq.cloudfront.net\/2025\/06\/03203428\/logo_concursos-1.jpg\",\"contentUrl\":\"https:\/\/dhg1h5j42swfq.cloudfront.net\/2025\/06\/03203428\/logo_concursos-1.jpg\",\"width\":230,\"height\":60,\"caption\":\"Estrat\u00e9gia Concursos\"},\"image\":{\"@id\":\"https:\/\/www.estrategiaconcursos.com.br\/blog\/#\/schema\/logo\/image\/\"},\"sameAs\":[\"https:\/\/x.com\/EstratConcursos\"]},{\"@type\":\"Person\",\"@id\":\"https:\/\/www.estrategiaconcursos.com.br\/blog\/#\/schema\/person\/b4a388c97673c5f483d72185668afa1f\",\"name\":\"Coordena\u00e7\u00e3o\",\"image\":{\"@type\":\"ImageObject\",\"inLanguage\":\"pt-BR\",\"@id\":\"https:\/\/secure.gravatar.com\/avatar\/b720319e4c9a967eb58678d110f4fe35452fc5d5f97b202bac7b8acceb18c6ad?s=96&d=mm&r=g\",\"url\":\"https:\/\/secure.gravatar.com\/avatar\/b720319e4c9a967eb58678d110f4fe35452fc5d5f97b202bac7b8acceb18c6ad?s=96&d=mm&r=g\",\"contentUrl\":\"https:\/\/secure.gravatar.com\/avatar\/b720319e4c9a967eb58678d110f4fe35452fc5d5f97b202bac7b8acceb18c6ad?s=96&d=mm&r=g\",\"caption\":\"Coordena\u00e7\u00e3o\"},\"sameAs\":[\"https:\/\/www.facebook.com\/EstrategiaConcursos\",\"https:\/\/x.com\/EstratConcursos\"],\"url\":\"https:\/\/www.estrategiaconcursos.com.br\/blog\/author\/estrategia2013\/\"}]}<\/script>\n<!-- \/ Yoast SEO Premium plugin. -->","yoast_head_json":{"title":"Gabarito Sefaz DF: acompanhe nossa corre\u00e7\u00e3o extraoficial","robots":{"index":"index","follow":"follow","max-snippet":"max-snippet:-1","max-image-preview":"max-image-preview:large","max-video-preview":"max-video-preview:-1"},"canonical":"https:\/\/www.estrategiaconcursos.com.br\/blog\/gabarito-sefaz-df\/","og_locale":"pt_BR","og_type":"article","og_title":"Gabarito Sefaz DF: acompanhe nossa corre\u00e7\u00e3o extraoficial","og_description":"Neste domingo, 02 de fevereiro, foram aplicadas as provas objetivas do concurso p\u00fablico da Secretaria de Estado da Fazenda do Distrito Federal. Segundo registro feito pelo Cebraspe, banca organizadora do certame, cerca de 15.949 candidatos realizaram as avalia\u00e7\u00f5es. Ao todo, s\u00e3o ofertadas 120 vagas, sendo 40 para provimento imediato e 80 destinadas \u00e0 forma\u00e7\u00e3o de [&hellip;]","og_url":"https:\/\/www.estrategiaconcursos.com.br\/blog\/gabarito-sefaz-df\/","og_site_name":"Estrat\u00e9gia Concursos","article_author":"https:\/\/www.facebook.com\/EstrategiaConcursos","article_published_time":"2020-02-03T01:00:00+00:00","article_modified_time":"2023-08-10T13:49:52+00:00","og_image":[{"width":1280,"height":720,"url":"https:\/\/dhg1h5j42swfq.cloudfront.net\/2020\/01\/01092036\/YTB_SEFAZ-DF-1.jpg","type":"image\/jpeg"}],"author":"Coordena\u00e7\u00e3o","twitter_card":"summary_large_image","twitter_creator":"@EstratConcursos","twitter_site":"@EstratConcursos","twitter_misc":{"Escrito por":"Coordena\u00e7\u00e3o","Est. tempo de leitura":"12 minutos"},"schema":{"@context":"https:\/\/schema.org","@graph":[{"@type":"NewsArticle","@id":"https:\/\/www.estrategiaconcursos.com.br\/blog\/gabarito-sefaz-df\/#article","isPartOf":{"@id":"https:\/\/www.estrategiaconcursos.com.br\/blog\/gabarito-sefaz-df\/"},"author":{"name":"Coordena\u00e7\u00e3o","@id":"https:\/\/www.estrategiaconcursos.com.br\/blog\/#\/schema\/person\/b4a388c97673c5f483d72185668afa1f"},"headline":"Gabarito Sefaz DF: acompanhe nossa corre\u00e7\u00e3o extraoficial","datePublished":"2020-02-03T01:00:00+00:00","dateModified":"2023-08-10T13:49:52+00:00","mainEntityOfPage":{"@id":"https:\/\/www.estrategiaconcursos.com.br\/blog\/gabarito-sefaz-df\/"},"wordCount":2467,"commentCount":0,"publisher":{"@id":"https:\/\/www.estrategiaconcursos.com.br\/blog\/#organization"},"image":{"@id":"https:\/\/www.estrategiaconcursos.com.br\/blog\/gabarito-sefaz-df\/#primaryimage"},"thumbnailUrl":"https:\/\/dhg1h5j42swfq.cloudfront.net\/2020\/01\/01092036\/YTB_SEFAZ-DF-1.jpg","articleSection":["Concursos P\u00fablicos"],"inLanguage":"pt-BR","potentialAction":[{"@type":"CommentAction","name":"Comment","target":["https:\/\/www.estrategiaconcursos.com.br\/blog\/gabarito-sefaz-df\/#respond"]}],"copyrightYear":"2020","copyrightHolder":{"@id":"https:\/\/www.estrategiaconcursos.com.br\/blog\/#organization"}},{"@type":"WebPage","@id":"https:\/\/www.estrategiaconcursos.com.br\/blog\/gabarito-sefaz-df\/","url":"https:\/\/www.estrategiaconcursos.com.br\/blog\/gabarito-sefaz-df\/","name":"Gabarito Sefaz DF: acompanhe nossa corre\u00e7\u00e3o extraoficial","isPartOf":{"@id":"https:\/\/www.estrategiaconcursos.com.br\/blog\/#website"},"primaryImageOfPage":{"@id":"https:\/\/www.estrategiaconcursos.com.br\/blog\/gabarito-sefaz-df\/#primaryimage"},"image":{"@id":"https:\/\/www.estrategiaconcursos.com.br\/blog\/gabarito-sefaz-df\/#primaryimage"},"thumbnailUrl":"https:\/\/dhg1h5j42swfq.cloudfront.net\/2020\/01\/01092036\/YTB_SEFAZ-DF-1.jpg","datePublished":"2020-02-03T01:00:00+00:00","dateModified":"2023-08-10T13:49:52+00:00","breadcrumb":{"@id":"https:\/\/www.estrategiaconcursos.com.br\/blog\/gabarito-sefaz-df\/#breadcrumb"},"inLanguage":"pt-BR","potentialAction":[{"@type":"ReadAction","target":["https:\/\/www.estrategiaconcursos.com.br\/blog\/gabarito-sefaz-df\/"]}]},{"@type":"ImageObject","inLanguage":"pt-BR","@id":"https:\/\/www.estrategiaconcursos.com.br\/blog\/gabarito-sefaz-df\/#primaryimage","url":"https:\/\/dhg1h5j42swfq.cloudfront.net\/2020\/01\/01092036\/YTB_SEFAZ-DF-1.jpg","contentUrl":"https:\/\/dhg1h5j42swfq.cloudfront.net\/2020\/01\/01092036\/YTB_SEFAZ-DF-1.jpg","width":1280,"height":720},{"@type":"BreadcrumbList","@id":"https:\/\/www.estrategiaconcursos.com.br\/blog\/gabarito-sefaz-df\/#breadcrumb","itemListElement":[{"@type":"ListItem","position":1,"name":"In\u00edcio","item":"https:\/\/www.estrategiaconcursos.com.br\/blog\/"},{"@type":"ListItem","position":2,"name":"Gabarito Sefaz DF: acompanhe nossa corre\u00e7\u00e3o extraoficial"}]},{"@type":"WebSite","@id":"https:\/\/www.estrategiaconcursos.com.br\/blog\/#website","url":"https:\/\/www.estrategiaconcursos.com.br\/blog\/","name":"Estrat\u00e9gia Concursos","description":"O blog da Estrat\u00e9gia Concursos traz not\u00edcias sobre concursos e artigos de professores oferecendo cursos para concursos (pdf + videaulas) no site.","publisher":{"@id":"https:\/\/www.estrategiaconcursos.com.br\/blog\/#organization"},"potentialAction":[{"@type":"SearchAction","target":{"@type":"EntryPoint","urlTemplate":"https:\/\/www.estrategiaconcursos.com.br\/blog\/?s={search_term_string}"},"query-input":{"@type":"PropertyValueSpecification","valueRequired":true,"valueName":"search_term_string"}}],"inLanguage":"pt-BR"},{"@type":"Organization","@id":"https:\/\/www.estrategiaconcursos.com.br\/blog\/#organization","name":"Estrat\u00e9gia Concursos","url":"https:\/\/www.estrategiaconcursos.com.br\/blog\/","logo":{"@type":"ImageObject","inLanguage":"pt-BR","@id":"https:\/\/www.estrategiaconcursos.com.br\/blog\/#\/schema\/logo\/image\/","url":"https:\/\/dhg1h5j42swfq.cloudfront.net\/2025\/06\/03203428\/logo_concursos-1.jpg","contentUrl":"https:\/\/dhg1h5j42swfq.cloudfront.net\/2025\/06\/03203428\/logo_concursos-1.jpg","width":230,"height":60,"caption":"Estrat\u00e9gia Concursos"},"image":{"@id":"https:\/\/www.estrategiaconcursos.com.br\/blog\/#\/schema\/logo\/image\/"},"sameAs":["https:\/\/x.com\/EstratConcursos"]},{"@type":"Person","@id":"https:\/\/www.estrategiaconcursos.com.br\/blog\/#\/schema\/person\/b4a388c97673c5f483d72185668afa1f","name":"Coordena\u00e7\u00e3o","image":{"@type":"ImageObject","inLanguage":"pt-BR","@id":"https:\/\/secure.gravatar.com\/avatar\/b720319e4c9a967eb58678d110f4fe35452fc5d5f97b202bac7b8acceb18c6ad?s=96&d=mm&r=g","url":"https:\/\/secure.gravatar.com\/avatar\/b720319e4c9a967eb58678d110f4fe35452fc5d5f97b202bac7b8acceb18c6ad?s=96&d=mm&r=g","contentUrl":"https:\/\/secure.gravatar.com\/avatar\/b720319e4c9a967eb58678d110f4fe35452fc5d5f97b202bac7b8acceb18c6ad?s=96&d=mm&r=g","caption":"Coordena\u00e7\u00e3o"},"sameAs":["https:\/\/www.facebook.com\/EstrategiaConcursos","https:\/\/x.com\/EstratConcursos"],"url":"https:\/\/www.estrategiaconcursos.com.br\/blog\/author\/estrategia2013\/"}]}},"_links":{"self":[{"href":"https:\/\/www.estrategiaconcursos.com.br\/blog\/wp-json\/wp\/v2\/posts\/475487","targetHints":{"allow":["GET"]}}],"collection":[{"href":"https:\/\/www.estrategiaconcursos.com.br\/blog\/wp-json\/wp\/v2\/posts"}],"about":[{"href":"https:\/\/www.estrategiaconcursos.com.br\/blog\/wp-json\/wp\/v2\/types\/post"}],"author":[{"embeddable":true,"href":"https:\/\/www.estrategiaconcursos.com.br\/blog\/wp-json\/wp\/v2\/users\/1"}],"replies":[{"embeddable":true,"href":"https:\/\/www.estrategiaconcursos.com.br\/blog\/wp-json\/wp\/v2\/comments?post=475487"}],"version-history":[{"count":26,"href":"https:\/\/www.estrategiaconcursos.com.br\/blog\/wp-json\/wp\/v2\/posts\/475487\/revisions"}],"predecessor-version":[{"id":1262852,"href":"https:\/\/www.estrategiaconcursos.com.br\/blog\/wp-json\/wp\/v2\/posts\/475487\/revisions\/1262852"}],"wp:featuredmedia":[{"embeddable":true,"href":"https:\/\/www.estrategiaconcursos.com.br\/blog\/wp-json\/wp\/v2\/media\/476654"}],"wp:attachment":[{"href":"https:\/\/www.estrategiaconcursos.com.br\/blog\/wp-json\/wp\/v2\/media?parent=475487"}],"wp:term":[{"taxonomy":"category","embeddable":true,"href":"https:\/\/www.estrategiaconcursos.com.br\/blog\/wp-json\/wp\/v2\/categories?post=475487"},{"taxonomy":"post_tag","embeddable":true,"href":"https:\/\/www.estrategiaconcursos.com.br\/blog\/wp-json\/wp\/v2\/tags?post=475487"},{"taxonomy":"tax_estado","embeddable":true,"href":"https:\/\/www.estrategiaconcursos.com.br\/blog\/wp-json\/wp\/v2\/tax_estado?post=475487"}],"curies":[{"name":"wp","href":"https:\/\/api.w.org\/{rel}","templated":true}]}}