{"id":475238,"date":"2026-02-11T10:07:00","date_gmt":"2026-02-11T13:07:00","guid":{"rendered":"https:\/\/www.estrategiaconcursos.com.br\/blog\/?p=475238"},"modified":"2026-02-11T15:14:49","modified_gmt":"2026-02-11T18:14:49","slug":"concurso-prefeitura-sao-jose-do-rio-pardo","status":"publish","type":"post","link":"https:\/\/www.estrategiaconcursos.com.br\/blog\/concurso-prefeitura-sao-jose-do-rio-pardo\/","title":{"rendered":"Concurso S\u00e3o Jos\u00e9 do Rio Pardo SP: veja os resultados!"},"content":{"rendered":"\n<p style=\"font-size:clamp(16.293px, 1.018rem + ((1vw - 3.2px) * 0.854), 25px);\"><strong><em>Concurso S\u00e3o Jos\u00e9 do Rio Pardo registrou 3.366 inscritos<\/em><\/strong><\/p>\n\n\n\n<p>Foram publicados os <strong>resultados finais do concurso p\u00fablico da <a href=\"https:\/\/www.estrategiaconcursos.com.br\/pesquisa\/?q=Prefeitura+de+S%C3%A3o+Jos%C3%A9+do+Rio+Pardo\" target=\"_blank\" rel=\"noreferrer noopener\">Prefeitura de S\u00e3o Jos\u00e9 do Rio Pardo<\/a>,<\/strong> em S\u00e3o Paulo.<\/p>\n\n\n\n<ul class=\"wp-block-list\">\n<li><a href=\"https:\/\/dhg1h5j42swfq.cloudfront.net\/2026\/02\/11113016\/96cfaa07d2d8644b741cdb625493b36f.pdf\" target=\"_blank\" rel=\"noreferrer noopener\">Resultados finais<\/a>;<\/li>\n\n\n\n<li><a href=\"https:\/\/portal.glconsultoria.com.br\/edital\/ver\/273\" target=\"_blank\" rel=\"noreferrer noopener\">Demais resultados<\/a>.<\/li>\n<\/ul>\n\n\n\n<p>Vale lembrar que foi divulgada a <a href=\"https:\/\/dhg1h5j42swfq.cloudfront.net\/2026\/01\/21164932\/56fcd863c48b0c7e8b69337e3fdb518d.pdf\" target=\"_blank\" rel=\"noreferrer noopener nofollow\">demanda de inscritos<\/a> do certame. Ao todo, foram registrados 3.366 interessados, sendo que o cargo com mais candidaturas foi o de Professor de Educa\u00e7\u00e3o B\u00e1sica I, com 699.<\/p>\n\n\n\n<p>Ademais, s\u00e3o ofertadas <strong>50 vagas imediatas <\/strong>mais forma\u00e7\u00e3o de <strong>cadastro reserva<\/strong> para diversos cargos e escolaridade. A remunera\u00e7\u00e3o inicial ultrapassa os <strong>R$ 11 mil!<\/strong><\/p>\n\n\n\n<ul style=\"background-color:#eeefef\" class=\"wp-block-list has-background\">\n<li><strong>Prefeitura Municipal de<\/strong> <strong>S\u00e3o Jos\u00e9 do Rio Pardo<\/strong><\/li>\n\n\n\n<li><strong style=\"color: initial;\">Situa\u00e7\u00e3o:<\/strong><span style=\"color: initial;\">&nbsp;resultado final<\/span><\/li>\n\n\n\n<li><strong>Banca:<\/strong>&nbsp;<a href=\"https:\/\/portal.glconsultoria.com.br\/edital\/ver\/273\" target=\"_blank\" rel=\"noreferrer noopener\">GL Consultoria<\/a><\/li>\n\n\n\n<li><strong>Vagas:<\/strong>&nbsp;50 + CR<\/li>\n\n\n\n<li><strong>Sal\u00e1rio inicial:<\/strong>&nbsp;R$ 2.200,17 a R$ 11.457,72<\/li>\n\n\n\n<li><strong>Edital:<\/strong> <a href=\"https:\/\/dhg1h5j42swfq.cloudfront.net\/2025\/12\/11131651\/sj-rio-pardo.pdf\" target=\"_blank\" rel=\"noreferrer noopener nofollow\">S\u00e3o Jos\u00e9 do Rio Pardo 2025<\/a><\/li>\n<\/ul>\n\n\n\n<p>Neste artigo voc\u00ea encontra todas as informa\u00e7\u00f5es para se preparar para o concurso da Prefeitura de S\u00e3o Jos\u00e9 do Rio Pardo. Acompanhe os t\u00f3picos abaixo e n\u00e3o perca nenhum detalhe:<\/p>\n\n\n\n<ul class=\"wp-block-list\">\n<li><a href=\"#retificacoes\"><strong>Retifica\u00e7\u00f5es<\/strong><\/a><\/li>\n\n\n\n<li><strong><a href=\"#cargos-vagas\">Cargos e vagas<\/a><\/strong>\n<ul class=\"wp-block-list\">\n<li><a href=\"#fundamental\">N\u00edvel fundamental<\/a><\/li>\n\n\n\n<li><a href=\"#medio\">N\u00edvel m\u00e9dio<\/a><\/li>\n\n\n\n<li><a href=\"#superior\">N\u00edvel superior<\/a><\/li>\n<\/ul>\n<\/li>\n\n\n\n<li><strong><a href=\"#etapas\">Etapas de prova<\/a><\/strong>\n<ul class=\"wp-block-list\">\n<li><a href=\"#objetiva\">Prova objetiva<\/a><\/li>\n\n\n\n<li><a href=\"#pratica\">Prova pr\u00e1tica<\/a><\/li>\n\n\n\n<li><a href=\"#titulos\">Prova de t\u00edtulos<\/a><\/li>\n<\/ul>\n<\/li>\n\n\n\n<li><strong><a href=\"#cursos-assinatura\">Cursos e Assinatura<\/a><\/strong><\/li>\n\n\n\n<li><strong><a href=\"#ficha-tecnica\">Ficha t\u00e9cnica<\/a><\/strong><\/li>\n<\/ul>\n\n\n\n<div class=\"container\" id=\"boxes\">\n  <div class=\"row\">\n\n    <div class=\"col-sm\">\n      <div class=\"banner-prefeituras-ec\" id=\"box-assinatura\">\n        <h2 class=\"titulo-assinatura\" style=\"text-align: left;\">Concursos Prefeituras<\/h2>\n        <p class=\"subtitulo-assinatura\" style=\"text-align: left;\">Prepara\u00e7\u00e3o completa para a carreira!<\/p>\n        <div class=\"box-botao\" style=\"text-align: left;\">\n          <a class=\"btn-assinatura\" target=\"_blank\" href=\"https:\/\/www.estrategiaconcursos.com.br\/PESQUISA\/?q=prefeitura+S\u00e3o+Jos\u00e9+do+Rio+Pardo\/\" role=\"button\" rel=\"noopener noreferrer\">EXPLORAR CURSOS<\/a>\n        <\/div>\n      <\/div><\/div><\/div><\/div>\n\n\n\n<h2 class=\"wp-block-heading\" id=\"retificacoes\">Retifica\u00e7\u00f5es<\/h2>\n\n\n\n<ul class=\"wp-block-list\">\n<li><strong><a href=\"https:\/\/cdn.glconsultoria.com.br\/edital\/1\/273\/3a1183816d3336978ab10e51804e1c5b.pdf\" target=\"_blank\" rel=\"noreferrer noopener nofollow\">11\/12\/2025<\/a><\/strong> &#8211; retifica\u00e7\u00e3o I: requisitos para Arquiteto;<\/li>\n\n\n\n<li><strong><a href=\"https:\/\/cdn.glconsultoria.com.br\/edital\/1\/273\/5ada55a4d717f872ed48ab12649b4413.pdf\" target=\"_blank\" rel=\"noreferrer noopener nofollow\">11\/12\/2025<\/a><\/strong> &#8211; retifica\u00e7\u00e3o II: adicionado o cargo de Engenheiro Civil; e<\/li>\n\n\n\n<li><strong><a href=\"https:\/\/cdn.glconsultoria.com.br\/edital\/1\/273\/c04de7af62a2a3ec9599949c32ff96cc.pdf\" target=\"_blank\" rel=\"noreferrer noopener nofollow\">18\/12\/2025<\/a><\/strong> &#8211; retifica\u00e7\u00e3o III: jornada para Professor de Educa\u00e7\u00e3o B\u00e1sica I.<\/li>\n<\/ul>\n\n\n\n<h2 class=\"wp-block-heading\" id=\"datas\">Cargos e vagas do concurso S\u00e3o Jos\u00e9 do Rio Pardo <\/h2>\n\n\n\n<h3 class=\"wp-block-heading\" id=\"fundamental\">N\u00edvel fundamental<\/h3>\n\n\n\n<figure class=\"wp-block-table is-style-stripes\"><table class=\"has-fixed-layout\"><thead><tr><th class=\"has-text-align-center\" data-align=\"center\">CARGOS<\/th><th class=\"has-text-align-center\" data-align=\"center\">VAGAS<\/th><th class=\"has-text-align-center\" data-align=\"center\">SAL\u00c1RIO (R$)<\/th><\/tr><\/thead><tbody><tr><td class=\"has-text-align-center\" data-align=\"center\">Auxiliar de Produ\u00e7\u00e3o<br \/>de Eventos<\/td><td class=\"has-text-align-center\" data-align=\"center\">1 + CR<\/td><td class=\"has-text-align-center\" data-align=\"center\">2.200,17<\/td><\/tr><tr><td class=\"has-text-align-center\" data-align=\"center\">Motorista<\/td><td class=\"has-text-align-center\" data-align=\"center\">1 + CR<\/td><td class=\"has-text-align-center\" data-align=\"center\">2.325,89<\/td><\/tr><tr><td class=\"has-text-align-center\" data-align=\"center\">Tratador de Animais<\/td><td class=\"has-text-align-center\" data-align=\"center\">1 + CR<\/td><td class=\"has-text-align-center\" data-align=\"center\">2.200,17<\/td><\/tr><\/tbody><\/table><\/figure>\n\n\n\n<h3 class=\"wp-block-heading\" id=\"medio\">N\u00edvel m\u00e9dio e t\u00e9cnico<\/h3>\n\n\n\n<figure class=\"wp-block-table is-style-stripes\"><table class=\"has-fixed-layout\"><thead><tr><th class=\"has-text-align-center\" data-align=\"center\">CARGOS<\/th><th class=\"has-text-align-center\" data-align=\"center\">VAGAS<\/th><th class=\"has-text-align-center\" data-align=\"center\">SAL\u00c1RIO (R$)<\/th><\/tr><\/thead><tbody><tr><td class=\"has-text-align-center\" data-align=\"center\">Escritur\u00e1rio<\/td><td class=\"has-text-align-center\" data-align=\"center\">1 + CR<\/td><td class=\"has-text-align-center\" data-align=\"center\">2.409,71<\/td><\/tr><tr><td class=\"has-text-align-center\" data-align=\"center\">Fiscal de Obras<\/td><td class=\"has-text-align-center\" data-align=\"center\">1 + CR<\/td><td class=\"has-text-align-center\" data-align=\"center\">2.409,71<\/td><\/tr><tr><td class=\"has-text-align-center\" data-align=\"center\">Operador de Imagem, Som<br \/>e Ilumina\u00e7\u00e3o<\/td><td class=\"has-text-align-center\" data-align=\"center\">1 + CR<\/td><td class=\"has-text-align-center\" data-align=\"center\">2.200,17<\/td><\/tr><tr><td class=\"has-text-align-center\" data-align=\"center\">Secret\u00e1rio de Escola<\/td><td class=\"has-text-align-center\" data-align=\"center\">1 + CR<\/td><td class=\"has-text-align-center\" data-align=\"center\">2.409,71<\/td><\/tr><tr><td class=\"has-text-align-center\" data-align=\"center\">T\u00e9cnico em Design Gr\u00e1fico<\/td><td class=\"has-text-align-center\" data-align=\"center\">1 + CR<\/td><td class=\"has-text-align-center\" data-align=\"center\">2.933,56<\/td><\/tr><tr><td class=\"has-text-align-center\" data-align=\"center\">T\u00e9cnico em Enfermagem<\/td><td class=\"has-text-align-center\" data-align=\"center\">1 + CR<\/td><td class=\"has-text-align-center\" data-align=\"center\">2.654,02<\/td><\/tr><\/tbody><\/table><\/figure>\n\n\n\n<h3 class=\"wp-block-heading\" id=\"superior\">N\u00edvel superior<\/h3>\n\n\n\n<figure class=\"wp-block-table is-style-stripes\"><table class=\"has-fixed-layout\"><thead><tr><th class=\"has-text-align-center\" data-align=\"center\">CARGOS<\/th><th class=\"has-text-align-center\" data-align=\"center\">VAGAS<\/th><th class=\"has-text-align-center\" data-align=\"center\">SAL\u00c1RIO (R$)<\/th><\/tr><\/thead><tbody><tr><td class=\"has-text-align-center\" data-align=\"center\"><strong>Advogado<\/strong><\/td><td class=\"has-text-align-center\" data-align=\"center\">1 + CR<\/td><td class=\"has-text-align-center\" data-align=\"center\">7.234,79<\/td><\/tr><tr><td class=\"has-text-align-center\" data-align=\"center\"><strong>Agente de<br \/>Fiscaliza\u00e7\u00e3o Municipal<\/strong><\/td><td class=\"has-text-align-center\" data-align=\"center\">1 + CR<\/td><td class=\"has-text-align-center\" data-align=\"center\">3.381,79<\/td><\/tr><tr><td class=\"has-text-align-center\" data-align=\"center\"><strong>Arquiteto<\/strong><\/td><td class=\"has-text-align-center\" data-align=\"center\">1 + CR<\/td><td class=\"has-text-align-center\" data-align=\"center\">3.832,78<\/td><\/tr><tr><td class=\"has-text-align-center\" data-align=\"center\"><strong>Assistente Social<\/strong><\/td><td class=\"has-text-align-center\" data-align=\"center\">1 + CR<\/td><td class=\"has-text-align-center\" data-align=\"center\">4.190,80<\/td><\/tr><tr><td class=\"has-text-align-center\" data-align=\"center\"><strong>Bi\u00f3logo<\/strong><\/td><td class=\"has-text-align-center\" data-align=\"center\">1 + CR<\/td><td class=\"has-text-align-center\" data-align=\"center\">2.765,48<\/td><\/tr><tr><td class=\"has-text-align-center\" data-align=\"center\"><strong>Coordenador Pedag\u00f3gico<\/strong><\/td><td class=\"has-text-align-center\" data-align=\"center\">1 + CR<\/td><td class=\"has-text-align-center\" data-align=\"center\">5.362,91<\/td><\/tr><tr><td class=\"has-text-align-center\" data-align=\"center\"><strong>Diretor de Escola<\/strong><\/td><td class=\"has-text-align-center\" data-align=\"center\">1 + CR<\/td><td class=\"has-text-align-center\" data-align=\"center\">5.362,91<\/td><\/tr><tr><td class=\"has-text-align-center\" data-align=\"center\"><strong>Enfermeiro<\/strong><\/td><td class=\"has-text-align-center\" data-align=\"center\">1 + CR<\/td><td class=\"has-text-align-center\" data-align=\"center\">5.587,73<\/td><\/tr><tr><td class=\"has-text-align-center\" data-align=\"center\"><strong>Enfermeiro em Auditoria<\/strong><\/td><td class=\"has-text-align-center\" data-align=\"center\">1 + CR<\/td><td class=\"has-text-align-center\" data-align=\"center\">5.558,91<\/td><\/tr><tr><td class=\"has-text-align-center\" data-align=\"center\"><strong>Engenheiro Civil<\/strong><\/td><td class=\"has-text-align-center\" data-align=\"center\">1 + CR<\/td><td class=\"has-text-align-center\" data-align=\"center\">3.843,26<\/td><\/tr><tr><td class=\"has-text-align-center\" data-align=\"center\"><strong>Farmac\u00eautico<\/strong><\/td><td class=\"has-text-align-center\" data-align=\"center\">1 + CR<\/td><td class=\"has-text-align-center\" data-align=\"center\">5.515,05<\/td><\/tr><tr><td class=\"has-text-align-center\" data-align=\"center\"><strong>Fonoaudi\u00f3logo<\/strong><\/td><td class=\"has-text-align-center\" data-align=\"center\">1 + CR<\/td><td class=\"has-text-align-center\" data-align=\"center\">4.190,80<\/td><\/tr><tr><td class=\"has-text-align-center\" data-align=\"center\"><strong>Jornalista<\/strong><\/td><td class=\"has-text-align-center\" data-align=\"center\">1 + CR<\/td><td class=\"has-text-align-center\" data-align=\"center\">3.521,38<\/td><\/tr><tr><td class=\"has-text-align-center\" data-align=\"center\"><strong>M\u00e9dico Auditor<\/strong><\/td><td class=\"has-text-align-center\" data-align=\"center\">1 + CR<\/td><td class=\"has-text-align-center\" data-align=\"center\">63,65 a hora de trabalho<\/td><\/tr><tr><td class=\"has-text-align-center\" data-align=\"center\"><strong>M\u00e9dico Autorizador<\/strong><\/td><td class=\"has-text-align-center\" data-align=\"center\">1 + CR<\/td><td class=\"has-text-align-center\" data-align=\"center\">63,65 a hora de trabalho<\/td><\/tr><tr><td class=\"has-text-align-center\" data-align=\"center\"><strong>M\u00e9dico Cardiologista<\/strong><\/td><td class=\"has-text-align-center\" data-align=\"center\">1 + CR<\/td><td class=\"has-text-align-center\" data-align=\"center\">63,65 a hora de trabalho<\/td><\/tr><tr><td class=\"has-text-align-center\" data-align=\"center\"><strong>M\u00e9dico Cl\u00ednico Geral<\/strong><\/td><td class=\"has-text-align-center\" data-align=\"center\">1 + CR<\/td><td class=\"has-text-align-center\" data-align=\"center\">63,65 a hora de trabalho<\/td><\/tr><tr><td class=\"has-text-align-center\" data-align=\"center\"><strong>M\u00e9dico de Urg\u00eancia e<br \/>Emerg\u00eancia<\/strong><\/td><td class=\"has-text-align-center\" data-align=\"center\">1 + CR<\/td><td class=\"has-text-align-center\" data-align=\"center\">11.457,72<\/td><\/tr><tr><td class=\"has-text-align-center\" data-align=\"center\"><strong>M\u00e9dico Dermatologista<\/strong><\/td><td class=\"has-text-align-center\" data-align=\"center\">1 + CR<\/td><td class=\"has-text-align-center\" data-align=\"center\">63,65 a hora de trabalho<\/td><\/tr><tr><td class=\"has-text-align-center\" data-align=\"center\"><strong>M\u00e9dico Endocrinologista<\/strong><\/td><td class=\"has-text-align-center\" data-align=\"center\">1 + CR<\/td><td class=\"has-text-align-center\" data-align=\"center\">63,65 a hora de trabalho<\/td><\/tr><tr><td class=\"has-text-align-center\" data-align=\"center\"><strong>M\u00e9dico Gastroenterologista<\/strong><\/td><td class=\"has-text-align-center\" data-align=\"center\">1 + CR<\/td><td class=\"has-text-align-center\" data-align=\"center\">63,65 a hora de trabalho<\/td><\/tr><tr><td class=\"has-text-align-center\" data-align=\"center\"><strong>M\u00e9dico Geriatra<\/strong><\/td><td class=\"has-text-align-center\" data-align=\"center\">1 + CR<\/td><td class=\"has-text-align-center\" data-align=\"center\">63,65 a hora de trabalho<\/td><\/tr><tr><td class=\"has-text-align-center\" data-align=\"center\"><strong>M\u00e9dico Ginecologista e Obstetra<\/strong><\/td><td class=\"has-text-align-center\" data-align=\"center\">1 + CR<\/td><td class=\"has-text-align-center\" data-align=\"center\">63,65 a hora de trabalho<\/td><\/tr><tr><td class=\"has-text-align-center\" data-align=\"center\"><strong>M\u00e9dico Infectologista<\/strong><\/td><td class=\"has-text-align-center\" data-align=\"center\">1 + CR<\/td><td class=\"has-text-align-center\" data-align=\"center\">63,65 a hora de trabalho<\/td><\/tr><tr><td class=\"has-text-align-center\" data-align=\"center\"><strong>M\u00e9dico Mastologista<\/strong><\/td><td class=\"has-text-align-center\" data-align=\"center\">1 + CR<\/td><td class=\"has-text-align-center\" data-align=\"center\">63,65 a hora de trabalho<\/td><\/tr><tr><td class=\"has-text-align-center\" data-align=\"center\"><strong>M\u00e9dico Nefrologista<\/strong><\/td><td class=\"has-text-align-center\" data-align=\"center\">1 + CR<\/td><td class=\"has-text-align-center\" data-align=\"center\">63,65 a hora de trabalho<\/td><\/tr><tr><td class=\"has-text-align-center\" data-align=\"center\"><strong>M\u00e9dico Neurologista<\/strong><\/td><td class=\"has-text-align-center\" data-align=\"center\">1 + CR<\/td><td class=\"has-text-align-center\" data-align=\"center\">63,65 a hora de trabalho<\/td><\/tr><tr><td class=\"has-text-align-center\" data-align=\"center\"><strong>M\u00e9dico Oftalmologista<\/strong><\/td><td class=\"has-text-align-center\" data-align=\"center\">1 + CR<\/td><td class=\"has-text-align-center\" data-align=\"center\">63,65 a hora de trabalho<\/td><\/tr><tr><td class=\"has-text-align-center\" data-align=\"center\"><strong>M\u00e9dico Oncologista<\/strong><\/td><td class=\"has-text-align-center\" data-align=\"center\">1 + CR<\/td><td class=\"has-text-align-center\" data-align=\"center\">63,65 a hora de trabalho<\/td><\/tr><tr><td class=\"has-text-align-center\" data-align=\"center\"><strong>M\u00e9dico Ortopedista<\/strong><\/td><td class=\"has-text-align-center\" data-align=\"center\">1 + CR<\/td><td class=\"has-text-align-center\" data-align=\"center\">63,65 a hora de trabalho<\/td><\/tr><tr><td class=\"has-text-align-center\" data-align=\"center\"><strong>M\u00e9dico Otorrinolaringologista<\/strong><\/td><td class=\"has-text-align-center\" data-align=\"center\">1 + CR<\/td><td class=\"has-text-align-center\" data-align=\"center\">63,65 a hora de trabalho<\/td><\/tr><tr><td class=\"has-text-align-center\" data-align=\"center\"><strong>M\u00e9dico Pediatra<\/strong><\/td><td class=\"has-text-align-center\" data-align=\"center\">1 + CR<\/td><td class=\"has-text-align-center\" data-align=\"center\">63,65 a hora de trabalho<\/td><\/tr><tr><td class=\"has-text-align-center\" data-align=\"center\"><strong>M\u00e9dico Pneumologista<\/strong><\/td><td class=\"has-text-align-center\" data-align=\"center\">1 + CR<\/td><td class=\"has-text-align-center\" data-align=\"center\">63,65 a hora de trabalho<\/td><\/tr><tr><td class=\"has-text-align-center\" data-align=\"center\"><strong>M\u00e9dico Psiquiatra<\/strong><\/td><td class=\"has-text-align-center\" data-align=\"center\">1 + CR<\/td><td class=\"has-text-align-center\" data-align=\"center\">63,65 a hora de trabalho<\/td><\/tr><tr><td class=\"has-text-align-center\" data-align=\"center\"><strong>M\u00e9dico Reumatologista<\/strong><\/td><td class=\"has-text-align-center\" data-align=\"center\">1 + CR<\/td><td class=\"has-text-align-center\" data-align=\"center\">63,65 a hora de trabalho<\/td><\/tr><tr><td class=\"has-text-align-center\" data-align=\"center\"><strong>M\u00e9dico Ultrassonografista<\/strong><\/td><td class=\"has-text-align-center\" data-align=\"center\">1 + CR<\/td><td class=\"has-text-align-center\" data-align=\"center\">63,65 a hora de trabalho<\/td><\/tr><tr><td class=\"has-text-align-center\" data-align=\"center\"><strong>M\u00e9dico Urologista<\/strong><\/td><td class=\"has-text-align-center\" data-align=\"center\">1 + CR<\/td><td class=\"has-text-align-center\" data-align=\"center\">63,65 a hora de trabalho<\/td><\/tr><tr><td class=\"has-text-align-center\" data-align=\"center\"><strong>Professor de Educa\u00e7\u00e3o B\u00e1sica I<\/strong><\/td><td class=\"has-text-align-center\" data-align=\"center\">1 + CR<\/td><td class=\"has-text-align-center\" data-align=\"center\">24,59 por hora aula<\/td><\/tr><tr><td class=\"has-text-align-center\" data-align=\"center\"><strong>Psic\u00f3logo<\/strong><\/td><td class=\"has-text-align-center\" data-align=\"center\">1 + CR<\/td><td class=\"has-text-align-center\" data-align=\"center\">4.190,80<\/td><\/tr><tr><td class=\"has-text-align-center\" data-align=\"center\"><strong>Terapeuta Ocupacional<\/strong><\/td><td class=\"has-text-align-center\" data-align=\"center\">1 + CR<\/td><td class=\"has-text-align-center\" data-align=\"center\">4.210,01<\/td><\/tr><tr><td class=\"has-text-align-center\" data-align=\"center\"><strong>Tesoureiro<\/strong><\/td><td class=\"has-text-align-center\" data-align=\"center\">1 + CR<\/td><td class=\"has-text-align-center\" data-align=\"center\">3.832,78<\/td><\/tr><\/tbody><\/table><\/figure>\n\n\n\n<h2 class=\"wp-block-heading\" id=\"etapas\">Etapas e provas do concurso S\u00e3o Jos\u00e9 do Rio Pardo <\/h2>\n\n\n\n<p>O concurso S\u00e3o Jos\u00e9 do Rio Pardo foi constitu\u00eddo das seguintes etapas:<\/p>\n\n\n\n<ul class=\"wp-block-list\">\n<li><strong>Prova Objetiva<\/strong> &#8211; para todos os cargos; e<\/li>\n\n\n\n<li><strong>Prova de T\u00edtulos<\/strong> &#8211; somente para alguns cargos.<\/li>\n<\/ul>\n\n\n\n<h3 class=\"wp-block-heading\" id=\"objetiva\">Prova Objetiva<\/h3>\n\n\n\n<p>As provas objetivas tiveram dura\u00e7\u00e3o de 2 horas, sendo compostas de quest\u00f5es objetivas, cada uma com 4 op\u00e7\u00f5es de respostas (alternativas), sendo somente 01 correta.<\/p>\n\n\n\n<figure class=\"wp-block-image aligncenter size-full\"><img loading=\"lazy\" decoding=\"async\" width=\"672\" height=\"143\" src=\"https:\/\/dhg1h5j42swfq.cloudfront.net\/2020\/03\/11141735\/prova-po.png\" alt=\"\" class=\"wp-image-1683818\" srcset=\"https:\/\/dhg1h5j42swfq.cloudfront.net\/2020\/03\/11141735\/prova-po.png 672w, https:\/\/dhg1h5j42swfq.cloudfront.net\/2020\/03\/11141735\/prova-po-300x64.png 300w, https:\/\/dhg1h5j42swfq.cloudfront.net\/2020\/03\/11141735\/prova-po-150x32.png 150w\" sizes=\"auto, (max-width: 672px) 100vw, 672px\" \/><\/figure>\n\n\n\n<h3 class=\"wp-block-heading\" id=\"pratica\">Prova de T\u00edtulos<\/h3>\n\n\n\n<p>Houve AVALIA\u00c7\u00c3O DE T\u00cdTULOS, de car\u00e1ter CLASSIFICAT\u00d3RIO, somente para os candidatos habilitados nas PROVAS OBJETIVAS para os cargos de: advogado, Agente de Fiscaliza\u00e7\u00e3o Municipal, Arquiteto, Assistente Social, Bi\u00f3logo, Coordenador Pedag\u00f3gico, Diretor de Escola, Enfermeiro, Enfermeiro em Auditoria, Farmac\u00eautico, Fonoaudi\u00f3logo, Jornalista, M\u00e9dico Auditor, M\u00e9dico Autorizador, Professor de Educa\u00e7\u00e3o B\u00e1sica I, Psic\u00f3logo, Terapeuta Ocupacional e Tesoureiro.<\/p>\n\n\n\n<figure class=\"wp-block-image aligncenter size-full\"><img loading=\"lazy\" decoding=\"async\" width=\"645\" height=\"175\" src=\"https:\/\/dhg1h5j42swfq.cloudfront.net\/2025\/12\/11162234\/image-93.png\" alt=\"\" class=\"wp-image-1683999\" srcset=\"https:\/\/dhg1h5j42swfq.cloudfront.net\/2025\/12\/11162234\/image-93.png 645w, https:\/\/dhg1h5j42swfq.cloudfront.net\/2025\/12\/11162234\/image-93-300x81.png 300w, https:\/\/dhg1h5j42swfq.cloudfront.net\/2025\/12\/11162234\/image-93-640x175.png 640w, https:\/\/dhg1h5j42swfq.cloudfront.net\/2025\/12\/11162234\/image-93-150x41.png 150w\" sizes=\"auto, (max-width: 645px) 100vw, 645px\" \/><\/figure>\n\n\n\n<hr class=\"wp-block-separator has-css-opacity\"\/>\n\n\n\n<h2 class=\"wp-block-heading has-text-align-center\" id=\"cursos-assinatura\"><em>Quer estudar para o concurso S\u00e3o Jos\u00e9 do Rio Pardo?<\/em><\/h2>\n\n\n\n<div class=\"container\" id=\"boxes\">\n  <div class=\"row\">\n\n    <div class=\"col-sm\">\n      <div class=\"banner-prefeituras-ec\" id=\"box-assinatura\">\n        <h2 class=\"titulo-assinatura\" style=\"text-align: left;\">Concursos Prefeituras<\/h2>\n        <p class=\"subtitulo-assinatura\" style=\"text-align: left;\">Prepara\u00e7\u00e3o completa para a carreira!<\/p>\n        <div class=\"box-botao\" style=\"text-align: left;\">\n          <a class=\"btn-assinatura\" target=\"_blank\" href=\"https:\/\/www.estrategiaconcursos.com.br\/PESQUISA\/?q=prefeitura+S\u00e3o+Jos\u00e9+do+Rio+Pardo\/\" role=\"button\" rel=\"noopener noreferrer\">EXPLORAR CURSOS<\/a>\n        <\/div>\n      <\/div><\/div><\/div><\/div>\n\n\n\n<div class=\"container\" id=\"boxes\">\n  <div class=\"row\">\n\n    <div class=\"col-sm\">\n      <div class=\"estrategia\" id=\"box-assinatura\">\n        <h3 class=\"titulo-assinatura\">Assinatura Concursos<\/h3>\n        <p class=\"subtitulo-assinatura\">Assinatura de 1 ano ou 2 anos<\/p>\n        <div class=\"box-botao\">\n          <a class=\"btn-assinatura\" target=\"_blank\" href=\"https:\/\/www.estrategiaconcursos.com.br\/assinaturas\/\" role=\"button\" rel=\"noopener noreferrer\">ASSINE AGORA<\/a>\n        <\/div>\n      <\/div><\/div><\/div><\/div>\n\n\n\n<h2 class=\"wp-block-heading has-text-align-center\" id=\"h-quer-saber-tudo-sobre-concursos-previstos-confira-os-nossos-artigos\">Quer saber tudo sobre concursos previstos?<br \/>Confira os nossos artigos!<\/h2>\n\n\n\n<ul class=\"wp-block-list\">\n<li><a href=\"https:\/\/www.estrategiaconcursos.com.br\/blog\/concursos-abertos\/\" target=\"_blank\" rel=\"noreferrer noopener\">Concursos Abertos<\/a><\/li>\n\n\n\n<li><a href=\"https:\/\/www.estrategiaconcursos.com.br\/blog\/concursos-abertos-prefeituras\/\" target=\"_blank\" rel=\"noreferrer noopener\">Concursos Abertos de Prefeituras<\/a><\/li>\n\n\n\n<li><a href=\"https:\/\/www.estrategiaconcursos.com.br\/blog\/concursos-prefeituras\/\" target=\"_blank\" rel=\"noreferrer noopener\">Concursos Prefeituras<\/a><\/li>\n\n\n\n<li><a href=\"https:\/\/www.estrategiaconcursos.com.br\/blog\/concursos-2025\/\" target=\"_blank\" rel=\"noreferrer noopener\">Concursos 2026<\/a><\/li>\n<\/ul>\n\n\n\n<figure class=\"wp-block-image is-resized\"><img loading=\"lazy\" decoding=\"async\" width=\"1024\" height=\"632\" src=\"https:\/\/dhg1h5j42swfq.cloudfront.net\/2021\/04\/01161145\/ficha-tecnica-5-1024x632.png\" alt=\"Informa\u00e7\u00f5es do concurso S\u00e3o Jos\u00e9 do Rio Pardo\" class=\"wp-image-706736\" style=\"width:236px;height:145px\" srcset=\"https:\/\/dhg1h5j42swfq.cloudfront.net\/2021\/04\/01161145\/ficha-tecnica-5-1024x632.png 1024w, https:\/\/dhg1h5j42swfq.cloudfront.net\/2021\/04\/01161145\/ficha-tecnica-5-300x185.png 300w, https:\/\/dhg1h5j42swfq.cloudfront.net\/2021\/04\/01161145\/ficha-tecnica-5-768x474.png 768w, https:\/\/dhg1h5j42swfq.cloudfront.net\/2021\/04\/01161145\/ficha-tecnica-5-1536x948.png 1536w, https:\/\/dhg1h5j42swfq.cloudfront.net\/2021\/04\/01161145\/ficha-tecnica-5-610x377.png 610w, https:\/\/dhg1h5j42swfq.cloudfront.net\/2021\/04\/01161145\/ficha-tecnica-5.png 1571w\" sizes=\"auto, (max-width: 1024px) 100vw, 1024px\" \/><\/figure>\n\n\n\n<h3 class=\"wp-block-heading\" id=\"ficha-tecnica\">Informa\u00e7\u00f5es do concurso S\u00e3o Jos\u00e9 do Rio Pardo<\/h3>\n\n\n\n<ul class=\"wp-block-list\">\n<li><strong>Ano<\/strong>: 2025<\/li>\n\n\n\n<li><strong>Banca<\/strong>: GL Consutoria<\/li>\n\n\n\n<li><strong>Escolaridade<\/strong>: n\u00edvel fundamental, m\u00e9dio, t\u00e9cnico e superior<\/li>\n\n\n\n<li><strong>Vagas:<\/strong> 50 + CR<\/li>\n\n\n\n<li><strong>Cargos<\/strong>: diversos<\/li>\n\n\n\n<li><strong>Edital: <\/strong><a href=\"https:\/\/dhg1h5j42swfq.cloudfront.net\/2025\/12\/11131651\/sj-rio-pardo.pdf\" target=\"_blank\" rel=\"noreferrer noopener nofollow\">S\u00e3o Jos\u00e9 do Rio Pardo 2025<\/a><\/li>\n<\/ul>\n\n\n\n<p><\/p>\n","protected":false},"excerpt":{"rendered":"<p>Concurso S\u00e3o Jos\u00e9 do Rio Pardo registrou 3.366 inscritos Foram publicados os resultados finais do concurso p\u00fablico da Prefeitura de S\u00e3o Jos\u00e9 do Rio Pardo, em S\u00e3o Paulo. Vale lembrar que foi divulgada a demanda de inscritos do certame. Ao todo, foram registrados 3.366 interessados, sendo que o cargo com mais candidaturas foi o de [&hellip;]<\/p>\n","protected":false},"author":2991,"featured_media":1686949,"comment_status":"open","ping_status":"closed","sticky":false,"template":"","format":"standard","meta":{"post_tipo":"news_page","footnotes":""},"categories":[222278],"tags":[],"tax_estado":[],"class_list":["post-475238","post","type-post","status-publish","format-standard","has-post-thumbnail","hentry","category-prefeituras"],"acf":[],"yoast_head":"<!-- This site is optimized with the Yoast SEO Premium plugin v27.2 (Yoast SEO v27.2) - https:\/\/yoast.com\/product\/yoast-seo-premium-wordpress\/ -->\n<title>Concurso S\u00e3o Jos\u00e9 do Rio Pardo SP: veja os resultados!<\/title>\n<meta name=\"description\" content=\"Concurso S\u00e3o Jos\u00e9 do Rio Pardo: resultados finais s\u00e3o publicados! O edital ofereceu vagas para diversos cargos!\" \/>\n<meta name=\"robots\" content=\"index, follow, max-snippet:-1, max-image-preview:large, max-video-preview:-1\" \/>\n<link rel=\"canonical\" href=\"https:\/\/www.estrategiaconcursos.com.br\/blog\/concurso-prefeitura-sao-jose-do-rio-pardo\/\" \/>\n<meta property=\"og:locale\" content=\"pt_BR\" \/>\n<meta property=\"og:type\" content=\"article\" \/>\n<meta property=\"og:title\" content=\"Concurso S\u00e3o Jos\u00e9 do Rio Pardo SP: veja os resultados!\" \/>\n<meta property=\"og:description\" content=\"Concurso S\u00e3o Jos\u00e9 do Rio Pardo: resultados finais s\u00e3o publicados! O edital ofereceu vagas para diversos cargos!\" \/>\n<meta property=\"og:url\" content=\"https:\/\/www.estrategiaconcursos.com.br\/blog\/concurso-prefeitura-sao-jose-do-rio-pardo\/\" \/>\n<meta property=\"og:site_name\" content=\"Estrat\u00e9gia Concursos\" \/>\n<meta property=\"article:published_time\" content=\"2026-02-11T13:07:00+00:00\" \/>\n<meta property=\"article:modified_time\" content=\"2026-02-11T18:14:49+00:00\" \/>\n<meta property=\"og:image\" content=\"https:\/\/dhg1h5j42swfq.cloudfront.net\/2025\/12\/16182624\/prefeitura-de-sao-jose-do-rio-pardo.jpg\" \/>\n\t<meta property=\"og:image:width\" content=\"768\" \/>\n\t<meta property=\"og:image:height\" content=\"432\" \/>\n\t<meta property=\"og:image:type\" content=\"image\/jpeg\" \/>\n<meta name=\"author\" content=\"Melmuara Thaiane Doneg\u00e1 C\u00e2ndido\" \/>\n<meta name=\"twitter:card\" content=\"summary_large_image\" \/>\n<meta name=\"twitter:creator\" content=\"@EstratConcursos\" \/>\n<meta name=\"twitter:site\" content=\"@EstratConcursos\" \/>\n<meta name=\"twitter:label1\" content=\"Escrito por\" \/>\n\t<meta name=\"twitter:data1\" content=\"Melmuara Thaiane Doneg\u00e1 C\u00e2ndido\" \/>\n\t<meta name=\"twitter:label2\" content=\"Est. tempo de leitura\" \/>\n\t<meta name=\"twitter:data2\" content=\"4 minutos\" \/>\n<script type=\"application\/ld+json\" class=\"yoast-schema-graph\">{\"@context\":\"https:\/\/schema.org\",\"@graph\":[{\"@type\":\"NewsArticle\",\"@id\":\"https:\/\/www.estrategiaconcursos.com.br\/blog\/concurso-prefeitura-sao-jose-do-rio-pardo\/#article\",\"isPartOf\":{\"@id\":\"https:\/\/www.estrategiaconcursos.com.br\/blog\/concurso-prefeitura-sao-jose-do-rio-pardo\/\"},\"author\":{\"name\":\"Melmuara Thaiane Doneg\u00e1 C\u00e2ndido\",\"@id\":\"https:\/\/www.estrategiaconcursos.com.br\/blog\/#\/schema\/person\/f33ffe5648e36a1ec7be14cb98aec31a\"},\"headline\":\"Concurso S\u00e3o Jos\u00e9 do Rio Pardo SP: veja os resultados!\",\"datePublished\":\"2026-02-11T13:07:00+00:00\",\"dateModified\":\"2026-02-11T18:14:49+00:00\",\"mainEntityOfPage\":{\"@id\":\"https:\/\/www.estrategiaconcursos.com.br\/blog\/concurso-prefeitura-sao-jose-do-rio-pardo\/\"},\"wordCount\":812,\"commentCount\":0,\"publisher\":{\"@id\":\"https:\/\/www.estrategiaconcursos.com.br\/blog\/#organization\"},\"image\":{\"@id\":\"https:\/\/www.estrategiaconcursos.com.br\/blog\/concurso-prefeitura-sao-jose-do-rio-pardo\/#primaryimage\"},\"thumbnailUrl\":\"https:\/\/dhg1h5j42swfq.cloudfront.net\/2025\/12\/16182624\/prefeitura-de-sao-jose-do-rio-pardo.jpg\",\"articleSection\":[\"Prefeituras\"],\"inLanguage\":\"pt-BR\",\"potentialAction\":[{\"@type\":\"CommentAction\",\"name\":\"Comment\",\"target\":[\"https:\/\/www.estrategiaconcursos.com.br\/blog\/concurso-prefeitura-sao-jose-do-rio-pardo\/#respond\"]}],\"copyrightYear\":\"2026\",\"copyrightHolder\":{\"@id\":\"https:\/\/www.estrategiaconcursos.com.br\/blog\/#organization\"}},{\"@type\":\"WebPage\",\"@id\":\"https:\/\/www.estrategiaconcursos.com.br\/blog\/concurso-prefeitura-sao-jose-do-rio-pardo\/\",\"url\":\"https:\/\/www.estrategiaconcursos.com.br\/blog\/concurso-prefeitura-sao-jose-do-rio-pardo\/\",\"name\":\"Concurso S\u00e3o Jos\u00e9 do Rio Pardo SP: veja os resultados!\",\"isPartOf\":{\"@id\":\"https:\/\/www.estrategiaconcursos.com.br\/blog\/#website\"},\"primaryImageOfPage\":{\"@id\":\"https:\/\/www.estrategiaconcursos.com.br\/blog\/concurso-prefeitura-sao-jose-do-rio-pardo\/#primaryimage\"},\"image\":{\"@id\":\"https:\/\/www.estrategiaconcursos.com.br\/blog\/concurso-prefeitura-sao-jose-do-rio-pardo\/#primaryimage\"},\"thumbnailUrl\":\"https:\/\/dhg1h5j42swfq.cloudfront.net\/2025\/12\/16182624\/prefeitura-de-sao-jose-do-rio-pardo.jpg\",\"datePublished\":\"2026-02-11T13:07:00+00:00\",\"dateModified\":\"2026-02-11T18:14:49+00:00\",\"description\":\"Concurso S\u00e3o Jos\u00e9 do Rio Pardo: resultados finais s\u00e3o publicados! O edital ofereceu vagas para diversos cargos!\",\"breadcrumb\":{\"@id\":\"https:\/\/www.estrategiaconcursos.com.br\/blog\/concurso-prefeitura-sao-jose-do-rio-pardo\/#breadcrumb\"},\"inLanguage\":\"pt-BR\",\"potentialAction\":[{\"@type\":\"ReadAction\",\"target\":[\"https:\/\/www.estrategiaconcursos.com.br\/blog\/concurso-prefeitura-sao-jose-do-rio-pardo\/\"]}]},{\"@type\":\"ImageObject\",\"inLanguage\":\"pt-BR\",\"@id\":\"https:\/\/www.estrategiaconcursos.com.br\/blog\/concurso-prefeitura-sao-jose-do-rio-pardo\/#primaryimage\",\"url\":\"https:\/\/dhg1h5j42swfq.cloudfront.net\/2025\/12\/16182624\/prefeitura-de-sao-jose-do-rio-pardo.jpg\",\"contentUrl\":\"https:\/\/dhg1h5j42swfq.cloudfront.net\/2025\/12\/16182624\/prefeitura-de-sao-jose-do-rio-pardo.jpg\",\"width\":768,\"height\":432},{\"@type\":\"BreadcrumbList\",\"@id\":\"https:\/\/www.estrategiaconcursos.com.br\/blog\/concurso-prefeitura-sao-jose-do-rio-pardo\/#breadcrumb\",\"itemListElement\":[{\"@type\":\"ListItem\",\"position\":1,\"name\":\"In\u00edcio\",\"item\":\"https:\/\/www.estrategiaconcursos.com.br\/blog\/\"},{\"@type\":\"ListItem\",\"position\":2,\"name\":\"Concurso S\u00e3o Jos\u00e9 do Rio Pardo SP: veja os resultados!\"}]},{\"@type\":\"WebSite\",\"@id\":\"https:\/\/www.estrategiaconcursos.com.br\/blog\/#website\",\"url\":\"https:\/\/www.estrategiaconcursos.com.br\/blog\/\",\"name\":\"Estrat\u00e9gia Concursos\",\"description\":\"O blog da Estrat\u00e9gia Concursos traz not\u00edcias sobre concursos e artigos de professores oferecendo cursos para concursos (pdf + videaulas) no site.\",\"publisher\":{\"@id\":\"https:\/\/www.estrategiaconcursos.com.br\/blog\/#organization\"},\"potentialAction\":[{\"@type\":\"SearchAction\",\"target\":{\"@type\":\"EntryPoint\",\"urlTemplate\":\"https:\/\/www.estrategiaconcursos.com.br\/blog\/?s={search_term_string}\"},\"query-input\":{\"@type\":\"PropertyValueSpecification\",\"valueRequired\":true,\"valueName\":\"search_term_string\"}}],\"inLanguage\":\"pt-BR\"},{\"@type\":\"Organization\",\"@id\":\"https:\/\/www.estrategiaconcursos.com.br\/blog\/#organization\",\"name\":\"Estrat\u00e9gia Concursos\",\"url\":\"https:\/\/www.estrategiaconcursos.com.br\/blog\/\",\"logo\":{\"@type\":\"ImageObject\",\"inLanguage\":\"pt-BR\",\"@id\":\"https:\/\/www.estrategiaconcursos.com.br\/blog\/#\/schema\/logo\/image\/\",\"url\":\"https:\/\/dhg1h5j42swfq.cloudfront.net\/2025\/06\/03203428\/logo_concursos-1.jpg\",\"contentUrl\":\"https:\/\/dhg1h5j42swfq.cloudfront.net\/2025\/06\/03203428\/logo_concursos-1.jpg\",\"width\":230,\"height\":60,\"caption\":\"Estrat\u00e9gia Concursos\"},\"image\":{\"@id\":\"https:\/\/www.estrategiaconcursos.com.br\/blog\/#\/schema\/logo\/image\/\"},\"sameAs\":[\"https:\/\/x.com\/EstratConcursos\"]},{\"@type\":\"Person\",\"@id\":\"https:\/\/www.estrategiaconcursos.com.br\/blog\/#\/schema\/person\/f33ffe5648e36a1ec7be14cb98aec31a\",\"name\":\"Melmuara Thaiane Doneg\u00e1 C\u00e2ndido\",\"image\":{\"@type\":\"ImageObject\",\"inLanguage\":\"pt-BR\",\"@id\":\"https:\/\/secure.gravatar.com\/avatar\/72c23c49ace6e781125178efe440f336ae4f50fbfb902780beb369688b387c4f?s=96&d=mm&r=g\",\"url\":\"https:\/\/secure.gravatar.com\/avatar\/72c23c49ace6e781125178efe440f336ae4f50fbfb902780beb369688b387c4f?s=96&d=mm&r=g\",\"contentUrl\":\"https:\/\/secure.gravatar.com\/avatar\/72c23c49ace6e781125178efe440f336ae4f50fbfb902780beb369688b387c4f?s=96&d=mm&r=g\",\"caption\":\"Melmuara Thaiane Doneg\u00e1 C\u00e2ndido\"},\"description\":\"Formada em Jornalismo em 2011 pela UniSEB-COC, Ribeir\u00e3o Preto-SP, atua desde 2017 na produ\u00e7\u00e3o de conte\u00fado para prefeituras, passando da \u00e1rea publicit\u00e1ria para a cria\u00e7\u00e3o de textos estrat\u00e9gicos e not\u00edcias sobre concursos, mantendo os concurseiros bem informados sobre os principais editais de prefeituras e concursos municipais.\",\"birthDate\":\"1990-04-21\",\"gender\":\"feminino\",\"url\":\"https:\/\/www.estrategiaconcursos.com.br\/blog\/author\/melmuara-candidoestrategia-com\/\"}]}<\/script>\n<!-- \/ Yoast SEO Premium plugin. -->","yoast_head_json":{"title":"Concurso S\u00e3o Jos\u00e9 do Rio Pardo SP: veja os resultados!","description":"Concurso S\u00e3o Jos\u00e9 do Rio Pardo: resultados finais s\u00e3o publicados! O edital ofereceu vagas para diversos cargos!","robots":{"index":"index","follow":"follow","max-snippet":"max-snippet:-1","max-image-preview":"max-image-preview:large","max-video-preview":"max-video-preview:-1"},"canonical":"https:\/\/www.estrategiaconcursos.com.br\/blog\/concurso-prefeitura-sao-jose-do-rio-pardo\/","og_locale":"pt_BR","og_type":"article","og_title":"Concurso S\u00e3o Jos\u00e9 do Rio Pardo SP: veja os resultados!","og_description":"Concurso S\u00e3o Jos\u00e9 do Rio Pardo: resultados finais s\u00e3o publicados! O edital ofereceu vagas para diversos cargos!","og_url":"https:\/\/www.estrategiaconcursos.com.br\/blog\/concurso-prefeitura-sao-jose-do-rio-pardo\/","og_site_name":"Estrat\u00e9gia Concursos","article_published_time":"2026-02-11T13:07:00+00:00","article_modified_time":"2026-02-11T18:14:49+00:00","og_image":[{"width":768,"height":432,"url":"https:\/\/dhg1h5j42swfq.cloudfront.net\/2025\/12\/16182624\/prefeitura-de-sao-jose-do-rio-pardo.jpg","type":"image\/jpeg"}],"author":"Melmuara Thaiane Doneg\u00e1 C\u00e2ndido","twitter_card":"summary_large_image","twitter_creator":"@EstratConcursos","twitter_site":"@EstratConcursos","twitter_misc":{"Escrito por":"Melmuara Thaiane Doneg\u00e1 C\u00e2ndido","Est. tempo de leitura":"4 minutos"},"schema":{"@context":"https:\/\/schema.org","@graph":[{"@type":"NewsArticle","@id":"https:\/\/www.estrategiaconcursos.com.br\/blog\/concurso-prefeitura-sao-jose-do-rio-pardo\/#article","isPartOf":{"@id":"https:\/\/www.estrategiaconcursos.com.br\/blog\/concurso-prefeitura-sao-jose-do-rio-pardo\/"},"author":{"name":"Melmuara Thaiane Doneg\u00e1 C\u00e2ndido","@id":"https:\/\/www.estrategiaconcursos.com.br\/blog\/#\/schema\/person\/f33ffe5648e36a1ec7be14cb98aec31a"},"headline":"Concurso S\u00e3o Jos\u00e9 do Rio Pardo SP: veja os resultados!","datePublished":"2026-02-11T13:07:00+00:00","dateModified":"2026-02-11T18:14:49+00:00","mainEntityOfPage":{"@id":"https:\/\/www.estrategiaconcursos.com.br\/blog\/concurso-prefeitura-sao-jose-do-rio-pardo\/"},"wordCount":812,"commentCount":0,"publisher":{"@id":"https:\/\/www.estrategiaconcursos.com.br\/blog\/#organization"},"image":{"@id":"https:\/\/www.estrategiaconcursos.com.br\/blog\/concurso-prefeitura-sao-jose-do-rio-pardo\/#primaryimage"},"thumbnailUrl":"https:\/\/dhg1h5j42swfq.cloudfront.net\/2025\/12\/16182624\/prefeitura-de-sao-jose-do-rio-pardo.jpg","articleSection":["Prefeituras"],"inLanguage":"pt-BR","potentialAction":[{"@type":"CommentAction","name":"Comment","target":["https:\/\/www.estrategiaconcursos.com.br\/blog\/concurso-prefeitura-sao-jose-do-rio-pardo\/#respond"]}],"copyrightYear":"2026","copyrightHolder":{"@id":"https:\/\/www.estrategiaconcursos.com.br\/blog\/#organization"}},{"@type":"WebPage","@id":"https:\/\/www.estrategiaconcursos.com.br\/blog\/concurso-prefeitura-sao-jose-do-rio-pardo\/","url":"https:\/\/www.estrategiaconcursos.com.br\/blog\/concurso-prefeitura-sao-jose-do-rio-pardo\/","name":"Concurso S\u00e3o Jos\u00e9 do Rio Pardo SP: veja os resultados!","isPartOf":{"@id":"https:\/\/www.estrategiaconcursos.com.br\/blog\/#website"},"primaryImageOfPage":{"@id":"https:\/\/www.estrategiaconcursos.com.br\/blog\/concurso-prefeitura-sao-jose-do-rio-pardo\/#primaryimage"},"image":{"@id":"https:\/\/www.estrategiaconcursos.com.br\/blog\/concurso-prefeitura-sao-jose-do-rio-pardo\/#primaryimage"},"thumbnailUrl":"https:\/\/dhg1h5j42swfq.cloudfront.net\/2025\/12\/16182624\/prefeitura-de-sao-jose-do-rio-pardo.jpg","datePublished":"2026-02-11T13:07:00+00:00","dateModified":"2026-02-11T18:14:49+00:00","description":"Concurso S\u00e3o Jos\u00e9 do Rio Pardo: resultados finais s\u00e3o publicados! O edital ofereceu vagas para diversos cargos!","breadcrumb":{"@id":"https:\/\/www.estrategiaconcursos.com.br\/blog\/concurso-prefeitura-sao-jose-do-rio-pardo\/#breadcrumb"},"inLanguage":"pt-BR","potentialAction":[{"@type":"ReadAction","target":["https:\/\/www.estrategiaconcursos.com.br\/blog\/concurso-prefeitura-sao-jose-do-rio-pardo\/"]}]},{"@type":"ImageObject","inLanguage":"pt-BR","@id":"https:\/\/www.estrategiaconcursos.com.br\/blog\/concurso-prefeitura-sao-jose-do-rio-pardo\/#primaryimage","url":"https:\/\/dhg1h5j42swfq.cloudfront.net\/2025\/12\/16182624\/prefeitura-de-sao-jose-do-rio-pardo.jpg","contentUrl":"https:\/\/dhg1h5j42swfq.cloudfront.net\/2025\/12\/16182624\/prefeitura-de-sao-jose-do-rio-pardo.jpg","width":768,"height":432},{"@type":"BreadcrumbList","@id":"https:\/\/www.estrategiaconcursos.com.br\/blog\/concurso-prefeitura-sao-jose-do-rio-pardo\/#breadcrumb","itemListElement":[{"@type":"ListItem","position":1,"name":"In\u00edcio","item":"https:\/\/www.estrategiaconcursos.com.br\/blog\/"},{"@type":"ListItem","position":2,"name":"Concurso S\u00e3o Jos\u00e9 do Rio Pardo SP: veja os resultados!"}]},{"@type":"WebSite","@id":"https:\/\/www.estrategiaconcursos.com.br\/blog\/#website","url":"https:\/\/www.estrategiaconcursos.com.br\/blog\/","name":"Estrat\u00e9gia Concursos","description":"O blog da Estrat\u00e9gia Concursos traz not\u00edcias sobre concursos e artigos de professores oferecendo cursos para concursos (pdf + videaulas) no site.","publisher":{"@id":"https:\/\/www.estrategiaconcursos.com.br\/blog\/#organization"},"potentialAction":[{"@type":"SearchAction","target":{"@type":"EntryPoint","urlTemplate":"https:\/\/www.estrategiaconcursos.com.br\/blog\/?s={search_term_string}"},"query-input":{"@type":"PropertyValueSpecification","valueRequired":true,"valueName":"search_term_string"}}],"inLanguage":"pt-BR"},{"@type":"Organization","@id":"https:\/\/www.estrategiaconcursos.com.br\/blog\/#organization","name":"Estrat\u00e9gia Concursos","url":"https:\/\/www.estrategiaconcursos.com.br\/blog\/","logo":{"@type":"ImageObject","inLanguage":"pt-BR","@id":"https:\/\/www.estrategiaconcursos.com.br\/blog\/#\/schema\/logo\/image\/","url":"https:\/\/dhg1h5j42swfq.cloudfront.net\/2025\/06\/03203428\/logo_concursos-1.jpg","contentUrl":"https:\/\/dhg1h5j42swfq.cloudfront.net\/2025\/06\/03203428\/logo_concursos-1.jpg","width":230,"height":60,"caption":"Estrat\u00e9gia Concursos"},"image":{"@id":"https:\/\/www.estrategiaconcursos.com.br\/blog\/#\/schema\/logo\/image\/"},"sameAs":["https:\/\/x.com\/EstratConcursos"]},{"@type":"Person","@id":"https:\/\/www.estrategiaconcursos.com.br\/blog\/#\/schema\/person\/f33ffe5648e36a1ec7be14cb98aec31a","name":"Melmuara Thaiane Doneg\u00e1 C\u00e2ndido","image":{"@type":"ImageObject","inLanguage":"pt-BR","@id":"https:\/\/secure.gravatar.com\/avatar\/72c23c49ace6e781125178efe440f336ae4f50fbfb902780beb369688b387c4f?s=96&d=mm&r=g","url":"https:\/\/secure.gravatar.com\/avatar\/72c23c49ace6e781125178efe440f336ae4f50fbfb902780beb369688b387c4f?s=96&d=mm&r=g","contentUrl":"https:\/\/secure.gravatar.com\/avatar\/72c23c49ace6e781125178efe440f336ae4f50fbfb902780beb369688b387c4f?s=96&d=mm&r=g","caption":"Melmuara Thaiane Doneg\u00e1 C\u00e2ndido"},"description":"Formada em Jornalismo em 2011 pela UniSEB-COC, Ribeir\u00e3o Preto-SP, atua desde 2017 na produ\u00e7\u00e3o de conte\u00fado para prefeituras, passando da \u00e1rea publicit\u00e1ria para a cria\u00e7\u00e3o de textos estrat\u00e9gicos e not\u00edcias sobre concursos, mantendo os concurseiros bem informados sobre os principais editais de prefeituras e concursos municipais.","birthDate":"1990-04-21","gender":"feminino","url":"https:\/\/www.estrategiaconcursos.com.br\/blog\/author\/melmuara-candidoestrategia-com\/"}]}},"_links":{"self":[{"href":"https:\/\/www.estrategiaconcursos.com.br\/blog\/wp-json\/wp\/v2\/posts\/475238","targetHints":{"allow":["GET"]}}],"collection":[{"href":"https:\/\/www.estrategiaconcursos.com.br\/blog\/wp-json\/wp\/v2\/posts"}],"about":[{"href":"https:\/\/www.estrategiaconcursos.com.br\/blog\/wp-json\/wp\/v2\/types\/post"}],"author":[{"embeddable":true,"href":"https:\/\/www.estrategiaconcursos.com.br\/blog\/wp-json\/wp\/v2\/users\/2991"}],"replies":[{"embeddable":true,"href":"https:\/\/www.estrategiaconcursos.com.br\/blog\/wp-json\/wp\/v2\/comments?post=475238"}],"version-history":[{"count":26,"href":"https:\/\/www.estrategiaconcursos.com.br\/blog\/wp-json\/wp\/v2\/posts\/475238\/revisions"}],"predecessor-version":[{"id":1714656,"href":"https:\/\/www.estrategiaconcursos.com.br\/blog\/wp-json\/wp\/v2\/posts\/475238\/revisions\/1714656"}],"wp:featuredmedia":[{"embeddable":true,"href":"https:\/\/www.estrategiaconcursos.com.br\/blog\/wp-json\/wp\/v2\/media\/1686949"}],"wp:attachment":[{"href":"https:\/\/www.estrategiaconcursos.com.br\/blog\/wp-json\/wp\/v2\/media?parent=475238"}],"wp:term":[{"taxonomy":"category","embeddable":true,"href":"https:\/\/www.estrategiaconcursos.com.br\/blog\/wp-json\/wp\/v2\/categories?post=475238"},{"taxonomy":"post_tag","embeddable":true,"href":"https:\/\/www.estrategiaconcursos.com.br\/blog\/wp-json\/wp\/v2\/tags?post=475238"},{"taxonomy":"tax_estado","embeddable":true,"href":"https:\/\/www.estrategiaconcursos.com.br\/blog\/wp-json\/wp\/v2\/tax_estado?post=475238"}],"curies":[{"name":"wp","href":"https:\/\/api.w.org\/{rel}","templated":true}]}}